{"id":63578,"date":"2025-11-27T21:16:24","date_gmt":"2025-11-28T00:16:24","guid":{"rendered":"https:\/\/jornalfatosenoticias.com.br\/?p=63578"},"modified":"2025-11-27T21:16:26","modified_gmt":"2025-11-28T00:16:26","slug":"devocional-do-dia-a-esperanca-e-jesus","status":"publish","type":"post","link":"https:\/\/jornalfatosenoticias.com.br\/index.php\/2025\/11\/27\/devocional-do-dia-a-esperanca-e-jesus\/","title":{"rendered":"Devocional do Dia \u2014 a esperan\u00e7a \u00e9 Jesus"},"content":{"rendered":"\n<p><em><span class=\"has-inline-color has-black-color\">\u2018Porque h\u00e1 esperan\u00e7a para a \u00e1rvore que, se for cortada, ainda se renovar\u00e1, e n\u00e3o cessar\u00e3o os seus renovos\u2019, J\u00f3 14:7<\/span><\/em><\/p>\n\n\n\n<div class=\"wp-block-image\"><figure class=\"aligncenter size-large\"><a href=\"https:\/\/mizu.com.br\/\"><img loading=\"lazy\" decoding=\"async\" width=\"729\" height=\"90\" src=\"https:\/\/jornalfatosenoticias.com.br\/wp-content\/uploads\/2020\/02\/Logo_Mizu.png\" alt=\"\" class=\"wp-image-1441\" srcset=\"https:\/\/jornalfatosenoticias.com.br\/wp-content\/uploads\/2020\/02\/Logo_Mizu.png 729w, https:\/\/jornalfatosenoticias.com.br\/wp-content\/uploads\/2020\/02\/Logo_Mizu-300x37.png 300w\" sizes=\"auto, (max-width: 729px) 100vw, 729px\" \/><\/a><\/figure><\/div>\n\n\n\n<p>As situa\u00e7\u00f5es adversas v\u00eam como vento contr\u00e1rio em nossas vidas fazendo, muitas vezes, com que percamos as esperan\u00e7as, e at\u00e9 desacreditemos nas promessas do Senhor, mas se estivermos com nossas ra\u00edzes firmes na palavra de Deus, passaremos pelas tempestades! Podemos perder as folhas, os galhos e at\u00e9 o tronco, mas o segredo est\u00e1 na raiz. Onde estamos arraigados? Se nossas ra\u00edzes est\u00e3o no Senhor, ent\u00e3o H\u00c1 ESPERAN\u00c7A PARA N\u00d3S.<\/p>\n\n\n\n<div class=\"wp-block-image\"><figure class=\"aligncenter size-large is-resized\"><a href=\"https:\/\/www.ithbrasil.com.br\/\"><img loading=\"lazy\" decoding=\"async\" src=\"https:\/\/jornalfatosenoticias.com.br\/wp-content\/uploads\/2023\/08\/ITH.jpeg\" alt=\"\" class=\"wp-image-44638\" width=\"318\" height=\"259\" srcset=\"https:\/\/jornalfatosenoticias.com.br\/wp-content\/uploads\/2023\/08\/ITH.jpeg 800w, https:\/\/jornalfatosenoticias.com.br\/wp-content\/uploads\/2023\/08\/ITH-300x244.jpeg 300w, https:\/\/jornalfatosenoticias.com.br\/wp-content\/uploads\/2023\/08\/ITH-768x624.jpeg 768w\" sizes=\"auto, (max-width: 318px) 100vw, 318px\" \/><\/a><\/figure><\/div>\n\n\n\n<p><strong>ORA\u00c7\u00c3O:<\/strong> Pai querido, que n\u00f3s sejamos como arvores plantadas junto a ribeiros de \u00e1guas, que possamos estar arraigados no Senhor e na tua palavra, que n\u00e3o sejamos somente ouvintes, mas tamb\u00e9m praticantes da tua verdade, ajuda-nos a confiar no Senhor quando os ventos parecem que v\u00e3o nos derrubar. Senhor, nossa esperan\u00e7a est\u00e1 em Ti, oramos em nome do Senhor Jesus Cristo, autor e consumador da nossa f\u00e9, am\u00e9m!<br>Baixe voc\u00ea tamb\u00e9m a B\u00edblia Sagrada do Crist\u00e3o <strong><a href=\"https:\/\/play.google.com\/store\/apps\/details?id=com.harpacristagratuitaportuguesbrmasterfiveapps\">https:\/\/goo.gl\/2icbB6<\/a><\/strong>.<\/p>\n\n\n\n<div class=\"wp-block-image\"><figure class=\"aligncenter size-large is-resized\"><a href=\"https:\/\/legisjuris.com.br\/\"><img loading=\"lazy\" decoding=\"async\" src=\"https:\/\/jornalfatosenoticias.com.br\/wp-content\/uploads\/2024\/09\/Legis-Juris-Consultoria_logo.jpg\" alt=\"\" class=\"wp-image-53915\" width=\"527\" height=\"221\" srcset=\"https:\/\/jornalfatosenoticias.com.br\/wp-content\/uploads\/2024\/09\/Legis-Juris-Consultoria_logo.jpg 969w, https:\/\/jornalfatosenoticias.com.br\/wp-content\/uploads\/2024\/09\/Legis-Juris-Consultoria_logo-300x126.jpg 300w, https:\/\/jornalfatosenoticias.com.br\/wp-content\/uploads\/2024\/09\/Legis-Juris-Consultoria_logo-768x322.jpg 768w\" sizes=\"auto, (max-width: 527px) 100vw, 527px\" \/><\/a><\/figure><\/div>\n\n\n\n<p><\/p>\n","protected":false},"excerpt":{"rendered":"<p>\u2018Porque h\u00e1 esperan\u00e7a para a \u00e1rvore que, se for cortada, ainda se renovar\u00e1, e n\u00e3o cessar\u00e3o os seus renovos\u2019, J\u00f3 14:7 As situa\u00e7\u00f5es adversas v\u00eam como vento contr\u00e1rio em nossas vidas fazendo, muitas vezes, com que percamos as esperan\u00e7as, e at\u00e9 desacreditemos nas promessas do Senhor, mas se estivermos com nossas ra\u00edzes firmes na palavra [&hellip;]<\/p>\n","protected":false},"author":40,"featured_media":63579,"comment_status":"open","ping_status":"open","sticky":false,"template":"","format":"standard","meta":{"footnotes":""},"categories":[21140],"tags":[9582,1574,23785,4758],"class_list":["post-63578","post","type-post","status-publish","format-standard","has-post-thumbnail","hentry","category-religiao","tag-arvore","tag-esperanca","tag-palavra-de-deus","tag-renovacao"],"yoast_head":"<!-- This site is optimized with the Yoast SEO plugin v26.5 - https:\/\/yoast.com\/wordpress\/plugins\/seo\/ -->\n<title>Devocional do Dia \u2014 a esperan\u00e7a \u00e9 Jesus - Jornal Fatos e Not\u00edcias<\/title>\n<meta name=\"robots\" content=\"index, follow, max-snippet:-1, max-image-preview:large, max-video-preview:-1\" \/>\n<link rel=\"canonical\" href=\"https:\/\/jornalfatosenoticias.com.br\/index.php\/2025\/11\/27\/devocional-do-dia-a-esperanca-e-jesus\/\" \/>\n<meta property=\"og:locale\" content=\"pt_BR\" \/>\n<meta property=\"og:type\" content=\"article\" \/>\n<meta property=\"og:title\" content=\"Devocional do Dia \u2014 a esperan\u00e7a \u00e9 Jesus - Jornal Fatos e Not\u00edcias\" \/>\n<meta property=\"og:description\" content=\"\u2018Porque h\u00e1 esperan\u00e7a para a \u00e1rvore que, se for cortada, ainda se renovar\u00e1, e n\u00e3o cessar\u00e3o os seus renovos\u2019, J\u00f3 14:7 As situa\u00e7\u00f5es adversas v\u00eam como vento contr\u00e1rio em nossas vidas fazendo, muitas vezes, com que percamos as esperan\u00e7as, e at\u00e9 desacreditemos nas promessas do Senhor, mas se estivermos com nossas ra\u00edzes firmes na palavra [&hellip;]\" \/>\n<meta property=\"og:url\" content=\"https:\/\/jornalfatosenoticias.com.br\/index.php\/2025\/11\/27\/devocional-do-dia-a-esperanca-e-jesus\/\" \/>\n<meta property=\"og:site_name\" content=\"Jornal Fatos e Not\u00edcias\" \/>\n<meta property=\"article:published_time\" content=\"2025-11-28T00:16:24+00:00\" \/>\n<meta property=\"article:modified_time\" content=\"2025-11-28T00:16:26+00:00\" \/>\n<meta property=\"og:image\" content=\"https:\/\/jornalfatosenoticias.com.br\/wp-content\/uploads\/2025\/11\/devocional_Pinterest-1.jpg\" \/>\n\t<meta property=\"og:image:width\" content=\"1000\" \/>\n\t<meta property=\"og:image:height\" content=\"571\" \/>\n\t<meta property=\"og:image:type\" content=\"image\/jpeg\" \/>\n<meta name=\"author\" content=\"Luciene Cordeiro\" \/>\n<meta name=\"twitter:card\" content=\"summary_large_image\" \/>\n<meta name=\"twitter:label1\" content=\"Escrito por\" \/>\n\t<meta name=\"twitter:data1\" content=\"Luciene Cordeiro\" \/>\n\t<meta name=\"twitter:label2\" content=\"Est. tempo de leitura\" \/>\n\t<meta name=\"twitter:data2\" content=\"1 minuto\" \/>\n<script type=\"application\/ld+json\" class=\"yoast-schema-graph\">{\"@context\":\"https:\/\/schema.org\",\"@graph\":[{\"@type\":\"Article\",\"@id\":\"https:\/\/jornalfatosenoticias.com.br\/index.php\/2025\/11\/27\/devocional-do-dia-a-esperanca-e-jesus\/#article\",\"isPartOf\":{\"@id\":\"https:\/\/jornalfatosenoticias.com.br\/index.php\/2025\/11\/27\/devocional-do-dia-a-esperanca-e-jesus\/\"},\"author\":{\"name\":\"Luciene Cordeiro\",\"@id\":\"https:\/\/jornalfatosenoticias.com.br\/#\/schema\/person\/8275f6d2f10c1e6d8cba9e6304291ee1\"},\"headline\":\"Devocional do Dia \u2014 a esperan\u00e7a \u00e9 Jesus\",\"datePublished\":\"2025-11-28T00:16:24+00:00\",\"dateModified\":\"2025-11-28T00:16:26+00:00\",\"mainEntityOfPage\":{\"@id\":\"https:\/\/jornalfatosenoticias.com.br\/index.php\/2025\/11\/27\/devocional-do-dia-a-esperanca-e-jesus\/\"},\"wordCount\":199,\"commentCount\":0,\"publisher\":{\"@id\":\"https:\/\/jornalfatosenoticias.com.br\/#organization\"},\"image\":{\"@id\":\"https:\/\/jornalfatosenoticias.com.br\/index.php\/2025\/11\/27\/devocional-do-dia-a-esperanca-e-jesus\/#primaryimage\"},\"thumbnailUrl\":\"https:\/\/jornalfatosenoticias.com.br\/wp-content\/uploads\/2025\/11\/devocional_Pinterest-1.jpg\",\"keywords\":[\"\u00c1rvore\",\"esperan\u00e7a\",\"Palavra de Deus\",\"renova\u00e7\u00e3o\"],\"articleSection\":[\"Religi\u00e3o\"],\"inLanguage\":\"pt-BR\",\"potentialAction\":[{\"@type\":\"CommentAction\",\"name\":\"Comment\",\"target\":[\"https:\/\/jornalfatosenoticias.com.br\/index.php\/2025\/11\/27\/devocional-do-dia-a-esperanca-e-jesus\/#respond\"]}]},{\"@type\":\"WebPage\",\"@id\":\"https:\/\/jornalfatosenoticias.com.br\/index.php\/2025\/11\/27\/devocional-do-dia-a-esperanca-e-jesus\/\",\"url\":\"https:\/\/jornalfatosenoticias.com.br\/index.php\/2025\/11\/27\/devocional-do-dia-a-esperanca-e-jesus\/\",\"name\":\"Devocional do Dia \u2014 a esperan\u00e7a \u00e9 Jesus - Jornal Fatos e Not\u00edcias\",\"isPartOf\":{\"@id\":\"https:\/\/jornalfatosenoticias.com.br\/#website\"},\"primaryImageOfPage\":{\"@id\":\"https:\/\/jornalfatosenoticias.com.br\/index.php\/2025\/11\/27\/devocional-do-dia-a-esperanca-e-jesus\/#primaryimage\"},\"image\":{\"@id\":\"https:\/\/jornalfatosenoticias.com.br\/index.php\/2025\/11\/27\/devocional-do-dia-a-esperanca-e-jesus\/#primaryimage\"},\"thumbnailUrl\":\"https:\/\/jornalfatosenoticias.com.br\/wp-content\/uploads\/2025\/11\/devocional_Pinterest-1.jpg\",\"datePublished\":\"2025-11-28T00:16:24+00:00\",\"dateModified\":\"2025-11-28T00:16:26+00:00\",\"breadcrumb\":{\"@id\":\"https:\/\/jornalfatosenoticias.com.br\/index.php\/2025\/11\/27\/devocional-do-dia-a-esperanca-e-jesus\/#breadcrumb\"},\"inLanguage\":\"pt-BR\",\"potentialAction\":[{\"@type\":\"ReadAction\",\"target\":[\"https:\/\/jornalfatosenoticias.com.br\/index.php\/2025\/11\/27\/devocional-do-dia-a-esperanca-e-jesus\/\"]}]},{\"@type\":\"ImageObject\",\"inLanguage\":\"pt-BR\",\"@id\":\"https:\/\/jornalfatosenoticias.com.br\/index.php\/2025\/11\/27\/devocional-do-dia-a-esperanca-e-jesus\/#primaryimage\",\"url\":\"https:\/\/jornalfatosenoticias.com.br\/wp-content\/uploads\/2025\/11\/devocional_Pinterest-1.jpg\",\"contentUrl\":\"https:\/\/jornalfatosenoticias.com.br\/wp-content\/uploads\/2025\/11\/devocional_Pinterest-1.jpg\",\"width\":1000,\"height\":571},{\"@type\":\"BreadcrumbList\",\"@id\":\"https:\/\/jornalfatosenoticias.com.br\/index.php\/2025\/11\/27\/devocional-do-dia-a-esperanca-e-jesus\/#breadcrumb\",\"itemListElement\":[{\"@type\":\"ListItem\",\"position\":1,\"name\":\"In\u00edcio\",\"item\":\"https:\/\/jornalfatosenoticias.com.br\/\"},{\"@type\":\"ListItem\",\"position\":2,\"name\":\"Devocional do Dia \u2014 a esperan\u00e7a \u00e9 Jesus\"}]},{\"@type\":\"WebSite\",\"@id\":\"https:\/\/jornalfatosenoticias.com.br\/#website\",\"url\":\"https:\/\/jornalfatosenoticias.com.br\/\",\"name\":\"Jornal Fatos e Not\u00edcias\",\"description\":\"Not\u00edcias em geral\",\"publisher\":{\"@id\":\"https:\/\/jornalfatosenoticias.com.br\/#organization\"},\"potentialAction\":[{\"@type\":\"SearchAction\",\"target\":{\"@type\":\"EntryPoint\",\"urlTemplate\":\"https:\/\/jornalfatosenoticias.com.br\/?s={search_term_string}\"},\"query-input\":{\"@type\":\"PropertyValueSpecification\",\"valueRequired\":true,\"valueName\":\"search_term_string\"}}],\"inLanguage\":\"pt-BR\"},{\"@type\":\"Organization\",\"@id\":\"https:\/\/jornalfatosenoticias.com.br\/#organization\",\"name\":\"Jornal Fatos e Not\u00edcias\",\"url\":\"https:\/\/jornalfatosenoticias.com.br\/\",\"logo\":{\"@type\":\"ImageObject\",\"inLanguage\":\"pt-BR\",\"@id\":\"https:\/\/jornalfatosenoticias.com.br\/#\/schema\/logo\/image\/\",\"url\":\"https:\/\/jornalfatosenoticias.com.br\/wp-content\/uploads\/2020\/02\/logo120.png\",\"contentUrl\":\"https:\/\/jornalfatosenoticias.com.br\/wp-content\/uploads\/2020\/02\/logo120.png\",\"width\":1227,\"height\":120,\"caption\":\"Jornal Fatos e Not\u00edcias\"},\"image\":{\"@id\":\"https:\/\/jornalfatosenoticias.com.br\/#\/schema\/logo\/image\/\"}},{\"@type\":\"Person\",\"@id\":\"https:\/\/jornalfatosenoticias.com.br\/#\/schema\/person\/8275f6d2f10c1e6d8cba9e6304291ee1\",\"name\":\"Luciene Cordeiro\",\"image\":{\"@type\":\"ImageObject\",\"inLanguage\":\"pt-BR\",\"@id\":\"https:\/\/jornalfatosenoticias.com.br\/#\/schema\/person\/image\/\",\"url\":\"https:\/\/jornalfatosenoticias.com.br\/wp-content\/uploads\/2025\/06\/Pra.-Luciene_portal-120x150.jpg\",\"contentUrl\":\"https:\/\/jornalfatosenoticias.com.br\/wp-content\/uploads\/2025\/06\/Pra.-Luciene_portal-120x150.jpg\",\"caption\":\"Luciene Cordeiro\"},\"description\":\"Pastora Luciene da Silva Cordeiro Igreja Minist\u00e9rio Mission\u00e1rio de Intercess\u00e3o a Servi\u00e7o do Reino de Deus\",\"url\":\"https:\/\/jornalfatosenoticias.com.br\/index.php\/author\/luciene\/\"}]}<\/script>\n<!-- \/ Yoast SEO plugin. -->","yoast_head_json":{"title":"Devocional do Dia \u2014 a esperan\u00e7a \u00e9 Jesus - Jornal Fatos e Not\u00edcias","robots":{"index":"index","follow":"follow","max-snippet":"max-snippet:-1","max-image-preview":"max-image-preview:large","max-video-preview":"max-video-preview:-1"},"canonical":"https:\/\/jornalfatosenoticias.com.br\/index.php\/2025\/11\/27\/devocional-do-dia-a-esperanca-e-jesus\/","og_locale":"pt_BR","og_type":"article","og_title":"Devocional do Dia \u2014 a esperan\u00e7a \u00e9 Jesus - Jornal Fatos e Not\u00edcias","og_description":"\u2018Porque h\u00e1 esperan\u00e7a para a \u00e1rvore que, se for cortada, ainda se renovar\u00e1, e n\u00e3o cessar\u00e3o os seus renovos\u2019, J\u00f3 14:7 As situa\u00e7\u00f5es adversas v\u00eam como vento contr\u00e1rio em nossas vidas fazendo, muitas vezes, com que percamos as esperan\u00e7as, e at\u00e9 desacreditemos nas promessas do Senhor, mas se estivermos com nossas ra\u00edzes firmes na palavra [&hellip;]","og_url":"https:\/\/jornalfatosenoticias.com.br\/index.php\/2025\/11\/27\/devocional-do-dia-a-esperanca-e-jesus\/","og_site_name":"Jornal Fatos e Not\u00edcias","article_published_time":"2025-11-28T00:16:24+00:00","article_modified_time":"2025-11-28T00:16:26+00:00","og_image":[{"width":1000,"height":571,"url":"https:\/\/jornalfatosenoticias.com.br\/wp-content\/uploads\/2025\/11\/devocional_Pinterest-1.jpg","type":"image\/jpeg"}],"author":"Luciene Cordeiro","twitter_card":"summary_large_image","twitter_misc":{"Escrito por":"Luciene Cordeiro","Est. tempo de leitura":"1 minuto"},"schema":{"@context":"https:\/\/schema.org","@graph":[{"@type":"Article","@id":"https:\/\/jornalfatosenoticias.com.br\/index.php\/2025\/11\/27\/devocional-do-dia-a-esperanca-e-jesus\/#article","isPartOf":{"@id":"https:\/\/jornalfatosenoticias.com.br\/index.php\/2025\/11\/27\/devocional-do-dia-a-esperanca-e-jesus\/"},"author":{"name":"Luciene Cordeiro","@id":"https:\/\/jornalfatosenoticias.com.br\/#\/schema\/person\/8275f6d2f10c1e6d8cba9e6304291ee1"},"headline":"Devocional do Dia \u2014 a esperan\u00e7a \u00e9 Jesus","datePublished":"2025-11-28T00:16:24+00:00","dateModified":"2025-11-28T00:16:26+00:00","mainEntityOfPage":{"@id":"https:\/\/jornalfatosenoticias.com.br\/index.php\/2025\/11\/27\/devocional-do-dia-a-esperanca-e-jesus\/"},"wordCount":199,"commentCount":0,"publisher":{"@id":"https:\/\/jornalfatosenoticias.com.br\/#organization"},"image":{"@id":"https:\/\/jornalfatosenoticias.com.br\/index.php\/2025\/11\/27\/devocional-do-dia-a-esperanca-e-jesus\/#primaryimage"},"thumbnailUrl":"https:\/\/jornalfatosenoticias.com.br\/wp-content\/uploads\/2025\/11\/devocional_Pinterest-1.jpg","keywords":["\u00c1rvore","esperan\u00e7a","Palavra de Deus","renova\u00e7\u00e3o"],"articleSection":["Religi\u00e3o"],"inLanguage":"pt-BR","potentialAction":[{"@type":"CommentAction","name":"Comment","target":["https:\/\/jornalfatosenoticias.com.br\/index.php\/2025\/11\/27\/devocional-do-dia-a-esperanca-e-jesus\/#respond"]}]},{"@type":"WebPage","@id":"https:\/\/jornalfatosenoticias.com.br\/index.php\/2025\/11\/27\/devocional-do-dia-a-esperanca-e-jesus\/","url":"https:\/\/jornalfatosenoticias.com.br\/index.php\/2025\/11\/27\/devocional-do-dia-a-esperanca-e-jesus\/","name":"Devocional do Dia \u2014 a esperan\u00e7a \u00e9 Jesus - Jornal Fatos e Not\u00edcias","isPartOf":{"@id":"https:\/\/jornalfatosenoticias.com.br\/#website"},"primaryImageOfPage":{"@id":"https:\/\/jornalfatosenoticias.com.br\/index.php\/2025\/11\/27\/devocional-do-dia-a-esperanca-e-jesus\/#primaryimage"},"image":{"@id":"https:\/\/jornalfatosenoticias.com.br\/index.php\/2025\/11\/27\/devocional-do-dia-a-esperanca-e-jesus\/#primaryimage"},"thumbnailUrl":"https:\/\/jornalfatosenoticias.com.br\/wp-content\/uploads\/2025\/11\/devocional_Pinterest-1.jpg","datePublished":"2025-11-28T00:16:24+00:00","dateModified":"2025-11-28T00:16:26+00:00","breadcrumb":{"@id":"https:\/\/jornalfatosenoticias.com.br\/index.php\/2025\/11\/27\/devocional-do-dia-a-esperanca-e-jesus\/#breadcrumb"},"inLanguage":"pt-BR","potentialAction":[{"@type":"ReadAction","target":["https:\/\/jornalfatosenoticias.com.br\/index.php\/2025\/11\/27\/devocional-do-dia-a-esperanca-e-jesus\/"]}]},{"@type":"ImageObject","inLanguage":"pt-BR","@id":"https:\/\/jornalfatosenoticias.com.br\/index.php\/2025\/11\/27\/devocional-do-dia-a-esperanca-e-jesus\/#primaryimage","url":"https:\/\/jornalfatosenoticias.com.br\/wp-content\/uploads\/2025\/11\/devocional_Pinterest-1.jpg","contentUrl":"https:\/\/jornalfatosenoticias.com.br\/wp-content\/uploads\/2025\/11\/devocional_Pinterest-1.jpg","width":1000,"height":571},{"@type":"BreadcrumbList","@id":"https:\/\/jornalfatosenoticias.com.br\/index.php\/2025\/11\/27\/devocional-do-dia-a-esperanca-e-jesus\/#breadcrumb","itemListElement":[{"@type":"ListItem","position":1,"name":"In\u00edcio","item":"https:\/\/jornalfatosenoticias.com.br\/"},{"@type":"ListItem","position":2,"name":"Devocional do Dia \u2014 a esperan\u00e7a \u00e9 Jesus"}]},{"@type":"WebSite","@id":"https:\/\/jornalfatosenoticias.com.br\/#website","url":"https:\/\/jornalfatosenoticias.com.br\/","name":"Jornal Fatos e Not\u00edcias","description":"Not\u00edcias em geral","publisher":{"@id":"https:\/\/jornalfatosenoticias.com.br\/#organization"},"potentialAction":[{"@type":"SearchAction","target":{"@type":"EntryPoint","urlTemplate":"https:\/\/jornalfatosenoticias.com.br\/?s={search_term_string}"},"query-input":{"@type":"PropertyValueSpecification","valueRequired":true,"valueName":"search_term_string"}}],"inLanguage":"pt-BR"},{"@type":"Organization","@id":"https:\/\/jornalfatosenoticias.com.br\/#organization","name":"Jornal Fatos e Not\u00edcias","url":"https:\/\/jornalfatosenoticias.com.br\/","logo":{"@type":"ImageObject","inLanguage":"pt-BR","@id":"https:\/\/jornalfatosenoticias.com.br\/#\/schema\/logo\/image\/","url":"https:\/\/jornalfatosenoticias.com.br\/wp-content\/uploads\/2020\/02\/logo120.png","contentUrl":"https:\/\/jornalfatosenoticias.com.br\/wp-content\/uploads\/2020\/02\/logo120.png","width":1227,"height":120,"caption":"Jornal Fatos e Not\u00edcias"},"image":{"@id":"https:\/\/jornalfatosenoticias.com.br\/#\/schema\/logo\/image\/"}},{"@type":"Person","@id":"https:\/\/jornalfatosenoticias.com.br\/#\/schema\/person\/8275f6d2f10c1e6d8cba9e6304291ee1","name":"Luciene Cordeiro","image":{"@type":"ImageObject","inLanguage":"pt-BR","@id":"https:\/\/jornalfatosenoticias.com.br\/#\/schema\/person\/image\/","url":"https:\/\/jornalfatosenoticias.com.br\/wp-content\/uploads\/2025\/06\/Pra.-Luciene_portal-120x150.jpg","contentUrl":"https:\/\/jornalfatosenoticias.com.br\/wp-content\/uploads\/2025\/06\/Pra.-Luciene_portal-120x150.jpg","caption":"Luciene Cordeiro"},"description":"Pastora Luciene da Silva Cordeiro Igreja Minist\u00e9rio Mission\u00e1rio de Intercess\u00e3o a Servi\u00e7o do Reino de Deus","url":"https:\/\/jornalfatosenoticias.com.br\/index.php\/author\/luciene\/"}]}},"cc_featured_image_caption":{"caption_text":"(Foto: Pinterest)  ","source_text":"","source_url":""},"jetpack_featured_media_url":"https:\/\/jornalfatosenoticias.com.br\/wp-content\/uploads\/2025\/11\/devocional_Pinterest-1.jpg","_links":{"self":[{"href":"https:\/\/jornalfatosenoticias.com.br\/index.php\/wp-json\/wp\/v2\/posts\/63578","targetHints":{"allow":["GET"]}}],"collection":[{"href":"https:\/\/jornalfatosenoticias.com.br\/index.php\/wp-json\/wp\/v2\/posts"}],"about":[{"href":"https:\/\/jornalfatosenoticias.com.br\/index.php\/wp-json\/wp\/v2\/types\/post"}],"author":[{"embeddable":true,"href":"https:\/\/jornalfatosenoticias.com.br\/index.php\/wp-json\/wp\/v2\/users\/40"}],"replies":[{"embeddable":true,"href":"https:\/\/jornalfatosenoticias.com.br\/index.php\/wp-json\/wp\/v2\/comments?post=63578"}],"version-history":[{"count":0,"href":"https:\/\/jornalfatosenoticias.com.br\/index.php\/wp-json\/wp\/v2\/posts\/63578\/revisions"}],"wp:featuredmedia":[{"embeddable":true,"href":"https:\/\/jornalfatosenoticias.com.br\/index.php\/wp-json\/wp\/v2\/media\/63579"}],"wp:attachment":[{"href":"https:\/\/jornalfatosenoticias.com.br\/index.php\/wp-json\/wp\/v2\/media?parent=63578"}],"wp:term":[{"taxonomy":"category","embeddable":true,"href":"https:\/\/jornalfatosenoticias.com.br\/index.php\/wp-json\/wp\/v2\/categories?post=63578"},{"taxonomy":"post_tag","embeddable":true,"href":"https:\/\/jornalfatosenoticias.com.br\/index.php\/wp-json\/wp\/v2\/tags?post=63578"}],"curies":[{"name":"wp","href":"https:\/\/api.w.org\/{rel}","templated":true}]}}