{"id":63741,"date":"2025-12-08T14:16:43","date_gmt":"2025-12-08T17:16:43","guid":{"rendered":"https:\/\/jornalfatosenoticias.com.br\/?p=63741"},"modified":"2025-12-08T14:16:45","modified_gmt":"2025-12-08T17:16:45","slug":"a-mais-preciosa-das-cargas-revela-um-drama-de-guerra-arrebatador","status":"publish","type":"post","link":"https:\/\/jornalfatosenoticias.com.br\/index.php\/2025\/12\/08\/a-mais-preciosa-das-cargas-revela-um-drama-de-guerra-arrebatador\/","title":{"rendered":"A Mais Preciosa das Cargas\u201d revela um drama de guerra arrebatador"},"content":{"rendered":"\n<p><em><span class=\"has-inline-color has-black-color\">Anima\u00e7\u00e3o &#8220;A Mais Preciosa Das Cargas&#8221; \u00e9 ambientada durante a Segunda Guerra Mundial<\/span><\/em><\/p>\n\n\n\n<p><span class=\"has-inline-color has-black-color\">Por <strong><a href=\"https:\/\/www.gazetadopovo.com.br\/autor\/fabio-calsavara\/\">Fabio Calsavara<\/a><\/strong><\/span><\/p>\n\n\n\n<div class=\"wp-block-image\"><figure class=\"aligncenter size-large\"><a href=\"https:\/\/mizu.com.br\/\"><img loading=\"lazy\" decoding=\"async\" width=\"729\" height=\"90\" src=\"https:\/\/jornalfatosenoticias.com.br\/wp-content\/uploads\/2020\/02\/Logo_Mizu.png\" alt=\"\" class=\"wp-image-1441\" srcset=\"https:\/\/jornalfatosenoticias.com.br\/wp-content\/uploads\/2020\/02\/Logo_Mizu.png 729w, https:\/\/jornalfatosenoticias.com.br\/wp-content\/uploads\/2020\/02\/Logo_Mizu-300x37.png 300w\" sizes=\"auto, (max-width: 729px) 100vw, 729px\" \/><\/a><\/figure><\/div>\n\n\n\n<p>Em sua estreia no universo da anima\u00e7\u00e3o, o cineasta franc\u00eas Michel Hazanavicius \u2014 conhecido mundialmente por \u201cO Artista\u201d, vencedor de cinco Oscars \u2014 entrega uma obra delicada e poderosa com <em>A Mais Preciosa das Cargas<\/em>. Baseado no conto hom\u00f4nimo de Jean-Claude Grumberg, o filme combina uma est\u00e9tica po\u00e9tica com uma narrativa profundamente humana, ambientada em um dos per\u00edodos mais sombrios da hist\u00f3ria: a Segunda Guerra Mundial.<br>A hist\u00f3ria se desenrola em uma remota e gelada floresta da Europa Oriental, lar de um casal de lenhadores que vive \u00e0 margem da sociedade e da pobreza. A mulher, em particular, marcada pela aus\u00eancia da maternidade, tem sua rotina ditada pelo som melanc\u00f3lico dos trens que cruzam a mata. Embora jamais sejam explicitamente identificados, esses comboios carregam o sil\u00eancio e o peso da trag\u00e9dia do Holocausto.<\/p>\n\n\n\n<div class=\"wp-block-image\"><figure class=\"aligncenter size-large\"><a href=\"https:\/\/www.cesconetto.com.br\/\"><img loading=\"lazy\" decoding=\"async\" width=\"300\" height=\"250\" src=\"https:\/\/jornalfatosenoticias.com.br\/wp-content\/uploads\/2022\/02\/Banner-2.png\" alt=\"\" class=\"wp-image-27877\"\/><\/a><\/figure><\/div>\n\n\n\n<p>O ponto de virada ocorre quando ela encontra uma crian\u00e7a, abandonada em circunst\u00e2ncias dram\u00e1ticas, entre os vag\u00f5es. Esse encontro fortuito transforma drasticamente as vidas do casal e se desdobra em uma saga que testa os limites da compaix\u00e3o, da coragem e da mera sobreviv\u00eancia.<\/p>\n\n\n\n<figure class=\"wp-block-embed-youtube wp-block-embed is-type-video is-provider-youtube wp-embed-aspect-16-9 wp-has-aspect-ratio\"><div class=\"wp-block-embed__wrapper\">\n<iframe loading=\"lazy\" title=\"A Mais Preciosa das Cargas | Trailer Oficial\" width=\"660\" height=\"371\" src=\"https:\/\/www.youtube.com\/embed\/Lp83Xq1m6jM?feature=oembed\" frameborder=\"0\" allow=\"accelerometer; autoplay; clipboard-write; encrypted-media; gyroscope; picture-in-picture; web-share\" referrerpolicy=\"strict-origin-when-cross-origin\" allowfullscreen><\/iframe>\n<\/div><\/figure>\n\n\n\n<p><strong><span class=\"has-inline-color has-vivid-purple-color\">Filme lida com a brutalidade da guerra<br><\/span><\/strong>Hazanavicius faz uma escolha consciente de n\u00e3o mostrar indicadores de viol\u00eancia expl\u00edcita. Sem soldados nazistas, su\u00e1sticas ou campos de concentra\u00e7\u00e3o, s\u00e3o as sugest\u00f5es visuais empregadas pelo diretor que levam o espectador a formar sua pr\u00f3pria vers\u00e3o da brutalidade da guerra. Essa escolha torna a narrativa ainda mais impactante, pois convida \u00e0 reflex\u00e3o sem recorrer \u00e0 viol\u00eancia em si.<\/p>\n\n\n\n<div class=\"wp-block-image\"><figure class=\"aligncenter size-large is-resized\"><a href=\"https:\/\/www.instagram.com\/gruposei\/\"><img loading=\"lazy\" decoding=\"async\" src=\"https:\/\/jornalfatosenoticias.com.br\/wp-content\/uploads\/2022\/07\/Logo-Grupo-SEI.jpg\" alt=\"\" class=\"wp-image-31973\" width=\"337\" height=\"177\" srcset=\"https:\/\/jornalfatosenoticias.com.br\/wp-content\/uploads\/2022\/07\/Logo-Grupo-SEI.jpg 713w, https:\/\/jornalfatosenoticias.com.br\/wp-content\/uploads\/2022\/07\/Logo-Grupo-SEI-300x158.jpg 300w\" sizes=\"auto, (max-width: 337px) 100vw, 337px\" \/><\/a><\/figure><\/div>\n\n\n\n<p>Visualmente, <em>A Mais Preciosa das Cargas<\/em> se estabelece como uma proeza. A anima\u00e7\u00e3o lembra as ilustra\u00e7\u00f5es cl\u00e1ssicas de livros infantis, mas com uma paleta de cores e texturas que acentuam o frio, o isolamento e a melancolia da paisagem. O contraste entre a inoc\u00eancia da crian\u00e7a rec\u00e9m-descoberta e o ambiente hostil \u00e9 o principal fio condutor da hist\u00f3ria.<\/p>\n\n\n\n<div class=\"wp-block-image\"><figure class=\"aligncenter size-large is-resized\"><a href=\"https:\/\/www.instagram.com\/serra4x4cambioautomatico\/\"><img loading=\"lazy\" decoding=\"async\" src=\"https:\/\/jornalfatosenoticias.com.br\/wp-content\/uploads\/2024\/08\/Serra-4x4-1-886x1024.jpg\" alt=\"\" class=\"wp-image-53632\" width=\"282\" height=\"326\" srcset=\"https:\/\/jornalfatosenoticias.com.br\/wp-content\/uploads\/2024\/08\/Serra-4x4-1-886x1024.jpg 886w, https:\/\/jornalfatosenoticias.com.br\/wp-content\/uploads\/2024\/08\/Serra-4x4-1-260x300.jpg 260w, https:\/\/jornalfatosenoticias.com.br\/wp-content\/uploads\/2024\/08\/Serra-4x4-1-768x888.jpg 768w, https:\/\/jornalfatosenoticias.com.br\/wp-content\/uploads\/2024\/08\/Serra-4x4-1.jpg 1181w\" sizes=\"auto, (max-width: 282px) 100vw, 282px\" \/><\/a><\/figure><\/div>\n\n\n\n<p>A hist\u00f3ria do filme \u00e9 apresentada como uma esp\u00e9cie de conto de fadas, com a narra\u00e7\u00e3o em off do vener\u00e1vel ator franc\u00eas Jean-Louis Trintignant introduzindo a ambienta\u00e7\u00e3o rural durante a Segunda Guerra Mundial com a linguagem dos livros infantis, mas a promessa de uma hist\u00f3ria de temas e horrores muito adultos. Pode parecer um impulso natural ao desenho animado, mas o que n\u00e3o falta no cinema s\u00e3o obras que se aproveitam dessa mistura entre as narrativas m\u00e1gicas da inf\u00e2ncia e a concretude do live-action para, justamente, estabelecer o clima de conto de fadas sombrio que querem estabelecer (O Labirinto do Fauno, Desventuras em S\u00e9rie, Edward M\u00e3os de Tesoura, e por a\u00ed vai).<\/p>\n\n\n\n<div class=\"wp-block-image\"><figure class=\"aligncenter size-large is-resized\"><a href=\"https:\/\/www.facebook.com\/profile.php?id=100069289606145\"><img loading=\"lazy\" decoding=\"async\" src=\"https:\/\/jornalfatosenoticias.com.br\/wp-content\/uploads\/2024\/11\/Guaitolini-Contabilidade-1024x714.jpeg\" alt=\"\" class=\"wp-image-55808\" width=\"318\" height=\"221\" srcset=\"https:\/\/jornalfatosenoticias.com.br\/wp-content\/uploads\/2024\/11\/Guaitolini-Contabilidade-1024x714.jpeg 1024w, https:\/\/jornalfatosenoticias.com.br\/wp-content\/uploads\/2024\/11\/Guaitolini-Contabilidade-300x209.jpeg 300w, https:\/\/jornalfatosenoticias.com.br\/wp-content\/uploads\/2024\/11\/Guaitolini-Contabilidade-768x535.jpeg 768w, https:\/\/jornalfatosenoticias.com.br\/wp-content\/uploads\/2024\/11\/Guaitolini-Contabilidade.jpeg 1280w\" sizes=\"auto, (max-width: 318px) 100vw, 318px\" \/><\/a><\/figure><\/div>\n\n\n\n<p>A trilha sonora \u00e9 de Alexandre Desplat, vencedor de dois Oscars (por O Grande Hotel Budapeste e A Forma da \u00c1gua), o compositor franc\u00eas regride aqui a orquestra\u00e7\u00f5es f\u00e1ceis e estridentes, que evocam trag\u00e9dia e eleva\u00e7\u00e3o sem tra\u00e7o de graciosidade mel\u00f3dica. N\u00e3o h\u00e1 melancolia ou aspira\u00e7\u00e3o aqui \u2014 s\u00f3 choque, choque, choque. Da\u00ed talvez venha tamb\u00e9m o design de personagens grosseiros e prosaicos do filme, frequentemente em conflito com a bela evoca\u00e7\u00e3o dram\u00e1tica dos cen\u00e1rios ricamente desenhados em que eles est\u00e3o inseridos.<\/p>\n\n\n\n<div class=\"wp-block-image\"><figure class=\"aligncenter size-large\"><img loading=\"lazy\" decoding=\"async\" width=\"1000\" height=\"562\" src=\"https:\/\/jornalfatosenoticias.com.br\/wp-content\/uploads\/2025\/12\/animacao-A-Mais-Preciosa-Das-Cargas.jpg\" alt=\"\" class=\"wp-image-63742\" srcset=\"https:\/\/jornalfatosenoticias.com.br\/wp-content\/uploads\/2025\/12\/animacao-A-Mais-Preciosa-Das-Cargas.jpg 1000w, https:\/\/jornalfatosenoticias.com.br\/wp-content\/uploads\/2025\/12\/animacao-A-Mais-Preciosa-Das-Cargas-300x169.jpg 300w, https:\/\/jornalfatosenoticias.com.br\/wp-content\/uploads\/2025\/12\/animacao-A-Mais-Preciosa-Das-Cargas-768x432.jpg 768w\" sizes=\"auto, (max-width: 1000px) 100vw, 1000px\" \/><figcaption><em><span class=\"has-inline-color has-black-color\">(Foto: Divulga\u00e7\u00e3o\/Paris Filmes)<\/span><\/em><\/figcaption><\/figure><\/div>\n\n\n\n<p><strong><span class=\"has-inline-color has-vivid-purple-color\">Os &#8220;Sem Cora\u00e7\u00e3o&#8221; s\u00e3o pilar moral do filme<br><\/span><\/strong>Na anima\u00e7\u00e3o, o marido lenhador se refere \u00e0 crian\u00e7a como uma \u201cSem Cora\u00e7\u00e3o\u201d, a forma encontrada pelo diretor para caracterizar aqueles transportados pelos comboios. Sua atitude reflete o preconceito enraizado, mas ao longo da trama, ele passa por uma transforma\u00e7\u00e3o emocional que desafia essa vis\u00e3o. Quando o lenhador come\u00e7a a demonstrar afeto pela crian\u00e7a, seus colegas passam a desconfiar de sua lealdade. A suspeita e o \u00f3dio coletivo culminam em viol\u00eancia, revelando como o preconceito pode se tornar uma for\u00e7a destrutiva mesmo entre vizinhos e conhecidos.<\/p>\n\n\n\n<div class=\"wp-block-image\"><figure class=\"aligncenter size-large is-resized\"><a href=\"https:\/\/www.controlsystems.com.br\/\"><img loading=\"lazy\" decoding=\"async\" src=\"https:\/\/jornalfatosenoticias.com.br\/wp-content\/uploads\/2020\/02\/CONTROL-CS.jpg\" alt=\"\" class=\"wp-image-44991\" width=\"291\" height=\"349\" srcset=\"https:\/\/jornalfatosenoticias.com.br\/wp-content\/uploads\/2020\/02\/CONTROL-CS.jpg 834w, https:\/\/jornalfatosenoticias.com.br\/wp-content\/uploads\/2020\/02\/CONTROL-CS-250x300.jpg 250w, https:\/\/jornalfatosenoticias.com.br\/wp-content\/uploads\/2020\/02\/CONTROL-CS-768x921.jpg 768w\" sizes=\"auto, (max-width: 291px) 100vw, 291px\" \/><\/a><\/figure><\/div>\n\n\n\n<p>A escolha do nome <em>\u201cSem Cora\u00e7\u00e3o\u201d <\/em>carrega uma ironia cruel. Os personagens que usam esse termo acreditam que essas pessoas s\u00e3o desprovidas de sentimentos, humanidade ou valor \u2014 quando, na verdade, s\u00e3o eles que demonstram frieza e indiferen\u00e7a diante do sofrimento alheio. Essa invers\u00e3o \u00e9 um dos pilares morais do filme: quem realmente n\u00e3o tem cora\u00e7\u00e3o?<\/p>\n\n\n\n<div class=\"wp-block-image\"><figure class=\"aligncenter size-large is-resized\"><a href=\"https:\/\/www.facebook.com\/postobkr\/?locale=pt_BR\"><img loading=\"lazy\" decoding=\"async\" src=\"https:\/\/jornalfatosenoticias.com.br\/wp-content\/uploads\/2023\/08\/BKR-1024x1021.jpg\" alt=\"\" class=\"wp-image-44494\" width=\"283\" height=\"282\" srcset=\"https:\/\/jornalfatosenoticias.com.br\/wp-content\/uploads\/2023\/08\/BKR-1024x1021.jpg 1024w, https:\/\/jornalfatosenoticias.com.br\/wp-content\/uploads\/2023\/08\/BKR-300x300.jpg 300w, https:\/\/jornalfatosenoticias.com.br\/wp-content\/uploads\/2023\/08\/BKR-150x150.jpg 150w, https:\/\/jornalfatosenoticias.com.br\/wp-content\/uploads\/2023\/08\/BKR-768x766.jpg 768w, https:\/\/jornalfatosenoticias.com.br\/wp-content\/uploads\/2023\/08\/BKR.jpg 1080w\" sizes=\"auto, (max-width: 283px) 100vw, 283px\" \/><\/a><\/figure><\/div>\n\n\n\n<p>Os <em>\u201cSem Cora\u00e7\u00e3o\u201d<\/em> n\u00e3o s\u00e3o apenas personagens perif\u00e9ricos \u2014 s\u00e3o o centro moral da narrativa. Eles representam os inocentes perseguidos, os la\u00e7os familiares rompidos, e a esperan\u00e7a que resiste mesmo quando tudo parece perdido. E \u00e9 justamente essa carga \u2014 a mais preciosa \u2014 que o filme nos convida a proteger.<\/p>\n\n\n\n<div class=\"wp-block-image\"><figure class=\"aligncenter size-large\"><img loading=\"lazy\" decoding=\"async\" width=\"720\" height=\"512\" src=\"https:\/\/jornalfatosenoticias.com.br\/wp-content\/uploads\/2025\/12\/a-mais-preciosa-das-cargas3.jpg\" alt=\"\" class=\"wp-image-63743\" srcset=\"https:\/\/jornalfatosenoticias.com.br\/wp-content\/uploads\/2025\/12\/a-mais-preciosa-das-cargas3.jpg 720w, https:\/\/jornalfatosenoticias.com.br\/wp-content\/uploads\/2025\/12\/a-mais-preciosa-das-cargas3-300x213.jpg 300w\" sizes=\"auto, (max-width: 720px) 100vw, 720px\" \/><figcaption><em><span class=\"has-inline-color has-black-color\">(Foto: Divulga\u00e7\u00e3o\/Paris Filmes)<\/span><\/em><\/figcaption><\/figure><\/div>\n\n\n\n<p><strong><span class=\"has-inline-color has-vivid-purple-color\">A Mais Preciosa Das Cargas<br><\/span><\/strong><em>2025<br>80 minutos<br><\/em>Indicado para maiores de 14 anos<br>Dispon\u00edvel para loca\u00e7\u00e3o no <strong>Prime Video<\/strong><\/p>\n\n\n\n<div class=\"wp-block-image\"><figure class=\"aligncenter size-large is-resized\"><a href=\"https:\/\/legisjuris.com.br\/\"><img loading=\"lazy\" decoding=\"async\" src=\"https:\/\/jornalfatosenoticias.com.br\/wp-content\/uploads\/2024\/09\/Legis-Juris-Consultoria_logo.jpg\" alt=\"\" class=\"wp-image-53915\" width=\"539\" height=\"226\" srcset=\"https:\/\/jornalfatosenoticias.com.br\/wp-content\/uploads\/2024\/09\/Legis-Juris-Consultoria_logo.jpg 969w, https:\/\/jornalfatosenoticias.com.br\/wp-content\/uploads\/2024\/09\/Legis-Juris-Consultoria_logo-300x126.jpg 300w, https:\/\/jornalfatosenoticias.com.br\/wp-content\/uploads\/2024\/09\/Legis-Juris-Consultoria_logo-768x322.jpg 768w\" sizes=\"auto, (max-width: 539px) 100vw, 539px\" \/><\/a><\/figure><\/div>\n\n\n\n<p><strong>Fonte: <a href=\"https:\/\/www.gazetadopovo.com.br\/cultura\/a-mais-preciosa-das-cargas-revela-um-drama-de-guerra-arrebatador\/\">Gazeta do Povo<\/a><\/strong><\/p>\n","protected":false},"excerpt":{"rendered":"<p>Anima\u00e7\u00e3o &#8220;A Mais Preciosa Das Cargas&#8221; \u00e9 ambientada durante a Segunda Guerra Mundial Por Fabio Calsavara Em sua estreia no universo da anima\u00e7\u00e3o, o cineasta franc\u00eas Michel Hazanavicius \u2014 conhecido mundialmente por \u201cO Artista\u201d, vencedor de cinco Oscars \u2014 entrega uma obra delicada e poderosa com A Mais Preciosa das Cargas. Baseado no conto hom\u00f4nimo [&hellip;]<\/p>\n","protected":false},"author":2,"featured_media":63744,"comment_status":"open","ping_status":"open","sticky":false,"template":"","format":"standard","meta":{"footnotes":""},"categories":[4],"tags":[29083,3642,1221,28642,29084,1574,249,419],"class_list":["post-63741","post","type-post","status-publish","format-standard","has-post-thumbnail","hentry","category-cultura","tag-a-mais-preciosa-das-cargas","tag-animacao","tag-coracao","tag-drama","tag-drama-de-guerra","tag-esperanca","tag-historia","tag-segunda-guerra-mundial"],"yoast_head":"<!-- This site is optimized with the Yoast SEO plugin v26.5 - https:\/\/yoast.com\/wordpress\/plugins\/seo\/ -->\n<title>A Mais Preciosa das Cargas\u201d revela um drama de guerra arrebatador - Jornal Fatos e Not\u00edcias<\/title>\n<meta name=\"robots\" content=\"index, follow, max-snippet:-1, max-image-preview:large, max-video-preview:-1\" \/>\n<link rel=\"canonical\" href=\"https:\/\/jornalfatosenoticias.com.br\/index.php\/2025\/12\/08\/a-mais-preciosa-das-cargas-revela-um-drama-de-guerra-arrebatador\/\" \/>\n<meta property=\"og:locale\" content=\"pt_BR\" \/>\n<meta property=\"og:type\" content=\"article\" \/>\n<meta property=\"og:title\" content=\"A Mais Preciosa das Cargas\u201d revela um drama de guerra arrebatador - Jornal Fatos e Not\u00edcias\" \/>\n<meta property=\"og:description\" content=\"Anima\u00e7\u00e3o &#8220;A Mais Preciosa Das Cargas&#8221; \u00e9 ambientada durante a Segunda Guerra Mundial Por Fabio Calsavara Em sua estreia no universo da anima\u00e7\u00e3o, o cineasta franc\u00eas Michel Hazanavicius \u2014 conhecido mundialmente por \u201cO Artista\u201d, vencedor de cinco Oscars \u2014 entrega uma obra delicada e poderosa com A Mais Preciosa das Cargas. Baseado no conto hom\u00f4nimo [&hellip;]\" \/>\n<meta property=\"og:url\" content=\"https:\/\/jornalfatosenoticias.com.br\/index.php\/2025\/12\/08\/a-mais-preciosa-das-cargas-revela-um-drama-de-guerra-arrebatador\/\" \/>\n<meta property=\"og:site_name\" content=\"Jornal Fatos e Not\u00edcias\" \/>\n<meta property=\"article:published_time\" content=\"2025-12-08T17:16:43+00:00\" \/>\n<meta property=\"article:modified_time\" content=\"2025-12-08T17:16:45+00:00\" \/>\n<meta property=\"og:image\" content=\"https:\/\/jornalfatosenoticias.com.br\/wp-content\/uploads\/2025\/12\/animacao-A-Mais-Preciosa-Das-Cargas2.jpg\" \/>\n\t<meta property=\"og:image:width\" content=\"1000\" \/>\n\t<meta property=\"og:image:height\" content=\"432\" \/>\n\t<meta property=\"og:image:type\" content=\"image\/jpeg\" \/>\n<meta name=\"author\" content=\"Luzimara Fernandes\" \/>\n<meta name=\"twitter:card\" content=\"summary_large_image\" \/>\n<meta name=\"twitter:label1\" content=\"Escrito por\" \/>\n\t<meta name=\"twitter:data1\" content=\"Luzimara Fernandes\" \/>\n\t<meta name=\"twitter:label2\" content=\"Est. tempo de leitura\" \/>\n\t<meta name=\"twitter:data2\" content=\"4 minutos\" \/>\n<script type=\"application\/ld+json\" class=\"yoast-schema-graph\">{\"@context\":\"https:\/\/schema.org\",\"@graph\":[{\"@type\":\"Article\",\"@id\":\"https:\/\/jornalfatosenoticias.com.br\/index.php\/2025\/12\/08\/a-mais-preciosa-das-cargas-revela-um-drama-de-guerra-arrebatador\/#article\",\"isPartOf\":{\"@id\":\"https:\/\/jornalfatosenoticias.com.br\/index.php\/2025\/12\/08\/a-mais-preciosa-das-cargas-revela-um-drama-de-guerra-arrebatador\/\"},\"author\":{\"name\":\"Luzimara Fernandes\",\"@id\":\"https:\/\/jornalfatosenoticias.com.br\/#\/schema\/person\/d63837fa13ac8666eb9e74e0985d6f81\"},\"headline\":\"A Mais Preciosa das Cargas\u201d revela um drama de guerra arrebatador\",\"datePublished\":\"2025-12-08T17:16:43+00:00\",\"dateModified\":\"2025-12-08T17:16:45+00:00\",\"mainEntityOfPage\":{\"@id\":\"https:\/\/jornalfatosenoticias.com.br\/index.php\/2025\/12\/08\/a-mais-preciosa-das-cargas-revela-um-drama-de-guerra-arrebatador\/\"},\"wordCount\":854,\"commentCount\":0,\"publisher\":{\"@id\":\"https:\/\/jornalfatosenoticias.com.br\/#organization\"},\"image\":{\"@id\":\"https:\/\/jornalfatosenoticias.com.br\/index.php\/2025\/12\/08\/a-mais-preciosa-das-cargas-revela-um-drama-de-guerra-arrebatador\/#primaryimage\"},\"thumbnailUrl\":\"https:\/\/jornalfatosenoticias.com.br\/wp-content\/uploads\/2025\/12\/animacao-A-Mais-Preciosa-Das-Cargas2.jpg\",\"keywords\":[\"&quot;A Mais Preciosa Das Cargas&quot;\",\"anima\u00e7\u00e3o\",\"cora\u00e7\u00e3o\",\"drama\",\"drama de guerra\",\"esperan\u00e7a\",\"hist\u00f3ria\",\"Segunda Guerra Mundial\"],\"articleSection\":[\"Cultura\"],\"inLanguage\":\"pt-BR\",\"potentialAction\":[{\"@type\":\"CommentAction\",\"name\":\"Comment\",\"target\":[\"https:\/\/jornalfatosenoticias.com.br\/index.php\/2025\/12\/08\/a-mais-preciosa-das-cargas-revela-um-drama-de-guerra-arrebatador\/#respond\"]}]},{\"@type\":\"WebPage\",\"@id\":\"https:\/\/jornalfatosenoticias.com.br\/index.php\/2025\/12\/08\/a-mais-preciosa-das-cargas-revela-um-drama-de-guerra-arrebatador\/\",\"url\":\"https:\/\/jornalfatosenoticias.com.br\/index.php\/2025\/12\/08\/a-mais-preciosa-das-cargas-revela-um-drama-de-guerra-arrebatador\/\",\"name\":\"A Mais Preciosa das Cargas\u201d revela um drama de guerra arrebatador - Jornal Fatos e Not\u00edcias\",\"isPartOf\":{\"@id\":\"https:\/\/jornalfatosenoticias.com.br\/#website\"},\"primaryImageOfPage\":{\"@id\":\"https:\/\/jornalfatosenoticias.com.br\/index.php\/2025\/12\/08\/a-mais-preciosa-das-cargas-revela-um-drama-de-guerra-arrebatador\/#primaryimage\"},\"image\":{\"@id\":\"https:\/\/jornalfatosenoticias.com.br\/index.php\/2025\/12\/08\/a-mais-preciosa-das-cargas-revela-um-drama-de-guerra-arrebatador\/#primaryimage\"},\"thumbnailUrl\":\"https:\/\/jornalfatosenoticias.com.br\/wp-content\/uploads\/2025\/12\/animacao-A-Mais-Preciosa-Das-Cargas2.jpg\",\"datePublished\":\"2025-12-08T17:16:43+00:00\",\"dateModified\":\"2025-12-08T17:16:45+00:00\",\"breadcrumb\":{\"@id\":\"https:\/\/jornalfatosenoticias.com.br\/index.php\/2025\/12\/08\/a-mais-preciosa-das-cargas-revela-um-drama-de-guerra-arrebatador\/#breadcrumb\"},\"inLanguage\":\"pt-BR\",\"potentialAction\":[{\"@type\":\"ReadAction\",\"target\":[\"https:\/\/jornalfatosenoticias.com.br\/index.php\/2025\/12\/08\/a-mais-preciosa-das-cargas-revela-um-drama-de-guerra-arrebatador\/\"]}]},{\"@type\":\"ImageObject\",\"inLanguage\":\"pt-BR\",\"@id\":\"https:\/\/jornalfatosenoticias.com.br\/index.php\/2025\/12\/08\/a-mais-preciosa-das-cargas-revela-um-drama-de-guerra-arrebatador\/#primaryimage\",\"url\":\"https:\/\/jornalfatosenoticias.com.br\/wp-content\/uploads\/2025\/12\/animacao-A-Mais-Preciosa-Das-Cargas2.jpg\",\"contentUrl\":\"https:\/\/jornalfatosenoticias.com.br\/wp-content\/uploads\/2025\/12\/animacao-A-Mais-Preciosa-Das-Cargas2.jpg\",\"width\":1000,\"height\":432},{\"@type\":\"BreadcrumbList\",\"@id\":\"https:\/\/jornalfatosenoticias.com.br\/index.php\/2025\/12\/08\/a-mais-preciosa-das-cargas-revela-um-drama-de-guerra-arrebatador\/#breadcrumb\",\"itemListElement\":[{\"@type\":\"ListItem\",\"position\":1,\"name\":\"In\u00edcio\",\"item\":\"https:\/\/jornalfatosenoticias.com.br\/\"},{\"@type\":\"ListItem\",\"position\":2,\"name\":\"A Mais Preciosa das Cargas\u201d revela um drama de guerra arrebatador\"}]},{\"@type\":\"WebSite\",\"@id\":\"https:\/\/jornalfatosenoticias.com.br\/#website\",\"url\":\"https:\/\/jornalfatosenoticias.com.br\/\",\"name\":\"Jornal Fatos e Not\u00edcias\",\"description\":\"Not\u00edcias em geral\",\"publisher\":{\"@id\":\"https:\/\/jornalfatosenoticias.com.br\/#organization\"},\"potentialAction\":[{\"@type\":\"SearchAction\",\"target\":{\"@type\":\"EntryPoint\",\"urlTemplate\":\"https:\/\/jornalfatosenoticias.com.br\/?s={search_term_string}\"},\"query-input\":{\"@type\":\"PropertyValueSpecification\",\"valueRequired\":true,\"valueName\":\"search_term_string\"}}],\"inLanguage\":\"pt-BR\"},{\"@type\":\"Organization\",\"@id\":\"https:\/\/jornalfatosenoticias.com.br\/#organization\",\"name\":\"Jornal Fatos e Not\u00edcias\",\"url\":\"https:\/\/jornalfatosenoticias.com.br\/\",\"logo\":{\"@type\":\"ImageObject\",\"inLanguage\":\"pt-BR\",\"@id\":\"https:\/\/jornalfatosenoticias.com.br\/#\/schema\/logo\/image\/\",\"url\":\"https:\/\/jornalfatosenoticias.com.br\/wp-content\/uploads\/2020\/02\/logo120.png\",\"contentUrl\":\"https:\/\/jornalfatosenoticias.com.br\/wp-content\/uploads\/2020\/02\/logo120.png\",\"width\":1227,\"height\":120,\"caption\":\"Jornal Fatos e Not\u00edcias\"},\"image\":{\"@id\":\"https:\/\/jornalfatosenoticias.com.br\/#\/schema\/logo\/image\/\"}},{\"@type\":\"Person\",\"@id\":\"https:\/\/jornalfatosenoticias.com.br\/#\/schema\/person\/d63837fa13ac8666eb9e74e0985d6f81\",\"name\":\"Luzimara Fernandes\",\"image\":{\"@type\":\"ImageObject\",\"inLanguage\":\"pt-BR\",\"@id\":\"https:\/\/jornalfatosenoticias.com.br\/#\/schema\/person\/image\/\",\"url\":\"https:\/\/jornalfatosenoticias.com.br\/wp-content\/uploads\/2025\/05\/EU_portal.jpg\",\"contentUrl\":\"https:\/\/jornalfatosenoticias.com.br\/wp-content\/uploads\/2025\/05\/EU_portal.jpg\",\"caption\":\"Luzimara Fernandes\"},\"description\":\"Jornalista MTB 2358-ES\",\"sameAs\":[\"https:\/\/jornalfatosenoticias.com.br\"],\"url\":\"https:\/\/jornalfatosenoticias.com.br\/index.php\/author\/luzimara\/\"}]}<\/script>\n<!-- \/ Yoast SEO plugin. -->","yoast_head_json":{"title":"A Mais Preciosa das Cargas\u201d revela um drama de guerra arrebatador - Jornal Fatos e Not\u00edcias","robots":{"index":"index","follow":"follow","max-snippet":"max-snippet:-1","max-image-preview":"max-image-preview:large","max-video-preview":"max-video-preview:-1"},"canonical":"https:\/\/jornalfatosenoticias.com.br\/index.php\/2025\/12\/08\/a-mais-preciosa-das-cargas-revela-um-drama-de-guerra-arrebatador\/","og_locale":"pt_BR","og_type":"article","og_title":"A Mais Preciosa das Cargas\u201d revela um drama de guerra arrebatador - Jornal Fatos e Not\u00edcias","og_description":"Anima\u00e7\u00e3o &#8220;A Mais Preciosa Das Cargas&#8221; \u00e9 ambientada durante a Segunda Guerra Mundial Por Fabio Calsavara Em sua estreia no universo da anima\u00e7\u00e3o, o cineasta franc\u00eas Michel Hazanavicius \u2014 conhecido mundialmente por \u201cO Artista\u201d, vencedor de cinco Oscars \u2014 entrega uma obra delicada e poderosa com A Mais Preciosa das Cargas. Baseado no conto hom\u00f4nimo [&hellip;]","og_url":"https:\/\/jornalfatosenoticias.com.br\/index.php\/2025\/12\/08\/a-mais-preciosa-das-cargas-revela-um-drama-de-guerra-arrebatador\/","og_site_name":"Jornal Fatos e Not\u00edcias","article_published_time":"2025-12-08T17:16:43+00:00","article_modified_time":"2025-12-08T17:16:45+00:00","og_image":[{"width":1000,"height":432,"url":"https:\/\/jornalfatosenoticias.com.br\/wp-content\/uploads\/2025\/12\/animacao-A-Mais-Preciosa-Das-Cargas2.jpg","type":"image\/jpeg"}],"author":"Luzimara Fernandes","twitter_card":"summary_large_image","twitter_misc":{"Escrito por":"Luzimara Fernandes","Est. tempo de leitura":"4 minutos"},"schema":{"@context":"https:\/\/schema.org","@graph":[{"@type":"Article","@id":"https:\/\/jornalfatosenoticias.com.br\/index.php\/2025\/12\/08\/a-mais-preciosa-das-cargas-revela-um-drama-de-guerra-arrebatador\/#article","isPartOf":{"@id":"https:\/\/jornalfatosenoticias.com.br\/index.php\/2025\/12\/08\/a-mais-preciosa-das-cargas-revela-um-drama-de-guerra-arrebatador\/"},"author":{"name":"Luzimara Fernandes","@id":"https:\/\/jornalfatosenoticias.com.br\/#\/schema\/person\/d63837fa13ac8666eb9e74e0985d6f81"},"headline":"A Mais Preciosa das Cargas\u201d revela um drama de guerra arrebatador","datePublished":"2025-12-08T17:16:43+00:00","dateModified":"2025-12-08T17:16:45+00:00","mainEntityOfPage":{"@id":"https:\/\/jornalfatosenoticias.com.br\/index.php\/2025\/12\/08\/a-mais-preciosa-das-cargas-revela-um-drama-de-guerra-arrebatador\/"},"wordCount":854,"commentCount":0,"publisher":{"@id":"https:\/\/jornalfatosenoticias.com.br\/#organization"},"image":{"@id":"https:\/\/jornalfatosenoticias.com.br\/index.php\/2025\/12\/08\/a-mais-preciosa-das-cargas-revela-um-drama-de-guerra-arrebatador\/#primaryimage"},"thumbnailUrl":"https:\/\/jornalfatosenoticias.com.br\/wp-content\/uploads\/2025\/12\/animacao-A-Mais-Preciosa-Das-Cargas2.jpg","keywords":["&quot;A Mais Preciosa Das Cargas&quot;","anima\u00e7\u00e3o","cora\u00e7\u00e3o","drama","drama de guerra","esperan\u00e7a","hist\u00f3ria","Segunda Guerra Mundial"],"articleSection":["Cultura"],"inLanguage":"pt-BR","potentialAction":[{"@type":"CommentAction","name":"Comment","target":["https:\/\/jornalfatosenoticias.com.br\/index.php\/2025\/12\/08\/a-mais-preciosa-das-cargas-revela-um-drama-de-guerra-arrebatador\/#respond"]}]},{"@type":"WebPage","@id":"https:\/\/jornalfatosenoticias.com.br\/index.php\/2025\/12\/08\/a-mais-preciosa-das-cargas-revela-um-drama-de-guerra-arrebatador\/","url":"https:\/\/jornalfatosenoticias.com.br\/index.php\/2025\/12\/08\/a-mais-preciosa-das-cargas-revela-um-drama-de-guerra-arrebatador\/","name":"A Mais Preciosa das Cargas\u201d revela um drama de guerra arrebatador - Jornal Fatos e Not\u00edcias","isPartOf":{"@id":"https:\/\/jornalfatosenoticias.com.br\/#website"},"primaryImageOfPage":{"@id":"https:\/\/jornalfatosenoticias.com.br\/index.php\/2025\/12\/08\/a-mais-preciosa-das-cargas-revela-um-drama-de-guerra-arrebatador\/#primaryimage"},"image":{"@id":"https:\/\/jornalfatosenoticias.com.br\/index.php\/2025\/12\/08\/a-mais-preciosa-das-cargas-revela-um-drama-de-guerra-arrebatador\/#primaryimage"},"thumbnailUrl":"https:\/\/jornalfatosenoticias.com.br\/wp-content\/uploads\/2025\/12\/animacao-A-Mais-Preciosa-Das-Cargas2.jpg","datePublished":"2025-12-08T17:16:43+00:00","dateModified":"2025-12-08T17:16:45+00:00","breadcrumb":{"@id":"https:\/\/jornalfatosenoticias.com.br\/index.php\/2025\/12\/08\/a-mais-preciosa-das-cargas-revela-um-drama-de-guerra-arrebatador\/#breadcrumb"},"inLanguage":"pt-BR","potentialAction":[{"@type":"ReadAction","target":["https:\/\/jornalfatosenoticias.com.br\/index.php\/2025\/12\/08\/a-mais-preciosa-das-cargas-revela-um-drama-de-guerra-arrebatador\/"]}]},{"@type":"ImageObject","inLanguage":"pt-BR","@id":"https:\/\/jornalfatosenoticias.com.br\/index.php\/2025\/12\/08\/a-mais-preciosa-das-cargas-revela-um-drama-de-guerra-arrebatador\/#primaryimage","url":"https:\/\/jornalfatosenoticias.com.br\/wp-content\/uploads\/2025\/12\/animacao-A-Mais-Preciosa-Das-Cargas2.jpg","contentUrl":"https:\/\/jornalfatosenoticias.com.br\/wp-content\/uploads\/2025\/12\/animacao-A-Mais-Preciosa-Das-Cargas2.jpg","width":1000,"height":432},{"@type":"BreadcrumbList","@id":"https:\/\/jornalfatosenoticias.com.br\/index.php\/2025\/12\/08\/a-mais-preciosa-das-cargas-revela-um-drama-de-guerra-arrebatador\/#breadcrumb","itemListElement":[{"@type":"ListItem","position":1,"name":"In\u00edcio","item":"https:\/\/jornalfatosenoticias.com.br\/"},{"@type":"ListItem","position":2,"name":"A Mais Preciosa das Cargas\u201d revela um drama de guerra arrebatador"}]},{"@type":"WebSite","@id":"https:\/\/jornalfatosenoticias.com.br\/#website","url":"https:\/\/jornalfatosenoticias.com.br\/","name":"Jornal Fatos e Not\u00edcias","description":"Not\u00edcias em geral","publisher":{"@id":"https:\/\/jornalfatosenoticias.com.br\/#organization"},"potentialAction":[{"@type":"SearchAction","target":{"@type":"EntryPoint","urlTemplate":"https:\/\/jornalfatosenoticias.com.br\/?s={search_term_string}"},"query-input":{"@type":"PropertyValueSpecification","valueRequired":true,"valueName":"search_term_string"}}],"inLanguage":"pt-BR"},{"@type":"Organization","@id":"https:\/\/jornalfatosenoticias.com.br\/#organization","name":"Jornal Fatos e Not\u00edcias","url":"https:\/\/jornalfatosenoticias.com.br\/","logo":{"@type":"ImageObject","inLanguage":"pt-BR","@id":"https:\/\/jornalfatosenoticias.com.br\/#\/schema\/logo\/image\/","url":"https:\/\/jornalfatosenoticias.com.br\/wp-content\/uploads\/2020\/02\/logo120.png","contentUrl":"https:\/\/jornalfatosenoticias.com.br\/wp-content\/uploads\/2020\/02\/logo120.png","width":1227,"height":120,"caption":"Jornal Fatos e Not\u00edcias"},"image":{"@id":"https:\/\/jornalfatosenoticias.com.br\/#\/schema\/logo\/image\/"}},{"@type":"Person","@id":"https:\/\/jornalfatosenoticias.com.br\/#\/schema\/person\/d63837fa13ac8666eb9e74e0985d6f81","name":"Luzimara Fernandes","image":{"@type":"ImageObject","inLanguage":"pt-BR","@id":"https:\/\/jornalfatosenoticias.com.br\/#\/schema\/person\/image\/","url":"https:\/\/jornalfatosenoticias.com.br\/wp-content\/uploads\/2025\/05\/EU_portal.jpg","contentUrl":"https:\/\/jornalfatosenoticias.com.br\/wp-content\/uploads\/2025\/05\/EU_portal.jpg","caption":"Luzimara Fernandes"},"description":"Jornalista MTB 2358-ES","sameAs":["https:\/\/jornalfatosenoticias.com.br"],"url":"https:\/\/jornalfatosenoticias.com.br\/index.php\/author\/luzimara\/"}]}},"cc_featured_image_caption":{"caption_text":"(Foto: Divulga\u00e7\u00e3o\/Paris Filmes)  ","source_text":"","source_url":""},"jetpack_featured_media_url":"https:\/\/jornalfatosenoticias.com.br\/wp-content\/uploads\/2025\/12\/animacao-A-Mais-Preciosa-Das-Cargas2.jpg","_links":{"self":[{"href":"https:\/\/jornalfatosenoticias.com.br\/index.php\/wp-json\/wp\/v2\/posts\/63741","targetHints":{"allow":["GET"]}}],"collection":[{"href":"https:\/\/jornalfatosenoticias.com.br\/index.php\/wp-json\/wp\/v2\/posts"}],"about":[{"href":"https:\/\/jornalfatosenoticias.com.br\/index.php\/wp-json\/wp\/v2\/types\/post"}],"author":[{"embeddable":true,"href":"https:\/\/jornalfatosenoticias.com.br\/index.php\/wp-json\/wp\/v2\/users\/2"}],"replies":[{"embeddable":true,"href":"https:\/\/jornalfatosenoticias.com.br\/index.php\/wp-json\/wp\/v2\/comments?post=63741"}],"version-history":[{"count":0,"href":"https:\/\/jornalfatosenoticias.com.br\/index.php\/wp-json\/wp\/v2\/posts\/63741\/revisions"}],"wp:featuredmedia":[{"embeddable":true,"href":"https:\/\/jornalfatosenoticias.com.br\/index.php\/wp-json\/wp\/v2\/media\/63744"}],"wp:attachment":[{"href":"https:\/\/jornalfatosenoticias.com.br\/index.php\/wp-json\/wp\/v2\/media?parent=63741"}],"wp:term":[{"taxonomy":"category","embeddable":true,"href":"https:\/\/jornalfatosenoticias.com.br\/index.php\/wp-json\/wp\/v2\/categories?post=63741"},{"taxonomy":"post_tag","embeddable":true,"href":"https:\/\/jornalfatosenoticias.com.br\/index.php\/wp-json\/wp\/v2\/tags?post=63741"}],"curies":[{"name":"wp","href":"https:\/\/api.w.org\/{rel}","templated":true}]}}