{"id":63747,"date":"2025-12-08T14:27:24","date_gmt":"2025-12-08T17:27:24","guid":{"rendered":"https:\/\/jornalfatosenoticias.com.br\/?p=63747"},"modified":"2025-12-08T14:27:25","modified_gmt":"2025-12-08T17:27:25","slug":"caries-e-outras-doencas-bucais-podem-aumentar-o-risco-de-avc","status":"publish","type":"post","link":"https:\/\/jornalfatosenoticias.com.br\/index.php\/2025\/12\/08\/caries-e-outras-doencas-bucais-podem-aumentar-o-risco-de-avc\/","title":{"rendered":"C\u00e1ries e outras doen\u00e7as bucais podem aumentar o risco de AVC"},"content":{"rendered":"\n<p><em><span class=\"has-inline-color has-black-color\">Pesquisadores da Universidade da Carolina do Sul descobriram uma rela\u00e7\u00e3o entre a m\u00e1 sa\u00fade bucal e problemas cardiovasculares, como o derrame<\/span><\/em><\/p>\n\n\n\n<p><span class=\"has-inline-color has-black-color\">Por <strong><a href=\"https:\/\/www.bonsfluidos.com.br\/author\/maria-clara\">Maria Clara Pinheiro<\/a><\/strong><\/span><\/p>\n\n\n\n<div class=\"wp-block-image\"><figure class=\"aligncenter size-large is-resized\"><a href=\"https:\/\/www.facebook.com\/vetor.vix\/\"><img loading=\"lazy\" decoding=\"async\" src=\"https:\/\/jornalfatosenoticias.com.br\/wp-content\/uploads\/2023\/09\/vetorvix1024_1.jpg\" alt=\"\" class=\"wp-image-44868\" width=\"528\" height=\"140\" srcset=\"https:\/\/jornalfatosenoticias.com.br\/wp-content\/uploads\/2023\/09\/vetorvix1024_1.jpg 1024w, https:\/\/jornalfatosenoticias.com.br\/wp-content\/uploads\/2023\/09\/vetorvix1024_1-300x80.jpg 300w, https:\/\/jornalfatosenoticias.com.br\/wp-content\/uploads\/2023\/09\/vetorvix1024_1-768x205.jpg 768w\" sizes=\"auto, (max-width: 528px) 100vw, 528px\" \/><\/a><\/figure><\/div>\n\n\n\n<p>Uma pesquisa recente realizada por especialistas da Universidade da Carolina do Sul, nos Estados Unidos, aponta que problemas bucais, como c\u00e1ries e a inflama\u00e7\u00e3o na gengiva, conhecida como doen\u00e7a periodontal, podem aumentar o risco de acidente vascular cerebral (AVC). De acordo com os pesquisadores, a m\u00e1 sa\u00fade da boca tamb\u00e9m est\u00e1 associada a outras enfermidades cardiovasculares, como o <a href=\"https:\/\/www.bonsfluidos.com.br\/saude\/riscos-de-infarto-aumentam-13-nas-segundas-feiras-saiba-mais.phtml\">infarto<\/a>.<br>Os estudiosos analisaram dados de quase seis mil adultos norte-americanos por um per\u00edodo de mais de 20 anos, a fim de entender como o estado da boca impacta o c\u00e9rebro e o <a href=\"https:\/\/www.bonsfluidos.com.br\/saude\/tres-noites-mal-dormidas-ja-prejudicam-seu-coracao-indica-estudo.phtml\">cora\u00e7\u00e3o<\/a>. Dessa forma, eles descobriram que os volunt\u00e1rios que apresentavam c\u00e1ries e doen\u00e7a periodontal simultaneamente tinham maior probabilidade de sofrer um AVC.<\/p>\n\n\n\n<div class=\"wp-block-image\"><figure class=\"aligncenter size-large\"><a href=\"http:\/\/www.ferrarimaquinas.com.br\/\"><img loading=\"lazy\" decoding=\"async\" width=\"300\" height=\"250\" src=\"https:\/\/jornalfatosenoticias.com.br\/wp-content\/uploads\/2022\/02\/FERRARI_MAQUINAS-E-FERRAMENTAS2.jpg\" alt=\"\" class=\"wp-image-27860\"\/><\/a><\/figure><\/div>\n\n\n\n<p>Al\u00e9m disso, conforme revelou o levantamento, o risco foi maior nas varia\u00e7\u00f5es da doen\u00e7a ligadas \u00e0 aterotrombose. A condi\u00e7\u00e3o ocorre devido \u00e0 forma\u00e7\u00e3o de placas de gordura e co\u00e1gulos nas art\u00e9rias. Segundo os especialistas, esse ac\u00famulo, por sua vez, surge do processo de infec\u00e7\u00e3o e inflama\u00e7\u00e3o das c\u00e1ries. O estudo tamb\u00e9m identificou maior chance de outros problemas cardiovasculares graves vinculados \u00e0 enfermidade que desencadeia o <a href=\"https:\/\/www.bonsfluidos.com.br\/saude\/saiba-como-agir-diante-destas-13-emergencias-domesticas.phtml\">acidente<\/a> vascular. Em contraposi\u00e7\u00e3o, a pesquisa evidenciou que <a href=\"https:\/\/www.bonsfluidos.com.br\/diversos\/7-habitos-saudaveis-para-emagrecer-com-saude.phtml\">cuidados<\/a> frequentes com a sa\u00fade bucal tendem a ajudar na prote\u00e7\u00e3o do cora\u00e7\u00e3o, contribuindo para a preven\u00e7\u00e3o de derrames. <\/p>\n\n\n\n<div class=\"wp-block-image\"><figure class=\"aligncenter size-large is-resized\"><a href=\"https:\/\/www.instagram.com\/esteio.churrascaria\/\"><img loading=\"lazy\" decoding=\"async\" src=\"https:\/\/jornalfatosenoticias.com.br\/wp-content\/uploads\/2022\/02\/LOGO-ESTEIO-1024x730.png\" alt=\"\" class=\"wp-image-27942\" width=\"314\" height=\"224\" srcset=\"https:\/\/jornalfatosenoticias.com.br\/wp-content\/uploads\/2022\/02\/LOGO-ESTEIO-1024x730.png 1024w, https:\/\/jornalfatosenoticias.com.br\/wp-content\/uploads\/2022\/02\/LOGO-ESTEIO-300x214.png 300w, https:\/\/jornalfatosenoticias.com.br\/wp-content\/uploads\/2022\/02\/LOGO-ESTEIO-768x548.png 768w, https:\/\/jornalfatosenoticias.com.br\/wp-content\/uploads\/2022\/02\/LOGO-ESTEIO.png 1123w\" sizes=\"auto, (max-width: 314px) 100vw, 314px\" \/><\/a><\/figure><\/div>\n\n\n\n<blockquote class=\"wp-block-quote is-layout-flow wp-block-quote-is-layout-flow\"><p><span class=\"has-inline-color has-luminous-vivid-orange-color\">Esses resultados sugerem que cuidar dos dentes e das gengivas pode ajudar a proteger o c\u00e9rebro e o cora\u00e7\u00e3o, refor\u00e7ando a import\u00e2ncia da higiene bucal como parte da preven\u00e7\u00e3o de doen\u00e7as cardiovasculares\u201d, esclareceu a neurologista Gisele Sampaio, em entrevista \u00e0 \u2018Ag\u00eancia Einstein\u2019.<\/span><\/p><\/blockquote>\n\n\n\n<div class=\"wp-block-image\"><figure class=\"aligncenter size-large is-resized\"><a href=\"https:\/\/hotelmarquetti.com.br\/\"><img loading=\"lazy\" decoding=\"async\" src=\"https:\/\/jornalfatosenoticias.com.br\/wp-content\/uploads\/2020\/02\/LOGO-MQ-1024x680.jpg\" alt=\"\" class=\"wp-image-58299\" width=\"325\" height=\"216\" srcset=\"https:\/\/jornalfatosenoticias.com.br\/wp-content\/uploads\/2020\/02\/LOGO-MQ-1024x680.jpg 1024w, https:\/\/jornalfatosenoticias.com.br\/wp-content\/uploads\/2020\/02\/LOGO-MQ-300x199.jpg 300w, https:\/\/jornalfatosenoticias.com.br\/wp-content\/uploads\/2020\/02\/LOGO-MQ-768x510.jpg 768w, https:\/\/jornalfatosenoticias.com.br\/wp-content\/uploads\/2020\/02\/LOGO-MQ-1536x1020.jpg 1536w, https:\/\/jornalfatosenoticias.com.br\/wp-content\/uploads\/2020\/02\/LOGO-MQ-2048x1360.jpg 2048w\" sizes=\"auto, (max-width: 325px) 100vw, 325px\" \/><\/a><\/figure><\/div>\n\n\n\n<p>O acidente vascular cerebral (AVC) \u00e9 hoje uma das maiores causas de morte e incapacidade no pa\u00eds, superando at\u00e9 o infarto. De acordo com a Sociedade Brasileira de AVC, o Brasil registra entre 232 e 344 mil novos casos todos os anos, o que representa quase mil ocorr\u00eancias por dia \u2014 ou um caso a cada minuto e meio. Os n\u00fameros refor\u00e7am a urg\u00eancia de manter h\u00e1bitos saud\u00e1veis e estar atento aos sinais de alerta. <a href=\"https:\/\/www.bonsfluidos.com.br\/saude\/dia-mundial-do-avc-entenda-os-sinais-e-como-prevenir-a-condicao.phtml\">Confira a mat\u00e9ria completa.\u00a0<\/a><\/p>\n\n\n\n<div class=\"wp-block-image\"><figure class=\"aligncenter size-large is-resized\"><a href=\"https:\/\/www.instagram.com\/restaurantepegoretti\/\"><img loading=\"lazy\" decoding=\"async\" src=\"https:\/\/jornalfatosenoticias.com.br\/wp-content\/uploads\/2023\/12\/pegoretti-logo-pdf-1024x389.jpg\" alt=\"\" class=\"wp-image-47536\" width=\"506\" height=\"192\" srcset=\"https:\/\/jornalfatosenoticias.com.br\/wp-content\/uploads\/2023\/12\/pegoretti-logo-pdf-1024x389.jpg 1024w, https:\/\/jornalfatosenoticias.com.br\/wp-content\/uploads\/2023\/12\/pegoretti-logo-pdf-300x114.jpg 300w, https:\/\/jornalfatosenoticias.com.br\/wp-content\/uploads\/2023\/12\/pegoretti-logo-pdf-768x291.jpg 768w, https:\/\/jornalfatosenoticias.com.br\/wp-content\/uploads\/2023\/12\/pegoretti-logo-pdf.jpg 1120w\" sizes=\"auto, (max-width: 506px) 100vw, 506px\" \/><\/a><\/figure><\/div>\n\n\n\n<p><strong>Fonte: <a href=\"https:\/\/www.bonsfluidos.com.br\/saude\/doencas-bucais-podem-aumentar-o-risco-de-avc-revela-estudo.phtml\">Bons Fluidos<\/a><\/strong><\/p>\n","protected":false},"excerpt":{"rendered":"<p>Pesquisadores da Universidade da Carolina do Sul descobriram uma rela\u00e7\u00e3o entre a m\u00e1 sa\u00fade bucal e problemas cardiovasculares, como o derrame Por Maria Clara Pinheiro Uma pesquisa recente realizada por especialistas da Universidade da Carolina do Sul, nos Estados Unidos, aponta que problemas bucais, como c\u00e1ries e a inflama\u00e7\u00e3o na gengiva, conhecida como doen\u00e7a periodontal, [&hellip;]<\/p>\n","protected":false},"author":2,"featured_media":63748,"comment_status":"open","ping_status":"open","sticky":false,"template":"","format":"standard","meta":{"footnotes":""},"categories":[11],"tags":[6586,564,21898,2336,1221,9349,11426,23453,29085,74],"class_list":["post-63747","post","type-post","status-publish","format-standard","has-post-thumbnail","hentry","category-saude","tag-avc","tag-boca","tag-caries","tag-cerebro","tag-coracao","tag-dentes","tag-doenca-cardiovascular","tag-gengivas","tag-problemas-bucais","tag-saude"],"yoast_head":"<!-- This site is optimized with the Yoast SEO plugin v26.5 - https:\/\/yoast.com\/wordpress\/plugins\/seo\/ -->\n<title>C\u00e1ries e outras doen\u00e7as bucais podem aumentar o risco de AVC - Jornal Fatos e Not\u00edcias<\/title>\n<meta name=\"robots\" content=\"index, follow, max-snippet:-1, max-image-preview:large, max-video-preview:-1\" \/>\n<link rel=\"canonical\" href=\"https:\/\/jornalfatosenoticias.com.br\/index.php\/2025\/12\/08\/caries-e-outras-doencas-bucais-podem-aumentar-o-risco-de-avc\/\" \/>\n<meta property=\"og:locale\" content=\"pt_BR\" \/>\n<meta property=\"og:type\" content=\"article\" \/>\n<meta property=\"og:title\" content=\"C\u00e1ries e outras doen\u00e7as bucais podem aumentar o risco de AVC - Jornal Fatos e Not\u00edcias\" \/>\n<meta property=\"og:description\" content=\"Pesquisadores da Universidade da Carolina do Sul descobriram uma rela\u00e7\u00e3o entre a m\u00e1 sa\u00fade bucal e problemas cardiovasculares, como o derrame Por Maria Clara Pinheiro Uma pesquisa recente realizada por especialistas da Universidade da Carolina do Sul, nos Estados Unidos, aponta que problemas bucais, como c\u00e1ries e a inflama\u00e7\u00e3o na gengiva, conhecida como doen\u00e7a periodontal, [&hellip;]\" \/>\n<meta property=\"og:url\" content=\"https:\/\/jornalfatosenoticias.com.br\/index.php\/2025\/12\/08\/caries-e-outras-doencas-bucais-podem-aumentar-o-risco-de-avc\/\" \/>\n<meta property=\"og:site_name\" content=\"Jornal Fatos e Not\u00edcias\" \/>\n<meta property=\"article:published_time\" content=\"2025-12-08T17:27:24+00:00\" \/>\n<meta property=\"article:modified_time\" content=\"2025-12-08T17:27:25+00:00\" \/>\n<meta property=\"og:image\" content=\"https:\/\/jornalfatosenoticias.com.br\/wp-content\/uploads\/2025\/12\/CARIE.png\" \/>\n\t<meta property=\"og:image:width\" content=\"1024\" \/>\n\t<meta property=\"og:image:height\" content=\"576\" \/>\n\t<meta property=\"og:image:type\" content=\"image\/png\" \/>\n<meta name=\"author\" content=\"Luzimara Fernandes\" \/>\n<meta name=\"twitter:card\" content=\"summary_large_image\" \/>\n<meta name=\"twitter:label1\" content=\"Escrito por\" \/>\n\t<meta name=\"twitter:data1\" content=\"Luzimara Fernandes\" \/>\n\t<meta name=\"twitter:label2\" content=\"Est. tempo de leitura\" \/>\n\t<meta name=\"twitter:data2\" content=\"2 minutos\" \/>\n<script type=\"application\/ld+json\" class=\"yoast-schema-graph\">{\"@context\":\"https:\/\/schema.org\",\"@graph\":[{\"@type\":\"Article\",\"@id\":\"https:\/\/jornalfatosenoticias.com.br\/index.php\/2025\/12\/08\/caries-e-outras-doencas-bucais-podem-aumentar-o-risco-de-avc\/#article\",\"isPartOf\":{\"@id\":\"https:\/\/jornalfatosenoticias.com.br\/index.php\/2025\/12\/08\/caries-e-outras-doencas-bucais-podem-aumentar-o-risco-de-avc\/\"},\"author\":{\"name\":\"Luzimara Fernandes\",\"@id\":\"https:\/\/jornalfatosenoticias.com.br\/#\/schema\/person\/d63837fa13ac8666eb9e74e0985d6f81\"},\"headline\":\"C\u00e1ries e outras doen\u00e7as bucais podem aumentar o risco de AVC\",\"datePublished\":\"2025-12-08T17:27:24+00:00\",\"dateModified\":\"2025-12-08T17:27:25+00:00\",\"mainEntityOfPage\":{\"@id\":\"https:\/\/jornalfatosenoticias.com.br\/index.php\/2025\/12\/08\/caries-e-outras-doencas-bucais-podem-aumentar-o-risco-de-avc\/\"},\"wordCount\":403,\"commentCount\":0,\"publisher\":{\"@id\":\"https:\/\/jornalfatosenoticias.com.br\/#organization\"},\"image\":{\"@id\":\"https:\/\/jornalfatosenoticias.com.br\/index.php\/2025\/12\/08\/caries-e-outras-doencas-bucais-podem-aumentar-o-risco-de-avc\/#primaryimage\"},\"thumbnailUrl\":\"https:\/\/jornalfatosenoticias.com.br\/wp-content\/uploads\/2025\/12\/CARIE.png\",\"keywords\":[\"AVC\",\"boca\",\"c\u00e1ries\",\"c\u00e9rebro\",\"cora\u00e7\u00e3o\",\"dentes\",\"doen\u00e7a cardiovascular\",\"gengivas\",\"problemas bucais\",\"sa\u00fade\"],\"articleSection\":[\"Sa\u00fade\"],\"inLanguage\":\"pt-BR\",\"potentialAction\":[{\"@type\":\"CommentAction\",\"name\":\"Comment\",\"target\":[\"https:\/\/jornalfatosenoticias.com.br\/index.php\/2025\/12\/08\/caries-e-outras-doencas-bucais-podem-aumentar-o-risco-de-avc\/#respond\"]}]},{\"@type\":\"WebPage\",\"@id\":\"https:\/\/jornalfatosenoticias.com.br\/index.php\/2025\/12\/08\/caries-e-outras-doencas-bucais-podem-aumentar-o-risco-de-avc\/\",\"url\":\"https:\/\/jornalfatosenoticias.com.br\/index.php\/2025\/12\/08\/caries-e-outras-doencas-bucais-podem-aumentar-o-risco-de-avc\/\",\"name\":\"C\u00e1ries e outras doen\u00e7as bucais podem aumentar o risco de AVC - Jornal Fatos e Not\u00edcias\",\"isPartOf\":{\"@id\":\"https:\/\/jornalfatosenoticias.com.br\/#website\"},\"primaryImageOfPage\":{\"@id\":\"https:\/\/jornalfatosenoticias.com.br\/index.php\/2025\/12\/08\/caries-e-outras-doencas-bucais-podem-aumentar-o-risco-de-avc\/#primaryimage\"},\"image\":{\"@id\":\"https:\/\/jornalfatosenoticias.com.br\/index.php\/2025\/12\/08\/caries-e-outras-doencas-bucais-podem-aumentar-o-risco-de-avc\/#primaryimage\"},\"thumbnailUrl\":\"https:\/\/jornalfatosenoticias.com.br\/wp-content\/uploads\/2025\/12\/CARIE.png\",\"datePublished\":\"2025-12-08T17:27:24+00:00\",\"dateModified\":\"2025-12-08T17:27:25+00:00\",\"breadcrumb\":{\"@id\":\"https:\/\/jornalfatosenoticias.com.br\/index.php\/2025\/12\/08\/caries-e-outras-doencas-bucais-podem-aumentar-o-risco-de-avc\/#breadcrumb\"},\"inLanguage\":\"pt-BR\",\"potentialAction\":[{\"@type\":\"ReadAction\",\"target\":[\"https:\/\/jornalfatosenoticias.com.br\/index.php\/2025\/12\/08\/caries-e-outras-doencas-bucais-podem-aumentar-o-risco-de-avc\/\"]}]},{\"@type\":\"ImageObject\",\"inLanguage\":\"pt-BR\",\"@id\":\"https:\/\/jornalfatosenoticias.com.br\/index.php\/2025\/12\/08\/caries-e-outras-doencas-bucais-podem-aumentar-o-risco-de-avc\/#primaryimage\",\"url\":\"https:\/\/jornalfatosenoticias.com.br\/wp-content\/uploads\/2025\/12\/CARIE.png\",\"contentUrl\":\"https:\/\/jornalfatosenoticias.com.br\/wp-content\/uploads\/2025\/12\/CARIE.png\",\"width\":1024,\"height\":576},{\"@type\":\"BreadcrumbList\",\"@id\":\"https:\/\/jornalfatosenoticias.com.br\/index.php\/2025\/12\/08\/caries-e-outras-doencas-bucais-podem-aumentar-o-risco-de-avc\/#breadcrumb\",\"itemListElement\":[{\"@type\":\"ListItem\",\"position\":1,\"name\":\"In\u00edcio\",\"item\":\"https:\/\/jornalfatosenoticias.com.br\/\"},{\"@type\":\"ListItem\",\"position\":2,\"name\":\"C\u00e1ries e outras doen\u00e7as bucais podem aumentar o risco de AVC\"}]},{\"@type\":\"WebSite\",\"@id\":\"https:\/\/jornalfatosenoticias.com.br\/#website\",\"url\":\"https:\/\/jornalfatosenoticias.com.br\/\",\"name\":\"Jornal Fatos e Not\u00edcias\",\"description\":\"Not\u00edcias em geral\",\"publisher\":{\"@id\":\"https:\/\/jornalfatosenoticias.com.br\/#organization\"},\"potentialAction\":[{\"@type\":\"SearchAction\",\"target\":{\"@type\":\"EntryPoint\",\"urlTemplate\":\"https:\/\/jornalfatosenoticias.com.br\/?s={search_term_string}\"},\"query-input\":{\"@type\":\"PropertyValueSpecification\",\"valueRequired\":true,\"valueName\":\"search_term_string\"}}],\"inLanguage\":\"pt-BR\"},{\"@type\":\"Organization\",\"@id\":\"https:\/\/jornalfatosenoticias.com.br\/#organization\",\"name\":\"Jornal Fatos e Not\u00edcias\",\"url\":\"https:\/\/jornalfatosenoticias.com.br\/\",\"logo\":{\"@type\":\"ImageObject\",\"inLanguage\":\"pt-BR\",\"@id\":\"https:\/\/jornalfatosenoticias.com.br\/#\/schema\/logo\/image\/\",\"url\":\"https:\/\/jornalfatosenoticias.com.br\/wp-content\/uploads\/2020\/02\/logo120.png\",\"contentUrl\":\"https:\/\/jornalfatosenoticias.com.br\/wp-content\/uploads\/2020\/02\/logo120.png\",\"width\":1227,\"height\":120,\"caption\":\"Jornal Fatos e Not\u00edcias\"},\"image\":{\"@id\":\"https:\/\/jornalfatosenoticias.com.br\/#\/schema\/logo\/image\/\"}},{\"@type\":\"Person\",\"@id\":\"https:\/\/jornalfatosenoticias.com.br\/#\/schema\/person\/d63837fa13ac8666eb9e74e0985d6f81\",\"name\":\"Luzimara Fernandes\",\"image\":{\"@type\":\"ImageObject\",\"inLanguage\":\"pt-BR\",\"@id\":\"https:\/\/jornalfatosenoticias.com.br\/#\/schema\/person\/image\/\",\"url\":\"https:\/\/jornalfatosenoticias.com.br\/wp-content\/uploads\/2025\/05\/EU_portal.jpg\",\"contentUrl\":\"https:\/\/jornalfatosenoticias.com.br\/wp-content\/uploads\/2025\/05\/EU_portal.jpg\",\"caption\":\"Luzimara Fernandes\"},\"description\":\"Jornalista MTB 2358-ES\",\"sameAs\":[\"https:\/\/jornalfatosenoticias.com.br\"],\"url\":\"https:\/\/jornalfatosenoticias.com.br\/index.php\/author\/luzimara\/\"}]}<\/script>\n<!-- \/ Yoast SEO plugin. -->","yoast_head_json":{"title":"C\u00e1ries e outras doen\u00e7as bucais podem aumentar o risco de AVC - Jornal Fatos e Not\u00edcias","robots":{"index":"index","follow":"follow","max-snippet":"max-snippet:-1","max-image-preview":"max-image-preview:large","max-video-preview":"max-video-preview:-1"},"canonical":"https:\/\/jornalfatosenoticias.com.br\/index.php\/2025\/12\/08\/caries-e-outras-doencas-bucais-podem-aumentar-o-risco-de-avc\/","og_locale":"pt_BR","og_type":"article","og_title":"C\u00e1ries e outras doen\u00e7as bucais podem aumentar o risco de AVC - Jornal Fatos e Not\u00edcias","og_description":"Pesquisadores da Universidade da Carolina do Sul descobriram uma rela\u00e7\u00e3o entre a m\u00e1 sa\u00fade bucal e problemas cardiovasculares, como o derrame Por Maria Clara Pinheiro Uma pesquisa recente realizada por especialistas da Universidade da Carolina do Sul, nos Estados Unidos, aponta que problemas bucais, como c\u00e1ries e a inflama\u00e7\u00e3o na gengiva, conhecida como doen\u00e7a periodontal, [&hellip;]","og_url":"https:\/\/jornalfatosenoticias.com.br\/index.php\/2025\/12\/08\/caries-e-outras-doencas-bucais-podem-aumentar-o-risco-de-avc\/","og_site_name":"Jornal Fatos e Not\u00edcias","article_published_time":"2025-12-08T17:27:24+00:00","article_modified_time":"2025-12-08T17:27:25+00:00","og_image":[{"width":1024,"height":576,"url":"https:\/\/jornalfatosenoticias.com.br\/wp-content\/uploads\/2025\/12\/CARIE.png","type":"image\/png"}],"author":"Luzimara Fernandes","twitter_card":"summary_large_image","twitter_misc":{"Escrito por":"Luzimara Fernandes","Est. tempo de leitura":"2 minutos"},"schema":{"@context":"https:\/\/schema.org","@graph":[{"@type":"Article","@id":"https:\/\/jornalfatosenoticias.com.br\/index.php\/2025\/12\/08\/caries-e-outras-doencas-bucais-podem-aumentar-o-risco-de-avc\/#article","isPartOf":{"@id":"https:\/\/jornalfatosenoticias.com.br\/index.php\/2025\/12\/08\/caries-e-outras-doencas-bucais-podem-aumentar-o-risco-de-avc\/"},"author":{"name":"Luzimara Fernandes","@id":"https:\/\/jornalfatosenoticias.com.br\/#\/schema\/person\/d63837fa13ac8666eb9e74e0985d6f81"},"headline":"C\u00e1ries e outras doen\u00e7as bucais podem aumentar o risco de AVC","datePublished":"2025-12-08T17:27:24+00:00","dateModified":"2025-12-08T17:27:25+00:00","mainEntityOfPage":{"@id":"https:\/\/jornalfatosenoticias.com.br\/index.php\/2025\/12\/08\/caries-e-outras-doencas-bucais-podem-aumentar-o-risco-de-avc\/"},"wordCount":403,"commentCount":0,"publisher":{"@id":"https:\/\/jornalfatosenoticias.com.br\/#organization"},"image":{"@id":"https:\/\/jornalfatosenoticias.com.br\/index.php\/2025\/12\/08\/caries-e-outras-doencas-bucais-podem-aumentar-o-risco-de-avc\/#primaryimage"},"thumbnailUrl":"https:\/\/jornalfatosenoticias.com.br\/wp-content\/uploads\/2025\/12\/CARIE.png","keywords":["AVC","boca","c\u00e1ries","c\u00e9rebro","cora\u00e7\u00e3o","dentes","doen\u00e7a cardiovascular","gengivas","problemas bucais","sa\u00fade"],"articleSection":["Sa\u00fade"],"inLanguage":"pt-BR","potentialAction":[{"@type":"CommentAction","name":"Comment","target":["https:\/\/jornalfatosenoticias.com.br\/index.php\/2025\/12\/08\/caries-e-outras-doencas-bucais-podem-aumentar-o-risco-de-avc\/#respond"]}]},{"@type":"WebPage","@id":"https:\/\/jornalfatosenoticias.com.br\/index.php\/2025\/12\/08\/caries-e-outras-doencas-bucais-podem-aumentar-o-risco-de-avc\/","url":"https:\/\/jornalfatosenoticias.com.br\/index.php\/2025\/12\/08\/caries-e-outras-doencas-bucais-podem-aumentar-o-risco-de-avc\/","name":"C\u00e1ries e outras doen\u00e7as bucais podem aumentar o risco de AVC - Jornal Fatos e Not\u00edcias","isPartOf":{"@id":"https:\/\/jornalfatosenoticias.com.br\/#website"},"primaryImageOfPage":{"@id":"https:\/\/jornalfatosenoticias.com.br\/index.php\/2025\/12\/08\/caries-e-outras-doencas-bucais-podem-aumentar-o-risco-de-avc\/#primaryimage"},"image":{"@id":"https:\/\/jornalfatosenoticias.com.br\/index.php\/2025\/12\/08\/caries-e-outras-doencas-bucais-podem-aumentar-o-risco-de-avc\/#primaryimage"},"thumbnailUrl":"https:\/\/jornalfatosenoticias.com.br\/wp-content\/uploads\/2025\/12\/CARIE.png","datePublished":"2025-12-08T17:27:24+00:00","dateModified":"2025-12-08T17:27:25+00:00","breadcrumb":{"@id":"https:\/\/jornalfatosenoticias.com.br\/index.php\/2025\/12\/08\/caries-e-outras-doencas-bucais-podem-aumentar-o-risco-de-avc\/#breadcrumb"},"inLanguage":"pt-BR","potentialAction":[{"@type":"ReadAction","target":["https:\/\/jornalfatosenoticias.com.br\/index.php\/2025\/12\/08\/caries-e-outras-doencas-bucais-podem-aumentar-o-risco-de-avc\/"]}]},{"@type":"ImageObject","inLanguage":"pt-BR","@id":"https:\/\/jornalfatosenoticias.com.br\/index.php\/2025\/12\/08\/caries-e-outras-doencas-bucais-podem-aumentar-o-risco-de-avc\/#primaryimage","url":"https:\/\/jornalfatosenoticias.com.br\/wp-content\/uploads\/2025\/12\/CARIE.png","contentUrl":"https:\/\/jornalfatosenoticias.com.br\/wp-content\/uploads\/2025\/12\/CARIE.png","width":1024,"height":576},{"@type":"BreadcrumbList","@id":"https:\/\/jornalfatosenoticias.com.br\/index.php\/2025\/12\/08\/caries-e-outras-doencas-bucais-podem-aumentar-o-risco-de-avc\/#breadcrumb","itemListElement":[{"@type":"ListItem","position":1,"name":"In\u00edcio","item":"https:\/\/jornalfatosenoticias.com.br\/"},{"@type":"ListItem","position":2,"name":"C\u00e1ries e outras doen\u00e7as bucais podem aumentar o risco de AVC"}]},{"@type":"WebSite","@id":"https:\/\/jornalfatosenoticias.com.br\/#website","url":"https:\/\/jornalfatosenoticias.com.br\/","name":"Jornal Fatos e Not\u00edcias","description":"Not\u00edcias em geral","publisher":{"@id":"https:\/\/jornalfatosenoticias.com.br\/#organization"},"potentialAction":[{"@type":"SearchAction","target":{"@type":"EntryPoint","urlTemplate":"https:\/\/jornalfatosenoticias.com.br\/?s={search_term_string}"},"query-input":{"@type":"PropertyValueSpecification","valueRequired":true,"valueName":"search_term_string"}}],"inLanguage":"pt-BR"},{"@type":"Organization","@id":"https:\/\/jornalfatosenoticias.com.br\/#organization","name":"Jornal Fatos e Not\u00edcias","url":"https:\/\/jornalfatosenoticias.com.br\/","logo":{"@type":"ImageObject","inLanguage":"pt-BR","@id":"https:\/\/jornalfatosenoticias.com.br\/#\/schema\/logo\/image\/","url":"https:\/\/jornalfatosenoticias.com.br\/wp-content\/uploads\/2020\/02\/logo120.png","contentUrl":"https:\/\/jornalfatosenoticias.com.br\/wp-content\/uploads\/2020\/02\/logo120.png","width":1227,"height":120,"caption":"Jornal Fatos e Not\u00edcias"},"image":{"@id":"https:\/\/jornalfatosenoticias.com.br\/#\/schema\/logo\/image\/"}},{"@type":"Person","@id":"https:\/\/jornalfatosenoticias.com.br\/#\/schema\/person\/d63837fa13ac8666eb9e74e0985d6f81","name":"Luzimara Fernandes","image":{"@type":"ImageObject","inLanguage":"pt-BR","@id":"https:\/\/jornalfatosenoticias.com.br\/#\/schema\/person\/image\/","url":"https:\/\/jornalfatosenoticias.com.br\/wp-content\/uploads\/2025\/05\/EU_portal.jpg","contentUrl":"https:\/\/jornalfatosenoticias.com.br\/wp-content\/uploads\/2025\/05\/EU_portal.jpg","caption":"Luzimara Fernandes"},"description":"Jornalista MTB 2358-ES","sameAs":["https:\/\/jornalfatosenoticias.com.br"],"url":"https:\/\/jornalfatosenoticias.com.br\/index.php\/author\/luzimara\/"}]}},"cc_featured_image_caption":{"caption_text":"(Foto: iStock)  ","source_text":"","source_url":""},"jetpack_featured_media_url":"https:\/\/jornalfatosenoticias.com.br\/wp-content\/uploads\/2025\/12\/CARIE.png","_links":{"self":[{"href":"https:\/\/jornalfatosenoticias.com.br\/index.php\/wp-json\/wp\/v2\/posts\/63747","targetHints":{"allow":["GET"]}}],"collection":[{"href":"https:\/\/jornalfatosenoticias.com.br\/index.php\/wp-json\/wp\/v2\/posts"}],"about":[{"href":"https:\/\/jornalfatosenoticias.com.br\/index.php\/wp-json\/wp\/v2\/types\/post"}],"author":[{"embeddable":true,"href":"https:\/\/jornalfatosenoticias.com.br\/index.php\/wp-json\/wp\/v2\/users\/2"}],"replies":[{"embeddable":true,"href":"https:\/\/jornalfatosenoticias.com.br\/index.php\/wp-json\/wp\/v2\/comments?post=63747"}],"version-history":[{"count":0,"href":"https:\/\/jornalfatosenoticias.com.br\/index.php\/wp-json\/wp\/v2\/posts\/63747\/revisions"}],"wp:featuredmedia":[{"embeddable":true,"href":"https:\/\/jornalfatosenoticias.com.br\/index.php\/wp-json\/wp\/v2\/media\/63748"}],"wp:attachment":[{"href":"https:\/\/jornalfatosenoticias.com.br\/index.php\/wp-json\/wp\/v2\/media?parent=63747"}],"wp:term":[{"taxonomy":"category","embeddable":true,"href":"https:\/\/jornalfatosenoticias.com.br\/index.php\/wp-json\/wp\/v2\/categories?post=63747"},{"taxonomy":"post_tag","embeddable":true,"href":"https:\/\/jornalfatosenoticias.com.br\/index.php\/wp-json\/wp\/v2\/tags?post=63747"}],"curies":[{"name":"wp","href":"https:\/\/api.w.org\/{rel}","templated":true}]}}