{"id":63750,"date":"2025-12-08T14:54:18","date_gmt":"2025-12-08T17:54:18","guid":{"rendered":"https:\/\/jornalfatosenoticias.com.br\/?p=63750"},"modified":"2025-12-08T14:54:19","modified_gmt":"2025-12-08T17:54:19","slug":"nova-cratera-descoberta-pela-nasa-e-como-uma-sarda-da-lua","status":"publish","type":"post","link":"https:\/\/jornalfatosenoticias.com.br\/index.php\/2025\/12\/08\/nova-cratera-descoberta-pela-nasa-e-como-uma-sarda-da-lua\/","title":{"rendered":"Nova cratera descoberta pela Nasa \u00e9 como uma \u201csarda\u201d da Lua"},"content":{"rendered":"\n<p><em><span class=\"has-inline-color has-black-color\">A marca est\u00e1 sendo chamada de \u201csarda\u201d, apesar do brilho que destaca sua borda, ela \u00e9 bem pequena para os padr\u00f5es das crateras lunares<\/span><\/em><\/p>\n\n\n\n<p><span class=\"has-inline-color has-black-color\">Por <strong><a href=\"https:\/\/olhardigital.com.br\/author\/flavia-correia\/\">Flavia Correia<\/a><\/strong><\/span><\/p>\n\n\n\n<div class=\"wp-block-image\"><figure class=\"aligncenter size-large\"><a href=\"http:\/\/www.ferrarimaquinas.com.br\/\"><img loading=\"lazy\" decoding=\"async\" width=\"1024\" height=\"100\" src=\"https:\/\/jornalfatosenoticias.com.br\/wp-content\/uploads\/2020\/02\/banner_ferramentas-1024x100.jpg\" alt=\"\" class=\"wp-image-1258\" srcset=\"https:\/\/jornalfatosenoticias.com.br\/wp-content\/uploads\/2020\/02\/banner_ferramentas-1024x100.jpg 1024w, https:\/\/jornalfatosenoticias.com.br\/wp-content\/uploads\/2020\/02\/banner_ferramentas-300x29.jpg 300w, https:\/\/jornalfatosenoticias.com.br\/wp-content\/uploads\/2020\/02\/banner_ferramentas-768x75.jpg 768w, https:\/\/jornalfatosenoticias.com.br\/wp-content\/uploads\/2020\/02\/banner_ferramentas.jpg 1227w\" sizes=\"auto, (max-width: 1024px) 100vw, 1024px\" \/><\/a><\/figure><\/div>\n\n\n\n<p>Uma nova marca foi detectada na superf\u00edcie da Lua, revelando uma cratera nunca antes vista que chamou a aten\u00e7\u00e3o da equipe respons\u00e1vel pela C\u00e2mera do Orbitador de Reconhecimento Lunar (LROC), da <a href=\"https:\/\/olhardigital.com.br\/2025\/11\/19\/ciencia-e-espaco\/nasa-apresenta-imagens-ineditas-do-cometa-3i-atlas\/\" target=\"_blank\" rel=\"noreferrer noopener\"><strong>Nasa<\/strong><\/a>, que a descreveu como uma \u201csarda\u201d \u2014 apesar do brilho que destaca sua borda, ela \u00e9 extremamente pequena para os padr\u00f5es das\u00a0<strong><a href=\"https:\/\/olhardigital.com.br\/2024\/05\/10\/ciencia-e-espaco\/por-que-existem-crateras-na-lua\/\" target=\"_blank\" rel=\"noreferrer noopener\">crateras lunares<\/a>.<\/strong><br>Medindo cerca de 22 metros de di\u00e2metro, a depress\u00e3o teria surgido entre dezembro de 2009 e dezembro de 2012, provavelmente ap\u00f3s uma colis\u00e3o ocorrida ao norte da cratera R\u00f6mer. A descoberta refor\u00e7a como a Lua ainda est\u00e1 em constante transforma\u00e7\u00e3o, mesmo que pare\u00e7a um ambiente est\u00e1tico do nosso ponto de vista.<\/p>\n\n\n\n<div class=\"wp-block-image\"><figure class=\"aligncenter size-large is-resized\"><a href=\"https:\/\/www.instagram.com\/rcradiadores\/\"><img loading=\"lazy\" decoding=\"async\" src=\"https:\/\/jornalfatosenoticias.com.br\/wp-content\/uploads\/2022\/10\/RC_800x750_page-0001.jpg\" alt=\"\" class=\"wp-image-35338\" width=\"281\" height=\"263\" srcset=\"https:\/\/jornalfatosenoticias.com.br\/wp-content\/uploads\/2022\/10\/RC_800x750_page-0001.jpg 400w, https:\/\/jornalfatosenoticias.com.br\/wp-content\/uploads\/2022\/10\/RC_800x750_page-0001-300x281.jpg 300w\" sizes=\"auto, (max-width: 281px) 100vw, 281px\" \/><\/a><\/figure><\/div>\n\n\n\n<p>A identifica\u00e7\u00e3o de novas crateras n\u00e3o \u00e9 novidade para a LROC, que compara imagens antigas e recentes das mesmas regi\u00f5es para registrar mudan\u00e7as. Essa an\u00e1lise temporal j\u00e1 permitiu a detec\u00e7\u00e3o de dezenas de crateras de impacto ao longo dos anos. Essa abordagem foi decisiva para confirmar que a superf\u00edcie lunar \u00e9 mais ativa do que se imaginava e que continua passando por altera\u00e7\u00f5es em escalas de tempo que podemos acompanhar.<\/p>\n\n\n\n<div class=\"wp-block-image\"><figure class=\"aligncenter size-large is-resized\"><a href=\"https:\/\/panper.com.br\/\"><img loading=\"lazy\" decoding=\"async\" src=\"https:\/\/jornalfatosenoticias.com.br\/wp-content\/uploads\/2023\/03\/logo-Panper_portal.jpg\" alt=\"\" class=\"wp-image-40208\" width=\"310\" height=\"215\" srcset=\"https:\/\/jornalfatosenoticias.com.br\/wp-content\/uploads\/2023\/03\/logo-Panper_portal.jpg 400w, https:\/\/jornalfatosenoticias.com.br\/wp-content\/uploads\/2023\/03\/logo-Panper_portal-300x208.jpg 300w\" sizes=\"auto, (max-width: 310px) 100vw, 310px\" \/><\/a><\/figure><\/div>\n\n\n\n<p><a href=\"https:\/\/lroc.im-ldi.com\/images\/943\" target=\"_blank\" rel=\"noreferrer noopener\"><strong>Em 2016<\/strong><\/a>, os pesquisadores j\u00e1 contabilizavam mais de 200 crateras rec\u00e9m-formadas desde o in\u00edcio da miss\u00e3o LRO, em 2009. Alguns anos depois, o orbitador tamb\u00e9m registrou o que pode ser\u00a0<strong><a href=\"https:\/\/olhardigital.com.br\/2023\/09\/01\/ciencia-e-espaco\/colisao-de-sonda-russa-forma-cratera-na-lua\/\" target=\"_blank\" rel=\"noreferrer noopener\">uma cratera artificial<\/a>,<\/strong> possivelmente causada pela queda da sonda russa Luna 25. Esses achados mostram como impactos naturais e acidentes espaciais seguem deixando marcas no solo lunar.<\/p>\n\n\n\n<div class=\"wp-block-image\"><figure class=\"aligncenter size-large is-resized\"><a href=\"https:\/\/www.controlsystems.com.br\/\"><img loading=\"lazy\" decoding=\"async\" src=\"https:\/\/jornalfatosenoticias.com.br\/wp-content\/uploads\/2020\/02\/CONTROL-CS.jpg\" alt=\"\" class=\"wp-image-44991\" width=\"251\" height=\"301\" srcset=\"https:\/\/jornalfatosenoticias.com.br\/wp-content\/uploads\/2020\/02\/CONTROL-CS.jpg 834w, https:\/\/jornalfatosenoticias.com.br\/wp-content\/uploads\/2020\/02\/CONTROL-CS-250x300.jpg 250w, https:\/\/jornalfatosenoticias.com.br\/wp-content\/uploads\/2020\/02\/CONTROL-CS-768x921.jpg 768w\" sizes=\"auto, (max-width: 251px) 100vw, 251px\" \/><\/a><\/figure><\/div>\n\n\n\n<p>No caso da nova depress\u00e3o, os cientistas observaram que o impacto espalhou material brilhante a dezenas de metros da borda, formando padr\u00f5es parecidos com \u201craios solares\u201d. Esse tipo de marca j\u00e1 havia sido visto em outros impactos recentes, como o registrado em <strong><a href=\"https:\/\/lroc.im-ldi.com\/images\/770\" target=\"_blank\" rel=\"noreferrer noopener\">mar\u00e7o de 2013<\/a><\/strong>. Com o passar dos anos, por\u00e9m, esses raios devem escurecer, ficando com a mesma cor do regolito \u2014 o solo fino e cheio de poeira que cobre grande parte da Lua.<\/p>\n\n\n\n<div class=\"wp-block-image\"><figure class=\"aligncenter size-large is-resized\"><a href=\"https:\/\/www.instagram.com\/gruposei\/\"><img loading=\"lazy\" decoding=\"async\" src=\"https:\/\/jornalfatosenoticias.com.br\/wp-content\/uploads\/2022\/07\/Logo-Grupo-SEI.jpg\" alt=\"\" class=\"wp-image-31973\" width=\"339\" height=\"178\" srcset=\"https:\/\/jornalfatosenoticias.com.br\/wp-content\/uploads\/2022\/07\/Logo-Grupo-SEI.jpg 713w, https:\/\/jornalfatosenoticias.com.br\/wp-content\/uploads\/2022\/07\/Logo-Grupo-SEI-300x158.jpg 300w\" sizes=\"auto, (max-width: 339px) 100vw, 339px\" \/><\/a><\/figure><\/div>\n\n\n\n<p><strong><span class=\"has-inline-color has-black-color\">Preparando o \u201cterreno\u201d para futuras miss\u00f5es de astronautas<br><\/span><\/strong>Cada nova estrutura identificada ajuda a entender melhor a taxa de impactos no sat\u00e9lite e como essas marcas se desgastam ao longo do tempo. Esse conhecimento \u00e9 fundamental para planejar futuras miss\u00f5es tripuladas com seguran\u00e7a.<\/p>\n\n\n\n<div class=\"wp-block-image\"><figure class=\"aligncenter size-large is-resized\"><a href=\"https:\/\/www.facebook.com\/postobkr\/?locale=pt_BR\"><img loading=\"lazy\" decoding=\"async\" src=\"https:\/\/jornalfatosenoticias.com.br\/wp-content\/uploads\/2023\/08\/BKR-1024x1021.jpg\" alt=\"\" class=\"wp-image-44494\" width=\"285\" height=\"284\" srcset=\"https:\/\/jornalfatosenoticias.com.br\/wp-content\/uploads\/2023\/08\/BKR-1024x1021.jpg 1024w, https:\/\/jornalfatosenoticias.com.br\/wp-content\/uploads\/2023\/08\/BKR-300x300.jpg 300w, https:\/\/jornalfatosenoticias.com.br\/wp-content\/uploads\/2023\/08\/BKR-150x150.jpg 150w, https:\/\/jornalfatosenoticias.com.br\/wp-content\/uploads\/2023\/08\/BKR-768x766.jpg 768w, https:\/\/jornalfatosenoticias.com.br\/wp-content\/uploads\/2023\/08\/BKR.jpg 1080w\" sizes=\"auto, (max-width: 285px) 100vw, 285px\" \/><\/a><\/figure><\/div>\n\n\n\n<p>Essa necessidade se torna ainda mais urgente com o avan\u00e7o do programa <strong><a href=\"https:\/\/olhardigital.com.br\/2025\/11\/03\/ciencia-e-espaco\/artemis-60-paises-ja-assinaram-acordo-para-exploracao-da-lua\/\" target=\"_blank\" rel=\"noreferrer noopener\">Artemis<\/a><\/strong>, da Nasa, que pretende levar astronautas de volta \u00e0 superf\u00edcie lunar na pr\u00f3xima d\u00e9cada. Para isso, pesquisadores estudam cuidadosamente \u00e1reas pr\u00f3ximas ao polo sul, avaliando comunica\u00e7\u00e3o com a Terra, caracter\u00edsticas do terreno, ilumina\u00e7\u00e3o e at\u00e9 poss\u00edveis atividades s\u00edsmicas. Em um ambiente onde sombras podem esconder perigos, qualquer detalhe faz diferen\u00e7a.<\/p>\n\n\n\n<div class=\"wp-block-image\"><figure class=\"aligncenter size-large is-resized\"><a href=\"https:\/\/www.instagram.com\/serra4x4cambioautomatico\/\"><img loading=\"lazy\" decoding=\"async\" src=\"https:\/\/jornalfatosenoticias.com.br\/wp-content\/uploads\/2024\/08\/Serra-4x4-1-886x1024.jpg\" alt=\"\" class=\"wp-image-53632\" width=\"260\" height=\"300\" srcset=\"https:\/\/jornalfatosenoticias.com.br\/wp-content\/uploads\/2024\/08\/Serra-4x4-1-886x1024.jpg 886w, https:\/\/jornalfatosenoticias.com.br\/wp-content\/uploads\/2024\/08\/Serra-4x4-1-260x300.jpg 260w, https:\/\/jornalfatosenoticias.com.br\/wp-content\/uploads\/2024\/08\/Serra-4x4-1-768x888.jpg 768w, https:\/\/jornalfatosenoticias.com.br\/wp-content\/uploads\/2024\/08\/Serra-4x4-1.jpg 1181w\" sizes=\"auto, (max-width: 260px) 100vw, 260px\" \/><\/a><\/figure><\/div>\n\n\n\n<p>Por isso, encontrar e mapear crateras inesperadas \u00e9 essencial. Uma zona de pouso com uma depress\u00e3o desconhecida poderia colocar astronautas e equipamentos em risco. Quanto mais entendermos as irregularidades da superf\u00edcie lunar, maior ser\u00e1 a seguran\u00e7a das pr\u00f3ximas viagens ao nosso sat\u00e9lite natural. E a rec\u00e9m-descoberta \u201csarda\u201d da Lua \u00e9 prova de que nem um m\u00edsero ponto do terreno pode ser subestimado.<\/p>\n\n\n\n<div class=\"wp-block-image\"><figure class=\"aligncenter size-large is-resized\"><a href=\"https:\/\/www.facebook.com\/vetor.vix\/\"><img loading=\"lazy\" decoding=\"async\" src=\"https:\/\/jornalfatosenoticias.com.br\/wp-content\/uploads\/2023\/09\/vetorvix1024_1.jpg\" alt=\"\" class=\"wp-image-44868\" width=\"535\" height=\"142\" srcset=\"https:\/\/jornalfatosenoticias.com.br\/wp-content\/uploads\/2023\/09\/vetorvix1024_1.jpg 1024w, https:\/\/jornalfatosenoticias.com.br\/wp-content\/uploads\/2023\/09\/vetorvix1024_1-300x80.jpg 300w, https:\/\/jornalfatosenoticias.com.br\/wp-content\/uploads\/2023\/09\/vetorvix1024_1-768x205.jpg 768w\" sizes=\"auto, (max-width: 535px) 100vw, 535px\" \/><\/a><\/figure><\/div>\n\n\n\n<p><strong>Fonte: <a href=\"https:\/\/olhardigital.com.br\/2025\/11\/19\/ciencia-e-espaco\/nova-cratera-descoberta-pela-nasa-e-como-uma-sarda-da-lua\/\">Olhar Digital<\/a><\/strong><\/p>\n","protected":false},"excerpt":{"rendered":"<p>A marca est\u00e1 sendo chamada de \u201csarda\u201d, apesar do brilho que destaca sua borda, ela \u00e9 bem pequena para os padr\u00f5es das crateras lunares Por Flavia Correia Uma nova marca foi detectada na superf\u00edcie da Lua, revelando uma cratera nunca antes vista que chamou a aten\u00e7\u00e3o da equipe respons\u00e1vel pela C\u00e2mera do Orbitador de Reconhecimento [&hellip;]<\/p>\n","protected":false},"author":2,"featured_media":63751,"comment_status":"open","ping_status":"open","sticky":false,"template":"","format":"standard","meta":{"footnotes":""},"categories":[2],"tags":[29086,2194,9723,29087,84],"class_list":["post-63750","post","type-post","status-publish","format-standard","has-post-thumbnail","hentry","category-ciencia","tag-sarda-da-lua","tag-brilho","tag-cratera","tag-crateras-lunares","tag-lua"],"yoast_head":"<!-- This site is optimized with the Yoast SEO plugin v26.5 - https:\/\/yoast.com\/wordpress\/plugins\/seo\/ -->\n<title>Nova cratera descoberta pela Nasa \u00e9 como uma \u201csarda\u201d da Lua - Jornal Fatos e Not\u00edcias<\/title>\n<meta name=\"robots\" content=\"index, follow, max-snippet:-1, max-image-preview:large, max-video-preview:-1\" \/>\n<link rel=\"canonical\" href=\"https:\/\/jornalfatosenoticias.com.br\/index.php\/2025\/12\/08\/nova-cratera-descoberta-pela-nasa-e-como-uma-sarda-da-lua\/\" \/>\n<meta property=\"og:locale\" content=\"pt_BR\" \/>\n<meta property=\"og:type\" content=\"article\" \/>\n<meta property=\"og:title\" content=\"Nova cratera descoberta pela Nasa \u00e9 como uma \u201csarda\u201d da Lua - Jornal Fatos e Not\u00edcias\" \/>\n<meta property=\"og:description\" content=\"A marca est\u00e1 sendo chamada de \u201csarda\u201d, apesar do brilho que destaca sua borda, ela \u00e9 bem pequena para os padr\u00f5es das crateras lunares Por Flavia Correia Uma nova marca foi detectada na superf\u00edcie da Lua, revelando uma cratera nunca antes vista que chamou a aten\u00e7\u00e3o da equipe respons\u00e1vel pela C\u00e2mera do Orbitador de Reconhecimento [&hellip;]\" \/>\n<meta property=\"og:url\" content=\"https:\/\/jornalfatosenoticias.com.br\/index.php\/2025\/12\/08\/nova-cratera-descoberta-pela-nasa-e-como-uma-sarda-da-lua\/\" \/>\n<meta property=\"og:site_name\" content=\"Jornal Fatos e Not\u00edcias\" \/>\n<meta property=\"article:published_time\" content=\"2025-12-08T17:54:18+00:00\" \/>\n<meta property=\"article:modified_time\" content=\"2025-12-08T17:54:19+00:00\" \/>\n<meta property=\"og:image\" content=\"https:\/\/jornalfatosenoticias.com.br\/wp-content\/uploads\/2025\/12\/cratera-sarda-lua.jpeg\" \/>\n\t<meta property=\"og:image:width\" content=\"1920\" \/>\n\t<meta property=\"og:image:height\" content=\"1080\" \/>\n\t<meta property=\"og:image:type\" content=\"image\/jpeg\" \/>\n<meta name=\"author\" content=\"Luzimara Fernandes\" \/>\n<meta name=\"twitter:card\" content=\"summary_large_image\" \/>\n<meta name=\"twitter:label1\" content=\"Escrito por\" \/>\n\t<meta name=\"twitter:data1\" content=\"Luzimara Fernandes\" \/>\n\t<meta name=\"twitter:label2\" content=\"Est. tempo de leitura\" \/>\n\t<meta name=\"twitter:data2\" content=\"3 minutos\" \/>\n<script type=\"application\/ld+json\" class=\"yoast-schema-graph\">{\"@context\":\"https:\/\/schema.org\",\"@graph\":[{\"@type\":\"Article\",\"@id\":\"https:\/\/jornalfatosenoticias.com.br\/index.php\/2025\/12\/08\/nova-cratera-descoberta-pela-nasa-e-como-uma-sarda-da-lua\/#article\",\"isPartOf\":{\"@id\":\"https:\/\/jornalfatosenoticias.com.br\/index.php\/2025\/12\/08\/nova-cratera-descoberta-pela-nasa-e-como-uma-sarda-da-lua\/\"},\"author\":{\"name\":\"Luzimara Fernandes\",\"@id\":\"https:\/\/jornalfatosenoticias.com.br\/#\/schema\/person\/d63837fa13ac8666eb9e74e0985d6f81\"},\"headline\":\"Nova cratera descoberta pela Nasa \u00e9 como uma \u201csarda\u201d da Lua\",\"datePublished\":\"2025-12-08T17:54:18+00:00\",\"dateModified\":\"2025-12-08T17:54:19+00:00\",\"mainEntityOfPage\":{\"@id\":\"https:\/\/jornalfatosenoticias.com.br\/index.php\/2025\/12\/08\/nova-cratera-descoberta-pela-nasa-e-como-uma-sarda-da-lua\/\"},\"wordCount\":553,\"commentCount\":0,\"publisher\":{\"@id\":\"https:\/\/jornalfatosenoticias.com.br\/#organization\"},\"image\":{\"@id\":\"https:\/\/jornalfatosenoticias.com.br\/index.php\/2025\/12\/08\/nova-cratera-descoberta-pela-nasa-e-como-uma-sarda-da-lua\/#primaryimage\"},\"thumbnailUrl\":\"https:\/\/jornalfatosenoticias.com.br\/wp-content\/uploads\/2025\/12\/cratera-sarda-lua.jpeg\",\"keywords\":[\"\u201csarda\u201d da Lua\",\"brilho\",\"cratera\",\"crateras lunares\",\"lua\"],\"articleSection\":[\"Ci\u00eancia\"],\"inLanguage\":\"pt-BR\",\"potentialAction\":[{\"@type\":\"CommentAction\",\"name\":\"Comment\",\"target\":[\"https:\/\/jornalfatosenoticias.com.br\/index.php\/2025\/12\/08\/nova-cratera-descoberta-pela-nasa-e-como-uma-sarda-da-lua\/#respond\"]}]},{\"@type\":\"WebPage\",\"@id\":\"https:\/\/jornalfatosenoticias.com.br\/index.php\/2025\/12\/08\/nova-cratera-descoberta-pela-nasa-e-como-uma-sarda-da-lua\/\",\"url\":\"https:\/\/jornalfatosenoticias.com.br\/index.php\/2025\/12\/08\/nova-cratera-descoberta-pela-nasa-e-como-uma-sarda-da-lua\/\",\"name\":\"Nova cratera descoberta pela Nasa \u00e9 como uma \u201csarda\u201d da Lua - Jornal Fatos e Not\u00edcias\",\"isPartOf\":{\"@id\":\"https:\/\/jornalfatosenoticias.com.br\/#website\"},\"primaryImageOfPage\":{\"@id\":\"https:\/\/jornalfatosenoticias.com.br\/index.php\/2025\/12\/08\/nova-cratera-descoberta-pela-nasa-e-como-uma-sarda-da-lua\/#primaryimage\"},\"image\":{\"@id\":\"https:\/\/jornalfatosenoticias.com.br\/index.php\/2025\/12\/08\/nova-cratera-descoberta-pela-nasa-e-como-uma-sarda-da-lua\/#primaryimage\"},\"thumbnailUrl\":\"https:\/\/jornalfatosenoticias.com.br\/wp-content\/uploads\/2025\/12\/cratera-sarda-lua.jpeg\",\"datePublished\":\"2025-12-08T17:54:18+00:00\",\"dateModified\":\"2025-12-08T17:54:19+00:00\",\"breadcrumb\":{\"@id\":\"https:\/\/jornalfatosenoticias.com.br\/index.php\/2025\/12\/08\/nova-cratera-descoberta-pela-nasa-e-como-uma-sarda-da-lua\/#breadcrumb\"},\"inLanguage\":\"pt-BR\",\"potentialAction\":[{\"@type\":\"ReadAction\",\"target\":[\"https:\/\/jornalfatosenoticias.com.br\/index.php\/2025\/12\/08\/nova-cratera-descoberta-pela-nasa-e-como-uma-sarda-da-lua\/\"]}]},{\"@type\":\"ImageObject\",\"inLanguage\":\"pt-BR\",\"@id\":\"https:\/\/jornalfatosenoticias.com.br\/index.php\/2025\/12\/08\/nova-cratera-descoberta-pela-nasa-e-como-uma-sarda-da-lua\/#primaryimage\",\"url\":\"https:\/\/jornalfatosenoticias.com.br\/wp-content\/uploads\/2025\/12\/cratera-sarda-lua.jpeg\",\"contentUrl\":\"https:\/\/jornalfatosenoticias.com.br\/wp-content\/uploads\/2025\/12\/cratera-sarda-lua.jpeg\",\"width\":1920,\"height\":1080},{\"@type\":\"BreadcrumbList\",\"@id\":\"https:\/\/jornalfatosenoticias.com.br\/index.php\/2025\/12\/08\/nova-cratera-descoberta-pela-nasa-e-como-uma-sarda-da-lua\/#breadcrumb\",\"itemListElement\":[{\"@type\":\"ListItem\",\"position\":1,\"name\":\"In\u00edcio\",\"item\":\"https:\/\/jornalfatosenoticias.com.br\/\"},{\"@type\":\"ListItem\",\"position\":2,\"name\":\"Nova cratera descoberta pela Nasa \u00e9 como uma \u201csarda\u201d da Lua\"}]},{\"@type\":\"WebSite\",\"@id\":\"https:\/\/jornalfatosenoticias.com.br\/#website\",\"url\":\"https:\/\/jornalfatosenoticias.com.br\/\",\"name\":\"Jornal Fatos e Not\u00edcias\",\"description\":\"Not\u00edcias em geral\",\"publisher\":{\"@id\":\"https:\/\/jornalfatosenoticias.com.br\/#organization\"},\"potentialAction\":[{\"@type\":\"SearchAction\",\"target\":{\"@type\":\"EntryPoint\",\"urlTemplate\":\"https:\/\/jornalfatosenoticias.com.br\/?s={search_term_string}\"},\"query-input\":{\"@type\":\"PropertyValueSpecification\",\"valueRequired\":true,\"valueName\":\"search_term_string\"}}],\"inLanguage\":\"pt-BR\"},{\"@type\":\"Organization\",\"@id\":\"https:\/\/jornalfatosenoticias.com.br\/#organization\",\"name\":\"Jornal Fatos e Not\u00edcias\",\"url\":\"https:\/\/jornalfatosenoticias.com.br\/\",\"logo\":{\"@type\":\"ImageObject\",\"inLanguage\":\"pt-BR\",\"@id\":\"https:\/\/jornalfatosenoticias.com.br\/#\/schema\/logo\/image\/\",\"url\":\"https:\/\/jornalfatosenoticias.com.br\/wp-content\/uploads\/2020\/02\/logo120.png\",\"contentUrl\":\"https:\/\/jornalfatosenoticias.com.br\/wp-content\/uploads\/2020\/02\/logo120.png\",\"width\":1227,\"height\":120,\"caption\":\"Jornal Fatos e Not\u00edcias\"},\"image\":{\"@id\":\"https:\/\/jornalfatosenoticias.com.br\/#\/schema\/logo\/image\/\"}},{\"@type\":\"Person\",\"@id\":\"https:\/\/jornalfatosenoticias.com.br\/#\/schema\/person\/d63837fa13ac8666eb9e74e0985d6f81\",\"name\":\"Luzimara Fernandes\",\"image\":{\"@type\":\"ImageObject\",\"inLanguage\":\"pt-BR\",\"@id\":\"https:\/\/jornalfatosenoticias.com.br\/#\/schema\/person\/image\/\",\"url\":\"https:\/\/jornalfatosenoticias.com.br\/wp-content\/uploads\/2025\/05\/EU_portal.jpg\",\"contentUrl\":\"https:\/\/jornalfatosenoticias.com.br\/wp-content\/uploads\/2025\/05\/EU_portal.jpg\",\"caption\":\"Luzimara Fernandes\"},\"description\":\"Jornalista MTB 2358-ES\",\"sameAs\":[\"https:\/\/jornalfatosenoticias.com.br\"],\"url\":\"https:\/\/jornalfatosenoticias.com.br\/index.php\/author\/luzimara\/\"}]}<\/script>\n<!-- \/ Yoast SEO plugin. -->","yoast_head_json":{"title":"Nova cratera descoberta pela Nasa \u00e9 como uma \u201csarda\u201d da Lua - Jornal Fatos e Not\u00edcias","robots":{"index":"index","follow":"follow","max-snippet":"max-snippet:-1","max-image-preview":"max-image-preview:large","max-video-preview":"max-video-preview:-1"},"canonical":"https:\/\/jornalfatosenoticias.com.br\/index.php\/2025\/12\/08\/nova-cratera-descoberta-pela-nasa-e-como-uma-sarda-da-lua\/","og_locale":"pt_BR","og_type":"article","og_title":"Nova cratera descoberta pela Nasa \u00e9 como uma \u201csarda\u201d da Lua - Jornal Fatos e Not\u00edcias","og_description":"A marca est\u00e1 sendo chamada de \u201csarda\u201d, apesar do brilho que destaca sua borda, ela \u00e9 bem pequena para os padr\u00f5es das crateras lunares Por Flavia Correia Uma nova marca foi detectada na superf\u00edcie da Lua, revelando uma cratera nunca antes vista que chamou a aten\u00e7\u00e3o da equipe respons\u00e1vel pela C\u00e2mera do Orbitador de Reconhecimento [&hellip;]","og_url":"https:\/\/jornalfatosenoticias.com.br\/index.php\/2025\/12\/08\/nova-cratera-descoberta-pela-nasa-e-como-uma-sarda-da-lua\/","og_site_name":"Jornal Fatos e Not\u00edcias","article_published_time":"2025-12-08T17:54:18+00:00","article_modified_time":"2025-12-08T17:54:19+00:00","og_image":[{"width":1920,"height":1080,"url":"https:\/\/jornalfatosenoticias.com.br\/wp-content\/uploads\/2025\/12\/cratera-sarda-lua.jpeg","type":"image\/jpeg"}],"author":"Luzimara Fernandes","twitter_card":"summary_large_image","twitter_misc":{"Escrito por":"Luzimara Fernandes","Est. tempo de leitura":"3 minutos"},"schema":{"@context":"https:\/\/schema.org","@graph":[{"@type":"Article","@id":"https:\/\/jornalfatosenoticias.com.br\/index.php\/2025\/12\/08\/nova-cratera-descoberta-pela-nasa-e-como-uma-sarda-da-lua\/#article","isPartOf":{"@id":"https:\/\/jornalfatosenoticias.com.br\/index.php\/2025\/12\/08\/nova-cratera-descoberta-pela-nasa-e-como-uma-sarda-da-lua\/"},"author":{"name":"Luzimara Fernandes","@id":"https:\/\/jornalfatosenoticias.com.br\/#\/schema\/person\/d63837fa13ac8666eb9e74e0985d6f81"},"headline":"Nova cratera descoberta pela Nasa \u00e9 como uma \u201csarda\u201d da Lua","datePublished":"2025-12-08T17:54:18+00:00","dateModified":"2025-12-08T17:54:19+00:00","mainEntityOfPage":{"@id":"https:\/\/jornalfatosenoticias.com.br\/index.php\/2025\/12\/08\/nova-cratera-descoberta-pela-nasa-e-como-uma-sarda-da-lua\/"},"wordCount":553,"commentCount":0,"publisher":{"@id":"https:\/\/jornalfatosenoticias.com.br\/#organization"},"image":{"@id":"https:\/\/jornalfatosenoticias.com.br\/index.php\/2025\/12\/08\/nova-cratera-descoberta-pela-nasa-e-como-uma-sarda-da-lua\/#primaryimage"},"thumbnailUrl":"https:\/\/jornalfatosenoticias.com.br\/wp-content\/uploads\/2025\/12\/cratera-sarda-lua.jpeg","keywords":["\u201csarda\u201d da Lua","brilho","cratera","crateras lunares","lua"],"articleSection":["Ci\u00eancia"],"inLanguage":"pt-BR","potentialAction":[{"@type":"CommentAction","name":"Comment","target":["https:\/\/jornalfatosenoticias.com.br\/index.php\/2025\/12\/08\/nova-cratera-descoberta-pela-nasa-e-como-uma-sarda-da-lua\/#respond"]}]},{"@type":"WebPage","@id":"https:\/\/jornalfatosenoticias.com.br\/index.php\/2025\/12\/08\/nova-cratera-descoberta-pela-nasa-e-como-uma-sarda-da-lua\/","url":"https:\/\/jornalfatosenoticias.com.br\/index.php\/2025\/12\/08\/nova-cratera-descoberta-pela-nasa-e-como-uma-sarda-da-lua\/","name":"Nova cratera descoberta pela Nasa \u00e9 como uma \u201csarda\u201d da Lua - Jornal Fatos e Not\u00edcias","isPartOf":{"@id":"https:\/\/jornalfatosenoticias.com.br\/#website"},"primaryImageOfPage":{"@id":"https:\/\/jornalfatosenoticias.com.br\/index.php\/2025\/12\/08\/nova-cratera-descoberta-pela-nasa-e-como-uma-sarda-da-lua\/#primaryimage"},"image":{"@id":"https:\/\/jornalfatosenoticias.com.br\/index.php\/2025\/12\/08\/nova-cratera-descoberta-pela-nasa-e-como-uma-sarda-da-lua\/#primaryimage"},"thumbnailUrl":"https:\/\/jornalfatosenoticias.com.br\/wp-content\/uploads\/2025\/12\/cratera-sarda-lua.jpeg","datePublished":"2025-12-08T17:54:18+00:00","dateModified":"2025-12-08T17:54:19+00:00","breadcrumb":{"@id":"https:\/\/jornalfatosenoticias.com.br\/index.php\/2025\/12\/08\/nova-cratera-descoberta-pela-nasa-e-como-uma-sarda-da-lua\/#breadcrumb"},"inLanguage":"pt-BR","potentialAction":[{"@type":"ReadAction","target":["https:\/\/jornalfatosenoticias.com.br\/index.php\/2025\/12\/08\/nova-cratera-descoberta-pela-nasa-e-como-uma-sarda-da-lua\/"]}]},{"@type":"ImageObject","inLanguage":"pt-BR","@id":"https:\/\/jornalfatosenoticias.com.br\/index.php\/2025\/12\/08\/nova-cratera-descoberta-pela-nasa-e-como-uma-sarda-da-lua\/#primaryimage","url":"https:\/\/jornalfatosenoticias.com.br\/wp-content\/uploads\/2025\/12\/cratera-sarda-lua.jpeg","contentUrl":"https:\/\/jornalfatosenoticias.com.br\/wp-content\/uploads\/2025\/12\/cratera-sarda-lua.jpeg","width":1920,"height":1080},{"@type":"BreadcrumbList","@id":"https:\/\/jornalfatosenoticias.com.br\/index.php\/2025\/12\/08\/nova-cratera-descoberta-pela-nasa-e-como-uma-sarda-da-lua\/#breadcrumb","itemListElement":[{"@type":"ListItem","position":1,"name":"In\u00edcio","item":"https:\/\/jornalfatosenoticias.com.br\/"},{"@type":"ListItem","position":2,"name":"Nova cratera descoberta pela Nasa \u00e9 como uma \u201csarda\u201d da Lua"}]},{"@type":"WebSite","@id":"https:\/\/jornalfatosenoticias.com.br\/#website","url":"https:\/\/jornalfatosenoticias.com.br\/","name":"Jornal Fatos e Not\u00edcias","description":"Not\u00edcias em geral","publisher":{"@id":"https:\/\/jornalfatosenoticias.com.br\/#organization"},"potentialAction":[{"@type":"SearchAction","target":{"@type":"EntryPoint","urlTemplate":"https:\/\/jornalfatosenoticias.com.br\/?s={search_term_string}"},"query-input":{"@type":"PropertyValueSpecification","valueRequired":true,"valueName":"search_term_string"}}],"inLanguage":"pt-BR"},{"@type":"Organization","@id":"https:\/\/jornalfatosenoticias.com.br\/#organization","name":"Jornal Fatos e Not\u00edcias","url":"https:\/\/jornalfatosenoticias.com.br\/","logo":{"@type":"ImageObject","inLanguage":"pt-BR","@id":"https:\/\/jornalfatosenoticias.com.br\/#\/schema\/logo\/image\/","url":"https:\/\/jornalfatosenoticias.com.br\/wp-content\/uploads\/2020\/02\/logo120.png","contentUrl":"https:\/\/jornalfatosenoticias.com.br\/wp-content\/uploads\/2020\/02\/logo120.png","width":1227,"height":120,"caption":"Jornal Fatos e Not\u00edcias"},"image":{"@id":"https:\/\/jornalfatosenoticias.com.br\/#\/schema\/logo\/image\/"}},{"@type":"Person","@id":"https:\/\/jornalfatosenoticias.com.br\/#\/schema\/person\/d63837fa13ac8666eb9e74e0985d6f81","name":"Luzimara Fernandes","image":{"@type":"ImageObject","inLanguage":"pt-BR","@id":"https:\/\/jornalfatosenoticias.com.br\/#\/schema\/person\/image\/","url":"https:\/\/jornalfatosenoticias.com.br\/wp-content\/uploads\/2025\/05\/EU_portal.jpg","contentUrl":"https:\/\/jornalfatosenoticias.com.br\/wp-content\/uploads\/2025\/05\/EU_portal.jpg","caption":"Luzimara Fernandes"},"description":"Jornalista MTB 2358-ES","sameAs":["https:\/\/jornalfatosenoticias.com.br"],"url":"https:\/\/jornalfatosenoticias.com.br\/index.php\/author\/luzimara\/"}]}},"cc_featured_image_caption":{"caption_text":"(Foto: Nasa\/GSFC\/Universidade Estadual do Arizona) ","source_text":"","source_url":""},"jetpack_featured_media_url":"https:\/\/jornalfatosenoticias.com.br\/wp-content\/uploads\/2025\/12\/cratera-sarda-lua.jpeg","_links":{"self":[{"href":"https:\/\/jornalfatosenoticias.com.br\/index.php\/wp-json\/wp\/v2\/posts\/63750","targetHints":{"allow":["GET"]}}],"collection":[{"href":"https:\/\/jornalfatosenoticias.com.br\/index.php\/wp-json\/wp\/v2\/posts"}],"about":[{"href":"https:\/\/jornalfatosenoticias.com.br\/index.php\/wp-json\/wp\/v2\/types\/post"}],"author":[{"embeddable":true,"href":"https:\/\/jornalfatosenoticias.com.br\/index.php\/wp-json\/wp\/v2\/users\/2"}],"replies":[{"embeddable":true,"href":"https:\/\/jornalfatosenoticias.com.br\/index.php\/wp-json\/wp\/v2\/comments?post=63750"}],"version-history":[{"count":0,"href":"https:\/\/jornalfatosenoticias.com.br\/index.php\/wp-json\/wp\/v2\/posts\/63750\/revisions"}],"wp:featuredmedia":[{"embeddable":true,"href":"https:\/\/jornalfatosenoticias.com.br\/index.php\/wp-json\/wp\/v2\/media\/63751"}],"wp:attachment":[{"href":"https:\/\/jornalfatosenoticias.com.br\/index.php\/wp-json\/wp\/v2\/media?parent=63750"}],"wp:term":[{"taxonomy":"category","embeddable":true,"href":"https:\/\/jornalfatosenoticias.com.br\/index.php\/wp-json\/wp\/v2\/categories?post=63750"},{"taxonomy":"post_tag","embeddable":true,"href":"https:\/\/jornalfatosenoticias.com.br\/index.php\/wp-json\/wp\/v2\/tags?post=63750"}],"curies":[{"name":"wp","href":"https:\/\/api.w.org\/{rel}","templated":true}]}}