{"id":63763,"date":"2025-12-08T15:28:16","date_gmt":"2025-12-08T18:28:16","guid":{"rendered":"https:\/\/jornalfatosenoticias.com.br\/?p=63763"},"modified":"2025-12-08T15:28:17","modified_gmt":"2025-12-08T18:28:17","slug":"apos-alerta-de-extincao-mais-de-70-especies-de-tubaroes-e-raias-ganham-protecao","status":"publish","type":"post","link":"https:\/\/jornalfatosenoticias.com.br\/index.php\/2025\/12\/08\/apos-alerta-de-extincao-mais-de-70-especies-de-tubaroes-e-raias-ganham-protecao\/","title":{"rendered":"Ap\u00f3s alerta de extin\u00e7\u00e3o, mais de 70 esp\u00e9cies de tubar\u00f5es e raias ganham prote\u00e7\u00e3o"},"content":{"rendered":"\n<p><em><span class=\"has-inline-color has-black-color\">Cites aprova proibi\u00e7\u00e3o de com\u00e9rcio para tubar\u00f5es-baleia, jamantas e galha-branca<\/span><\/em><\/p>\n\n\n\n<p><span class=\"has-inline-color has-black-color\">Por <strong>Nilson Cortinhas<\/strong><\/span><\/p>\n\n\n\n<div class=\"wp-block-image\"><figure class=\"aligncenter size-large is-resized\"><a href=\"https:\/\/www.facebook.com\/vetor.vix\/\"><img loading=\"lazy\" decoding=\"async\" src=\"https:\/\/jornalfatosenoticias.com.br\/wp-content\/uploads\/2023\/09\/vetorvix1024_1.jpg\" alt=\"\" class=\"wp-image-44868\" width=\"546\" height=\"145\" srcset=\"https:\/\/jornalfatosenoticias.com.br\/wp-content\/uploads\/2023\/09\/vetorvix1024_1.jpg 1024w, https:\/\/jornalfatosenoticias.com.br\/wp-content\/uploads\/2023\/09\/vetorvix1024_1-300x80.jpg 300w, https:\/\/jornalfatosenoticias.com.br\/wp-content\/uploads\/2023\/09\/vetorvix1024_1-768x205.jpg 768w\" sizes=\"auto, (max-width: 546px) 100vw, 546px\" \/><\/a><\/figure><\/div>\n\n\n\n<p>Governos reunidos na <strong><a class=\"\" href=\"https:\/\/cites.org\/eng\/disc\/text.php\" target=\"_blank\" rel=\"noreferrer noopener\">Conven\u00e7\u00e3o sobre Com\u00e9rcio Internacional das Esp\u00e9cies da Fauna e Flora Selvagens Amea\u00e7adas de Extin\u00e7\u00e3o (Cites)<\/a><\/strong>, no Uzbequist\u00e3o, aprovaram novas prote\u00e7\u00f5es para mais de 70 esp\u00e9cies de tubar\u00f5es e raias. A medida responde a um alerta que a sobrepesca global gera um risco de extin\u00e7\u00e3o.<br>As resolu\u00e7\u00f5es incluem a proibi\u00e7\u00e3o total do com\u00e9rcio internacional de tubar\u00f5es-galha-branca-oce\u00e2nicos, tubar\u00f5es-baleia, jamantas e raias-diabo. J\u00e1 esp\u00e9cies como os tubar\u00f5es conhecidos como quelme ou gulper (<em>Centrophorus granulosus<\/em>), mustelos ou tubar\u00e3o-de-lisura e o tubar\u00e3o-tope (<em>Galeorhinus galeus<\/em>) passam a ser comercializadas apenas com comprova\u00e7\u00e3o de origem legal, sustent\u00e1vel e rastre\u00e1vel.<br>A Cites tamb\u00e9m implementou cotas de exporta\u00e7\u00e3o anual zero para esp\u00e9cies de guitarfishes e wedgefishes, o que, na pr\u00e1tica, impede o com\u00e9rcio legal desses animais. As novas regras s\u00e3o essenciais para frear a captura de tubar\u00f5es, um com\u00e9rcio bilion\u00e1rio que busca barbatanas, carne, \u00f3leo e br\u00e2nquias. Mais de 100 milh\u00f5es desses animais s\u00e3o mortos todos os anos. Segundo a Uni\u00e3o Internacional para a Conserva\u00e7\u00e3o da Natureza (UICN), 37% das esp\u00e9cies de tubar\u00f5es e raias j\u00e1 enfrentam risco de extin\u00e7\u00e3o.<\/p>\n\n\n\n<div class=\"wp-block-image\"><figure class=\"aligncenter size-large is-resized\"><a href=\"https:\/\/www.instagram.com\/gruposei\/\"><img loading=\"lazy\" decoding=\"async\" src=\"https:\/\/jornalfatosenoticias.com.br\/wp-content\/uploads\/2022\/07\/Logo-Grupo-SEI.jpg\" alt=\"\" class=\"wp-image-31973\" width=\"335\" height=\"176\" srcset=\"https:\/\/jornalfatosenoticias.com.br\/wp-content\/uploads\/2022\/07\/Logo-Grupo-SEI.jpg 713w, https:\/\/jornalfatosenoticias.com.br\/wp-content\/uploads\/2022\/07\/Logo-Grupo-SEI-300x158.jpg 300w\" sizes=\"auto, (max-width: 335px) 100vw, 335px\" \/><\/a><\/figure><\/div>\n\n\n\n<p>\u201cPa\u00edses da Am\u00e9rica Latina, \u00c1frica, Pac\u00edfico e \u00c1sia se uniram e aprovaram todas as propostas, em um raro gesto de lideran\u00e7a e solidariedade\u201d, disse o diretor de conserva\u00e7\u00e3o de tubar\u00f5es e raias da Wildlife Conservation Society, Luke Warwick, <strong><a class=\"\" href=\"https:\/\/apnews.com\/article\/sharks-cites-fin-trade-e132d56b5121eca0b1318c8164318cc1\" target=\"_blank\" rel=\"noreferrer noopener\">ao site AP News.<\/a><\/strong><\/p>\n\n\n\n<div class=\"wp-block-image\"><figure class=\"aligncenter size-large is-resized\"><a href=\"https:\/\/www.instagram.com\/esteio.churrascaria\/\"><img loading=\"lazy\" decoding=\"async\" src=\"https:\/\/jornalfatosenoticias.com.br\/wp-content\/uploads\/2022\/02\/LOGO-ESTEIO-1024x730.png\" alt=\"\" class=\"wp-image-27942\" width=\"331\" height=\"236\" srcset=\"https:\/\/jornalfatosenoticias.com.br\/wp-content\/uploads\/2022\/02\/LOGO-ESTEIO-1024x730.png 1024w, https:\/\/jornalfatosenoticias.com.br\/wp-content\/uploads\/2022\/02\/LOGO-ESTEIO-300x214.png 300w, https:\/\/jornalfatosenoticias.com.br\/wp-content\/uploads\/2022\/02\/LOGO-ESTEIO-768x548.png 768w, https:\/\/jornalfatosenoticias.com.br\/wp-content\/uploads\/2022\/02\/LOGO-ESTEIO.png 1123w\" sizes=\"auto, (max-width: 331px) 100vw, 331px\" \/><\/a><\/figure><\/div>\n\n\n\n<blockquote class=\"wp-block-quote is-layout-flow wp-block-quote-is-layout-flow\"><p><span class=\"has-inline-color has-luminous-vivid-orange-color\">Por milh\u00f5es de anos, tubar\u00f5es t\u00eam regulado nossos oceanos \u2014 e n\u00f3s os estamos exterminando. Essas novas prote\u00e7\u00f5es ajudam a inverter essa l\u00f3gica e reconhecem que eles s\u00e3o mais do que simples mercadorias\u201d, afirmou Barbara Slee, do International Fund for Animal Welfare.<\/span><\/p><\/blockquote>\n\n\n\n<div class=\"wp-block-image\"><figure class=\"aligncenter size-large is-resized\"><a href=\"https:\/\/www.controlsystems.com.br\/\"><img loading=\"lazy\" decoding=\"async\" src=\"https:\/\/jornalfatosenoticias.com.br\/wp-content\/uploads\/2020\/02\/CONTROL-CS.jpg\" alt=\"\" class=\"wp-image-44991\" width=\"240\" height=\"288\" srcset=\"https:\/\/jornalfatosenoticias.com.br\/wp-content\/uploads\/2020\/02\/CONTROL-CS.jpg 834w, https:\/\/jornalfatosenoticias.com.br\/wp-content\/uploads\/2020\/02\/CONTROL-CS-250x300.jpg 250w, https:\/\/jornalfatosenoticias.com.br\/wp-content\/uploads\/2020\/02\/CONTROL-CS-768x921.jpg 768w\" sizes=\"auto, (max-width: 240px) 100vw, 240px\" \/><\/a><\/figure><\/div>\n\n\n\n<p>A Cites tem obtido avan\u00e7os recentes com tubar\u00f5es. Na confer\u00eancia anterior, em 2022, no Panam\u00e1, mais de 90 esp\u00e9cies receberam prote\u00e7\u00e3o in\u00e9dita, incluindo tubar\u00f5es-r\u00e9quiem e tubar\u00f5es-martelo. Mas o tratado enfrenta cr\u00edticas por depender de pa\u00edses em desenvolvimento \u2014 muitos com poucos recursos \u2014 para combater um com\u00e9rcio ilegal que j\u00e1 movimenta US$ 10 bilh\u00f5es por ano.<\/p>\n\n\n\n<div class=\"wp-block-image\"><figure class=\"aligncenter size-large is-resized\"><a href=\"https:\/\/legisjuris.com.br\/\"><img loading=\"lazy\" decoding=\"async\" src=\"https:\/\/jornalfatosenoticias.com.br\/wp-content\/uploads\/2024\/09\/Legis-Juris-Consultoria_logo.jpg\" alt=\"\" class=\"wp-image-53915\" width=\"501\" height=\"210\" srcset=\"https:\/\/jornalfatosenoticias.com.br\/wp-content\/uploads\/2024\/09\/Legis-Juris-Consultoria_logo.jpg 969w, https:\/\/jornalfatosenoticias.com.br\/wp-content\/uploads\/2024\/09\/Legis-Juris-Consultoria_logo-300x126.jpg 300w, https:\/\/jornalfatosenoticias.com.br\/wp-content\/uploads\/2024\/09\/Legis-Juris-Consultoria_logo-768x322.jpg 768w\" sizes=\"auto, (max-width: 501px) 100vw, 501px\" \/><\/a><\/figure><\/div>\n\n\n\n<p><strong>Fonte: <a href=\"https:\/\/umsoplaneta.globo.com\/biodiversidade\/noticia\/2025\/12\/01\/apos-alerta-de-extincao-mais-de-70-especies-de-tubaroes-e-raias-ganham-protecao.ghtml\">Um S\u00f3 Planeta<\/a><\/strong><\/p>\n","protected":false},"excerpt":{"rendered":"<p>Cites aprova proibi\u00e7\u00e3o de com\u00e9rcio para tubar\u00f5es-baleia, jamantas e galha-branca Por Nilson Cortinhas Governos reunidos na Conven\u00e7\u00e3o sobre Com\u00e9rcio Internacional das Esp\u00e9cies da Fauna e Flora Selvagens Amea\u00e7adas de Extin\u00e7\u00e3o (Cites), no Uzbequist\u00e3o, aprovaram novas prote\u00e7\u00f5es para mais de 70 esp\u00e9cies de tubar\u00f5es e raias. A medida responde a um alerta que a sobrepesca global [&hellip;]<\/p>\n","protected":false},"author":2,"featured_media":63764,"comment_status":"open","ping_status":"open","sticky":false,"template":"","format":"standard","meta":{"footnotes":""},"categories":[8],"tags":[29092,29093,29095,29096,10107,3971,29094],"class_list":["post-63763","post","type-post","status-publish","format-standard","has-post-thumbnail","hentry","category-meio-ambiente","tag-alerta-de-extincao","tag-cites","tag-galha-branca","tag-jamantas","tag-raias","tag-tubaroes","tag-tubaroes-baleia"],"yoast_head":"<!-- This site is optimized with the Yoast SEO plugin v26.5 - https:\/\/yoast.com\/wordpress\/plugins\/seo\/ -->\n<title>Ap\u00f3s alerta de extin\u00e7\u00e3o, mais de 70 esp\u00e9cies de tubar\u00f5es e raias ganham prote\u00e7\u00e3o - Jornal Fatos e Not\u00edcias<\/title>\n<meta name=\"robots\" content=\"index, follow, max-snippet:-1, max-image-preview:large, max-video-preview:-1\" \/>\n<link rel=\"canonical\" href=\"https:\/\/jornalfatosenoticias.com.br\/index.php\/2025\/12\/08\/apos-alerta-de-extincao-mais-de-70-especies-de-tubaroes-e-raias-ganham-protecao\/\" \/>\n<meta property=\"og:locale\" content=\"pt_BR\" \/>\n<meta property=\"og:type\" content=\"article\" \/>\n<meta property=\"og:title\" content=\"Ap\u00f3s alerta de extin\u00e7\u00e3o, mais de 70 esp\u00e9cies de tubar\u00f5es e raias ganham prote\u00e7\u00e3o - Jornal Fatos e Not\u00edcias\" \/>\n<meta property=\"og:description\" content=\"Cites aprova proibi\u00e7\u00e3o de com\u00e9rcio para tubar\u00f5es-baleia, jamantas e galha-branca Por Nilson Cortinhas Governos reunidos na Conven\u00e7\u00e3o sobre Com\u00e9rcio Internacional das Esp\u00e9cies da Fauna e Flora Selvagens Amea\u00e7adas de Extin\u00e7\u00e3o (Cites), no Uzbequist\u00e3o, aprovaram novas prote\u00e7\u00f5es para mais de 70 esp\u00e9cies de tubar\u00f5es e raias. A medida responde a um alerta que a sobrepesca global [&hellip;]\" \/>\n<meta property=\"og:url\" content=\"https:\/\/jornalfatosenoticias.com.br\/index.php\/2025\/12\/08\/apos-alerta-de-extincao-mais-de-70-especies-de-tubaroes-e-raias-ganham-protecao\/\" \/>\n<meta property=\"og:site_name\" content=\"Jornal Fatos e Not\u00edcias\" \/>\n<meta property=\"article:published_time\" content=\"2025-12-08T18:28:16+00:00\" \/>\n<meta property=\"article:modified_time\" content=\"2025-12-08T18:28:17+00:00\" \/>\n<meta property=\"og:image\" content=\"https:\/\/jornalfatosenoticias.com.br\/wp-content\/uploads\/2025\/12\/tubarao-baleia_istock.jpg\" \/>\n\t<meta property=\"og:image:width\" content=\"612\" \/>\n\t<meta property=\"og:image:height\" content=\"408\" \/>\n\t<meta property=\"og:image:type\" content=\"image\/jpeg\" \/>\n<meta name=\"author\" content=\"Luzimara Fernandes\" \/>\n<meta name=\"twitter:card\" content=\"summary_large_image\" \/>\n<meta name=\"twitter:label1\" content=\"Escrito por\" \/>\n\t<meta name=\"twitter:data1\" content=\"Luzimara Fernandes\" \/>\n\t<meta name=\"twitter:label2\" content=\"Est. tempo de leitura\" \/>\n\t<meta name=\"twitter:data2\" content=\"2 minutos\" \/>\n<script type=\"application\/ld+json\" class=\"yoast-schema-graph\">{\"@context\":\"https:\/\/schema.org\",\"@graph\":[{\"@type\":\"Article\",\"@id\":\"https:\/\/jornalfatosenoticias.com.br\/index.php\/2025\/12\/08\/apos-alerta-de-extincao-mais-de-70-especies-de-tubaroes-e-raias-ganham-protecao\/#article\",\"isPartOf\":{\"@id\":\"https:\/\/jornalfatosenoticias.com.br\/index.php\/2025\/12\/08\/apos-alerta-de-extincao-mais-de-70-especies-de-tubaroes-e-raias-ganham-protecao\/\"},\"author\":{\"name\":\"Luzimara Fernandes\",\"@id\":\"https:\/\/jornalfatosenoticias.com.br\/#\/schema\/person\/d63837fa13ac8666eb9e74e0985d6f81\"},\"headline\":\"Ap\u00f3s alerta de extin\u00e7\u00e3o, mais de 70 esp\u00e9cies de tubar\u00f5es e raias ganham prote\u00e7\u00e3o\",\"datePublished\":\"2025-12-08T18:28:16+00:00\",\"dateModified\":\"2025-12-08T18:28:17+00:00\",\"mainEntityOfPage\":{\"@id\":\"https:\/\/jornalfatosenoticias.com.br\/index.php\/2025\/12\/08\/apos-alerta-de-extincao-mais-de-70-especies-de-tubaroes-e-raias-ganham-protecao\/\"},\"wordCount\":409,\"commentCount\":0,\"publisher\":{\"@id\":\"https:\/\/jornalfatosenoticias.com.br\/#organization\"},\"image\":{\"@id\":\"https:\/\/jornalfatosenoticias.com.br\/index.php\/2025\/12\/08\/apos-alerta-de-extincao-mais-de-70-especies-de-tubaroes-e-raias-ganham-protecao\/#primaryimage\"},\"thumbnailUrl\":\"https:\/\/jornalfatosenoticias.com.br\/wp-content\/uploads\/2025\/12\/tubarao-baleia_istock.jpg\",\"keywords\":[\"alerta de extin\u00e7\u00e3o\",\"Cites\",\"galha-branca\",\"jamantas\",\"raias\",\"tubar\u00f5es\",\"tubar\u00f5es-baleia\"],\"articleSection\":[\"Meio ambiente\"],\"inLanguage\":\"pt-BR\",\"potentialAction\":[{\"@type\":\"CommentAction\",\"name\":\"Comment\",\"target\":[\"https:\/\/jornalfatosenoticias.com.br\/index.php\/2025\/12\/08\/apos-alerta-de-extincao-mais-de-70-especies-de-tubaroes-e-raias-ganham-protecao\/#respond\"]}]},{\"@type\":\"WebPage\",\"@id\":\"https:\/\/jornalfatosenoticias.com.br\/index.php\/2025\/12\/08\/apos-alerta-de-extincao-mais-de-70-especies-de-tubaroes-e-raias-ganham-protecao\/\",\"url\":\"https:\/\/jornalfatosenoticias.com.br\/index.php\/2025\/12\/08\/apos-alerta-de-extincao-mais-de-70-especies-de-tubaroes-e-raias-ganham-protecao\/\",\"name\":\"Ap\u00f3s alerta de extin\u00e7\u00e3o, mais de 70 esp\u00e9cies de tubar\u00f5es e raias ganham prote\u00e7\u00e3o - Jornal Fatos e Not\u00edcias\",\"isPartOf\":{\"@id\":\"https:\/\/jornalfatosenoticias.com.br\/#website\"},\"primaryImageOfPage\":{\"@id\":\"https:\/\/jornalfatosenoticias.com.br\/index.php\/2025\/12\/08\/apos-alerta-de-extincao-mais-de-70-especies-de-tubaroes-e-raias-ganham-protecao\/#primaryimage\"},\"image\":{\"@id\":\"https:\/\/jornalfatosenoticias.com.br\/index.php\/2025\/12\/08\/apos-alerta-de-extincao-mais-de-70-especies-de-tubaroes-e-raias-ganham-protecao\/#primaryimage\"},\"thumbnailUrl\":\"https:\/\/jornalfatosenoticias.com.br\/wp-content\/uploads\/2025\/12\/tubarao-baleia_istock.jpg\",\"datePublished\":\"2025-12-08T18:28:16+00:00\",\"dateModified\":\"2025-12-08T18:28:17+00:00\",\"breadcrumb\":{\"@id\":\"https:\/\/jornalfatosenoticias.com.br\/index.php\/2025\/12\/08\/apos-alerta-de-extincao-mais-de-70-especies-de-tubaroes-e-raias-ganham-protecao\/#breadcrumb\"},\"inLanguage\":\"pt-BR\",\"potentialAction\":[{\"@type\":\"ReadAction\",\"target\":[\"https:\/\/jornalfatosenoticias.com.br\/index.php\/2025\/12\/08\/apos-alerta-de-extincao-mais-de-70-especies-de-tubaroes-e-raias-ganham-protecao\/\"]}]},{\"@type\":\"ImageObject\",\"inLanguage\":\"pt-BR\",\"@id\":\"https:\/\/jornalfatosenoticias.com.br\/index.php\/2025\/12\/08\/apos-alerta-de-extincao-mais-de-70-especies-de-tubaroes-e-raias-ganham-protecao\/#primaryimage\",\"url\":\"https:\/\/jornalfatosenoticias.com.br\/wp-content\/uploads\/2025\/12\/tubarao-baleia_istock.jpg\",\"contentUrl\":\"https:\/\/jornalfatosenoticias.com.br\/wp-content\/uploads\/2025\/12\/tubarao-baleia_istock.jpg\",\"width\":612,\"height\":408,\"caption\":\"Tagged Whale Shark with Cobia on the Ningaloo Reef, Exmouth, Western Australia\"},{\"@type\":\"BreadcrumbList\",\"@id\":\"https:\/\/jornalfatosenoticias.com.br\/index.php\/2025\/12\/08\/apos-alerta-de-extincao-mais-de-70-especies-de-tubaroes-e-raias-ganham-protecao\/#breadcrumb\",\"itemListElement\":[{\"@type\":\"ListItem\",\"position\":1,\"name\":\"In\u00edcio\",\"item\":\"https:\/\/jornalfatosenoticias.com.br\/\"},{\"@type\":\"ListItem\",\"position\":2,\"name\":\"Ap\u00f3s alerta de extin\u00e7\u00e3o, mais de 70 esp\u00e9cies de tubar\u00f5es e raias ganham prote\u00e7\u00e3o\"}]},{\"@type\":\"WebSite\",\"@id\":\"https:\/\/jornalfatosenoticias.com.br\/#website\",\"url\":\"https:\/\/jornalfatosenoticias.com.br\/\",\"name\":\"Jornal Fatos e Not\u00edcias\",\"description\":\"Not\u00edcias em geral\",\"publisher\":{\"@id\":\"https:\/\/jornalfatosenoticias.com.br\/#organization\"},\"potentialAction\":[{\"@type\":\"SearchAction\",\"target\":{\"@type\":\"EntryPoint\",\"urlTemplate\":\"https:\/\/jornalfatosenoticias.com.br\/?s={search_term_string}\"},\"query-input\":{\"@type\":\"PropertyValueSpecification\",\"valueRequired\":true,\"valueName\":\"search_term_string\"}}],\"inLanguage\":\"pt-BR\"},{\"@type\":\"Organization\",\"@id\":\"https:\/\/jornalfatosenoticias.com.br\/#organization\",\"name\":\"Jornal Fatos e Not\u00edcias\",\"url\":\"https:\/\/jornalfatosenoticias.com.br\/\",\"logo\":{\"@type\":\"ImageObject\",\"inLanguage\":\"pt-BR\",\"@id\":\"https:\/\/jornalfatosenoticias.com.br\/#\/schema\/logo\/image\/\",\"url\":\"https:\/\/jornalfatosenoticias.com.br\/wp-content\/uploads\/2020\/02\/logo120.png\",\"contentUrl\":\"https:\/\/jornalfatosenoticias.com.br\/wp-content\/uploads\/2020\/02\/logo120.png\",\"width\":1227,\"height\":120,\"caption\":\"Jornal Fatos e Not\u00edcias\"},\"image\":{\"@id\":\"https:\/\/jornalfatosenoticias.com.br\/#\/schema\/logo\/image\/\"}},{\"@type\":\"Person\",\"@id\":\"https:\/\/jornalfatosenoticias.com.br\/#\/schema\/person\/d63837fa13ac8666eb9e74e0985d6f81\",\"name\":\"Luzimara Fernandes\",\"image\":{\"@type\":\"ImageObject\",\"inLanguage\":\"pt-BR\",\"@id\":\"https:\/\/jornalfatosenoticias.com.br\/#\/schema\/person\/image\/\",\"url\":\"https:\/\/jornalfatosenoticias.com.br\/wp-content\/uploads\/2025\/05\/EU_portal.jpg\",\"contentUrl\":\"https:\/\/jornalfatosenoticias.com.br\/wp-content\/uploads\/2025\/05\/EU_portal.jpg\",\"caption\":\"Luzimara Fernandes\"},\"description\":\"Jornalista MTB 2358-ES\",\"sameAs\":[\"https:\/\/jornalfatosenoticias.com.br\"],\"url\":\"https:\/\/jornalfatosenoticias.com.br\/index.php\/author\/luzimara\/\"}]}<\/script>\n<!-- \/ Yoast SEO plugin. -->","yoast_head_json":{"title":"Ap\u00f3s alerta de extin\u00e7\u00e3o, mais de 70 esp\u00e9cies de tubar\u00f5es e raias ganham prote\u00e7\u00e3o - Jornal Fatos e Not\u00edcias","robots":{"index":"index","follow":"follow","max-snippet":"max-snippet:-1","max-image-preview":"max-image-preview:large","max-video-preview":"max-video-preview:-1"},"canonical":"https:\/\/jornalfatosenoticias.com.br\/index.php\/2025\/12\/08\/apos-alerta-de-extincao-mais-de-70-especies-de-tubaroes-e-raias-ganham-protecao\/","og_locale":"pt_BR","og_type":"article","og_title":"Ap\u00f3s alerta de extin\u00e7\u00e3o, mais de 70 esp\u00e9cies de tubar\u00f5es e raias ganham prote\u00e7\u00e3o - Jornal Fatos e Not\u00edcias","og_description":"Cites aprova proibi\u00e7\u00e3o de com\u00e9rcio para tubar\u00f5es-baleia, jamantas e galha-branca Por Nilson Cortinhas Governos reunidos na Conven\u00e7\u00e3o sobre Com\u00e9rcio Internacional das Esp\u00e9cies da Fauna e Flora Selvagens Amea\u00e7adas de Extin\u00e7\u00e3o (Cites), no Uzbequist\u00e3o, aprovaram novas prote\u00e7\u00f5es para mais de 70 esp\u00e9cies de tubar\u00f5es e raias. A medida responde a um alerta que a sobrepesca global [&hellip;]","og_url":"https:\/\/jornalfatosenoticias.com.br\/index.php\/2025\/12\/08\/apos-alerta-de-extincao-mais-de-70-especies-de-tubaroes-e-raias-ganham-protecao\/","og_site_name":"Jornal Fatos e Not\u00edcias","article_published_time":"2025-12-08T18:28:16+00:00","article_modified_time":"2025-12-08T18:28:17+00:00","og_image":[{"width":612,"height":408,"url":"https:\/\/jornalfatosenoticias.com.br\/wp-content\/uploads\/2025\/12\/tubarao-baleia_istock.jpg","type":"image\/jpeg"}],"author":"Luzimara Fernandes","twitter_card":"summary_large_image","twitter_misc":{"Escrito por":"Luzimara Fernandes","Est. tempo de leitura":"2 minutos"},"schema":{"@context":"https:\/\/schema.org","@graph":[{"@type":"Article","@id":"https:\/\/jornalfatosenoticias.com.br\/index.php\/2025\/12\/08\/apos-alerta-de-extincao-mais-de-70-especies-de-tubaroes-e-raias-ganham-protecao\/#article","isPartOf":{"@id":"https:\/\/jornalfatosenoticias.com.br\/index.php\/2025\/12\/08\/apos-alerta-de-extincao-mais-de-70-especies-de-tubaroes-e-raias-ganham-protecao\/"},"author":{"name":"Luzimara Fernandes","@id":"https:\/\/jornalfatosenoticias.com.br\/#\/schema\/person\/d63837fa13ac8666eb9e74e0985d6f81"},"headline":"Ap\u00f3s alerta de extin\u00e7\u00e3o, mais de 70 esp\u00e9cies de tubar\u00f5es e raias ganham prote\u00e7\u00e3o","datePublished":"2025-12-08T18:28:16+00:00","dateModified":"2025-12-08T18:28:17+00:00","mainEntityOfPage":{"@id":"https:\/\/jornalfatosenoticias.com.br\/index.php\/2025\/12\/08\/apos-alerta-de-extincao-mais-de-70-especies-de-tubaroes-e-raias-ganham-protecao\/"},"wordCount":409,"commentCount":0,"publisher":{"@id":"https:\/\/jornalfatosenoticias.com.br\/#organization"},"image":{"@id":"https:\/\/jornalfatosenoticias.com.br\/index.php\/2025\/12\/08\/apos-alerta-de-extincao-mais-de-70-especies-de-tubaroes-e-raias-ganham-protecao\/#primaryimage"},"thumbnailUrl":"https:\/\/jornalfatosenoticias.com.br\/wp-content\/uploads\/2025\/12\/tubarao-baleia_istock.jpg","keywords":["alerta de extin\u00e7\u00e3o","Cites","galha-branca","jamantas","raias","tubar\u00f5es","tubar\u00f5es-baleia"],"articleSection":["Meio ambiente"],"inLanguage":"pt-BR","potentialAction":[{"@type":"CommentAction","name":"Comment","target":["https:\/\/jornalfatosenoticias.com.br\/index.php\/2025\/12\/08\/apos-alerta-de-extincao-mais-de-70-especies-de-tubaroes-e-raias-ganham-protecao\/#respond"]}]},{"@type":"WebPage","@id":"https:\/\/jornalfatosenoticias.com.br\/index.php\/2025\/12\/08\/apos-alerta-de-extincao-mais-de-70-especies-de-tubaroes-e-raias-ganham-protecao\/","url":"https:\/\/jornalfatosenoticias.com.br\/index.php\/2025\/12\/08\/apos-alerta-de-extincao-mais-de-70-especies-de-tubaroes-e-raias-ganham-protecao\/","name":"Ap\u00f3s alerta de extin\u00e7\u00e3o, mais de 70 esp\u00e9cies de tubar\u00f5es e raias ganham prote\u00e7\u00e3o - Jornal Fatos e Not\u00edcias","isPartOf":{"@id":"https:\/\/jornalfatosenoticias.com.br\/#website"},"primaryImageOfPage":{"@id":"https:\/\/jornalfatosenoticias.com.br\/index.php\/2025\/12\/08\/apos-alerta-de-extincao-mais-de-70-especies-de-tubaroes-e-raias-ganham-protecao\/#primaryimage"},"image":{"@id":"https:\/\/jornalfatosenoticias.com.br\/index.php\/2025\/12\/08\/apos-alerta-de-extincao-mais-de-70-especies-de-tubaroes-e-raias-ganham-protecao\/#primaryimage"},"thumbnailUrl":"https:\/\/jornalfatosenoticias.com.br\/wp-content\/uploads\/2025\/12\/tubarao-baleia_istock.jpg","datePublished":"2025-12-08T18:28:16+00:00","dateModified":"2025-12-08T18:28:17+00:00","breadcrumb":{"@id":"https:\/\/jornalfatosenoticias.com.br\/index.php\/2025\/12\/08\/apos-alerta-de-extincao-mais-de-70-especies-de-tubaroes-e-raias-ganham-protecao\/#breadcrumb"},"inLanguage":"pt-BR","potentialAction":[{"@type":"ReadAction","target":["https:\/\/jornalfatosenoticias.com.br\/index.php\/2025\/12\/08\/apos-alerta-de-extincao-mais-de-70-especies-de-tubaroes-e-raias-ganham-protecao\/"]}]},{"@type":"ImageObject","inLanguage":"pt-BR","@id":"https:\/\/jornalfatosenoticias.com.br\/index.php\/2025\/12\/08\/apos-alerta-de-extincao-mais-de-70-especies-de-tubaroes-e-raias-ganham-protecao\/#primaryimage","url":"https:\/\/jornalfatosenoticias.com.br\/wp-content\/uploads\/2025\/12\/tubarao-baleia_istock.jpg","contentUrl":"https:\/\/jornalfatosenoticias.com.br\/wp-content\/uploads\/2025\/12\/tubarao-baleia_istock.jpg","width":612,"height":408,"caption":"Tagged Whale Shark with Cobia on the Ningaloo Reef, Exmouth, Western Australia"},{"@type":"BreadcrumbList","@id":"https:\/\/jornalfatosenoticias.com.br\/index.php\/2025\/12\/08\/apos-alerta-de-extincao-mais-de-70-especies-de-tubaroes-e-raias-ganham-protecao\/#breadcrumb","itemListElement":[{"@type":"ListItem","position":1,"name":"In\u00edcio","item":"https:\/\/jornalfatosenoticias.com.br\/"},{"@type":"ListItem","position":2,"name":"Ap\u00f3s alerta de extin\u00e7\u00e3o, mais de 70 esp\u00e9cies de tubar\u00f5es e raias ganham prote\u00e7\u00e3o"}]},{"@type":"WebSite","@id":"https:\/\/jornalfatosenoticias.com.br\/#website","url":"https:\/\/jornalfatosenoticias.com.br\/","name":"Jornal Fatos e Not\u00edcias","description":"Not\u00edcias em geral","publisher":{"@id":"https:\/\/jornalfatosenoticias.com.br\/#organization"},"potentialAction":[{"@type":"SearchAction","target":{"@type":"EntryPoint","urlTemplate":"https:\/\/jornalfatosenoticias.com.br\/?s={search_term_string}"},"query-input":{"@type":"PropertyValueSpecification","valueRequired":true,"valueName":"search_term_string"}}],"inLanguage":"pt-BR"},{"@type":"Organization","@id":"https:\/\/jornalfatosenoticias.com.br\/#organization","name":"Jornal Fatos e Not\u00edcias","url":"https:\/\/jornalfatosenoticias.com.br\/","logo":{"@type":"ImageObject","inLanguage":"pt-BR","@id":"https:\/\/jornalfatosenoticias.com.br\/#\/schema\/logo\/image\/","url":"https:\/\/jornalfatosenoticias.com.br\/wp-content\/uploads\/2020\/02\/logo120.png","contentUrl":"https:\/\/jornalfatosenoticias.com.br\/wp-content\/uploads\/2020\/02\/logo120.png","width":1227,"height":120,"caption":"Jornal Fatos e Not\u00edcias"},"image":{"@id":"https:\/\/jornalfatosenoticias.com.br\/#\/schema\/logo\/image\/"}},{"@type":"Person","@id":"https:\/\/jornalfatosenoticias.com.br\/#\/schema\/person\/d63837fa13ac8666eb9e74e0985d6f81","name":"Luzimara Fernandes","image":{"@type":"ImageObject","inLanguage":"pt-BR","@id":"https:\/\/jornalfatosenoticias.com.br\/#\/schema\/person\/image\/","url":"https:\/\/jornalfatosenoticias.com.br\/wp-content\/uploads\/2025\/05\/EU_portal.jpg","contentUrl":"https:\/\/jornalfatosenoticias.com.br\/wp-content\/uploads\/2025\/05\/EU_portal.jpg","caption":"Luzimara Fernandes"},"description":"Jornalista MTB 2358-ES","sameAs":["https:\/\/jornalfatosenoticias.com.br"],"url":"https:\/\/jornalfatosenoticias.com.br\/index.php\/author\/luzimara\/"}]}},"cc_featured_image_caption":{"caption_text":"(Foto: iStock) ","source_text":"","source_url":""},"jetpack_featured_media_url":"https:\/\/jornalfatosenoticias.com.br\/wp-content\/uploads\/2025\/12\/tubarao-baleia_istock.jpg","_links":{"self":[{"href":"https:\/\/jornalfatosenoticias.com.br\/index.php\/wp-json\/wp\/v2\/posts\/63763","targetHints":{"allow":["GET"]}}],"collection":[{"href":"https:\/\/jornalfatosenoticias.com.br\/index.php\/wp-json\/wp\/v2\/posts"}],"about":[{"href":"https:\/\/jornalfatosenoticias.com.br\/index.php\/wp-json\/wp\/v2\/types\/post"}],"author":[{"embeddable":true,"href":"https:\/\/jornalfatosenoticias.com.br\/index.php\/wp-json\/wp\/v2\/users\/2"}],"replies":[{"embeddable":true,"href":"https:\/\/jornalfatosenoticias.com.br\/index.php\/wp-json\/wp\/v2\/comments?post=63763"}],"version-history":[{"count":0,"href":"https:\/\/jornalfatosenoticias.com.br\/index.php\/wp-json\/wp\/v2\/posts\/63763\/revisions"}],"wp:featuredmedia":[{"embeddable":true,"href":"https:\/\/jornalfatosenoticias.com.br\/index.php\/wp-json\/wp\/v2\/media\/63764"}],"wp:attachment":[{"href":"https:\/\/jornalfatosenoticias.com.br\/index.php\/wp-json\/wp\/v2\/media?parent=63763"}],"wp:term":[{"taxonomy":"category","embeddable":true,"href":"https:\/\/jornalfatosenoticias.com.br\/index.php\/wp-json\/wp\/v2\/categories?post=63763"},{"taxonomy":"post_tag","embeddable":true,"href":"https:\/\/jornalfatosenoticias.com.br\/index.php\/wp-json\/wp\/v2\/tags?post=63763"}],"curies":[{"name":"wp","href":"https:\/\/api.w.org\/{rel}","templated":true}]}}