{"id":63766,"date":"2025-12-08T16:05:36","date_gmt":"2025-12-08T19:05:36","guid":{"rendered":"https:\/\/jornalfatosenoticias.com.br\/?p=63766"},"modified":"2025-12-08T16:05:39","modified_gmt":"2025-12-08T19:05:39","slug":"com-derrotas-no-congresso-lula-se-prepara-para-se-escorar-no-judiciario","status":"publish","type":"post","link":"https:\/\/jornalfatosenoticias.com.br\/index.php\/2025\/12\/08\/com-derrotas-no-congresso-lula-se-prepara-para-se-escorar-no-judiciario\/","title":{"rendered":"Com derrotas no Congresso, Lula se prepara para \u201cse escorar\u201d no Judici\u00e1rio"},"content":{"rendered":"\n<p><em><span class=\"has-inline-color has-black-color\">Lula e o ministro Edson Fachin, presidente do STF<\/span><\/em><\/p>\n\n\n\n<p><span class=\"has-inline-color has-black-color\">Por <strong><a href=\"https:\/\/www.gazetadopovo.com.br\/autor\/wesley-oliveira\/\">Wesley Oliveira<\/a><\/strong><\/span><\/p>\n\n\n\n<div class=\"wp-block-image\"><figure class=\"aligncenter size-large\"><a href=\"https:\/\/www.instagram.com\/rcradiadores\/\"><img loading=\"lazy\" decoding=\"async\" width=\"560\" height=\"60\" src=\"https:\/\/jornalfatosenoticias.com.br\/wp-content\/uploads\/2022\/10\/Propaganda-RC-Radiadores-Jornal_page-0001.jpg\" alt=\"\" class=\"wp-image-35270\" srcset=\"https:\/\/jornalfatosenoticias.com.br\/wp-content\/uploads\/2022\/10\/Propaganda-RC-Radiadores-Jornal_page-0001.jpg 560w, https:\/\/jornalfatosenoticias.com.br\/wp-content\/uploads\/2022\/10\/Propaganda-RC-Radiadores-Jornal_page-0001-300x32.jpg 300w\" sizes=\"auto, (max-width: 560px) 100vw, 560px\" \/><\/a><\/figure><\/div>\n\n\n\n<p>Ap\u00f3s enfrentar sucessivas derrotas no Congresso Nacional, o governo Luiz In\u00e1cio Lula da Silva (PT) passou a considerar o Supremo Tribunal Federal (STF) como principal rota de escape para tentar reverter perdas na pauta da seguran\u00e7a e em outras \u00e1reas sens\u00edveis. Nas \u00faltimas semanas, auxiliares do Planalto passaram a admitir a possibilidade de judicializar ao menos tr\u00eas mat\u00e9rias em que o Executivo saiu derrotado: a derrubada de vetos ao projeto de licenciamento ambiental, a aprova\u00e7\u00e3o do PL antifac\u00e7\u00e3o na C\u00e2mara e o avan\u00e7o de pautas-bomba com forte impacto fiscal.<br>A primeira frente aberta envolve o projeto de lei complementar que concede aposentadoria especial a agentes comunit\u00e1rios de sa\u00fade e agentes de combate \u00e0s endemias. O texto foi aprovado pelo Senado em meio \u00e0 <a href=\"https:\/\/www.gazetadopovo.com.br\/economia\/crise-entre-poderes-ameaca-abrir-rombo-mais-100-bilhoes\/\" target=\"_blank\" rel=\"noreferrer noopener\">crise pol\u00edtica desencadeada pela indica\u00e7\u00e3o de Jorge Messias ao Supremo Tribunal Federal (STF)<\/a>, que irritou o presidente da Casa,\u00a0<a href=\"https:\/\/www.gazetadopovo.com.br\/republica\/alcolumbre-inicia-retaliacao-ao-governo-e-cogita-acelerar-rito-para-atrapalhar-messias\/\" target=\"_blank\" rel=\"noreferrer noopener\">Davi Alcolumbre (Uni\u00e3o-AP)<\/a>. Agora, segue para an\u00e1lise da C\u00e2mara dos Deputados.<\/p>\n\n\n\n<div class=\"wp-block-image\"><figure class=\"aligncenter size-large\"><a href=\"https:\/\/www.cesconetto.com.br\/\"><img loading=\"lazy\" decoding=\"async\" width=\"300\" height=\"250\" src=\"https:\/\/jornalfatosenoticias.com.br\/wp-content\/uploads\/2022\/02\/Banner-2.png\" alt=\"\" class=\"wp-image-27877\"\/><\/a><\/figure><\/div>\n\n\n\n<p>Segundo o secret\u00e1rio-executivo da Fazenda, Dario Durigan, o impacto fiscal pode chegar a R$ 17 bilh\u00f5es por ano \u2014 valor que n\u00e3o cabe no atual arcabou\u00e7o fiscal, segundo ele. \u201cEsse projeto tem impacto muito grande. Ele \u00e9 muito ruim do ponto de vista da economia e n\u00e3o deveria ser aprovado sem uma ampla discuss\u00e3o sobre suas consequ\u00eancias\u201d. Durigan foi al\u00e9m e antecipou que, se o projeto for aprovado, o governo dever\u00e1 vet\u00e1-lo e, caso o veto seja derrubado, poder\u00e1 recorrer ao Judici\u00e1rio. \u201cSe o veto cair, seremos obrigados a ir ao Supremo para restabelecer as regras fiscais b\u00e1sicas do pa\u00eds\u201d, disse.<\/p>\n\n\n\n<div class=\"wp-block-image\"><figure class=\"aligncenter size-large is-resized\"><a href=\"https:\/\/www.instagram.com\/restaurantepegoretti\/\"><img loading=\"lazy\" decoding=\"async\" src=\"https:\/\/jornalfatosenoticias.com.br\/wp-content\/uploads\/2023\/12\/pegoretti-logo-pdf-1024x389.jpg\" alt=\"\" class=\"wp-image-47536\" width=\"498\" height=\"189\" srcset=\"https:\/\/jornalfatosenoticias.com.br\/wp-content\/uploads\/2023\/12\/pegoretti-logo-pdf-1024x389.jpg 1024w, https:\/\/jornalfatosenoticias.com.br\/wp-content\/uploads\/2023\/12\/pegoretti-logo-pdf-300x114.jpg 300w, https:\/\/jornalfatosenoticias.com.br\/wp-content\/uploads\/2023\/12\/pegoretti-logo-pdf-768x291.jpg 768w, https:\/\/jornalfatosenoticias.com.br\/wp-content\/uploads\/2023\/12\/pegoretti-logo-pdf.jpg 1120w\" sizes=\"auto, (max-width: 498px) 100vw, 498px\" \/><\/a><\/figure><\/div>\n\n\n\n<p>Nos bastidores, l\u00edderes do governo dizem haver ainda uma brecha para negociar o texto, mas reconhecem que, diante do tensionamento crescente com o Congresso, o caminho da judicializa\u00e7\u00e3o est\u00e1 cada vez mais prov\u00e1vel. Caso recorra ao STF, o governo deve ser atendido, pois, para o especialista em Direito Previdenci\u00e1rio Washington Barbosa, a proposta \u00e9 \u201cduplamente inconstitucional\u201d. <\/p>\n\n\n\n<div class=\"wp-block-image\"><figure class=\"aligncenter size-large is-resized\"><a href=\"https:\/\/www.facebook.com\/profile.php?id=100069289606145\"><img loading=\"lazy\" decoding=\"async\" src=\"https:\/\/jornalfatosenoticias.com.br\/wp-content\/uploads\/2024\/11\/Guaitolini-Contabilidade-1024x714.jpeg\" alt=\"\" class=\"wp-image-55808\" width=\"319\" height=\"222\" srcset=\"https:\/\/jornalfatosenoticias.com.br\/wp-content\/uploads\/2024\/11\/Guaitolini-Contabilidade-1024x714.jpeg 1024w, https:\/\/jornalfatosenoticias.com.br\/wp-content\/uploads\/2024\/11\/Guaitolini-Contabilidade-300x209.jpeg 300w, https:\/\/jornalfatosenoticias.com.br\/wp-content\/uploads\/2024\/11\/Guaitolini-Contabilidade-768x535.jpeg 768w, https:\/\/jornalfatosenoticias.com.br\/wp-content\/uploads\/2024\/11\/Guaitolini-Contabilidade.jpeg 1280w\" sizes=\"auto, (max-width: 319px) 100vw, 319px\" \/><\/a><\/figure><\/div>\n\n\n\n<p>Ele afirma que o texto imp\u00f5e despesas a munic\u00edpios sem indicar fonte de custeio, violando princ\u00edpios constitucionais. \u201cN\u00e3o existe despesa sem fonte de custeio. O governo deve se apoiar nesse ponto para contestar a medida\u201d, disse. Ainda assim, Barbosa pondera que o governo deve agir com cautela. \u201cH\u00e1 elevada popularidade da categoria [beneficiada]. O ambiente pol\u00edtico pode influenciar o ritmo e o tom da judicializa\u00e7\u00e3o\u201d, completa.<\/p>\n\n\n\n<div class=\"wp-block-image\"><figure class=\"aligncenter size-large is-resized\"><a href=\"https:\/\/hotelmarquetti.com.br\/\"><img loading=\"lazy\" decoding=\"async\" src=\"https:\/\/jornalfatosenoticias.com.br\/wp-content\/uploads\/2020\/02\/LOGO-MQ-1024x680.jpg\" alt=\"\" class=\"wp-image-58299\" width=\"316\" height=\"210\" srcset=\"https:\/\/jornalfatosenoticias.com.br\/wp-content\/uploads\/2020\/02\/LOGO-MQ-1024x680.jpg 1024w, https:\/\/jornalfatosenoticias.com.br\/wp-content\/uploads\/2020\/02\/LOGO-MQ-300x199.jpg 300w, https:\/\/jornalfatosenoticias.com.br\/wp-content\/uploads\/2020\/02\/LOGO-MQ-768x510.jpg 768w, https:\/\/jornalfatosenoticias.com.br\/wp-content\/uploads\/2020\/02\/LOGO-MQ-1536x1020.jpg 1536w, https:\/\/jornalfatosenoticias.com.br\/wp-content\/uploads\/2020\/02\/LOGO-MQ-2048x1360.jpg 2048w\" sizes=\"auto, (max-width: 316px) 100vw, 316px\" \/><\/a><\/figure><\/div>\n\n\n\n<p><strong><span class=\"has-inline-color has-black-color\">Com derrota no licenciamento ambiental, governo fala em \u201ccaos jur\u00eddico\u201d e mira o STF<br><\/span><\/strong>A derrubada de 52 dos 63 vetos de Lula ao projeto de licenciamento ambiental abriu outra frente de desgaste. A decis\u00e3o do Congresso \u2014 uma vit\u00f3ria da bancada do agroneg\u00f3cio e de setores empresariais \u2014 eliminou pontos considerados essenciais pelo Minist\u00e9rio do Meio Ambiente. A ministra Marina Silva alertou que a medida criar\u00e1 um cen\u00e1rio de inseguran\u00e7a jur\u00eddica sem precedentes. \u201cVai ser uma verdadeira guerra de liminares. Cada estado e cada munic\u00edpio far\u00e1 sua pr\u00f3pria lei de licenciamento, flexibilizando para atrair investimentos. \u00c9 a competi\u00e7\u00e3o pelo caminho de baixo\u201d, disse a chefe da pasta em entrevista \u00e0 r\u00e1dio CBN.<\/p>\n\n\n\n<div class=\"wp-block-image\"><figure class=\"aligncenter size-large is-resized\"><a href=\"https:\/\/www.instagram.com\/serra4x4cambioautomatico\/\"><img loading=\"lazy\" decoding=\"async\" src=\"https:\/\/jornalfatosenoticias.com.br\/wp-content\/uploads\/2024\/08\/Serra-4x4-1-886x1024.jpg\" alt=\"\" class=\"wp-image-53632\" width=\"253\" height=\"292\" srcset=\"https:\/\/jornalfatosenoticias.com.br\/wp-content\/uploads\/2024\/08\/Serra-4x4-1-886x1024.jpg 886w, https:\/\/jornalfatosenoticias.com.br\/wp-content\/uploads\/2024\/08\/Serra-4x4-1-260x300.jpg 260w, https:\/\/jornalfatosenoticias.com.br\/wp-content\/uploads\/2024\/08\/Serra-4x4-1-768x888.jpg 768w, https:\/\/jornalfatosenoticias.com.br\/wp-content\/uploads\/2024\/08\/Serra-4x4-1.jpg 1181w\" sizes=\"auto, (max-width: 253px) 100vw, 253px\" \/><\/a><\/figure><\/div>\n\n\n\n<p>Marina confirmou que o governo tamb\u00e9m \u201cavalia fortemente\u201d a possibilidade de acionar o STF nesse caso e destacou que a derrubada de vetos pode afetar o acordo comercial entre Mercosul e Uni\u00e3o Europeia, devido ao enfraquecimento das garantias socioambientais. \u201cCom a remo\u00e7\u00e3o de prote\u00e7\u00f5es legais e o caos jur\u00eddico que temos agora, n\u00e3o h\u00e1 base para manter os mesmos resultados nas negocia\u00e7\u00f5es internacionais\u201d, opinou.<\/p>\n\n\n\n<div class=\"wp-block-image\"><figure class=\"aligncenter size-large is-resized\"><a href=\"https:\/\/legisjuris.com.br\/\"><img loading=\"lazy\" decoding=\"async\" src=\"https:\/\/jornalfatosenoticias.com.br\/wp-content\/uploads\/2024\/09\/Legis-Juris-Consultoria_logo.jpg\" alt=\"\" class=\"wp-image-53915\" width=\"496\" height=\"208\" srcset=\"https:\/\/jornalfatosenoticias.com.br\/wp-content\/uploads\/2024\/09\/Legis-Juris-Consultoria_logo.jpg 969w, https:\/\/jornalfatosenoticias.com.br\/wp-content\/uploads\/2024\/09\/Legis-Juris-Consultoria_logo-300x126.jpg 300w, https:\/\/jornalfatosenoticias.com.br\/wp-content\/uploads\/2024\/09\/Legis-Juris-Consultoria_logo-768x322.jpg 768w\" sizes=\"auto, (max-width: 496px) 100vw, 496px\" \/><\/a><\/figure><\/div>\n\n\n\n<p>Lula deve se reunir com a ministra e com a Casa Civil para avaliar as estrat\u00e9gias jur\u00eddicas. Entidades ambientais e partidos de esquerda j\u00e1 anunciaram que ingressar\u00e3o no STF para tentar reverter a decis\u00e3o. Para o especialista em An\u00e1lise Econ\u00f4mica do Direito Andr\u00e9 Aidar, a derrubada dos vetos alterou profundamente o ambiente regulat\u00f3rio do agroneg\u00f3cio. \u201cA flexibiliza\u00e7\u00e3o e a descentraliza\u00e7\u00e3o trazem agilidade, mas ampliam a responsabilidade do produtor e a chance de judicializa\u00e7\u00e3o\u201d, explicou.<\/p>\n\n\n\n<div class=\"wp-block-image\"><figure class=\"aligncenter size-large is-resized\"><a href=\"https:\/\/www.controlsystems.com.br\/\"><img loading=\"lazy\" decoding=\"async\" src=\"https:\/\/jornalfatosenoticias.com.br\/wp-content\/uploads\/2020\/02\/CONTROL-CS.jpg\" alt=\"\" class=\"wp-image-44991\" width=\"265\" height=\"318\" srcset=\"https:\/\/jornalfatosenoticias.com.br\/wp-content\/uploads\/2020\/02\/CONTROL-CS.jpg 834w, https:\/\/jornalfatosenoticias.com.br\/wp-content\/uploads\/2020\/02\/CONTROL-CS-250x300.jpg 250w, https:\/\/jornalfatosenoticias.com.br\/wp-content\/uploads\/2020\/02\/CONTROL-CS-768x921.jpg 768w\" sizes=\"auto, (max-width: 265px) 100vw, 265px\" \/><\/a><\/figure><\/div>\n\n\n\n<p>Aidar destaca que o autolicenciamento \u00e9 um \u201cavan\u00e7o hist\u00f3rico\u201d para atividades de baixo e m\u00e9dio impacto, mas exige governan\u00e7a rigorosa do setor privado. \u201cO produtor ganha velocidade, mas assume o dever de demonstrar conformidade t\u00e9cnica e ambiental. \u00c9 autonomia com \u00f4nus\u201d, afirmou. O especialista alerta, por\u00e9m, que a aus\u00eancia de padroniza\u00e7\u00e3o nacional pode gerar conflitos. \u201cA desigualdade de crit\u00e9rios entre estados e munic\u00edpios cria inseguran\u00e7a jur\u00eddica e aumenta a probabilidade de lit\u00edgios com o MPF, o Ibama e tribunais de contas\u201d, completou.<\/p>\n\n\n\n<div class=\"wp-block-image\"><figure class=\"aligncenter size-large is-resized\"><a href=\"https:\/\/www.instagram.com\/gruposei\/\"><img loading=\"lazy\" decoding=\"async\" src=\"https:\/\/jornalfatosenoticias.com.br\/wp-content\/uploads\/2022\/07\/Logo-Grupo-SEI.jpg\" alt=\"\" class=\"wp-image-31973\" width=\"360\" height=\"189\" srcset=\"https:\/\/jornalfatosenoticias.com.br\/wp-content\/uploads\/2022\/07\/Logo-Grupo-SEI.jpg 713w, https:\/\/jornalfatosenoticias.com.br\/wp-content\/uploads\/2022\/07\/Logo-Grupo-SEI-300x158.jpg 300w\" sizes=\"auto, (max-width: 360px) 100vw, 360px\" \/><\/a><\/figure><\/div>\n\n\n\n<p><strong><span class=\"has-inline-color has-black-color\">PL antifac\u00e7\u00e3o acirra crise e governo admite contestar texto<br><\/span><\/strong>A terceira e politicamente mais sens\u00edvel derrota do governo diz respeito ao PL antifac\u00e7\u00e3o. O texto aprovado pela C\u00e2mara \u2014 relatado pelo deputado Guilherme Derrite (PP-SP), ex-secret\u00e1rio de Seguran\u00e7a de S\u00e3o Paulo, na gest\u00e3o de Tarc\u00edsio de Freitas \u2014 cria um novo Marco Legal de Combate ao Crime Organizado e endurece penas, contrariando o projeto original enviado pelo governo.<\/p>\n\n\n\n<div class=\"wp-block-image\"><figure class=\"aligncenter size-large\"><a href=\"http:\/\/www.ferrarimaquinas.com.br\/\"><img loading=\"lazy\" decoding=\"async\" width=\"300\" height=\"250\" src=\"https:\/\/jornalfatosenoticias.com.br\/wp-content\/uploads\/2022\/02\/FERRARI_MAQUINAS-E-FERRAMENTAS2.jpg\" alt=\"\" class=\"wp-image-27860\"\/><\/a><\/figure><\/div>\n\n\n\n<p>O Planalto esperava que o Senado amenizasse a proposta, mas o relator na Casa, senador Alessandro Vieira (MDB-SE), <a href=\"https:\/\/www.gazetadopovo.com.br\/republica\/congresso-prepara-derrotas-ao-governo-lula-na-pauta-da-seguranca\/\" target=\"_blank\" rel=\"noreferrer noopener\">j\u00e1 sinalizou que n\u00e3o atender\u00e1 \u00e0s principais demandas do Executivo<\/a>. As mudan\u00e7as previstas se limitar\u00e3o \u00e0 retirada de trechos considerados inconstitucionais, como:<br><strong><span class=\"has-inline-color has-black-color\">\u2022<\/span><\/strong> restri\u00e7\u00f5es ao aux\u00edlio-reclus\u00e3o;<br><strong><span class=\"has-inline-color has-black-color\">\u2022<\/span><\/strong> altera\u00e7\u00f5es no Tribunal do J\u00fari;<br><strong><span class=\"has-inline-color has-black-color\">\u2022<\/span><\/strong> supress\u00e3o do direito ao voto.<\/p>\n\n\n\n<div class=\"wp-block-image\"><figure class=\"aligncenter size-large is-resized\"><a href=\"https:\/\/panper.com.br\/\"><img loading=\"lazy\" decoding=\"async\" src=\"https:\/\/jornalfatosenoticias.com.br\/wp-content\/uploads\/2023\/03\/logo-Panper_portal.jpg\" alt=\"\" class=\"wp-image-40208\" width=\"331\" height=\"229\" srcset=\"https:\/\/jornalfatosenoticias.com.br\/wp-content\/uploads\/2023\/03\/logo-Panper_portal.jpg 400w, https:\/\/jornalfatosenoticias.com.br\/wp-content\/uploads\/2023\/03\/logo-Panper_portal-300x208.jpg 300w\" sizes=\"auto, (max-width: 331px) 100vw, 331px\" \/><\/a><\/figure><\/div>\n\n\n\n<p>O endurecimento das penas e a espinha dorsal do novo marco devem ser mantidos. O Senado deve votar a proposta nesta semana, mas, por conta das mudan\u00e7as, o texto voltar\u00e1 para nova an\u00e1lise na C\u00e2mara dos Deputados. Lula <a href=\"https:\/\/www.gazetadopovo.com.br\/republica\/lula-critica-versao-do-pl-antifaccao-aprovado-na-camara\/\" target=\"_blank\" rel=\"noreferrer noopener\">j\u00e1 criticou publicamente a vers\u00e3o aprovada pelos deputados<\/a>. \u201cDo jeito que est\u00e1, o projeto enfraquece o combate ao crime e gera inseguran\u00e7a jur\u00eddica. Trocar o certo pelo duvidoso s\u00f3 favorece quem quer escapar da lei\u201d, disse.<\/p>\n\n\n\n<div class=\"wp-block-image\"><figure class=\"aligncenter size-large is-resized\"><a href=\"https:\/\/www.facebook.com\/postobkr\/?locale=pt_BR\"><img loading=\"lazy\" decoding=\"async\" src=\"https:\/\/jornalfatosenoticias.com.br\/wp-content\/uploads\/2023\/08\/BKR-1024x1021.jpg\" alt=\"\" class=\"wp-image-44494\" width=\"288\" height=\"287\" srcset=\"https:\/\/jornalfatosenoticias.com.br\/wp-content\/uploads\/2023\/08\/BKR-1024x1021.jpg 1024w, https:\/\/jornalfatosenoticias.com.br\/wp-content\/uploads\/2023\/08\/BKR-300x300.jpg 300w, https:\/\/jornalfatosenoticias.com.br\/wp-content\/uploads\/2023\/08\/BKR-150x150.jpg 150w, https:\/\/jornalfatosenoticias.com.br\/wp-content\/uploads\/2023\/08\/BKR-768x766.jpg 768w, https:\/\/jornalfatosenoticias.com.br\/wp-content\/uploads\/2023\/08\/BKR.jpg 1080w\" sizes=\"auto, (max-width: 288px) 100vw, 288px\" \/><\/a><\/figure><\/div>\n\n\n\n<p>O presidente da C\u00e2mara, Hugo Motta (Republicanos-PB), <a href=\"https:\/\/www.gazetadopovo.com.br\/republica\/motta-governo-tem-que-se-explicar-apos-votar-contra-pl-antifaccao\/\" target=\"_blank\" rel=\"noreferrer noopener\">r<\/a><a href=\"https:\/\/www.gazetadopovo.com.br\/republica\/motta-governo-tem-que-se-explicar-apos-votar-contra-pl-antifaccao\/\">espondeu imediatamente<\/a>. \u201cO governo optou por desinformar a popula\u00e7\u00e3o. Foi um erro ficar contra e, agora, precisa explicar aos brasileiros por que rejeitou o projeto\u201d, disse.<br>No Minist\u00e9rio da Justi\u00e7a, j\u00e1 h\u00e1 t\u00e9cnicos analisando quais trechos poder\u00e3o ser contestados no STF, caso o texto avance. Entre os pontos sob estudo est\u00e1 o esvaziamento do Fundo Nacional de Seguran\u00e7a P\u00fablica (FNSP) e do Funad, alterados pelo texto aprovado na C\u00e2mara. A nova estrat\u00e9gia tende a aprofundar o desgaste institucional entre Executivo e Congresso. Parlamentares j\u00e1 acusam o governo de querer \u201cgovernar via STF\u201d, enquanto o Planalto argumenta que est\u00e1 apenas defendendo a Constitui\u00e7\u00e3o, regras fiscais e pol\u00edticas p\u00fablicas essenciais.<\/p>\n\n\n\n<div class=\"wp-block-image\"><figure class=\"aligncenter size-large is-resized\"><a href=\"https:\/\/www.instagram.com\/esteio.churrascaria\/\"><img loading=\"lazy\" decoding=\"async\" src=\"https:\/\/jornalfatosenoticias.com.br\/wp-content\/uploads\/2022\/02\/LOGO-ESTEIO-1024x730.png\" alt=\"\" class=\"wp-image-27942\" width=\"338\" height=\"241\" srcset=\"https:\/\/jornalfatosenoticias.com.br\/wp-content\/uploads\/2022\/02\/LOGO-ESTEIO-1024x730.png 1024w, https:\/\/jornalfatosenoticias.com.br\/wp-content\/uploads\/2022\/02\/LOGO-ESTEIO-300x214.png 300w, https:\/\/jornalfatosenoticias.com.br\/wp-content\/uploads\/2022\/02\/LOGO-ESTEIO-768x548.png 768w, https:\/\/jornalfatosenoticias.com.br\/wp-content\/uploads\/2022\/02\/LOGO-ESTEIO.png 1123w\" sizes=\"auto, (max-width: 338px) 100vw, 338px\" \/><\/a><\/figure><\/div>\n\n\n\n<blockquote class=\"wp-block-quote is-layout-flow wp-block-quote-is-layout-flow\"><p><span class=\"has-inline-color has-luminous-vivid-orange-color\">O l\u00edder do governo vive dizendo: &#8220;n\u00f3s vamos judicializar&#8221;. A \u00fanica coisa que a esquerda sabe fazer nesta C\u00e2mara \u00e9 judicializar, recorrer ao STF para determinar o futuro das vota\u00e7\u00f5es\u201d, disse Z\u00e9 Trov\u00e3o (PL-SC).<\/span><\/p><\/blockquote>\n\n\n\n<div class=\"wp-block-image\"><figure class=\"aligncenter size-large is-resized\"><a href=\"https:\/\/www.ithbrasil.com.br\/\"><img loading=\"lazy\" decoding=\"async\" src=\"https:\/\/jornalfatosenoticias.com.br\/wp-content\/uploads\/2023\/08\/ITH.jpeg\" alt=\"\" class=\"wp-image-44638\" width=\"283\" height=\"230\" srcset=\"https:\/\/jornalfatosenoticias.com.br\/wp-content\/uploads\/2023\/08\/ITH.jpeg 800w, https:\/\/jornalfatosenoticias.com.br\/wp-content\/uploads\/2023\/08\/ITH-300x244.jpeg 300w, https:\/\/jornalfatosenoticias.com.br\/wp-content\/uploads\/2023\/08\/ITH-768x624.jpeg 768w\" sizes=\"auto, (max-width: 283px) 100vw, 283px\" \/><\/a><\/figure><\/div>\n\n\n\n<p>O deputado Carlos Jordy (PL-RJ), vice-l\u00edder da Minoria, refor\u00e7a que o governo amplia a crise institucional ao recorrer ao STF. \u201cO governo declara guerra ao Congresso ao acionar o Supremo. Quem viola a separa\u00e7\u00e3o de Poderes \u00e9 o governo Lula, que desrespeita as decis\u00f5es legislativas\u201d, destacou.<\/p>\n\n\n\n<div class=\"wp-block-image\"><figure class=\"aligncenter size-large is-resized\"><a href=\"https:\/\/hotelmarquetti.com.br\/\"><img loading=\"lazy\" decoding=\"async\" src=\"https:\/\/jornalfatosenoticias.com.br\/wp-content\/uploads\/2020\/02\/LOGO-MQ-1024x680.jpg\" alt=\"\" class=\"wp-image-58299\" width=\"345\" height=\"229\" srcset=\"https:\/\/jornalfatosenoticias.com.br\/wp-content\/uploads\/2020\/02\/LOGO-MQ-1024x680.jpg 1024w, https:\/\/jornalfatosenoticias.com.br\/wp-content\/uploads\/2020\/02\/LOGO-MQ-300x199.jpg 300w, https:\/\/jornalfatosenoticias.com.br\/wp-content\/uploads\/2020\/02\/LOGO-MQ-768x510.jpg 768w, https:\/\/jornalfatosenoticias.com.br\/wp-content\/uploads\/2020\/02\/LOGO-MQ-1536x1020.jpg 1536w, https:\/\/jornalfatosenoticias.com.br\/wp-content\/uploads\/2020\/02\/LOGO-MQ-2048x1360.jpg 2048w\" sizes=\"auto, (max-width: 345px) 100vw, 345px\" \/><\/a><\/figure><\/div>\n\n\n\n<p><strong><span class=\"has-inline-color has-black-color\">Judicializa\u00e7\u00e3o da pol\u00edtica contradiz discurso de Lula<br><\/span><\/strong>O recurso ao Judici\u00e1rio contrasta com o discurso p\u00fablico de Lula desde o in\u00edcio do terceiro mandato. Em reuni\u00f5es com governadores e parlamentares, o petista pediu que disputas pol\u00edticas n\u00e3o fossem levadas ao STF. \u201cN\u00f3s temos culpa de tanta judicializa\u00e7\u00e3o. Perdemos algo no Congresso e recorremos a outra inst\u00e2ncia. N\u00e3o \u00e9 assim que o jogo democr\u00e1tico funciona\u201d, disse. <\/p>\n\n\n\n<div class=\"wp-block-image\"><figure class=\"aligncenter size-large is-resized\"><a href=\"https:\/\/www.facebook.com\/profile.php?id=100069289606145\"><img loading=\"lazy\" decoding=\"async\" src=\"https:\/\/jornalfatosenoticias.com.br\/wp-content\/uploads\/2024\/11\/Guaitolini-Contabilidade-1024x714.jpeg\" alt=\"\" class=\"wp-image-55808\" width=\"330\" height=\"230\" srcset=\"https:\/\/jornalfatosenoticias.com.br\/wp-content\/uploads\/2024\/11\/Guaitolini-Contabilidade-1024x714.jpeg 1024w, https:\/\/jornalfatosenoticias.com.br\/wp-content\/uploads\/2024\/11\/Guaitolini-Contabilidade-300x209.jpeg 300w, https:\/\/jornalfatosenoticias.com.br\/wp-content\/uploads\/2024\/11\/Guaitolini-Contabilidade-768x535.jpeg 768w, https:\/\/jornalfatosenoticias.com.br\/wp-content\/uploads\/2024\/11\/Guaitolini-Contabilidade.jpeg 1280w\" sizes=\"auto, (max-width: 330px) 100vw, 330px\" \/><\/a><\/figure><\/div>\n\n\n\n<p>Em maio deste ano, durante a Marcha dos Prefeitos, Lula refor\u00e7ou: \u201cas disputas federativas precisam ser resolvidas na mesa de negocia\u00e7\u00e3o, n\u00e3o no Judici\u00e1rio\u201d, disse. A fala, no entanto, colide com o atual cen\u00e1rio pol\u00edtico. Com uma base fragmentada, derrotas sucessivas e o avan\u00e7o de pautas impulsionadas por oposi\u00e7\u00e3o e Centr\u00e3o, o Planalto passou a ver o Supremo Tribunal Federal como \u00fanica inst\u00e2ncia vi\u00e1vel para recuperar terreno.<\/p>\n\n\n\n<div class=\"wp-block-image\"><figure class=\"aligncenter size-large\"><a href=\"https:\/\/www.cesconetto.com.br\/\"><img loading=\"lazy\" decoding=\"async\" width=\"300\" height=\"250\" src=\"https:\/\/jornalfatosenoticias.com.br\/wp-content\/uploads\/2022\/02\/Banner-2.png\" alt=\"\" class=\"wp-image-27877\"\/><\/a><\/figure><\/div>\n\n\n\n<blockquote class=\"wp-block-quote is-layout-flow wp-block-quote-is-layout-flow\"><p><span class=\"has-inline-color has-luminous-vivid-orange-color\">O deputado Gilberto Silva (PL-PB) resgatou falas do pr\u00f3prio Lula sobre a import\u00e2ncia do STF nas decis\u00f5es do Executivo. \u201cO pr\u00f3prio Lula disse: &#8220;se eu n\u00e3o recorrer ao Supremo, eu n\u00e3o governo&#8221;. Isso \u00e9 ditadura!\u201d, disse.<\/span><\/p><\/blockquote>\n\n\n\n<div class=\"wp-block-image\"><figure class=\"aligncenter size-large is-resized\"><a href=\"https:\/\/www.instagram.com\/rcradiadores\/\"><img loading=\"lazy\" decoding=\"async\" src=\"https:\/\/jornalfatosenoticias.com.br\/wp-content\/uploads\/2022\/10\/RC_800x750_page-0001.jpg\" alt=\"\" class=\"wp-image-35338\" width=\"319\" height=\"299\" srcset=\"https:\/\/jornalfatosenoticias.com.br\/wp-content\/uploads\/2022\/10\/RC_800x750_page-0001.jpg 400w, https:\/\/jornalfatosenoticias.com.br\/wp-content\/uploads\/2022\/10\/RC_800x750_page-0001-300x281.jpg 300w\" sizes=\"auto, (max-width: 319px) 100vw, 319px\" \/><\/a><\/figure><\/div>\n\n\n\n<p>Mas, em julho, <a href=\"https:\/\/www.gazetadopovo.com.br\/economia\/governo-desafia-congresso-e-recorre-ao-stf-para-subir-iof-novamente\/\" target=\"_blank\" rel=\"noreferrer noopener\">Lula justificou o recurso ao Judici\u00e1rio ap\u00f3s o Congresso derrubar aumento do IOF<\/a> ao afirmar que havia descumprimento de acordo pol\u00edtico. \u201cSe eu n\u00e3o entrar com recurso no Judici\u00e1rio, eu n\u00e3o governo mais o pa\u00eds. Cada macaco no seu galho: ele legisla, e eu governo\u201d, disse o petista \u00e0 \u00e9poca.<\/p>\n\n\n\n<div class=\"wp-block-image\"><figure class=\"aligncenter size-large is-resized\"><a href=\"https:\/\/www.instagram.com\/serra4x4cambioautomatico\/\"><img loading=\"lazy\" decoding=\"async\" src=\"https:\/\/jornalfatosenoticias.com.br\/wp-content\/uploads\/2024\/08\/Serra-4x4-1-886x1024.jpg\" alt=\"\" class=\"wp-image-53632\" width=\"255\" height=\"295\" srcset=\"https:\/\/jornalfatosenoticias.com.br\/wp-content\/uploads\/2024\/08\/Serra-4x4-1-886x1024.jpg 886w, https:\/\/jornalfatosenoticias.com.br\/wp-content\/uploads\/2024\/08\/Serra-4x4-1-260x300.jpg 260w, https:\/\/jornalfatosenoticias.com.br\/wp-content\/uploads\/2024\/08\/Serra-4x4-1-768x888.jpg 768w, https:\/\/jornalfatosenoticias.com.br\/wp-content\/uploads\/2024\/08\/Serra-4x4-1.jpg 1181w\" sizes=\"auto, (max-width: 255px) 100vw, 255px\" \/><\/a><\/figure><\/div>\n\n\n\n<p>Para Gilberto Silva, as declara\u00e7\u00f5es s\u00e3o evid\u00eancias de uma estrat\u00e9gia coordenada. Segundo ele, h\u00e1 \u201cuma parceria clara do Executivo com a Suprema Corte. Perderam aqui de lapada, maior que o qu\u00f3rum de impeachment, e da\u00ed judicializam a pol\u00edtica\u201d, criticou.<\/p>\n\n\n\n<div class=\"wp-block-image\"><figure class=\"aligncenter size-large is-resized\"><a href=\"https:\/\/www.facebook.com\/vetor.vix\/\"><img loading=\"lazy\" decoding=\"async\" src=\"https:\/\/jornalfatosenoticias.com.br\/wp-content\/uploads\/2023\/09\/vetorvix1024_1.jpg\" alt=\"\" class=\"wp-image-44868\" width=\"558\" height=\"148\" srcset=\"https:\/\/jornalfatosenoticias.com.br\/wp-content\/uploads\/2023\/09\/vetorvix1024_1.jpg 1024w, https:\/\/jornalfatosenoticias.com.br\/wp-content\/uploads\/2023\/09\/vetorvix1024_1-300x80.jpg 300w, https:\/\/jornalfatosenoticias.com.br\/wp-content\/uploads\/2023\/09\/vetorvix1024_1-768x205.jpg 768w\" sizes=\"auto, (max-width: 558px) 100vw, 558px\" \/><\/a><\/figure><\/div>\n\n\n\n<p><strong>Fonte: <a href=\"https:\/\/www.gazetadopovo.com.br\/republica\/com-derrotas-no-congresso-lula-se-prepara-para-se-escorar-no-judiciario\/\">Gazeta do Povo<\/a><\/strong><\/p>\n","protected":false},"excerpt":{"rendered":"<p>Lula e o ministro Edson Fachin, presidente do STF Por Wesley Oliveira Ap\u00f3s enfrentar sucessivas derrotas no Congresso Nacional, o governo Luiz In\u00e1cio Lula da Silva (PT) passou a considerar o Supremo Tribunal Federal (STF) como principal rota de escape para tentar reverter perdas na pauta da seguran\u00e7a e em outras \u00e1reas sens\u00edveis. Nas \u00faltimas [&hellip;]<\/p>\n","protected":false},"author":2,"featured_media":63767,"comment_status":"open","ping_status":"open","sticky":false,"template":"","format":"standard","meta":{"footnotes":""},"categories":[10],"tags":[982,22742,10224,19435,25620,9126,17895,11517,7580,17819,945,4101,486,294],"class_list":["post-63766","post","type-post","status-publish","format-standard","has-post-thumbnail","hentry","category-politica","tag-camara-dos-deputados","tag-capitao-derrite","tag-congresso-nacional","tag-davi-alcolumbre","tag-hugo-motta","tag-judicializacao","tag-judiciario","tag-licenciamento-ambiental","tag-lula","tag-marina-silva","tag-meio-ambiente","tag-seguranca-publica","tag-senado","tag-stf"],"yoast_head":"<!-- This site is optimized with the Yoast SEO plugin v26.5 - https:\/\/yoast.com\/wordpress\/plugins\/seo\/ -->\n<title>Com derrotas no Congresso, Lula se prepara para \u201cse escorar\u201d no Judici\u00e1rio - Jornal Fatos e Not\u00edcias<\/title>\n<meta name=\"robots\" content=\"index, follow, max-snippet:-1, max-image-preview:large, max-video-preview:-1\" \/>\n<link rel=\"canonical\" href=\"https:\/\/jornalfatosenoticias.com.br\/index.php\/2025\/12\/08\/com-derrotas-no-congresso-lula-se-prepara-para-se-escorar-no-judiciario\/\" \/>\n<meta property=\"og:locale\" content=\"pt_BR\" \/>\n<meta property=\"og:type\" content=\"article\" \/>\n<meta property=\"og:title\" content=\"Com derrotas no Congresso, Lula se prepara para \u201cse escorar\u201d no Judici\u00e1rio - Jornal Fatos e Not\u00edcias\" \/>\n<meta property=\"og:description\" content=\"Lula e o ministro Edson Fachin, presidente do STF Por Wesley Oliveira Ap\u00f3s enfrentar sucessivas derrotas no Congresso Nacional, o governo Luiz In\u00e1cio Lula da Silva (PT) passou a considerar o Supremo Tribunal Federal (STF) como principal rota de escape para tentar reverter perdas na pauta da seguran\u00e7a e em outras \u00e1reas sens\u00edveis. Nas \u00faltimas [&hellip;]\" \/>\n<meta property=\"og:url\" content=\"https:\/\/jornalfatosenoticias.com.br\/index.php\/2025\/12\/08\/com-derrotas-no-congresso-lula-se-prepara-para-se-escorar-no-judiciario\/\" \/>\n<meta property=\"og:site_name\" content=\"Jornal Fatos e Not\u00edcias\" \/>\n<meta property=\"article:published_time\" content=\"2025-12-08T19:05:36+00:00\" \/>\n<meta property=\"article:modified_time\" content=\"2025-12-08T19:05:39+00:00\" \/>\n<meta property=\"og:image\" content=\"https:\/\/jornalfatosenoticias.com.br\/wp-content\/uploads\/2025\/12\/Lula-Fachin-STF.jpg\" \/>\n\t<meta property=\"og:image:width\" content=\"1000\" \/>\n\t<meta property=\"og:image:height\" content=\"666\" \/>\n\t<meta property=\"og:image:type\" content=\"image\/jpeg\" \/>\n<meta name=\"author\" content=\"Luzimara Fernandes\" \/>\n<meta name=\"twitter:card\" content=\"summary_large_image\" \/>\n<meta name=\"twitter:label1\" content=\"Escrito por\" \/>\n\t<meta name=\"twitter:data1\" content=\"Luzimara Fernandes\" \/>\n\t<meta name=\"twitter:label2\" content=\"Est. tempo de leitura\" \/>\n\t<meta name=\"twitter:data2\" content=\"8 minutos\" \/>\n<script type=\"application\/ld+json\" class=\"yoast-schema-graph\">{\"@context\":\"https:\/\/schema.org\",\"@graph\":[{\"@type\":\"Article\",\"@id\":\"https:\/\/jornalfatosenoticias.com.br\/index.php\/2025\/12\/08\/com-derrotas-no-congresso-lula-se-prepara-para-se-escorar-no-judiciario\/#article\",\"isPartOf\":{\"@id\":\"https:\/\/jornalfatosenoticias.com.br\/index.php\/2025\/12\/08\/com-derrotas-no-congresso-lula-se-prepara-para-se-escorar-no-judiciario\/\"},\"author\":{\"name\":\"Luzimara Fernandes\",\"@id\":\"https:\/\/jornalfatosenoticias.com.br\/#\/schema\/person\/d63837fa13ac8666eb9e74e0985d6f81\"},\"headline\":\"Com derrotas no Congresso, Lula se prepara para \u201cse escorar\u201d no Judici\u00e1rio\",\"datePublished\":\"2025-12-08T19:05:36+00:00\",\"dateModified\":\"2025-12-08T19:05:39+00:00\",\"mainEntityOfPage\":{\"@id\":\"https:\/\/jornalfatosenoticias.com.br\/index.php\/2025\/12\/08\/com-derrotas-no-congresso-lula-se-prepara-para-se-escorar-no-judiciario\/\"},\"wordCount\":1539,\"commentCount\":0,\"publisher\":{\"@id\":\"https:\/\/jornalfatosenoticias.com.br\/#organization\"},\"image\":{\"@id\":\"https:\/\/jornalfatosenoticias.com.br\/index.php\/2025\/12\/08\/com-derrotas-no-congresso-lula-se-prepara-para-se-escorar-no-judiciario\/#primaryimage\"},\"thumbnailUrl\":\"https:\/\/jornalfatosenoticias.com.br\/wp-content\/uploads\/2025\/12\/Lula-Fachin-STF.jpg\",\"keywords\":[\"C\u00e2mara dos Deputados\",\"Capit\u00e3o Derrite\",\"Congresso Nacional\",\"Davi Alcolumbre\",\"Hugo Motta\",\"judicializa\u00e7\u00e3o\",\"Judici\u00e1rio\",\"licenciamento ambiental\",\"Lula\",\"Marina Silva\",\"meio ambiente\",\"seguran\u00e7a p\u00fablica\",\"Senado\",\"STF\"],\"articleSection\":[\"Pol\u00edtica\"],\"inLanguage\":\"pt-BR\",\"potentialAction\":[{\"@type\":\"CommentAction\",\"name\":\"Comment\",\"target\":[\"https:\/\/jornalfatosenoticias.com.br\/index.php\/2025\/12\/08\/com-derrotas-no-congresso-lula-se-prepara-para-se-escorar-no-judiciario\/#respond\"]}]},{\"@type\":\"WebPage\",\"@id\":\"https:\/\/jornalfatosenoticias.com.br\/index.php\/2025\/12\/08\/com-derrotas-no-congresso-lula-se-prepara-para-se-escorar-no-judiciario\/\",\"url\":\"https:\/\/jornalfatosenoticias.com.br\/index.php\/2025\/12\/08\/com-derrotas-no-congresso-lula-se-prepara-para-se-escorar-no-judiciario\/\",\"name\":\"Com derrotas no Congresso, Lula se prepara para \u201cse escorar\u201d no Judici\u00e1rio - Jornal Fatos e Not\u00edcias\",\"isPartOf\":{\"@id\":\"https:\/\/jornalfatosenoticias.com.br\/#website\"},\"primaryImageOfPage\":{\"@id\":\"https:\/\/jornalfatosenoticias.com.br\/index.php\/2025\/12\/08\/com-derrotas-no-congresso-lula-se-prepara-para-se-escorar-no-judiciario\/#primaryimage\"},\"image\":{\"@id\":\"https:\/\/jornalfatosenoticias.com.br\/index.php\/2025\/12\/08\/com-derrotas-no-congresso-lula-se-prepara-para-se-escorar-no-judiciario\/#primaryimage\"},\"thumbnailUrl\":\"https:\/\/jornalfatosenoticias.com.br\/wp-content\/uploads\/2025\/12\/Lula-Fachin-STF.jpg\",\"datePublished\":\"2025-12-08T19:05:36+00:00\",\"dateModified\":\"2025-12-08T19:05:39+00:00\",\"breadcrumb\":{\"@id\":\"https:\/\/jornalfatosenoticias.com.br\/index.php\/2025\/12\/08\/com-derrotas-no-congresso-lula-se-prepara-para-se-escorar-no-judiciario\/#breadcrumb\"},\"inLanguage\":\"pt-BR\",\"potentialAction\":[{\"@type\":\"ReadAction\",\"target\":[\"https:\/\/jornalfatosenoticias.com.br\/index.php\/2025\/12\/08\/com-derrotas-no-congresso-lula-se-prepara-para-se-escorar-no-judiciario\/\"]}]},{\"@type\":\"ImageObject\",\"inLanguage\":\"pt-BR\",\"@id\":\"https:\/\/jornalfatosenoticias.com.br\/index.php\/2025\/12\/08\/com-derrotas-no-congresso-lula-se-prepara-para-se-escorar-no-judiciario\/#primaryimage\",\"url\":\"https:\/\/jornalfatosenoticias.com.br\/wp-content\/uploads\/2025\/12\/Lula-Fachin-STF.jpg\",\"contentUrl\":\"https:\/\/jornalfatosenoticias.com.br\/wp-content\/uploads\/2025\/12\/Lula-Fachin-STF.jpg\",\"width\":1000,\"height\":666},{\"@type\":\"BreadcrumbList\",\"@id\":\"https:\/\/jornalfatosenoticias.com.br\/index.php\/2025\/12\/08\/com-derrotas-no-congresso-lula-se-prepara-para-se-escorar-no-judiciario\/#breadcrumb\",\"itemListElement\":[{\"@type\":\"ListItem\",\"position\":1,\"name\":\"In\u00edcio\",\"item\":\"https:\/\/jornalfatosenoticias.com.br\/\"},{\"@type\":\"ListItem\",\"position\":2,\"name\":\"Com derrotas no Congresso, Lula se prepara para \u201cse escorar\u201d no Judici\u00e1rio\"}]},{\"@type\":\"WebSite\",\"@id\":\"https:\/\/jornalfatosenoticias.com.br\/#website\",\"url\":\"https:\/\/jornalfatosenoticias.com.br\/\",\"name\":\"Jornal Fatos e Not\u00edcias\",\"description\":\"Not\u00edcias em geral\",\"publisher\":{\"@id\":\"https:\/\/jornalfatosenoticias.com.br\/#organization\"},\"potentialAction\":[{\"@type\":\"SearchAction\",\"target\":{\"@type\":\"EntryPoint\",\"urlTemplate\":\"https:\/\/jornalfatosenoticias.com.br\/?s={search_term_string}\"},\"query-input\":{\"@type\":\"PropertyValueSpecification\",\"valueRequired\":true,\"valueName\":\"search_term_string\"}}],\"inLanguage\":\"pt-BR\"},{\"@type\":\"Organization\",\"@id\":\"https:\/\/jornalfatosenoticias.com.br\/#organization\",\"name\":\"Jornal Fatos e Not\u00edcias\",\"url\":\"https:\/\/jornalfatosenoticias.com.br\/\",\"logo\":{\"@type\":\"ImageObject\",\"inLanguage\":\"pt-BR\",\"@id\":\"https:\/\/jornalfatosenoticias.com.br\/#\/schema\/logo\/image\/\",\"url\":\"https:\/\/jornalfatosenoticias.com.br\/wp-content\/uploads\/2020\/02\/logo120.png\",\"contentUrl\":\"https:\/\/jornalfatosenoticias.com.br\/wp-content\/uploads\/2020\/02\/logo120.png\",\"width\":1227,\"height\":120,\"caption\":\"Jornal Fatos e Not\u00edcias\"},\"image\":{\"@id\":\"https:\/\/jornalfatosenoticias.com.br\/#\/schema\/logo\/image\/\"}},{\"@type\":\"Person\",\"@id\":\"https:\/\/jornalfatosenoticias.com.br\/#\/schema\/person\/d63837fa13ac8666eb9e74e0985d6f81\",\"name\":\"Luzimara Fernandes\",\"image\":{\"@type\":\"ImageObject\",\"inLanguage\":\"pt-BR\",\"@id\":\"https:\/\/jornalfatosenoticias.com.br\/#\/schema\/person\/image\/\",\"url\":\"https:\/\/jornalfatosenoticias.com.br\/wp-content\/uploads\/2025\/05\/EU_portal.jpg\",\"contentUrl\":\"https:\/\/jornalfatosenoticias.com.br\/wp-content\/uploads\/2025\/05\/EU_portal.jpg\",\"caption\":\"Luzimara Fernandes\"},\"description\":\"Jornalista MTB 2358-ES\",\"sameAs\":[\"https:\/\/jornalfatosenoticias.com.br\"],\"url\":\"https:\/\/jornalfatosenoticias.com.br\/index.php\/author\/luzimara\/\"}]}<\/script>\n<!-- \/ Yoast SEO plugin. -->","yoast_head_json":{"title":"Com derrotas no Congresso, Lula se prepara para \u201cse escorar\u201d no Judici\u00e1rio - Jornal Fatos e Not\u00edcias","robots":{"index":"index","follow":"follow","max-snippet":"max-snippet:-1","max-image-preview":"max-image-preview:large","max-video-preview":"max-video-preview:-1"},"canonical":"https:\/\/jornalfatosenoticias.com.br\/index.php\/2025\/12\/08\/com-derrotas-no-congresso-lula-se-prepara-para-se-escorar-no-judiciario\/","og_locale":"pt_BR","og_type":"article","og_title":"Com derrotas no Congresso, Lula se prepara para \u201cse escorar\u201d no Judici\u00e1rio - Jornal Fatos e Not\u00edcias","og_description":"Lula e o ministro Edson Fachin, presidente do STF Por Wesley Oliveira Ap\u00f3s enfrentar sucessivas derrotas no Congresso Nacional, o governo Luiz In\u00e1cio Lula da Silva (PT) passou a considerar o Supremo Tribunal Federal (STF) como principal rota de escape para tentar reverter perdas na pauta da seguran\u00e7a e em outras \u00e1reas sens\u00edveis. Nas \u00faltimas [&hellip;]","og_url":"https:\/\/jornalfatosenoticias.com.br\/index.php\/2025\/12\/08\/com-derrotas-no-congresso-lula-se-prepara-para-se-escorar-no-judiciario\/","og_site_name":"Jornal Fatos e Not\u00edcias","article_published_time":"2025-12-08T19:05:36+00:00","article_modified_time":"2025-12-08T19:05:39+00:00","og_image":[{"width":1000,"height":666,"url":"https:\/\/jornalfatosenoticias.com.br\/wp-content\/uploads\/2025\/12\/Lula-Fachin-STF.jpg","type":"image\/jpeg"}],"author":"Luzimara Fernandes","twitter_card":"summary_large_image","twitter_misc":{"Escrito por":"Luzimara Fernandes","Est. tempo de leitura":"8 minutos"},"schema":{"@context":"https:\/\/schema.org","@graph":[{"@type":"Article","@id":"https:\/\/jornalfatosenoticias.com.br\/index.php\/2025\/12\/08\/com-derrotas-no-congresso-lula-se-prepara-para-se-escorar-no-judiciario\/#article","isPartOf":{"@id":"https:\/\/jornalfatosenoticias.com.br\/index.php\/2025\/12\/08\/com-derrotas-no-congresso-lula-se-prepara-para-se-escorar-no-judiciario\/"},"author":{"name":"Luzimara Fernandes","@id":"https:\/\/jornalfatosenoticias.com.br\/#\/schema\/person\/d63837fa13ac8666eb9e74e0985d6f81"},"headline":"Com derrotas no Congresso, Lula se prepara para \u201cse escorar\u201d no Judici\u00e1rio","datePublished":"2025-12-08T19:05:36+00:00","dateModified":"2025-12-08T19:05:39+00:00","mainEntityOfPage":{"@id":"https:\/\/jornalfatosenoticias.com.br\/index.php\/2025\/12\/08\/com-derrotas-no-congresso-lula-se-prepara-para-se-escorar-no-judiciario\/"},"wordCount":1539,"commentCount":0,"publisher":{"@id":"https:\/\/jornalfatosenoticias.com.br\/#organization"},"image":{"@id":"https:\/\/jornalfatosenoticias.com.br\/index.php\/2025\/12\/08\/com-derrotas-no-congresso-lula-se-prepara-para-se-escorar-no-judiciario\/#primaryimage"},"thumbnailUrl":"https:\/\/jornalfatosenoticias.com.br\/wp-content\/uploads\/2025\/12\/Lula-Fachin-STF.jpg","keywords":["C\u00e2mara dos Deputados","Capit\u00e3o Derrite","Congresso Nacional","Davi Alcolumbre","Hugo Motta","judicializa\u00e7\u00e3o","Judici\u00e1rio","licenciamento ambiental","Lula","Marina Silva","meio ambiente","seguran\u00e7a p\u00fablica","Senado","STF"],"articleSection":["Pol\u00edtica"],"inLanguage":"pt-BR","potentialAction":[{"@type":"CommentAction","name":"Comment","target":["https:\/\/jornalfatosenoticias.com.br\/index.php\/2025\/12\/08\/com-derrotas-no-congresso-lula-se-prepara-para-se-escorar-no-judiciario\/#respond"]}]},{"@type":"WebPage","@id":"https:\/\/jornalfatosenoticias.com.br\/index.php\/2025\/12\/08\/com-derrotas-no-congresso-lula-se-prepara-para-se-escorar-no-judiciario\/","url":"https:\/\/jornalfatosenoticias.com.br\/index.php\/2025\/12\/08\/com-derrotas-no-congresso-lula-se-prepara-para-se-escorar-no-judiciario\/","name":"Com derrotas no Congresso, Lula se prepara para \u201cse escorar\u201d no Judici\u00e1rio - Jornal Fatos e Not\u00edcias","isPartOf":{"@id":"https:\/\/jornalfatosenoticias.com.br\/#website"},"primaryImageOfPage":{"@id":"https:\/\/jornalfatosenoticias.com.br\/index.php\/2025\/12\/08\/com-derrotas-no-congresso-lula-se-prepara-para-se-escorar-no-judiciario\/#primaryimage"},"image":{"@id":"https:\/\/jornalfatosenoticias.com.br\/index.php\/2025\/12\/08\/com-derrotas-no-congresso-lula-se-prepara-para-se-escorar-no-judiciario\/#primaryimage"},"thumbnailUrl":"https:\/\/jornalfatosenoticias.com.br\/wp-content\/uploads\/2025\/12\/Lula-Fachin-STF.jpg","datePublished":"2025-12-08T19:05:36+00:00","dateModified":"2025-12-08T19:05:39+00:00","breadcrumb":{"@id":"https:\/\/jornalfatosenoticias.com.br\/index.php\/2025\/12\/08\/com-derrotas-no-congresso-lula-se-prepara-para-se-escorar-no-judiciario\/#breadcrumb"},"inLanguage":"pt-BR","potentialAction":[{"@type":"ReadAction","target":["https:\/\/jornalfatosenoticias.com.br\/index.php\/2025\/12\/08\/com-derrotas-no-congresso-lula-se-prepara-para-se-escorar-no-judiciario\/"]}]},{"@type":"ImageObject","inLanguage":"pt-BR","@id":"https:\/\/jornalfatosenoticias.com.br\/index.php\/2025\/12\/08\/com-derrotas-no-congresso-lula-se-prepara-para-se-escorar-no-judiciario\/#primaryimage","url":"https:\/\/jornalfatosenoticias.com.br\/wp-content\/uploads\/2025\/12\/Lula-Fachin-STF.jpg","contentUrl":"https:\/\/jornalfatosenoticias.com.br\/wp-content\/uploads\/2025\/12\/Lula-Fachin-STF.jpg","width":1000,"height":666},{"@type":"BreadcrumbList","@id":"https:\/\/jornalfatosenoticias.com.br\/index.php\/2025\/12\/08\/com-derrotas-no-congresso-lula-se-prepara-para-se-escorar-no-judiciario\/#breadcrumb","itemListElement":[{"@type":"ListItem","position":1,"name":"In\u00edcio","item":"https:\/\/jornalfatosenoticias.com.br\/"},{"@type":"ListItem","position":2,"name":"Com derrotas no Congresso, Lula se prepara para \u201cse escorar\u201d no Judici\u00e1rio"}]},{"@type":"WebSite","@id":"https:\/\/jornalfatosenoticias.com.br\/#website","url":"https:\/\/jornalfatosenoticias.com.br\/","name":"Jornal Fatos e Not\u00edcias","description":"Not\u00edcias em geral","publisher":{"@id":"https:\/\/jornalfatosenoticias.com.br\/#organization"},"potentialAction":[{"@type":"SearchAction","target":{"@type":"EntryPoint","urlTemplate":"https:\/\/jornalfatosenoticias.com.br\/?s={search_term_string}"},"query-input":{"@type":"PropertyValueSpecification","valueRequired":true,"valueName":"search_term_string"}}],"inLanguage":"pt-BR"},{"@type":"Organization","@id":"https:\/\/jornalfatosenoticias.com.br\/#organization","name":"Jornal Fatos e Not\u00edcias","url":"https:\/\/jornalfatosenoticias.com.br\/","logo":{"@type":"ImageObject","inLanguage":"pt-BR","@id":"https:\/\/jornalfatosenoticias.com.br\/#\/schema\/logo\/image\/","url":"https:\/\/jornalfatosenoticias.com.br\/wp-content\/uploads\/2020\/02\/logo120.png","contentUrl":"https:\/\/jornalfatosenoticias.com.br\/wp-content\/uploads\/2020\/02\/logo120.png","width":1227,"height":120,"caption":"Jornal Fatos e Not\u00edcias"},"image":{"@id":"https:\/\/jornalfatosenoticias.com.br\/#\/schema\/logo\/image\/"}},{"@type":"Person","@id":"https:\/\/jornalfatosenoticias.com.br\/#\/schema\/person\/d63837fa13ac8666eb9e74e0985d6f81","name":"Luzimara Fernandes","image":{"@type":"ImageObject","inLanguage":"pt-BR","@id":"https:\/\/jornalfatosenoticias.com.br\/#\/schema\/person\/image\/","url":"https:\/\/jornalfatosenoticias.com.br\/wp-content\/uploads\/2025\/05\/EU_portal.jpg","contentUrl":"https:\/\/jornalfatosenoticias.com.br\/wp-content\/uploads\/2025\/05\/EU_portal.jpg","caption":"Luzimara Fernandes"},"description":"Jornalista MTB 2358-ES","sameAs":["https:\/\/jornalfatosenoticias.com.br"],"url":"https:\/\/jornalfatosenoticias.com.br\/index.php\/author\/luzimara\/"}]}},"cc_featured_image_caption":{"caption_text":"(Foto: Ricardo Stuckert\/PR)","source_text":"","source_url":""},"jetpack_featured_media_url":"https:\/\/jornalfatosenoticias.com.br\/wp-content\/uploads\/2025\/12\/Lula-Fachin-STF.jpg","_links":{"self":[{"href":"https:\/\/jornalfatosenoticias.com.br\/index.php\/wp-json\/wp\/v2\/posts\/63766","targetHints":{"allow":["GET"]}}],"collection":[{"href":"https:\/\/jornalfatosenoticias.com.br\/index.php\/wp-json\/wp\/v2\/posts"}],"about":[{"href":"https:\/\/jornalfatosenoticias.com.br\/index.php\/wp-json\/wp\/v2\/types\/post"}],"author":[{"embeddable":true,"href":"https:\/\/jornalfatosenoticias.com.br\/index.php\/wp-json\/wp\/v2\/users\/2"}],"replies":[{"embeddable":true,"href":"https:\/\/jornalfatosenoticias.com.br\/index.php\/wp-json\/wp\/v2\/comments?post=63766"}],"version-history":[{"count":0,"href":"https:\/\/jornalfatosenoticias.com.br\/index.php\/wp-json\/wp\/v2\/posts\/63766\/revisions"}],"wp:featuredmedia":[{"embeddable":true,"href":"https:\/\/jornalfatosenoticias.com.br\/index.php\/wp-json\/wp\/v2\/media\/63767"}],"wp:attachment":[{"href":"https:\/\/jornalfatosenoticias.com.br\/index.php\/wp-json\/wp\/v2\/media?parent=63766"}],"wp:term":[{"taxonomy":"category","embeddable":true,"href":"https:\/\/jornalfatosenoticias.com.br\/index.php\/wp-json\/wp\/v2\/categories?post=63766"},{"taxonomy":"post_tag","embeddable":true,"href":"https:\/\/jornalfatosenoticias.com.br\/index.php\/wp-json\/wp\/v2\/tags?post=63766"}],"curies":[{"name":"wp","href":"https:\/\/api.w.org\/{rel}","templated":true}]}}