{"id":63854,"date":"2025-12-12T22:56:54","date_gmt":"2025-12-13T01:56:54","guid":{"rendered":"https:\/\/jornalfatosenoticias.com.br\/?p=63854"},"modified":"2025-12-12T22:56:56","modified_gmt":"2025-12-13T01:56:56","slug":"especie-com-comportamento-semelhante-ao-do-extinto-dodo-e-descoberta-no-brasil","status":"publish","type":"post","link":"https:\/\/jornalfatosenoticias.com.br\/index.php\/2025\/12\/12\/especie-com-comportamento-semelhante-ao-do-extinto-dodo-e-descoberta-no-brasil\/","title":{"rendered":"Esp\u00e9cie com comportamento semelhante ao do extinto dod\u00f4 \u00e9 descoberta no Brasil"},"content":{"rendered":"\n<p><em><mark style=\"background-color:rgba(0, 0, 0, 0)\" class=\"has-inline-color has-black-color\">Nova esp\u00e9cie de ave encontrada na Amaz\u00f4nia brasileira foi descrita pela primeira vez em um estudo divulgado no dia 2 de dezembro<\/mark><\/em><\/p>\n\n\n\n<p><mark style=\"background-color:rgba(0, 0, 0, 0)\" class=\"has-inline-color has-black-color\">Por <strong><a href=\"https:\/\/aventurasnahistoria.com.br\/noticias\/author\/giovanna-gomes\">Giovanna Gomes<\/a><\/strong><\/mark><\/p>\n\n\n<div class=\"wp-block-image\">\n<figure class=\"aligncenter size-full\"><a href=\"https:\/\/mizu.com.br\/\"><img loading=\"lazy\" decoding=\"async\" width=\"729\" height=\"90\" src=\"https:\/\/jornalfatosenoticias.com.br\/wp-content\/uploads\/2020\/02\/Logo_Mizu.png\" alt=\"\" class=\"wp-image-1441\" srcset=\"https:\/\/jornalfatosenoticias.com.br\/wp-content\/uploads\/2020\/02\/Logo_Mizu.png 729w, https:\/\/jornalfatosenoticias.com.br\/wp-content\/uploads\/2020\/02\/Logo_Mizu-300x37.png 300w\" sizes=\"auto, (max-width: 729px) 100vw, 729px\" \/><\/a><\/figure>\n<\/div>\n\n\n<p>A recente <mark>descoberta de uma nova esp\u00e9cie de ave<\/mark>\u00a0na\u00a0<a href=\"https:\/\/pt.wikipedia.org\/wiki\/Serra_do_Divisor\">Serra do Divisor<\/a>, localizada no extremo oeste da Amaz\u00f4nia brasileira, surpreendeu a comunidade cient\u00edfica. A ave, denominada\u00a0<mark>tinamu-de-cara-cinzenta ou tinamu-de-m\u00e1scara-ard\u00f3sia (Tinamus resonans)<\/mark>, foi descrita pela primeira vez em um estudo divulgado na \u00faltima ter\u00e7a-feira, 2, na revista Zootaxa. O novo tinamu impressiona por seu comportamento d\u00f3cil e pela aus\u00eancia de medo em rela\u00e7\u00e3o aos humanos,\u00a0<mark>caracter\u00edsticas que lembram o extinto dod\u00f4<\/mark> (<em>Raphus cucullatus<\/em>).<br>A descoberta foi realizada por uma equipe de pesquisadores das <a href=\"https:\/\/ufrj.br\/\">universidades Federal do Rio de Janeiro<\/a>\u00a0(UFRJ) e\u00a0<a href=\"https:\/\/www.ufscar.br\/\">Federal de S\u00e3o Carlos<\/a> (UFSCar), em colabora\u00e7\u00e3o com a Secretaria de Estado do Meio Ambiente do Acre. As investiga\u00e7\u00f5es tiveram in\u00edcio em outubro de 2021, durante uma expedi\u00e7\u00e3o na floresta, quando os cientistas ouviram um canto profundo e prolongado, caracter\u00edstico dos <em>tinamus<\/em>, mas com uma sonoridade peculiar que reverberava pelo sub-bosque.<\/p>\n\n\n<div class=\"wp-block-image\">\n<figure class=\"aligncenter size-full is-resized\"><a href=\"https:\/\/www.controlsystems.com.br\/\"><img loading=\"lazy\" decoding=\"async\" width=\"834\" height=\"1000\" src=\"https:\/\/jornalfatosenoticias.com.br\/wp-content\/uploads\/2020\/02\/CONTROL-CS.jpg\" alt=\"\" class=\"wp-image-44991\" style=\"aspect-ratio:0.8340095770735095;width:326px;height:auto\" srcset=\"https:\/\/jornalfatosenoticias.com.br\/wp-content\/uploads\/2020\/02\/CONTROL-CS.jpg 834w, https:\/\/jornalfatosenoticias.com.br\/wp-content\/uploads\/2020\/02\/CONTROL-CS-250x300.jpg 250w, https:\/\/jornalfatosenoticias.com.br\/wp-content\/uploads\/2020\/02\/CONTROL-CS-768x921.jpg 768w\" sizes=\"auto, (max-width: 834px) 100vw, 834px\" \/><\/a><\/figure>\n<\/div>\n\n\n<p>Os cientistas enfrentaram diversos desafios ao longo de tr\u00eas anos, tentando rastrear a origem desse canto misterioso. O grande avan\u00e7o ocorreu em novembro de 2024, quando uma grava\u00e7\u00e3o digital do canto da ave conseguiu atrair dois exemplares da esp\u00e9cie, permitindo a confirma\u00e7\u00e3o de que se tratava de uma nova descoberta.<\/p>\n\n\n<div class=\"wp-block-image\">\n<figure class=\"aligncenter size-full\"><img loading=\"lazy\" decoding=\"async\" width=\"372\" height=\"1000\" src=\"https:\/\/jornalfatosenoticias.com.br\/wp-content\/uploads\/2025\/12\/ave-semelhante-ao-dodo-e-descoberta-no-Brasil2_grafico.jpeg\" alt=\"\" class=\"wp-image-63856\" srcset=\"https:\/\/jornalfatosenoticias.com.br\/wp-content\/uploads\/2025\/12\/ave-semelhante-ao-dodo-e-descoberta-no-Brasil2_grafico.jpeg 372w, https:\/\/jornalfatosenoticias.com.br\/wp-content\/uploads\/2025\/12\/ave-semelhante-ao-dodo-e-descoberta-no-Brasil2_grafico-112x300.jpeg 112w\" sizes=\"auto, (max-width: 372px) 100vw, 372px\" \/><\/figure>\n<\/div>\n\n\n<p><strong><mark style=\"background-color:rgba(0, 0, 0, 0)\" class=\"has-inline-color has-vivid-green-cyan-color\">Semelhan\u00e7a com o dod\u00f4<br><\/mark><\/strong>Diferentemente dos tinamus comuns, que possuem plumagem discreta, o tinamu-de-m\u00e1scara-ard\u00f3sia exibe uma colora\u00e7\u00e3o vibrante, com tons que variam do canela ao ruivo e uma faixa escura que atravessa seus olhos, justificando o nome \u201cm\u00e1scara\u201d. Apesar das <mark>semelhan\u00e7as com o dod\u00f4<\/mark>, \u00e9 importante ressaltar que n\u00e3o h\u00e1 rela\u00e7\u00e3o evolutiva direta entre as duas aves.<\/p>\n\n\n<div class=\"wp-block-image\">\n<figure class=\"aligncenter size-large is-resized\"><a href=\"https:\/\/www.facebook.com\/profile.php?id=100069289606145\"><img loading=\"lazy\" decoding=\"async\" width=\"1024\" height=\"714\" src=\"https:\/\/jornalfatosenoticias.com.br\/wp-content\/uploads\/2024\/11\/Guaitolini-Contabilidade-1024x714.jpeg\" alt=\"\" class=\"wp-image-55808\" style=\"aspect-ratio:1.4342018417826947;width:349px;height:auto\" srcset=\"https:\/\/jornalfatosenoticias.com.br\/wp-content\/uploads\/2024\/11\/Guaitolini-Contabilidade-1024x714.jpeg 1024w, https:\/\/jornalfatosenoticias.com.br\/wp-content\/uploads\/2024\/11\/Guaitolini-Contabilidade-300x209.jpeg 300w, https:\/\/jornalfatosenoticias.com.br\/wp-content\/uploads\/2024\/11\/Guaitolini-Contabilidade-768x535.jpeg 768w, https:\/\/jornalfatosenoticias.com.br\/wp-content\/uploads\/2024\/11\/Guaitolini-Contabilidade.jpeg 1280w\" sizes=\"auto, (max-width: 1024px) 100vw, 1024px\" \/><\/a><\/figure>\n<\/div>\n\n\n<p>Comportamentalmente, essa nova esp\u00e9cie se destaca por sua aproxima\u00e7\u00e3o espont\u00e2nea aos seres humanos, caminhando tranquilamente em dire\u00e7\u00e3o aos pesquisadores. Esse comportamento inocente pode ter sido prejudicial para o dod\u00f4 no passado, quando a chegada dos colonizadores neerlandeses \u00e0 Ilha Maur\u00edcio resultou na extin\u00e7\u00e3o da esp\u00e9cie.<\/p>\n\n\n<div class=\"wp-block-image\">\n<figure class=\"aligncenter size-large is-resized\"><a href=\"https:\/\/www.instagram.com\/serra4x4cambioautomatico\/\"><img loading=\"lazy\" decoding=\"async\" width=\"886\" height=\"1024\" src=\"https:\/\/jornalfatosenoticias.com.br\/wp-content\/uploads\/2024\/08\/Serra-4x4-1-886x1024.jpg\" alt=\"\" class=\"wp-image-53632\" style=\"aspect-ratio:0.8652420409943306;width:310px;height:auto\" srcset=\"https:\/\/jornalfatosenoticias.com.br\/wp-content\/uploads\/2024\/08\/Serra-4x4-1-886x1024.jpg 886w, https:\/\/jornalfatosenoticias.com.br\/wp-content\/uploads\/2024\/08\/Serra-4x4-1-260x300.jpg 260w, https:\/\/jornalfatosenoticias.com.br\/wp-content\/uploads\/2024\/08\/Serra-4x4-1-768x888.jpg 768w, https:\/\/jornalfatosenoticias.com.br\/wp-content\/uploads\/2024\/08\/Serra-4x4-1.jpg 1181w\" sizes=\"auto, (max-width: 886px) 100vw, 886px\" \/><\/a><\/figure>\n<\/div>\n\n\n<p>A distribui\u00e7\u00e3o geogr\u00e1fica do tinamu-de-m\u00e1scara-ard\u00f3sia \u00e9 extremamente restrita; ele habita apenas \u00e1reas acima de 300 metros de altitude na Serra do Divisor, uma forma\u00e7\u00e3o descrita como uma \u201cilha celeste\u201d, cercada por vastas plan\u00edcies amaz\u00f4nicas. Essa configura\u00e7\u00e3o geogr\u00e1fica propicia um ambiente ideal para esp\u00e9cies altamente especializadas, mas tamb\u00e9m imp\u00f5e riscos \u00e0 sobreviv\u00eancia do tinamu, cuja popula\u00e7\u00e3o \u00e9 estimada em apenas 2.106 indiv\u00edduos.<\/p>\n\n\n<div class=\"wp-block-image\">\n<figure class=\"aligncenter size-full\"><a href=\"http:\/\/www.ferrarimaquinas.com.br\/\"><img loading=\"lazy\" decoding=\"async\" width=\"300\" height=\"250\" src=\"https:\/\/jornalfatosenoticias.com.br\/wp-content\/uploads\/2022\/02\/FERRARI_MAQUINAS-E-FERRAMENTAS2.jpg\" alt=\"\" class=\"wp-image-27860\"\/><\/a><\/figure>\n<\/div>\n\n\n<p>Embora a regi\u00e3o seja remota e pouco habitada, as press\u00f5es externas sobre seu ecossistema t\u00eam aumentado. A ca\u00e7a n\u00e3o \u00e9 comum nas \u00e1reas habitadas pelo tinamu; no entanto, h\u00e1 registros de captura em regi\u00f5es vizinhas para consumo humano. Isso representa um risco adicional se o acesso humano \u00e0 \u00e1rea aumentar.<\/p>\n\n\n<div class=\"wp-block-image\">\n<figure class=\"aligncenter size-full\"><img loading=\"lazy\" decoding=\"async\" width=\"720\" height=\"479\" src=\"https:\/\/jornalfatosenoticias.com.br\/wp-content\/uploads\/2025\/12\/ave-semelhante-ao-dodo.jpg\" alt=\"\" class=\"wp-image-63857\" srcset=\"https:\/\/jornalfatosenoticias.com.br\/wp-content\/uploads\/2025\/12\/ave-semelhante-ao-dodo.jpg 720w, https:\/\/jornalfatosenoticias.com.br\/wp-content\/uploads\/2025\/12\/ave-semelhante-ao-dodo-300x200.jpg 300w\" sizes=\"auto, (max-width: 720px) 100vw, 720px\" \/><figcaption class=\"wp-element-caption\"><em><mark style=\"background-color:rgba(0, 0, 0, 0)\" class=\"has-inline-color has-black-color\">Ave semelhante ao dod\u00f4 (Foto: Divulga\u00e7\u00e3o)<\/mark><\/em><\/figcaption><\/figure>\n<\/div>\n\n\n<p><strong><mark style=\"background-color:rgba(0, 0, 0, 0)\" class=\"has-inline-color has-vivid-green-cyan-color\">Situa\u00e7\u00e3o \u00e9 alarmante<br><\/mark><\/strong>O doutorando <strong>Lu\u00eds Morais<\/strong>, principal autor do artigo sobre a nova esp\u00e9cie e membro do\u00a0<a href=\"https:\/\/www.museunacional.ufrj.br\/\">Museu Nacional do Rio de Janeiro<\/a>, destacou a precariedade da situa\u00e7\u00e3o: \u201cmesmo que a \u00e1rea seja praticamente desabitada e em grande parte intacta, a sobreviv\u00eancia da esp\u00e9cie em longo prazo est\u00e1 longe de ser garantida. Esp\u00e9cies restritas a faixas de altitude estreitas tamb\u00e9m s\u00e3o altamente sens\u00edveis \u00e0s mudan\u00e7as clim\u00e1ticas\u201d.<\/p>\n\n\n<div class=\"wp-block-image\">\n<figure class=\"aligncenter size-full is-resized\"><a href=\"https:\/\/legisjuris.com.br\/\"><img loading=\"lazy\" decoding=\"async\" width=\"969\" height=\"406\" src=\"https:\/\/jornalfatosenoticias.com.br\/wp-content\/uploads\/2024\/09\/Legis-Juris-Consultoria_logo.jpg\" alt=\"\" class=\"wp-image-53915\" style=\"aspect-ratio:2.3867357079345153;width:494px;height:auto\" srcset=\"https:\/\/jornalfatosenoticias.com.br\/wp-content\/uploads\/2024\/09\/Legis-Juris-Consultoria_logo.jpg 969w, https:\/\/jornalfatosenoticias.com.br\/wp-content\/uploads\/2024\/09\/Legis-Juris-Consultoria_logo-300x126.jpg 300w, https:\/\/jornalfatosenoticias.com.br\/wp-content\/uploads\/2024\/09\/Legis-Juris-Consultoria_logo-768x322.jpg 768w\" sizes=\"auto, (max-width: 969px) 100vw, 969px\" \/><\/a><\/figure>\n<\/div>\n\n\n<p>A descri\u00e7\u00e3o formal da nova esp\u00e9cie baseou-se em tr\u00eas esp\u00e9cimes observados e extensos registros coletados durante o campo. Contudo, an\u00e1lises gen\u00e9ticas ainda s\u00e3o necess\u00e1rias para entender sua evolu\u00e7\u00e3o e classifica\u00e7\u00e3o taxon\u00f4mica. A pesquisa \u00e9 especialmente relevante devido \u00e0 escassez de estudos sobre os tinam\u00eddeos amaz\u00f4nicos.<\/p>\n\n\n<div class=\"wp-block-image\">\n<figure class=\"aligncenter size-full is-resized\"><a href=\"https:\/\/www.instagram.com\/rcradiadores\/\"><img loading=\"lazy\" decoding=\"async\" width=\"400\" height=\"375\" src=\"https:\/\/jornalfatosenoticias.com.br\/wp-content\/uploads\/2022\/10\/RC_800x750_page-0001.jpg\" alt=\"\" class=\"wp-image-35338\" style=\"width:300px;height:auto\" srcset=\"https:\/\/jornalfatosenoticias.com.br\/wp-content\/uploads\/2022\/10\/RC_800x750_page-0001.jpg 400w, https:\/\/jornalfatosenoticias.com.br\/wp-content\/uploads\/2022\/10\/RC_800x750_page-0001-300x281.jpg 300w\" sizes=\"auto, (max-width: 400px) 100vw, 400px\" \/><\/a><\/figure>\n<\/div>\n\n\n<p>No entanto, Morais alerta que o futuro do tinamu-de-m\u00e1scara-ard\u00f3sia depende urgentemente de decis\u00f5es pol\u00edticas eficazes: \u201ctudo isso me faz pensar que a esp\u00e9cie n\u00e3o ter\u00e1 um futuro f\u00e1cil. Estamos trabalhando arduamente para garantir que isso seja reconhecido antes que essas pol\u00edticas avancem ainda mais\u201d.<\/p>\n\n\n<div class=\"wp-block-image\">\n<figure class=\"aligncenter size-full\"><a href=\"https:\/\/www.cesconetto.com.br\/\"><img loading=\"lazy\" decoding=\"async\" width=\"300\" height=\"250\" src=\"https:\/\/jornalfatosenoticias.com.br\/wp-content\/uploads\/2020\/02\/Banner-2.png\" alt=\"\" class=\"wp-image-43787\"\/><\/a><\/figure>\n<\/div>\n\n\n<p><strong><mark style=\"background-color:rgba(0, 0, 0, 0)\" class=\"has-inline-color has-black-color\">(Foto de capa: Wikimedia Commons\/Reprodu\u00e7\u00e3o)<\/mark><\/strong><\/p>\n\n\n\n<p><strong>Fonte: <a href=\"https:\/\/aventurasnahistoria.com.br\/noticias\/historia-hoje\/especie-com-comportamento-semelhante-ao-do-extinto-dodo-e-descoberta-no-brasil.phtml\">Aventuras na Hist\u00f3ria<\/a><\/strong><\/p>\n\n\n\n<p><\/p>\n","protected":false},"excerpt":{"rendered":"<p>Nova esp\u00e9cie de ave encontrada na Amaz\u00f4nia brasileira foi descrita pela primeira vez em um estudo divulgado no dia 2 de dezembro Por Giovanna Gomes A recente descoberta de uma nova esp\u00e9cie de ave\u00a0na\u00a0Serra do Divisor, localizada no extremo oeste da Amaz\u00f4nia brasileira, surpreendeu a comunidade cient\u00edfica. A ave, denominada\u00a0tinamu-de-cara-cinzenta ou tinamu-de-m\u00e1scara-ard\u00f3sia (Tinamus resonans), foi [&hellip;]<\/p>\n","protected":false},"author":2,"featured_media":63855,"comment_status":"open","ping_status":"open","sticky":false,"template":"","format":"standard","meta":{"footnotes":""},"categories":[8],"tags":[123,166,1666,29118,337,4067],"class_list":["post-63854","post","type-post","status-publish","format-standard","has-post-thumbnail","hentry","category-meio-ambiente","tag-amazonia","tag-ciencia","tag-descoberta","tag-dodo","tag-especie","tag-passaro"],"yoast_head":"<!-- This site is optimized with the Yoast SEO plugin v26.5 - https:\/\/yoast.com\/wordpress\/plugins\/seo\/ -->\n<title>Esp\u00e9cie com comportamento semelhante ao do extinto dod\u00f4 \u00e9 descoberta no Brasil - Jornal Fatos e Not\u00edcias<\/title>\n<meta name=\"robots\" content=\"index, follow, max-snippet:-1, max-image-preview:large, max-video-preview:-1\" \/>\n<link rel=\"canonical\" href=\"https:\/\/jornalfatosenoticias.com.br\/index.php\/2025\/12\/12\/especie-com-comportamento-semelhante-ao-do-extinto-dodo-e-descoberta-no-brasil\/\" \/>\n<meta property=\"og:locale\" content=\"pt_BR\" \/>\n<meta property=\"og:type\" content=\"article\" \/>\n<meta property=\"og:title\" content=\"Esp\u00e9cie com comportamento semelhante ao do extinto dod\u00f4 \u00e9 descoberta no Brasil - Jornal Fatos e Not\u00edcias\" \/>\n<meta property=\"og:description\" content=\"Nova esp\u00e9cie de ave encontrada na Amaz\u00f4nia brasileira foi descrita pela primeira vez em um estudo divulgado no dia 2 de dezembro Por Giovanna Gomes A recente descoberta de uma nova esp\u00e9cie de ave\u00a0na\u00a0Serra do Divisor, localizada no extremo oeste da Amaz\u00f4nia brasileira, surpreendeu a comunidade cient\u00edfica. A ave, denominada\u00a0tinamu-de-cara-cinzenta ou tinamu-de-m\u00e1scara-ard\u00f3sia (Tinamus resonans), foi [&hellip;]\" \/>\n<meta property=\"og:url\" content=\"https:\/\/jornalfatosenoticias.com.br\/index.php\/2025\/12\/12\/especie-com-comportamento-semelhante-ao-do-extinto-dodo-e-descoberta-no-brasil\/\" \/>\n<meta property=\"og:site_name\" content=\"Jornal Fatos e Not\u00edcias\" \/>\n<meta property=\"article:published_time\" content=\"2025-12-13T01:56:54+00:00\" \/>\n<meta property=\"article:modified_time\" content=\"2025-12-13T01:56:56+00:00\" \/>\n<meta property=\"og:image\" content=\"https:\/\/jornalfatosenoticias.com.br\/wp-content\/uploads\/2025\/12\/ave-semelhante-ao-dodo_capa.jpg\" \/>\n\t<meta property=\"og:image:width\" content=\"1000\" \/>\n\t<meta property=\"og:image:height\" content=\"408\" \/>\n\t<meta property=\"og:image:type\" content=\"image\/jpeg\" \/>\n<meta name=\"author\" content=\"Luzimara Fernandes\" \/>\n<meta name=\"twitter:card\" content=\"summary_large_image\" \/>\n<meta name=\"twitter:label1\" content=\"Escrito por\" \/>\n\t<meta name=\"twitter:data1\" content=\"Luzimara Fernandes\" \/>\n\t<meta name=\"twitter:label2\" content=\"Est. tempo de leitura\" \/>\n\t<meta name=\"twitter:data2\" content=\"6 minutos\" \/>\n<script type=\"application\/ld+json\" class=\"yoast-schema-graph\">{\"@context\":\"https:\/\/schema.org\",\"@graph\":[{\"@type\":\"Article\",\"@id\":\"https:\/\/jornalfatosenoticias.com.br\/index.php\/2025\/12\/12\/especie-com-comportamento-semelhante-ao-do-extinto-dodo-e-descoberta-no-brasil\/#article\",\"isPartOf\":{\"@id\":\"https:\/\/jornalfatosenoticias.com.br\/index.php\/2025\/12\/12\/especie-com-comportamento-semelhante-ao-do-extinto-dodo-e-descoberta-no-brasil\/\"},\"author\":{\"name\":\"Luzimara Fernandes\",\"@id\":\"https:\/\/jornalfatosenoticias.com.br\/#\/schema\/person\/d63837fa13ac8666eb9e74e0985d6f81\"},\"headline\":\"Esp\u00e9cie com comportamento semelhante ao do extinto dod\u00f4 \u00e9 descoberta no Brasil\",\"datePublished\":\"2025-12-13T01:56:54+00:00\",\"dateModified\":\"2025-12-13T01:56:56+00:00\",\"mainEntityOfPage\":{\"@id\":\"https:\/\/jornalfatosenoticias.com.br\/index.php\/2025\/12\/12\/especie-com-comportamento-semelhante-ao-do-extinto-dodo-e-descoberta-no-brasil\/\"},\"wordCount\":693,\"commentCount\":0,\"publisher\":{\"@id\":\"https:\/\/jornalfatosenoticias.com.br\/#organization\"},\"image\":{\"@id\":\"https:\/\/jornalfatosenoticias.com.br\/index.php\/2025\/12\/12\/especie-com-comportamento-semelhante-ao-do-extinto-dodo-e-descoberta-no-brasil\/#primaryimage\"},\"thumbnailUrl\":\"https:\/\/jornalfatosenoticias.com.br\/wp-content\/uploads\/2025\/12\/ave-semelhante-ao-dodo_capa.jpg\",\"keywords\":[\"amaz\u00f4nia\",\"ci\u00eancia\",\"descoberta\",\"dod\u00f4\",\"esp\u00e9cie\",\"p\u00e1ssaro\"],\"articleSection\":[\"Meio ambiente\"],\"inLanguage\":\"pt-BR\",\"potentialAction\":[{\"@type\":\"CommentAction\",\"name\":\"Comment\",\"target\":[\"https:\/\/jornalfatosenoticias.com.br\/index.php\/2025\/12\/12\/especie-com-comportamento-semelhante-ao-do-extinto-dodo-e-descoberta-no-brasil\/#respond\"]}]},{\"@type\":\"WebPage\",\"@id\":\"https:\/\/jornalfatosenoticias.com.br\/index.php\/2025\/12\/12\/especie-com-comportamento-semelhante-ao-do-extinto-dodo-e-descoberta-no-brasil\/\",\"url\":\"https:\/\/jornalfatosenoticias.com.br\/index.php\/2025\/12\/12\/especie-com-comportamento-semelhante-ao-do-extinto-dodo-e-descoberta-no-brasil\/\",\"name\":\"Esp\u00e9cie com comportamento semelhante ao do extinto dod\u00f4 \u00e9 descoberta no Brasil - Jornal Fatos e Not\u00edcias\",\"isPartOf\":{\"@id\":\"https:\/\/jornalfatosenoticias.com.br\/#website\"},\"primaryImageOfPage\":{\"@id\":\"https:\/\/jornalfatosenoticias.com.br\/index.php\/2025\/12\/12\/especie-com-comportamento-semelhante-ao-do-extinto-dodo-e-descoberta-no-brasil\/#primaryimage\"},\"image\":{\"@id\":\"https:\/\/jornalfatosenoticias.com.br\/index.php\/2025\/12\/12\/especie-com-comportamento-semelhante-ao-do-extinto-dodo-e-descoberta-no-brasil\/#primaryimage\"},\"thumbnailUrl\":\"https:\/\/jornalfatosenoticias.com.br\/wp-content\/uploads\/2025\/12\/ave-semelhante-ao-dodo_capa.jpg\",\"datePublished\":\"2025-12-13T01:56:54+00:00\",\"dateModified\":\"2025-12-13T01:56:56+00:00\",\"breadcrumb\":{\"@id\":\"https:\/\/jornalfatosenoticias.com.br\/index.php\/2025\/12\/12\/especie-com-comportamento-semelhante-ao-do-extinto-dodo-e-descoberta-no-brasil\/#breadcrumb\"},\"inLanguage\":\"pt-BR\",\"potentialAction\":[{\"@type\":\"ReadAction\",\"target\":[\"https:\/\/jornalfatosenoticias.com.br\/index.php\/2025\/12\/12\/especie-com-comportamento-semelhante-ao-do-extinto-dodo-e-descoberta-no-brasil\/\"]}]},{\"@type\":\"ImageObject\",\"inLanguage\":\"pt-BR\",\"@id\":\"https:\/\/jornalfatosenoticias.com.br\/index.php\/2025\/12\/12\/especie-com-comportamento-semelhante-ao-do-extinto-dodo-e-descoberta-no-brasil\/#primaryimage\",\"url\":\"https:\/\/jornalfatosenoticias.com.br\/wp-content\/uploads\/2025\/12\/ave-semelhante-ao-dodo_capa.jpg\",\"contentUrl\":\"https:\/\/jornalfatosenoticias.com.br\/wp-content\/uploads\/2025\/12\/ave-semelhante-ao-dodo_capa.jpg\",\"width\":1000,\"height\":408},{\"@type\":\"BreadcrumbList\",\"@id\":\"https:\/\/jornalfatosenoticias.com.br\/index.php\/2025\/12\/12\/especie-com-comportamento-semelhante-ao-do-extinto-dodo-e-descoberta-no-brasil\/#breadcrumb\",\"itemListElement\":[{\"@type\":\"ListItem\",\"position\":1,\"name\":\"In\u00edcio\",\"item\":\"https:\/\/jornalfatosenoticias.com.br\/\"},{\"@type\":\"ListItem\",\"position\":2,\"name\":\"Esp\u00e9cie com comportamento semelhante ao do extinto dod\u00f4 \u00e9 descoberta no Brasil\"}]},{\"@type\":\"WebSite\",\"@id\":\"https:\/\/jornalfatosenoticias.com.br\/#website\",\"url\":\"https:\/\/jornalfatosenoticias.com.br\/\",\"name\":\"Jornal Fatos e Not\u00edcias\",\"description\":\"Not\u00edcias em geral\",\"publisher\":{\"@id\":\"https:\/\/jornalfatosenoticias.com.br\/#organization\"},\"potentialAction\":[{\"@type\":\"SearchAction\",\"target\":{\"@type\":\"EntryPoint\",\"urlTemplate\":\"https:\/\/jornalfatosenoticias.com.br\/?s={search_term_string}\"},\"query-input\":{\"@type\":\"PropertyValueSpecification\",\"valueRequired\":true,\"valueName\":\"search_term_string\"}}],\"inLanguage\":\"pt-BR\"},{\"@type\":\"Organization\",\"@id\":\"https:\/\/jornalfatosenoticias.com.br\/#organization\",\"name\":\"Jornal Fatos e Not\u00edcias\",\"url\":\"https:\/\/jornalfatosenoticias.com.br\/\",\"logo\":{\"@type\":\"ImageObject\",\"inLanguage\":\"pt-BR\",\"@id\":\"https:\/\/jornalfatosenoticias.com.br\/#\/schema\/logo\/image\/\",\"url\":\"https:\/\/jornalfatosenoticias.com.br\/wp-content\/uploads\/2020\/02\/logo120.png\",\"contentUrl\":\"https:\/\/jornalfatosenoticias.com.br\/wp-content\/uploads\/2020\/02\/logo120.png\",\"width\":1227,\"height\":120,\"caption\":\"Jornal Fatos e Not\u00edcias\"},\"image\":{\"@id\":\"https:\/\/jornalfatosenoticias.com.br\/#\/schema\/logo\/image\/\"}},{\"@type\":\"Person\",\"@id\":\"https:\/\/jornalfatosenoticias.com.br\/#\/schema\/person\/d63837fa13ac8666eb9e74e0985d6f81\",\"name\":\"Luzimara Fernandes\",\"image\":{\"@type\":\"ImageObject\",\"inLanguage\":\"pt-BR\",\"@id\":\"https:\/\/jornalfatosenoticias.com.br\/#\/schema\/person\/image\/\",\"url\":\"https:\/\/jornalfatosenoticias.com.br\/wp-content\/uploads\/2025\/05\/EU_portal.jpg\",\"contentUrl\":\"https:\/\/jornalfatosenoticias.com.br\/wp-content\/uploads\/2025\/05\/EU_portal.jpg\",\"caption\":\"Luzimara Fernandes\"},\"description\":\"Jornalista MTB 2358-ES\",\"sameAs\":[\"https:\/\/jornalfatosenoticias.com.br\"],\"url\":\"https:\/\/jornalfatosenoticias.com.br\/index.php\/author\/luzimara\/\"}]}<\/script>\n<!-- \/ Yoast SEO plugin. -->","yoast_head_json":{"title":"Esp\u00e9cie com comportamento semelhante ao do extinto dod\u00f4 \u00e9 descoberta no Brasil - Jornal Fatos e Not\u00edcias","robots":{"index":"index","follow":"follow","max-snippet":"max-snippet:-1","max-image-preview":"max-image-preview:large","max-video-preview":"max-video-preview:-1"},"canonical":"https:\/\/jornalfatosenoticias.com.br\/index.php\/2025\/12\/12\/especie-com-comportamento-semelhante-ao-do-extinto-dodo-e-descoberta-no-brasil\/","og_locale":"pt_BR","og_type":"article","og_title":"Esp\u00e9cie com comportamento semelhante ao do extinto dod\u00f4 \u00e9 descoberta no Brasil - Jornal Fatos e Not\u00edcias","og_description":"Nova esp\u00e9cie de ave encontrada na Amaz\u00f4nia brasileira foi descrita pela primeira vez em um estudo divulgado no dia 2 de dezembro Por Giovanna Gomes A recente descoberta de uma nova esp\u00e9cie de ave\u00a0na\u00a0Serra do Divisor, localizada no extremo oeste da Amaz\u00f4nia brasileira, surpreendeu a comunidade cient\u00edfica. A ave, denominada\u00a0tinamu-de-cara-cinzenta ou tinamu-de-m\u00e1scara-ard\u00f3sia (Tinamus resonans), foi [&hellip;]","og_url":"https:\/\/jornalfatosenoticias.com.br\/index.php\/2025\/12\/12\/especie-com-comportamento-semelhante-ao-do-extinto-dodo-e-descoberta-no-brasil\/","og_site_name":"Jornal Fatos e Not\u00edcias","article_published_time":"2025-12-13T01:56:54+00:00","article_modified_time":"2025-12-13T01:56:56+00:00","og_image":[{"width":1000,"height":408,"url":"https:\/\/jornalfatosenoticias.com.br\/wp-content\/uploads\/2025\/12\/ave-semelhante-ao-dodo_capa.jpg","type":"image\/jpeg"}],"author":"Luzimara Fernandes","twitter_card":"summary_large_image","twitter_misc":{"Escrito por":"Luzimara Fernandes","Est. tempo de leitura":"6 minutos"},"schema":{"@context":"https:\/\/schema.org","@graph":[{"@type":"Article","@id":"https:\/\/jornalfatosenoticias.com.br\/index.php\/2025\/12\/12\/especie-com-comportamento-semelhante-ao-do-extinto-dodo-e-descoberta-no-brasil\/#article","isPartOf":{"@id":"https:\/\/jornalfatosenoticias.com.br\/index.php\/2025\/12\/12\/especie-com-comportamento-semelhante-ao-do-extinto-dodo-e-descoberta-no-brasil\/"},"author":{"name":"Luzimara Fernandes","@id":"https:\/\/jornalfatosenoticias.com.br\/#\/schema\/person\/d63837fa13ac8666eb9e74e0985d6f81"},"headline":"Esp\u00e9cie com comportamento semelhante ao do extinto dod\u00f4 \u00e9 descoberta no Brasil","datePublished":"2025-12-13T01:56:54+00:00","dateModified":"2025-12-13T01:56:56+00:00","mainEntityOfPage":{"@id":"https:\/\/jornalfatosenoticias.com.br\/index.php\/2025\/12\/12\/especie-com-comportamento-semelhante-ao-do-extinto-dodo-e-descoberta-no-brasil\/"},"wordCount":693,"commentCount":0,"publisher":{"@id":"https:\/\/jornalfatosenoticias.com.br\/#organization"},"image":{"@id":"https:\/\/jornalfatosenoticias.com.br\/index.php\/2025\/12\/12\/especie-com-comportamento-semelhante-ao-do-extinto-dodo-e-descoberta-no-brasil\/#primaryimage"},"thumbnailUrl":"https:\/\/jornalfatosenoticias.com.br\/wp-content\/uploads\/2025\/12\/ave-semelhante-ao-dodo_capa.jpg","keywords":["amaz\u00f4nia","ci\u00eancia","descoberta","dod\u00f4","esp\u00e9cie","p\u00e1ssaro"],"articleSection":["Meio ambiente"],"inLanguage":"pt-BR","potentialAction":[{"@type":"CommentAction","name":"Comment","target":["https:\/\/jornalfatosenoticias.com.br\/index.php\/2025\/12\/12\/especie-com-comportamento-semelhante-ao-do-extinto-dodo-e-descoberta-no-brasil\/#respond"]}]},{"@type":"WebPage","@id":"https:\/\/jornalfatosenoticias.com.br\/index.php\/2025\/12\/12\/especie-com-comportamento-semelhante-ao-do-extinto-dodo-e-descoberta-no-brasil\/","url":"https:\/\/jornalfatosenoticias.com.br\/index.php\/2025\/12\/12\/especie-com-comportamento-semelhante-ao-do-extinto-dodo-e-descoberta-no-brasil\/","name":"Esp\u00e9cie com comportamento semelhante ao do extinto dod\u00f4 \u00e9 descoberta no Brasil - Jornal Fatos e Not\u00edcias","isPartOf":{"@id":"https:\/\/jornalfatosenoticias.com.br\/#website"},"primaryImageOfPage":{"@id":"https:\/\/jornalfatosenoticias.com.br\/index.php\/2025\/12\/12\/especie-com-comportamento-semelhante-ao-do-extinto-dodo-e-descoberta-no-brasil\/#primaryimage"},"image":{"@id":"https:\/\/jornalfatosenoticias.com.br\/index.php\/2025\/12\/12\/especie-com-comportamento-semelhante-ao-do-extinto-dodo-e-descoberta-no-brasil\/#primaryimage"},"thumbnailUrl":"https:\/\/jornalfatosenoticias.com.br\/wp-content\/uploads\/2025\/12\/ave-semelhante-ao-dodo_capa.jpg","datePublished":"2025-12-13T01:56:54+00:00","dateModified":"2025-12-13T01:56:56+00:00","breadcrumb":{"@id":"https:\/\/jornalfatosenoticias.com.br\/index.php\/2025\/12\/12\/especie-com-comportamento-semelhante-ao-do-extinto-dodo-e-descoberta-no-brasil\/#breadcrumb"},"inLanguage":"pt-BR","potentialAction":[{"@type":"ReadAction","target":["https:\/\/jornalfatosenoticias.com.br\/index.php\/2025\/12\/12\/especie-com-comportamento-semelhante-ao-do-extinto-dodo-e-descoberta-no-brasil\/"]}]},{"@type":"ImageObject","inLanguage":"pt-BR","@id":"https:\/\/jornalfatosenoticias.com.br\/index.php\/2025\/12\/12\/especie-com-comportamento-semelhante-ao-do-extinto-dodo-e-descoberta-no-brasil\/#primaryimage","url":"https:\/\/jornalfatosenoticias.com.br\/wp-content\/uploads\/2025\/12\/ave-semelhante-ao-dodo_capa.jpg","contentUrl":"https:\/\/jornalfatosenoticias.com.br\/wp-content\/uploads\/2025\/12\/ave-semelhante-ao-dodo_capa.jpg","width":1000,"height":408},{"@type":"BreadcrumbList","@id":"https:\/\/jornalfatosenoticias.com.br\/index.php\/2025\/12\/12\/especie-com-comportamento-semelhante-ao-do-extinto-dodo-e-descoberta-no-brasil\/#breadcrumb","itemListElement":[{"@type":"ListItem","position":1,"name":"In\u00edcio","item":"https:\/\/jornalfatosenoticias.com.br\/"},{"@type":"ListItem","position":2,"name":"Esp\u00e9cie com comportamento semelhante ao do extinto dod\u00f4 \u00e9 descoberta no Brasil"}]},{"@type":"WebSite","@id":"https:\/\/jornalfatosenoticias.com.br\/#website","url":"https:\/\/jornalfatosenoticias.com.br\/","name":"Jornal Fatos e Not\u00edcias","description":"Not\u00edcias em geral","publisher":{"@id":"https:\/\/jornalfatosenoticias.com.br\/#organization"},"potentialAction":[{"@type":"SearchAction","target":{"@type":"EntryPoint","urlTemplate":"https:\/\/jornalfatosenoticias.com.br\/?s={search_term_string}"},"query-input":{"@type":"PropertyValueSpecification","valueRequired":true,"valueName":"search_term_string"}}],"inLanguage":"pt-BR"},{"@type":"Organization","@id":"https:\/\/jornalfatosenoticias.com.br\/#organization","name":"Jornal Fatos e Not\u00edcias","url":"https:\/\/jornalfatosenoticias.com.br\/","logo":{"@type":"ImageObject","inLanguage":"pt-BR","@id":"https:\/\/jornalfatosenoticias.com.br\/#\/schema\/logo\/image\/","url":"https:\/\/jornalfatosenoticias.com.br\/wp-content\/uploads\/2020\/02\/logo120.png","contentUrl":"https:\/\/jornalfatosenoticias.com.br\/wp-content\/uploads\/2020\/02\/logo120.png","width":1227,"height":120,"caption":"Jornal Fatos e Not\u00edcias"},"image":{"@id":"https:\/\/jornalfatosenoticias.com.br\/#\/schema\/logo\/image\/"}},{"@type":"Person","@id":"https:\/\/jornalfatosenoticias.com.br\/#\/schema\/person\/d63837fa13ac8666eb9e74e0985d6f81","name":"Luzimara Fernandes","image":{"@type":"ImageObject","inLanguage":"pt-BR","@id":"https:\/\/jornalfatosenoticias.com.br\/#\/schema\/person\/image\/","url":"https:\/\/jornalfatosenoticias.com.br\/wp-content\/uploads\/2025\/05\/EU_portal.jpg","contentUrl":"https:\/\/jornalfatosenoticias.com.br\/wp-content\/uploads\/2025\/05\/EU_portal.jpg","caption":"Luzimara Fernandes"},"description":"Jornalista MTB 2358-ES","sameAs":["https:\/\/jornalfatosenoticias.com.br"],"url":"https:\/\/jornalfatosenoticias.com.br\/index.php\/author\/luzimara\/"}]}},"cc_featured_image_caption":{"caption_text":"","source_text":"","source_url":""},"jetpack_featured_media_url":"https:\/\/jornalfatosenoticias.com.br\/wp-content\/uploads\/2025\/12\/ave-semelhante-ao-dodo_capa.jpg","_links":{"self":[{"href":"https:\/\/jornalfatosenoticias.com.br\/index.php\/wp-json\/wp\/v2\/posts\/63854","targetHints":{"allow":["GET"]}}],"collection":[{"href":"https:\/\/jornalfatosenoticias.com.br\/index.php\/wp-json\/wp\/v2\/posts"}],"about":[{"href":"https:\/\/jornalfatosenoticias.com.br\/index.php\/wp-json\/wp\/v2\/types\/post"}],"author":[{"embeddable":true,"href":"https:\/\/jornalfatosenoticias.com.br\/index.php\/wp-json\/wp\/v2\/users\/2"}],"replies":[{"embeddable":true,"href":"https:\/\/jornalfatosenoticias.com.br\/index.php\/wp-json\/wp\/v2\/comments?post=63854"}],"version-history":[{"count":1,"href":"https:\/\/jornalfatosenoticias.com.br\/index.php\/wp-json\/wp\/v2\/posts\/63854\/revisions"}],"predecessor-version":[{"id":63858,"href":"https:\/\/jornalfatosenoticias.com.br\/index.php\/wp-json\/wp\/v2\/posts\/63854\/revisions\/63858"}],"wp:featuredmedia":[{"embeddable":true,"href":"https:\/\/jornalfatosenoticias.com.br\/index.php\/wp-json\/wp\/v2\/media\/63855"}],"wp:attachment":[{"href":"https:\/\/jornalfatosenoticias.com.br\/index.php\/wp-json\/wp\/v2\/media?parent=63854"}],"wp:term":[{"taxonomy":"category","embeddable":true,"href":"https:\/\/jornalfatosenoticias.com.br\/index.php\/wp-json\/wp\/v2\/categories?post=63854"},{"taxonomy":"post_tag","embeddable":true,"href":"https:\/\/jornalfatosenoticias.com.br\/index.php\/wp-json\/wp\/v2\/tags?post=63854"}],"curies":[{"name":"wp","href":"https:\/\/api.w.org\/{rel}","templated":true}]}}