{"id":6425,"date":"2020-07-14T14:00:12","date_gmt":"2020-07-14T17:00:12","guid":{"rendered":"https:\/\/jornalfatosenoticias.com.br\/?p=6425"},"modified":"2020-07-14T14:00:17","modified_gmt":"2020-07-14T17:00:17","slug":"cesar-lattes-conheca-a-trajetoria-do-brasileiro-injusticado-pelo-nobel","status":"publish","type":"post","link":"https:\/\/jornalfatosenoticias.com.br\/index.php\/2020\/07\/14\/cesar-lattes-conheca-a-trajetoria-do-brasileiro-injusticado-pelo-nobel\/","title":{"rendered":"C\u00e9sar Lattes: conhe\u00e7a a trajet\u00f3ria do brasileiro injusti\u00e7ado pelo Nobel"},"content":{"rendered":"\n<h6 class=\"wp-block-heading\"><em>F\u00edsico curitibano foi respons\u00e1vel por descobrir uma part\u00edcula subat\u00f4mica que inaugurou um novo campo da ci\u00eancia \u2014 mas o laureado foi o chefe da equipe<\/em><\/h6>\n\n\n\n<p>Quem j\u00e1 esteve na universidade provavelmente ouviu falar sobre a plataforma Lattes, que re\u00fane curr\u00edculos acad\u00eamicos de pesquisadores e professores brasileiros e estrangeiros que atuam no Pa\u00eds. O que muitos podem n\u00e3o saber \u00e9 que o programa foi batizado em homenagem ao cientista curitibano C\u00e9sar Mansueto Giulio Lattes.<br>O f\u00edsico tornou-se conhecido por descobrir a part\u00edcula subat\u00f4mica m\u00e9son pi (p\u00edon), que rendeu o Pr\u00eamio Nobel de F\u00edsica \u2014 e uma posterior controv\u00e9rsia \u2014 ao norte-americano Cecil Frank Powell, em 1995.<br><strong><em>A seguir, saiba mais sobre a vida e a carreira do cientista brasileiro.<\/em><\/strong><\/p>\n\n\n\n<h4 class=\"wp-block-heading\">Envolvimento com a f\u00edsica e a pesquisa<\/h4>\n\n\n\n<p>Nascido em Curitiba no dia 11 de julho de 1924, Lattes se graduou em f\u00edsica e matem\u00e1tica na Universidade de S\u00e3o Paulo (USP). Depois, tornou-se um dos pupilos do professor ucraniano naturalizado italiano Gleb Wataghin, que fora contratado para assumir o Departamento de F\u00edsica da USP. O curitibano \u00e9 tido at\u00e9 hoje como o mais brilhante dos jovens f\u00edsicos daquela gera\u00e7\u00e3o, que contou com nomes como M\u00e1rio Schenberg (considerado o maior f\u00edsico te\u00f3rico do Brasil) e Jos\u00e9 Leite Lopes (respons\u00e1vel pela primeira predi\u00e7\u00e3o do b\u00f3son Z).<br>Lattes se destacou por apoiar diversas iniciativas que alavancaram a ci\u00eancia e a pesquisa no Brasil, como o Centro Brasileiro de Pesquisas F\u00edsicas no Rio de Janeiro, em 1949, o atual Conselho Nacional de Desenvolvimento Cient\u00edfico e Tecnol\u00f3gico (CNPq), em 1951, e o Instituto de Matem\u00e1tica Pura e Aplicada, em 1952.<\/p>\n\n\n\n<h4 class=\"wp-block-heading\">O caminho para a descoberta<\/h4>\n\n\n\n<p>Sua maior fa\u00e7anha, por\u00e9m, foi a descoberta de uma das subpart\u00edculas respons\u00e1veis pela coes\u00e3o do n\u00facleo do \u00e1tomo, o que inaugurou um novo campo de estudos da f\u00edsica. Na \u00e9poca, uma das principais quest\u00f5es da f\u00edsica at\u00f4mica era saber como os pr\u00f3tons mantinham-se unidos no n\u00facleo dos \u00e1tomos. Intrigado com a quest\u00e3o, Lattes, acompanhado do professor Giuseppe Occhialini, foi para a Universidade de Bristol, na Inglaterra, em 1946, onde integrou a equipe do H. H. Wills Laboratory, chefiado por Cecil Frank Powell.<\/p>\n\n\n\n<h4 class=\"wp-block-heading\">O m\u00e9son pi<\/h4>\n\n\n\n<p>Lattes acreditava que a melhor maneira de se chegar a uma resposta para a quest\u00e3o subat\u00f4mica era estudando os raios c\u00f3smicos em vez dos aceleradores de part\u00edculas. Por isso, em 1947, foi at\u00e9 o Chacaltaya, pico de cinco mil metros nos Andes Bolivianos. A ideia era \u201cfotografar\u201d a trajet\u00f3ria das part\u00edculas oriundas dos raios c\u00f3smicos por meio de chapas fotogr\u00e1ficas de emuls\u00e3o nuclear, m\u00e9todo criado por Cecil Frank Powell.<br>Antes da viagem, Lattes pediu \u00e0 Kodak que acrescentasse mais boro \u00e0 composi\u00e7\u00e3o das placas de emuls\u00e3o nuclear. Gra\u00e7as a isso, a revela\u00e7\u00e3o das chapas fotogr\u00e1ficas mostrou o que seria identificado como uma nova part\u00edcula at\u00f4mica, o m\u00e9son pi (ou p\u00edon).<br>A descoberta foi descrita por Lattes no artigo Processes involving charged mesons, publicado pela revista Nature em 1947. O texto \u00e9 coassinado por seus colegas de laborat\u00f3rio, Powell, Occhialini e Hugh Muirhead. A fa\u00e7anha marcou o in\u00edcio de um novo campo de estudos, a f\u00edsica das part\u00edculas elementares.<\/p>\n\n\n\n<h4 class=\"wp-block-heading\">A controv\u00e9rsia<\/h4>\n\n\n\n<p>Tr\u00eas anos depois, em 1950, o comit\u00ea do Nobel concedeu o pr\u00eamio de F\u00edsica a Cecil Frank Powell pelo desenvolvimento do m\u00e9todo fotogr\u00e1fico para estudo de processos nucleares e por achados relacionados aos m\u00e9sons. O motivo de o pr\u00eamio n\u00e3o ter ido para o brasileiro foi a pol\u00edtica interna do Nobel. At\u00e9 1960, a regra era premiar apenas o chefe da equipe respons\u00e1vel pela descoberta.<br>Mas a injusti\u00e7a n\u00e3o apagou o papel de Lattes na hist\u00f3ria da ci\u00eancia. Pela descoberta do m\u00e9son pi aos 27 anos de idade, o brasileiro at\u00e9 hoje \u00e9 lembrado por mudar os rumos da f\u00edsica, dando espa\u00e7o para o surgimento de um novo campo de estudos, e pelos seus esfor\u00e7os em desenvolver a educa\u00e7\u00e3o e a ci\u00eancia de ponta no Brasil. Lattes morreu em 2005, aos 80 anos, em Campinas (SP).<\/p>\n\n\n\n<p><strong><em>Fonte: <a href=\"https:\/\/revistagalileu.globo.com\/Sociedade\/noticia\/2020\/07\/cesar-lattes-conheca-trajetoria-do-brasileiro-injusticado-pelo-nobel.html\">Revista Galileu<\/a><\/em><\/strong><\/p>\n","protected":false},"excerpt":{"rendered":"<p>F\u00edsico curitibano foi respons\u00e1vel por descobrir uma part\u00edcula subat\u00f4mica que inaugurou um novo campo da ci\u00eancia \u2014 mas o laureado foi o chefe da equipe Quem j\u00e1 esteve na universidade provavelmente ouviu falar sobre a plataforma Lattes, que re\u00fane curr\u00edculos acad\u00eamicos de pesquisadores e professores brasileiros e estrangeiros que atuam no Pa\u00eds. O que muitos [&hellip;]<\/p>\n","protected":false},"author":2,"featured_media":6426,"comment_status":"open","ping_status":"open","sticky":false,"template":"","format":"standard","meta":{"footnotes":""},"categories":[5],"tags":[3769,267,3771,3770],"class_list":["post-6425","post","type-post","status-publish","format-standard","has-post-thumbnail","hentry","category-geral","tag-cesar-lattes","tag-fisica","tag-laureado","tag-nobel"],"yoast_head":"<!-- This site is optimized with the Yoast SEO plugin v26.5 - https:\/\/yoast.com\/wordpress\/plugins\/seo\/ -->\n<title>C\u00e9sar Lattes: conhe\u00e7a a trajet\u00f3ria do brasileiro injusti\u00e7ado pelo Nobel - Jornal Fatos e Not\u00edcias<\/title>\n<meta name=\"robots\" content=\"index, follow, max-snippet:-1, max-image-preview:large, max-video-preview:-1\" \/>\n<link rel=\"canonical\" href=\"https:\/\/jornalfatosenoticias.com.br\/index.php\/2020\/07\/14\/cesar-lattes-conheca-a-trajetoria-do-brasileiro-injusticado-pelo-nobel\/\" \/>\n<meta property=\"og:locale\" content=\"pt_BR\" \/>\n<meta property=\"og:type\" content=\"article\" \/>\n<meta property=\"og:title\" content=\"C\u00e9sar Lattes: conhe\u00e7a a trajet\u00f3ria do brasileiro injusti\u00e7ado pelo Nobel - Jornal Fatos e Not\u00edcias\" \/>\n<meta property=\"og:description\" content=\"F\u00edsico curitibano foi respons\u00e1vel por descobrir uma part\u00edcula subat\u00f4mica que inaugurou um novo campo da ci\u00eancia \u2014 mas o laureado foi o chefe da equipe Quem j\u00e1 esteve na universidade provavelmente ouviu falar sobre a plataforma Lattes, que re\u00fane curr\u00edculos acad\u00eamicos de pesquisadores e professores brasileiros e estrangeiros que atuam no Pa\u00eds. O que muitos [&hellip;]\" \/>\n<meta property=\"og:url\" content=\"https:\/\/jornalfatosenoticias.com.br\/index.php\/2020\/07\/14\/cesar-lattes-conheca-a-trajetoria-do-brasileiro-injusticado-pelo-nobel\/\" \/>\n<meta property=\"og:site_name\" content=\"Jornal Fatos e Not\u00edcias\" \/>\n<meta property=\"article:published_time\" content=\"2020-07-14T17:00:12+00:00\" \/>\n<meta property=\"article:modified_time\" content=\"2020-07-14T17:00:17+00:00\" \/>\n<meta property=\"og:image\" content=\"https:\/\/jornalfatosenoticias.com.br\/wp-content\/uploads\/2020\/07\/cesar-lattes.jpg\" \/>\n\t<meta property=\"og:image:width\" content=\"1000\" \/>\n\t<meta property=\"og:image:height\" content=\"571\" \/>\n\t<meta property=\"og:image:type\" content=\"image\/jpeg\" \/>\n<meta name=\"author\" content=\"Luzimara Fernandes\" \/>\n<meta name=\"twitter:card\" content=\"summary_large_image\" \/>\n<meta name=\"twitter:label1\" content=\"Escrito por\" \/>\n\t<meta name=\"twitter:data1\" content=\"Luzimara Fernandes\" \/>\n\t<meta name=\"twitter:label2\" content=\"Est. tempo de leitura\" \/>\n\t<meta name=\"twitter:data2\" content=\"4 minutos\" \/>\n<script type=\"application\/ld+json\" class=\"yoast-schema-graph\">{\"@context\":\"https:\/\/schema.org\",\"@graph\":[{\"@type\":\"Article\",\"@id\":\"https:\/\/jornalfatosenoticias.com.br\/index.php\/2020\/07\/14\/cesar-lattes-conheca-a-trajetoria-do-brasileiro-injusticado-pelo-nobel\/#article\",\"isPartOf\":{\"@id\":\"https:\/\/jornalfatosenoticias.com.br\/index.php\/2020\/07\/14\/cesar-lattes-conheca-a-trajetoria-do-brasileiro-injusticado-pelo-nobel\/\"},\"author\":{\"name\":\"Luzimara Fernandes\",\"@id\":\"https:\/\/jornalfatosenoticias.com.br\/#\/schema\/person\/d63837fa13ac8666eb9e74e0985d6f81\"},\"headline\":\"C\u00e9sar Lattes: conhe\u00e7a a trajet\u00f3ria do brasileiro injusti\u00e7ado pelo Nobel\",\"datePublished\":\"2020-07-14T17:00:12+00:00\",\"dateModified\":\"2020-07-14T17:00:17+00:00\",\"mainEntityOfPage\":{\"@id\":\"https:\/\/jornalfatosenoticias.com.br\/index.php\/2020\/07\/14\/cesar-lattes-conheca-a-trajetoria-do-brasileiro-injusticado-pelo-nobel\/\"},\"wordCount\":738,\"commentCount\":0,\"publisher\":{\"@id\":\"https:\/\/jornalfatosenoticias.com.br\/#organization\"},\"image\":{\"@id\":\"https:\/\/jornalfatosenoticias.com.br\/index.php\/2020\/07\/14\/cesar-lattes-conheca-a-trajetoria-do-brasileiro-injusticado-pelo-nobel\/#primaryimage\"},\"thumbnailUrl\":\"https:\/\/jornalfatosenoticias.com.br\/wp-content\/uploads\/2020\/07\/cesar-lattes.jpg\",\"keywords\":[\"C\u00e9sar Lattes\",\"f\u00edsica\",\"laureado\",\"Nobel\"],\"articleSection\":[\"Geral\"],\"inLanguage\":\"pt-BR\",\"potentialAction\":[{\"@type\":\"CommentAction\",\"name\":\"Comment\",\"target\":[\"https:\/\/jornalfatosenoticias.com.br\/index.php\/2020\/07\/14\/cesar-lattes-conheca-a-trajetoria-do-brasileiro-injusticado-pelo-nobel\/#respond\"]}]},{\"@type\":\"WebPage\",\"@id\":\"https:\/\/jornalfatosenoticias.com.br\/index.php\/2020\/07\/14\/cesar-lattes-conheca-a-trajetoria-do-brasileiro-injusticado-pelo-nobel\/\",\"url\":\"https:\/\/jornalfatosenoticias.com.br\/index.php\/2020\/07\/14\/cesar-lattes-conheca-a-trajetoria-do-brasileiro-injusticado-pelo-nobel\/\",\"name\":\"C\u00e9sar Lattes: conhe\u00e7a a trajet\u00f3ria do brasileiro injusti\u00e7ado pelo Nobel - Jornal Fatos e Not\u00edcias\",\"isPartOf\":{\"@id\":\"https:\/\/jornalfatosenoticias.com.br\/#website\"},\"primaryImageOfPage\":{\"@id\":\"https:\/\/jornalfatosenoticias.com.br\/index.php\/2020\/07\/14\/cesar-lattes-conheca-a-trajetoria-do-brasileiro-injusticado-pelo-nobel\/#primaryimage\"},\"image\":{\"@id\":\"https:\/\/jornalfatosenoticias.com.br\/index.php\/2020\/07\/14\/cesar-lattes-conheca-a-trajetoria-do-brasileiro-injusticado-pelo-nobel\/#primaryimage\"},\"thumbnailUrl\":\"https:\/\/jornalfatosenoticias.com.br\/wp-content\/uploads\/2020\/07\/cesar-lattes.jpg\",\"datePublished\":\"2020-07-14T17:00:12+00:00\",\"dateModified\":\"2020-07-14T17:00:17+00:00\",\"breadcrumb\":{\"@id\":\"https:\/\/jornalfatosenoticias.com.br\/index.php\/2020\/07\/14\/cesar-lattes-conheca-a-trajetoria-do-brasileiro-injusticado-pelo-nobel\/#breadcrumb\"},\"inLanguage\":\"pt-BR\",\"potentialAction\":[{\"@type\":\"ReadAction\",\"target\":[\"https:\/\/jornalfatosenoticias.com.br\/index.php\/2020\/07\/14\/cesar-lattes-conheca-a-trajetoria-do-brasileiro-injusticado-pelo-nobel\/\"]}]},{\"@type\":\"ImageObject\",\"inLanguage\":\"pt-BR\",\"@id\":\"https:\/\/jornalfatosenoticias.com.br\/index.php\/2020\/07\/14\/cesar-lattes-conheca-a-trajetoria-do-brasileiro-injusticado-pelo-nobel\/#primaryimage\",\"url\":\"https:\/\/jornalfatosenoticias.com.br\/wp-content\/uploads\/2020\/07\/cesar-lattes.jpg\",\"contentUrl\":\"https:\/\/jornalfatosenoticias.com.br\/wp-content\/uploads\/2020\/07\/cesar-lattes.jpg\",\"width\":1000,\"height\":571},{\"@type\":\"BreadcrumbList\",\"@id\":\"https:\/\/jornalfatosenoticias.com.br\/index.php\/2020\/07\/14\/cesar-lattes-conheca-a-trajetoria-do-brasileiro-injusticado-pelo-nobel\/#breadcrumb\",\"itemListElement\":[{\"@type\":\"ListItem\",\"position\":1,\"name\":\"In\u00edcio\",\"item\":\"https:\/\/jornalfatosenoticias.com.br\/\"},{\"@type\":\"ListItem\",\"position\":2,\"name\":\"C\u00e9sar Lattes: conhe\u00e7a a trajet\u00f3ria do brasileiro injusti\u00e7ado pelo Nobel\"}]},{\"@type\":\"WebSite\",\"@id\":\"https:\/\/jornalfatosenoticias.com.br\/#website\",\"url\":\"https:\/\/jornalfatosenoticias.com.br\/\",\"name\":\"Jornal Fatos e Not\u00edcias\",\"description\":\"Not\u00edcias em geral\",\"publisher\":{\"@id\":\"https:\/\/jornalfatosenoticias.com.br\/#organization\"},\"potentialAction\":[{\"@type\":\"SearchAction\",\"target\":{\"@type\":\"EntryPoint\",\"urlTemplate\":\"https:\/\/jornalfatosenoticias.com.br\/?s={search_term_string}\"},\"query-input\":{\"@type\":\"PropertyValueSpecification\",\"valueRequired\":true,\"valueName\":\"search_term_string\"}}],\"inLanguage\":\"pt-BR\"},{\"@type\":\"Organization\",\"@id\":\"https:\/\/jornalfatosenoticias.com.br\/#organization\",\"name\":\"Jornal Fatos e Not\u00edcias\",\"url\":\"https:\/\/jornalfatosenoticias.com.br\/\",\"logo\":{\"@type\":\"ImageObject\",\"inLanguage\":\"pt-BR\",\"@id\":\"https:\/\/jornalfatosenoticias.com.br\/#\/schema\/logo\/image\/\",\"url\":\"https:\/\/jornalfatosenoticias.com.br\/wp-content\/uploads\/2020\/02\/logo120.png\",\"contentUrl\":\"https:\/\/jornalfatosenoticias.com.br\/wp-content\/uploads\/2020\/02\/logo120.png\",\"width\":1227,\"height\":120,\"caption\":\"Jornal Fatos e Not\u00edcias\"},\"image\":{\"@id\":\"https:\/\/jornalfatosenoticias.com.br\/#\/schema\/logo\/image\/\"}},{\"@type\":\"Person\",\"@id\":\"https:\/\/jornalfatosenoticias.com.br\/#\/schema\/person\/d63837fa13ac8666eb9e74e0985d6f81\",\"name\":\"Luzimara Fernandes\",\"image\":{\"@type\":\"ImageObject\",\"inLanguage\":\"pt-BR\",\"@id\":\"https:\/\/jornalfatosenoticias.com.br\/#\/schema\/person\/image\/\",\"url\":\"https:\/\/jornalfatosenoticias.com.br\/wp-content\/uploads\/2025\/05\/EU_portal.jpg\",\"contentUrl\":\"https:\/\/jornalfatosenoticias.com.br\/wp-content\/uploads\/2025\/05\/EU_portal.jpg\",\"caption\":\"Luzimara Fernandes\"},\"description\":\"Jornalista MTB 2358-ES\",\"sameAs\":[\"https:\/\/jornalfatosenoticias.com.br\"],\"url\":\"https:\/\/jornalfatosenoticias.com.br\/index.php\/author\/luzimara\/\"}]}<\/script>\n<!-- \/ Yoast SEO plugin. -->","yoast_head_json":{"title":"C\u00e9sar Lattes: conhe\u00e7a a trajet\u00f3ria do brasileiro injusti\u00e7ado pelo Nobel - Jornal Fatos e Not\u00edcias","robots":{"index":"index","follow":"follow","max-snippet":"max-snippet:-1","max-image-preview":"max-image-preview:large","max-video-preview":"max-video-preview:-1"},"canonical":"https:\/\/jornalfatosenoticias.com.br\/index.php\/2020\/07\/14\/cesar-lattes-conheca-a-trajetoria-do-brasileiro-injusticado-pelo-nobel\/","og_locale":"pt_BR","og_type":"article","og_title":"C\u00e9sar Lattes: conhe\u00e7a a trajet\u00f3ria do brasileiro injusti\u00e7ado pelo Nobel - Jornal Fatos e Not\u00edcias","og_description":"F\u00edsico curitibano foi respons\u00e1vel por descobrir uma part\u00edcula subat\u00f4mica que inaugurou um novo campo da ci\u00eancia \u2014 mas o laureado foi o chefe da equipe Quem j\u00e1 esteve na universidade provavelmente ouviu falar sobre a plataforma Lattes, que re\u00fane curr\u00edculos acad\u00eamicos de pesquisadores e professores brasileiros e estrangeiros que atuam no Pa\u00eds. O que muitos [&hellip;]","og_url":"https:\/\/jornalfatosenoticias.com.br\/index.php\/2020\/07\/14\/cesar-lattes-conheca-a-trajetoria-do-brasileiro-injusticado-pelo-nobel\/","og_site_name":"Jornal Fatos e Not\u00edcias","article_published_time":"2020-07-14T17:00:12+00:00","article_modified_time":"2020-07-14T17:00:17+00:00","og_image":[{"width":1000,"height":571,"url":"https:\/\/jornalfatosenoticias.com.br\/wp-content\/uploads\/2020\/07\/cesar-lattes.jpg","type":"image\/jpeg"}],"author":"Luzimara Fernandes","twitter_card":"summary_large_image","twitter_misc":{"Escrito por":"Luzimara Fernandes","Est. tempo de leitura":"4 minutos"},"schema":{"@context":"https:\/\/schema.org","@graph":[{"@type":"Article","@id":"https:\/\/jornalfatosenoticias.com.br\/index.php\/2020\/07\/14\/cesar-lattes-conheca-a-trajetoria-do-brasileiro-injusticado-pelo-nobel\/#article","isPartOf":{"@id":"https:\/\/jornalfatosenoticias.com.br\/index.php\/2020\/07\/14\/cesar-lattes-conheca-a-trajetoria-do-brasileiro-injusticado-pelo-nobel\/"},"author":{"name":"Luzimara Fernandes","@id":"https:\/\/jornalfatosenoticias.com.br\/#\/schema\/person\/d63837fa13ac8666eb9e74e0985d6f81"},"headline":"C\u00e9sar Lattes: conhe\u00e7a a trajet\u00f3ria do brasileiro injusti\u00e7ado pelo Nobel","datePublished":"2020-07-14T17:00:12+00:00","dateModified":"2020-07-14T17:00:17+00:00","mainEntityOfPage":{"@id":"https:\/\/jornalfatosenoticias.com.br\/index.php\/2020\/07\/14\/cesar-lattes-conheca-a-trajetoria-do-brasileiro-injusticado-pelo-nobel\/"},"wordCount":738,"commentCount":0,"publisher":{"@id":"https:\/\/jornalfatosenoticias.com.br\/#organization"},"image":{"@id":"https:\/\/jornalfatosenoticias.com.br\/index.php\/2020\/07\/14\/cesar-lattes-conheca-a-trajetoria-do-brasileiro-injusticado-pelo-nobel\/#primaryimage"},"thumbnailUrl":"https:\/\/jornalfatosenoticias.com.br\/wp-content\/uploads\/2020\/07\/cesar-lattes.jpg","keywords":["C\u00e9sar Lattes","f\u00edsica","laureado","Nobel"],"articleSection":["Geral"],"inLanguage":"pt-BR","potentialAction":[{"@type":"CommentAction","name":"Comment","target":["https:\/\/jornalfatosenoticias.com.br\/index.php\/2020\/07\/14\/cesar-lattes-conheca-a-trajetoria-do-brasileiro-injusticado-pelo-nobel\/#respond"]}]},{"@type":"WebPage","@id":"https:\/\/jornalfatosenoticias.com.br\/index.php\/2020\/07\/14\/cesar-lattes-conheca-a-trajetoria-do-brasileiro-injusticado-pelo-nobel\/","url":"https:\/\/jornalfatosenoticias.com.br\/index.php\/2020\/07\/14\/cesar-lattes-conheca-a-trajetoria-do-brasileiro-injusticado-pelo-nobel\/","name":"C\u00e9sar Lattes: conhe\u00e7a a trajet\u00f3ria do brasileiro injusti\u00e7ado pelo Nobel - Jornal Fatos e Not\u00edcias","isPartOf":{"@id":"https:\/\/jornalfatosenoticias.com.br\/#website"},"primaryImageOfPage":{"@id":"https:\/\/jornalfatosenoticias.com.br\/index.php\/2020\/07\/14\/cesar-lattes-conheca-a-trajetoria-do-brasileiro-injusticado-pelo-nobel\/#primaryimage"},"image":{"@id":"https:\/\/jornalfatosenoticias.com.br\/index.php\/2020\/07\/14\/cesar-lattes-conheca-a-trajetoria-do-brasileiro-injusticado-pelo-nobel\/#primaryimage"},"thumbnailUrl":"https:\/\/jornalfatosenoticias.com.br\/wp-content\/uploads\/2020\/07\/cesar-lattes.jpg","datePublished":"2020-07-14T17:00:12+00:00","dateModified":"2020-07-14T17:00:17+00:00","breadcrumb":{"@id":"https:\/\/jornalfatosenoticias.com.br\/index.php\/2020\/07\/14\/cesar-lattes-conheca-a-trajetoria-do-brasileiro-injusticado-pelo-nobel\/#breadcrumb"},"inLanguage":"pt-BR","potentialAction":[{"@type":"ReadAction","target":["https:\/\/jornalfatosenoticias.com.br\/index.php\/2020\/07\/14\/cesar-lattes-conheca-a-trajetoria-do-brasileiro-injusticado-pelo-nobel\/"]}]},{"@type":"ImageObject","inLanguage":"pt-BR","@id":"https:\/\/jornalfatosenoticias.com.br\/index.php\/2020\/07\/14\/cesar-lattes-conheca-a-trajetoria-do-brasileiro-injusticado-pelo-nobel\/#primaryimage","url":"https:\/\/jornalfatosenoticias.com.br\/wp-content\/uploads\/2020\/07\/cesar-lattes.jpg","contentUrl":"https:\/\/jornalfatosenoticias.com.br\/wp-content\/uploads\/2020\/07\/cesar-lattes.jpg","width":1000,"height":571},{"@type":"BreadcrumbList","@id":"https:\/\/jornalfatosenoticias.com.br\/index.php\/2020\/07\/14\/cesar-lattes-conheca-a-trajetoria-do-brasileiro-injusticado-pelo-nobel\/#breadcrumb","itemListElement":[{"@type":"ListItem","position":1,"name":"In\u00edcio","item":"https:\/\/jornalfatosenoticias.com.br\/"},{"@type":"ListItem","position":2,"name":"C\u00e9sar Lattes: conhe\u00e7a a trajet\u00f3ria do brasileiro injusti\u00e7ado pelo Nobel"}]},{"@type":"WebSite","@id":"https:\/\/jornalfatosenoticias.com.br\/#website","url":"https:\/\/jornalfatosenoticias.com.br\/","name":"Jornal Fatos e Not\u00edcias","description":"Not\u00edcias em geral","publisher":{"@id":"https:\/\/jornalfatosenoticias.com.br\/#organization"},"potentialAction":[{"@type":"SearchAction","target":{"@type":"EntryPoint","urlTemplate":"https:\/\/jornalfatosenoticias.com.br\/?s={search_term_string}"},"query-input":{"@type":"PropertyValueSpecification","valueRequired":true,"valueName":"search_term_string"}}],"inLanguage":"pt-BR"},{"@type":"Organization","@id":"https:\/\/jornalfatosenoticias.com.br\/#organization","name":"Jornal Fatos e Not\u00edcias","url":"https:\/\/jornalfatosenoticias.com.br\/","logo":{"@type":"ImageObject","inLanguage":"pt-BR","@id":"https:\/\/jornalfatosenoticias.com.br\/#\/schema\/logo\/image\/","url":"https:\/\/jornalfatosenoticias.com.br\/wp-content\/uploads\/2020\/02\/logo120.png","contentUrl":"https:\/\/jornalfatosenoticias.com.br\/wp-content\/uploads\/2020\/02\/logo120.png","width":1227,"height":120,"caption":"Jornal Fatos e Not\u00edcias"},"image":{"@id":"https:\/\/jornalfatosenoticias.com.br\/#\/schema\/logo\/image\/"}},{"@type":"Person","@id":"https:\/\/jornalfatosenoticias.com.br\/#\/schema\/person\/d63837fa13ac8666eb9e74e0985d6f81","name":"Luzimara Fernandes","image":{"@type":"ImageObject","inLanguage":"pt-BR","@id":"https:\/\/jornalfatosenoticias.com.br\/#\/schema\/person\/image\/","url":"https:\/\/jornalfatosenoticias.com.br\/wp-content\/uploads\/2025\/05\/EU_portal.jpg","contentUrl":"https:\/\/jornalfatosenoticias.com.br\/wp-content\/uploads\/2025\/05\/EU_portal.jpg","caption":"Luzimara Fernandes"},"description":"Jornalista MTB 2358-ES","sameAs":["https:\/\/jornalfatosenoticias.com.br"],"url":"https:\/\/jornalfatosenoticias.com.br\/index.php\/author\/luzimara\/"}]}},"cc_featured_image_caption":{"caption_text":"C\u00e9sar Lattes (Wikimedia Commons)","source_text":"","source_url":""},"jetpack_featured_media_url":"https:\/\/jornalfatosenoticias.com.br\/wp-content\/uploads\/2020\/07\/cesar-lattes.jpg","_links":{"self":[{"href":"https:\/\/jornalfatosenoticias.com.br\/index.php\/wp-json\/wp\/v2\/posts\/6425","targetHints":{"allow":["GET"]}}],"collection":[{"href":"https:\/\/jornalfatosenoticias.com.br\/index.php\/wp-json\/wp\/v2\/posts"}],"about":[{"href":"https:\/\/jornalfatosenoticias.com.br\/index.php\/wp-json\/wp\/v2\/types\/post"}],"author":[{"embeddable":true,"href":"https:\/\/jornalfatosenoticias.com.br\/index.php\/wp-json\/wp\/v2\/users\/2"}],"replies":[{"embeddable":true,"href":"https:\/\/jornalfatosenoticias.com.br\/index.php\/wp-json\/wp\/v2\/comments?post=6425"}],"version-history":[{"count":0,"href":"https:\/\/jornalfatosenoticias.com.br\/index.php\/wp-json\/wp\/v2\/posts\/6425\/revisions"}],"wp:featuredmedia":[{"embeddable":true,"href":"https:\/\/jornalfatosenoticias.com.br\/index.php\/wp-json\/wp\/v2\/media\/6426"}],"wp:attachment":[{"href":"https:\/\/jornalfatosenoticias.com.br\/index.php\/wp-json\/wp\/v2\/media?parent=6425"}],"wp:term":[{"taxonomy":"category","embeddable":true,"href":"https:\/\/jornalfatosenoticias.com.br\/index.php\/wp-json\/wp\/v2\/categories?post=6425"},{"taxonomy":"post_tag","embeddable":true,"href":"https:\/\/jornalfatosenoticias.com.br\/index.php\/wp-json\/wp\/v2\/tags?post=6425"}],"curies":[{"name":"wp","href":"https:\/\/api.w.org\/{rel}","templated":true}]}}