{"id":6428,"date":"2020-07-14T14:12:40","date_gmt":"2020-07-14T17:12:40","guid":{"rendered":"https:\/\/jornalfatosenoticias.com.br\/?p=6428"},"modified":"2020-07-14T14:12:46","modified_gmt":"2020-07-14T17:12:46","slug":"ford-revela-novos-modelos-do-bronco-suv-sera-vendido-no-brasil","status":"publish","type":"post","link":"https:\/\/jornalfatosenoticias.com.br\/index.php\/2020\/07\/14\/ford-revela-novos-modelos-do-bronco-suv-sera-vendido-no-brasil\/","title":{"rendered":"Ford revela novos modelos do Bronco, SUV ser\u00e1 vendido no Brasil"},"content":{"rendered":"\n<h6 class=\"wp-block-heading\"><em>Ve\u00edculo possui vers\u00f5es off-roads de duas e quatro portas; na parte interna, conta com uma tela LCD de 12 polegadas com o sistema Sync 4, com c\u00e2mera opcional de 360 graus<\/em><\/h6>\n\n\n\n<p>Depois de um longo per\u00edodo de espera, aumentado pela pandemia de coronav\u00edrus, a Ford finalmente revelou os novos modelos do seu SUV Bronco. Os ve\u00edculos possuem duas ou quatro portas, teto remov\u00edvel e pneus de 35 polegadas.<br>Na parte interna, eles contam com uma tela LCD de 12 polegadas com o sistema Sync 4, com c\u00e2mera opcional de 360 graus. J\u00e1 no design, os tr\u00eas modelos possuem formato quadrado, lembrando o Bronco original, assim como os far\u00f3is arredondados.<br>Outro diferencial dos modelos s\u00e3o a aus\u00eancia do s\u00edmbolo da Ford na grade frontal e no volante. Em seus lugares est\u00e3o o nome Bronco e o famoso cavalo dando coice, s\u00edmbolo que representa a linha, respectivamente.<\/p>\n\n\n\n<figure class=\"wp-block-image size-large\"><img loading=\"lazy\" decoding=\"async\" width=\"1000\" height=\"635\" src=\"https:\/\/jornalfatosenoticias.com.br\/wp-content\/uploads\/2020\/07\/ford.jpg\" alt=\"\" class=\"wp-image-6429\" srcset=\"https:\/\/jornalfatosenoticias.com.br\/wp-content\/uploads\/2020\/07\/ford.jpg 1000w, https:\/\/jornalfatosenoticias.com.br\/wp-content\/uploads\/2020\/07\/ford-300x191.jpg 300w, https:\/\/jornalfatosenoticias.com.br\/wp-content\/uploads\/2020\/07\/ford-768x488.jpg 768w\" sizes=\"auto, (max-width: 1000px) 100vw, 1000px\" \/><figcaption><em>Painel do novo Ford Bronco 2021 (Foto: Divulga\u00e7\u00e3o)<\/em><\/figcaption><\/figure>\n\n\n\n<p>S\u00e3o tr\u00eas op\u00e7\u00f5es diferentes: o Sport, o Focus e o Escape. As vers\u00f5es Sport e Escape possuem um motor de 1.5 EcoBoost turbo de tr\u00eas cilindros e inje\u00e7\u00e3o direta, com 184 cv, 6.000 rpm, com transmiss\u00e3o autom\u00e1tica de oito marchas. Tamb\u00e9m contam com a op\u00e7\u00e3o 2.0 EcoBoost com 248 cv e 5.500 rpm e com transmiss\u00e3o manual.<br>Os carros j\u00e1 podem ser reservados nos Estados Unidos, com sinal de US$ 100 (R$ 537 convertidos). Os pre\u00e7os n\u00e3o foram revelados, mas os ve\u00edculos v\u00e3o ser entregues j\u00e1 no fim do ano. Segunto o portal Motor1.com, os modelos v\u00e3o estar dispon\u00edveis no Brasil.<\/p>\n\n\n\n<h4 class=\"wp-block-heading\">Teste do Ford Mustang Mach-E<\/h4>\n\n\n\n<figure class=\"wp-block-image size-large\"><img loading=\"lazy\" decoding=\"async\" width=\"1000\" height=\"635\" src=\"https:\/\/jornalfatosenoticias.com.br\/wp-content\/uploads\/2020\/07\/ford-bronco.jpg\" alt=\"\" class=\"wp-image-6430\" srcset=\"https:\/\/jornalfatosenoticias.com.br\/wp-content\/uploads\/2020\/07\/ford-bronco.jpg 1000w, https:\/\/jornalfatosenoticias.com.br\/wp-content\/uploads\/2020\/07\/ford-bronco-300x191.jpg 300w, https:\/\/jornalfatosenoticias.com.br\/wp-content\/uploads\/2020\/07\/ford-bronco-768x488.jpg 768w\" sizes=\"auto, (max-width: 1000px) 100vw, 1000px\" \/><figcaption><em>Tela LCD de 12 polegadas dos modelos (Foto: Divulga\u00e7\u00e3o)<\/em><\/figcaption><\/figure>\n\n\n\n<p>Ainda em 2019, a Ford anunciou a chegada do Mustang Mach-E, uma vers\u00e3o totalmente el\u00e9trica do seu cl\u00e1ssico ve\u00edculo esportivo. Por\u00e9m, apesar da imagem de divulga\u00e7\u00e3o da \u00e9poca, pouco se viu do ve\u00edculo at\u00e9 ent\u00e3o. Agora, um v\u00eddeo amador que surgiu na internet mostra um suposto teste do modelo.<br>Nas imagens \u00e9 poss\u00edvel ver o carro sem algumas partes da carroceria, acelerando e fazendo \u201czerinhos\u201d em uma pista de testes. A filmagem \u00e9 feita atr\u00e1s de \u00e1rvores, passando a impress\u00e3o de que o autor delas est\u00e1 fazendo isso de forma escondida. Entretanto, o canal no YouTube no qual o v\u00eddeo foi postado, o Carolina Guy, possui apenas essa postagem e apenas 24 inscritos, o que levanta d\u00favidas sobre uma suposta jogada de marketing da montadora.<\/p>\n\n\n\n<p><strong><em>Fonte: <a href=\"https:\/\/olhardigital.com.br\/carros-e-tecnologia\/noticia\/ford-revela-novos-modelos-do-bronco-suv-sera-vendido-no-brasil\/103434\">Olhar Digital<\/a><\/em><\/strong><\/p>\n","protected":false},"excerpt":{"rendered":"<p>Ve\u00edculo possui vers\u00f5es off-roads de duas e quatro portas; na parte interna, conta com uma tela LCD de 12 polegadas com o sistema Sync 4, com c\u00e2mera opcional de 360 graus Depois de um longo per\u00edodo de espera, aumentado pela pandemia de coronav\u00edrus, a Ford finalmente revelou os novos modelos do seu SUV Bronco. Os [&hellip;]<\/p>\n","protected":false},"author":2,"featured_media":6431,"comment_status":"open","ping_status":"open","sticky":false,"template":"","format":"standard","meta":{"footnotes":""},"categories":[3],"tags":[795,3597,3775,3773,3774,3772],"class_list":["post-6428","post","type-post","status-publish","format-standard","has-post-thumbnail","hentry","category-tecnologia","tag-design","tag-ford","tag-lcd","tag-novos-modelos","tag-sistema-sync-4","tag-suv"],"yoast_head":"<!-- This site is optimized with the Yoast SEO plugin v26.5 - https:\/\/yoast.com\/wordpress\/plugins\/seo\/ -->\n<title>Ford revela novos modelos do Bronco, SUV ser\u00e1 vendido no Brasil - Jornal Fatos e Not\u00edcias<\/title>\n<meta name=\"robots\" content=\"index, follow, max-snippet:-1, max-image-preview:large, max-video-preview:-1\" \/>\n<link rel=\"canonical\" href=\"https:\/\/jornalfatosenoticias.com.br\/index.php\/2020\/07\/14\/ford-revela-novos-modelos-do-bronco-suv-sera-vendido-no-brasil\/\" \/>\n<meta property=\"og:locale\" content=\"pt_BR\" \/>\n<meta property=\"og:type\" content=\"article\" \/>\n<meta property=\"og:title\" content=\"Ford revela novos modelos do Bronco, SUV ser\u00e1 vendido no Brasil - Jornal Fatos e Not\u00edcias\" \/>\n<meta property=\"og:description\" content=\"Ve\u00edculo possui vers\u00f5es off-roads de duas e quatro portas; na parte interna, conta com uma tela LCD de 12 polegadas com o sistema Sync 4, com c\u00e2mera opcional de 360 graus Depois de um longo per\u00edodo de espera, aumentado pela pandemia de coronav\u00edrus, a Ford finalmente revelou os novos modelos do seu SUV Bronco. Os [&hellip;]\" \/>\n<meta property=\"og:url\" content=\"https:\/\/jornalfatosenoticias.com.br\/index.php\/2020\/07\/14\/ford-revela-novos-modelos-do-bronco-suv-sera-vendido-no-brasil\/\" \/>\n<meta property=\"og:site_name\" content=\"Jornal Fatos e Not\u00edcias\" \/>\n<meta property=\"article:published_time\" content=\"2020-07-14T17:12:40+00:00\" \/>\n<meta property=\"article:modified_time\" content=\"2020-07-14T17:12:46+00:00\" \/>\n<meta property=\"og:image\" content=\"https:\/\/jornalfatosenoticias.com.br\/wp-content\/uploads\/2020\/07\/novos_ford_bronco_sport_2021.jpg\" \/>\n\t<meta property=\"og:image:width\" content=\"1000\" \/>\n\t<meta property=\"og:image:height\" content=\"561\" \/>\n\t<meta property=\"og:image:type\" content=\"image\/jpeg\" \/>\n<meta name=\"author\" content=\"Luzimara Fernandes\" \/>\n<meta name=\"twitter:card\" content=\"summary_large_image\" \/>\n<meta name=\"twitter:label1\" content=\"Escrito por\" \/>\n\t<meta name=\"twitter:data1\" content=\"Luzimara Fernandes\" \/>\n\t<meta name=\"twitter:label2\" content=\"Est. tempo de leitura\" \/>\n\t<meta name=\"twitter:data2\" content=\"2 minutos\" \/>\n<script type=\"application\/ld+json\" class=\"yoast-schema-graph\">{\"@context\":\"https:\/\/schema.org\",\"@graph\":[{\"@type\":\"Article\",\"@id\":\"https:\/\/jornalfatosenoticias.com.br\/index.php\/2020\/07\/14\/ford-revela-novos-modelos-do-bronco-suv-sera-vendido-no-brasil\/#article\",\"isPartOf\":{\"@id\":\"https:\/\/jornalfatosenoticias.com.br\/index.php\/2020\/07\/14\/ford-revela-novos-modelos-do-bronco-suv-sera-vendido-no-brasil\/\"},\"author\":{\"name\":\"Luzimara Fernandes\",\"@id\":\"https:\/\/jornalfatosenoticias.com.br\/#\/schema\/person\/d63837fa13ac8666eb9e74e0985d6f81\"},\"headline\":\"Ford revela novos modelos do Bronco, SUV ser\u00e1 vendido no Brasil\",\"datePublished\":\"2020-07-14T17:12:40+00:00\",\"dateModified\":\"2020-07-14T17:12:46+00:00\",\"mainEntityOfPage\":{\"@id\":\"https:\/\/jornalfatosenoticias.com.br\/index.php\/2020\/07\/14\/ford-revela-novos-modelos-do-bronco-suv-sera-vendido-no-brasil\/\"},\"wordCount\":435,\"commentCount\":0,\"publisher\":{\"@id\":\"https:\/\/jornalfatosenoticias.com.br\/#organization\"},\"image\":{\"@id\":\"https:\/\/jornalfatosenoticias.com.br\/index.php\/2020\/07\/14\/ford-revela-novos-modelos-do-bronco-suv-sera-vendido-no-brasil\/#primaryimage\"},\"thumbnailUrl\":\"https:\/\/jornalfatosenoticias.com.br\/wp-content\/uploads\/2020\/07\/novos_ford_bronco_sport_2021.jpg\",\"keywords\":[\"design\",\"Ford\",\"LCD\",\"novos modelos\",\"sistema Sync 4\",\"SUV\"],\"articleSection\":[\"Tecnologia &amp; Inova\u00e7\u00e3o\"],\"inLanguage\":\"pt-BR\",\"potentialAction\":[{\"@type\":\"CommentAction\",\"name\":\"Comment\",\"target\":[\"https:\/\/jornalfatosenoticias.com.br\/index.php\/2020\/07\/14\/ford-revela-novos-modelos-do-bronco-suv-sera-vendido-no-brasil\/#respond\"]}]},{\"@type\":\"WebPage\",\"@id\":\"https:\/\/jornalfatosenoticias.com.br\/index.php\/2020\/07\/14\/ford-revela-novos-modelos-do-bronco-suv-sera-vendido-no-brasil\/\",\"url\":\"https:\/\/jornalfatosenoticias.com.br\/index.php\/2020\/07\/14\/ford-revela-novos-modelos-do-bronco-suv-sera-vendido-no-brasil\/\",\"name\":\"Ford revela novos modelos do Bronco, SUV ser\u00e1 vendido no Brasil - Jornal Fatos e Not\u00edcias\",\"isPartOf\":{\"@id\":\"https:\/\/jornalfatosenoticias.com.br\/#website\"},\"primaryImageOfPage\":{\"@id\":\"https:\/\/jornalfatosenoticias.com.br\/index.php\/2020\/07\/14\/ford-revela-novos-modelos-do-bronco-suv-sera-vendido-no-brasil\/#primaryimage\"},\"image\":{\"@id\":\"https:\/\/jornalfatosenoticias.com.br\/index.php\/2020\/07\/14\/ford-revela-novos-modelos-do-bronco-suv-sera-vendido-no-brasil\/#primaryimage\"},\"thumbnailUrl\":\"https:\/\/jornalfatosenoticias.com.br\/wp-content\/uploads\/2020\/07\/novos_ford_bronco_sport_2021.jpg\",\"datePublished\":\"2020-07-14T17:12:40+00:00\",\"dateModified\":\"2020-07-14T17:12:46+00:00\",\"breadcrumb\":{\"@id\":\"https:\/\/jornalfatosenoticias.com.br\/index.php\/2020\/07\/14\/ford-revela-novos-modelos-do-bronco-suv-sera-vendido-no-brasil\/#breadcrumb\"},\"inLanguage\":\"pt-BR\",\"potentialAction\":[{\"@type\":\"ReadAction\",\"target\":[\"https:\/\/jornalfatosenoticias.com.br\/index.php\/2020\/07\/14\/ford-revela-novos-modelos-do-bronco-suv-sera-vendido-no-brasil\/\"]}]},{\"@type\":\"ImageObject\",\"inLanguage\":\"pt-BR\",\"@id\":\"https:\/\/jornalfatosenoticias.com.br\/index.php\/2020\/07\/14\/ford-revela-novos-modelos-do-bronco-suv-sera-vendido-no-brasil\/#primaryimage\",\"url\":\"https:\/\/jornalfatosenoticias.com.br\/wp-content\/uploads\/2020\/07\/novos_ford_bronco_sport_2021.jpg\",\"contentUrl\":\"https:\/\/jornalfatosenoticias.com.br\/wp-content\/uploads\/2020\/07\/novos_ford_bronco_sport_2021.jpg\",\"width\":1000,\"height\":561},{\"@type\":\"BreadcrumbList\",\"@id\":\"https:\/\/jornalfatosenoticias.com.br\/index.php\/2020\/07\/14\/ford-revela-novos-modelos-do-bronco-suv-sera-vendido-no-brasil\/#breadcrumb\",\"itemListElement\":[{\"@type\":\"ListItem\",\"position\":1,\"name\":\"In\u00edcio\",\"item\":\"https:\/\/jornalfatosenoticias.com.br\/\"},{\"@type\":\"ListItem\",\"position\":2,\"name\":\"Ford revela novos modelos do Bronco, SUV ser\u00e1 vendido no Brasil\"}]},{\"@type\":\"WebSite\",\"@id\":\"https:\/\/jornalfatosenoticias.com.br\/#website\",\"url\":\"https:\/\/jornalfatosenoticias.com.br\/\",\"name\":\"Jornal Fatos e Not\u00edcias\",\"description\":\"Not\u00edcias em geral\",\"publisher\":{\"@id\":\"https:\/\/jornalfatosenoticias.com.br\/#organization\"},\"potentialAction\":[{\"@type\":\"SearchAction\",\"target\":{\"@type\":\"EntryPoint\",\"urlTemplate\":\"https:\/\/jornalfatosenoticias.com.br\/?s={search_term_string}\"},\"query-input\":{\"@type\":\"PropertyValueSpecification\",\"valueRequired\":true,\"valueName\":\"search_term_string\"}}],\"inLanguage\":\"pt-BR\"},{\"@type\":\"Organization\",\"@id\":\"https:\/\/jornalfatosenoticias.com.br\/#organization\",\"name\":\"Jornal Fatos e Not\u00edcias\",\"url\":\"https:\/\/jornalfatosenoticias.com.br\/\",\"logo\":{\"@type\":\"ImageObject\",\"inLanguage\":\"pt-BR\",\"@id\":\"https:\/\/jornalfatosenoticias.com.br\/#\/schema\/logo\/image\/\",\"url\":\"https:\/\/jornalfatosenoticias.com.br\/wp-content\/uploads\/2020\/02\/logo120.png\",\"contentUrl\":\"https:\/\/jornalfatosenoticias.com.br\/wp-content\/uploads\/2020\/02\/logo120.png\",\"width\":1227,\"height\":120,\"caption\":\"Jornal Fatos e Not\u00edcias\"},\"image\":{\"@id\":\"https:\/\/jornalfatosenoticias.com.br\/#\/schema\/logo\/image\/\"}},{\"@type\":\"Person\",\"@id\":\"https:\/\/jornalfatosenoticias.com.br\/#\/schema\/person\/d63837fa13ac8666eb9e74e0985d6f81\",\"name\":\"Luzimara Fernandes\",\"image\":{\"@type\":\"ImageObject\",\"inLanguage\":\"pt-BR\",\"@id\":\"https:\/\/jornalfatosenoticias.com.br\/#\/schema\/person\/image\/\",\"url\":\"https:\/\/jornalfatosenoticias.com.br\/wp-content\/uploads\/2025\/05\/EU_portal.jpg\",\"contentUrl\":\"https:\/\/jornalfatosenoticias.com.br\/wp-content\/uploads\/2025\/05\/EU_portal.jpg\",\"caption\":\"Luzimara Fernandes\"},\"description\":\"Jornalista MTB 2358-ES\",\"sameAs\":[\"https:\/\/jornalfatosenoticias.com.br\"],\"url\":\"https:\/\/jornalfatosenoticias.com.br\/index.php\/author\/luzimara\/\"}]}<\/script>\n<!-- \/ Yoast SEO plugin. -->","yoast_head_json":{"title":"Ford revela novos modelos do Bronco, SUV ser\u00e1 vendido no Brasil - Jornal Fatos e Not\u00edcias","robots":{"index":"index","follow":"follow","max-snippet":"max-snippet:-1","max-image-preview":"max-image-preview:large","max-video-preview":"max-video-preview:-1"},"canonical":"https:\/\/jornalfatosenoticias.com.br\/index.php\/2020\/07\/14\/ford-revela-novos-modelos-do-bronco-suv-sera-vendido-no-brasil\/","og_locale":"pt_BR","og_type":"article","og_title":"Ford revela novos modelos do Bronco, SUV ser\u00e1 vendido no Brasil - Jornal Fatos e Not\u00edcias","og_description":"Ve\u00edculo possui vers\u00f5es off-roads de duas e quatro portas; na parte interna, conta com uma tela LCD de 12 polegadas com o sistema Sync 4, com c\u00e2mera opcional de 360 graus Depois de um longo per\u00edodo de espera, aumentado pela pandemia de coronav\u00edrus, a Ford finalmente revelou os novos modelos do seu SUV Bronco. Os [&hellip;]","og_url":"https:\/\/jornalfatosenoticias.com.br\/index.php\/2020\/07\/14\/ford-revela-novos-modelos-do-bronco-suv-sera-vendido-no-brasil\/","og_site_name":"Jornal Fatos e Not\u00edcias","article_published_time":"2020-07-14T17:12:40+00:00","article_modified_time":"2020-07-14T17:12:46+00:00","og_image":[{"width":1000,"height":561,"url":"https:\/\/jornalfatosenoticias.com.br\/wp-content\/uploads\/2020\/07\/novos_ford_bronco_sport_2021.jpg","type":"image\/jpeg"}],"author":"Luzimara Fernandes","twitter_card":"summary_large_image","twitter_misc":{"Escrito por":"Luzimara Fernandes","Est. tempo de leitura":"2 minutos"},"schema":{"@context":"https:\/\/schema.org","@graph":[{"@type":"Article","@id":"https:\/\/jornalfatosenoticias.com.br\/index.php\/2020\/07\/14\/ford-revela-novos-modelos-do-bronco-suv-sera-vendido-no-brasil\/#article","isPartOf":{"@id":"https:\/\/jornalfatosenoticias.com.br\/index.php\/2020\/07\/14\/ford-revela-novos-modelos-do-bronco-suv-sera-vendido-no-brasil\/"},"author":{"name":"Luzimara Fernandes","@id":"https:\/\/jornalfatosenoticias.com.br\/#\/schema\/person\/d63837fa13ac8666eb9e74e0985d6f81"},"headline":"Ford revela novos modelos do Bronco, SUV ser\u00e1 vendido no Brasil","datePublished":"2020-07-14T17:12:40+00:00","dateModified":"2020-07-14T17:12:46+00:00","mainEntityOfPage":{"@id":"https:\/\/jornalfatosenoticias.com.br\/index.php\/2020\/07\/14\/ford-revela-novos-modelos-do-bronco-suv-sera-vendido-no-brasil\/"},"wordCount":435,"commentCount":0,"publisher":{"@id":"https:\/\/jornalfatosenoticias.com.br\/#organization"},"image":{"@id":"https:\/\/jornalfatosenoticias.com.br\/index.php\/2020\/07\/14\/ford-revela-novos-modelos-do-bronco-suv-sera-vendido-no-brasil\/#primaryimage"},"thumbnailUrl":"https:\/\/jornalfatosenoticias.com.br\/wp-content\/uploads\/2020\/07\/novos_ford_bronco_sport_2021.jpg","keywords":["design","Ford","LCD","novos modelos","sistema Sync 4","SUV"],"articleSection":["Tecnologia &amp; Inova\u00e7\u00e3o"],"inLanguage":"pt-BR","potentialAction":[{"@type":"CommentAction","name":"Comment","target":["https:\/\/jornalfatosenoticias.com.br\/index.php\/2020\/07\/14\/ford-revela-novos-modelos-do-bronco-suv-sera-vendido-no-brasil\/#respond"]}]},{"@type":"WebPage","@id":"https:\/\/jornalfatosenoticias.com.br\/index.php\/2020\/07\/14\/ford-revela-novos-modelos-do-bronco-suv-sera-vendido-no-brasil\/","url":"https:\/\/jornalfatosenoticias.com.br\/index.php\/2020\/07\/14\/ford-revela-novos-modelos-do-bronco-suv-sera-vendido-no-brasil\/","name":"Ford revela novos modelos do Bronco, SUV ser\u00e1 vendido no Brasil - Jornal Fatos e Not\u00edcias","isPartOf":{"@id":"https:\/\/jornalfatosenoticias.com.br\/#website"},"primaryImageOfPage":{"@id":"https:\/\/jornalfatosenoticias.com.br\/index.php\/2020\/07\/14\/ford-revela-novos-modelos-do-bronco-suv-sera-vendido-no-brasil\/#primaryimage"},"image":{"@id":"https:\/\/jornalfatosenoticias.com.br\/index.php\/2020\/07\/14\/ford-revela-novos-modelos-do-bronco-suv-sera-vendido-no-brasil\/#primaryimage"},"thumbnailUrl":"https:\/\/jornalfatosenoticias.com.br\/wp-content\/uploads\/2020\/07\/novos_ford_bronco_sport_2021.jpg","datePublished":"2020-07-14T17:12:40+00:00","dateModified":"2020-07-14T17:12:46+00:00","breadcrumb":{"@id":"https:\/\/jornalfatosenoticias.com.br\/index.php\/2020\/07\/14\/ford-revela-novos-modelos-do-bronco-suv-sera-vendido-no-brasil\/#breadcrumb"},"inLanguage":"pt-BR","potentialAction":[{"@type":"ReadAction","target":["https:\/\/jornalfatosenoticias.com.br\/index.php\/2020\/07\/14\/ford-revela-novos-modelos-do-bronco-suv-sera-vendido-no-brasil\/"]}]},{"@type":"ImageObject","inLanguage":"pt-BR","@id":"https:\/\/jornalfatosenoticias.com.br\/index.php\/2020\/07\/14\/ford-revela-novos-modelos-do-bronco-suv-sera-vendido-no-brasil\/#primaryimage","url":"https:\/\/jornalfatosenoticias.com.br\/wp-content\/uploads\/2020\/07\/novos_ford_bronco_sport_2021.jpg","contentUrl":"https:\/\/jornalfatosenoticias.com.br\/wp-content\/uploads\/2020\/07\/novos_ford_bronco_sport_2021.jpg","width":1000,"height":561},{"@type":"BreadcrumbList","@id":"https:\/\/jornalfatosenoticias.com.br\/index.php\/2020\/07\/14\/ford-revela-novos-modelos-do-bronco-suv-sera-vendido-no-brasil\/#breadcrumb","itemListElement":[{"@type":"ListItem","position":1,"name":"In\u00edcio","item":"https:\/\/jornalfatosenoticias.com.br\/"},{"@type":"ListItem","position":2,"name":"Ford revela novos modelos do Bronco, SUV ser\u00e1 vendido no Brasil"}]},{"@type":"WebSite","@id":"https:\/\/jornalfatosenoticias.com.br\/#website","url":"https:\/\/jornalfatosenoticias.com.br\/","name":"Jornal Fatos e Not\u00edcias","description":"Not\u00edcias em geral","publisher":{"@id":"https:\/\/jornalfatosenoticias.com.br\/#organization"},"potentialAction":[{"@type":"SearchAction","target":{"@type":"EntryPoint","urlTemplate":"https:\/\/jornalfatosenoticias.com.br\/?s={search_term_string}"},"query-input":{"@type":"PropertyValueSpecification","valueRequired":true,"valueName":"search_term_string"}}],"inLanguage":"pt-BR"},{"@type":"Organization","@id":"https:\/\/jornalfatosenoticias.com.br\/#organization","name":"Jornal Fatos e Not\u00edcias","url":"https:\/\/jornalfatosenoticias.com.br\/","logo":{"@type":"ImageObject","inLanguage":"pt-BR","@id":"https:\/\/jornalfatosenoticias.com.br\/#\/schema\/logo\/image\/","url":"https:\/\/jornalfatosenoticias.com.br\/wp-content\/uploads\/2020\/02\/logo120.png","contentUrl":"https:\/\/jornalfatosenoticias.com.br\/wp-content\/uploads\/2020\/02\/logo120.png","width":1227,"height":120,"caption":"Jornal Fatos e Not\u00edcias"},"image":{"@id":"https:\/\/jornalfatosenoticias.com.br\/#\/schema\/logo\/image\/"}},{"@type":"Person","@id":"https:\/\/jornalfatosenoticias.com.br\/#\/schema\/person\/d63837fa13ac8666eb9e74e0985d6f81","name":"Luzimara Fernandes","image":{"@type":"ImageObject","inLanguage":"pt-BR","@id":"https:\/\/jornalfatosenoticias.com.br\/#\/schema\/person\/image\/","url":"https:\/\/jornalfatosenoticias.com.br\/wp-content\/uploads\/2025\/05\/EU_portal.jpg","contentUrl":"https:\/\/jornalfatosenoticias.com.br\/wp-content\/uploads\/2025\/05\/EU_portal.jpg","caption":"Luzimara Fernandes"},"description":"Jornalista MTB 2358-ES","sameAs":["https:\/\/jornalfatosenoticias.com.br"],"url":"https:\/\/jornalfatosenoticias.com.br\/index.php\/author\/luzimara\/"}]}},"cc_featured_image_caption":{"caption_text":"Novos Ford Bronco Sport (Foto: Divulga\u00e7\u00e3o)\r\n","source_text":"","source_url":""},"jetpack_featured_media_url":"https:\/\/jornalfatosenoticias.com.br\/wp-content\/uploads\/2020\/07\/novos_ford_bronco_sport_2021.jpg","_links":{"self":[{"href":"https:\/\/jornalfatosenoticias.com.br\/index.php\/wp-json\/wp\/v2\/posts\/6428","targetHints":{"allow":["GET"]}}],"collection":[{"href":"https:\/\/jornalfatosenoticias.com.br\/index.php\/wp-json\/wp\/v2\/posts"}],"about":[{"href":"https:\/\/jornalfatosenoticias.com.br\/index.php\/wp-json\/wp\/v2\/types\/post"}],"author":[{"embeddable":true,"href":"https:\/\/jornalfatosenoticias.com.br\/index.php\/wp-json\/wp\/v2\/users\/2"}],"replies":[{"embeddable":true,"href":"https:\/\/jornalfatosenoticias.com.br\/index.php\/wp-json\/wp\/v2\/comments?post=6428"}],"version-history":[{"count":0,"href":"https:\/\/jornalfatosenoticias.com.br\/index.php\/wp-json\/wp\/v2\/posts\/6428\/revisions"}],"wp:featuredmedia":[{"embeddable":true,"href":"https:\/\/jornalfatosenoticias.com.br\/index.php\/wp-json\/wp\/v2\/media\/6431"}],"wp:attachment":[{"href":"https:\/\/jornalfatosenoticias.com.br\/index.php\/wp-json\/wp\/v2\/media?parent=6428"}],"wp:term":[{"taxonomy":"category","embeddable":true,"href":"https:\/\/jornalfatosenoticias.com.br\/index.php\/wp-json\/wp\/v2\/categories?post=6428"},{"taxonomy":"post_tag","embeddable":true,"href":"https:\/\/jornalfatosenoticias.com.br\/index.php\/wp-json\/wp\/v2\/tags?post=6428"}],"curies":[{"name":"wp","href":"https:\/\/api.w.org\/{rel}","templated":true}]}}