{"id":6463,"date":"2020-07-15T10:44:18","date_gmt":"2020-07-15T13:44:18","guid":{"rendered":"https:\/\/jornalfatosenoticias.com.br\/?p=6463"},"modified":"2020-07-15T10:44:24","modified_gmt":"2020-07-15T13:44:24","slug":"populacao-do-brasil-deve-encolher-em-quase-50-milhoes-ate-o-fim-do-seculo-aponta-estudo","status":"publish","type":"post","link":"https:\/\/jornalfatosenoticias.com.br\/index.php\/2020\/07\/15\/populacao-do-brasil-deve-encolher-em-quase-50-milhoes-ate-o-fim-do-seculo-aponta-estudo\/","title":{"rendered":"Popula\u00e7\u00e3o do Brasil deve encolher em quase 50 milh\u00f5es at\u00e9 o fim do s\u00e9culo, aponta estudo"},"content":{"rendered":"\n<h6 class=\"wp-block-heading\"><em>Pesquisadores apontam que a estimativa de vida dos brasileiros poder\u00e1 saltar de em torno de 76 anos para uma m\u00e9dia de 82 at\u00e9 o fim do s\u00e9culo<\/em><\/h6>\n\n\n\n<p>At\u00e9 o fim desde s\u00e9culo, a popula\u00e7\u00e3o do Brasil deve encolher em quase 50 milh\u00f5es de pessoas, a China cair\u00e1 de primeiro para terceiro pa\u00eds mais populoso do mundo, Jap\u00e3o, It\u00e1lia e Portugal devem ter suas popula\u00e7\u00f5es reduzidas a menos da metade e a lista dos 10 pa\u00edses com mais habitantes no planeta incluir\u00e1 cinco africanos \u2014 hoje, s\u00f3 a Nig\u00e9ria faz parte dessa lista.<br>Este novo mundo com popula\u00e7\u00f5es mais enxutas e idosas, onde migra\u00e7\u00f5es e trocas multilaterais preencher\u00e3o v\u00e1cuos na for\u00e7a de trabalho e abrir\u00e3o espa\u00e7o para novas pot\u00eancias \u00e9 descrito por um novo estudo feito por pesquisadores da escola de medicina da Universidade de Washington e publicado nesta ter\u00e7a-feira (14) pela revista cient\u00edfica brit\u00e2nica The Lancet.<br>A partir de novas f\u00f3rmulas para estimar taxas de natalidade, mortalidade e fluxos de circula\u00e7\u00e3o de pessoas, os autores desafiam previs\u00f5es consagradas ao apontarem que a popula\u00e7\u00e3o mundial n\u00e3o deve crescer indefinidamente.<br>Para os pesquisadores, depois de alcan\u00e7ar um pico de 9,7 bilh\u00f5es de pessoas, a popula\u00e7\u00e3o global come\u00e7ar\u00e1 a encolher a partir de 2064 at\u00e9 chegar a 8,8 bilh\u00f5es em 2100 \u2014 quase dois bilh\u00f5es de pessoas a menos que o previsto em estimativas da ONU, por exemplo.<br>Resultado de um aumento no acesso \u00e0 educa\u00e7\u00e3o e no acesso a m\u00e9todos contraceptivos em todo o mundo, a queda no n\u00famero de filhos por fam\u00edlia se repetiria em 183 dos 195 pa\u00edses e territ\u00f3rios estudados, incluindo o Brasil.<br>Segundo os autores, a popula\u00e7\u00e3o brasileira saltaria de 211,8 milh\u00f5es (dado de 2017) para um pico de 235,49 milh\u00f5es em 2043, quando entraria em queda acentuada, at\u00e9 chegar a 164,75 milh\u00f5es de brasileiros em 2100.<br>As mortes decorrentes do novo coronav\u00edrus, ressaltam os pesquisadores, &#8220;dificilmente v\u00e3o alterar significativamente as tend\u00eancias de longo prazo previstas para a popula\u00e7\u00e3o global&#8221;.<br>Ainda assim, apontam os pesquisadores, quando o tamanho da popula\u00e7\u00e3o e a distribui\u00e7\u00e3o destas pessoas por faixa et\u00e1ria mudam, a maneira como as pessoas vivem, o meio ambiente, as pol\u00edticas p\u00fablicas e a economia tamb\u00e9m se transformam.<\/p>\n\n\n\n<blockquote class=\"wp-block-quote is-layout-flow wp-block-quote-is-layout-flow\"><p>As mortes decorrentes do novo coronav\u00edrus, ressaltam os pesquisadores, &#8220;dificilmente v\u00e3o alterar significativamente as tend\u00eancias de longo prazo previstas para a popula\u00e7\u00e3o global&#8221;<\/p><\/blockquote>\n\n\n\n<h4 class=\"wp-block-heading\">O Brasil do fim do s\u00e9culo 21<\/h4>\n\n\n\n<figure class=\"wp-block-image size-large\"><img loading=\"lazy\" decoding=\"async\" width=\"946\" height=\"1024\" src=\"https:\/\/jornalfatosenoticias.com.br\/wp-content\/uploads\/2020\/07\/grafico_brasil_paises_poblados-nc-946x1024.png\" alt=\"\" class=\"wp-image-6464\" srcset=\"https:\/\/jornalfatosenoticias.com.br\/wp-content\/uploads\/2020\/07\/grafico_brasil_paises_poblados-nc-946x1024.png 946w, https:\/\/jornalfatosenoticias.com.br\/wp-content\/uploads\/2020\/07\/grafico_brasil_paises_poblados-nc-277x300.png 277w, https:\/\/jornalfatosenoticias.com.br\/wp-content\/uploads\/2020\/07\/grafico_brasil_paises_poblados-nc-768x831.png 768w, https:\/\/jornalfatosenoticias.com.br\/wp-content\/uploads\/2020\/07\/grafico_brasil_paises_poblados-nc.png 980w\" sizes=\"auto, (max-width: 946px) 100vw, 946px\" \/><\/figure>\n\n\n\n<p>Os autores da pesquisa, que teve entre seus financiadores a Funda\u00e7\u00e3o Bill e Melinda Gates, apontam que a queda j\u00e1 percebida na quantidade de filhos por fam\u00edlia no Brasil deve se intensificar nas pr\u00f3ximas d\u00e9cadas.<br>Ao mesmo tempo em que as taxas de natalidade diminuir\u00e3o, eles apontam que a estimativa de vida dos brasileiros poder\u00e1 saltar de em torno de 76 anos para uma m\u00e9dia de 82 at\u00e9 o fim do s\u00e9culo.<br>O resultado direto seria uma popula\u00e7\u00e3o mais velha que a atual \u2014 o que tamb\u00e9m pode significar um encolhimento na economia brasileira, como explica \u00e0 BBC News Brasil o noruegu\u00eas Stein Emil Vollset, professor de sa\u00fade global da Universidade de Washington e um dos autores do estudo.<br>\u201cPrevemos redu\u00e7\u00f5es no PIB total no Brasil como resultado do encolhimento da popula\u00e7\u00e3o em idade ativa, o que por sua vez \u00e9 impulsionado pelas baixas taxas de fertilidade no Pa\u00eds\u201d, disse o professor por e-mail \u00e0 reportagem.<br>\u201cAs taxas de fertilidade no Brasil est\u00e3o abaixo do n\u00edvel necess\u00e1rio para manter os n\u00edveis atuais da popula\u00e7\u00e3o h\u00e1 v\u00e1rios anos e prevemos que as taxas de fertilidade permanecer\u00e3o abaixo do n\u00edvel necess\u00e1rio para crescimento ao longo deste s\u00e9culo\u201d, continuou Vollset.<br>Segundo o levantamento, o Brasil se manteria como 8\u00aa maior economia do mundo at\u00e9 2050. Mas, at\u00e9 2100, o Brasil seria ultrapassado por Austr\u00e1lia, Nig\u00e9ria, Canad\u00e1, Turquia e Indon\u00e9sia, e cairia para a 13\u00aa posi\u00e7\u00e3o no ranking das maiores economias do mundo.<br>Dono da sexta maior popula\u00e7\u00e3o mundial em 2017, ano usado como refer\u00eancia pelo estudo, o Brasil deve ocupar a 13\u00aa coloca\u00e7\u00e3o entre os pa\u00edses com mais habitantes at\u00e9 2100.<\/p>\n\n\n\n<blockquote class=\"wp-block-quote is-layout-flow wp-block-quote-is-layout-flow\"><p>\u201cAs taxas de fertilidade no Brasil est\u00e3o abaixo do n\u00edvel necess\u00e1rio para manter os n\u00edveis atuais da popula\u00e7\u00e3o h\u00e1 v\u00e1rios anos e prevemos que as taxas de fertilidade permanecer\u00e3o abaixo do n\u00edvel necess\u00e1rio para crescimento ao longo deste s\u00e9culo\u201d<\/p><\/blockquote>\n\n\n\n<h4 class=\"wp-block-heading\">Um novo futuro<\/h4>\n\n\n\n<p>Em nota enviada a jornalistas, o editor-chefe da revista Lancet, Richard Horton, disse que a pesquisa \u201coferece uma vis\u00e3o sobre mudan\u00e7as radicais no poder geopol\u00edtico\u201d.<br>\u201cO s\u00e9culo 21 assistir\u00e1 a uma revolu\u00e7\u00e3o na hist\u00f3ria de nossa civiliza\u00e7\u00e3o humana. A \u00c1frica e o mundo \u00e1rabe moldar\u00e3o nosso futuro, enquanto a Europa e a \u00c1sia recuar\u00e3o em sua influ\u00eancia\u201d, diz.<br>Entre as principais movimenta\u00e7\u00f5es no ranking das 10 maiores economias do mundo entre 2017 e 2100, segundo o estudo, destacam-se o avan\u00e7o da \u00cdndia para o p\u00f3dio dos maiores PIBs mundiais (um salto da s\u00e9tima para a terceira posi\u00e7\u00e3o) e uma ascens\u00e3o mete\u00f3rica da Nig\u00e9ria, que saltaria da 28\u00aa posi\u00e7\u00e3o para a nona e se tornaria o primeiro pa\u00eds africano entre entre as 10 mais.<br>\u201cAt\u00e9 o final do s\u00e9culo, o mundo ser\u00e1 multipolar, com \u00cdndia, Nig\u00e9ria, China e EUA como pot\u00eancias dominantes. Este ser\u00e1 realmente um mundo novo, para o qual devemos nos preparar hoje\u201d, diz Horton.<br>A R\u00fassia, por sua vez, cairia da atual 10\u00aa posi\u00e7\u00e3o para a 14\u00aa. O v\u00e1cuo dos russos seria ocupado pelo Canad\u00e1, que pularia da 11\u00aa para a 10\u00aa posi\u00e7\u00e3o.<br>Segundo o professor Vollset, as flutua\u00e7\u00f5es nos PIBs dos pa\u00edses resultariam, entre outros fatores, de um &#8220;decl\u00ednio no n\u00famero de adultos em idade ativa (\u2026) que poder\u00e1 resultar em grandes mudan\u00e7as no poder econ\u00f4mico global at\u00e9 o final do s\u00e9culo\u201d.<br>No mundo inteiro, segundo o estudo, a fatia da popula\u00e7\u00e3o com mais de 65 anos ser\u00e1 bem maior que a com menos de 20 (ou 2,37 bilh\u00f5es contra 1,7 bilh\u00e3o).<br>Os pesquisadores argumentam que essa queda na propor\u00e7\u00e3o de jovens pode significar uma redu\u00e7\u00e3o em \u00edndices como inova\u00e7\u00e3o das economias.<br>Tamb\u00e9m encolheria o mercado interno \u2014 formado por pessoas aptas a consumir bens e servi\u00e7os. \u201cAposentados t\u00eam menos probabilidade de comprar bens de consumo dur\u00e1veis do que os adultos de meia-idade e jovens\u201d, exemplificam os autores em nota \u00e0 imprensa.<br>Segundo os autores, o fen\u00f4meno exp\u00f5e \u201cenormes desafios ao crescimento econ\u00f4mico trazidos por uma for\u00e7a de trabalho em decl\u00ednio\u201d, al\u00e9m de sobrecargas a sistemas de previd\u00eancia social e sa\u00fade frente a popula\u00e7\u00f5es cada vez mais idosas.<\/p>\n\n\n\n<blockquote class=\"wp-block-quote is-layout-flow wp-block-quote-is-layout-flow\"><p>\u201cAt\u00e9 o final do s\u00e9culo, o mundo ser\u00e1 multipolar, com \u00cdndia, Nig\u00e9ria, China e EUA como pot\u00eancias dominantes. Este ser\u00e1 realmente um mundo novo, para o qual devemos nos preparar hoje\u201d<\/p><\/blockquote>\n\n\n\n<h4 class=\"wp-block-heading\">A explos\u00e3o africana<\/h4>\n\n\n\n<p>O levantamento indica que as popula\u00e7\u00f5es de 183 pa\u00edses do mundo devem encolher \u2014 \u201ca n\u00e3o ser que a baixa natalidade seja compensada por imigra\u00e7\u00e3o\u201d.<br>Ainda assim, a popula\u00e7\u00e3o da \u00c1frica subsaariana, em m\u00e9dia, deve triplicar at\u00e9 o fim do s\u00e9culo, passando de 1,03 bilh\u00e3o em 2017 para 3,07 bi em 2100.<br>Pa\u00edses subsaarianos, junto aos do norte da \u00c1frica e \u00e0s na\u00e7\u00f5es do Oriente M\u00e9dio ser\u00e3o os \u00fanicos, segundo o estudo, a registrarem aumento populacional at\u00e9 o fim do s\u00e9culo.<br>O ranking dos cinco pa\u00edses mais populosos do mundo trar\u00e1 \u00cdndia (1,09 bilh\u00e3o), Nig\u00e9ria (791 milh\u00f5es), China (732 milh\u00f5es), EUA (336 milh\u00f5es) e Paquist\u00e3o (248 milh\u00f5es).<br>J\u00e1 a lista das 10 maiores popula\u00e7\u00f5es incluir\u00e1, al\u00e9m da Nig\u00e9ria, outros quatro pa\u00edses da \u00c1frica: Rep\u00fablica Democr\u00e1tica do Congo, Eti\u00f3pia, Egito e Tanz\u00e2nia.<br>A situa\u00e7\u00e3o \u00e9 bem diferente da \u00c1sia e da Europa \u2014 continentes onde acontecer\u00e3o as maiores quedas em termos populacionais.<br>No primeiro grupo, o Jap\u00e3o deve encolher das atuais 128 milh\u00f5es de pessoas para 60 milh\u00f5es em 2100, e a Tail\u00e2ndia deve ver sua popula\u00e7\u00e3o caindo de 71 para 35 milh\u00f5es. A queda prevista para a China \u00e9 ligeiramente menor, por\u00e9m ainda impactante: de 1,4 bilh\u00e3o em 2017 para 732 milh\u00f5es em 2100.<br>J\u00e1 na Europa, a popula\u00e7\u00e3o espanhola pode encolher de 46 a 23 milh\u00f5es, enquanto a It\u00e1lia perder\u00e1 30 milh\u00f5es de cidad\u00e3os (de 61 para 31 milh\u00f5es) e os portugueses ir\u00e3o de 11 para 5 milh\u00f5es.<br>A jornalistas, o diretor da escola de medicina da Universidade de Washington, Christopher Murray, disse que o \u201cestudo oferece aos governos de todos os pa\u00edses a oportunidade de come\u00e7ar a repensar suas pol\u00edticas sobre migra\u00e7\u00e3o, for\u00e7a de trabalho e desenvolvimento econ\u00f4mico para enfrentar os desafios apresentados pelas mudan\u00e7as demogr\u00e1ficas&#8221;.<br>\u201cPara pa\u00edses de alta renda com popula\u00e7\u00f5es em decl\u00ednio, pol\u00edticas abertas de imigra\u00e7\u00e3o e pol\u00edticas de suporte para que fam\u00edlias tenham a quantidade de filhos que desejarem s\u00e3o as melhores solu\u00e7\u00f5es para sustentar os atuais n\u00edveis populacionais, de crescimento econ\u00f4mico e de seguran\u00e7a geopol\u00edtica\u201d, diz o professor.<br>Os autores tamb\u00e9m ressaltam que as respostas de governos ao decl\u00ednio da popula\u00e7\u00e3o n\u00e3o podem em qualquer hip\u00f3tese interferir na liberdade e nos direitos reprodutivos das mulheres.<\/p>\n\n\n\n<h4 class=\"wp-block-heading\">Limites<\/h4>\n\n\n\n<p>Entre os poss\u00edveis problemas do estudo, os autores dizem que as previs\u00f5es podem ser afetadas pela quantidade e qualidade dos dados, \u201cembora o levantamento tenha usado os melhores dados dispon\u00edveis\u201d.<br>Eles tamb\u00e9m apontam a possibilidade de imprevistos que possam afetar ritmos de \u201cfertilidade, mortalidade ou migra\u00e7\u00e3o\u201d.<\/p>\n\n\n\n<p><strong><em>Fonte: <a href=\"https:\/\/www.bbc.com\/portuguese\/brasil-53412547\">BBC News Brasil<\/a><\/em><\/strong><\/p>\n","protected":false},"excerpt":{"rendered":"<p>Pesquisadores apontam que a estimativa de vida dos brasileiros poder\u00e1 saltar de em torno de 76 anos para uma m\u00e9dia de 82 at\u00e9 o fim do s\u00e9culo At\u00e9 o fim desde s\u00e9culo, a popula\u00e7\u00e3o do Brasil deve encolher em quase 50 milh\u00f5es de pessoas, a China cair\u00e1 de primeiro para terceiro pa\u00eds mais populoso do [&hellip;]<\/p>\n","protected":false},"author":2,"featured_media":6465,"comment_status":"open","ping_status":"open","sticky":false,"template":"","format":"standard","meta":{"footnotes":""},"categories":[5],"tags":[182,597,3792,828],"class_list":["post-6463","post","type-post","status-publish","format-standard","has-post-thumbnail","hentry","category-geral","tag-africa","tag-brasil","tag-demografia","tag-populacao"],"yoast_head":"<!-- This site is optimized with the Yoast SEO plugin v26.5 - https:\/\/yoast.com\/wordpress\/plugins\/seo\/ -->\n<title>Popula\u00e7\u00e3o do Brasil deve encolher em quase 50 milh\u00f5es at\u00e9 o fim do s\u00e9culo, aponta estudo - Jornal Fatos e Not\u00edcias<\/title>\n<meta name=\"robots\" content=\"index, follow, max-snippet:-1, max-image-preview:large, max-video-preview:-1\" \/>\n<link rel=\"canonical\" href=\"https:\/\/jornalfatosenoticias.com.br\/index.php\/2020\/07\/15\/populacao-do-brasil-deve-encolher-em-quase-50-milhoes-ate-o-fim-do-seculo-aponta-estudo\/\" \/>\n<meta property=\"og:locale\" content=\"pt_BR\" \/>\n<meta property=\"og:type\" content=\"article\" \/>\n<meta property=\"og:title\" content=\"Popula\u00e7\u00e3o do Brasil deve encolher em quase 50 milh\u00f5es at\u00e9 o fim do s\u00e9culo, aponta estudo - Jornal Fatos e Not\u00edcias\" \/>\n<meta property=\"og:description\" content=\"Pesquisadores apontam que a estimativa de vida dos brasileiros poder\u00e1 saltar de em torno de 76 anos para uma m\u00e9dia de 82 at\u00e9 o fim do s\u00e9culo At\u00e9 o fim desde s\u00e9culo, a popula\u00e7\u00e3o do Brasil deve encolher em quase 50 milh\u00f5es de pessoas, a China cair\u00e1 de primeiro para terceiro pa\u00eds mais populoso do [&hellip;]\" \/>\n<meta property=\"og:url\" content=\"https:\/\/jornalfatosenoticias.com.br\/index.php\/2020\/07\/15\/populacao-do-brasil-deve-encolher-em-quase-50-milhoes-ate-o-fim-do-seculo-aponta-estudo\/\" \/>\n<meta property=\"og:site_name\" content=\"Jornal Fatos e Not\u00edcias\" \/>\n<meta property=\"article:published_time\" content=\"2020-07-15T13:44:18+00:00\" \/>\n<meta property=\"article:modified_time\" content=\"2020-07-15T13:44:24+00:00\" \/>\n<meta property=\"og:image\" content=\"https:\/\/jornalfatosenoticias.com.br\/wp-content\/uploads\/2020\/07\/populacao_Brasil.jpg\" \/>\n\t<meta property=\"og:image:width\" content=\"1000\" \/>\n\t<meta property=\"og:image:height\" content=\"561\" \/>\n\t<meta property=\"og:image:type\" content=\"image\/jpeg\" \/>\n<meta name=\"author\" content=\"Luzimara Fernandes\" \/>\n<meta name=\"twitter:card\" content=\"summary_large_image\" \/>\n<meta name=\"twitter:label1\" content=\"Escrito por\" \/>\n\t<meta name=\"twitter:data1\" content=\"Luzimara Fernandes\" \/>\n\t<meta name=\"twitter:label2\" content=\"Est. tempo de leitura\" \/>\n\t<meta name=\"twitter:data2\" content=\"8 minutos\" \/>\n<script type=\"application\/ld+json\" class=\"yoast-schema-graph\">{\"@context\":\"https:\/\/schema.org\",\"@graph\":[{\"@type\":\"Article\",\"@id\":\"https:\/\/jornalfatosenoticias.com.br\/index.php\/2020\/07\/15\/populacao-do-brasil-deve-encolher-em-quase-50-milhoes-ate-o-fim-do-seculo-aponta-estudo\/#article\",\"isPartOf\":{\"@id\":\"https:\/\/jornalfatosenoticias.com.br\/index.php\/2020\/07\/15\/populacao-do-brasil-deve-encolher-em-quase-50-milhoes-ate-o-fim-do-seculo-aponta-estudo\/\"},\"author\":{\"name\":\"Luzimara Fernandes\",\"@id\":\"https:\/\/jornalfatosenoticias.com.br\/#\/schema\/person\/d63837fa13ac8666eb9e74e0985d6f81\"},\"headline\":\"Popula\u00e7\u00e3o do Brasil deve encolher em quase 50 milh\u00f5es at\u00e9 o fim do s\u00e9culo, aponta estudo\",\"datePublished\":\"2020-07-15T13:44:18+00:00\",\"dateModified\":\"2020-07-15T13:44:24+00:00\",\"mainEntityOfPage\":{\"@id\":\"https:\/\/jornalfatosenoticias.com.br\/index.php\/2020\/07\/15\/populacao-do-brasil-deve-encolher-em-quase-50-milhoes-ate-o-fim-do-seculo-aponta-estudo\/\"},\"wordCount\":1668,\"commentCount\":0,\"publisher\":{\"@id\":\"https:\/\/jornalfatosenoticias.com.br\/#organization\"},\"image\":{\"@id\":\"https:\/\/jornalfatosenoticias.com.br\/index.php\/2020\/07\/15\/populacao-do-brasil-deve-encolher-em-quase-50-milhoes-ate-o-fim-do-seculo-aponta-estudo\/#primaryimage\"},\"thumbnailUrl\":\"https:\/\/jornalfatosenoticias.com.br\/wp-content\/uploads\/2020\/07\/populacao_Brasil.jpg\",\"keywords\":[\"\u00e1frica\",\"Brasil\",\"demografia\",\"popula\u00e7\u00e3o\"],\"articleSection\":[\"Geral\"],\"inLanguage\":\"pt-BR\",\"potentialAction\":[{\"@type\":\"CommentAction\",\"name\":\"Comment\",\"target\":[\"https:\/\/jornalfatosenoticias.com.br\/index.php\/2020\/07\/15\/populacao-do-brasil-deve-encolher-em-quase-50-milhoes-ate-o-fim-do-seculo-aponta-estudo\/#respond\"]}]},{\"@type\":\"WebPage\",\"@id\":\"https:\/\/jornalfatosenoticias.com.br\/index.php\/2020\/07\/15\/populacao-do-brasil-deve-encolher-em-quase-50-milhoes-ate-o-fim-do-seculo-aponta-estudo\/\",\"url\":\"https:\/\/jornalfatosenoticias.com.br\/index.php\/2020\/07\/15\/populacao-do-brasil-deve-encolher-em-quase-50-milhoes-ate-o-fim-do-seculo-aponta-estudo\/\",\"name\":\"Popula\u00e7\u00e3o do Brasil deve encolher em quase 50 milh\u00f5es at\u00e9 o fim do s\u00e9culo, aponta estudo - Jornal Fatos e Not\u00edcias\",\"isPartOf\":{\"@id\":\"https:\/\/jornalfatosenoticias.com.br\/#website\"},\"primaryImageOfPage\":{\"@id\":\"https:\/\/jornalfatosenoticias.com.br\/index.php\/2020\/07\/15\/populacao-do-brasil-deve-encolher-em-quase-50-milhoes-ate-o-fim-do-seculo-aponta-estudo\/#primaryimage\"},\"image\":{\"@id\":\"https:\/\/jornalfatosenoticias.com.br\/index.php\/2020\/07\/15\/populacao-do-brasil-deve-encolher-em-quase-50-milhoes-ate-o-fim-do-seculo-aponta-estudo\/#primaryimage\"},\"thumbnailUrl\":\"https:\/\/jornalfatosenoticias.com.br\/wp-content\/uploads\/2020\/07\/populacao_Brasil.jpg\",\"datePublished\":\"2020-07-15T13:44:18+00:00\",\"dateModified\":\"2020-07-15T13:44:24+00:00\",\"breadcrumb\":{\"@id\":\"https:\/\/jornalfatosenoticias.com.br\/index.php\/2020\/07\/15\/populacao-do-brasil-deve-encolher-em-quase-50-milhoes-ate-o-fim-do-seculo-aponta-estudo\/#breadcrumb\"},\"inLanguage\":\"pt-BR\",\"potentialAction\":[{\"@type\":\"ReadAction\",\"target\":[\"https:\/\/jornalfatosenoticias.com.br\/index.php\/2020\/07\/15\/populacao-do-brasil-deve-encolher-em-quase-50-milhoes-ate-o-fim-do-seculo-aponta-estudo\/\"]}]},{\"@type\":\"ImageObject\",\"inLanguage\":\"pt-BR\",\"@id\":\"https:\/\/jornalfatosenoticias.com.br\/index.php\/2020\/07\/15\/populacao-do-brasil-deve-encolher-em-quase-50-milhoes-ate-o-fim-do-seculo-aponta-estudo\/#primaryimage\",\"url\":\"https:\/\/jornalfatosenoticias.com.br\/wp-content\/uploads\/2020\/07\/populacao_Brasil.jpg\",\"contentUrl\":\"https:\/\/jornalfatosenoticias.com.br\/wp-content\/uploads\/2020\/07\/populacao_Brasil.jpg\",\"width\":1000,\"height\":561},{\"@type\":\"BreadcrumbList\",\"@id\":\"https:\/\/jornalfatosenoticias.com.br\/index.php\/2020\/07\/15\/populacao-do-brasil-deve-encolher-em-quase-50-milhoes-ate-o-fim-do-seculo-aponta-estudo\/#breadcrumb\",\"itemListElement\":[{\"@type\":\"ListItem\",\"position\":1,\"name\":\"In\u00edcio\",\"item\":\"https:\/\/jornalfatosenoticias.com.br\/\"},{\"@type\":\"ListItem\",\"position\":2,\"name\":\"Popula\u00e7\u00e3o do Brasil deve encolher em quase 50 milh\u00f5es at\u00e9 o fim do s\u00e9culo, aponta estudo\"}]},{\"@type\":\"WebSite\",\"@id\":\"https:\/\/jornalfatosenoticias.com.br\/#website\",\"url\":\"https:\/\/jornalfatosenoticias.com.br\/\",\"name\":\"Jornal Fatos e Not\u00edcias\",\"description\":\"Not\u00edcias em geral\",\"publisher\":{\"@id\":\"https:\/\/jornalfatosenoticias.com.br\/#organization\"},\"potentialAction\":[{\"@type\":\"SearchAction\",\"target\":{\"@type\":\"EntryPoint\",\"urlTemplate\":\"https:\/\/jornalfatosenoticias.com.br\/?s={search_term_string}\"},\"query-input\":{\"@type\":\"PropertyValueSpecification\",\"valueRequired\":true,\"valueName\":\"search_term_string\"}}],\"inLanguage\":\"pt-BR\"},{\"@type\":\"Organization\",\"@id\":\"https:\/\/jornalfatosenoticias.com.br\/#organization\",\"name\":\"Jornal Fatos e Not\u00edcias\",\"url\":\"https:\/\/jornalfatosenoticias.com.br\/\",\"logo\":{\"@type\":\"ImageObject\",\"inLanguage\":\"pt-BR\",\"@id\":\"https:\/\/jornalfatosenoticias.com.br\/#\/schema\/logo\/image\/\",\"url\":\"https:\/\/jornalfatosenoticias.com.br\/wp-content\/uploads\/2020\/02\/logo120.png\",\"contentUrl\":\"https:\/\/jornalfatosenoticias.com.br\/wp-content\/uploads\/2020\/02\/logo120.png\",\"width\":1227,\"height\":120,\"caption\":\"Jornal Fatos e Not\u00edcias\"},\"image\":{\"@id\":\"https:\/\/jornalfatosenoticias.com.br\/#\/schema\/logo\/image\/\"}},{\"@type\":\"Person\",\"@id\":\"https:\/\/jornalfatosenoticias.com.br\/#\/schema\/person\/d63837fa13ac8666eb9e74e0985d6f81\",\"name\":\"Luzimara Fernandes\",\"image\":{\"@type\":\"ImageObject\",\"inLanguage\":\"pt-BR\",\"@id\":\"https:\/\/jornalfatosenoticias.com.br\/#\/schema\/person\/image\/\",\"url\":\"https:\/\/jornalfatosenoticias.com.br\/wp-content\/uploads\/2025\/05\/EU_portal.jpg\",\"contentUrl\":\"https:\/\/jornalfatosenoticias.com.br\/wp-content\/uploads\/2025\/05\/EU_portal.jpg\",\"caption\":\"Luzimara Fernandes\"},\"description\":\"Jornalista MTB 2358-ES\",\"sameAs\":[\"https:\/\/jornalfatosenoticias.com.br\"],\"url\":\"https:\/\/jornalfatosenoticias.com.br\/index.php\/author\/luzimara\/\"}]}<\/script>\n<!-- \/ Yoast SEO plugin. -->","yoast_head_json":{"title":"Popula\u00e7\u00e3o do Brasil deve encolher em quase 50 milh\u00f5es at\u00e9 o fim do s\u00e9culo, aponta estudo - Jornal Fatos e Not\u00edcias","robots":{"index":"index","follow":"follow","max-snippet":"max-snippet:-1","max-image-preview":"max-image-preview:large","max-video-preview":"max-video-preview:-1"},"canonical":"https:\/\/jornalfatosenoticias.com.br\/index.php\/2020\/07\/15\/populacao-do-brasil-deve-encolher-em-quase-50-milhoes-ate-o-fim-do-seculo-aponta-estudo\/","og_locale":"pt_BR","og_type":"article","og_title":"Popula\u00e7\u00e3o do Brasil deve encolher em quase 50 milh\u00f5es at\u00e9 o fim do s\u00e9culo, aponta estudo - Jornal Fatos e Not\u00edcias","og_description":"Pesquisadores apontam que a estimativa de vida dos brasileiros poder\u00e1 saltar de em torno de 76 anos para uma m\u00e9dia de 82 at\u00e9 o fim do s\u00e9culo At\u00e9 o fim desde s\u00e9culo, a popula\u00e7\u00e3o do Brasil deve encolher em quase 50 milh\u00f5es de pessoas, a China cair\u00e1 de primeiro para terceiro pa\u00eds mais populoso do [&hellip;]","og_url":"https:\/\/jornalfatosenoticias.com.br\/index.php\/2020\/07\/15\/populacao-do-brasil-deve-encolher-em-quase-50-milhoes-ate-o-fim-do-seculo-aponta-estudo\/","og_site_name":"Jornal Fatos e Not\u00edcias","article_published_time":"2020-07-15T13:44:18+00:00","article_modified_time":"2020-07-15T13:44:24+00:00","og_image":[{"width":1000,"height":561,"url":"https:\/\/jornalfatosenoticias.com.br\/wp-content\/uploads\/2020\/07\/populacao_Brasil.jpg","type":"image\/jpeg"}],"author":"Luzimara Fernandes","twitter_card":"summary_large_image","twitter_misc":{"Escrito por":"Luzimara Fernandes","Est. tempo de leitura":"8 minutos"},"schema":{"@context":"https:\/\/schema.org","@graph":[{"@type":"Article","@id":"https:\/\/jornalfatosenoticias.com.br\/index.php\/2020\/07\/15\/populacao-do-brasil-deve-encolher-em-quase-50-milhoes-ate-o-fim-do-seculo-aponta-estudo\/#article","isPartOf":{"@id":"https:\/\/jornalfatosenoticias.com.br\/index.php\/2020\/07\/15\/populacao-do-brasil-deve-encolher-em-quase-50-milhoes-ate-o-fim-do-seculo-aponta-estudo\/"},"author":{"name":"Luzimara Fernandes","@id":"https:\/\/jornalfatosenoticias.com.br\/#\/schema\/person\/d63837fa13ac8666eb9e74e0985d6f81"},"headline":"Popula\u00e7\u00e3o do Brasil deve encolher em quase 50 milh\u00f5es at\u00e9 o fim do s\u00e9culo, aponta estudo","datePublished":"2020-07-15T13:44:18+00:00","dateModified":"2020-07-15T13:44:24+00:00","mainEntityOfPage":{"@id":"https:\/\/jornalfatosenoticias.com.br\/index.php\/2020\/07\/15\/populacao-do-brasil-deve-encolher-em-quase-50-milhoes-ate-o-fim-do-seculo-aponta-estudo\/"},"wordCount":1668,"commentCount":0,"publisher":{"@id":"https:\/\/jornalfatosenoticias.com.br\/#organization"},"image":{"@id":"https:\/\/jornalfatosenoticias.com.br\/index.php\/2020\/07\/15\/populacao-do-brasil-deve-encolher-em-quase-50-milhoes-ate-o-fim-do-seculo-aponta-estudo\/#primaryimage"},"thumbnailUrl":"https:\/\/jornalfatosenoticias.com.br\/wp-content\/uploads\/2020\/07\/populacao_Brasil.jpg","keywords":["\u00e1frica","Brasil","demografia","popula\u00e7\u00e3o"],"articleSection":["Geral"],"inLanguage":"pt-BR","potentialAction":[{"@type":"CommentAction","name":"Comment","target":["https:\/\/jornalfatosenoticias.com.br\/index.php\/2020\/07\/15\/populacao-do-brasil-deve-encolher-em-quase-50-milhoes-ate-o-fim-do-seculo-aponta-estudo\/#respond"]}]},{"@type":"WebPage","@id":"https:\/\/jornalfatosenoticias.com.br\/index.php\/2020\/07\/15\/populacao-do-brasil-deve-encolher-em-quase-50-milhoes-ate-o-fim-do-seculo-aponta-estudo\/","url":"https:\/\/jornalfatosenoticias.com.br\/index.php\/2020\/07\/15\/populacao-do-brasil-deve-encolher-em-quase-50-milhoes-ate-o-fim-do-seculo-aponta-estudo\/","name":"Popula\u00e7\u00e3o do Brasil deve encolher em quase 50 milh\u00f5es at\u00e9 o fim do s\u00e9culo, aponta estudo - Jornal Fatos e Not\u00edcias","isPartOf":{"@id":"https:\/\/jornalfatosenoticias.com.br\/#website"},"primaryImageOfPage":{"@id":"https:\/\/jornalfatosenoticias.com.br\/index.php\/2020\/07\/15\/populacao-do-brasil-deve-encolher-em-quase-50-milhoes-ate-o-fim-do-seculo-aponta-estudo\/#primaryimage"},"image":{"@id":"https:\/\/jornalfatosenoticias.com.br\/index.php\/2020\/07\/15\/populacao-do-brasil-deve-encolher-em-quase-50-milhoes-ate-o-fim-do-seculo-aponta-estudo\/#primaryimage"},"thumbnailUrl":"https:\/\/jornalfatosenoticias.com.br\/wp-content\/uploads\/2020\/07\/populacao_Brasil.jpg","datePublished":"2020-07-15T13:44:18+00:00","dateModified":"2020-07-15T13:44:24+00:00","breadcrumb":{"@id":"https:\/\/jornalfatosenoticias.com.br\/index.php\/2020\/07\/15\/populacao-do-brasil-deve-encolher-em-quase-50-milhoes-ate-o-fim-do-seculo-aponta-estudo\/#breadcrumb"},"inLanguage":"pt-BR","potentialAction":[{"@type":"ReadAction","target":["https:\/\/jornalfatosenoticias.com.br\/index.php\/2020\/07\/15\/populacao-do-brasil-deve-encolher-em-quase-50-milhoes-ate-o-fim-do-seculo-aponta-estudo\/"]}]},{"@type":"ImageObject","inLanguage":"pt-BR","@id":"https:\/\/jornalfatosenoticias.com.br\/index.php\/2020\/07\/15\/populacao-do-brasil-deve-encolher-em-quase-50-milhoes-ate-o-fim-do-seculo-aponta-estudo\/#primaryimage","url":"https:\/\/jornalfatosenoticias.com.br\/wp-content\/uploads\/2020\/07\/populacao_Brasil.jpg","contentUrl":"https:\/\/jornalfatosenoticias.com.br\/wp-content\/uploads\/2020\/07\/populacao_Brasil.jpg","width":1000,"height":561},{"@type":"BreadcrumbList","@id":"https:\/\/jornalfatosenoticias.com.br\/index.php\/2020\/07\/15\/populacao-do-brasil-deve-encolher-em-quase-50-milhoes-ate-o-fim-do-seculo-aponta-estudo\/#breadcrumb","itemListElement":[{"@type":"ListItem","position":1,"name":"In\u00edcio","item":"https:\/\/jornalfatosenoticias.com.br\/"},{"@type":"ListItem","position":2,"name":"Popula\u00e7\u00e3o do Brasil deve encolher em quase 50 milh\u00f5es at\u00e9 o fim do s\u00e9culo, aponta estudo"}]},{"@type":"WebSite","@id":"https:\/\/jornalfatosenoticias.com.br\/#website","url":"https:\/\/jornalfatosenoticias.com.br\/","name":"Jornal Fatos e Not\u00edcias","description":"Not\u00edcias em geral","publisher":{"@id":"https:\/\/jornalfatosenoticias.com.br\/#organization"},"potentialAction":[{"@type":"SearchAction","target":{"@type":"EntryPoint","urlTemplate":"https:\/\/jornalfatosenoticias.com.br\/?s={search_term_string}"},"query-input":{"@type":"PropertyValueSpecification","valueRequired":true,"valueName":"search_term_string"}}],"inLanguage":"pt-BR"},{"@type":"Organization","@id":"https:\/\/jornalfatosenoticias.com.br\/#organization","name":"Jornal Fatos e Not\u00edcias","url":"https:\/\/jornalfatosenoticias.com.br\/","logo":{"@type":"ImageObject","inLanguage":"pt-BR","@id":"https:\/\/jornalfatosenoticias.com.br\/#\/schema\/logo\/image\/","url":"https:\/\/jornalfatosenoticias.com.br\/wp-content\/uploads\/2020\/02\/logo120.png","contentUrl":"https:\/\/jornalfatosenoticias.com.br\/wp-content\/uploads\/2020\/02\/logo120.png","width":1227,"height":120,"caption":"Jornal Fatos e Not\u00edcias"},"image":{"@id":"https:\/\/jornalfatosenoticias.com.br\/#\/schema\/logo\/image\/"}},{"@type":"Person","@id":"https:\/\/jornalfatosenoticias.com.br\/#\/schema\/person\/d63837fa13ac8666eb9e74e0985d6f81","name":"Luzimara Fernandes","image":{"@type":"ImageObject","inLanguage":"pt-BR","@id":"https:\/\/jornalfatosenoticias.com.br\/#\/schema\/person\/image\/","url":"https:\/\/jornalfatosenoticias.com.br\/wp-content\/uploads\/2025\/05\/EU_portal.jpg","contentUrl":"https:\/\/jornalfatosenoticias.com.br\/wp-content\/uploads\/2025\/05\/EU_portal.jpg","caption":"Luzimara Fernandes"},"description":"Jornalista MTB 2358-ES","sameAs":["https:\/\/jornalfatosenoticias.com.br"],"url":"https:\/\/jornalfatosenoticias.com.br\/index.php\/author\/luzimara\/"}]}},"cc_featured_image_caption":{"caption_text":"(Foto: Rovena Rosa\/Ag\u00eancia Brasil)","source_text":"","source_url":""},"jetpack_featured_media_url":"https:\/\/jornalfatosenoticias.com.br\/wp-content\/uploads\/2020\/07\/populacao_Brasil.jpg","_links":{"self":[{"href":"https:\/\/jornalfatosenoticias.com.br\/index.php\/wp-json\/wp\/v2\/posts\/6463","targetHints":{"allow":["GET"]}}],"collection":[{"href":"https:\/\/jornalfatosenoticias.com.br\/index.php\/wp-json\/wp\/v2\/posts"}],"about":[{"href":"https:\/\/jornalfatosenoticias.com.br\/index.php\/wp-json\/wp\/v2\/types\/post"}],"author":[{"embeddable":true,"href":"https:\/\/jornalfatosenoticias.com.br\/index.php\/wp-json\/wp\/v2\/users\/2"}],"replies":[{"embeddable":true,"href":"https:\/\/jornalfatosenoticias.com.br\/index.php\/wp-json\/wp\/v2\/comments?post=6463"}],"version-history":[{"count":0,"href":"https:\/\/jornalfatosenoticias.com.br\/index.php\/wp-json\/wp\/v2\/posts\/6463\/revisions"}],"wp:featuredmedia":[{"embeddable":true,"href":"https:\/\/jornalfatosenoticias.com.br\/index.php\/wp-json\/wp\/v2\/media\/6465"}],"wp:attachment":[{"href":"https:\/\/jornalfatosenoticias.com.br\/index.php\/wp-json\/wp\/v2\/media?parent=6463"}],"wp:term":[{"taxonomy":"category","embeddable":true,"href":"https:\/\/jornalfatosenoticias.com.br\/index.php\/wp-json\/wp\/v2\/categories?post=6463"},{"taxonomy":"post_tag","embeddable":true,"href":"https:\/\/jornalfatosenoticias.com.br\/index.php\/wp-json\/wp\/v2\/tags?post=6463"}],"curies":[{"name":"wp","href":"https:\/\/api.w.org\/{rel}","templated":true}]}}