{"id":64634,"date":"2026-01-23T15:04:00","date_gmt":"2026-01-23T18:04:00","guid":{"rendered":"https:\/\/jornalfatosenoticias.com.br\/?p=64634"},"modified":"2026-01-23T15:04:02","modified_gmt":"2026-01-23T18:04:02","slug":"uso-precoce-de-telas-pode-deixar-marcas-duradouras-no-cerebro","status":"publish","type":"post","link":"https:\/\/jornalfatosenoticias.com.br\/index.php\/2026\/01\/23\/uso-precoce-de-telas-pode-deixar-marcas-duradouras-no-cerebro\/","title":{"rendered":"Uso precoce de telas pode deixar marcas duradouras no c\u00e9rebro"},"content":{"rendered":"\n<p><em><mark style=\"background-color:rgba(0, 0, 0, 0)\" class=\"has-inline-color has-black-color\">A partir de estudos, pediatra comenta como a exposi\u00e7\u00e3o excessiva a telas altera o desenvolvimento cerebral e cria padr\u00f5es de uso dif\u00edceis de reverter<\/mark><\/em><\/p>\n\n\n<div class=\"wp-block-image\">\n<figure class=\"aligncenter size-large\"><a href=\"https:\/\/mizu.com.br\/\"><img loading=\"lazy\" decoding=\"async\" width=\"1024\" height=\"99\" src=\"https:\/\/jornalfatosenoticias.com.br\/wp-content\/uploads\/2020\/02\/Logo-Mizu-segunda-2-1024x99.png\" alt=\"\" class=\"wp-image-2353\" srcset=\"https:\/\/jornalfatosenoticias.com.br\/wp-content\/uploads\/2020\/02\/Logo-Mizu-segunda-2-1024x99.png 1024w, https:\/\/jornalfatosenoticias.com.br\/wp-content\/uploads\/2020\/02\/Logo-Mizu-segunda-2-300x29.png 300w, https:\/\/jornalfatosenoticias.com.br\/wp-content\/uploads\/2020\/02\/Logo-Mizu-segunda-2-768x74.png 768w, https:\/\/jornalfatosenoticias.com.br\/wp-content\/uploads\/2020\/02\/Logo-Mizu-segunda-2.png 1240w\" sizes=\"auto, (max-width: 1024px) 100vw, 1024px\" \/><\/a><\/figure>\n<\/div>\n\n\n<p>As f\u00e9rias escolares costumam alterar a rotina das fam\u00edlias, e um dos primeiros h\u00e1bitos a sair do controle \u00e9 o tempo de tela das crian\u00e7as. Com mais horas livres em casa e pais nem sempre dispon\u00edveis, o uso de TVs, celulares e tablets tende a aumentar de forma significativa.<br>O problema \u00e9 que esse excesso n\u00e3o \u00e9 tempor\u00e1rio nem inofensivo. Estudos cient\u00edficos publicados em 2025 mostram que o uso precoce e intenso de telas pode provocar efeitos duradouros no <a href=\"https:\/\/ciclovivo.com.br\/vida-sustentavel\/equilibrio\/brincar-na-natureza-desenvolvimento-corporal\/\" target=\"_blank\" rel=\"noreferrer noopener\">desenvolvimento infantil<\/a>, com repercuss\u00f5es que se estendem da inf\u00e2ncia \u00e0 adolesc\u00eancia e possivelmente \u00e0 vida adulta.<\/p>\n\n\n\n<p><strong><mark style=\"background-color:rgba(0, 0, 0, 0)\" class=\"has-inline-color has-vivid-cyan-blue-color\">Altera\u00e7\u00f5es cerebrais ligadas ao uso precoce de telas<br><\/mark><\/strong>Um dos principais estudos sobre o tema foi publicado em 2025 na revista <em>The Lancet<\/em>. A pesquisa acompanhou 168 crian\u00e7as desde os primeiros anos de vida at\u00e9 os 13 anos de idade, analisando o tempo de tela entre um e dois anos, fase em que a recomenda\u00e7\u00e3o \u00e9 exposi\u00e7\u00e3o zero.<br>Os resultados mostraram uma m\u00e9dia de 2,17 horas di\u00e1rias de tela nesse per\u00edodo. Exames de resson\u00e2ncia magn\u00e9tica, realizados entre os quatro e sete anos, identificaram altera\u00e7\u00f5es no desenvolvimento das redes cerebrais, associadas a tomada de decis\u00e3o mais lenta na inf\u00e2ncia e a n\u00edveis mais elevados de ansiedade na adolesc\u00eancia.<\/p>\n\n\n<div class=\"wp-block-image\">\n<figure class=\"aligncenter size-full\"><a href=\"https:\/\/www.cesconetto.com.br\/\"><img loading=\"lazy\" decoding=\"async\" width=\"300\" height=\"250\" src=\"https:\/\/jornalfatosenoticias.com.br\/wp-content\/uploads\/2022\/02\/Banner-2.png\" alt=\"\" class=\"wp-image-27877\"\/><\/a><\/figure>\n<\/div>\n\n\n<blockquote class=\"wp-block-quote is-layout-flow wp-block-quote-is-layout-flow\">\n<p><mark style=\"background-color:rgba(0, 0, 0, 0)\" class=\"has-inline-color has-luminous-vivid-orange-color\">A tela precoce n\u00e3o \u00e9 in\u00f3cua. O c\u00e9rebro em forma\u00e7\u00e3o \u00e9 altamente sens\u00edvel aos est\u00edmulos do ambiente, e o excesso de telas nessa fase pode levar a mudan\u00e7as que n\u00e3o s\u00e3o facilmente revertidas\u201d, afirma a pediatra Dra. Anna Dominguez Bohn.<\/mark><\/p>\n<\/blockquote>\n\n\n<div class=\"wp-block-image\">\n<figure class=\"aligncenter size-full\"><a href=\"https:\/\/www.instagram.com\/alhoroxao\/\"><img loading=\"lazy\" decoding=\"async\" width=\"960\" height=\"365\" src=\"https:\/\/jornalfatosenoticias.com.br\/wp-content\/uploads\/2026\/01\/logo-alho-Roxao.png\" alt=\"\" class=\"wp-image-64448\" srcset=\"https:\/\/jornalfatosenoticias.com.br\/wp-content\/uploads\/2026\/01\/logo-alho-Roxao.png 960w, https:\/\/jornalfatosenoticias.com.br\/wp-content\/uploads\/2026\/01\/logo-alho-Roxao-300x114.png 300w, https:\/\/jornalfatosenoticias.com.br\/wp-content\/uploads\/2026\/01\/logo-alho-Roxao-768x292.png 768w\" sizes=\"auto, (max-width: 960px) 100vw, 960px\" \/><\/a><\/figure>\n<\/div>\n\n\n<p><strong><mark style=\"background-color:rgba(0, 0, 0, 0)\" class=\"has-inline-color has-vivid-cyan-blue-color\">Mais tempo de tela, pior desempenho cognitivo<br><\/mark><\/strong>Outro estudo relevante, publicado em 2025 pela Elsevier, acompanhou mais de duas mil crian\u00e7as entre tr\u00eas e cinco anos de idade. O objetivo foi avaliar o impacto do tempo de tela sobre fun\u00e7\u00f5es executivas essenciais, como foco, aten\u00e7\u00e3o, autocontrole e organiza\u00e7\u00e3o emocional.<br>A rela\u00e7\u00e3o encontrada foi direta e linear. Quanto maior o tempo de exposi\u00e7\u00e3o \u00e0s telas, piores os indicadores cognitivos. Um dos achados mais importantes foi a constata\u00e7\u00e3o de que quanto mais cedo e mais intenso \u00e9 o uso de telas, maior a chance de esse padr\u00e3o se manter ao longo dos anos. Em outras palavras, crian\u00e7as que usam muito tendem a continuar usando muito.<br>O estudo tamb\u00e9m derruba um mito comum: n\u00e3o s\u00e3o crian\u00e7as com menor autocontrole que buscam mais as telas. O que ocorre \u00e9 o oposto, o excesso de tela prejudica a matura\u00e7\u00e3o do autocontrole. Como refor\u00e7a a especialista: \u201cn\u00e3o \u00e9 algo que d\u00e1 para compensar mais tarde. O c\u00e9rebro infantil ainda n\u00e3o tem capacidade de se autorregular diante da tecnologia. Quem define o tempo de tela s\u00e3o os adultos e o ambiente\u201d.<br>Os estudos tamb\u00e9m apontam fatores de prote\u00e7\u00e3o importantes. Crian\u00e7as com maior envolvimento parental, especialmente com a presen\u00e7a ativa do pai, e aquelas inseridas em contextos socioecon\u00f4micos mais favor\u00e1veis apresentaram menor tempo de tela e melhores desfechos cognitivos.<\/p>\n\n\n<div class=\"wp-block-image\">\n<figure class=\"aligncenter size-full\"><img loading=\"lazy\" decoding=\"async\" width=\"1000\" height=\"665\" src=\"https:\/\/jornalfatosenoticias.com.br\/wp-content\/uploads\/2026\/01\/telas1_freepik.jpg\" alt=\"\" class=\"wp-image-64635\" srcset=\"https:\/\/jornalfatosenoticias.com.br\/wp-content\/uploads\/2026\/01\/telas1_freepik.jpg 1000w, https:\/\/jornalfatosenoticias.com.br\/wp-content\/uploads\/2026\/01\/telas1_freepik-300x200.jpg 300w, https:\/\/jornalfatosenoticias.com.br\/wp-content\/uploads\/2026\/01\/telas1_freepik-768x511.jpg 768w\" sizes=\"auto, (max-width: 1000px) 100vw, 1000px\" \/><figcaption class=\"wp-element-caption\"><em><mark style=\"background-color:rgba(0, 0, 0, 0)\" class=\"has-inline-color has-black-color\">Exposi\u00e7\u00e3o excessiva a telas altera o desenvolvimento cerebral (Foto: Freepik)<\/mark><\/em><\/figcaption><\/figure>\n<\/div>\n\n\n<blockquote class=\"wp-block-quote is-layout-flow wp-block-quote-is-layout-flow\">\n<p><mark style=\"background-color:rgba(0, 0, 0, 0)\" class=\"has-inline-color has-luminous-vivid-orange-color\">A boa not\u00edcia \u00e9 que o ant\u00eddoto est\u00e1 dentro de casa: intera\u00e7\u00e3o real, brincar livre, movimento e v\u00ednculo funcionam como um verdadeiro escudo para o c\u00e9rebro em forma\u00e7\u00e3o\u201d, salienta a Dra. Anna.<\/mark><\/p>\n<\/blockquote>\n\n\n<div class=\"wp-block-image\">\n<figure class=\"aligncenter size-large is-resized\"><a href=\"https:\/\/hotelmarquetti.com.br\/\"><img loading=\"lazy\" decoding=\"async\" width=\"1024\" height=\"680\" src=\"https:\/\/jornalfatosenoticias.com.br\/wp-content\/uploads\/2020\/02\/LOGO-MQ-1024x680.jpg\" alt=\"\" class=\"wp-image-58299\" style=\"aspect-ratio:1.5059172441326603;width:355px;height:auto\" srcset=\"https:\/\/jornalfatosenoticias.com.br\/wp-content\/uploads\/2020\/02\/LOGO-MQ-1024x680.jpg 1024w, https:\/\/jornalfatosenoticias.com.br\/wp-content\/uploads\/2020\/02\/LOGO-MQ-300x199.jpg 300w, https:\/\/jornalfatosenoticias.com.br\/wp-content\/uploads\/2020\/02\/LOGO-MQ-768x510.jpg 768w, https:\/\/jornalfatosenoticias.com.br\/wp-content\/uploads\/2020\/02\/LOGO-MQ-1536x1020.jpg 1536w, https:\/\/jornalfatosenoticias.com.br\/wp-content\/uploads\/2020\/02\/LOGO-MQ-2048x1360.jpg 2048w\" sizes=\"auto, (max-width: 1024px) 100vw, 1024px\" \/><\/a><\/figure>\n<\/div>\n\n\n<p><strong><mark style=\"background-color:rgba(0, 0, 0, 0)\" class=\"has-inline-color has-vivid-cyan-blue-color\">Limitar telas = preven\u00e7\u00e3o em sa\u00fade mental infantil<br><\/mark><\/strong>Os dados refor\u00e7am a necessidade de conscientiza\u00e7\u00e3o das fam\u00edlias e de pol\u00edticas p\u00fablicas que priorizem a inf\u00e2ncia. O debate sobre telas precisa ganhar o mesmo peso que outras estrat\u00e9gias de preven\u00e7\u00e3o j\u00e1 consolidadas.<\/p>\n\n\n\n<blockquote class=\"wp-block-quote is-layout-flow wp-block-quote-is-layout-flow\">\n<p><mark style=\"background-color:rgba(0, 0, 0, 0)\" class=\"has-inline-color has-luminous-vivid-orange-color\">Assim como j\u00e1 discutimos amplamente os preju\u00edzos do tabaco, hoje precisamos falar, com a mesma seriedade, sobre o impacto das telas. Limitar o tempo de uso e priorizar rela\u00e7\u00f5es presenciais \u00e9 uma estrat\u00e9gia real de preven\u00e7\u00e3o em sa\u00fade mental e de promo\u00e7\u00e3o do desenvolvimento infantil\u201d, conclui a pediatra.<\/mark><\/p>\n<\/blockquote>\n\n\n<div class=\"wp-block-image\">\n<figure class=\"aligncenter size-large is-resized\"><a href=\"https:\/\/www.instagram.com\/espiritocacau\/\"><img decoding=\"async\" src=\"https:\/\/jornalfatosenoticias.com.br\/wp-content\/uploads\/2020\/02\/Espirito-Cacau_Logo-1024x1024.png\" alt=\"\" class=\"wp-image-64360\" style=\"width:317px;height:auto\"\/><\/a><\/figure>\n<\/div>\n\n\n<p><strong><mark style=\"background-color:rgba(0, 0, 0, 0)\" class=\"has-inline-color has-black-color\">(Foto de capa: Freepik)<\/mark><\/strong><\/p>\n\n\n\n<p><strong>Fonte: <a href=\"https:\/\/ciclovivo.com.br\/vida-sustentavel\/equilibrio\/uso-precoce-telas-marcas-cerebro\/\">CicloVivo<\/a><\/strong><\/p>\n","protected":false},"excerpt":{"rendered":"<p>A partir de estudos, pediatra comenta como a exposi\u00e7\u00e3o excessiva a telas altera o desenvolvimento cerebral e cria padr\u00f5es de uso dif\u00edceis de reverter As f\u00e9rias escolares costumam alterar a rotina das fam\u00edlias, e um dos primeiros h\u00e1bitos a sair do controle \u00e9 o tempo de tela das crian\u00e7as. Com mais horas livres em casa [&hellip;]<\/p>\n","protected":false},"author":2,"featured_media":64636,"comment_status":"open","ping_status":"open","sticky":false,"template":"","format":"standard","meta":{"footnotes":""},"categories":[2522],"tags":[2336,11530,1042,2607,688,29406,5113],"class_list":["post-64634","post","type-post","status-publish","format-standard","has-post-thumbnail","hentry","category-comportamento","tag-cerebro","tag-conexao","tag-desenvolvimento-infantil","tag-infancia","tag-saude-mental","tag-saude-mental-infantil","tag-telas"],"yoast_head":"<!-- This site is optimized with the Yoast SEO plugin v26.5 - https:\/\/yoast.com\/wordpress\/plugins\/seo\/ -->\n<title>Uso precoce de telas pode deixar marcas duradouras no c\u00e9rebro - Jornal Fatos e Not\u00edcias<\/title>\n<meta name=\"robots\" content=\"index, follow, max-snippet:-1, max-image-preview:large, max-video-preview:-1\" \/>\n<link rel=\"canonical\" href=\"https:\/\/jornalfatosenoticias.com.br\/index.php\/2026\/01\/23\/uso-precoce-de-telas-pode-deixar-marcas-duradouras-no-cerebro\/\" \/>\n<meta property=\"og:locale\" content=\"pt_BR\" \/>\n<meta property=\"og:type\" content=\"article\" \/>\n<meta property=\"og:title\" content=\"Uso precoce de telas pode deixar marcas duradouras no c\u00e9rebro - Jornal Fatos e Not\u00edcias\" \/>\n<meta property=\"og:description\" content=\"A partir de estudos, pediatra comenta como a exposi\u00e7\u00e3o excessiva a telas altera o desenvolvimento cerebral e cria padr\u00f5es de uso dif\u00edceis de reverter As f\u00e9rias escolares costumam alterar a rotina das fam\u00edlias, e um dos primeiros h\u00e1bitos a sair do controle \u00e9 o tempo de tela das crian\u00e7as. Com mais horas livres em casa [&hellip;]\" \/>\n<meta property=\"og:url\" content=\"https:\/\/jornalfatosenoticias.com.br\/index.php\/2026\/01\/23\/uso-precoce-de-telas-pode-deixar-marcas-duradouras-no-cerebro\/\" \/>\n<meta property=\"og:site_name\" content=\"Jornal Fatos e Not\u00edcias\" \/>\n<meta property=\"article:published_time\" content=\"2026-01-23T18:04:00+00:00\" \/>\n<meta property=\"article:modified_time\" content=\"2026-01-23T18:04:02+00:00\" \/>\n<meta property=\"og:image\" content=\"https:\/\/jornalfatosenoticias.com.br\/wp-content\/uploads\/2026\/01\/telas2_freepik.jpg\" \/>\n\t<meta property=\"og:image:width\" content=\"1000\" \/>\n\t<meta property=\"og:image:height\" content=\"562\" \/>\n\t<meta property=\"og:image:type\" content=\"image\/jpeg\" \/>\n<meta name=\"author\" content=\"Luzimara Fernandes\" \/>\n<meta name=\"twitter:card\" content=\"summary_large_image\" \/>\n<meta name=\"twitter:label1\" content=\"Escrito por\" \/>\n\t<meta name=\"twitter:data1\" content=\"Luzimara Fernandes\" \/>\n\t<meta name=\"twitter:label2\" content=\"Est. tempo de leitura\" \/>\n\t<meta name=\"twitter:data2\" content=\"5 minutos\" \/>\n<script type=\"application\/ld+json\" class=\"yoast-schema-graph\">{\"@context\":\"https:\/\/schema.org\",\"@graph\":[{\"@type\":\"Article\",\"@id\":\"https:\/\/jornalfatosenoticias.com.br\/index.php\/2026\/01\/23\/uso-precoce-de-telas-pode-deixar-marcas-duradouras-no-cerebro\/#article\",\"isPartOf\":{\"@id\":\"https:\/\/jornalfatosenoticias.com.br\/index.php\/2026\/01\/23\/uso-precoce-de-telas-pode-deixar-marcas-duradouras-no-cerebro\/\"},\"author\":{\"name\":\"Luzimara Fernandes\",\"@id\":\"https:\/\/jornalfatosenoticias.com.br\/#\/schema\/person\/d63837fa13ac8666eb9e74e0985d6f81\"},\"headline\":\"Uso precoce de telas pode deixar marcas duradouras no c\u00e9rebro\",\"datePublished\":\"2026-01-23T18:04:00+00:00\",\"dateModified\":\"2026-01-23T18:04:02+00:00\",\"mainEntityOfPage\":{\"@id\":\"https:\/\/jornalfatosenoticias.com.br\/index.php\/2026\/01\/23\/uso-precoce-de-telas-pode-deixar-marcas-duradouras-no-cerebro\/\"},\"wordCount\":701,\"commentCount\":0,\"publisher\":{\"@id\":\"https:\/\/jornalfatosenoticias.com.br\/#organization\"},\"image\":{\"@id\":\"https:\/\/jornalfatosenoticias.com.br\/index.php\/2026\/01\/23\/uso-precoce-de-telas-pode-deixar-marcas-duradouras-no-cerebro\/#primaryimage\"},\"thumbnailUrl\":\"https:\/\/jornalfatosenoticias.com.br\/wp-content\/uploads\/2026\/01\/telas2_freepik.jpg\",\"keywords\":[\"c\u00e9rebro\",\"conex\u00e3o\",\"desenvolvimento infantil\",\"inf\u00e2ncia\",\"sa\u00fade mental\",\"sa\u00fade mental infantil\",\"telas\"],\"articleSection\":[\"Comportamento &amp; Equil\u00edbrio\"],\"inLanguage\":\"pt-BR\",\"potentialAction\":[{\"@type\":\"CommentAction\",\"name\":\"Comment\",\"target\":[\"https:\/\/jornalfatosenoticias.com.br\/index.php\/2026\/01\/23\/uso-precoce-de-telas-pode-deixar-marcas-duradouras-no-cerebro\/#respond\"]}]},{\"@type\":\"WebPage\",\"@id\":\"https:\/\/jornalfatosenoticias.com.br\/index.php\/2026\/01\/23\/uso-precoce-de-telas-pode-deixar-marcas-duradouras-no-cerebro\/\",\"url\":\"https:\/\/jornalfatosenoticias.com.br\/index.php\/2026\/01\/23\/uso-precoce-de-telas-pode-deixar-marcas-duradouras-no-cerebro\/\",\"name\":\"Uso precoce de telas pode deixar marcas duradouras no c\u00e9rebro - Jornal Fatos e Not\u00edcias\",\"isPartOf\":{\"@id\":\"https:\/\/jornalfatosenoticias.com.br\/#website\"},\"primaryImageOfPage\":{\"@id\":\"https:\/\/jornalfatosenoticias.com.br\/index.php\/2026\/01\/23\/uso-precoce-de-telas-pode-deixar-marcas-duradouras-no-cerebro\/#primaryimage\"},\"image\":{\"@id\":\"https:\/\/jornalfatosenoticias.com.br\/index.php\/2026\/01\/23\/uso-precoce-de-telas-pode-deixar-marcas-duradouras-no-cerebro\/#primaryimage\"},\"thumbnailUrl\":\"https:\/\/jornalfatosenoticias.com.br\/wp-content\/uploads\/2026\/01\/telas2_freepik.jpg\",\"datePublished\":\"2026-01-23T18:04:00+00:00\",\"dateModified\":\"2026-01-23T18:04:02+00:00\",\"breadcrumb\":{\"@id\":\"https:\/\/jornalfatosenoticias.com.br\/index.php\/2026\/01\/23\/uso-precoce-de-telas-pode-deixar-marcas-duradouras-no-cerebro\/#breadcrumb\"},\"inLanguage\":\"pt-BR\",\"potentialAction\":[{\"@type\":\"ReadAction\",\"target\":[\"https:\/\/jornalfatosenoticias.com.br\/index.php\/2026\/01\/23\/uso-precoce-de-telas-pode-deixar-marcas-duradouras-no-cerebro\/\"]}]},{\"@type\":\"ImageObject\",\"inLanguage\":\"pt-BR\",\"@id\":\"https:\/\/jornalfatosenoticias.com.br\/index.php\/2026\/01\/23\/uso-precoce-de-telas-pode-deixar-marcas-duradouras-no-cerebro\/#primaryimage\",\"url\":\"https:\/\/jornalfatosenoticias.com.br\/wp-content\/uploads\/2026\/01\/telas2_freepik.jpg\",\"contentUrl\":\"https:\/\/jornalfatosenoticias.com.br\/wp-content\/uploads\/2026\/01\/telas2_freepik.jpg\",\"width\":1000,\"height\":562},{\"@type\":\"BreadcrumbList\",\"@id\":\"https:\/\/jornalfatosenoticias.com.br\/index.php\/2026\/01\/23\/uso-precoce-de-telas-pode-deixar-marcas-duradouras-no-cerebro\/#breadcrumb\",\"itemListElement\":[{\"@type\":\"ListItem\",\"position\":1,\"name\":\"In\u00edcio\",\"item\":\"https:\/\/jornalfatosenoticias.com.br\/\"},{\"@type\":\"ListItem\",\"position\":2,\"name\":\"Uso precoce de telas pode deixar marcas duradouras no c\u00e9rebro\"}]},{\"@type\":\"WebSite\",\"@id\":\"https:\/\/jornalfatosenoticias.com.br\/#website\",\"url\":\"https:\/\/jornalfatosenoticias.com.br\/\",\"name\":\"Jornal Fatos e Not\u00edcias\",\"description\":\"Not\u00edcias em geral\",\"publisher\":{\"@id\":\"https:\/\/jornalfatosenoticias.com.br\/#organization\"},\"potentialAction\":[{\"@type\":\"SearchAction\",\"target\":{\"@type\":\"EntryPoint\",\"urlTemplate\":\"https:\/\/jornalfatosenoticias.com.br\/?s={search_term_string}\"},\"query-input\":{\"@type\":\"PropertyValueSpecification\",\"valueRequired\":true,\"valueName\":\"search_term_string\"}}],\"inLanguage\":\"pt-BR\"},{\"@type\":\"Organization\",\"@id\":\"https:\/\/jornalfatosenoticias.com.br\/#organization\",\"name\":\"Jornal Fatos e Not\u00edcias\",\"url\":\"https:\/\/jornalfatosenoticias.com.br\/\",\"logo\":{\"@type\":\"ImageObject\",\"inLanguage\":\"pt-BR\",\"@id\":\"https:\/\/jornalfatosenoticias.com.br\/#\/schema\/logo\/image\/\",\"url\":\"https:\/\/jornalfatosenoticias.com.br\/wp-content\/uploads\/2020\/02\/logo120.png\",\"contentUrl\":\"https:\/\/jornalfatosenoticias.com.br\/wp-content\/uploads\/2020\/02\/logo120.png\",\"width\":1227,\"height\":120,\"caption\":\"Jornal Fatos e Not\u00edcias\"},\"image\":{\"@id\":\"https:\/\/jornalfatosenoticias.com.br\/#\/schema\/logo\/image\/\"}},{\"@type\":\"Person\",\"@id\":\"https:\/\/jornalfatosenoticias.com.br\/#\/schema\/person\/d63837fa13ac8666eb9e74e0985d6f81\",\"name\":\"Luzimara Fernandes\",\"image\":{\"@type\":\"ImageObject\",\"inLanguage\":\"pt-BR\",\"@id\":\"https:\/\/jornalfatosenoticias.com.br\/#\/schema\/person\/image\/\",\"url\":\"https:\/\/jornalfatosenoticias.com.br\/wp-content\/uploads\/2025\/05\/EU_portal.jpg\",\"contentUrl\":\"https:\/\/jornalfatosenoticias.com.br\/wp-content\/uploads\/2025\/05\/EU_portal.jpg\",\"caption\":\"Luzimara Fernandes\"},\"description\":\"Jornalista MTB 2358-ES\",\"sameAs\":[\"https:\/\/jornalfatosenoticias.com.br\"],\"url\":\"https:\/\/jornalfatosenoticias.com.br\/index.php\/author\/luzimara\/\"}]}<\/script>\n<!-- \/ Yoast SEO plugin. -->","yoast_head_json":{"title":"Uso precoce de telas pode deixar marcas duradouras no c\u00e9rebro - Jornal Fatos e Not\u00edcias","robots":{"index":"index","follow":"follow","max-snippet":"max-snippet:-1","max-image-preview":"max-image-preview:large","max-video-preview":"max-video-preview:-1"},"canonical":"https:\/\/jornalfatosenoticias.com.br\/index.php\/2026\/01\/23\/uso-precoce-de-telas-pode-deixar-marcas-duradouras-no-cerebro\/","og_locale":"pt_BR","og_type":"article","og_title":"Uso precoce de telas pode deixar marcas duradouras no c\u00e9rebro - Jornal Fatos e Not\u00edcias","og_description":"A partir de estudos, pediatra comenta como a exposi\u00e7\u00e3o excessiva a telas altera o desenvolvimento cerebral e cria padr\u00f5es de uso dif\u00edceis de reverter As f\u00e9rias escolares costumam alterar a rotina das fam\u00edlias, e um dos primeiros h\u00e1bitos a sair do controle \u00e9 o tempo de tela das crian\u00e7as. Com mais horas livres em casa [&hellip;]","og_url":"https:\/\/jornalfatosenoticias.com.br\/index.php\/2026\/01\/23\/uso-precoce-de-telas-pode-deixar-marcas-duradouras-no-cerebro\/","og_site_name":"Jornal Fatos e Not\u00edcias","article_published_time":"2026-01-23T18:04:00+00:00","article_modified_time":"2026-01-23T18:04:02+00:00","og_image":[{"width":1000,"height":562,"url":"https:\/\/jornalfatosenoticias.com.br\/wp-content\/uploads\/2026\/01\/telas2_freepik.jpg","type":"image\/jpeg"}],"author":"Luzimara Fernandes","twitter_card":"summary_large_image","twitter_misc":{"Escrito por":"Luzimara Fernandes","Est. tempo de leitura":"5 minutos"},"schema":{"@context":"https:\/\/schema.org","@graph":[{"@type":"Article","@id":"https:\/\/jornalfatosenoticias.com.br\/index.php\/2026\/01\/23\/uso-precoce-de-telas-pode-deixar-marcas-duradouras-no-cerebro\/#article","isPartOf":{"@id":"https:\/\/jornalfatosenoticias.com.br\/index.php\/2026\/01\/23\/uso-precoce-de-telas-pode-deixar-marcas-duradouras-no-cerebro\/"},"author":{"name":"Luzimara Fernandes","@id":"https:\/\/jornalfatosenoticias.com.br\/#\/schema\/person\/d63837fa13ac8666eb9e74e0985d6f81"},"headline":"Uso precoce de telas pode deixar marcas duradouras no c\u00e9rebro","datePublished":"2026-01-23T18:04:00+00:00","dateModified":"2026-01-23T18:04:02+00:00","mainEntityOfPage":{"@id":"https:\/\/jornalfatosenoticias.com.br\/index.php\/2026\/01\/23\/uso-precoce-de-telas-pode-deixar-marcas-duradouras-no-cerebro\/"},"wordCount":701,"commentCount":0,"publisher":{"@id":"https:\/\/jornalfatosenoticias.com.br\/#organization"},"image":{"@id":"https:\/\/jornalfatosenoticias.com.br\/index.php\/2026\/01\/23\/uso-precoce-de-telas-pode-deixar-marcas-duradouras-no-cerebro\/#primaryimage"},"thumbnailUrl":"https:\/\/jornalfatosenoticias.com.br\/wp-content\/uploads\/2026\/01\/telas2_freepik.jpg","keywords":["c\u00e9rebro","conex\u00e3o","desenvolvimento infantil","inf\u00e2ncia","sa\u00fade mental","sa\u00fade mental infantil","telas"],"articleSection":["Comportamento &amp; Equil\u00edbrio"],"inLanguage":"pt-BR","potentialAction":[{"@type":"CommentAction","name":"Comment","target":["https:\/\/jornalfatosenoticias.com.br\/index.php\/2026\/01\/23\/uso-precoce-de-telas-pode-deixar-marcas-duradouras-no-cerebro\/#respond"]}]},{"@type":"WebPage","@id":"https:\/\/jornalfatosenoticias.com.br\/index.php\/2026\/01\/23\/uso-precoce-de-telas-pode-deixar-marcas-duradouras-no-cerebro\/","url":"https:\/\/jornalfatosenoticias.com.br\/index.php\/2026\/01\/23\/uso-precoce-de-telas-pode-deixar-marcas-duradouras-no-cerebro\/","name":"Uso precoce de telas pode deixar marcas duradouras no c\u00e9rebro - Jornal Fatos e Not\u00edcias","isPartOf":{"@id":"https:\/\/jornalfatosenoticias.com.br\/#website"},"primaryImageOfPage":{"@id":"https:\/\/jornalfatosenoticias.com.br\/index.php\/2026\/01\/23\/uso-precoce-de-telas-pode-deixar-marcas-duradouras-no-cerebro\/#primaryimage"},"image":{"@id":"https:\/\/jornalfatosenoticias.com.br\/index.php\/2026\/01\/23\/uso-precoce-de-telas-pode-deixar-marcas-duradouras-no-cerebro\/#primaryimage"},"thumbnailUrl":"https:\/\/jornalfatosenoticias.com.br\/wp-content\/uploads\/2026\/01\/telas2_freepik.jpg","datePublished":"2026-01-23T18:04:00+00:00","dateModified":"2026-01-23T18:04:02+00:00","breadcrumb":{"@id":"https:\/\/jornalfatosenoticias.com.br\/index.php\/2026\/01\/23\/uso-precoce-de-telas-pode-deixar-marcas-duradouras-no-cerebro\/#breadcrumb"},"inLanguage":"pt-BR","potentialAction":[{"@type":"ReadAction","target":["https:\/\/jornalfatosenoticias.com.br\/index.php\/2026\/01\/23\/uso-precoce-de-telas-pode-deixar-marcas-duradouras-no-cerebro\/"]}]},{"@type":"ImageObject","inLanguage":"pt-BR","@id":"https:\/\/jornalfatosenoticias.com.br\/index.php\/2026\/01\/23\/uso-precoce-de-telas-pode-deixar-marcas-duradouras-no-cerebro\/#primaryimage","url":"https:\/\/jornalfatosenoticias.com.br\/wp-content\/uploads\/2026\/01\/telas2_freepik.jpg","contentUrl":"https:\/\/jornalfatosenoticias.com.br\/wp-content\/uploads\/2026\/01\/telas2_freepik.jpg","width":1000,"height":562},{"@type":"BreadcrumbList","@id":"https:\/\/jornalfatosenoticias.com.br\/index.php\/2026\/01\/23\/uso-precoce-de-telas-pode-deixar-marcas-duradouras-no-cerebro\/#breadcrumb","itemListElement":[{"@type":"ListItem","position":1,"name":"In\u00edcio","item":"https:\/\/jornalfatosenoticias.com.br\/"},{"@type":"ListItem","position":2,"name":"Uso precoce de telas pode deixar marcas duradouras no c\u00e9rebro"}]},{"@type":"WebSite","@id":"https:\/\/jornalfatosenoticias.com.br\/#website","url":"https:\/\/jornalfatosenoticias.com.br\/","name":"Jornal Fatos e Not\u00edcias","description":"Not\u00edcias em geral","publisher":{"@id":"https:\/\/jornalfatosenoticias.com.br\/#organization"},"potentialAction":[{"@type":"SearchAction","target":{"@type":"EntryPoint","urlTemplate":"https:\/\/jornalfatosenoticias.com.br\/?s={search_term_string}"},"query-input":{"@type":"PropertyValueSpecification","valueRequired":true,"valueName":"search_term_string"}}],"inLanguage":"pt-BR"},{"@type":"Organization","@id":"https:\/\/jornalfatosenoticias.com.br\/#organization","name":"Jornal Fatos e Not\u00edcias","url":"https:\/\/jornalfatosenoticias.com.br\/","logo":{"@type":"ImageObject","inLanguage":"pt-BR","@id":"https:\/\/jornalfatosenoticias.com.br\/#\/schema\/logo\/image\/","url":"https:\/\/jornalfatosenoticias.com.br\/wp-content\/uploads\/2020\/02\/logo120.png","contentUrl":"https:\/\/jornalfatosenoticias.com.br\/wp-content\/uploads\/2020\/02\/logo120.png","width":1227,"height":120,"caption":"Jornal Fatos e Not\u00edcias"},"image":{"@id":"https:\/\/jornalfatosenoticias.com.br\/#\/schema\/logo\/image\/"}},{"@type":"Person","@id":"https:\/\/jornalfatosenoticias.com.br\/#\/schema\/person\/d63837fa13ac8666eb9e74e0985d6f81","name":"Luzimara Fernandes","image":{"@type":"ImageObject","inLanguage":"pt-BR","@id":"https:\/\/jornalfatosenoticias.com.br\/#\/schema\/person\/image\/","url":"https:\/\/jornalfatosenoticias.com.br\/wp-content\/uploads\/2025\/05\/EU_portal.jpg","contentUrl":"https:\/\/jornalfatosenoticias.com.br\/wp-content\/uploads\/2025\/05\/EU_portal.jpg","caption":"Luzimara Fernandes"},"description":"Jornalista MTB 2358-ES","sameAs":["https:\/\/jornalfatosenoticias.com.br"],"url":"https:\/\/jornalfatosenoticias.com.br\/index.php\/author\/luzimara\/"}]}},"cc_featured_image_caption":{"caption_text":"","source_text":"","source_url":""},"jetpack_featured_media_url":"https:\/\/jornalfatosenoticias.com.br\/wp-content\/uploads\/2026\/01\/telas2_freepik.jpg","_links":{"self":[{"href":"https:\/\/jornalfatosenoticias.com.br\/index.php\/wp-json\/wp\/v2\/posts\/64634","targetHints":{"allow":["GET"]}}],"collection":[{"href":"https:\/\/jornalfatosenoticias.com.br\/index.php\/wp-json\/wp\/v2\/posts"}],"about":[{"href":"https:\/\/jornalfatosenoticias.com.br\/index.php\/wp-json\/wp\/v2\/types\/post"}],"author":[{"embeddable":true,"href":"https:\/\/jornalfatosenoticias.com.br\/index.php\/wp-json\/wp\/v2\/users\/2"}],"replies":[{"embeddable":true,"href":"https:\/\/jornalfatosenoticias.com.br\/index.php\/wp-json\/wp\/v2\/comments?post=64634"}],"version-history":[{"count":1,"href":"https:\/\/jornalfatosenoticias.com.br\/index.php\/wp-json\/wp\/v2\/posts\/64634\/revisions"}],"predecessor-version":[{"id":64637,"href":"https:\/\/jornalfatosenoticias.com.br\/index.php\/wp-json\/wp\/v2\/posts\/64634\/revisions\/64637"}],"wp:featuredmedia":[{"embeddable":true,"href":"https:\/\/jornalfatosenoticias.com.br\/index.php\/wp-json\/wp\/v2\/media\/64636"}],"wp:attachment":[{"href":"https:\/\/jornalfatosenoticias.com.br\/index.php\/wp-json\/wp\/v2\/media?parent=64634"}],"wp:term":[{"taxonomy":"category","embeddable":true,"href":"https:\/\/jornalfatosenoticias.com.br\/index.php\/wp-json\/wp\/v2\/categories?post=64634"},{"taxonomy":"post_tag","embeddable":true,"href":"https:\/\/jornalfatosenoticias.com.br\/index.php\/wp-json\/wp\/v2\/tags?post=64634"}],"curies":[{"name":"wp","href":"https:\/\/api.w.org\/{rel}","templated":true}]}}