{"id":64638,"date":"2026-01-23T15:17:05","date_gmt":"2026-01-23T18:17:05","guid":{"rendered":"https:\/\/jornalfatosenoticias.com.br\/?p=64638"},"modified":"2026-01-23T15:17:43","modified_gmt":"2026-01-23T18:17:43","slug":"antigo-armazem-de-la-e-transformado-em-centro-comunitario","status":"publish","type":"post","link":"https:\/\/jornalfatosenoticias.com.br\/index.php\/2026\/01\/23\/antigo-armazem-de-la-e-transformado-em-centro-comunitario\/","title":{"rendered":"Antigo armaz\u00e9m de l\u00e3 \u00e9 transformado em centro comunit\u00e1rio, na Austr\u00e1lia"},"content":{"rendered":"\n<p><em><mark style=\"background-color:rgba(0, 0, 0, 0)\" class=\"has-inline-color has-black-color\">Com interven\u00e7\u00e3o m\u00ednima, \u00e1rea industrial subutilizada foi convertida em espa\u00e7o vibrante de uso misto<\/mark><\/em><\/p>\n\n\n\n<p><mark style=\"background-color:rgba(0, 0, 0, 0)\" class=\"has-inline-color has-black-color\">Por <strong><a href=\"https:\/\/ciclovivo.com.br\/author\/marcia-sousa\/\">Marcia Sousa<\/a><\/strong><\/mark><\/p>\n\n\n<div class=\"wp-block-image\">\n<figure class=\"aligncenter size-large\"><a href=\"https:\/\/panper.com.br\/\"><img loading=\"lazy\" decoding=\"async\" width=\"1024\" height=\"111\" src=\"https:\/\/jornalfatosenoticias.com.br\/wp-content\/uploads\/2020\/02\/WhatsApp-Image-2022-09-23-at-12.09.18-1024x111.jpeg\" alt=\"\" class=\"wp-image-34527\" srcset=\"https:\/\/jornalfatosenoticias.com.br\/wp-content\/uploads\/2020\/02\/WhatsApp-Image-2022-09-23-at-12.09.18-1024x111.jpeg 1024w, https:\/\/jornalfatosenoticias.com.br\/wp-content\/uploads\/2020\/02\/WhatsApp-Image-2022-09-23-at-12.09.18-300x32.jpeg 300w, https:\/\/jornalfatosenoticias.com.br\/wp-content\/uploads\/2020\/02\/WhatsApp-Image-2022-09-23-at-12.09.18-768x83.jpeg 768w, https:\/\/jornalfatosenoticias.com.br\/wp-content\/uploads\/2020\/02\/WhatsApp-Image-2022-09-23-at-12.09.18.jpeg 1121w\" sizes=\"auto, (max-width: 1024px) 100vw, 1024px\" \/><\/a><\/figure>\n<\/div>\n\n\n<p>Resgatar edif\u00edcios hist\u00f3ricos, devolvendo-os \u00e0 paisagem urbana, mas levando em conta a sustentabilidade da obra \u00e9 um dos desafios contempor\u00e2neos. Em Melbourne, na Austr\u00e1lia, um bom exemplo recente \u00e9 a revitaliza\u00e7\u00e3o de um antigo armaz\u00e9m de l\u00e3 transformado em um vibrante centro comunit\u00e1rio de uso misto. O projeto resultou em uma redu\u00e7\u00e3o de 84% no carbono incorporado.<br>Desenvolvido pelo escrit\u00f3rio Woods Bagot, o edif\u00edcio Younghusband \u00e9 uma joia da arquitetura industrial vitoriana do in\u00edcio do s\u00e9culo XX, com suas vastas estruturas de tijolos vermelhos, placas originais desgastadas e um telhado em dente de serra caracter\u00edstico. Com mais de 120 anos de hist\u00f3ria, \u00e9 um dos poucos exemplos remanescentes de seu tipo.<br>Em 17 mil metros quadrados, a constru\u00e7\u00e3o possui amplos espa\u00e7os internos, p\u00e1tina natural e vest\u00edgios de elementos rurais. A empresa de arquitetura respons\u00e1vel percebeu que tais elementos criavam um espa\u00e7o urbano \u00fanico para morar, trabalhar e socializar. Foi exatamente com tal conceito que decidiu trabalhar ao transform\u00e1-lo em centro comunit\u00e1rio de uso misto, devolvendo aos moradores um valioso espa\u00e7o na periferia da cidade.<br>Nos \u00faltimos anos, o pr\u00e9dio tem servido a diversos fins, desde um dep\u00f3sito de figurinos para o Bal\u00e9 Australiano at\u00e9 um espa\u00e7o de est\u00fadio para empreendimentos art\u00edsticos independentes. Desde 2016, os arquitetos da Woods Bagot t\u00eam mantido contato regular com a comunidade durante o processo de renova\u00e7\u00e3o e restaura\u00e7\u00e3o do edif\u00edcio.<\/p>\n\n\n<div class=\"wp-block-image\">\n<figure class=\"aligncenter size-full\"><img loading=\"lazy\" decoding=\"async\" width=\"1000\" height=\"666\" src=\"https:\/\/jornalfatosenoticias.com.br\/wp-content\/uploads\/2026\/01\/centro-comunitario-ciclovivo2.jpg\" alt=\"\" class=\"wp-image-64639\" srcset=\"https:\/\/jornalfatosenoticias.com.br\/wp-content\/uploads\/2026\/01\/centro-comunitario-ciclovivo2.jpg 1000w, https:\/\/jornalfatosenoticias.com.br\/wp-content\/uploads\/2026\/01\/centro-comunitario-ciclovivo2-300x200.jpg 300w, https:\/\/jornalfatosenoticias.com.br\/wp-content\/uploads\/2026\/01\/centro-comunitario-ciclovivo2-768x511.jpg 768w\" sizes=\"auto, (max-width: 1000px) 100vw, 1000px\" \/><figcaption class=\"wp-element-caption\"><em><mark style=\"background-color:rgba(0, 0, 0, 0)\" class=\"has-inline-color has-black-color\">(Foto: Reprodu\u00e7\u00e3o\/CicloVivo)<\/mark><\/em><\/figcaption><\/figure>\n<\/div>\n\n\n<p><strong><mark style=\"background-color:rgba(0, 0, 0, 0)\" class=\"has-inline-color has-vivid-purple-color\">Interven\u00e7\u00e3o para inclus\u00e3o<br><\/mark><\/strong>A chamada \u201creutiliza\u00e7\u00e3o adaptativa\u201d consistiu n\u00e3o somente em preservar uma hist\u00f3ria, mas tamb\u00e9m em incluir estruturas que antes eram negligenciadas. Mas, como garantir seguran\u00e7a e acessibilidade sem comprometer um rico patrim\u00f4nio? Adequar-se \u00e0s normas vigentes, \u00e9 um dos maiores desafios de edif\u00edcios antigos, mas \u00e9 uma medida essencial para que sejam <a href=\"https:\/\/ciclovivo.com.br\/arq-urb\/urbanismo\/guia-traz-ideias-para-parques-urbanos-mais-inclusivos\/\" target=\"_blank\" rel=\"noreferrer noopener\">espa\u00e7os inclusivos<\/a> a todos.<br>As interven\u00e7\u00f5es incluem elevadores modernos de vidro e passarelas suspensas, que melhoram o acesso e dinamizam o espa\u00e7o interior. Os paralelep\u00edpedos originais em corredores do terreno foram individualmente removidos, aplainados e reinstalados para melhorar a acessibilidade para cadeiras de rodas, carrinhos de beb\u00ea e bicicletas.<\/p>\n\n\n<div class=\"wp-block-image\">\n<figure class=\"aligncenter size-large is-resized\"><a href=\"https:\/\/www.facebook.com\/profile.php?id=100069289606145\"><img loading=\"lazy\" decoding=\"async\" width=\"1024\" height=\"714\" src=\"https:\/\/jornalfatosenoticias.com.br\/wp-content\/uploads\/2024\/11\/Guaitolini-Contabilidade-1024x714.jpeg\" alt=\"\" class=\"wp-image-55808\" style=\"aspect-ratio:1.4341815811629233;width:349px;height:auto\" srcset=\"https:\/\/jornalfatosenoticias.com.br\/wp-content\/uploads\/2024\/11\/Guaitolini-Contabilidade-1024x714.jpeg 1024w, https:\/\/jornalfatosenoticias.com.br\/wp-content\/uploads\/2024\/11\/Guaitolini-Contabilidade-300x209.jpeg 300w, https:\/\/jornalfatosenoticias.com.br\/wp-content\/uploads\/2024\/11\/Guaitolini-Contabilidade-768x535.jpeg 768w, https:\/\/jornalfatosenoticias.com.br\/wp-content\/uploads\/2024\/11\/Guaitolini-Contabilidade.jpeg 1280w\" sizes=\"auto, (max-width: 1024px) 100vw, 1024px\" \/><\/a><\/figure>\n<\/div>\n\n\n<p>O projeto tamb\u00e9m prioriza o benef\u00edcio da comunidade por meio da integra\u00e7\u00e3o de espa\u00e7os p\u00fablicos, conectividade para pedestres e instala\u00e7\u00f5es que incentivam a intera\u00e7\u00e3o social. M\u00faltiplos pontos de acesso foram cuidadosamente planejados para proporcionar conex\u00f5es, convidando \u00e0 colabora\u00e7\u00e3o entre os setores p\u00fablico e privado. Fundamental para o projeto foi a cria\u00e7\u00e3o de uma \u201cpra\u00e7a p\u00fablica\u201d, estrategicamente localizada no cora\u00e7\u00e3o do bairro, oferecendo assentos em estilo audit\u00f3rio com muita luz natural \u2014 um espa\u00e7o para as pessoas se encontrarem, compartilharem experi\u00eancias, socializarem e se conectarem. A pra\u00e7a p\u00fablica se conecta ao novo corredor ferrovi\u00e1rio revitalizado, uma via compartilhada para pedestres e ciclistas com paisagismo.<\/p>\n\n\n<div class=\"wp-block-image\">\n<figure class=\"aligncenter size-full is-resized\"><a href=\"https:\/\/www.controlsystems.com.br\/\"><img loading=\"lazy\" decoding=\"async\" width=\"834\" height=\"1000\" src=\"https:\/\/jornalfatosenoticias.com.br\/wp-content\/uploads\/2020\/02\/CONTROL-CS.jpg\" alt=\"\" class=\"wp-image-44991\" style=\"aspect-ratio:0.8339861023373342;width:302px;height:auto\" srcset=\"https:\/\/jornalfatosenoticias.com.br\/wp-content\/uploads\/2020\/02\/CONTROL-CS.jpg 834w, https:\/\/jornalfatosenoticias.com.br\/wp-content\/uploads\/2020\/02\/CONTROL-CS-250x300.jpg 250w, https:\/\/jornalfatosenoticias.com.br\/wp-content\/uploads\/2020\/02\/CONTROL-CS-768x921.jpg 768w\" sizes=\"auto, (max-width: 834px) 100vw, 834px\" \/><\/a><\/figure>\n<\/div>\n\n\n<p><strong><mark style=\"background-color:rgba(0, 0, 0, 0)\" class=\"has-inline-color has-vivid-purple-color\">Reutiliza\u00e7\u00e3o de materiais<br><\/mark><\/strong>Os arquitetos adotaram uma abordagem circular abrangente para a constru\u00e7\u00e3o do projeto, adicionando apenas o necess\u00e1rio e removendo somente quando absolutamente imprescind\u00edvel. A maioria dos materiais existentes foi preservada, com melhorias no telhado, janelas e entradas para otimizar o desempenho t\u00e9rmico. Os materiais considerados \u201cdescart\u00e1veis\u201d foram reaproveitados em outras partes da obra. Por exemplo, as vigas de madeira de pinho removidas foram recuperadas durante a reforma e transformadas em corrim\u00e3os na \u00e1rea p\u00fablica e em passarelas de liga\u00e7\u00e3o. A madeira proveniente da obra foi despregada e aplainada por marceneiros locais e reintegrada \u00e0 reforma.<br>A reutiliza\u00e7\u00e3o de materiais em Younghusband resultou em uma redu\u00e7\u00e3o de 84% no carbono incorporado em compara\u00e7\u00e3o com edif\u00edcios de refer\u00eancia semelhantes (equivalente a 11.335.000 kg de economia de carbono). O pr\u00e9dio tamb\u00e9m possui um sistema de energia solar fotovoltaica de 330 kW no telhado e <a href=\"https:\/\/ciclovivo.com.br\/inovacao\/tecnologia\/baterias-de-carros-eletricos-viram-sistema-de-armazenamento-de-energia\/\" target=\"_blank\" rel=\"noreferrer noopener\">armazenamento em baterias<\/a> para complementar as necessidades el\u00e9tricas do edif\u00edcio. Equipamentos eficientes reduziram o consumo de energia do edif\u00edcio em 34%, e o complexo \u00e9 totalmente neutro em carbono em sua opera\u00e7\u00e3o.<br>Um reservat\u00f3rio de coleta de \u00e1gua da chuva abastece a irriga\u00e7\u00e3o paisag\u00edstica e as descargas dos vasos sanit\u00e1rios e, juntamente com acess\u00f3rios e equipamentos eficientes, o consumo de \u00e1gua pot\u00e1vel do edif\u00edcio foi reduzido em 25% em compara\u00e7\u00e3o com um edif\u00edcio de refer\u00eancia t\u00edpico. Desta forma, uma paisagem industrial antes subutilizada agora \u00e9 apta para celebrar a identidade cultural de Melbourne conectando-a \u00e0s futuras gera\u00e7\u00f5es.<\/p>\n\n\n<div class=\"wp-block-image\">\n<figure class=\"aligncenter size-full\"><a href=\"http:\/\/www.ferrarimaquinas.com.br\/\"><img loading=\"lazy\" decoding=\"async\" width=\"300\" height=\"250\" src=\"https:\/\/jornalfatosenoticias.com.br\/wp-content\/uploads\/2022\/02\/FERRARI_MAQUINAS-E-FERRAMENTAS2.jpg\" alt=\"\" class=\"wp-image-27860\"\/><\/a><\/figure>\n<\/div>\n\n\n<p><strong><mark style=\"background-color:rgba(0, 0, 0, 0)\" class=\"has-inline-color has-black-color\">(Foto de capa: Reprodu\u00e7\u00e3o\/CicloVivo)<\/mark><\/strong><\/p>\n\n\n\n<p><strong>Fonte: <a href=\"https:\/\/ciclovivo.com.br\/arq-urb\/arquitetura\/armazem-de-la-centro-comunitario\/\">CicloVivo<\/a><\/strong><\/p>\n","protected":false},"excerpt":{"rendered":"<p>Com interven\u00e7\u00e3o m\u00ednima, \u00e1rea industrial subutilizada foi convertida em espa\u00e7o vibrante de uso misto Por Marcia Sousa Resgatar edif\u00edcios hist\u00f3ricos, devolvendo-os \u00e0 paisagem urbana, mas levando em conta a sustentabilidade da obra \u00e9 um dos desafios contempor\u00e2neos. Em Melbourne, na Austr\u00e1lia, um bom exemplo recente \u00e9 a revitaliza\u00e7\u00e3o de um antigo armaz\u00e9m de l\u00e3 transformado [&hellip;]<\/p>\n","protected":false},"author":2,"featured_media":64640,"comment_status":"open","ping_status":"open","sticky":false,"template":"","format":"standard","meta":{"footnotes":""},"categories":[744],"tags":[5940,7376,1375,29407,29408,3368,29409],"class_list":["post-64638","post","type-post","status-publish","format-standard","has-post-thumbnail","hentry","category-arq-urbanismo","tag-adaptacao","tag-arquitetura-sustentavel","tag-australia","tag-centro-comunitario","tag-melbourne","tag-paisagismo","tag-reutilizacao"],"yoast_head":"<!-- This site is optimized with the Yoast SEO plugin v26.5 - https:\/\/yoast.com\/wordpress\/plugins\/seo\/ -->\n<title>Antigo armaz\u00e9m de l\u00e3 \u00e9 transformado em centro comunit\u00e1rio, na Austr\u00e1lia - Jornal Fatos e Not\u00edcias<\/title>\n<meta name=\"robots\" content=\"index, follow, max-snippet:-1, max-image-preview:large, max-video-preview:-1\" \/>\n<link rel=\"canonical\" href=\"https:\/\/jornalfatosenoticias.com.br\/index.php\/2026\/01\/23\/antigo-armazem-de-la-e-transformado-em-centro-comunitario\/\" \/>\n<meta property=\"og:locale\" content=\"pt_BR\" \/>\n<meta property=\"og:type\" content=\"article\" \/>\n<meta property=\"og:title\" content=\"Antigo armaz\u00e9m de l\u00e3 \u00e9 transformado em centro comunit\u00e1rio, na Austr\u00e1lia - Jornal Fatos e Not\u00edcias\" \/>\n<meta property=\"og:description\" content=\"Com interven\u00e7\u00e3o m\u00ednima, \u00e1rea industrial subutilizada foi convertida em espa\u00e7o vibrante de uso misto Por Marcia Sousa Resgatar edif\u00edcios hist\u00f3ricos, devolvendo-os \u00e0 paisagem urbana, mas levando em conta a sustentabilidade da obra \u00e9 um dos desafios contempor\u00e2neos. Em Melbourne, na Austr\u00e1lia, um bom exemplo recente \u00e9 a revitaliza\u00e7\u00e3o de um antigo armaz\u00e9m de l\u00e3 transformado [&hellip;]\" \/>\n<meta property=\"og:url\" content=\"https:\/\/jornalfatosenoticias.com.br\/index.php\/2026\/01\/23\/antigo-armazem-de-la-e-transformado-em-centro-comunitario\/\" \/>\n<meta property=\"og:site_name\" content=\"Jornal Fatos e Not\u00edcias\" \/>\n<meta property=\"article:published_time\" content=\"2026-01-23T18:17:05+00:00\" \/>\n<meta property=\"article:modified_time\" content=\"2026-01-23T18:17:43+00:00\" \/>\n<meta property=\"og:image\" content=\"https:\/\/jornalfatosenoticias.com.br\/wp-content\/uploads\/2026\/01\/centro-comunitario.webp\" \/>\n\t<meta property=\"og:image:width\" content=\"1200\" \/>\n\t<meta property=\"og:image:height\" content=\"800\" \/>\n\t<meta property=\"og:image:type\" content=\"image\/webp\" \/>\n<meta name=\"author\" content=\"Luzimara Fernandes\" \/>\n<meta name=\"twitter:card\" content=\"summary_large_image\" \/>\n<meta name=\"twitter:label1\" content=\"Escrito por\" \/>\n\t<meta name=\"twitter:data1\" content=\"Luzimara Fernandes\" \/>\n\t<meta name=\"twitter:label2\" content=\"Est. tempo de leitura\" \/>\n\t<meta name=\"twitter:data2\" content=\"6 minutos\" \/>\n<script type=\"application\/ld+json\" class=\"yoast-schema-graph\">{\"@context\":\"https:\/\/schema.org\",\"@graph\":[{\"@type\":\"Article\",\"@id\":\"https:\/\/jornalfatosenoticias.com.br\/index.php\/2026\/01\/23\/antigo-armazem-de-la-e-transformado-em-centro-comunitario\/#article\",\"isPartOf\":{\"@id\":\"https:\/\/jornalfatosenoticias.com.br\/index.php\/2026\/01\/23\/antigo-armazem-de-la-e-transformado-em-centro-comunitario\/\"},\"author\":{\"name\":\"Luzimara Fernandes\",\"@id\":\"https:\/\/jornalfatosenoticias.com.br\/#\/schema\/person\/d63837fa13ac8666eb9e74e0985d6f81\"},\"headline\":\"Antigo armaz\u00e9m de l\u00e3 \u00e9 transformado em centro comunit\u00e1rio, na Austr\u00e1lia\",\"datePublished\":\"2026-01-23T18:17:05+00:00\",\"dateModified\":\"2026-01-23T18:17:43+00:00\",\"mainEntityOfPage\":{\"@id\":\"https:\/\/jornalfatosenoticias.com.br\/index.php\/2026\/01\/23\/antigo-armazem-de-la-e-transformado-em-centro-comunitario\/\"},\"wordCount\":793,\"commentCount\":0,\"publisher\":{\"@id\":\"https:\/\/jornalfatosenoticias.com.br\/#organization\"},\"image\":{\"@id\":\"https:\/\/jornalfatosenoticias.com.br\/index.php\/2026\/01\/23\/antigo-armazem-de-la-e-transformado-em-centro-comunitario\/#primaryimage\"},\"thumbnailUrl\":\"https:\/\/jornalfatosenoticias.com.br\/wp-content\/uploads\/2026\/01\/centro-comunitario.webp\",\"keywords\":[\"adapta\u00e7\u00e3o\",\"arquitetura sustent\u00e1vel\",\"Austr\u00e1lia\",\"centro comunit\u00e1rio\",\"Melbourne\",\"paisagismo\",\"reutiliza\u00e7\u00e3o\"],\"articleSection\":[\"Arq &amp; Urb\"],\"inLanguage\":\"pt-BR\",\"potentialAction\":[{\"@type\":\"CommentAction\",\"name\":\"Comment\",\"target\":[\"https:\/\/jornalfatosenoticias.com.br\/index.php\/2026\/01\/23\/antigo-armazem-de-la-e-transformado-em-centro-comunitario\/#respond\"]}]},{\"@type\":\"WebPage\",\"@id\":\"https:\/\/jornalfatosenoticias.com.br\/index.php\/2026\/01\/23\/antigo-armazem-de-la-e-transformado-em-centro-comunitario\/\",\"url\":\"https:\/\/jornalfatosenoticias.com.br\/index.php\/2026\/01\/23\/antigo-armazem-de-la-e-transformado-em-centro-comunitario\/\",\"name\":\"Antigo armaz\u00e9m de l\u00e3 \u00e9 transformado em centro comunit\u00e1rio, na Austr\u00e1lia - Jornal Fatos e Not\u00edcias\",\"isPartOf\":{\"@id\":\"https:\/\/jornalfatosenoticias.com.br\/#website\"},\"primaryImageOfPage\":{\"@id\":\"https:\/\/jornalfatosenoticias.com.br\/index.php\/2026\/01\/23\/antigo-armazem-de-la-e-transformado-em-centro-comunitario\/#primaryimage\"},\"image\":{\"@id\":\"https:\/\/jornalfatosenoticias.com.br\/index.php\/2026\/01\/23\/antigo-armazem-de-la-e-transformado-em-centro-comunitario\/#primaryimage\"},\"thumbnailUrl\":\"https:\/\/jornalfatosenoticias.com.br\/wp-content\/uploads\/2026\/01\/centro-comunitario.webp\",\"datePublished\":\"2026-01-23T18:17:05+00:00\",\"dateModified\":\"2026-01-23T18:17:43+00:00\",\"breadcrumb\":{\"@id\":\"https:\/\/jornalfatosenoticias.com.br\/index.php\/2026\/01\/23\/antigo-armazem-de-la-e-transformado-em-centro-comunitario\/#breadcrumb\"},\"inLanguage\":\"pt-BR\",\"potentialAction\":[{\"@type\":\"ReadAction\",\"target\":[\"https:\/\/jornalfatosenoticias.com.br\/index.php\/2026\/01\/23\/antigo-armazem-de-la-e-transformado-em-centro-comunitario\/\"]}]},{\"@type\":\"ImageObject\",\"inLanguage\":\"pt-BR\",\"@id\":\"https:\/\/jornalfatosenoticias.com.br\/index.php\/2026\/01\/23\/antigo-armazem-de-la-e-transformado-em-centro-comunitario\/#primaryimage\",\"url\":\"https:\/\/jornalfatosenoticias.com.br\/wp-content\/uploads\/2026\/01\/centro-comunitario.webp\",\"contentUrl\":\"https:\/\/jornalfatosenoticias.com.br\/wp-content\/uploads\/2026\/01\/centro-comunitario.webp\",\"width\":1200,\"height\":800},{\"@type\":\"BreadcrumbList\",\"@id\":\"https:\/\/jornalfatosenoticias.com.br\/index.php\/2026\/01\/23\/antigo-armazem-de-la-e-transformado-em-centro-comunitario\/#breadcrumb\",\"itemListElement\":[{\"@type\":\"ListItem\",\"position\":1,\"name\":\"In\u00edcio\",\"item\":\"https:\/\/jornalfatosenoticias.com.br\/\"},{\"@type\":\"ListItem\",\"position\":2,\"name\":\"Antigo armaz\u00e9m de l\u00e3 \u00e9 transformado em centro comunit\u00e1rio, na Austr\u00e1lia\"}]},{\"@type\":\"WebSite\",\"@id\":\"https:\/\/jornalfatosenoticias.com.br\/#website\",\"url\":\"https:\/\/jornalfatosenoticias.com.br\/\",\"name\":\"Jornal Fatos e Not\u00edcias\",\"description\":\"Not\u00edcias em geral\",\"publisher\":{\"@id\":\"https:\/\/jornalfatosenoticias.com.br\/#organization\"},\"potentialAction\":[{\"@type\":\"SearchAction\",\"target\":{\"@type\":\"EntryPoint\",\"urlTemplate\":\"https:\/\/jornalfatosenoticias.com.br\/?s={search_term_string}\"},\"query-input\":{\"@type\":\"PropertyValueSpecification\",\"valueRequired\":true,\"valueName\":\"search_term_string\"}}],\"inLanguage\":\"pt-BR\"},{\"@type\":\"Organization\",\"@id\":\"https:\/\/jornalfatosenoticias.com.br\/#organization\",\"name\":\"Jornal Fatos e Not\u00edcias\",\"url\":\"https:\/\/jornalfatosenoticias.com.br\/\",\"logo\":{\"@type\":\"ImageObject\",\"inLanguage\":\"pt-BR\",\"@id\":\"https:\/\/jornalfatosenoticias.com.br\/#\/schema\/logo\/image\/\",\"url\":\"https:\/\/jornalfatosenoticias.com.br\/wp-content\/uploads\/2020\/02\/logo120.png\",\"contentUrl\":\"https:\/\/jornalfatosenoticias.com.br\/wp-content\/uploads\/2020\/02\/logo120.png\",\"width\":1227,\"height\":120,\"caption\":\"Jornal Fatos e Not\u00edcias\"},\"image\":{\"@id\":\"https:\/\/jornalfatosenoticias.com.br\/#\/schema\/logo\/image\/\"}},{\"@type\":\"Person\",\"@id\":\"https:\/\/jornalfatosenoticias.com.br\/#\/schema\/person\/d63837fa13ac8666eb9e74e0985d6f81\",\"name\":\"Luzimara Fernandes\",\"image\":{\"@type\":\"ImageObject\",\"inLanguage\":\"pt-BR\",\"@id\":\"https:\/\/jornalfatosenoticias.com.br\/#\/schema\/person\/image\/\",\"url\":\"https:\/\/jornalfatosenoticias.com.br\/wp-content\/uploads\/2025\/05\/EU_portal.jpg\",\"contentUrl\":\"https:\/\/jornalfatosenoticias.com.br\/wp-content\/uploads\/2025\/05\/EU_portal.jpg\",\"caption\":\"Luzimara Fernandes\"},\"description\":\"Jornalista MTB 2358-ES\",\"sameAs\":[\"https:\/\/jornalfatosenoticias.com.br\"],\"url\":\"https:\/\/jornalfatosenoticias.com.br\/index.php\/author\/luzimara\/\"}]}<\/script>\n<!-- \/ Yoast SEO plugin. -->","yoast_head_json":{"title":"Antigo armaz\u00e9m de l\u00e3 \u00e9 transformado em centro comunit\u00e1rio, na Austr\u00e1lia - Jornal Fatos e Not\u00edcias","robots":{"index":"index","follow":"follow","max-snippet":"max-snippet:-1","max-image-preview":"max-image-preview:large","max-video-preview":"max-video-preview:-1"},"canonical":"https:\/\/jornalfatosenoticias.com.br\/index.php\/2026\/01\/23\/antigo-armazem-de-la-e-transformado-em-centro-comunitario\/","og_locale":"pt_BR","og_type":"article","og_title":"Antigo armaz\u00e9m de l\u00e3 \u00e9 transformado em centro comunit\u00e1rio, na Austr\u00e1lia - Jornal Fatos e Not\u00edcias","og_description":"Com interven\u00e7\u00e3o m\u00ednima, \u00e1rea industrial subutilizada foi convertida em espa\u00e7o vibrante de uso misto Por Marcia Sousa Resgatar edif\u00edcios hist\u00f3ricos, devolvendo-os \u00e0 paisagem urbana, mas levando em conta a sustentabilidade da obra \u00e9 um dos desafios contempor\u00e2neos. Em Melbourne, na Austr\u00e1lia, um bom exemplo recente \u00e9 a revitaliza\u00e7\u00e3o de um antigo armaz\u00e9m de l\u00e3 transformado [&hellip;]","og_url":"https:\/\/jornalfatosenoticias.com.br\/index.php\/2026\/01\/23\/antigo-armazem-de-la-e-transformado-em-centro-comunitario\/","og_site_name":"Jornal Fatos e Not\u00edcias","article_published_time":"2026-01-23T18:17:05+00:00","article_modified_time":"2026-01-23T18:17:43+00:00","og_image":[{"width":1200,"height":800,"url":"https:\/\/jornalfatosenoticias.com.br\/wp-content\/uploads\/2026\/01\/centro-comunitario.webp","type":"image\/webp"}],"author":"Luzimara Fernandes","twitter_card":"summary_large_image","twitter_misc":{"Escrito por":"Luzimara Fernandes","Est. tempo de leitura":"6 minutos"},"schema":{"@context":"https:\/\/schema.org","@graph":[{"@type":"Article","@id":"https:\/\/jornalfatosenoticias.com.br\/index.php\/2026\/01\/23\/antigo-armazem-de-la-e-transformado-em-centro-comunitario\/#article","isPartOf":{"@id":"https:\/\/jornalfatosenoticias.com.br\/index.php\/2026\/01\/23\/antigo-armazem-de-la-e-transformado-em-centro-comunitario\/"},"author":{"name":"Luzimara Fernandes","@id":"https:\/\/jornalfatosenoticias.com.br\/#\/schema\/person\/d63837fa13ac8666eb9e74e0985d6f81"},"headline":"Antigo armaz\u00e9m de l\u00e3 \u00e9 transformado em centro comunit\u00e1rio, na Austr\u00e1lia","datePublished":"2026-01-23T18:17:05+00:00","dateModified":"2026-01-23T18:17:43+00:00","mainEntityOfPage":{"@id":"https:\/\/jornalfatosenoticias.com.br\/index.php\/2026\/01\/23\/antigo-armazem-de-la-e-transformado-em-centro-comunitario\/"},"wordCount":793,"commentCount":0,"publisher":{"@id":"https:\/\/jornalfatosenoticias.com.br\/#organization"},"image":{"@id":"https:\/\/jornalfatosenoticias.com.br\/index.php\/2026\/01\/23\/antigo-armazem-de-la-e-transformado-em-centro-comunitario\/#primaryimage"},"thumbnailUrl":"https:\/\/jornalfatosenoticias.com.br\/wp-content\/uploads\/2026\/01\/centro-comunitario.webp","keywords":["adapta\u00e7\u00e3o","arquitetura sustent\u00e1vel","Austr\u00e1lia","centro comunit\u00e1rio","Melbourne","paisagismo","reutiliza\u00e7\u00e3o"],"articleSection":["Arq &amp; Urb"],"inLanguage":"pt-BR","potentialAction":[{"@type":"CommentAction","name":"Comment","target":["https:\/\/jornalfatosenoticias.com.br\/index.php\/2026\/01\/23\/antigo-armazem-de-la-e-transformado-em-centro-comunitario\/#respond"]}]},{"@type":"WebPage","@id":"https:\/\/jornalfatosenoticias.com.br\/index.php\/2026\/01\/23\/antigo-armazem-de-la-e-transformado-em-centro-comunitario\/","url":"https:\/\/jornalfatosenoticias.com.br\/index.php\/2026\/01\/23\/antigo-armazem-de-la-e-transformado-em-centro-comunitario\/","name":"Antigo armaz\u00e9m de l\u00e3 \u00e9 transformado em centro comunit\u00e1rio, na Austr\u00e1lia - Jornal Fatos e Not\u00edcias","isPartOf":{"@id":"https:\/\/jornalfatosenoticias.com.br\/#website"},"primaryImageOfPage":{"@id":"https:\/\/jornalfatosenoticias.com.br\/index.php\/2026\/01\/23\/antigo-armazem-de-la-e-transformado-em-centro-comunitario\/#primaryimage"},"image":{"@id":"https:\/\/jornalfatosenoticias.com.br\/index.php\/2026\/01\/23\/antigo-armazem-de-la-e-transformado-em-centro-comunitario\/#primaryimage"},"thumbnailUrl":"https:\/\/jornalfatosenoticias.com.br\/wp-content\/uploads\/2026\/01\/centro-comunitario.webp","datePublished":"2026-01-23T18:17:05+00:00","dateModified":"2026-01-23T18:17:43+00:00","breadcrumb":{"@id":"https:\/\/jornalfatosenoticias.com.br\/index.php\/2026\/01\/23\/antigo-armazem-de-la-e-transformado-em-centro-comunitario\/#breadcrumb"},"inLanguage":"pt-BR","potentialAction":[{"@type":"ReadAction","target":["https:\/\/jornalfatosenoticias.com.br\/index.php\/2026\/01\/23\/antigo-armazem-de-la-e-transformado-em-centro-comunitario\/"]}]},{"@type":"ImageObject","inLanguage":"pt-BR","@id":"https:\/\/jornalfatosenoticias.com.br\/index.php\/2026\/01\/23\/antigo-armazem-de-la-e-transformado-em-centro-comunitario\/#primaryimage","url":"https:\/\/jornalfatosenoticias.com.br\/wp-content\/uploads\/2026\/01\/centro-comunitario.webp","contentUrl":"https:\/\/jornalfatosenoticias.com.br\/wp-content\/uploads\/2026\/01\/centro-comunitario.webp","width":1200,"height":800},{"@type":"BreadcrumbList","@id":"https:\/\/jornalfatosenoticias.com.br\/index.php\/2026\/01\/23\/antigo-armazem-de-la-e-transformado-em-centro-comunitario\/#breadcrumb","itemListElement":[{"@type":"ListItem","position":1,"name":"In\u00edcio","item":"https:\/\/jornalfatosenoticias.com.br\/"},{"@type":"ListItem","position":2,"name":"Antigo armaz\u00e9m de l\u00e3 \u00e9 transformado em centro comunit\u00e1rio, na Austr\u00e1lia"}]},{"@type":"WebSite","@id":"https:\/\/jornalfatosenoticias.com.br\/#website","url":"https:\/\/jornalfatosenoticias.com.br\/","name":"Jornal Fatos e Not\u00edcias","description":"Not\u00edcias em geral","publisher":{"@id":"https:\/\/jornalfatosenoticias.com.br\/#organization"},"potentialAction":[{"@type":"SearchAction","target":{"@type":"EntryPoint","urlTemplate":"https:\/\/jornalfatosenoticias.com.br\/?s={search_term_string}"},"query-input":{"@type":"PropertyValueSpecification","valueRequired":true,"valueName":"search_term_string"}}],"inLanguage":"pt-BR"},{"@type":"Organization","@id":"https:\/\/jornalfatosenoticias.com.br\/#organization","name":"Jornal Fatos e Not\u00edcias","url":"https:\/\/jornalfatosenoticias.com.br\/","logo":{"@type":"ImageObject","inLanguage":"pt-BR","@id":"https:\/\/jornalfatosenoticias.com.br\/#\/schema\/logo\/image\/","url":"https:\/\/jornalfatosenoticias.com.br\/wp-content\/uploads\/2020\/02\/logo120.png","contentUrl":"https:\/\/jornalfatosenoticias.com.br\/wp-content\/uploads\/2020\/02\/logo120.png","width":1227,"height":120,"caption":"Jornal Fatos e Not\u00edcias"},"image":{"@id":"https:\/\/jornalfatosenoticias.com.br\/#\/schema\/logo\/image\/"}},{"@type":"Person","@id":"https:\/\/jornalfatosenoticias.com.br\/#\/schema\/person\/d63837fa13ac8666eb9e74e0985d6f81","name":"Luzimara Fernandes","image":{"@type":"ImageObject","inLanguage":"pt-BR","@id":"https:\/\/jornalfatosenoticias.com.br\/#\/schema\/person\/image\/","url":"https:\/\/jornalfatosenoticias.com.br\/wp-content\/uploads\/2025\/05\/EU_portal.jpg","contentUrl":"https:\/\/jornalfatosenoticias.com.br\/wp-content\/uploads\/2025\/05\/EU_portal.jpg","caption":"Luzimara Fernandes"},"description":"Jornalista MTB 2358-ES","sameAs":["https:\/\/jornalfatosenoticias.com.br"],"url":"https:\/\/jornalfatosenoticias.com.br\/index.php\/author\/luzimara\/"}]}},"cc_featured_image_caption":{"caption_text":"","source_text":"","source_url":""},"jetpack_featured_media_url":"https:\/\/jornalfatosenoticias.com.br\/wp-content\/uploads\/2026\/01\/centro-comunitario.webp","_links":{"self":[{"href":"https:\/\/jornalfatosenoticias.com.br\/index.php\/wp-json\/wp\/v2\/posts\/64638","targetHints":{"allow":["GET"]}}],"collection":[{"href":"https:\/\/jornalfatosenoticias.com.br\/index.php\/wp-json\/wp\/v2\/posts"}],"about":[{"href":"https:\/\/jornalfatosenoticias.com.br\/index.php\/wp-json\/wp\/v2\/types\/post"}],"author":[{"embeddable":true,"href":"https:\/\/jornalfatosenoticias.com.br\/index.php\/wp-json\/wp\/v2\/users\/2"}],"replies":[{"embeddable":true,"href":"https:\/\/jornalfatosenoticias.com.br\/index.php\/wp-json\/wp\/v2\/comments?post=64638"}],"version-history":[{"count":2,"href":"https:\/\/jornalfatosenoticias.com.br\/index.php\/wp-json\/wp\/v2\/posts\/64638\/revisions"}],"predecessor-version":[{"id":64643,"href":"https:\/\/jornalfatosenoticias.com.br\/index.php\/wp-json\/wp\/v2\/posts\/64638\/revisions\/64643"}],"wp:featuredmedia":[{"embeddable":true,"href":"https:\/\/jornalfatosenoticias.com.br\/index.php\/wp-json\/wp\/v2\/media\/64640"}],"wp:attachment":[{"href":"https:\/\/jornalfatosenoticias.com.br\/index.php\/wp-json\/wp\/v2\/media?parent=64638"}],"wp:term":[{"taxonomy":"category","embeddable":true,"href":"https:\/\/jornalfatosenoticias.com.br\/index.php\/wp-json\/wp\/v2\/categories?post=64638"},{"taxonomy":"post_tag","embeddable":true,"href":"https:\/\/jornalfatosenoticias.com.br\/index.php\/wp-json\/wp\/v2\/tags?post=64638"}],"curies":[{"name":"wp","href":"https:\/\/api.w.org\/{rel}","templated":true}]}}