{"id":64647,"date":"2026-01-23T15:47:54","date_gmt":"2026-01-23T18:47:54","guid":{"rendered":"https:\/\/jornalfatosenoticias.com.br\/?p=64647"},"modified":"2026-01-23T15:47:56","modified_gmt":"2026-01-23T18:47:56","slug":"helicopteros-massagistas-voluntarios-e-picanha-do-bolsonaro-bastidores-da-caminhada-de-nikolas","status":"publish","type":"post","link":"https:\/\/jornalfatosenoticias.com.br\/index.php\/2026\/01\/23\/helicopteros-massagistas-voluntarios-e-picanha-do-bolsonaro-bastidores-da-caminhada-de-nikolas\/","title":{"rendered":"Helic\u00f3pteros, massagistas volunt\u00e1rios e \u201cpicanha do Bolsonaro\u201d: bastidores da caminhada de Nikolas"},"content":{"rendered":"\n<p><em><mark style=\"background-color:rgba(0, 0, 0, 0)\" class=\"has-inline-color has-black-color\">Estande montado por apoiadores do movimento na beira da rodovia com dezenas de pe\u00e7as de picanha adesivadas com imagens de Jair Bolsonaro e Fl\u00e1vio Bolsonaro<\/mark><\/em><\/p>\n\n\n\n<p><mark style=\"background-color:rgba(0, 0, 0, 0)\" class=\"has-inline-color has-black-color\">Por <strong><a href=\"https:\/\/www.gazetadopovo.com.br\/autor\/raquel-derevecki\/\">Raquel Derevecki<\/a><\/strong><\/mark><\/p>\n\n\n<div class=\"wp-block-image\">\n<figure class=\"aligncenter size-large\"><a href=\"https:\/\/www.controlsystems.com.br\/\"><img loading=\"lazy\" decoding=\"async\" width=\"1024\" height=\"109\" src=\"https:\/\/jornalfatosenoticias.com.br\/wp-content\/uploads\/2020\/02\/CONTROL-CS2-1024x109.jpg\" alt=\"\" class=\"wp-image-44989\" srcset=\"https:\/\/jornalfatosenoticias.com.br\/wp-content\/uploads\/2020\/02\/CONTROL-CS2-1024x109.jpg 1024w, https:\/\/jornalfatosenoticias.com.br\/wp-content\/uploads\/2020\/02\/CONTROL-CS2-300x32.jpg 300w, https:\/\/jornalfatosenoticias.com.br\/wp-content\/uploads\/2020\/02\/CONTROL-CS2-768x82.jpg 768w, https:\/\/jornalfatosenoticias.com.br\/wp-content\/uploads\/2020\/02\/CONTROL-CS2.jpg 1120w\" sizes=\"auto, (max-width: 1024px) 100vw, 1024px\" \/><\/a><\/figure>\n<\/div>\n\n\n<p>A <a href=\"https:\/\/www.gazetadopovo.com.br\/republica\/nikolas-ferreira-caminhada-240-km-protesto-decisoes-stf-governo-lula\/?ref=veja-tambem\" target=\"_blank\" rel=\"noreferrer noopener\">caminhada de 240 quil\u00f4metros<\/a> \u2014 que se iniciou em Paracatu (MG) na \u00faltima segunda-feira (19) com o deputado Nikolas Ferreira (PL-MG) acompanhado de aproximadamente 20 pessoas e alguns carros \u2014 tem recebido cada vez mais apoio espont\u00e2neo durante o percurso em dire\u00e7\u00e3o a Bras\u00edlia (DF). No trajeto, os caminhantes j\u00e1 foram <a href=\"https:\/\/www.instagram.com\/reel\/DTx3DOrDVHr\/?igsh=MWFiamJ3amE1cm5xeA%3D%3D\" target=\"_blank\" rel=\"noreferrer noopener\">escoltados por diversos helic\u00f3pteros<\/a>, recepcionados com \u201cpicanha do Bolsonaro\u201d e at\u00e9 ganharam massagens oferecidas voluntariamente por profissionais de Goi\u00e1s que t\u00eam acompanhado o esfor\u00e7o f\u00edsico dos participantes.<\/p>\n\n\n\n<blockquote class=\"wp-block-quote is-layout-flow wp-block-quote-is-layout-flow\">\n<p><mark style=\"background-color:rgba(0, 0, 0, 0)\" class=\"has-inline-color has-luminous-vivid-orange-color\">Teve fisioterapeuta atendendo o Nikolas em restaurante do caminho e um pessoal que ofereceu massagem nos p\u00e9s de todos os participantes que caminhavam at\u00e9 Cristalina, Goi\u00e1s\u201d, relata a participante Amanda Caixeta, goiana que assessora o deputado federal Gustavo Gayer. Segundo ela, a colabora\u00e7\u00e3o de quem mora pr\u00f3ximo \u00e0 BR-040 e de apoiadores de outras cidades que viajaram at\u00e9 o local deu o impulso inicial que os caminhantes precisavam para enfrentar a chuva, a dor e o cansa\u00e7o extremo nos primeiros dias de caminhada. \u201cTeve gente que levou t\u00eanis e roupas secas para n\u00f3s, shampoo e outros itens. Foi emocionante\u201d, disse.<\/mark><\/p>\n<\/blockquote>\n\n\n<div class=\"wp-block-image\">\n<figure class=\"aligncenter size-large is-resized\"><a href=\"https:\/\/www.instagram.com\/restaurantepegoretti\/\"><img loading=\"lazy\" decoding=\"async\" width=\"1024\" height=\"389\" src=\"https:\/\/jornalfatosenoticias.com.br\/wp-content\/uploads\/2023\/12\/pegoretti-logo-pdf-1024x389.jpg\" alt=\"\" class=\"wp-image-47536\" style=\"aspect-ratio:2.632371267633717;width:666px;height:auto\" srcset=\"https:\/\/jornalfatosenoticias.com.br\/wp-content\/uploads\/2023\/12\/pegoretti-logo-pdf-1024x389.jpg 1024w, https:\/\/jornalfatosenoticias.com.br\/wp-content\/uploads\/2023\/12\/pegoretti-logo-pdf-300x114.jpg 300w, https:\/\/jornalfatosenoticias.com.br\/wp-content\/uploads\/2023\/12\/pegoretti-logo-pdf-768x291.jpg 768w, https:\/\/jornalfatosenoticias.com.br\/wp-content\/uploads\/2023\/12\/pegoretti-logo-pdf.jpg 1120w\" sizes=\"auto, (max-width: 1024px) 100vw, 1024px\" \/><\/a><\/figure>\n<\/div>\n\n\n<p>V\u00eddeos publicados na internet pelos participantes tamb\u00e9m mostram pessoas nas ruas distribuindo \u00e1gua, isot\u00f4nicos, doces e almo\u00e7o gratuitamente. \u201cDa s\u00e9rie o povo pelo povo, quem t\u00e1 pagando voc\u00eas para fazer isso aqui?\u201d, <a href=\"https:\/\/www.instagram.com\/reel\/DTxp1q2jWT-\/?igsh=MWJrMjRmcTA1a254bA%3D%3D\" target=\"_blank\" rel=\"noreferrer noopener\">pergunta o influenciador Wess Guimar\u00e3es<\/a> a uma fam\u00edlia de apoiadores que aguardava os caminhantes com diversas guloseimas. \u201cJesus!\u201d, eles respondem.<br>J\u00e1 o senador M\u00e1rcio Bittar, do Acre, divulgou <a href=\"https:\/\/www.instagram.com\/reel\/DTxzxekkaI6\/?igsh=bGw1Nzh1ZGl1cnJo\" target=\"_blank\" rel=\"noreferrer noopener\">em suas redes sociais um dos churrascos patrocinados por volunt\u00e1rios de Goi\u00e1s durante o percurso<\/a>.<em> \u201cFazendeiros solid\u00e1rios \u00e0 caminhada proposta pelo Nikolas est\u00e3o oferecendo nosso lanche\u201d<\/em>, disse, em refer\u00eancia a um frigor\u00edfico da regi\u00e3o que montou um estande na beira da rodovia com dezenas de pe\u00e7as de picanha adesivadas com imagens do ex-presidente Jair Bolsonaro (PL) e do senador Fl\u00e1vio Bolsonaro (PL-RJ), pr\u00e9-candidato a presidente.<br>Trata-se de uma refer\u00eancia indireta a Lula, que, na campanha presidencial de 2022, afirmou que o &#8220;povo voltaria a comer picanha&#8221; para comunicar a ideia de melhora da renda, controle da infla\u00e7\u00e3o e amplia\u00e7\u00e3o do acesso a bens. Desde ent\u00e3o, a fala passou a ser frequentemente citada e cobrada no debate pol\u00edtico, especialmente porque os pre\u00e7os da carne permaneceram elevados.<\/p>\n\n\n<div class=\"wp-block-image\">\n<figure class=\"aligncenter size-full is-resized\"><img loading=\"lazy\" decoding=\"async\" width=\"660\" height=\"372\" src=\"https:\/\/jornalfatosenoticias.com.br\/wp-content\/uploads\/2026\/01\/Nikolas-2.jpg\" alt=\"\" class=\"wp-image-64648\" style=\"aspect-ratio:1.774268072415676;width:660px;height:auto\" srcset=\"https:\/\/jornalfatosenoticias.com.br\/wp-content\/uploads\/2026\/01\/Nikolas-2.jpg 660w, https:\/\/jornalfatosenoticias.com.br\/wp-content\/uploads\/2026\/01\/Nikolas-2-300x169.jpg 300w\" sizes=\"auto, (max-width: 660px) 100vw, 660px\" \/><figcaption class=\"wp-element-caption\"><em><mark style=\"background-color:rgba(0, 0, 0, 0)\" class=\"has-inline-color has-black-color\">Caminhada seguir\u00e1 at\u00e9 Bras\u00edlia (Foto: Vitor Liasch\/Gabinete do vereador Lucas Pavanato)<\/mark><\/em><\/figcaption><\/figure>\n<\/div>\n\n\n<p><strong><mark style=\"background-color:rgba(0, 0, 0, 0)\" class=\"has-inline-color has-vivid-cyan-blue-color\">Agro recepciona caminhada de Nikolas com equipamentos, faixas e hino nacional<br><\/mark><\/strong>Al\u00e9m de alimenta\u00e7\u00e3o e outras formas de apoio ao movimento, fazendeiros t\u00eam recepcionado a caminhada em diversos pontos do trajeto com m\u00e1quinas agr\u00edcolas posicionadas ao lado da rodovia, bandeiras do Brasil, faixas de \u201cFor\u00e7a, Nikolas\u201d, fogos de artif\u00edcio e caixas de som entoando o hino nacional.<br><em>\u201cS\u00e3o muitas refer\u00eancias ao agro\u201d<\/em>, comenta o participante Gabriel Casusa Benini, de 23 anos, que trabalha no gabinete do vereador paulistano Lucas Pavanato (PL-SP) e chegou de S\u00e3o Paulo para caminhar na ter\u00e7a-feira (20). Segundo ele, o grupo conta tamb\u00e9m com apoio m\u00e9dico, em caso de necessidade, e escolta policial, para que as pessoas caminhem pelo acostamento, sem invadir a pista.<\/p>\n\n\n<div class=\"wp-block-image\">\n<figure class=\"aligncenter size-large is-resized\"><a href=\"https:\/\/www.instagram.com\/esteio.churrascaria\/\"><img loading=\"lazy\" decoding=\"async\" width=\"1024\" height=\"730\" src=\"https:\/\/jornalfatosenoticias.com.br\/wp-content\/uploads\/2022\/02\/LOGO-ESTEIO-1024x730.png\" alt=\"\" class=\"wp-image-27942\" style=\"aspect-ratio:1.4027519523986611;width:382px;height:auto\" srcset=\"https:\/\/jornalfatosenoticias.com.br\/wp-content\/uploads\/2022\/02\/LOGO-ESTEIO-1024x730.png 1024w, https:\/\/jornalfatosenoticias.com.br\/wp-content\/uploads\/2022\/02\/LOGO-ESTEIO-300x214.png 300w, https:\/\/jornalfatosenoticias.com.br\/wp-content\/uploads\/2022\/02\/LOGO-ESTEIO-768x548.png 768w, https:\/\/jornalfatosenoticias.com.br\/wp-content\/uploads\/2022\/02\/LOGO-ESTEIO.png 1123w\" sizes=\"auto, (max-width: 1024px) 100vw, 1024px\" \/><\/a><\/figure>\n<\/div>\n\n\n<blockquote class=\"wp-block-quote is-layout-flow wp-block-quote-is-layout-flow\">\n<p><mark style=\"background-color:rgba(0, 0, 0, 0)\" class=\"has-inline-color has-luminous-vivid-orange-color\">E outros fatos que t\u00eam chamado a aten\u00e7\u00e3o s\u00e3o os caminhoneiros que passam buzinando, e as cidades que esperam a chegada da caminhada. Todo mundo presta algum tipo de apoio e est\u00e1 muito organizado\u201d, afirmou.<\/mark><\/p>\n<\/blockquote>\n\n\n<div class=\"wp-block-image\">\n<figure class=\"aligncenter size-large is-resized\"><a href=\"https:\/\/hotelmarquetti.com.br\/\"><img loading=\"lazy\" decoding=\"async\" width=\"1024\" height=\"680\" src=\"https:\/\/jornalfatosenoticias.com.br\/wp-content\/uploads\/2020\/02\/LOGO-MQ-1024x680.jpg\" alt=\"\" class=\"wp-image-58299\" style=\"aspect-ratio:1.5059172441326603;width:340px;height:auto\" srcset=\"https:\/\/jornalfatosenoticias.com.br\/wp-content\/uploads\/2020\/02\/LOGO-MQ-1024x680.jpg 1024w, https:\/\/jornalfatosenoticias.com.br\/wp-content\/uploads\/2020\/02\/LOGO-MQ-300x199.jpg 300w, https:\/\/jornalfatosenoticias.com.br\/wp-content\/uploads\/2020\/02\/LOGO-MQ-768x510.jpg 768w, https:\/\/jornalfatosenoticias.com.br\/wp-content\/uploads\/2020\/02\/LOGO-MQ-1536x1020.jpg 1536w, https:\/\/jornalfatosenoticias.com.br\/wp-content\/uploads\/2020\/02\/LOGO-MQ-2048x1360.jpg 2048w\" sizes=\"auto, (max-width: 1024px) 100vw, 1024px\" \/><\/a><\/figure>\n<\/div>\n\n\n<p><strong><mark style=\"background-color:rgba(0, 0, 0, 0)\" class=\"has-inline-color has-vivid-cyan-blue-color\">Caminhada terminar\u00e1 no domingo, em Bras\u00edlia<br><\/mark><\/strong>Segundo o deputado federal Nikolas Ferreira, a \u201cCaminhada Pela Justi\u00e7a e Liberdade\u201d terminar\u00e1 no pr\u00f3ximo domingo (25), ao meio-dia, na Pra\u00e7a do Cruzeiro, em Bras\u00edlia, onde est\u00e1 prevista uma manifesta\u00e7\u00e3o pac\u00edfica.<\/p>\n\n\n\n<blockquote class=\"wp-block-quote is-layout-flow wp-block-quote-is-layout-flow\">\n<p><mark style=\"background-color:rgba(0, 0, 0, 0)\" class=\"has-inline-color has-luminous-vivid-orange-color\">N\u00e3o estou sentindo o joelho, o p\u00e9 j\u00e1 foi, mas digo a verdade: Deus colocou isso em mim h\u00e1 muito tempo\u201d, disse Nikolas em pronunciamento na noite de quarta-feira (21). \u201cSe Deus permitir, no dia 25, em Bras\u00edlia, vamos fazer a maior caminhada da hist\u00f3ria deste pa\u00eds. Acorda, Brasil!\u201d, finalizou.<\/mark><\/p>\n<\/blockquote>\n\n\n<div class=\"wp-block-image\">\n<figure class=\"aligncenter size-full\"><a href=\"https:\/\/premiertemperos.com.br\/novo\/\"><img loading=\"lazy\" decoding=\"async\" width=\"851\" height=\"315\" src=\"https:\/\/jornalfatosenoticias.com.br\/wp-content\/uploads\/2020\/02\/logo-Premier-Temperos.png\" alt=\"\" class=\"wp-image-64452\" srcset=\"https:\/\/jornalfatosenoticias.com.br\/wp-content\/uploads\/2020\/02\/logo-Premier-Temperos.png 851w, https:\/\/jornalfatosenoticias.com.br\/wp-content\/uploads\/2020\/02\/logo-Premier-Temperos-300x111.png 300w, https:\/\/jornalfatosenoticias.com.br\/wp-content\/uploads\/2020\/02\/logo-Premier-Temperos-768x284.png 768w\" sizes=\"auto, (max-width: 851px) 100vw, 851px\" \/><\/a><\/figure>\n<\/div>\n\n\n<p><mark style=\"background-color:rgba(0, 0, 0, 0)\" class=\"has-inline-color has-black-color\"><strong>(Foto de capa: Vitor Liasch\/Gabinete do vereador Lucas Pavanato)<\/strong><\/mark><\/p>\n\n\n\n<p><strong>Fonte: <a href=\"https:\/\/www.gazetadopovo.com.br\/vida-e-cidadania\/helicopteros-massagistas-voluntarios-e-picanha-do-bolsonaro-bastidores-da-caminhada-de-nikolas\/\">Gazeta do Povo<\/a><\/strong><\/p>\n","protected":false},"excerpt":{"rendered":"<p>Estande montado por apoiadores do movimento na beira da rodovia com dezenas de pe\u00e7as de picanha adesivadas com imagens de Jair Bolsonaro e Fl\u00e1vio Bolsonaro Por Raquel Derevecki A caminhada de 240 quil\u00f4metros \u2014 que se iniciou em Paracatu (MG) na \u00faltima segunda-feira (19) com o deputado Nikolas Ferreira (PL-MG) acompanhado de aproximadamente 20 pessoas [&hellip;]<\/p>\n","protected":false},"author":2,"featured_media":64649,"comment_status":"open","ping_status":"open","sticky":false,"template":"","format":"standard","meta":{"footnotes":""},"categories":[5],"tags":[29332,23097,22739,23020,1795,25108,18995],"class_list":["post-64647","post","type-post","status-publish","format-standard","has-post-thumbnail","hentry","category-geral","tag-caminhada-pela-justica-e-liberdade","tag-deputado-federal","tag-flavio-bolsonaro","tag-gustavo-gayer","tag-jair-bolsonaro","tag-marcio-bittar","tag-nikolas-ferreira"],"yoast_head":"<!-- This site is optimized with the Yoast SEO plugin v26.5 - https:\/\/yoast.com\/wordpress\/plugins\/seo\/ -->\n<title>Helic\u00f3pteros, massagistas volunt\u00e1rios e \u201cpicanha do Bolsonaro\u201d: bastidores da caminhada de Nikolas - Jornal Fatos e Not\u00edcias<\/title>\n<meta name=\"robots\" content=\"index, follow, max-snippet:-1, max-image-preview:large, max-video-preview:-1\" \/>\n<link rel=\"canonical\" href=\"https:\/\/jornalfatosenoticias.com.br\/index.php\/2026\/01\/23\/helicopteros-massagistas-voluntarios-e-picanha-do-bolsonaro-bastidores-da-caminhada-de-nikolas\/\" \/>\n<meta property=\"og:locale\" content=\"pt_BR\" \/>\n<meta property=\"og:type\" content=\"article\" \/>\n<meta property=\"og:title\" content=\"Helic\u00f3pteros, massagistas volunt\u00e1rios e \u201cpicanha do Bolsonaro\u201d: bastidores da caminhada de Nikolas - Jornal Fatos e Not\u00edcias\" \/>\n<meta property=\"og:description\" content=\"Estande montado por apoiadores do movimento na beira da rodovia com dezenas de pe\u00e7as de picanha adesivadas com imagens de Jair Bolsonaro e Fl\u00e1vio Bolsonaro Por Raquel Derevecki A caminhada de 240 quil\u00f4metros \u2014 que se iniciou em Paracatu (MG) na \u00faltima segunda-feira (19) com o deputado Nikolas Ferreira (PL-MG) acompanhado de aproximadamente 20 pessoas [&hellip;]\" \/>\n<meta property=\"og:url\" content=\"https:\/\/jornalfatosenoticias.com.br\/index.php\/2026\/01\/23\/helicopteros-massagistas-voluntarios-e-picanha-do-bolsonaro-bastidores-da-caminhada-de-nikolas\/\" \/>\n<meta property=\"og:site_name\" content=\"Jornal Fatos e Not\u00edcias\" \/>\n<meta property=\"article:published_time\" content=\"2026-01-23T18:47:54+00:00\" \/>\n<meta property=\"article:modified_time\" content=\"2026-01-23T18:47:56+00:00\" \/>\n<meta property=\"og:image\" content=\"https:\/\/jornalfatosenoticias.com.br\/wp-content\/uploads\/2026\/01\/picanha-do-Bolsonaro.jpg\" \/>\n\t<meta property=\"og:image:width\" content=\"780\" \/>\n\t<meta property=\"og:image:height\" content=\"638\" \/>\n\t<meta property=\"og:image:type\" content=\"image\/jpeg\" \/>\n<meta name=\"author\" content=\"Luzimara Fernandes\" \/>\n<meta name=\"twitter:card\" content=\"summary_large_image\" \/>\n<meta name=\"twitter:label1\" content=\"Escrito por\" \/>\n\t<meta name=\"twitter:data1\" content=\"Luzimara Fernandes\" \/>\n\t<meta name=\"twitter:label2\" content=\"Est. tempo de leitura\" \/>\n\t<meta name=\"twitter:data2\" content=\"4 minutos\" \/>\n<script type=\"application\/ld+json\" class=\"yoast-schema-graph\">{\"@context\":\"https:\/\/schema.org\",\"@graph\":[{\"@type\":\"Article\",\"@id\":\"https:\/\/jornalfatosenoticias.com.br\/index.php\/2026\/01\/23\/helicopteros-massagistas-voluntarios-e-picanha-do-bolsonaro-bastidores-da-caminhada-de-nikolas\/#article\",\"isPartOf\":{\"@id\":\"https:\/\/jornalfatosenoticias.com.br\/index.php\/2026\/01\/23\/helicopteros-massagistas-voluntarios-e-picanha-do-bolsonaro-bastidores-da-caminhada-de-nikolas\/\"},\"author\":{\"name\":\"Luzimara Fernandes\",\"@id\":\"https:\/\/jornalfatosenoticias.com.br\/#\/schema\/person\/d63837fa13ac8666eb9e74e0985d6f81\"},\"headline\":\"Helic\u00f3pteros, massagistas volunt\u00e1rios e \u201cpicanha do Bolsonaro\u201d: bastidores da caminhada de Nikolas\",\"datePublished\":\"2026-01-23T18:47:54+00:00\",\"dateModified\":\"2026-01-23T18:47:56+00:00\",\"mainEntityOfPage\":{\"@id\":\"https:\/\/jornalfatosenoticias.com.br\/index.php\/2026\/01\/23\/helicopteros-massagistas-voluntarios-e-picanha-do-bolsonaro-bastidores-da-caminhada-de-nikolas\/\"},\"wordCount\":730,\"commentCount\":0,\"publisher\":{\"@id\":\"https:\/\/jornalfatosenoticias.com.br\/#organization\"},\"image\":{\"@id\":\"https:\/\/jornalfatosenoticias.com.br\/index.php\/2026\/01\/23\/helicopteros-massagistas-voluntarios-e-picanha-do-bolsonaro-bastidores-da-caminhada-de-nikolas\/#primaryimage\"},\"thumbnailUrl\":\"https:\/\/jornalfatosenoticias.com.br\/wp-content\/uploads\/2026\/01\/picanha-do-Bolsonaro.jpg\",\"keywords\":[\"\u201cCaminhada Pela Justi\u00e7a e Liberdade\u201d\",\"Deputado Federal\",\"Fl\u00e1vio Bolsonaro\",\"Gustavo Gayer\",\"Jair Bolsonaro\",\"M\u00e1rcio Bittar\",\"Nikolas Ferreira\"],\"articleSection\":[\"Geral\"],\"inLanguage\":\"pt-BR\",\"potentialAction\":[{\"@type\":\"CommentAction\",\"name\":\"Comment\",\"target\":[\"https:\/\/jornalfatosenoticias.com.br\/index.php\/2026\/01\/23\/helicopteros-massagistas-voluntarios-e-picanha-do-bolsonaro-bastidores-da-caminhada-de-nikolas\/#respond\"]}]},{\"@type\":\"WebPage\",\"@id\":\"https:\/\/jornalfatosenoticias.com.br\/index.php\/2026\/01\/23\/helicopteros-massagistas-voluntarios-e-picanha-do-bolsonaro-bastidores-da-caminhada-de-nikolas\/\",\"url\":\"https:\/\/jornalfatosenoticias.com.br\/index.php\/2026\/01\/23\/helicopteros-massagistas-voluntarios-e-picanha-do-bolsonaro-bastidores-da-caminhada-de-nikolas\/\",\"name\":\"Helic\u00f3pteros, massagistas volunt\u00e1rios e \u201cpicanha do Bolsonaro\u201d: bastidores da caminhada de Nikolas - Jornal Fatos e Not\u00edcias\",\"isPartOf\":{\"@id\":\"https:\/\/jornalfatosenoticias.com.br\/#website\"},\"primaryImageOfPage\":{\"@id\":\"https:\/\/jornalfatosenoticias.com.br\/index.php\/2026\/01\/23\/helicopteros-massagistas-voluntarios-e-picanha-do-bolsonaro-bastidores-da-caminhada-de-nikolas\/#primaryimage\"},\"image\":{\"@id\":\"https:\/\/jornalfatosenoticias.com.br\/index.php\/2026\/01\/23\/helicopteros-massagistas-voluntarios-e-picanha-do-bolsonaro-bastidores-da-caminhada-de-nikolas\/#primaryimage\"},\"thumbnailUrl\":\"https:\/\/jornalfatosenoticias.com.br\/wp-content\/uploads\/2026\/01\/picanha-do-Bolsonaro.jpg\",\"datePublished\":\"2026-01-23T18:47:54+00:00\",\"dateModified\":\"2026-01-23T18:47:56+00:00\",\"breadcrumb\":{\"@id\":\"https:\/\/jornalfatosenoticias.com.br\/index.php\/2026\/01\/23\/helicopteros-massagistas-voluntarios-e-picanha-do-bolsonaro-bastidores-da-caminhada-de-nikolas\/#breadcrumb\"},\"inLanguage\":\"pt-BR\",\"potentialAction\":[{\"@type\":\"ReadAction\",\"target\":[\"https:\/\/jornalfatosenoticias.com.br\/index.php\/2026\/01\/23\/helicopteros-massagistas-voluntarios-e-picanha-do-bolsonaro-bastidores-da-caminhada-de-nikolas\/\"]}]},{\"@type\":\"ImageObject\",\"inLanguage\":\"pt-BR\",\"@id\":\"https:\/\/jornalfatosenoticias.com.br\/index.php\/2026\/01\/23\/helicopteros-massagistas-voluntarios-e-picanha-do-bolsonaro-bastidores-da-caminhada-de-nikolas\/#primaryimage\",\"url\":\"https:\/\/jornalfatosenoticias.com.br\/wp-content\/uploads\/2026\/01\/picanha-do-Bolsonaro.jpg\",\"contentUrl\":\"https:\/\/jornalfatosenoticias.com.br\/wp-content\/uploads\/2026\/01\/picanha-do-Bolsonaro.jpg\",\"width\":780,\"height\":638},{\"@type\":\"BreadcrumbList\",\"@id\":\"https:\/\/jornalfatosenoticias.com.br\/index.php\/2026\/01\/23\/helicopteros-massagistas-voluntarios-e-picanha-do-bolsonaro-bastidores-da-caminhada-de-nikolas\/#breadcrumb\",\"itemListElement\":[{\"@type\":\"ListItem\",\"position\":1,\"name\":\"In\u00edcio\",\"item\":\"https:\/\/jornalfatosenoticias.com.br\/\"},{\"@type\":\"ListItem\",\"position\":2,\"name\":\"Helic\u00f3pteros, massagistas volunt\u00e1rios e \u201cpicanha do Bolsonaro\u201d: bastidores da caminhada de Nikolas\"}]},{\"@type\":\"WebSite\",\"@id\":\"https:\/\/jornalfatosenoticias.com.br\/#website\",\"url\":\"https:\/\/jornalfatosenoticias.com.br\/\",\"name\":\"Jornal Fatos e Not\u00edcias\",\"description\":\"Not\u00edcias em geral\",\"publisher\":{\"@id\":\"https:\/\/jornalfatosenoticias.com.br\/#organization\"},\"potentialAction\":[{\"@type\":\"SearchAction\",\"target\":{\"@type\":\"EntryPoint\",\"urlTemplate\":\"https:\/\/jornalfatosenoticias.com.br\/?s={search_term_string}\"},\"query-input\":{\"@type\":\"PropertyValueSpecification\",\"valueRequired\":true,\"valueName\":\"search_term_string\"}}],\"inLanguage\":\"pt-BR\"},{\"@type\":\"Organization\",\"@id\":\"https:\/\/jornalfatosenoticias.com.br\/#organization\",\"name\":\"Jornal Fatos e Not\u00edcias\",\"url\":\"https:\/\/jornalfatosenoticias.com.br\/\",\"logo\":{\"@type\":\"ImageObject\",\"inLanguage\":\"pt-BR\",\"@id\":\"https:\/\/jornalfatosenoticias.com.br\/#\/schema\/logo\/image\/\",\"url\":\"https:\/\/jornalfatosenoticias.com.br\/wp-content\/uploads\/2020\/02\/logo120.png\",\"contentUrl\":\"https:\/\/jornalfatosenoticias.com.br\/wp-content\/uploads\/2020\/02\/logo120.png\",\"width\":1227,\"height\":120,\"caption\":\"Jornal Fatos e Not\u00edcias\"},\"image\":{\"@id\":\"https:\/\/jornalfatosenoticias.com.br\/#\/schema\/logo\/image\/\"}},{\"@type\":\"Person\",\"@id\":\"https:\/\/jornalfatosenoticias.com.br\/#\/schema\/person\/d63837fa13ac8666eb9e74e0985d6f81\",\"name\":\"Luzimara Fernandes\",\"image\":{\"@type\":\"ImageObject\",\"inLanguage\":\"pt-BR\",\"@id\":\"https:\/\/jornalfatosenoticias.com.br\/#\/schema\/person\/image\/\",\"url\":\"https:\/\/jornalfatosenoticias.com.br\/wp-content\/uploads\/2025\/05\/EU_portal.jpg\",\"contentUrl\":\"https:\/\/jornalfatosenoticias.com.br\/wp-content\/uploads\/2025\/05\/EU_portal.jpg\",\"caption\":\"Luzimara Fernandes\"},\"description\":\"Jornalista MTB 2358-ES\",\"sameAs\":[\"https:\/\/jornalfatosenoticias.com.br\"],\"url\":\"https:\/\/jornalfatosenoticias.com.br\/index.php\/author\/luzimara\/\"}]}<\/script>\n<!-- \/ Yoast SEO plugin. -->","yoast_head_json":{"title":"Helic\u00f3pteros, massagistas volunt\u00e1rios e \u201cpicanha do Bolsonaro\u201d: bastidores da caminhada de Nikolas - Jornal Fatos e Not\u00edcias","robots":{"index":"index","follow":"follow","max-snippet":"max-snippet:-1","max-image-preview":"max-image-preview:large","max-video-preview":"max-video-preview:-1"},"canonical":"https:\/\/jornalfatosenoticias.com.br\/index.php\/2026\/01\/23\/helicopteros-massagistas-voluntarios-e-picanha-do-bolsonaro-bastidores-da-caminhada-de-nikolas\/","og_locale":"pt_BR","og_type":"article","og_title":"Helic\u00f3pteros, massagistas volunt\u00e1rios e \u201cpicanha do Bolsonaro\u201d: bastidores da caminhada de Nikolas - Jornal Fatos e Not\u00edcias","og_description":"Estande montado por apoiadores do movimento na beira da rodovia com dezenas de pe\u00e7as de picanha adesivadas com imagens de Jair Bolsonaro e Fl\u00e1vio Bolsonaro Por Raquel Derevecki A caminhada de 240 quil\u00f4metros \u2014 que se iniciou em Paracatu (MG) na \u00faltima segunda-feira (19) com o deputado Nikolas Ferreira (PL-MG) acompanhado de aproximadamente 20 pessoas [&hellip;]","og_url":"https:\/\/jornalfatosenoticias.com.br\/index.php\/2026\/01\/23\/helicopteros-massagistas-voluntarios-e-picanha-do-bolsonaro-bastidores-da-caminhada-de-nikolas\/","og_site_name":"Jornal Fatos e Not\u00edcias","article_published_time":"2026-01-23T18:47:54+00:00","article_modified_time":"2026-01-23T18:47:56+00:00","og_image":[{"width":780,"height":638,"url":"https:\/\/jornalfatosenoticias.com.br\/wp-content\/uploads\/2026\/01\/picanha-do-Bolsonaro.jpg","type":"image\/jpeg"}],"author":"Luzimara Fernandes","twitter_card":"summary_large_image","twitter_misc":{"Escrito por":"Luzimara Fernandes","Est. tempo de leitura":"4 minutos"},"schema":{"@context":"https:\/\/schema.org","@graph":[{"@type":"Article","@id":"https:\/\/jornalfatosenoticias.com.br\/index.php\/2026\/01\/23\/helicopteros-massagistas-voluntarios-e-picanha-do-bolsonaro-bastidores-da-caminhada-de-nikolas\/#article","isPartOf":{"@id":"https:\/\/jornalfatosenoticias.com.br\/index.php\/2026\/01\/23\/helicopteros-massagistas-voluntarios-e-picanha-do-bolsonaro-bastidores-da-caminhada-de-nikolas\/"},"author":{"name":"Luzimara Fernandes","@id":"https:\/\/jornalfatosenoticias.com.br\/#\/schema\/person\/d63837fa13ac8666eb9e74e0985d6f81"},"headline":"Helic\u00f3pteros, massagistas volunt\u00e1rios e \u201cpicanha do Bolsonaro\u201d: bastidores da caminhada de Nikolas","datePublished":"2026-01-23T18:47:54+00:00","dateModified":"2026-01-23T18:47:56+00:00","mainEntityOfPage":{"@id":"https:\/\/jornalfatosenoticias.com.br\/index.php\/2026\/01\/23\/helicopteros-massagistas-voluntarios-e-picanha-do-bolsonaro-bastidores-da-caminhada-de-nikolas\/"},"wordCount":730,"commentCount":0,"publisher":{"@id":"https:\/\/jornalfatosenoticias.com.br\/#organization"},"image":{"@id":"https:\/\/jornalfatosenoticias.com.br\/index.php\/2026\/01\/23\/helicopteros-massagistas-voluntarios-e-picanha-do-bolsonaro-bastidores-da-caminhada-de-nikolas\/#primaryimage"},"thumbnailUrl":"https:\/\/jornalfatosenoticias.com.br\/wp-content\/uploads\/2026\/01\/picanha-do-Bolsonaro.jpg","keywords":["\u201cCaminhada Pela Justi\u00e7a e Liberdade\u201d","Deputado Federal","Fl\u00e1vio Bolsonaro","Gustavo Gayer","Jair Bolsonaro","M\u00e1rcio Bittar","Nikolas Ferreira"],"articleSection":["Geral"],"inLanguage":"pt-BR","potentialAction":[{"@type":"CommentAction","name":"Comment","target":["https:\/\/jornalfatosenoticias.com.br\/index.php\/2026\/01\/23\/helicopteros-massagistas-voluntarios-e-picanha-do-bolsonaro-bastidores-da-caminhada-de-nikolas\/#respond"]}]},{"@type":"WebPage","@id":"https:\/\/jornalfatosenoticias.com.br\/index.php\/2026\/01\/23\/helicopteros-massagistas-voluntarios-e-picanha-do-bolsonaro-bastidores-da-caminhada-de-nikolas\/","url":"https:\/\/jornalfatosenoticias.com.br\/index.php\/2026\/01\/23\/helicopteros-massagistas-voluntarios-e-picanha-do-bolsonaro-bastidores-da-caminhada-de-nikolas\/","name":"Helic\u00f3pteros, massagistas volunt\u00e1rios e \u201cpicanha do Bolsonaro\u201d: bastidores da caminhada de Nikolas - Jornal Fatos e Not\u00edcias","isPartOf":{"@id":"https:\/\/jornalfatosenoticias.com.br\/#website"},"primaryImageOfPage":{"@id":"https:\/\/jornalfatosenoticias.com.br\/index.php\/2026\/01\/23\/helicopteros-massagistas-voluntarios-e-picanha-do-bolsonaro-bastidores-da-caminhada-de-nikolas\/#primaryimage"},"image":{"@id":"https:\/\/jornalfatosenoticias.com.br\/index.php\/2026\/01\/23\/helicopteros-massagistas-voluntarios-e-picanha-do-bolsonaro-bastidores-da-caminhada-de-nikolas\/#primaryimage"},"thumbnailUrl":"https:\/\/jornalfatosenoticias.com.br\/wp-content\/uploads\/2026\/01\/picanha-do-Bolsonaro.jpg","datePublished":"2026-01-23T18:47:54+00:00","dateModified":"2026-01-23T18:47:56+00:00","breadcrumb":{"@id":"https:\/\/jornalfatosenoticias.com.br\/index.php\/2026\/01\/23\/helicopteros-massagistas-voluntarios-e-picanha-do-bolsonaro-bastidores-da-caminhada-de-nikolas\/#breadcrumb"},"inLanguage":"pt-BR","potentialAction":[{"@type":"ReadAction","target":["https:\/\/jornalfatosenoticias.com.br\/index.php\/2026\/01\/23\/helicopteros-massagistas-voluntarios-e-picanha-do-bolsonaro-bastidores-da-caminhada-de-nikolas\/"]}]},{"@type":"ImageObject","inLanguage":"pt-BR","@id":"https:\/\/jornalfatosenoticias.com.br\/index.php\/2026\/01\/23\/helicopteros-massagistas-voluntarios-e-picanha-do-bolsonaro-bastidores-da-caminhada-de-nikolas\/#primaryimage","url":"https:\/\/jornalfatosenoticias.com.br\/wp-content\/uploads\/2026\/01\/picanha-do-Bolsonaro.jpg","contentUrl":"https:\/\/jornalfatosenoticias.com.br\/wp-content\/uploads\/2026\/01\/picanha-do-Bolsonaro.jpg","width":780,"height":638},{"@type":"BreadcrumbList","@id":"https:\/\/jornalfatosenoticias.com.br\/index.php\/2026\/01\/23\/helicopteros-massagistas-voluntarios-e-picanha-do-bolsonaro-bastidores-da-caminhada-de-nikolas\/#breadcrumb","itemListElement":[{"@type":"ListItem","position":1,"name":"In\u00edcio","item":"https:\/\/jornalfatosenoticias.com.br\/"},{"@type":"ListItem","position":2,"name":"Helic\u00f3pteros, massagistas volunt\u00e1rios e \u201cpicanha do Bolsonaro\u201d: bastidores da caminhada de Nikolas"}]},{"@type":"WebSite","@id":"https:\/\/jornalfatosenoticias.com.br\/#website","url":"https:\/\/jornalfatosenoticias.com.br\/","name":"Jornal Fatos e Not\u00edcias","description":"Not\u00edcias em geral","publisher":{"@id":"https:\/\/jornalfatosenoticias.com.br\/#organization"},"potentialAction":[{"@type":"SearchAction","target":{"@type":"EntryPoint","urlTemplate":"https:\/\/jornalfatosenoticias.com.br\/?s={search_term_string}"},"query-input":{"@type":"PropertyValueSpecification","valueRequired":true,"valueName":"search_term_string"}}],"inLanguage":"pt-BR"},{"@type":"Organization","@id":"https:\/\/jornalfatosenoticias.com.br\/#organization","name":"Jornal Fatos e Not\u00edcias","url":"https:\/\/jornalfatosenoticias.com.br\/","logo":{"@type":"ImageObject","inLanguage":"pt-BR","@id":"https:\/\/jornalfatosenoticias.com.br\/#\/schema\/logo\/image\/","url":"https:\/\/jornalfatosenoticias.com.br\/wp-content\/uploads\/2020\/02\/logo120.png","contentUrl":"https:\/\/jornalfatosenoticias.com.br\/wp-content\/uploads\/2020\/02\/logo120.png","width":1227,"height":120,"caption":"Jornal Fatos e Not\u00edcias"},"image":{"@id":"https:\/\/jornalfatosenoticias.com.br\/#\/schema\/logo\/image\/"}},{"@type":"Person","@id":"https:\/\/jornalfatosenoticias.com.br\/#\/schema\/person\/d63837fa13ac8666eb9e74e0985d6f81","name":"Luzimara Fernandes","image":{"@type":"ImageObject","inLanguage":"pt-BR","@id":"https:\/\/jornalfatosenoticias.com.br\/#\/schema\/person\/image\/","url":"https:\/\/jornalfatosenoticias.com.br\/wp-content\/uploads\/2025\/05\/EU_portal.jpg","contentUrl":"https:\/\/jornalfatosenoticias.com.br\/wp-content\/uploads\/2025\/05\/EU_portal.jpg","caption":"Luzimara Fernandes"},"description":"Jornalista MTB 2358-ES","sameAs":["https:\/\/jornalfatosenoticias.com.br"],"url":"https:\/\/jornalfatosenoticias.com.br\/index.php\/author\/luzimara\/"}]}},"cc_featured_image_caption":{"caption_text":"","source_text":"","source_url":""},"jetpack_featured_media_url":"https:\/\/jornalfatosenoticias.com.br\/wp-content\/uploads\/2026\/01\/picanha-do-Bolsonaro.jpg","_links":{"self":[{"href":"https:\/\/jornalfatosenoticias.com.br\/index.php\/wp-json\/wp\/v2\/posts\/64647","targetHints":{"allow":["GET"]}}],"collection":[{"href":"https:\/\/jornalfatosenoticias.com.br\/index.php\/wp-json\/wp\/v2\/posts"}],"about":[{"href":"https:\/\/jornalfatosenoticias.com.br\/index.php\/wp-json\/wp\/v2\/types\/post"}],"author":[{"embeddable":true,"href":"https:\/\/jornalfatosenoticias.com.br\/index.php\/wp-json\/wp\/v2\/users\/2"}],"replies":[{"embeddable":true,"href":"https:\/\/jornalfatosenoticias.com.br\/index.php\/wp-json\/wp\/v2\/comments?post=64647"}],"version-history":[{"count":1,"href":"https:\/\/jornalfatosenoticias.com.br\/index.php\/wp-json\/wp\/v2\/posts\/64647\/revisions"}],"predecessor-version":[{"id":64650,"href":"https:\/\/jornalfatosenoticias.com.br\/index.php\/wp-json\/wp\/v2\/posts\/64647\/revisions\/64650"}],"wp:featuredmedia":[{"embeddable":true,"href":"https:\/\/jornalfatosenoticias.com.br\/index.php\/wp-json\/wp\/v2\/media\/64649"}],"wp:attachment":[{"href":"https:\/\/jornalfatosenoticias.com.br\/index.php\/wp-json\/wp\/v2\/media?parent=64647"}],"wp:term":[{"taxonomy":"category","embeddable":true,"href":"https:\/\/jornalfatosenoticias.com.br\/index.php\/wp-json\/wp\/v2\/categories?post=64647"},{"taxonomy":"post_tag","embeddable":true,"href":"https:\/\/jornalfatosenoticias.com.br\/index.php\/wp-json\/wp\/v2\/tags?post=64647"}],"curies":[{"name":"wp","href":"https:\/\/api.w.org\/{rel}","templated":true}]}}