{"id":64654,"date":"2026-01-23T16:09:34","date_gmt":"2026-01-23T19:09:34","guid":{"rendered":"https:\/\/jornalfatosenoticias.com.br\/?p=64654"},"modified":"2026-01-23T16:09:36","modified_gmt":"2026-01-23T19:09:36","slug":"eua-anunciam-saida-efetiva-da-oms-e-dizem-que-nao-pagarao-cotas-pendentes","status":"publish","type":"post","link":"https:\/\/jornalfatosenoticias.com.br\/index.php\/2026\/01\/23\/eua-anunciam-saida-efetiva-da-oms-e-dizem-que-nao-pagarao-cotas-pendentes\/","title":{"rendered":"EUA anunciam sa\u00edda efetiva da OMS e dizem que n\u00e3o pagar\u00e3o cotas pendentes"},"content":{"rendered":"\n<p><em><mark style=\"background-color:rgba(0, 0, 0, 0)\" class=\"has-inline-color has-black-color\">Sede da OMS em Genebra, na Su\u00ed\u00e7a: retirada efetiva da ag\u00eancia da ONU cumpre ordem executiva assinada por Trump em 2025<\/mark><\/em><\/p>\n\n\n<div class=\"wp-block-image\">\n<figure class=\"aligncenter size-large\"><a href=\"https:\/\/mizu.com.br\/\"><img loading=\"lazy\" decoding=\"async\" width=\"1024\" height=\"99\" src=\"https:\/\/jornalfatosenoticias.com.br\/wp-content\/uploads\/2020\/02\/Logo-Mizu-segunda-2-1024x99.png\" alt=\"\" class=\"wp-image-2353\" srcset=\"https:\/\/jornalfatosenoticias.com.br\/wp-content\/uploads\/2020\/02\/Logo-Mizu-segunda-2-1024x99.png 1024w, https:\/\/jornalfatosenoticias.com.br\/wp-content\/uploads\/2020\/02\/Logo-Mizu-segunda-2-300x29.png 300w, https:\/\/jornalfatosenoticias.com.br\/wp-content\/uploads\/2020\/02\/Logo-Mizu-segunda-2-768x74.png 768w, https:\/\/jornalfatosenoticias.com.br\/wp-content\/uploads\/2020\/02\/Logo-Mizu-segunda-2.png 1240w\" sizes=\"auto, (max-width: 1024px) 100vw, 1024px\" \/><\/a><\/figure>\n<\/div>\n\n\n<p>Os Estados Unidos oficializaram, nesta quinta-feira (22), sua sa\u00edda da Organiza\u00e7\u00e3o Mundial da Sa\u00fade (OMS), uma decis\u00e3o que parte de uma ordem executiva assinada em 2025 pelo presidente do pa\u00eds, Donald Trump. No dia do seu retorno \u00e0 Casa Branca, 20 de janeiro de 2025, Trump assinou uma ordem executiva com um aviso formal de retirada dos EUA da ag\u00eancia das Na\u00e7\u00f5es Unidas especializada em sa\u00fade.<br>Trump, que j\u00e1 tinha iniciado em seu primeiro mandato (2017-2021) o processo para retirar o pa\u00eds da organiza\u00e7\u00e3o, alegando m\u00e1 gest\u00e3o da pandemia de covid-19, voltou a insistir nesse ponto na ordem executiva que assinou no ano passado. No texto, ele tamb\u00e9m criticou o papel da OMS em \u201coutras crises sanit\u00e1rias mundiais\u201d, sua incapacidade de implementar reformas e \u201csua falta de independ\u00eancia diante da influ\u00eancia pol\u00edtica indevida\u201d de outros pa\u00edses-membros, uma refer\u00eancia direta \u00e0 China.<br>Um funcion\u00e1rio do Departamento de Sa\u00fade americano ressaltou nesta quinta-feira \u00e0 imprensa que seu pa\u00eds chegou a pagar 25% do or\u00e7amento da OMS, que a entidade nunca teve um diretor-geral americano e que a pr\u00f3pria ag\u00eancia tentou evitar que outros pa\u00edses pagassem mais cotas devido \u00e0 grande carga que Washington suportava.<\/p>\n\n\n<div class=\"wp-block-image\">\n<figure class=\"aligncenter size-full\"><a href=\"https:\/\/www.cesconetto.com.br\/\"><img loading=\"lazy\" decoding=\"async\" width=\"300\" height=\"250\" src=\"https:\/\/jornalfatosenoticias.com.br\/wp-content\/uploads\/2022\/02\/Banner-2.png\" alt=\"\" class=\"wp-image-27877\"\/><\/a><\/figure>\n<\/div>\n\n\n<blockquote class=\"wp-block-quote is-layout-flow wp-block-quote-is-layout-flow\">\n<p><mark style=\"background-color:rgba(0, 0, 0, 0)\" class=\"has-inline-color has-luminous-vivid-orange-color\">Existem diversos exemplos, tanto recentes como hist\u00f3ricos, das defici\u00eancias da OMS, mas o ponto principal \u00e9 que lhes pag\u00e1vamos, confi\u00e1vamos neles e eles falharam e n\u00e3o assumiram nenhuma responsabilidade por seu fracasso\u201d, acrescentou o funcion\u00e1rio.<\/mark><\/p>\n<\/blockquote>\n\n\n<div class=\"wp-block-image\">\n<figure class=\"aligncenter size-large is-resized\"><a href=\"https:\/\/www.instagram.com\/restaurantepegoretti\/\"><img loading=\"lazy\" decoding=\"async\" width=\"1024\" height=\"389\" src=\"https:\/\/jornalfatosenoticias.com.br\/wp-content\/uploads\/2023\/12\/pegoretti-logo-pdf-1024x389.jpg\" alt=\"\" class=\"wp-image-47536\" style=\"aspect-ratio:2.632371267633717;width:645px;height:auto\" srcset=\"https:\/\/jornalfatosenoticias.com.br\/wp-content\/uploads\/2023\/12\/pegoretti-logo-pdf-1024x389.jpg 1024w, https:\/\/jornalfatosenoticias.com.br\/wp-content\/uploads\/2023\/12\/pegoretti-logo-pdf-300x114.jpg 300w, https:\/\/jornalfatosenoticias.com.br\/wp-content\/uploads\/2023\/12\/pegoretti-logo-pdf-768x291.jpg 768w, https:\/\/jornalfatosenoticias.com.br\/wp-content\/uploads\/2023\/12\/pegoretti-logo-pdf.jpg 1120w\" sizes=\"auto, (max-width: 1024px) 100vw, 1024px\" \/><\/a><\/figure>\n<\/div>\n\n\n<p>\u201cContinuaremos trabalhando com os pa\u00edses e os minist\u00e9rios da Sa\u00fade, como fizemos durante d\u00e9cadas, e continuaremos desenvolvendo essas rela\u00e7\u00f5es e utilizando-as de uma maneira que seja mutuamente ben\u00e9fica e que respeite a soberania tanto do nosso pa\u00eds quanto a de outros pa\u00edses\u201d, afirmou. Quando a OMS foi fundada, em 1948, os EUA se uniram \u00e0 entidade mediante uma resolu\u00e7\u00e3o conjunta do Congresso na qual se estipulou que se reservava ao pa\u00eds, diferentemente dos demais membros, o direito de se retirar da ag\u00eancia.<br>Outro funcion\u00e1rio do governo americano afirmou ontem, em rela\u00e7\u00e3o \u00e0s cotas que Washington tem a pagar, que os termos da resolu\u00e7\u00e3o de 1948 n\u00e3o incluem nada relativo a que, como condi\u00e7\u00e3o para sair da OMS, \u201cse deva realizar qualquer pagamento antes que a retirada se torne efetiva\u201d. O governo Trump insistiu em v\u00e1rias ocasi\u00f5es que n\u00e3o tem inten\u00e7\u00e3o de quitar suas cotas correspondentes ao per\u00edodo 2024-2025, que se estima que sejam de US$ 260 milh\u00f5es a US$ 280 milh\u00f5es.<\/p>\n\n\n<div class=\"wp-block-image\">\n<figure class=\"aligncenter size-large is-resized\"><a href=\"https:\/\/www.instagram.com\/serra4x4cambioautomatico\/\"><img loading=\"lazy\" decoding=\"async\" width=\"886\" height=\"1024\" src=\"https:\/\/jornalfatosenoticias.com.br\/wp-content\/uploads\/2024\/08\/Serra-4x4-1-886x1024.jpg\" alt=\"\" class=\"wp-image-53632\" style=\"aspect-ratio:0.8652368390870513;width:313px;height:auto\" srcset=\"https:\/\/jornalfatosenoticias.com.br\/wp-content\/uploads\/2024\/08\/Serra-4x4-1-886x1024.jpg 886w, https:\/\/jornalfatosenoticias.com.br\/wp-content\/uploads\/2024\/08\/Serra-4x4-1-260x300.jpg 260w, https:\/\/jornalfatosenoticias.com.br\/wp-content\/uploads\/2024\/08\/Serra-4x4-1-768x888.jpg 768w, https:\/\/jornalfatosenoticias.com.br\/wp-content\/uploads\/2024\/08\/Serra-4x4-1.jpg 1181w\" sizes=\"auto, (max-width: 886px) 100vw, 886px\" \/><\/a><\/figure>\n<\/div>\n\n\n<p><strong><mark style=\"background-color:rgba(0, 0, 0, 0)\" class=\"has-inline-color has-black-color\">(Foto: Getty Images)<\/mark><\/strong><\/p>\n\n\n\n<p><strong>Fonte: <a href=\"https:\/\/www.gazetadopovo.com.br\/mundo\/eua-anunciam-saida-efetiva-oms-dizem-nao-pagarao-cotas-pendentes\/\">Gazeta do Povo<\/a><\/strong><\/p>\n","protected":false},"excerpt":{"rendered":"<p>Sede da OMS em Genebra, na Su\u00ed\u00e7a: retirada efetiva da ag\u00eancia da ONU cumpre ordem executiva assinada por Trump em 2025 Os Estados Unidos oficializaram, nesta quinta-feira (22), sua sa\u00edda da Organiza\u00e7\u00e3o Mundial da Sa\u00fade (OMS), uma decis\u00e3o que parte de uma ordem executiva assinada em 2025 pelo presidente do pa\u00eds, Donald Trump. No dia [&hellip;]<\/p>\n","protected":false},"author":2,"featured_media":64655,"comment_status":"open","ping_status":"open","sticky":false,"template":"","format":"standard","meta":{"footnotes":""},"categories":[41],"tags":[25186,159,333,27098,89,1143],"class_list":["post-64654","post","type-post","status-publish","format-standard","has-post-thumbnail","hentry","category-internacional","tag-agencia-da-onu","tag-eua","tag-genebra","tag-governo-trump","tag-oms","tag-suica"],"yoast_head":"<!-- This site is optimized with the Yoast SEO plugin v26.5 - https:\/\/yoast.com\/wordpress\/plugins\/seo\/ -->\n<title>EUA anunciam sa\u00edda efetiva da OMS e dizem que n\u00e3o pagar\u00e3o cotas pendentes - Jornal Fatos e Not\u00edcias<\/title>\n<meta name=\"robots\" content=\"index, follow, max-snippet:-1, max-image-preview:large, max-video-preview:-1\" \/>\n<link rel=\"canonical\" href=\"https:\/\/jornalfatosenoticias.com.br\/index.php\/2026\/01\/23\/eua-anunciam-saida-efetiva-da-oms-e-dizem-que-nao-pagarao-cotas-pendentes\/\" \/>\n<meta property=\"og:locale\" content=\"pt_BR\" \/>\n<meta property=\"og:type\" content=\"article\" \/>\n<meta property=\"og:title\" content=\"EUA anunciam sa\u00edda efetiva da OMS e dizem que n\u00e3o pagar\u00e3o cotas pendentes - Jornal Fatos e Not\u00edcias\" \/>\n<meta property=\"og:description\" content=\"Sede da OMS em Genebra, na Su\u00ed\u00e7a: retirada efetiva da ag\u00eancia da ONU cumpre ordem executiva assinada por Trump em 2025 Os Estados Unidos oficializaram, nesta quinta-feira (22), sua sa\u00edda da Organiza\u00e7\u00e3o Mundial da Sa\u00fade (OMS), uma decis\u00e3o que parte de uma ordem executiva assinada em 2025 pelo presidente do pa\u00eds, Donald Trump. No dia [&hellip;]\" \/>\n<meta property=\"og:url\" content=\"https:\/\/jornalfatosenoticias.com.br\/index.php\/2026\/01\/23\/eua-anunciam-saida-efetiva-da-oms-e-dizem-que-nao-pagarao-cotas-pendentes\/\" \/>\n<meta property=\"og:site_name\" content=\"Jornal Fatos e Not\u00edcias\" \/>\n<meta property=\"article:published_time\" content=\"2026-01-23T19:09:34+00:00\" \/>\n<meta property=\"article:modified_time\" content=\"2026-01-23T19:09:36+00:00\" \/>\n<meta property=\"og:image\" content=\"https:\/\/jornalfatosenoticias.com.br\/wp-content\/uploads\/2026\/01\/OMS_gettyimages.jpg\" \/>\n\t<meta property=\"og:image:width\" content=\"612\" \/>\n\t<meta property=\"og:image:height\" content=\"408\" \/>\n\t<meta property=\"og:image:type\" content=\"image\/jpeg\" \/>\n<meta name=\"author\" content=\"Luzimara Fernandes\" \/>\n<meta name=\"twitter:card\" content=\"summary_large_image\" \/>\n<meta name=\"twitter:label1\" content=\"Escrito por\" \/>\n\t<meta name=\"twitter:data1\" content=\"Luzimara Fernandes\" \/>\n\t<meta name=\"twitter:label2\" content=\"Est. tempo de leitura\" \/>\n\t<meta name=\"twitter:data2\" content=\"4 minutos\" \/>\n<script type=\"application\/ld+json\" class=\"yoast-schema-graph\">{\"@context\":\"https:\/\/schema.org\",\"@graph\":[{\"@type\":\"Article\",\"@id\":\"https:\/\/jornalfatosenoticias.com.br\/index.php\/2026\/01\/23\/eua-anunciam-saida-efetiva-da-oms-e-dizem-que-nao-pagarao-cotas-pendentes\/#article\",\"isPartOf\":{\"@id\":\"https:\/\/jornalfatosenoticias.com.br\/index.php\/2026\/01\/23\/eua-anunciam-saida-efetiva-da-oms-e-dizem-que-nao-pagarao-cotas-pendentes\/\"},\"author\":{\"name\":\"Luzimara Fernandes\",\"@id\":\"https:\/\/jornalfatosenoticias.com.br\/#\/schema\/person\/d63837fa13ac8666eb9e74e0985d6f81\"},\"headline\":\"EUA anunciam sa\u00edda efetiva da OMS e dizem que n\u00e3o pagar\u00e3o cotas pendentes\",\"datePublished\":\"2026-01-23T19:09:34+00:00\",\"dateModified\":\"2026-01-23T19:09:36+00:00\",\"mainEntityOfPage\":{\"@id\":\"https:\/\/jornalfatosenoticias.com.br\/index.php\/2026\/01\/23\/eua-anunciam-saida-efetiva-da-oms-e-dizem-que-nao-pagarao-cotas-pendentes\/\"},\"wordCount\":472,\"commentCount\":0,\"publisher\":{\"@id\":\"https:\/\/jornalfatosenoticias.com.br\/#organization\"},\"image\":{\"@id\":\"https:\/\/jornalfatosenoticias.com.br\/index.php\/2026\/01\/23\/eua-anunciam-saida-efetiva-da-oms-e-dizem-que-nao-pagarao-cotas-pendentes\/#primaryimage\"},\"thumbnailUrl\":\"https:\/\/jornalfatosenoticias.com.br\/wp-content\/uploads\/2026\/01\/OMS_gettyimages.jpg\",\"keywords\":[\"ag\u00eancia da ONU\",\"EUA\",\"Genebra\",\"governo Trump\",\"oms\",\"Su\u00ed\u00e7a\"],\"articleSection\":[\"Internacional\"],\"inLanguage\":\"pt-BR\",\"potentialAction\":[{\"@type\":\"CommentAction\",\"name\":\"Comment\",\"target\":[\"https:\/\/jornalfatosenoticias.com.br\/index.php\/2026\/01\/23\/eua-anunciam-saida-efetiva-da-oms-e-dizem-que-nao-pagarao-cotas-pendentes\/#respond\"]}]},{\"@type\":\"WebPage\",\"@id\":\"https:\/\/jornalfatosenoticias.com.br\/index.php\/2026\/01\/23\/eua-anunciam-saida-efetiva-da-oms-e-dizem-que-nao-pagarao-cotas-pendentes\/\",\"url\":\"https:\/\/jornalfatosenoticias.com.br\/index.php\/2026\/01\/23\/eua-anunciam-saida-efetiva-da-oms-e-dizem-que-nao-pagarao-cotas-pendentes\/\",\"name\":\"EUA anunciam sa\u00edda efetiva da OMS e dizem que n\u00e3o pagar\u00e3o cotas pendentes - Jornal Fatos e Not\u00edcias\",\"isPartOf\":{\"@id\":\"https:\/\/jornalfatosenoticias.com.br\/#website\"},\"primaryImageOfPage\":{\"@id\":\"https:\/\/jornalfatosenoticias.com.br\/index.php\/2026\/01\/23\/eua-anunciam-saida-efetiva-da-oms-e-dizem-que-nao-pagarao-cotas-pendentes\/#primaryimage\"},\"image\":{\"@id\":\"https:\/\/jornalfatosenoticias.com.br\/index.php\/2026\/01\/23\/eua-anunciam-saida-efetiva-da-oms-e-dizem-que-nao-pagarao-cotas-pendentes\/#primaryimage\"},\"thumbnailUrl\":\"https:\/\/jornalfatosenoticias.com.br\/wp-content\/uploads\/2026\/01\/OMS_gettyimages.jpg\",\"datePublished\":\"2026-01-23T19:09:34+00:00\",\"dateModified\":\"2026-01-23T19:09:36+00:00\",\"breadcrumb\":{\"@id\":\"https:\/\/jornalfatosenoticias.com.br\/index.php\/2026\/01\/23\/eua-anunciam-saida-efetiva-da-oms-e-dizem-que-nao-pagarao-cotas-pendentes\/#breadcrumb\"},\"inLanguage\":\"pt-BR\",\"potentialAction\":[{\"@type\":\"ReadAction\",\"target\":[\"https:\/\/jornalfatosenoticias.com.br\/index.php\/2026\/01\/23\/eua-anunciam-saida-efetiva-da-oms-e-dizem-que-nao-pagarao-cotas-pendentes\/\"]}]},{\"@type\":\"ImageObject\",\"inLanguage\":\"pt-BR\",\"@id\":\"https:\/\/jornalfatosenoticias.com.br\/index.php\/2026\/01\/23\/eua-anunciam-saida-efetiva-da-oms-e-dizem-que-nao-pagarao-cotas-pendentes\/#primaryimage\",\"url\":\"https:\/\/jornalfatosenoticias.com.br\/wp-content\/uploads\/2026\/01\/OMS_gettyimages.jpg\",\"contentUrl\":\"https:\/\/jornalfatosenoticias.com.br\/wp-content\/uploads\/2026\/01\/OMS_gettyimages.jpg\",\"width\":612,\"height\":408,\"caption\":\"The World Health Organization (WHO) headquarter building stands in Geneva, Switzerland, on Tuesday, May 14, 2019. While the Swiss city\u00a0has largely recovered from the end of\u00a0secrecy at financial institutions, which shrank the number of banks there\u00a0by a quarter since 2005,\u00a0\u00a0it faces\u00a0questions about its allure\u00a0for international businesses and the worlds wealthy. Photographer: Stefan Wermuth\/Bloomberg via Getty Images\"},{\"@type\":\"BreadcrumbList\",\"@id\":\"https:\/\/jornalfatosenoticias.com.br\/index.php\/2026\/01\/23\/eua-anunciam-saida-efetiva-da-oms-e-dizem-que-nao-pagarao-cotas-pendentes\/#breadcrumb\",\"itemListElement\":[{\"@type\":\"ListItem\",\"position\":1,\"name\":\"In\u00edcio\",\"item\":\"https:\/\/jornalfatosenoticias.com.br\/\"},{\"@type\":\"ListItem\",\"position\":2,\"name\":\"EUA anunciam sa\u00edda efetiva da OMS e dizem que n\u00e3o pagar\u00e3o cotas pendentes\"}]},{\"@type\":\"WebSite\",\"@id\":\"https:\/\/jornalfatosenoticias.com.br\/#website\",\"url\":\"https:\/\/jornalfatosenoticias.com.br\/\",\"name\":\"Jornal Fatos e Not\u00edcias\",\"description\":\"Not\u00edcias em geral\",\"publisher\":{\"@id\":\"https:\/\/jornalfatosenoticias.com.br\/#organization\"},\"potentialAction\":[{\"@type\":\"SearchAction\",\"target\":{\"@type\":\"EntryPoint\",\"urlTemplate\":\"https:\/\/jornalfatosenoticias.com.br\/?s={search_term_string}\"},\"query-input\":{\"@type\":\"PropertyValueSpecification\",\"valueRequired\":true,\"valueName\":\"search_term_string\"}}],\"inLanguage\":\"pt-BR\"},{\"@type\":\"Organization\",\"@id\":\"https:\/\/jornalfatosenoticias.com.br\/#organization\",\"name\":\"Jornal Fatos e Not\u00edcias\",\"url\":\"https:\/\/jornalfatosenoticias.com.br\/\",\"logo\":{\"@type\":\"ImageObject\",\"inLanguage\":\"pt-BR\",\"@id\":\"https:\/\/jornalfatosenoticias.com.br\/#\/schema\/logo\/image\/\",\"url\":\"https:\/\/jornalfatosenoticias.com.br\/wp-content\/uploads\/2020\/02\/logo120.png\",\"contentUrl\":\"https:\/\/jornalfatosenoticias.com.br\/wp-content\/uploads\/2020\/02\/logo120.png\",\"width\":1227,\"height\":120,\"caption\":\"Jornal Fatos e Not\u00edcias\"},\"image\":{\"@id\":\"https:\/\/jornalfatosenoticias.com.br\/#\/schema\/logo\/image\/\"}},{\"@type\":\"Person\",\"@id\":\"https:\/\/jornalfatosenoticias.com.br\/#\/schema\/person\/d63837fa13ac8666eb9e74e0985d6f81\",\"name\":\"Luzimara Fernandes\",\"image\":{\"@type\":\"ImageObject\",\"inLanguage\":\"pt-BR\",\"@id\":\"https:\/\/jornalfatosenoticias.com.br\/#\/schema\/person\/image\/\",\"url\":\"https:\/\/jornalfatosenoticias.com.br\/wp-content\/uploads\/2025\/05\/EU_portal.jpg\",\"contentUrl\":\"https:\/\/jornalfatosenoticias.com.br\/wp-content\/uploads\/2025\/05\/EU_portal.jpg\",\"caption\":\"Luzimara Fernandes\"},\"description\":\"Jornalista MTB 2358-ES\",\"sameAs\":[\"https:\/\/jornalfatosenoticias.com.br\"],\"url\":\"https:\/\/jornalfatosenoticias.com.br\/index.php\/author\/luzimara\/\"}]}<\/script>\n<!-- \/ Yoast SEO plugin. -->","yoast_head_json":{"title":"EUA anunciam sa\u00edda efetiva da OMS e dizem que n\u00e3o pagar\u00e3o cotas pendentes - Jornal Fatos e Not\u00edcias","robots":{"index":"index","follow":"follow","max-snippet":"max-snippet:-1","max-image-preview":"max-image-preview:large","max-video-preview":"max-video-preview:-1"},"canonical":"https:\/\/jornalfatosenoticias.com.br\/index.php\/2026\/01\/23\/eua-anunciam-saida-efetiva-da-oms-e-dizem-que-nao-pagarao-cotas-pendentes\/","og_locale":"pt_BR","og_type":"article","og_title":"EUA anunciam sa\u00edda efetiva da OMS e dizem que n\u00e3o pagar\u00e3o cotas pendentes - Jornal Fatos e Not\u00edcias","og_description":"Sede da OMS em Genebra, na Su\u00ed\u00e7a: retirada efetiva da ag\u00eancia da ONU cumpre ordem executiva assinada por Trump em 2025 Os Estados Unidos oficializaram, nesta quinta-feira (22), sua sa\u00edda da Organiza\u00e7\u00e3o Mundial da Sa\u00fade (OMS), uma decis\u00e3o que parte de uma ordem executiva assinada em 2025 pelo presidente do pa\u00eds, Donald Trump. No dia [&hellip;]","og_url":"https:\/\/jornalfatosenoticias.com.br\/index.php\/2026\/01\/23\/eua-anunciam-saida-efetiva-da-oms-e-dizem-que-nao-pagarao-cotas-pendentes\/","og_site_name":"Jornal Fatos e Not\u00edcias","article_published_time":"2026-01-23T19:09:34+00:00","article_modified_time":"2026-01-23T19:09:36+00:00","og_image":[{"width":612,"height":408,"url":"https:\/\/jornalfatosenoticias.com.br\/wp-content\/uploads\/2026\/01\/OMS_gettyimages.jpg","type":"image\/jpeg"}],"author":"Luzimara Fernandes","twitter_card":"summary_large_image","twitter_misc":{"Escrito por":"Luzimara Fernandes","Est. tempo de leitura":"4 minutos"},"schema":{"@context":"https:\/\/schema.org","@graph":[{"@type":"Article","@id":"https:\/\/jornalfatosenoticias.com.br\/index.php\/2026\/01\/23\/eua-anunciam-saida-efetiva-da-oms-e-dizem-que-nao-pagarao-cotas-pendentes\/#article","isPartOf":{"@id":"https:\/\/jornalfatosenoticias.com.br\/index.php\/2026\/01\/23\/eua-anunciam-saida-efetiva-da-oms-e-dizem-que-nao-pagarao-cotas-pendentes\/"},"author":{"name":"Luzimara Fernandes","@id":"https:\/\/jornalfatosenoticias.com.br\/#\/schema\/person\/d63837fa13ac8666eb9e74e0985d6f81"},"headline":"EUA anunciam sa\u00edda efetiva da OMS e dizem que n\u00e3o pagar\u00e3o cotas pendentes","datePublished":"2026-01-23T19:09:34+00:00","dateModified":"2026-01-23T19:09:36+00:00","mainEntityOfPage":{"@id":"https:\/\/jornalfatosenoticias.com.br\/index.php\/2026\/01\/23\/eua-anunciam-saida-efetiva-da-oms-e-dizem-que-nao-pagarao-cotas-pendentes\/"},"wordCount":472,"commentCount":0,"publisher":{"@id":"https:\/\/jornalfatosenoticias.com.br\/#organization"},"image":{"@id":"https:\/\/jornalfatosenoticias.com.br\/index.php\/2026\/01\/23\/eua-anunciam-saida-efetiva-da-oms-e-dizem-que-nao-pagarao-cotas-pendentes\/#primaryimage"},"thumbnailUrl":"https:\/\/jornalfatosenoticias.com.br\/wp-content\/uploads\/2026\/01\/OMS_gettyimages.jpg","keywords":["ag\u00eancia da ONU","EUA","Genebra","governo Trump","oms","Su\u00ed\u00e7a"],"articleSection":["Internacional"],"inLanguage":"pt-BR","potentialAction":[{"@type":"CommentAction","name":"Comment","target":["https:\/\/jornalfatosenoticias.com.br\/index.php\/2026\/01\/23\/eua-anunciam-saida-efetiva-da-oms-e-dizem-que-nao-pagarao-cotas-pendentes\/#respond"]}]},{"@type":"WebPage","@id":"https:\/\/jornalfatosenoticias.com.br\/index.php\/2026\/01\/23\/eua-anunciam-saida-efetiva-da-oms-e-dizem-que-nao-pagarao-cotas-pendentes\/","url":"https:\/\/jornalfatosenoticias.com.br\/index.php\/2026\/01\/23\/eua-anunciam-saida-efetiva-da-oms-e-dizem-que-nao-pagarao-cotas-pendentes\/","name":"EUA anunciam sa\u00edda efetiva da OMS e dizem que n\u00e3o pagar\u00e3o cotas pendentes - Jornal Fatos e Not\u00edcias","isPartOf":{"@id":"https:\/\/jornalfatosenoticias.com.br\/#website"},"primaryImageOfPage":{"@id":"https:\/\/jornalfatosenoticias.com.br\/index.php\/2026\/01\/23\/eua-anunciam-saida-efetiva-da-oms-e-dizem-que-nao-pagarao-cotas-pendentes\/#primaryimage"},"image":{"@id":"https:\/\/jornalfatosenoticias.com.br\/index.php\/2026\/01\/23\/eua-anunciam-saida-efetiva-da-oms-e-dizem-que-nao-pagarao-cotas-pendentes\/#primaryimage"},"thumbnailUrl":"https:\/\/jornalfatosenoticias.com.br\/wp-content\/uploads\/2026\/01\/OMS_gettyimages.jpg","datePublished":"2026-01-23T19:09:34+00:00","dateModified":"2026-01-23T19:09:36+00:00","breadcrumb":{"@id":"https:\/\/jornalfatosenoticias.com.br\/index.php\/2026\/01\/23\/eua-anunciam-saida-efetiva-da-oms-e-dizem-que-nao-pagarao-cotas-pendentes\/#breadcrumb"},"inLanguage":"pt-BR","potentialAction":[{"@type":"ReadAction","target":["https:\/\/jornalfatosenoticias.com.br\/index.php\/2026\/01\/23\/eua-anunciam-saida-efetiva-da-oms-e-dizem-que-nao-pagarao-cotas-pendentes\/"]}]},{"@type":"ImageObject","inLanguage":"pt-BR","@id":"https:\/\/jornalfatosenoticias.com.br\/index.php\/2026\/01\/23\/eua-anunciam-saida-efetiva-da-oms-e-dizem-que-nao-pagarao-cotas-pendentes\/#primaryimage","url":"https:\/\/jornalfatosenoticias.com.br\/wp-content\/uploads\/2026\/01\/OMS_gettyimages.jpg","contentUrl":"https:\/\/jornalfatosenoticias.com.br\/wp-content\/uploads\/2026\/01\/OMS_gettyimages.jpg","width":612,"height":408,"caption":"The World Health Organization (WHO) headquarter building stands in Geneva, Switzerland, on Tuesday, May 14, 2019. While the Swiss city\u00a0has largely recovered from the end of\u00a0secrecy at financial institutions, which shrank the number of banks there\u00a0by a quarter since 2005,\u00a0\u00a0it faces\u00a0questions about its allure\u00a0for international businesses and the worlds wealthy. Photographer: Stefan Wermuth\/Bloomberg via Getty Images"},{"@type":"BreadcrumbList","@id":"https:\/\/jornalfatosenoticias.com.br\/index.php\/2026\/01\/23\/eua-anunciam-saida-efetiva-da-oms-e-dizem-que-nao-pagarao-cotas-pendentes\/#breadcrumb","itemListElement":[{"@type":"ListItem","position":1,"name":"In\u00edcio","item":"https:\/\/jornalfatosenoticias.com.br\/"},{"@type":"ListItem","position":2,"name":"EUA anunciam sa\u00edda efetiva da OMS e dizem que n\u00e3o pagar\u00e3o cotas pendentes"}]},{"@type":"WebSite","@id":"https:\/\/jornalfatosenoticias.com.br\/#website","url":"https:\/\/jornalfatosenoticias.com.br\/","name":"Jornal Fatos e Not\u00edcias","description":"Not\u00edcias em geral","publisher":{"@id":"https:\/\/jornalfatosenoticias.com.br\/#organization"},"potentialAction":[{"@type":"SearchAction","target":{"@type":"EntryPoint","urlTemplate":"https:\/\/jornalfatosenoticias.com.br\/?s={search_term_string}"},"query-input":{"@type":"PropertyValueSpecification","valueRequired":true,"valueName":"search_term_string"}}],"inLanguage":"pt-BR"},{"@type":"Organization","@id":"https:\/\/jornalfatosenoticias.com.br\/#organization","name":"Jornal Fatos e Not\u00edcias","url":"https:\/\/jornalfatosenoticias.com.br\/","logo":{"@type":"ImageObject","inLanguage":"pt-BR","@id":"https:\/\/jornalfatosenoticias.com.br\/#\/schema\/logo\/image\/","url":"https:\/\/jornalfatosenoticias.com.br\/wp-content\/uploads\/2020\/02\/logo120.png","contentUrl":"https:\/\/jornalfatosenoticias.com.br\/wp-content\/uploads\/2020\/02\/logo120.png","width":1227,"height":120,"caption":"Jornal Fatos e Not\u00edcias"},"image":{"@id":"https:\/\/jornalfatosenoticias.com.br\/#\/schema\/logo\/image\/"}},{"@type":"Person","@id":"https:\/\/jornalfatosenoticias.com.br\/#\/schema\/person\/d63837fa13ac8666eb9e74e0985d6f81","name":"Luzimara Fernandes","image":{"@type":"ImageObject","inLanguage":"pt-BR","@id":"https:\/\/jornalfatosenoticias.com.br\/#\/schema\/person\/image\/","url":"https:\/\/jornalfatosenoticias.com.br\/wp-content\/uploads\/2025\/05\/EU_portal.jpg","contentUrl":"https:\/\/jornalfatosenoticias.com.br\/wp-content\/uploads\/2025\/05\/EU_portal.jpg","caption":"Luzimara Fernandes"},"description":"Jornalista MTB 2358-ES","sameAs":["https:\/\/jornalfatosenoticias.com.br"],"url":"https:\/\/jornalfatosenoticias.com.br\/index.php\/author\/luzimara\/"}]}},"cc_featured_image_caption":{"caption_text":"","source_text":"","source_url":""},"jetpack_featured_media_url":"https:\/\/jornalfatosenoticias.com.br\/wp-content\/uploads\/2026\/01\/OMS_gettyimages.jpg","_links":{"self":[{"href":"https:\/\/jornalfatosenoticias.com.br\/index.php\/wp-json\/wp\/v2\/posts\/64654","targetHints":{"allow":["GET"]}}],"collection":[{"href":"https:\/\/jornalfatosenoticias.com.br\/index.php\/wp-json\/wp\/v2\/posts"}],"about":[{"href":"https:\/\/jornalfatosenoticias.com.br\/index.php\/wp-json\/wp\/v2\/types\/post"}],"author":[{"embeddable":true,"href":"https:\/\/jornalfatosenoticias.com.br\/index.php\/wp-json\/wp\/v2\/users\/2"}],"replies":[{"embeddable":true,"href":"https:\/\/jornalfatosenoticias.com.br\/index.php\/wp-json\/wp\/v2\/comments?post=64654"}],"version-history":[{"count":1,"href":"https:\/\/jornalfatosenoticias.com.br\/index.php\/wp-json\/wp\/v2\/posts\/64654\/revisions"}],"predecessor-version":[{"id":64656,"href":"https:\/\/jornalfatosenoticias.com.br\/index.php\/wp-json\/wp\/v2\/posts\/64654\/revisions\/64656"}],"wp:featuredmedia":[{"embeddable":true,"href":"https:\/\/jornalfatosenoticias.com.br\/index.php\/wp-json\/wp\/v2\/media\/64655"}],"wp:attachment":[{"href":"https:\/\/jornalfatosenoticias.com.br\/index.php\/wp-json\/wp\/v2\/media?parent=64654"}],"wp:term":[{"taxonomy":"category","embeddable":true,"href":"https:\/\/jornalfatosenoticias.com.br\/index.php\/wp-json\/wp\/v2\/categories?post=64654"},{"taxonomy":"post_tag","embeddable":true,"href":"https:\/\/jornalfatosenoticias.com.br\/index.php\/wp-json\/wp\/v2\/tags?post=64654"}],"curies":[{"name":"wp","href":"https:\/\/api.w.org\/{rel}","templated":true}]}}