{"id":64657,"date":"2026-01-23T16:18:42","date_gmt":"2026-01-23T19:18:42","guid":{"rendered":"https:\/\/jornalfatosenoticias.com.br\/?p=64657"},"modified":"2026-01-23T16:18:44","modified_gmt":"2026-01-23T19:18:44","slug":"brasil-nao-deve-aderir-ao-conselho-da-paz-de-trump-diz-amorim","status":"publish","type":"post","link":"https:\/\/jornalfatosenoticias.com.br\/index.php\/2026\/01\/23\/brasil-nao-deve-aderir-ao-conselho-da-paz-de-trump-diz-amorim\/","title":{"rendered":"Brasil n\u00e3o deve aderir ao Conselho da Paz de Trump, diz Amorim"},"content":{"rendered":"\n<p><em><mark style=\"background-color:rgba(0, 0, 0, 0)\" class=\"has-inline-color has-black-color\">Assessor de Lula para rela\u00e7\u00f5es exteriores afirma que estatuto do conselho deixa d\u00favidas sobre real atua\u00e7\u00e3o de Trump<\/mark><\/em><\/p>\n\n\n\n<p><mark style=\"background-color:rgba(0, 0, 0, 0)\" class=\"has-inline-color has-black-color\">Por <strong><a href=\"https:\/\/www.gazetadopovo.com.br\/autor\/guilherme-grandi\/\">Guilherme Grandi<\/a><\/strong><\/mark><\/p>\n\n\n<div class=\"wp-block-image\">\n<figure class=\"aligncenter size-full is-resized\"><a href=\"https:\/\/www.instagram.com\/kalynecalais\/\"><img loading=\"lazy\" decoding=\"async\" width=\"969\" height=\"406\" src=\"https:\/\/jornalfatosenoticias.com.br\/wp-content\/uploads\/2024\/09\/Legis-Juris-Consultoria_logo.jpg\" alt=\"\" class=\"wp-image-53915\" style=\"aspect-ratio:2.3868022598870056;width:616px;height:auto\" srcset=\"https:\/\/jornalfatosenoticias.com.br\/wp-content\/uploads\/2024\/09\/Legis-Juris-Consultoria_logo.jpg 969w, https:\/\/jornalfatosenoticias.com.br\/wp-content\/uploads\/2024\/09\/Legis-Juris-Consultoria_logo-300x126.jpg 300w, https:\/\/jornalfatosenoticias.com.br\/wp-content\/uploads\/2024\/09\/Legis-Juris-Consultoria_logo-768x322.jpg 768w\" sizes=\"auto, (max-width: 969px) 100vw, 969px\" \/><\/a><\/figure>\n<\/div>\n\n\n<p>O assessor especial de <a href=\"https:\/\/www.gazetadopovo.com.br\/tudo-sobre\/lula\/\" target=\"_blank\" rel=\"noreferrer noopener\">Luiz In\u00e1cio Lula da Silva<\/a>\u00a0(PT) para rela\u00e7\u00f5es exteriores, Celso Amorim, afirmou que o Brasil n\u00e3o deve aderir \u00e0 proposta do presidente dos Estados Unidos,\u00a0<a href=\"https:\/\/www.gazetadopovo.com.br\/mundo\/trump-lanca-conselho-da-paz-veja-quais-paises-aderiram\/\" target=\"_blank\" rel=\"noreferrer noopener\">Donald Trump, de cria\u00e7\u00e3o de um Conselho da Paz<\/a>. O modelo apresentado no convite enviado aos pa\u00edses representa, na vis\u00e3o dele, uma tentativa unilateral de reformar a Organiza\u00e7\u00e3o das Na\u00e7\u00f5es Unidas (ONU), algo que considera inaceit\u00e1vel.<br>Amorim afirmou que a proposta carece de clareza e mistura conceitos distintos, o que gera inseguran\u00e7a sobre seus reais objetivos. Para ele, uma iniciativa desse tipo s\u00f3 faria sentido se fosse resultado de uma resolu\u00e7\u00e3o aprovada no \u00e2mbito da ONU. \u201cSeria preciso saber a opini\u00e3o dos pr\u00f3prios palestinos e de outros pa\u00edses \u00e1rabes. A pr\u00f3pria carta (do conselho proposto por Trump) \u00e9 confusa, porque come\u00e7a a falar de uma coisa e depois vai alargando no documento anexo. Representa, na pr\u00e1tica, uma revoga\u00e7\u00e3o da ONU, sobretudo na \u00e1rea de paz e seguran\u00e7a\u201d, afirmou em entrevista ao jornal O Globo nesta quinta (23).<br>O Conselho da Paz de Trump foi apresentado mais cedo durante a participa\u00e7\u00e3o dele no F\u00f3rum Econ\u00f4mico Mundial de Davos, na Su\u00ed\u00e7a, com a presen\u00e7a de l\u00edderes de outros pa\u00edses que j\u00e1 aderiram ao plano \u2014 entre eles o aliado argentino Javier Milei. Para Celso Amorim, o estatuto do conselho sequer menciona Gaza de forma expl\u00edcita, abrindo margem para atua\u00e7\u00e3o em qualquer conflito internacional. \u201cSeria como um Conselho de Seguran\u00e7a, s\u00f3 que com um presidente praticamente permanente. At\u00e9 agora, os pa\u00edses europeus n\u00e3o aceitaram\u201d, destacou.<\/p>\n\n\n<div class=\"wp-block-image\">\n<figure class=\"aligncenter size-large is-resized\"><a href=\"https:\/\/www.facebook.com\/profile.php?id=100069289606145\"><img loading=\"lazy\" decoding=\"async\" width=\"1024\" height=\"714\" src=\"https:\/\/jornalfatosenoticias.com.br\/wp-content\/uploads\/2024\/11\/Guaitolini-Contabilidade-1024x714.jpeg\" alt=\"\" class=\"wp-image-55808\" style=\"aspect-ratio:1.4341815811629233;width:363px;height:auto\" srcset=\"https:\/\/jornalfatosenoticias.com.br\/wp-content\/uploads\/2024\/11\/Guaitolini-Contabilidade-1024x714.jpeg 1024w, https:\/\/jornalfatosenoticias.com.br\/wp-content\/uploads\/2024\/11\/Guaitolini-Contabilidade-300x209.jpeg 300w, https:\/\/jornalfatosenoticias.com.br\/wp-content\/uploads\/2024\/11\/Guaitolini-Contabilidade-768x535.jpeg 768w, https:\/\/jornalfatosenoticias.com.br\/wp-content\/uploads\/2024\/11\/Guaitolini-Contabilidade.jpeg 1280w\" sizes=\"auto, (max-width: 1024px) 100vw, 1024px\" \/><\/a><\/figure>\n<\/div>\n\n\n<p>Outro detalhe duvidoso citado por Amorim \u00e9 a aus\u00eancia de espa\u00e7o para negocia\u00e7\u00e3o ou ajustes no texto apresentado. De acordo com ele, Trump afirmou que n\u00e3o aceita emendas e que o documento est\u00e1 mais como um \u201ccontrato de ades\u00e3o\u201d, o que dificulta qualquer debate diplom\u00e1tico. \u201cSe fosse poss\u00edvel separar as duas coisas, a\u00ed vamos ver. Mesmo assim, n\u00e3o \u00e9 autom\u00e1tico. \u00c9 preciso conversar, ver se isso interessa aos pr\u00f3prios palestinos e a outros pa\u00edses\u201d, completou.<br>Apesar das cr\u00edticas, Amorim descartou a ideia de que o convite seja uma armadilha direcionada especificamente ao Brasil, visto que Lula e Trump s\u00e3o de campos ideol\u00f3gicos opostos e tiveram rusgas nos \u00faltimos anos. Isso, porque, a proposta foi enviada a outros pa\u00edses, como Fran\u00e7a e It\u00e1lia. \u201cObviamente, Trump tem uma vis\u00e3o de rela\u00e7\u00f5es internacionais em que ele \u00e9 sempre a figura central. Mas n\u00e3o me cabe fazer um julgamento sobre isso\u201d, pontuou.<\/p>\n\n\n<div class=\"wp-block-image\">\n<figure class=\"aligncenter size-full\"><a href=\"http:\/\/www.ferrarimaquinas.com.br\/\"><img loading=\"lazy\" decoding=\"async\" width=\"300\" height=\"250\" src=\"https:\/\/jornalfatosenoticias.com.br\/wp-content\/uploads\/2022\/02\/FERRARI_MAQUINAS-E-FERRAMENTAS2.jpg\" alt=\"\" class=\"wp-image-27860\"\/><\/a><\/figure>\n<\/div>\n\n\n<p>At\u00e9 o momento, Lula n\u00e3o tomou uma decis\u00e3o definitiva sobre a participa\u00e7\u00e3o do Brasil no Conselho da Paz proposto pelos Estados Unidos. Fontes do governo indicam que h\u00e1 d\u00favidas relevantes, principalmente pela falta de consulta \u00e0 popula\u00e7\u00e3o do territ\u00f3rio envolvido sobre seu pr\u00f3prio futuro. O governo brasileiro tamb\u00e9m avalia que a proposta pode enfraquecer o papel da ONU na governan\u00e7a global. Embora Lula defenda uma reforma do organismo internacional, a posi\u00e7\u00e3o do Planalto \u00e9 de que isso deve ocorrer por meio do di\u00e1logo multilateral, e n\u00e3o por iniciativas unilaterais.<\/p>\n\n\n\n<p><strong><mark style=\"background-color:rgba(0, 0, 0, 0)\" class=\"has-inline-color has-black-color\">(Foto: F\u00e1bio Rodrigues-Pozzebom\/Ag\u00eancia Brasil)<\/mark><\/strong><\/p>\n\n\n\n<p><strong>Fonte: <a href=\"https:\/\/www.gazetadopovo.com.br\/republica\/brasil-nao-deve-aderir-conselho-paz-trump-amorim\/\">Gazeta do Povo<\/a><\/strong><\/p>\n","protected":false},"excerpt":{"rendered":"<p>Assessor de Lula para rela\u00e7\u00f5es exteriores afirma que estatuto do conselho deixa d\u00favidas sobre real atua\u00e7\u00e3o de Trump Por Guilherme Grandi O assessor especial de Luiz In\u00e1cio Lula da Silva\u00a0(PT) para rela\u00e7\u00f5es exteriores, Celso Amorim, afirmou que o Brasil n\u00e3o deve aderir \u00e0 proposta do presidente dos Estados Unidos,\u00a0Donald Trump, de cria\u00e7\u00e3o de um Conselho [&hellip;]<\/p>\n","protected":false},"author":2,"featured_media":64658,"comment_status":"open","ping_status":"open","sticky":false,"template":"","format":"standard","meta":{"footnotes":""},"categories":[21374],"tags":[21379,24889,2147,7580,2516,21270],"class_list":["post-64657","post","type-post","status-publish","format-standard","has-post-thumbnail","hentry","category-relacoes-internacionais","tag-celso-amorim","tag-crise-no-oriente-medio","tag-donald-trump","tag-lula","tag-palestina","tag-relacoes-internacionais"],"yoast_head":"<!-- This site is optimized with the Yoast SEO plugin v26.5 - https:\/\/yoast.com\/wordpress\/plugins\/seo\/ -->\n<title>Brasil n\u00e3o deve aderir ao Conselho da Paz de Trump, diz Amorim - Jornal Fatos e Not\u00edcias<\/title>\n<meta name=\"robots\" content=\"index, follow, max-snippet:-1, max-image-preview:large, max-video-preview:-1\" \/>\n<link rel=\"canonical\" href=\"https:\/\/jornalfatosenoticias.com.br\/index.php\/2026\/01\/23\/brasil-nao-deve-aderir-ao-conselho-da-paz-de-trump-diz-amorim\/\" \/>\n<meta property=\"og:locale\" content=\"pt_BR\" \/>\n<meta property=\"og:type\" content=\"article\" \/>\n<meta property=\"og:title\" content=\"Brasil n\u00e3o deve aderir ao Conselho da Paz de Trump, diz Amorim - Jornal Fatos e Not\u00edcias\" \/>\n<meta property=\"og:description\" content=\"Assessor de Lula para rela\u00e7\u00f5es exteriores afirma que estatuto do conselho deixa d\u00favidas sobre real atua\u00e7\u00e3o de Trump Por Guilherme Grandi O assessor especial de Luiz In\u00e1cio Lula da Silva\u00a0(PT) para rela\u00e7\u00f5es exteriores, Celso Amorim, afirmou que o Brasil n\u00e3o deve aderir \u00e0 proposta do presidente dos Estados Unidos,\u00a0Donald Trump, de cria\u00e7\u00e3o de um Conselho [&hellip;]\" \/>\n<meta property=\"og:url\" content=\"https:\/\/jornalfatosenoticias.com.br\/index.php\/2026\/01\/23\/brasil-nao-deve-aderir-ao-conselho-da-paz-de-trump-diz-amorim\/\" \/>\n<meta property=\"og:site_name\" content=\"Jornal Fatos e Not\u00edcias\" \/>\n<meta property=\"article:published_time\" content=\"2026-01-23T19:18:42+00:00\" \/>\n<meta property=\"article:modified_time\" content=\"2026-01-23T19:18:44+00:00\" \/>\n<meta property=\"og:image\" content=\"https:\/\/jornalfatosenoticias.com.br\/wp-content\/uploads\/2026\/01\/lula-com-celso-amorim-foto-fabio-rodrigues-pozzebom-agencia-brasil-960x540-1.jpg\" \/>\n\t<meta property=\"og:image:width\" content=\"960\" \/>\n\t<meta property=\"og:image:height\" content=\"540\" \/>\n\t<meta property=\"og:image:type\" content=\"image\/jpeg\" \/>\n<meta name=\"author\" content=\"Luzimara Fernandes\" \/>\n<meta name=\"twitter:card\" content=\"summary_large_image\" \/>\n<meta name=\"twitter:label1\" content=\"Escrito por\" \/>\n\t<meta name=\"twitter:data1\" content=\"Luzimara Fernandes\" \/>\n\t<meta name=\"twitter:label2\" content=\"Est. tempo de leitura\" \/>\n\t<meta name=\"twitter:data2\" content=\"4 minutos\" \/>\n<script type=\"application\/ld+json\" class=\"yoast-schema-graph\">{\"@context\":\"https:\/\/schema.org\",\"@graph\":[{\"@type\":\"Article\",\"@id\":\"https:\/\/jornalfatosenoticias.com.br\/index.php\/2026\/01\/23\/brasil-nao-deve-aderir-ao-conselho-da-paz-de-trump-diz-amorim\/#article\",\"isPartOf\":{\"@id\":\"https:\/\/jornalfatosenoticias.com.br\/index.php\/2026\/01\/23\/brasil-nao-deve-aderir-ao-conselho-da-paz-de-trump-diz-amorim\/\"},\"author\":{\"name\":\"Luzimara Fernandes\",\"@id\":\"https:\/\/jornalfatosenoticias.com.br\/#\/schema\/person\/d63837fa13ac8666eb9e74e0985d6f81\"},\"headline\":\"Brasil n\u00e3o deve aderir ao Conselho da Paz de Trump, diz Amorim\",\"datePublished\":\"2026-01-23T19:18:42+00:00\",\"dateModified\":\"2026-01-23T19:18:44+00:00\",\"mainEntityOfPage\":{\"@id\":\"https:\/\/jornalfatosenoticias.com.br\/index.php\/2026\/01\/23\/brasil-nao-deve-aderir-ao-conselho-da-paz-de-trump-diz-amorim\/\"},\"wordCount\":589,\"commentCount\":0,\"publisher\":{\"@id\":\"https:\/\/jornalfatosenoticias.com.br\/#organization\"},\"image\":{\"@id\":\"https:\/\/jornalfatosenoticias.com.br\/index.php\/2026\/01\/23\/brasil-nao-deve-aderir-ao-conselho-da-paz-de-trump-diz-amorim\/#primaryimage\"},\"thumbnailUrl\":\"https:\/\/jornalfatosenoticias.com.br\/wp-content\/uploads\/2026\/01\/lula-com-celso-amorim-foto-fabio-rodrigues-pozzebom-agencia-brasil-960x540-1.jpg\",\"keywords\":[\"Celso Amorim\",\"crise no Oriente M\u00e9dio\",\"Donald Trump\",\"Lula\",\"Palestina\",\"rela\u00e7\u00f5es internacionais\"],\"articleSection\":[\"Rela\u00e7\u00f5es Internacionais\"],\"inLanguage\":\"pt-BR\",\"potentialAction\":[{\"@type\":\"CommentAction\",\"name\":\"Comment\",\"target\":[\"https:\/\/jornalfatosenoticias.com.br\/index.php\/2026\/01\/23\/brasil-nao-deve-aderir-ao-conselho-da-paz-de-trump-diz-amorim\/#respond\"]}]},{\"@type\":\"WebPage\",\"@id\":\"https:\/\/jornalfatosenoticias.com.br\/index.php\/2026\/01\/23\/brasil-nao-deve-aderir-ao-conselho-da-paz-de-trump-diz-amorim\/\",\"url\":\"https:\/\/jornalfatosenoticias.com.br\/index.php\/2026\/01\/23\/brasil-nao-deve-aderir-ao-conselho-da-paz-de-trump-diz-amorim\/\",\"name\":\"Brasil n\u00e3o deve aderir ao Conselho da Paz de Trump, diz Amorim - Jornal Fatos e Not\u00edcias\",\"isPartOf\":{\"@id\":\"https:\/\/jornalfatosenoticias.com.br\/#website\"},\"primaryImageOfPage\":{\"@id\":\"https:\/\/jornalfatosenoticias.com.br\/index.php\/2026\/01\/23\/brasil-nao-deve-aderir-ao-conselho-da-paz-de-trump-diz-amorim\/#primaryimage\"},\"image\":{\"@id\":\"https:\/\/jornalfatosenoticias.com.br\/index.php\/2026\/01\/23\/brasil-nao-deve-aderir-ao-conselho-da-paz-de-trump-diz-amorim\/#primaryimage\"},\"thumbnailUrl\":\"https:\/\/jornalfatosenoticias.com.br\/wp-content\/uploads\/2026\/01\/lula-com-celso-amorim-foto-fabio-rodrigues-pozzebom-agencia-brasil-960x540-1.jpg\",\"datePublished\":\"2026-01-23T19:18:42+00:00\",\"dateModified\":\"2026-01-23T19:18:44+00:00\",\"breadcrumb\":{\"@id\":\"https:\/\/jornalfatosenoticias.com.br\/index.php\/2026\/01\/23\/brasil-nao-deve-aderir-ao-conselho-da-paz-de-trump-diz-amorim\/#breadcrumb\"},\"inLanguage\":\"pt-BR\",\"potentialAction\":[{\"@type\":\"ReadAction\",\"target\":[\"https:\/\/jornalfatosenoticias.com.br\/index.php\/2026\/01\/23\/brasil-nao-deve-aderir-ao-conselho-da-paz-de-trump-diz-amorim\/\"]}]},{\"@type\":\"ImageObject\",\"inLanguage\":\"pt-BR\",\"@id\":\"https:\/\/jornalfatosenoticias.com.br\/index.php\/2026\/01\/23\/brasil-nao-deve-aderir-ao-conselho-da-paz-de-trump-diz-amorim\/#primaryimage\",\"url\":\"https:\/\/jornalfatosenoticias.com.br\/wp-content\/uploads\/2026\/01\/lula-com-celso-amorim-foto-fabio-rodrigues-pozzebom-agencia-brasil-960x540-1.jpg\",\"contentUrl\":\"https:\/\/jornalfatosenoticias.com.br\/wp-content\/uploads\/2026\/01\/lula-com-celso-amorim-foto-fabio-rodrigues-pozzebom-agencia-brasil-960x540-1.jpg\",\"width\":960,\"height\":540,\"caption\":\"Bras\u00edlia (DF) 26\/06\/2023 - O assessor especial da presid\u00eancia, Celso Amorim, durante visita do presidente da Argentina, Alberto Fern\u00e1ndez. Foto: F\u00e1bio Rodrigues-Pozzebom\/ Ag\u00eancia Brasil\"},{\"@type\":\"BreadcrumbList\",\"@id\":\"https:\/\/jornalfatosenoticias.com.br\/index.php\/2026\/01\/23\/brasil-nao-deve-aderir-ao-conselho-da-paz-de-trump-diz-amorim\/#breadcrumb\",\"itemListElement\":[{\"@type\":\"ListItem\",\"position\":1,\"name\":\"In\u00edcio\",\"item\":\"https:\/\/jornalfatosenoticias.com.br\/\"},{\"@type\":\"ListItem\",\"position\":2,\"name\":\"Brasil n\u00e3o deve aderir ao Conselho da Paz de Trump, diz Amorim\"}]},{\"@type\":\"WebSite\",\"@id\":\"https:\/\/jornalfatosenoticias.com.br\/#website\",\"url\":\"https:\/\/jornalfatosenoticias.com.br\/\",\"name\":\"Jornal Fatos e Not\u00edcias\",\"description\":\"Not\u00edcias em geral\",\"publisher\":{\"@id\":\"https:\/\/jornalfatosenoticias.com.br\/#organization\"},\"potentialAction\":[{\"@type\":\"SearchAction\",\"target\":{\"@type\":\"EntryPoint\",\"urlTemplate\":\"https:\/\/jornalfatosenoticias.com.br\/?s={search_term_string}\"},\"query-input\":{\"@type\":\"PropertyValueSpecification\",\"valueRequired\":true,\"valueName\":\"search_term_string\"}}],\"inLanguage\":\"pt-BR\"},{\"@type\":\"Organization\",\"@id\":\"https:\/\/jornalfatosenoticias.com.br\/#organization\",\"name\":\"Jornal Fatos e Not\u00edcias\",\"url\":\"https:\/\/jornalfatosenoticias.com.br\/\",\"logo\":{\"@type\":\"ImageObject\",\"inLanguage\":\"pt-BR\",\"@id\":\"https:\/\/jornalfatosenoticias.com.br\/#\/schema\/logo\/image\/\",\"url\":\"https:\/\/jornalfatosenoticias.com.br\/wp-content\/uploads\/2020\/02\/logo120.png\",\"contentUrl\":\"https:\/\/jornalfatosenoticias.com.br\/wp-content\/uploads\/2020\/02\/logo120.png\",\"width\":1227,\"height\":120,\"caption\":\"Jornal Fatos e Not\u00edcias\"},\"image\":{\"@id\":\"https:\/\/jornalfatosenoticias.com.br\/#\/schema\/logo\/image\/\"}},{\"@type\":\"Person\",\"@id\":\"https:\/\/jornalfatosenoticias.com.br\/#\/schema\/person\/d63837fa13ac8666eb9e74e0985d6f81\",\"name\":\"Luzimara Fernandes\",\"image\":{\"@type\":\"ImageObject\",\"inLanguage\":\"pt-BR\",\"@id\":\"https:\/\/jornalfatosenoticias.com.br\/#\/schema\/person\/image\/\",\"url\":\"https:\/\/jornalfatosenoticias.com.br\/wp-content\/uploads\/2025\/05\/EU_portal.jpg\",\"contentUrl\":\"https:\/\/jornalfatosenoticias.com.br\/wp-content\/uploads\/2025\/05\/EU_portal.jpg\",\"caption\":\"Luzimara Fernandes\"},\"description\":\"Jornalista MTB 2358-ES\",\"sameAs\":[\"https:\/\/jornalfatosenoticias.com.br\"],\"url\":\"https:\/\/jornalfatosenoticias.com.br\/index.php\/author\/luzimara\/\"}]}<\/script>\n<!-- \/ Yoast SEO plugin. -->","yoast_head_json":{"title":"Brasil n\u00e3o deve aderir ao Conselho da Paz de Trump, diz Amorim - Jornal Fatos e Not\u00edcias","robots":{"index":"index","follow":"follow","max-snippet":"max-snippet:-1","max-image-preview":"max-image-preview:large","max-video-preview":"max-video-preview:-1"},"canonical":"https:\/\/jornalfatosenoticias.com.br\/index.php\/2026\/01\/23\/brasil-nao-deve-aderir-ao-conselho-da-paz-de-trump-diz-amorim\/","og_locale":"pt_BR","og_type":"article","og_title":"Brasil n\u00e3o deve aderir ao Conselho da Paz de Trump, diz Amorim - Jornal Fatos e Not\u00edcias","og_description":"Assessor de Lula para rela\u00e7\u00f5es exteriores afirma que estatuto do conselho deixa d\u00favidas sobre real atua\u00e7\u00e3o de Trump Por Guilherme Grandi O assessor especial de Luiz In\u00e1cio Lula da Silva\u00a0(PT) para rela\u00e7\u00f5es exteriores, Celso Amorim, afirmou que o Brasil n\u00e3o deve aderir \u00e0 proposta do presidente dos Estados Unidos,\u00a0Donald Trump, de cria\u00e7\u00e3o de um Conselho [&hellip;]","og_url":"https:\/\/jornalfatosenoticias.com.br\/index.php\/2026\/01\/23\/brasil-nao-deve-aderir-ao-conselho-da-paz-de-trump-diz-amorim\/","og_site_name":"Jornal Fatos e Not\u00edcias","article_published_time":"2026-01-23T19:18:42+00:00","article_modified_time":"2026-01-23T19:18:44+00:00","og_image":[{"width":960,"height":540,"url":"https:\/\/jornalfatosenoticias.com.br\/wp-content\/uploads\/2026\/01\/lula-com-celso-amorim-foto-fabio-rodrigues-pozzebom-agencia-brasil-960x540-1.jpg","type":"image\/jpeg"}],"author":"Luzimara Fernandes","twitter_card":"summary_large_image","twitter_misc":{"Escrito por":"Luzimara Fernandes","Est. tempo de leitura":"4 minutos"},"schema":{"@context":"https:\/\/schema.org","@graph":[{"@type":"Article","@id":"https:\/\/jornalfatosenoticias.com.br\/index.php\/2026\/01\/23\/brasil-nao-deve-aderir-ao-conselho-da-paz-de-trump-diz-amorim\/#article","isPartOf":{"@id":"https:\/\/jornalfatosenoticias.com.br\/index.php\/2026\/01\/23\/brasil-nao-deve-aderir-ao-conselho-da-paz-de-trump-diz-amorim\/"},"author":{"name":"Luzimara Fernandes","@id":"https:\/\/jornalfatosenoticias.com.br\/#\/schema\/person\/d63837fa13ac8666eb9e74e0985d6f81"},"headline":"Brasil n\u00e3o deve aderir ao Conselho da Paz de Trump, diz Amorim","datePublished":"2026-01-23T19:18:42+00:00","dateModified":"2026-01-23T19:18:44+00:00","mainEntityOfPage":{"@id":"https:\/\/jornalfatosenoticias.com.br\/index.php\/2026\/01\/23\/brasil-nao-deve-aderir-ao-conselho-da-paz-de-trump-diz-amorim\/"},"wordCount":589,"commentCount":0,"publisher":{"@id":"https:\/\/jornalfatosenoticias.com.br\/#organization"},"image":{"@id":"https:\/\/jornalfatosenoticias.com.br\/index.php\/2026\/01\/23\/brasil-nao-deve-aderir-ao-conselho-da-paz-de-trump-diz-amorim\/#primaryimage"},"thumbnailUrl":"https:\/\/jornalfatosenoticias.com.br\/wp-content\/uploads\/2026\/01\/lula-com-celso-amorim-foto-fabio-rodrigues-pozzebom-agencia-brasil-960x540-1.jpg","keywords":["Celso Amorim","crise no Oriente M\u00e9dio","Donald Trump","Lula","Palestina","rela\u00e7\u00f5es internacionais"],"articleSection":["Rela\u00e7\u00f5es Internacionais"],"inLanguage":"pt-BR","potentialAction":[{"@type":"CommentAction","name":"Comment","target":["https:\/\/jornalfatosenoticias.com.br\/index.php\/2026\/01\/23\/brasil-nao-deve-aderir-ao-conselho-da-paz-de-trump-diz-amorim\/#respond"]}]},{"@type":"WebPage","@id":"https:\/\/jornalfatosenoticias.com.br\/index.php\/2026\/01\/23\/brasil-nao-deve-aderir-ao-conselho-da-paz-de-trump-diz-amorim\/","url":"https:\/\/jornalfatosenoticias.com.br\/index.php\/2026\/01\/23\/brasil-nao-deve-aderir-ao-conselho-da-paz-de-trump-diz-amorim\/","name":"Brasil n\u00e3o deve aderir ao Conselho da Paz de Trump, diz Amorim - Jornal Fatos e Not\u00edcias","isPartOf":{"@id":"https:\/\/jornalfatosenoticias.com.br\/#website"},"primaryImageOfPage":{"@id":"https:\/\/jornalfatosenoticias.com.br\/index.php\/2026\/01\/23\/brasil-nao-deve-aderir-ao-conselho-da-paz-de-trump-diz-amorim\/#primaryimage"},"image":{"@id":"https:\/\/jornalfatosenoticias.com.br\/index.php\/2026\/01\/23\/brasil-nao-deve-aderir-ao-conselho-da-paz-de-trump-diz-amorim\/#primaryimage"},"thumbnailUrl":"https:\/\/jornalfatosenoticias.com.br\/wp-content\/uploads\/2026\/01\/lula-com-celso-amorim-foto-fabio-rodrigues-pozzebom-agencia-brasil-960x540-1.jpg","datePublished":"2026-01-23T19:18:42+00:00","dateModified":"2026-01-23T19:18:44+00:00","breadcrumb":{"@id":"https:\/\/jornalfatosenoticias.com.br\/index.php\/2026\/01\/23\/brasil-nao-deve-aderir-ao-conselho-da-paz-de-trump-diz-amorim\/#breadcrumb"},"inLanguage":"pt-BR","potentialAction":[{"@type":"ReadAction","target":["https:\/\/jornalfatosenoticias.com.br\/index.php\/2026\/01\/23\/brasil-nao-deve-aderir-ao-conselho-da-paz-de-trump-diz-amorim\/"]}]},{"@type":"ImageObject","inLanguage":"pt-BR","@id":"https:\/\/jornalfatosenoticias.com.br\/index.php\/2026\/01\/23\/brasil-nao-deve-aderir-ao-conselho-da-paz-de-trump-diz-amorim\/#primaryimage","url":"https:\/\/jornalfatosenoticias.com.br\/wp-content\/uploads\/2026\/01\/lula-com-celso-amorim-foto-fabio-rodrigues-pozzebom-agencia-brasil-960x540-1.jpg","contentUrl":"https:\/\/jornalfatosenoticias.com.br\/wp-content\/uploads\/2026\/01\/lula-com-celso-amorim-foto-fabio-rodrigues-pozzebom-agencia-brasil-960x540-1.jpg","width":960,"height":540,"caption":"Bras\u00edlia (DF) 26\/06\/2023 - O assessor especial da presid\u00eancia, Celso Amorim, durante visita do presidente da Argentina, Alberto Fern\u00e1ndez. Foto: F\u00e1bio Rodrigues-Pozzebom\/ Ag\u00eancia Brasil"},{"@type":"BreadcrumbList","@id":"https:\/\/jornalfatosenoticias.com.br\/index.php\/2026\/01\/23\/brasil-nao-deve-aderir-ao-conselho-da-paz-de-trump-diz-amorim\/#breadcrumb","itemListElement":[{"@type":"ListItem","position":1,"name":"In\u00edcio","item":"https:\/\/jornalfatosenoticias.com.br\/"},{"@type":"ListItem","position":2,"name":"Brasil n\u00e3o deve aderir ao Conselho da Paz de Trump, diz Amorim"}]},{"@type":"WebSite","@id":"https:\/\/jornalfatosenoticias.com.br\/#website","url":"https:\/\/jornalfatosenoticias.com.br\/","name":"Jornal Fatos e Not\u00edcias","description":"Not\u00edcias em geral","publisher":{"@id":"https:\/\/jornalfatosenoticias.com.br\/#organization"},"potentialAction":[{"@type":"SearchAction","target":{"@type":"EntryPoint","urlTemplate":"https:\/\/jornalfatosenoticias.com.br\/?s={search_term_string}"},"query-input":{"@type":"PropertyValueSpecification","valueRequired":true,"valueName":"search_term_string"}}],"inLanguage":"pt-BR"},{"@type":"Organization","@id":"https:\/\/jornalfatosenoticias.com.br\/#organization","name":"Jornal Fatos e Not\u00edcias","url":"https:\/\/jornalfatosenoticias.com.br\/","logo":{"@type":"ImageObject","inLanguage":"pt-BR","@id":"https:\/\/jornalfatosenoticias.com.br\/#\/schema\/logo\/image\/","url":"https:\/\/jornalfatosenoticias.com.br\/wp-content\/uploads\/2020\/02\/logo120.png","contentUrl":"https:\/\/jornalfatosenoticias.com.br\/wp-content\/uploads\/2020\/02\/logo120.png","width":1227,"height":120,"caption":"Jornal Fatos e Not\u00edcias"},"image":{"@id":"https:\/\/jornalfatosenoticias.com.br\/#\/schema\/logo\/image\/"}},{"@type":"Person","@id":"https:\/\/jornalfatosenoticias.com.br\/#\/schema\/person\/d63837fa13ac8666eb9e74e0985d6f81","name":"Luzimara Fernandes","image":{"@type":"ImageObject","inLanguage":"pt-BR","@id":"https:\/\/jornalfatosenoticias.com.br\/#\/schema\/person\/image\/","url":"https:\/\/jornalfatosenoticias.com.br\/wp-content\/uploads\/2025\/05\/EU_portal.jpg","contentUrl":"https:\/\/jornalfatosenoticias.com.br\/wp-content\/uploads\/2025\/05\/EU_portal.jpg","caption":"Luzimara Fernandes"},"description":"Jornalista MTB 2358-ES","sameAs":["https:\/\/jornalfatosenoticias.com.br"],"url":"https:\/\/jornalfatosenoticias.com.br\/index.php\/author\/luzimara\/"}]}},"cc_featured_image_caption":{"caption_text":"","source_text":"","source_url":""},"jetpack_featured_media_url":"https:\/\/jornalfatosenoticias.com.br\/wp-content\/uploads\/2026\/01\/lula-com-celso-amorim-foto-fabio-rodrigues-pozzebom-agencia-brasil-960x540-1.jpg","_links":{"self":[{"href":"https:\/\/jornalfatosenoticias.com.br\/index.php\/wp-json\/wp\/v2\/posts\/64657","targetHints":{"allow":["GET"]}}],"collection":[{"href":"https:\/\/jornalfatosenoticias.com.br\/index.php\/wp-json\/wp\/v2\/posts"}],"about":[{"href":"https:\/\/jornalfatosenoticias.com.br\/index.php\/wp-json\/wp\/v2\/types\/post"}],"author":[{"embeddable":true,"href":"https:\/\/jornalfatosenoticias.com.br\/index.php\/wp-json\/wp\/v2\/users\/2"}],"replies":[{"embeddable":true,"href":"https:\/\/jornalfatosenoticias.com.br\/index.php\/wp-json\/wp\/v2\/comments?post=64657"}],"version-history":[{"count":1,"href":"https:\/\/jornalfatosenoticias.com.br\/index.php\/wp-json\/wp\/v2\/posts\/64657\/revisions"}],"predecessor-version":[{"id":64659,"href":"https:\/\/jornalfatosenoticias.com.br\/index.php\/wp-json\/wp\/v2\/posts\/64657\/revisions\/64659"}],"wp:featuredmedia":[{"embeddable":true,"href":"https:\/\/jornalfatosenoticias.com.br\/index.php\/wp-json\/wp\/v2\/media\/64658"}],"wp:attachment":[{"href":"https:\/\/jornalfatosenoticias.com.br\/index.php\/wp-json\/wp\/v2\/media?parent=64657"}],"wp:term":[{"taxonomy":"category","embeddable":true,"href":"https:\/\/jornalfatosenoticias.com.br\/index.php\/wp-json\/wp\/v2\/categories?post=64657"},{"taxonomy":"post_tag","embeddable":true,"href":"https:\/\/jornalfatosenoticias.com.br\/index.php\/wp-json\/wp\/v2\/tags?post=64657"}],"curies":[{"name":"wp","href":"https:\/\/api.w.org\/{rel}","templated":true}]}}