{"id":64663,"date":"2026-01-23T16:33:35","date_gmt":"2026-01-23T19:33:35","guid":{"rendered":"https:\/\/jornalfatosenoticias.com.br\/?p=64663"},"modified":"2026-01-23T16:33:36","modified_gmt":"2026-01-23T19:33:36","slug":"camara-impoe-sigilo-em-lista-de-passageiros-de-voo-da-fab-utilizado-por-motta-no-reveillon","status":"publish","type":"post","link":"https:\/\/jornalfatosenoticias.com.br\/index.php\/2026\/01\/23\/camara-impoe-sigilo-em-lista-de-passageiros-de-voo-da-fab-utilizado-por-motta-no-reveillon\/","title":{"rendered":"C\u00e2mara imp\u00f5e sigilo em lista de passageiros de voo da FAB utilizado por Motta no r\u00e9veillon"},"content":{"rendered":"\n<p><em><mark style=\"background-color:rgba(0, 0, 0, 0)\" class=\"has-inline-color has-black-color\">O presidente da C\u00e2mara dos Deputados, Hugo Motta (Republicanos-PB)<\/mark><\/em><\/p>\n\n\n\n<p><mark style=\"background-color:rgba(0, 0, 0, 0)\" class=\"has-inline-color has-black-color\">Por <strong><a href=\"https:\/\/www.gazetadopovo.com.br\/autor\/guilherme-grandi\/\">Guilherme Grandi<\/a><\/strong><\/mark><\/p>\n\n\n<div class=\"wp-block-image\">\n<figure class=\"aligncenter size-large\"><a href=\"https:\/\/www.controlsystems.com.br\/\"><img loading=\"lazy\" decoding=\"async\" width=\"1024\" height=\"109\" src=\"https:\/\/jornalfatosenoticias.com.br\/wp-content\/uploads\/2020\/02\/CONTROL-CS2-1024x109.jpg\" alt=\"\" class=\"wp-image-44989\" srcset=\"https:\/\/jornalfatosenoticias.com.br\/wp-content\/uploads\/2020\/02\/CONTROL-CS2-1024x109.jpg 1024w, https:\/\/jornalfatosenoticias.com.br\/wp-content\/uploads\/2020\/02\/CONTROL-CS2-300x32.jpg 300w, https:\/\/jornalfatosenoticias.com.br\/wp-content\/uploads\/2020\/02\/CONTROL-CS2-768x82.jpg 768w, https:\/\/jornalfatosenoticias.com.br\/wp-content\/uploads\/2020\/02\/CONTROL-CS2.jpg 1120w\" sizes=\"auto, (max-width: 1024px) 100vw, 1024px\" \/><\/a><\/figure>\n<\/div>\n\n\n<p>A C\u00e2mara dos Deputados colocou sob sigilo a lista de passageiros de um voo da For\u00e7a A\u00e9rea Brasileira (FAB) que levou o presidente da casa, Hugo Motta (Republicanos-PB), para passar o r\u00e9veillon em Angra dos Reis, no litoral do Rio de Janeiro. A rela\u00e7\u00e3o dos passageiros foi negada tamb\u00e9m a um pedido feito atrav\u00e9s da Lei de Acesso \u00e0 Informa\u00e7\u00e3o (LAI). De acordo com uma apura\u00e7\u00e3o do jornal <em>O Globo<\/em> publicada nesta sexta (23), o jatinho saiu de Jo\u00e3o Pessoa \u2014 capital da Para\u00edba, estado que \u00e9 a base eleitoral de Motta \u2014 na manh\u00e3 de 26 de dezembro e pousou no aeroporto Santos Dumont, no Rio de Janeiro, no in\u00edcio da tarde com 11 passageiros a bordo. O deslocamento foi solicitado pela Presid\u00eancia da C\u00e2mara, que alegou prerrogativas institucionais para o uso do avi\u00e3o oficial.<br>Durante a virada do ano, Motta e aliados ficaram em um condom\u00ednio de luxo no Frade, em Angra dos Reis, hospedados em uma casa alugada. O local oferece estrutura exclusiva, com acesso interno a cachoeira por trilha dentro do pr\u00f3prio condom\u00ednio. Ap\u00f3s a viagem, um pedido feito pela reportagem com base na LAI solicitou a lista completa de passageiros que acompanharam o presidente da C\u00e2mara. A resposta da Casa afirmou que o uso das aeronaves ocorre por raz\u00f5es de seguran\u00e7a institucional que \u201cimp\u00f5em a necessidade de classifica\u00e7\u00e3o sigilosa das informa\u00e7\u00f5es\u201d.<\/p>\n\n\n<div class=\"wp-block-image\">\n<figure class=\"aligncenter size-large is-resized\"><a href=\"https:\/\/www.instagram.com\/espiritocacau\/\"><img decoding=\"async\" src=\"https:\/\/jornalfatosenoticias.com.br\/wp-content\/uploads\/2020\/02\/Espirito-Cacau_Logo-1024x1024.png\" alt=\"\" class=\"wp-image-64360\" style=\"width:347px;height:auto\"\/><\/a><\/figure>\n<\/div>\n\n\n<p>Segundo a apura\u00e7\u00e3o, a C\u00e2mara negou acesso a dados de outro voo em dezembro do ano passado, em que Motta viajou a Buenos Aires para participar de um evento jur\u00eddico promovido pelo ministro Gilmar Mendes, do Supremo Tribunal Federal (STF) \u2014 o chamado \u201cGilmarpalooza\u201d. A legisla\u00e7\u00e3o permite que autoridades aleguem motivos de seguran\u00e7a para requisitar aeronaves da FAB, inclusive em deslocamentos fora da agenda oficial. A pr\u00e1tica, por\u00e9m, \u00e9 alvo de cr\u00edticas pelo vi\u00e9s \u00e9tico, especialmente quando envolve uso de recursos p\u00fablicos em viagens com car\u00e1ter pessoal.<\/p>\n\n\n\n<p><strong><mark style=\"background-color:rgba(0, 0, 0, 0)\" class=\"has-inline-color has-black-color\">(Foto: Marina Ramos\/C\u00e2mara dos Deputados)<\/mark><\/strong><\/p>\n\n\n\n<p><strong>Fonte: <a href=\"https:\/\/www.gazetadopovo.com.br\/republica\/camara-impoe-sigilo-lista-passageiros-voo-fab-utilizado-motta\/\">Gazeta do Povo<\/a><\/strong><\/p>\n","protected":false},"excerpt":{"rendered":"<p>O presidente da C\u00e2mara dos Deputados, Hugo Motta (Republicanos-PB) Por Guilherme Grandi A C\u00e2mara dos Deputados colocou sob sigilo a lista de passageiros de um voo da For\u00e7a A\u00e9rea Brasileira (FAB) que levou o presidente da casa, Hugo Motta (Republicanos-PB), para passar o r\u00e9veillon em Angra dos Reis, no litoral do Rio de Janeiro. A [&hellip;]<\/p>\n","protected":false},"author":2,"featured_media":64664,"comment_status":"open","ping_status":"open","sticky":false,"template":"","format":"standard","meta":{"footnotes":""},"categories":[10],"tags":[29414,982,1000,7581,25620,294,29413],"class_list":["post-64663","post","type-post","status-publish","format-standard","has-post-thumbnail","hentry","category-politica","tag-gilmarpalooza-2","tag-camara-dos-deputados","tag-fab","tag-gilmar-mendes","tag-hugo-motta","tag-stf","tag-voo-da-fab"],"yoast_head":"<!-- This site is optimized with the Yoast SEO plugin v26.5 - https:\/\/yoast.com\/wordpress\/plugins\/seo\/ -->\n<title>C\u00e2mara imp\u00f5e sigilo em lista de passageiros de voo da FAB utilizado por Motta no r\u00e9veillon - Jornal Fatos e Not\u00edcias<\/title>\n<meta name=\"robots\" content=\"index, follow, max-snippet:-1, max-image-preview:large, max-video-preview:-1\" \/>\n<link rel=\"canonical\" href=\"https:\/\/jornalfatosenoticias.com.br\/index.php\/2026\/01\/23\/camara-impoe-sigilo-em-lista-de-passageiros-de-voo-da-fab-utilizado-por-motta-no-reveillon\/\" \/>\n<meta property=\"og:locale\" content=\"pt_BR\" \/>\n<meta property=\"og:type\" content=\"article\" \/>\n<meta property=\"og:title\" content=\"C\u00e2mara imp\u00f5e sigilo em lista de passageiros de voo da FAB utilizado por Motta no r\u00e9veillon - Jornal Fatos e Not\u00edcias\" \/>\n<meta property=\"og:description\" content=\"O presidente da C\u00e2mara dos Deputados, Hugo Motta (Republicanos-PB) Por Guilherme Grandi A C\u00e2mara dos Deputados colocou sob sigilo a lista de passageiros de um voo da For\u00e7a A\u00e9rea Brasileira (FAB) que levou o presidente da casa, Hugo Motta (Republicanos-PB), para passar o r\u00e9veillon em Angra dos Reis, no litoral do Rio de Janeiro. A [&hellip;]\" \/>\n<meta property=\"og:url\" content=\"https:\/\/jornalfatosenoticias.com.br\/index.php\/2026\/01\/23\/camara-impoe-sigilo-em-lista-de-passageiros-de-voo-da-fab-utilizado-por-motta-no-reveillon\/\" \/>\n<meta property=\"og:site_name\" content=\"Jornal Fatos e Not\u00edcias\" \/>\n<meta property=\"article:published_time\" content=\"2026-01-23T19:33:35+00:00\" \/>\n<meta property=\"article:modified_time\" content=\"2026-01-23T19:33:36+00:00\" \/>\n<meta property=\"og:image\" content=\"https:\/\/jornalfatosenoticias.com.br\/wp-content\/uploads\/2026\/01\/hugo-motta-foto-marina-ramos-camara.jpg\" \/>\n\t<meta property=\"og:image:width\" content=\"960\" \/>\n\t<meta property=\"og:image:height\" content=\"540\" \/>\n\t<meta property=\"og:image:type\" content=\"image\/jpeg\" \/>\n<meta name=\"author\" content=\"Luzimara Fernandes\" \/>\n<meta name=\"twitter:card\" content=\"summary_large_image\" \/>\n<meta name=\"twitter:label1\" content=\"Escrito por\" \/>\n\t<meta name=\"twitter:data1\" content=\"Luzimara Fernandes\" \/>\n\t<meta name=\"twitter:label2\" content=\"Est. tempo de leitura\" \/>\n\t<meta name=\"twitter:data2\" content=\"3 minutos\" \/>\n<script type=\"application\/ld+json\" class=\"yoast-schema-graph\">{\"@context\":\"https:\/\/schema.org\",\"@graph\":[{\"@type\":\"Article\",\"@id\":\"https:\/\/jornalfatosenoticias.com.br\/index.php\/2026\/01\/23\/camara-impoe-sigilo-em-lista-de-passageiros-de-voo-da-fab-utilizado-por-motta-no-reveillon\/#article\",\"isPartOf\":{\"@id\":\"https:\/\/jornalfatosenoticias.com.br\/index.php\/2026\/01\/23\/camara-impoe-sigilo-em-lista-de-passageiros-de-voo-da-fab-utilizado-por-motta-no-reveillon\/\"},\"author\":{\"name\":\"Luzimara Fernandes\",\"@id\":\"https:\/\/jornalfatosenoticias.com.br\/#\/schema\/person\/d63837fa13ac8666eb9e74e0985d6f81\"},\"headline\":\"C\u00e2mara imp\u00f5e sigilo em lista de passageiros de voo da FAB utilizado por Motta no r\u00e9veillon\",\"datePublished\":\"2026-01-23T19:33:35+00:00\",\"dateModified\":\"2026-01-23T19:33:36+00:00\",\"mainEntityOfPage\":{\"@id\":\"https:\/\/jornalfatosenoticias.com.br\/index.php\/2026\/01\/23\/camara-impoe-sigilo-em-lista-de-passageiros-de-voo-da-fab-utilizado-por-motta-no-reveillon\/\"},\"wordCount\":383,\"commentCount\":0,\"publisher\":{\"@id\":\"https:\/\/jornalfatosenoticias.com.br\/#organization\"},\"image\":{\"@id\":\"https:\/\/jornalfatosenoticias.com.br\/index.php\/2026\/01\/23\/camara-impoe-sigilo-em-lista-de-passageiros-de-voo-da-fab-utilizado-por-motta-no-reveillon\/#primaryimage\"},\"thumbnailUrl\":\"https:\/\/jornalfatosenoticias.com.br\/wp-content\/uploads\/2026\/01\/hugo-motta-foto-marina-ramos-camara.jpg\",\"keywords\":[\"\u201cGilmarpalooza\u201d\",\"C\u00e2mara dos Deputados\",\"FAB\",\"Gilmar Mendes\",\"Hugo Motta\",\"STF\",\"voo da FAB\"],\"articleSection\":[\"Pol\u00edtica\"],\"inLanguage\":\"pt-BR\",\"potentialAction\":[{\"@type\":\"CommentAction\",\"name\":\"Comment\",\"target\":[\"https:\/\/jornalfatosenoticias.com.br\/index.php\/2026\/01\/23\/camara-impoe-sigilo-em-lista-de-passageiros-de-voo-da-fab-utilizado-por-motta-no-reveillon\/#respond\"]}]},{\"@type\":\"WebPage\",\"@id\":\"https:\/\/jornalfatosenoticias.com.br\/index.php\/2026\/01\/23\/camara-impoe-sigilo-em-lista-de-passageiros-de-voo-da-fab-utilizado-por-motta-no-reveillon\/\",\"url\":\"https:\/\/jornalfatosenoticias.com.br\/index.php\/2026\/01\/23\/camara-impoe-sigilo-em-lista-de-passageiros-de-voo-da-fab-utilizado-por-motta-no-reveillon\/\",\"name\":\"C\u00e2mara imp\u00f5e sigilo em lista de passageiros de voo da FAB utilizado por Motta no r\u00e9veillon - Jornal Fatos e Not\u00edcias\",\"isPartOf\":{\"@id\":\"https:\/\/jornalfatosenoticias.com.br\/#website\"},\"primaryImageOfPage\":{\"@id\":\"https:\/\/jornalfatosenoticias.com.br\/index.php\/2026\/01\/23\/camara-impoe-sigilo-em-lista-de-passageiros-de-voo-da-fab-utilizado-por-motta-no-reveillon\/#primaryimage\"},\"image\":{\"@id\":\"https:\/\/jornalfatosenoticias.com.br\/index.php\/2026\/01\/23\/camara-impoe-sigilo-em-lista-de-passageiros-de-voo-da-fab-utilizado-por-motta-no-reveillon\/#primaryimage\"},\"thumbnailUrl\":\"https:\/\/jornalfatosenoticias.com.br\/wp-content\/uploads\/2026\/01\/hugo-motta-foto-marina-ramos-camara.jpg\",\"datePublished\":\"2026-01-23T19:33:35+00:00\",\"dateModified\":\"2026-01-23T19:33:36+00:00\",\"breadcrumb\":{\"@id\":\"https:\/\/jornalfatosenoticias.com.br\/index.php\/2026\/01\/23\/camara-impoe-sigilo-em-lista-de-passageiros-de-voo-da-fab-utilizado-por-motta-no-reveillon\/#breadcrumb\"},\"inLanguage\":\"pt-BR\",\"potentialAction\":[{\"@type\":\"ReadAction\",\"target\":[\"https:\/\/jornalfatosenoticias.com.br\/index.php\/2026\/01\/23\/camara-impoe-sigilo-em-lista-de-passageiros-de-voo-da-fab-utilizado-por-motta-no-reveillon\/\"]}]},{\"@type\":\"ImageObject\",\"inLanguage\":\"pt-BR\",\"@id\":\"https:\/\/jornalfatosenoticias.com.br\/index.php\/2026\/01\/23\/camara-impoe-sigilo-em-lista-de-passageiros-de-voo-da-fab-utilizado-por-motta-no-reveillon\/#primaryimage\",\"url\":\"https:\/\/jornalfatosenoticias.com.br\/wp-content\/uploads\/2026\/01\/hugo-motta-foto-marina-ramos-camara.jpg\",\"contentUrl\":\"https:\/\/jornalfatosenoticias.com.br\/wp-content\/uploads\/2026\/01\/hugo-motta-foto-marina-ramos-camara.jpg\",\"width\":960,\"height\":540},{\"@type\":\"BreadcrumbList\",\"@id\":\"https:\/\/jornalfatosenoticias.com.br\/index.php\/2026\/01\/23\/camara-impoe-sigilo-em-lista-de-passageiros-de-voo-da-fab-utilizado-por-motta-no-reveillon\/#breadcrumb\",\"itemListElement\":[{\"@type\":\"ListItem\",\"position\":1,\"name\":\"In\u00edcio\",\"item\":\"https:\/\/jornalfatosenoticias.com.br\/\"},{\"@type\":\"ListItem\",\"position\":2,\"name\":\"C\u00e2mara imp\u00f5e sigilo em lista de passageiros de voo da FAB utilizado por Motta no r\u00e9veillon\"}]},{\"@type\":\"WebSite\",\"@id\":\"https:\/\/jornalfatosenoticias.com.br\/#website\",\"url\":\"https:\/\/jornalfatosenoticias.com.br\/\",\"name\":\"Jornal Fatos e Not\u00edcias\",\"description\":\"Not\u00edcias em geral\",\"publisher\":{\"@id\":\"https:\/\/jornalfatosenoticias.com.br\/#organization\"},\"potentialAction\":[{\"@type\":\"SearchAction\",\"target\":{\"@type\":\"EntryPoint\",\"urlTemplate\":\"https:\/\/jornalfatosenoticias.com.br\/?s={search_term_string}\"},\"query-input\":{\"@type\":\"PropertyValueSpecification\",\"valueRequired\":true,\"valueName\":\"search_term_string\"}}],\"inLanguage\":\"pt-BR\"},{\"@type\":\"Organization\",\"@id\":\"https:\/\/jornalfatosenoticias.com.br\/#organization\",\"name\":\"Jornal Fatos e Not\u00edcias\",\"url\":\"https:\/\/jornalfatosenoticias.com.br\/\",\"logo\":{\"@type\":\"ImageObject\",\"inLanguage\":\"pt-BR\",\"@id\":\"https:\/\/jornalfatosenoticias.com.br\/#\/schema\/logo\/image\/\",\"url\":\"https:\/\/jornalfatosenoticias.com.br\/wp-content\/uploads\/2020\/02\/logo120.png\",\"contentUrl\":\"https:\/\/jornalfatosenoticias.com.br\/wp-content\/uploads\/2020\/02\/logo120.png\",\"width\":1227,\"height\":120,\"caption\":\"Jornal Fatos e Not\u00edcias\"},\"image\":{\"@id\":\"https:\/\/jornalfatosenoticias.com.br\/#\/schema\/logo\/image\/\"}},{\"@type\":\"Person\",\"@id\":\"https:\/\/jornalfatosenoticias.com.br\/#\/schema\/person\/d63837fa13ac8666eb9e74e0985d6f81\",\"name\":\"Luzimara Fernandes\",\"image\":{\"@type\":\"ImageObject\",\"inLanguage\":\"pt-BR\",\"@id\":\"https:\/\/jornalfatosenoticias.com.br\/#\/schema\/person\/image\/\",\"url\":\"https:\/\/jornalfatosenoticias.com.br\/wp-content\/uploads\/2025\/05\/EU_portal.jpg\",\"contentUrl\":\"https:\/\/jornalfatosenoticias.com.br\/wp-content\/uploads\/2025\/05\/EU_portal.jpg\",\"caption\":\"Luzimara Fernandes\"},\"description\":\"Jornalista MTB 2358-ES\",\"sameAs\":[\"https:\/\/jornalfatosenoticias.com.br\"],\"url\":\"https:\/\/jornalfatosenoticias.com.br\/index.php\/author\/luzimara\/\"}]}<\/script>\n<!-- \/ Yoast SEO plugin. -->","yoast_head_json":{"title":"C\u00e2mara imp\u00f5e sigilo em lista de passageiros de voo da FAB utilizado por Motta no r\u00e9veillon - Jornal Fatos e Not\u00edcias","robots":{"index":"index","follow":"follow","max-snippet":"max-snippet:-1","max-image-preview":"max-image-preview:large","max-video-preview":"max-video-preview:-1"},"canonical":"https:\/\/jornalfatosenoticias.com.br\/index.php\/2026\/01\/23\/camara-impoe-sigilo-em-lista-de-passageiros-de-voo-da-fab-utilizado-por-motta-no-reveillon\/","og_locale":"pt_BR","og_type":"article","og_title":"C\u00e2mara imp\u00f5e sigilo em lista de passageiros de voo da FAB utilizado por Motta no r\u00e9veillon - Jornal Fatos e Not\u00edcias","og_description":"O presidente da C\u00e2mara dos Deputados, Hugo Motta (Republicanos-PB) Por Guilherme Grandi A C\u00e2mara dos Deputados colocou sob sigilo a lista de passageiros de um voo da For\u00e7a A\u00e9rea Brasileira (FAB) que levou o presidente da casa, Hugo Motta (Republicanos-PB), para passar o r\u00e9veillon em Angra dos Reis, no litoral do Rio de Janeiro. A [&hellip;]","og_url":"https:\/\/jornalfatosenoticias.com.br\/index.php\/2026\/01\/23\/camara-impoe-sigilo-em-lista-de-passageiros-de-voo-da-fab-utilizado-por-motta-no-reveillon\/","og_site_name":"Jornal Fatos e Not\u00edcias","article_published_time":"2026-01-23T19:33:35+00:00","article_modified_time":"2026-01-23T19:33:36+00:00","og_image":[{"width":960,"height":540,"url":"https:\/\/jornalfatosenoticias.com.br\/wp-content\/uploads\/2026\/01\/hugo-motta-foto-marina-ramos-camara.jpg","type":"image\/jpeg"}],"author":"Luzimara Fernandes","twitter_card":"summary_large_image","twitter_misc":{"Escrito por":"Luzimara Fernandes","Est. tempo de leitura":"3 minutos"},"schema":{"@context":"https:\/\/schema.org","@graph":[{"@type":"Article","@id":"https:\/\/jornalfatosenoticias.com.br\/index.php\/2026\/01\/23\/camara-impoe-sigilo-em-lista-de-passageiros-de-voo-da-fab-utilizado-por-motta-no-reveillon\/#article","isPartOf":{"@id":"https:\/\/jornalfatosenoticias.com.br\/index.php\/2026\/01\/23\/camara-impoe-sigilo-em-lista-de-passageiros-de-voo-da-fab-utilizado-por-motta-no-reveillon\/"},"author":{"name":"Luzimara Fernandes","@id":"https:\/\/jornalfatosenoticias.com.br\/#\/schema\/person\/d63837fa13ac8666eb9e74e0985d6f81"},"headline":"C\u00e2mara imp\u00f5e sigilo em lista de passageiros de voo da FAB utilizado por Motta no r\u00e9veillon","datePublished":"2026-01-23T19:33:35+00:00","dateModified":"2026-01-23T19:33:36+00:00","mainEntityOfPage":{"@id":"https:\/\/jornalfatosenoticias.com.br\/index.php\/2026\/01\/23\/camara-impoe-sigilo-em-lista-de-passageiros-de-voo-da-fab-utilizado-por-motta-no-reveillon\/"},"wordCount":383,"commentCount":0,"publisher":{"@id":"https:\/\/jornalfatosenoticias.com.br\/#organization"},"image":{"@id":"https:\/\/jornalfatosenoticias.com.br\/index.php\/2026\/01\/23\/camara-impoe-sigilo-em-lista-de-passageiros-de-voo-da-fab-utilizado-por-motta-no-reveillon\/#primaryimage"},"thumbnailUrl":"https:\/\/jornalfatosenoticias.com.br\/wp-content\/uploads\/2026\/01\/hugo-motta-foto-marina-ramos-camara.jpg","keywords":["\u201cGilmarpalooza\u201d","C\u00e2mara dos Deputados","FAB","Gilmar Mendes","Hugo Motta","STF","voo da FAB"],"articleSection":["Pol\u00edtica"],"inLanguage":"pt-BR","potentialAction":[{"@type":"CommentAction","name":"Comment","target":["https:\/\/jornalfatosenoticias.com.br\/index.php\/2026\/01\/23\/camara-impoe-sigilo-em-lista-de-passageiros-de-voo-da-fab-utilizado-por-motta-no-reveillon\/#respond"]}]},{"@type":"WebPage","@id":"https:\/\/jornalfatosenoticias.com.br\/index.php\/2026\/01\/23\/camara-impoe-sigilo-em-lista-de-passageiros-de-voo-da-fab-utilizado-por-motta-no-reveillon\/","url":"https:\/\/jornalfatosenoticias.com.br\/index.php\/2026\/01\/23\/camara-impoe-sigilo-em-lista-de-passageiros-de-voo-da-fab-utilizado-por-motta-no-reveillon\/","name":"C\u00e2mara imp\u00f5e sigilo em lista de passageiros de voo da FAB utilizado por Motta no r\u00e9veillon - Jornal Fatos e Not\u00edcias","isPartOf":{"@id":"https:\/\/jornalfatosenoticias.com.br\/#website"},"primaryImageOfPage":{"@id":"https:\/\/jornalfatosenoticias.com.br\/index.php\/2026\/01\/23\/camara-impoe-sigilo-em-lista-de-passageiros-de-voo-da-fab-utilizado-por-motta-no-reveillon\/#primaryimage"},"image":{"@id":"https:\/\/jornalfatosenoticias.com.br\/index.php\/2026\/01\/23\/camara-impoe-sigilo-em-lista-de-passageiros-de-voo-da-fab-utilizado-por-motta-no-reveillon\/#primaryimage"},"thumbnailUrl":"https:\/\/jornalfatosenoticias.com.br\/wp-content\/uploads\/2026\/01\/hugo-motta-foto-marina-ramos-camara.jpg","datePublished":"2026-01-23T19:33:35+00:00","dateModified":"2026-01-23T19:33:36+00:00","breadcrumb":{"@id":"https:\/\/jornalfatosenoticias.com.br\/index.php\/2026\/01\/23\/camara-impoe-sigilo-em-lista-de-passageiros-de-voo-da-fab-utilizado-por-motta-no-reveillon\/#breadcrumb"},"inLanguage":"pt-BR","potentialAction":[{"@type":"ReadAction","target":["https:\/\/jornalfatosenoticias.com.br\/index.php\/2026\/01\/23\/camara-impoe-sigilo-em-lista-de-passageiros-de-voo-da-fab-utilizado-por-motta-no-reveillon\/"]}]},{"@type":"ImageObject","inLanguage":"pt-BR","@id":"https:\/\/jornalfatosenoticias.com.br\/index.php\/2026\/01\/23\/camara-impoe-sigilo-em-lista-de-passageiros-de-voo-da-fab-utilizado-por-motta-no-reveillon\/#primaryimage","url":"https:\/\/jornalfatosenoticias.com.br\/wp-content\/uploads\/2026\/01\/hugo-motta-foto-marina-ramos-camara.jpg","contentUrl":"https:\/\/jornalfatosenoticias.com.br\/wp-content\/uploads\/2026\/01\/hugo-motta-foto-marina-ramos-camara.jpg","width":960,"height":540},{"@type":"BreadcrumbList","@id":"https:\/\/jornalfatosenoticias.com.br\/index.php\/2026\/01\/23\/camara-impoe-sigilo-em-lista-de-passageiros-de-voo-da-fab-utilizado-por-motta-no-reveillon\/#breadcrumb","itemListElement":[{"@type":"ListItem","position":1,"name":"In\u00edcio","item":"https:\/\/jornalfatosenoticias.com.br\/"},{"@type":"ListItem","position":2,"name":"C\u00e2mara imp\u00f5e sigilo em lista de passageiros de voo da FAB utilizado por Motta no r\u00e9veillon"}]},{"@type":"WebSite","@id":"https:\/\/jornalfatosenoticias.com.br\/#website","url":"https:\/\/jornalfatosenoticias.com.br\/","name":"Jornal Fatos e Not\u00edcias","description":"Not\u00edcias em geral","publisher":{"@id":"https:\/\/jornalfatosenoticias.com.br\/#organization"},"potentialAction":[{"@type":"SearchAction","target":{"@type":"EntryPoint","urlTemplate":"https:\/\/jornalfatosenoticias.com.br\/?s={search_term_string}"},"query-input":{"@type":"PropertyValueSpecification","valueRequired":true,"valueName":"search_term_string"}}],"inLanguage":"pt-BR"},{"@type":"Organization","@id":"https:\/\/jornalfatosenoticias.com.br\/#organization","name":"Jornal Fatos e Not\u00edcias","url":"https:\/\/jornalfatosenoticias.com.br\/","logo":{"@type":"ImageObject","inLanguage":"pt-BR","@id":"https:\/\/jornalfatosenoticias.com.br\/#\/schema\/logo\/image\/","url":"https:\/\/jornalfatosenoticias.com.br\/wp-content\/uploads\/2020\/02\/logo120.png","contentUrl":"https:\/\/jornalfatosenoticias.com.br\/wp-content\/uploads\/2020\/02\/logo120.png","width":1227,"height":120,"caption":"Jornal Fatos e Not\u00edcias"},"image":{"@id":"https:\/\/jornalfatosenoticias.com.br\/#\/schema\/logo\/image\/"}},{"@type":"Person","@id":"https:\/\/jornalfatosenoticias.com.br\/#\/schema\/person\/d63837fa13ac8666eb9e74e0985d6f81","name":"Luzimara Fernandes","image":{"@type":"ImageObject","inLanguage":"pt-BR","@id":"https:\/\/jornalfatosenoticias.com.br\/#\/schema\/person\/image\/","url":"https:\/\/jornalfatosenoticias.com.br\/wp-content\/uploads\/2025\/05\/EU_portal.jpg","contentUrl":"https:\/\/jornalfatosenoticias.com.br\/wp-content\/uploads\/2025\/05\/EU_portal.jpg","caption":"Luzimara Fernandes"},"description":"Jornalista MTB 2358-ES","sameAs":["https:\/\/jornalfatosenoticias.com.br"],"url":"https:\/\/jornalfatosenoticias.com.br\/index.php\/author\/luzimara\/"}]}},"cc_featured_image_caption":{"caption_text":"","source_text":"","source_url":""},"jetpack_featured_media_url":"https:\/\/jornalfatosenoticias.com.br\/wp-content\/uploads\/2026\/01\/hugo-motta-foto-marina-ramos-camara.jpg","_links":{"self":[{"href":"https:\/\/jornalfatosenoticias.com.br\/index.php\/wp-json\/wp\/v2\/posts\/64663","targetHints":{"allow":["GET"]}}],"collection":[{"href":"https:\/\/jornalfatosenoticias.com.br\/index.php\/wp-json\/wp\/v2\/posts"}],"about":[{"href":"https:\/\/jornalfatosenoticias.com.br\/index.php\/wp-json\/wp\/v2\/types\/post"}],"author":[{"embeddable":true,"href":"https:\/\/jornalfatosenoticias.com.br\/index.php\/wp-json\/wp\/v2\/users\/2"}],"replies":[{"embeddable":true,"href":"https:\/\/jornalfatosenoticias.com.br\/index.php\/wp-json\/wp\/v2\/comments?post=64663"}],"version-history":[{"count":1,"href":"https:\/\/jornalfatosenoticias.com.br\/index.php\/wp-json\/wp\/v2\/posts\/64663\/revisions"}],"predecessor-version":[{"id":64665,"href":"https:\/\/jornalfatosenoticias.com.br\/index.php\/wp-json\/wp\/v2\/posts\/64663\/revisions\/64665"}],"wp:featuredmedia":[{"embeddable":true,"href":"https:\/\/jornalfatosenoticias.com.br\/index.php\/wp-json\/wp\/v2\/media\/64664"}],"wp:attachment":[{"href":"https:\/\/jornalfatosenoticias.com.br\/index.php\/wp-json\/wp\/v2\/media?parent=64663"}],"wp:term":[{"taxonomy":"category","embeddable":true,"href":"https:\/\/jornalfatosenoticias.com.br\/index.php\/wp-json\/wp\/v2\/categories?post=64663"},{"taxonomy":"post_tag","embeddable":true,"href":"https:\/\/jornalfatosenoticias.com.br\/index.php\/wp-json\/wp\/v2\/tags?post=64663"}],"curies":[{"name":"wp","href":"https:\/\/api.w.org\/{rel}","templated":true}]}}