{"id":64667,"date":"2026-01-26T11:24:50","date_gmt":"2026-01-26T14:24:50","guid":{"rendered":"https:\/\/jornalfatosenoticias.com.br\/?p=64667"},"modified":"2026-01-26T11:24:52","modified_gmt":"2026-01-26T14:24:52","slug":"reforma-tributaria-2026-o-que-muda-para-o-setor-de-alimentos","status":"publish","type":"post","link":"https:\/\/jornalfatosenoticias.com.br\/index.php\/2026\/01\/26\/reforma-tributaria-2026-o-que-muda-para-o-setor-de-alimentos\/","title":{"rendered":"Reforma Tribut\u00e1ria 2026: o que muda para o setor de alimentos"},"content":{"rendered":"<div class=\"wp-block-image\">\n<figure class=\"aligncenter size-large\"><a href=\"https:\/\/mizu.com.br\/\"><img loading=\"lazy\" decoding=\"async\" width=\"1024\" height=\"99\" src=\"https:\/\/jornalfatosenoticias.com.br\/wp-content\/uploads\/2020\/02\/Logo-Mizu-segunda-2-1024x99.png\" alt=\"\" class=\"wp-image-2353\" srcset=\"https:\/\/jornalfatosenoticias.com.br\/wp-content\/uploads\/2020\/02\/Logo-Mizu-segunda-2-1024x99.png 1024w, https:\/\/jornalfatosenoticias.com.br\/wp-content\/uploads\/2020\/02\/Logo-Mizu-segunda-2-300x29.png 300w, https:\/\/jornalfatosenoticias.com.br\/wp-content\/uploads\/2020\/02\/Logo-Mizu-segunda-2-768x74.png 768w, https:\/\/jornalfatosenoticias.com.br\/wp-content\/uploads\/2020\/02\/Logo-Mizu-segunda-2.png 1240w\" sizes=\"auto, (max-width: 1024px) 100vw, 1024px\" \/><\/a><\/figure>\n<\/div>\n\n\n<p>A Reforma Tribut\u00e1ria, regulamentada pela Lei Complementar n.\u00ba 214\/2025, marca uma das maiores transforma\u00e7\u00f5es no sistema de tributos sobre o consumo das \u00faltimas d\u00e9cadas. Para o setor de alimentos que envolve supermercados, atacadistas, distribuidores e ind\u00fastrias os impactos v\u00e3o muito. Trata-se de uma mudan\u00e7a estrutural que afeta pre\u00e7os, margens, fluxo de caixa e estrat\u00e9gias de neg\u00f3cio a partir de 2026.<\/p>\n\n\n\n<p><strong><mark style=\"background-color:rgba(0, 0, 0, 0)\" class=\"has-inline-color has-black-color\"><span style=\"text-decoration: underline;\">Cesta B\u00e1sica Nacional: avan\u00e7o social e desafio operacional<br><\/span><\/mark><\/strong>Um dos pontos mais relevantes da reforma \u00e9 a cria\u00e7\u00e3o da <strong>Cesta B\u00e1sica Nacional de Alimentos, <\/strong>composta por 26 itens essenciais, como arroz, feij\u00e3o, leite, ovos, carnes, frutas, legumes, p\u00e3o e caf\u00e9, todos com <strong>al\u00edquota zero de IBS e CBS.<\/strong> A medida tem forte car\u00e1ter social, ao reduzir o custo dos alimentos b\u00e1sicos para a popula\u00e7\u00e3o, especialmente as fam\u00edlias de menor renda.<br>Al\u00e9m disso, foi institu\u00edda a <strong>Cesta B\u00e1sica Estendida,<\/strong> com 17 itens adicionais como sucos, \u00f3leos, gr\u00e3os e produtos hort\u00edcolas que ter\u00e3o <strong>redu\u00e7\u00e3o de 60% nas al\u00edquotas.<\/strong> Embora positiva, essa estrutura cria um novo desafio para as empresas: <strong><span style=\"text-decoration: underline;\">a correta classifica\u00e7\u00e3o fiscal dos produtos.<\/span><\/strong> Erros de enquadramento podem gerar recolhimento indevido, perda de margem ou autua\u00e7\u00f5es fiscais.<\/p>\n\n\n<div class=\"wp-block-image\">\n<figure class=\"aligncenter size-large is-resized\"><a href=\"https:\/\/www.facebook.com\/profile.php?id=100069289606145\"><img loading=\"lazy\" decoding=\"async\" width=\"1024\" height=\"714\" src=\"https:\/\/jornalfatosenoticias.com.br\/wp-content\/uploads\/2024\/11\/Guaitolini-Contabilidade-1024x714.jpeg\" alt=\"\" class=\"wp-image-55808\" style=\"aspect-ratio:1.4341815811629233;width:317px;height:auto\" srcset=\"https:\/\/jornalfatosenoticias.com.br\/wp-content\/uploads\/2024\/11\/Guaitolini-Contabilidade-1024x714.jpeg 1024w, https:\/\/jornalfatosenoticias.com.br\/wp-content\/uploads\/2024\/11\/Guaitolini-Contabilidade-300x209.jpeg 300w, https:\/\/jornalfatosenoticias.com.br\/wp-content\/uploads\/2024\/11\/Guaitolini-Contabilidade-768x535.jpeg 768w, https:\/\/jornalfatosenoticias.com.br\/wp-content\/uploads\/2024\/11\/Guaitolini-Contabilidade.jpeg 1280w\" sizes=\"auto, (max-width: 1024px) 100vw, 1024px\" \/><\/a><\/figure>\n<\/div>\n\n\n<p><strong><mark style=\"background-color:rgba(0, 0, 0, 0)\" class=\"has-inline-color has-black-color\"><span style=\"text-decoration: underline;\">Supermercados: sistemas, pre\u00e7os e margens sob press\u00e3o<br><\/span><\/mark><\/strong>Para os supermercados, o principal impacto imediato est\u00e1 na <strong>gest\u00e3o operacional e tecnol\u00f3gica.<\/strong> Ser\u00e1 indispens\u00e1vel revisar cadastros, parametrizar ERPs e integrar sistemas de PDV e meios de pagamento para garantir que cada item seja tributado corretamente. Em um ambiente de margens historicamente apertadas, qualquer falha pode comprometer o resultado.<br>A reforma tamb\u00e9m altera a <strong>forma\u00e7\u00e3o de pre\u00e7os<\/strong>. Produtos da cesta b\u00e1sica podem se tornar importantes ferramentas de competitividade e fideliza\u00e7\u00e3o de clientes. Por outro lado, custos tribut\u00e1rios pagos ao longo da cadeia especialmente pelos fornecedores tendem a pressionar as margens se n\u00e3o houver planejamento e negocia\u00e7\u00e3o adequada.<\/p>\n\n\n<div class=\"wp-block-image\">\n<figure class=\"aligncenter size-full\"><a href=\"https:\/\/www.instagram.com\/alhoroxao\/\"><img loading=\"lazy\" decoding=\"async\" width=\"960\" height=\"365\" src=\"https:\/\/jornalfatosenoticias.com.br\/wp-content\/uploads\/2026\/01\/logo-alho-Roxao.png\" alt=\"\" class=\"wp-image-64448\" srcset=\"https:\/\/jornalfatosenoticias.com.br\/wp-content\/uploads\/2026\/01\/logo-alho-Roxao.png 960w, https:\/\/jornalfatosenoticias.com.br\/wp-content\/uploads\/2026\/01\/logo-alho-Roxao-300x114.png 300w, https:\/\/jornalfatosenoticias.com.br\/wp-content\/uploads\/2026\/01\/logo-alho-Roxao-768x292.png 768w\" sizes=\"auto, (max-width: 960px) 100vw, 960px\" \/><\/a><\/figure>\n<\/div>\n\n\n<p><strong><mark style=\"background-color:rgba(0, 0, 0, 0)\" class=\"has-inline-color has-black-color\"><span style=\"text-decoration: underline;\">Split Payment: o novo divisor de \u00e1guas do fluxo de caixa<br><\/span><\/mark><\/strong>O ponto mais sens\u00edvel da reforma para o varejo alimentar \u00e9 a implementa\u00e7\u00e3o do <strong>split payment<\/strong>. Nesse modelo, o IBS e a CBS s\u00e3o <strong>retidos no momento do pagamento eletr\u00f4nico<\/strong>, antes que o valor chegue ao caixa da empresa. Na pr\u00e1tica, <strong><span style=\"text-decoration: underline;\">o imposto deixa de \u201ctransitar\u201d pelo caixa do supermercado.<\/span><\/strong><br>O impacto financeiro \u00e9 significativo como grande parte das vendas realizadas por cart\u00e3o, o recebimento di\u00e1rio diminui, afetando a capacidade de pagamento de fornecedores, a reposi\u00e7\u00e3o de estoques e a necessidade de capital de giro. Empresas que n\u00e3o se anteciparem poder\u00e3o enfrentar s\u00e9rias dificuldades de liquidez.<\/p>\n\n\n<div class=\"wp-block-image\">\n<figure class=\"aligncenter size-full\"><img loading=\"lazy\" decoding=\"async\" width=\"787\" height=\"1000\" src=\"https:\/\/jornalfatosenoticias.com.br\/wp-content\/uploads\/2026\/01\/ChatGPT-Image.png\" alt=\"\" class=\"wp-image-64670\" srcset=\"https:\/\/jornalfatosenoticias.com.br\/wp-content\/uploads\/2026\/01\/ChatGPT-Image.png 787w, https:\/\/jornalfatosenoticias.com.br\/wp-content\/uploads\/2026\/01\/ChatGPT-Image-236x300.png 236w, https:\/\/jornalfatosenoticias.com.br\/wp-content\/uploads\/2026\/01\/ChatGPT-Image-768x976.png 768w\" sizes=\"auto, (max-width: 787px) 100vw, 787px\" \/><figcaption class=\"wp-element-caption\"><em><mark style=\"background-color:rgba(0, 0, 0, 0)\" class=\"has-inline-color has-black-color\">(Foto: ChatGPT)<\/mark><\/em><\/figcaption><\/figure>\n<\/div>\n\n\n<p><strong><mark style=\"background-color:rgba(0, 0, 0, 0)\" class=\"has-inline-color has-black-color\"><span style=\"text-decoration: underline;\">Ind\u00fastrias de alimentos: oportunidades e riscos<br><\/span><\/mark><\/strong>Para os fabricantes, a reforma traz <strong>ganhos e desafios.<\/strong> Produtos in natura e minimamente processados inclu\u00eddos na cesta b\u00e1sica ganham competitividade com a al\u00edquota zero. J\u00e1 alimentos processados se beneficiam da redu\u00e7\u00e3o de 60%, desde que corretamente classificados.<br>Um avan\u00e7o relevante \u00e9 o <strong>creditamento financeiro amplo<\/strong> de IBS e CBS sobre insumos, embalagens, energia e servi\u00e7os, o que tende a reduzir a carga tribut\u00e1ria efetiva para ind\u00fastrias intensivas em mat\u00e9rias-primas. Contudo, esse benef\u00edcio exige alto n\u00edvel de conformidade fiscal e sistemas bem estruturados.<br>Em contrapartida, a <strong>elimina\u00e7\u00e3o progressiva dos incentivos fiscais de ICMS<\/strong>, entre 2029 e 2033, representa um dos maiores riscos. Muitas ind\u00fastrias que hoje operam com benef\u00edcios estaduais precisar\u00e3o revisar pre\u00e7os, estruturas e at\u00e9 modelos societ\u00e1rios para manter competitividade.<\/p>\n\n\n<div class=\"wp-block-image\">\n<figure class=\"aligncenter size-large is-resized\"><a href=\"https:\/\/hotelmarquetti.com.br\/\"><img loading=\"lazy\" decoding=\"async\" width=\"1024\" height=\"680\" src=\"https:\/\/jornalfatosenoticias.com.br\/wp-content\/uploads\/2020\/02\/LOGO-MQ-1024x680.jpg\" alt=\"\" class=\"wp-image-58299\" style=\"aspect-ratio:1.5059172441326603;width:349px;height:auto\" srcset=\"https:\/\/jornalfatosenoticias.com.br\/wp-content\/uploads\/2020\/02\/LOGO-MQ-1024x680.jpg 1024w, https:\/\/jornalfatosenoticias.com.br\/wp-content\/uploads\/2020\/02\/LOGO-MQ-300x199.jpg 300w, https:\/\/jornalfatosenoticias.com.br\/wp-content\/uploads\/2020\/02\/LOGO-MQ-768x510.jpg 768w, https:\/\/jornalfatosenoticias.com.br\/wp-content\/uploads\/2020\/02\/LOGO-MQ-1536x1020.jpg 1536w, https:\/\/jornalfatosenoticias.com.br\/wp-content\/uploads\/2020\/02\/LOGO-MQ-2048x1360.jpg 2048w\" sizes=\"auto, (max-width: 1024px) 100vw, 1024px\" \/><\/a><\/figure>\n<\/div>\n\n\n<p><strong><mark style=\"background-color:rgba(0, 0, 0, 0)\" class=\"has-inline-color has-black-color\"><span style=\"text-decoration: underline;\">Imposto seletivo e mudan\u00e7as no consumo<br><\/span><\/mark><\/strong>A reforma tamb\u00e9m introduz o<strong> imposto seletivo,<\/strong> aplic\u00e1vel principalmente a bebidas a\u00e7ucaradas. A tend\u00eancia \u00e9 de impacto direto nos pre\u00e7os e no comportamento do consumidor, incentivando reformula\u00e7\u00f5es de produtos e a diversifica\u00e7\u00e3o de portf\u00f3lio. Embora outros alimentos ultra processados n\u00e3o tenham sido inclu\u00eddos nesse imposto, a press\u00e3o regulat\u00f3ria e social sobre esse segmento deve aumentar.<\/p>\n\n\n\n<p><strong><mark style=\"background-color:rgba(0, 0, 0, 0)\" class=\"has-inline-color has-black-color\"><span style=\"text-decoration: underline;\">Planejamento: o fator decisivo<br><\/span><\/mark><\/strong>A transi\u00e7\u00e3o para o novo sistema ser\u00e1 gradual, mas o tempo para agir \u00e9 agora. Empresas do setor de alimentos precisam mapear seus produtos, simular cen\u00e1rios, ajustar sistemas, renegociar contratos e fortalecer o capital de giro. Aquelas que se anteciparem estar\u00e3o mais preparadas para transformar a reforma em vantagem competitiva.<\/p>\n\n\n<div class=\"wp-block-image\">\n<figure class=\"aligncenter size-large is-resized\"><a href=\"https:\/\/www.instagram.com\/esteio.churrascaria\/\"><img loading=\"lazy\" decoding=\"async\" width=\"1024\" height=\"730\" src=\"https:\/\/jornalfatosenoticias.com.br\/wp-content\/uploads\/2022\/02\/LOGO-ESTEIO-1024x730.png\" alt=\"\" class=\"wp-image-27942\" style=\"aspect-ratio:1.4027519523986611;width:351px;height:auto\" srcset=\"https:\/\/jornalfatosenoticias.com.br\/wp-content\/uploads\/2022\/02\/LOGO-ESTEIO-1024x730.png 1024w, https:\/\/jornalfatosenoticias.com.br\/wp-content\/uploads\/2022\/02\/LOGO-ESTEIO-300x214.png 300w, https:\/\/jornalfatosenoticias.com.br\/wp-content\/uploads\/2022\/02\/LOGO-ESTEIO-768x548.png 768w, https:\/\/jornalfatosenoticias.com.br\/wp-content\/uploads\/2022\/02\/LOGO-ESTEIO.png 1123w\" sizes=\"auto, (max-width: 1024px) 100vw, 1024px\" \/><\/a><\/figure>\n<\/div>\n\n\n<p><strong><mark style=\"background-color:rgba(0, 0, 0, 0)\" class=\"has-inline-color has-black-color\"><span style=\"text-decoration: underline;\">RECOMENDA\u00c7\u00d5ES ESTRAT\u00c9GICAS<br><\/span><\/mark><\/strong>A Reforma Tribut\u00e1ria 2026 n\u00e3o \u00e9 apenas uma mudan\u00e7a fiscal \u00e9 uma redefini\u00e7\u00e3o das regras do jogo para o setor de alimentos. A desonera\u00e7\u00e3o da cesta b\u00e1sica representa um avan\u00e7o social importante, mas o split payment, o fim dos incentivos fiscais e a nova l\u00f3gica de cr\u00e9dito exigem <strong>gest\u00e3o profissional, planejamento tribut\u00e1rio e decis\u00f5es estrat\u00e9gicas bem fundamentadas.<\/strong><br>Para supermercados e ind\u00fastrias, a diferen\u00e7a entre risco e oportunidade estar\u00e1 na capacidade de adapta\u00e7\u00e3o. Em um mercado cada vez mais competitivo, informa\u00e7\u00e3o, antecipa\u00e7\u00e3o e governan\u00e7a tribut\u00e1ria ser\u00e3o ativos essenciais para garantir sustentabilidade e crescimento nos pr\u00f3ximos anos.<\/p>\n\n\n<div class=\"wp-block-image\">\n<figure class=\"aligncenter size-full\"><img loading=\"lazy\" decoding=\"async\" width=\"666\" height=\"1000\" src=\"https:\/\/jornalfatosenoticias.com.br\/wp-content\/uploads\/2026\/01\/ChatGPT-Image_2.png\" alt=\"\" class=\"wp-image-64671\" srcset=\"https:\/\/jornalfatosenoticias.com.br\/wp-content\/uploads\/2026\/01\/ChatGPT-Image_2.png 666w, https:\/\/jornalfatosenoticias.com.br\/wp-content\/uploads\/2026\/01\/ChatGPT-Image_2-200x300.png 200w\" sizes=\"auto, (max-width: 666px) 100vw, 666px\" \/><figcaption class=\"wp-element-caption\"><em><mark style=\"background-color:rgba(0, 0, 0, 0)\" class=\"has-inline-color has-black-color\">(Foto: ChatGPT)<\/mark><\/em><\/figcaption><\/figure>\n<\/div>\n\n\n<p><strong><mark style=\"background-color:rgba(0, 0, 0, 0)\" class=\"has-inline-color has-black-color\">Para supermercados<br><\/mark>Imediato (2026):<br><\/strong>\u2022 Realizar diagn\u00f3stico tribut\u00e1rio completo de portf\u00f3lio de produtos<br>\u2022 Parametrizar sistemas ERP e PDV para Cesta B\u00e1sica, Cesta Estendida e padr\u00e3o<br>\u2022 Simular impacto do split payment em fluxo de caixa<br>\u2022 Revisar contratos com fornecedores para repassar custos de tributos<br>\u2022 Mapear composi\u00e7\u00e3o de pagamentos (% dinheiro x cart\u00e3o)<br>\u2022 Aumentar linhas de cr\u00e9dito antes da implementa\u00e7\u00e3o<br><strong>M\u00e9dio prazo (2027-2028):<\/strong><br>Implementar governan\u00e7a fiscal e indicadores de conformidade<br>\u2022 Comunicar redu\u00e7\u00e3o de pre\u00e7os em Cesta B\u00e1sica para consumidores<br>\u2022 Avaliar estrat\u00e9gias de fideliza\u00e7\u00e3o focadas em produtos desonerados<br>\u2022 Monitorar jurisprud\u00eancia sobre classifica\u00e7\u00e3o de produtos<br>\u2022 Negociar com operadoras de pagamento por melhores condi\u00e7\u00f5es<br>\u2022 Implementar programas de desconto para pagamento em dinheiro<br><strong>Longo prazo (2029-2033):<\/strong><br>\u2022 Acompanhar elimina\u00e7\u00e3o progressiva de benef\u00edcios fiscais<br>\u2022 Renegociar pre\u00e7os com fornecedores conforme benef\u00edcios desaparecem<br>\u2022 Adaptar mix de produtos para manter margens<br>\u2022 Investir em sistemas integrados de gest\u00e3o financeira<\/p>\n\n\n<div class=\"wp-block-image\">\n<figure class=\"aligncenter size-large is-resized\"><a href=\"https:\/\/www.instagram.com\/restaurantepegoretti\/\"><img loading=\"lazy\" decoding=\"async\" width=\"1024\" height=\"389\" src=\"https:\/\/jornalfatosenoticias.com.br\/wp-content\/uploads\/2023\/12\/pegoretti-logo-pdf-1024x389.jpg\" alt=\"\" class=\"wp-image-47536\" style=\"aspect-ratio:2.632371267633717;width:576px;height:auto\" srcset=\"https:\/\/jornalfatosenoticias.com.br\/wp-content\/uploads\/2023\/12\/pegoretti-logo-pdf-1024x389.jpg 1024w, https:\/\/jornalfatosenoticias.com.br\/wp-content\/uploads\/2023\/12\/pegoretti-logo-pdf-300x114.jpg 300w, https:\/\/jornalfatosenoticias.com.br\/wp-content\/uploads\/2023\/12\/pegoretti-logo-pdf-768x291.jpg 768w, https:\/\/jornalfatosenoticias.com.br\/wp-content\/uploads\/2023\/12\/pegoretti-logo-pdf.jpg 1120w\" sizes=\"auto, (max-width: 1024px) 100vw, 1024px\" \/><\/a><\/figure>\n<\/div>\n\n\n<p><strong><mark style=\"background-color:rgba(0, 0, 0, 0)\" class=\"has-inline-color has-black-color\">Para fabricantes<br><\/mark>Imediato (2026):<br><\/strong>\u2022 Mapear benef\u00edcios fiscais atuais e simular impacto da elimina\u00e7\u00e3o<br>\u2022 Classificar portf\u00f3lio em Cesta B\u00e1sica, Cesta Estendida, padr\u00e3o e seletivo<br>\u2022 Recalcular precifica\u00e7\u00e3o considerando creditamento de insumos<br>\u2022 Revisar contratos com clientes (supermercados) para repassar custos<br>\u2022 Preparar sistemas para c\u00e1lculo autom\u00e1tico de IBS\/CBS<br>\u2022 Aumentar capital de giro para absorver impacto do split payment<\/p>\n\n\n<div class=\"wp-block-image\">\n<figure class=\"aligncenter size-full\"><a href=\"https:\/\/premiertemperos.com.br\/novo\/\"><img loading=\"lazy\" decoding=\"async\" width=\"851\" height=\"315\" src=\"https:\/\/jornalfatosenoticias.com.br\/wp-content\/uploads\/2020\/02\/logo-Premier-Temperos.png\" alt=\"\" class=\"wp-image-64452\" srcset=\"https:\/\/jornalfatosenoticias.com.br\/wp-content\/uploads\/2020\/02\/logo-Premier-Temperos.png 851w, https:\/\/jornalfatosenoticias.com.br\/wp-content\/uploads\/2020\/02\/logo-Premier-Temperos-300x111.png 300w, https:\/\/jornalfatosenoticias.com.br\/wp-content\/uploads\/2020\/02\/logo-Premier-Temperos-768x284.png 768w\" sizes=\"auto, (max-width: 851px) 100vw, 851px\" \/><\/a><\/figure>\n<\/div>\n\n\n<p><strong>M\u00e9dio prazo (2027-2028):<br><\/strong>\u2022 Implementar sistemas de c\u00e1lculo autom\u00e1tico de IBS\/CBS<br>\u2022 Avaliar oportunidades de reformula\u00e7\u00e3o de produtos (reduzir a\u00e7\u00facar em bebidas)<br>\u2022 Monitorar impacto do imposto seletivo em vendas<br>\u2022 Considerar diversifica\u00e7\u00e3o de portf\u00f3lio<br>\u2022 Negociar com operadoras de pagamento por antecipa\u00e7\u00e3o de recebimento<br>\u2022 Otimizar gest\u00e3o de estoque para liberar caixa<\/p>\n\n\n\n<p><strong>Longo prazo (2029-2033):<br><\/strong>\u2022 Antecipar elimina\u00e7\u00e3o de benef\u00edcios fiscais com revis\u00e3o de pre\u00e7os<br>\u2022 Avaliar reestrutura\u00e7\u00e3o societ\u00e1ria se vi\u00e1vel<br>\u2022 Considerar consolida\u00e7\u00e3o ou fus\u00e3o para ganhar escala<br>\u2022 Investir em efici\u00eancia operacional para compensar aumento de carga tribut\u00e1ria<br>\u2022 Adaptar modelo de neg\u00f3cio considerando impacto permanente do split payment<\/p>\n\n\n<div class=\"wp-block-image\">\n<figure class=\"aligncenter size-full is-resized\"><a href=\"https:\/\/www.instagram.com\/kalynecalais\/\"><img loading=\"lazy\" decoding=\"async\" width=\"969\" height=\"406\" src=\"https:\/\/jornalfatosenoticias.com.br\/wp-content\/uploads\/2024\/09\/Legis-Juris-Consultoria_logo.jpg\" alt=\"\" class=\"wp-image-53915\" style=\"aspect-ratio:2.3868022598870056;width:644px;height:auto\" srcset=\"https:\/\/jornalfatosenoticias.com.br\/wp-content\/uploads\/2024\/09\/Legis-Juris-Consultoria_logo.jpg 969w, https:\/\/jornalfatosenoticias.com.br\/wp-content\/uploads\/2024\/09\/Legis-Juris-Consultoria_logo-300x126.jpg 300w, https:\/\/jornalfatosenoticias.com.br\/wp-content\/uploads\/2024\/09\/Legis-Juris-Consultoria_logo-768x322.jpg 768w\" sizes=\"auto, (max-width: 969px) 100vw, 969px\" \/><\/a><\/figure>\n<\/div>\n\n\n<p><strong><mark style=\"background-color:rgba(0, 0, 0, 0)\" class=\"has-inline-color has-black-color\">(Foto de capa: ChatGPT)<\/mark><\/strong><\/p>\n","protected":false},"excerpt":{"rendered":"<p>A Reforma Tribut\u00e1ria, regulamentada pela Lei Complementar n.\u00ba 214\/2025, marca uma das maiores transforma\u00e7\u00f5es no sistema de tributos sobre o consumo das \u00faltimas d\u00e9cadas. Para o setor de alimentos que envolve supermercados, atacadistas, distribuidores e ind\u00fastrias os impactos v\u00e3o muito. Trata-se de uma mudan\u00e7a estrutural que afeta pre\u00e7os, margens, fluxo de caixa e estrat\u00e9gias de [&hellip;]<\/p>\n","protected":false},"author":39,"featured_media":64669,"comment_status":"open","ping_status":"open","sticky":false,"template":"","format":"standard","meta":{"footnotes":""},"categories":[9],"tags":[29416,29418,1013,29415,29207,4046,29417,23696],"class_list":["post-64667","post","type-post","status-publish","format-standard","has-post-thumbnail","hentry","category-economia","tag-atacadistas","tag-cesta-basica-nacional-de-alimentos","tag-consumo","tag-distribuidores","tag-industrias","tag-reforma-tributaria","tag-sistema-de-tributos","tag-supermercados"],"yoast_head":"<!-- This site is optimized with the Yoast SEO plugin v26.5 - https:\/\/yoast.com\/wordpress\/plugins\/seo\/ -->\n<title>Reforma Tribut\u00e1ria 2026: o que muda para o setor de alimentos - Jornal Fatos e Not\u00edcias<\/title>\n<meta name=\"robots\" content=\"index, follow, max-snippet:-1, max-image-preview:large, max-video-preview:-1\" \/>\n<link rel=\"canonical\" href=\"https:\/\/jornalfatosenoticias.com.br\/index.php\/2026\/01\/26\/reforma-tributaria-2026-o-que-muda-para-o-setor-de-alimentos\/\" \/>\n<meta property=\"og:locale\" content=\"pt_BR\" \/>\n<meta property=\"og:type\" content=\"article\" \/>\n<meta property=\"og:title\" content=\"Reforma Tribut\u00e1ria 2026: o que muda para o setor de alimentos - Jornal Fatos e Not\u00edcias\" \/>\n<meta property=\"og:description\" content=\"A Reforma Tribut\u00e1ria, regulamentada pela Lei Complementar n.\u00ba 214\/2025, marca uma das maiores transforma\u00e7\u00f5es no sistema de tributos sobre o consumo das \u00faltimas d\u00e9cadas. Para o setor de alimentos que envolve supermercados, atacadistas, distribuidores e ind\u00fastrias os impactos v\u00e3o muito. Trata-se de uma mudan\u00e7a estrutural que afeta pre\u00e7os, margens, fluxo de caixa e estrat\u00e9gias de [&hellip;]\" \/>\n<meta property=\"og:url\" content=\"https:\/\/jornalfatosenoticias.com.br\/index.php\/2026\/01\/26\/reforma-tributaria-2026-o-que-muda-para-o-setor-de-alimentos\/\" \/>\n<meta property=\"og:site_name\" content=\"Jornal Fatos e Not\u00edcias\" \/>\n<meta property=\"article:published_time\" content=\"2026-01-26T14:24:50+00:00\" \/>\n<meta property=\"article:modified_time\" content=\"2026-01-26T14:24:52+00:00\" \/>\n<meta property=\"og:image\" content=\"https:\/\/jornalfatosenoticias.com.br\/wp-content\/uploads\/2026\/01\/ChatGPT-Image_capa.jpg\" \/>\n\t<meta property=\"og:image:width\" content=\"965\" \/>\n\t<meta property=\"og:image:height\" content=\"631\" \/>\n\t<meta property=\"og:image:type\" content=\"image\/jpeg\" \/>\n<meta name=\"author\" content=\"Rogerio Fernandes e Kalyne Calais\" \/>\n<meta name=\"twitter:card\" content=\"summary_large_image\" \/>\n<meta name=\"twitter:label1\" content=\"Escrito por\" \/>\n\t<meta name=\"twitter:data1\" content=\"Rogerio Fernandes e Kalyne Calais\" \/>\n\t<meta name=\"twitter:label2\" content=\"Est. tempo de leitura\" \/>\n\t<meta name=\"twitter:data2\" content=\"9 minutos\" \/>\n<script type=\"application\/ld+json\" class=\"yoast-schema-graph\">{\"@context\":\"https:\/\/schema.org\",\"@graph\":[{\"@type\":\"Article\",\"@id\":\"https:\/\/jornalfatosenoticias.com.br\/index.php\/2026\/01\/26\/reforma-tributaria-2026-o-que-muda-para-o-setor-de-alimentos\/#article\",\"isPartOf\":{\"@id\":\"https:\/\/jornalfatosenoticias.com.br\/index.php\/2026\/01\/26\/reforma-tributaria-2026-o-que-muda-para-o-setor-de-alimentos\/\"},\"author\":{\"name\":\"Rogerio Fernandes e Kalyne Calais\",\"@id\":\"https:\/\/jornalfatosenoticias.com.br\/#\/schema\/person\/dbe3a29c2a0ae01a892d7aef31d6c0b6\"},\"headline\":\"Reforma Tribut\u00e1ria 2026: o que muda para o setor de alimentos\",\"datePublished\":\"2026-01-26T14:24:50+00:00\",\"dateModified\":\"2026-01-26T14:24:52+00:00\",\"mainEntityOfPage\":{\"@id\":\"https:\/\/jornalfatosenoticias.com.br\/index.php\/2026\/01\/26\/reforma-tributaria-2026-o-que-muda-para-o-setor-de-alimentos\/\"},\"wordCount\":1183,\"commentCount\":0,\"publisher\":{\"@id\":\"https:\/\/jornalfatosenoticias.com.br\/#organization\"},\"image\":{\"@id\":\"https:\/\/jornalfatosenoticias.com.br\/index.php\/2026\/01\/26\/reforma-tributaria-2026-o-que-muda-para-o-setor-de-alimentos\/#primaryimage\"},\"thumbnailUrl\":\"https:\/\/jornalfatosenoticias.com.br\/wp-content\/uploads\/2026\/01\/ChatGPT-Image_capa.jpg\",\"keywords\":[\"atacadistas\",\"Cesta B\u00e1sica Nacional de Alimentos\",\"consumo\",\"distribuidores\",\"ind\u00fastrias\",\"Reforma Tribut\u00e1ria\",\"sistema de tributos\",\"supermercados\"],\"articleSection\":[\"Economia\"],\"inLanguage\":\"pt-BR\",\"potentialAction\":[{\"@type\":\"CommentAction\",\"name\":\"Comment\",\"target\":[\"https:\/\/jornalfatosenoticias.com.br\/index.php\/2026\/01\/26\/reforma-tributaria-2026-o-que-muda-para-o-setor-de-alimentos\/#respond\"]}]},{\"@type\":\"WebPage\",\"@id\":\"https:\/\/jornalfatosenoticias.com.br\/index.php\/2026\/01\/26\/reforma-tributaria-2026-o-que-muda-para-o-setor-de-alimentos\/\",\"url\":\"https:\/\/jornalfatosenoticias.com.br\/index.php\/2026\/01\/26\/reforma-tributaria-2026-o-que-muda-para-o-setor-de-alimentos\/\",\"name\":\"Reforma Tribut\u00e1ria 2026: o que muda para o setor de alimentos - Jornal Fatos e Not\u00edcias\",\"isPartOf\":{\"@id\":\"https:\/\/jornalfatosenoticias.com.br\/#website\"},\"primaryImageOfPage\":{\"@id\":\"https:\/\/jornalfatosenoticias.com.br\/index.php\/2026\/01\/26\/reforma-tributaria-2026-o-que-muda-para-o-setor-de-alimentos\/#primaryimage\"},\"image\":{\"@id\":\"https:\/\/jornalfatosenoticias.com.br\/index.php\/2026\/01\/26\/reforma-tributaria-2026-o-que-muda-para-o-setor-de-alimentos\/#primaryimage\"},\"thumbnailUrl\":\"https:\/\/jornalfatosenoticias.com.br\/wp-content\/uploads\/2026\/01\/ChatGPT-Image_capa.jpg\",\"datePublished\":\"2026-01-26T14:24:50+00:00\",\"dateModified\":\"2026-01-26T14:24:52+00:00\",\"breadcrumb\":{\"@id\":\"https:\/\/jornalfatosenoticias.com.br\/index.php\/2026\/01\/26\/reforma-tributaria-2026-o-que-muda-para-o-setor-de-alimentos\/#breadcrumb\"},\"inLanguage\":\"pt-BR\",\"potentialAction\":[{\"@type\":\"ReadAction\",\"target\":[\"https:\/\/jornalfatosenoticias.com.br\/index.php\/2026\/01\/26\/reforma-tributaria-2026-o-que-muda-para-o-setor-de-alimentos\/\"]}]},{\"@type\":\"ImageObject\",\"inLanguage\":\"pt-BR\",\"@id\":\"https:\/\/jornalfatosenoticias.com.br\/index.php\/2026\/01\/26\/reforma-tributaria-2026-o-que-muda-para-o-setor-de-alimentos\/#primaryimage\",\"url\":\"https:\/\/jornalfatosenoticias.com.br\/wp-content\/uploads\/2026\/01\/ChatGPT-Image_capa.jpg\",\"contentUrl\":\"https:\/\/jornalfatosenoticias.com.br\/wp-content\/uploads\/2026\/01\/ChatGPT-Image_capa.jpg\",\"width\":965,\"height\":631},{\"@type\":\"BreadcrumbList\",\"@id\":\"https:\/\/jornalfatosenoticias.com.br\/index.php\/2026\/01\/26\/reforma-tributaria-2026-o-que-muda-para-o-setor-de-alimentos\/#breadcrumb\",\"itemListElement\":[{\"@type\":\"ListItem\",\"position\":1,\"name\":\"In\u00edcio\",\"item\":\"https:\/\/jornalfatosenoticias.com.br\/\"},{\"@type\":\"ListItem\",\"position\":2,\"name\":\"Reforma Tribut\u00e1ria 2026: o que muda para o setor de alimentos\"}]},{\"@type\":\"WebSite\",\"@id\":\"https:\/\/jornalfatosenoticias.com.br\/#website\",\"url\":\"https:\/\/jornalfatosenoticias.com.br\/\",\"name\":\"Jornal Fatos e Not\u00edcias\",\"description\":\"Not\u00edcias em geral\",\"publisher\":{\"@id\":\"https:\/\/jornalfatosenoticias.com.br\/#organization\"},\"potentialAction\":[{\"@type\":\"SearchAction\",\"target\":{\"@type\":\"EntryPoint\",\"urlTemplate\":\"https:\/\/jornalfatosenoticias.com.br\/?s={search_term_string}\"},\"query-input\":{\"@type\":\"PropertyValueSpecification\",\"valueRequired\":true,\"valueName\":\"search_term_string\"}}],\"inLanguage\":\"pt-BR\"},{\"@type\":\"Organization\",\"@id\":\"https:\/\/jornalfatosenoticias.com.br\/#organization\",\"name\":\"Jornal Fatos e Not\u00edcias\",\"url\":\"https:\/\/jornalfatosenoticias.com.br\/\",\"logo\":{\"@type\":\"ImageObject\",\"inLanguage\":\"pt-BR\",\"@id\":\"https:\/\/jornalfatosenoticias.com.br\/#\/schema\/logo\/image\/\",\"url\":\"https:\/\/jornalfatosenoticias.com.br\/wp-content\/uploads\/2020\/02\/logo120.png\",\"contentUrl\":\"https:\/\/jornalfatosenoticias.com.br\/wp-content\/uploads\/2020\/02\/logo120.png\",\"width\":1227,\"height\":120,\"caption\":\"Jornal Fatos e Not\u00edcias\"},\"image\":{\"@id\":\"https:\/\/jornalfatosenoticias.com.br\/#\/schema\/logo\/image\/\"}},{\"@type\":\"Person\",\"@id\":\"https:\/\/jornalfatosenoticias.com.br\/#\/schema\/person\/dbe3a29c2a0ae01a892d7aef31d6c0b6\",\"name\":\"Rogerio Fernandes e Kalyne Calais\",\"image\":{\"@type\":\"ImageObject\",\"inLanguage\":\"pt-BR\",\"@id\":\"https:\/\/jornalfatosenoticias.com.br\/#\/schema\/person\/image\/\",\"url\":\"https:\/\/jornalfatosenoticias.com.br\/wp-content\/uploads\/2026\/01\/Rogerio-Kalyne_PORTAL-1-150x150.jpeg\",\"contentUrl\":\"https:\/\/jornalfatosenoticias.com.br\/wp-content\/uploads\/2026\/01\/Rogerio-Kalyne_PORTAL-1-150x150.jpeg\",\"caption\":\"Rogerio Fernandes e Kalyne Calais\"},\"description\":\"Especialistas em Direito Tribut\u00e1rio Legis Juris Consultoria https:\/\/www.instagram.com\/kalynecalais\/ https:\/\/www.linkedin.com\/company\/legis-juris\/\",\"url\":\"https:\/\/jornalfatosenoticias.com.br\/index.php\/author\/rogerio-e-kalyne\/\"}]}<\/script>\n<!-- \/ Yoast SEO plugin. -->","yoast_head_json":{"title":"Reforma Tribut\u00e1ria 2026: o que muda para o setor de alimentos - Jornal Fatos e Not\u00edcias","robots":{"index":"index","follow":"follow","max-snippet":"max-snippet:-1","max-image-preview":"max-image-preview:large","max-video-preview":"max-video-preview:-1"},"canonical":"https:\/\/jornalfatosenoticias.com.br\/index.php\/2026\/01\/26\/reforma-tributaria-2026-o-que-muda-para-o-setor-de-alimentos\/","og_locale":"pt_BR","og_type":"article","og_title":"Reforma Tribut\u00e1ria 2026: o que muda para o setor de alimentos - Jornal Fatos e Not\u00edcias","og_description":"A Reforma Tribut\u00e1ria, regulamentada pela Lei Complementar n.\u00ba 214\/2025, marca uma das maiores transforma\u00e7\u00f5es no sistema de tributos sobre o consumo das \u00faltimas d\u00e9cadas. Para o setor de alimentos que envolve supermercados, atacadistas, distribuidores e ind\u00fastrias os impactos v\u00e3o muito. Trata-se de uma mudan\u00e7a estrutural que afeta pre\u00e7os, margens, fluxo de caixa e estrat\u00e9gias de [&hellip;]","og_url":"https:\/\/jornalfatosenoticias.com.br\/index.php\/2026\/01\/26\/reforma-tributaria-2026-o-que-muda-para-o-setor-de-alimentos\/","og_site_name":"Jornal Fatos e Not\u00edcias","article_published_time":"2026-01-26T14:24:50+00:00","article_modified_time":"2026-01-26T14:24:52+00:00","og_image":[{"width":965,"height":631,"url":"https:\/\/jornalfatosenoticias.com.br\/wp-content\/uploads\/2026\/01\/ChatGPT-Image_capa.jpg","type":"image\/jpeg"}],"author":"Rogerio Fernandes e Kalyne Calais","twitter_card":"summary_large_image","twitter_misc":{"Escrito por":"Rogerio Fernandes e Kalyne Calais","Est. tempo de leitura":"9 minutos"},"schema":{"@context":"https:\/\/schema.org","@graph":[{"@type":"Article","@id":"https:\/\/jornalfatosenoticias.com.br\/index.php\/2026\/01\/26\/reforma-tributaria-2026-o-que-muda-para-o-setor-de-alimentos\/#article","isPartOf":{"@id":"https:\/\/jornalfatosenoticias.com.br\/index.php\/2026\/01\/26\/reforma-tributaria-2026-o-que-muda-para-o-setor-de-alimentos\/"},"author":{"name":"Rogerio Fernandes e Kalyne Calais","@id":"https:\/\/jornalfatosenoticias.com.br\/#\/schema\/person\/dbe3a29c2a0ae01a892d7aef31d6c0b6"},"headline":"Reforma Tribut\u00e1ria 2026: o que muda para o setor de alimentos","datePublished":"2026-01-26T14:24:50+00:00","dateModified":"2026-01-26T14:24:52+00:00","mainEntityOfPage":{"@id":"https:\/\/jornalfatosenoticias.com.br\/index.php\/2026\/01\/26\/reforma-tributaria-2026-o-que-muda-para-o-setor-de-alimentos\/"},"wordCount":1183,"commentCount":0,"publisher":{"@id":"https:\/\/jornalfatosenoticias.com.br\/#organization"},"image":{"@id":"https:\/\/jornalfatosenoticias.com.br\/index.php\/2026\/01\/26\/reforma-tributaria-2026-o-que-muda-para-o-setor-de-alimentos\/#primaryimage"},"thumbnailUrl":"https:\/\/jornalfatosenoticias.com.br\/wp-content\/uploads\/2026\/01\/ChatGPT-Image_capa.jpg","keywords":["atacadistas","Cesta B\u00e1sica Nacional de Alimentos","consumo","distribuidores","ind\u00fastrias","Reforma Tribut\u00e1ria","sistema de tributos","supermercados"],"articleSection":["Economia"],"inLanguage":"pt-BR","potentialAction":[{"@type":"CommentAction","name":"Comment","target":["https:\/\/jornalfatosenoticias.com.br\/index.php\/2026\/01\/26\/reforma-tributaria-2026-o-que-muda-para-o-setor-de-alimentos\/#respond"]}]},{"@type":"WebPage","@id":"https:\/\/jornalfatosenoticias.com.br\/index.php\/2026\/01\/26\/reforma-tributaria-2026-o-que-muda-para-o-setor-de-alimentos\/","url":"https:\/\/jornalfatosenoticias.com.br\/index.php\/2026\/01\/26\/reforma-tributaria-2026-o-que-muda-para-o-setor-de-alimentos\/","name":"Reforma Tribut\u00e1ria 2026: o que muda para o setor de alimentos - Jornal Fatos e Not\u00edcias","isPartOf":{"@id":"https:\/\/jornalfatosenoticias.com.br\/#website"},"primaryImageOfPage":{"@id":"https:\/\/jornalfatosenoticias.com.br\/index.php\/2026\/01\/26\/reforma-tributaria-2026-o-que-muda-para-o-setor-de-alimentos\/#primaryimage"},"image":{"@id":"https:\/\/jornalfatosenoticias.com.br\/index.php\/2026\/01\/26\/reforma-tributaria-2026-o-que-muda-para-o-setor-de-alimentos\/#primaryimage"},"thumbnailUrl":"https:\/\/jornalfatosenoticias.com.br\/wp-content\/uploads\/2026\/01\/ChatGPT-Image_capa.jpg","datePublished":"2026-01-26T14:24:50+00:00","dateModified":"2026-01-26T14:24:52+00:00","breadcrumb":{"@id":"https:\/\/jornalfatosenoticias.com.br\/index.php\/2026\/01\/26\/reforma-tributaria-2026-o-que-muda-para-o-setor-de-alimentos\/#breadcrumb"},"inLanguage":"pt-BR","potentialAction":[{"@type":"ReadAction","target":["https:\/\/jornalfatosenoticias.com.br\/index.php\/2026\/01\/26\/reforma-tributaria-2026-o-que-muda-para-o-setor-de-alimentos\/"]}]},{"@type":"ImageObject","inLanguage":"pt-BR","@id":"https:\/\/jornalfatosenoticias.com.br\/index.php\/2026\/01\/26\/reforma-tributaria-2026-o-que-muda-para-o-setor-de-alimentos\/#primaryimage","url":"https:\/\/jornalfatosenoticias.com.br\/wp-content\/uploads\/2026\/01\/ChatGPT-Image_capa.jpg","contentUrl":"https:\/\/jornalfatosenoticias.com.br\/wp-content\/uploads\/2026\/01\/ChatGPT-Image_capa.jpg","width":965,"height":631},{"@type":"BreadcrumbList","@id":"https:\/\/jornalfatosenoticias.com.br\/index.php\/2026\/01\/26\/reforma-tributaria-2026-o-que-muda-para-o-setor-de-alimentos\/#breadcrumb","itemListElement":[{"@type":"ListItem","position":1,"name":"In\u00edcio","item":"https:\/\/jornalfatosenoticias.com.br\/"},{"@type":"ListItem","position":2,"name":"Reforma Tribut\u00e1ria 2026: o que muda para o setor de alimentos"}]},{"@type":"WebSite","@id":"https:\/\/jornalfatosenoticias.com.br\/#website","url":"https:\/\/jornalfatosenoticias.com.br\/","name":"Jornal Fatos e Not\u00edcias","description":"Not\u00edcias em geral","publisher":{"@id":"https:\/\/jornalfatosenoticias.com.br\/#organization"},"potentialAction":[{"@type":"SearchAction","target":{"@type":"EntryPoint","urlTemplate":"https:\/\/jornalfatosenoticias.com.br\/?s={search_term_string}"},"query-input":{"@type":"PropertyValueSpecification","valueRequired":true,"valueName":"search_term_string"}}],"inLanguage":"pt-BR"},{"@type":"Organization","@id":"https:\/\/jornalfatosenoticias.com.br\/#organization","name":"Jornal Fatos e Not\u00edcias","url":"https:\/\/jornalfatosenoticias.com.br\/","logo":{"@type":"ImageObject","inLanguage":"pt-BR","@id":"https:\/\/jornalfatosenoticias.com.br\/#\/schema\/logo\/image\/","url":"https:\/\/jornalfatosenoticias.com.br\/wp-content\/uploads\/2020\/02\/logo120.png","contentUrl":"https:\/\/jornalfatosenoticias.com.br\/wp-content\/uploads\/2020\/02\/logo120.png","width":1227,"height":120,"caption":"Jornal Fatos e Not\u00edcias"},"image":{"@id":"https:\/\/jornalfatosenoticias.com.br\/#\/schema\/logo\/image\/"}},{"@type":"Person","@id":"https:\/\/jornalfatosenoticias.com.br\/#\/schema\/person\/dbe3a29c2a0ae01a892d7aef31d6c0b6","name":"Rogerio Fernandes e Kalyne Calais","image":{"@type":"ImageObject","inLanguage":"pt-BR","@id":"https:\/\/jornalfatosenoticias.com.br\/#\/schema\/person\/image\/","url":"https:\/\/jornalfatosenoticias.com.br\/wp-content\/uploads\/2026\/01\/Rogerio-Kalyne_PORTAL-1-150x150.jpeg","contentUrl":"https:\/\/jornalfatosenoticias.com.br\/wp-content\/uploads\/2026\/01\/Rogerio-Kalyne_PORTAL-1-150x150.jpeg","caption":"Rogerio Fernandes e Kalyne Calais"},"description":"Especialistas em Direito Tribut\u00e1rio Legis Juris Consultoria https:\/\/www.instagram.com\/kalynecalais\/ https:\/\/www.linkedin.com\/company\/legis-juris\/","url":"https:\/\/jornalfatosenoticias.com.br\/index.php\/author\/rogerio-e-kalyne\/"}]}},"cc_featured_image_caption":{"caption_text":"","source_text":"","source_url":""},"jetpack_featured_media_url":"https:\/\/jornalfatosenoticias.com.br\/wp-content\/uploads\/2026\/01\/ChatGPT-Image_capa.jpg","_links":{"self":[{"href":"https:\/\/jornalfatosenoticias.com.br\/index.php\/wp-json\/wp\/v2\/posts\/64667","targetHints":{"allow":["GET"]}}],"collection":[{"href":"https:\/\/jornalfatosenoticias.com.br\/index.php\/wp-json\/wp\/v2\/posts"}],"about":[{"href":"https:\/\/jornalfatosenoticias.com.br\/index.php\/wp-json\/wp\/v2\/types\/post"}],"author":[{"embeddable":true,"href":"https:\/\/jornalfatosenoticias.com.br\/index.php\/wp-json\/wp\/v2\/users\/39"}],"replies":[{"embeddable":true,"href":"https:\/\/jornalfatosenoticias.com.br\/index.php\/wp-json\/wp\/v2\/comments?post=64667"}],"version-history":[{"count":1,"href":"https:\/\/jornalfatosenoticias.com.br\/index.php\/wp-json\/wp\/v2\/posts\/64667\/revisions"}],"predecessor-version":[{"id":64672,"href":"https:\/\/jornalfatosenoticias.com.br\/index.php\/wp-json\/wp\/v2\/posts\/64667\/revisions\/64672"}],"wp:featuredmedia":[{"embeddable":true,"href":"https:\/\/jornalfatosenoticias.com.br\/index.php\/wp-json\/wp\/v2\/media\/64669"}],"wp:attachment":[{"href":"https:\/\/jornalfatosenoticias.com.br\/index.php\/wp-json\/wp\/v2\/media?parent=64667"}],"wp:term":[{"taxonomy":"category","embeddable":true,"href":"https:\/\/jornalfatosenoticias.com.br\/index.php\/wp-json\/wp\/v2\/categories?post=64667"},{"taxonomy":"post_tag","embeddable":true,"href":"https:\/\/jornalfatosenoticias.com.br\/index.php\/wp-json\/wp\/v2\/tags?post=64667"}],"curies":[{"name":"wp","href":"https:\/\/api.w.org\/{rel}","templated":true}]}}