{"id":64688,"date":"2026-01-26T21:56:56","date_gmt":"2026-01-27T00:56:56","guid":{"rendered":"https:\/\/jornalfatosenoticias.com.br\/?p=64688"},"modified":"2026-01-26T21:56:58","modified_gmt":"2026-01-27T00:56:58","slug":"estudante-cria-casas-modulares-para-pessoas-em-situacao-de-rua","status":"publish","type":"post","link":"https:\/\/jornalfatosenoticias.com.br\/index.php\/2026\/01\/26\/estudante-cria-casas-modulares-para-pessoas-em-situacao-de-rua\/","title":{"rendered":"Estudante cria casas modulares para pessoas em situa\u00e7\u00e3o de rua"},"content":{"rendered":"\n<p><em><mark style=\"background-color:rgba(0, 0, 0, 0)\" class=\"has-inline-color has-black-color\">Ribal Zebian e sua casa modular no palco durante uma demonstra\u00e7\u00e3o<\/mark><\/em><\/p>\n\n\n<div class=\"wp-block-image\">\n<figure class=\"aligncenter size-large\"><a href=\"https:\/\/mizu.com.br\/\"><img loading=\"lazy\" decoding=\"async\" width=\"1024\" height=\"99\" src=\"https:\/\/jornalfatosenoticias.com.br\/wp-content\/uploads\/2020\/02\/Logo-Mizu-segunda-2-1024x99.png\" alt=\"\" class=\"wp-image-2353\" srcset=\"https:\/\/jornalfatosenoticias.com.br\/wp-content\/uploads\/2020\/02\/Logo-Mizu-segunda-2-1024x99.png 1024w, https:\/\/jornalfatosenoticias.com.br\/wp-content\/uploads\/2020\/02\/Logo-Mizu-segunda-2-300x29.png 300w, https:\/\/jornalfatosenoticias.com.br\/wp-content\/uploads\/2020\/02\/Logo-Mizu-segunda-2-768x74.png 768w, https:\/\/jornalfatosenoticias.com.br\/wp-content\/uploads\/2020\/02\/Logo-Mizu-segunda-2.png 1240w\" sizes=\"auto, (max-width: 1024px) 100vw, 1024px\" \/><\/a><\/figure>\n<\/div>\n\n\n<p>Determinado a contribuir para o enfrentamento da falta de moradia em sua cidade, um jovem de Ont\u00e1rio projetou um sistema modular de\u00a0<a href=\"https:\/\/ciclovivo.com.br\/newsletter-layout\/casas-de-bambu-a-preco-de-smartphone-resistem-a-terremoto\/\" target=\"_blank\" rel=\"noreferrer noopener\">microcasas<\/a> como alternativa de abrigo. A iniciativa \u00e9 de Ribal Zebian, de 18 anos, que busca responder ao desafio vivido por cerca de 1.800 pessoas em situa\u00e7\u00e3o de rua em London, no Canad\u00e1. Ainda muito novo, Zebian j\u00e1 havia demonstrado sua inclina\u00e7\u00e3o para a engenharia. Aos 17 anos, construiu uma r\u00e9plica em escala infantil de um Mercedes Classe G, feita em madeira e com componentes el\u00e9tricos, posteriormente doada a um museu. Agora, o foco \u00e9 mais pragm\u00e1tico: o desenvolvimento de abrigos isolados produzidos a partir de moldagem de fibra de vidro de precis\u00e3o.<br>O projeto prev\u00ea pain\u00e9is desse material com cavidades funcionais, capazes de serem duplicados rapidamente para formar estruturas modulares maiores ou menores, conforme a necessidade. O teto utiliza n\u00facleos isolantes de pl\u00e1stico PET, respons\u00e1veis por sustentar a cobertura e garantir resist\u00eancia \u00e0s diferentes condi\u00e7\u00f5es clim\u00e1ticas ao longo do ano. Zebian diz pensar n\u00e3o apenas no cen\u00e1rio atual, mas tamb\u00e9m no futuro.<\/p>\n\n\n<div class=\"wp-block-image\">\n<figure class=\"aligncenter size-large is-resized\"><a href=\"https:\/\/www.instagram.com\/esteio.churrascaria\/\"><img loading=\"lazy\" decoding=\"async\" width=\"1024\" height=\"730\" src=\"https:\/\/jornalfatosenoticias.com.br\/wp-content\/uploads\/2022\/02\/LOGO-ESTEIO-1024x730.png\" alt=\"\" class=\"wp-image-27942\" style=\"aspect-ratio:1.4027519523986611;width:334px;height:auto\" srcset=\"https:\/\/jornalfatosenoticias.com.br\/wp-content\/uploads\/2022\/02\/LOGO-ESTEIO-1024x730.png 1024w, https:\/\/jornalfatosenoticias.com.br\/wp-content\/uploads\/2022\/02\/LOGO-ESTEIO-300x214.png 300w, https:\/\/jornalfatosenoticias.com.br\/wp-content\/uploads\/2022\/02\/LOGO-ESTEIO-768x548.png 768w, https:\/\/jornalfatosenoticias.com.br\/wp-content\/uploads\/2022\/02\/LOGO-ESTEIO.png 1123w\" sizes=\"auto, (max-width: 1024px) 100vw, 1024px\" \/><\/a><\/figure>\n<\/div>\n\n\n<blockquote class=\"wp-block-quote is-layout-flow wp-block-quote-is-layout-flow\">\n<p><mark style=\"background-color:rgba(0, 0, 0, 0)\" class=\"has-inline-color has-luminous-vivid-orange-color\">Estou preocupado com as pessoas que acabar\u00e3o enfrentando esse problema, certo? Porque os pre\u00e7os das casas est\u00e3o aumentando cada vez mais\u201d, afirmou o estudante \u00e0 CTV News.<\/mark><\/p>\n<\/blockquote>\n\n\n<div class=\"wp-block-image\">\n<figure class=\"aligncenter size-full is-resized\"><a href=\"https:\/\/panper.com.br\/\"><img loading=\"lazy\" decoding=\"async\" width=\"400\" height=\"277\" src=\"https:\/\/jornalfatosenoticias.com.br\/wp-content\/uploads\/2023\/03\/logo-Panper_portal.jpg\" alt=\"\" class=\"wp-image-40208\" style=\"aspect-ratio:1.4441247814068934;width:368px;height:auto\" srcset=\"https:\/\/jornalfatosenoticias.com.br\/wp-content\/uploads\/2023\/03\/logo-Panper_portal.jpg 400w, https:\/\/jornalfatosenoticias.com.br\/wp-content\/uploads\/2023\/03\/logo-Panper_portal-300x208.jpg 300w\" sizes=\"auto, (max-width: 400px) 100vw, 400px\" \/><\/a><\/figure>\n<\/div>\n\n\n<p>A partir de maio, ele mesmo \u2014 que atualmente frequenta a Western University \u2014 pretende morar na casa modular por um per\u00edodo de 12 meses. A experi\u00eancia permitir\u00e1 identificar falhas, testar o abrigo em diferentes condi\u00e7\u00f5es clim\u00e1ticas e compreender, na pr\u00e1tica, como o projeto pode ser aperfei\u00e7oado. Zebian acredita que a solu\u00e7\u00e3o tem potencial para produ\u00e7\u00e3o em massa e pode contribuir para aliviar o problema da popula\u00e7\u00e3o em situa\u00e7\u00e3o de rua.<br>A iniciativa tamb\u00e9m \u00e9 vista com bons olhos por aqueles que atuam em prol da moradia popular. <\/p>\n\n\n\n<blockquote class=\"wp-block-quote is-layout-flow wp-block-quote-is-layout-flow\">\n<p><mark style=\"background-color:rgba(0, 0, 0, 0)\" class=\"has-inline-color has-luminous-vivid-orange-color\">As microcasas s\u00e3o a solu\u00e7\u00e3o completa? N\u00e3o, mas fazem parte dela\u201d, disse Gary Brown, defensor de moradias populares em London, novamente \u00e0 CTV. \u201cTenho visto v\u00e1rias sendo constru\u00eddas em outras cidades, e aqui esse movimento est\u00e1 um pouco atrasado\u201d.<\/mark><\/p>\n<\/blockquote>\n\n\n<div class=\"wp-block-image\">\n<figure class=\"aligncenter size-large is-resized\"><a href=\"https:\/\/www.facebook.com\/profile.php?id=100069289606145\"><img loading=\"lazy\" decoding=\"async\" width=\"1024\" height=\"714\" src=\"https:\/\/jornalfatosenoticias.com.br\/wp-content\/uploads\/2024\/11\/Guaitolini-Contabilidade-1024x714.jpeg\" alt=\"\" class=\"wp-image-55808\" style=\"aspect-ratio:1.4341815811629233;width:354px;height:auto\" srcset=\"https:\/\/jornalfatosenoticias.com.br\/wp-content\/uploads\/2024\/11\/Guaitolini-Contabilidade-1024x714.jpeg 1024w, https:\/\/jornalfatosenoticias.com.br\/wp-content\/uploads\/2024\/11\/Guaitolini-Contabilidade-300x209.jpeg 300w, https:\/\/jornalfatosenoticias.com.br\/wp-content\/uploads\/2024\/11\/Guaitolini-Contabilidade-768x535.jpeg 768w, https:\/\/jornalfatosenoticias.com.br\/wp-content\/uploads\/2024\/11\/Guaitolini-Contabilidade.jpeg 1280w\" sizes=\"auto, (max-width: 1024px) 100vw, 1024px\" \/><\/a><\/figure>\n<\/div>\n\n\n<p><strong><mark style=\"background-color:rgba(0, 0, 0, 0)\" class=\"has-inline-color has-black-color\">(Foto: Reprodu\u00e7\u00e3o CicloVivo)<\/mark><\/strong><\/p>\n\n\n\n<p><strong>Fonte: <a href=\"https:\/\/ciclovivo.com.br\/arq-urb\/arquitetura\/estudante-cria-casas-modulares-para-pessoas-em-situacao-de-rua\/\">CicloVivo<\/a><\/strong><\/p>\n","protected":false},"excerpt":{"rendered":"<p>Ribal Zebian e sua casa modular no palco durante uma demonstra\u00e7\u00e3o Determinado a contribuir para o enfrentamento da falta de moradia em sua cidade, um jovem de Ont\u00e1rio projetou um sistema modular de\u00a0microcasas como alternativa de abrigo. A iniciativa \u00e9 de Ribal Zebian, de 18 anos, que busca responder ao desafio vivido por cerca de [&hellip;]<\/p>\n","protected":false},"author":2,"featured_media":64689,"comment_status":"open","ping_status":"open","sticky":false,"template":"","format":"standard","meta":{"footnotes":""},"categories":[744],"tags":[2668,21066,29424,21070,29426,29425],"class_list":["post-64688","post","type-post","status-publish","format-standard","has-post-thumbnail","hentry","category-arq-urbanismo","tag-canada","tag-casas-modulares","tag-microcasas","tag-moradia-popular","tag-pessoas-em-situacao-de-rua","tag-ribal-zebian"],"yoast_head":"<!-- This site is optimized with the Yoast SEO plugin v26.5 - https:\/\/yoast.com\/wordpress\/plugins\/seo\/ -->\n<title>Estudante cria casas modulares para pessoas em situa\u00e7\u00e3o de rua - Jornal Fatos e Not\u00edcias<\/title>\n<meta name=\"robots\" content=\"index, follow, max-snippet:-1, max-image-preview:large, max-video-preview:-1\" \/>\n<link rel=\"canonical\" href=\"https:\/\/jornalfatosenoticias.com.br\/index.php\/2026\/01\/26\/estudante-cria-casas-modulares-para-pessoas-em-situacao-de-rua\/\" \/>\n<meta property=\"og:locale\" content=\"pt_BR\" \/>\n<meta property=\"og:type\" content=\"article\" \/>\n<meta property=\"og:title\" content=\"Estudante cria casas modulares para pessoas em situa\u00e7\u00e3o de rua - Jornal Fatos e Not\u00edcias\" \/>\n<meta property=\"og:description\" content=\"Ribal Zebian e sua casa modular no palco durante uma demonstra\u00e7\u00e3o Determinado a contribuir para o enfrentamento da falta de moradia em sua cidade, um jovem de Ont\u00e1rio projetou um sistema modular de\u00a0microcasas como alternativa de abrigo. A iniciativa \u00e9 de Ribal Zebian, de 18 anos, que busca responder ao desafio vivido por cerca de [&hellip;]\" \/>\n<meta property=\"og:url\" content=\"https:\/\/jornalfatosenoticias.com.br\/index.php\/2026\/01\/26\/estudante-cria-casas-modulares-para-pessoas-em-situacao-de-rua\/\" \/>\n<meta property=\"og:site_name\" content=\"Jornal Fatos e Not\u00edcias\" \/>\n<meta property=\"article:published_time\" content=\"2026-01-27T00:56:56+00:00\" \/>\n<meta property=\"article:modified_time\" content=\"2026-01-27T00:56:58+00:00\" \/>\n<meta property=\"og:image\" content=\"https:\/\/jornalfatosenoticias.com.br\/wp-content\/uploads\/2026\/01\/casas-modulares_ciclovivo.jpg\" \/>\n\t<meta property=\"og:image:width\" content=\"696\" \/>\n\t<meta property=\"og:image:height\" content=\"343\" \/>\n\t<meta property=\"og:image:type\" content=\"image\/jpeg\" \/>\n<meta name=\"author\" content=\"Luzimara Fernandes\" \/>\n<meta name=\"twitter:card\" content=\"summary_large_image\" \/>\n<meta name=\"twitter:label1\" content=\"Escrito por\" \/>\n\t<meta name=\"twitter:data1\" content=\"Luzimara Fernandes\" \/>\n\t<meta name=\"twitter:label2\" content=\"Est. tempo de leitura\" \/>\n\t<meta name=\"twitter:data2\" content=\"3 minutos\" \/>\n<script type=\"application\/ld+json\" class=\"yoast-schema-graph\">{\"@context\":\"https:\/\/schema.org\",\"@graph\":[{\"@type\":\"Article\",\"@id\":\"https:\/\/jornalfatosenoticias.com.br\/index.php\/2026\/01\/26\/estudante-cria-casas-modulares-para-pessoas-em-situacao-de-rua\/#article\",\"isPartOf\":{\"@id\":\"https:\/\/jornalfatosenoticias.com.br\/index.php\/2026\/01\/26\/estudante-cria-casas-modulares-para-pessoas-em-situacao-de-rua\/\"},\"author\":{\"name\":\"Luzimara Fernandes\",\"@id\":\"https:\/\/jornalfatosenoticias.com.br\/#\/schema\/person\/d63837fa13ac8666eb9e74e0985d6f81\"},\"headline\":\"Estudante cria casas modulares para pessoas em situa\u00e7\u00e3o de rua\",\"datePublished\":\"2026-01-27T00:56:56+00:00\",\"dateModified\":\"2026-01-27T00:56:58+00:00\",\"mainEntityOfPage\":{\"@id\":\"https:\/\/jornalfatosenoticias.com.br\/index.php\/2026\/01\/26\/estudante-cria-casas-modulares-para-pessoas-em-situacao-de-rua\/\"},\"wordCount\":383,\"commentCount\":0,\"publisher\":{\"@id\":\"https:\/\/jornalfatosenoticias.com.br\/#organization\"},\"image\":{\"@id\":\"https:\/\/jornalfatosenoticias.com.br\/index.php\/2026\/01\/26\/estudante-cria-casas-modulares-para-pessoas-em-situacao-de-rua\/#primaryimage\"},\"thumbnailUrl\":\"https:\/\/jornalfatosenoticias.com.br\/wp-content\/uploads\/2026\/01\/casas-modulares_ciclovivo.jpg\",\"keywords\":[\"Canad\u00e1\",\"casas modulares\",\"microcasas\",\"moradia popular\",\"pessoas em situa\u00e7\u00e3o de rua\",\"Ribal Zebian\"],\"articleSection\":[\"Arq &amp; Urb\"],\"inLanguage\":\"pt-BR\",\"potentialAction\":[{\"@type\":\"CommentAction\",\"name\":\"Comment\",\"target\":[\"https:\/\/jornalfatosenoticias.com.br\/index.php\/2026\/01\/26\/estudante-cria-casas-modulares-para-pessoas-em-situacao-de-rua\/#respond\"]}]},{\"@type\":\"WebPage\",\"@id\":\"https:\/\/jornalfatosenoticias.com.br\/index.php\/2026\/01\/26\/estudante-cria-casas-modulares-para-pessoas-em-situacao-de-rua\/\",\"url\":\"https:\/\/jornalfatosenoticias.com.br\/index.php\/2026\/01\/26\/estudante-cria-casas-modulares-para-pessoas-em-situacao-de-rua\/\",\"name\":\"Estudante cria casas modulares para pessoas em situa\u00e7\u00e3o de rua - Jornal Fatos e Not\u00edcias\",\"isPartOf\":{\"@id\":\"https:\/\/jornalfatosenoticias.com.br\/#website\"},\"primaryImageOfPage\":{\"@id\":\"https:\/\/jornalfatosenoticias.com.br\/index.php\/2026\/01\/26\/estudante-cria-casas-modulares-para-pessoas-em-situacao-de-rua\/#primaryimage\"},\"image\":{\"@id\":\"https:\/\/jornalfatosenoticias.com.br\/index.php\/2026\/01\/26\/estudante-cria-casas-modulares-para-pessoas-em-situacao-de-rua\/#primaryimage\"},\"thumbnailUrl\":\"https:\/\/jornalfatosenoticias.com.br\/wp-content\/uploads\/2026\/01\/casas-modulares_ciclovivo.jpg\",\"datePublished\":\"2026-01-27T00:56:56+00:00\",\"dateModified\":\"2026-01-27T00:56:58+00:00\",\"breadcrumb\":{\"@id\":\"https:\/\/jornalfatosenoticias.com.br\/index.php\/2026\/01\/26\/estudante-cria-casas-modulares-para-pessoas-em-situacao-de-rua\/#breadcrumb\"},\"inLanguage\":\"pt-BR\",\"potentialAction\":[{\"@type\":\"ReadAction\",\"target\":[\"https:\/\/jornalfatosenoticias.com.br\/index.php\/2026\/01\/26\/estudante-cria-casas-modulares-para-pessoas-em-situacao-de-rua\/\"]}]},{\"@type\":\"ImageObject\",\"inLanguage\":\"pt-BR\",\"@id\":\"https:\/\/jornalfatosenoticias.com.br\/index.php\/2026\/01\/26\/estudante-cria-casas-modulares-para-pessoas-em-situacao-de-rua\/#primaryimage\",\"url\":\"https:\/\/jornalfatosenoticias.com.br\/wp-content\/uploads\/2026\/01\/casas-modulares_ciclovivo.jpg\",\"contentUrl\":\"https:\/\/jornalfatosenoticias.com.br\/wp-content\/uploads\/2026\/01\/casas-modulares_ciclovivo.jpg\",\"width\":696,\"height\":343},{\"@type\":\"BreadcrumbList\",\"@id\":\"https:\/\/jornalfatosenoticias.com.br\/index.php\/2026\/01\/26\/estudante-cria-casas-modulares-para-pessoas-em-situacao-de-rua\/#breadcrumb\",\"itemListElement\":[{\"@type\":\"ListItem\",\"position\":1,\"name\":\"In\u00edcio\",\"item\":\"https:\/\/jornalfatosenoticias.com.br\/\"},{\"@type\":\"ListItem\",\"position\":2,\"name\":\"Estudante cria casas modulares para pessoas em situa\u00e7\u00e3o de rua\"}]},{\"@type\":\"WebSite\",\"@id\":\"https:\/\/jornalfatosenoticias.com.br\/#website\",\"url\":\"https:\/\/jornalfatosenoticias.com.br\/\",\"name\":\"Jornal Fatos e Not\u00edcias\",\"description\":\"Not\u00edcias em geral\",\"publisher\":{\"@id\":\"https:\/\/jornalfatosenoticias.com.br\/#organization\"},\"potentialAction\":[{\"@type\":\"SearchAction\",\"target\":{\"@type\":\"EntryPoint\",\"urlTemplate\":\"https:\/\/jornalfatosenoticias.com.br\/?s={search_term_string}\"},\"query-input\":{\"@type\":\"PropertyValueSpecification\",\"valueRequired\":true,\"valueName\":\"search_term_string\"}}],\"inLanguage\":\"pt-BR\"},{\"@type\":\"Organization\",\"@id\":\"https:\/\/jornalfatosenoticias.com.br\/#organization\",\"name\":\"Jornal Fatos e Not\u00edcias\",\"url\":\"https:\/\/jornalfatosenoticias.com.br\/\",\"logo\":{\"@type\":\"ImageObject\",\"inLanguage\":\"pt-BR\",\"@id\":\"https:\/\/jornalfatosenoticias.com.br\/#\/schema\/logo\/image\/\",\"url\":\"https:\/\/jornalfatosenoticias.com.br\/wp-content\/uploads\/2020\/02\/logo120.png\",\"contentUrl\":\"https:\/\/jornalfatosenoticias.com.br\/wp-content\/uploads\/2020\/02\/logo120.png\",\"width\":1227,\"height\":120,\"caption\":\"Jornal Fatos e Not\u00edcias\"},\"image\":{\"@id\":\"https:\/\/jornalfatosenoticias.com.br\/#\/schema\/logo\/image\/\"}},{\"@type\":\"Person\",\"@id\":\"https:\/\/jornalfatosenoticias.com.br\/#\/schema\/person\/d63837fa13ac8666eb9e74e0985d6f81\",\"name\":\"Luzimara Fernandes\",\"image\":{\"@type\":\"ImageObject\",\"inLanguage\":\"pt-BR\",\"@id\":\"https:\/\/jornalfatosenoticias.com.br\/#\/schema\/person\/image\/\",\"url\":\"https:\/\/jornalfatosenoticias.com.br\/wp-content\/uploads\/2025\/05\/EU_portal.jpg\",\"contentUrl\":\"https:\/\/jornalfatosenoticias.com.br\/wp-content\/uploads\/2025\/05\/EU_portal.jpg\",\"caption\":\"Luzimara Fernandes\"},\"description\":\"Jornalista MTB 2358-ES\",\"sameAs\":[\"https:\/\/jornalfatosenoticias.com.br\"],\"url\":\"https:\/\/jornalfatosenoticias.com.br\/index.php\/author\/luzimara\/\"}]}<\/script>\n<!-- \/ Yoast SEO plugin. -->","yoast_head_json":{"title":"Estudante cria casas modulares para pessoas em situa\u00e7\u00e3o de rua - Jornal Fatos e Not\u00edcias","robots":{"index":"index","follow":"follow","max-snippet":"max-snippet:-1","max-image-preview":"max-image-preview:large","max-video-preview":"max-video-preview:-1"},"canonical":"https:\/\/jornalfatosenoticias.com.br\/index.php\/2026\/01\/26\/estudante-cria-casas-modulares-para-pessoas-em-situacao-de-rua\/","og_locale":"pt_BR","og_type":"article","og_title":"Estudante cria casas modulares para pessoas em situa\u00e7\u00e3o de rua - Jornal Fatos e Not\u00edcias","og_description":"Ribal Zebian e sua casa modular no palco durante uma demonstra\u00e7\u00e3o Determinado a contribuir para o enfrentamento da falta de moradia em sua cidade, um jovem de Ont\u00e1rio projetou um sistema modular de\u00a0microcasas como alternativa de abrigo. A iniciativa \u00e9 de Ribal Zebian, de 18 anos, que busca responder ao desafio vivido por cerca de [&hellip;]","og_url":"https:\/\/jornalfatosenoticias.com.br\/index.php\/2026\/01\/26\/estudante-cria-casas-modulares-para-pessoas-em-situacao-de-rua\/","og_site_name":"Jornal Fatos e Not\u00edcias","article_published_time":"2026-01-27T00:56:56+00:00","article_modified_time":"2026-01-27T00:56:58+00:00","og_image":[{"width":696,"height":343,"url":"https:\/\/jornalfatosenoticias.com.br\/wp-content\/uploads\/2026\/01\/casas-modulares_ciclovivo.jpg","type":"image\/jpeg"}],"author":"Luzimara Fernandes","twitter_card":"summary_large_image","twitter_misc":{"Escrito por":"Luzimara Fernandes","Est. tempo de leitura":"3 minutos"},"schema":{"@context":"https:\/\/schema.org","@graph":[{"@type":"Article","@id":"https:\/\/jornalfatosenoticias.com.br\/index.php\/2026\/01\/26\/estudante-cria-casas-modulares-para-pessoas-em-situacao-de-rua\/#article","isPartOf":{"@id":"https:\/\/jornalfatosenoticias.com.br\/index.php\/2026\/01\/26\/estudante-cria-casas-modulares-para-pessoas-em-situacao-de-rua\/"},"author":{"name":"Luzimara Fernandes","@id":"https:\/\/jornalfatosenoticias.com.br\/#\/schema\/person\/d63837fa13ac8666eb9e74e0985d6f81"},"headline":"Estudante cria casas modulares para pessoas em situa\u00e7\u00e3o de rua","datePublished":"2026-01-27T00:56:56+00:00","dateModified":"2026-01-27T00:56:58+00:00","mainEntityOfPage":{"@id":"https:\/\/jornalfatosenoticias.com.br\/index.php\/2026\/01\/26\/estudante-cria-casas-modulares-para-pessoas-em-situacao-de-rua\/"},"wordCount":383,"commentCount":0,"publisher":{"@id":"https:\/\/jornalfatosenoticias.com.br\/#organization"},"image":{"@id":"https:\/\/jornalfatosenoticias.com.br\/index.php\/2026\/01\/26\/estudante-cria-casas-modulares-para-pessoas-em-situacao-de-rua\/#primaryimage"},"thumbnailUrl":"https:\/\/jornalfatosenoticias.com.br\/wp-content\/uploads\/2026\/01\/casas-modulares_ciclovivo.jpg","keywords":["Canad\u00e1","casas modulares","microcasas","moradia popular","pessoas em situa\u00e7\u00e3o de rua","Ribal Zebian"],"articleSection":["Arq &amp; Urb"],"inLanguage":"pt-BR","potentialAction":[{"@type":"CommentAction","name":"Comment","target":["https:\/\/jornalfatosenoticias.com.br\/index.php\/2026\/01\/26\/estudante-cria-casas-modulares-para-pessoas-em-situacao-de-rua\/#respond"]}]},{"@type":"WebPage","@id":"https:\/\/jornalfatosenoticias.com.br\/index.php\/2026\/01\/26\/estudante-cria-casas-modulares-para-pessoas-em-situacao-de-rua\/","url":"https:\/\/jornalfatosenoticias.com.br\/index.php\/2026\/01\/26\/estudante-cria-casas-modulares-para-pessoas-em-situacao-de-rua\/","name":"Estudante cria casas modulares para pessoas em situa\u00e7\u00e3o de rua - Jornal Fatos e Not\u00edcias","isPartOf":{"@id":"https:\/\/jornalfatosenoticias.com.br\/#website"},"primaryImageOfPage":{"@id":"https:\/\/jornalfatosenoticias.com.br\/index.php\/2026\/01\/26\/estudante-cria-casas-modulares-para-pessoas-em-situacao-de-rua\/#primaryimage"},"image":{"@id":"https:\/\/jornalfatosenoticias.com.br\/index.php\/2026\/01\/26\/estudante-cria-casas-modulares-para-pessoas-em-situacao-de-rua\/#primaryimage"},"thumbnailUrl":"https:\/\/jornalfatosenoticias.com.br\/wp-content\/uploads\/2026\/01\/casas-modulares_ciclovivo.jpg","datePublished":"2026-01-27T00:56:56+00:00","dateModified":"2026-01-27T00:56:58+00:00","breadcrumb":{"@id":"https:\/\/jornalfatosenoticias.com.br\/index.php\/2026\/01\/26\/estudante-cria-casas-modulares-para-pessoas-em-situacao-de-rua\/#breadcrumb"},"inLanguage":"pt-BR","potentialAction":[{"@type":"ReadAction","target":["https:\/\/jornalfatosenoticias.com.br\/index.php\/2026\/01\/26\/estudante-cria-casas-modulares-para-pessoas-em-situacao-de-rua\/"]}]},{"@type":"ImageObject","inLanguage":"pt-BR","@id":"https:\/\/jornalfatosenoticias.com.br\/index.php\/2026\/01\/26\/estudante-cria-casas-modulares-para-pessoas-em-situacao-de-rua\/#primaryimage","url":"https:\/\/jornalfatosenoticias.com.br\/wp-content\/uploads\/2026\/01\/casas-modulares_ciclovivo.jpg","contentUrl":"https:\/\/jornalfatosenoticias.com.br\/wp-content\/uploads\/2026\/01\/casas-modulares_ciclovivo.jpg","width":696,"height":343},{"@type":"BreadcrumbList","@id":"https:\/\/jornalfatosenoticias.com.br\/index.php\/2026\/01\/26\/estudante-cria-casas-modulares-para-pessoas-em-situacao-de-rua\/#breadcrumb","itemListElement":[{"@type":"ListItem","position":1,"name":"In\u00edcio","item":"https:\/\/jornalfatosenoticias.com.br\/"},{"@type":"ListItem","position":2,"name":"Estudante cria casas modulares para pessoas em situa\u00e7\u00e3o de rua"}]},{"@type":"WebSite","@id":"https:\/\/jornalfatosenoticias.com.br\/#website","url":"https:\/\/jornalfatosenoticias.com.br\/","name":"Jornal Fatos e Not\u00edcias","description":"Not\u00edcias em geral","publisher":{"@id":"https:\/\/jornalfatosenoticias.com.br\/#organization"},"potentialAction":[{"@type":"SearchAction","target":{"@type":"EntryPoint","urlTemplate":"https:\/\/jornalfatosenoticias.com.br\/?s={search_term_string}"},"query-input":{"@type":"PropertyValueSpecification","valueRequired":true,"valueName":"search_term_string"}}],"inLanguage":"pt-BR"},{"@type":"Organization","@id":"https:\/\/jornalfatosenoticias.com.br\/#organization","name":"Jornal Fatos e Not\u00edcias","url":"https:\/\/jornalfatosenoticias.com.br\/","logo":{"@type":"ImageObject","inLanguage":"pt-BR","@id":"https:\/\/jornalfatosenoticias.com.br\/#\/schema\/logo\/image\/","url":"https:\/\/jornalfatosenoticias.com.br\/wp-content\/uploads\/2020\/02\/logo120.png","contentUrl":"https:\/\/jornalfatosenoticias.com.br\/wp-content\/uploads\/2020\/02\/logo120.png","width":1227,"height":120,"caption":"Jornal Fatos e Not\u00edcias"},"image":{"@id":"https:\/\/jornalfatosenoticias.com.br\/#\/schema\/logo\/image\/"}},{"@type":"Person","@id":"https:\/\/jornalfatosenoticias.com.br\/#\/schema\/person\/d63837fa13ac8666eb9e74e0985d6f81","name":"Luzimara Fernandes","image":{"@type":"ImageObject","inLanguage":"pt-BR","@id":"https:\/\/jornalfatosenoticias.com.br\/#\/schema\/person\/image\/","url":"https:\/\/jornalfatosenoticias.com.br\/wp-content\/uploads\/2025\/05\/EU_portal.jpg","contentUrl":"https:\/\/jornalfatosenoticias.com.br\/wp-content\/uploads\/2025\/05\/EU_portal.jpg","caption":"Luzimara Fernandes"},"description":"Jornalista MTB 2358-ES","sameAs":["https:\/\/jornalfatosenoticias.com.br"],"url":"https:\/\/jornalfatosenoticias.com.br\/index.php\/author\/luzimara\/"}]}},"cc_featured_image_caption":{"caption_text":"","source_text":"","source_url":""},"jetpack_featured_media_url":"https:\/\/jornalfatosenoticias.com.br\/wp-content\/uploads\/2026\/01\/casas-modulares_ciclovivo.jpg","_links":{"self":[{"href":"https:\/\/jornalfatosenoticias.com.br\/index.php\/wp-json\/wp\/v2\/posts\/64688","targetHints":{"allow":["GET"]}}],"collection":[{"href":"https:\/\/jornalfatosenoticias.com.br\/index.php\/wp-json\/wp\/v2\/posts"}],"about":[{"href":"https:\/\/jornalfatosenoticias.com.br\/index.php\/wp-json\/wp\/v2\/types\/post"}],"author":[{"embeddable":true,"href":"https:\/\/jornalfatosenoticias.com.br\/index.php\/wp-json\/wp\/v2\/users\/2"}],"replies":[{"embeddable":true,"href":"https:\/\/jornalfatosenoticias.com.br\/index.php\/wp-json\/wp\/v2\/comments?post=64688"}],"version-history":[{"count":1,"href":"https:\/\/jornalfatosenoticias.com.br\/index.php\/wp-json\/wp\/v2\/posts\/64688\/revisions"}],"predecessor-version":[{"id":64690,"href":"https:\/\/jornalfatosenoticias.com.br\/index.php\/wp-json\/wp\/v2\/posts\/64688\/revisions\/64690"}],"wp:featuredmedia":[{"embeddable":true,"href":"https:\/\/jornalfatosenoticias.com.br\/index.php\/wp-json\/wp\/v2\/media\/64689"}],"wp:attachment":[{"href":"https:\/\/jornalfatosenoticias.com.br\/index.php\/wp-json\/wp\/v2\/media?parent=64688"}],"wp:term":[{"taxonomy":"category","embeddable":true,"href":"https:\/\/jornalfatosenoticias.com.br\/index.php\/wp-json\/wp\/v2\/categories?post=64688"},{"taxonomy":"post_tag","embeddable":true,"href":"https:\/\/jornalfatosenoticias.com.br\/index.php\/wp-json\/wp\/v2\/tags?post=64688"}],"curies":[{"name":"wp","href":"https:\/\/api.w.org\/{rel}","templated":true}]}}