{"id":64691,"date":"2026-01-26T22:08:58","date_gmt":"2026-01-27T01:08:58","guid":{"rendered":"https:\/\/jornalfatosenoticias.com.br\/?p=64691"},"modified":"2026-01-26T22:09:00","modified_gmt":"2026-01-27T01:09:00","slug":"cni-entra-com-acao-no-stf-contra-dispositivos-da-lei-que-reduz-incentivos-fiscais","status":"publish","type":"post","link":"https:\/\/jornalfatosenoticias.com.br\/index.php\/2026\/01\/26\/cni-entra-com-acao-no-stf-contra-dispositivos-da-lei-que-reduz-incentivos-fiscais\/","title":{"rendered":"CNI entra com a\u00e7\u00e3o no STF contra dispositivos da lei que reduz incentivos fiscais"},"content":{"rendered":"\n<p><em><mark style=\"background-color:rgba(0, 0, 0, 0)\" class=\"has-inline-color has-black-color\">Institui\u00e7\u00e3o ajuizou A\u00e7\u00e3o Direta de Inconstitucionalidade (ADI), com pedido de liminar, contestando aspectos da Lei Complementar n.\u00ba 224\/2025<\/mark><\/em><\/p>\n\n\n\n<p><mark style=\"background-color:rgba(0, 0, 0, 0)\" class=\"has-inline-color has-black-color\">Por <strong><a href=\"https:\/\/noticias.portaldaindustria.com.br\/autores\/silvia-cavichioli\/\">Silvia Cavichioli<\/a><\/strong><\/mark><\/p>\n\n\n<div class=\"wp-block-image\">\n<figure class=\"aligncenter size-large\"><a href=\"https:\/\/www.controlsystems.com.br\/\"><img loading=\"lazy\" decoding=\"async\" width=\"1024\" height=\"109\" src=\"https:\/\/jornalfatosenoticias.com.br\/wp-content\/uploads\/2020\/02\/CONTROL-CS2-1024x109.jpg\" alt=\"\" class=\"wp-image-44989\" srcset=\"https:\/\/jornalfatosenoticias.com.br\/wp-content\/uploads\/2020\/02\/CONTROL-CS2-1024x109.jpg 1024w, https:\/\/jornalfatosenoticias.com.br\/wp-content\/uploads\/2020\/02\/CONTROL-CS2-300x32.jpg 300w, https:\/\/jornalfatosenoticias.com.br\/wp-content\/uploads\/2020\/02\/CONTROL-CS2-768x82.jpg 768w, https:\/\/jornalfatosenoticias.com.br\/wp-content\/uploads\/2020\/02\/CONTROL-CS2.jpg 1120w\" sizes=\"auto, (max-width: 1024px) 100vw, 1024px\" \/><\/a><\/figure>\n<\/div>\n\n\n<p>A <a href=\"https:\/\/www.portaldaindustria.com.br\/cni\/?utm_source=jor&amp;utm_medium=comunique&amp;utm_campaign=release&amp;utm_content=texto-fixo\">Confedera\u00e7\u00e3o Nacional da Ind\u00fastria (CNI)<\/a> questiona dispositivos da Lei Complementar n.\u00ba 224\/2025, que reduz incentivos e benef\u00edcios fiscais \u00e0s empresas, em A\u00e7\u00e3o Direta de Inconstitucionalidade (ADI) ajuizada no Supremo Tribunal Federal (STF). Na a\u00e7\u00e3o, a institui\u00e7\u00e3o pede a suspens\u00e3o dos efeitos e a inconstitucionalidade da express\u00e3o <em>\u201cconsiderando-se como condi\u00e7\u00e3o onerosa exclusivamente investimento previsto em projeto aprovado pelo Poder Executivo federal at\u00e9 o dia 31 de dezembro de 2025\u201d<\/em>. A CNI avalia que a medida viola o direito adquirido a benef\u00edcios fiscais a prazo certo e sujeito a condi\u00e7\u00f5es que n\u00e3o prevejam pr\u00e9via aprova\u00e7\u00e3o pelo poder Executivo ou cujas condi\u00e7\u00f5es n\u00e3o sejam classificadas como investimentos. Isso traz inseguran\u00e7a jur\u00eddica, pois altera as regras do jogo para investimentos j\u00e1 planejados ou em execu\u00e7\u00e3o.<br>A CNI argumenta que, embora o texto aprovado procure respeitar a chamada condi\u00e7\u00e3o onerosa, regra que impede o cancelamento do benef\u00edcio concedido antes do fim do prazo previamente determinado, foi criada uma delimita\u00e7\u00e3o legal que prejudica os contribuintes e alguns setores em especial. A nova lei diz que vai respeitar isso, mas imp\u00f4s uma trava: s\u00f3 vale como condi\u00e7\u00e3o onerosa o investimento que j\u00e1 tiver o projeto aprovado pelo governo federal at\u00e9 31 de dezembro de 2025.<\/p>\n\n\n<div class=\"wp-block-image\">\n<figure class=\"aligncenter size-large is-resized\"><a href=\"https:\/\/www.instagram.com\/espiritocacau\/\"><img decoding=\"async\" src=\"https:\/\/jornalfatosenoticias.com.br\/wp-content\/uploads\/2020\/02\/Espirito-Cacau_Logo-1024x1024.png\" alt=\"\" class=\"wp-image-64360\" style=\"width:321px;height:auto\"\/><\/a><\/figure>\n<\/div>\n\n\n<p>Na avalia\u00e7\u00e3o da CNI, a imposi\u00e7\u00e3o dessa data limite incorre em quebra de confian\u00e7a, j\u00e1 que mudar a regra agora fere o direito adquirido e o princ\u00edpio da n\u00e3o-surpresa (o governo n\u00e3o pode pegar o contribuinte de surpresa com novos custos). Isso significa que investimentos de longo prazo foram planejados com base em incentivos que agora s\u00e3o reduzidos antes do prazo originalmente previsto, o que abala a confian\u00e7a do investidor.<\/p>\n\n\n\n<blockquote class=\"wp-block-quote is-layout-flow wp-block-quote-is-layout-flow\">\n<p><mark style=\"background-color:rgba(0, 0, 0, 0)\" class=\"has-inline-color has-luminous-vivid-orange-color\">N\u00e3o respeitar os benef\u00edcios e incentivos fiscais sujeitos a prazo e condi\u00e7\u00f5es que n\u00e3o dependam de \u2018deferimento\u2019 pr\u00e9vio do poder Executivo ou cuja condi\u00e7\u00e3o n\u00e3o corresponda a investimento viola a garantia constitucional do direito adquirido. Essa viola\u00e7\u00e3o decorre tanto do texto do inciso IV, \u00a7 8.\u00ba, art. 4.\u00ba da LC 224\/2025 quanto do contexto do mencionado \u00a7 8.\u00ba, que permite a compreens\u00e3o de que sua lista de 13 incisos \u00e9 taxativa e n\u00e3o exemplificativa, impossibilitando que casos n\u00e3o compreendidos no limite textual do seu inciso IV possam ser respeitados\u201d, aponta a CNI no documento.<\/mark><\/p>\n<\/blockquote>\n\n\n<div class=\"wp-block-image\">\n<figure class=\"aligncenter size-full\"><a href=\"https:\/\/premiertemperos.com.br\/novo\/\"><img loading=\"lazy\" decoding=\"async\" width=\"851\" height=\"315\" src=\"https:\/\/jornalfatosenoticias.com.br\/wp-content\/uploads\/2020\/02\/logo-Premier-Temperos.png\" alt=\"\" class=\"wp-image-64452\" srcset=\"https:\/\/jornalfatosenoticias.com.br\/wp-content\/uploads\/2020\/02\/logo-Premier-Temperos.png 851w, https:\/\/jornalfatosenoticias.com.br\/wp-content\/uploads\/2020\/02\/logo-Premier-Temperos-300x111.png 300w, https:\/\/jornalfatosenoticias.com.br\/wp-content\/uploads\/2020\/02\/logo-Premier-Temperos-768x284.png 768w\" sizes=\"auto, (max-width: 851px) 100vw, 851px\" \/><\/a><\/figure>\n<\/div>\n\n\n<p><strong><mark style=\"background-color:rgba(0, 0, 0, 0)\" class=\"has-inline-color has-black-color\">Preju\u00edzo a projetos de inova\u00e7\u00e3o e de desenvolvimento do Norte, Nordeste e Centro-Oeste<br><\/mark><\/strong>Sancionada no final de dezembro, a LC n.\u00ba 224\/2025 aplica um corte linear de 10% sobre uma vasta gama de incentivos e benef\u00edcios fiscais federais. Para a ind\u00fastria, esse fator de redu\u00e7\u00e3o implica na majora\u00e7\u00e3o da carga efetiva, j\u00e1 que benef\u00edcios de IPI, PIS\/Cofins e Imposto de Importa\u00e7\u00e3o foram diretamente atingidos, impacta o fluxo de caixa e afeta a concorr\u00eancia internacional, pois a redu\u00e7\u00e3o de incentivos em setores estrat\u00e9gicos desprotege a produ\u00e7\u00e3o nacional frente a produtos importados que n\u00e3o sofrem essa \u201creonera\u00e7\u00e3o silenciosa\u201d.<br>A medida prejudica incentivos fiscais voltados \u00e0 inova\u00e7\u00e3o, expondo uma contradi\u00e7\u00e3o do governo federal que, h\u00e1 dois anos, lan\u00e7ou a Nova Ind\u00fastria Brasil (NIB), pol\u00edtica industrial que tem na inova\u00e7\u00e3o um de seus pilares. Afeta, ainda, projetos voltados ao desenvolvimento econ\u00f4mico das regi\u00f5es Norte, Nordeste e Centro-Oeste, iniciativas fundamentais para diminui\u00e7\u00e3o das desigualdades regionais no pa\u00eds. \u00c9 importante lembrar que in\u00fameras empresas n\u00e3o estariam em regi\u00f5es menos desenvolvidas sem esses incentivos. Com o aumento da tributa\u00e7\u00e3o e redu\u00e7\u00e3o dos incentivos fiscais, o setor produtivo vai pagar, mais uma vez, pelo ajuste das contas p\u00fablicas. O Executivo deveria atuar para conter o crescimento dos gastos, mas essa n\u00e3o \u00e9 a sinaliza\u00e7\u00e3o para 2026, quando as despesas federais devem ter crescimento real de 4,6%, projeta a CNI.<\/p>\n\n\n<div class=\"wp-block-image\">\n<figure class=\"aligncenter size-full\"><a href=\"https:\/\/www.instagram.com\/alhoroxao\/\"><img loading=\"lazy\" decoding=\"async\" width=\"960\" height=\"365\" src=\"https:\/\/jornalfatosenoticias.com.br\/wp-content\/uploads\/2026\/01\/logo-alho-Roxao.png\" alt=\"\" class=\"wp-image-64448\" srcset=\"https:\/\/jornalfatosenoticias.com.br\/wp-content\/uploads\/2026\/01\/logo-alho-Roxao.png 960w, https:\/\/jornalfatosenoticias.com.br\/wp-content\/uploads\/2026\/01\/logo-alho-Roxao-300x114.png 300w, https:\/\/jornalfatosenoticias.com.br\/wp-content\/uploads\/2026\/01\/logo-alho-Roxao-768x292.png 768w\" sizes=\"auto, (max-width: 960px) 100vw, 960px\" \/><\/a><\/figure>\n<\/div>\n\n\n<p><strong><mark style=\"background-color:rgba(0, 0, 0, 0)\" class=\"has-inline-color has-black-color\">(Foto: ChatGPT)<\/mark><\/strong><\/p>\n\n\n\n<p><strong>Fonte: <a href=\"https:\/\/noticias.portaldaindustria.com.br\/noticias\/institucional\/cni-entra-com-acao-no-stf-contra-dispositivos-da-lei-que-reduz-incentivos-fiscais\/\">Ag\u00eancia de Not\u00edcias da Ind\u00fastria<\/a><\/strong><\/p>\n","protected":false},"excerpt":{"rendered":"<p>Institui\u00e7\u00e3o ajuizou A\u00e7\u00e3o Direta de Inconstitucionalidade (ADI), com pedido de liminar, contestando aspectos da Lei Complementar n.\u00ba 224\/2025 Por Silvia Cavichioli A Confedera\u00e7\u00e3o Nacional da Ind\u00fastria (CNI) questiona dispositivos da Lei Complementar n.\u00ba 224\/2025, que reduz incentivos e benef\u00edcios fiscais \u00e0s empresas, em A\u00e7\u00e3o Direta de Inconstitucionalidade (ADI) ajuizada no Supremo Tribunal Federal (STF). Na [&hellip;]<\/p>\n","protected":false},"author":2,"featured_media":64692,"comment_status":"open","ping_status":"open","sticky":false,"template":"","format":"standard","meta":{"footnotes":""},"categories":[9],"tags":[3043,12967,3419,7566,464,29103,5221,294],"class_list":["post-64691","post","type-post","status-publish","format-standard","has-post-thumbnail","hentry","category-economia","tag-acao","tag-adi","tag-cni","tag-incentivos-fiscais","tag-lei","tag-lei-complementar","tag-liminar","tag-stf"],"yoast_head":"<!-- This site is optimized with the Yoast SEO plugin v26.5 - https:\/\/yoast.com\/wordpress\/plugins\/seo\/ -->\n<title>CNI entra com a\u00e7\u00e3o no STF contra dispositivos da lei que reduz incentivos fiscais - Jornal Fatos e Not\u00edcias<\/title>\n<meta name=\"robots\" content=\"index, follow, max-snippet:-1, max-image-preview:large, max-video-preview:-1\" \/>\n<link rel=\"canonical\" href=\"https:\/\/jornalfatosenoticias.com.br\/index.php\/2026\/01\/26\/cni-entra-com-acao-no-stf-contra-dispositivos-da-lei-que-reduz-incentivos-fiscais\/\" \/>\n<meta property=\"og:locale\" content=\"pt_BR\" \/>\n<meta property=\"og:type\" content=\"article\" \/>\n<meta property=\"og:title\" content=\"CNI entra com a\u00e7\u00e3o no STF contra dispositivos da lei que reduz incentivos fiscais - Jornal Fatos e Not\u00edcias\" \/>\n<meta property=\"og:description\" content=\"Institui\u00e7\u00e3o ajuizou A\u00e7\u00e3o Direta de Inconstitucionalidade (ADI), com pedido de liminar, contestando aspectos da Lei Complementar n.\u00ba 224\/2025 Por Silvia Cavichioli A Confedera\u00e7\u00e3o Nacional da Ind\u00fastria (CNI) questiona dispositivos da Lei Complementar n.\u00ba 224\/2025, que reduz incentivos e benef\u00edcios fiscais \u00e0s empresas, em A\u00e7\u00e3o Direta de Inconstitucionalidade (ADI) ajuizada no Supremo Tribunal Federal (STF). Na [&hellip;]\" \/>\n<meta property=\"og:url\" content=\"https:\/\/jornalfatosenoticias.com.br\/index.php\/2026\/01\/26\/cni-entra-com-acao-no-stf-contra-dispositivos-da-lei-que-reduz-incentivos-fiscais\/\" \/>\n<meta property=\"og:site_name\" content=\"Jornal Fatos e Not\u00edcias\" \/>\n<meta property=\"article:published_time\" content=\"2026-01-27T01:08:58+00:00\" \/>\n<meta property=\"article:modified_time\" content=\"2026-01-27T01:09:00+00:00\" \/>\n<meta property=\"og:image\" content=\"https:\/\/jornalfatosenoticias.com.br\/wp-content\/uploads\/2026\/01\/ChatGPT-Image-26-de-jan.-de-2026-22_02_27.jpg\" \/>\n\t<meta property=\"og:image:width\" content=\"800\" \/>\n\t<meta property=\"og:image:height\" content=\"533\" \/>\n\t<meta property=\"og:image:type\" content=\"image\/jpeg\" \/>\n<meta name=\"author\" content=\"Luzimara Fernandes\" \/>\n<meta name=\"twitter:card\" content=\"summary_large_image\" \/>\n<meta name=\"twitter:label1\" content=\"Escrito por\" \/>\n\t<meta name=\"twitter:data1\" content=\"Luzimara Fernandes\" \/>\n\t<meta name=\"twitter:label2\" content=\"Est. tempo de leitura\" \/>\n\t<meta name=\"twitter:data2\" content=\"4 minutos\" \/>\n<script type=\"application\/ld+json\" class=\"yoast-schema-graph\">{\"@context\":\"https:\/\/schema.org\",\"@graph\":[{\"@type\":\"Article\",\"@id\":\"https:\/\/jornalfatosenoticias.com.br\/index.php\/2026\/01\/26\/cni-entra-com-acao-no-stf-contra-dispositivos-da-lei-que-reduz-incentivos-fiscais\/#article\",\"isPartOf\":{\"@id\":\"https:\/\/jornalfatosenoticias.com.br\/index.php\/2026\/01\/26\/cni-entra-com-acao-no-stf-contra-dispositivos-da-lei-que-reduz-incentivos-fiscais\/\"},\"author\":{\"name\":\"Luzimara Fernandes\",\"@id\":\"https:\/\/jornalfatosenoticias.com.br\/#\/schema\/person\/d63837fa13ac8666eb9e74e0985d6f81\"},\"headline\":\"CNI entra com a\u00e7\u00e3o no STF contra dispositivos da lei que reduz incentivos fiscais\",\"datePublished\":\"2026-01-27T01:08:58+00:00\",\"dateModified\":\"2026-01-27T01:09:00+00:00\",\"mainEntityOfPage\":{\"@id\":\"https:\/\/jornalfatosenoticias.com.br\/index.php\/2026\/01\/26\/cni-entra-com-acao-no-stf-contra-dispositivos-da-lei-que-reduz-incentivos-fiscais\/\"},\"wordCount\":688,\"commentCount\":0,\"publisher\":{\"@id\":\"https:\/\/jornalfatosenoticias.com.br\/#organization\"},\"image\":{\"@id\":\"https:\/\/jornalfatosenoticias.com.br\/index.php\/2026\/01\/26\/cni-entra-com-acao-no-stf-contra-dispositivos-da-lei-que-reduz-incentivos-fiscais\/#primaryimage\"},\"thumbnailUrl\":\"https:\/\/jornalfatosenoticias.com.br\/wp-content\/uploads\/2026\/01\/ChatGPT-Image-26-de-jan.-de-2026-22_02_27.jpg\",\"keywords\":[\"a\u00e7\u00e3o\",\"ADI\",\"CNI\",\"incentivos fiscais\",\"lei\",\"lei complementar\",\"liminar\",\"STF\"],\"articleSection\":[\"Economia\"],\"inLanguage\":\"pt-BR\",\"potentialAction\":[{\"@type\":\"CommentAction\",\"name\":\"Comment\",\"target\":[\"https:\/\/jornalfatosenoticias.com.br\/index.php\/2026\/01\/26\/cni-entra-com-acao-no-stf-contra-dispositivos-da-lei-que-reduz-incentivos-fiscais\/#respond\"]}]},{\"@type\":\"WebPage\",\"@id\":\"https:\/\/jornalfatosenoticias.com.br\/index.php\/2026\/01\/26\/cni-entra-com-acao-no-stf-contra-dispositivos-da-lei-que-reduz-incentivos-fiscais\/\",\"url\":\"https:\/\/jornalfatosenoticias.com.br\/index.php\/2026\/01\/26\/cni-entra-com-acao-no-stf-contra-dispositivos-da-lei-que-reduz-incentivos-fiscais\/\",\"name\":\"CNI entra com a\u00e7\u00e3o no STF contra dispositivos da lei que reduz incentivos fiscais - Jornal Fatos e Not\u00edcias\",\"isPartOf\":{\"@id\":\"https:\/\/jornalfatosenoticias.com.br\/#website\"},\"primaryImageOfPage\":{\"@id\":\"https:\/\/jornalfatosenoticias.com.br\/index.php\/2026\/01\/26\/cni-entra-com-acao-no-stf-contra-dispositivos-da-lei-que-reduz-incentivos-fiscais\/#primaryimage\"},\"image\":{\"@id\":\"https:\/\/jornalfatosenoticias.com.br\/index.php\/2026\/01\/26\/cni-entra-com-acao-no-stf-contra-dispositivos-da-lei-que-reduz-incentivos-fiscais\/#primaryimage\"},\"thumbnailUrl\":\"https:\/\/jornalfatosenoticias.com.br\/wp-content\/uploads\/2026\/01\/ChatGPT-Image-26-de-jan.-de-2026-22_02_27.jpg\",\"datePublished\":\"2026-01-27T01:08:58+00:00\",\"dateModified\":\"2026-01-27T01:09:00+00:00\",\"breadcrumb\":{\"@id\":\"https:\/\/jornalfatosenoticias.com.br\/index.php\/2026\/01\/26\/cni-entra-com-acao-no-stf-contra-dispositivos-da-lei-que-reduz-incentivos-fiscais\/#breadcrumb\"},\"inLanguage\":\"pt-BR\",\"potentialAction\":[{\"@type\":\"ReadAction\",\"target\":[\"https:\/\/jornalfatosenoticias.com.br\/index.php\/2026\/01\/26\/cni-entra-com-acao-no-stf-contra-dispositivos-da-lei-que-reduz-incentivos-fiscais\/\"]}]},{\"@type\":\"ImageObject\",\"inLanguage\":\"pt-BR\",\"@id\":\"https:\/\/jornalfatosenoticias.com.br\/index.php\/2026\/01\/26\/cni-entra-com-acao-no-stf-contra-dispositivos-da-lei-que-reduz-incentivos-fiscais\/#primaryimage\",\"url\":\"https:\/\/jornalfatosenoticias.com.br\/wp-content\/uploads\/2026\/01\/ChatGPT-Image-26-de-jan.-de-2026-22_02_27.jpg\",\"contentUrl\":\"https:\/\/jornalfatosenoticias.com.br\/wp-content\/uploads\/2026\/01\/ChatGPT-Image-26-de-jan.-de-2026-22_02_27.jpg\",\"width\":800,\"height\":533},{\"@type\":\"BreadcrumbList\",\"@id\":\"https:\/\/jornalfatosenoticias.com.br\/index.php\/2026\/01\/26\/cni-entra-com-acao-no-stf-contra-dispositivos-da-lei-que-reduz-incentivos-fiscais\/#breadcrumb\",\"itemListElement\":[{\"@type\":\"ListItem\",\"position\":1,\"name\":\"In\u00edcio\",\"item\":\"https:\/\/jornalfatosenoticias.com.br\/\"},{\"@type\":\"ListItem\",\"position\":2,\"name\":\"CNI entra com a\u00e7\u00e3o no STF contra dispositivos da lei que reduz incentivos fiscais\"}]},{\"@type\":\"WebSite\",\"@id\":\"https:\/\/jornalfatosenoticias.com.br\/#website\",\"url\":\"https:\/\/jornalfatosenoticias.com.br\/\",\"name\":\"Jornal Fatos e Not\u00edcias\",\"description\":\"Not\u00edcias em geral\",\"publisher\":{\"@id\":\"https:\/\/jornalfatosenoticias.com.br\/#organization\"},\"potentialAction\":[{\"@type\":\"SearchAction\",\"target\":{\"@type\":\"EntryPoint\",\"urlTemplate\":\"https:\/\/jornalfatosenoticias.com.br\/?s={search_term_string}\"},\"query-input\":{\"@type\":\"PropertyValueSpecification\",\"valueRequired\":true,\"valueName\":\"search_term_string\"}}],\"inLanguage\":\"pt-BR\"},{\"@type\":\"Organization\",\"@id\":\"https:\/\/jornalfatosenoticias.com.br\/#organization\",\"name\":\"Jornal Fatos e Not\u00edcias\",\"url\":\"https:\/\/jornalfatosenoticias.com.br\/\",\"logo\":{\"@type\":\"ImageObject\",\"inLanguage\":\"pt-BR\",\"@id\":\"https:\/\/jornalfatosenoticias.com.br\/#\/schema\/logo\/image\/\",\"url\":\"https:\/\/jornalfatosenoticias.com.br\/wp-content\/uploads\/2020\/02\/logo120.png\",\"contentUrl\":\"https:\/\/jornalfatosenoticias.com.br\/wp-content\/uploads\/2020\/02\/logo120.png\",\"width\":1227,\"height\":120,\"caption\":\"Jornal Fatos e Not\u00edcias\"},\"image\":{\"@id\":\"https:\/\/jornalfatosenoticias.com.br\/#\/schema\/logo\/image\/\"}},{\"@type\":\"Person\",\"@id\":\"https:\/\/jornalfatosenoticias.com.br\/#\/schema\/person\/d63837fa13ac8666eb9e74e0985d6f81\",\"name\":\"Luzimara Fernandes\",\"image\":{\"@type\":\"ImageObject\",\"inLanguage\":\"pt-BR\",\"@id\":\"https:\/\/jornalfatosenoticias.com.br\/#\/schema\/person\/image\/\",\"url\":\"https:\/\/jornalfatosenoticias.com.br\/wp-content\/uploads\/2025\/05\/EU_portal.jpg\",\"contentUrl\":\"https:\/\/jornalfatosenoticias.com.br\/wp-content\/uploads\/2025\/05\/EU_portal.jpg\",\"caption\":\"Luzimara Fernandes\"},\"description\":\"Jornalista MTB 2358-ES\",\"sameAs\":[\"https:\/\/jornalfatosenoticias.com.br\"],\"url\":\"https:\/\/jornalfatosenoticias.com.br\/index.php\/author\/luzimara\/\"}]}<\/script>\n<!-- \/ Yoast SEO plugin. -->","yoast_head_json":{"title":"CNI entra com a\u00e7\u00e3o no STF contra dispositivos da lei que reduz incentivos fiscais - Jornal Fatos e Not\u00edcias","robots":{"index":"index","follow":"follow","max-snippet":"max-snippet:-1","max-image-preview":"max-image-preview:large","max-video-preview":"max-video-preview:-1"},"canonical":"https:\/\/jornalfatosenoticias.com.br\/index.php\/2026\/01\/26\/cni-entra-com-acao-no-stf-contra-dispositivos-da-lei-que-reduz-incentivos-fiscais\/","og_locale":"pt_BR","og_type":"article","og_title":"CNI entra com a\u00e7\u00e3o no STF contra dispositivos da lei que reduz incentivos fiscais - Jornal Fatos e Not\u00edcias","og_description":"Institui\u00e7\u00e3o ajuizou A\u00e7\u00e3o Direta de Inconstitucionalidade (ADI), com pedido de liminar, contestando aspectos da Lei Complementar n.\u00ba 224\/2025 Por Silvia Cavichioli A Confedera\u00e7\u00e3o Nacional da Ind\u00fastria (CNI) questiona dispositivos da Lei Complementar n.\u00ba 224\/2025, que reduz incentivos e benef\u00edcios fiscais \u00e0s empresas, em A\u00e7\u00e3o Direta de Inconstitucionalidade (ADI) ajuizada no Supremo Tribunal Federal (STF). Na [&hellip;]","og_url":"https:\/\/jornalfatosenoticias.com.br\/index.php\/2026\/01\/26\/cni-entra-com-acao-no-stf-contra-dispositivos-da-lei-que-reduz-incentivos-fiscais\/","og_site_name":"Jornal Fatos e Not\u00edcias","article_published_time":"2026-01-27T01:08:58+00:00","article_modified_time":"2026-01-27T01:09:00+00:00","og_image":[{"width":800,"height":533,"url":"https:\/\/jornalfatosenoticias.com.br\/wp-content\/uploads\/2026\/01\/ChatGPT-Image-26-de-jan.-de-2026-22_02_27.jpg","type":"image\/jpeg"}],"author":"Luzimara Fernandes","twitter_card":"summary_large_image","twitter_misc":{"Escrito por":"Luzimara Fernandes","Est. tempo de leitura":"4 minutos"},"schema":{"@context":"https:\/\/schema.org","@graph":[{"@type":"Article","@id":"https:\/\/jornalfatosenoticias.com.br\/index.php\/2026\/01\/26\/cni-entra-com-acao-no-stf-contra-dispositivos-da-lei-que-reduz-incentivos-fiscais\/#article","isPartOf":{"@id":"https:\/\/jornalfatosenoticias.com.br\/index.php\/2026\/01\/26\/cni-entra-com-acao-no-stf-contra-dispositivos-da-lei-que-reduz-incentivos-fiscais\/"},"author":{"name":"Luzimara Fernandes","@id":"https:\/\/jornalfatosenoticias.com.br\/#\/schema\/person\/d63837fa13ac8666eb9e74e0985d6f81"},"headline":"CNI entra com a\u00e7\u00e3o no STF contra dispositivos da lei que reduz incentivos fiscais","datePublished":"2026-01-27T01:08:58+00:00","dateModified":"2026-01-27T01:09:00+00:00","mainEntityOfPage":{"@id":"https:\/\/jornalfatosenoticias.com.br\/index.php\/2026\/01\/26\/cni-entra-com-acao-no-stf-contra-dispositivos-da-lei-que-reduz-incentivos-fiscais\/"},"wordCount":688,"commentCount":0,"publisher":{"@id":"https:\/\/jornalfatosenoticias.com.br\/#organization"},"image":{"@id":"https:\/\/jornalfatosenoticias.com.br\/index.php\/2026\/01\/26\/cni-entra-com-acao-no-stf-contra-dispositivos-da-lei-que-reduz-incentivos-fiscais\/#primaryimage"},"thumbnailUrl":"https:\/\/jornalfatosenoticias.com.br\/wp-content\/uploads\/2026\/01\/ChatGPT-Image-26-de-jan.-de-2026-22_02_27.jpg","keywords":["a\u00e7\u00e3o","ADI","CNI","incentivos fiscais","lei","lei complementar","liminar","STF"],"articleSection":["Economia"],"inLanguage":"pt-BR","potentialAction":[{"@type":"CommentAction","name":"Comment","target":["https:\/\/jornalfatosenoticias.com.br\/index.php\/2026\/01\/26\/cni-entra-com-acao-no-stf-contra-dispositivos-da-lei-que-reduz-incentivos-fiscais\/#respond"]}]},{"@type":"WebPage","@id":"https:\/\/jornalfatosenoticias.com.br\/index.php\/2026\/01\/26\/cni-entra-com-acao-no-stf-contra-dispositivos-da-lei-que-reduz-incentivos-fiscais\/","url":"https:\/\/jornalfatosenoticias.com.br\/index.php\/2026\/01\/26\/cni-entra-com-acao-no-stf-contra-dispositivos-da-lei-que-reduz-incentivos-fiscais\/","name":"CNI entra com a\u00e7\u00e3o no STF contra dispositivos da lei que reduz incentivos fiscais - Jornal Fatos e Not\u00edcias","isPartOf":{"@id":"https:\/\/jornalfatosenoticias.com.br\/#website"},"primaryImageOfPage":{"@id":"https:\/\/jornalfatosenoticias.com.br\/index.php\/2026\/01\/26\/cni-entra-com-acao-no-stf-contra-dispositivos-da-lei-que-reduz-incentivos-fiscais\/#primaryimage"},"image":{"@id":"https:\/\/jornalfatosenoticias.com.br\/index.php\/2026\/01\/26\/cni-entra-com-acao-no-stf-contra-dispositivos-da-lei-que-reduz-incentivos-fiscais\/#primaryimage"},"thumbnailUrl":"https:\/\/jornalfatosenoticias.com.br\/wp-content\/uploads\/2026\/01\/ChatGPT-Image-26-de-jan.-de-2026-22_02_27.jpg","datePublished":"2026-01-27T01:08:58+00:00","dateModified":"2026-01-27T01:09:00+00:00","breadcrumb":{"@id":"https:\/\/jornalfatosenoticias.com.br\/index.php\/2026\/01\/26\/cni-entra-com-acao-no-stf-contra-dispositivos-da-lei-que-reduz-incentivos-fiscais\/#breadcrumb"},"inLanguage":"pt-BR","potentialAction":[{"@type":"ReadAction","target":["https:\/\/jornalfatosenoticias.com.br\/index.php\/2026\/01\/26\/cni-entra-com-acao-no-stf-contra-dispositivos-da-lei-que-reduz-incentivos-fiscais\/"]}]},{"@type":"ImageObject","inLanguage":"pt-BR","@id":"https:\/\/jornalfatosenoticias.com.br\/index.php\/2026\/01\/26\/cni-entra-com-acao-no-stf-contra-dispositivos-da-lei-que-reduz-incentivos-fiscais\/#primaryimage","url":"https:\/\/jornalfatosenoticias.com.br\/wp-content\/uploads\/2026\/01\/ChatGPT-Image-26-de-jan.-de-2026-22_02_27.jpg","contentUrl":"https:\/\/jornalfatosenoticias.com.br\/wp-content\/uploads\/2026\/01\/ChatGPT-Image-26-de-jan.-de-2026-22_02_27.jpg","width":800,"height":533},{"@type":"BreadcrumbList","@id":"https:\/\/jornalfatosenoticias.com.br\/index.php\/2026\/01\/26\/cni-entra-com-acao-no-stf-contra-dispositivos-da-lei-que-reduz-incentivos-fiscais\/#breadcrumb","itemListElement":[{"@type":"ListItem","position":1,"name":"In\u00edcio","item":"https:\/\/jornalfatosenoticias.com.br\/"},{"@type":"ListItem","position":2,"name":"CNI entra com a\u00e7\u00e3o no STF contra dispositivos da lei que reduz incentivos fiscais"}]},{"@type":"WebSite","@id":"https:\/\/jornalfatosenoticias.com.br\/#website","url":"https:\/\/jornalfatosenoticias.com.br\/","name":"Jornal Fatos e Not\u00edcias","description":"Not\u00edcias em geral","publisher":{"@id":"https:\/\/jornalfatosenoticias.com.br\/#organization"},"potentialAction":[{"@type":"SearchAction","target":{"@type":"EntryPoint","urlTemplate":"https:\/\/jornalfatosenoticias.com.br\/?s={search_term_string}"},"query-input":{"@type":"PropertyValueSpecification","valueRequired":true,"valueName":"search_term_string"}}],"inLanguage":"pt-BR"},{"@type":"Organization","@id":"https:\/\/jornalfatosenoticias.com.br\/#organization","name":"Jornal Fatos e Not\u00edcias","url":"https:\/\/jornalfatosenoticias.com.br\/","logo":{"@type":"ImageObject","inLanguage":"pt-BR","@id":"https:\/\/jornalfatosenoticias.com.br\/#\/schema\/logo\/image\/","url":"https:\/\/jornalfatosenoticias.com.br\/wp-content\/uploads\/2020\/02\/logo120.png","contentUrl":"https:\/\/jornalfatosenoticias.com.br\/wp-content\/uploads\/2020\/02\/logo120.png","width":1227,"height":120,"caption":"Jornal Fatos e Not\u00edcias"},"image":{"@id":"https:\/\/jornalfatosenoticias.com.br\/#\/schema\/logo\/image\/"}},{"@type":"Person","@id":"https:\/\/jornalfatosenoticias.com.br\/#\/schema\/person\/d63837fa13ac8666eb9e74e0985d6f81","name":"Luzimara Fernandes","image":{"@type":"ImageObject","inLanguage":"pt-BR","@id":"https:\/\/jornalfatosenoticias.com.br\/#\/schema\/person\/image\/","url":"https:\/\/jornalfatosenoticias.com.br\/wp-content\/uploads\/2025\/05\/EU_portal.jpg","contentUrl":"https:\/\/jornalfatosenoticias.com.br\/wp-content\/uploads\/2025\/05\/EU_portal.jpg","caption":"Luzimara Fernandes"},"description":"Jornalista MTB 2358-ES","sameAs":["https:\/\/jornalfatosenoticias.com.br"],"url":"https:\/\/jornalfatosenoticias.com.br\/index.php\/author\/luzimara\/"}]}},"cc_featured_image_caption":{"caption_text":"","source_text":"","source_url":""},"jetpack_featured_media_url":"https:\/\/jornalfatosenoticias.com.br\/wp-content\/uploads\/2026\/01\/ChatGPT-Image-26-de-jan.-de-2026-22_02_27.jpg","_links":{"self":[{"href":"https:\/\/jornalfatosenoticias.com.br\/index.php\/wp-json\/wp\/v2\/posts\/64691","targetHints":{"allow":["GET"]}}],"collection":[{"href":"https:\/\/jornalfatosenoticias.com.br\/index.php\/wp-json\/wp\/v2\/posts"}],"about":[{"href":"https:\/\/jornalfatosenoticias.com.br\/index.php\/wp-json\/wp\/v2\/types\/post"}],"author":[{"embeddable":true,"href":"https:\/\/jornalfatosenoticias.com.br\/index.php\/wp-json\/wp\/v2\/users\/2"}],"replies":[{"embeddable":true,"href":"https:\/\/jornalfatosenoticias.com.br\/index.php\/wp-json\/wp\/v2\/comments?post=64691"}],"version-history":[{"count":1,"href":"https:\/\/jornalfatosenoticias.com.br\/index.php\/wp-json\/wp\/v2\/posts\/64691\/revisions"}],"predecessor-version":[{"id":64693,"href":"https:\/\/jornalfatosenoticias.com.br\/index.php\/wp-json\/wp\/v2\/posts\/64691\/revisions\/64693"}],"wp:featuredmedia":[{"embeddable":true,"href":"https:\/\/jornalfatosenoticias.com.br\/index.php\/wp-json\/wp\/v2\/media\/64692"}],"wp:attachment":[{"href":"https:\/\/jornalfatosenoticias.com.br\/index.php\/wp-json\/wp\/v2\/media?parent=64691"}],"wp:term":[{"taxonomy":"category","embeddable":true,"href":"https:\/\/jornalfatosenoticias.com.br\/index.php\/wp-json\/wp\/v2\/categories?post=64691"},{"taxonomy":"post_tag","embeddable":true,"href":"https:\/\/jornalfatosenoticias.com.br\/index.php\/wp-json\/wp\/v2\/tags?post=64691"}],"curies":[{"name":"wp","href":"https:\/\/api.w.org\/{rel}","templated":true}]}}