{"id":64694,"date":"2026-01-26T22:16:47","date_gmt":"2026-01-27T01:16:47","guid":{"rendered":"https:\/\/jornalfatosenoticias.com.br\/?p=64694"},"modified":"2026-01-26T22:16:49","modified_gmt":"2026-01-27T01:16:49","slug":"menor-cidade-do-brasil-inaugura-microrrede-solar","status":"publish","type":"post","link":"https:\/\/jornalfatosenoticias.com.br\/index.php\/2026\/01\/26\/menor-cidade-do-brasil-inaugura-microrrede-solar\/","title":{"rendered":"Menor cidade do Brasil inaugura microrrede solar"},"content":{"rendered":"\n<p><em><mark style=\"background-color:rgba(0, 0, 0, 0)\" class=\"has-inline-color has-black-color\">Sistema com energia solar e baterias garante at\u00e9 48 horas de fornecimento mesmo em falhas da rede, em cidade de Minas Gerais<\/mark><\/em><\/p>\n\n\n<div class=\"wp-block-image\">\n<figure class=\"aligncenter size-full is-resized\"><a href=\"https:\/\/www.facebook.com\/vetor.vix\/\"><img loading=\"lazy\" decoding=\"async\" width=\"1024\" height=\"273\" src=\"https:\/\/jornalfatosenoticias.com.br\/wp-content\/uploads\/2023\/09\/vetorvix1024_1.jpg\" alt=\"\" class=\"wp-image-44868\" style=\"aspect-ratio:3.7511010086660037;width:728px;height:auto\" srcset=\"https:\/\/jornalfatosenoticias.com.br\/wp-content\/uploads\/2023\/09\/vetorvix1024_1.jpg 1024w, https:\/\/jornalfatosenoticias.com.br\/wp-content\/uploads\/2023\/09\/vetorvix1024_1-300x80.jpg 300w, https:\/\/jornalfatosenoticias.com.br\/wp-content\/uploads\/2023\/09\/vetorvix1024_1-768x205.jpg 768w\" sizes=\"auto, (max-width: 1024px) 100vw, 1024px\" \/><\/a><\/figure>\n<\/div>\n\n\n<p>Serra da Saudade (MG), munic\u00edpio com o menor n\u00famero de habitantes do pa\u00eds, inaugurou um sistema de gera\u00e7\u00e3o de <a href=\"https:\/\/ciclovivo.com.br\/newsletter-layout\/energia-solar-compartilhada-transforma-comunidades-na-espanha\/\" target=\"_blank\" rel=\"noreferrer noopener\">energia<\/a> solar com armazenamento em baterias capaz de manter o fornecimento el\u00e9trico por at\u00e9 48 horas em caso de interrup\u00e7\u00f5es na rede convencional. Localizada no centro-oeste de Minas Gerais, a cidade passa a contar com uma microrrede que combina gera\u00e7\u00e3o fotovoltaica, baterias e conex\u00e3o com a rede da concession\u00e1ria.<br>O projeto e a execu\u00e7\u00e3o da microrrede s\u00e3o da Enerzee, empresa especializada em solu\u00e7\u00f5es energ\u00e9ticas, contratada pela WEG. A iniciativa foi realizada em parceria com a Cemig, concession\u00e1ria de energia de Minas Gerais, e com o Governo do Estado. O sistema integra gera\u00e7\u00e3o solar, armazenamento por baterias (BESS \u2013 Battery Energy Storage System) e a rede el\u00e9trica tradicional.<br>Foram instalados 800 m\u00f3dulos solares, com pot\u00eancia total de 500 kWp, que geram, em m\u00e9dia, 67.439,30 kWh por m\u00eas. A produ\u00e7\u00e3o \u00e9 suficiente para atender \u00e0 demanda do munic\u00edpio, que tem pouco mais de 800 moradores. A usina conta ainda com quatro inversores, somando 400 kW de pot\u00eancia, e um sistema de armazenamento formado por oito racks de baterias, com capacidade de 500 kVA \/ 2.500 kWh.<\/p>\n\n\n<div class=\"wp-block-image\">\n<figure class=\"aligncenter size-large is-resized\"><a href=\"https:\/\/www.instagram.com\/restaurantepegoretti\/\"><img loading=\"lazy\" decoding=\"async\" width=\"1024\" height=\"389\" src=\"https:\/\/jornalfatosenoticias.com.br\/wp-content\/uploads\/2023\/12\/pegoretti-logo-pdf-1024x389.jpg\" alt=\"\" class=\"wp-image-47536\" style=\"aspect-ratio:2.632371267633717;width:629px;height:auto\" srcset=\"https:\/\/jornalfatosenoticias.com.br\/wp-content\/uploads\/2023\/12\/pegoretti-logo-pdf-1024x389.jpg 1024w, https:\/\/jornalfatosenoticias.com.br\/wp-content\/uploads\/2023\/12\/pegoretti-logo-pdf-300x114.jpg 300w, https:\/\/jornalfatosenoticias.com.br\/wp-content\/uploads\/2023\/12\/pegoretti-logo-pdf-768x291.jpg 768w, https:\/\/jornalfatosenoticias.com.br\/wp-content\/uploads\/2023\/12\/pegoretti-logo-pdf.jpg 1120w\" sizes=\"auto, (max-width: 1024px) 100vw, 1024px\" \/><\/a><\/figure>\n<\/div>\n\n\n<p>O principal diferencial do projeto \u00e9 o armazenamento da energia gerada. Em vez de enviar o excedente diretamente para a rede, como ocorre em sistemas solares convencionais, a solu\u00e7\u00e3o adotada permite que a eletricidade fique armazenada localmente, assegurando o fornecimento em situa\u00e7\u00f5es de falha ou manuten\u00e7\u00e3o da rede externa. \u201cSerra da Saudade passa a ser, na pr\u00e1tica, um munic\u00edpio \u00e0 prova de apag\u00f5es. Mesmo que a rede convencional falhe, a cidade ter\u00e1 mais de 48 horas de energia garantida pelas baterias, tempo suficiente para que o sistema seja restabelecido sem deixar a popula\u00e7\u00e3o no escuro\u201d, afirma Alexandre Sperafico, CEO e fundador da Enerzee.<br>De acordo com relatos locais, os efeitos do novo sistema j\u00e1 s\u00e3o percebidos pela popula\u00e7\u00e3o. Antes da implanta\u00e7\u00e3o da microrrede, quedas de energia eram frequentes e chegaram a causar preju\u00edzos, como a perda de vacinas e medicamentos no posto de sa\u00fade. Ap\u00f3s a conclus\u00e3o das obras, em outubro do ano passado, e um per\u00edodo de testes, esse tipo de ocorr\u00eancia deixou de ser registrado. Para Nelson Tinoco, vice-presidente da Enerzee, a iniciativa representa um avan\u00e7o para o setor el\u00e9trico nacional.<\/p>\n\n\n<div class=\"wp-block-image\">\n<figure class=\"aligncenter size-full\"><a href=\"http:\/\/www.ferrarimaquinas.com.br\/\"><img loading=\"lazy\" decoding=\"async\" width=\"300\" height=\"250\" src=\"https:\/\/jornalfatosenoticias.com.br\/wp-content\/uploads\/2022\/02\/FERRARI_MAQUINAS-E-FERRAMENTAS2.jpg\" alt=\"\" class=\"wp-image-27860\"\/><\/a><\/figure>\n<\/div>\n\n\n<blockquote class=\"wp-block-quote is-layout-flow wp-block-quote-is-layout-flow\">\n<p><mark style=\"background-color:rgba(0, 0, 0, 0)\" class=\"has-inline-color has-luminous-vivid-orange-color\">Essa inaugura\u00e7\u00e3o \u00e9 um marco na gera\u00e7\u00e3o fotovoltaica com armazenamento de energia. Trata-se da primeira usina desse tipo a entrar em opera\u00e7\u00e3o no Brasil dentro do modelo da concession\u00e1ria, demonstrando que essa tecnologia \u00e9 vi\u00e1vel, segura e plenamente replic\u00e1vel em outros munic\u00edpios\u201d, destaca.<\/mark><\/p>\n<\/blockquote>\n\n\n<div class=\"wp-block-image\">\n<figure class=\"aligncenter size-large is-resized\"><a href=\"https:\/\/hotelmarquetti.com.br\/\"><img loading=\"lazy\" decoding=\"async\" width=\"1024\" height=\"680\" src=\"https:\/\/jornalfatosenoticias.com.br\/wp-content\/uploads\/2020\/02\/LOGO-MQ-1024x680.jpg\" alt=\"\" class=\"wp-image-58299\" style=\"aspect-ratio:1.5059172441326603;width:346px;height:auto\" srcset=\"https:\/\/jornalfatosenoticias.com.br\/wp-content\/uploads\/2020\/02\/LOGO-MQ-1024x680.jpg 1024w, https:\/\/jornalfatosenoticias.com.br\/wp-content\/uploads\/2020\/02\/LOGO-MQ-300x199.jpg 300w, https:\/\/jornalfatosenoticias.com.br\/wp-content\/uploads\/2020\/02\/LOGO-MQ-768x510.jpg 768w, https:\/\/jornalfatosenoticias.com.br\/wp-content\/uploads\/2020\/02\/LOGO-MQ-1536x1020.jpg 1536w, https:\/\/jornalfatosenoticias.com.br\/wp-content\/uploads\/2020\/02\/LOGO-MQ-2048x1360.jpg 2048w\" sizes=\"auto, (max-width: 1024px) 100vw, 1024px\" \/><\/a><\/figure>\n<\/div>\n\n\n<p><strong><mark style=\"background-color:rgba(0, 0, 0, 0)\" class=\"has-inline-color has-black-color\">(Foto: ChatGPT)<\/mark><\/strong><\/p>\n\n\n\n<p><strong>Fonte: <a href=\"https:\/\/ciclovivo.com.br\/planeta\/energia\/menor-cidade-do-brasil-inaugura-microrrede-solar\/\">CicloVivo<\/a><\/strong><\/p>\n","protected":false},"excerpt":{"rendered":"<p>Sistema com energia solar e baterias garante at\u00e9 48 horas de fornecimento mesmo em falhas da rede, em cidade de Minas Gerais Serra da Saudade (MG), munic\u00edpio com o menor n\u00famero de habitantes do pa\u00eds, inaugurou um sistema de gera\u00e7\u00e3o de energia solar com armazenamento em baterias capaz de manter o fornecimento el\u00e9trico por at\u00e9 [&hellip;]<\/p>\n","protected":false},"author":2,"featured_media":64695,"comment_status":"open","ping_status":"open","sticky":false,"template":"","format":"standard","meta":{"footnotes":""},"categories":[5],"tags":[29428,599,1924,29427],"class_list":["post-64694","post","type-post","status-publish","format-standard","has-post-thumbnail","hentry","category-geral","tag-autonomia-energetica","tag-energia-solar","tag-minas-gerais","tag-serra-da-saudade"],"yoast_head":"<!-- This site is optimized with the Yoast SEO plugin v26.5 - https:\/\/yoast.com\/wordpress\/plugins\/seo\/ -->\n<title>Menor cidade do Brasil inaugura microrrede solar - Jornal Fatos e Not\u00edcias<\/title>\n<meta name=\"robots\" content=\"index, follow, max-snippet:-1, max-image-preview:large, max-video-preview:-1\" \/>\n<link rel=\"canonical\" href=\"https:\/\/jornalfatosenoticias.com.br\/index.php\/2026\/01\/26\/menor-cidade-do-brasil-inaugura-microrrede-solar\/\" \/>\n<meta property=\"og:locale\" content=\"pt_BR\" \/>\n<meta property=\"og:type\" content=\"article\" \/>\n<meta property=\"og:title\" content=\"Menor cidade do Brasil inaugura microrrede solar - Jornal Fatos e Not\u00edcias\" \/>\n<meta property=\"og:description\" content=\"Sistema com energia solar e baterias garante at\u00e9 48 horas de fornecimento mesmo em falhas da rede, em cidade de Minas Gerais Serra da Saudade (MG), munic\u00edpio com o menor n\u00famero de habitantes do pa\u00eds, inaugurou um sistema de gera\u00e7\u00e3o de energia solar com armazenamento em baterias capaz de manter o fornecimento el\u00e9trico por at\u00e9 [&hellip;]\" \/>\n<meta property=\"og:url\" content=\"https:\/\/jornalfatosenoticias.com.br\/index.php\/2026\/01\/26\/menor-cidade-do-brasil-inaugura-microrrede-solar\/\" \/>\n<meta property=\"og:site_name\" content=\"Jornal Fatos e Not\u00edcias\" \/>\n<meta property=\"article:published_time\" content=\"2026-01-27T01:16:47+00:00\" \/>\n<meta property=\"article:modified_time\" content=\"2026-01-27T01:16:49+00:00\" \/>\n<meta property=\"og:image\" content=\"https:\/\/jornalfatosenoticias.com.br\/wp-content\/uploads\/2026\/01\/ChatGPT-Image-26-de-jan.-de-2026-22_13_53.jpg\" \/>\n\t<meta property=\"og:image:width\" content=\"800\" \/>\n\t<meta property=\"og:image:height\" content=\"533\" \/>\n\t<meta property=\"og:image:type\" content=\"image\/jpeg\" \/>\n<meta name=\"author\" content=\"Luzimara Fernandes\" \/>\n<meta name=\"twitter:card\" content=\"summary_large_image\" \/>\n<meta name=\"twitter:label1\" content=\"Escrito por\" \/>\n\t<meta name=\"twitter:data1\" content=\"Luzimara Fernandes\" \/>\n\t<meta name=\"twitter:label2\" content=\"Est. tempo de leitura\" \/>\n\t<meta name=\"twitter:data2\" content=\"4 minutos\" \/>\n<script type=\"application\/ld+json\" class=\"yoast-schema-graph\">{\"@context\":\"https:\/\/schema.org\",\"@graph\":[{\"@type\":\"Article\",\"@id\":\"https:\/\/jornalfatosenoticias.com.br\/index.php\/2026\/01\/26\/menor-cidade-do-brasil-inaugura-microrrede-solar\/#article\",\"isPartOf\":{\"@id\":\"https:\/\/jornalfatosenoticias.com.br\/index.php\/2026\/01\/26\/menor-cidade-do-brasil-inaugura-microrrede-solar\/\"},\"author\":{\"name\":\"Luzimara Fernandes\",\"@id\":\"https:\/\/jornalfatosenoticias.com.br\/#\/schema\/person\/d63837fa13ac8666eb9e74e0985d6f81\"},\"headline\":\"Menor cidade do Brasil inaugura microrrede solar\",\"datePublished\":\"2026-01-27T01:16:47+00:00\",\"dateModified\":\"2026-01-27T01:16:49+00:00\",\"mainEntityOfPage\":{\"@id\":\"https:\/\/jornalfatosenoticias.com.br\/index.php\/2026\/01\/26\/menor-cidade-do-brasil-inaugura-microrrede-solar\/\"},\"wordCount\":482,\"commentCount\":0,\"publisher\":{\"@id\":\"https:\/\/jornalfatosenoticias.com.br\/#organization\"},\"image\":{\"@id\":\"https:\/\/jornalfatosenoticias.com.br\/index.php\/2026\/01\/26\/menor-cidade-do-brasil-inaugura-microrrede-solar\/#primaryimage\"},\"thumbnailUrl\":\"https:\/\/jornalfatosenoticias.com.br\/wp-content\/uploads\/2026\/01\/ChatGPT-Image-26-de-jan.-de-2026-22_13_53.jpg\",\"keywords\":[\"autonomia energ\u00e9tica\",\"energia solar\",\"Minas Gerais\",\"Serra da Saudade\"],\"articleSection\":[\"Geral\"],\"inLanguage\":\"pt-BR\",\"potentialAction\":[{\"@type\":\"CommentAction\",\"name\":\"Comment\",\"target\":[\"https:\/\/jornalfatosenoticias.com.br\/index.php\/2026\/01\/26\/menor-cidade-do-brasil-inaugura-microrrede-solar\/#respond\"]}]},{\"@type\":\"WebPage\",\"@id\":\"https:\/\/jornalfatosenoticias.com.br\/index.php\/2026\/01\/26\/menor-cidade-do-brasil-inaugura-microrrede-solar\/\",\"url\":\"https:\/\/jornalfatosenoticias.com.br\/index.php\/2026\/01\/26\/menor-cidade-do-brasil-inaugura-microrrede-solar\/\",\"name\":\"Menor cidade do Brasil inaugura microrrede solar - Jornal Fatos e Not\u00edcias\",\"isPartOf\":{\"@id\":\"https:\/\/jornalfatosenoticias.com.br\/#website\"},\"primaryImageOfPage\":{\"@id\":\"https:\/\/jornalfatosenoticias.com.br\/index.php\/2026\/01\/26\/menor-cidade-do-brasil-inaugura-microrrede-solar\/#primaryimage\"},\"image\":{\"@id\":\"https:\/\/jornalfatosenoticias.com.br\/index.php\/2026\/01\/26\/menor-cidade-do-brasil-inaugura-microrrede-solar\/#primaryimage\"},\"thumbnailUrl\":\"https:\/\/jornalfatosenoticias.com.br\/wp-content\/uploads\/2026\/01\/ChatGPT-Image-26-de-jan.-de-2026-22_13_53.jpg\",\"datePublished\":\"2026-01-27T01:16:47+00:00\",\"dateModified\":\"2026-01-27T01:16:49+00:00\",\"breadcrumb\":{\"@id\":\"https:\/\/jornalfatosenoticias.com.br\/index.php\/2026\/01\/26\/menor-cidade-do-brasil-inaugura-microrrede-solar\/#breadcrumb\"},\"inLanguage\":\"pt-BR\",\"potentialAction\":[{\"@type\":\"ReadAction\",\"target\":[\"https:\/\/jornalfatosenoticias.com.br\/index.php\/2026\/01\/26\/menor-cidade-do-brasil-inaugura-microrrede-solar\/\"]}]},{\"@type\":\"ImageObject\",\"inLanguage\":\"pt-BR\",\"@id\":\"https:\/\/jornalfatosenoticias.com.br\/index.php\/2026\/01\/26\/menor-cidade-do-brasil-inaugura-microrrede-solar\/#primaryimage\",\"url\":\"https:\/\/jornalfatosenoticias.com.br\/wp-content\/uploads\/2026\/01\/ChatGPT-Image-26-de-jan.-de-2026-22_13_53.jpg\",\"contentUrl\":\"https:\/\/jornalfatosenoticias.com.br\/wp-content\/uploads\/2026\/01\/ChatGPT-Image-26-de-jan.-de-2026-22_13_53.jpg\",\"width\":800,\"height\":533},{\"@type\":\"BreadcrumbList\",\"@id\":\"https:\/\/jornalfatosenoticias.com.br\/index.php\/2026\/01\/26\/menor-cidade-do-brasil-inaugura-microrrede-solar\/#breadcrumb\",\"itemListElement\":[{\"@type\":\"ListItem\",\"position\":1,\"name\":\"In\u00edcio\",\"item\":\"https:\/\/jornalfatosenoticias.com.br\/\"},{\"@type\":\"ListItem\",\"position\":2,\"name\":\"Menor cidade do Brasil inaugura microrrede solar\"}]},{\"@type\":\"WebSite\",\"@id\":\"https:\/\/jornalfatosenoticias.com.br\/#website\",\"url\":\"https:\/\/jornalfatosenoticias.com.br\/\",\"name\":\"Jornal Fatos e Not\u00edcias\",\"description\":\"Not\u00edcias em geral\",\"publisher\":{\"@id\":\"https:\/\/jornalfatosenoticias.com.br\/#organization\"},\"potentialAction\":[{\"@type\":\"SearchAction\",\"target\":{\"@type\":\"EntryPoint\",\"urlTemplate\":\"https:\/\/jornalfatosenoticias.com.br\/?s={search_term_string}\"},\"query-input\":{\"@type\":\"PropertyValueSpecification\",\"valueRequired\":true,\"valueName\":\"search_term_string\"}}],\"inLanguage\":\"pt-BR\"},{\"@type\":\"Organization\",\"@id\":\"https:\/\/jornalfatosenoticias.com.br\/#organization\",\"name\":\"Jornal Fatos e Not\u00edcias\",\"url\":\"https:\/\/jornalfatosenoticias.com.br\/\",\"logo\":{\"@type\":\"ImageObject\",\"inLanguage\":\"pt-BR\",\"@id\":\"https:\/\/jornalfatosenoticias.com.br\/#\/schema\/logo\/image\/\",\"url\":\"https:\/\/jornalfatosenoticias.com.br\/wp-content\/uploads\/2020\/02\/logo120.png\",\"contentUrl\":\"https:\/\/jornalfatosenoticias.com.br\/wp-content\/uploads\/2020\/02\/logo120.png\",\"width\":1227,\"height\":120,\"caption\":\"Jornal Fatos e Not\u00edcias\"},\"image\":{\"@id\":\"https:\/\/jornalfatosenoticias.com.br\/#\/schema\/logo\/image\/\"}},{\"@type\":\"Person\",\"@id\":\"https:\/\/jornalfatosenoticias.com.br\/#\/schema\/person\/d63837fa13ac8666eb9e74e0985d6f81\",\"name\":\"Luzimara Fernandes\",\"image\":{\"@type\":\"ImageObject\",\"inLanguage\":\"pt-BR\",\"@id\":\"https:\/\/jornalfatosenoticias.com.br\/#\/schema\/person\/image\/\",\"url\":\"https:\/\/jornalfatosenoticias.com.br\/wp-content\/uploads\/2025\/05\/EU_portal.jpg\",\"contentUrl\":\"https:\/\/jornalfatosenoticias.com.br\/wp-content\/uploads\/2025\/05\/EU_portal.jpg\",\"caption\":\"Luzimara Fernandes\"},\"description\":\"Jornalista MTB 2358-ES\",\"sameAs\":[\"https:\/\/jornalfatosenoticias.com.br\"],\"url\":\"https:\/\/jornalfatosenoticias.com.br\/index.php\/author\/luzimara\/\"}]}<\/script>\n<!-- \/ Yoast SEO plugin. -->","yoast_head_json":{"title":"Menor cidade do Brasil inaugura microrrede solar - Jornal Fatos e Not\u00edcias","robots":{"index":"index","follow":"follow","max-snippet":"max-snippet:-1","max-image-preview":"max-image-preview:large","max-video-preview":"max-video-preview:-1"},"canonical":"https:\/\/jornalfatosenoticias.com.br\/index.php\/2026\/01\/26\/menor-cidade-do-brasil-inaugura-microrrede-solar\/","og_locale":"pt_BR","og_type":"article","og_title":"Menor cidade do Brasil inaugura microrrede solar - Jornal Fatos e Not\u00edcias","og_description":"Sistema com energia solar e baterias garante at\u00e9 48 horas de fornecimento mesmo em falhas da rede, em cidade de Minas Gerais Serra da Saudade (MG), munic\u00edpio com o menor n\u00famero de habitantes do pa\u00eds, inaugurou um sistema de gera\u00e7\u00e3o de energia solar com armazenamento em baterias capaz de manter o fornecimento el\u00e9trico por at\u00e9 [&hellip;]","og_url":"https:\/\/jornalfatosenoticias.com.br\/index.php\/2026\/01\/26\/menor-cidade-do-brasil-inaugura-microrrede-solar\/","og_site_name":"Jornal Fatos e Not\u00edcias","article_published_time":"2026-01-27T01:16:47+00:00","article_modified_time":"2026-01-27T01:16:49+00:00","og_image":[{"width":800,"height":533,"url":"https:\/\/jornalfatosenoticias.com.br\/wp-content\/uploads\/2026\/01\/ChatGPT-Image-26-de-jan.-de-2026-22_13_53.jpg","type":"image\/jpeg"}],"author":"Luzimara Fernandes","twitter_card":"summary_large_image","twitter_misc":{"Escrito por":"Luzimara Fernandes","Est. tempo de leitura":"4 minutos"},"schema":{"@context":"https:\/\/schema.org","@graph":[{"@type":"Article","@id":"https:\/\/jornalfatosenoticias.com.br\/index.php\/2026\/01\/26\/menor-cidade-do-brasil-inaugura-microrrede-solar\/#article","isPartOf":{"@id":"https:\/\/jornalfatosenoticias.com.br\/index.php\/2026\/01\/26\/menor-cidade-do-brasil-inaugura-microrrede-solar\/"},"author":{"name":"Luzimara Fernandes","@id":"https:\/\/jornalfatosenoticias.com.br\/#\/schema\/person\/d63837fa13ac8666eb9e74e0985d6f81"},"headline":"Menor cidade do Brasil inaugura microrrede solar","datePublished":"2026-01-27T01:16:47+00:00","dateModified":"2026-01-27T01:16:49+00:00","mainEntityOfPage":{"@id":"https:\/\/jornalfatosenoticias.com.br\/index.php\/2026\/01\/26\/menor-cidade-do-brasil-inaugura-microrrede-solar\/"},"wordCount":482,"commentCount":0,"publisher":{"@id":"https:\/\/jornalfatosenoticias.com.br\/#organization"},"image":{"@id":"https:\/\/jornalfatosenoticias.com.br\/index.php\/2026\/01\/26\/menor-cidade-do-brasil-inaugura-microrrede-solar\/#primaryimage"},"thumbnailUrl":"https:\/\/jornalfatosenoticias.com.br\/wp-content\/uploads\/2026\/01\/ChatGPT-Image-26-de-jan.-de-2026-22_13_53.jpg","keywords":["autonomia energ\u00e9tica","energia solar","Minas Gerais","Serra da Saudade"],"articleSection":["Geral"],"inLanguage":"pt-BR","potentialAction":[{"@type":"CommentAction","name":"Comment","target":["https:\/\/jornalfatosenoticias.com.br\/index.php\/2026\/01\/26\/menor-cidade-do-brasil-inaugura-microrrede-solar\/#respond"]}]},{"@type":"WebPage","@id":"https:\/\/jornalfatosenoticias.com.br\/index.php\/2026\/01\/26\/menor-cidade-do-brasil-inaugura-microrrede-solar\/","url":"https:\/\/jornalfatosenoticias.com.br\/index.php\/2026\/01\/26\/menor-cidade-do-brasil-inaugura-microrrede-solar\/","name":"Menor cidade do Brasil inaugura microrrede solar - Jornal Fatos e Not\u00edcias","isPartOf":{"@id":"https:\/\/jornalfatosenoticias.com.br\/#website"},"primaryImageOfPage":{"@id":"https:\/\/jornalfatosenoticias.com.br\/index.php\/2026\/01\/26\/menor-cidade-do-brasil-inaugura-microrrede-solar\/#primaryimage"},"image":{"@id":"https:\/\/jornalfatosenoticias.com.br\/index.php\/2026\/01\/26\/menor-cidade-do-brasil-inaugura-microrrede-solar\/#primaryimage"},"thumbnailUrl":"https:\/\/jornalfatosenoticias.com.br\/wp-content\/uploads\/2026\/01\/ChatGPT-Image-26-de-jan.-de-2026-22_13_53.jpg","datePublished":"2026-01-27T01:16:47+00:00","dateModified":"2026-01-27T01:16:49+00:00","breadcrumb":{"@id":"https:\/\/jornalfatosenoticias.com.br\/index.php\/2026\/01\/26\/menor-cidade-do-brasil-inaugura-microrrede-solar\/#breadcrumb"},"inLanguage":"pt-BR","potentialAction":[{"@type":"ReadAction","target":["https:\/\/jornalfatosenoticias.com.br\/index.php\/2026\/01\/26\/menor-cidade-do-brasil-inaugura-microrrede-solar\/"]}]},{"@type":"ImageObject","inLanguage":"pt-BR","@id":"https:\/\/jornalfatosenoticias.com.br\/index.php\/2026\/01\/26\/menor-cidade-do-brasil-inaugura-microrrede-solar\/#primaryimage","url":"https:\/\/jornalfatosenoticias.com.br\/wp-content\/uploads\/2026\/01\/ChatGPT-Image-26-de-jan.-de-2026-22_13_53.jpg","contentUrl":"https:\/\/jornalfatosenoticias.com.br\/wp-content\/uploads\/2026\/01\/ChatGPT-Image-26-de-jan.-de-2026-22_13_53.jpg","width":800,"height":533},{"@type":"BreadcrumbList","@id":"https:\/\/jornalfatosenoticias.com.br\/index.php\/2026\/01\/26\/menor-cidade-do-brasil-inaugura-microrrede-solar\/#breadcrumb","itemListElement":[{"@type":"ListItem","position":1,"name":"In\u00edcio","item":"https:\/\/jornalfatosenoticias.com.br\/"},{"@type":"ListItem","position":2,"name":"Menor cidade do Brasil inaugura microrrede solar"}]},{"@type":"WebSite","@id":"https:\/\/jornalfatosenoticias.com.br\/#website","url":"https:\/\/jornalfatosenoticias.com.br\/","name":"Jornal Fatos e Not\u00edcias","description":"Not\u00edcias em geral","publisher":{"@id":"https:\/\/jornalfatosenoticias.com.br\/#organization"},"potentialAction":[{"@type":"SearchAction","target":{"@type":"EntryPoint","urlTemplate":"https:\/\/jornalfatosenoticias.com.br\/?s={search_term_string}"},"query-input":{"@type":"PropertyValueSpecification","valueRequired":true,"valueName":"search_term_string"}}],"inLanguage":"pt-BR"},{"@type":"Organization","@id":"https:\/\/jornalfatosenoticias.com.br\/#organization","name":"Jornal Fatos e Not\u00edcias","url":"https:\/\/jornalfatosenoticias.com.br\/","logo":{"@type":"ImageObject","inLanguage":"pt-BR","@id":"https:\/\/jornalfatosenoticias.com.br\/#\/schema\/logo\/image\/","url":"https:\/\/jornalfatosenoticias.com.br\/wp-content\/uploads\/2020\/02\/logo120.png","contentUrl":"https:\/\/jornalfatosenoticias.com.br\/wp-content\/uploads\/2020\/02\/logo120.png","width":1227,"height":120,"caption":"Jornal Fatos e Not\u00edcias"},"image":{"@id":"https:\/\/jornalfatosenoticias.com.br\/#\/schema\/logo\/image\/"}},{"@type":"Person","@id":"https:\/\/jornalfatosenoticias.com.br\/#\/schema\/person\/d63837fa13ac8666eb9e74e0985d6f81","name":"Luzimara Fernandes","image":{"@type":"ImageObject","inLanguage":"pt-BR","@id":"https:\/\/jornalfatosenoticias.com.br\/#\/schema\/person\/image\/","url":"https:\/\/jornalfatosenoticias.com.br\/wp-content\/uploads\/2025\/05\/EU_portal.jpg","contentUrl":"https:\/\/jornalfatosenoticias.com.br\/wp-content\/uploads\/2025\/05\/EU_portal.jpg","caption":"Luzimara Fernandes"},"description":"Jornalista MTB 2358-ES","sameAs":["https:\/\/jornalfatosenoticias.com.br"],"url":"https:\/\/jornalfatosenoticias.com.br\/index.php\/author\/luzimara\/"}]}},"cc_featured_image_caption":{"caption_text":"","source_text":"","source_url":""},"jetpack_featured_media_url":"https:\/\/jornalfatosenoticias.com.br\/wp-content\/uploads\/2026\/01\/ChatGPT-Image-26-de-jan.-de-2026-22_13_53.jpg","_links":{"self":[{"href":"https:\/\/jornalfatosenoticias.com.br\/index.php\/wp-json\/wp\/v2\/posts\/64694","targetHints":{"allow":["GET"]}}],"collection":[{"href":"https:\/\/jornalfatosenoticias.com.br\/index.php\/wp-json\/wp\/v2\/posts"}],"about":[{"href":"https:\/\/jornalfatosenoticias.com.br\/index.php\/wp-json\/wp\/v2\/types\/post"}],"author":[{"embeddable":true,"href":"https:\/\/jornalfatosenoticias.com.br\/index.php\/wp-json\/wp\/v2\/users\/2"}],"replies":[{"embeddable":true,"href":"https:\/\/jornalfatosenoticias.com.br\/index.php\/wp-json\/wp\/v2\/comments?post=64694"}],"version-history":[{"count":1,"href":"https:\/\/jornalfatosenoticias.com.br\/index.php\/wp-json\/wp\/v2\/posts\/64694\/revisions"}],"predecessor-version":[{"id":64696,"href":"https:\/\/jornalfatosenoticias.com.br\/index.php\/wp-json\/wp\/v2\/posts\/64694\/revisions\/64696"}],"wp:featuredmedia":[{"embeddable":true,"href":"https:\/\/jornalfatosenoticias.com.br\/index.php\/wp-json\/wp\/v2\/media\/64695"}],"wp:attachment":[{"href":"https:\/\/jornalfatosenoticias.com.br\/index.php\/wp-json\/wp\/v2\/media?parent=64694"}],"wp:term":[{"taxonomy":"category","embeddable":true,"href":"https:\/\/jornalfatosenoticias.com.br\/index.php\/wp-json\/wp\/v2\/categories?post=64694"},{"taxonomy":"post_tag","embeddable":true,"href":"https:\/\/jornalfatosenoticias.com.br\/index.php\/wp-json\/wp\/v2\/tags?post=64694"}],"curies":[{"name":"wp","href":"https:\/\/api.w.org\/{rel}","templated":true}]}}