{"id":64697,"date":"2026-01-26T22:27:27","date_gmt":"2026-01-27T01:27:27","guid":{"rendered":"https:\/\/jornalfatosenoticias.com.br\/?p=64697"},"modified":"2026-01-26T22:27:29","modified_gmt":"2026-01-27T01:27:29","slug":"cinco-opcoes-para-se-hidratar-para-quem-nao-gosta-de-beber-agua","status":"publish","type":"post","link":"https:\/\/jornalfatosenoticias.com.br\/index.php\/2026\/01\/26\/cinco-opcoes-para-se-hidratar-para-quem-nao-gosta-de-beber-agua\/","title":{"rendered":"Cinco op\u00e7\u00f5es para se hidratar para quem n\u00e3o gosta de beber \u00e1gua"},"content":{"rendered":"\n<p><em><mark style=\"background-color:rgba(0, 0, 0, 0)\" class=\"has-inline-color has-black-color\">A hidrata\u00e7\u00e3o adequada impacta diretamente a fun\u00e7\u00e3o cerebral e cognitiva, melhorando a concentra\u00e7\u00e3o, a mem\u00f3ria e o humor<\/mark><\/em><\/p>\n\n\n<div class=\"wp-block-image\">\n<figure class=\"aligncenter size-large\"><a href=\"https:\/\/www.cesconetto.com.br\/\"><img loading=\"lazy\" decoding=\"async\" width=\"1024\" height=\"100\" src=\"https:\/\/jornalfatosenoticias.com.br\/wp-content\/uploads\/2022\/05\/NOVA-LOGO-CESCONETTO-1024x100.jpg\" alt=\"\" class=\"wp-image-30792\" srcset=\"https:\/\/jornalfatosenoticias.com.br\/wp-content\/uploads\/2022\/05\/NOVA-LOGO-CESCONETTO-1024x100.jpg 1024w, https:\/\/jornalfatosenoticias.com.br\/wp-content\/uploads\/2022\/05\/NOVA-LOGO-CESCONETTO-300x29.jpg 300w, https:\/\/jornalfatosenoticias.com.br\/wp-content\/uploads\/2022\/05\/NOVA-LOGO-CESCONETTO-768x75.jpg 768w, https:\/\/jornalfatosenoticias.com.br\/wp-content\/uploads\/2022\/05\/NOVA-LOGO-CESCONETTO.jpg 1280w\" sizes=\"auto, (max-width: 1024px) 100vw, 1024px\" \/><\/a><\/figure>\n<\/div>\n\n\n<p>A \u00e1gua \u00e9 o nutriente mais essencial para a manuten\u00e7\u00e3o da vida e est\u00e1 diretamente envolvida em quase todas as fun\u00e7\u00f5es vitais do corpo humano, que \u00e9 composto por aproximadamente 60% a 70% de \u00e1gua. A ingest\u00e3o regular de \u00e1gua \u00e9 fundamental, pois o organismo perde l\u00edquidos continuamente ao longo do dia e precisa rep\u00f4-los para manter o equil\u00edbrio fisiol\u00f3gico. Ainda assim, muitas pessoas, por costume ou prefer\u00eancia, relatam dificuldade ou resist\u00eancia em beber \u00e1gua pura.<br>A \u00e1gua exerce pap\u00e9is indispens\u00e1veis no organismo, como o transporte de vitaminas, minerais, oxig\u00eanio e glicose para as c\u00e9lulas, al\u00e9m de atuar na elimina\u00e7\u00e3o de res\u00edduos metab\u00f3licos. Tal nutriente tamb\u00e9m \u00e9 essencial na regula\u00e7\u00e3o da temperatura corporal, especialmente por meio da transpira\u00e7\u00e3o, mecanismo que ajuda a resfriar o corpo em dias mais quentes.<\/p>\n\n\n<div class=\"wp-block-image\">\n<figure class=\"aligncenter size-large is-resized\"><a href=\"https:\/\/www.instagram.com\/esteio.churrascaria\/\"><img loading=\"lazy\" decoding=\"async\" width=\"1024\" height=\"730\" src=\"https:\/\/jornalfatosenoticias.com.br\/wp-content\/uploads\/2022\/02\/LOGO-ESTEIO-1024x730.png\" alt=\"\" class=\"wp-image-27942\" style=\"aspect-ratio:1.4027519523986611;width:339px;height:auto\" srcset=\"https:\/\/jornalfatosenoticias.com.br\/wp-content\/uploads\/2022\/02\/LOGO-ESTEIO-1024x730.png 1024w, https:\/\/jornalfatosenoticias.com.br\/wp-content\/uploads\/2022\/02\/LOGO-ESTEIO-300x214.png 300w, https:\/\/jornalfatosenoticias.com.br\/wp-content\/uploads\/2022\/02\/LOGO-ESTEIO-768x548.png 768w, https:\/\/jornalfatosenoticias.com.br\/wp-content\/uploads\/2022\/02\/LOGO-ESTEIO.png 1123w\" sizes=\"auto, (max-width: 1024px) 100vw, 1024px\" \/><\/a><\/figure>\n<\/div>\n\n\n<blockquote class=\"wp-block-quote is-layout-flow wp-block-quote-is-layout-flow\">\n<p><mark style=\"background-color:rgba(0, 0, 0, 0)\" class=\"has-inline-color has-luminous-vivid-orange-color\">A \u00e1gua tamb\u00e9m \u00e9 importante no processo de desintoxica\u00e7\u00e3o, auxiliando os rins a eliminar toxinas e res\u00edduos pela urina, o que pode prevenir problemas como pedras nos rins. No sistema digestivo, ela \u00e9 vital para a produ\u00e7\u00e3o de saliva e sucos g\u00e1stricos, facilitando a digest\u00e3o\u201d, explica Daniel Magnoni, nutr\u00f3logo da Rede de Hospitais S\u00e3o Camilo de S\u00e3o Paulo. \u201cA subst\u00e2ncia tamb\u00e9m hidrata o bolo fecal, prevenindo o ressecamento das fezes e, consequentemente, a pris\u00e3o de ventre\u201d, completa.<\/mark><\/p>\n<\/blockquote>\n\n\n<div class=\"wp-block-image\">\n<figure class=\"aligncenter size-large is-resized\"><a href=\"https:\/\/www.instagram.com\/restaurantepegoretti\/\"><img loading=\"lazy\" decoding=\"async\" width=\"1024\" height=\"389\" src=\"https:\/\/jornalfatosenoticias.com.br\/wp-content\/uploads\/2023\/12\/pegoretti-logo-pdf-1024x389.jpg\" alt=\"\" class=\"wp-image-47536\" style=\"aspect-ratio:2.632371267633717;width:608px;height:auto\" srcset=\"https:\/\/jornalfatosenoticias.com.br\/wp-content\/uploads\/2023\/12\/pegoretti-logo-pdf-1024x389.jpg 1024w, https:\/\/jornalfatosenoticias.com.br\/wp-content\/uploads\/2023\/12\/pegoretti-logo-pdf-300x114.jpg 300w, https:\/\/jornalfatosenoticias.com.br\/wp-content\/uploads\/2023\/12\/pegoretti-logo-pdf-768x291.jpg 768w, https:\/\/jornalfatosenoticias.com.br\/wp-content\/uploads\/2023\/12\/pegoretti-logo-pdf.jpg 1120w\" sizes=\"auto, (max-width: 1024px) 100vw, 1024px\" \/><\/a><\/figure>\n<\/div>\n\n\n<p>Segundo o especialista, manter uma hidrata\u00e7\u00e3o adequada tem impacto direto sobre a fun\u00e7\u00e3o cerebral e cognitiva, contribuindo para a melhora da concentra\u00e7\u00e3o, da mem\u00f3ria e do humor. Mesmo quadros leves de desidrata\u00e7\u00e3o podem provocar sintomas como fadiga e dor de cabe\u00e7a, afetando o desempenho f\u00edsico e mental no dia a dia. Diante disso, Daniel Magnoni destaca cinco op\u00e7\u00f5es de bebidas que podem ajudar a melhorar a hidrata\u00e7\u00e3o, especialmente para quem n\u00e3o gosta de beber \u00e1gua, oferecendo alternativas que facilitam a ingest\u00e3o adequada de l\u00edquidos ao longo do dia.<\/p>\n\n\n\n<p><strong><mark style=\"background-color:rgba(0, 0, 0, 0)\" class=\"has-inline-color has-vivid-purple-color\">\u00c1gua saborizada<br><\/mark><\/strong>\u00c9 a forma mais pr\u00f3xima da \u00e1gua, mas com o benef\u00edcio de sabor, aroma e zero calorias. Para preparar, adicione fatias de lim\u00e3o, pepino e hortel\u00e3 ou laranja e gengibre \u00e0 \u00e1gua e deixe na geladeira por algumas horas.<\/p>\n\n\n<div class=\"wp-block-image\">\n<figure class=\"aligncenter size-large is-resized\"><a href=\"https:\/\/www.instagram.com\/espiritocacau\/\"><img decoding=\"async\" src=\"https:\/\/jornalfatosenoticias.com.br\/wp-content\/uploads\/2020\/02\/Espirito-Cacau_Logo-1024x1024.png\" alt=\"\" class=\"wp-image-64360\" style=\"width:319px;height:auto\"\/><\/a><\/figure>\n<\/div>\n\n\n<p><strong><mark style=\"background-color:rgba(0, 0, 0, 0)\" class=\"has-inline-color has-vivid-purple-color\">Ch\u00e1 verde gelado<br><\/mark><\/strong>A bebida \u00e9 fonte de antioxidantes e pode dar um leve boost de energia. O preparo \u00e9 simples: coloque a \u00e1gua para aquecer at\u00e9 que quase ferva (cerca de 80\u00baC), ou quando come\u00e7ar a formar pequenas bolhas no fundo da chaleira.<br>\u201cDesligue o fogo antes de ferver completamente e adicione as folhas (ou sach\u00eas) de ch\u00e1 verde e tampe o recipiente. Deixe em infus\u00e3o por tr\u00eas a cinco minutos e n\u00e3o exceda esse tempo para garantir que o ch\u00e1 n\u00e3o fique amargo. Em seguida, retire as folhas ou os sach\u00eas\u201d, ensina ele.<br>Deixe o ch\u00e1 esfriar at\u00e9 a temperatura ambiente. Se desejar ado\u00e7ar, \u00e9 mais f\u00e1cil fazer isso enquanto ainda est\u00e1 quente ou morno (pode-se usar um xarope ou mel). Leve \u00e0 geladeira para gelar completamente, cerca de uma a duas horas, ou sirva imediatamente em um copo alto cheio de gelo. Tamb\u00e9m pode-se adicionar algumas gotas de lim\u00e3o ou fatias de p\u00eassego.<\/p>\n\n\n<div class=\"wp-block-image\">\n<figure class=\"aligncenter size-full\"><a href=\"https:\/\/premiertemperos.com.br\/novo\/\"><img loading=\"lazy\" decoding=\"async\" width=\"851\" height=\"315\" src=\"https:\/\/jornalfatosenoticias.com.br\/wp-content\/uploads\/2020\/02\/logo-Premier-Temperos.png\" alt=\"\" class=\"wp-image-64452\" srcset=\"https:\/\/jornalfatosenoticias.com.br\/wp-content\/uploads\/2020\/02\/logo-Premier-Temperos.png 851w, https:\/\/jornalfatosenoticias.com.br\/wp-content\/uploads\/2020\/02\/logo-Premier-Temperos-300x111.png 300w, https:\/\/jornalfatosenoticias.com.br\/wp-content\/uploads\/2020\/02\/logo-Premier-Temperos-768x284.png 768w\" sizes=\"auto, (max-width: 851px) 100vw, 851px\" \/><\/a><\/figure>\n<\/div>\n\n\n<p><strong><mark style=\"background-color:rgba(0, 0, 0, 0)\" class=\"has-inline-color has-vivid-purple-color\">Suco de lim\u00e3o<br><\/mark><\/strong>Baixo em calorias e rico em Vitamina C, o sabor \u00e1cido \u00e9 \u00f3timo para quebrar a monotonia da \u00e1gua. Para a receita, esprema meio lim\u00e3o em 500ml de \u00e1gua fria. Se precisar, use um substituto de a\u00e7\u00facar natural (como stevia ou eritritol) com modera\u00e7\u00e3o.<\/p>\n\n\n\n<p><strong><mark style=\"background-color:rgba(0, 0, 0, 0)\" class=\"has-inline-color has-vivid-purple-color\">\u00c1gua com g\u00e1s com frutas<br><\/mark><\/strong>A efervesc\u00eancia d\u00e1 uma sensa\u00e7\u00e3o diferente na boca, parecida com refrigerante, mas sem os a\u00e7\u00facares ou aditivos. \u201cPara preparar, misture \u00e1gua com g\u00e1s com um pouco de suco de laranja natural (pode ser lim\u00e3o ou tangerina) ou pur\u00ea de framboesa, tamb\u00e9m pode ser de qualquer outra fruta refrescante como abacaxi, morango, amora, etc. Adicione gelo e um raminho de hortel\u00e3\u201d, comenta o nutr\u00f3logo.<br>Magnoni ressalta que a desidrata\u00e7\u00e3o, ou seja, a falta de \u00e1gua no corpo, compromete diversas fun\u00e7\u00f5es essenciais. \u201cManifestando-se atrav\u00e9s de sintomas como fadiga, fraqueza muscular, dificuldade de concentra\u00e7\u00e3o, queda no desempenho f\u00edsico, pris\u00e3o de ventre, boca e pele secas, a desidrata\u00e7\u00e3o pode aumentar o risco de problemas mais s\u00e9rios, como a forma\u00e7\u00e3o de c\u00e1lculos renais\u201d, ressalta o especialista.<\/p>\n\n\n<div class=\"wp-block-image\">\n<figure class=\"aligncenter size-full\"><a href=\"https:\/\/www.instagram.com\/alhoroxao\/\"><img loading=\"lazy\" decoding=\"async\" width=\"960\" height=\"365\" src=\"https:\/\/jornalfatosenoticias.com.br\/wp-content\/uploads\/2026\/01\/logo-alho-Roxao.png\" alt=\"\" class=\"wp-image-64448\" srcset=\"https:\/\/jornalfatosenoticias.com.br\/wp-content\/uploads\/2026\/01\/logo-alho-Roxao.png 960w, https:\/\/jornalfatosenoticias.com.br\/wp-content\/uploads\/2026\/01\/logo-alho-Roxao-300x114.png 300w, https:\/\/jornalfatosenoticias.com.br\/wp-content\/uploads\/2026\/01\/logo-alho-Roxao-768x292.png 768w\" sizes=\"auto, (max-width: 960px) 100vw, 960px\" \/><\/a><\/figure>\n<\/div>\n\n\n<p><strong><mark style=\"background-color:rgba(0, 0, 0, 0)\" class=\"has-inline-color has-vivid-purple-color\">\u00c1gua de coco<br><\/mark><\/strong>Refrescante e rica em eletr\u00f3litos (como pot\u00e1ssio), o que a torna ideal para repor l\u00edquidos, especialmente ap\u00f3s exerc\u00edcios. \u201cBeba diretamente da fruta ou da caixa, certificando-se de que \u00e9 a vers\u00e3o integral e sem adi\u00e7\u00e3o de a\u00e7\u00facares\u201d, finaliza. Assim voc\u00ea garante a hidrata\u00e7\u00e3o di\u00e1ria sem sofrimento!<\/p>\n\n\n\n<p><strong><mark style=\"background-color:rgba(0, 0, 0, 0)\" class=\"has-inline-color has-black-color\">(Foto: ChatGPT)<\/mark><\/strong><\/p>\n\n\n\n<p><strong>Fonte: <a href=\"https:\/\/ciclovivo.com.br\/vida-sustentavel\/alimentacao\/5-hidratacao-nao-gosta-beber-agua\/\">CicloVivo<\/a><\/strong><\/p>\n","protected":false},"excerpt":{"rendered":"<p>A hidrata\u00e7\u00e3o adequada impacta diretamente a fun\u00e7\u00e3o cerebral e cognitiva, melhorando a concentra\u00e7\u00e3o, a mem\u00f3ria e o humor A \u00e1gua \u00e9 o nutriente mais essencial para a manuten\u00e7\u00e3o da vida e est\u00e1 diretamente envolvida em quase todas as fun\u00e7\u00f5es vitais do corpo humano, que \u00e9 composto por aproximadamente 60% a 70% de \u00e1gua. A ingest\u00e3o [&hellip;]<\/p>\n","protected":false},"author":2,"featured_media":64698,"comment_status":"open","ping_status":"open","sticky":false,"template":"","format":"standard","meta":{"footnotes":""},"categories":[42],"tags":[451,12157,8705,12156,2587],"class_list":["post-64697","post","type-post","status-publish","format-standard","has-post-thumbnail","hentry","category-bem-estar","tag-agua","tag-beber-agua","tag-bebidas","tag-desidratacao","tag-hidratacao"],"yoast_head":"<!-- This site is optimized with the Yoast SEO plugin v26.5 - https:\/\/yoast.com\/wordpress\/plugins\/seo\/ -->\n<title>Cinco op\u00e7\u00f5es para se hidratar para quem n\u00e3o gosta de beber \u00e1gua - Jornal Fatos e Not\u00edcias<\/title>\n<meta name=\"robots\" content=\"index, follow, max-snippet:-1, max-image-preview:large, max-video-preview:-1\" \/>\n<link rel=\"canonical\" href=\"https:\/\/jornalfatosenoticias.com.br\/index.php\/2026\/01\/26\/cinco-opcoes-para-se-hidratar-para-quem-nao-gosta-de-beber-agua\/\" \/>\n<meta property=\"og:locale\" content=\"pt_BR\" \/>\n<meta property=\"og:type\" content=\"article\" \/>\n<meta property=\"og:title\" content=\"Cinco op\u00e7\u00f5es para se hidratar para quem n\u00e3o gosta de beber \u00e1gua - Jornal Fatos e Not\u00edcias\" \/>\n<meta property=\"og:description\" content=\"A hidrata\u00e7\u00e3o adequada impacta diretamente a fun\u00e7\u00e3o cerebral e cognitiva, melhorando a concentra\u00e7\u00e3o, a mem\u00f3ria e o humor A \u00e1gua \u00e9 o nutriente mais essencial para a manuten\u00e7\u00e3o da vida e est\u00e1 diretamente envolvida em quase todas as fun\u00e7\u00f5es vitais do corpo humano, que \u00e9 composto por aproximadamente 60% a 70% de \u00e1gua. A ingest\u00e3o [&hellip;]\" \/>\n<meta property=\"og:url\" content=\"https:\/\/jornalfatosenoticias.com.br\/index.php\/2026\/01\/26\/cinco-opcoes-para-se-hidratar-para-quem-nao-gosta-de-beber-agua\/\" \/>\n<meta property=\"og:site_name\" content=\"Jornal Fatos e Not\u00edcias\" \/>\n<meta property=\"article:published_time\" content=\"2026-01-27T01:27:27+00:00\" \/>\n<meta property=\"article:modified_time\" content=\"2026-01-27T01:27:29+00:00\" \/>\n<meta property=\"og:image\" content=\"https:\/\/jornalfatosenoticias.com.br\/wp-content\/uploads\/2026\/01\/ChatGPT-Image-26-de-jan.-de-2026-22_19_58.jpg\" \/>\n\t<meta property=\"og:image:width\" content=\"800\" \/>\n\t<meta property=\"og:image:height\" content=\"533\" \/>\n\t<meta property=\"og:image:type\" content=\"image\/jpeg\" \/>\n<meta name=\"author\" content=\"Luzimara Fernandes\" \/>\n<meta name=\"twitter:card\" content=\"summary_large_image\" \/>\n<meta name=\"twitter:label1\" content=\"Escrito por\" \/>\n\t<meta name=\"twitter:data1\" content=\"Luzimara Fernandes\" \/>\n\t<meta name=\"twitter:label2\" content=\"Est. tempo de leitura\" \/>\n\t<meta name=\"twitter:data2\" content=\"6 minutos\" \/>\n<script type=\"application\/ld+json\" class=\"yoast-schema-graph\">{\"@context\":\"https:\/\/schema.org\",\"@graph\":[{\"@type\":\"Article\",\"@id\":\"https:\/\/jornalfatosenoticias.com.br\/index.php\/2026\/01\/26\/cinco-opcoes-para-se-hidratar-para-quem-nao-gosta-de-beber-agua\/#article\",\"isPartOf\":{\"@id\":\"https:\/\/jornalfatosenoticias.com.br\/index.php\/2026\/01\/26\/cinco-opcoes-para-se-hidratar-para-quem-nao-gosta-de-beber-agua\/\"},\"author\":{\"name\":\"Luzimara Fernandes\",\"@id\":\"https:\/\/jornalfatosenoticias.com.br\/#\/schema\/person\/d63837fa13ac8666eb9e74e0985d6f81\"},\"headline\":\"Cinco op\u00e7\u00f5es para se hidratar para quem n\u00e3o gosta de beber \u00e1gua\",\"datePublished\":\"2026-01-27T01:27:27+00:00\",\"dateModified\":\"2026-01-27T01:27:29+00:00\",\"mainEntityOfPage\":{\"@id\":\"https:\/\/jornalfatosenoticias.com.br\/index.php\/2026\/01\/26\/cinco-opcoes-para-se-hidratar-para-quem-nao-gosta-de-beber-agua\/\"},\"wordCount\":828,\"commentCount\":0,\"publisher\":{\"@id\":\"https:\/\/jornalfatosenoticias.com.br\/#organization\"},\"image\":{\"@id\":\"https:\/\/jornalfatosenoticias.com.br\/index.php\/2026\/01\/26\/cinco-opcoes-para-se-hidratar-para-quem-nao-gosta-de-beber-agua\/#primaryimage\"},\"thumbnailUrl\":\"https:\/\/jornalfatosenoticias.com.br\/wp-content\/uploads\/2026\/01\/ChatGPT-Image-26-de-jan.-de-2026-22_19_58.jpg\",\"keywords\":[\"\u00e1gua\",\"beber \u00e1gua\",\"bebidas\",\"desidrata\u00e7\u00e3o\",\"hidrata\u00e7\u00e3o\"],\"articleSection\":[\"Bem-estar\"],\"inLanguage\":\"pt-BR\",\"potentialAction\":[{\"@type\":\"CommentAction\",\"name\":\"Comment\",\"target\":[\"https:\/\/jornalfatosenoticias.com.br\/index.php\/2026\/01\/26\/cinco-opcoes-para-se-hidratar-para-quem-nao-gosta-de-beber-agua\/#respond\"]}]},{\"@type\":\"WebPage\",\"@id\":\"https:\/\/jornalfatosenoticias.com.br\/index.php\/2026\/01\/26\/cinco-opcoes-para-se-hidratar-para-quem-nao-gosta-de-beber-agua\/\",\"url\":\"https:\/\/jornalfatosenoticias.com.br\/index.php\/2026\/01\/26\/cinco-opcoes-para-se-hidratar-para-quem-nao-gosta-de-beber-agua\/\",\"name\":\"Cinco op\u00e7\u00f5es para se hidratar para quem n\u00e3o gosta de beber \u00e1gua - Jornal Fatos e Not\u00edcias\",\"isPartOf\":{\"@id\":\"https:\/\/jornalfatosenoticias.com.br\/#website\"},\"primaryImageOfPage\":{\"@id\":\"https:\/\/jornalfatosenoticias.com.br\/index.php\/2026\/01\/26\/cinco-opcoes-para-se-hidratar-para-quem-nao-gosta-de-beber-agua\/#primaryimage\"},\"image\":{\"@id\":\"https:\/\/jornalfatosenoticias.com.br\/index.php\/2026\/01\/26\/cinco-opcoes-para-se-hidratar-para-quem-nao-gosta-de-beber-agua\/#primaryimage\"},\"thumbnailUrl\":\"https:\/\/jornalfatosenoticias.com.br\/wp-content\/uploads\/2026\/01\/ChatGPT-Image-26-de-jan.-de-2026-22_19_58.jpg\",\"datePublished\":\"2026-01-27T01:27:27+00:00\",\"dateModified\":\"2026-01-27T01:27:29+00:00\",\"breadcrumb\":{\"@id\":\"https:\/\/jornalfatosenoticias.com.br\/index.php\/2026\/01\/26\/cinco-opcoes-para-se-hidratar-para-quem-nao-gosta-de-beber-agua\/#breadcrumb\"},\"inLanguage\":\"pt-BR\",\"potentialAction\":[{\"@type\":\"ReadAction\",\"target\":[\"https:\/\/jornalfatosenoticias.com.br\/index.php\/2026\/01\/26\/cinco-opcoes-para-se-hidratar-para-quem-nao-gosta-de-beber-agua\/\"]}]},{\"@type\":\"ImageObject\",\"inLanguage\":\"pt-BR\",\"@id\":\"https:\/\/jornalfatosenoticias.com.br\/index.php\/2026\/01\/26\/cinco-opcoes-para-se-hidratar-para-quem-nao-gosta-de-beber-agua\/#primaryimage\",\"url\":\"https:\/\/jornalfatosenoticias.com.br\/wp-content\/uploads\/2026\/01\/ChatGPT-Image-26-de-jan.-de-2026-22_19_58.jpg\",\"contentUrl\":\"https:\/\/jornalfatosenoticias.com.br\/wp-content\/uploads\/2026\/01\/ChatGPT-Image-26-de-jan.-de-2026-22_19_58.jpg\",\"width\":800,\"height\":533},{\"@type\":\"BreadcrumbList\",\"@id\":\"https:\/\/jornalfatosenoticias.com.br\/index.php\/2026\/01\/26\/cinco-opcoes-para-se-hidratar-para-quem-nao-gosta-de-beber-agua\/#breadcrumb\",\"itemListElement\":[{\"@type\":\"ListItem\",\"position\":1,\"name\":\"In\u00edcio\",\"item\":\"https:\/\/jornalfatosenoticias.com.br\/\"},{\"@type\":\"ListItem\",\"position\":2,\"name\":\"Cinco op\u00e7\u00f5es para se hidratar para quem n\u00e3o gosta de beber \u00e1gua\"}]},{\"@type\":\"WebSite\",\"@id\":\"https:\/\/jornalfatosenoticias.com.br\/#website\",\"url\":\"https:\/\/jornalfatosenoticias.com.br\/\",\"name\":\"Jornal Fatos e Not\u00edcias\",\"description\":\"Not\u00edcias em geral\",\"publisher\":{\"@id\":\"https:\/\/jornalfatosenoticias.com.br\/#organization\"},\"potentialAction\":[{\"@type\":\"SearchAction\",\"target\":{\"@type\":\"EntryPoint\",\"urlTemplate\":\"https:\/\/jornalfatosenoticias.com.br\/?s={search_term_string}\"},\"query-input\":{\"@type\":\"PropertyValueSpecification\",\"valueRequired\":true,\"valueName\":\"search_term_string\"}}],\"inLanguage\":\"pt-BR\"},{\"@type\":\"Organization\",\"@id\":\"https:\/\/jornalfatosenoticias.com.br\/#organization\",\"name\":\"Jornal Fatos e Not\u00edcias\",\"url\":\"https:\/\/jornalfatosenoticias.com.br\/\",\"logo\":{\"@type\":\"ImageObject\",\"inLanguage\":\"pt-BR\",\"@id\":\"https:\/\/jornalfatosenoticias.com.br\/#\/schema\/logo\/image\/\",\"url\":\"https:\/\/jornalfatosenoticias.com.br\/wp-content\/uploads\/2020\/02\/logo120.png\",\"contentUrl\":\"https:\/\/jornalfatosenoticias.com.br\/wp-content\/uploads\/2020\/02\/logo120.png\",\"width\":1227,\"height\":120,\"caption\":\"Jornal Fatos e Not\u00edcias\"},\"image\":{\"@id\":\"https:\/\/jornalfatosenoticias.com.br\/#\/schema\/logo\/image\/\"}},{\"@type\":\"Person\",\"@id\":\"https:\/\/jornalfatosenoticias.com.br\/#\/schema\/person\/d63837fa13ac8666eb9e74e0985d6f81\",\"name\":\"Luzimara Fernandes\",\"image\":{\"@type\":\"ImageObject\",\"inLanguage\":\"pt-BR\",\"@id\":\"https:\/\/jornalfatosenoticias.com.br\/#\/schema\/person\/image\/\",\"url\":\"https:\/\/jornalfatosenoticias.com.br\/wp-content\/uploads\/2025\/05\/EU_portal.jpg\",\"contentUrl\":\"https:\/\/jornalfatosenoticias.com.br\/wp-content\/uploads\/2025\/05\/EU_portal.jpg\",\"caption\":\"Luzimara Fernandes\"},\"description\":\"Jornalista MTB 2358-ES\",\"sameAs\":[\"https:\/\/jornalfatosenoticias.com.br\"],\"url\":\"https:\/\/jornalfatosenoticias.com.br\/index.php\/author\/luzimara\/\"}]}<\/script>\n<!-- \/ Yoast SEO plugin. -->","yoast_head_json":{"title":"Cinco op\u00e7\u00f5es para se hidratar para quem n\u00e3o gosta de beber \u00e1gua - Jornal Fatos e Not\u00edcias","robots":{"index":"index","follow":"follow","max-snippet":"max-snippet:-1","max-image-preview":"max-image-preview:large","max-video-preview":"max-video-preview:-1"},"canonical":"https:\/\/jornalfatosenoticias.com.br\/index.php\/2026\/01\/26\/cinco-opcoes-para-se-hidratar-para-quem-nao-gosta-de-beber-agua\/","og_locale":"pt_BR","og_type":"article","og_title":"Cinco op\u00e7\u00f5es para se hidratar para quem n\u00e3o gosta de beber \u00e1gua - Jornal Fatos e Not\u00edcias","og_description":"A hidrata\u00e7\u00e3o adequada impacta diretamente a fun\u00e7\u00e3o cerebral e cognitiva, melhorando a concentra\u00e7\u00e3o, a mem\u00f3ria e o humor A \u00e1gua \u00e9 o nutriente mais essencial para a manuten\u00e7\u00e3o da vida e est\u00e1 diretamente envolvida em quase todas as fun\u00e7\u00f5es vitais do corpo humano, que \u00e9 composto por aproximadamente 60% a 70% de \u00e1gua. A ingest\u00e3o [&hellip;]","og_url":"https:\/\/jornalfatosenoticias.com.br\/index.php\/2026\/01\/26\/cinco-opcoes-para-se-hidratar-para-quem-nao-gosta-de-beber-agua\/","og_site_name":"Jornal Fatos e Not\u00edcias","article_published_time":"2026-01-27T01:27:27+00:00","article_modified_time":"2026-01-27T01:27:29+00:00","og_image":[{"width":800,"height":533,"url":"https:\/\/jornalfatosenoticias.com.br\/wp-content\/uploads\/2026\/01\/ChatGPT-Image-26-de-jan.-de-2026-22_19_58.jpg","type":"image\/jpeg"}],"author":"Luzimara Fernandes","twitter_card":"summary_large_image","twitter_misc":{"Escrito por":"Luzimara Fernandes","Est. tempo de leitura":"6 minutos"},"schema":{"@context":"https:\/\/schema.org","@graph":[{"@type":"Article","@id":"https:\/\/jornalfatosenoticias.com.br\/index.php\/2026\/01\/26\/cinco-opcoes-para-se-hidratar-para-quem-nao-gosta-de-beber-agua\/#article","isPartOf":{"@id":"https:\/\/jornalfatosenoticias.com.br\/index.php\/2026\/01\/26\/cinco-opcoes-para-se-hidratar-para-quem-nao-gosta-de-beber-agua\/"},"author":{"name":"Luzimara Fernandes","@id":"https:\/\/jornalfatosenoticias.com.br\/#\/schema\/person\/d63837fa13ac8666eb9e74e0985d6f81"},"headline":"Cinco op\u00e7\u00f5es para se hidratar para quem n\u00e3o gosta de beber \u00e1gua","datePublished":"2026-01-27T01:27:27+00:00","dateModified":"2026-01-27T01:27:29+00:00","mainEntityOfPage":{"@id":"https:\/\/jornalfatosenoticias.com.br\/index.php\/2026\/01\/26\/cinco-opcoes-para-se-hidratar-para-quem-nao-gosta-de-beber-agua\/"},"wordCount":828,"commentCount":0,"publisher":{"@id":"https:\/\/jornalfatosenoticias.com.br\/#organization"},"image":{"@id":"https:\/\/jornalfatosenoticias.com.br\/index.php\/2026\/01\/26\/cinco-opcoes-para-se-hidratar-para-quem-nao-gosta-de-beber-agua\/#primaryimage"},"thumbnailUrl":"https:\/\/jornalfatosenoticias.com.br\/wp-content\/uploads\/2026\/01\/ChatGPT-Image-26-de-jan.-de-2026-22_19_58.jpg","keywords":["\u00e1gua","beber \u00e1gua","bebidas","desidrata\u00e7\u00e3o","hidrata\u00e7\u00e3o"],"articleSection":["Bem-estar"],"inLanguage":"pt-BR","potentialAction":[{"@type":"CommentAction","name":"Comment","target":["https:\/\/jornalfatosenoticias.com.br\/index.php\/2026\/01\/26\/cinco-opcoes-para-se-hidratar-para-quem-nao-gosta-de-beber-agua\/#respond"]}]},{"@type":"WebPage","@id":"https:\/\/jornalfatosenoticias.com.br\/index.php\/2026\/01\/26\/cinco-opcoes-para-se-hidratar-para-quem-nao-gosta-de-beber-agua\/","url":"https:\/\/jornalfatosenoticias.com.br\/index.php\/2026\/01\/26\/cinco-opcoes-para-se-hidratar-para-quem-nao-gosta-de-beber-agua\/","name":"Cinco op\u00e7\u00f5es para se hidratar para quem n\u00e3o gosta de beber \u00e1gua - Jornal Fatos e Not\u00edcias","isPartOf":{"@id":"https:\/\/jornalfatosenoticias.com.br\/#website"},"primaryImageOfPage":{"@id":"https:\/\/jornalfatosenoticias.com.br\/index.php\/2026\/01\/26\/cinco-opcoes-para-se-hidratar-para-quem-nao-gosta-de-beber-agua\/#primaryimage"},"image":{"@id":"https:\/\/jornalfatosenoticias.com.br\/index.php\/2026\/01\/26\/cinco-opcoes-para-se-hidratar-para-quem-nao-gosta-de-beber-agua\/#primaryimage"},"thumbnailUrl":"https:\/\/jornalfatosenoticias.com.br\/wp-content\/uploads\/2026\/01\/ChatGPT-Image-26-de-jan.-de-2026-22_19_58.jpg","datePublished":"2026-01-27T01:27:27+00:00","dateModified":"2026-01-27T01:27:29+00:00","breadcrumb":{"@id":"https:\/\/jornalfatosenoticias.com.br\/index.php\/2026\/01\/26\/cinco-opcoes-para-se-hidratar-para-quem-nao-gosta-de-beber-agua\/#breadcrumb"},"inLanguage":"pt-BR","potentialAction":[{"@type":"ReadAction","target":["https:\/\/jornalfatosenoticias.com.br\/index.php\/2026\/01\/26\/cinco-opcoes-para-se-hidratar-para-quem-nao-gosta-de-beber-agua\/"]}]},{"@type":"ImageObject","inLanguage":"pt-BR","@id":"https:\/\/jornalfatosenoticias.com.br\/index.php\/2026\/01\/26\/cinco-opcoes-para-se-hidratar-para-quem-nao-gosta-de-beber-agua\/#primaryimage","url":"https:\/\/jornalfatosenoticias.com.br\/wp-content\/uploads\/2026\/01\/ChatGPT-Image-26-de-jan.-de-2026-22_19_58.jpg","contentUrl":"https:\/\/jornalfatosenoticias.com.br\/wp-content\/uploads\/2026\/01\/ChatGPT-Image-26-de-jan.-de-2026-22_19_58.jpg","width":800,"height":533},{"@type":"BreadcrumbList","@id":"https:\/\/jornalfatosenoticias.com.br\/index.php\/2026\/01\/26\/cinco-opcoes-para-se-hidratar-para-quem-nao-gosta-de-beber-agua\/#breadcrumb","itemListElement":[{"@type":"ListItem","position":1,"name":"In\u00edcio","item":"https:\/\/jornalfatosenoticias.com.br\/"},{"@type":"ListItem","position":2,"name":"Cinco op\u00e7\u00f5es para se hidratar para quem n\u00e3o gosta de beber \u00e1gua"}]},{"@type":"WebSite","@id":"https:\/\/jornalfatosenoticias.com.br\/#website","url":"https:\/\/jornalfatosenoticias.com.br\/","name":"Jornal Fatos e Not\u00edcias","description":"Not\u00edcias em geral","publisher":{"@id":"https:\/\/jornalfatosenoticias.com.br\/#organization"},"potentialAction":[{"@type":"SearchAction","target":{"@type":"EntryPoint","urlTemplate":"https:\/\/jornalfatosenoticias.com.br\/?s={search_term_string}"},"query-input":{"@type":"PropertyValueSpecification","valueRequired":true,"valueName":"search_term_string"}}],"inLanguage":"pt-BR"},{"@type":"Organization","@id":"https:\/\/jornalfatosenoticias.com.br\/#organization","name":"Jornal Fatos e Not\u00edcias","url":"https:\/\/jornalfatosenoticias.com.br\/","logo":{"@type":"ImageObject","inLanguage":"pt-BR","@id":"https:\/\/jornalfatosenoticias.com.br\/#\/schema\/logo\/image\/","url":"https:\/\/jornalfatosenoticias.com.br\/wp-content\/uploads\/2020\/02\/logo120.png","contentUrl":"https:\/\/jornalfatosenoticias.com.br\/wp-content\/uploads\/2020\/02\/logo120.png","width":1227,"height":120,"caption":"Jornal Fatos e Not\u00edcias"},"image":{"@id":"https:\/\/jornalfatosenoticias.com.br\/#\/schema\/logo\/image\/"}},{"@type":"Person","@id":"https:\/\/jornalfatosenoticias.com.br\/#\/schema\/person\/d63837fa13ac8666eb9e74e0985d6f81","name":"Luzimara Fernandes","image":{"@type":"ImageObject","inLanguage":"pt-BR","@id":"https:\/\/jornalfatosenoticias.com.br\/#\/schema\/person\/image\/","url":"https:\/\/jornalfatosenoticias.com.br\/wp-content\/uploads\/2025\/05\/EU_portal.jpg","contentUrl":"https:\/\/jornalfatosenoticias.com.br\/wp-content\/uploads\/2025\/05\/EU_portal.jpg","caption":"Luzimara Fernandes"},"description":"Jornalista MTB 2358-ES","sameAs":["https:\/\/jornalfatosenoticias.com.br"],"url":"https:\/\/jornalfatosenoticias.com.br\/index.php\/author\/luzimara\/"}]}},"cc_featured_image_caption":{"caption_text":"","source_text":"","source_url":""},"jetpack_featured_media_url":"https:\/\/jornalfatosenoticias.com.br\/wp-content\/uploads\/2026\/01\/ChatGPT-Image-26-de-jan.-de-2026-22_19_58.jpg","_links":{"self":[{"href":"https:\/\/jornalfatosenoticias.com.br\/index.php\/wp-json\/wp\/v2\/posts\/64697","targetHints":{"allow":["GET"]}}],"collection":[{"href":"https:\/\/jornalfatosenoticias.com.br\/index.php\/wp-json\/wp\/v2\/posts"}],"about":[{"href":"https:\/\/jornalfatosenoticias.com.br\/index.php\/wp-json\/wp\/v2\/types\/post"}],"author":[{"embeddable":true,"href":"https:\/\/jornalfatosenoticias.com.br\/index.php\/wp-json\/wp\/v2\/users\/2"}],"replies":[{"embeddable":true,"href":"https:\/\/jornalfatosenoticias.com.br\/index.php\/wp-json\/wp\/v2\/comments?post=64697"}],"version-history":[{"count":1,"href":"https:\/\/jornalfatosenoticias.com.br\/index.php\/wp-json\/wp\/v2\/posts\/64697\/revisions"}],"predecessor-version":[{"id":64699,"href":"https:\/\/jornalfatosenoticias.com.br\/index.php\/wp-json\/wp\/v2\/posts\/64697\/revisions\/64699"}],"wp:featuredmedia":[{"embeddable":true,"href":"https:\/\/jornalfatosenoticias.com.br\/index.php\/wp-json\/wp\/v2\/media\/64698"}],"wp:attachment":[{"href":"https:\/\/jornalfatosenoticias.com.br\/index.php\/wp-json\/wp\/v2\/media?parent=64697"}],"wp:term":[{"taxonomy":"category","embeddable":true,"href":"https:\/\/jornalfatosenoticias.com.br\/index.php\/wp-json\/wp\/v2\/categories?post=64697"},{"taxonomy":"post_tag","embeddable":true,"href":"https:\/\/jornalfatosenoticias.com.br\/index.php\/wp-json\/wp\/v2\/tags?post=64697"}],"curies":[{"name":"wp","href":"https:\/\/api.w.org\/{rel}","templated":true}]}}