{"id":64700,"date":"2026-01-26T22:41:21","date_gmt":"2026-01-27T01:41:21","guid":{"rendered":"https:\/\/jornalfatosenoticias.com.br\/?p=64700"},"modified":"2026-01-26T22:41:22","modified_gmt":"2026-01-27T01:41:22","slug":"lula-teria-se-reunido-fora-da-agenda-com-mantega-galipolo-e-vorcaro-em-2024","status":"publish","type":"post","link":"https:\/\/jornalfatosenoticias.com.br\/index.php\/2026\/01\/26\/lula-teria-se-reunido-fora-da-agenda-com-mantega-galipolo-e-vorcaro-em-2024\/","title":{"rendered":"Lula teria se reunido fora da agenda com Mantega, Gal\u00edpolo e Vorcaro em 2024"},"content":{"rendered":"\n<p><mark style=\"background-color:rgba(0, 0, 0, 0)\" class=\"has-inline-color has-black-color\">Por <\/mark><a href=\"https:\/\/www.gazetadopovo.com.br\/autor\/hermano-freitas\/\"><strong>Hermano Freitas<\/strong><\/a><\/p>\n\n\n<div class=\"wp-block-image\">\n<figure class=\"aligncenter size-large\"><a href=\"https:\/\/mizu.com.br\/\"><img loading=\"lazy\" decoding=\"async\" width=\"1024\" height=\"99\" src=\"https:\/\/jornalfatosenoticias.com.br\/wp-content\/uploads\/2020\/02\/Logo-Mizu-segunda-2-1024x99.png\" alt=\"\" class=\"wp-image-2353\" srcset=\"https:\/\/jornalfatosenoticias.com.br\/wp-content\/uploads\/2020\/02\/Logo-Mizu-segunda-2-1024x99.png 1024w, https:\/\/jornalfatosenoticias.com.br\/wp-content\/uploads\/2020\/02\/Logo-Mizu-segunda-2-300x29.png 300w, https:\/\/jornalfatosenoticias.com.br\/wp-content\/uploads\/2020\/02\/Logo-Mizu-segunda-2-768x74.png 768w, https:\/\/jornalfatosenoticias.com.br\/wp-content\/uploads\/2020\/02\/Logo-Mizu-segunda-2.png 1240w\" sizes=\"auto, (max-width: 1024px) 100vw, 1024px\" \/><\/a><\/figure>\n<\/div>\n\n\n<p>Luiz In\u00e1cio Lula da Silva manteve uma reuni\u00e3o com o banqueiro <a href=\"https:\/\/www.gazetadopovo.com.br\/economia\/quem-e-daniel-vorcaro-dono-do-banco-master-preso-pela-pf\/\">Daniel Vorcaro<\/a> fora da agenda oficial da Presid\u00eancia da Rep\u00fablica. O encontro teria ocorrido em dezembro de 2024 e foi noticiado primeiro pelo portal <em>Metr\u00f3poles<\/em> e depois confirmado por <em>CNN, Valor, UOL, Folha<\/em> e a r\u00e1dio <em>Band News<\/em>, sem ter sido negado pelos envolvidos. Na reuni\u00e3o, da qual teriam participado tamb\u00e9m o atual presidente do Banco Central (BC), Gabriel Gal\u00edpolo, e o ex-ministro da Fazenda Guido Mantega, o banqueiro se queixou da concentra\u00e7\u00e3o do mercado banc\u00e1rio brasileiro e de suas consequ\u00eancias negativas para o Banco Master. Lula teria respondido que a quest\u00e3o era um problema t\u00e9cnico de regula\u00e7\u00e3o que caberia ao BC.<br>O encontro n\u00e3o foi o primeiro e nem o \u00fanico de Vorcaro no Pal\u00e1cio do Planalto. Segundo a <em>Folha de S.Paulo<\/em>, em ao menos tr\u00eas oportunidades o banqueiro foi recebido e isso mostra a dimens\u00e3o do acesso que Vorcaro tinha ao c\u00edrculo mais alto do poder em Bras\u00edlia. Na semana passada, Lula disse que<a href=\"https:\/\/www.gazetadopovo.com.br\/republica\/lula-diz-que-falta-vergonha-na-cara-a-quem-defende-o-cidadao-do-banco-master\/\">\u201cfalta vergonha na cara\u201d a quem defende o \u201csujeito do Master\u201d<\/a>. Aliados t\u00eam visto nisso um recado velado ao ministro Dias Toffoli, que relata o caso no Supremo e tem mantido sigilo das investiga\u00e7\u00f5es. Procurada, a presid\u00eancia da Rep\u00fablica n\u00e3o respondeu ao nosso contato.<\/p>\n\n\n<div class=\"wp-block-image\">\n<figure class=\"aligncenter size-large is-resized\"><a href=\"https:\/\/www.facebook.com\/profile.php?id=100069289606145\"><img loading=\"lazy\" decoding=\"async\" width=\"1024\" height=\"714\" src=\"https:\/\/jornalfatosenoticias.com.br\/wp-content\/uploads\/2024\/11\/Guaitolini-Contabilidade-1024x714.jpeg\" alt=\"\" class=\"wp-image-55808\" style=\"aspect-ratio:1.4341815811629233;width:380px;height:auto\" srcset=\"https:\/\/jornalfatosenoticias.com.br\/wp-content\/uploads\/2024\/11\/Guaitolini-Contabilidade-1024x714.jpeg 1024w, https:\/\/jornalfatosenoticias.com.br\/wp-content\/uploads\/2024\/11\/Guaitolini-Contabilidade-300x209.jpeg 300w, https:\/\/jornalfatosenoticias.com.br\/wp-content\/uploads\/2024\/11\/Guaitolini-Contabilidade-768x535.jpeg 768w, https:\/\/jornalfatosenoticias.com.br\/wp-content\/uploads\/2024\/11\/Guaitolini-Contabilidade.jpeg 1280w\" sizes=\"auto, (max-width: 1024px) 100vw, 1024px\" \/><\/a><\/figure>\n<\/div>\n\n\n<p><strong><mark style=\"background-color:rgba(0, 0, 0, 0)\" class=\"has-inline-color has-black-color\">Influ\u00eancias<br><\/mark><\/strong>Vorcaro foi o principal alvo da opera\u00e7\u00e3o Compliance Zero, da Pol\u00edcia Federal, que chegou a prend\u00ea-lo por alguns dias no final do ano passado. O ministro Dias Toffoli levou o caso para o Supremo Tribunal Federal (STF) e <a href=\"https:\/\/www.gazetadopovo.com.br\/vida-e-cidadania\/viagem-sigilo-e-criticas-a-polemica-decisao-de-toffoli-sobre-o-banco-master\/\">determinou o sigilo das investiga\u00e7\u00f5es<\/a>. Entre as medidas, Toffoli determinou que a PF enviasse ao STF as provas lacradas. A poss\u00edvel infiltra\u00e7\u00e3o dos interesses de grandes empres\u00e1rios do setor financeiro na Corte ficou evidente ap\u00f3s a publica\u00e7\u00e3o de uma\u00a0<a href=\"https:\/\/www.gazetadopovo.com.br\/economia\/video-mostra-toffoli-recebendo-banqueiro-do-btg-e-empresario-que-o-levou-ao-peru\/\">s\u00e9rie de den\u00fancias<\/a> envolvendo Toffoli.<br>Em seu <a href=\"https:\/\/www.gazetadopovo.com.br\/economia\/o-que-se-sabe-sobre-o-depoimento-de-vorcaro-a-pf-vazado-nesta-sexta\/\">depoimento \u00e0 PF<\/a>, o banqueiro Vorcaro mencionou, entre os nomes de pol\u00edticos que encontrou, apenas o do governador do Distrito Federal (DF), Ibaneis Rocha (MDB), sem qualquer men\u00e7\u00e3o ao presidente Lula. Representantes do banqueiro foram procurados para comentar, mas ainda n\u00e3o se posicionaram. O espa\u00e7o segue aberto para qualquer manifesta\u00e7\u00e3o.<\/p>\n\n\n<div class=\"wp-block-image\">\n<figure class=\"aligncenter size-full is-resized\"><a href=\"https:\/\/panper.com.br\/\"><img loading=\"lazy\" decoding=\"async\" width=\"400\" height=\"277\" src=\"https:\/\/jornalfatosenoticias.com.br\/wp-content\/uploads\/2023\/03\/logo-Panper_portal.jpg\" alt=\"\" class=\"wp-image-40208\" style=\"aspect-ratio:1.4441247814068934;width:377px;height:auto\" srcset=\"https:\/\/jornalfatosenoticias.com.br\/wp-content\/uploads\/2023\/03\/logo-Panper_portal.jpg 400w, https:\/\/jornalfatosenoticias.com.br\/wp-content\/uploads\/2023\/03\/logo-Panper_portal-300x208.jpg 300w\" sizes=\"auto, (max-width: 400px) 100vw, 400px\" \/><\/a><\/figure>\n<\/div>\n\n\n<p><strong><mark style=\"background-color:rgba(0, 0, 0, 0)\" class=\"has-inline-color has-black-color\">Nova fase das investiga\u00e7\u00f5es<br><\/mark><\/strong>A Pol\u00edcia Federal deflagrou no dia 14 de janeiro uma nova fase da Opera\u00e7\u00e3o Compliance Zero para <a href=\"https:\/\/www.gazetadopovo.com.br\/economia\/novos-ilicitos-vorcaro-segunda-fase-operacao-contra-master\/\" target=\"_blank\" rel=\"noreferrer noopener\">aprofundar as apura\u00e7\u00f5es sobre fraudes financeiras ligadas ao banco<\/a> Master. De acordo com as autoridades, o grupo explorou de forma sistem\u00e1tica \u201cvulnerabilidades do mercado de capitais\u201d para executar as opera\u00e7\u00f5es suspeitas.<br>A apura\u00e7\u00e3o identificou opera\u00e7\u00f5es com ativos sem liquidez, pre\u00e7os artificialmente inflados, uso de laranjas e transa\u00e7\u00f5es entre partes relacionadas com v\u00ednculos societ\u00e1rios ou familiares. Em depoimento \u00e0 Pol\u00edcia Federal que teve trechos vazados na \u00faltima semana, <a href=\"https:\/\/www.gazetadopovo.com.br\/economia\/o-que-se-sabe-sobre-o-depoimento-de-vorcaro-a-pf-vazado-nesta-sexta\/\" target=\"_blank\" rel=\"noreferrer noopener\">Daniel Vorcaro reconheceu que o Banco Master enfrentava crises constantes de liquidez<\/a> e utilizava o Fundo Garantidor de Cr\u00e9dito (FGC) como sua pr\u00f3pria estrat\u00e9gia de neg\u00f3cios. Os investigadores apontam que o grupo, formado por Vorcaro, parentes e pessoas ligadas ao Banco Master, pode ter cometido crimes como organiza\u00e7\u00e3o criminosa, gest\u00e3o fraudulenta, indu\u00e7\u00e3o de investidores ao erro, uso de informa\u00e7\u00e3o privilegiada, manipula\u00e7\u00e3o de mercado e lavagem de dinheiro.<\/p>\n\n\n<div class=\"wp-block-image\">\n<figure class=\"aligncenter size-full is-resized\"><a href=\"https:\/\/www.instagram.com\/kalynecalais\/\"><img loading=\"lazy\" decoding=\"async\" width=\"969\" height=\"406\" src=\"https:\/\/jornalfatosenoticias.com.br\/wp-content\/uploads\/2024\/09\/Legis-Juris-Consultoria_logo.jpg\" alt=\"\" class=\"wp-image-53915\" style=\"aspect-ratio:2.3868022598870056;width:606px;height:auto\" srcset=\"https:\/\/jornalfatosenoticias.com.br\/wp-content\/uploads\/2024\/09\/Legis-Juris-Consultoria_logo.jpg 969w, https:\/\/jornalfatosenoticias.com.br\/wp-content\/uploads\/2024\/09\/Legis-Juris-Consultoria_logo-300x126.jpg 300w, https:\/\/jornalfatosenoticias.com.br\/wp-content\/uploads\/2024\/09\/Legis-Juris-Consultoria_logo-768x322.jpg 768w\" sizes=\"auto, (max-width: 969px) 100vw, 969px\" \/><\/a><\/figure>\n<\/div>\n\n\n<p><strong><mark style=\"background-color:rgba(0, 0, 0, 0)\" class=\"has-inline-color has-black-color\">(Foto: Ricardo Stuckert\/PR)<\/mark><\/strong><\/p>\n\n\n\n<p><strong>Fonte: <a href=\"https:\/\/www.gazetadopovo.com.br\/republica\/lula-teria-se-reunido-fora-da-agenda-com-mantega-galipolo-e-vorcaro-em-2024\/\">Gazeta do Povo<\/a><\/strong><\/p>\n","protected":false},"excerpt":{"rendered":"<p>Por Hermano Freitas Luiz In\u00e1cio Lula da Silva manteve uma reuni\u00e3o com o banqueiro Daniel Vorcaro fora da agenda oficial da Presid\u00eancia da Rep\u00fablica. O encontro teria ocorrido em dezembro de 2024 e foi noticiado primeiro pelo portal Metr\u00f3poles e depois confirmado por CNN, Valor, UOL, Folha e a r\u00e1dio Band News, sem ter sido [&hellip;]<\/p>\n","protected":false},"author":2,"featured_media":64701,"comment_status":"open","ping_status":"open","sticky":false,"template":"","format":"standard","meta":{"footnotes":""},"categories":[10],"tags":[489,26594,1906,20259,29430,29429,13970,7580,29432,9450,2146,29431],"class_list":["post-64700","post","type-post","status-publish","format-standard","has-post-thumbnail","hentry","category-politica","tag-banco-central","tag-banco-master","tag-distrito-federal","tag-gabriel-galipolo","tag-gestao-fraudulenta","tag-inducao-de-investidores-ao-erro","tag-lavagem-de-dinheiro","tag-lula","tag-manipulacao-de-mercado","tag-organizacao-criminosa","tag-policia-federal","tag-uso-de-informacao-privilegiada"],"yoast_head":"<!-- This site is optimized with the Yoast SEO plugin v26.5 - https:\/\/yoast.com\/wordpress\/plugins\/seo\/ -->\n<title>Lula teria se reunido fora da agenda com Mantega, Gal\u00edpolo e Vorcaro em 2024 - Jornal Fatos e Not\u00edcias<\/title>\n<meta name=\"robots\" content=\"index, follow, max-snippet:-1, max-image-preview:large, max-video-preview:-1\" \/>\n<link rel=\"canonical\" href=\"https:\/\/jornalfatosenoticias.com.br\/index.php\/2026\/01\/26\/lula-teria-se-reunido-fora-da-agenda-com-mantega-galipolo-e-vorcaro-em-2024\/\" \/>\n<meta property=\"og:locale\" content=\"pt_BR\" \/>\n<meta property=\"og:type\" content=\"article\" \/>\n<meta property=\"og:title\" content=\"Lula teria se reunido fora da agenda com Mantega, Gal\u00edpolo e Vorcaro em 2024 - Jornal Fatos e Not\u00edcias\" \/>\n<meta property=\"og:description\" content=\"Por Hermano Freitas Luiz In\u00e1cio Lula da Silva manteve uma reuni\u00e3o com o banqueiro Daniel Vorcaro fora da agenda oficial da Presid\u00eancia da Rep\u00fablica. O encontro teria ocorrido em dezembro de 2024 e foi noticiado primeiro pelo portal Metr\u00f3poles e depois confirmado por CNN, Valor, UOL, Folha e a r\u00e1dio Band News, sem ter sido [&hellip;]\" \/>\n<meta property=\"og:url\" content=\"https:\/\/jornalfatosenoticias.com.br\/index.php\/2026\/01\/26\/lula-teria-se-reunido-fora-da-agenda-com-mantega-galipolo-e-vorcaro-em-2024\/\" \/>\n<meta property=\"og:site_name\" content=\"Jornal Fatos e Not\u00edcias\" \/>\n<meta property=\"article:published_time\" content=\"2026-01-27T01:41:21+00:00\" \/>\n<meta property=\"article:modified_time\" content=\"2026-01-27T01:41:22+00:00\" \/>\n<meta property=\"og:image\" content=\"https:\/\/jornalfatosenoticias.com.br\/wp-content\/uploads\/2026\/01\/lula-banco-master.jpg\" \/>\n\t<meta property=\"og:image:width\" content=\"1000\" \/>\n\t<meta property=\"og:image:height\" content=\"644\" \/>\n\t<meta property=\"og:image:type\" content=\"image\/jpeg\" \/>\n<meta name=\"author\" content=\"Luzimara Fernandes\" \/>\n<meta name=\"twitter:card\" content=\"summary_large_image\" \/>\n<meta name=\"twitter:label1\" content=\"Escrito por\" \/>\n\t<meta name=\"twitter:data1\" content=\"Luzimara Fernandes\" \/>\n\t<meta name=\"twitter:label2\" content=\"Est. tempo de leitura\" \/>\n\t<meta name=\"twitter:data2\" content=\"4 minutos\" \/>\n<script type=\"application\/ld+json\" class=\"yoast-schema-graph\">{\"@context\":\"https:\/\/schema.org\",\"@graph\":[{\"@type\":\"Article\",\"@id\":\"https:\/\/jornalfatosenoticias.com.br\/index.php\/2026\/01\/26\/lula-teria-se-reunido-fora-da-agenda-com-mantega-galipolo-e-vorcaro-em-2024\/#article\",\"isPartOf\":{\"@id\":\"https:\/\/jornalfatosenoticias.com.br\/index.php\/2026\/01\/26\/lula-teria-se-reunido-fora-da-agenda-com-mantega-galipolo-e-vorcaro-em-2024\/\"},\"author\":{\"name\":\"Luzimara Fernandes\",\"@id\":\"https:\/\/jornalfatosenoticias.com.br\/#\/schema\/person\/d63837fa13ac8666eb9e74e0985d6f81\"},\"headline\":\"Lula teria se reunido fora da agenda com Mantega, Gal\u00edpolo e Vorcaro em 2024\",\"datePublished\":\"2026-01-27T01:41:21+00:00\",\"dateModified\":\"2026-01-27T01:41:22+00:00\",\"mainEntityOfPage\":{\"@id\":\"https:\/\/jornalfatosenoticias.com.br\/index.php\/2026\/01\/26\/lula-teria-se-reunido-fora-da-agenda-com-mantega-galipolo-e-vorcaro-em-2024\/\"},\"wordCount\":588,\"commentCount\":0,\"publisher\":{\"@id\":\"https:\/\/jornalfatosenoticias.com.br\/#organization\"},\"image\":{\"@id\":\"https:\/\/jornalfatosenoticias.com.br\/index.php\/2026\/01\/26\/lula-teria-se-reunido-fora-da-agenda-com-mantega-galipolo-e-vorcaro-em-2024\/#primaryimage\"},\"thumbnailUrl\":\"https:\/\/jornalfatosenoticias.com.br\/wp-content\/uploads\/2026\/01\/lula-banco-master.jpg\",\"keywords\":[\"Banco Central\",\"Banco Master\",\"Distrito Federal\",\"Gabriel Gal\u00edpolo\",\"gest\u00e3o fraudulenta\",\"indu\u00e7\u00e3o de investidores ao erro\",\"lavagem de dinheiro\",\"Lula\",\"manipula\u00e7\u00e3o de mercado\",\"organiza\u00e7\u00e3o criminosa\",\"Pol\u00edcia Federal\",\"uso de informa\u00e7\u00e3o privilegiada\"],\"articleSection\":[\"Pol\u00edtica\"],\"inLanguage\":\"pt-BR\",\"potentialAction\":[{\"@type\":\"CommentAction\",\"name\":\"Comment\",\"target\":[\"https:\/\/jornalfatosenoticias.com.br\/index.php\/2026\/01\/26\/lula-teria-se-reunido-fora-da-agenda-com-mantega-galipolo-e-vorcaro-em-2024\/#respond\"]}]},{\"@type\":\"WebPage\",\"@id\":\"https:\/\/jornalfatosenoticias.com.br\/index.php\/2026\/01\/26\/lula-teria-se-reunido-fora-da-agenda-com-mantega-galipolo-e-vorcaro-em-2024\/\",\"url\":\"https:\/\/jornalfatosenoticias.com.br\/index.php\/2026\/01\/26\/lula-teria-se-reunido-fora-da-agenda-com-mantega-galipolo-e-vorcaro-em-2024\/\",\"name\":\"Lula teria se reunido fora da agenda com Mantega, Gal\u00edpolo e Vorcaro em 2024 - Jornal Fatos e Not\u00edcias\",\"isPartOf\":{\"@id\":\"https:\/\/jornalfatosenoticias.com.br\/#website\"},\"primaryImageOfPage\":{\"@id\":\"https:\/\/jornalfatosenoticias.com.br\/index.php\/2026\/01\/26\/lula-teria-se-reunido-fora-da-agenda-com-mantega-galipolo-e-vorcaro-em-2024\/#primaryimage\"},\"image\":{\"@id\":\"https:\/\/jornalfatosenoticias.com.br\/index.php\/2026\/01\/26\/lula-teria-se-reunido-fora-da-agenda-com-mantega-galipolo-e-vorcaro-em-2024\/#primaryimage\"},\"thumbnailUrl\":\"https:\/\/jornalfatosenoticias.com.br\/wp-content\/uploads\/2026\/01\/lula-banco-master.jpg\",\"datePublished\":\"2026-01-27T01:41:21+00:00\",\"dateModified\":\"2026-01-27T01:41:22+00:00\",\"breadcrumb\":{\"@id\":\"https:\/\/jornalfatosenoticias.com.br\/index.php\/2026\/01\/26\/lula-teria-se-reunido-fora-da-agenda-com-mantega-galipolo-e-vorcaro-em-2024\/#breadcrumb\"},\"inLanguage\":\"pt-BR\",\"potentialAction\":[{\"@type\":\"ReadAction\",\"target\":[\"https:\/\/jornalfatosenoticias.com.br\/index.php\/2026\/01\/26\/lula-teria-se-reunido-fora-da-agenda-com-mantega-galipolo-e-vorcaro-em-2024\/\"]}]},{\"@type\":\"ImageObject\",\"inLanguage\":\"pt-BR\",\"@id\":\"https:\/\/jornalfatosenoticias.com.br\/index.php\/2026\/01\/26\/lula-teria-se-reunido-fora-da-agenda-com-mantega-galipolo-e-vorcaro-em-2024\/#primaryimage\",\"url\":\"https:\/\/jornalfatosenoticias.com.br\/wp-content\/uploads\/2026\/01\/lula-banco-master.jpg\",\"contentUrl\":\"https:\/\/jornalfatosenoticias.com.br\/wp-content\/uploads\/2026\/01\/lula-banco-master.jpg\",\"width\":1000,\"height\":644},{\"@type\":\"BreadcrumbList\",\"@id\":\"https:\/\/jornalfatosenoticias.com.br\/index.php\/2026\/01\/26\/lula-teria-se-reunido-fora-da-agenda-com-mantega-galipolo-e-vorcaro-em-2024\/#breadcrumb\",\"itemListElement\":[{\"@type\":\"ListItem\",\"position\":1,\"name\":\"In\u00edcio\",\"item\":\"https:\/\/jornalfatosenoticias.com.br\/\"},{\"@type\":\"ListItem\",\"position\":2,\"name\":\"Lula teria se reunido fora da agenda com Mantega, Gal\u00edpolo e Vorcaro em 2024\"}]},{\"@type\":\"WebSite\",\"@id\":\"https:\/\/jornalfatosenoticias.com.br\/#website\",\"url\":\"https:\/\/jornalfatosenoticias.com.br\/\",\"name\":\"Jornal Fatos e Not\u00edcias\",\"description\":\"Not\u00edcias em geral\",\"publisher\":{\"@id\":\"https:\/\/jornalfatosenoticias.com.br\/#organization\"},\"potentialAction\":[{\"@type\":\"SearchAction\",\"target\":{\"@type\":\"EntryPoint\",\"urlTemplate\":\"https:\/\/jornalfatosenoticias.com.br\/?s={search_term_string}\"},\"query-input\":{\"@type\":\"PropertyValueSpecification\",\"valueRequired\":true,\"valueName\":\"search_term_string\"}}],\"inLanguage\":\"pt-BR\"},{\"@type\":\"Organization\",\"@id\":\"https:\/\/jornalfatosenoticias.com.br\/#organization\",\"name\":\"Jornal Fatos e Not\u00edcias\",\"url\":\"https:\/\/jornalfatosenoticias.com.br\/\",\"logo\":{\"@type\":\"ImageObject\",\"inLanguage\":\"pt-BR\",\"@id\":\"https:\/\/jornalfatosenoticias.com.br\/#\/schema\/logo\/image\/\",\"url\":\"https:\/\/jornalfatosenoticias.com.br\/wp-content\/uploads\/2020\/02\/logo120.png\",\"contentUrl\":\"https:\/\/jornalfatosenoticias.com.br\/wp-content\/uploads\/2020\/02\/logo120.png\",\"width\":1227,\"height\":120,\"caption\":\"Jornal Fatos e Not\u00edcias\"},\"image\":{\"@id\":\"https:\/\/jornalfatosenoticias.com.br\/#\/schema\/logo\/image\/\"}},{\"@type\":\"Person\",\"@id\":\"https:\/\/jornalfatosenoticias.com.br\/#\/schema\/person\/d63837fa13ac8666eb9e74e0985d6f81\",\"name\":\"Luzimara Fernandes\",\"image\":{\"@type\":\"ImageObject\",\"inLanguage\":\"pt-BR\",\"@id\":\"https:\/\/jornalfatosenoticias.com.br\/#\/schema\/person\/image\/\",\"url\":\"https:\/\/jornalfatosenoticias.com.br\/wp-content\/uploads\/2025\/05\/EU_portal.jpg\",\"contentUrl\":\"https:\/\/jornalfatosenoticias.com.br\/wp-content\/uploads\/2025\/05\/EU_portal.jpg\",\"caption\":\"Luzimara Fernandes\"},\"description\":\"Jornalista MTB 2358-ES\",\"sameAs\":[\"https:\/\/jornalfatosenoticias.com.br\"],\"url\":\"https:\/\/jornalfatosenoticias.com.br\/index.php\/author\/luzimara\/\"}]}<\/script>\n<!-- \/ Yoast SEO plugin. -->","yoast_head_json":{"title":"Lula teria se reunido fora da agenda com Mantega, Gal\u00edpolo e Vorcaro em 2024 - Jornal Fatos e Not\u00edcias","robots":{"index":"index","follow":"follow","max-snippet":"max-snippet:-1","max-image-preview":"max-image-preview:large","max-video-preview":"max-video-preview:-1"},"canonical":"https:\/\/jornalfatosenoticias.com.br\/index.php\/2026\/01\/26\/lula-teria-se-reunido-fora-da-agenda-com-mantega-galipolo-e-vorcaro-em-2024\/","og_locale":"pt_BR","og_type":"article","og_title":"Lula teria se reunido fora da agenda com Mantega, Gal\u00edpolo e Vorcaro em 2024 - Jornal Fatos e Not\u00edcias","og_description":"Por Hermano Freitas Luiz In\u00e1cio Lula da Silva manteve uma reuni\u00e3o com o banqueiro Daniel Vorcaro fora da agenda oficial da Presid\u00eancia da Rep\u00fablica. O encontro teria ocorrido em dezembro de 2024 e foi noticiado primeiro pelo portal Metr\u00f3poles e depois confirmado por CNN, Valor, UOL, Folha e a r\u00e1dio Band News, sem ter sido [&hellip;]","og_url":"https:\/\/jornalfatosenoticias.com.br\/index.php\/2026\/01\/26\/lula-teria-se-reunido-fora-da-agenda-com-mantega-galipolo-e-vorcaro-em-2024\/","og_site_name":"Jornal Fatos e Not\u00edcias","article_published_time":"2026-01-27T01:41:21+00:00","article_modified_time":"2026-01-27T01:41:22+00:00","og_image":[{"width":1000,"height":644,"url":"https:\/\/jornalfatosenoticias.com.br\/wp-content\/uploads\/2026\/01\/lula-banco-master.jpg","type":"image\/jpeg"}],"author":"Luzimara Fernandes","twitter_card":"summary_large_image","twitter_misc":{"Escrito por":"Luzimara Fernandes","Est. tempo de leitura":"4 minutos"},"schema":{"@context":"https:\/\/schema.org","@graph":[{"@type":"Article","@id":"https:\/\/jornalfatosenoticias.com.br\/index.php\/2026\/01\/26\/lula-teria-se-reunido-fora-da-agenda-com-mantega-galipolo-e-vorcaro-em-2024\/#article","isPartOf":{"@id":"https:\/\/jornalfatosenoticias.com.br\/index.php\/2026\/01\/26\/lula-teria-se-reunido-fora-da-agenda-com-mantega-galipolo-e-vorcaro-em-2024\/"},"author":{"name":"Luzimara Fernandes","@id":"https:\/\/jornalfatosenoticias.com.br\/#\/schema\/person\/d63837fa13ac8666eb9e74e0985d6f81"},"headline":"Lula teria se reunido fora da agenda com Mantega, Gal\u00edpolo e Vorcaro em 2024","datePublished":"2026-01-27T01:41:21+00:00","dateModified":"2026-01-27T01:41:22+00:00","mainEntityOfPage":{"@id":"https:\/\/jornalfatosenoticias.com.br\/index.php\/2026\/01\/26\/lula-teria-se-reunido-fora-da-agenda-com-mantega-galipolo-e-vorcaro-em-2024\/"},"wordCount":588,"commentCount":0,"publisher":{"@id":"https:\/\/jornalfatosenoticias.com.br\/#organization"},"image":{"@id":"https:\/\/jornalfatosenoticias.com.br\/index.php\/2026\/01\/26\/lula-teria-se-reunido-fora-da-agenda-com-mantega-galipolo-e-vorcaro-em-2024\/#primaryimage"},"thumbnailUrl":"https:\/\/jornalfatosenoticias.com.br\/wp-content\/uploads\/2026\/01\/lula-banco-master.jpg","keywords":["Banco Central","Banco Master","Distrito Federal","Gabriel Gal\u00edpolo","gest\u00e3o fraudulenta","indu\u00e7\u00e3o de investidores ao erro","lavagem de dinheiro","Lula","manipula\u00e7\u00e3o de mercado","organiza\u00e7\u00e3o criminosa","Pol\u00edcia Federal","uso de informa\u00e7\u00e3o privilegiada"],"articleSection":["Pol\u00edtica"],"inLanguage":"pt-BR","potentialAction":[{"@type":"CommentAction","name":"Comment","target":["https:\/\/jornalfatosenoticias.com.br\/index.php\/2026\/01\/26\/lula-teria-se-reunido-fora-da-agenda-com-mantega-galipolo-e-vorcaro-em-2024\/#respond"]}]},{"@type":"WebPage","@id":"https:\/\/jornalfatosenoticias.com.br\/index.php\/2026\/01\/26\/lula-teria-se-reunido-fora-da-agenda-com-mantega-galipolo-e-vorcaro-em-2024\/","url":"https:\/\/jornalfatosenoticias.com.br\/index.php\/2026\/01\/26\/lula-teria-se-reunido-fora-da-agenda-com-mantega-galipolo-e-vorcaro-em-2024\/","name":"Lula teria se reunido fora da agenda com Mantega, Gal\u00edpolo e Vorcaro em 2024 - Jornal Fatos e Not\u00edcias","isPartOf":{"@id":"https:\/\/jornalfatosenoticias.com.br\/#website"},"primaryImageOfPage":{"@id":"https:\/\/jornalfatosenoticias.com.br\/index.php\/2026\/01\/26\/lula-teria-se-reunido-fora-da-agenda-com-mantega-galipolo-e-vorcaro-em-2024\/#primaryimage"},"image":{"@id":"https:\/\/jornalfatosenoticias.com.br\/index.php\/2026\/01\/26\/lula-teria-se-reunido-fora-da-agenda-com-mantega-galipolo-e-vorcaro-em-2024\/#primaryimage"},"thumbnailUrl":"https:\/\/jornalfatosenoticias.com.br\/wp-content\/uploads\/2026\/01\/lula-banco-master.jpg","datePublished":"2026-01-27T01:41:21+00:00","dateModified":"2026-01-27T01:41:22+00:00","breadcrumb":{"@id":"https:\/\/jornalfatosenoticias.com.br\/index.php\/2026\/01\/26\/lula-teria-se-reunido-fora-da-agenda-com-mantega-galipolo-e-vorcaro-em-2024\/#breadcrumb"},"inLanguage":"pt-BR","potentialAction":[{"@type":"ReadAction","target":["https:\/\/jornalfatosenoticias.com.br\/index.php\/2026\/01\/26\/lula-teria-se-reunido-fora-da-agenda-com-mantega-galipolo-e-vorcaro-em-2024\/"]}]},{"@type":"ImageObject","inLanguage":"pt-BR","@id":"https:\/\/jornalfatosenoticias.com.br\/index.php\/2026\/01\/26\/lula-teria-se-reunido-fora-da-agenda-com-mantega-galipolo-e-vorcaro-em-2024\/#primaryimage","url":"https:\/\/jornalfatosenoticias.com.br\/wp-content\/uploads\/2026\/01\/lula-banco-master.jpg","contentUrl":"https:\/\/jornalfatosenoticias.com.br\/wp-content\/uploads\/2026\/01\/lula-banco-master.jpg","width":1000,"height":644},{"@type":"BreadcrumbList","@id":"https:\/\/jornalfatosenoticias.com.br\/index.php\/2026\/01\/26\/lula-teria-se-reunido-fora-da-agenda-com-mantega-galipolo-e-vorcaro-em-2024\/#breadcrumb","itemListElement":[{"@type":"ListItem","position":1,"name":"In\u00edcio","item":"https:\/\/jornalfatosenoticias.com.br\/"},{"@type":"ListItem","position":2,"name":"Lula teria se reunido fora da agenda com Mantega, Gal\u00edpolo e Vorcaro em 2024"}]},{"@type":"WebSite","@id":"https:\/\/jornalfatosenoticias.com.br\/#website","url":"https:\/\/jornalfatosenoticias.com.br\/","name":"Jornal Fatos e Not\u00edcias","description":"Not\u00edcias em geral","publisher":{"@id":"https:\/\/jornalfatosenoticias.com.br\/#organization"},"potentialAction":[{"@type":"SearchAction","target":{"@type":"EntryPoint","urlTemplate":"https:\/\/jornalfatosenoticias.com.br\/?s={search_term_string}"},"query-input":{"@type":"PropertyValueSpecification","valueRequired":true,"valueName":"search_term_string"}}],"inLanguage":"pt-BR"},{"@type":"Organization","@id":"https:\/\/jornalfatosenoticias.com.br\/#organization","name":"Jornal Fatos e Not\u00edcias","url":"https:\/\/jornalfatosenoticias.com.br\/","logo":{"@type":"ImageObject","inLanguage":"pt-BR","@id":"https:\/\/jornalfatosenoticias.com.br\/#\/schema\/logo\/image\/","url":"https:\/\/jornalfatosenoticias.com.br\/wp-content\/uploads\/2020\/02\/logo120.png","contentUrl":"https:\/\/jornalfatosenoticias.com.br\/wp-content\/uploads\/2020\/02\/logo120.png","width":1227,"height":120,"caption":"Jornal Fatos e Not\u00edcias"},"image":{"@id":"https:\/\/jornalfatosenoticias.com.br\/#\/schema\/logo\/image\/"}},{"@type":"Person","@id":"https:\/\/jornalfatosenoticias.com.br\/#\/schema\/person\/d63837fa13ac8666eb9e74e0985d6f81","name":"Luzimara Fernandes","image":{"@type":"ImageObject","inLanguage":"pt-BR","@id":"https:\/\/jornalfatosenoticias.com.br\/#\/schema\/person\/image\/","url":"https:\/\/jornalfatosenoticias.com.br\/wp-content\/uploads\/2025\/05\/EU_portal.jpg","contentUrl":"https:\/\/jornalfatosenoticias.com.br\/wp-content\/uploads\/2025\/05\/EU_portal.jpg","caption":"Luzimara Fernandes"},"description":"Jornalista MTB 2358-ES","sameAs":["https:\/\/jornalfatosenoticias.com.br"],"url":"https:\/\/jornalfatosenoticias.com.br\/index.php\/author\/luzimara\/"}]}},"cc_featured_image_caption":{"caption_text":"","source_text":"","source_url":""},"jetpack_featured_media_url":"https:\/\/jornalfatosenoticias.com.br\/wp-content\/uploads\/2026\/01\/lula-banco-master.jpg","_links":{"self":[{"href":"https:\/\/jornalfatosenoticias.com.br\/index.php\/wp-json\/wp\/v2\/posts\/64700","targetHints":{"allow":["GET"]}}],"collection":[{"href":"https:\/\/jornalfatosenoticias.com.br\/index.php\/wp-json\/wp\/v2\/posts"}],"about":[{"href":"https:\/\/jornalfatosenoticias.com.br\/index.php\/wp-json\/wp\/v2\/types\/post"}],"author":[{"embeddable":true,"href":"https:\/\/jornalfatosenoticias.com.br\/index.php\/wp-json\/wp\/v2\/users\/2"}],"replies":[{"embeddable":true,"href":"https:\/\/jornalfatosenoticias.com.br\/index.php\/wp-json\/wp\/v2\/comments?post=64700"}],"version-history":[{"count":1,"href":"https:\/\/jornalfatosenoticias.com.br\/index.php\/wp-json\/wp\/v2\/posts\/64700\/revisions"}],"predecessor-version":[{"id":64702,"href":"https:\/\/jornalfatosenoticias.com.br\/index.php\/wp-json\/wp\/v2\/posts\/64700\/revisions\/64702"}],"wp:featuredmedia":[{"embeddable":true,"href":"https:\/\/jornalfatosenoticias.com.br\/index.php\/wp-json\/wp\/v2\/media\/64701"}],"wp:attachment":[{"href":"https:\/\/jornalfatosenoticias.com.br\/index.php\/wp-json\/wp\/v2\/media?parent=64700"}],"wp:term":[{"taxonomy":"category","embeddable":true,"href":"https:\/\/jornalfatosenoticias.com.br\/index.php\/wp-json\/wp\/v2\/categories?post=64700"},{"taxonomy":"post_tag","embeddable":true,"href":"https:\/\/jornalfatosenoticias.com.br\/index.php\/wp-json\/wp\/v2\/tags?post=64700"}],"curies":[{"name":"wp","href":"https:\/\/api.w.org\/{rel}","templated":true}]}}