{"id":64703,"date":"2026-01-26T23:06:08","date_gmt":"2026-01-27T02:06:08","guid":{"rendered":"https:\/\/jornalfatosenoticias.com.br\/?p=64703"},"modified":"2026-01-26T23:06:09","modified_gmt":"2026-01-27T02:06:09","slug":"trem-bala-acumula-18-anos-de-promessas-r-60-bilhoes-falados-e-zero-km-construido","status":"publish","type":"post","link":"https:\/\/jornalfatosenoticias.com.br\/index.php\/2026\/01\/26\/trem-bala-acumula-18-anos-de-promessas-r-60-bilhoes-falados-e-zero-km-construido\/","title":{"rendered":"Trem-bala acumula 18 anos de promessas, R$ 60 bilh\u00f5es falados e zero km constru\u00eddo"},"content":{"rendered":"\n<p><em><mark style=\"background-color:rgba(0, 0, 0, 0)\" class=\"has-inline-color has-black-color\">Trem-bala SP\u2013RJ: projeto autorizado prev\u00ea viagem de 105 minutos entre S\u00e3o Paulo e Rio<\/mark><\/em><\/p>\n\n\n\n<p><mark style=\"background-color:rgba(0, 0, 0, 0)\" class=\"has-inline-color has-black-color\">Por <strong><a href=\"https:\/\/www.gazetadopovo.com.br\/autor\/bruno-maffi\/\">Bruno Maffi<\/a><\/strong><\/mark><\/p>\n\n\n<div class=\"wp-block-image\">\n<figure class=\"aligncenter size-full is-resized\"><a href=\"https:\/\/www.facebook.com\/vetor.vix\/\"><img loading=\"lazy\" decoding=\"async\" width=\"1024\" height=\"273\" src=\"https:\/\/jornalfatosenoticias.com.br\/wp-content\/uploads\/2023\/09\/vetorvix1024_1.jpg\" alt=\"\" class=\"wp-image-44868\" style=\"aspect-ratio:3.7511010086660037;width:705px;height:auto\" srcset=\"https:\/\/jornalfatosenoticias.com.br\/wp-content\/uploads\/2023\/09\/vetorvix1024_1.jpg 1024w, https:\/\/jornalfatosenoticias.com.br\/wp-content\/uploads\/2023\/09\/vetorvix1024_1-300x80.jpg 300w, https:\/\/jornalfatosenoticias.com.br\/wp-content\/uploads\/2023\/09\/vetorvix1024_1-768x205.jpg 768w\" sizes=\"auto, (max-width: 1024px) 100vw, 1024px\" \/><\/a><\/figure>\n<\/div>\n\n\n<p>Dezoito anos ap\u00f3s virar promessa de campanha do PT, o trem-bala entre S\u00e3o Paulo e Rio de Janeiro acumula um novo adiamento \u2014 e nenhum trilho constru\u00eddo. Em rela\u00e7\u00e3o ao projeto, o PT chega ao fim do terceiro mandato de Lula com uma guinada: a gest\u00e3o federal agora diz que a obra &#8220;n\u00e3o \u00e9 do governo&#8221; e n\u00e3o prev\u00ea participa\u00e7\u00e3o direta no financiamento do projeto. O custo de momento \u00e9 de R$ 60 bilh\u00f5es. A mudan\u00e7a de postura contrasta com d\u00e9cadas de promessas de investimento p\u00fablico na ferrovia de alta velocidade, e soma um novo &#8220;atraso&#8221; para algo que nunca come\u00e7ou: o in\u00edcio das obras, que chegou a ser anunciado para 2027, foi transferido para 2028. Enquanto isso, o projeto segue sem licen\u00e7a ambiental, sem subs\u00eddios definidos e com especialistas alertando que sua viabilidade econ\u00f4mica \u00e9 &#8220;muito dif\u00edcil de justificar&#8221;.<br>A <strong>TAV Brasil,<\/strong> empresa que recebeu autoriza\u00e7\u00e3o da Ag\u00eancia Nacional de Transportes Terrestres (ANTT) para construir e operar o eixo ferrovi\u00e1rio de alta velocidade por at\u00e9 99 anos, estima que a opera\u00e7\u00e3o com passageiros comece em 2032. A promessa para um dos projetos que entrou para o<strong> rol de &#8220;lendas urbanas&#8221;<\/strong> no pa\u00eds prev\u00ea uma ferrovia de 417 quil\u00f4metros, em trajeto a ser percorrido em menos de duas horas e velocidade m\u00e1xima de 320 km\/h. O hist\u00f3rico de discursos renovados alimentou desconfian\u00e7as ao longo do tempo. Desde o fim dos anos 1980, a ideia do trem-bala para ligar S\u00e3o Paulo ao Rio de Janeiro enfrentou entraves t\u00e9cnicos, jur\u00eddicos e comerciais. O projeto passou por diferentes governos, formatos e estruturas institucionais, sem sair do papel.<\/p>\n\n\n<div class=\"wp-block-image\">\n<figure class=\"aligncenter size-large is-resized\"><a href=\"https:\/\/www.instagram.com\/serra4x4cambioautomatico\/\"><img loading=\"lazy\" decoding=\"async\" width=\"886\" height=\"1024\" src=\"https:\/\/jornalfatosenoticias.com.br\/wp-content\/uploads\/2024\/08\/Serra-4x4-1-886x1024.jpg\" alt=\"\" class=\"wp-image-53632\" style=\"aspect-ratio:0.8652368390870513;width:297px;height:auto\" srcset=\"https:\/\/jornalfatosenoticias.com.br\/wp-content\/uploads\/2024\/08\/Serra-4x4-1-886x1024.jpg 886w, https:\/\/jornalfatosenoticias.com.br\/wp-content\/uploads\/2024\/08\/Serra-4x4-1-260x300.jpg 260w, https:\/\/jornalfatosenoticias.com.br\/wp-content\/uploads\/2024\/08\/Serra-4x4-1-768x888.jpg 768w, https:\/\/jornalfatosenoticias.com.br\/wp-content\/uploads\/2024\/08\/Serra-4x4-1.jpg 1181w\" sizes=\"auto, (max-width: 886px) 100vw, 886px\" \/><\/a><\/figure>\n<\/div>\n\n\n<p><strong><mark style=\"background-color:rgba(0, 0, 0, 0)\" class=\"has-inline-color has-black-color\">Agora, governo Lula diz manter apenas apoio \u00e0 obra do trem-bala S\u00e3o Paulo-Rio de Janeiro<br><\/mark><\/strong>Entre idas e vindas, at\u00e9 o PT desistiu de financiar a obra. Segundo o Minist\u00e9rio dos Transportes, o governo de Luiz In\u00e1cio Lula da Silva (PT) mant\u00e9m apoio \u00e0 expans\u00e3o ferrovi\u00e1ria, por\u00e9m, n\u00e3o prev\u00ea participa\u00e7\u00e3o direta no financiamento do trem-bala. A posi\u00e7\u00e3o oficial de agora \u00e9 diferente do que foi anunciado em 2023, quando o ministro dos Transportes, Renan Filho (MDB), afirmou que o governo cooperaria com parte do valor necess\u00e1rio, completando o que faltasse <a href=\"https:\/\/www.gazetadopovo.com.br\/economia\/velho-sonho-lula-dilma-trem-bala-recursos-federais\/\" target=\"_blank\" rel=\"noreferrer noopener\">para tornar o projeto poss\u00edvel<\/a>. De acordo com a TAV Brasil, a execu\u00e7\u00e3o ser\u00e1 totalmente privada. O Banco Nacional de Desenvolvimento Econ\u00f4mico e Social (BNDES) atuar\u00e1 como agente financeiro, sem aporte direto de recursos da Uni\u00e3o \u2014 at\u00e9 novo an\u00fancio.<br>O investimento atualizado para o trem-bala que ligaria os estados \u00e9 de cerca de R$ 60 bilh\u00f5es. A TAV Brasil projeta <strong>passagens entre R$ 300 e R$ 500.<\/strong> De carro, a viagem leva cerca de seis horas, em m\u00e9dia. O plano apresentado \u00e0 ANTT prev\u00ea quatro esta\u00e7\u00f5es ao longo do trajeto. Elas ficam nas respectivas capitais, S\u00e3o Paulo e Rio de Janeiro, al\u00e9m de S\u00e3o Jos\u00e9 dos Campos (SP) e Volta Redonda (RJ). Um tra\u00e7ado anterior previa esta\u00e7\u00f5es em Guarulhos, Jacare\u00ed, Taubat\u00e9, Aparecida e Resende.<\/p>\n\n\n<div class=\"wp-block-image\">\n<figure class=\"aligncenter size-large is-resized\"><a href=\"https:\/\/hotelmarquetti.com.br\/\"><img loading=\"lazy\" decoding=\"async\" width=\"1024\" height=\"680\" src=\"https:\/\/jornalfatosenoticias.com.br\/wp-content\/uploads\/2020\/02\/LOGO-MQ-1024x680.jpg\" alt=\"\" class=\"wp-image-58299\" style=\"aspect-ratio:1.5059172441326603;width:358px;height:auto\" srcset=\"https:\/\/jornalfatosenoticias.com.br\/wp-content\/uploads\/2020\/02\/LOGO-MQ-1024x680.jpg 1024w, https:\/\/jornalfatosenoticias.com.br\/wp-content\/uploads\/2020\/02\/LOGO-MQ-300x199.jpg 300w, https:\/\/jornalfatosenoticias.com.br\/wp-content\/uploads\/2020\/02\/LOGO-MQ-768x510.jpg 768w, https:\/\/jornalfatosenoticias.com.br\/wp-content\/uploads\/2020\/02\/LOGO-MQ-1536x1020.jpg 1536w, https:\/\/jornalfatosenoticias.com.br\/wp-content\/uploads\/2020\/02\/LOGO-MQ-2048x1360.jpg 2048w\" sizes=\"auto, (max-width: 1024px) 100vw, 1024px\" \/><\/a><\/figure>\n<\/div>\n\n\n<p><strong><mark style=\"background-color:rgba(0, 0, 0, 0)\" class=\"has-inline-color has-black-color\">Projeto ainda n\u00e3o possui autoriza\u00e7\u00e3o ambiental<br><\/mark><\/strong>A proposta inclui integra\u00e7\u00e3o com metr\u00f4s e trens urbanos em S\u00e3o Paulo e no Rio. A <strong>TAV Brasil<\/strong> afirma que estrutura um cons\u00f3rcio com empresas europeias e chinesas. A companhia cita a experi\u00eancia internacional desses grupos em trens de alta velocidade como fator decisivo para viabilizar a obra e a opera\u00e7\u00e3o. O Instituto Brasileiro do Meio Ambiente e dos Recursos Naturais Renov\u00e1veis (Ibama) informou que o licenciamento ambiental do trem-bala ainda est\u00e1 em tramita\u00e7\u00e3o. O \u00f3rg\u00e3o cobrou a elabora\u00e7\u00e3o do Estudo de Impacto Ambiental e Relat\u00f3rio de Impacto Ambiental (EIA\/Rima), em mar\u00e7o do ano passado. O documento ainda n\u00e3o foi apresentado pela <strong>TAV Brasil.<\/strong><br>O cen\u00e1rio para a viabilidade do trem-bala mudou com a Lei das Ferrovias (Lei n.\u00ba 14.273\/2021). A norma, sancionada no governo Jair Bolsonaro (PL), permitiu autoriza\u00e7\u00f5es privadas para constru\u00e7\u00e3o e explora\u00e7\u00e3o ferrovi\u00e1ria. O novo modelo dispensou concess\u00f5es tradicionais e abriu espa\u00e7o para propostas do setor privado.<\/p>\n\n\n<div class=\"wp-block-image\">\n<figure class=\"aligncenter size-full\"><a href=\"https:\/\/www.cesconetto.com.br\/\"><img loading=\"lazy\" decoding=\"async\" width=\"300\" height=\"250\" src=\"https:\/\/jornalfatosenoticias.com.br\/wp-content\/uploads\/2022\/02\/Banner-2.png\" alt=\"\" class=\"wp-image-27877\"\/><\/a><\/figure>\n<\/div>\n\n\n<p><strong><mark style=\"background-color:rgba(0, 0, 0, 0)\" class=\"has-inline-color has-black-color\">Especialista questiona viabilidade econ\u00f4mica do projeto<br><\/mark><\/strong>Economista e presidente da Inter.B Consultoria Internacional de Neg\u00f3cios, Cl\u00e1udio Frischtak pontua que o Brasil nunca teve experi\u00eancia construtiva com trens de alta velocidade. Segundo ele, a engenharia ferrovi\u00e1ria praticada no pa\u00eds opera em outro patamar, voltada para trens de carga. \u201cNossa experi\u00eancia hist\u00f3rica envolve velocidades m\u00e1ximas entre 80 km\/h e 100 km\/h\u201d, diz. Para Frischtak, o salto tecnol\u00f3gico exigido por um trem-bala \u00e9 radical. \u201cUm trem de alta velocidade opera acima de 300 km\/h e pode chegar a velocidades mais elevadas em projetos mais novos. A natureza do projeto, dos equipamentos e dos componentes \u00e9 completamente diferente\u201d, compara ele.<br>Embora reconhe\u00e7a que o eixo Rio\u2013S\u00e3o Paulo seja um corredor natural, Frischtak questiona a viabilidade econ\u00f4mica. <strong>\u201c\u00c9 um projeto extremamente caro<\/strong> e muito dif\u00edcil de justificar do ponto de vista econ\u00f4mico\u201d, opina o especialista. O economista lembra que o caso da expans\u00e3o espanhola em ferrovias, por exemplo, esteve ligado a um contexto espec\u00edfico. \u201cA Espanha recebeu um volume expressivo de transfer\u00eancias da Uni\u00e3o Europeia nos \u00faltimos 15, 20 anos, e o TAV (trem de alta velocidade) teve papel importante nesse processo\u201d. No Brasil, o cen\u00e1rio \u00e9 outro.<strong> \u201cVivemos uma crise fiscal permanente. <\/strong>O governo federal teria enorme dificuldade para aportar recursos dessa magnitude e n\u00e3o vejo viabilidade sem subs\u00eddio do governo\u201d.<\/p>\n\n\n<div class=\"wp-block-image\">\n<figure class=\"aligncenter size-full is-resized\"><a href=\"https:\/\/www.controlsystems.com.br\/\"><img loading=\"lazy\" decoding=\"async\" width=\"834\" height=\"1000\" src=\"https:\/\/jornalfatosenoticias.com.br\/wp-content\/uploads\/2020\/02\/CONTROL-CS.jpg\" alt=\"\" class=\"wp-image-44991\" style=\"aspect-ratio:0.8339861023373342;width:314px;height:auto\" srcset=\"https:\/\/jornalfatosenoticias.com.br\/wp-content\/uploads\/2020\/02\/CONTROL-CS.jpg 834w, https:\/\/jornalfatosenoticias.com.br\/wp-content\/uploads\/2020\/02\/CONTROL-CS-250x300.jpg 250w, https:\/\/jornalfatosenoticias.com.br\/wp-content\/uploads\/2020\/02\/CONTROL-CS-768x921.jpg 768w\" sizes=\"auto, (max-width: 834px) 100vw, 834px\" \/><\/a><\/figure>\n<\/div>\n\n\n<p><strong><mark style=\"background-color:rgba(0, 0, 0, 0)\" class=\"has-inline-color has-black-color\">Governo petista descartou trem de m\u00e9dia velocidade com uso compartilhado dos trilhos para transporte de cargas<br><\/mark><\/strong>Frischtak cita uma alternativa discutida no passado. \u201cHavia uma op\u00e7\u00e3o que talvez fizesse mais sentido: n\u00e3o um trem-bala, mas a moderniza\u00e7\u00e3o da linha existente\u201d. A proposta previa um trem de m\u00e9dia velocidade, de cerca de 150 km\/h durante o dia, com viagens de aproximadamente tr\u00eas horas. \u201c\u00c0 noite, a linha seria usada para transporte de carga\u201d. Segundo ele, a ideia permitiria dois concession\u00e1rios, um para passageiros e outro para cargas \u2014 que \u00e9 uma alternativa colocada em pr\u00e1tica mundo afora, considerada mais vantajosa financeiramente para grupos interessados em financiar o projeto. <strong>\u201cDilma descartou a alternativa\u201d,<\/strong> acrescenta o especialista.<br>O economista \u00e9 c\u00e9tico em rela\u00e7\u00e3o ao projeto atual. \u201cAcho muito dif\u00edcil que o trem-bala fique em p\u00e9 sem subs\u00eddios do governo\u201d, afirma. \u201cN\u00e3o vejo taxa social de retorno suficiente, a menos que haja explora\u00e7\u00e3o imobili\u00e1ria intensa no entorno, pela iniciativa privada\u201d. Para Frischtak, o modelo mais racional continua sendo o de m\u00e9dia velocidade de dia e uso log\u00edstico \u00e0 noite.<\/p>\n\n\n<div class=\"wp-block-image\">\n<figure class=\"aligncenter size-full\"><a href=\"http:\/\/www.ferrarimaquinas.com.br\/\"><img loading=\"lazy\" decoding=\"async\" width=\"300\" height=\"250\" src=\"https:\/\/jornalfatosenoticias.com.br\/wp-content\/uploads\/2022\/02\/FERRARI_MAQUINAS-E-FERRAMENTAS2.jpg\" alt=\"\" class=\"wp-image-27860\"\/><\/a><\/figure>\n<\/div>\n\n\n<p><strong><mark style=\"background-color:rgba(0, 0, 0, 0)\" class=\"has-inline-color has-black-color\">&#8220;Obra enfrentar\u00e1 desafios t\u00e9cnicos enormes&#8221;<br><\/mark><\/strong>Diretor-secret\u00e1rio da Associa\u00e7\u00e3o Brasileira de Preserva\u00e7\u00e3o Ferrovi\u00e1ria (ABPF), Thomaz Schoeffel acredita que a engenharia ferrovi\u00e1ria brasileira perdeu capacidade para obras desse porte. Segundo ele, o pa\u00eds construiu, nas \u00faltimas d\u00e9cadas, apenas linhas novas voltadas ao transporte de carga ou a sistemas metropolitanos, como trens urbanos e metr\u00f4s.<\/p>\n\n\n\n<blockquote class=\"wp-block-quote is-layout-flow wp-block-quote-is-layout-flow\">\n<p><mark style=\"background-color:rgba(0, 0, 0, 0)\" class=\"has-inline-color has-luminous-vivid-orange-color\">Uma obra dessa envergadura, se sair do papel, enfrentar\u00e1 desafios t\u00e9cnicos enormes, como a travessia da Serra do Mar e interfer\u00eancias urbanas complexas\u201d, afirma. Na avalia\u00e7\u00e3o de Schoeffel, esse cen\u00e1rio levaria inevitavelmente \u00e0 importa\u00e7\u00e3o de engenharia especializada. \u201cSeria preciso trazer equipes e know-how de fora, por quest\u00e3o de conhecimento acumulado e agilidade, o que aumentaria cada vez os custos para implanta\u00e7\u00e3o e manuten\u00e7\u00e3o\u201d. Ele sustenta que o pa\u00eds n\u00e3o disp\u00f5e da estrutura necess\u00e1ria. \u201cO Brasil n\u00e3o tem engenharia ferrovi\u00e1ria preparada para isso. <strong>Nem os nossos metr\u00f4s s\u00e3o, de fato, brasileiros<\/strong> \u2014 no m\u00e1ximo, s\u00e3o montados no pa\u00eds\u201d, diz.<\/mark><\/p>\n<\/blockquote>\n\n\n<div class=\"wp-block-image\">\n<figure class=\"aligncenter size-full is-resized\"><a href=\"https:\/\/www.instagram.com\/kalynecalais\/\"><img loading=\"lazy\" decoding=\"async\" width=\"969\" height=\"406\" src=\"https:\/\/jornalfatosenoticias.com.br\/wp-content\/uploads\/2024\/09\/Legis-Juris-Consultoria_logo.jpg\" alt=\"\" class=\"wp-image-53915\" style=\"aspect-ratio:2.3868022598870056;width:621px;height:auto\" srcset=\"https:\/\/jornalfatosenoticias.com.br\/wp-content\/uploads\/2024\/09\/Legis-Juris-Consultoria_logo.jpg 969w, https:\/\/jornalfatosenoticias.com.br\/wp-content\/uploads\/2024\/09\/Legis-Juris-Consultoria_logo-300x126.jpg 300w, https:\/\/jornalfatosenoticias.com.br\/wp-content\/uploads\/2024\/09\/Legis-Juris-Consultoria_logo-768x322.jpg 768w\" sizes=\"auto, (max-width: 969px) 100vw, 969px\" \/><\/a><\/figure>\n<\/div>\n\n\n<p>O economista Cl\u00e1udio Frischtak destaca que poucos pa\u00edses dominam essa tecnologia em larga escala. \u201cApenas quatro pa\u00edses t\u00eam experi\u00eancia real com trens de alta velocidade (TAV) em grandes extens\u00f5es: China, Fran\u00e7a, Jap\u00e3o e Espanha\u201d, afirma. Ele destaca que a Fran\u00e7a foi pioneira, junto com o Jap\u00e3o, e que a Espanha re\u00fane atualmente a maior malha da Uni\u00e3o Europeia. \u201cAs vers\u00f5es mais atualizadas do TAV est\u00e3o na Espanha e na China\u201d.<\/p>\n\n\n\n<p><strong><mark style=\"background-color:rgba(0, 0, 0, 0)\" class=\"has-inline-color has-black-color\">Trem-bala ligando S\u00e3o Paulo ao Rio foi promessa de campanha do PT desde 2007<br><\/mark><\/strong>O ceticismo em torno da proposta tem origem no hist\u00f3rico do projeto, que foi bandeira de campanha eleitoral do PT. Ao longo dos anos, a proposta passou por \u00f3rg\u00e3os como a Rede Ferrovi\u00e1ria Federal Sociedade An\u00f4nima (RFFSA) e pela Empresa de Planejamento e Log\u00edstica (EPL). As idas e vindas desgastaram a credibilidade da iniciativa. Abaixo, o cronograma relembra a evolu\u00e7\u00e3o dessa hist\u00f3ria.<\/p>\n\n\n<div class=\"wp-block-image\">\n<figure class=\"aligncenter size-full is-resized\"><a href=\"https:\/\/panper.com.br\/\"><img loading=\"lazy\" decoding=\"async\" width=\"400\" height=\"277\" src=\"https:\/\/jornalfatosenoticias.com.br\/wp-content\/uploads\/2023\/03\/logo-Panper_portal.jpg\" alt=\"\" class=\"wp-image-40208\" style=\"aspect-ratio:1.4441247814068934;width:322px;height:auto\" srcset=\"https:\/\/jornalfatosenoticias.com.br\/wp-content\/uploads\/2023\/03\/logo-Panper_portal.jpg 400w, https:\/\/jornalfatosenoticias.com.br\/wp-content\/uploads\/2023\/03\/logo-Panper_portal-300x208.jpg 300w\" sizes=\"auto, (max-width: 400px) 100vw, 400px\" \/><\/a><\/figure>\n<\/div>\n\n\n<p><strong><mark style=\"background-color:rgba(0, 0, 0, 0)\" class=\"has-inline-color has-black-color\">Proposta integrou o PAC com promessa de uso na Copa do Mundo de 2014<br><\/mark>\u2713 2007 &#8211; <\/strong>governo Lula anunciou oficialmente o projeto do trem de alta velocidade (TAV) ligando Rio de Janeiro, S\u00e3o Paulo e Campinas. A proposta integrou o Programa de Acelera\u00e7\u00e3o do Crescimento (PAC).<br><strong>\u2713 2008 &#8211;<\/strong> Lula afirmou que o trem-bala seria uma obra estrat\u00e9gica para o pa\u00eds. O governo estimou in\u00edcio das opera\u00e7\u00f5es em 2014, antes da Copa do Mundo.<br><strong>\u2713 2009 &#8211;<\/strong> o governo federal lan\u00e7ou o edital de concess\u00e3o do TAV. Lula declarou que o Brasil \u201cn\u00e3o podia ficar fora da alta velocidade ferrovi\u00e1ria\u201d.<br><strong>\u2713 2010 &#8211;<\/strong> em ano eleitoral, Lula voltou a defender o projeto e afirmou que o trem-bala sairia do papel no governo seguinte.<\/p>\n\n\n<div class=\"wp-block-image\">\n<figure class=\"aligncenter size-large is-resized\"><a href=\"https:\/\/www.facebook.com\/profile.php?id=100069289606145\"><img loading=\"lazy\" decoding=\"async\" width=\"1024\" height=\"714\" src=\"https:\/\/jornalfatosenoticias.com.br\/wp-content\/uploads\/2024\/11\/Guaitolini-Contabilidade-1024x714.jpeg\" alt=\"\" class=\"wp-image-55808\" style=\"aspect-ratio:1.4341815811629233;width:374px;height:auto\" srcset=\"https:\/\/jornalfatosenoticias.com.br\/wp-content\/uploads\/2024\/11\/Guaitolini-Contabilidade-1024x714.jpeg 1024w, https:\/\/jornalfatosenoticias.com.br\/wp-content\/uploads\/2024\/11\/Guaitolini-Contabilidade-300x209.jpeg 300w, https:\/\/jornalfatosenoticias.com.br\/wp-content\/uploads\/2024\/11\/Guaitolini-Contabilidade-768x535.jpeg 768w, https:\/\/jornalfatosenoticias.com.br\/wp-content\/uploads\/2024\/11\/Guaitolini-Contabilidade.jpeg 1280w\" sizes=\"auto, (max-width: 1024px) 100vw, 1024px\" \/><\/a><\/figure>\n<\/div>\n\n\n<p><strong><mark style=\"background-color:rgba(0, 0, 0, 0)\" class=\"has-inline-color has-black-color\">Trem-bala passou por leil\u00f5es frustrados<br><\/mark>\u2713 2011 &#8211;<\/strong> Dilma reafirmou o compromisso com o TAV no in\u00edcio do mandato. O governo manteve a promessa de iniciar as obras ainda naquela gest\u00e3o. Foi ent\u00e3o criada uma estatal para a obra, a Empresa de Transporte Ferrovi\u00e1rio de Alta Velocidade (Etav).<br><strong>\u2713 2012 &#8211;<\/strong> ap\u00f3s sucessivos fracassos em leil\u00f5es, Dilma declarou que o projeto continuava priorit\u00e1rio. O custo estimado j\u00e1 ultrapassava R$ 30 bilh\u00f5es. A Etav foi rebatizada de Empresa de Planejamento e Log\u00edstica (EPL).<br><strong>\u2713 2013 &#8211;<\/strong> o governo cancelou um leil\u00e3o por falta de interessados. Mesmo assim, Dilma afirmou que o trem-bala \u201cn\u00e3o estava abandonado\u201d.<br><strong>\u2713 2014 &#8211;<\/strong> em campanha \u00e0 reelei\u00e7\u00e3o, Dilma voltou a citar o TAV como projeto estrat\u00e9gico de longo prazo. Nenhuma obra havia sido iniciada.<br><strong>\u2713 2015\u20132016 &#8211;<\/strong> diante da crise fiscal, o governo deixou o projeto em segundo plano. O trem-bala foi arquivado, sem execu\u00e7\u00e3o.<\/p>\n\n\n<div class=\"wp-block-image\">\n<figure class=\"aligncenter size-large\"><a href=\"https:\/\/mizu.com.br\/\"><img loading=\"lazy\" decoding=\"async\" width=\"1024\" height=\"99\" src=\"https:\/\/jornalfatosenoticias.com.br\/wp-content\/uploads\/2020\/02\/Logo-Mizu-segunda-2-1024x99.png\" alt=\"\" class=\"wp-image-2353\" srcset=\"https:\/\/jornalfatosenoticias.com.br\/wp-content\/uploads\/2020\/02\/Logo-Mizu-segunda-2-1024x99.png 1024w, https:\/\/jornalfatosenoticias.com.br\/wp-content\/uploads\/2020\/02\/Logo-Mizu-segunda-2-300x29.png 300w, https:\/\/jornalfatosenoticias.com.br\/wp-content\/uploads\/2020\/02\/Logo-Mizu-segunda-2-768x74.png 768w, https:\/\/jornalfatosenoticias.com.br\/wp-content\/uploads\/2020\/02\/Logo-Mizu-segunda-2.png 1240w\" sizes=\"auto, (max-width: 1024px) 100vw, 1024px\" \/><\/a><\/figure>\n<\/div>\n\n\n<p><strong><mark style=\"background-color:rgba(0, 0, 0, 0)\" class=\"has-inline-color has-black-color\">(Foto: Imagem criada usando ChatGPT\/Gazeta do Povo)<\/mark><\/strong><\/p>\n\n\n\n<p><strong>Fonte: <a href=\"https:\/\/www.gazetadopovo.com.br\/brasil\/promessa-do-pt-obras-adiadas-trem-bala-sao-paulo-rio-de-janeiro\/\">Gazeta do Povo<\/a><\/strong><\/p>\n","protected":false},"excerpt":{"rendered":"<p>Trem-bala SP\u2013RJ: projeto autorizado prev\u00ea viagem de 105 minutos entre S\u00e3o Paulo e Rio Por Bruno Maffi Dezoito anos ap\u00f3s virar promessa de campanha do PT, o trem-bala entre S\u00e3o Paulo e Rio de Janeiro acumula um novo adiamento \u2014 e nenhum trilho constru\u00eddo. Em rela\u00e7\u00e3o ao projeto, o PT chega ao fim do terceiro [&hellip;]<\/p>\n","protected":false},"author":2,"featured_media":64704,"comment_status":"open","ping_status":"open","sticky":false,"template":"","format":"standard","meta":{"footnotes":""},"categories":[9923],"tags":[2129,29433,29434,289,305,29435,23104],"class_list":["post-64703","post","type-post","status-publish","format-standard","has-post-thumbnail","hentry","category-mobilidade","tag-corrupcao","tag-goveno-lula","tag-promessas-do-pt","tag-rio-de-janeiro","tag-sao-paulo","tag-tav-brasil","tag-trem-bala"],"yoast_head":"<!-- This site is optimized with the Yoast SEO plugin v26.5 - https:\/\/yoast.com\/wordpress\/plugins\/seo\/ -->\n<title>Trem-bala acumula 18 anos de promessas, R$ 60 bilh\u00f5es falados e zero km constru\u00eddo - Jornal Fatos e Not\u00edcias<\/title>\n<meta name=\"robots\" content=\"index, follow, max-snippet:-1, max-image-preview:large, max-video-preview:-1\" \/>\n<link rel=\"canonical\" href=\"https:\/\/jornalfatosenoticias.com.br\/index.php\/2026\/01\/26\/trem-bala-acumula-18-anos-de-promessas-r-60-bilhoes-falados-e-zero-km-construido\/\" \/>\n<meta property=\"og:locale\" content=\"pt_BR\" \/>\n<meta property=\"og:type\" content=\"article\" \/>\n<meta property=\"og:title\" content=\"Trem-bala acumula 18 anos de promessas, R$ 60 bilh\u00f5es falados e zero km constru\u00eddo - Jornal Fatos e Not\u00edcias\" \/>\n<meta property=\"og:description\" content=\"Trem-bala SP\u2013RJ: projeto autorizado prev\u00ea viagem de 105 minutos entre S\u00e3o Paulo e Rio Por Bruno Maffi Dezoito anos ap\u00f3s virar promessa de campanha do PT, o trem-bala entre S\u00e3o Paulo e Rio de Janeiro acumula um novo adiamento \u2014 e nenhum trilho constru\u00eddo. Em rela\u00e7\u00e3o ao projeto, o PT chega ao fim do terceiro [&hellip;]\" \/>\n<meta property=\"og:url\" content=\"https:\/\/jornalfatosenoticias.com.br\/index.php\/2026\/01\/26\/trem-bala-acumula-18-anos-de-promessas-r-60-bilhoes-falados-e-zero-km-construido\/\" \/>\n<meta property=\"og:site_name\" content=\"Jornal Fatos e Not\u00edcias\" \/>\n<meta property=\"article:published_time\" content=\"2026-01-27T02:06:08+00:00\" \/>\n<meta property=\"article:modified_time\" content=\"2026-01-27T02:06:09+00:00\" \/>\n<meta property=\"og:image\" content=\"https:\/\/jornalfatosenoticias.com.br\/wp-content\/uploads\/2026\/01\/Ilustracao-Trem-Bala.jpg\" \/>\n\t<meta property=\"og:image:width\" content=\"919\" \/>\n\t<meta property=\"og:image:height\" content=\"717\" \/>\n\t<meta property=\"og:image:type\" content=\"image\/jpeg\" \/>\n<meta name=\"author\" content=\"Luzimara Fernandes\" \/>\n<meta name=\"twitter:card\" content=\"summary_large_image\" \/>\n<meta name=\"twitter:label1\" content=\"Escrito por\" \/>\n\t<meta name=\"twitter:data1\" content=\"Luzimara Fernandes\" \/>\n\t<meta name=\"twitter:label2\" content=\"Est. tempo de leitura\" \/>\n\t<meta name=\"twitter:data2\" content=\"11 minutos\" \/>\n<script type=\"application\/ld+json\" class=\"yoast-schema-graph\">{\"@context\":\"https:\/\/schema.org\",\"@graph\":[{\"@type\":\"Article\",\"@id\":\"https:\/\/jornalfatosenoticias.com.br\/index.php\/2026\/01\/26\/trem-bala-acumula-18-anos-de-promessas-r-60-bilhoes-falados-e-zero-km-construido\/#article\",\"isPartOf\":{\"@id\":\"https:\/\/jornalfatosenoticias.com.br\/index.php\/2026\/01\/26\/trem-bala-acumula-18-anos-de-promessas-r-60-bilhoes-falados-e-zero-km-construido\/\"},\"author\":{\"name\":\"Luzimara Fernandes\",\"@id\":\"https:\/\/jornalfatosenoticias.com.br\/#\/schema\/person\/d63837fa13ac8666eb9e74e0985d6f81\"},\"headline\":\"Trem-bala acumula 18 anos de promessas, R$ 60 bilh\u00f5es falados e zero km constru\u00eddo\",\"datePublished\":\"2026-01-27T02:06:08+00:00\",\"dateModified\":\"2026-01-27T02:06:09+00:00\",\"mainEntityOfPage\":{\"@id\":\"https:\/\/jornalfatosenoticias.com.br\/index.php\/2026\/01\/26\/trem-bala-acumula-18-anos-de-promessas-r-60-bilhoes-falados-e-zero-km-construido\/\"},\"wordCount\":1775,\"commentCount\":0,\"publisher\":{\"@id\":\"https:\/\/jornalfatosenoticias.com.br\/#organization\"},\"image\":{\"@id\":\"https:\/\/jornalfatosenoticias.com.br\/index.php\/2026\/01\/26\/trem-bala-acumula-18-anos-de-promessas-r-60-bilhoes-falados-e-zero-km-construido\/#primaryimage\"},\"thumbnailUrl\":\"https:\/\/jornalfatosenoticias.com.br\/wp-content\/uploads\/2026\/01\/Ilustracao-Trem-Bala.jpg\",\"keywords\":[\"corrup\u00e7\u00e3o\",\"goveno Lula\",\"promessas do PT\",\"Rio de Janeiro\",\"S\u00e3o Paulo\",\"TAV Brasil\",\"trem-bala\"],\"articleSection\":[\"Mobilidade\"],\"inLanguage\":\"pt-BR\",\"potentialAction\":[{\"@type\":\"CommentAction\",\"name\":\"Comment\",\"target\":[\"https:\/\/jornalfatosenoticias.com.br\/index.php\/2026\/01\/26\/trem-bala-acumula-18-anos-de-promessas-r-60-bilhoes-falados-e-zero-km-construido\/#respond\"]}]},{\"@type\":\"WebPage\",\"@id\":\"https:\/\/jornalfatosenoticias.com.br\/index.php\/2026\/01\/26\/trem-bala-acumula-18-anos-de-promessas-r-60-bilhoes-falados-e-zero-km-construido\/\",\"url\":\"https:\/\/jornalfatosenoticias.com.br\/index.php\/2026\/01\/26\/trem-bala-acumula-18-anos-de-promessas-r-60-bilhoes-falados-e-zero-km-construido\/\",\"name\":\"Trem-bala acumula 18 anos de promessas, R$ 60 bilh\u00f5es falados e zero km constru\u00eddo - Jornal Fatos e Not\u00edcias\",\"isPartOf\":{\"@id\":\"https:\/\/jornalfatosenoticias.com.br\/#website\"},\"primaryImageOfPage\":{\"@id\":\"https:\/\/jornalfatosenoticias.com.br\/index.php\/2026\/01\/26\/trem-bala-acumula-18-anos-de-promessas-r-60-bilhoes-falados-e-zero-km-construido\/#primaryimage\"},\"image\":{\"@id\":\"https:\/\/jornalfatosenoticias.com.br\/index.php\/2026\/01\/26\/trem-bala-acumula-18-anos-de-promessas-r-60-bilhoes-falados-e-zero-km-construido\/#primaryimage\"},\"thumbnailUrl\":\"https:\/\/jornalfatosenoticias.com.br\/wp-content\/uploads\/2026\/01\/Ilustracao-Trem-Bala.jpg\",\"datePublished\":\"2026-01-27T02:06:08+00:00\",\"dateModified\":\"2026-01-27T02:06:09+00:00\",\"breadcrumb\":{\"@id\":\"https:\/\/jornalfatosenoticias.com.br\/index.php\/2026\/01\/26\/trem-bala-acumula-18-anos-de-promessas-r-60-bilhoes-falados-e-zero-km-construido\/#breadcrumb\"},\"inLanguage\":\"pt-BR\",\"potentialAction\":[{\"@type\":\"ReadAction\",\"target\":[\"https:\/\/jornalfatosenoticias.com.br\/index.php\/2026\/01\/26\/trem-bala-acumula-18-anos-de-promessas-r-60-bilhoes-falados-e-zero-km-construido\/\"]}]},{\"@type\":\"ImageObject\",\"inLanguage\":\"pt-BR\",\"@id\":\"https:\/\/jornalfatosenoticias.com.br\/index.php\/2026\/01\/26\/trem-bala-acumula-18-anos-de-promessas-r-60-bilhoes-falados-e-zero-km-construido\/#primaryimage\",\"url\":\"https:\/\/jornalfatosenoticias.com.br\/wp-content\/uploads\/2026\/01\/Ilustracao-Trem-Bala.jpg\",\"contentUrl\":\"https:\/\/jornalfatosenoticias.com.br\/wp-content\/uploads\/2026\/01\/Ilustracao-Trem-Bala.jpg\",\"width\":919,\"height\":717},{\"@type\":\"BreadcrumbList\",\"@id\":\"https:\/\/jornalfatosenoticias.com.br\/index.php\/2026\/01\/26\/trem-bala-acumula-18-anos-de-promessas-r-60-bilhoes-falados-e-zero-km-construido\/#breadcrumb\",\"itemListElement\":[{\"@type\":\"ListItem\",\"position\":1,\"name\":\"In\u00edcio\",\"item\":\"https:\/\/jornalfatosenoticias.com.br\/\"},{\"@type\":\"ListItem\",\"position\":2,\"name\":\"Trem-bala acumula 18 anos de promessas, R$ 60 bilh\u00f5es falados e zero km constru\u00eddo\"}]},{\"@type\":\"WebSite\",\"@id\":\"https:\/\/jornalfatosenoticias.com.br\/#website\",\"url\":\"https:\/\/jornalfatosenoticias.com.br\/\",\"name\":\"Jornal Fatos e Not\u00edcias\",\"description\":\"Not\u00edcias em geral\",\"publisher\":{\"@id\":\"https:\/\/jornalfatosenoticias.com.br\/#organization\"},\"potentialAction\":[{\"@type\":\"SearchAction\",\"target\":{\"@type\":\"EntryPoint\",\"urlTemplate\":\"https:\/\/jornalfatosenoticias.com.br\/?s={search_term_string}\"},\"query-input\":{\"@type\":\"PropertyValueSpecification\",\"valueRequired\":true,\"valueName\":\"search_term_string\"}}],\"inLanguage\":\"pt-BR\"},{\"@type\":\"Organization\",\"@id\":\"https:\/\/jornalfatosenoticias.com.br\/#organization\",\"name\":\"Jornal Fatos e Not\u00edcias\",\"url\":\"https:\/\/jornalfatosenoticias.com.br\/\",\"logo\":{\"@type\":\"ImageObject\",\"inLanguage\":\"pt-BR\",\"@id\":\"https:\/\/jornalfatosenoticias.com.br\/#\/schema\/logo\/image\/\",\"url\":\"https:\/\/jornalfatosenoticias.com.br\/wp-content\/uploads\/2020\/02\/logo120.png\",\"contentUrl\":\"https:\/\/jornalfatosenoticias.com.br\/wp-content\/uploads\/2020\/02\/logo120.png\",\"width\":1227,\"height\":120,\"caption\":\"Jornal Fatos e Not\u00edcias\"},\"image\":{\"@id\":\"https:\/\/jornalfatosenoticias.com.br\/#\/schema\/logo\/image\/\"}},{\"@type\":\"Person\",\"@id\":\"https:\/\/jornalfatosenoticias.com.br\/#\/schema\/person\/d63837fa13ac8666eb9e74e0985d6f81\",\"name\":\"Luzimara Fernandes\",\"image\":{\"@type\":\"ImageObject\",\"inLanguage\":\"pt-BR\",\"@id\":\"https:\/\/jornalfatosenoticias.com.br\/#\/schema\/person\/image\/\",\"url\":\"https:\/\/jornalfatosenoticias.com.br\/wp-content\/uploads\/2025\/05\/EU_portal.jpg\",\"contentUrl\":\"https:\/\/jornalfatosenoticias.com.br\/wp-content\/uploads\/2025\/05\/EU_portal.jpg\",\"caption\":\"Luzimara Fernandes\"},\"description\":\"Jornalista MTB 2358-ES\",\"sameAs\":[\"https:\/\/jornalfatosenoticias.com.br\"],\"url\":\"https:\/\/jornalfatosenoticias.com.br\/index.php\/author\/luzimara\/\"}]}<\/script>\n<!-- \/ Yoast SEO plugin. -->","yoast_head_json":{"title":"Trem-bala acumula 18 anos de promessas, R$ 60 bilh\u00f5es falados e zero km constru\u00eddo - Jornal Fatos e Not\u00edcias","robots":{"index":"index","follow":"follow","max-snippet":"max-snippet:-1","max-image-preview":"max-image-preview:large","max-video-preview":"max-video-preview:-1"},"canonical":"https:\/\/jornalfatosenoticias.com.br\/index.php\/2026\/01\/26\/trem-bala-acumula-18-anos-de-promessas-r-60-bilhoes-falados-e-zero-km-construido\/","og_locale":"pt_BR","og_type":"article","og_title":"Trem-bala acumula 18 anos de promessas, R$ 60 bilh\u00f5es falados e zero km constru\u00eddo - Jornal Fatos e Not\u00edcias","og_description":"Trem-bala SP\u2013RJ: projeto autorizado prev\u00ea viagem de 105 minutos entre S\u00e3o Paulo e Rio Por Bruno Maffi Dezoito anos ap\u00f3s virar promessa de campanha do PT, o trem-bala entre S\u00e3o Paulo e Rio de Janeiro acumula um novo adiamento \u2014 e nenhum trilho constru\u00eddo. Em rela\u00e7\u00e3o ao projeto, o PT chega ao fim do terceiro [&hellip;]","og_url":"https:\/\/jornalfatosenoticias.com.br\/index.php\/2026\/01\/26\/trem-bala-acumula-18-anos-de-promessas-r-60-bilhoes-falados-e-zero-km-construido\/","og_site_name":"Jornal Fatos e Not\u00edcias","article_published_time":"2026-01-27T02:06:08+00:00","article_modified_time":"2026-01-27T02:06:09+00:00","og_image":[{"width":919,"height":717,"url":"https:\/\/jornalfatosenoticias.com.br\/wp-content\/uploads\/2026\/01\/Ilustracao-Trem-Bala.jpg","type":"image\/jpeg"}],"author":"Luzimara Fernandes","twitter_card":"summary_large_image","twitter_misc":{"Escrito por":"Luzimara Fernandes","Est. tempo de leitura":"11 minutos"},"schema":{"@context":"https:\/\/schema.org","@graph":[{"@type":"Article","@id":"https:\/\/jornalfatosenoticias.com.br\/index.php\/2026\/01\/26\/trem-bala-acumula-18-anos-de-promessas-r-60-bilhoes-falados-e-zero-km-construido\/#article","isPartOf":{"@id":"https:\/\/jornalfatosenoticias.com.br\/index.php\/2026\/01\/26\/trem-bala-acumula-18-anos-de-promessas-r-60-bilhoes-falados-e-zero-km-construido\/"},"author":{"name":"Luzimara Fernandes","@id":"https:\/\/jornalfatosenoticias.com.br\/#\/schema\/person\/d63837fa13ac8666eb9e74e0985d6f81"},"headline":"Trem-bala acumula 18 anos de promessas, R$ 60 bilh\u00f5es falados e zero km constru\u00eddo","datePublished":"2026-01-27T02:06:08+00:00","dateModified":"2026-01-27T02:06:09+00:00","mainEntityOfPage":{"@id":"https:\/\/jornalfatosenoticias.com.br\/index.php\/2026\/01\/26\/trem-bala-acumula-18-anos-de-promessas-r-60-bilhoes-falados-e-zero-km-construido\/"},"wordCount":1775,"commentCount":0,"publisher":{"@id":"https:\/\/jornalfatosenoticias.com.br\/#organization"},"image":{"@id":"https:\/\/jornalfatosenoticias.com.br\/index.php\/2026\/01\/26\/trem-bala-acumula-18-anos-de-promessas-r-60-bilhoes-falados-e-zero-km-construido\/#primaryimage"},"thumbnailUrl":"https:\/\/jornalfatosenoticias.com.br\/wp-content\/uploads\/2026\/01\/Ilustracao-Trem-Bala.jpg","keywords":["corrup\u00e7\u00e3o","goveno Lula","promessas do PT","Rio de Janeiro","S\u00e3o Paulo","TAV Brasil","trem-bala"],"articleSection":["Mobilidade"],"inLanguage":"pt-BR","potentialAction":[{"@type":"CommentAction","name":"Comment","target":["https:\/\/jornalfatosenoticias.com.br\/index.php\/2026\/01\/26\/trem-bala-acumula-18-anos-de-promessas-r-60-bilhoes-falados-e-zero-km-construido\/#respond"]}]},{"@type":"WebPage","@id":"https:\/\/jornalfatosenoticias.com.br\/index.php\/2026\/01\/26\/trem-bala-acumula-18-anos-de-promessas-r-60-bilhoes-falados-e-zero-km-construido\/","url":"https:\/\/jornalfatosenoticias.com.br\/index.php\/2026\/01\/26\/trem-bala-acumula-18-anos-de-promessas-r-60-bilhoes-falados-e-zero-km-construido\/","name":"Trem-bala acumula 18 anos de promessas, R$ 60 bilh\u00f5es falados e zero km constru\u00eddo - Jornal Fatos e Not\u00edcias","isPartOf":{"@id":"https:\/\/jornalfatosenoticias.com.br\/#website"},"primaryImageOfPage":{"@id":"https:\/\/jornalfatosenoticias.com.br\/index.php\/2026\/01\/26\/trem-bala-acumula-18-anos-de-promessas-r-60-bilhoes-falados-e-zero-km-construido\/#primaryimage"},"image":{"@id":"https:\/\/jornalfatosenoticias.com.br\/index.php\/2026\/01\/26\/trem-bala-acumula-18-anos-de-promessas-r-60-bilhoes-falados-e-zero-km-construido\/#primaryimage"},"thumbnailUrl":"https:\/\/jornalfatosenoticias.com.br\/wp-content\/uploads\/2026\/01\/Ilustracao-Trem-Bala.jpg","datePublished":"2026-01-27T02:06:08+00:00","dateModified":"2026-01-27T02:06:09+00:00","breadcrumb":{"@id":"https:\/\/jornalfatosenoticias.com.br\/index.php\/2026\/01\/26\/trem-bala-acumula-18-anos-de-promessas-r-60-bilhoes-falados-e-zero-km-construido\/#breadcrumb"},"inLanguage":"pt-BR","potentialAction":[{"@type":"ReadAction","target":["https:\/\/jornalfatosenoticias.com.br\/index.php\/2026\/01\/26\/trem-bala-acumula-18-anos-de-promessas-r-60-bilhoes-falados-e-zero-km-construido\/"]}]},{"@type":"ImageObject","inLanguage":"pt-BR","@id":"https:\/\/jornalfatosenoticias.com.br\/index.php\/2026\/01\/26\/trem-bala-acumula-18-anos-de-promessas-r-60-bilhoes-falados-e-zero-km-construido\/#primaryimage","url":"https:\/\/jornalfatosenoticias.com.br\/wp-content\/uploads\/2026\/01\/Ilustracao-Trem-Bala.jpg","contentUrl":"https:\/\/jornalfatosenoticias.com.br\/wp-content\/uploads\/2026\/01\/Ilustracao-Trem-Bala.jpg","width":919,"height":717},{"@type":"BreadcrumbList","@id":"https:\/\/jornalfatosenoticias.com.br\/index.php\/2026\/01\/26\/trem-bala-acumula-18-anos-de-promessas-r-60-bilhoes-falados-e-zero-km-construido\/#breadcrumb","itemListElement":[{"@type":"ListItem","position":1,"name":"In\u00edcio","item":"https:\/\/jornalfatosenoticias.com.br\/"},{"@type":"ListItem","position":2,"name":"Trem-bala acumula 18 anos de promessas, R$ 60 bilh\u00f5es falados e zero km constru\u00eddo"}]},{"@type":"WebSite","@id":"https:\/\/jornalfatosenoticias.com.br\/#website","url":"https:\/\/jornalfatosenoticias.com.br\/","name":"Jornal Fatos e Not\u00edcias","description":"Not\u00edcias em geral","publisher":{"@id":"https:\/\/jornalfatosenoticias.com.br\/#organization"},"potentialAction":[{"@type":"SearchAction","target":{"@type":"EntryPoint","urlTemplate":"https:\/\/jornalfatosenoticias.com.br\/?s={search_term_string}"},"query-input":{"@type":"PropertyValueSpecification","valueRequired":true,"valueName":"search_term_string"}}],"inLanguage":"pt-BR"},{"@type":"Organization","@id":"https:\/\/jornalfatosenoticias.com.br\/#organization","name":"Jornal Fatos e Not\u00edcias","url":"https:\/\/jornalfatosenoticias.com.br\/","logo":{"@type":"ImageObject","inLanguage":"pt-BR","@id":"https:\/\/jornalfatosenoticias.com.br\/#\/schema\/logo\/image\/","url":"https:\/\/jornalfatosenoticias.com.br\/wp-content\/uploads\/2020\/02\/logo120.png","contentUrl":"https:\/\/jornalfatosenoticias.com.br\/wp-content\/uploads\/2020\/02\/logo120.png","width":1227,"height":120,"caption":"Jornal Fatos e Not\u00edcias"},"image":{"@id":"https:\/\/jornalfatosenoticias.com.br\/#\/schema\/logo\/image\/"}},{"@type":"Person","@id":"https:\/\/jornalfatosenoticias.com.br\/#\/schema\/person\/d63837fa13ac8666eb9e74e0985d6f81","name":"Luzimara Fernandes","image":{"@type":"ImageObject","inLanguage":"pt-BR","@id":"https:\/\/jornalfatosenoticias.com.br\/#\/schema\/person\/image\/","url":"https:\/\/jornalfatosenoticias.com.br\/wp-content\/uploads\/2025\/05\/EU_portal.jpg","contentUrl":"https:\/\/jornalfatosenoticias.com.br\/wp-content\/uploads\/2025\/05\/EU_portal.jpg","caption":"Luzimara Fernandes"},"description":"Jornalista MTB 2358-ES","sameAs":["https:\/\/jornalfatosenoticias.com.br"],"url":"https:\/\/jornalfatosenoticias.com.br\/index.php\/author\/luzimara\/"}]}},"cc_featured_image_caption":{"caption_text":"","source_text":"","source_url":""},"jetpack_featured_media_url":"https:\/\/jornalfatosenoticias.com.br\/wp-content\/uploads\/2026\/01\/Ilustracao-Trem-Bala.jpg","_links":{"self":[{"href":"https:\/\/jornalfatosenoticias.com.br\/index.php\/wp-json\/wp\/v2\/posts\/64703","targetHints":{"allow":["GET"]}}],"collection":[{"href":"https:\/\/jornalfatosenoticias.com.br\/index.php\/wp-json\/wp\/v2\/posts"}],"about":[{"href":"https:\/\/jornalfatosenoticias.com.br\/index.php\/wp-json\/wp\/v2\/types\/post"}],"author":[{"embeddable":true,"href":"https:\/\/jornalfatosenoticias.com.br\/index.php\/wp-json\/wp\/v2\/users\/2"}],"replies":[{"embeddable":true,"href":"https:\/\/jornalfatosenoticias.com.br\/index.php\/wp-json\/wp\/v2\/comments?post=64703"}],"version-history":[{"count":1,"href":"https:\/\/jornalfatosenoticias.com.br\/index.php\/wp-json\/wp\/v2\/posts\/64703\/revisions"}],"predecessor-version":[{"id":64705,"href":"https:\/\/jornalfatosenoticias.com.br\/index.php\/wp-json\/wp\/v2\/posts\/64703\/revisions\/64705"}],"wp:featuredmedia":[{"embeddable":true,"href":"https:\/\/jornalfatosenoticias.com.br\/index.php\/wp-json\/wp\/v2\/media\/64704"}],"wp:attachment":[{"href":"https:\/\/jornalfatosenoticias.com.br\/index.php\/wp-json\/wp\/v2\/media?parent=64703"}],"wp:term":[{"taxonomy":"category","embeddable":true,"href":"https:\/\/jornalfatosenoticias.com.br\/index.php\/wp-json\/wp\/v2\/categories?post=64703"},{"taxonomy":"post_tag","embeddable":true,"href":"https:\/\/jornalfatosenoticias.com.br\/index.php\/wp-json\/wp\/v2\/tags?post=64703"}],"curies":[{"name":"wp","href":"https:\/\/api.w.org\/{rel}","templated":true}]}}