{"id":64706,"date":"2026-01-26T23:18:34","date_gmt":"2026-01-27T02:18:34","guid":{"rendered":"https:\/\/jornalfatosenoticias.com.br\/?p=64706"},"modified":"2026-01-26T23:19:11","modified_gmt":"2026-01-27T02:19:11","slug":"secretario-geral-da-otan-diz-que-europa-nao-pode-se-defender-sem-ajuda-dos-eua-continuem-sonhando","status":"publish","type":"post","link":"https:\/\/jornalfatosenoticias.com.br\/index.php\/2026\/01\/26\/secretario-geral-da-otan-diz-que-europa-nao-pode-se-defender-sem-ajuda-dos-eua-continuem-sonhando\/","title":{"rendered":"Secret\u00e1rio-geral da Otan diz que Europa n\u00e3o pode se defender sem ajuda dos EUA: \u201ccontinuem sonhando\u201d"},"content":{"rendered":"\n<p><em><mark style=\"background-color:rgba(0, 0, 0, 0)\" class=\"has-inline-color has-black-color\">Secret\u00e1rio-geral da Otan, Mark Rutte, disse que os pa\u00edses da Europa precisariam elevar seus gastos com defesa para 10% do PIB caso n\u00e3o queiram depender dos EUA<\/mark><\/em><\/p>\n\n\n\n<p><mark style=\"background-color:rgba(0, 0, 0, 0)\" class=\"has-inline-color has-black-color\">Por <strong><a href=\"https:\/\/www.gazetadopovo.com.br\/autor\/fabio-galao\/\">F\u00e1bio Gal\u00e3o<\/a><\/strong><\/mark><\/p>\n\n\n<div class=\"wp-block-image\">\n<figure class=\"aligncenter size-full\"><a href=\"https:\/\/www.instagram.com\/alhoroxao\/\"><img loading=\"lazy\" decoding=\"async\" width=\"960\" height=\"365\" src=\"https:\/\/jornalfatosenoticias.com.br\/wp-content\/uploads\/2026\/01\/logo-alho-Roxao.png\" alt=\"\" class=\"wp-image-64448\" srcset=\"https:\/\/jornalfatosenoticias.com.br\/wp-content\/uploads\/2026\/01\/logo-alho-Roxao.png 960w, https:\/\/jornalfatosenoticias.com.br\/wp-content\/uploads\/2026\/01\/logo-alho-Roxao-300x114.png 300w, https:\/\/jornalfatosenoticias.com.br\/wp-content\/uploads\/2026\/01\/logo-alho-Roxao-768x292.png 768w\" sizes=\"auto, (max-width: 960px) 100vw, 960px\" \/><\/a><\/figure>\n<\/div>\n\n\n<p>O secret\u00e1rio-geral da Otan, Mark Rutte, disse, nesta segunda-feira (26), que a Europa n\u00e3o conseguiria se defender de alguma agress\u00e3o externa sem ajuda dos Estados Unidos. A declara\u00e7\u00e3o ocorre em meio \u00e0s tens\u00f5es entre Washington e outros pa\u00edses que integram a alian\u00e7a militar do Ocidente, devido aos planos do presidente Donald Trump de anexar a Groenl\u00e2ndia, um territ\u00f3rio aut\u00f4nomo da Dinamarca que os EUA dizem ser necess\u00e1rio para seus objetivos de seguran\u00e7a nacional.<\/p>\n\n\n\n<blockquote class=\"wp-block-quote is-layout-flow wp-block-quote-is-layout-flow\">\n<p><mark style=\"background-color:rgba(0, 0, 0, 0)\" class=\"has-inline-color has-luminous-vivid-orange-color\">Se algu\u00e9m ainda pensa que a Uni\u00e3o Europeia, ou a Europa como um todo, consegue se defender sem os EUA, continue sonhando. N\u00e3o consegue\u201d, disse Rutte a eurodeputados das comiss\u00f5es de Rela\u00e7\u00f5es Exteriores e de Seguran\u00e7a e Defesa do Parlamento Europeu em Bruxelas, na B\u00e9lgica, segundo informa\u00e7\u00f5es da ag\u00eancia France-Presse (AFP).<\/mark><\/p>\n<\/blockquote>\n\n\n<div class=\"wp-block-image\">\n<figure class=\"aligncenter size-large is-resized\"><a href=\"https:\/\/www.instagram.com\/esteio.churrascaria\/\"><img loading=\"lazy\" decoding=\"async\" width=\"1024\" height=\"730\" src=\"https:\/\/jornalfatosenoticias.com.br\/wp-content\/uploads\/2022\/02\/LOGO-ESTEIO-1024x730.png\" alt=\"\" class=\"wp-image-27942\" style=\"aspect-ratio:1.4027519523986611;width:365px;height:auto\" srcset=\"https:\/\/jornalfatosenoticias.com.br\/wp-content\/uploads\/2022\/02\/LOGO-ESTEIO-1024x730.png 1024w, https:\/\/jornalfatosenoticias.com.br\/wp-content\/uploads\/2022\/02\/LOGO-ESTEIO-300x214.png 300w, https:\/\/jornalfatosenoticias.com.br\/wp-content\/uploads\/2022\/02\/LOGO-ESTEIO-768x548.png 768w, https:\/\/jornalfatosenoticias.com.br\/wp-content\/uploads\/2022\/02\/LOGO-ESTEIO.png 1123w\" sizes=\"auto, (max-width: 1024px) 100vw, 1024px\" \/><\/a><\/figure>\n<\/div>\n\n\n<p>O secret\u00e1rio-geral da Otan disse que, se a Europa ocidental n\u00e3o quiser depender de garantias de seguran\u00e7a americanas, teria que elevar seus gastos com defesa (especialmente com armas nucleares) para 10% do PIB, o dobro do patamar que os integrantes da alian\u00e7a aceitaram investir at\u00e9 2035 em acordo firmado no ano passado, ap\u00f3s press\u00e3o de Trump.<\/p>\n\n\n\n<blockquote class=\"wp-block-quote is-layout-flow wp-block-quote-is-layout-flow\">\n<p><mark style=\"background-color:rgba(0, 0, 0, 0)\" class=\"has-inline-color has-luminous-vivid-orange-color\">[Sem os Estados Unidos,] perder\u00edamos o principal garantidor da nossa liberdade, que \u00e9 o guarda-chuva nuclear americano\u201d, disse Rutte nesta segunda-feira. \u201cEnt\u00e3o, boa sorte\u201d.<\/mark><\/p>\n<\/blockquote>\n\n\n<div class=\"wp-block-image\">\n<figure class=\"aligncenter size-large is-resized\"><a href=\"https:\/\/www.instagram.com\/serra4x4cambioautomatico\/\"><img loading=\"lazy\" decoding=\"async\" width=\"886\" height=\"1024\" src=\"https:\/\/jornalfatosenoticias.com.br\/wp-content\/uploads\/2024\/08\/Serra-4x4-1-886x1024.jpg\" alt=\"\" class=\"wp-image-53632\" style=\"aspect-ratio:0.8652368390870513;width:295px;height:auto\" srcset=\"https:\/\/jornalfatosenoticias.com.br\/wp-content\/uploads\/2024\/08\/Serra-4x4-1-886x1024.jpg 886w, https:\/\/jornalfatosenoticias.com.br\/wp-content\/uploads\/2024\/08\/Serra-4x4-1-260x300.jpg 260w, https:\/\/jornalfatosenoticias.com.br\/wp-content\/uploads\/2024\/08\/Serra-4x4-1-768x888.jpg 768w, https:\/\/jornalfatosenoticias.com.br\/wp-content\/uploads\/2024\/08\/Serra-4x4-1.jpg 1181w\" sizes=\"auto, (max-width: 886px) 100vw, 886px\" \/><\/a><\/figure>\n<\/div>\n\n\n<p>De acordo com a AFP, o ex-premi\u00ea da Holanda tamb\u00e9m rejeitou uma proposta do comiss\u00e1rio de Defesa da Uni\u00e3o Europeia, Andrius Kubilius, para que uma for\u00e7a de defesa europeia substitua as tropas americanas no continente. <em>\u201cIsso vai complicar ainda mais as coisas. Acho que [o ditador russo Vladimir] Putin iria adorar isso. Ent\u00e3o, pensem melhor\u201d, <\/em>disse Rutte. A respeito de um acordo sobre a Groenl\u00e2ndia, cuja \u201cestrutura\u201d teria sido combinada com a Otan, segundo Trump <a href=\"https:\/\/www.gazetadopovo.com.br\/mundo\/trump-anuncia-acordo-com-a-otan-sobre-a-groenlandia-e-suspende-tarifas-contra-paises-europeus\/\">anunciou na semana passada<\/a>, Rutte disse que a alian\u00e7a \u201cassumiria mais responsabilidade pela defesa do \u00c1rtico\u201d, mas que ele n\u00e3o est\u00e1 em posi\u00e7\u00e3o de negociar \u201cem nome da Dinamarca, ent\u00e3o n\u00e3o negociei e n\u00e3o negociarei\u201d. O secret\u00e1rio-geral da Otan tamb\u00e9m minimizou o mal-estar entre os EUA e aliados de Otan depois que Trump <a href=\"https:\/\/www.gazetadopovo.com.br\/mundo\/comentario-trump-otan-pouco-ajudou-afeganistao-gera-reacao-europa\/\">ridicularizou, na semana passada, o papel de for\u00e7as de outros pa\u00edses na guerra do Afeganist\u00e3o<\/a> (2001-2021).<\/p>\n\n\n<div class=\"wp-block-image\">\n<figure class=\"aligncenter size-large is-resized\"><a href=\"https:\/\/hotelmarquetti.com.br\/\"><img loading=\"lazy\" decoding=\"async\" width=\"1024\" height=\"680\" src=\"https:\/\/jornalfatosenoticias.com.br\/wp-content\/uploads\/2020\/02\/LOGO-MQ-1024x680.jpg\" alt=\"\" class=\"wp-image-58299\" style=\"aspect-ratio:1.5059172441326603;width:346px;height:auto\" srcset=\"https:\/\/jornalfatosenoticias.com.br\/wp-content\/uploads\/2020\/02\/LOGO-MQ-1024x680.jpg 1024w, https:\/\/jornalfatosenoticias.com.br\/wp-content\/uploads\/2020\/02\/LOGO-MQ-300x199.jpg 300w, https:\/\/jornalfatosenoticias.com.br\/wp-content\/uploads\/2020\/02\/LOGO-MQ-768x510.jpg 768w, https:\/\/jornalfatosenoticias.com.br\/wp-content\/uploads\/2020\/02\/LOGO-MQ-1536x1020.jpg 1536w, https:\/\/jornalfatosenoticias.com.br\/wp-content\/uploads\/2020\/02\/LOGO-MQ-2048x1360.jpg 2048w\" sizes=\"auto, (max-width: 1024px) 100vw, 1024px\" \/><\/a><\/figure>\n<\/div>\n\n\n<blockquote class=\"wp-block-quote is-layout-flow wp-block-quote-is-layout-flow\">\n<p><mark style=\"background-color:rgba(0, 0, 0, 0)\" class=\"has-inline-color has-luminous-vivid-orange-color\">Para cada dois soldados americanos que pagaram o pre\u00e7o m\u00e1ximo, um soldado de um aliado ou parceiro, um aliado ou parceiro da Otan, n\u00e3o voltou para casa\u201d, disse Rutte. \u201cSei que os Estados Unidos s\u00e3o muito gratos por todos os esfor\u00e7os\u201d.<\/mark><\/p>\n<\/blockquote>\n\n\n<div class=\"wp-block-image\">\n<figure class=\"aligncenter size-full\"><a href=\"https:\/\/premiertemperos.com.br\/novo\/\"><img loading=\"lazy\" decoding=\"async\" width=\"851\" height=\"315\" src=\"https:\/\/jornalfatosenoticias.com.br\/wp-content\/uploads\/2020\/02\/logo-Premier-Temperos.png\" alt=\"\" class=\"wp-image-64452\" srcset=\"https:\/\/jornalfatosenoticias.com.br\/wp-content\/uploads\/2020\/02\/logo-Premier-Temperos.png 851w, https:\/\/jornalfatosenoticias.com.br\/wp-content\/uploads\/2020\/02\/logo-Premier-Temperos-300x111.png 300w, https:\/\/jornalfatosenoticias.com.br\/wp-content\/uploads\/2020\/02\/logo-Premier-Temperos-768x284.png 768w\" sizes=\"auto, (max-width: 851px) 100vw, 851px\" \/><\/a><\/figure>\n<\/div>\n\n\n<p><strong><mark style=\"background-color:rgba(0, 0, 0, 0)\" class=\"has-inline-color has-black-color\">(Foto: Getty Images)<\/mark><\/strong><\/p>\n\n\n\n<p><strong>Fonte: <a href=\"https:\/\/www.gazetadopovo.com.br\/mundo\/secretario-geral-otan-diz-europa-nao-pode-defender-sem-ajuda-eua\/\">Gazeta do Povo<\/a><\/strong><\/p>\n","protected":false},"excerpt":{"rendered":"<p>Secret\u00e1rio-geral da Otan, Mark Rutte, disse que os pa\u00edses da Europa precisariam elevar seus gastos com defesa para 10% do PIB caso n\u00e3o queiram depender dos EUA Por F\u00e1bio Gal\u00e3o O secret\u00e1rio-geral da Otan, Mark Rutte, disse, nesta segunda-feira (26), que a Europa n\u00e3o conseguiria se defender de alguma agress\u00e3o externa sem ajuda dos Estados [&hellip;]<\/p>\n","protected":false},"author":2,"featured_media":64707,"comment_status":"open","ping_status":"open","sticky":false,"template":"","format":"standard","meta":{"footnotes":""},"categories":[41],"tags":[2147,159,125,806,13462,497],"class_list":["post-64706","post","type-post","status-publish","format-standard","has-post-thumbnail","hentry","category-internacional","tag-donald-trump","tag-eua","tag-europa","tag-groenlandia","tag-otan","tag-uniao-europeia"],"yoast_head":"<!-- This site is optimized with the Yoast SEO plugin v26.5 - https:\/\/yoast.com\/wordpress\/plugins\/seo\/ -->\n<title>Secret\u00e1rio-geral da Otan diz que Europa n\u00e3o pode se defender sem ajuda dos EUA: \u201ccontinuem sonhando\u201d - Jornal Fatos e Not\u00edcias<\/title>\n<meta name=\"robots\" content=\"index, follow, max-snippet:-1, max-image-preview:large, max-video-preview:-1\" \/>\n<link rel=\"canonical\" href=\"https:\/\/jornalfatosenoticias.com.br\/index.php\/2026\/01\/26\/secretario-geral-da-otan-diz-que-europa-nao-pode-se-defender-sem-ajuda-dos-eua-continuem-sonhando\/\" \/>\n<meta property=\"og:locale\" content=\"pt_BR\" \/>\n<meta property=\"og:type\" content=\"article\" \/>\n<meta property=\"og:title\" content=\"Secret\u00e1rio-geral da Otan diz que Europa n\u00e3o pode se defender sem ajuda dos EUA: \u201ccontinuem sonhando\u201d - Jornal Fatos e Not\u00edcias\" \/>\n<meta property=\"og:description\" content=\"Secret\u00e1rio-geral da Otan, Mark Rutte, disse que os pa\u00edses da Europa precisariam elevar seus gastos com defesa para 10% do PIB caso n\u00e3o queiram depender dos EUA Por F\u00e1bio Gal\u00e3o O secret\u00e1rio-geral da Otan, Mark Rutte, disse, nesta segunda-feira (26), que a Europa n\u00e3o conseguiria se defender de alguma agress\u00e3o externa sem ajuda dos Estados [&hellip;]\" \/>\n<meta property=\"og:url\" content=\"https:\/\/jornalfatosenoticias.com.br\/index.php\/2026\/01\/26\/secretario-geral-da-otan-diz-que-europa-nao-pode-se-defender-sem-ajuda-dos-eua-continuem-sonhando\/\" \/>\n<meta property=\"og:site_name\" content=\"Jornal Fatos e Not\u00edcias\" \/>\n<meta property=\"article:published_time\" content=\"2026-01-27T02:18:34+00:00\" \/>\n<meta property=\"article:modified_time\" content=\"2026-01-27T02:19:11+00:00\" \/>\n<meta property=\"og:image\" content=\"https:\/\/jornalfatosenoticias.com.br\/wp-content\/uploads\/2026\/01\/Mark-Rutt-Otan_gettyimages.jpg\" \/>\n\t<meta property=\"og:image:width\" content=\"612\" \/>\n\t<meta property=\"og:image:height\" content=\"408\" \/>\n\t<meta property=\"og:image:type\" content=\"image\/jpeg\" \/>\n<meta name=\"author\" content=\"Luzimara Fernandes\" \/>\n<meta name=\"twitter:card\" content=\"summary_large_image\" \/>\n<meta name=\"twitter:label1\" content=\"Escrito por\" \/>\n\t<meta name=\"twitter:data1\" content=\"Luzimara Fernandes\" \/>\n\t<meta name=\"twitter:label2\" content=\"Est. tempo de leitura\" \/>\n\t<meta name=\"twitter:data2\" content=\"3 minutos\" \/>\n<script type=\"application\/ld+json\" class=\"yoast-schema-graph\">{\"@context\":\"https:\/\/schema.org\",\"@graph\":[{\"@type\":\"Article\",\"@id\":\"https:\/\/jornalfatosenoticias.com.br\/index.php\/2026\/01\/26\/secretario-geral-da-otan-diz-que-europa-nao-pode-se-defender-sem-ajuda-dos-eua-continuem-sonhando\/#article\",\"isPartOf\":{\"@id\":\"https:\/\/jornalfatosenoticias.com.br\/index.php\/2026\/01\/26\/secretario-geral-da-otan-diz-que-europa-nao-pode-se-defender-sem-ajuda-dos-eua-continuem-sonhando\/\"},\"author\":{\"name\":\"Luzimara Fernandes\",\"@id\":\"https:\/\/jornalfatosenoticias.com.br\/#\/schema\/person\/d63837fa13ac8666eb9e74e0985d6f81\"},\"headline\":\"Secret\u00e1rio-geral da Otan diz que Europa n\u00e3o pode se defender sem ajuda dos EUA: \u201ccontinuem sonhando\u201d\",\"datePublished\":\"2026-01-27T02:18:34+00:00\",\"dateModified\":\"2026-01-27T02:19:11+00:00\",\"mainEntityOfPage\":{\"@id\":\"https:\/\/jornalfatosenoticias.com.br\/index.php\/2026\/01\/26\/secretario-geral-da-otan-diz-que-europa-nao-pode-se-defender-sem-ajuda-dos-eua-continuem-sonhando\/\"},\"wordCount\":495,\"commentCount\":0,\"publisher\":{\"@id\":\"https:\/\/jornalfatosenoticias.com.br\/#organization\"},\"image\":{\"@id\":\"https:\/\/jornalfatosenoticias.com.br\/index.php\/2026\/01\/26\/secretario-geral-da-otan-diz-que-europa-nao-pode-se-defender-sem-ajuda-dos-eua-continuem-sonhando\/#primaryimage\"},\"thumbnailUrl\":\"https:\/\/jornalfatosenoticias.com.br\/wp-content\/uploads\/2026\/01\/Mark-Rutt-Otan_gettyimages.jpg\",\"keywords\":[\"Donald Trump\",\"EUA\",\"Europa\",\"Groenl\u00e2ndia\",\"Otan\",\"Uni\u00e3o Europeia\"],\"articleSection\":[\"Internacional\"],\"inLanguage\":\"pt-BR\",\"potentialAction\":[{\"@type\":\"CommentAction\",\"name\":\"Comment\",\"target\":[\"https:\/\/jornalfatosenoticias.com.br\/index.php\/2026\/01\/26\/secretario-geral-da-otan-diz-que-europa-nao-pode-se-defender-sem-ajuda-dos-eua-continuem-sonhando\/#respond\"]}]},{\"@type\":\"WebPage\",\"@id\":\"https:\/\/jornalfatosenoticias.com.br\/index.php\/2026\/01\/26\/secretario-geral-da-otan-diz-que-europa-nao-pode-se-defender-sem-ajuda-dos-eua-continuem-sonhando\/\",\"url\":\"https:\/\/jornalfatosenoticias.com.br\/index.php\/2026\/01\/26\/secretario-geral-da-otan-diz-que-europa-nao-pode-se-defender-sem-ajuda-dos-eua-continuem-sonhando\/\",\"name\":\"Secret\u00e1rio-geral da Otan diz que Europa n\u00e3o pode se defender sem ajuda dos EUA: \u201ccontinuem sonhando\u201d - Jornal Fatos e Not\u00edcias\",\"isPartOf\":{\"@id\":\"https:\/\/jornalfatosenoticias.com.br\/#website\"},\"primaryImageOfPage\":{\"@id\":\"https:\/\/jornalfatosenoticias.com.br\/index.php\/2026\/01\/26\/secretario-geral-da-otan-diz-que-europa-nao-pode-se-defender-sem-ajuda-dos-eua-continuem-sonhando\/#primaryimage\"},\"image\":{\"@id\":\"https:\/\/jornalfatosenoticias.com.br\/index.php\/2026\/01\/26\/secretario-geral-da-otan-diz-que-europa-nao-pode-se-defender-sem-ajuda-dos-eua-continuem-sonhando\/#primaryimage\"},\"thumbnailUrl\":\"https:\/\/jornalfatosenoticias.com.br\/wp-content\/uploads\/2026\/01\/Mark-Rutt-Otan_gettyimages.jpg\",\"datePublished\":\"2026-01-27T02:18:34+00:00\",\"dateModified\":\"2026-01-27T02:19:11+00:00\",\"breadcrumb\":{\"@id\":\"https:\/\/jornalfatosenoticias.com.br\/index.php\/2026\/01\/26\/secretario-geral-da-otan-diz-que-europa-nao-pode-se-defender-sem-ajuda-dos-eua-continuem-sonhando\/#breadcrumb\"},\"inLanguage\":\"pt-BR\",\"potentialAction\":[{\"@type\":\"ReadAction\",\"target\":[\"https:\/\/jornalfatosenoticias.com.br\/index.php\/2026\/01\/26\/secretario-geral-da-otan-diz-que-europa-nao-pode-se-defender-sem-ajuda-dos-eua-continuem-sonhando\/\"]}]},{\"@type\":\"ImageObject\",\"inLanguage\":\"pt-BR\",\"@id\":\"https:\/\/jornalfatosenoticias.com.br\/index.php\/2026\/01\/26\/secretario-geral-da-otan-diz-que-europa-nao-pode-se-defender-sem-ajuda-dos-eua-continuem-sonhando\/#primaryimage\",\"url\":\"https:\/\/jornalfatosenoticias.com.br\/wp-content\/uploads\/2026\/01\/Mark-Rutt-Otan_gettyimages.jpg\",\"contentUrl\":\"https:\/\/jornalfatosenoticias.com.br\/wp-content\/uploads\/2026\/01\/Mark-Rutt-Otan_gettyimages.jpg\",\"width\":612,\"height\":408,\"caption\":\"BRUSSELS, BELGIUM - JANUARY 26: Marie-Agnes Strack-Zimmermann and NATO Secretary General Mark Rutte (R) address committees of the European Union Parliament about Greenland negotiations on January 26, 2026 in Brussels, Belgium. Last week, U.S. President Donald Trump announced that there was a \\\"framework\\\" of a deal with NATO that would address American demands for control over Greenland, a semiautonomous Danish territory. The details of any such deal were scarce. European leaders have insisted that Greenland's sovereignty is a matter for Greenland and Denmark. (Photo by Omar Havana\/Getty Images)\"},{\"@type\":\"BreadcrumbList\",\"@id\":\"https:\/\/jornalfatosenoticias.com.br\/index.php\/2026\/01\/26\/secretario-geral-da-otan-diz-que-europa-nao-pode-se-defender-sem-ajuda-dos-eua-continuem-sonhando\/#breadcrumb\",\"itemListElement\":[{\"@type\":\"ListItem\",\"position\":1,\"name\":\"In\u00edcio\",\"item\":\"https:\/\/jornalfatosenoticias.com.br\/\"},{\"@type\":\"ListItem\",\"position\":2,\"name\":\"Secret\u00e1rio-geral da Otan diz que Europa n\u00e3o pode se defender sem ajuda dos EUA: \u201ccontinuem sonhando\u201d\"}]},{\"@type\":\"WebSite\",\"@id\":\"https:\/\/jornalfatosenoticias.com.br\/#website\",\"url\":\"https:\/\/jornalfatosenoticias.com.br\/\",\"name\":\"Jornal Fatos e Not\u00edcias\",\"description\":\"Not\u00edcias em geral\",\"publisher\":{\"@id\":\"https:\/\/jornalfatosenoticias.com.br\/#organization\"},\"potentialAction\":[{\"@type\":\"SearchAction\",\"target\":{\"@type\":\"EntryPoint\",\"urlTemplate\":\"https:\/\/jornalfatosenoticias.com.br\/?s={search_term_string}\"},\"query-input\":{\"@type\":\"PropertyValueSpecification\",\"valueRequired\":true,\"valueName\":\"search_term_string\"}}],\"inLanguage\":\"pt-BR\"},{\"@type\":\"Organization\",\"@id\":\"https:\/\/jornalfatosenoticias.com.br\/#organization\",\"name\":\"Jornal Fatos e Not\u00edcias\",\"url\":\"https:\/\/jornalfatosenoticias.com.br\/\",\"logo\":{\"@type\":\"ImageObject\",\"inLanguage\":\"pt-BR\",\"@id\":\"https:\/\/jornalfatosenoticias.com.br\/#\/schema\/logo\/image\/\",\"url\":\"https:\/\/jornalfatosenoticias.com.br\/wp-content\/uploads\/2020\/02\/logo120.png\",\"contentUrl\":\"https:\/\/jornalfatosenoticias.com.br\/wp-content\/uploads\/2020\/02\/logo120.png\",\"width\":1227,\"height\":120,\"caption\":\"Jornal Fatos e Not\u00edcias\"},\"image\":{\"@id\":\"https:\/\/jornalfatosenoticias.com.br\/#\/schema\/logo\/image\/\"}},{\"@type\":\"Person\",\"@id\":\"https:\/\/jornalfatosenoticias.com.br\/#\/schema\/person\/d63837fa13ac8666eb9e74e0985d6f81\",\"name\":\"Luzimara Fernandes\",\"image\":{\"@type\":\"ImageObject\",\"inLanguage\":\"pt-BR\",\"@id\":\"https:\/\/jornalfatosenoticias.com.br\/#\/schema\/person\/image\/\",\"url\":\"https:\/\/jornalfatosenoticias.com.br\/wp-content\/uploads\/2025\/05\/EU_portal.jpg\",\"contentUrl\":\"https:\/\/jornalfatosenoticias.com.br\/wp-content\/uploads\/2025\/05\/EU_portal.jpg\",\"caption\":\"Luzimara Fernandes\"},\"description\":\"Jornalista MTB 2358-ES\",\"sameAs\":[\"https:\/\/jornalfatosenoticias.com.br\"],\"url\":\"https:\/\/jornalfatosenoticias.com.br\/index.php\/author\/luzimara\/\"}]}<\/script>\n<!-- \/ Yoast SEO plugin. -->","yoast_head_json":{"title":"Secret\u00e1rio-geral da Otan diz que Europa n\u00e3o pode se defender sem ajuda dos EUA: \u201ccontinuem sonhando\u201d - Jornal Fatos e Not\u00edcias","robots":{"index":"index","follow":"follow","max-snippet":"max-snippet:-1","max-image-preview":"max-image-preview:large","max-video-preview":"max-video-preview:-1"},"canonical":"https:\/\/jornalfatosenoticias.com.br\/index.php\/2026\/01\/26\/secretario-geral-da-otan-diz-que-europa-nao-pode-se-defender-sem-ajuda-dos-eua-continuem-sonhando\/","og_locale":"pt_BR","og_type":"article","og_title":"Secret\u00e1rio-geral da Otan diz que Europa n\u00e3o pode se defender sem ajuda dos EUA: \u201ccontinuem sonhando\u201d - Jornal Fatos e Not\u00edcias","og_description":"Secret\u00e1rio-geral da Otan, Mark Rutte, disse que os pa\u00edses da Europa precisariam elevar seus gastos com defesa para 10% do PIB caso n\u00e3o queiram depender dos EUA Por F\u00e1bio Gal\u00e3o O secret\u00e1rio-geral da Otan, Mark Rutte, disse, nesta segunda-feira (26), que a Europa n\u00e3o conseguiria se defender de alguma agress\u00e3o externa sem ajuda dos Estados [&hellip;]","og_url":"https:\/\/jornalfatosenoticias.com.br\/index.php\/2026\/01\/26\/secretario-geral-da-otan-diz-que-europa-nao-pode-se-defender-sem-ajuda-dos-eua-continuem-sonhando\/","og_site_name":"Jornal Fatos e Not\u00edcias","article_published_time":"2026-01-27T02:18:34+00:00","article_modified_time":"2026-01-27T02:19:11+00:00","og_image":[{"width":612,"height":408,"url":"https:\/\/jornalfatosenoticias.com.br\/wp-content\/uploads\/2026\/01\/Mark-Rutt-Otan_gettyimages.jpg","type":"image\/jpeg"}],"author":"Luzimara Fernandes","twitter_card":"summary_large_image","twitter_misc":{"Escrito por":"Luzimara Fernandes","Est. tempo de leitura":"3 minutos"},"schema":{"@context":"https:\/\/schema.org","@graph":[{"@type":"Article","@id":"https:\/\/jornalfatosenoticias.com.br\/index.php\/2026\/01\/26\/secretario-geral-da-otan-diz-que-europa-nao-pode-se-defender-sem-ajuda-dos-eua-continuem-sonhando\/#article","isPartOf":{"@id":"https:\/\/jornalfatosenoticias.com.br\/index.php\/2026\/01\/26\/secretario-geral-da-otan-diz-que-europa-nao-pode-se-defender-sem-ajuda-dos-eua-continuem-sonhando\/"},"author":{"name":"Luzimara Fernandes","@id":"https:\/\/jornalfatosenoticias.com.br\/#\/schema\/person\/d63837fa13ac8666eb9e74e0985d6f81"},"headline":"Secret\u00e1rio-geral da Otan diz que Europa n\u00e3o pode se defender sem ajuda dos EUA: \u201ccontinuem sonhando\u201d","datePublished":"2026-01-27T02:18:34+00:00","dateModified":"2026-01-27T02:19:11+00:00","mainEntityOfPage":{"@id":"https:\/\/jornalfatosenoticias.com.br\/index.php\/2026\/01\/26\/secretario-geral-da-otan-diz-que-europa-nao-pode-se-defender-sem-ajuda-dos-eua-continuem-sonhando\/"},"wordCount":495,"commentCount":0,"publisher":{"@id":"https:\/\/jornalfatosenoticias.com.br\/#organization"},"image":{"@id":"https:\/\/jornalfatosenoticias.com.br\/index.php\/2026\/01\/26\/secretario-geral-da-otan-diz-que-europa-nao-pode-se-defender-sem-ajuda-dos-eua-continuem-sonhando\/#primaryimage"},"thumbnailUrl":"https:\/\/jornalfatosenoticias.com.br\/wp-content\/uploads\/2026\/01\/Mark-Rutt-Otan_gettyimages.jpg","keywords":["Donald Trump","EUA","Europa","Groenl\u00e2ndia","Otan","Uni\u00e3o Europeia"],"articleSection":["Internacional"],"inLanguage":"pt-BR","potentialAction":[{"@type":"CommentAction","name":"Comment","target":["https:\/\/jornalfatosenoticias.com.br\/index.php\/2026\/01\/26\/secretario-geral-da-otan-diz-que-europa-nao-pode-se-defender-sem-ajuda-dos-eua-continuem-sonhando\/#respond"]}]},{"@type":"WebPage","@id":"https:\/\/jornalfatosenoticias.com.br\/index.php\/2026\/01\/26\/secretario-geral-da-otan-diz-que-europa-nao-pode-se-defender-sem-ajuda-dos-eua-continuem-sonhando\/","url":"https:\/\/jornalfatosenoticias.com.br\/index.php\/2026\/01\/26\/secretario-geral-da-otan-diz-que-europa-nao-pode-se-defender-sem-ajuda-dos-eua-continuem-sonhando\/","name":"Secret\u00e1rio-geral da Otan diz que Europa n\u00e3o pode se defender sem ajuda dos EUA: \u201ccontinuem sonhando\u201d - Jornal Fatos e Not\u00edcias","isPartOf":{"@id":"https:\/\/jornalfatosenoticias.com.br\/#website"},"primaryImageOfPage":{"@id":"https:\/\/jornalfatosenoticias.com.br\/index.php\/2026\/01\/26\/secretario-geral-da-otan-diz-que-europa-nao-pode-se-defender-sem-ajuda-dos-eua-continuem-sonhando\/#primaryimage"},"image":{"@id":"https:\/\/jornalfatosenoticias.com.br\/index.php\/2026\/01\/26\/secretario-geral-da-otan-diz-que-europa-nao-pode-se-defender-sem-ajuda-dos-eua-continuem-sonhando\/#primaryimage"},"thumbnailUrl":"https:\/\/jornalfatosenoticias.com.br\/wp-content\/uploads\/2026\/01\/Mark-Rutt-Otan_gettyimages.jpg","datePublished":"2026-01-27T02:18:34+00:00","dateModified":"2026-01-27T02:19:11+00:00","breadcrumb":{"@id":"https:\/\/jornalfatosenoticias.com.br\/index.php\/2026\/01\/26\/secretario-geral-da-otan-diz-que-europa-nao-pode-se-defender-sem-ajuda-dos-eua-continuem-sonhando\/#breadcrumb"},"inLanguage":"pt-BR","potentialAction":[{"@type":"ReadAction","target":["https:\/\/jornalfatosenoticias.com.br\/index.php\/2026\/01\/26\/secretario-geral-da-otan-diz-que-europa-nao-pode-se-defender-sem-ajuda-dos-eua-continuem-sonhando\/"]}]},{"@type":"ImageObject","inLanguage":"pt-BR","@id":"https:\/\/jornalfatosenoticias.com.br\/index.php\/2026\/01\/26\/secretario-geral-da-otan-diz-que-europa-nao-pode-se-defender-sem-ajuda-dos-eua-continuem-sonhando\/#primaryimage","url":"https:\/\/jornalfatosenoticias.com.br\/wp-content\/uploads\/2026\/01\/Mark-Rutt-Otan_gettyimages.jpg","contentUrl":"https:\/\/jornalfatosenoticias.com.br\/wp-content\/uploads\/2026\/01\/Mark-Rutt-Otan_gettyimages.jpg","width":612,"height":408,"caption":"BRUSSELS, BELGIUM - JANUARY 26: Marie-Agnes Strack-Zimmermann and NATO Secretary General Mark Rutte (R) address committees of the European Union Parliament about Greenland negotiations on January 26, 2026 in Brussels, Belgium. Last week, U.S. President Donald Trump announced that there was a \"framework\" of a deal with NATO that would address American demands for control over Greenland, a semiautonomous Danish territory. The details of any such deal were scarce. European leaders have insisted that Greenland's sovereignty is a matter for Greenland and Denmark. (Photo by Omar Havana\/Getty Images)"},{"@type":"BreadcrumbList","@id":"https:\/\/jornalfatosenoticias.com.br\/index.php\/2026\/01\/26\/secretario-geral-da-otan-diz-que-europa-nao-pode-se-defender-sem-ajuda-dos-eua-continuem-sonhando\/#breadcrumb","itemListElement":[{"@type":"ListItem","position":1,"name":"In\u00edcio","item":"https:\/\/jornalfatosenoticias.com.br\/"},{"@type":"ListItem","position":2,"name":"Secret\u00e1rio-geral da Otan diz que Europa n\u00e3o pode se defender sem ajuda dos EUA: \u201ccontinuem sonhando\u201d"}]},{"@type":"WebSite","@id":"https:\/\/jornalfatosenoticias.com.br\/#website","url":"https:\/\/jornalfatosenoticias.com.br\/","name":"Jornal Fatos e Not\u00edcias","description":"Not\u00edcias em geral","publisher":{"@id":"https:\/\/jornalfatosenoticias.com.br\/#organization"},"potentialAction":[{"@type":"SearchAction","target":{"@type":"EntryPoint","urlTemplate":"https:\/\/jornalfatosenoticias.com.br\/?s={search_term_string}"},"query-input":{"@type":"PropertyValueSpecification","valueRequired":true,"valueName":"search_term_string"}}],"inLanguage":"pt-BR"},{"@type":"Organization","@id":"https:\/\/jornalfatosenoticias.com.br\/#organization","name":"Jornal Fatos e Not\u00edcias","url":"https:\/\/jornalfatosenoticias.com.br\/","logo":{"@type":"ImageObject","inLanguage":"pt-BR","@id":"https:\/\/jornalfatosenoticias.com.br\/#\/schema\/logo\/image\/","url":"https:\/\/jornalfatosenoticias.com.br\/wp-content\/uploads\/2020\/02\/logo120.png","contentUrl":"https:\/\/jornalfatosenoticias.com.br\/wp-content\/uploads\/2020\/02\/logo120.png","width":1227,"height":120,"caption":"Jornal Fatos e Not\u00edcias"},"image":{"@id":"https:\/\/jornalfatosenoticias.com.br\/#\/schema\/logo\/image\/"}},{"@type":"Person","@id":"https:\/\/jornalfatosenoticias.com.br\/#\/schema\/person\/d63837fa13ac8666eb9e74e0985d6f81","name":"Luzimara Fernandes","image":{"@type":"ImageObject","inLanguage":"pt-BR","@id":"https:\/\/jornalfatosenoticias.com.br\/#\/schema\/person\/image\/","url":"https:\/\/jornalfatosenoticias.com.br\/wp-content\/uploads\/2025\/05\/EU_portal.jpg","contentUrl":"https:\/\/jornalfatosenoticias.com.br\/wp-content\/uploads\/2025\/05\/EU_portal.jpg","caption":"Luzimara Fernandes"},"description":"Jornalista MTB 2358-ES","sameAs":["https:\/\/jornalfatosenoticias.com.br"],"url":"https:\/\/jornalfatosenoticias.com.br\/index.php\/author\/luzimara\/"}]}},"cc_featured_image_caption":{"caption_text":"","source_text":"","source_url":""},"jetpack_featured_media_url":"https:\/\/jornalfatosenoticias.com.br\/wp-content\/uploads\/2026\/01\/Mark-Rutt-Otan_gettyimages.jpg","_links":{"self":[{"href":"https:\/\/jornalfatosenoticias.com.br\/index.php\/wp-json\/wp\/v2\/posts\/64706","targetHints":{"allow":["GET"]}}],"collection":[{"href":"https:\/\/jornalfatosenoticias.com.br\/index.php\/wp-json\/wp\/v2\/posts"}],"about":[{"href":"https:\/\/jornalfatosenoticias.com.br\/index.php\/wp-json\/wp\/v2\/types\/post"}],"author":[{"embeddable":true,"href":"https:\/\/jornalfatosenoticias.com.br\/index.php\/wp-json\/wp\/v2\/users\/2"}],"replies":[{"embeddable":true,"href":"https:\/\/jornalfatosenoticias.com.br\/index.php\/wp-json\/wp\/v2\/comments?post=64706"}],"version-history":[{"count":2,"href":"https:\/\/jornalfatosenoticias.com.br\/index.php\/wp-json\/wp\/v2\/posts\/64706\/revisions"}],"predecessor-version":[{"id":64709,"href":"https:\/\/jornalfatosenoticias.com.br\/index.php\/wp-json\/wp\/v2\/posts\/64706\/revisions\/64709"}],"wp:featuredmedia":[{"embeddable":true,"href":"https:\/\/jornalfatosenoticias.com.br\/index.php\/wp-json\/wp\/v2\/media\/64707"}],"wp:attachment":[{"href":"https:\/\/jornalfatosenoticias.com.br\/index.php\/wp-json\/wp\/v2\/media?parent=64706"}],"wp:term":[{"taxonomy":"category","embeddable":true,"href":"https:\/\/jornalfatosenoticias.com.br\/index.php\/wp-json\/wp\/v2\/categories?post=64706"},{"taxonomy":"post_tag","embeddable":true,"href":"https:\/\/jornalfatosenoticias.com.br\/index.php\/wp-json\/wp\/v2\/tags?post=64706"}],"curies":[{"name":"wp","href":"https:\/\/api.w.org\/{rel}","templated":true}]}}