{"id":64720,"date":"2026-01-27T15:29:11","date_gmt":"2026-01-27T18:29:11","guid":{"rendered":"https:\/\/jornalfatosenoticias.com.br\/?p=64720"},"modified":"2026-01-27T15:29:13","modified_gmt":"2026-01-27T18:29:13","slug":"transporte-rodoviario-no-espirito-santo-a-coluna-invisivel-que-sustenta-a-industria-e-a-logistica-nacional","status":"publish","type":"post","link":"https:\/\/jornalfatosenoticias.com.br\/index.php\/2026\/01\/27\/transporte-rodoviario-no-espirito-santo-a-coluna-invisivel-que-sustenta-a-industria-e-a-logistica-nacional\/","title":{"rendered":"Transporte rodovi\u00e1rio no Esp\u00edrito Santo, a coluna invis\u00edvel que sustenta a ind\u00fastria e a log\u00edstica nacional"},"content":{"rendered":"<div class=\"wp-block-image\">\n<figure class=\"aligncenter size-large\"><a href=\"https:\/\/www.controlsystems.com.br\/\"><img loading=\"lazy\" decoding=\"async\" width=\"1024\" height=\"109\" src=\"https:\/\/jornalfatosenoticias.com.br\/wp-content\/uploads\/2020\/02\/CONTROL-CS2-1024x109.jpg\" alt=\"\" class=\"wp-image-44989\" srcset=\"https:\/\/jornalfatosenoticias.com.br\/wp-content\/uploads\/2020\/02\/CONTROL-CS2-1024x109.jpg 1024w, https:\/\/jornalfatosenoticias.com.br\/wp-content\/uploads\/2020\/02\/CONTROL-CS2-300x32.jpg 300w, https:\/\/jornalfatosenoticias.com.br\/wp-content\/uploads\/2020\/02\/CONTROL-CS2-768x82.jpg 768w, https:\/\/jornalfatosenoticias.com.br\/wp-content\/uploads\/2020\/02\/CONTROL-CS2.jpg 1120w\" sizes=\"auto, (max-width: 1024px) 100vw, 1024px\" \/><\/a><\/figure>\n<\/div>\n\n\n<p>O<strong><a href=\"https:\/\/online.fliphtml5.com\/ywlkz\/elgt\/#p=41\"> transporte rodovi\u00e1rio<\/a><\/strong> no <strong>Esp\u00edrito Santo<\/strong> ocupa uma posi\u00e7\u00e3o estrat\u00e9gica que vai muito al\u00e9m da simples movimenta\u00e7\u00e3o de cargas. Ele \u00e9, na pr\u00e1tica, a engrenagem silenciosa que conecta a ind\u00fastria, o agroneg\u00f3cio, os portos e os centros de consumo, sustentando uma das cadeias log\u00edsticas mais relevantes do pa\u00eds. Em um cen\u00e1rio de transforma\u00e7\u00e3o digital, press\u00e3o por efici\u00eancia e exig\u00eancias crescentes de sustentabilidade, o modal rodovi\u00e1rio capixaba passa por um momento decisivo.<\/p>\n\n\n\n<p><strong><mark style=\"background-color:rgba(0, 0, 0, 0)\" class=\"has-inline-color has-black-color\">Uma malha que conecta o Brasil ao mundo<br><\/mark><\/strong>Localizado em um dos pontos mais estrat\u00e9gicos da costa brasileira, o Esp\u00edrito Santo \u00e9 porta de entrada e sa\u00edda para fluxos log\u00edsticos nacionais e internacionais. Essa posi\u00e7\u00e3o geogr\u00e1fica privilegiada imp\u00f5e ao transporte rodovi\u00e1rio uma responsabilidade central: garantir a integra\u00e7\u00e3o eficiente entre polos industriais, \u00e1reas produtoras e complexos portu\u00e1rios.<br>Rodovias como eixos estruturantes do estado s\u00e3o diariamente desafiadas a operar com alto volume de cargas, prazos rigorosos e custos cada vez mais pressionados. Para setores intensivos em log\u00edstica \u2014 como siderurgia, minera\u00e7\u00e3o, celulose e metalmec\u00e2nica \u2014 qualquer inefici\u00eancia no transporte representa impacto direto na competitividade.<\/p>\n\n\n<div class=\"wp-block-image\">\n<figure class=\"aligncenter size-large is-resized\"><a href=\"https:\/\/www.instagram.com\/serra4x4cambioautomatico\/\"><img loading=\"lazy\" decoding=\"async\" width=\"886\" height=\"1024\" src=\"https:\/\/jornalfatosenoticias.com.br\/wp-content\/uploads\/2024\/08\/Serra-4x4-1-886x1024.jpg\" alt=\"\" class=\"wp-image-53632\" style=\"aspect-ratio:0.8652368390870513;width:286px;height:auto\" srcset=\"https:\/\/jornalfatosenoticias.com.br\/wp-content\/uploads\/2024\/08\/Serra-4x4-1-886x1024.jpg 886w, https:\/\/jornalfatosenoticias.com.br\/wp-content\/uploads\/2024\/08\/Serra-4x4-1-260x300.jpg 260w, https:\/\/jornalfatosenoticias.com.br\/wp-content\/uploads\/2024\/08\/Serra-4x4-1-768x888.jpg 768w, https:\/\/jornalfatosenoticias.com.br\/wp-content\/uploads\/2024\/08\/Serra-4x4-1.jpg 1181w\" sizes=\"auto, (max-width: 886px) 100vw, 886px\" \/><\/a><\/figure>\n<\/div>\n\n\n<p><strong><mark style=\"background-color:rgba(0, 0, 0, 0)\" class=\"has-inline-color has-black-color\">O peso econ\u00f4mico do transporte rodovi\u00e1rio<br><\/mark><\/strong>O modal rodovi\u00e1rio segue sendo o principal meio de transporte de cargas no Esp\u00edrito Santo, respondendo pela maior parte da circula\u00e7\u00e3o de insumos e produtos acabados. Essa predomin\u00e2ncia reflete tanto a capilaridade das rodovias quanto a flexibilidade operacional que o transporte sobre pneus oferece.<br>No entanto, essa depend\u00eancia tamb\u00e9m exp\u00f5e gargalos hist\u00f3ricos: trechos congestionados, custos elevados de manuten\u00e7\u00e3o, riscos operacionais e a necessidade constante de renova\u00e7\u00e3o de frota. Em um ambiente industrial cada vez mais orientado por dados, produtividade e previsibilidade, esses desafios deixam de ser apenas log\u00edsticos e passam a ser estrat\u00e9gicos.<\/p>\n\n\n<div class=\"wp-block-image\">\n<figure class=\"aligncenter size-full\"><img loading=\"lazy\" decoding=\"async\" width=\"742\" height=\"1000\" src=\"https:\/\/jornalfatosenoticias.com.br\/wp-content\/uploads\/2026\/01\/ChatGPT-Image_texto-Milena.jpg\" alt=\"\" class=\"wp-image-64721\" srcset=\"https:\/\/jornalfatosenoticias.com.br\/wp-content\/uploads\/2026\/01\/ChatGPT-Image_texto-Milena.jpg 742w, https:\/\/jornalfatosenoticias.com.br\/wp-content\/uploads\/2026\/01\/ChatGPT-Image_texto-Milena-223x300.jpg 223w\" sizes=\"auto, (max-width: 742px) 100vw, 742px\" \/><figcaption class=\"wp-element-caption\"><em><mark style=\"background-color:rgba(0, 0, 0, 0)\" class=\"has-inline-color has-black-color\">(Foto: ChatGPT)<\/mark><\/em><\/figcaption><\/figure>\n<\/div>\n\n\n<p><strong><mark style=\"background-color:rgba(0, 0, 0, 0)\" class=\"has-inline-color has-black-color\">Tecnologia e gest\u00e3o: o novo motor do setor<br><\/mark><\/strong>A transforma\u00e7\u00e3o do transporte rodovi\u00e1rio no Esp\u00edrito Santo passa, inevitavelmente, pela ado\u00e7\u00e3o de tecnologia. Sistemas de rastreamento, telemetria, roteiriza\u00e7\u00e3o inteligente e gest\u00e3o de frotas baseada em dados deixaram de ser diferenciais e tornaram-se requisitos m\u00ednimos para opera\u00e7\u00e3o competitiva.<br>Empresas que atuam no estado j\u00e1 percebem ganhos significativos com o uso de solu\u00e7\u00f5es digitais: redu\u00e7\u00e3o de consumo de combust\u00edvel, maior controle de manuten\u00e7\u00e3o preventiva, diminui\u00e7\u00e3o de acidentes e melhoria no cumprimento de prazos. Esse movimento aproxima o transporte rodovi\u00e1rio do conceito de <strong>log\u00edstica 5.0<\/strong>, no qual efici\u00eancia operacional e intelig\u00eancia de dados caminham juntas.<\/p>\n\n\n<div class=\"wp-block-image\">\n<figure class=\"aligncenter size-full\"><a href=\"http:\/\/www.ferrarimaquinas.com.br\/\"><img loading=\"lazy\" decoding=\"async\" width=\"300\" height=\"250\" src=\"https:\/\/jornalfatosenoticias.com.br\/wp-content\/uploads\/2022\/02\/FERRARI_MAQUINAS-E-FERRAMENTAS2.jpg\" alt=\"\" class=\"wp-image-27860\"\/><\/a><\/figure>\n<\/div>\n\n\n<p><strong><mark style=\"background-color:rgba(0, 0, 0, 0)\" class=\"has-inline-color has-black-color\">Sustentabilidade como exig\u00eancia, n\u00e3o como discurso<br><\/mark><\/strong>Outro ponto central na evolu\u00e7\u00e3o do transporte rodovi\u00e1rio capixaba \u00e9 a sustentabilidade. A press\u00e3o por redu\u00e7\u00e3o de emiss\u00f5es, tanto por parte da ind\u00fastria quanto do mercado internacional, coloca o setor diante de um novo paradigma.<br>A moderniza\u00e7\u00e3o de frotas, o uso de combust\u00edveis alternativos, a otimiza\u00e7\u00e3o de rotas e a integra\u00e7\u00e3o com outros modais s\u00e3o caminhos cada vez mais debatidos. No Esp\u00edrito Santo, onde o transporte rodovi\u00e1rio \u00e9 fortemente ligado \u00e0s cadeias exportadoras, alinhar log\u00edstica e responsabilidade ambiental deixou de ser opcional \u2014 tornou-se condi\u00e7\u00e3o para manter acesso a mercados e contratos.<\/p>\n\n\n<div class=\"wp-block-image\">\n<figure class=\"aligncenter size-full\"><a href=\"https:\/\/www.cesconetto.com.br\/\"><img loading=\"lazy\" decoding=\"async\" width=\"300\" height=\"250\" src=\"https:\/\/jornalfatosenoticias.com.br\/wp-content\/uploads\/2022\/02\/Banner-2.png\" alt=\"\" class=\"wp-image-27877\"\/><\/a><\/figure>\n<\/div>\n\n\n<p><strong><mark style=\"background-color:rgba(0, 0, 0, 0)\" class=\"has-inline-color has-black-color\">Infraestrutura: entre avan\u00e7os e desafios persistentes<br><\/mark><\/strong>Apesar de avan\u00e7os pontuais em infraestrutura, o transporte rodovi\u00e1rio no estado ainda convive com limita\u00e7\u00f5es que exigem aten\u00e7\u00e3o cont\u00ednua. Investimentos em duplica\u00e7\u00f5es, manuten\u00e7\u00e3o e seguran\u00e7a vi\u00e1ria s\u00e3o fundamentais para acompanhar o crescimento da demanda log\u00edstica.<br>Al\u00e9m disso, a integra\u00e7\u00e3o eficiente entre rodovias e portos continua sendo um dos grandes desafios. Reduzir tempos de espera, melhorar acessos e garantir fluidez nos corredores log\u00edsticos \u00e9 essencial para evitar custos adicionais e gargalos que comprometem toda a cadeia produtiva.<\/p>\n\n\n<div class=\"wp-block-image\">\n<figure class=\"aligncenter size-full is-resized\"><a href=\"https:\/\/www.instagram.com\/kalynecalais\/\"><img loading=\"lazy\" decoding=\"async\" width=\"969\" height=\"406\" src=\"https:\/\/jornalfatosenoticias.com.br\/wp-content\/uploads\/2024\/09\/Legis-Juris-Consultoria_logo.jpg\" alt=\"\" class=\"wp-image-53915\" style=\"aspect-ratio:2.3868022598870056;width:535px;height:auto\" srcset=\"https:\/\/jornalfatosenoticias.com.br\/wp-content\/uploads\/2024\/09\/Legis-Juris-Consultoria_logo.jpg 969w, https:\/\/jornalfatosenoticias.com.br\/wp-content\/uploads\/2024\/09\/Legis-Juris-Consultoria_logo-300x126.jpg 300w, https:\/\/jornalfatosenoticias.com.br\/wp-content\/uploads\/2024\/09\/Legis-Juris-Consultoria_logo-768x322.jpg 768w\" sizes=\"auto, (max-width: 969px) 100vw, 969px\" \/><\/a><\/figure>\n<\/div>\n\n\n<p><strong><mark style=\"background-color:rgba(0, 0, 0, 0)\" class=\"has-inline-color has-black-color\">O fator humano no centro da transforma\u00e7\u00e3o<br><\/mark><\/strong>Em meio a tanta tecnologia e inova\u00e7\u00e3o, o fator humano segue sendo decisivo. Motoristas qualificados, operadores capacitados e gestores preparados para lidar com dados e decis\u00f5es complexas s\u00e3o pe\u00e7as-chave para o futuro do transporte rodovi\u00e1rio.<br>No Esp\u00edrito Santo, iniciativas de capacita\u00e7\u00e3o e valoriza\u00e7\u00e3o profissional ganham relev\u00e2ncia, especialmente diante da escassez de m\u00e3o de obra especializada. A log\u00edstica moderna exige mais do que conduzir ve\u00edculos: exige vis\u00e3o sist\u00eamica, responsabilidade e dom\u00ednio tecnol\u00f3gico.<\/p>\n\n\n<div class=\"wp-block-image\">\n<figure class=\"aligncenter size-full is-resized\"><a href=\"https:\/\/panper.com.br\/\"><img loading=\"lazy\" decoding=\"async\" width=\"400\" height=\"277\" src=\"https:\/\/jornalfatosenoticias.com.br\/wp-content\/uploads\/2023\/03\/logo-Panper_portal.jpg\" alt=\"\" class=\"wp-image-40208\" style=\"aspect-ratio:1.4441247814068934;width:339px;height:auto\" srcset=\"https:\/\/jornalfatosenoticias.com.br\/wp-content\/uploads\/2023\/03\/logo-Panper_portal.jpg 400w, https:\/\/jornalfatosenoticias.com.br\/wp-content\/uploads\/2023\/03\/logo-Panper_portal-300x208.jpg 300w\" sizes=\"auto, (max-width: 400px) 100vw, 400px\" \/><\/a><\/figure>\n<\/div>\n\n\n<p><strong><mark style=\"background-color:rgba(0, 0, 0, 0)\" class=\"has-inline-color has-black-color\">Um setor em transi\u00e7\u00e3o estrat\u00e9gica<br><\/mark><\/strong>O transporte rodovi\u00e1rio capixaba vive um momento de transi\u00e7\u00e3o. De um lado, carrega o peso de ser o principal elo da log\u00edstica estadual. De outro, enfrenta a necessidade de se reinventar para atender \u00e0s exig\u00eancias de um mercado cada vez mais conectado, sustent\u00e1vel e competitivo.<br>Para a ind\u00fastria do a\u00e7o e para todo o ecossistema produtivo, compreender e investir nessa transforma\u00e7\u00e3o n\u00e3o \u00e9 apenas uma quest\u00e3o operacional \u2014 \u00e9 uma decis\u00e3o estrat\u00e9gica. O futuro do transporte rodovi\u00e1rio no Esp\u00edrito Santo ser\u00e1 definido pela capacidade de alinhar infraestrutura, tecnologia, sustentabilidade e pessoas.<br>Mais do que mover cargas, o setor move o desenvolvimento. E, no Esp\u00edrito Santo, ele segue sendo a coluna invis\u00edvel que sustenta o presente e molda o futuro da log\u00edstica nacional.<\/p>\n\n\n<div class=\"wp-block-image\">\n<figure class=\"aligncenter size-full is-resized\"><a href=\"https:\/\/www.facebook.com\/vetor.vix\/\"><img loading=\"lazy\" decoding=\"async\" width=\"1024\" height=\"273\" src=\"https:\/\/jornalfatosenoticias.com.br\/wp-content\/uploads\/2023\/09\/vetorvix1024_1.jpg\" alt=\"\" class=\"wp-image-44868\" style=\"aspect-ratio:3.7511010086660037;width:773px;height:auto\" srcset=\"https:\/\/jornalfatosenoticias.com.br\/wp-content\/uploads\/2023\/09\/vetorvix1024_1.jpg 1024w, https:\/\/jornalfatosenoticias.com.br\/wp-content\/uploads\/2023\/09\/vetorvix1024_1-300x80.jpg 300w, https:\/\/jornalfatosenoticias.com.br\/wp-content\/uploads\/2023\/09\/vetorvix1024_1-768x205.jpg 768w\" sizes=\"auto, (max-width: 1024px) 100vw, 1024px\" \/><\/a><\/figure>\n<\/div>\n\n\n<p><strong><mark style=\"background-color:rgba(0, 0, 0, 0)\" class=\"has-inline-color has-black-color\">(Foto de capa: ChatGPT)<\/mark><\/strong><\/p>\n","protected":false},"excerpt":{"rendered":"<p>O transporte rodovi\u00e1rio no Esp\u00edrito Santo ocupa uma posi\u00e7\u00e3o estrat\u00e9gica que vai muito al\u00e9m da simples movimenta\u00e7\u00e3o de cargas. Ele \u00e9, na pr\u00e1tica, a engrenagem silenciosa que conecta a ind\u00fastria, o agroneg\u00f3cio, os portos e os centros de consumo, sustentando uma das cadeias log\u00edsticas mais relevantes do pa\u00eds. Em um cen\u00e1rio de transforma\u00e7\u00e3o digital, press\u00e3o [&hellip;]<\/p>\n","protected":false},"author":37,"featured_media":64722,"comment_status":"open","ping_status":"open","sticky":false,"template":"","format":"standard","meta":{"footnotes":""},"categories":[9923],"tags":[100,280,2730,27432,25893],"class_list":["post-64720","post","type-post","status-publish","format-standard","has-post-thumbnail","hentry","category-mobilidade","tag-espirito-santo","tag-industria","tag-logistica","tag-transporte-de-cargas","tag-transporte-rodoviario"],"yoast_head":"<!-- This site is optimized with the Yoast SEO plugin v26.5 - https:\/\/yoast.com\/wordpress\/plugins\/seo\/ -->\n<title>Transporte rodovi\u00e1rio no Esp\u00edrito Santo, a coluna invis\u00edvel que sustenta a ind\u00fastria e a log\u00edstica nacional - Jornal Fatos e Not\u00edcias<\/title>\n<meta name=\"robots\" content=\"index, follow, max-snippet:-1, max-image-preview:large, max-video-preview:-1\" \/>\n<link rel=\"canonical\" href=\"https:\/\/jornalfatosenoticias.com.br\/index.php\/2026\/01\/27\/transporte-rodoviario-no-espirito-santo-a-coluna-invisivel-que-sustenta-a-industria-e-a-logistica-nacional\/\" \/>\n<meta property=\"og:locale\" content=\"pt_BR\" \/>\n<meta property=\"og:type\" content=\"article\" \/>\n<meta property=\"og:title\" content=\"Transporte rodovi\u00e1rio no Esp\u00edrito Santo, a coluna invis\u00edvel que sustenta a ind\u00fastria e a log\u00edstica nacional - Jornal Fatos e Not\u00edcias\" \/>\n<meta property=\"og:description\" content=\"O transporte rodovi\u00e1rio no Esp\u00edrito Santo ocupa uma posi\u00e7\u00e3o estrat\u00e9gica que vai muito al\u00e9m da simples movimenta\u00e7\u00e3o de cargas. Ele \u00e9, na pr\u00e1tica, a engrenagem silenciosa que conecta a ind\u00fastria, o agroneg\u00f3cio, os portos e os centros de consumo, sustentando uma das cadeias log\u00edsticas mais relevantes do pa\u00eds. Em um cen\u00e1rio de transforma\u00e7\u00e3o digital, press\u00e3o [&hellip;]\" \/>\n<meta property=\"og:url\" content=\"https:\/\/jornalfatosenoticias.com.br\/index.php\/2026\/01\/27\/transporte-rodoviario-no-espirito-santo-a-coluna-invisivel-que-sustenta-a-industria-e-a-logistica-nacional\/\" \/>\n<meta property=\"og:site_name\" content=\"Jornal Fatos e Not\u00edcias\" \/>\n<meta property=\"article:published_time\" content=\"2026-01-27T18:29:11+00:00\" \/>\n<meta property=\"article:modified_time\" content=\"2026-01-27T18:29:13+00:00\" \/>\n<meta property=\"og:image\" content=\"https:\/\/jornalfatosenoticias.com.br\/wp-content\/uploads\/2026\/01\/Logistica_ChatGPT-Image.jpg\" \/>\n\t<meta property=\"og:image:width\" content=\"800\" \/>\n\t<meta property=\"og:image:height\" content=\"533\" \/>\n\t<meta property=\"og:image:type\" content=\"image\/jpeg\" \/>\n<meta name=\"author\" content=\"Milena Rohr\" \/>\n<meta name=\"twitter:card\" content=\"summary_large_image\" \/>\n<meta name=\"twitter:label1\" content=\"Escrito por\" \/>\n\t<meta name=\"twitter:data1\" content=\"Milena Rohr\" \/>\n\t<meta name=\"twitter:label2\" content=\"Est. tempo de leitura\" \/>\n\t<meta name=\"twitter:data2\" content=\"6 minutos\" \/>\n<script type=\"application\/ld+json\" class=\"yoast-schema-graph\">{\"@context\":\"https:\/\/schema.org\",\"@graph\":[{\"@type\":\"Article\",\"@id\":\"https:\/\/jornalfatosenoticias.com.br\/index.php\/2026\/01\/27\/transporte-rodoviario-no-espirito-santo-a-coluna-invisivel-que-sustenta-a-industria-e-a-logistica-nacional\/#article\",\"isPartOf\":{\"@id\":\"https:\/\/jornalfatosenoticias.com.br\/index.php\/2026\/01\/27\/transporte-rodoviario-no-espirito-santo-a-coluna-invisivel-que-sustenta-a-industria-e-a-logistica-nacional\/\"},\"author\":{\"name\":\"Milena Rohr\",\"@id\":\"https:\/\/jornalfatosenoticias.com.br\/#\/schema\/person\/bd76a40517f387e41cc072b0d3c7d627\"},\"headline\":\"Transporte rodovi\u00e1rio no Esp\u00edrito Santo, a coluna invis\u00edvel que sustenta a ind\u00fastria e a log\u00edstica nacional\",\"datePublished\":\"2026-01-27T18:29:11+00:00\",\"dateModified\":\"2026-01-27T18:29:13+00:00\",\"mainEntityOfPage\":{\"@id\":\"https:\/\/jornalfatosenoticias.com.br\/index.php\/2026\/01\/27\/transporte-rodoviario-no-espirito-santo-a-coluna-invisivel-que-sustenta-a-industria-e-a-logistica-nacional\/\"},\"wordCount\":905,\"commentCount\":0,\"publisher\":{\"@id\":\"https:\/\/jornalfatosenoticias.com.br\/#organization\"},\"image\":{\"@id\":\"https:\/\/jornalfatosenoticias.com.br\/index.php\/2026\/01\/27\/transporte-rodoviario-no-espirito-santo-a-coluna-invisivel-que-sustenta-a-industria-e-a-logistica-nacional\/#primaryimage\"},\"thumbnailUrl\":\"https:\/\/jornalfatosenoticias.com.br\/wp-content\/uploads\/2026\/01\/Logistica_ChatGPT-Image.jpg\",\"keywords\":[\"Esp\u00edrito Santo\",\"ind\u00fastria\",\"log\u00edstica\",\"transporte de cargas\",\"transporte rodovi\u00e1rio\"],\"articleSection\":[\"Mobilidade\"],\"inLanguage\":\"pt-BR\",\"potentialAction\":[{\"@type\":\"CommentAction\",\"name\":\"Comment\",\"target\":[\"https:\/\/jornalfatosenoticias.com.br\/index.php\/2026\/01\/27\/transporte-rodoviario-no-espirito-santo-a-coluna-invisivel-que-sustenta-a-industria-e-a-logistica-nacional\/#respond\"]}]},{\"@type\":\"WebPage\",\"@id\":\"https:\/\/jornalfatosenoticias.com.br\/index.php\/2026\/01\/27\/transporte-rodoviario-no-espirito-santo-a-coluna-invisivel-que-sustenta-a-industria-e-a-logistica-nacional\/\",\"url\":\"https:\/\/jornalfatosenoticias.com.br\/index.php\/2026\/01\/27\/transporte-rodoviario-no-espirito-santo-a-coluna-invisivel-que-sustenta-a-industria-e-a-logistica-nacional\/\",\"name\":\"Transporte rodovi\u00e1rio no Esp\u00edrito Santo, a coluna invis\u00edvel que sustenta a ind\u00fastria e a log\u00edstica nacional - Jornal Fatos e Not\u00edcias\",\"isPartOf\":{\"@id\":\"https:\/\/jornalfatosenoticias.com.br\/#website\"},\"primaryImageOfPage\":{\"@id\":\"https:\/\/jornalfatosenoticias.com.br\/index.php\/2026\/01\/27\/transporte-rodoviario-no-espirito-santo-a-coluna-invisivel-que-sustenta-a-industria-e-a-logistica-nacional\/#primaryimage\"},\"image\":{\"@id\":\"https:\/\/jornalfatosenoticias.com.br\/index.php\/2026\/01\/27\/transporte-rodoviario-no-espirito-santo-a-coluna-invisivel-que-sustenta-a-industria-e-a-logistica-nacional\/#primaryimage\"},\"thumbnailUrl\":\"https:\/\/jornalfatosenoticias.com.br\/wp-content\/uploads\/2026\/01\/Logistica_ChatGPT-Image.jpg\",\"datePublished\":\"2026-01-27T18:29:11+00:00\",\"dateModified\":\"2026-01-27T18:29:13+00:00\",\"breadcrumb\":{\"@id\":\"https:\/\/jornalfatosenoticias.com.br\/index.php\/2026\/01\/27\/transporte-rodoviario-no-espirito-santo-a-coluna-invisivel-que-sustenta-a-industria-e-a-logistica-nacional\/#breadcrumb\"},\"inLanguage\":\"pt-BR\",\"potentialAction\":[{\"@type\":\"ReadAction\",\"target\":[\"https:\/\/jornalfatosenoticias.com.br\/index.php\/2026\/01\/27\/transporte-rodoviario-no-espirito-santo-a-coluna-invisivel-que-sustenta-a-industria-e-a-logistica-nacional\/\"]}]},{\"@type\":\"ImageObject\",\"inLanguage\":\"pt-BR\",\"@id\":\"https:\/\/jornalfatosenoticias.com.br\/index.php\/2026\/01\/27\/transporte-rodoviario-no-espirito-santo-a-coluna-invisivel-que-sustenta-a-industria-e-a-logistica-nacional\/#primaryimage\",\"url\":\"https:\/\/jornalfatosenoticias.com.br\/wp-content\/uploads\/2026\/01\/Logistica_ChatGPT-Image.jpg\",\"contentUrl\":\"https:\/\/jornalfatosenoticias.com.br\/wp-content\/uploads\/2026\/01\/Logistica_ChatGPT-Image.jpg\",\"width\":800,\"height\":533},{\"@type\":\"BreadcrumbList\",\"@id\":\"https:\/\/jornalfatosenoticias.com.br\/index.php\/2026\/01\/27\/transporte-rodoviario-no-espirito-santo-a-coluna-invisivel-que-sustenta-a-industria-e-a-logistica-nacional\/#breadcrumb\",\"itemListElement\":[{\"@type\":\"ListItem\",\"position\":1,\"name\":\"In\u00edcio\",\"item\":\"https:\/\/jornalfatosenoticias.com.br\/\"},{\"@type\":\"ListItem\",\"position\":2,\"name\":\"Transporte rodovi\u00e1rio no Esp\u00edrito Santo, a coluna invis\u00edvel que sustenta a ind\u00fastria e a log\u00edstica nacional\"}]},{\"@type\":\"WebSite\",\"@id\":\"https:\/\/jornalfatosenoticias.com.br\/#website\",\"url\":\"https:\/\/jornalfatosenoticias.com.br\/\",\"name\":\"Jornal Fatos e Not\u00edcias\",\"description\":\"Not\u00edcias em geral\",\"publisher\":{\"@id\":\"https:\/\/jornalfatosenoticias.com.br\/#organization\"},\"potentialAction\":[{\"@type\":\"SearchAction\",\"target\":{\"@type\":\"EntryPoint\",\"urlTemplate\":\"https:\/\/jornalfatosenoticias.com.br\/?s={search_term_string}\"},\"query-input\":{\"@type\":\"PropertyValueSpecification\",\"valueRequired\":true,\"valueName\":\"search_term_string\"}}],\"inLanguage\":\"pt-BR\"},{\"@type\":\"Organization\",\"@id\":\"https:\/\/jornalfatosenoticias.com.br\/#organization\",\"name\":\"Jornal Fatos e Not\u00edcias\",\"url\":\"https:\/\/jornalfatosenoticias.com.br\/\",\"logo\":{\"@type\":\"ImageObject\",\"inLanguage\":\"pt-BR\",\"@id\":\"https:\/\/jornalfatosenoticias.com.br\/#\/schema\/logo\/image\/\",\"url\":\"https:\/\/jornalfatosenoticias.com.br\/wp-content\/uploads\/2020\/02\/logo120.png\",\"contentUrl\":\"https:\/\/jornalfatosenoticias.com.br\/wp-content\/uploads\/2020\/02\/logo120.png\",\"width\":1227,\"height\":120,\"caption\":\"Jornal Fatos e Not\u00edcias\"},\"image\":{\"@id\":\"https:\/\/jornalfatosenoticias.com.br\/#\/schema\/logo\/image\/\"}},{\"@type\":\"Person\",\"@id\":\"https:\/\/jornalfatosenoticias.com.br\/#\/schema\/person\/bd76a40517f387e41cc072b0d3c7d627\",\"name\":\"Milena Rohr\",\"image\":{\"@type\":\"ImageObject\",\"inLanguage\":\"pt-BR\",\"@id\":\"https:\/\/jornalfatosenoticias.com.br\/#\/schema\/person\/image\/\",\"url\":\"https:\/\/jornalfatosenoticias.com.br\/wp-content\/uploads\/2026\/03\/Milena-Rohr_portal-150x150.jpg\",\"contentUrl\":\"https:\/\/jornalfatosenoticias.com.br\/wp-content\/uploads\/2026\/03\/Milena-Rohr_portal-150x150.jpg\",\"caption\":\"Milena Rohr\"},\"description\":\"Milena Rohr S\u00f3cia e diretora do MasterMind (Funda\u00e7\u00e3o Napoleon Hill), Gestora Empresarial, Embaixadora do BNI, Palestrante, Escritora, Colunista e Mentora FRST do Grupo Falconi\",\"url\":\"https:\/\/jornalfatosenoticias.com.br\/index.php\/author\/milena-rhor\/\"}]}<\/script>\n<!-- \/ Yoast SEO plugin. -->","yoast_head_json":{"title":"Transporte rodovi\u00e1rio no Esp\u00edrito Santo, a coluna invis\u00edvel que sustenta a ind\u00fastria e a log\u00edstica nacional - Jornal Fatos e Not\u00edcias","robots":{"index":"index","follow":"follow","max-snippet":"max-snippet:-1","max-image-preview":"max-image-preview:large","max-video-preview":"max-video-preview:-1"},"canonical":"https:\/\/jornalfatosenoticias.com.br\/index.php\/2026\/01\/27\/transporte-rodoviario-no-espirito-santo-a-coluna-invisivel-que-sustenta-a-industria-e-a-logistica-nacional\/","og_locale":"pt_BR","og_type":"article","og_title":"Transporte rodovi\u00e1rio no Esp\u00edrito Santo, a coluna invis\u00edvel que sustenta a ind\u00fastria e a log\u00edstica nacional - Jornal Fatos e Not\u00edcias","og_description":"O transporte rodovi\u00e1rio no Esp\u00edrito Santo ocupa uma posi\u00e7\u00e3o estrat\u00e9gica que vai muito al\u00e9m da simples movimenta\u00e7\u00e3o de cargas. Ele \u00e9, na pr\u00e1tica, a engrenagem silenciosa que conecta a ind\u00fastria, o agroneg\u00f3cio, os portos e os centros de consumo, sustentando uma das cadeias log\u00edsticas mais relevantes do pa\u00eds. Em um cen\u00e1rio de transforma\u00e7\u00e3o digital, press\u00e3o [&hellip;]","og_url":"https:\/\/jornalfatosenoticias.com.br\/index.php\/2026\/01\/27\/transporte-rodoviario-no-espirito-santo-a-coluna-invisivel-que-sustenta-a-industria-e-a-logistica-nacional\/","og_site_name":"Jornal Fatos e Not\u00edcias","article_published_time":"2026-01-27T18:29:11+00:00","article_modified_time":"2026-01-27T18:29:13+00:00","og_image":[{"width":800,"height":533,"url":"https:\/\/jornalfatosenoticias.com.br\/wp-content\/uploads\/2026\/01\/Logistica_ChatGPT-Image.jpg","type":"image\/jpeg"}],"author":"Milena Rohr","twitter_card":"summary_large_image","twitter_misc":{"Escrito por":"Milena Rohr","Est. tempo de leitura":"6 minutos"},"schema":{"@context":"https:\/\/schema.org","@graph":[{"@type":"Article","@id":"https:\/\/jornalfatosenoticias.com.br\/index.php\/2026\/01\/27\/transporte-rodoviario-no-espirito-santo-a-coluna-invisivel-que-sustenta-a-industria-e-a-logistica-nacional\/#article","isPartOf":{"@id":"https:\/\/jornalfatosenoticias.com.br\/index.php\/2026\/01\/27\/transporte-rodoviario-no-espirito-santo-a-coluna-invisivel-que-sustenta-a-industria-e-a-logistica-nacional\/"},"author":{"name":"Milena Rohr","@id":"https:\/\/jornalfatosenoticias.com.br\/#\/schema\/person\/bd76a40517f387e41cc072b0d3c7d627"},"headline":"Transporte rodovi\u00e1rio no Esp\u00edrito Santo, a coluna invis\u00edvel que sustenta a ind\u00fastria e a log\u00edstica nacional","datePublished":"2026-01-27T18:29:11+00:00","dateModified":"2026-01-27T18:29:13+00:00","mainEntityOfPage":{"@id":"https:\/\/jornalfatosenoticias.com.br\/index.php\/2026\/01\/27\/transporte-rodoviario-no-espirito-santo-a-coluna-invisivel-que-sustenta-a-industria-e-a-logistica-nacional\/"},"wordCount":905,"commentCount":0,"publisher":{"@id":"https:\/\/jornalfatosenoticias.com.br\/#organization"},"image":{"@id":"https:\/\/jornalfatosenoticias.com.br\/index.php\/2026\/01\/27\/transporte-rodoviario-no-espirito-santo-a-coluna-invisivel-que-sustenta-a-industria-e-a-logistica-nacional\/#primaryimage"},"thumbnailUrl":"https:\/\/jornalfatosenoticias.com.br\/wp-content\/uploads\/2026\/01\/Logistica_ChatGPT-Image.jpg","keywords":["Esp\u00edrito Santo","ind\u00fastria","log\u00edstica","transporte de cargas","transporte rodovi\u00e1rio"],"articleSection":["Mobilidade"],"inLanguage":"pt-BR","potentialAction":[{"@type":"CommentAction","name":"Comment","target":["https:\/\/jornalfatosenoticias.com.br\/index.php\/2026\/01\/27\/transporte-rodoviario-no-espirito-santo-a-coluna-invisivel-que-sustenta-a-industria-e-a-logistica-nacional\/#respond"]}]},{"@type":"WebPage","@id":"https:\/\/jornalfatosenoticias.com.br\/index.php\/2026\/01\/27\/transporte-rodoviario-no-espirito-santo-a-coluna-invisivel-que-sustenta-a-industria-e-a-logistica-nacional\/","url":"https:\/\/jornalfatosenoticias.com.br\/index.php\/2026\/01\/27\/transporte-rodoviario-no-espirito-santo-a-coluna-invisivel-que-sustenta-a-industria-e-a-logistica-nacional\/","name":"Transporte rodovi\u00e1rio no Esp\u00edrito Santo, a coluna invis\u00edvel que sustenta a ind\u00fastria e a log\u00edstica nacional - Jornal Fatos e Not\u00edcias","isPartOf":{"@id":"https:\/\/jornalfatosenoticias.com.br\/#website"},"primaryImageOfPage":{"@id":"https:\/\/jornalfatosenoticias.com.br\/index.php\/2026\/01\/27\/transporte-rodoviario-no-espirito-santo-a-coluna-invisivel-que-sustenta-a-industria-e-a-logistica-nacional\/#primaryimage"},"image":{"@id":"https:\/\/jornalfatosenoticias.com.br\/index.php\/2026\/01\/27\/transporte-rodoviario-no-espirito-santo-a-coluna-invisivel-que-sustenta-a-industria-e-a-logistica-nacional\/#primaryimage"},"thumbnailUrl":"https:\/\/jornalfatosenoticias.com.br\/wp-content\/uploads\/2026\/01\/Logistica_ChatGPT-Image.jpg","datePublished":"2026-01-27T18:29:11+00:00","dateModified":"2026-01-27T18:29:13+00:00","breadcrumb":{"@id":"https:\/\/jornalfatosenoticias.com.br\/index.php\/2026\/01\/27\/transporte-rodoviario-no-espirito-santo-a-coluna-invisivel-que-sustenta-a-industria-e-a-logistica-nacional\/#breadcrumb"},"inLanguage":"pt-BR","potentialAction":[{"@type":"ReadAction","target":["https:\/\/jornalfatosenoticias.com.br\/index.php\/2026\/01\/27\/transporte-rodoviario-no-espirito-santo-a-coluna-invisivel-que-sustenta-a-industria-e-a-logistica-nacional\/"]}]},{"@type":"ImageObject","inLanguage":"pt-BR","@id":"https:\/\/jornalfatosenoticias.com.br\/index.php\/2026\/01\/27\/transporte-rodoviario-no-espirito-santo-a-coluna-invisivel-que-sustenta-a-industria-e-a-logistica-nacional\/#primaryimage","url":"https:\/\/jornalfatosenoticias.com.br\/wp-content\/uploads\/2026\/01\/Logistica_ChatGPT-Image.jpg","contentUrl":"https:\/\/jornalfatosenoticias.com.br\/wp-content\/uploads\/2026\/01\/Logistica_ChatGPT-Image.jpg","width":800,"height":533},{"@type":"BreadcrumbList","@id":"https:\/\/jornalfatosenoticias.com.br\/index.php\/2026\/01\/27\/transporte-rodoviario-no-espirito-santo-a-coluna-invisivel-que-sustenta-a-industria-e-a-logistica-nacional\/#breadcrumb","itemListElement":[{"@type":"ListItem","position":1,"name":"In\u00edcio","item":"https:\/\/jornalfatosenoticias.com.br\/"},{"@type":"ListItem","position":2,"name":"Transporte rodovi\u00e1rio no Esp\u00edrito Santo, a coluna invis\u00edvel que sustenta a ind\u00fastria e a log\u00edstica nacional"}]},{"@type":"WebSite","@id":"https:\/\/jornalfatosenoticias.com.br\/#website","url":"https:\/\/jornalfatosenoticias.com.br\/","name":"Jornal Fatos e Not\u00edcias","description":"Not\u00edcias em geral","publisher":{"@id":"https:\/\/jornalfatosenoticias.com.br\/#organization"},"potentialAction":[{"@type":"SearchAction","target":{"@type":"EntryPoint","urlTemplate":"https:\/\/jornalfatosenoticias.com.br\/?s={search_term_string}"},"query-input":{"@type":"PropertyValueSpecification","valueRequired":true,"valueName":"search_term_string"}}],"inLanguage":"pt-BR"},{"@type":"Organization","@id":"https:\/\/jornalfatosenoticias.com.br\/#organization","name":"Jornal Fatos e Not\u00edcias","url":"https:\/\/jornalfatosenoticias.com.br\/","logo":{"@type":"ImageObject","inLanguage":"pt-BR","@id":"https:\/\/jornalfatosenoticias.com.br\/#\/schema\/logo\/image\/","url":"https:\/\/jornalfatosenoticias.com.br\/wp-content\/uploads\/2020\/02\/logo120.png","contentUrl":"https:\/\/jornalfatosenoticias.com.br\/wp-content\/uploads\/2020\/02\/logo120.png","width":1227,"height":120,"caption":"Jornal Fatos e Not\u00edcias"},"image":{"@id":"https:\/\/jornalfatosenoticias.com.br\/#\/schema\/logo\/image\/"}},{"@type":"Person","@id":"https:\/\/jornalfatosenoticias.com.br\/#\/schema\/person\/bd76a40517f387e41cc072b0d3c7d627","name":"Milena Rohr","image":{"@type":"ImageObject","inLanguage":"pt-BR","@id":"https:\/\/jornalfatosenoticias.com.br\/#\/schema\/person\/image\/","url":"https:\/\/jornalfatosenoticias.com.br\/wp-content\/uploads\/2026\/03\/Milena-Rohr_portal-150x150.jpg","contentUrl":"https:\/\/jornalfatosenoticias.com.br\/wp-content\/uploads\/2026\/03\/Milena-Rohr_portal-150x150.jpg","caption":"Milena Rohr"},"description":"Milena Rohr S\u00f3cia e diretora do MasterMind (Funda\u00e7\u00e3o Napoleon Hill), Gestora Empresarial, Embaixadora do BNI, Palestrante, Escritora, Colunista e Mentora FRST do Grupo Falconi","url":"https:\/\/jornalfatosenoticias.com.br\/index.php\/author\/milena-rhor\/"}]}},"cc_featured_image_caption":{"caption_text":"","source_text":"","source_url":""},"jetpack_featured_media_url":"https:\/\/jornalfatosenoticias.com.br\/wp-content\/uploads\/2026\/01\/Logistica_ChatGPT-Image.jpg","_links":{"self":[{"href":"https:\/\/jornalfatosenoticias.com.br\/index.php\/wp-json\/wp\/v2\/posts\/64720","targetHints":{"allow":["GET"]}}],"collection":[{"href":"https:\/\/jornalfatosenoticias.com.br\/index.php\/wp-json\/wp\/v2\/posts"}],"about":[{"href":"https:\/\/jornalfatosenoticias.com.br\/index.php\/wp-json\/wp\/v2\/types\/post"}],"author":[{"embeddable":true,"href":"https:\/\/jornalfatosenoticias.com.br\/index.php\/wp-json\/wp\/v2\/users\/37"}],"replies":[{"embeddable":true,"href":"https:\/\/jornalfatosenoticias.com.br\/index.php\/wp-json\/wp\/v2\/comments?post=64720"}],"version-history":[{"count":1,"href":"https:\/\/jornalfatosenoticias.com.br\/index.php\/wp-json\/wp\/v2\/posts\/64720\/revisions"}],"predecessor-version":[{"id":64723,"href":"https:\/\/jornalfatosenoticias.com.br\/index.php\/wp-json\/wp\/v2\/posts\/64720\/revisions\/64723"}],"wp:featuredmedia":[{"embeddable":true,"href":"https:\/\/jornalfatosenoticias.com.br\/index.php\/wp-json\/wp\/v2\/media\/64722"}],"wp:attachment":[{"href":"https:\/\/jornalfatosenoticias.com.br\/index.php\/wp-json\/wp\/v2\/media?parent=64720"}],"wp:term":[{"taxonomy":"category","embeddable":true,"href":"https:\/\/jornalfatosenoticias.com.br\/index.php\/wp-json\/wp\/v2\/categories?post=64720"},{"taxonomy":"post_tag","embeddable":true,"href":"https:\/\/jornalfatosenoticias.com.br\/index.php\/wp-json\/wp\/v2\/tags?post=64720"}],"curies":[{"name":"wp","href":"https:\/\/api.w.org\/{rel}","templated":true}]}}