{"id":64724,"date":"2026-01-27T15:41:05","date_gmt":"2026-01-27T18:41:05","guid":{"rendered":"https:\/\/jornalfatosenoticias.com.br\/?p=64724"},"modified":"2026-01-30T15:52:26","modified_gmt":"2026-01-30T18:52:26","slug":"saude-corporativa-como-estrategia-de-negocio-no-setor-de-alimentos","status":"publish","type":"post","link":"https:\/\/jornalfatosenoticias.com.br\/index.php\/2026\/01\/27\/saude-corporativa-como-estrategia-de-negocio-no-setor-de-alimentos\/","title":{"rendered":"Sa\u00fade corporativa como estrat\u00e9gia de neg\u00f3cio no setor de alimentos"},"content":{"rendered":"\n<p><mark style=\"background-color:rgba(0, 0, 0, 0)\" class=\"has-inline-color has-black-color\">Por <strong><a href=\"https:\/\/online.fliphtml5.com\/revistaalimentosenegocios\/bnkf\/#p=73\">Priscila Pedrini<\/a><\/strong><\/mark><\/p>\n\n\n<div class=\"wp-block-image is-style-rounded\">\n<figure class=\"alignleft size-full\"><img loading=\"lazy\" decoding=\"async\" width=\"152\" height=\"209\" src=\"https:\/\/jornalfatosenoticias.com.br\/wp-content\/uploads\/2026\/01\/Priscila_Pedrini_portal.jpg\" alt=\"\" class=\"wp-image-64725\"\/><\/figure>\n<\/div>\n\n\n<p>No <strong><a href=\"https:\/\/online.fliphtml5.com\/revistaalimentosenegocios\/bnkf\/#p=73\">setor de alimentos<\/a><\/strong>, onde efici\u00eancia operacional, seguran\u00e7a, qualidade e conformidade regulat\u00f3ria s\u00e3o fatores cr\u00edticos, a sa\u00fade corporativa deixou de ser apenas um benef\u00edcio e passou a ocupar um papel estrat\u00e9gico dentro das organiza\u00e7\u00f5es. Empresas que atuam nessa cadeia dependem diretamente da sa\u00fade f\u00edsica e emocional de seus colaboradores para garantir produtividade, continuidade operacional e competitividade.<br>Como consultora especializada em planos de sa\u00fade, observo diariamente que muitas empresas ainda tratam esse tema de forma reativa, enxergando o plano de sa\u00fade apenas como uma obriga\u00e7\u00e3o trabalhista ou um custo fixo. Essa vis\u00e3o limitada costuma gerar impactos silenciosos, por\u00e9m relevantes, tanto na opera\u00e7\u00e3o quanto no financeiro.<\/p>\n\n\n\n<p><strong><mark style=\"background-color:rgba(0, 0, 0, 0)\" class=\"has-inline-color has-vivid-purple-color\">O custo invis\u00edvel da aus\u00eancia de preven\u00e7\u00e3o<br><\/mark><\/strong>A falta de uma gest\u00e3o estruturada da sa\u00fade corporativa resulta em afastamentos frequentes, absente\u00edsmo elevado, rotatividade, queda de performance e aumento progressivo dos custos assistenciais. Doen\u00e7as cr\u00f4nicas n\u00e3o monitoradas, diagn\u00f3sticos tardios e aus\u00eancia de programas preventivos tornam-se passivos que comprometem o or\u00e7amento e a previsibilidade financeira.<br>No setor de alimentos, onde h\u00e1 exposi\u00e7\u00e3o a riscos ocupacionais, rotinas intensas e ambientes produtivos exigentes, investir em preven\u00e7\u00e3o \u00e9 uma decis\u00e3o estrat\u00e9gica, n\u00e3o opcional.<\/p>\n\n\n<div class=\"wp-block-image\">\n<figure class=\"aligncenter size-large is-resized\"><a href=\"https:\/\/www.instagram.com\/espiritocacau\/\"><img decoding=\"async\" src=\"https:\/\/jornalfatosenoticias.com.br\/wp-content\/uploads\/2020\/02\/Espirito-Cacau_Logo-1024x1024.png\" alt=\"\" class=\"wp-image-64360\" style=\"width:329px;height:auto\"\/><\/a><\/figure>\n<\/div>\n\n\n<p><strong><mark style=\"background-color:rgba(0, 0, 0, 0)\" class=\"has-inline-color has-vivid-purple-color\">Planos de sa\u00fade alinhados \u00e0 realidade da empresa<br><\/mark><\/strong>Uma gest\u00e3o eficiente come\u00e7a na escolha adequada do plano de sa\u00fade. N\u00e3o existe um modelo \u00fanico que atenda a todas as empresas. Cada organiza\u00e7\u00e3o possui caracter\u00edsticas pr\u00f3prias, como n\u00famero de colaboradores, faixa et\u00e1ria, perfil de risco, localiza\u00e7\u00e3o e din\u00e2mica operacional.<br>\u2022 Rede assistencial compat\u00edvel com a regi\u00e3o de atua\u00e7\u00e3o<br>\u2022 Programas de medicina preventiva e gest\u00e3o de doen\u00e7as cr\u00f4nicas<br>\u2022 Modelos inteligentes de coparticipa\u00e7\u00e3o<br>\u2022 Equil\u00edbrio entre custo, cobertura e sustentabilidade do contrato<br>Quando alinhado ao perfil do neg\u00f3cio, o plano de sa\u00fade deixa de ser apenas um benef\u00edcio e passa a atuar como ferramenta de reten\u00e7\u00e3o de talentos, fortalecimento da cultura organizacional e valoriza\u00e7\u00e3o da marca empregadora.<\/p>\n\n\n<div class=\"wp-block-image\">\n<figure class=\"aligncenter size-large is-resized\"><a href=\"https:\/\/www.instagram.com\/restaurantepegoretti\/\"><img loading=\"lazy\" decoding=\"async\" width=\"1024\" height=\"389\" src=\"https:\/\/jornalfatosenoticias.com.br\/wp-content\/uploads\/2023\/12\/pegoretti-logo-pdf-1024x389.jpg\" alt=\"\" class=\"wp-image-47536\" style=\"aspect-ratio:2.632371267633717;width:613px;height:auto\" srcset=\"https:\/\/jornalfatosenoticias.com.br\/wp-content\/uploads\/2023\/12\/pegoretti-logo-pdf-1024x389.jpg 1024w, https:\/\/jornalfatosenoticias.com.br\/wp-content\/uploads\/2023\/12\/pegoretti-logo-pdf-300x114.jpg 300w, https:\/\/jornalfatosenoticias.com.br\/wp-content\/uploads\/2023\/12\/pegoretti-logo-pdf-768x291.jpg 768w, https:\/\/jornalfatosenoticias.com.br\/wp-content\/uploads\/2023\/12\/pegoretti-logo-pdf.jpg 1120w\" sizes=\"auto, (max-width: 1024px) 100vw, 1024px\" \/><\/a><\/figure>\n<\/div>\n\n\n<p><strong><mark style=\"background-color:rgba(0, 0, 0, 0)\" class=\"has-inline-color has-black-color\">(Foto: Freepik)<\/mark><\/strong><\/p>\n\n\n\n<p><mark style=\"background-color:rgba(0, 0, 0, 0)\" class=\"has-inline-color has-black-color\"><strong>Priscila Pedrini<br><\/strong><em>Consultora em planos de sa\u00fade e odontol\u00f3gicos<br>Especialista em Gest\u00e3o em Sa\u00fade, com foco em preven\u00e7\u00e3o e planejamento estrat\u00e9gico<\/em><\/mark><\/p>\n","protected":false},"excerpt":{"rendered":"<p>Por Priscila Pedrini No setor de alimentos, onde efici\u00eancia operacional, seguran\u00e7a, qualidade e conformidade regulat\u00f3ria s\u00e3o fatores cr\u00edticos, a sa\u00fade corporativa deixou de ser apenas um benef\u00edcio e passou a ocupar um papel estrat\u00e9gico dentro das organiza\u00e7\u00f5es. Empresas que atuam nessa cadeia dependem diretamente da sa\u00fade f\u00edsica e emocional de seus colaboradores para garantir produtividade, [&hellip;]<\/p>\n","protected":false},"author":2,"featured_media":64726,"comment_status":"open","ping_status":"open","sticky":false,"template":"","format":"standard","meta":{"footnotes":""},"categories":[11],"tags":[5405,29438,29441,29440,29439],"class_list":["post-64724","post","type-post","status-publish","format-standard","has-post-thumbnail","hentry","category-saude","tag-doencas-cronicas","tag-estrategia-de-negocio","tag-plano-de-saude","tag-saude-corporativa","tag-setor-de-alimentos"],"yoast_head":"<!-- This site is optimized with the Yoast SEO plugin v26.5 - https:\/\/yoast.com\/wordpress\/plugins\/seo\/ -->\n<title>Sa\u00fade corporativa como estrat\u00e9gia de neg\u00f3cio no setor de alimentos - Jornal Fatos e Not\u00edcias<\/title>\n<meta name=\"robots\" content=\"index, follow, max-snippet:-1, max-image-preview:large, max-video-preview:-1\" \/>\n<link rel=\"canonical\" href=\"https:\/\/jornalfatosenoticias.com.br\/index.php\/2026\/01\/27\/saude-corporativa-como-estrategia-de-negocio-no-setor-de-alimentos\/\" \/>\n<meta property=\"og:locale\" content=\"pt_BR\" \/>\n<meta property=\"og:type\" content=\"article\" \/>\n<meta property=\"og:title\" content=\"Sa\u00fade corporativa como estrat\u00e9gia de neg\u00f3cio no setor de alimentos - Jornal Fatos e Not\u00edcias\" \/>\n<meta property=\"og:description\" content=\"Por Priscila Pedrini No setor de alimentos, onde efici\u00eancia operacional, seguran\u00e7a, qualidade e conformidade regulat\u00f3ria s\u00e3o fatores cr\u00edticos, a sa\u00fade corporativa deixou de ser apenas um benef\u00edcio e passou a ocupar um papel estrat\u00e9gico dentro das organiza\u00e7\u00f5es. Empresas que atuam nessa cadeia dependem diretamente da sa\u00fade f\u00edsica e emocional de seus colaboradores para garantir produtividade, [&hellip;]\" \/>\n<meta property=\"og:url\" content=\"https:\/\/jornalfatosenoticias.com.br\/index.php\/2026\/01\/27\/saude-corporativa-como-estrategia-de-negocio-no-setor-de-alimentos\/\" \/>\n<meta property=\"og:site_name\" content=\"Jornal Fatos e Not\u00edcias\" \/>\n<meta property=\"article:published_time\" content=\"2026-01-27T18:41:05+00:00\" \/>\n<meta property=\"article:modified_time\" content=\"2026-01-30T18:52:26+00:00\" \/>\n<meta property=\"og:image\" content=\"https:\/\/jornalfatosenoticias.com.br\/wp-content\/uploads\/2026\/01\/Texto-Priscila-Pedrini_Freepik.jpg\" \/>\n\t<meta property=\"og:image:width\" content=\"1000\" \/>\n\t<meta property=\"og:image:height\" content=\"666\" \/>\n\t<meta property=\"og:image:type\" content=\"image\/jpeg\" \/>\n<meta name=\"author\" content=\"Luzimara Fernandes\" \/>\n<meta name=\"twitter:card\" content=\"summary_large_image\" \/>\n<meta name=\"twitter:label1\" content=\"Escrito por\" \/>\n\t<meta name=\"twitter:data1\" content=\"Luzimara Fernandes\" \/>\n\t<meta name=\"twitter:label2\" content=\"Est. tempo de leitura\" \/>\n\t<meta name=\"twitter:data2\" content=\"3 minutos\" \/>\n<script type=\"application\/ld+json\" class=\"yoast-schema-graph\">{\"@context\":\"https:\/\/schema.org\",\"@graph\":[{\"@type\":\"Article\",\"@id\":\"https:\/\/jornalfatosenoticias.com.br\/index.php\/2026\/01\/27\/saude-corporativa-como-estrategia-de-negocio-no-setor-de-alimentos\/#article\",\"isPartOf\":{\"@id\":\"https:\/\/jornalfatosenoticias.com.br\/index.php\/2026\/01\/27\/saude-corporativa-como-estrategia-de-negocio-no-setor-de-alimentos\/\"},\"author\":{\"name\":\"Luzimara Fernandes\",\"@id\":\"https:\/\/jornalfatosenoticias.com.br\/#\/schema\/person\/d63837fa13ac8666eb9e74e0985d6f81\"},\"headline\":\"Sa\u00fade corporativa como estrat\u00e9gia de neg\u00f3cio no setor de alimentos\",\"datePublished\":\"2026-01-27T18:41:05+00:00\",\"dateModified\":\"2026-01-30T18:52:26+00:00\",\"mainEntityOfPage\":{\"@id\":\"https:\/\/jornalfatosenoticias.com.br\/index.php\/2026\/01\/27\/saude-corporativa-como-estrategia-de-negocio-no-setor-de-alimentos\/\"},\"wordCount\":394,\"commentCount\":0,\"publisher\":{\"@id\":\"https:\/\/jornalfatosenoticias.com.br\/#organization\"},\"image\":{\"@id\":\"https:\/\/jornalfatosenoticias.com.br\/index.php\/2026\/01\/27\/saude-corporativa-como-estrategia-de-negocio-no-setor-de-alimentos\/#primaryimage\"},\"thumbnailUrl\":\"https:\/\/jornalfatosenoticias.com.br\/wp-content\/uploads\/2026\/01\/Texto-Priscila-Pedrini_Freepik.jpg\",\"keywords\":[\"doen\u00e7as cr\u00f4nicas\",\"estrat\u00e9gia de neg\u00f3cio\",\"plano de sa\u00fade\",\"sa\u00fade corporativa\",\"setor de alimentos\"],\"articleSection\":[\"Sa\u00fade\"],\"inLanguage\":\"pt-BR\",\"potentialAction\":[{\"@type\":\"CommentAction\",\"name\":\"Comment\",\"target\":[\"https:\/\/jornalfatosenoticias.com.br\/index.php\/2026\/01\/27\/saude-corporativa-como-estrategia-de-negocio-no-setor-de-alimentos\/#respond\"]}]},{\"@type\":\"WebPage\",\"@id\":\"https:\/\/jornalfatosenoticias.com.br\/index.php\/2026\/01\/27\/saude-corporativa-como-estrategia-de-negocio-no-setor-de-alimentos\/\",\"url\":\"https:\/\/jornalfatosenoticias.com.br\/index.php\/2026\/01\/27\/saude-corporativa-como-estrategia-de-negocio-no-setor-de-alimentos\/\",\"name\":\"Sa\u00fade corporativa como estrat\u00e9gia de neg\u00f3cio no setor de alimentos - Jornal Fatos e Not\u00edcias\",\"isPartOf\":{\"@id\":\"https:\/\/jornalfatosenoticias.com.br\/#website\"},\"primaryImageOfPage\":{\"@id\":\"https:\/\/jornalfatosenoticias.com.br\/index.php\/2026\/01\/27\/saude-corporativa-como-estrategia-de-negocio-no-setor-de-alimentos\/#primaryimage\"},\"image\":{\"@id\":\"https:\/\/jornalfatosenoticias.com.br\/index.php\/2026\/01\/27\/saude-corporativa-como-estrategia-de-negocio-no-setor-de-alimentos\/#primaryimage\"},\"thumbnailUrl\":\"https:\/\/jornalfatosenoticias.com.br\/wp-content\/uploads\/2026\/01\/Texto-Priscila-Pedrini_Freepik.jpg\",\"datePublished\":\"2026-01-27T18:41:05+00:00\",\"dateModified\":\"2026-01-30T18:52:26+00:00\",\"breadcrumb\":{\"@id\":\"https:\/\/jornalfatosenoticias.com.br\/index.php\/2026\/01\/27\/saude-corporativa-como-estrategia-de-negocio-no-setor-de-alimentos\/#breadcrumb\"},\"inLanguage\":\"pt-BR\",\"potentialAction\":[{\"@type\":\"ReadAction\",\"target\":[\"https:\/\/jornalfatosenoticias.com.br\/index.php\/2026\/01\/27\/saude-corporativa-como-estrategia-de-negocio-no-setor-de-alimentos\/\"]}]},{\"@type\":\"ImageObject\",\"inLanguage\":\"pt-BR\",\"@id\":\"https:\/\/jornalfatosenoticias.com.br\/index.php\/2026\/01\/27\/saude-corporativa-como-estrategia-de-negocio-no-setor-de-alimentos\/#primaryimage\",\"url\":\"https:\/\/jornalfatosenoticias.com.br\/wp-content\/uploads\/2026\/01\/Texto-Priscila-Pedrini_Freepik.jpg\",\"contentUrl\":\"https:\/\/jornalfatosenoticias.com.br\/wp-content\/uploads\/2026\/01\/Texto-Priscila-Pedrini_Freepik.jpg\",\"width\":1000,\"height\":666,\"caption\":\"Weight loss scale with centimeter, stethoscope, Dumbbell, Clipboard, pen. Diet concept. Healthy food background. different fruits and vegetables, nuts. concept slimming diet fresh vegetables.\"},{\"@type\":\"BreadcrumbList\",\"@id\":\"https:\/\/jornalfatosenoticias.com.br\/index.php\/2026\/01\/27\/saude-corporativa-como-estrategia-de-negocio-no-setor-de-alimentos\/#breadcrumb\",\"itemListElement\":[{\"@type\":\"ListItem\",\"position\":1,\"name\":\"In\u00edcio\",\"item\":\"https:\/\/jornalfatosenoticias.com.br\/\"},{\"@type\":\"ListItem\",\"position\":2,\"name\":\"Sa\u00fade corporativa como estrat\u00e9gia de neg\u00f3cio no setor de alimentos\"}]},{\"@type\":\"WebSite\",\"@id\":\"https:\/\/jornalfatosenoticias.com.br\/#website\",\"url\":\"https:\/\/jornalfatosenoticias.com.br\/\",\"name\":\"Jornal Fatos e Not\u00edcias\",\"description\":\"Not\u00edcias em geral\",\"publisher\":{\"@id\":\"https:\/\/jornalfatosenoticias.com.br\/#organization\"},\"potentialAction\":[{\"@type\":\"SearchAction\",\"target\":{\"@type\":\"EntryPoint\",\"urlTemplate\":\"https:\/\/jornalfatosenoticias.com.br\/?s={search_term_string}\"},\"query-input\":{\"@type\":\"PropertyValueSpecification\",\"valueRequired\":true,\"valueName\":\"search_term_string\"}}],\"inLanguage\":\"pt-BR\"},{\"@type\":\"Organization\",\"@id\":\"https:\/\/jornalfatosenoticias.com.br\/#organization\",\"name\":\"Jornal Fatos e Not\u00edcias\",\"url\":\"https:\/\/jornalfatosenoticias.com.br\/\",\"logo\":{\"@type\":\"ImageObject\",\"inLanguage\":\"pt-BR\",\"@id\":\"https:\/\/jornalfatosenoticias.com.br\/#\/schema\/logo\/image\/\",\"url\":\"https:\/\/jornalfatosenoticias.com.br\/wp-content\/uploads\/2020\/02\/logo120.png\",\"contentUrl\":\"https:\/\/jornalfatosenoticias.com.br\/wp-content\/uploads\/2020\/02\/logo120.png\",\"width\":1227,\"height\":120,\"caption\":\"Jornal Fatos e Not\u00edcias\"},\"image\":{\"@id\":\"https:\/\/jornalfatosenoticias.com.br\/#\/schema\/logo\/image\/\"}},{\"@type\":\"Person\",\"@id\":\"https:\/\/jornalfatosenoticias.com.br\/#\/schema\/person\/d63837fa13ac8666eb9e74e0985d6f81\",\"name\":\"Luzimara Fernandes\",\"image\":{\"@type\":\"ImageObject\",\"inLanguage\":\"pt-BR\",\"@id\":\"https:\/\/jornalfatosenoticias.com.br\/#\/schema\/person\/image\/\",\"url\":\"https:\/\/jornalfatosenoticias.com.br\/wp-content\/uploads\/2025\/05\/EU_portal.jpg\",\"contentUrl\":\"https:\/\/jornalfatosenoticias.com.br\/wp-content\/uploads\/2025\/05\/EU_portal.jpg\",\"caption\":\"Luzimara Fernandes\"},\"description\":\"Jornalista MTB 2358-ES\",\"sameAs\":[\"https:\/\/jornalfatosenoticias.com.br\"],\"url\":\"https:\/\/jornalfatosenoticias.com.br\/index.php\/author\/luzimara\/\"}]}<\/script>\n<!-- \/ Yoast SEO plugin. -->","yoast_head_json":{"title":"Sa\u00fade corporativa como estrat\u00e9gia de neg\u00f3cio no setor de alimentos - Jornal Fatos e Not\u00edcias","robots":{"index":"index","follow":"follow","max-snippet":"max-snippet:-1","max-image-preview":"max-image-preview:large","max-video-preview":"max-video-preview:-1"},"canonical":"https:\/\/jornalfatosenoticias.com.br\/index.php\/2026\/01\/27\/saude-corporativa-como-estrategia-de-negocio-no-setor-de-alimentos\/","og_locale":"pt_BR","og_type":"article","og_title":"Sa\u00fade corporativa como estrat\u00e9gia de neg\u00f3cio no setor de alimentos - Jornal Fatos e Not\u00edcias","og_description":"Por Priscila Pedrini No setor de alimentos, onde efici\u00eancia operacional, seguran\u00e7a, qualidade e conformidade regulat\u00f3ria s\u00e3o fatores cr\u00edticos, a sa\u00fade corporativa deixou de ser apenas um benef\u00edcio e passou a ocupar um papel estrat\u00e9gico dentro das organiza\u00e7\u00f5es. Empresas que atuam nessa cadeia dependem diretamente da sa\u00fade f\u00edsica e emocional de seus colaboradores para garantir produtividade, [&hellip;]","og_url":"https:\/\/jornalfatosenoticias.com.br\/index.php\/2026\/01\/27\/saude-corporativa-como-estrategia-de-negocio-no-setor-de-alimentos\/","og_site_name":"Jornal Fatos e Not\u00edcias","article_published_time":"2026-01-27T18:41:05+00:00","article_modified_time":"2026-01-30T18:52:26+00:00","og_image":[{"width":1000,"height":666,"url":"https:\/\/jornalfatosenoticias.com.br\/wp-content\/uploads\/2026\/01\/Texto-Priscila-Pedrini_Freepik.jpg","type":"image\/jpeg"}],"author":"Luzimara Fernandes","twitter_card":"summary_large_image","twitter_misc":{"Escrito por":"Luzimara Fernandes","Est. tempo de leitura":"3 minutos"},"schema":{"@context":"https:\/\/schema.org","@graph":[{"@type":"Article","@id":"https:\/\/jornalfatosenoticias.com.br\/index.php\/2026\/01\/27\/saude-corporativa-como-estrategia-de-negocio-no-setor-de-alimentos\/#article","isPartOf":{"@id":"https:\/\/jornalfatosenoticias.com.br\/index.php\/2026\/01\/27\/saude-corporativa-como-estrategia-de-negocio-no-setor-de-alimentos\/"},"author":{"name":"Luzimara Fernandes","@id":"https:\/\/jornalfatosenoticias.com.br\/#\/schema\/person\/d63837fa13ac8666eb9e74e0985d6f81"},"headline":"Sa\u00fade corporativa como estrat\u00e9gia de neg\u00f3cio no setor de alimentos","datePublished":"2026-01-27T18:41:05+00:00","dateModified":"2026-01-30T18:52:26+00:00","mainEntityOfPage":{"@id":"https:\/\/jornalfatosenoticias.com.br\/index.php\/2026\/01\/27\/saude-corporativa-como-estrategia-de-negocio-no-setor-de-alimentos\/"},"wordCount":394,"commentCount":0,"publisher":{"@id":"https:\/\/jornalfatosenoticias.com.br\/#organization"},"image":{"@id":"https:\/\/jornalfatosenoticias.com.br\/index.php\/2026\/01\/27\/saude-corporativa-como-estrategia-de-negocio-no-setor-de-alimentos\/#primaryimage"},"thumbnailUrl":"https:\/\/jornalfatosenoticias.com.br\/wp-content\/uploads\/2026\/01\/Texto-Priscila-Pedrini_Freepik.jpg","keywords":["doen\u00e7as cr\u00f4nicas","estrat\u00e9gia de neg\u00f3cio","plano de sa\u00fade","sa\u00fade corporativa","setor de alimentos"],"articleSection":["Sa\u00fade"],"inLanguage":"pt-BR","potentialAction":[{"@type":"CommentAction","name":"Comment","target":["https:\/\/jornalfatosenoticias.com.br\/index.php\/2026\/01\/27\/saude-corporativa-como-estrategia-de-negocio-no-setor-de-alimentos\/#respond"]}]},{"@type":"WebPage","@id":"https:\/\/jornalfatosenoticias.com.br\/index.php\/2026\/01\/27\/saude-corporativa-como-estrategia-de-negocio-no-setor-de-alimentos\/","url":"https:\/\/jornalfatosenoticias.com.br\/index.php\/2026\/01\/27\/saude-corporativa-como-estrategia-de-negocio-no-setor-de-alimentos\/","name":"Sa\u00fade corporativa como estrat\u00e9gia de neg\u00f3cio no setor de alimentos - Jornal Fatos e Not\u00edcias","isPartOf":{"@id":"https:\/\/jornalfatosenoticias.com.br\/#website"},"primaryImageOfPage":{"@id":"https:\/\/jornalfatosenoticias.com.br\/index.php\/2026\/01\/27\/saude-corporativa-como-estrategia-de-negocio-no-setor-de-alimentos\/#primaryimage"},"image":{"@id":"https:\/\/jornalfatosenoticias.com.br\/index.php\/2026\/01\/27\/saude-corporativa-como-estrategia-de-negocio-no-setor-de-alimentos\/#primaryimage"},"thumbnailUrl":"https:\/\/jornalfatosenoticias.com.br\/wp-content\/uploads\/2026\/01\/Texto-Priscila-Pedrini_Freepik.jpg","datePublished":"2026-01-27T18:41:05+00:00","dateModified":"2026-01-30T18:52:26+00:00","breadcrumb":{"@id":"https:\/\/jornalfatosenoticias.com.br\/index.php\/2026\/01\/27\/saude-corporativa-como-estrategia-de-negocio-no-setor-de-alimentos\/#breadcrumb"},"inLanguage":"pt-BR","potentialAction":[{"@type":"ReadAction","target":["https:\/\/jornalfatosenoticias.com.br\/index.php\/2026\/01\/27\/saude-corporativa-como-estrategia-de-negocio-no-setor-de-alimentos\/"]}]},{"@type":"ImageObject","inLanguage":"pt-BR","@id":"https:\/\/jornalfatosenoticias.com.br\/index.php\/2026\/01\/27\/saude-corporativa-como-estrategia-de-negocio-no-setor-de-alimentos\/#primaryimage","url":"https:\/\/jornalfatosenoticias.com.br\/wp-content\/uploads\/2026\/01\/Texto-Priscila-Pedrini_Freepik.jpg","contentUrl":"https:\/\/jornalfatosenoticias.com.br\/wp-content\/uploads\/2026\/01\/Texto-Priscila-Pedrini_Freepik.jpg","width":1000,"height":666,"caption":"Weight loss scale with centimeter, stethoscope, Dumbbell, Clipboard, pen. Diet concept. Healthy food background. different fruits and vegetables, nuts. concept slimming diet fresh vegetables."},{"@type":"BreadcrumbList","@id":"https:\/\/jornalfatosenoticias.com.br\/index.php\/2026\/01\/27\/saude-corporativa-como-estrategia-de-negocio-no-setor-de-alimentos\/#breadcrumb","itemListElement":[{"@type":"ListItem","position":1,"name":"In\u00edcio","item":"https:\/\/jornalfatosenoticias.com.br\/"},{"@type":"ListItem","position":2,"name":"Sa\u00fade corporativa como estrat\u00e9gia de neg\u00f3cio no setor de alimentos"}]},{"@type":"WebSite","@id":"https:\/\/jornalfatosenoticias.com.br\/#website","url":"https:\/\/jornalfatosenoticias.com.br\/","name":"Jornal Fatos e Not\u00edcias","description":"Not\u00edcias em geral","publisher":{"@id":"https:\/\/jornalfatosenoticias.com.br\/#organization"},"potentialAction":[{"@type":"SearchAction","target":{"@type":"EntryPoint","urlTemplate":"https:\/\/jornalfatosenoticias.com.br\/?s={search_term_string}"},"query-input":{"@type":"PropertyValueSpecification","valueRequired":true,"valueName":"search_term_string"}}],"inLanguage":"pt-BR"},{"@type":"Organization","@id":"https:\/\/jornalfatosenoticias.com.br\/#organization","name":"Jornal Fatos e Not\u00edcias","url":"https:\/\/jornalfatosenoticias.com.br\/","logo":{"@type":"ImageObject","inLanguage":"pt-BR","@id":"https:\/\/jornalfatosenoticias.com.br\/#\/schema\/logo\/image\/","url":"https:\/\/jornalfatosenoticias.com.br\/wp-content\/uploads\/2020\/02\/logo120.png","contentUrl":"https:\/\/jornalfatosenoticias.com.br\/wp-content\/uploads\/2020\/02\/logo120.png","width":1227,"height":120,"caption":"Jornal Fatos e Not\u00edcias"},"image":{"@id":"https:\/\/jornalfatosenoticias.com.br\/#\/schema\/logo\/image\/"}},{"@type":"Person","@id":"https:\/\/jornalfatosenoticias.com.br\/#\/schema\/person\/d63837fa13ac8666eb9e74e0985d6f81","name":"Luzimara Fernandes","image":{"@type":"ImageObject","inLanguage":"pt-BR","@id":"https:\/\/jornalfatosenoticias.com.br\/#\/schema\/person\/image\/","url":"https:\/\/jornalfatosenoticias.com.br\/wp-content\/uploads\/2025\/05\/EU_portal.jpg","contentUrl":"https:\/\/jornalfatosenoticias.com.br\/wp-content\/uploads\/2025\/05\/EU_portal.jpg","caption":"Luzimara Fernandes"},"description":"Jornalista MTB 2358-ES","sameAs":["https:\/\/jornalfatosenoticias.com.br"],"url":"https:\/\/jornalfatosenoticias.com.br\/index.php\/author\/luzimara\/"}]}},"cc_featured_image_caption":{"caption_text":"","source_text":"","source_url":""},"jetpack_featured_media_url":"https:\/\/jornalfatosenoticias.com.br\/wp-content\/uploads\/2026\/01\/Texto-Priscila-Pedrini_Freepik.jpg","_links":{"self":[{"href":"https:\/\/jornalfatosenoticias.com.br\/index.php\/wp-json\/wp\/v2\/posts\/64724","targetHints":{"allow":["GET"]}}],"collection":[{"href":"https:\/\/jornalfatosenoticias.com.br\/index.php\/wp-json\/wp\/v2\/posts"}],"about":[{"href":"https:\/\/jornalfatosenoticias.com.br\/index.php\/wp-json\/wp\/v2\/types\/post"}],"author":[{"embeddable":true,"href":"https:\/\/jornalfatosenoticias.com.br\/index.php\/wp-json\/wp\/v2\/users\/2"}],"replies":[{"embeddable":true,"href":"https:\/\/jornalfatosenoticias.com.br\/index.php\/wp-json\/wp\/v2\/comments?post=64724"}],"version-history":[{"count":2,"href":"https:\/\/jornalfatosenoticias.com.br\/index.php\/wp-json\/wp\/v2\/posts\/64724\/revisions"}],"predecessor-version":[{"id":64853,"href":"https:\/\/jornalfatosenoticias.com.br\/index.php\/wp-json\/wp\/v2\/posts\/64724\/revisions\/64853"}],"wp:featuredmedia":[{"embeddable":true,"href":"https:\/\/jornalfatosenoticias.com.br\/index.php\/wp-json\/wp\/v2\/media\/64726"}],"wp:attachment":[{"href":"https:\/\/jornalfatosenoticias.com.br\/index.php\/wp-json\/wp\/v2\/media?parent=64724"}],"wp:term":[{"taxonomy":"category","embeddable":true,"href":"https:\/\/jornalfatosenoticias.com.br\/index.php\/wp-json\/wp\/v2\/categories?post=64724"},{"taxonomy":"post_tag","embeddable":true,"href":"https:\/\/jornalfatosenoticias.com.br\/index.php\/wp-json\/wp\/v2\/tags?post=64724"}],"curies":[{"name":"wp","href":"https:\/\/api.w.org\/{rel}","templated":true}]}}