{"id":64728,"date":"2026-01-27T16:04:07","date_gmt":"2026-01-27T19:04:07","guid":{"rendered":"https:\/\/jornalfatosenoticias.com.br\/?p=64728"},"modified":"2026-01-30T15:49:25","modified_gmt":"2026-01-30T18:49:25","slug":"romildo-fardin-conta-trajetoria-da-doces-fardin","status":"publish","type":"post","link":"https:\/\/jornalfatosenoticias.com.br\/index.php\/2026\/01\/27\/romildo-fardin-conta-trajetoria-da-doces-fardin\/","title":{"rendered":"Romildo Fardin conta trajet\u00f3ria da Doces Fardin"},"content":{"rendered":"\n<p><em><mark style=\"background-color:rgba(0, 0, 0, 0)\" class=\"has-inline-color has-black-color\">Como a fabrica\u00e7\u00e3o caseira de doces de banana se transformou em uma ind\u00fastria de sucesso, presente em mais de 300 munic\u00edpios brasileiros<\/mark><\/em><\/p>\n\n\n<div class=\"wp-block-image\">\n<figure class=\"aligncenter size-large\"><a href=\"https:\/\/www.cesconetto.com.br\/\"><img loading=\"lazy\" decoding=\"async\" width=\"1024\" height=\"100\" src=\"https:\/\/jornalfatosenoticias.com.br\/wp-content\/uploads\/2022\/05\/NOVA-LOGO-CESCONETTO-1024x100.jpg\" alt=\"\" class=\"wp-image-30792\" srcset=\"https:\/\/jornalfatosenoticias.com.br\/wp-content\/uploads\/2022\/05\/NOVA-LOGO-CESCONETTO-1024x100.jpg 1024w, https:\/\/jornalfatosenoticias.com.br\/wp-content\/uploads\/2022\/05\/NOVA-LOGO-CESCONETTO-300x29.jpg 300w, https:\/\/jornalfatosenoticias.com.br\/wp-content\/uploads\/2022\/05\/NOVA-LOGO-CESCONETTO-768x75.jpg 768w, https:\/\/jornalfatosenoticias.com.br\/wp-content\/uploads\/2022\/05\/NOVA-LOGO-CESCONETTO.jpg 1280w\" sizes=\"auto, (max-width: 1024px) 100vw, 1024px\" \/><\/a><\/figure>\n<\/div>\n\n\n<p>O mercado nacional de doces no Brasil est\u00e1 em plena expans\u00e3o e crescimento, impulsionado pela demanda por inova\u00e7\u00e3o, praticidade e op\u00e7\u00f5es mais saud\u00e1veis, com faturamento bilion\u00e1rio e forte consumo per capita. As tend\u00eancias incluem produtos premium, experi\u00eancias sensoriais (doces ex\u00f3ticos, que mudam de sabor), foco em sustentabilidade e adapta\u00e7\u00e3o a datas comemorativas, com setores como chocolates, balas e biscoitos industrializados mostrando bons resultados e exporta\u00e7\u00f5es aquecidas para pa\u00edses como EUA e Paraguai.<br>Aqui em terras capixabas o mercado de doces n\u00e3o \u00e9 diferente. Aquecido e diversificado e com forte presen\u00e7a de grandes distribuidores, os produtos capixabas atendem atacadistas (supermercados, padarias) e varejistas, com op\u00e7\u00f5es de doces, guloseimas e chocolates a confeitarias finas (bolos, doces gourmet), al\u00e9m de diversas franquias de sucessos.<br>Com muita \u00e1gua na boca, a <strong><a href=\"https:\/\/online.fliphtml5.com\/revistaalimentosenegocios\/bnkf\/#p=6\">\u201cAlimentos &amp; Neg\u00f3cios\u201d<\/a><\/strong> traz, ao prestimado leitor, a hist\u00f3ria da <strong><a href=\"https:\/\/online.fliphtml5.com\/revistaalimentosenegocios\/bnkf\/#p=6\">Doces Fardin<\/a><\/strong>, empresa com mais de 22 anos no mercado e com estrutura de gest\u00e3o familiar. Para apresentar e contar a hist\u00f3ria do tradicional empreendimento, a Alimentos &amp; Neg\u00f3cios entrevistou o fundador Romildo Fardin, que falou sobre a trajet\u00f3ria da empresa e dos projetos para o futuro.<\/p>\n\n\n<div class=\"wp-block-image\">\n<figure class=\"aligncenter size-large is-resized\"><a href=\"https:\/\/www.instagram.com\/esteio.churrascaria\/\"><img loading=\"lazy\" decoding=\"async\" width=\"1024\" height=\"730\" src=\"https:\/\/jornalfatosenoticias.com.br\/wp-content\/uploads\/2022\/02\/LOGO-ESTEIO-1024x730.png\" alt=\"\" class=\"wp-image-27942\" style=\"aspect-ratio:1.4027519523986611;width:359px;height:auto\" srcset=\"https:\/\/jornalfatosenoticias.com.br\/wp-content\/uploads\/2022\/02\/LOGO-ESTEIO-1024x730.png 1024w, https:\/\/jornalfatosenoticias.com.br\/wp-content\/uploads\/2022\/02\/LOGO-ESTEIO-300x214.png 300w, https:\/\/jornalfatosenoticias.com.br\/wp-content\/uploads\/2022\/02\/LOGO-ESTEIO-768x548.png 768w, https:\/\/jornalfatosenoticias.com.br\/wp-content\/uploads\/2022\/02\/LOGO-ESTEIO.png 1123w\" sizes=\"auto, (max-width: 1024px) 100vw, 1024px\" \/><\/a><\/figure>\n<\/div>\n\n\n<p><strong><mark style=\"background-color:rgba(0, 0, 0, 0)\" class=\"has-inline-color has-black-color\">Como surgiu a Fardin e podemos dizer que a empresa \u00e9 100% familiar?<br><\/mark><\/strong>Em fevereiro de 2004, o casal de produtores rurais Romildo Ant\u00f4nio Fardin e Marivania Fardin, de Vargem Alta, interior do estado do Esp\u00edrito Santo, percebeu que a venda do caf\u00e9 que produzia j\u00e1 n\u00e3o era suficiente para o sustento da fam\u00edlia e decidiu fabricar doces caseiros na pr\u00f3pria resid\u00eancia para vender no com\u00e9rcio da regi\u00e3o.<br>A aposta deu certo e o casal aderiu a um financiamento do Programa Nacional de Fortalecimento da Agricultura Familiar (Pronaf) para comprar m\u00e1quinas e equipamentos e ampliar a produ\u00e7\u00e3o. Hoje, com 22 anos de mercado, a Doces Fardin \u00e9 uma agroind\u00fastria de doces de banana, localizada em Vargem Alta, na Regi\u00e3o Serrana do Estado. Fabrica 200 toneladas por m\u00eas de um mix de 28 produtos comercializados em 300 munic\u00edpios do Esp\u00edrito Santo, Minas Gerais, Rio de Janeiro e S\u00e3o Paulo.<br>Conta com cerca de 150 colaboradores e ocupa uma \u00e1rea de nove mil metros quadrados. Atualmente, investe no aumento da automatiza\u00e7\u00e3o dos processos produtivos, na profissionaliza\u00e7\u00e3o da gest\u00e3o e na entrada em grandes redes de supermercados e distribuidoras.<\/p>\n\n\n<div class=\"wp-block-image\">\n<figure class=\"aligncenter size-full\"><a href=\"https:\/\/premiertemperos.com.br\/novo\/\"><img loading=\"lazy\" decoding=\"async\" width=\"851\" height=\"315\" src=\"https:\/\/jornalfatosenoticias.com.br\/wp-content\/uploads\/2020\/02\/logo-Premier-Temperos.png\" alt=\"\" class=\"wp-image-64452\" srcset=\"https:\/\/jornalfatosenoticias.com.br\/wp-content\/uploads\/2020\/02\/logo-Premier-Temperos.png 851w, https:\/\/jornalfatosenoticias.com.br\/wp-content\/uploads\/2020\/02\/logo-Premier-Temperos-300x111.png 300w, https:\/\/jornalfatosenoticias.com.br\/wp-content\/uploads\/2020\/02\/logo-Premier-Temperos-768x284.png 768w\" sizes=\"auto, (max-width: 851px) 100vw, 851px\" \/><\/a><\/figure>\n<\/div>\n\n\n<p><strong><mark style=\"background-color:rgba(0, 0, 0, 0)\" class=\"has-inline-color has-black-color\">Quais os principais desafios enfrentados pela Fardin ao longo desses 22 anos?<br><\/mark><\/strong>No in\u00edcio da sua implanta\u00e7\u00e3o, a Doces Fardin enfrentou dificuldades relacionadas aos processos de fabrica\u00e7\u00e3o e comercializa\u00e7\u00e3o dos produtos, al\u00e9m de problemas de sa\u00fade do fundador. Todas foram superadas, e o objetivo de melhorar as condi\u00e7\u00f5es da fam\u00edlia n\u00e3o foi abalado. Com dedica\u00e7\u00e3o, persist\u00eancia e resili\u00eancia, a fam\u00edlia superou os obst\u00e1culos e transformou o que era um complemento de renda em uma empresa em constante crescimento.<br>Atualmente, os desafios s\u00e3o a automa\u00e7\u00e3o dos processos industriais, as mudan\u00e7as clim\u00e1ticas desfavor\u00e1veis \u00e0 produ\u00e7\u00e3o da banana, e a dificuldade de contrata\u00e7\u00e3o de m\u00e3o de obra qualificada no interior.<\/p>\n\n\n\n<p><strong><mark style=\"background-color:rgba(0, 0, 0, 0)\" class=\"has-inline-color has-black-color\">Como profissionalizar a gest\u00e3o sem perder o DNA familiar?<br><\/mark><\/strong>Apostamos em contratar as pessoas certas, alinhadas aos valores e \u00e0 cultura da empresa. Tamb\u00e9m oferecemos treinamento cont\u00ednuo para a equipe manter a vis\u00e3o dos fundadores. Al\u00e9m disso, \u00e9 salutar continuar acompanhando de perto a gest\u00e3o, a produ\u00e7\u00e3o e a comercializa\u00e7\u00e3o.<\/p>\n\n\n<div class=\"wp-block-image\">\n<figure class=\"aligncenter size-large is-resized\"><a href=\"https:\/\/hotelmarquetti.com.br\/\"><img loading=\"lazy\" decoding=\"async\" width=\"1024\" height=\"680\" src=\"https:\/\/jornalfatosenoticias.com.br\/wp-content\/uploads\/2020\/02\/LOGO-MQ-1024x680.jpg\" alt=\"\" class=\"wp-image-58299\" style=\"aspect-ratio:1.5059172441326603;width:346px;height:auto\" srcset=\"https:\/\/jornalfatosenoticias.com.br\/wp-content\/uploads\/2020\/02\/LOGO-MQ-1024x680.jpg 1024w, https:\/\/jornalfatosenoticias.com.br\/wp-content\/uploads\/2020\/02\/LOGO-MQ-300x199.jpg 300w, https:\/\/jornalfatosenoticias.com.br\/wp-content\/uploads\/2020\/02\/LOGO-MQ-768x510.jpg 768w, https:\/\/jornalfatosenoticias.com.br\/wp-content\/uploads\/2020\/02\/LOGO-MQ-1536x1020.jpg 1536w, https:\/\/jornalfatosenoticias.com.br\/wp-content\/uploads\/2020\/02\/LOGO-MQ-2048x1360.jpg 2048w\" sizes=\"auto, (max-width: 1024px) 100vw, 1024px\" \/><\/a><\/figure>\n<\/div>\n\n\n<p><strong><mark style=\"background-color:rgba(0, 0, 0, 0)\" class=\"has-inline-color has-black-color\">Qual a vis\u00e3o e a miss\u00e3o da Fardin e como garantir que a empresa continue relevante para as pr\u00f3ximas gera\u00e7\u00f5es?<br><\/mark><\/strong>A vis\u00e3o \u00e9 se tornar l\u00edder do mercado brasileiro, oferecendo produtos e solu\u00e7\u00f5es inovadoras motivadas em 100% do aproveitamento da banana. A nossa miss\u00e3o \u00e9 transformar a ind\u00fastria da banana em uma cadeia sustent\u00e1vel, gerando impacto positivo em colaboradores, clientes, fornecedores e comunidade.<br>Internamente, buscamos investir em automa\u00e7\u00e3o para permitir o aumento da produ\u00e7\u00e3o e o crescimento da empresa. Tamb\u00e9m nos esfor\u00e7amos para lan\u00e7ar produtos alinhados com os interesses atuais do consumidor, como a Linha Zero, que \u00e9 saud\u00e1vel e ainda traz benef\u00edcios para os consumidores. Aliado a isso, valorizamos o produtor rural local, comprando 100% da colheita de banana de 150 fam\u00edlias, que comp\u00f5em o grupo Amigos do Campo, criado pela Fardin.<\/p>\n\n\n<div class=\"wp-block-image\">\n<figure class=\"aligncenter size-full\"><a href=\"https:\/\/www.instagram.com\/alhoroxao\/\"><img loading=\"lazy\" decoding=\"async\" width=\"960\" height=\"365\" src=\"https:\/\/jornalfatosenoticias.com.br\/wp-content\/uploads\/2026\/01\/logo-alho-Roxao.png\" alt=\"\" class=\"wp-image-64448\" srcset=\"https:\/\/jornalfatosenoticias.com.br\/wp-content\/uploads\/2026\/01\/logo-alho-Roxao.png 960w, https:\/\/jornalfatosenoticias.com.br\/wp-content\/uploads\/2026\/01\/logo-alho-Roxao-300x114.png 300w, https:\/\/jornalfatosenoticias.com.br\/wp-content\/uploads\/2026\/01\/logo-alho-Roxao-768x292.png 768w\" sizes=\"auto, (max-width: 960px) 100vw, 960px\" \/><\/a><\/figure>\n<\/div>\n\n\n<p><strong><mark style=\"background-color:rgba(0, 0, 0, 0)\" class=\"has-inline-color has-black-color\">Somos o pa\u00eds com a maior carga tribut\u00e1ria do mundo\u2026 O que fazer para driblar a crise e continuar competitivo?<br><\/mark><\/strong>Investimos em efici\u00eancia operacional e planejamento tribut\u00e1rio. Apesar da alta carga tribut\u00e1ria, quando a regra \u00e9 a mesma para todos, n\u00e3o h\u00e1 problema. O que incomoda \u00e9 a sonega\u00e7\u00e3o fiscal de algumas empresas, que gera uma concorr\u00eancia desleal.<\/p>\n\n\n\n<p><strong><mark style=\"background-color:rgba(0, 0, 0, 0)\" class=\"has-inline-color has-black-color\">Al\u00e9m dos altos impostos, estamos enfrentando a falta de m\u00e3o de obra. Como a Fardin vem superando essa triste realidade e a que o senhor atribui essa lacuna?<br><\/mark><\/strong>Buscamos oferecer atrativos para reter os talentos, como sal\u00e1rios compat\u00edveis, benef\u00edcios, treinamentos, assist\u00eancia psicol\u00f3gica, entre outros. Percebemos, entretanto, que a grande oferta de vagas em empresas na regi\u00e3o, al\u00e9m da grande quantidade de benef\u00edcios sociais, dificulta a contrata\u00e7\u00e3o e aumenta a rotatividade.<\/p>\n\n\n<div class=\"wp-block-image\">\n<figure class=\"aligncenter size-large is-resized\"><a href=\"https:\/\/www.instagram.com\/espiritocacau\/\"><img decoding=\"async\" src=\"https:\/\/jornalfatosenoticias.com.br\/wp-content\/uploads\/2020\/02\/Espirito-Cacau_Logo-1024x1024.png\" alt=\"\" class=\"wp-image-64360\" style=\"width:367px;height:auto\"\/><\/a><\/figure>\n<\/div>\n\n\n<p><strong><mark style=\"background-color:rgba(0, 0, 0, 0)\" class=\"has-inline-color has-black-color\">A Fardin est\u00e1 no interior do Estado, as estradas dificultam no escoamento dos produtos da empresa?<br><\/mark><\/strong>Muito. Temos 3,5 quil\u00f4metros de estrada entre o Centro de Fruteiras Nova e Pombal que pleiteamos o asfaltamento h\u00e1 anos. J\u00e1 tivemos situa\u00e7\u00f5es de ter que mandar um trator para desatolar o caminh\u00e3o. As condi\u00e7\u00f5es das demais estradas do Brasil at\u00e9 os nossos clientes tamb\u00e9m dificultam o escoamento da produ\u00e7\u00e3o, aumentando os custos.<\/p>\n\n\n\n<p><strong><mark style=\"background-color:rgba(0, 0, 0, 0)\" class=\"has-inline-color has-black-color\">Existem muitos fornecedores e fabricantes de doces no mercado. O que torna a Fardin a op\u00e7\u00e3o certa?<br><\/mark><\/strong>Sim, s\u00e3o diversos produtores, mas todo ramo tem concorr\u00eancia e tamb\u00e9m existe mercado para todos trabalharem. O que torna a Fardin diferente \u2014 al\u00e9m de oferecermos produtos feitos com banana de verdade, sem adi\u00e7\u00e3o de corantes e aromatizantes (exceto nos saborizados) e sempre em embalagens atrativas \u2014 \u00e9 a nossa parceria com os produtores rurais locais. Ao comprar nossos doces, o consumidor est\u00e1 apoiando a agricultura familiar e o sustento de mais de 150 fam\u00edlias que comp\u00f5em o grupo Amigos do Campo, criado por n\u00f3s. Compramos 100% da colheita de banana deles. Isso significa que o cliente est\u00e1 escolhendo um produto com hist\u00f3ria.<\/p>\n\n\n<div class=\"wp-block-image\">\n<figure class=\"aligncenter size-large is-resized\"><a href=\"https:\/\/www.instagram.com\/restaurantepegoretti\/\"><img loading=\"lazy\" decoding=\"async\" width=\"1024\" height=\"389\" src=\"https:\/\/jornalfatosenoticias.com.br\/wp-content\/uploads\/2023\/12\/pegoretti-logo-pdf-1024x389.jpg\" alt=\"\" class=\"wp-image-47536\" style=\"aspect-ratio:2.632371267633717;width:655px;height:auto\" srcset=\"https:\/\/jornalfatosenoticias.com.br\/wp-content\/uploads\/2023\/12\/pegoretti-logo-pdf-1024x389.jpg 1024w, https:\/\/jornalfatosenoticias.com.br\/wp-content\/uploads\/2023\/12\/pegoretti-logo-pdf-300x114.jpg 300w, https:\/\/jornalfatosenoticias.com.br\/wp-content\/uploads\/2023\/12\/pegoretti-logo-pdf-768x291.jpg 768w, https:\/\/jornalfatosenoticias.com.br\/wp-content\/uploads\/2023\/12\/pegoretti-logo-pdf.jpg 1120w\" sizes=\"auto, (max-width: 1024px) 100vw, 1024px\" \/><\/a><\/figure>\n<\/div>\n\n\n<p><strong><mark style=\"background-color:rgba(0, 0, 0, 0)\" class=\"has-inline-color has-black-color\">Quais os setores que a Fardin atende e os Estados?<br><\/mark><\/strong>Como disse, estamos em 300 munic\u00edpios do Esp\u00edrito Santo, Minas Gerais, Rio de Janeiro e S\u00e3o Paulo. Nossos produtos s\u00e3o comercializados por distribuidoras e est\u00e3o presentes desde pequenos com\u00e9rcios at\u00e9 grandes redes de supermercado.<\/p>\n\n\n\n<p><strong><mark style=\"background-color:rgba(0, 0, 0, 0)\" class=\"has-inline-color has-black-color\">E para finalizar, quais as vantagens de uma empresa familiar e o que est\u00e1 no planejamento da Fardin para os pr\u00f3ximos anos?<br><\/mark><\/strong>\u00c9 um privil\u00e9gio ter uma empresa dentro da fam\u00edlia. Come\u00e7amos para aumentar a renda e hoje at\u00e9 nossos filhos fazem parte do neg\u00f3cio, replicando a nossa dedica\u00e7\u00e3o. Quando \u00e9 de Deus n\u00e3o tem como dar errado. Temos desafios, mas enfrentamos um de cada vez e vencemos.<br>Nos pr\u00f3ximos 15 anos, queremos a Fardin l\u00edder do mercado, mas com muita humildade e sem passar por cima de ningu\u00e9m. Temos o projeto de aproveitar 100% da banana, crescer de forma organizada e, no futuro, formar uma holding.<\/p>\n\n\n\n<div class=\"wp-block-columns is-layout-flex wp-container-core-columns-is-layout-9d6595d7 wp-block-columns-is-layout-flex\">\n<div class=\"wp-block-column is-layout-flow wp-block-column-is-layout-flow\" style=\"flex-basis:100%\">\n<figure class=\"wp-block-gallery has-nested-images columns-default is-cropped wp-block-gallery-1 is-layout-flex wp-block-gallery-is-layout-flex\">\n<figure class=\"wp-block-image size-large\"><img loading=\"lazy\" decoding=\"async\" width=\"1000\" height=\"477\" data-id=\"64731\" src=\"https:\/\/jornalfatosenoticias.com.br\/wp-content\/uploads\/2026\/01\/Doces-Fardin.jpeg\" alt=\"\" class=\"wp-image-64731\" srcset=\"https:\/\/jornalfatosenoticias.com.br\/wp-content\/uploads\/2026\/01\/Doces-Fardin.jpeg 1000w, https:\/\/jornalfatosenoticias.com.br\/wp-content\/uploads\/2026\/01\/Doces-Fardin-300x143.jpeg 300w, https:\/\/jornalfatosenoticias.com.br\/wp-content\/uploads\/2026\/01\/Doces-Fardin-768x366.jpeg 768w\" sizes=\"auto, (max-width: 1000px) 100vw, 1000px\" \/><figcaption class=\"wp-element-caption\">(Foto: Divulga\u00e7\u00e3o)<\/figcaption><\/figure>\n\n\n\n<figure class=\"wp-block-image size-large\"><img loading=\"lazy\" decoding=\"async\" width=\"1000\" height=\"666\" data-id=\"64732\" src=\"https:\/\/jornalfatosenoticias.com.br\/wp-content\/uploads\/2026\/01\/Fabrica-Fardin.jpeg\" alt=\"\" class=\"wp-image-64732\" srcset=\"https:\/\/jornalfatosenoticias.com.br\/wp-content\/uploads\/2026\/01\/Fabrica-Fardin.jpeg 1000w, https:\/\/jornalfatosenoticias.com.br\/wp-content\/uploads\/2026\/01\/Fabrica-Fardin-300x200.jpeg 300w, https:\/\/jornalfatosenoticias.com.br\/wp-content\/uploads\/2026\/01\/Fabrica-Fardin-768x511.jpeg 768w\" sizes=\"auto, (max-width: 1000px) 100vw, 1000px\" \/><figcaption class=\"wp-element-caption\">(Foto: Divulga\u00e7\u00e3o)<\/figcaption><\/figure>\n\n\n\n<figure class=\"wp-block-image size-large\"><img loading=\"lazy\" decoding=\"async\" width=\"1000\" height=\"473\" data-id=\"64730\" src=\"https:\/\/jornalfatosenoticias.com.br\/wp-content\/uploads\/2026\/01\/Fardin.jpeg\" alt=\"\" class=\"wp-image-64730\" srcset=\"https:\/\/jornalfatosenoticias.com.br\/wp-content\/uploads\/2026\/01\/Fardin.jpeg 1000w, https:\/\/jornalfatosenoticias.com.br\/wp-content\/uploads\/2026\/01\/Fardin-300x142.jpeg 300w, https:\/\/jornalfatosenoticias.com.br\/wp-content\/uploads\/2026\/01\/Fardin-768x363.jpeg 768w\" sizes=\"auto, (max-width: 1000px) 100vw, 1000px\" \/><figcaption class=\"wp-element-caption\">(Foto: Divulga\u00e7\u00e3o)<\/figcaption><\/figure>\n\n\n\n<figure class=\"wp-block-image size-large\"><img loading=\"lazy\" decoding=\"async\" width=\"1000\" height=\"666\" data-id=\"64734\" src=\"https:\/\/jornalfatosenoticias.com.br\/wp-content\/uploads\/2026\/01\/Foto-aerea-da-fabrica-atual_Fardin.jpeg\" alt=\"\" class=\"wp-image-64734\" srcset=\"https:\/\/jornalfatosenoticias.com.br\/wp-content\/uploads\/2026\/01\/Foto-aerea-da-fabrica-atual_Fardin.jpeg 1000w, https:\/\/jornalfatosenoticias.com.br\/wp-content\/uploads\/2026\/01\/Foto-aerea-da-fabrica-atual_Fardin-300x200.jpeg 300w, https:\/\/jornalfatosenoticias.com.br\/wp-content\/uploads\/2026\/01\/Foto-aerea-da-fabrica-atual_Fardin-768x511.jpeg 768w\" sizes=\"auto, (max-width: 1000px) 100vw, 1000px\" \/><figcaption class=\"wp-element-caption\">Foto a\u00e9rea da f\u00e1brica atual Fardin (Foto: Divulga\u00e7\u00e3o)<\/figcaption><\/figure>\n\n\n\n<figure class=\"wp-block-image size-large\"><img loading=\"lazy\" decoding=\"async\" width=\"1000\" height=\"666\" data-id=\"64733\" src=\"https:\/\/jornalfatosenoticias.com.br\/wp-content\/uploads\/2026\/01\/Ronatan-Romildo-Marivania-e-Rian-Fardin.jpeg\" alt=\"\" class=\"wp-image-64733\" srcset=\"https:\/\/jornalfatosenoticias.com.br\/wp-content\/uploads\/2026\/01\/Ronatan-Romildo-Marivania-e-Rian-Fardin.jpeg 1000w, https:\/\/jornalfatosenoticias.com.br\/wp-content\/uploads\/2026\/01\/Ronatan-Romildo-Marivania-e-Rian-Fardin-300x200.jpeg 300w, https:\/\/jornalfatosenoticias.com.br\/wp-content\/uploads\/2026\/01\/Ronatan-Romildo-Marivania-e-Rian-Fardin-768x511.jpeg 768w\" sizes=\"auto, (max-width: 1000px) 100vw, 1000px\" \/><figcaption class=\"wp-element-caption\">Ronatan, Romildo, Mariv\u00e2nia e Rian Fardin (Foto: Divulga\u00e7\u00e3o)<\/figcaption><\/figure>\n<\/figure>\n<\/div>\n<\/div>\n\n\n\n<p><strong><mark style=\"background-color:rgba(0, 0, 0, 0)\" class=\"has-inline-color has-black-color\">Capa: Ronatan, Rian, Mariv\u00e2nia e Romildo Fardin (Foto: Divulga\u00e7\u00e3o)<\/mark><\/strong><\/p>\n","protected":false},"excerpt":{"rendered":"<p>Como a fabrica\u00e7\u00e3o caseira de doces de banana se transformou em uma ind\u00fastria de sucesso, presente em mais de 300 munic\u00edpios brasileiros O mercado nacional de doces no Brasil est\u00e1 em plena expans\u00e3o e crescimento, impulsionado pela demanda por inova\u00e7\u00e3o, praticidade e op\u00e7\u00f5es mais saud\u00e1veis, com faturamento bilion\u00e1rio e forte consumo per capita. As tend\u00eancias [&hellip;]<\/p>\n","protected":false},"author":3,"featured_media":64729,"comment_status":"open","ping_status":"open","sticky":false,"template":"","format":"standard","meta":{"footnotes":""},"categories":[9],"tags":[597,29442,9369,29443,100,29446,29445,29444,10826],"class_list":["post-64728","post","type-post","status-publish","format-standard","has-post-thumbnail","hentry","category-economia","tag-brasil","tag-doce-de-banana","tag-doces","tag-doces-fardin","tag-espirito-santo","tag-guloseimas","tag-produtos-capixabas","tag-romildo-fardin","tag-vargem-alta"],"yoast_head":"<!-- This site is optimized with the Yoast SEO plugin v26.5 - https:\/\/yoast.com\/wordpress\/plugins\/seo\/ -->\n<title>Romildo Fardin conta trajet\u00f3ria da Doces Fardin - Jornal Fatos e Not\u00edcias<\/title>\n<meta name=\"robots\" content=\"index, follow, max-snippet:-1, max-image-preview:large, max-video-preview:-1\" \/>\n<link rel=\"canonical\" href=\"https:\/\/jornalfatosenoticias.com.br\/index.php\/2026\/01\/27\/romildo-fardin-conta-trajetoria-da-doces-fardin\/\" \/>\n<meta property=\"og:locale\" content=\"pt_BR\" \/>\n<meta property=\"og:type\" content=\"article\" \/>\n<meta property=\"og:title\" content=\"Romildo Fardin conta trajet\u00f3ria da Doces Fardin - Jornal Fatos e Not\u00edcias\" \/>\n<meta property=\"og:description\" content=\"Como a fabrica\u00e7\u00e3o caseira de doces de banana se transformou em uma ind\u00fastria de sucesso, presente em mais de 300 munic\u00edpios brasileiros O mercado nacional de doces no Brasil est\u00e1 em plena expans\u00e3o e crescimento, impulsionado pela demanda por inova\u00e7\u00e3o, praticidade e op\u00e7\u00f5es mais saud\u00e1veis, com faturamento bilion\u00e1rio e forte consumo per capita. As tend\u00eancias [&hellip;]\" \/>\n<meta property=\"og:url\" content=\"https:\/\/jornalfatosenoticias.com.br\/index.php\/2026\/01\/27\/romildo-fardin-conta-trajetoria-da-doces-fardin\/\" \/>\n<meta property=\"og:site_name\" content=\"Jornal Fatos e Not\u00edcias\" \/>\n<meta property=\"article:published_time\" content=\"2026-01-27T19:04:07+00:00\" \/>\n<meta property=\"article:modified_time\" content=\"2026-01-30T18:49:25+00:00\" \/>\n<meta property=\"og:image\" content=\"https:\/\/jornalfatosenoticias.com.br\/wp-content\/uploads\/2026\/01\/Ronatan-Rian-Fardin-Marivania-e-Romildo-Fardin_Capa-portal.jpg\" \/>\n\t<meta property=\"og:image:width\" content=\"665\" \/>\n\t<meta property=\"og:image:height\" content=\"581\" \/>\n\t<meta property=\"og:image:type\" content=\"image\/jpeg\" \/>\n<meta name=\"author\" content=\"Haroldo Filho\" \/>\n<meta name=\"twitter:card\" content=\"summary_large_image\" \/>\n<meta name=\"twitter:label1\" content=\"Escrito por\" \/>\n\t<meta name=\"twitter:data1\" content=\"Haroldo Filho\" \/>\n\t<meta name=\"twitter:label2\" content=\"Est. tempo de leitura\" \/>\n\t<meta name=\"twitter:data2\" content=\"10 minutos\" \/>\n<script type=\"application\/ld+json\" class=\"yoast-schema-graph\">{\"@context\":\"https:\/\/schema.org\",\"@graph\":[{\"@type\":\"Article\",\"@id\":\"https:\/\/jornalfatosenoticias.com.br\/index.php\/2026\/01\/27\/romildo-fardin-conta-trajetoria-da-doces-fardin\/#article\",\"isPartOf\":{\"@id\":\"https:\/\/jornalfatosenoticias.com.br\/index.php\/2026\/01\/27\/romildo-fardin-conta-trajetoria-da-doces-fardin\/\"},\"author\":{\"name\":\"Haroldo Filho\",\"@id\":\"https:\/\/jornalfatosenoticias.com.br\/#\/schema\/person\/05c46cc25b42a5c27e004fb0fa6b4965\"},\"headline\":\"Romildo Fardin conta trajet\u00f3ria da Doces Fardin\",\"datePublished\":\"2026-01-27T19:04:07+00:00\",\"dateModified\":\"2026-01-30T18:49:25+00:00\",\"mainEntityOfPage\":{\"@id\":\"https:\/\/jornalfatosenoticias.com.br\/index.php\/2026\/01\/27\/romildo-fardin-conta-trajetoria-da-doces-fardin\/\"},\"wordCount\":1307,\"commentCount\":0,\"publisher\":{\"@id\":\"https:\/\/jornalfatosenoticias.com.br\/#organization\"},\"image\":{\"@id\":\"https:\/\/jornalfatosenoticias.com.br\/index.php\/2026\/01\/27\/romildo-fardin-conta-trajetoria-da-doces-fardin\/#primaryimage\"},\"thumbnailUrl\":\"https:\/\/jornalfatosenoticias.com.br\/wp-content\/uploads\/2026\/01\/Ronatan-Rian-Fardin-Marivania-e-Romildo-Fardin_Capa-portal.jpg\",\"keywords\":[\"Brasil\",\"doce de banana\",\"doces\",\"Doces Fardin\",\"Esp\u00edrito Santo\",\"guloseimas\",\"produtos capixabas\",\"Romildo Fardin\",\"Vargem Alta\"],\"articleSection\":[\"Economia\"],\"inLanguage\":\"pt-BR\",\"potentialAction\":[{\"@type\":\"CommentAction\",\"name\":\"Comment\",\"target\":[\"https:\/\/jornalfatosenoticias.com.br\/index.php\/2026\/01\/27\/romildo-fardin-conta-trajetoria-da-doces-fardin\/#respond\"]}]},{\"@type\":\"WebPage\",\"@id\":\"https:\/\/jornalfatosenoticias.com.br\/index.php\/2026\/01\/27\/romildo-fardin-conta-trajetoria-da-doces-fardin\/\",\"url\":\"https:\/\/jornalfatosenoticias.com.br\/index.php\/2026\/01\/27\/romildo-fardin-conta-trajetoria-da-doces-fardin\/\",\"name\":\"Romildo Fardin conta trajet\u00f3ria da Doces Fardin - Jornal Fatos e Not\u00edcias\",\"isPartOf\":{\"@id\":\"https:\/\/jornalfatosenoticias.com.br\/#website\"},\"primaryImageOfPage\":{\"@id\":\"https:\/\/jornalfatosenoticias.com.br\/index.php\/2026\/01\/27\/romildo-fardin-conta-trajetoria-da-doces-fardin\/#primaryimage\"},\"image\":{\"@id\":\"https:\/\/jornalfatosenoticias.com.br\/index.php\/2026\/01\/27\/romildo-fardin-conta-trajetoria-da-doces-fardin\/#primaryimage\"},\"thumbnailUrl\":\"https:\/\/jornalfatosenoticias.com.br\/wp-content\/uploads\/2026\/01\/Ronatan-Rian-Fardin-Marivania-e-Romildo-Fardin_Capa-portal.jpg\",\"datePublished\":\"2026-01-27T19:04:07+00:00\",\"dateModified\":\"2026-01-30T18:49:25+00:00\",\"breadcrumb\":{\"@id\":\"https:\/\/jornalfatosenoticias.com.br\/index.php\/2026\/01\/27\/romildo-fardin-conta-trajetoria-da-doces-fardin\/#breadcrumb\"},\"inLanguage\":\"pt-BR\",\"potentialAction\":[{\"@type\":\"ReadAction\",\"target\":[\"https:\/\/jornalfatosenoticias.com.br\/index.php\/2026\/01\/27\/romildo-fardin-conta-trajetoria-da-doces-fardin\/\"]}]},{\"@type\":\"ImageObject\",\"inLanguage\":\"pt-BR\",\"@id\":\"https:\/\/jornalfatosenoticias.com.br\/index.php\/2026\/01\/27\/romildo-fardin-conta-trajetoria-da-doces-fardin\/#primaryimage\",\"url\":\"https:\/\/jornalfatosenoticias.com.br\/wp-content\/uploads\/2026\/01\/Ronatan-Rian-Fardin-Marivania-e-Romildo-Fardin_Capa-portal.jpg\",\"contentUrl\":\"https:\/\/jornalfatosenoticias.com.br\/wp-content\/uploads\/2026\/01\/Ronatan-Rian-Fardin-Marivania-e-Romildo-Fardin_Capa-portal.jpg\",\"width\":665,\"height\":581},{\"@type\":\"BreadcrumbList\",\"@id\":\"https:\/\/jornalfatosenoticias.com.br\/index.php\/2026\/01\/27\/romildo-fardin-conta-trajetoria-da-doces-fardin\/#breadcrumb\",\"itemListElement\":[{\"@type\":\"ListItem\",\"position\":1,\"name\":\"In\u00edcio\",\"item\":\"https:\/\/jornalfatosenoticias.com.br\/\"},{\"@type\":\"ListItem\",\"position\":2,\"name\":\"Romildo Fardin conta trajet\u00f3ria da Doces Fardin\"}]},{\"@type\":\"WebSite\",\"@id\":\"https:\/\/jornalfatosenoticias.com.br\/#website\",\"url\":\"https:\/\/jornalfatosenoticias.com.br\/\",\"name\":\"Jornal Fatos e Not\u00edcias\",\"description\":\"Not\u00edcias em geral\",\"publisher\":{\"@id\":\"https:\/\/jornalfatosenoticias.com.br\/#organization\"},\"potentialAction\":[{\"@type\":\"SearchAction\",\"target\":{\"@type\":\"EntryPoint\",\"urlTemplate\":\"https:\/\/jornalfatosenoticias.com.br\/?s={search_term_string}\"},\"query-input\":{\"@type\":\"PropertyValueSpecification\",\"valueRequired\":true,\"valueName\":\"search_term_string\"}}],\"inLanguage\":\"pt-BR\"},{\"@type\":\"Organization\",\"@id\":\"https:\/\/jornalfatosenoticias.com.br\/#organization\",\"name\":\"Jornal Fatos e Not\u00edcias\",\"url\":\"https:\/\/jornalfatosenoticias.com.br\/\",\"logo\":{\"@type\":\"ImageObject\",\"inLanguage\":\"pt-BR\",\"@id\":\"https:\/\/jornalfatosenoticias.com.br\/#\/schema\/logo\/image\/\",\"url\":\"https:\/\/jornalfatosenoticias.com.br\/wp-content\/uploads\/2020\/02\/logo120.png\",\"contentUrl\":\"https:\/\/jornalfatosenoticias.com.br\/wp-content\/uploads\/2020\/02\/logo120.png\",\"width\":1227,\"height\":120,\"caption\":\"Jornal Fatos e Not\u00edcias\"},\"image\":{\"@id\":\"https:\/\/jornalfatosenoticias.com.br\/#\/schema\/logo\/image\/\"}},{\"@type\":\"Person\",\"@id\":\"https:\/\/jornalfatosenoticias.com.br\/#\/schema\/person\/05c46cc25b42a5c27e004fb0fa6b4965\",\"name\":\"Haroldo Filho\",\"image\":{\"@type\":\"ImageObject\",\"inLanguage\":\"pt-BR\",\"@id\":\"https:\/\/jornalfatosenoticias.com.br\/#\/schema\/person\/image\/\",\"url\":\"https:\/\/jornalfatosenoticias.com.br\/wp-content\/uploads\/2025\/08\/WhatsApp-Image-2025-08-18-at-15.30.28-150x150.jpeg\",\"contentUrl\":\"https:\/\/jornalfatosenoticias.com.br\/wp-content\/uploads\/2025\/08\/WhatsApp-Image-2025-08-18-at-15.30.28-150x150.jpeg\",\"caption\":\"Haroldo Filho\"},\"description\":\"Jornalista \u2013 DRT: 0003818\/ES Coordenador-geral da ONG Educar para Crescer\",\"url\":\"https:\/\/jornalfatosenoticias.com.br\/index.php\/author\/haroldo\/\"}]}<\/script>\n<!-- \/ Yoast SEO plugin. -->","yoast_head_json":{"title":"Romildo Fardin conta trajet\u00f3ria da Doces Fardin - Jornal Fatos e Not\u00edcias","robots":{"index":"index","follow":"follow","max-snippet":"max-snippet:-1","max-image-preview":"max-image-preview:large","max-video-preview":"max-video-preview:-1"},"canonical":"https:\/\/jornalfatosenoticias.com.br\/index.php\/2026\/01\/27\/romildo-fardin-conta-trajetoria-da-doces-fardin\/","og_locale":"pt_BR","og_type":"article","og_title":"Romildo Fardin conta trajet\u00f3ria da Doces Fardin - Jornal Fatos e Not\u00edcias","og_description":"Como a fabrica\u00e7\u00e3o caseira de doces de banana se transformou em uma ind\u00fastria de sucesso, presente em mais de 300 munic\u00edpios brasileiros O mercado nacional de doces no Brasil est\u00e1 em plena expans\u00e3o e crescimento, impulsionado pela demanda por inova\u00e7\u00e3o, praticidade e op\u00e7\u00f5es mais saud\u00e1veis, com faturamento bilion\u00e1rio e forte consumo per capita. As tend\u00eancias [&hellip;]","og_url":"https:\/\/jornalfatosenoticias.com.br\/index.php\/2026\/01\/27\/romildo-fardin-conta-trajetoria-da-doces-fardin\/","og_site_name":"Jornal Fatos e Not\u00edcias","article_published_time":"2026-01-27T19:04:07+00:00","article_modified_time":"2026-01-30T18:49:25+00:00","og_image":[{"width":665,"height":581,"url":"https:\/\/jornalfatosenoticias.com.br\/wp-content\/uploads\/2026\/01\/Ronatan-Rian-Fardin-Marivania-e-Romildo-Fardin_Capa-portal.jpg","type":"image\/jpeg"}],"author":"Haroldo Filho","twitter_card":"summary_large_image","twitter_misc":{"Escrito por":"Haroldo Filho","Est. tempo de leitura":"10 minutos"},"schema":{"@context":"https:\/\/schema.org","@graph":[{"@type":"Article","@id":"https:\/\/jornalfatosenoticias.com.br\/index.php\/2026\/01\/27\/romildo-fardin-conta-trajetoria-da-doces-fardin\/#article","isPartOf":{"@id":"https:\/\/jornalfatosenoticias.com.br\/index.php\/2026\/01\/27\/romildo-fardin-conta-trajetoria-da-doces-fardin\/"},"author":{"name":"Haroldo Filho","@id":"https:\/\/jornalfatosenoticias.com.br\/#\/schema\/person\/05c46cc25b42a5c27e004fb0fa6b4965"},"headline":"Romildo Fardin conta trajet\u00f3ria da Doces Fardin","datePublished":"2026-01-27T19:04:07+00:00","dateModified":"2026-01-30T18:49:25+00:00","mainEntityOfPage":{"@id":"https:\/\/jornalfatosenoticias.com.br\/index.php\/2026\/01\/27\/romildo-fardin-conta-trajetoria-da-doces-fardin\/"},"wordCount":1307,"commentCount":0,"publisher":{"@id":"https:\/\/jornalfatosenoticias.com.br\/#organization"},"image":{"@id":"https:\/\/jornalfatosenoticias.com.br\/index.php\/2026\/01\/27\/romildo-fardin-conta-trajetoria-da-doces-fardin\/#primaryimage"},"thumbnailUrl":"https:\/\/jornalfatosenoticias.com.br\/wp-content\/uploads\/2026\/01\/Ronatan-Rian-Fardin-Marivania-e-Romildo-Fardin_Capa-portal.jpg","keywords":["Brasil","doce de banana","doces","Doces Fardin","Esp\u00edrito Santo","guloseimas","produtos capixabas","Romildo Fardin","Vargem Alta"],"articleSection":["Economia"],"inLanguage":"pt-BR","potentialAction":[{"@type":"CommentAction","name":"Comment","target":["https:\/\/jornalfatosenoticias.com.br\/index.php\/2026\/01\/27\/romildo-fardin-conta-trajetoria-da-doces-fardin\/#respond"]}]},{"@type":"WebPage","@id":"https:\/\/jornalfatosenoticias.com.br\/index.php\/2026\/01\/27\/romildo-fardin-conta-trajetoria-da-doces-fardin\/","url":"https:\/\/jornalfatosenoticias.com.br\/index.php\/2026\/01\/27\/romildo-fardin-conta-trajetoria-da-doces-fardin\/","name":"Romildo Fardin conta trajet\u00f3ria da Doces Fardin - Jornal Fatos e Not\u00edcias","isPartOf":{"@id":"https:\/\/jornalfatosenoticias.com.br\/#website"},"primaryImageOfPage":{"@id":"https:\/\/jornalfatosenoticias.com.br\/index.php\/2026\/01\/27\/romildo-fardin-conta-trajetoria-da-doces-fardin\/#primaryimage"},"image":{"@id":"https:\/\/jornalfatosenoticias.com.br\/index.php\/2026\/01\/27\/romildo-fardin-conta-trajetoria-da-doces-fardin\/#primaryimage"},"thumbnailUrl":"https:\/\/jornalfatosenoticias.com.br\/wp-content\/uploads\/2026\/01\/Ronatan-Rian-Fardin-Marivania-e-Romildo-Fardin_Capa-portal.jpg","datePublished":"2026-01-27T19:04:07+00:00","dateModified":"2026-01-30T18:49:25+00:00","breadcrumb":{"@id":"https:\/\/jornalfatosenoticias.com.br\/index.php\/2026\/01\/27\/romildo-fardin-conta-trajetoria-da-doces-fardin\/#breadcrumb"},"inLanguage":"pt-BR","potentialAction":[{"@type":"ReadAction","target":["https:\/\/jornalfatosenoticias.com.br\/index.php\/2026\/01\/27\/romildo-fardin-conta-trajetoria-da-doces-fardin\/"]}]},{"@type":"ImageObject","inLanguage":"pt-BR","@id":"https:\/\/jornalfatosenoticias.com.br\/index.php\/2026\/01\/27\/romildo-fardin-conta-trajetoria-da-doces-fardin\/#primaryimage","url":"https:\/\/jornalfatosenoticias.com.br\/wp-content\/uploads\/2026\/01\/Ronatan-Rian-Fardin-Marivania-e-Romildo-Fardin_Capa-portal.jpg","contentUrl":"https:\/\/jornalfatosenoticias.com.br\/wp-content\/uploads\/2026\/01\/Ronatan-Rian-Fardin-Marivania-e-Romildo-Fardin_Capa-portal.jpg","width":665,"height":581},{"@type":"BreadcrumbList","@id":"https:\/\/jornalfatosenoticias.com.br\/index.php\/2026\/01\/27\/romildo-fardin-conta-trajetoria-da-doces-fardin\/#breadcrumb","itemListElement":[{"@type":"ListItem","position":1,"name":"In\u00edcio","item":"https:\/\/jornalfatosenoticias.com.br\/"},{"@type":"ListItem","position":2,"name":"Romildo Fardin conta trajet\u00f3ria da Doces Fardin"}]},{"@type":"WebSite","@id":"https:\/\/jornalfatosenoticias.com.br\/#website","url":"https:\/\/jornalfatosenoticias.com.br\/","name":"Jornal Fatos e Not\u00edcias","description":"Not\u00edcias em geral","publisher":{"@id":"https:\/\/jornalfatosenoticias.com.br\/#organization"},"potentialAction":[{"@type":"SearchAction","target":{"@type":"EntryPoint","urlTemplate":"https:\/\/jornalfatosenoticias.com.br\/?s={search_term_string}"},"query-input":{"@type":"PropertyValueSpecification","valueRequired":true,"valueName":"search_term_string"}}],"inLanguage":"pt-BR"},{"@type":"Organization","@id":"https:\/\/jornalfatosenoticias.com.br\/#organization","name":"Jornal Fatos e Not\u00edcias","url":"https:\/\/jornalfatosenoticias.com.br\/","logo":{"@type":"ImageObject","inLanguage":"pt-BR","@id":"https:\/\/jornalfatosenoticias.com.br\/#\/schema\/logo\/image\/","url":"https:\/\/jornalfatosenoticias.com.br\/wp-content\/uploads\/2020\/02\/logo120.png","contentUrl":"https:\/\/jornalfatosenoticias.com.br\/wp-content\/uploads\/2020\/02\/logo120.png","width":1227,"height":120,"caption":"Jornal Fatos e Not\u00edcias"},"image":{"@id":"https:\/\/jornalfatosenoticias.com.br\/#\/schema\/logo\/image\/"}},{"@type":"Person","@id":"https:\/\/jornalfatosenoticias.com.br\/#\/schema\/person\/05c46cc25b42a5c27e004fb0fa6b4965","name":"Haroldo Filho","image":{"@type":"ImageObject","inLanguage":"pt-BR","@id":"https:\/\/jornalfatosenoticias.com.br\/#\/schema\/person\/image\/","url":"https:\/\/jornalfatosenoticias.com.br\/wp-content\/uploads\/2025\/08\/WhatsApp-Image-2025-08-18-at-15.30.28-150x150.jpeg","contentUrl":"https:\/\/jornalfatosenoticias.com.br\/wp-content\/uploads\/2025\/08\/WhatsApp-Image-2025-08-18-at-15.30.28-150x150.jpeg","caption":"Haroldo Filho"},"description":"Jornalista \u2013 DRT: 0003818\/ES Coordenador-geral da ONG Educar para Crescer","url":"https:\/\/jornalfatosenoticias.com.br\/index.php\/author\/haroldo\/"}]}},"cc_featured_image_caption":{"caption_text":"","source_text":"","source_url":""},"jetpack_featured_media_url":"https:\/\/jornalfatosenoticias.com.br\/wp-content\/uploads\/2026\/01\/Ronatan-Rian-Fardin-Marivania-e-Romildo-Fardin_Capa-portal.jpg","_links":{"self":[{"href":"https:\/\/jornalfatosenoticias.com.br\/index.php\/wp-json\/wp\/v2\/posts\/64728","targetHints":{"allow":["GET"]}}],"collection":[{"href":"https:\/\/jornalfatosenoticias.com.br\/index.php\/wp-json\/wp\/v2\/posts"}],"about":[{"href":"https:\/\/jornalfatosenoticias.com.br\/index.php\/wp-json\/wp\/v2\/types\/post"}],"author":[{"embeddable":true,"href":"https:\/\/jornalfatosenoticias.com.br\/index.php\/wp-json\/wp\/v2\/users\/3"}],"replies":[{"embeddable":true,"href":"https:\/\/jornalfatosenoticias.com.br\/index.php\/wp-json\/wp\/v2\/comments?post=64728"}],"version-history":[{"count":2,"href":"https:\/\/jornalfatosenoticias.com.br\/index.php\/wp-json\/wp\/v2\/posts\/64728\/revisions"}],"predecessor-version":[{"id":64852,"href":"https:\/\/jornalfatosenoticias.com.br\/index.php\/wp-json\/wp\/v2\/posts\/64728\/revisions\/64852"}],"wp:featuredmedia":[{"embeddable":true,"href":"https:\/\/jornalfatosenoticias.com.br\/index.php\/wp-json\/wp\/v2\/media\/64729"}],"wp:attachment":[{"href":"https:\/\/jornalfatosenoticias.com.br\/index.php\/wp-json\/wp\/v2\/media?parent=64728"}],"wp:term":[{"taxonomy":"category","embeddable":true,"href":"https:\/\/jornalfatosenoticias.com.br\/index.php\/wp-json\/wp\/v2\/categories?post=64728"},{"taxonomy":"post_tag","embeddable":true,"href":"https:\/\/jornalfatosenoticias.com.br\/index.php\/wp-json\/wp\/v2\/tags?post=64728"}],"curies":[{"name":"wp","href":"https:\/\/api.w.org\/{rel}","templated":true}]}}