{"id":64736,"date":"2026-01-27T16:17:33","date_gmt":"2026-01-27T19:17:33","guid":{"rendered":"https:\/\/jornalfatosenoticias.com.br\/?p=64736"},"modified":"2026-01-27T16:17:35","modified_gmt":"2026-01-27T19:17:35","slug":"a-mente-invisivel-que-governa-decisoes-resultados-e-emocoes","status":"publish","type":"post","link":"https:\/\/jornalfatosenoticias.com.br\/index.php\/2026\/01\/27\/a-mente-invisivel-que-governa-decisoes-resultados-e-emocoes\/","title":{"rendered":"A mente invis\u00edvel que governa decis\u00f5es, resultados e emo\u00e7\u00f5es"},"content":{"rendered":"\n<p><mark style=\"background-color:rgba(0, 0, 0, 0)\" class=\"has-inline-color has-black-color\">Por<strong> <a href=\"https:\/\/online.fliphtml5.com\/revistaalimentosenegocios\/mjcs\/?utm_source=ig&amp;utm_medium=social&amp;utm_content=link_in_bio&amp;fbclid=PAb21jcAPli89leHRuA2FlbQIxMQBzcnRjBmFwcF9pZA81NjcwNjczNDMzNTI0MjcAAadlLf0yf_oeNEm0eNj-lVvDIOyk8jdyXRVzJLjYNhndjzlJvs9X9nYy2DbkGw_aem_7o4jJejX4oxHG1dp9Ora2Q#p=64\">Nagib Neto<\/a><\/strong><\/mark><\/p>\n\n\n<div class=\"wp-block-image is-style-rounded\">\n<figure class=\"alignleft size-full\"><img loading=\"lazy\" decoding=\"async\" width=\"153\" height=\"227\" src=\"https:\/\/jornalfatosenoticias.com.br\/wp-content\/uploads\/2026\/01\/nagib-foto-portal.jpg\" alt=\"\" class=\"wp-image-64737\"\/><\/figure>\n<\/div>\n\n\n<p>Vivemos em uma era onde informa\u00e7\u00e3o nunca foi o problema. Livros, cursos, <strong><a href=\"https:\/\/online.fliphtml5.com\/revistaalimentosenegocios\/mjcs\/?utm_source=ig&amp;utm_medium=social&amp;utm_content=link_in_bio&amp;fbclid=PAb21jcAPli89leHRuA2FlbQIxMQBzcnRjBmFwcF9pZA81NjcwNjczNDMzNTI0MjcAAadlLf0yf_oeNEm0eNj-lVvDIOyk8jdyXRVzJLjYNhndjzlJvs9X9nYy2DbkGw_aem_7o4jJejX4oxHG1dp9Ora2Q#p=64\">mentorias<\/a><\/strong> e conte\u00fados est\u00e3o dispon\u00edveis em excesso. Ainda assim, milh\u00f5es de pessoas continuam repetindo os mesmos padr\u00f5es: decis\u00f5es ruins, ansiedade constante, procrastina\u00e7\u00e3o, medo de agir, sabotagem interna e um sentimento persistente de estar aqu\u00e9m do pr\u00f3prio potencial.<br>A pergunta que fica \u00e9 simples e desconfort\u00e1vel: se sabemos tanto, por que mudamos t\u00e3o pouco?<br>A resposta est\u00e1 em um lugar que a maioria ignora: o inconsciente.<\/p>\n\n\n\n<p><strong><mark style=\"background-color:rgba(0, 0, 0, 0)\" class=\"has-inline-color has-black-color\">Subconsciente, o verdadeiro decisor da sua vida<br><\/mark><\/strong>Estudos em neuroci\u00eancia e psicologia apontam que mais de 90% das nossas decis\u00f5es s\u00e3o subconsciente. Isso significa que n\u00e3o \u00e9 a l\u00f3gica, nem a for\u00e7a de vontade, que governam nossas escolhas di\u00e1rias, mas, sim, padr\u00f5es emocionais, mem\u00f3rias e associa\u00e7\u00f5es criadas ao longo da vida.<br><strong>Para o p\u00fablico em geral, isso aparece como:<br><\/strong>\u2022 Ansiedade sem motivo claro<br>\u2022 Medo de se posicionar<br>\u2022 Dificuldade em manter const\u00e2ncia<br>\u2022 Relacionamentos repetitivos e desgastantes<\/p>\n\n\n<div class=\"wp-block-image\">\n<figure class=\"aligncenter size-large is-resized\"><a href=\"https:\/\/www.facebook.com\/profile.php?id=100069289606145\"><img loading=\"lazy\" decoding=\"async\" width=\"1024\" height=\"714\" src=\"https:\/\/jornalfatosenoticias.com.br\/wp-content\/uploads\/2024\/11\/Guaitolini-Contabilidade-1024x714.jpeg\" alt=\"\" class=\"wp-image-55808\" style=\"aspect-ratio:1.4341815811629233;width:346px;height:auto\" srcset=\"https:\/\/jornalfatosenoticias.com.br\/wp-content\/uploads\/2024\/11\/Guaitolini-Contabilidade-1024x714.jpeg 1024w, https:\/\/jornalfatosenoticias.com.br\/wp-content\/uploads\/2024\/11\/Guaitolini-Contabilidade-300x209.jpeg 300w, https:\/\/jornalfatosenoticias.com.br\/wp-content\/uploads\/2024\/11\/Guaitolini-Contabilidade-768x535.jpeg 768w, https:\/\/jornalfatosenoticias.com.br\/wp-content\/uploads\/2024\/11\/Guaitolini-Contabilidade.jpeg 1280w\" sizes=\"auto, (max-width: 1024px) 100vw, 1024px\" \/><\/a><\/figure>\n<\/div>\n\n\n<p><strong><mark style=\"background-color:rgba(0, 0, 0, 0)\" class=\"has-inline-color has-black-color\">Para empres\u00e1rios e profissionais de alta performance, o cen\u00e1rio muda apenas na forma, n\u00e3o na raiz:<br><\/mark><\/strong>\u2022 Autossabotagem em momentos decisivos<br>\u2022 Medo de crescer e perder controle<br>\u2022 Dificuldade em delegar<br>\u2022 Bloqueios financeiros e emocionais<br>\u2022 Exaust\u00e3o mental mesmo com sucesso externo<br>O problema n\u00e3o est\u00e1 na capacidade, mas no programa interno rodando em segundo plano.<\/p>\n\n\n<div class=\"wp-block-image\">\n<figure class=\"aligncenter size-large\"><a href=\"https:\/\/mizu.com.br\/\"><img loading=\"lazy\" decoding=\"async\" width=\"1024\" height=\"99\" src=\"https:\/\/jornalfatosenoticias.com.br\/wp-content\/uploads\/2020\/02\/Logo-Mizu-segunda-2-1024x99.png\" alt=\"\" class=\"wp-image-2353\" srcset=\"https:\/\/jornalfatosenoticias.com.br\/wp-content\/uploads\/2020\/02\/Logo-Mizu-segunda-2-1024x99.png 1024w, https:\/\/jornalfatosenoticias.com.br\/wp-content\/uploads\/2020\/02\/Logo-Mizu-segunda-2-300x29.png 300w, https:\/\/jornalfatosenoticias.com.br\/wp-content\/uploads\/2020\/02\/Logo-Mizu-segunda-2-768x74.png 768w, https:\/\/jornalfatosenoticias.com.br\/wp-content\/uploads\/2020\/02\/Logo-Mizu-segunda-2.png 1240w\" sizes=\"auto, (max-width: 1024px) 100vw, 1024px\" \/><\/a><\/figure>\n<\/div>\n\n\n<p><strong><mark style=\"background-color:rgba(0, 0, 0, 0)\" class=\"has-inline-color has-black-color\">Por que for\u00e7a de vontade n\u00e3o funciona a longo prazo<br><\/mark><\/strong>A for\u00e7a de vontade atua no consciente. O problema \u00e9 que o consciente representa apenas uma pequena fra\u00e7\u00e3o da mente. \u00c9 por isso que tantas pessoas:<br>\u2022 Come\u00e7am e n\u00e3o terminam<br>\u2022 Prometem e n\u00e3o sustentam<br>\u2022 Sabem o que fazer, mas n\u00e3o fazem<\/p>\n\n\n\n<p>Quando existe um conflito entre consciente e subconsciente , o subconsciente sempre vence. N\u00e3o por fraqueza, mas por prote\u00e7\u00e3o. Muitos bloqueios emocionais n\u00e3o s\u00e3o defeitos \u2014 s\u00e3o mecanismos de defesa criados em algum momento da vida para lidar com dor, rejei\u00e7\u00e3o, medo ou frustra\u00e7\u00e3o. O problema \u00e9 que o que um dia protegeu, hoje limita.<\/p>\n\n\n<div class=\"wp-block-image\">\n<figure class=\"aligncenter size-large is-resized\"><a href=\"https:\/\/www.instagram.com\/espiritocacau\/\"><img decoding=\"async\" src=\"https:\/\/jornalfatosenoticias.com.br\/wp-content\/uploads\/2020\/02\/Espirito-Cacau_Logo-1024x1024.png\" alt=\"\" class=\"wp-image-64360\" style=\"width:317px;height:auto\"\/><\/a><\/figure>\n<\/div>\n\n\n<p><strong><mark style=\"background-color:rgba(0, 0, 0, 0)\" class=\"has-inline-color has-black-color\">Hipnose cl\u00ednica: acesso direto \u00e0 raiz do problema<br><\/mark><\/strong>A hipnose cl\u00ednica moderna n\u00e3o tem rela\u00e7\u00e3o com perda de controle ou misticismo. Ela \u00e9 uma ferramenta terap\u00eautica s\u00e9ria, utilizada para acessar estados profundos de foco e aten\u00e7\u00e3o, onde o subconsciente se torna mais receptivo \u00e0 ressignifica\u00e7\u00e3o. <strong>Nesse estado, \u00e9 poss\u00edvel:<\/strong><br>\u2022 Identificar a origem emocional de padr\u00f5es repetitivos<br>\u2022 Ressignificar traumas conscientes e inconscientes<br>\u2022 Reduzir ansiedade e respostas autom\u00e1ticas de medo<br>\u2022 Reprogramar cren\u00e7as limitantes<br>\u2022 Restaurar clareza mental e seguran\u00e7a interna<\/p>\n\n\n<div class=\"wp-block-image\">\n<figure class=\"aligncenter size-full\"><a href=\"https:\/\/www.instagram.com\/alhoroxao\/\"><img loading=\"lazy\" decoding=\"async\" width=\"960\" height=\"365\" src=\"https:\/\/jornalfatosenoticias.com.br\/wp-content\/uploads\/2026\/01\/logo-alho-Roxao.png\" alt=\"\" class=\"wp-image-64448\" srcset=\"https:\/\/jornalfatosenoticias.com.br\/wp-content\/uploads\/2026\/01\/logo-alho-Roxao.png 960w, https:\/\/jornalfatosenoticias.com.br\/wp-content\/uploads\/2026\/01\/logo-alho-Roxao-300x114.png 300w, https:\/\/jornalfatosenoticias.com.br\/wp-content\/uploads\/2026\/01\/logo-alho-Roxao-768x292.png 768w\" sizes=\"auto, (max-width: 960px) 100vw, 960px\" \/><\/a><\/figure>\n<\/div>\n\n\n<p><strong><mark style=\"background-color:rgba(0, 0, 0, 0)\" class=\"has-inline-color has-black-color\">Para empres\u00e1rios, isso se traduz em:<br><\/mark><\/strong>\u2022 Decis\u00f5es mais claras<br>\u2022 Menos ru\u00eddo emocional<br>\u2022 Mais presen\u00e7a e lideran\u00e7a<br>\u2022 Performance sem autossabotagem<\/p>\n\n\n\n<p><strong><mark style=\"background-color:rgba(0, 0, 0, 0)\" class=\"has-inline-color has-black-color\">Para o p\u00fablico em geral:<br><\/mark><\/strong>\u2022 Al\u00edvio emocional<br>\u2022 Mais controle interno<br>\u2022 Rela\u00e7\u00f5es mais saud\u00e1veis<br>\u2022 Vida com mais sentido e leveza<\/p>\n\n\n<div class=\"wp-block-image\">\n<figure class=\"aligncenter size-large is-resized\"><a href=\"https:\/\/www.instagram.com\/esteio.churrascaria\/\"><img loading=\"lazy\" decoding=\"async\" width=\"1024\" height=\"730\" src=\"https:\/\/jornalfatosenoticias.com.br\/wp-content\/uploads\/2022\/02\/LOGO-ESTEIO-1024x730.png\" alt=\"\" class=\"wp-image-27942\" style=\"aspect-ratio:1.4027519523986611;width:351px;height:auto\" srcset=\"https:\/\/jornalfatosenoticias.com.br\/wp-content\/uploads\/2022\/02\/LOGO-ESTEIO-1024x730.png 1024w, https:\/\/jornalfatosenoticias.com.br\/wp-content\/uploads\/2022\/02\/LOGO-ESTEIO-300x214.png 300w, https:\/\/jornalfatosenoticias.com.br\/wp-content\/uploads\/2022\/02\/LOGO-ESTEIO-768x548.png 768w, https:\/\/jornalfatosenoticias.com.br\/wp-content\/uploads\/2022\/02\/LOGO-ESTEIO.png 1123w\" sizes=\"auto, (max-width: 1024px) 100vw, 1024px\" \/><\/a><\/figure>\n<\/div>\n\n\n<p><strong><mark style=\"background-color:rgba(0, 0, 0, 0)\" class=\"has-inline-color has-black-color\">Alta performance come\u00e7a dentro, n\u00e3o fora<br><\/mark><\/strong>Existe um mito perigoso de que sucesso exige sofrimento constante. Na pr\u00e1tica cl\u00ednica, o que vejo \u00e9 o oposto: quanto mais alinhada a mente, menor o desgaste e maior o resultado. Alta performance n\u00e3o \u00e9 trabalhar mais, \u00e9 funcionar melhor. E isso s\u00f3 acontece quando o subconsciente deixa de lutar contra voc\u00ea e passa a trabalhar a seu favor.<\/p>\n\n\n\n<p><strong><mark style=\"background-color:rgba(0, 0, 0, 0)\" class=\"has-inline-color has-black-color\">O primeiro passo \u00e9 a consci\u00eancia<br><\/mark><\/strong>Nenhuma mudan\u00e7a profunda come\u00e7a do lado de fora. Ela come\u00e7a quando a pessoa entende que n\u00e3o precisa \u201cse consertar\u201d, mas sim se compreender. A boa not\u00edcia \u00e9 que padr\u00f5es podem ser<br>modificados. Emo\u00e7\u00f5es podem ser reorganizadas. E a mente pode ser treinada para operar em um n\u00edvel muito mais saud\u00e1vel e produtivo.<br>Se voc\u00ea sente que j\u00e1 tentou de tudo e ainda assim algo interno continua travando sua vida, seus resultados ou suas decis\u00f5es, talvez o problema n\u00e3o seja falta de esfor\u00e7o \u2014 e sim excesso de ru\u00eddo interno. A verdadeira mudan\u00e7a acontece quando voc\u00ea trata a causa \u2014 n\u00e3o apenas os sintomas. Agende uma avalia\u00e7\u00e3o terap\u00eautica e descubra quais padr\u00f5es inconscientes est\u00e3o influenciando suas emo\u00e7\u00f5es, decis\u00f5es e resultados.<br><\/p>\n\n\n<div class=\"wp-block-image\">\n<figure class=\"aligncenter size-full\"><a href=\"https:\/\/premiertemperos.com.br\/novo\/\"><img loading=\"lazy\" decoding=\"async\" width=\"851\" height=\"315\" src=\"https:\/\/jornalfatosenoticias.com.br\/wp-content\/uploads\/2020\/02\/logo-Premier-Temperos.png\" alt=\"\" class=\"wp-image-64452\" srcset=\"https:\/\/jornalfatosenoticias.com.br\/wp-content\/uploads\/2020\/02\/logo-Premier-Temperos.png 851w, https:\/\/jornalfatosenoticias.com.br\/wp-content\/uploads\/2020\/02\/logo-Premier-Temperos-300x111.png 300w, https:\/\/jornalfatosenoticias.com.br\/wp-content\/uploads\/2020\/02\/logo-Premier-Temperos-768x284.png 768w\" sizes=\"auto, (max-width: 851px) 100vw, 851px\" \/><\/a><\/figure>\n<\/div>\n\n\n<p><mark style=\"background-color:rgba(0, 0, 0, 0)\" class=\"has-inline-color has-black-color\"><strong>Nagib Neto<br><\/strong><em>Terapeuta Comportamental | Especialista em Sa\u00fade Emocional<br>Hipnoterapeuta cl\u00ednico com forma\u00e7\u00e3o em Hipnose Cl\u00ednica e Programa\u00e7\u00e3o Neurolingu\u00edstica (PNL),<br>atuando no tratamento de ansiedade, traumas emocionais, bloqueios mentais, autossabotagem e<br>crises emocionais. Seu trabalho \u00e9 focado na reprograma\u00e7\u00e3o do inconsciente, promovendo<br>transforma\u00e7\u00f5es profundas, r\u00e1pidas e duradouras. Atende de forma individual, presencial e on-line,<br>ajudando pessoas a retomarem o controle emocional e a clareza mental.<br>Site: www.nagibneto.com.br<br>Instagram: @nagibneto<br>Telefone: (27)99893-6640<\/em><\/mark><\/p>\n\n\n\n<p><strong><mark style=\"background-color:rgba(0, 0, 0, 0)\" class=\"has-inline-color has-black-color\">(Foto: ChatGPT)<\/mark><\/strong><\/p>\n","protected":false},"excerpt":{"rendered":"<p>Por Nagib Neto Vivemos em uma era onde informa\u00e7\u00e3o nunca foi o problema. Livros, cursos, mentorias e conte\u00fados est\u00e3o dispon\u00edveis em excesso. Ainda assim, milh\u00f5es de pessoas continuam repetindo os mesmos padr\u00f5es: decis\u00f5es ruins, ansiedade constante, procrastina\u00e7\u00e3o, medo de agir, sabotagem interna e um sentimento persistente de estar aqu\u00e9m do pr\u00f3prio potencial.A pergunta que fica [&hellip;]<\/p>\n","protected":false},"author":2,"featured_media":64738,"comment_status":"open","ping_status":"open","sticky":false,"template":"","format":"standard","meta":{"footnotes":""},"categories":[2522],"tags":[11514,5096,2373,25957,6658,1776],"class_list":["post-64736","post","type-post","status-publish","format-standard","has-post-thumbnail","hentry","category-comportamento","tag-decisoes","tag-emocoes","tag-mente","tag-mentorias","tag-neurociencia","tag-resultados"],"yoast_head":"<!-- This site is optimized with the Yoast SEO plugin v26.5 - https:\/\/yoast.com\/wordpress\/plugins\/seo\/ -->\n<title>A mente invis\u00edvel que governa decis\u00f5es, resultados e emo\u00e7\u00f5es - Jornal Fatos e Not\u00edcias<\/title>\n<meta name=\"robots\" content=\"index, follow, max-snippet:-1, max-image-preview:large, max-video-preview:-1\" \/>\n<link rel=\"canonical\" href=\"https:\/\/jornalfatosenoticias.com.br\/index.php\/2026\/01\/27\/a-mente-invisivel-que-governa-decisoes-resultados-e-emocoes\/\" \/>\n<meta property=\"og:locale\" content=\"pt_BR\" \/>\n<meta property=\"og:type\" content=\"article\" \/>\n<meta property=\"og:title\" content=\"A mente invis\u00edvel que governa decis\u00f5es, resultados e emo\u00e7\u00f5es - Jornal Fatos e Not\u00edcias\" \/>\n<meta property=\"og:description\" content=\"Por Nagib Neto Vivemos em uma era onde informa\u00e7\u00e3o nunca foi o problema. Livros, cursos, mentorias e conte\u00fados est\u00e3o dispon\u00edveis em excesso. Ainda assim, milh\u00f5es de pessoas continuam repetindo os mesmos padr\u00f5es: decis\u00f5es ruins, ansiedade constante, procrastina\u00e7\u00e3o, medo de agir, sabotagem interna e um sentimento persistente de estar aqu\u00e9m do pr\u00f3prio potencial.A pergunta que fica [&hellip;]\" \/>\n<meta property=\"og:url\" content=\"https:\/\/jornalfatosenoticias.com.br\/index.php\/2026\/01\/27\/a-mente-invisivel-que-governa-decisoes-resultados-e-emocoes\/\" \/>\n<meta property=\"og:site_name\" content=\"Jornal Fatos e Not\u00edcias\" \/>\n<meta property=\"article:published_time\" content=\"2026-01-27T19:17:33+00:00\" \/>\n<meta property=\"article:modified_time\" content=\"2026-01-27T19:17:35+00:00\" \/>\n<meta property=\"og:image\" content=\"https:\/\/jornalfatosenoticias.com.br\/wp-content\/uploads\/2026\/01\/ChatGPT-_texto-Nagib.jpg\" \/>\n\t<meta property=\"og:image:width\" content=\"800\" \/>\n\t<meta property=\"og:image:height\" content=\"800\" \/>\n\t<meta property=\"og:image:type\" content=\"image\/jpeg\" \/>\n<meta name=\"author\" content=\"Luzimara Fernandes\" \/>\n<meta name=\"twitter:card\" content=\"summary_large_image\" \/>\n<meta name=\"twitter:label1\" content=\"Escrito por\" \/>\n\t<meta name=\"twitter:data1\" content=\"Luzimara Fernandes\" \/>\n\t<meta name=\"twitter:label2\" content=\"Est. tempo de leitura\" \/>\n\t<meta name=\"twitter:data2\" content=\"6 minutos\" \/>\n<script type=\"application\/ld+json\" class=\"yoast-schema-graph\">{\"@context\":\"https:\/\/schema.org\",\"@graph\":[{\"@type\":\"Article\",\"@id\":\"https:\/\/jornalfatosenoticias.com.br\/index.php\/2026\/01\/27\/a-mente-invisivel-que-governa-decisoes-resultados-e-emocoes\/#article\",\"isPartOf\":{\"@id\":\"https:\/\/jornalfatosenoticias.com.br\/index.php\/2026\/01\/27\/a-mente-invisivel-que-governa-decisoes-resultados-e-emocoes\/\"},\"author\":{\"name\":\"Luzimara Fernandes\",\"@id\":\"https:\/\/jornalfatosenoticias.com.br\/#\/schema\/person\/d63837fa13ac8666eb9e74e0985d6f81\"},\"headline\":\"A mente invis\u00edvel que governa decis\u00f5es, resultados e emo\u00e7\u00f5es\",\"datePublished\":\"2026-01-27T19:17:33+00:00\",\"dateModified\":\"2026-01-27T19:17:35+00:00\",\"mainEntityOfPage\":{\"@id\":\"https:\/\/jornalfatosenoticias.com.br\/index.php\/2026\/01\/27\/a-mente-invisivel-que-governa-decisoes-resultados-e-emocoes\/\"},\"wordCount\":781,\"commentCount\":0,\"publisher\":{\"@id\":\"https:\/\/jornalfatosenoticias.com.br\/#organization\"},\"image\":{\"@id\":\"https:\/\/jornalfatosenoticias.com.br\/index.php\/2026\/01\/27\/a-mente-invisivel-que-governa-decisoes-resultados-e-emocoes\/#primaryimage\"},\"thumbnailUrl\":\"https:\/\/jornalfatosenoticias.com.br\/wp-content\/uploads\/2026\/01\/ChatGPT-_texto-Nagib.jpg\",\"keywords\":[\"decis\u00f5es\",\"emo\u00e7\u00f5es\",\"mente\",\"mentorias\",\"neuroci\u00eancia\",\"resultados\"],\"articleSection\":[\"Comportamento &amp; Equil\u00edbrio\"],\"inLanguage\":\"pt-BR\",\"potentialAction\":[{\"@type\":\"CommentAction\",\"name\":\"Comment\",\"target\":[\"https:\/\/jornalfatosenoticias.com.br\/index.php\/2026\/01\/27\/a-mente-invisivel-que-governa-decisoes-resultados-e-emocoes\/#respond\"]}]},{\"@type\":\"WebPage\",\"@id\":\"https:\/\/jornalfatosenoticias.com.br\/index.php\/2026\/01\/27\/a-mente-invisivel-que-governa-decisoes-resultados-e-emocoes\/\",\"url\":\"https:\/\/jornalfatosenoticias.com.br\/index.php\/2026\/01\/27\/a-mente-invisivel-que-governa-decisoes-resultados-e-emocoes\/\",\"name\":\"A mente invis\u00edvel que governa decis\u00f5es, resultados e emo\u00e7\u00f5es - Jornal Fatos e Not\u00edcias\",\"isPartOf\":{\"@id\":\"https:\/\/jornalfatosenoticias.com.br\/#website\"},\"primaryImageOfPage\":{\"@id\":\"https:\/\/jornalfatosenoticias.com.br\/index.php\/2026\/01\/27\/a-mente-invisivel-que-governa-decisoes-resultados-e-emocoes\/#primaryimage\"},\"image\":{\"@id\":\"https:\/\/jornalfatosenoticias.com.br\/index.php\/2026\/01\/27\/a-mente-invisivel-que-governa-decisoes-resultados-e-emocoes\/#primaryimage\"},\"thumbnailUrl\":\"https:\/\/jornalfatosenoticias.com.br\/wp-content\/uploads\/2026\/01\/ChatGPT-_texto-Nagib.jpg\",\"datePublished\":\"2026-01-27T19:17:33+00:00\",\"dateModified\":\"2026-01-27T19:17:35+00:00\",\"breadcrumb\":{\"@id\":\"https:\/\/jornalfatosenoticias.com.br\/index.php\/2026\/01\/27\/a-mente-invisivel-que-governa-decisoes-resultados-e-emocoes\/#breadcrumb\"},\"inLanguage\":\"pt-BR\",\"potentialAction\":[{\"@type\":\"ReadAction\",\"target\":[\"https:\/\/jornalfatosenoticias.com.br\/index.php\/2026\/01\/27\/a-mente-invisivel-que-governa-decisoes-resultados-e-emocoes\/\"]}]},{\"@type\":\"ImageObject\",\"inLanguage\":\"pt-BR\",\"@id\":\"https:\/\/jornalfatosenoticias.com.br\/index.php\/2026\/01\/27\/a-mente-invisivel-que-governa-decisoes-resultados-e-emocoes\/#primaryimage\",\"url\":\"https:\/\/jornalfatosenoticias.com.br\/wp-content\/uploads\/2026\/01\/ChatGPT-_texto-Nagib.jpg\",\"contentUrl\":\"https:\/\/jornalfatosenoticias.com.br\/wp-content\/uploads\/2026\/01\/ChatGPT-_texto-Nagib.jpg\",\"width\":800,\"height\":800},{\"@type\":\"BreadcrumbList\",\"@id\":\"https:\/\/jornalfatosenoticias.com.br\/index.php\/2026\/01\/27\/a-mente-invisivel-que-governa-decisoes-resultados-e-emocoes\/#breadcrumb\",\"itemListElement\":[{\"@type\":\"ListItem\",\"position\":1,\"name\":\"In\u00edcio\",\"item\":\"https:\/\/jornalfatosenoticias.com.br\/\"},{\"@type\":\"ListItem\",\"position\":2,\"name\":\"A mente invis\u00edvel que governa decis\u00f5es, resultados e emo\u00e7\u00f5es\"}]},{\"@type\":\"WebSite\",\"@id\":\"https:\/\/jornalfatosenoticias.com.br\/#website\",\"url\":\"https:\/\/jornalfatosenoticias.com.br\/\",\"name\":\"Jornal Fatos e Not\u00edcias\",\"description\":\"Not\u00edcias em geral\",\"publisher\":{\"@id\":\"https:\/\/jornalfatosenoticias.com.br\/#organization\"},\"potentialAction\":[{\"@type\":\"SearchAction\",\"target\":{\"@type\":\"EntryPoint\",\"urlTemplate\":\"https:\/\/jornalfatosenoticias.com.br\/?s={search_term_string}\"},\"query-input\":{\"@type\":\"PropertyValueSpecification\",\"valueRequired\":true,\"valueName\":\"search_term_string\"}}],\"inLanguage\":\"pt-BR\"},{\"@type\":\"Organization\",\"@id\":\"https:\/\/jornalfatosenoticias.com.br\/#organization\",\"name\":\"Jornal Fatos e Not\u00edcias\",\"url\":\"https:\/\/jornalfatosenoticias.com.br\/\",\"logo\":{\"@type\":\"ImageObject\",\"inLanguage\":\"pt-BR\",\"@id\":\"https:\/\/jornalfatosenoticias.com.br\/#\/schema\/logo\/image\/\",\"url\":\"https:\/\/jornalfatosenoticias.com.br\/wp-content\/uploads\/2020\/02\/logo120.png\",\"contentUrl\":\"https:\/\/jornalfatosenoticias.com.br\/wp-content\/uploads\/2020\/02\/logo120.png\",\"width\":1227,\"height\":120,\"caption\":\"Jornal Fatos e Not\u00edcias\"},\"image\":{\"@id\":\"https:\/\/jornalfatosenoticias.com.br\/#\/schema\/logo\/image\/\"}},{\"@type\":\"Person\",\"@id\":\"https:\/\/jornalfatosenoticias.com.br\/#\/schema\/person\/d63837fa13ac8666eb9e74e0985d6f81\",\"name\":\"Luzimara Fernandes\",\"image\":{\"@type\":\"ImageObject\",\"inLanguage\":\"pt-BR\",\"@id\":\"https:\/\/jornalfatosenoticias.com.br\/#\/schema\/person\/image\/\",\"url\":\"https:\/\/jornalfatosenoticias.com.br\/wp-content\/uploads\/2025\/05\/EU_portal.jpg\",\"contentUrl\":\"https:\/\/jornalfatosenoticias.com.br\/wp-content\/uploads\/2025\/05\/EU_portal.jpg\",\"caption\":\"Luzimara Fernandes\"},\"description\":\"Jornalista MTB 2358-ES\",\"sameAs\":[\"https:\/\/jornalfatosenoticias.com.br\"],\"url\":\"https:\/\/jornalfatosenoticias.com.br\/index.php\/author\/luzimara\/\"}]}<\/script>\n<!-- \/ Yoast SEO plugin. -->","yoast_head_json":{"title":"A mente invis\u00edvel que governa decis\u00f5es, resultados e emo\u00e7\u00f5es - Jornal Fatos e Not\u00edcias","robots":{"index":"index","follow":"follow","max-snippet":"max-snippet:-1","max-image-preview":"max-image-preview:large","max-video-preview":"max-video-preview:-1"},"canonical":"https:\/\/jornalfatosenoticias.com.br\/index.php\/2026\/01\/27\/a-mente-invisivel-que-governa-decisoes-resultados-e-emocoes\/","og_locale":"pt_BR","og_type":"article","og_title":"A mente invis\u00edvel que governa decis\u00f5es, resultados e emo\u00e7\u00f5es - Jornal Fatos e Not\u00edcias","og_description":"Por Nagib Neto Vivemos em uma era onde informa\u00e7\u00e3o nunca foi o problema. Livros, cursos, mentorias e conte\u00fados est\u00e3o dispon\u00edveis em excesso. Ainda assim, milh\u00f5es de pessoas continuam repetindo os mesmos padr\u00f5es: decis\u00f5es ruins, ansiedade constante, procrastina\u00e7\u00e3o, medo de agir, sabotagem interna e um sentimento persistente de estar aqu\u00e9m do pr\u00f3prio potencial.A pergunta que fica [&hellip;]","og_url":"https:\/\/jornalfatosenoticias.com.br\/index.php\/2026\/01\/27\/a-mente-invisivel-que-governa-decisoes-resultados-e-emocoes\/","og_site_name":"Jornal Fatos e Not\u00edcias","article_published_time":"2026-01-27T19:17:33+00:00","article_modified_time":"2026-01-27T19:17:35+00:00","og_image":[{"width":800,"height":800,"url":"https:\/\/jornalfatosenoticias.com.br\/wp-content\/uploads\/2026\/01\/ChatGPT-_texto-Nagib.jpg","type":"image\/jpeg"}],"author":"Luzimara Fernandes","twitter_card":"summary_large_image","twitter_misc":{"Escrito por":"Luzimara Fernandes","Est. tempo de leitura":"6 minutos"},"schema":{"@context":"https:\/\/schema.org","@graph":[{"@type":"Article","@id":"https:\/\/jornalfatosenoticias.com.br\/index.php\/2026\/01\/27\/a-mente-invisivel-que-governa-decisoes-resultados-e-emocoes\/#article","isPartOf":{"@id":"https:\/\/jornalfatosenoticias.com.br\/index.php\/2026\/01\/27\/a-mente-invisivel-que-governa-decisoes-resultados-e-emocoes\/"},"author":{"name":"Luzimara Fernandes","@id":"https:\/\/jornalfatosenoticias.com.br\/#\/schema\/person\/d63837fa13ac8666eb9e74e0985d6f81"},"headline":"A mente invis\u00edvel que governa decis\u00f5es, resultados e emo\u00e7\u00f5es","datePublished":"2026-01-27T19:17:33+00:00","dateModified":"2026-01-27T19:17:35+00:00","mainEntityOfPage":{"@id":"https:\/\/jornalfatosenoticias.com.br\/index.php\/2026\/01\/27\/a-mente-invisivel-que-governa-decisoes-resultados-e-emocoes\/"},"wordCount":781,"commentCount":0,"publisher":{"@id":"https:\/\/jornalfatosenoticias.com.br\/#organization"},"image":{"@id":"https:\/\/jornalfatosenoticias.com.br\/index.php\/2026\/01\/27\/a-mente-invisivel-que-governa-decisoes-resultados-e-emocoes\/#primaryimage"},"thumbnailUrl":"https:\/\/jornalfatosenoticias.com.br\/wp-content\/uploads\/2026\/01\/ChatGPT-_texto-Nagib.jpg","keywords":["decis\u00f5es","emo\u00e7\u00f5es","mente","mentorias","neuroci\u00eancia","resultados"],"articleSection":["Comportamento &amp; Equil\u00edbrio"],"inLanguage":"pt-BR","potentialAction":[{"@type":"CommentAction","name":"Comment","target":["https:\/\/jornalfatosenoticias.com.br\/index.php\/2026\/01\/27\/a-mente-invisivel-que-governa-decisoes-resultados-e-emocoes\/#respond"]}]},{"@type":"WebPage","@id":"https:\/\/jornalfatosenoticias.com.br\/index.php\/2026\/01\/27\/a-mente-invisivel-que-governa-decisoes-resultados-e-emocoes\/","url":"https:\/\/jornalfatosenoticias.com.br\/index.php\/2026\/01\/27\/a-mente-invisivel-que-governa-decisoes-resultados-e-emocoes\/","name":"A mente invis\u00edvel que governa decis\u00f5es, resultados e emo\u00e7\u00f5es - Jornal Fatos e Not\u00edcias","isPartOf":{"@id":"https:\/\/jornalfatosenoticias.com.br\/#website"},"primaryImageOfPage":{"@id":"https:\/\/jornalfatosenoticias.com.br\/index.php\/2026\/01\/27\/a-mente-invisivel-que-governa-decisoes-resultados-e-emocoes\/#primaryimage"},"image":{"@id":"https:\/\/jornalfatosenoticias.com.br\/index.php\/2026\/01\/27\/a-mente-invisivel-que-governa-decisoes-resultados-e-emocoes\/#primaryimage"},"thumbnailUrl":"https:\/\/jornalfatosenoticias.com.br\/wp-content\/uploads\/2026\/01\/ChatGPT-_texto-Nagib.jpg","datePublished":"2026-01-27T19:17:33+00:00","dateModified":"2026-01-27T19:17:35+00:00","breadcrumb":{"@id":"https:\/\/jornalfatosenoticias.com.br\/index.php\/2026\/01\/27\/a-mente-invisivel-que-governa-decisoes-resultados-e-emocoes\/#breadcrumb"},"inLanguage":"pt-BR","potentialAction":[{"@type":"ReadAction","target":["https:\/\/jornalfatosenoticias.com.br\/index.php\/2026\/01\/27\/a-mente-invisivel-que-governa-decisoes-resultados-e-emocoes\/"]}]},{"@type":"ImageObject","inLanguage":"pt-BR","@id":"https:\/\/jornalfatosenoticias.com.br\/index.php\/2026\/01\/27\/a-mente-invisivel-que-governa-decisoes-resultados-e-emocoes\/#primaryimage","url":"https:\/\/jornalfatosenoticias.com.br\/wp-content\/uploads\/2026\/01\/ChatGPT-_texto-Nagib.jpg","contentUrl":"https:\/\/jornalfatosenoticias.com.br\/wp-content\/uploads\/2026\/01\/ChatGPT-_texto-Nagib.jpg","width":800,"height":800},{"@type":"BreadcrumbList","@id":"https:\/\/jornalfatosenoticias.com.br\/index.php\/2026\/01\/27\/a-mente-invisivel-que-governa-decisoes-resultados-e-emocoes\/#breadcrumb","itemListElement":[{"@type":"ListItem","position":1,"name":"In\u00edcio","item":"https:\/\/jornalfatosenoticias.com.br\/"},{"@type":"ListItem","position":2,"name":"A mente invis\u00edvel que governa decis\u00f5es, resultados e emo\u00e7\u00f5es"}]},{"@type":"WebSite","@id":"https:\/\/jornalfatosenoticias.com.br\/#website","url":"https:\/\/jornalfatosenoticias.com.br\/","name":"Jornal Fatos e Not\u00edcias","description":"Not\u00edcias em geral","publisher":{"@id":"https:\/\/jornalfatosenoticias.com.br\/#organization"},"potentialAction":[{"@type":"SearchAction","target":{"@type":"EntryPoint","urlTemplate":"https:\/\/jornalfatosenoticias.com.br\/?s={search_term_string}"},"query-input":{"@type":"PropertyValueSpecification","valueRequired":true,"valueName":"search_term_string"}}],"inLanguage":"pt-BR"},{"@type":"Organization","@id":"https:\/\/jornalfatosenoticias.com.br\/#organization","name":"Jornal Fatos e Not\u00edcias","url":"https:\/\/jornalfatosenoticias.com.br\/","logo":{"@type":"ImageObject","inLanguage":"pt-BR","@id":"https:\/\/jornalfatosenoticias.com.br\/#\/schema\/logo\/image\/","url":"https:\/\/jornalfatosenoticias.com.br\/wp-content\/uploads\/2020\/02\/logo120.png","contentUrl":"https:\/\/jornalfatosenoticias.com.br\/wp-content\/uploads\/2020\/02\/logo120.png","width":1227,"height":120,"caption":"Jornal Fatos e Not\u00edcias"},"image":{"@id":"https:\/\/jornalfatosenoticias.com.br\/#\/schema\/logo\/image\/"}},{"@type":"Person","@id":"https:\/\/jornalfatosenoticias.com.br\/#\/schema\/person\/d63837fa13ac8666eb9e74e0985d6f81","name":"Luzimara Fernandes","image":{"@type":"ImageObject","inLanguage":"pt-BR","@id":"https:\/\/jornalfatosenoticias.com.br\/#\/schema\/person\/image\/","url":"https:\/\/jornalfatosenoticias.com.br\/wp-content\/uploads\/2025\/05\/EU_portal.jpg","contentUrl":"https:\/\/jornalfatosenoticias.com.br\/wp-content\/uploads\/2025\/05\/EU_portal.jpg","caption":"Luzimara Fernandes"},"description":"Jornalista MTB 2358-ES","sameAs":["https:\/\/jornalfatosenoticias.com.br"],"url":"https:\/\/jornalfatosenoticias.com.br\/index.php\/author\/luzimara\/"}]}},"cc_featured_image_caption":{"caption_text":"","source_text":"","source_url":""},"jetpack_featured_media_url":"https:\/\/jornalfatosenoticias.com.br\/wp-content\/uploads\/2026\/01\/ChatGPT-_texto-Nagib.jpg","_links":{"self":[{"href":"https:\/\/jornalfatosenoticias.com.br\/index.php\/wp-json\/wp\/v2\/posts\/64736","targetHints":{"allow":["GET"]}}],"collection":[{"href":"https:\/\/jornalfatosenoticias.com.br\/index.php\/wp-json\/wp\/v2\/posts"}],"about":[{"href":"https:\/\/jornalfatosenoticias.com.br\/index.php\/wp-json\/wp\/v2\/types\/post"}],"author":[{"embeddable":true,"href":"https:\/\/jornalfatosenoticias.com.br\/index.php\/wp-json\/wp\/v2\/users\/2"}],"replies":[{"embeddable":true,"href":"https:\/\/jornalfatosenoticias.com.br\/index.php\/wp-json\/wp\/v2\/comments?post=64736"}],"version-history":[{"count":1,"href":"https:\/\/jornalfatosenoticias.com.br\/index.php\/wp-json\/wp\/v2\/posts\/64736\/revisions"}],"predecessor-version":[{"id":64739,"href":"https:\/\/jornalfatosenoticias.com.br\/index.php\/wp-json\/wp\/v2\/posts\/64736\/revisions\/64739"}],"wp:featuredmedia":[{"embeddable":true,"href":"https:\/\/jornalfatosenoticias.com.br\/index.php\/wp-json\/wp\/v2\/media\/64738"}],"wp:attachment":[{"href":"https:\/\/jornalfatosenoticias.com.br\/index.php\/wp-json\/wp\/v2\/media?parent=64736"}],"wp:term":[{"taxonomy":"category","embeddable":true,"href":"https:\/\/jornalfatosenoticias.com.br\/index.php\/wp-json\/wp\/v2\/categories?post=64736"},{"taxonomy":"post_tag","embeddable":true,"href":"https:\/\/jornalfatosenoticias.com.br\/index.php\/wp-json\/wp\/v2\/tags?post=64736"}],"curies":[{"name":"wp","href":"https:\/\/api.w.org\/{rel}","templated":true}]}}