{"id":6474,"date":"2020-07-15T14:16:46","date_gmt":"2020-07-15T17:16:46","guid":{"rendered":"https:\/\/jornalfatosenoticias.com.br\/?p=6474"},"modified":"2020-07-15T14:16:50","modified_gmt":"2020-07-15T17:16:50","slug":"sp-segue-quebrando-concreto-para-ampliar-jardins-de-chuva","status":"publish","type":"post","link":"https:\/\/jornalfatosenoticias.com.br\/index.php\/2020\/07\/15\/sp-segue-quebrando-concreto-para-ampliar-jardins-de-chuva\/","title":{"rendered":"SP segue \u201cquebrando concreto\u201d para ampliar jardins de chuva"},"content":{"rendered":"\n<h6 class=\"wp-block-heading\"><em>J\u00e1 foram constru\u00eddos 28 jardins de chuva que ajudam a reduzir inunda\u00e7\u00f5es e atrair polinizadores<\/em><\/h6>\n\n\n\n<p>O projeto de implementar 20 mil metros de jardins de chuva na regi\u00e3o central de S\u00e3o Paulo n\u00e3o parou. A t\u00e9cnica contribui para minimizar os efeitos de enchentes e alagamentos.<br>Geralmente constru\u00eddos em cal\u00e7adas ou canteiros, o processo consiste em remover parte do asfalto ou concreto da rua, escavar a \u00e1rea e preench\u00ea-la com entulho reciclado e terra. Ali se plantam mudas que, preferencialmente, devem ser nativas e resilientes.<br>\u201cA constitui\u00e7\u00e3o de quase todos os jardins de chuva tem como regra a \u2018invers\u00e3o\u2019 do que se faz com uma rua, ou seja, ao inv\u00e9s de impermeabilizar o solo com asfalto ou concreto; se cria um \u201ccolch\u00e3o\u201d de ar sob a terra (feito com pedras e\/ou entulho reciclado), enquanto a sua superf\u00edcie perme\u00e1vel permite que plantas cres\u00e7am e deixe a paisagem mais agrad\u00e1vel e diversificada\u201d, explica a prefeitura.<\/p>\n\n\n\n<h4 class=\"wp-block-heading\">Benef\u00edcios dos jardins de chuva<\/h4>\n\n\n\n<p>O solo mais perme\u00e1vel, combinado com o canteiro a ser constru\u00eddo em um n\u00edvel ligeiramente mais baixo do que as cal\u00e7adas e ruas, permite a reten\u00e7\u00e3o de \u00e1gua da chuva. Isso ajuda a minimizar os efeitos de enchentes e alagamentos, atrair polinizadores e deixar a cidade mais verde.<br>Tais jardins tamb\u00e9m contribuem para criar microclimas que aumentam a qualidade do ar e reduzem as temperaturas. Refrescar espa\u00e7os urbanos \u00e9 especialmente importante na regi\u00e3o central de S\u00e3o Paulo que concentra bairros com menos \u00e1rvores.<\/p>\n\n\n\n<h4 class=\"wp-block-heading\">20 mil metros de jardins<\/h4>\n\n\n\n<p>Por meio da Subprefeitura S\u00e9, a prefeitura de S\u00e3o Paulo vai construir mais de 20 mil metros de jardins de chuva nos distritos S\u00e9, Rep\u00fablica, Santa Cec\u00edlia, Bela Vista, Bom Retiro, Cambuci, Consola\u00e7\u00e3o e Liberdade.<br>Coordenado pelo arquiteto paisagista, Andr\u00e9 Graziano e o bi\u00f3logo, Rodrigo Silva, j\u00e1 foram constru\u00eddos 28 jardins de chuva na capital paulista.<\/p>\n\n\n\n<figure class=\"wp-block-image size-large\"><img loading=\"lazy\" decoding=\"async\" width=\"1000\" height=\"1000\" src=\"https:\/\/jornalfatosenoticias.com.br\/wp-content\/uploads\/2020\/07\/jardins-chuva-Sao-Paulo-1024x1024-1.jpeg\" alt=\"\" class=\"wp-image-6475\" srcset=\"https:\/\/jornalfatosenoticias.com.br\/wp-content\/uploads\/2020\/07\/jardins-chuva-Sao-Paulo-1024x1024-1.jpeg 1000w, https:\/\/jornalfatosenoticias.com.br\/wp-content\/uploads\/2020\/07\/jardins-chuva-Sao-Paulo-1024x1024-1-300x300.jpeg 300w, https:\/\/jornalfatosenoticias.com.br\/wp-content\/uploads\/2020\/07\/jardins-chuva-Sao-Paulo-1024x1024-1-150x150.jpeg 150w, https:\/\/jornalfatosenoticias.com.br\/wp-content\/uploads\/2020\/07\/jardins-chuva-Sao-Paulo-1024x1024-1-768x768.jpeg 768w\" sizes=\"auto, (max-width: 1000px) 100vw, 1000px\" \/><figcaption><em>J\u00e1 foram constru\u00eddos 28 jardins de chuva (Foto: Prefeitura de S\u00e3o Paulo)<\/em><\/figcaption><\/figure>\n\n\n\n<p>Jardins de chuva j\u00e1 finalizados podem ser encontrados na Travessa Grassi e Avenida do Estado, na S\u00e9; Rua Ant\u00f4nio de S\u00e1, no Glic\u00e9rio; Avenida 23 de Maio com a Pra\u00e7a da Bandeira, na Bela Vista; e Rua Major Natanael, no Pacaembu. Neste \u00faltimo, segundo a prefeitura, h\u00e1 o maior sistema de jardins de chuva do Brasil, que agrega 11 jardins com mais de 2.800 m\u00b2 de \u00e1rea \u00fatil.<br>Al\u00e9m disso, obras est\u00e3o em andamento na Pra\u00e7a Alex Freua Neto, na Liberdade; Rua do Triunfo, na Rep\u00fablica; e Pra\u00e7a Olavo Bilac, na Santa Cec\u00edlia.<br>Todas as mudas usadas nos jardins s\u00e3o fornecidas pelos viveiros municipais e tamb\u00e9m est\u00e1 sendo aplicado o composto org\u00e2nico produzido pelos p\u00e1tios de compostagem.<\/p>\n\n\n\n<p><strong><em>Fonte: <a href=\"https:\/\/ciclovivo.com.br\/arq-urb\/urbanismo\/sp-quebrando-concreto-ampliar-jardins-de-chuva\/\">CicloVivo<\/a><\/em><\/strong><\/p>\n","protected":false},"excerpt":{"rendered":"<p>J\u00e1 foram constru\u00eddos 28 jardins de chuva que ajudam a reduzir inunda\u00e7\u00f5es e atrair polinizadores O projeto de implementar 20 mil metros de jardins de chuva na regi\u00e3o central de S\u00e3o Paulo n\u00e3o parou. A t\u00e9cnica contribui para minimizar os efeitos de enchentes e alagamentos.Geralmente constru\u00eddos em cal\u00e7adas ou canteiros, o processo consiste em remover [&hellip;]<\/p>\n","protected":false},"author":2,"featured_media":6476,"comment_status":"open","ping_status":"open","sticky":false,"template":"","format":"standard","meta":{"footnotes":""},"categories":[42],"tags":[2185,3795,2019,305,2187],"class_list":["post-6474","post","type-post","status-publish","format-standard","has-post-thumbnail","hentry","category-bem-estar","tag-arquitetura","tag-jardins-de-chuva","tag-polinizadores","tag-sao-paulo","tag-urbanismo"],"yoast_head":"<!-- This site is optimized with the Yoast SEO plugin v26.5 - https:\/\/yoast.com\/wordpress\/plugins\/seo\/ -->\n<title>SP segue \u201cquebrando concreto\u201d para ampliar jardins de chuva - Jornal Fatos e Not\u00edcias<\/title>\n<meta name=\"robots\" content=\"index, follow, max-snippet:-1, max-image-preview:large, max-video-preview:-1\" \/>\n<link rel=\"canonical\" href=\"https:\/\/jornalfatosenoticias.com.br\/index.php\/2020\/07\/15\/sp-segue-quebrando-concreto-para-ampliar-jardins-de-chuva\/\" \/>\n<meta property=\"og:locale\" content=\"pt_BR\" \/>\n<meta property=\"og:type\" content=\"article\" \/>\n<meta property=\"og:title\" content=\"SP segue \u201cquebrando concreto\u201d para ampliar jardins de chuva - Jornal Fatos e Not\u00edcias\" \/>\n<meta property=\"og:description\" content=\"J\u00e1 foram constru\u00eddos 28 jardins de chuva que ajudam a reduzir inunda\u00e7\u00f5es e atrair polinizadores O projeto de implementar 20 mil metros de jardins de chuva na regi\u00e3o central de S\u00e3o Paulo n\u00e3o parou. A t\u00e9cnica contribui para minimizar os efeitos de enchentes e alagamentos.Geralmente constru\u00eddos em cal\u00e7adas ou canteiros, o processo consiste em remover [&hellip;]\" \/>\n<meta property=\"og:url\" content=\"https:\/\/jornalfatosenoticias.com.br\/index.php\/2020\/07\/15\/sp-segue-quebrando-concreto-para-ampliar-jardins-de-chuva\/\" \/>\n<meta property=\"og:site_name\" content=\"Jornal Fatos e Not\u00edcias\" \/>\n<meta property=\"article:published_time\" content=\"2020-07-15T17:16:46+00:00\" \/>\n<meta property=\"article:modified_time\" content=\"2020-07-15T17:16:50+00:00\" \/>\n<meta property=\"og:image\" content=\"https:\/\/jornalfatosenoticias.com.br\/wp-content\/uploads\/2020\/07\/jardins-chuva-SP.jpg\" \/>\n\t<meta property=\"og:image:width\" content=\"1000\" \/>\n\t<meta property=\"og:image:height\" content=\"839\" \/>\n\t<meta property=\"og:image:type\" content=\"image\/jpeg\" \/>\n<meta name=\"author\" content=\"Luzimara Fernandes\" \/>\n<meta name=\"twitter:card\" content=\"summary_large_image\" \/>\n<meta name=\"twitter:label1\" content=\"Escrito por\" \/>\n\t<meta name=\"twitter:data1\" content=\"Luzimara Fernandes\" \/>\n\t<meta name=\"twitter:label2\" content=\"Est. tempo de leitura\" \/>\n\t<meta name=\"twitter:data2\" content=\"2 minutos\" \/>\n<script type=\"application\/ld+json\" class=\"yoast-schema-graph\">{\"@context\":\"https:\/\/schema.org\",\"@graph\":[{\"@type\":\"Article\",\"@id\":\"https:\/\/jornalfatosenoticias.com.br\/index.php\/2020\/07\/15\/sp-segue-quebrando-concreto-para-ampliar-jardins-de-chuva\/#article\",\"isPartOf\":{\"@id\":\"https:\/\/jornalfatosenoticias.com.br\/index.php\/2020\/07\/15\/sp-segue-quebrando-concreto-para-ampliar-jardins-de-chuva\/\"},\"author\":{\"name\":\"Luzimara Fernandes\",\"@id\":\"https:\/\/jornalfatosenoticias.com.br\/#\/schema\/person\/d63837fa13ac8666eb9e74e0985d6f81\"},\"headline\":\"SP segue \u201cquebrando concreto\u201d para ampliar jardins de chuva\",\"datePublished\":\"2020-07-15T17:16:46+00:00\",\"dateModified\":\"2020-07-15T17:16:50+00:00\",\"mainEntityOfPage\":{\"@id\":\"https:\/\/jornalfatosenoticias.com.br\/index.php\/2020\/07\/15\/sp-segue-quebrando-concreto-para-ampliar-jardins-de-chuva\/\"},\"wordCount\":480,\"commentCount\":0,\"publisher\":{\"@id\":\"https:\/\/jornalfatosenoticias.com.br\/#organization\"},\"image\":{\"@id\":\"https:\/\/jornalfatosenoticias.com.br\/index.php\/2020\/07\/15\/sp-segue-quebrando-concreto-para-ampliar-jardins-de-chuva\/#primaryimage\"},\"thumbnailUrl\":\"https:\/\/jornalfatosenoticias.com.br\/wp-content\/uploads\/2020\/07\/jardins-chuva-SP.jpg\",\"keywords\":[\"arquitetura\",\"jardins de chuva\",\"polinizadores\",\"S\u00e3o Paulo\",\"urbanismo\"],\"articleSection\":[\"Bem-estar\"],\"inLanguage\":\"pt-BR\",\"potentialAction\":[{\"@type\":\"CommentAction\",\"name\":\"Comment\",\"target\":[\"https:\/\/jornalfatosenoticias.com.br\/index.php\/2020\/07\/15\/sp-segue-quebrando-concreto-para-ampliar-jardins-de-chuva\/#respond\"]}]},{\"@type\":\"WebPage\",\"@id\":\"https:\/\/jornalfatosenoticias.com.br\/index.php\/2020\/07\/15\/sp-segue-quebrando-concreto-para-ampliar-jardins-de-chuva\/\",\"url\":\"https:\/\/jornalfatosenoticias.com.br\/index.php\/2020\/07\/15\/sp-segue-quebrando-concreto-para-ampliar-jardins-de-chuva\/\",\"name\":\"SP segue \u201cquebrando concreto\u201d para ampliar jardins de chuva - Jornal Fatos e Not\u00edcias\",\"isPartOf\":{\"@id\":\"https:\/\/jornalfatosenoticias.com.br\/#website\"},\"primaryImageOfPage\":{\"@id\":\"https:\/\/jornalfatosenoticias.com.br\/index.php\/2020\/07\/15\/sp-segue-quebrando-concreto-para-ampliar-jardins-de-chuva\/#primaryimage\"},\"image\":{\"@id\":\"https:\/\/jornalfatosenoticias.com.br\/index.php\/2020\/07\/15\/sp-segue-quebrando-concreto-para-ampliar-jardins-de-chuva\/#primaryimage\"},\"thumbnailUrl\":\"https:\/\/jornalfatosenoticias.com.br\/wp-content\/uploads\/2020\/07\/jardins-chuva-SP.jpg\",\"datePublished\":\"2020-07-15T17:16:46+00:00\",\"dateModified\":\"2020-07-15T17:16:50+00:00\",\"breadcrumb\":{\"@id\":\"https:\/\/jornalfatosenoticias.com.br\/index.php\/2020\/07\/15\/sp-segue-quebrando-concreto-para-ampliar-jardins-de-chuva\/#breadcrumb\"},\"inLanguage\":\"pt-BR\",\"potentialAction\":[{\"@type\":\"ReadAction\",\"target\":[\"https:\/\/jornalfatosenoticias.com.br\/index.php\/2020\/07\/15\/sp-segue-quebrando-concreto-para-ampliar-jardins-de-chuva\/\"]}]},{\"@type\":\"ImageObject\",\"inLanguage\":\"pt-BR\",\"@id\":\"https:\/\/jornalfatosenoticias.com.br\/index.php\/2020\/07\/15\/sp-segue-quebrando-concreto-para-ampliar-jardins-de-chuva\/#primaryimage\",\"url\":\"https:\/\/jornalfatosenoticias.com.br\/wp-content\/uploads\/2020\/07\/jardins-chuva-SP.jpg\",\"contentUrl\":\"https:\/\/jornalfatosenoticias.com.br\/wp-content\/uploads\/2020\/07\/jardins-chuva-SP.jpg\",\"width\":1000,\"height\":839},{\"@type\":\"BreadcrumbList\",\"@id\":\"https:\/\/jornalfatosenoticias.com.br\/index.php\/2020\/07\/15\/sp-segue-quebrando-concreto-para-ampliar-jardins-de-chuva\/#breadcrumb\",\"itemListElement\":[{\"@type\":\"ListItem\",\"position\":1,\"name\":\"In\u00edcio\",\"item\":\"https:\/\/jornalfatosenoticias.com.br\/\"},{\"@type\":\"ListItem\",\"position\":2,\"name\":\"SP segue \u201cquebrando concreto\u201d para ampliar jardins de chuva\"}]},{\"@type\":\"WebSite\",\"@id\":\"https:\/\/jornalfatosenoticias.com.br\/#website\",\"url\":\"https:\/\/jornalfatosenoticias.com.br\/\",\"name\":\"Jornal Fatos e Not\u00edcias\",\"description\":\"Not\u00edcias em geral\",\"publisher\":{\"@id\":\"https:\/\/jornalfatosenoticias.com.br\/#organization\"},\"potentialAction\":[{\"@type\":\"SearchAction\",\"target\":{\"@type\":\"EntryPoint\",\"urlTemplate\":\"https:\/\/jornalfatosenoticias.com.br\/?s={search_term_string}\"},\"query-input\":{\"@type\":\"PropertyValueSpecification\",\"valueRequired\":true,\"valueName\":\"search_term_string\"}}],\"inLanguage\":\"pt-BR\"},{\"@type\":\"Organization\",\"@id\":\"https:\/\/jornalfatosenoticias.com.br\/#organization\",\"name\":\"Jornal Fatos e Not\u00edcias\",\"url\":\"https:\/\/jornalfatosenoticias.com.br\/\",\"logo\":{\"@type\":\"ImageObject\",\"inLanguage\":\"pt-BR\",\"@id\":\"https:\/\/jornalfatosenoticias.com.br\/#\/schema\/logo\/image\/\",\"url\":\"https:\/\/jornalfatosenoticias.com.br\/wp-content\/uploads\/2020\/02\/logo120.png\",\"contentUrl\":\"https:\/\/jornalfatosenoticias.com.br\/wp-content\/uploads\/2020\/02\/logo120.png\",\"width\":1227,\"height\":120,\"caption\":\"Jornal Fatos e Not\u00edcias\"},\"image\":{\"@id\":\"https:\/\/jornalfatosenoticias.com.br\/#\/schema\/logo\/image\/\"}},{\"@type\":\"Person\",\"@id\":\"https:\/\/jornalfatosenoticias.com.br\/#\/schema\/person\/d63837fa13ac8666eb9e74e0985d6f81\",\"name\":\"Luzimara Fernandes\",\"image\":{\"@type\":\"ImageObject\",\"inLanguage\":\"pt-BR\",\"@id\":\"https:\/\/jornalfatosenoticias.com.br\/#\/schema\/person\/image\/\",\"url\":\"https:\/\/jornalfatosenoticias.com.br\/wp-content\/uploads\/2025\/05\/EU_portal.jpg\",\"contentUrl\":\"https:\/\/jornalfatosenoticias.com.br\/wp-content\/uploads\/2025\/05\/EU_portal.jpg\",\"caption\":\"Luzimara Fernandes\"},\"description\":\"Jornalista MTB 2358-ES\",\"sameAs\":[\"https:\/\/jornalfatosenoticias.com.br\"],\"url\":\"https:\/\/jornalfatosenoticias.com.br\/index.php\/author\/luzimara\/\"}]}<\/script>\n<!-- \/ Yoast SEO plugin. -->","yoast_head_json":{"title":"SP segue \u201cquebrando concreto\u201d para ampliar jardins de chuva - Jornal Fatos e Not\u00edcias","robots":{"index":"index","follow":"follow","max-snippet":"max-snippet:-1","max-image-preview":"max-image-preview:large","max-video-preview":"max-video-preview:-1"},"canonical":"https:\/\/jornalfatosenoticias.com.br\/index.php\/2020\/07\/15\/sp-segue-quebrando-concreto-para-ampliar-jardins-de-chuva\/","og_locale":"pt_BR","og_type":"article","og_title":"SP segue \u201cquebrando concreto\u201d para ampliar jardins de chuva - Jornal Fatos e Not\u00edcias","og_description":"J\u00e1 foram constru\u00eddos 28 jardins de chuva que ajudam a reduzir inunda\u00e7\u00f5es e atrair polinizadores O projeto de implementar 20 mil metros de jardins de chuva na regi\u00e3o central de S\u00e3o Paulo n\u00e3o parou. A t\u00e9cnica contribui para minimizar os efeitos de enchentes e alagamentos.Geralmente constru\u00eddos em cal\u00e7adas ou canteiros, o processo consiste em remover [&hellip;]","og_url":"https:\/\/jornalfatosenoticias.com.br\/index.php\/2020\/07\/15\/sp-segue-quebrando-concreto-para-ampliar-jardins-de-chuva\/","og_site_name":"Jornal Fatos e Not\u00edcias","article_published_time":"2020-07-15T17:16:46+00:00","article_modified_time":"2020-07-15T17:16:50+00:00","og_image":[{"width":1000,"height":839,"url":"https:\/\/jornalfatosenoticias.com.br\/wp-content\/uploads\/2020\/07\/jardins-chuva-SP.jpg","type":"image\/jpeg"}],"author":"Luzimara Fernandes","twitter_card":"summary_large_image","twitter_misc":{"Escrito por":"Luzimara Fernandes","Est. tempo de leitura":"2 minutos"},"schema":{"@context":"https:\/\/schema.org","@graph":[{"@type":"Article","@id":"https:\/\/jornalfatosenoticias.com.br\/index.php\/2020\/07\/15\/sp-segue-quebrando-concreto-para-ampliar-jardins-de-chuva\/#article","isPartOf":{"@id":"https:\/\/jornalfatosenoticias.com.br\/index.php\/2020\/07\/15\/sp-segue-quebrando-concreto-para-ampliar-jardins-de-chuva\/"},"author":{"name":"Luzimara Fernandes","@id":"https:\/\/jornalfatosenoticias.com.br\/#\/schema\/person\/d63837fa13ac8666eb9e74e0985d6f81"},"headline":"SP segue \u201cquebrando concreto\u201d para ampliar jardins de chuva","datePublished":"2020-07-15T17:16:46+00:00","dateModified":"2020-07-15T17:16:50+00:00","mainEntityOfPage":{"@id":"https:\/\/jornalfatosenoticias.com.br\/index.php\/2020\/07\/15\/sp-segue-quebrando-concreto-para-ampliar-jardins-de-chuva\/"},"wordCount":480,"commentCount":0,"publisher":{"@id":"https:\/\/jornalfatosenoticias.com.br\/#organization"},"image":{"@id":"https:\/\/jornalfatosenoticias.com.br\/index.php\/2020\/07\/15\/sp-segue-quebrando-concreto-para-ampliar-jardins-de-chuva\/#primaryimage"},"thumbnailUrl":"https:\/\/jornalfatosenoticias.com.br\/wp-content\/uploads\/2020\/07\/jardins-chuva-SP.jpg","keywords":["arquitetura","jardins de chuva","polinizadores","S\u00e3o Paulo","urbanismo"],"articleSection":["Bem-estar"],"inLanguage":"pt-BR","potentialAction":[{"@type":"CommentAction","name":"Comment","target":["https:\/\/jornalfatosenoticias.com.br\/index.php\/2020\/07\/15\/sp-segue-quebrando-concreto-para-ampliar-jardins-de-chuva\/#respond"]}]},{"@type":"WebPage","@id":"https:\/\/jornalfatosenoticias.com.br\/index.php\/2020\/07\/15\/sp-segue-quebrando-concreto-para-ampliar-jardins-de-chuva\/","url":"https:\/\/jornalfatosenoticias.com.br\/index.php\/2020\/07\/15\/sp-segue-quebrando-concreto-para-ampliar-jardins-de-chuva\/","name":"SP segue \u201cquebrando concreto\u201d para ampliar jardins de chuva - Jornal Fatos e Not\u00edcias","isPartOf":{"@id":"https:\/\/jornalfatosenoticias.com.br\/#website"},"primaryImageOfPage":{"@id":"https:\/\/jornalfatosenoticias.com.br\/index.php\/2020\/07\/15\/sp-segue-quebrando-concreto-para-ampliar-jardins-de-chuva\/#primaryimage"},"image":{"@id":"https:\/\/jornalfatosenoticias.com.br\/index.php\/2020\/07\/15\/sp-segue-quebrando-concreto-para-ampliar-jardins-de-chuva\/#primaryimage"},"thumbnailUrl":"https:\/\/jornalfatosenoticias.com.br\/wp-content\/uploads\/2020\/07\/jardins-chuva-SP.jpg","datePublished":"2020-07-15T17:16:46+00:00","dateModified":"2020-07-15T17:16:50+00:00","breadcrumb":{"@id":"https:\/\/jornalfatosenoticias.com.br\/index.php\/2020\/07\/15\/sp-segue-quebrando-concreto-para-ampliar-jardins-de-chuva\/#breadcrumb"},"inLanguage":"pt-BR","potentialAction":[{"@type":"ReadAction","target":["https:\/\/jornalfatosenoticias.com.br\/index.php\/2020\/07\/15\/sp-segue-quebrando-concreto-para-ampliar-jardins-de-chuva\/"]}]},{"@type":"ImageObject","inLanguage":"pt-BR","@id":"https:\/\/jornalfatosenoticias.com.br\/index.php\/2020\/07\/15\/sp-segue-quebrando-concreto-para-ampliar-jardins-de-chuva\/#primaryimage","url":"https:\/\/jornalfatosenoticias.com.br\/wp-content\/uploads\/2020\/07\/jardins-chuva-SP.jpg","contentUrl":"https:\/\/jornalfatosenoticias.com.br\/wp-content\/uploads\/2020\/07\/jardins-chuva-SP.jpg","width":1000,"height":839},{"@type":"BreadcrumbList","@id":"https:\/\/jornalfatosenoticias.com.br\/index.php\/2020\/07\/15\/sp-segue-quebrando-concreto-para-ampliar-jardins-de-chuva\/#breadcrumb","itemListElement":[{"@type":"ListItem","position":1,"name":"In\u00edcio","item":"https:\/\/jornalfatosenoticias.com.br\/"},{"@type":"ListItem","position":2,"name":"SP segue \u201cquebrando concreto\u201d para ampliar jardins de chuva"}]},{"@type":"WebSite","@id":"https:\/\/jornalfatosenoticias.com.br\/#website","url":"https:\/\/jornalfatosenoticias.com.br\/","name":"Jornal Fatos e Not\u00edcias","description":"Not\u00edcias em geral","publisher":{"@id":"https:\/\/jornalfatosenoticias.com.br\/#organization"},"potentialAction":[{"@type":"SearchAction","target":{"@type":"EntryPoint","urlTemplate":"https:\/\/jornalfatosenoticias.com.br\/?s={search_term_string}"},"query-input":{"@type":"PropertyValueSpecification","valueRequired":true,"valueName":"search_term_string"}}],"inLanguage":"pt-BR"},{"@type":"Organization","@id":"https:\/\/jornalfatosenoticias.com.br\/#organization","name":"Jornal Fatos e Not\u00edcias","url":"https:\/\/jornalfatosenoticias.com.br\/","logo":{"@type":"ImageObject","inLanguage":"pt-BR","@id":"https:\/\/jornalfatosenoticias.com.br\/#\/schema\/logo\/image\/","url":"https:\/\/jornalfatosenoticias.com.br\/wp-content\/uploads\/2020\/02\/logo120.png","contentUrl":"https:\/\/jornalfatosenoticias.com.br\/wp-content\/uploads\/2020\/02\/logo120.png","width":1227,"height":120,"caption":"Jornal Fatos e Not\u00edcias"},"image":{"@id":"https:\/\/jornalfatosenoticias.com.br\/#\/schema\/logo\/image\/"}},{"@type":"Person","@id":"https:\/\/jornalfatosenoticias.com.br\/#\/schema\/person\/d63837fa13ac8666eb9e74e0985d6f81","name":"Luzimara Fernandes","image":{"@type":"ImageObject","inLanguage":"pt-BR","@id":"https:\/\/jornalfatosenoticias.com.br\/#\/schema\/person\/image\/","url":"https:\/\/jornalfatosenoticias.com.br\/wp-content\/uploads\/2025\/05\/EU_portal.jpg","contentUrl":"https:\/\/jornalfatosenoticias.com.br\/wp-content\/uploads\/2025\/05\/EU_portal.jpg","caption":"Luzimara Fernandes"},"description":"Jornalista MTB 2358-ES","sameAs":["https:\/\/jornalfatosenoticias.com.br"],"url":"https:\/\/jornalfatosenoticias.com.br\/index.php\/author\/luzimara\/"}]}},"cc_featured_image_caption":{"caption_text":"(Foto: Prefeitura de S\u00e3o Paulo)","source_text":"","source_url":""},"jetpack_featured_media_url":"https:\/\/jornalfatosenoticias.com.br\/wp-content\/uploads\/2020\/07\/jardins-chuva-SP.jpg","_links":{"self":[{"href":"https:\/\/jornalfatosenoticias.com.br\/index.php\/wp-json\/wp\/v2\/posts\/6474","targetHints":{"allow":["GET"]}}],"collection":[{"href":"https:\/\/jornalfatosenoticias.com.br\/index.php\/wp-json\/wp\/v2\/posts"}],"about":[{"href":"https:\/\/jornalfatosenoticias.com.br\/index.php\/wp-json\/wp\/v2\/types\/post"}],"author":[{"embeddable":true,"href":"https:\/\/jornalfatosenoticias.com.br\/index.php\/wp-json\/wp\/v2\/users\/2"}],"replies":[{"embeddable":true,"href":"https:\/\/jornalfatosenoticias.com.br\/index.php\/wp-json\/wp\/v2\/comments?post=6474"}],"version-history":[{"count":0,"href":"https:\/\/jornalfatosenoticias.com.br\/index.php\/wp-json\/wp\/v2\/posts\/6474\/revisions"}],"wp:featuredmedia":[{"embeddable":true,"href":"https:\/\/jornalfatosenoticias.com.br\/index.php\/wp-json\/wp\/v2\/media\/6476"}],"wp:attachment":[{"href":"https:\/\/jornalfatosenoticias.com.br\/index.php\/wp-json\/wp\/v2\/media?parent=6474"}],"wp:term":[{"taxonomy":"category","embeddable":true,"href":"https:\/\/jornalfatosenoticias.com.br\/index.php\/wp-json\/wp\/v2\/categories?post=6474"},{"taxonomy":"post_tag","embeddable":true,"href":"https:\/\/jornalfatosenoticias.com.br\/index.php\/wp-json\/wp\/v2\/tags?post=6474"}],"curies":[{"name":"wp","href":"https:\/\/api.w.org\/{rel}","templated":true}]}}