{"id":64740,"date":"2026-01-27T16:30:35","date_gmt":"2026-01-27T19:30:35","guid":{"rendered":"https:\/\/jornalfatosenoticias.com.br\/?p=64740"},"modified":"2026-01-27T16:30:36","modified_gmt":"2026-01-27T19:30:36","slug":"do-descarte-ao-ouro-o-poder-da-cozinha-de-aproveitamento-total","status":"publish","type":"post","link":"https:\/\/jornalfatosenoticias.com.br\/index.php\/2026\/01\/27\/do-descarte-ao-ouro-o-poder-da-cozinha-de-aproveitamento-total\/","title":{"rendered":"Do descarte ao ouro, o poder da cozinha de aproveitamento total"},"content":{"rendered":"\n<p><mark style=\"background-color:rgba(0, 0, 0, 0)\" class=\"has-inline-color has-black-color\">Por <strong><a href=\"https:\/\/online.fliphtml5.com\/revistaalimentosenegocios\/mjcs\/?utm_source=ig&amp;utm_medium=social&amp;utm_content=link_in_bio&amp;fbclid=PAb21jcAPli89leHRuA2FlbQIxMQBzcnRjBmFwcF9pZA81NjcwNjczNDMzNTI0MjcAAadlLf0yf_oeNEm0eNj-lVvDIOyk8jdyXRVzJLjYNhndjzlJvs9X9nYy2DbkGw_aem_7o4jJejX4oxHG1dp9Ora2Q#p=19\">Bianca T\u00e1pias<\/a><\/strong><\/mark><\/p>\n\n\n<div class=\"wp-block-image is-style-rounded\">\n<figure class=\"alignleft size-full\"><img decoding=\"async\" src=\"https:\/\/jornalfatosenoticias.com.br\/wp-content\/uploads\/2026\/01\/Bianca-Tapias.jpg\" alt=\"\" class=\"wp-image-64742\"\/><\/figure>\n<\/div>\n\n\n<p>Durante d\u00e9cadas, a ind\u00fastria de alimentos e a <strong><a href=\"https:\/\/online.fliphtml5.com\/revistaalimentosenegocios\/mjcs\/?utm_source=ig&amp;utm_medium=social&amp;utm_content=link_in_bio&amp;fbclid=PAb21jcAPli89leHRuA2FlbQIxMQBzcnRjBmFwcF9pZA81NjcwNjczNDMzNTI0MjcAAadlLf0yf_oeNEm0eNj-lVvDIOyk8jdyXRVzJLjYNhndjzlJvs9X9nYy2DbkGw_aem_7o4jJejX4oxHG1dp9Ora2Q#p=19\">gastronomia<\/a><\/strong> profissional trataram cascas, talos, folhas, ossos e sementes como res\u00edduos inevit\u00e1veis do processo produtivo, algo a ser rapidamente removido da cozinha, contabilizado como perda e esquecido no fluxo operacional. Esse paradigma, todavia, come\u00e7a a ruir de forma definitiva \u00e0 medida que sustentabilidade, efici\u00eancia econ\u00f4mica e criatividade gastron\u00f4mica deixam de ser conceitos paralelos e passam a ocupar o mesmo centro estrat\u00e9gico do neg\u00f3cio.<br>A chamada cozinha sustent\u00e1vel n\u00e3o nasce apenas de uma preocupa\u00e7\u00e3o ambiental, embora ela seja fundamental, mas de uma constata\u00e7\u00e3o pr\u00e1tica e cada vez mais evidente: grande parte do que \u00e9 descartado carrega sabor, textura, aroma, nutrientes e potencial de valor agregado que, quando bem trabalhados, ampliam o repert\u00f3rio culin\u00e1rio, reduzem custos e diferenciam marcas em um mercado cada vez mais atento \u00e0 coer\u00eancia entre discurso e pr\u00e1tica.<br>Em cozinhas profissionais, restaurantes, ind\u00fastrias artesanais e at\u00e9 grandes opera\u00e7\u00f5es de food service, o reaproveitamento deixou de ser improviso e passou a ser m\u00e9todo, t\u00e9cnica e linguagem, transformando sobras em insumos estrat\u00e9gicos e subprodutos em novas linhas de produtos, capazes de gerar margem, identidade e narrativa.<br>Os exemplos s\u00e3o muitos e reveladores. Ossos, carca\u00e7as e aparas, antes vistos apenas como descarte inevit\u00e1vel do corte, ganham nova vida em caldos concentrados, fundos reduzidos e bases arom\u00e1ticas que entregam profundidade de sabor, padroniza\u00e7\u00e3o e rendimento, al\u00e9m de permitirem controle preciso de custos e redu\u00e7\u00e3o significativa na compra de produtos industrializados. Cascas de legumes e verduras, quando bem higienizadas e tratadas, tornam-se mat\u00e9ria-prima para caldos vegetais complexos, \u00f3leos arom\u00e1ticos, p\u00f3s-desidratados e bases de fermenta\u00e7\u00e3o, ampliando o espectro sensorial da cozinha sem ampliar o or\u00e7amento.<\/p>\n\n\n<div class=\"wp-block-image\">\n<figure class=\"aligncenter size-large is-resized\"><a href=\"https:\/\/www.instagram.com\/esteio.churrascaria\/\"><img loading=\"lazy\" decoding=\"async\" width=\"1024\" height=\"730\" src=\"https:\/\/jornalfatosenoticias.com.br\/wp-content\/uploads\/2022\/02\/LOGO-ESTEIO-1024x730.png\" alt=\"\" class=\"wp-image-27942\" style=\"aspect-ratio:1.4027519523986611;width:365px;height:auto\" srcset=\"https:\/\/jornalfatosenoticias.com.br\/wp-content\/uploads\/2022\/02\/LOGO-ESTEIO-1024x730.png 1024w, https:\/\/jornalfatosenoticias.com.br\/wp-content\/uploads\/2022\/02\/LOGO-ESTEIO-300x214.png 300w, https:\/\/jornalfatosenoticias.com.br\/wp-content\/uploads\/2022\/02\/LOGO-ESTEIO-768x548.png 768w, https:\/\/jornalfatosenoticias.com.br\/wp-content\/uploads\/2022\/02\/LOGO-ESTEIO.png 1123w\" sizes=\"auto, (max-width: 1024px) 100vw, 1024px\" \/><\/a><\/figure>\n<\/div>\n\n\n<p>Talos e folhas, frequentemente ignorados pelo consumidor final, revelam textura, frescor e pot\u00eancia arom\u00e1tica quando incorporados de forma inteligente em pestos, refogados, massas, recheios e caldas, criando pratos que comunicam consci\u00eancia sem abrir m\u00e3o do prazer. Folhas de cenoura, beterraba ou couve-flor, por exemplo, deixam de ser res\u00edduos para assumir papel de protagonismo, oferecendo notas verbais, amargor elegante e personalidade, algo altamente valorizado por um p\u00fablico que busca autenticidade e originalidade.<br>As cascas, talvez o s\u00edmbolo m\u00e1ximo do desperd\u00edcio, tamb\u00e9m passam por uma reinterpreta\u00e7\u00e3o poderosa. Cascas de frutas transformam-se em doces, geleias, compotas, xaropes, snacks desidratados ou caramelizados, enquanto cascas de legumes podem virar chips crocantes, farinhas alternativas ou bases para fermenta\u00e7\u00f5es naturais, ampliando o portf\u00f3lio de produtos e criando experi\u00eancias sensoriais inesperadas. Farinhas feitas a partir de cascas de banana, batata, mandioca ou ab\u00f3bora, al\u00e9m de reduzir perdas, agregam fibras, sabor e identidade, dialogando diretamente com tend\u00eancias de alimenta\u00e7\u00e3o funcional e rotulagem mais limpa.<\/p>\n\n\n<div class=\"wp-block-image\">\n<figure class=\"aligncenter size-large is-resized\"><a href=\"https:\/\/hotelmarquetti.com.br\/\"><img loading=\"lazy\" decoding=\"async\" width=\"1024\" height=\"680\" src=\"https:\/\/jornalfatosenoticias.com.br\/wp-content\/uploads\/2020\/02\/LOGO-MQ-1024x680.jpg\" alt=\"\" class=\"wp-image-58299\" style=\"aspect-ratio:1.5059172441326603;width:328px;height:auto\" srcset=\"https:\/\/jornalfatosenoticias.com.br\/wp-content\/uploads\/2020\/02\/LOGO-MQ-1024x680.jpg 1024w, https:\/\/jornalfatosenoticias.com.br\/wp-content\/uploads\/2020\/02\/LOGO-MQ-300x199.jpg 300w, https:\/\/jornalfatosenoticias.com.br\/wp-content\/uploads\/2020\/02\/LOGO-MQ-768x510.jpg 768w, https:\/\/jornalfatosenoticias.com.br\/wp-content\/uploads\/2020\/02\/LOGO-MQ-1536x1020.jpg 1536w, https:\/\/jornalfatosenoticias.com.br\/wp-content\/uploads\/2020\/02\/LOGO-MQ-2048x1360.jpg 2048w\" sizes=\"auto, (max-width: 1024px) 100vw, 1024px\" \/><\/a><\/figure>\n<\/div>\n\n\n<p>Os \u00f3leos arom\u00e1ticos produzidos a partir de ervas, talos e cascas elevam prepara\u00e7\u00f5es simples, aumentam o shelf life de insumos sens\u00edveis e oferecem alto valor percebido com baixo custo de produ\u00e7\u00e3o, sendo ferramentas valiosas tanto para restaurantes quanto para pequenas ind\u00fastrias e marcas autorais. J\u00e1 as fermenta\u00e7\u00f5es, talvez o territ\u00f3rio mais f\u00e9rtil da cozinha de aproveitamento total, permitem transformar excedentes em produtos de longa dura\u00e7\u00e3o, complexidade sensorial e alto valor gastron\u00f4mico, como conservas, vinagres, pastas, bebidas e condimentos que carregam identidade, territ\u00f3rio e narrativa.<\/p>\n\n\n<div class=\"wp-block-image\">\n<figure class=\"aligncenter size-large\"><img loading=\"lazy\" decoding=\"async\" width=\"682\" height=\"1024\" src=\"https:\/\/jornalfatosenoticias.com.br\/wp-content\/uploads\/2026\/01\/reaproveitamento-alimentos_Bianca_freepik-682x1024.jpg\" alt=\"\" class=\"wp-image-64741\" srcset=\"https:\/\/jornalfatosenoticias.com.br\/wp-content\/uploads\/2026\/01\/reaproveitamento-alimentos_Bianca_freepik-682x1024.jpg 682w, https:\/\/jornalfatosenoticias.com.br\/wp-content\/uploads\/2026\/01\/reaproveitamento-alimentos_Bianca_freepik-200x300.jpg 200w, https:\/\/jornalfatosenoticias.com.br\/wp-content\/uploads\/2026\/01\/reaproveitamento-alimentos_Bianca_freepik-768x1152.jpg 768w, https:\/\/jornalfatosenoticias.com.br\/wp-content\/uploads\/2026\/01\/reaproveitamento-alimentos_Bianca_freepik-1024x1536.jpg 1024w, https:\/\/jornalfatosenoticias.com.br\/wp-content\/uploads\/2026\/01\/reaproveitamento-alimentos_Bianca_freepik.jpg 1333w\" sizes=\"auto, (max-width: 682px) 100vw, 682px\" \/><figcaption class=\"wp-element-caption\"><em><mark style=\"background-color:rgba(0, 0, 0, 0)\" class=\"has-inline-color has-black-color\">(Foto: Freepik)<\/mark><\/em><\/figcaption><\/figure>\n<\/div>\n\n\n<p>Do ponto de vista do neg\u00f3cio, os benef\u00edcios s\u00e3o diretos e mensur\u00e1veis. Redu\u00e7\u00e3o de desperd\u00edcio significa redu\u00e7\u00e3o de custos operacionais, menos depend\u00eancia de insumos externos, melhor aproveitamento da cadeia de suprimentos e maior resili\u00eancia frente a volatilidade de pre\u00e7os, algo especialmente relevante em um cen\u00e1rio de instabilidade econ\u00f4mica e clim\u00e1tica. Al\u00e9m disso, opera\u00e7\u00f5es que dominam o aproveitamento total tendem a ter processos mais eficientes, equipes mais engajadas e maior controle sobre qualidade e padroniza\u00e7\u00e3o.<br>H\u00e1 tamb\u00e9m um valor intang\u00edvel, mas cada vez mais determinante: a percep\u00e7\u00e3o de marca. Consumidores, investidores e parceiros buscam empresas que n\u00e3o apenas falam sobre sustentabilidade, mas a incorporam de forma concreta em seus processos, produtos e comunica\u00e7\u00e3o. Uma cozinha que transforma descarte em ouro constr\u00f3i uma narrativa poderosa, baseada em intelig\u00eancia, responsabilidade e criatividade, atributos que fortalecem posicionamento e geram conex\u00e3o genu\u00edna com o p\u00fablico.<\/p>\n\n\n<div class=\"wp-block-image\">\n<figure class=\"aligncenter size-large is-resized\"><a href=\"https:\/\/www.instagram.com\/restaurantepegoretti\/\"><img loading=\"lazy\" decoding=\"async\" width=\"1024\" height=\"389\" src=\"https:\/\/jornalfatosenoticias.com.br\/wp-content\/uploads\/2023\/12\/pegoretti-logo-pdf-1024x389.jpg\" alt=\"\" class=\"wp-image-47536\" style=\"aspect-ratio:2.632371267633717;width:571px;height:auto\" srcset=\"https:\/\/jornalfatosenoticias.com.br\/wp-content\/uploads\/2023\/12\/pegoretti-logo-pdf-1024x389.jpg 1024w, https:\/\/jornalfatosenoticias.com.br\/wp-content\/uploads\/2023\/12\/pegoretti-logo-pdf-300x114.jpg 300w, https:\/\/jornalfatosenoticias.com.br\/wp-content\/uploads\/2023\/12\/pegoretti-logo-pdf-768x291.jpg 768w, https:\/\/jornalfatosenoticias.com.br\/wp-content\/uploads\/2023\/12\/pegoretti-logo-pdf.jpg 1120w\" sizes=\"auto, (max-width: 1024px) 100vw, 1024px\" \/><\/a><\/figure>\n<\/div>\n\n\n<p>Para o profissional de alimentos, seja chef, gestor, produtor ou empreendedor, a cozinha de aproveitamento total representa uma mudan\u00e7a de olhar, um convite a enxergar o alimento como um sistema completo, no qual cada parte tem potencial de uso e valor, desde que exista conhecimento t\u00e9cnico, planejamento e disposi\u00e7\u00e3o para experimentar. N\u00e3o se trata de romantizar a escassez, mas de sofisticar o uso dos recursos dispon\u00edveis, elevando o n\u00edvel da opera\u00e7\u00e3o e ampliando suas possibilidades.<br>No fim das contas, transformar o descarte em ouro \u00e9 menos sobre economia isolada e mais sobre intelig\u00eancia aplicada, criatividade consciente e vis\u00e3o de futuro. \u00c9 entender que sustentabilidade, sabor e rentabilidade n\u00e3o competem entre si, mas se fortalecem mutuamente quando integradas de forma estrat\u00e9gica, criando neg\u00f3cios mais s\u00f3lidos, cozinhas mais interessantes e um sistema alimentar mais coerente com os desafios do nosso tempo.<\/p>\n\n\n<div class=\"wp-block-image\">\n<figure class=\"aligncenter size-full\"><a href=\"https:\/\/www.instagram.com\/alhoroxao\/\"><img loading=\"lazy\" decoding=\"async\" width=\"960\" height=\"365\" src=\"https:\/\/jornalfatosenoticias.com.br\/wp-content\/uploads\/2026\/01\/logo-alho-Roxao.png\" alt=\"\" class=\"wp-image-64448\" srcset=\"https:\/\/jornalfatosenoticias.com.br\/wp-content\/uploads\/2026\/01\/logo-alho-Roxao.png 960w, https:\/\/jornalfatosenoticias.com.br\/wp-content\/uploads\/2026\/01\/logo-alho-Roxao-300x114.png 300w, https:\/\/jornalfatosenoticias.com.br\/wp-content\/uploads\/2026\/01\/logo-alho-Roxao-768x292.png 768w\" sizes=\"auto, (max-width: 960px) 100vw, 960px\" \/><\/a><\/figure>\n<\/div>\n\n\n<p><mark style=\"background-color:rgba(0, 0, 0, 0)\" class=\"has-inline-color has-black-color\"><strong>Bianca T\u00e1pias<br><\/strong><em>Formada em Letras Ingl\u00eas\/Portugu\u00eas, Gastronomia e P\u00f3s-graduada em Food Design<br>Trabalho como copywriter e ghostwriter<\/em><\/mark><\/p>\n\n\n\n<p><strong><mark style=\"background-color:rgba(0, 0, 0, 0)\" class=\"has-inline-color has-black-color\">(Foto de capa: Freepik)<\/mark><\/strong><\/p>\n","protected":false},"excerpt":{"rendered":"<p>Por Bianca T\u00e1pias Durante d\u00e9cadas, a ind\u00fastria de alimentos e a gastronomia profissional trataram cascas, talos, folhas, ossos e sementes como res\u00edduos inevit\u00e1veis do processo produtivo, algo a ser rapidamente removido da cozinha, contabilizado como perda e esquecido no fluxo operacional. Esse paradigma, todavia, come\u00e7a a ruir de forma definitiva \u00e0 medida que sustentabilidade, efici\u00eancia [&hellip;]<\/p>\n","protected":false},"author":2,"featured_media":64743,"comment_status":"open","ping_status":"open","sticky":false,"template":"","format":"standard","meta":{"footnotes":""},"categories":[745],"tags":[70,26861,5022,28081,2197,29447,2404],"class_list":["post-64740","post","type-post","status-publish","format-standard","has-post-thumbnail","hentry","category-gastronomia","tag-alimentos","tag-aroma","tag-cozinha","tag-food-service","tag-gastronomia","tag-industria-de-alimentos","tag-nutrientes"],"yoast_head":"<!-- This site is optimized with the Yoast SEO plugin v26.5 - https:\/\/yoast.com\/wordpress\/plugins\/seo\/ -->\n<title>Do descarte ao ouro, o poder da cozinha de aproveitamento total - Jornal Fatos e Not\u00edcias<\/title>\n<meta name=\"robots\" content=\"index, follow, max-snippet:-1, max-image-preview:large, max-video-preview:-1\" \/>\n<link rel=\"canonical\" href=\"https:\/\/jornalfatosenoticias.com.br\/index.php\/2026\/01\/27\/do-descarte-ao-ouro-o-poder-da-cozinha-de-aproveitamento-total\/\" \/>\n<meta property=\"og:locale\" content=\"pt_BR\" \/>\n<meta property=\"og:type\" content=\"article\" \/>\n<meta property=\"og:title\" content=\"Do descarte ao ouro, o poder da cozinha de aproveitamento total - Jornal Fatos e Not\u00edcias\" \/>\n<meta property=\"og:description\" content=\"Por Bianca T\u00e1pias Durante d\u00e9cadas, a ind\u00fastria de alimentos e a gastronomia profissional trataram cascas, talos, folhas, ossos e sementes como res\u00edduos inevit\u00e1veis do processo produtivo, algo a ser rapidamente removido da cozinha, contabilizado como perda e esquecido no fluxo operacional. Esse paradigma, todavia, come\u00e7a a ruir de forma definitiva \u00e0 medida que sustentabilidade, efici\u00eancia [&hellip;]\" \/>\n<meta property=\"og:url\" content=\"https:\/\/jornalfatosenoticias.com.br\/index.php\/2026\/01\/27\/do-descarte-ao-ouro-o-poder-da-cozinha-de-aproveitamento-total\/\" \/>\n<meta property=\"og:site_name\" content=\"Jornal Fatos e Not\u00edcias\" \/>\n<meta property=\"article:published_time\" content=\"2026-01-27T19:30:35+00:00\" \/>\n<meta property=\"article:modified_time\" content=\"2026-01-27T19:30:36+00:00\" \/>\n<meta property=\"og:image\" content=\"https:\/\/jornalfatosenoticias.com.br\/wp-content\/uploads\/2026\/01\/reaproveitamento-alimentos_Bianca_freepik2.jpg\" \/>\n\t<meta property=\"og:image:width\" content=\"2000\" \/>\n\t<meta property=\"og:image:height\" content=\"1334\" \/>\n\t<meta property=\"og:image:type\" content=\"image\/jpeg\" \/>\n<meta name=\"author\" content=\"Luzimara Fernandes\" \/>\n<meta name=\"twitter:card\" content=\"summary_large_image\" \/>\n<meta name=\"twitter:label1\" content=\"Escrito por\" \/>\n\t<meta name=\"twitter:data1\" content=\"Luzimara Fernandes\" \/>\n\t<meta name=\"twitter:label2\" content=\"Est. tempo de leitura\" \/>\n\t<meta name=\"twitter:data2\" content=\"6 minutos\" \/>\n<script type=\"application\/ld+json\" class=\"yoast-schema-graph\">{\"@context\":\"https:\/\/schema.org\",\"@graph\":[{\"@type\":\"Article\",\"@id\":\"https:\/\/jornalfatosenoticias.com.br\/index.php\/2026\/01\/27\/do-descarte-ao-ouro-o-poder-da-cozinha-de-aproveitamento-total\/#article\",\"isPartOf\":{\"@id\":\"https:\/\/jornalfatosenoticias.com.br\/index.php\/2026\/01\/27\/do-descarte-ao-ouro-o-poder-da-cozinha-de-aproveitamento-total\/\"},\"author\":{\"name\":\"Luzimara Fernandes\",\"@id\":\"https:\/\/jornalfatosenoticias.com.br\/#\/schema\/person\/d63837fa13ac8666eb9e74e0985d6f81\"},\"headline\":\"Do descarte ao ouro, o poder da cozinha de aproveitamento total\",\"datePublished\":\"2026-01-27T19:30:35+00:00\",\"dateModified\":\"2026-01-27T19:30:36+00:00\",\"mainEntityOfPage\":{\"@id\":\"https:\/\/jornalfatosenoticias.com.br\/index.php\/2026\/01\/27\/do-descarte-ao-ouro-o-poder-da-cozinha-de-aproveitamento-total\/\"},\"wordCount\":928,\"commentCount\":0,\"publisher\":{\"@id\":\"https:\/\/jornalfatosenoticias.com.br\/#organization\"},\"image\":{\"@id\":\"https:\/\/jornalfatosenoticias.com.br\/index.php\/2026\/01\/27\/do-descarte-ao-ouro-o-poder-da-cozinha-de-aproveitamento-total\/#primaryimage\"},\"thumbnailUrl\":\"https:\/\/jornalfatosenoticias.com.br\/wp-content\/uploads\/2026\/01\/reaproveitamento-alimentos_Bianca_freepik2.jpg\",\"keywords\":[\"alimentos\",\"aroma\",\"cozinha\",\"food service\",\"gastronomia\",\"ind\u00fastria de alimentos\",\"nutrientes\"],\"articleSection\":[\"Gastronomia\"],\"inLanguage\":\"pt-BR\",\"potentialAction\":[{\"@type\":\"CommentAction\",\"name\":\"Comment\",\"target\":[\"https:\/\/jornalfatosenoticias.com.br\/index.php\/2026\/01\/27\/do-descarte-ao-ouro-o-poder-da-cozinha-de-aproveitamento-total\/#respond\"]}]},{\"@type\":\"WebPage\",\"@id\":\"https:\/\/jornalfatosenoticias.com.br\/index.php\/2026\/01\/27\/do-descarte-ao-ouro-o-poder-da-cozinha-de-aproveitamento-total\/\",\"url\":\"https:\/\/jornalfatosenoticias.com.br\/index.php\/2026\/01\/27\/do-descarte-ao-ouro-o-poder-da-cozinha-de-aproveitamento-total\/\",\"name\":\"Do descarte ao ouro, o poder da cozinha de aproveitamento total - Jornal Fatos e Not\u00edcias\",\"isPartOf\":{\"@id\":\"https:\/\/jornalfatosenoticias.com.br\/#website\"},\"primaryImageOfPage\":{\"@id\":\"https:\/\/jornalfatosenoticias.com.br\/index.php\/2026\/01\/27\/do-descarte-ao-ouro-o-poder-da-cozinha-de-aproveitamento-total\/#primaryimage\"},\"image\":{\"@id\":\"https:\/\/jornalfatosenoticias.com.br\/index.php\/2026\/01\/27\/do-descarte-ao-ouro-o-poder-da-cozinha-de-aproveitamento-total\/#primaryimage\"},\"thumbnailUrl\":\"https:\/\/jornalfatosenoticias.com.br\/wp-content\/uploads\/2026\/01\/reaproveitamento-alimentos_Bianca_freepik2.jpg\",\"datePublished\":\"2026-01-27T19:30:35+00:00\",\"dateModified\":\"2026-01-27T19:30:36+00:00\",\"breadcrumb\":{\"@id\":\"https:\/\/jornalfatosenoticias.com.br\/index.php\/2026\/01\/27\/do-descarte-ao-ouro-o-poder-da-cozinha-de-aproveitamento-total\/#breadcrumb\"},\"inLanguage\":\"pt-BR\",\"potentialAction\":[{\"@type\":\"ReadAction\",\"target\":[\"https:\/\/jornalfatosenoticias.com.br\/index.php\/2026\/01\/27\/do-descarte-ao-ouro-o-poder-da-cozinha-de-aproveitamento-total\/\"]}]},{\"@type\":\"ImageObject\",\"inLanguage\":\"pt-BR\",\"@id\":\"https:\/\/jornalfatosenoticias.com.br\/index.php\/2026\/01\/27\/do-descarte-ao-ouro-o-poder-da-cozinha-de-aproveitamento-total\/#primaryimage\",\"url\":\"https:\/\/jornalfatosenoticias.com.br\/wp-content\/uploads\/2026\/01\/reaproveitamento-alimentos_Bianca_freepik2.jpg\",\"contentUrl\":\"https:\/\/jornalfatosenoticias.com.br\/wp-content\/uploads\/2026\/01\/reaproveitamento-alimentos_Bianca_freepik2.jpg\",\"width\":2000,\"height\":1334},{\"@type\":\"BreadcrumbList\",\"@id\":\"https:\/\/jornalfatosenoticias.com.br\/index.php\/2026\/01\/27\/do-descarte-ao-ouro-o-poder-da-cozinha-de-aproveitamento-total\/#breadcrumb\",\"itemListElement\":[{\"@type\":\"ListItem\",\"position\":1,\"name\":\"In\u00edcio\",\"item\":\"https:\/\/jornalfatosenoticias.com.br\/\"},{\"@type\":\"ListItem\",\"position\":2,\"name\":\"Do descarte ao ouro, o poder da cozinha de aproveitamento total\"}]},{\"@type\":\"WebSite\",\"@id\":\"https:\/\/jornalfatosenoticias.com.br\/#website\",\"url\":\"https:\/\/jornalfatosenoticias.com.br\/\",\"name\":\"Jornal Fatos e Not\u00edcias\",\"description\":\"Not\u00edcias em geral\",\"publisher\":{\"@id\":\"https:\/\/jornalfatosenoticias.com.br\/#organization\"},\"potentialAction\":[{\"@type\":\"SearchAction\",\"target\":{\"@type\":\"EntryPoint\",\"urlTemplate\":\"https:\/\/jornalfatosenoticias.com.br\/?s={search_term_string}\"},\"query-input\":{\"@type\":\"PropertyValueSpecification\",\"valueRequired\":true,\"valueName\":\"search_term_string\"}}],\"inLanguage\":\"pt-BR\"},{\"@type\":\"Organization\",\"@id\":\"https:\/\/jornalfatosenoticias.com.br\/#organization\",\"name\":\"Jornal Fatos e Not\u00edcias\",\"url\":\"https:\/\/jornalfatosenoticias.com.br\/\",\"logo\":{\"@type\":\"ImageObject\",\"inLanguage\":\"pt-BR\",\"@id\":\"https:\/\/jornalfatosenoticias.com.br\/#\/schema\/logo\/image\/\",\"url\":\"https:\/\/jornalfatosenoticias.com.br\/wp-content\/uploads\/2020\/02\/logo120.png\",\"contentUrl\":\"https:\/\/jornalfatosenoticias.com.br\/wp-content\/uploads\/2020\/02\/logo120.png\",\"width\":1227,\"height\":120,\"caption\":\"Jornal Fatos e Not\u00edcias\"},\"image\":{\"@id\":\"https:\/\/jornalfatosenoticias.com.br\/#\/schema\/logo\/image\/\"}},{\"@type\":\"Person\",\"@id\":\"https:\/\/jornalfatosenoticias.com.br\/#\/schema\/person\/d63837fa13ac8666eb9e74e0985d6f81\",\"name\":\"Luzimara Fernandes\",\"image\":{\"@type\":\"ImageObject\",\"inLanguage\":\"pt-BR\",\"@id\":\"https:\/\/jornalfatosenoticias.com.br\/#\/schema\/person\/image\/\",\"url\":\"https:\/\/jornalfatosenoticias.com.br\/wp-content\/uploads\/2025\/05\/EU_portal.jpg\",\"contentUrl\":\"https:\/\/jornalfatosenoticias.com.br\/wp-content\/uploads\/2025\/05\/EU_portal.jpg\",\"caption\":\"Luzimara Fernandes\"},\"description\":\"Jornalista MTB 2358-ES\",\"sameAs\":[\"https:\/\/jornalfatosenoticias.com.br\"],\"url\":\"https:\/\/jornalfatosenoticias.com.br\/index.php\/author\/luzimara\/\"}]}<\/script>\n<!-- \/ Yoast SEO plugin. -->","yoast_head_json":{"title":"Do descarte ao ouro, o poder da cozinha de aproveitamento total - Jornal Fatos e Not\u00edcias","robots":{"index":"index","follow":"follow","max-snippet":"max-snippet:-1","max-image-preview":"max-image-preview:large","max-video-preview":"max-video-preview:-1"},"canonical":"https:\/\/jornalfatosenoticias.com.br\/index.php\/2026\/01\/27\/do-descarte-ao-ouro-o-poder-da-cozinha-de-aproveitamento-total\/","og_locale":"pt_BR","og_type":"article","og_title":"Do descarte ao ouro, o poder da cozinha de aproveitamento total - Jornal Fatos e Not\u00edcias","og_description":"Por Bianca T\u00e1pias Durante d\u00e9cadas, a ind\u00fastria de alimentos e a gastronomia profissional trataram cascas, talos, folhas, ossos e sementes como res\u00edduos inevit\u00e1veis do processo produtivo, algo a ser rapidamente removido da cozinha, contabilizado como perda e esquecido no fluxo operacional. Esse paradigma, todavia, come\u00e7a a ruir de forma definitiva \u00e0 medida que sustentabilidade, efici\u00eancia [&hellip;]","og_url":"https:\/\/jornalfatosenoticias.com.br\/index.php\/2026\/01\/27\/do-descarte-ao-ouro-o-poder-da-cozinha-de-aproveitamento-total\/","og_site_name":"Jornal Fatos e Not\u00edcias","article_published_time":"2026-01-27T19:30:35+00:00","article_modified_time":"2026-01-27T19:30:36+00:00","og_image":[{"width":2000,"height":1334,"url":"https:\/\/jornalfatosenoticias.com.br\/wp-content\/uploads\/2026\/01\/reaproveitamento-alimentos_Bianca_freepik2.jpg","type":"image\/jpeg"}],"author":"Luzimara Fernandes","twitter_card":"summary_large_image","twitter_misc":{"Escrito por":"Luzimara Fernandes","Est. tempo de leitura":"6 minutos"},"schema":{"@context":"https:\/\/schema.org","@graph":[{"@type":"Article","@id":"https:\/\/jornalfatosenoticias.com.br\/index.php\/2026\/01\/27\/do-descarte-ao-ouro-o-poder-da-cozinha-de-aproveitamento-total\/#article","isPartOf":{"@id":"https:\/\/jornalfatosenoticias.com.br\/index.php\/2026\/01\/27\/do-descarte-ao-ouro-o-poder-da-cozinha-de-aproveitamento-total\/"},"author":{"name":"Luzimara Fernandes","@id":"https:\/\/jornalfatosenoticias.com.br\/#\/schema\/person\/d63837fa13ac8666eb9e74e0985d6f81"},"headline":"Do descarte ao ouro, o poder da cozinha de aproveitamento total","datePublished":"2026-01-27T19:30:35+00:00","dateModified":"2026-01-27T19:30:36+00:00","mainEntityOfPage":{"@id":"https:\/\/jornalfatosenoticias.com.br\/index.php\/2026\/01\/27\/do-descarte-ao-ouro-o-poder-da-cozinha-de-aproveitamento-total\/"},"wordCount":928,"commentCount":0,"publisher":{"@id":"https:\/\/jornalfatosenoticias.com.br\/#organization"},"image":{"@id":"https:\/\/jornalfatosenoticias.com.br\/index.php\/2026\/01\/27\/do-descarte-ao-ouro-o-poder-da-cozinha-de-aproveitamento-total\/#primaryimage"},"thumbnailUrl":"https:\/\/jornalfatosenoticias.com.br\/wp-content\/uploads\/2026\/01\/reaproveitamento-alimentos_Bianca_freepik2.jpg","keywords":["alimentos","aroma","cozinha","food service","gastronomia","ind\u00fastria de alimentos","nutrientes"],"articleSection":["Gastronomia"],"inLanguage":"pt-BR","potentialAction":[{"@type":"CommentAction","name":"Comment","target":["https:\/\/jornalfatosenoticias.com.br\/index.php\/2026\/01\/27\/do-descarte-ao-ouro-o-poder-da-cozinha-de-aproveitamento-total\/#respond"]}]},{"@type":"WebPage","@id":"https:\/\/jornalfatosenoticias.com.br\/index.php\/2026\/01\/27\/do-descarte-ao-ouro-o-poder-da-cozinha-de-aproveitamento-total\/","url":"https:\/\/jornalfatosenoticias.com.br\/index.php\/2026\/01\/27\/do-descarte-ao-ouro-o-poder-da-cozinha-de-aproveitamento-total\/","name":"Do descarte ao ouro, o poder da cozinha de aproveitamento total - Jornal Fatos e Not\u00edcias","isPartOf":{"@id":"https:\/\/jornalfatosenoticias.com.br\/#website"},"primaryImageOfPage":{"@id":"https:\/\/jornalfatosenoticias.com.br\/index.php\/2026\/01\/27\/do-descarte-ao-ouro-o-poder-da-cozinha-de-aproveitamento-total\/#primaryimage"},"image":{"@id":"https:\/\/jornalfatosenoticias.com.br\/index.php\/2026\/01\/27\/do-descarte-ao-ouro-o-poder-da-cozinha-de-aproveitamento-total\/#primaryimage"},"thumbnailUrl":"https:\/\/jornalfatosenoticias.com.br\/wp-content\/uploads\/2026\/01\/reaproveitamento-alimentos_Bianca_freepik2.jpg","datePublished":"2026-01-27T19:30:35+00:00","dateModified":"2026-01-27T19:30:36+00:00","breadcrumb":{"@id":"https:\/\/jornalfatosenoticias.com.br\/index.php\/2026\/01\/27\/do-descarte-ao-ouro-o-poder-da-cozinha-de-aproveitamento-total\/#breadcrumb"},"inLanguage":"pt-BR","potentialAction":[{"@type":"ReadAction","target":["https:\/\/jornalfatosenoticias.com.br\/index.php\/2026\/01\/27\/do-descarte-ao-ouro-o-poder-da-cozinha-de-aproveitamento-total\/"]}]},{"@type":"ImageObject","inLanguage":"pt-BR","@id":"https:\/\/jornalfatosenoticias.com.br\/index.php\/2026\/01\/27\/do-descarte-ao-ouro-o-poder-da-cozinha-de-aproveitamento-total\/#primaryimage","url":"https:\/\/jornalfatosenoticias.com.br\/wp-content\/uploads\/2026\/01\/reaproveitamento-alimentos_Bianca_freepik2.jpg","contentUrl":"https:\/\/jornalfatosenoticias.com.br\/wp-content\/uploads\/2026\/01\/reaproveitamento-alimentos_Bianca_freepik2.jpg","width":2000,"height":1334},{"@type":"BreadcrumbList","@id":"https:\/\/jornalfatosenoticias.com.br\/index.php\/2026\/01\/27\/do-descarte-ao-ouro-o-poder-da-cozinha-de-aproveitamento-total\/#breadcrumb","itemListElement":[{"@type":"ListItem","position":1,"name":"In\u00edcio","item":"https:\/\/jornalfatosenoticias.com.br\/"},{"@type":"ListItem","position":2,"name":"Do descarte ao ouro, o poder da cozinha de aproveitamento total"}]},{"@type":"WebSite","@id":"https:\/\/jornalfatosenoticias.com.br\/#website","url":"https:\/\/jornalfatosenoticias.com.br\/","name":"Jornal Fatos e Not\u00edcias","description":"Not\u00edcias em geral","publisher":{"@id":"https:\/\/jornalfatosenoticias.com.br\/#organization"},"potentialAction":[{"@type":"SearchAction","target":{"@type":"EntryPoint","urlTemplate":"https:\/\/jornalfatosenoticias.com.br\/?s={search_term_string}"},"query-input":{"@type":"PropertyValueSpecification","valueRequired":true,"valueName":"search_term_string"}}],"inLanguage":"pt-BR"},{"@type":"Organization","@id":"https:\/\/jornalfatosenoticias.com.br\/#organization","name":"Jornal Fatos e Not\u00edcias","url":"https:\/\/jornalfatosenoticias.com.br\/","logo":{"@type":"ImageObject","inLanguage":"pt-BR","@id":"https:\/\/jornalfatosenoticias.com.br\/#\/schema\/logo\/image\/","url":"https:\/\/jornalfatosenoticias.com.br\/wp-content\/uploads\/2020\/02\/logo120.png","contentUrl":"https:\/\/jornalfatosenoticias.com.br\/wp-content\/uploads\/2020\/02\/logo120.png","width":1227,"height":120,"caption":"Jornal Fatos e Not\u00edcias"},"image":{"@id":"https:\/\/jornalfatosenoticias.com.br\/#\/schema\/logo\/image\/"}},{"@type":"Person","@id":"https:\/\/jornalfatosenoticias.com.br\/#\/schema\/person\/d63837fa13ac8666eb9e74e0985d6f81","name":"Luzimara Fernandes","image":{"@type":"ImageObject","inLanguage":"pt-BR","@id":"https:\/\/jornalfatosenoticias.com.br\/#\/schema\/person\/image\/","url":"https:\/\/jornalfatosenoticias.com.br\/wp-content\/uploads\/2025\/05\/EU_portal.jpg","contentUrl":"https:\/\/jornalfatosenoticias.com.br\/wp-content\/uploads\/2025\/05\/EU_portal.jpg","caption":"Luzimara Fernandes"},"description":"Jornalista MTB 2358-ES","sameAs":["https:\/\/jornalfatosenoticias.com.br"],"url":"https:\/\/jornalfatosenoticias.com.br\/index.php\/author\/luzimara\/"}]}},"cc_featured_image_caption":{"caption_text":"","source_text":"","source_url":""},"jetpack_featured_media_url":"https:\/\/jornalfatosenoticias.com.br\/wp-content\/uploads\/2026\/01\/reaproveitamento-alimentos_Bianca_freepik2.jpg","_links":{"self":[{"href":"https:\/\/jornalfatosenoticias.com.br\/index.php\/wp-json\/wp\/v2\/posts\/64740","targetHints":{"allow":["GET"]}}],"collection":[{"href":"https:\/\/jornalfatosenoticias.com.br\/index.php\/wp-json\/wp\/v2\/posts"}],"about":[{"href":"https:\/\/jornalfatosenoticias.com.br\/index.php\/wp-json\/wp\/v2\/types\/post"}],"author":[{"embeddable":true,"href":"https:\/\/jornalfatosenoticias.com.br\/index.php\/wp-json\/wp\/v2\/users\/2"}],"replies":[{"embeddable":true,"href":"https:\/\/jornalfatosenoticias.com.br\/index.php\/wp-json\/wp\/v2\/comments?post=64740"}],"version-history":[{"count":1,"href":"https:\/\/jornalfatosenoticias.com.br\/index.php\/wp-json\/wp\/v2\/posts\/64740\/revisions"}],"predecessor-version":[{"id":64744,"href":"https:\/\/jornalfatosenoticias.com.br\/index.php\/wp-json\/wp\/v2\/posts\/64740\/revisions\/64744"}],"wp:featuredmedia":[{"embeddable":true,"href":"https:\/\/jornalfatosenoticias.com.br\/index.php\/wp-json\/wp\/v2\/media\/64743"}],"wp:attachment":[{"href":"https:\/\/jornalfatosenoticias.com.br\/index.php\/wp-json\/wp\/v2\/media?parent=64740"}],"wp:term":[{"taxonomy":"category","embeddable":true,"href":"https:\/\/jornalfatosenoticias.com.br\/index.php\/wp-json\/wp\/v2\/categories?post=64740"},{"taxonomy":"post_tag","embeddable":true,"href":"https:\/\/jornalfatosenoticias.com.br\/index.php\/wp-json\/wp\/v2\/tags?post=64740"}],"curies":[{"name":"wp","href":"https:\/\/api.w.org\/{rel}","templated":true}]}}