{"id":64745,"date":"2026-01-27T16:44:37","date_gmt":"2026-01-27T19:44:37","guid":{"rendered":"https:\/\/jornalfatosenoticias.com.br\/?p=64745"},"modified":"2026-01-27T16:45:05","modified_gmt":"2026-01-27T19:45:05","slug":"temos-o-ouro-negro-falta-o-ourives","status":"publish","type":"post","link":"https:\/\/jornalfatosenoticias.com.br\/index.php\/2026\/01\/27\/temos-o-ouro-negro-falta-o-ourives\/","title":{"rendered":"Temos o ouro (negro), falta o ourives"},"content":{"rendered":"<div class=\"wp-block-image\">\n<figure class=\"aligncenter size-large\"><a href=\"http:\/\/www.ferrarimaquinas.com.br\/\"><img loading=\"lazy\" decoding=\"async\" width=\"1024\" height=\"100\" src=\"https:\/\/jornalfatosenoticias.com.br\/wp-content\/uploads\/2020\/02\/banner_ferramentas-1024x100.jpg\" alt=\"\" class=\"wp-image-1258\" srcset=\"https:\/\/jornalfatosenoticias.com.br\/wp-content\/uploads\/2020\/02\/banner_ferramentas-1024x100.jpg 1024w, https:\/\/jornalfatosenoticias.com.br\/wp-content\/uploads\/2020\/02\/banner_ferramentas-300x29.jpg 300w, https:\/\/jornalfatosenoticias.com.br\/wp-content\/uploads\/2020\/02\/banner_ferramentas-768x75.jpg 768w, https:\/\/jornalfatosenoticias.com.br\/wp-content\/uploads\/2020\/02\/banner_ferramentas.jpg 1227w\" sizes=\"auto, (max-width: 1024px) 100vw, 1024px\" \/><\/a><\/figure>\n<\/div>\n\n\n<p>H\u00e1 uma velha m\u00e1xima na joalheria que gosto de aplicar \u00e0 engenharia econ\u00f4mica: o valor n\u00e3o est\u00e1 apenas no metal bruto extra\u00eddo da terra, mas na m\u00e3o que o trabalha. Uma pepita de ouro, sem o ourives para purific\u00e1-la, mold\u00e1-la e dar-lhe fun\u00e7\u00e3o, \u00e9 apenas um peso morto geol\u00f3gico.<br>N\u00f3s, no <strong><a href=\"https:\/\/online.fliphtml5.com\/ywlkz\/elgt\/#p=46\">Esp\u00edrito Santo<\/a><\/strong>, vivemos hoje exatamente este dilema. A natureza nos presenteou com o &#8220;ouro&#8221; \u2014 o petr\u00f3leo e o g\u00e1s natural. O mercado, por sua vez, colocou o capital na mesa. Segundo o Anu\u00e1rio da Ind\u00fastria do Petr\u00f3leo e G\u00e1s Natural no Esp\u00edrito Santo de 2025, publicado pelo Observat\u00f3rio da Ind\u00fastria da FINDES, nosso setor projeta investimentos confirmados de <strong>R$ 44,2 bilh\u00f5es at\u00e9 2030.<\/strong> Temos a mat\u00e9ria-prima e temos o financiamento. O que nos falta, e de forma alarmante, \u00e9 o &#8220;ourives&#8221;: a m\u00e3o de obra t\u00e9cnica especializada capaz de transformar esses bilh\u00f5es em execu\u00e7\u00e3o real.<\/p>\n\n\n\n<p><strong><mark style=\"background-color:rgba(0, 0, 0, 0)\" class=\"has-inline-color has-black-color\">A desconex\u00e3o entre a mina e a bancada<br><\/mark><\/strong>O volume financeiro mapeado pela FINDES nos gera uma euforia justificada. Vemos neste pacote a revitaliza\u00e7\u00e3o dos campos maduros terrestres (<em>onshore<\/em>) \u2014 impulsionada pela entrada de operadoras independentes como Seacrest Petr\u00f3leo e Imetame \u2014, a continuidade do desenvolvimento do pr\u00e9-sal (com projetos maci\u00e7os como o FPSO Maria Quit\u00e9ria e Parque das Baleias) e a consolida\u00e7\u00e3o da infraestrutura de g\u00e1s.<br>Contudo, como engenheiros de grandes projetos, sabemos que o capital financeiro (CAPEX) \u00e9 apenas energia potencial. Para transform\u00e1-la em energia cin\u00e9tica \u2014 em obra realizada e riqueza gerada \u2014, precisamos do vetor humano. \u00c9 neste ponto que reside a maior amea\u00e7a \u00e0 nossa competitividade. Enquanto celebramos o fluxo de capital, ignoramos um diagn\u00f3stico cr\u00edtico: o &#8220;gap&#8221; de compet\u00eancia t\u00e9cnica.<\/p>\n\n\n<div class=\"wp-block-image\">\n<figure class=\"aligncenter size-full is-resized\"><a href=\"https:\/\/www.controlsystems.com.br\/\"><img loading=\"lazy\" decoding=\"async\" width=\"834\" height=\"1000\" src=\"https:\/\/jornalfatosenoticias.com.br\/wp-content\/uploads\/2020\/02\/CONTROL-CS.jpg\" alt=\"\" class=\"wp-image-44991\" style=\"aspect-ratio:0.8339861023373342;width:274px;height:auto\" srcset=\"https:\/\/jornalfatosenoticias.com.br\/wp-content\/uploads\/2020\/02\/CONTROL-CS.jpg 834w, https:\/\/jornalfatosenoticias.com.br\/wp-content\/uploads\/2020\/02\/CONTROL-CS-250x300.jpg 250w, https:\/\/jornalfatosenoticias.com.br\/wp-content\/uploads\/2020\/02\/CONTROL-CS-768x921.jpg 768w\" sizes=\"auto, (max-width: 834px) 100vw, 834px\" \/><\/a><\/figure>\n<\/div>\n\n\n<p><strong><mark style=\"background-color:rgba(0, 0, 0, 0)\" class=\"has-inline-color has-black-color\">N\u00e3o \u00e9 &#8220;achismo&#8221;, \u00e9 estat\u00edstica<br><\/mark><\/strong>N\u00e3o estamos lidando com uma percep\u00e7\u00e3o difusa de escassez, mas com um d\u00e9ficit mapeado. O <strong>Mapa do Trabalho Industrial 2025-2027<\/strong>, elaborado pela CNI, projeta que precisaremos qualificar cerca de <strong>180 mil trabalhadores<\/strong> no Esp\u00edrito Santo em ocupa\u00e7\u00f5es industriais para sustentar o crescimento previsto e repor nosso estoque de pessoal.<br>O dado torna-se ainda mais cr\u00edtico quando aplicamos um &#8220;zoom&#8221; nas categorias. As \u00e1reas onde enfrentamos o maior gargalo de forma\u00e7\u00e3o s\u00e3o justamente <strong>Metalmec\u00e2nica, Manuten\u00e7\u00e3o <\/strong>e<strong> Constru\u00e7\u00e3o.<\/strong> Traduzindo para o nosso dialeto do setor: faltam os profissionais que constroem os m\u00f3dulos, soldam os dutos de alta press\u00e3o e mant\u00eam as v\u00e1lvulas operando.<br>Nosso cen\u00e1rio local \u00e9 agravado por uma tempestade nacional. A <strong>Pesquisa de Escassez de Talentos 2025, <\/strong>do ManpowerGroup, revela que <strong>81% dos empregadores brasileiros<\/strong> relatam dificuldade para preencher vagas t\u00e9cnicas. Estamos operando com um n\u00edvel de escassez acima da m\u00e9dia global. Ou seja: n\u00e3o temos um &#8220;banco de reservas&#8221; sobrando em outros estados para cobrir nossa falha de planejamento sem um custo alt\u00edssimo.<\/p>\n\n\n<div class=\"wp-block-image\">\n<figure class=\"aligncenter size-full\"><img loading=\"lazy\" decoding=\"async\" width=\"800\" height=\"533\" src=\"https:\/\/jornalfatosenoticias.com.br\/wp-content\/uploads\/2026\/01\/ChatGPT-Image_texto-Francisco.jpg\" alt=\"\" class=\"wp-image-64746\" srcset=\"https:\/\/jornalfatosenoticias.com.br\/wp-content\/uploads\/2026\/01\/ChatGPT-Image_texto-Francisco.jpg 800w, https:\/\/jornalfatosenoticias.com.br\/wp-content\/uploads\/2026\/01\/ChatGPT-Image_texto-Francisco-300x200.jpg 300w, https:\/\/jornalfatosenoticias.com.br\/wp-content\/uploads\/2026\/01\/ChatGPT-Image_texto-Francisco-768x512.jpg 768w\" sizes=\"auto, (max-width: 800px) 100vw, 800px\" \/><figcaption class=\"wp-element-caption\"><em><mark style=\"background-color:rgba(0, 0, 0, 0)\" class=\"has-inline-color has-black-color\">(Foto: ChatGPT)<\/mark><\/em><\/figcaption><\/figure>\n<\/div>\n\n\n<p><strong><mark style=\"background-color:rgba(0, 0, 0, 0)\" class=\"has-inline-color has-black-color\">O custo da inefici\u00eancia e a amea\u00e7a ao OPEX<br><\/mark><\/strong>N\u00e3o podemos tratar a press\u00e3o no canteiro de obras como especula\u00e7\u00e3o futura; \u00e9 um indicador que monitoramos hoje. As edi\u00e7\u00f5es mais recentes da <strong>Sondagem Ind\u00fastria da Constru\u00e7\u00e3o,<\/strong> elaborada pela CNI, apontam consistentemente a &#8220;falta ou alto custo do trabalhador&#8221; como um dos tr\u00eas principais entraves para a execu\u00e7\u00e3o de projetos no Brasil. Em nosso estado, onde a concentra\u00e7\u00e3o de obras simult\u00e2neas \u00e9 alta, esse gargalo acende um alerta financeiro imediato.<br>Para as novas operadoras independentes, que assumiram os campos maduros, essa vari\u00e1vel \u00e9 cr\u00edtica. Diferente das &#8220;Majors&#8221;, sabemos que o modelo de neg\u00f3cio dessas empresas baseia-se na efici\u00eancia marginal e no controle milim\u00e9trico do OPEX (Despesas Operacionais). Se permitirmos que a escassez de m\u00e3o de obra inflacione o valor da hora-homem t\u00e9cnica sem o devido ganho de produtividade, o impacto ser\u00e1 direto no <em><strong>Lifting Cost<\/strong><\/em> (custo de extra\u00e7\u00e3o por barril).<br>A matem\u00e1tica \u00e9 cruel: em campos com produ\u00e7\u00e3o declinante, um aumento n\u00e3o planejado nos custos fixos de manuten\u00e7\u00e3o pode inviabilizar economicamente a reabertura de po\u00e7os. Al\u00e9m do impacto financeiro, enfrentamos o custo operacional oculto. A escassez fomenta uma &#8220;guerra de talentos&#8221; predat\u00f3ria, onde vemos empresas canibalizando as equipes vizinhas para preencher vagas urgentes. O resultado \u00e9 a alta rotatividade (<em>turnover<\/em>), que drena a mem\u00f3ria t\u00e9cnica das opera\u00e7\u00f5es, atrasa cronogramas e, no limite, exp\u00f5e nossa ind\u00fastria a riscos de seguran\u00e7a operacional por imper\u00edcia.<\/p>\n\n\n<div class=\"wp-block-image\">\n<figure class=\"aligncenter size-large is-resized\"><a href=\"https:\/\/www.instagram.com\/serra4x4cambioautomatico\/\"><img loading=\"lazy\" decoding=\"async\" width=\"886\" height=\"1024\" src=\"https:\/\/jornalfatosenoticias.com.br\/wp-content\/uploads\/2024\/08\/Serra-4x4-1-886x1024.jpg\" alt=\"\" class=\"wp-image-53632\" style=\"aspect-ratio:0.8652368390870513;width:318px;height:auto\" srcset=\"https:\/\/jornalfatosenoticias.com.br\/wp-content\/uploads\/2024\/08\/Serra-4x4-1-886x1024.jpg 886w, https:\/\/jornalfatosenoticias.com.br\/wp-content\/uploads\/2024\/08\/Serra-4x4-1-260x300.jpg 260w, https:\/\/jornalfatosenoticias.com.br\/wp-content\/uploads\/2024\/08\/Serra-4x4-1-768x888.jpg 768w, https:\/\/jornalfatosenoticias.com.br\/wp-content\/uploads\/2024\/08\/Serra-4x4-1.jpg 1181w\" sizes=\"auto, (max-width: 886px) 100vw, 886px\" \/><\/a><\/figure>\n<\/div>\n\n\n<p><strong><mark style=\"background-color:rgba(0, 0, 0, 0)\" class=\"has-inline-color has-black-color\">Importar solu\u00e7\u00f5es ou forjar talentos?<br><\/mark><\/strong>Se n\u00e3o formos capazes de fornecer a m\u00e3o de obra localmente, a ind\u00fastria buscar\u00e1 fora. Grandes players t\u00eam capacidade para mobilizar equipes inteiras de outros estados. Do ponto de vista da obra, resolve-se o problema imediato. Do ponto de vista do Esp\u00edrito Santo, seria uma trag\u00e9dia econ\u00f4mica.<br>Quando a m\u00e3o de obra \u00e9 importada, a massa salarial n\u00e3o circula na nossa economia local. Corremos o risco de ser apenas o local da extra\u00e7\u00e3o do ouro, enquanto a riqueza gerada pelo trabalho refinado \u00e9 exportada para o Rio de Janeiro ou para fora do pa\u00eds.<\/p>\n\n\n<div class=\"wp-block-image\">\n<figure class=\"aligncenter size-full is-resized\"><a href=\"https:\/\/www.instagram.com\/kalynecalais\/\"><img loading=\"lazy\" decoding=\"async\" width=\"969\" height=\"406\" src=\"https:\/\/jornalfatosenoticias.com.br\/wp-content\/uploads\/2024\/09\/Legis-Juris-Consultoria_logo.jpg\" alt=\"\" class=\"wp-image-53915\" style=\"aspect-ratio:2.3868022598870056;width:616px;height:auto\" srcset=\"https:\/\/jornalfatosenoticias.com.br\/wp-content\/uploads\/2024\/09\/Legis-Juris-Consultoria_logo.jpg 969w, https:\/\/jornalfatosenoticias.com.br\/wp-content\/uploads\/2024\/09\/Legis-Juris-Consultoria_logo-300x126.jpg 300w, https:\/\/jornalfatosenoticias.com.br\/wp-content\/uploads\/2024\/09\/Legis-Juris-Consultoria_logo-768x322.jpg 768w\" sizes=\"auto, (max-width: 969px) 100vw, 969px\" \/><\/a><\/figure>\n<\/div>\n\n\n<p><strong><mark style=\"background-color:rgba(0, 0, 0, 0)\" class=\"has-inline-color has-black-color\">Conclus\u00e3o<br><\/mark><\/strong>Os R$ 44,2 bilh\u00f5es confirmados no Anu\u00e1rio da FINDES n\u00e3o representam, por si s\u00f3s, uma garantia de desenvolvimento. Eles s\u00e3o apenas uma janela de oportunidade temporal. Se n\u00e3o resolvermos a equa\u00e7\u00e3o da compet\u00eancia t\u00e9cnica nos pr\u00f3ximos 24 meses, corremos o risco real de nos tornarmos uma &#8220;economia de enclave&#8221;: um estado plataforma, onde a riqueza \u00e9 extra\u00edda do subsolo, mas a cadeia de valor \u2014 sal\u00e1rios qualificados, fornecedores de tecnologia e intelig\u00eancia \u2014 \u00e9 importada e, posteriormente, repatriada para fora.<br>O desafio, portanto, deixa de ser uma pauta de Recursos Humanos para se tornar uma quest\u00e3o de sobreviv\u00eancia estrat\u00e9gica. N\u00f3s \u2014 operadoras, ind\u00fastria de base e poder p\u00fablico \u2014 precisamos orquestrar um pacto de acelera\u00e7\u00e3o de talentos que v\u00e1 al\u00e9m do discurso. N\u00e3o temos tempo para formar a &#8220;gera\u00e7\u00e3o perfeita&#8221;; precisamos requalificar a for\u00e7a de trabalho atual com a urg\u00eancia de quem apaga um inc\u00eandio.<br>A geologia j\u00e1 fez a parte dela nos entregando o ouro. O capital financeiro fez a sua parte entregando o investimento. Agora, o nosso destino econ\u00f4mico depende inteiramente da capacidade de forjarmos os &#8220;ourives&#8221;. Sem eles, a maior bonan\u00e7a da hist\u00f3ria capixaba ser\u00e1 apenas um pico estat\u00edstico nos gr\u00e1ficos de exporta\u00e7\u00e3o, e n\u00e3o o legado de prosperidade que a nossa sociedade espera.<\/p>\n\n\n<div class=\"wp-block-image\">\n<figure class=\"aligncenter size-full is-resized\"><a href=\"https:\/\/www.facebook.com\/vetor.vix\/\"><img loading=\"lazy\" decoding=\"async\" width=\"1024\" height=\"273\" src=\"https:\/\/jornalfatosenoticias.com.br\/wp-content\/uploads\/2023\/09\/vetorvix1024_1.jpg\" alt=\"\" class=\"wp-image-44868\" style=\"aspect-ratio:3.7511010086660037;width:713px;height:auto\" srcset=\"https:\/\/jornalfatosenoticias.com.br\/wp-content\/uploads\/2023\/09\/vetorvix1024_1.jpg 1024w, https:\/\/jornalfatosenoticias.com.br\/wp-content\/uploads\/2023\/09\/vetorvix1024_1-300x80.jpg 300w, https:\/\/jornalfatosenoticias.com.br\/wp-content\/uploads\/2023\/09\/vetorvix1024_1-768x205.jpg 768w\" sizes=\"auto, (max-width: 1024px) 100vw, 1024px\" \/><\/a><\/figure>\n<\/div>\n\n\n<p><strong><mark style=\"background-color:rgba(0, 0, 0, 0)\" class=\"has-inline-color has-black-color\">Fonte<br><\/mark><\/strong>Ranking Brasil &#8211; M\u00e9xico: chrome-extension:\/\/efaidnbmnnnibpcajpcglclefindmkaj\/https:\/\/static.portaldaindustria.com.br\/media\/filer_public\/6e\/b0\/6eb03875-9a40-410f-ad5c-f06eee96ab8d\/desempenho_da_industria_no_mundo_dezembro2024.pdf<\/p>\n\n\n\n<p><strong><mark style=\"background-color:rgba(0, 0, 0, 0)\" class=\"has-inline-color has-black-color\">Posto Imetame (Foto de capa: Divulga\u00e7\u00e3o\/Imetame Log\u00edstica)<\/mark><\/strong><\/p>\n","protected":false},"excerpt":{"rendered":"<p>H\u00e1 uma velha m\u00e1xima na joalheria que gosto de aplicar \u00e0 engenharia econ\u00f4mica: o valor n\u00e3o est\u00e1 apenas no metal bruto extra\u00eddo da terra, mas na m\u00e3o que o trabalha. Uma pepita de ouro, sem o ourives para purific\u00e1-la, mold\u00e1-la e dar-lhe fun\u00e7\u00e3o, \u00e9 apenas um peso morto geol\u00f3gico.N\u00f3s, no Esp\u00edrito Santo, vivemos hoje exatamente [&hellip;]<\/p>\n","protected":false},"author":44,"featured_media":64747,"comment_status":"open","ping_status":"open","sticky":false,"template":"","format":"standard","meta":{"footnotes":""},"categories":[9],"tags":[100,27295,25423,29448,29449,736],"class_list":["post-64745","post","type-post","status-publish","format-standard","has-post-thumbnail","hentry","category-economia","tag-espirito-santo","tag-imetame","tag-onshore","tag-ourives","tag-ouro-negro","tag-petroleo"],"yoast_head":"<!-- This site is optimized with the Yoast SEO plugin v26.5 - https:\/\/yoast.com\/wordpress\/plugins\/seo\/ -->\n<title>Temos o ouro (negro), falta o ourives - Jornal Fatos e Not\u00edcias<\/title>\n<meta name=\"robots\" content=\"index, follow, max-snippet:-1, max-image-preview:large, max-video-preview:-1\" \/>\n<link rel=\"canonical\" href=\"https:\/\/jornalfatosenoticias.com.br\/index.php\/2026\/01\/27\/temos-o-ouro-negro-falta-o-ourives\/\" \/>\n<meta property=\"og:locale\" content=\"pt_BR\" \/>\n<meta property=\"og:type\" content=\"article\" \/>\n<meta property=\"og:title\" content=\"Temos o ouro (negro), falta o ourives - Jornal Fatos e Not\u00edcias\" \/>\n<meta property=\"og:description\" content=\"H\u00e1 uma velha m\u00e1xima na joalheria que gosto de aplicar \u00e0 engenharia econ\u00f4mica: o valor n\u00e3o est\u00e1 apenas no metal bruto extra\u00eddo da terra, mas na m\u00e3o que o trabalha. Uma pepita de ouro, sem o ourives para purific\u00e1-la, mold\u00e1-la e dar-lhe fun\u00e7\u00e3o, \u00e9 apenas um peso morto geol\u00f3gico.N\u00f3s, no Esp\u00edrito Santo, vivemos hoje exatamente [&hellip;]\" \/>\n<meta property=\"og:url\" content=\"https:\/\/jornalfatosenoticias.com.br\/index.php\/2026\/01\/27\/temos-o-ouro-negro-falta-o-ourives\/\" \/>\n<meta property=\"og:site_name\" content=\"Jornal Fatos e Not\u00edcias\" \/>\n<meta property=\"article:published_time\" content=\"2026-01-27T19:44:37+00:00\" \/>\n<meta property=\"article:modified_time\" content=\"2026-01-27T19:45:05+00:00\" \/>\n<meta property=\"og:image\" content=\"https:\/\/jornalfatosenoticias.com.br\/wp-content\/uploads\/2026\/01\/porto-Imetame.jpg\" \/>\n\t<meta property=\"og:image:width\" content=\"1000\" \/>\n\t<meta property=\"og:image:height\" content=\"625\" \/>\n\t<meta property=\"og:image:type\" content=\"image\/jpeg\" \/>\n<meta name=\"author\" content=\"Francisco Neto\" \/>\n<meta name=\"twitter:card\" content=\"summary_large_image\" \/>\n<meta name=\"twitter:label1\" content=\"Escrito por\" \/>\n\t<meta name=\"twitter:data1\" content=\"Francisco Neto\" \/>\n\t<meta name=\"twitter:label2\" content=\"Est. tempo de leitura\" \/>\n\t<meta name=\"twitter:data2\" content=\"7 minutos\" \/>\n<script type=\"application\/ld+json\" class=\"yoast-schema-graph\">{\"@context\":\"https:\/\/schema.org\",\"@graph\":[{\"@type\":\"Article\",\"@id\":\"https:\/\/jornalfatosenoticias.com.br\/index.php\/2026\/01\/27\/temos-o-ouro-negro-falta-o-ourives\/#article\",\"isPartOf\":{\"@id\":\"https:\/\/jornalfatosenoticias.com.br\/index.php\/2026\/01\/27\/temos-o-ouro-negro-falta-o-ourives\/\"},\"author\":{\"name\":\"Francisco Neto\",\"@id\":\"https:\/\/jornalfatosenoticias.com.br\/#\/schema\/person\/d3d464ddbcaf3c3ddfb099ca10ab2cc6\"},\"headline\":\"Temos o ouro (negro), falta o ourives\",\"datePublished\":\"2026-01-27T19:44:37+00:00\",\"dateModified\":\"2026-01-27T19:45:05+00:00\",\"mainEntityOfPage\":{\"@id\":\"https:\/\/jornalfatosenoticias.com.br\/index.php\/2026\/01\/27\/temos-o-ouro-negro-falta-o-ourives\/\"},\"wordCount\":1142,\"commentCount\":0,\"publisher\":{\"@id\":\"https:\/\/jornalfatosenoticias.com.br\/#organization\"},\"image\":{\"@id\":\"https:\/\/jornalfatosenoticias.com.br\/index.php\/2026\/01\/27\/temos-o-ouro-negro-falta-o-ourives\/#primaryimage\"},\"thumbnailUrl\":\"https:\/\/jornalfatosenoticias.com.br\/wp-content\/uploads\/2026\/01\/porto-Imetame.jpg\",\"keywords\":[\"Esp\u00edrito Santo\",\"Imetame\",\"onshore\",\"ourives\",\"ouro negro\",\"petr\u00f3leo\"],\"articleSection\":[\"Economia\"],\"inLanguage\":\"pt-BR\",\"potentialAction\":[{\"@type\":\"CommentAction\",\"name\":\"Comment\",\"target\":[\"https:\/\/jornalfatosenoticias.com.br\/index.php\/2026\/01\/27\/temos-o-ouro-negro-falta-o-ourives\/#respond\"]}]},{\"@type\":\"WebPage\",\"@id\":\"https:\/\/jornalfatosenoticias.com.br\/index.php\/2026\/01\/27\/temos-o-ouro-negro-falta-o-ourives\/\",\"url\":\"https:\/\/jornalfatosenoticias.com.br\/index.php\/2026\/01\/27\/temos-o-ouro-negro-falta-o-ourives\/\",\"name\":\"Temos o ouro (negro), falta o ourives - Jornal Fatos e Not\u00edcias\",\"isPartOf\":{\"@id\":\"https:\/\/jornalfatosenoticias.com.br\/#website\"},\"primaryImageOfPage\":{\"@id\":\"https:\/\/jornalfatosenoticias.com.br\/index.php\/2026\/01\/27\/temos-o-ouro-negro-falta-o-ourives\/#primaryimage\"},\"image\":{\"@id\":\"https:\/\/jornalfatosenoticias.com.br\/index.php\/2026\/01\/27\/temos-o-ouro-negro-falta-o-ourives\/#primaryimage\"},\"thumbnailUrl\":\"https:\/\/jornalfatosenoticias.com.br\/wp-content\/uploads\/2026\/01\/porto-Imetame.jpg\",\"datePublished\":\"2026-01-27T19:44:37+00:00\",\"dateModified\":\"2026-01-27T19:45:05+00:00\",\"breadcrumb\":{\"@id\":\"https:\/\/jornalfatosenoticias.com.br\/index.php\/2026\/01\/27\/temos-o-ouro-negro-falta-o-ourives\/#breadcrumb\"},\"inLanguage\":\"pt-BR\",\"potentialAction\":[{\"@type\":\"ReadAction\",\"target\":[\"https:\/\/jornalfatosenoticias.com.br\/index.php\/2026\/01\/27\/temos-o-ouro-negro-falta-o-ourives\/\"]}]},{\"@type\":\"ImageObject\",\"inLanguage\":\"pt-BR\",\"@id\":\"https:\/\/jornalfatosenoticias.com.br\/index.php\/2026\/01\/27\/temos-o-ouro-negro-falta-o-ourives\/#primaryimage\",\"url\":\"https:\/\/jornalfatosenoticias.com.br\/wp-content\/uploads\/2026\/01\/porto-Imetame.jpg\",\"contentUrl\":\"https:\/\/jornalfatosenoticias.com.br\/wp-content\/uploads\/2026\/01\/porto-Imetame.jpg\",\"width\":1000,\"height\":625},{\"@type\":\"BreadcrumbList\",\"@id\":\"https:\/\/jornalfatosenoticias.com.br\/index.php\/2026\/01\/27\/temos-o-ouro-negro-falta-o-ourives\/#breadcrumb\",\"itemListElement\":[{\"@type\":\"ListItem\",\"position\":1,\"name\":\"In\u00edcio\",\"item\":\"https:\/\/jornalfatosenoticias.com.br\/\"},{\"@type\":\"ListItem\",\"position\":2,\"name\":\"Temos o ouro (negro), falta o ourives\"}]},{\"@type\":\"WebSite\",\"@id\":\"https:\/\/jornalfatosenoticias.com.br\/#website\",\"url\":\"https:\/\/jornalfatosenoticias.com.br\/\",\"name\":\"Jornal Fatos e Not\u00edcias\",\"description\":\"Not\u00edcias em geral\",\"publisher\":{\"@id\":\"https:\/\/jornalfatosenoticias.com.br\/#organization\"},\"potentialAction\":[{\"@type\":\"SearchAction\",\"target\":{\"@type\":\"EntryPoint\",\"urlTemplate\":\"https:\/\/jornalfatosenoticias.com.br\/?s={search_term_string}\"},\"query-input\":{\"@type\":\"PropertyValueSpecification\",\"valueRequired\":true,\"valueName\":\"search_term_string\"}}],\"inLanguage\":\"pt-BR\"},{\"@type\":\"Organization\",\"@id\":\"https:\/\/jornalfatosenoticias.com.br\/#organization\",\"name\":\"Jornal Fatos e Not\u00edcias\",\"url\":\"https:\/\/jornalfatosenoticias.com.br\/\",\"logo\":{\"@type\":\"ImageObject\",\"inLanguage\":\"pt-BR\",\"@id\":\"https:\/\/jornalfatosenoticias.com.br\/#\/schema\/logo\/image\/\",\"url\":\"https:\/\/jornalfatosenoticias.com.br\/wp-content\/uploads\/2020\/02\/logo120.png\",\"contentUrl\":\"https:\/\/jornalfatosenoticias.com.br\/wp-content\/uploads\/2020\/02\/logo120.png\",\"width\":1227,\"height\":120,\"caption\":\"Jornal Fatos e Not\u00edcias\"},\"image\":{\"@id\":\"https:\/\/jornalfatosenoticias.com.br\/#\/schema\/logo\/image\/\"}},{\"@type\":\"Person\",\"@id\":\"https:\/\/jornalfatosenoticias.com.br\/#\/schema\/person\/d3d464ddbcaf3c3ddfb099ca10ab2cc6\",\"name\":\"Francisco Neto\",\"image\":{\"@type\":\"ImageObject\",\"inLanguage\":\"pt-BR\",\"@id\":\"https:\/\/jornalfatosenoticias.com.br\/#\/schema\/person\/image\/\",\"url\":\"https:\/\/jornalfatosenoticias.com.br\/wp-content\/uploads\/2025\/10\/Francisco.jpeg\",\"contentUrl\":\"https:\/\/jornalfatosenoticias.com.br\/wp-content\/uploads\/2025\/10\/Francisco.jpeg\",\"caption\":\"Francisco Neto\"},\"description\":\"Engenheiro eletricista da Conexa Engenharia Transformo solu\u00e7\u00f5es inteligentes em energia, efici\u00eancia e seguran\u00e7a. Instagram: @sou.conexa\",\"url\":\"https:\/\/jornalfatosenoticias.com.br\/index.php\/author\/francisco-neto\/\"}]}<\/script>\n<!-- \/ Yoast SEO plugin. -->","yoast_head_json":{"title":"Temos o ouro (negro), falta o ourives - Jornal Fatos e Not\u00edcias","robots":{"index":"index","follow":"follow","max-snippet":"max-snippet:-1","max-image-preview":"max-image-preview:large","max-video-preview":"max-video-preview:-1"},"canonical":"https:\/\/jornalfatosenoticias.com.br\/index.php\/2026\/01\/27\/temos-o-ouro-negro-falta-o-ourives\/","og_locale":"pt_BR","og_type":"article","og_title":"Temos o ouro (negro), falta o ourives - Jornal Fatos e Not\u00edcias","og_description":"H\u00e1 uma velha m\u00e1xima na joalheria que gosto de aplicar \u00e0 engenharia econ\u00f4mica: o valor n\u00e3o est\u00e1 apenas no metal bruto extra\u00eddo da terra, mas na m\u00e3o que o trabalha. Uma pepita de ouro, sem o ourives para purific\u00e1-la, mold\u00e1-la e dar-lhe fun\u00e7\u00e3o, \u00e9 apenas um peso morto geol\u00f3gico.N\u00f3s, no Esp\u00edrito Santo, vivemos hoje exatamente [&hellip;]","og_url":"https:\/\/jornalfatosenoticias.com.br\/index.php\/2026\/01\/27\/temos-o-ouro-negro-falta-o-ourives\/","og_site_name":"Jornal Fatos e Not\u00edcias","article_published_time":"2026-01-27T19:44:37+00:00","article_modified_time":"2026-01-27T19:45:05+00:00","og_image":[{"width":1000,"height":625,"url":"https:\/\/jornalfatosenoticias.com.br\/wp-content\/uploads\/2026\/01\/porto-Imetame.jpg","type":"image\/jpeg"}],"author":"Francisco Neto","twitter_card":"summary_large_image","twitter_misc":{"Escrito por":"Francisco Neto","Est. tempo de leitura":"7 minutos"},"schema":{"@context":"https:\/\/schema.org","@graph":[{"@type":"Article","@id":"https:\/\/jornalfatosenoticias.com.br\/index.php\/2026\/01\/27\/temos-o-ouro-negro-falta-o-ourives\/#article","isPartOf":{"@id":"https:\/\/jornalfatosenoticias.com.br\/index.php\/2026\/01\/27\/temos-o-ouro-negro-falta-o-ourives\/"},"author":{"name":"Francisco Neto","@id":"https:\/\/jornalfatosenoticias.com.br\/#\/schema\/person\/d3d464ddbcaf3c3ddfb099ca10ab2cc6"},"headline":"Temos o ouro (negro), falta o ourives","datePublished":"2026-01-27T19:44:37+00:00","dateModified":"2026-01-27T19:45:05+00:00","mainEntityOfPage":{"@id":"https:\/\/jornalfatosenoticias.com.br\/index.php\/2026\/01\/27\/temos-o-ouro-negro-falta-o-ourives\/"},"wordCount":1142,"commentCount":0,"publisher":{"@id":"https:\/\/jornalfatosenoticias.com.br\/#organization"},"image":{"@id":"https:\/\/jornalfatosenoticias.com.br\/index.php\/2026\/01\/27\/temos-o-ouro-negro-falta-o-ourives\/#primaryimage"},"thumbnailUrl":"https:\/\/jornalfatosenoticias.com.br\/wp-content\/uploads\/2026\/01\/porto-Imetame.jpg","keywords":["Esp\u00edrito Santo","Imetame","onshore","ourives","ouro negro","petr\u00f3leo"],"articleSection":["Economia"],"inLanguage":"pt-BR","potentialAction":[{"@type":"CommentAction","name":"Comment","target":["https:\/\/jornalfatosenoticias.com.br\/index.php\/2026\/01\/27\/temos-o-ouro-negro-falta-o-ourives\/#respond"]}]},{"@type":"WebPage","@id":"https:\/\/jornalfatosenoticias.com.br\/index.php\/2026\/01\/27\/temos-o-ouro-negro-falta-o-ourives\/","url":"https:\/\/jornalfatosenoticias.com.br\/index.php\/2026\/01\/27\/temos-o-ouro-negro-falta-o-ourives\/","name":"Temos o ouro (negro), falta o ourives - Jornal Fatos e Not\u00edcias","isPartOf":{"@id":"https:\/\/jornalfatosenoticias.com.br\/#website"},"primaryImageOfPage":{"@id":"https:\/\/jornalfatosenoticias.com.br\/index.php\/2026\/01\/27\/temos-o-ouro-negro-falta-o-ourives\/#primaryimage"},"image":{"@id":"https:\/\/jornalfatosenoticias.com.br\/index.php\/2026\/01\/27\/temos-o-ouro-negro-falta-o-ourives\/#primaryimage"},"thumbnailUrl":"https:\/\/jornalfatosenoticias.com.br\/wp-content\/uploads\/2026\/01\/porto-Imetame.jpg","datePublished":"2026-01-27T19:44:37+00:00","dateModified":"2026-01-27T19:45:05+00:00","breadcrumb":{"@id":"https:\/\/jornalfatosenoticias.com.br\/index.php\/2026\/01\/27\/temos-o-ouro-negro-falta-o-ourives\/#breadcrumb"},"inLanguage":"pt-BR","potentialAction":[{"@type":"ReadAction","target":["https:\/\/jornalfatosenoticias.com.br\/index.php\/2026\/01\/27\/temos-o-ouro-negro-falta-o-ourives\/"]}]},{"@type":"ImageObject","inLanguage":"pt-BR","@id":"https:\/\/jornalfatosenoticias.com.br\/index.php\/2026\/01\/27\/temos-o-ouro-negro-falta-o-ourives\/#primaryimage","url":"https:\/\/jornalfatosenoticias.com.br\/wp-content\/uploads\/2026\/01\/porto-Imetame.jpg","contentUrl":"https:\/\/jornalfatosenoticias.com.br\/wp-content\/uploads\/2026\/01\/porto-Imetame.jpg","width":1000,"height":625},{"@type":"BreadcrumbList","@id":"https:\/\/jornalfatosenoticias.com.br\/index.php\/2026\/01\/27\/temos-o-ouro-negro-falta-o-ourives\/#breadcrumb","itemListElement":[{"@type":"ListItem","position":1,"name":"In\u00edcio","item":"https:\/\/jornalfatosenoticias.com.br\/"},{"@type":"ListItem","position":2,"name":"Temos o ouro (negro), falta o ourives"}]},{"@type":"WebSite","@id":"https:\/\/jornalfatosenoticias.com.br\/#website","url":"https:\/\/jornalfatosenoticias.com.br\/","name":"Jornal Fatos e Not\u00edcias","description":"Not\u00edcias em geral","publisher":{"@id":"https:\/\/jornalfatosenoticias.com.br\/#organization"},"potentialAction":[{"@type":"SearchAction","target":{"@type":"EntryPoint","urlTemplate":"https:\/\/jornalfatosenoticias.com.br\/?s={search_term_string}"},"query-input":{"@type":"PropertyValueSpecification","valueRequired":true,"valueName":"search_term_string"}}],"inLanguage":"pt-BR"},{"@type":"Organization","@id":"https:\/\/jornalfatosenoticias.com.br\/#organization","name":"Jornal Fatos e Not\u00edcias","url":"https:\/\/jornalfatosenoticias.com.br\/","logo":{"@type":"ImageObject","inLanguage":"pt-BR","@id":"https:\/\/jornalfatosenoticias.com.br\/#\/schema\/logo\/image\/","url":"https:\/\/jornalfatosenoticias.com.br\/wp-content\/uploads\/2020\/02\/logo120.png","contentUrl":"https:\/\/jornalfatosenoticias.com.br\/wp-content\/uploads\/2020\/02\/logo120.png","width":1227,"height":120,"caption":"Jornal Fatos e Not\u00edcias"},"image":{"@id":"https:\/\/jornalfatosenoticias.com.br\/#\/schema\/logo\/image\/"}},{"@type":"Person","@id":"https:\/\/jornalfatosenoticias.com.br\/#\/schema\/person\/d3d464ddbcaf3c3ddfb099ca10ab2cc6","name":"Francisco Neto","image":{"@type":"ImageObject","inLanguage":"pt-BR","@id":"https:\/\/jornalfatosenoticias.com.br\/#\/schema\/person\/image\/","url":"https:\/\/jornalfatosenoticias.com.br\/wp-content\/uploads\/2025\/10\/Francisco.jpeg","contentUrl":"https:\/\/jornalfatosenoticias.com.br\/wp-content\/uploads\/2025\/10\/Francisco.jpeg","caption":"Francisco Neto"},"description":"Engenheiro eletricista da Conexa Engenharia Transformo solu\u00e7\u00f5es inteligentes em energia, efici\u00eancia e seguran\u00e7a. Instagram: @sou.conexa","url":"https:\/\/jornalfatosenoticias.com.br\/index.php\/author\/francisco-neto\/"}]}},"cc_featured_image_caption":{"caption_text":"","source_text":"","source_url":""},"jetpack_featured_media_url":"https:\/\/jornalfatosenoticias.com.br\/wp-content\/uploads\/2026\/01\/porto-Imetame.jpg","_links":{"self":[{"href":"https:\/\/jornalfatosenoticias.com.br\/index.php\/wp-json\/wp\/v2\/posts\/64745","targetHints":{"allow":["GET"]}}],"collection":[{"href":"https:\/\/jornalfatosenoticias.com.br\/index.php\/wp-json\/wp\/v2\/posts"}],"about":[{"href":"https:\/\/jornalfatosenoticias.com.br\/index.php\/wp-json\/wp\/v2\/types\/post"}],"author":[{"embeddable":true,"href":"https:\/\/jornalfatosenoticias.com.br\/index.php\/wp-json\/wp\/v2\/users\/44"}],"replies":[{"embeddable":true,"href":"https:\/\/jornalfatosenoticias.com.br\/index.php\/wp-json\/wp\/v2\/comments?post=64745"}],"version-history":[{"count":1,"href":"https:\/\/jornalfatosenoticias.com.br\/index.php\/wp-json\/wp\/v2\/posts\/64745\/revisions"}],"predecessor-version":[{"id":64748,"href":"https:\/\/jornalfatosenoticias.com.br\/index.php\/wp-json\/wp\/v2\/posts\/64745\/revisions\/64748"}],"wp:featuredmedia":[{"embeddable":true,"href":"https:\/\/jornalfatosenoticias.com.br\/index.php\/wp-json\/wp\/v2\/media\/64747"}],"wp:attachment":[{"href":"https:\/\/jornalfatosenoticias.com.br\/index.php\/wp-json\/wp\/v2\/media?parent=64745"}],"wp:term":[{"taxonomy":"category","embeddable":true,"href":"https:\/\/jornalfatosenoticias.com.br\/index.php\/wp-json\/wp\/v2\/categories?post=64745"},{"taxonomy":"post_tag","embeddable":true,"href":"https:\/\/jornalfatosenoticias.com.br\/index.php\/wp-json\/wp\/v2\/tags?post=64745"}],"curies":[{"name":"wp","href":"https:\/\/api.w.org\/{rel}","templated":true}]}}