{"id":6532,"date":"2020-07-16T19:25:14","date_gmt":"2020-07-16T22:25:14","guid":{"rendered":"https:\/\/jornalfatosenoticias.com.br\/?p=6532"},"modified":"2020-07-16T19:25:19","modified_gmt":"2020-07-16T22:25:19","slug":"analise-de-dna-busca-origens-de-abelhas-arco-iris","status":"publish","type":"post","link":"https:\/\/jornalfatosenoticias.com.br\/index.php\/2020\/07\/16\/analise-de-dna-busca-origens-de-abelhas-arco-iris\/","title":{"rendered":"An\u00e1lise de DNA busca origens de abelhas &#8216;arco-\u00edris&#8217;"},"content":{"rendered":"\n<h6 class=\"wp-block-heading\"><em>Um dos maiores polinizadores da Austr\u00e1lia parece ter surgido nas regi\u00f5es tropicais do pa\u00eds e hoje chega at\u00e9 arquip\u00e9lagos do Pac\u00edfico<\/em><\/h6>\n\n\n\n<p>Quando falamos em animais australianos, nossos pensamentos geralmente se voltam para dois grupos: os marsupiais, como coalas e cangurus, animais s\u00edmbolos do pa\u00eds, e aqueles t\u00e3o perigosos que parecem ter sa\u00eddo de um filme de terror. Mas a Austr\u00e1lia tem muitos animais interessantes, como essas lindas abelhas &#8220;arco-\u00edris&#8221;.<br>Um dos principais polinizadores de plantas do pa\u00eds, essas abelhas coloridas do g\u00eanero Homalictus colonizaram muitas regi\u00f5es da Austr\u00e1lia e do sudoeste do Pac\u00edfico. Esses impressionantes animais brilham em tons de azul-marinho, laranja e verde-dourado, de acordo com o Aussie Bee, um site especializado administrado por uma institui\u00e7\u00e3o privada chamada The Australian Native Bee Research Center (Centro de Pesquisa de Abelhas Nativas Australianas, em portugu\u00eas). Elas carregam o p\u00f3len em finos fios emplumados debaixo de seu abd\u00f4men e em suas patas traseiras, segundo o site.<br>Embora estudos anteriores tenham sugerido que as abelhas surgiram na Austr\u00e1lia, os cientistas ainda n\u00e3o haviam examinado a fundo sua hist\u00f3ria evolutiva. Agora, um novo estudo mostra que, de fato, esses coloridos polinizadores surgiram nas regi\u00f5es tropicais da Austr\u00e1lia e depois se dispersaram para \u00e1reas subtropicais, temperadas e \u00e1ridas do pa\u00eds, antes de se expandir ainda mais e atingir o Pac\u00edfico.<br>Compreender as origens da abelha e como elas se distribu\u00edram amplamente pelo sudeste da \u00c1sia, Indon\u00e9sia, Austr\u00e1lia e arquip\u00e9lagos do Oceano Pac\u00edfico, onde agora desempenham &#8220;um papel fundamental na poliniza\u00e7\u00e3o&#8221;, \u00e9 importante para entender a evolu\u00e7\u00e3o desses animais na \u00e1rea, disseram os pesquisadores em seu artigo, publicado na revista Transactions of the Royal Society of South Australia.<\/p>\n\n\n\n<figure class=\"wp-block-image size-large\"><img loading=\"lazy\" decoding=\"async\" width=\"911\" height=\"1024\" src=\"https:\/\/jornalfatosenoticias.com.br\/wp-content\/uploads\/2020\/07\/ABELHA-ARCO-IRIS_1-911x1024.jpg\" alt=\"\" class=\"wp-image-6533\" srcset=\"https:\/\/jornalfatosenoticias.com.br\/wp-content\/uploads\/2020\/07\/ABELHA-ARCO-IRIS_1-911x1024.jpg 911w, https:\/\/jornalfatosenoticias.com.br\/wp-content\/uploads\/2020\/07\/ABELHA-ARCO-IRIS_1-267x300.jpg 267w, https:\/\/jornalfatosenoticias.com.br\/wp-content\/uploads\/2020\/07\/ABELHA-ARCO-IRIS_1-768x864.jpg 768w, https:\/\/jornalfatosenoticias.com.br\/wp-content\/uploads\/2020\/07\/ABELHA-ARCO-IRIS_1.jpg 980w\" sizes=\"auto, (max-width: 911px) 100vw, 911px\" \/><figcaption><em>Macho da esp\u00e9cie Exoneurella tridentate, supostamente origin\u00e1ria da Ant\u00e1rtica (Foto: James Dorey\/ Universidade Flinders)<\/em><\/figcaption><\/figure>\n\n\n\n<p>James Dorey, coautor do estudo e doutorando na Universidade Flinders, em Adelaide, na Austr\u00e1lia, \u00e9 fot\u00f3grafo e especialista em abelhas nativas. Juntamente com seus colegas, Dorey analisou o DNA mitocondrial (material gen\u00e9tico encontrado nas mitoc\u00f4ndrias herdadas pela linhagem materna) de tr\u00eas esp\u00e9cies diferentes de Homalictus da Austr\u00e1lia, Papua Nova Guin\u00e9 e Pac\u00edfico. Observando as varia\u00e7\u00f5es no DNA de cada esp\u00e9cie, os cientistas podem descobrir sua origem e entender sua dispers\u00e3o.<br>Eles descobriram que os animais t\u00eam origem tropical, tornando uma dispers\u00e3o origin\u00e1ria da \u00c1frica ou da Ant\u00e1rtica, como aconteceu com outras esp\u00e9cies de abelhas do pa\u00eds, algo improv\u00e1vel. O estudo tamb\u00e9m diz que \u00e9 poss\u00edvel que as abelhas tenham chegado \u00e0 Austr\u00e1lia vindas de regi\u00f5es tropicais da \u00c1sia. Elas ent\u00e3o se dispersaram para as outras regi\u00f5es.<br>Os cientistas esperam que a compreens\u00e3o das origens desses animais possa revelar como as mudan\u00e7as clim\u00e1ticas podem impactar as abelhas no futuro.<\/p>\n\n\n\n<p><strong><em>Fonte: <a href=\"https:\/\/olhardigital.com.br\/noticia\/analise-de-dna-busca-origens-de-belas-abelhas-arco-iris-veja-fotos\/103461\">Olhar Digital<\/a><\/em><\/strong><\/p>\n","protected":false},"excerpt":{"rendered":"<p>Um dos maiores polinizadores da Austr\u00e1lia parece ter surgido nas regi\u00f5es tropicais do pa\u00eds e hoje chega at\u00e9 arquip\u00e9lagos do Pac\u00edfico Quando falamos em animais australianos, nossos pensamentos geralmente se voltam para dois grupos: os marsupiais, como coalas e cangurus, animais s\u00edmbolos do pa\u00eds, e aqueles t\u00e3o perigosos que parecem ter sa\u00eddo de um filme [&hellip;]<\/p>\n","protected":false},"author":2,"featured_media":6534,"comment_status":"open","ping_status":"open","sticky":false,"template":"","format":"standard","meta":{"footnotes":""},"categories":[2],"tags":[3817,1264,1375,2044,1117],"class_list":["post-6532","post","type-post","status-publish","format-standard","has-post-thumbnail","hentry","category-ciencia","tag-abelhas-arco-iris-2","tag-animais","tag-australia","tag-dna","tag-evolucao"],"yoast_head":"<!-- This site is optimized with the Yoast SEO plugin v26.5 - https:\/\/yoast.com\/wordpress\/plugins\/seo\/ -->\n<title>An\u00e1lise de DNA busca origens de abelhas &#039;arco-\u00edris&#039; - Jornal Fatos e Not\u00edcias<\/title>\n<meta name=\"robots\" content=\"index, follow, max-snippet:-1, max-image-preview:large, max-video-preview:-1\" \/>\n<link rel=\"canonical\" href=\"https:\/\/jornalfatosenoticias.com.br\/index.php\/2020\/07\/16\/analise-de-dna-busca-origens-de-abelhas-arco-iris\/\" \/>\n<meta property=\"og:locale\" content=\"pt_BR\" \/>\n<meta property=\"og:type\" content=\"article\" \/>\n<meta property=\"og:title\" content=\"An\u00e1lise de DNA busca origens de abelhas &#039;arco-\u00edris&#039; - Jornal Fatos e Not\u00edcias\" \/>\n<meta property=\"og:description\" content=\"Um dos maiores polinizadores da Austr\u00e1lia parece ter surgido nas regi\u00f5es tropicais do pa\u00eds e hoje chega at\u00e9 arquip\u00e9lagos do Pac\u00edfico Quando falamos em animais australianos, nossos pensamentos geralmente se voltam para dois grupos: os marsupiais, como coalas e cangurus, animais s\u00edmbolos do pa\u00eds, e aqueles t\u00e3o perigosos que parecem ter sa\u00eddo de um filme [&hellip;]\" \/>\n<meta property=\"og:url\" content=\"https:\/\/jornalfatosenoticias.com.br\/index.php\/2020\/07\/16\/analise-de-dna-busca-origens-de-abelhas-arco-iris\/\" \/>\n<meta property=\"og:site_name\" content=\"Jornal Fatos e Not\u00edcias\" \/>\n<meta property=\"article:published_time\" content=\"2020-07-16T22:25:14+00:00\" \/>\n<meta property=\"article:modified_time\" content=\"2020-07-16T22:25:19+00:00\" \/>\n<meta property=\"og:image\" content=\"https:\/\/jornalfatosenoticias.com.br\/wp-content\/uploads\/2020\/07\/ABELHA-ARCO-IRIS_2.jpg\" \/>\n\t<meta property=\"og:image:width\" content=\"1000\" \/>\n\t<meta property=\"og:image:height\" content=\"666\" \/>\n\t<meta property=\"og:image:type\" content=\"image\/jpeg\" \/>\n<meta name=\"author\" content=\"Luzimara Fernandes\" \/>\n<meta name=\"twitter:card\" content=\"summary_large_image\" \/>\n<meta name=\"twitter:label1\" content=\"Escrito por\" \/>\n\t<meta name=\"twitter:data1\" content=\"Luzimara Fernandes\" \/>\n\t<meta name=\"twitter:label2\" content=\"Est. tempo de leitura\" \/>\n\t<meta name=\"twitter:data2\" content=\"2 minutos\" \/>\n<script type=\"application\/ld+json\" class=\"yoast-schema-graph\">{\"@context\":\"https:\/\/schema.org\",\"@graph\":[{\"@type\":\"Article\",\"@id\":\"https:\/\/jornalfatosenoticias.com.br\/index.php\/2020\/07\/16\/analise-de-dna-busca-origens-de-abelhas-arco-iris\/#article\",\"isPartOf\":{\"@id\":\"https:\/\/jornalfatosenoticias.com.br\/index.php\/2020\/07\/16\/analise-de-dna-busca-origens-de-abelhas-arco-iris\/\"},\"author\":{\"name\":\"Luzimara Fernandes\",\"@id\":\"https:\/\/jornalfatosenoticias.com.br\/#\/schema\/person\/d63837fa13ac8666eb9e74e0985d6f81\"},\"headline\":\"An\u00e1lise de DNA busca origens de abelhas &#8216;arco-\u00edris&#8217;\",\"datePublished\":\"2020-07-16T22:25:14+00:00\",\"dateModified\":\"2020-07-16T22:25:19+00:00\",\"mainEntityOfPage\":{\"@id\":\"https:\/\/jornalfatosenoticias.com.br\/index.php\/2020\/07\/16\/analise-de-dna-busca-origens-de-abelhas-arco-iris\/\"},\"wordCount\":507,\"commentCount\":0,\"publisher\":{\"@id\":\"https:\/\/jornalfatosenoticias.com.br\/#organization\"},\"image\":{\"@id\":\"https:\/\/jornalfatosenoticias.com.br\/index.php\/2020\/07\/16\/analise-de-dna-busca-origens-de-abelhas-arco-iris\/#primaryimage\"},\"thumbnailUrl\":\"https:\/\/jornalfatosenoticias.com.br\/wp-content\/uploads\/2020\/07\/ABELHA-ARCO-IRIS_2.jpg\",\"keywords\":[\"abelhas arco-\u00edris\",\"animais\",\"Austr\u00e1lia\",\"DNA\",\"evolu\u00e7\u00e3o\"],\"articleSection\":[\"Ci\u00eancia\"],\"inLanguage\":\"pt-BR\",\"potentialAction\":[{\"@type\":\"CommentAction\",\"name\":\"Comment\",\"target\":[\"https:\/\/jornalfatosenoticias.com.br\/index.php\/2020\/07\/16\/analise-de-dna-busca-origens-de-abelhas-arco-iris\/#respond\"]}]},{\"@type\":\"WebPage\",\"@id\":\"https:\/\/jornalfatosenoticias.com.br\/index.php\/2020\/07\/16\/analise-de-dna-busca-origens-de-abelhas-arco-iris\/\",\"url\":\"https:\/\/jornalfatosenoticias.com.br\/index.php\/2020\/07\/16\/analise-de-dna-busca-origens-de-abelhas-arco-iris\/\",\"name\":\"An\u00e1lise de DNA busca origens de abelhas 'arco-\u00edris' - Jornal Fatos e Not\u00edcias\",\"isPartOf\":{\"@id\":\"https:\/\/jornalfatosenoticias.com.br\/#website\"},\"primaryImageOfPage\":{\"@id\":\"https:\/\/jornalfatosenoticias.com.br\/index.php\/2020\/07\/16\/analise-de-dna-busca-origens-de-abelhas-arco-iris\/#primaryimage\"},\"image\":{\"@id\":\"https:\/\/jornalfatosenoticias.com.br\/index.php\/2020\/07\/16\/analise-de-dna-busca-origens-de-abelhas-arco-iris\/#primaryimage\"},\"thumbnailUrl\":\"https:\/\/jornalfatosenoticias.com.br\/wp-content\/uploads\/2020\/07\/ABELHA-ARCO-IRIS_2.jpg\",\"datePublished\":\"2020-07-16T22:25:14+00:00\",\"dateModified\":\"2020-07-16T22:25:19+00:00\",\"breadcrumb\":{\"@id\":\"https:\/\/jornalfatosenoticias.com.br\/index.php\/2020\/07\/16\/analise-de-dna-busca-origens-de-abelhas-arco-iris\/#breadcrumb\"},\"inLanguage\":\"pt-BR\",\"potentialAction\":[{\"@type\":\"ReadAction\",\"target\":[\"https:\/\/jornalfatosenoticias.com.br\/index.php\/2020\/07\/16\/analise-de-dna-busca-origens-de-abelhas-arco-iris\/\"]}]},{\"@type\":\"ImageObject\",\"inLanguage\":\"pt-BR\",\"@id\":\"https:\/\/jornalfatosenoticias.com.br\/index.php\/2020\/07\/16\/analise-de-dna-busca-origens-de-abelhas-arco-iris\/#primaryimage\",\"url\":\"https:\/\/jornalfatosenoticias.com.br\/wp-content\/uploads\/2020\/07\/ABELHA-ARCO-IRIS_2.jpg\",\"contentUrl\":\"https:\/\/jornalfatosenoticias.com.br\/wp-content\/uploads\/2020\/07\/ABELHA-ARCO-IRIS_2.jpg\",\"width\":1000,\"height\":666},{\"@type\":\"BreadcrumbList\",\"@id\":\"https:\/\/jornalfatosenoticias.com.br\/index.php\/2020\/07\/16\/analise-de-dna-busca-origens-de-abelhas-arco-iris\/#breadcrumb\",\"itemListElement\":[{\"@type\":\"ListItem\",\"position\":1,\"name\":\"In\u00edcio\",\"item\":\"https:\/\/jornalfatosenoticias.com.br\/\"},{\"@type\":\"ListItem\",\"position\":2,\"name\":\"An\u00e1lise de DNA busca origens de abelhas &#8216;arco-\u00edris&#8217;\"}]},{\"@type\":\"WebSite\",\"@id\":\"https:\/\/jornalfatosenoticias.com.br\/#website\",\"url\":\"https:\/\/jornalfatosenoticias.com.br\/\",\"name\":\"Jornal Fatos e Not\u00edcias\",\"description\":\"Not\u00edcias em geral\",\"publisher\":{\"@id\":\"https:\/\/jornalfatosenoticias.com.br\/#organization\"},\"potentialAction\":[{\"@type\":\"SearchAction\",\"target\":{\"@type\":\"EntryPoint\",\"urlTemplate\":\"https:\/\/jornalfatosenoticias.com.br\/?s={search_term_string}\"},\"query-input\":{\"@type\":\"PropertyValueSpecification\",\"valueRequired\":true,\"valueName\":\"search_term_string\"}}],\"inLanguage\":\"pt-BR\"},{\"@type\":\"Organization\",\"@id\":\"https:\/\/jornalfatosenoticias.com.br\/#organization\",\"name\":\"Jornal Fatos e Not\u00edcias\",\"url\":\"https:\/\/jornalfatosenoticias.com.br\/\",\"logo\":{\"@type\":\"ImageObject\",\"inLanguage\":\"pt-BR\",\"@id\":\"https:\/\/jornalfatosenoticias.com.br\/#\/schema\/logo\/image\/\",\"url\":\"https:\/\/jornalfatosenoticias.com.br\/wp-content\/uploads\/2020\/02\/logo120.png\",\"contentUrl\":\"https:\/\/jornalfatosenoticias.com.br\/wp-content\/uploads\/2020\/02\/logo120.png\",\"width\":1227,\"height\":120,\"caption\":\"Jornal Fatos e Not\u00edcias\"},\"image\":{\"@id\":\"https:\/\/jornalfatosenoticias.com.br\/#\/schema\/logo\/image\/\"}},{\"@type\":\"Person\",\"@id\":\"https:\/\/jornalfatosenoticias.com.br\/#\/schema\/person\/d63837fa13ac8666eb9e74e0985d6f81\",\"name\":\"Luzimara Fernandes\",\"image\":{\"@type\":\"ImageObject\",\"inLanguage\":\"pt-BR\",\"@id\":\"https:\/\/jornalfatosenoticias.com.br\/#\/schema\/person\/image\/\",\"url\":\"https:\/\/jornalfatosenoticias.com.br\/wp-content\/uploads\/2025\/05\/EU_portal.jpg\",\"contentUrl\":\"https:\/\/jornalfatosenoticias.com.br\/wp-content\/uploads\/2025\/05\/EU_portal.jpg\",\"caption\":\"Luzimara Fernandes\"},\"description\":\"Jornalista MTB 2358-ES\",\"sameAs\":[\"https:\/\/jornalfatosenoticias.com.br\"],\"url\":\"https:\/\/jornalfatosenoticias.com.br\/index.php\/author\/luzimara\/\"}]}<\/script>\n<!-- \/ Yoast SEO plugin. -->","yoast_head_json":{"title":"An\u00e1lise de DNA busca origens de abelhas 'arco-\u00edris' - Jornal Fatos e Not\u00edcias","robots":{"index":"index","follow":"follow","max-snippet":"max-snippet:-1","max-image-preview":"max-image-preview:large","max-video-preview":"max-video-preview:-1"},"canonical":"https:\/\/jornalfatosenoticias.com.br\/index.php\/2020\/07\/16\/analise-de-dna-busca-origens-de-abelhas-arco-iris\/","og_locale":"pt_BR","og_type":"article","og_title":"An\u00e1lise de DNA busca origens de abelhas 'arco-\u00edris' - Jornal Fatos e Not\u00edcias","og_description":"Um dos maiores polinizadores da Austr\u00e1lia parece ter surgido nas regi\u00f5es tropicais do pa\u00eds e hoje chega at\u00e9 arquip\u00e9lagos do Pac\u00edfico Quando falamos em animais australianos, nossos pensamentos geralmente se voltam para dois grupos: os marsupiais, como coalas e cangurus, animais s\u00edmbolos do pa\u00eds, e aqueles t\u00e3o perigosos que parecem ter sa\u00eddo de um filme [&hellip;]","og_url":"https:\/\/jornalfatosenoticias.com.br\/index.php\/2020\/07\/16\/analise-de-dna-busca-origens-de-abelhas-arco-iris\/","og_site_name":"Jornal Fatos e Not\u00edcias","article_published_time":"2020-07-16T22:25:14+00:00","article_modified_time":"2020-07-16T22:25:19+00:00","og_image":[{"width":1000,"height":666,"url":"https:\/\/jornalfatosenoticias.com.br\/wp-content\/uploads\/2020\/07\/ABELHA-ARCO-IRIS_2.jpg","type":"image\/jpeg"}],"author":"Luzimara Fernandes","twitter_card":"summary_large_image","twitter_misc":{"Escrito por":"Luzimara Fernandes","Est. tempo de leitura":"2 minutos"},"schema":{"@context":"https:\/\/schema.org","@graph":[{"@type":"Article","@id":"https:\/\/jornalfatosenoticias.com.br\/index.php\/2020\/07\/16\/analise-de-dna-busca-origens-de-abelhas-arco-iris\/#article","isPartOf":{"@id":"https:\/\/jornalfatosenoticias.com.br\/index.php\/2020\/07\/16\/analise-de-dna-busca-origens-de-abelhas-arco-iris\/"},"author":{"name":"Luzimara Fernandes","@id":"https:\/\/jornalfatosenoticias.com.br\/#\/schema\/person\/d63837fa13ac8666eb9e74e0985d6f81"},"headline":"An\u00e1lise de DNA busca origens de abelhas &#8216;arco-\u00edris&#8217;","datePublished":"2020-07-16T22:25:14+00:00","dateModified":"2020-07-16T22:25:19+00:00","mainEntityOfPage":{"@id":"https:\/\/jornalfatosenoticias.com.br\/index.php\/2020\/07\/16\/analise-de-dna-busca-origens-de-abelhas-arco-iris\/"},"wordCount":507,"commentCount":0,"publisher":{"@id":"https:\/\/jornalfatosenoticias.com.br\/#organization"},"image":{"@id":"https:\/\/jornalfatosenoticias.com.br\/index.php\/2020\/07\/16\/analise-de-dna-busca-origens-de-abelhas-arco-iris\/#primaryimage"},"thumbnailUrl":"https:\/\/jornalfatosenoticias.com.br\/wp-content\/uploads\/2020\/07\/ABELHA-ARCO-IRIS_2.jpg","keywords":["abelhas arco-\u00edris","animais","Austr\u00e1lia","DNA","evolu\u00e7\u00e3o"],"articleSection":["Ci\u00eancia"],"inLanguage":"pt-BR","potentialAction":[{"@type":"CommentAction","name":"Comment","target":["https:\/\/jornalfatosenoticias.com.br\/index.php\/2020\/07\/16\/analise-de-dna-busca-origens-de-abelhas-arco-iris\/#respond"]}]},{"@type":"WebPage","@id":"https:\/\/jornalfatosenoticias.com.br\/index.php\/2020\/07\/16\/analise-de-dna-busca-origens-de-abelhas-arco-iris\/","url":"https:\/\/jornalfatosenoticias.com.br\/index.php\/2020\/07\/16\/analise-de-dna-busca-origens-de-abelhas-arco-iris\/","name":"An\u00e1lise de DNA busca origens de abelhas 'arco-\u00edris' - Jornal Fatos e Not\u00edcias","isPartOf":{"@id":"https:\/\/jornalfatosenoticias.com.br\/#website"},"primaryImageOfPage":{"@id":"https:\/\/jornalfatosenoticias.com.br\/index.php\/2020\/07\/16\/analise-de-dna-busca-origens-de-abelhas-arco-iris\/#primaryimage"},"image":{"@id":"https:\/\/jornalfatosenoticias.com.br\/index.php\/2020\/07\/16\/analise-de-dna-busca-origens-de-abelhas-arco-iris\/#primaryimage"},"thumbnailUrl":"https:\/\/jornalfatosenoticias.com.br\/wp-content\/uploads\/2020\/07\/ABELHA-ARCO-IRIS_2.jpg","datePublished":"2020-07-16T22:25:14+00:00","dateModified":"2020-07-16T22:25:19+00:00","breadcrumb":{"@id":"https:\/\/jornalfatosenoticias.com.br\/index.php\/2020\/07\/16\/analise-de-dna-busca-origens-de-abelhas-arco-iris\/#breadcrumb"},"inLanguage":"pt-BR","potentialAction":[{"@type":"ReadAction","target":["https:\/\/jornalfatosenoticias.com.br\/index.php\/2020\/07\/16\/analise-de-dna-busca-origens-de-abelhas-arco-iris\/"]}]},{"@type":"ImageObject","inLanguage":"pt-BR","@id":"https:\/\/jornalfatosenoticias.com.br\/index.php\/2020\/07\/16\/analise-de-dna-busca-origens-de-abelhas-arco-iris\/#primaryimage","url":"https:\/\/jornalfatosenoticias.com.br\/wp-content\/uploads\/2020\/07\/ABELHA-ARCO-IRIS_2.jpg","contentUrl":"https:\/\/jornalfatosenoticias.com.br\/wp-content\/uploads\/2020\/07\/ABELHA-ARCO-IRIS_2.jpg","width":1000,"height":666},{"@type":"BreadcrumbList","@id":"https:\/\/jornalfatosenoticias.com.br\/index.php\/2020\/07\/16\/analise-de-dna-busca-origens-de-abelhas-arco-iris\/#breadcrumb","itemListElement":[{"@type":"ListItem","position":1,"name":"In\u00edcio","item":"https:\/\/jornalfatosenoticias.com.br\/"},{"@type":"ListItem","position":2,"name":"An\u00e1lise de DNA busca origens de abelhas &#8216;arco-\u00edris&#8217;"}]},{"@type":"WebSite","@id":"https:\/\/jornalfatosenoticias.com.br\/#website","url":"https:\/\/jornalfatosenoticias.com.br\/","name":"Jornal Fatos e Not\u00edcias","description":"Not\u00edcias em geral","publisher":{"@id":"https:\/\/jornalfatosenoticias.com.br\/#organization"},"potentialAction":[{"@type":"SearchAction","target":{"@type":"EntryPoint","urlTemplate":"https:\/\/jornalfatosenoticias.com.br\/?s={search_term_string}"},"query-input":{"@type":"PropertyValueSpecification","valueRequired":true,"valueName":"search_term_string"}}],"inLanguage":"pt-BR"},{"@type":"Organization","@id":"https:\/\/jornalfatosenoticias.com.br\/#organization","name":"Jornal Fatos e Not\u00edcias","url":"https:\/\/jornalfatosenoticias.com.br\/","logo":{"@type":"ImageObject","inLanguage":"pt-BR","@id":"https:\/\/jornalfatosenoticias.com.br\/#\/schema\/logo\/image\/","url":"https:\/\/jornalfatosenoticias.com.br\/wp-content\/uploads\/2020\/02\/logo120.png","contentUrl":"https:\/\/jornalfatosenoticias.com.br\/wp-content\/uploads\/2020\/02\/logo120.png","width":1227,"height":120,"caption":"Jornal Fatos e Not\u00edcias"},"image":{"@id":"https:\/\/jornalfatosenoticias.com.br\/#\/schema\/logo\/image\/"}},{"@type":"Person","@id":"https:\/\/jornalfatosenoticias.com.br\/#\/schema\/person\/d63837fa13ac8666eb9e74e0985d6f81","name":"Luzimara Fernandes","image":{"@type":"ImageObject","inLanguage":"pt-BR","@id":"https:\/\/jornalfatosenoticias.com.br\/#\/schema\/person\/image\/","url":"https:\/\/jornalfatosenoticias.com.br\/wp-content\/uploads\/2025\/05\/EU_portal.jpg","contentUrl":"https:\/\/jornalfatosenoticias.com.br\/wp-content\/uploads\/2025\/05\/EU_portal.jpg","caption":"Luzimara Fernandes"},"description":"Jornalista MTB 2358-ES","sameAs":["https:\/\/jornalfatosenoticias.com.br"],"url":"https:\/\/jornalfatosenoticias.com.br\/index.php\/author\/luzimara\/"}]}},"cc_featured_image_caption":{"caption_text":"(James Dorey\/ Universidade Flinders)","source_text":"","source_url":""},"jetpack_featured_media_url":"https:\/\/jornalfatosenoticias.com.br\/wp-content\/uploads\/2020\/07\/ABELHA-ARCO-IRIS_2.jpg","_links":{"self":[{"href":"https:\/\/jornalfatosenoticias.com.br\/index.php\/wp-json\/wp\/v2\/posts\/6532","targetHints":{"allow":["GET"]}}],"collection":[{"href":"https:\/\/jornalfatosenoticias.com.br\/index.php\/wp-json\/wp\/v2\/posts"}],"about":[{"href":"https:\/\/jornalfatosenoticias.com.br\/index.php\/wp-json\/wp\/v2\/types\/post"}],"author":[{"embeddable":true,"href":"https:\/\/jornalfatosenoticias.com.br\/index.php\/wp-json\/wp\/v2\/users\/2"}],"replies":[{"embeddable":true,"href":"https:\/\/jornalfatosenoticias.com.br\/index.php\/wp-json\/wp\/v2\/comments?post=6532"}],"version-history":[{"count":0,"href":"https:\/\/jornalfatosenoticias.com.br\/index.php\/wp-json\/wp\/v2\/posts\/6532\/revisions"}],"wp:featuredmedia":[{"embeddable":true,"href":"https:\/\/jornalfatosenoticias.com.br\/index.php\/wp-json\/wp\/v2\/media\/6534"}],"wp:attachment":[{"href":"https:\/\/jornalfatosenoticias.com.br\/index.php\/wp-json\/wp\/v2\/media?parent=6532"}],"wp:term":[{"taxonomy":"category","embeddable":true,"href":"https:\/\/jornalfatosenoticias.com.br\/index.php\/wp-json\/wp\/v2\/categories?post=6532"},{"taxonomy":"post_tag","embeddable":true,"href":"https:\/\/jornalfatosenoticias.com.br\/index.php\/wp-json\/wp\/v2\/tags?post=6532"}],"curies":[{"name":"wp","href":"https:\/\/api.w.org\/{rel}","templated":true}]}}