{"id":6536,"date":"2020-07-16T19:30:51","date_gmt":"2020-07-16T22:30:51","guid":{"rendered":"https:\/\/jornalfatosenoticias.com.br\/?p=6536"},"modified":"2020-07-16T19:30:55","modified_gmt":"2020-07-16T22:30:55","slug":"prefeito-da-serra-desrespeita-decreto-federal","status":"publish","type":"post","link":"https:\/\/jornalfatosenoticias.com.br\/index.php\/2020\/07\/16\/prefeito-da-serra-desrespeita-decreto-federal\/","title":{"rendered":"Prefeito da Serra desrespeita Decreto Federal"},"content":{"rendered":"\n<h6 class=\"wp-block-heading\"><em>Segundo moradores, que n\u00e3o quiseram se identificar, h\u00e1 tr\u00eas meses eles n\u00e3o recebem as cestas b\u00e1sicas garantidas por Decreto Federal<\/em><\/h6>\n\n\n\n<p>Moradores de Jardim Carapina procuram o Fatos &amp; Not\u00edcias para denunciarem medidas irrespons\u00e1veis do prefeito Audifax Barcelos por descumprir, segundo eles, o Decreto Federal 13.987, que autoriza todos os prefeitos e governadores a distribu\u00edrem kit de alimenta\u00e7\u00e3o ou minicesta b\u00e1sica para crian\u00e7as da rede de ensino municipal nesse momento de pandemia.<br>Segundo Miqu\u00e9ias Silva, morador e lideran\u00e7a da comunidade, j\u00e1 se passaram quatro meses de pandemia e as fam\u00edlias, que j\u00e1 deveriam ter recebido os kits-alimenta\u00e7\u00e3o, ainda n\u00e3o os receberam. A prefeitura forneceu o primeiro m\u00eas, depois, nunca mais, de acordo com os moradores.<br>Miqu\u00e9ias disse que vem sendo procurado por m\u00e3es que est\u00e3o passando necessidade e n\u00e3o est\u00e3o recebendo ajuda do governo municipal. \u201cEm fun\u00e7\u00e3o dessa insensibilidade do prefeito, para com nossas crian\u00e7as\/alunos, procurei os \u00f3rg\u00e3os competentes como a Secretaria Municipal de Educa\u00e7\u00e3o e, para minha surpresa, alegaram que foi aberta outra licita\u00e7\u00e3o para contrata\u00e7\u00e3o de uma nova empresa fornecedora desses mantimentos e, que, isso ocorreu porque o setor de nutri\u00e7\u00e3o da PMS pediu a substitui\u00e7\u00e3o do sal por outro alimento\u201d, afirma.<br>Para Miqu\u00e9ias, \u00e9 uma vergonha um prefeito, em final de mandato, tratar nossos alunos e nossas crian\u00e7as com tanto descaso.<\/p>\n\n\n\n<figure class=\"wp-block-image size-large\"><img loading=\"lazy\" decoding=\"async\" width=\"984\" height=\"553\" src=\"https:\/\/jornalfatosenoticias.com.br\/wp-content\/uploads\/2020\/07\/audifax-358.jpeg\" alt=\"\" class=\"wp-image-6537\" srcset=\"https:\/\/jornalfatosenoticias.com.br\/wp-content\/uploads\/2020\/07\/audifax-358.jpeg 984w, https:\/\/jornalfatosenoticias.com.br\/wp-content\/uploads\/2020\/07\/audifax-358-300x169.jpeg 300w, https:\/\/jornalfatosenoticias.com.br\/wp-content\/uploads\/2020\/07\/audifax-358-768x432.jpeg 768w\" sizes=\"auto, (max-width: 984px) 100vw, 984px\" \/><figcaption><em>Prefeito Audifax Barcelos (Foto: Reprodu\u00e7\u00e3o\/G1)<\/em><\/figcaption><\/figure>\n\n\n\n<h4 class=\"wp-block-heading\">Nota<\/h4>\n\n\n\n<p>A fome n\u00e3o espera! A reda\u00e7\u00e3o do Fatos &amp; Not\u00edcias n\u00e3o podia deixar de externar completo rep\u00fadio para mais uma das v\u00e1rias medidas irrespons\u00e1veis do prefeito Audifax Barcelos. Prefeito, n\u00e3o teria outro mecanismo que n\u00e3o a interrup\u00e7\u00e3o da distribui\u00e7\u00e3o dos kits, por tr\u00eas meses, por causa de uma substitui\u00e7\u00e3o do sal por outro produto nos kits? Senhor gestor, a fome n\u00e3o espera!<\/p>\n","protected":false},"excerpt":{"rendered":"<p>Segundo moradores, que n\u00e3o quiseram se identificar, h\u00e1 tr\u00eas meses eles n\u00e3o recebem as cestas b\u00e1sicas garantidas por Decreto Federal Moradores de Jardim Carapina procuram o Fatos &amp; Not\u00edcias para denunciarem medidas irrespons\u00e1veis do prefeito Audifax Barcelos por descumprir, segundo eles, o Decreto Federal 13.987, que autoriza todos os prefeitos e governadores a distribu\u00edrem kit [&hellip;]<\/p>\n","protected":false},"author":3,"featured_media":6538,"comment_status":"open","ping_status":"open","sticky":false,"template":"","format":"standard","meta":{"footnotes":""},"categories":[10],"tags":[1421,2246,3818],"class_list":["post-6536","post","type-post","status-publish","format-standard","has-post-thumbnail","hentry","category-politica","tag-audifax-barcelos","tag-descaso","tag-prefeito"],"yoast_head":"<!-- This site is optimized with the Yoast SEO plugin v26.5 - https:\/\/yoast.com\/wordpress\/plugins\/seo\/ -->\n<title>Prefeito da Serra desrespeita Decreto Federal - Jornal Fatos e Not\u00edcias<\/title>\n<meta name=\"robots\" content=\"index, follow, max-snippet:-1, max-image-preview:large, max-video-preview:-1\" \/>\n<link rel=\"canonical\" href=\"https:\/\/jornalfatosenoticias.com.br\/index.php\/2020\/07\/16\/prefeito-da-serra-desrespeita-decreto-federal\/\" \/>\n<meta property=\"og:locale\" content=\"pt_BR\" \/>\n<meta property=\"og:type\" content=\"article\" \/>\n<meta property=\"og:title\" content=\"Prefeito da Serra desrespeita Decreto Federal - Jornal Fatos e Not\u00edcias\" \/>\n<meta property=\"og:description\" content=\"Segundo moradores, que n\u00e3o quiseram se identificar, h\u00e1 tr\u00eas meses eles n\u00e3o recebem as cestas b\u00e1sicas garantidas por Decreto Federal Moradores de Jardim Carapina procuram o Fatos &amp; Not\u00edcias para denunciarem medidas irrespons\u00e1veis do prefeito Audifax Barcelos por descumprir, segundo eles, o Decreto Federal 13.987, que autoriza todos os prefeitos e governadores a distribu\u00edrem kit [&hellip;]\" \/>\n<meta property=\"og:url\" content=\"https:\/\/jornalfatosenoticias.com.br\/index.php\/2020\/07\/16\/prefeito-da-serra-desrespeita-decreto-federal\/\" \/>\n<meta property=\"og:site_name\" content=\"Jornal Fatos e Not\u00edcias\" \/>\n<meta property=\"article:published_time\" content=\"2020-07-16T22:30:51+00:00\" \/>\n<meta property=\"article:modified_time\" content=\"2020-07-16T22:30:55+00:00\" \/>\n<meta property=\"og:image\" content=\"https:\/\/jornalfatosenoticias.com.br\/wp-content\/uploads\/2020\/07\/Miqueias-358.jpg\" \/>\n\t<meta property=\"og:image:width\" content=\"1000\" \/>\n\t<meta property=\"og:image:height\" content=\"568\" \/>\n\t<meta property=\"og:image:type\" content=\"image\/jpeg\" \/>\n<meta name=\"author\" content=\"Haroldo Filho\" \/>\n<meta name=\"twitter:card\" content=\"summary_large_image\" \/>\n<meta name=\"twitter:label1\" content=\"Escrito por\" \/>\n\t<meta name=\"twitter:data1\" content=\"Haroldo Filho\" \/>\n\t<meta name=\"twitter:label2\" content=\"Est. tempo de leitura\" \/>\n\t<meta name=\"twitter:data2\" content=\"2 minutos\" \/>\n<script type=\"application\/ld+json\" class=\"yoast-schema-graph\">{\"@context\":\"https:\/\/schema.org\",\"@graph\":[{\"@type\":\"Article\",\"@id\":\"https:\/\/jornalfatosenoticias.com.br\/index.php\/2020\/07\/16\/prefeito-da-serra-desrespeita-decreto-federal\/#article\",\"isPartOf\":{\"@id\":\"https:\/\/jornalfatosenoticias.com.br\/index.php\/2020\/07\/16\/prefeito-da-serra-desrespeita-decreto-federal\/\"},\"author\":{\"name\":\"Haroldo Filho\",\"@id\":\"https:\/\/jornalfatosenoticias.com.br\/#\/schema\/person\/05c46cc25b42a5c27e004fb0fa6b4965\"},\"headline\":\"Prefeito da Serra desrespeita Decreto Federal\",\"datePublished\":\"2020-07-16T22:30:51+00:00\",\"dateModified\":\"2020-07-16T22:30:55+00:00\",\"mainEntityOfPage\":{\"@id\":\"https:\/\/jornalfatosenoticias.com.br\/index.php\/2020\/07\/16\/prefeito-da-serra-desrespeita-decreto-federal\/\"},\"wordCount\":333,\"commentCount\":0,\"publisher\":{\"@id\":\"https:\/\/jornalfatosenoticias.com.br\/#organization\"},\"image\":{\"@id\":\"https:\/\/jornalfatosenoticias.com.br\/index.php\/2020\/07\/16\/prefeito-da-serra-desrespeita-decreto-federal\/#primaryimage\"},\"thumbnailUrl\":\"https:\/\/jornalfatosenoticias.com.br\/wp-content\/uploads\/2020\/07\/Miqueias-358.jpg\",\"keywords\":[\"Audifax Barcelos\",\"descaso\",\"prefeito\"],\"articleSection\":[\"Pol\u00edtica\"],\"inLanguage\":\"pt-BR\",\"potentialAction\":[{\"@type\":\"CommentAction\",\"name\":\"Comment\",\"target\":[\"https:\/\/jornalfatosenoticias.com.br\/index.php\/2020\/07\/16\/prefeito-da-serra-desrespeita-decreto-federal\/#respond\"]}]},{\"@type\":\"WebPage\",\"@id\":\"https:\/\/jornalfatosenoticias.com.br\/index.php\/2020\/07\/16\/prefeito-da-serra-desrespeita-decreto-federal\/\",\"url\":\"https:\/\/jornalfatosenoticias.com.br\/index.php\/2020\/07\/16\/prefeito-da-serra-desrespeita-decreto-federal\/\",\"name\":\"Prefeito da Serra desrespeita Decreto Federal - Jornal Fatos e Not\u00edcias\",\"isPartOf\":{\"@id\":\"https:\/\/jornalfatosenoticias.com.br\/#website\"},\"primaryImageOfPage\":{\"@id\":\"https:\/\/jornalfatosenoticias.com.br\/index.php\/2020\/07\/16\/prefeito-da-serra-desrespeita-decreto-federal\/#primaryimage\"},\"image\":{\"@id\":\"https:\/\/jornalfatosenoticias.com.br\/index.php\/2020\/07\/16\/prefeito-da-serra-desrespeita-decreto-federal\/#primaryimage\"},\"thumbnailUrl\":\"https:\/\/jornalfatosenoticias.com.br\/wp-content\/uploads\/2020\/07\/Miqueias-358.jpg\",\"datePublished\":\"2020-07-16T22:30:51+00:00\",\"dateModified\":\"2020-07-16T22:30:55+00:00\",\"breadcrumb\":{\"@id\":\"https:\/\/jornalfatosenoticias.com.br\/index.php\/2020\/07\/16\/prefeito-da-serra-desrespeita-decreto-federal\/#breadcrumb\"},\"inLanguage\":\"pt-BR\",\"potentialAction\":[{\"@type\":\"ReadAction\",\"target\":[\"https:\/\/jornalfatosenoticias.com.br\/index.php\/2020\/07\/16\/prefeito-da-serra-desrespeita-decreto-federal\/\"]}]},{\"@type\":\"ImageObject\",\"inLanguage\":\"pt-BR\",\"@id\":\"https:\/\/jornalfatosenoticias.com.br\/index.php\/2020\/07\/16\/prefeito-da-serra-desrespeita-decreto-federal\/#primaryimage\",\"url\":\"https:\/\/jornalfatosenoticias.com.br\/wp-content\/uploads\/2020\/07\/Miqueias-358.jpg\",\"contentUrl\":\"https:\/\/jornalfatosenoticias.com.br\/wp-content\/uploads\/2020\/07\/Miqueias-358.jpg\",\"width\":1000,\"height\":568},{\"@type\":\"BreadcrumbList\",\"@id\":\"https:\/\/jornalfatosenoticias.com.br\/index.php\/2020\/07\/16\/prefeito-da-serra-desrespeita-decreto-federal\/#breadcrumb\",\"itemListElement\":[{\"@type\":\"ListItem\",\"position\":1,\"name\":\"In\u00edcio\",\"item\":\"https:\/\/jornalfatosenoticias.com.br\/\"},{\"@type\":\"ListItem\",\"position\":2,\"name\":\"Prefeito da Serra desrespeita Decreto Federal\"}]},{\"@type\":\"WebSite\",\"@id\":\"https:\/\/jornalfatosenoticias.com.br\/#website\",\"url\":\"https:\/\/jornalfatosenoticias.com.br\/\",\"name\":\"Jornal Fatos e Not\u00edcias\",\"description\":\"Not\u00edcias em geral\",\"publisher\":{\"@id\":\"https:\/\/jornalfatosenoticias.com.br\/#organization\"},\"potentialAction\":[{\"@type\":\"SearchAction\",\"target\":{\"@type\":\"EntryPoint\",\"urlTemplate\":\"https:\/\/jornalfatosenoticias.com.br\/?s={search_term_string}\"},\"query-input\":{\"@type\":\"PropertyValueSpecification\",\"valueRequired\":true,\"valueName\":\"search_term_string\"}}],\"inLanguage\":\"pt-BR\"},{\"@type\":\"Organization\",\"@id\":\"https:\/\/jornalfatosenoticias.com.br\/#organization\",\"name\":\"Jornal Fatos e Not\u00edcias\",\"url\":\"https:\/\/jornalfatosenoticias.com.br\/\",\"logo\":{\"@type\":\"ImageObject\",\"inLanguage\":\"pt-BR\",\"@id\":\"https:\/\/jornalfatosenoticias.com.br\/#\/schema\/logo\/image\/\",\"url\":\"https:\/\/jornalfatosenoticias.com.br\/wp-content\/uploads\/2020\/02\/logo120.png\",\"contentUrl\":\"https:\/\/jornalfatosenoticias.com.br\/wp-content\/uploads\/2020\/02\/logo120.png\",\"width\":1227,\"height\":120,\"caption\":\"Jornal Fatos e Not\u00edcias\"},\"image\":{\"@id\":\"https:\/\/jornalfatosenoticias.com.br\/#\/schema\/logo\/image\/\"}},{\"@type\":\"Person\",\"@id\":\"https:\/\/jornalfatosenoticias.com.br\/#\/schema\/person\/05c46cc25b42a5c27e004fb0fa6b4965\",\"name\":\"Haroldo Filho\",\"image\":{\"@type\":\"ImageObject\",\"inLanguage\":\"pt-BR\",\"@id\":\"https:\/\/jornalfatosenoticias.com.br\/#\/schema\/person\/image\/\",\"url\":\"https:\/\/jornalfatosenoticias.com.br\/wp-content\/uploads\/2025\/08\/WhatsApp-Image-2025-08-18-at-15.30.28-150x150.jpeg\",\"contentUrl\":\"https:\/\/jornalfatosenoticias.com.br\/wp-content\/uploads\/2025\/08\/WhatsApp-Image-2025-08-18-at-15.30.28-150x150.jpeg\",\"caption\":\"Haroldo Filho\"},\"description\":\"Jornalista \u2013 DRT: 0003818\/ES Coordenador-geral da ONG Educar para Crescer\",\"url\":\"https:\/\/jornalfatosenoticias.com.br\/index.php\/author\/haroldo\/\"}]}<\/script>\n<!-- \/ Yoast SEO plugin. -->","yoast_head_json":{"title":"Prefeito da Serra desrespeita Decreto Federal - Jornal Fatos e Not\u00edcias","robots":{"index":"index","follow":"follow","max-snippet":"max-snippet:-1","max-image-preview":"max-image-preview:large","max-video-preview":"max-video-preview:-1"},"canonical":"https:\/\/jornalfatosenoticias.com.br\/index.php\/2020\/07\/16\/prefeito-da-serra-desrespeita-decreto-federal\/","og_locale":"pt_BR","og_type":"article","og_title":"Prefeito da Serra desrespeita Decreto Federal - Jornal Fatos e Not\u00edcias","og_description":"Segundo moradores, que n\u00e3o quiseram se identificar, h\u00e1 tr\u00eas meses eles n\u00e3o recebem as cestas b\u00e1sicas garantidas por Decreto Federal Moradores de Jardim Carapina procuram o Fatos &amp; Not\u00edcias para denunciarem medidas irrespons\u00e1veis do prefeito Audifax Barcelos por descumprir, segundo eles, o Decreto Federal 13.987, que autoriza todos os prefeitos e governadores a distribu\u00edrem kit [&hellip;]","og_url":"https:\/\/jornalfatosenoticias.com.br\/index.php\/2020\/07\/16\/prefeito-da-serra-desrespeita-decreto-federal\/","og_site_name":"Jornal Fatos e Not\u00edcias","article_published_time":"2020-07-16T22:30:51+00:00","article_modified_time":"2020-07-16T22:30:55+00:00","og_image":[{"width":1000,"height":568,"url":"https:\/\/jornalfatosenoticias.com.br\/wp-content\/uploads\/2020\/07\/Miqueias-358.jpg","type":"image\/jpeg"}],"author":"Haroldo Filho","twitter_card":"summary_large_image","twitter_misc":{"Escrito por":"Haroldo Filho","Est. tempo de leitura":"2 minutos"},"schema":{"@context":"https:\/\/schema.org","@graph":[{"@type":"Article","@id":"https:\/\/jornalfatosenoticias.com.br\/index.php\/2020\/07\/16\/prefeito-da-serra-desrespeita-decreto-federal\/#article","isPartOf":{"@id":"https:\/\/jornalfatosenoticias.com.br\/index.php\/2020\/07\/16\/prefeito-da-serra-desrespeita-decreto-federal\/"},"author":{"name":"Haroldo Filho","@id":"https:\/\/jornalfatosenoticias.com.br\/#\/schema\/person\/05c46cc25b42a5c27e004fb0fa6b4965"},"headline":"Prefeito da Serra desrespeita Decreto Federal","datePublished":"2020-07-16T22:30:51+00:00","dateModified":"2020-07-16T22:30:55+00:00","mainEntityOfPage":{"@id":"https:\/\/jornalfatosenoticias.com.br\/index.php\/2020\/07\/16\/prefeito-da-serra-desrespeita-decreto-federal\/"},"wordCount":333,"commentCount":0,"publisher":{"@id":"https:\/\/jornalfatosenoticias.com.br\/#organization"},"image":{"@id":"https:\/\/jornalfatosenoticias.com.br\/index.php\/2020\/07\/16\/prefeito-da-serra-desrespeita-decreto-federal\/#primaryimage"},"thumbnailUrl":"https:\/\/jornalfatosenoticias.com.br\/wp-content\/uploads\/2020\/07\/Miqueias-358.jpg","keywords":["Audifax Barcelos","descaso","prefeito"],"articleSection":["Pol\u00edtica"],"inLanguage":"pt-BR","potentialAction":[{"@type":"CommentAction","name":"Comment","target":["https:\/\/jornalfatosenoticias.com.br\/index.php\/2020\/07\/16\/prefeito-da-serra-desrespeita-decreto-federal\/#respond"]}]},{"@type":"WebPage","@id":"https:\/\/jornalfatosenoticias.com.br\/index.php\/2020\/07\/16\/prefeito-da-serra-desrespeita-decreto-federal\/","url":"https:\/\/jornalfatosenoticias.com.br\/index.php\/2020\/07\/16\/prefeito-da-serra-desrespeita-decreto-federal\/","name":"Prefeito da Serra desrespeita Decreto Federal - Jornal Fatos e Not\u00edcias","isPartOf":{"@id":"https:\/\/jornalfatosenoticias.com.br\/#website"},"primaryImageOfPage":{"@id":"https:\/\/jornalfatosenoticias.com.br\/index.php\/2020\/07\/16\/prefeito-da-serra-desrespeita-decreto-federal\/#primaryimage"},"image":{"@id":"https:\/\/jornalfatosenoticias.com.br\/index.php\/2020\/07\/16\/prefeito-da-serra-desrespeita-decreto-federal\/#primaryimage"},"thumbnailUrl":"https:\/\/jornalfatosenoticias.com.br\/wp-content\/uploads\/2020\/07\/Miqueias-358.jpg","datePublished":"2020-07-16T22:30:51+00:00","dateModified":"2020-07-16T22:30:55+00:00","breadcrumb":{"@id":"https:\/\/jornalfatosenoticias.com.br\/index.php\/2020\/07\/16\/prefeito-da-serra-desrespeita-decreto-federal\/#breadcrumb"},"inLanguage":"pt-BR","potentialAction":[{"@type":"ReadAction","target":["https:\/\/jornalfatosenoticias.com.br\/index.php\/2020\/07\/16\/prefeito-da-serra-desrespeita-decreto-federal\/"]}]},{"@type":"ImageObject","inLanguage":"pt-BR","@id":"https:\/\/jornalfatosenoticias.com.br\/index.php\/2020\/07\/16\/prefeito-da-serra-desrespeita-decreto-federal\/#primaryimage","url":"https:\/\/jornalfatosenoticias.com.br\/wp-content\/uploads\/2020\/07\/Miqueias-358.jpg","contentUrl":"https:\/\/jornalfatosenoticias.com.br\/wp-content\/uploads\/2020\/07\/Miqueias-358.jpg","width":1000,"height":568},{"@type":"BreadcrumbList","@id":"https:\/\/jornalfatosenoticias.com.br\/index.php\/2020\/07\/16\/prefeito-da-serra-desrespeita-decreto-federal\/#breadcrumb","itemListElement":[{"@type":"ListItem","position":1,"name":"In\u00edcio","item":"https:\/\/jornalfatosenoticias.com.br\/"},{"@type":"ListItem","position":2,"name":"Prefeito da Serra desrespeita Decreto Federal"}]},{"@type":"WebSite","@id":"https:\/\/jornalfatosenoticias.com.br\/#website","url":"https:\/\/jornalfatosenoticias.com.br\/","name":"Jornal Fatos e Not\u00edcias","description":"Not\u00edcias em geral","publisher":{"@id":"https:\/\/jornalfatosenoticias.com.br\/#organization"},"potentialAction":[{"@type":"SearchAction","target":{"@type":"EntryPoint","urlTemplate":"https:\/\/jornalfatosenoticias.com.br\/?s={search_term_string}"},"query-input":{"@type":"PropertyValueSpecification","valueRequired":true,"valueName":"search_term_string"}}],"inLanguage":"pt-BR"},{"@type":"Organization","@id":"https:\/\/jornalfatosenoticias.com.br\/#organization","name":"Jornal Fatos e Not\u00edcias","url":"https:\/\/jornalfatosenoticias.com.br\/","logo":{"@type":"ImageObject","inLanguage":"pt-BR","@id":"https:\/\/jornalfatosenoticias.com.br\/#\/schema\/logo\/image\/","url":"https:\/\/jornalfatosenoticias.com.br\/wp-content\/uploads\/2020\/02\/logo120.png","contentUrl":"https:\/\/jornalfatosenoticias.com.br\/wp-content\/uploads\/2020\/02\/logo120.png","width":1227,"height":120,"caption":"Jornal Fatos e Not\u00edcias"},"image":{"@id":"https:\/\/jornalfatosenoticias.com.br\/#\/schema\/logo\/image\/"}},{"@type":"Person","@id":"https:\/\/jornalfatosenoticias.com.br\/#\/schema\/person\/05c46cc25b42a5c27e004fb0fa6b4965","name":"Haroldo Filho","image":{"@type":"ImageObject","inLanguage":"pt-BR","@id":"https:\/\/jornalfatosenoticias.com.br\/#\/schema\/person\/image\/","url":"https:\/\/jornalfatosenoticias.com.br\/wp-content\/uploads\/2025\/08\/WhatsApp-Image-2025-08-18-at-15.30.28-150x150.jpeg","contentUrl":"https:\/\/jornalfatosenoticias.com.br\/wp-content\/uploads\/2025\/08\/WhatsApp-Image-2025-08-18-at-15.30.28-150x150.jpeg","caption":"Haroldo Filho"},"description":"Jornalista \u2013 DRT: 0003818\/ES Coordenador-geral da ONG Educar para Crescer","url":"https:\/\/jornalfatosenoticias.com.br\/index.php\/author\/haroldo\/"}]}},"cc_featured_image_caption":{"caption_text":"Miqu\u00e9ias Silva","source_text":"","source_url":""},"jetpack_featured_media_url":"https:\/\/jornalfatosenoticias.com.br\/wp-content\/uploads\/2020\/07\/Miqueias-358.jpg","_links":{"self":[{"href":"https:\/\/jornalfatosenoticias.com.br\/index.php\/wp-json\/wp\/v2\/posts\/6536","targetHints":{"allow":["GET"]}}],"collection":[{"href":"https:\/\/jornalfatosenoticias.com.br\/index.php\/wp-json\/wp\/v2\/posts"}],"about":[{"href":"https:\/\/jornalfatosenoticias.com.br\/index.php\/wp-json\/wp\/v2\/types\/post"}],"author":[{"embeddable":true,"href":"https:\/\/jornalfatosenoticias.com.br\/index.php\/wp-json\/wp\/v2\/users\/3"}],"replies":[{"embeddable":true,"href":"https:\/\/jornalfatosenoticias.com.br\/index.php\/wp-json\/wp\/v2\/comments?post=6536"}],"version-history":[{"count":0,"href":"https:\/\/jornalfatosenoticias.com.br\/index.php\/wp-json\/wp\/v2\/posts\/6536\/revisions"}],"wp:featuredmedia":[{"embeddable":true,"href":"https:\/\/jornalfatosenoticias.com.br\/index.php\/wp-json\/wp\/v2\/media\/6538"}],"wp:attachment":[{"href":"https:\/\/jornalfatosenoticias.com.br\/index.php\/wp-json\/wp\/v2\/media?parent=6536"}],"wp:term":[{"taxonomy":"category","embeddable":true,"href":"https:\/\/jornalfatosenoticias.com.br\/index.php\/wp-json\/wp\/v2\/categories?post=6536"},{"taxonomy":"post_tag","embeddable":true,"href":"https:\/\/jornalfatosenoticias.com.br\/index.php\/wp-json\/wp\/v2\/tags?post=6536"}],"curies":[{"name":"wp","href":"https:\/\/api.w.org\/{rel}","templated":true}]}}