{"id":6543,"date":"2020-07-16T19:38:58","date_gmt":"2020-07-16T22:38:58","guid":{"rendered":"https:\/\/jornalfatosenoticias.com.br\/?p=6543"},"modified":"2020-07-16T19:39:03","modified_gmt":"2020-07-16T22:39:03","slug":"com-atraso-brasil-se-aproxima-de-meta-de-alfabetizacao-de-2015","status":"publish","type":"post","link":"https:\/\/jornalfatosenoticias.com.br\/index.php\/2020\/07\/16\/com-atraso-brasil-se-aproxima-de-meta-de-alfabetizacao-de-2015\/","title":{"rendered":"Com atraso, Brasil se aproxima de meta de alfabetiza\u00e7\u00e3o de 2015"},"content":{"rendered":"\n<p>O Brasil se aproxima de cumprir uma meta de alfabetiza\u00e7\u00e3o estabelecida pelo Plano Nacional de Educa\u00e7\u00e3o (PNE), por\u00e9m com quatro anos de atraso. Em 2019, a taxa de brasileiros com 15 anos ou mais que n\u00e3o sabiam ler ou escrever um bilhete simples ficou em 6,6% \u2014 percentual que fica pr\u00f3ximo dos 6,5% que deveriam ter sido cumpridos em 2015, mas que ainda n\u00e3o chega a esse objetivo.<br>Os dados fazem parte da Pesquisa Nacional por Amostra de Domic\u00edlio (Pnad) Cont\u00ednua Educa\u00e7\u00e3o 2019, divulgada na quarta-feira (15) pelo Instituto Brasileiro de Geografia e Estat\u00edstica (IBGE). Segundo a pesquisa, o Pa\u00eds ainda tem 11 milh\u00f5es de analfabetos, apesar de pouco mais de 200 mil pessoas terem deixado essa estat\u00edstica de 2018 para 2019.<br>&#8220;Estamos muito pr\u00f3ximos da meta (do PNE), s\u00f3 que era para ela ter sido alcan\u00e7ada em 2015. Chegamos em 2019 com 0,1 ponto percentual abaixo desse alvo&#8221;, diz Adriana Beringuy, pesquisadora do IBGE.<br>Em meio a esse atraso, o Brasil tem um desafio ainda maior \u00e0 frente: a erradica\u00e7\u00e3o do analfabetismo, prevista pelo PNE para acontecer at\u00e9 2024 \u2014 isto \u00e9, daqui a outros quatro anos. Para isso, no entanto, ser\u00e1 preciso enfrentar uma s\u00e9rie de desigualdades et\u00e1rias, raciais e regionais.<br>A maior quantidade de analfabetos est\u00e1 na popula\u00e7\u00e3o com mais de 60 anos. S\u00e3o quase seis milh\u00f5es de pessoas idosas nessa condi\u00e7\u00e3o \u2014 o que equivale a uma taxa de analfabetismo de 18%, quase tr\u00eas vezes mais do que o observado para a popula\u00e7\u00e3o com mais de 15 anos. O percentual \u00e9 o mesmo para homens e mulheres.<br>O analfabetismo cresce \u00e0 medida que se coloca uma lupa sobre os grupos de pessoas mais velhas, mostram os dados da Pnad. Se a taxa \u00e9 de 6,6% para brasileiros com 15 anos ou mais, ela chega a 7,9% para a popula\u00e7\u00e3o com 25 anos ou mais e a 11,1% para aqueles com 40 anos ou mais, at\u00e9 finalmente alcan\u00e7ar 18% entre os brasileiros com mais de 60 anos.<br>A pesquisadora do IBGE defende a necessidade de pol\u00edticas p\u00fablicas focadas para esse grupo et\u00e1rio. &#8220;O processo de alfabetiza\u00e7\u00e3o nos grupos mais velhos requer um esfor\u00e7o maior&#8221;, afirma Beringuy, que destaca: &#8220;Mais da metade [dos analfabetos] est\u00e1 nesse contingente de pessoas com mais de 60 anos, que ao longo da vida tiveram uma trajet\u00f3ria educacional prejudicada&#8221;.<\/p>\n\n\n\n<figure class=\"wp-block-image size-large\"><img loading=\"lazy\" decoding=\"async\" width=\"712\" height=\"350\" src=\"https:\/\/jornalfatosenoticias.com.br\/wp-content\/uploads\/2020\/07\/mec-lanca-estrategia-melhorar-alfabetizacao-noticias.jpg\" alt=\"\" class=\"wp-image-6544\" srcset=\"https:\/\/jornalfatosenoticias.com.br\/wp-content\/uploads\/2020\/07\/mec-lanca-estrategia-melhorar-alfabetizacao-noticias.jpg 712w, https:\/\/jornalfatosenoticias.com.br\/wp-content\/uploads\/2020\/07\/mec-lanca-estrategia-melhorar-alfabetizacao-noticias-300x147.jpg 300w\" sizes=\"auto, (max-width: 712px) 100vw, 712px\" \/><figcaption><em>O Pa\u00eds ainda tem 11 milh\u00f5es de analfabetos (Foto: Shutterstock)<\/em><\/figcaption><\/figure>\n\n\n\n<p>J\u00e1 com taxas elevadas de analfabetismo, o Nordeste foi a \u00fanica regi\u00e3o do pa\u00eds a n\u00e3o apresentar queda no percentual de pessoas com 15 anos ou mais que n\u00e3o sabem ler ou escrever.<br>De 2018 para 2019, esse \u00edndice passou de 13,87% para 13,90% na regi\u00e3o. No Norte, por exemplo, a taxa caiu de 7,98% para 7,60%. Entre as regi\u00f5es brasileiras, o Nordeste tem tamb\u00e9m a maior taxa de analfabetismo, que \u00e9 quatro vezes maior que os \u00edndices observados no Sul e no Sudeste, ambos com 3,30%.<br>Em 2019, a m\u00e9dia de anos de estudo dos brasileiros de 25 anos ou mais foi de 9,4 anos. As menores m\u00e9dias regionais est\u00e3o no Norte (8,9) e no Nordeste (8,1). O Sudeste teve a maior m\u00e9dia, que chegou a 10,1 anos.<br>H\u00e1 ainda diferen\u00e7as entre homens e mulheres. Entre elas, o n\u00famero m\u00e9dio de anos de estudo foi de 9,6 anos, enquanto para os homens foi de 9,2 anos.<\/p>\n\n\n\n<p><strong><em>Fonte:<\/em><\/strong> <strong><em><a href=\"https:\/\/educacao.uol.com.br\/noticias\/2020\/07\/15\/com-atraso-brasil-se-aproxima-de-meta-de-alfabetizacao-de-2015.htm#:~:text=Com%20atraso%2C%20Brasil%20se%20aproxima%20de%20meta%20de%20alfabetiza%C3%A7%C3%A3o%20de%202015,-Meta%20para%202015&amp;text=A%20maior%20quantidade%20de%20analfabetos,com%20mais%20de%2015%20anos\">Educa\u00e7\u00e3o UOL<\/a><\/em><\/strong><\/p>\n","protected":false},"excerpt":{"rendered":"<p>O Brasil se aproxima de cumprir uma meta de alfabetiza\u00e7\u00e3o estabelecida pelo Plano Nacional de Educa\u00e7\u00e3o (PNE), por\u00e9m com quatro anos de atraso. Em 2019, a taxa de brasileiros com 15 anos ou mais que n\u00e3o sabiam ler ou escrever um bilhete simples ficou em 6,6% \u2014 percentual que fica pr\u00f3ximo dos 6,5% que deveriam [&hellip;]<\/p>\n","protected":false},"author":2,"featured_media":6545,"comment_status":"open","ping_status":"open","sticky":false,"template":"","format":"standard","meta":{"footnotes":""},"categories":[7],"tags":[3821,3822,3824,3823],"class_list":["post-6543","post","type-post","status-publish","format-standard","has-post-thumbnail","hentry","category-educacao","tag-alfabetizacao","tag-analfabetismo","tag-indices","tag-pne"],"yoast_head":"<!-- This site is optimized with the Yoast SEO plugin v26.5 - https:\/\/yoast.com\/wordpress\/plugins\/seo\/ -->\n<title>Com atraso, Brasil se aproxima de meta de alfabetiza\u00e7\u00e3o de 2015 - Jornal Fatos e Not\u00edcias<\/title>\n<meta name=\"robots\" content=\"index, follow, max-snippet:-1, max-image-preview:large, max-video-preview:-1\" \/>\n<link rel=\"canonical\" href=\"https:\/\/jornalfatosenoticias.com.br\/index.php\/2020\/07\/16\/com-atraso-brasil-se-aproxima-de-meta-de-alfabetizacao-de-2015\/\" \/>\n<meta property=\"og:locale\" content=\"pt_BR\" \/>\n<meta property=\"og:type\" content=\"article\" \/>\n<meta property=\"og:title\" content=\"Com atraso, Brasil se aproxima de meta de alfabetiza\u00e7\u00e3o de 2015 - Jornal Fatos e Not\u00edcias\" \/>\n<meta property=\"og:description\" content=\"O Brasil se aproxima de cumprir uma meta de alfabetiza\u00e7\u00e3o estabelecida pelo Plano Nacional de Educa\u00e7\u00e3o (PNE), por\u00e9m com quatro anos de atraso. Em 2019, a taxa de brasileiros com 15 anos ou mais que n\u00e3o sabiam ler ou escrever um bilhete simples ficou em 6,6% \u2014 percentual que fica pr\u00f3ximo dos 6,5% que deveriam [&hellip;]\" \/>\n<meta property=\"og:url\" content=\"https:\/\/jornalfatosenoticias.com.br\/index.php\/2020\/07\/16\/com-atraso-brasil-se-aproxima-de-meta-de-alfabetizacao-de-2015\/\" \/>\n<meta property=\"og:site_name\" content=\"Jornal Fatos e Not\u00edcias\" \/>\n<meta property=\"article:published_time\" content=\"2020-07-16T22:38:58+00:00\" \/>\n<meta property=\"article:modified_time\" content=\"2020-07-16T22:39:03+00:00\" \/>\n<meta property=\"og:image\" content=\"https:\/\/jornalfatosenoticias.com.br\/wp-content\/uploads\/2020\/07\/aluno-quadro-negro-escola-publica-ensino-infantil-crianca-pre-adolescente-educacao-lousa-giz-.jpg\" \/>\n\t<meta property=\"og:image:width\" content=\"1000\" \/>\n\t<meta property=\"og:image:height\" content=\"487\" \/>\n\t<meta property=\"og:image:type\" content=\"image\/jpeg\" \/>\n<meta name=\"author\" content=\"Luzimara Fernandes\" \/>\n<meta name=\"twitter:card\" content=\"summary_large_image\" \/>\n<meta name=\"twitter:label1\" content=\"Escrito por\" \/>\n\t<meta name=\"twitter:data1\" content=\"Luzimara Fernandes\" \/>\n\t<meta name=\"twitter:label2\" content=\"Est. tempo de leitura\" \/>\n\t<meta name=\"twitter:data2\" content=\"3 minutos\" \/>\n<script type=\"application\/ld+json\" class=\"yoast-schema-graph\">{\"@context\":\"https:\/\/schema.org\",\"@graph\":[{\"@type\":\"Article\",\"@id\":\"https:\/\/jornalfatosenoticias.com.br\/index.php\/2020\/07\/16\/com-atraso-brasil-se-aproxima-de-meta-de-alfabetizacao-de-2015\/#article\",\"isPartOf\":{\"@id\":\"https:\/\/jornalfatosenoticias.com.br\/index.php\/2020\/07\/16\/com-atraso-brasil-se-aproxima-de-meta-de-alfabetizacao-de-2015\/\"},\"author\":{\"name\":\"Luzimara Fernandes\",\"@id\":\"https:\/\/jornalfatosenoticias.com.br\/#\/schema\/person\/d63837fa13ac8666eb9e74e0985d6f81\"},\"headline\":\"Com atraso, Brasil se aproxima de meta de alfabetiza\u00e7\u00e3o de 2015\",\"datePublished\":\"2020-07-16T22:38:58+00:00\",\"dateModified\":\"2020-07-16T22:39:03+00:00\",\"mainEntityOfPage\":{\"@id\":\"https:\/\/jornalfatosenoticias.com.br\/index.php\/2020\/07\/16\/com-atraso-brasil-se-aproxima-de-meta-de-alfabetizacao-de-2015\/\"},\"wordCount\":563,\"commentCount\":0,\"publisher\":{\"@id\":\"https:\/\/jornalfatosenoticias.com.br\/#organization\"},\"image\":{\"@id\":\"https:\/\/jornalfatosenoticias.com.br\/index.php\/2020\/07\/16\/com-atraso-brasil-se-aproxima-de-meta-de-alfabetizacao-de-2015\/#primaryimage\"},\"thumbnailUrl\":\"https:\/\/jornalfatosenoticias.com.br\/wp-content\/uploads\/2020\/07\/aluno-quadro-negro-escola-publica-ensino-infantil-crianca-pre-adolescente-educacao-lousa-giz-.jpg\",\"keywords\":[\"alfabetiza\u00e7\u00e3o\",\"analfabetismo\",\"\u00edndices\",\"PNE\"],\"articleSection\":[\"Educa\u00e7\u00e3o\"],\"inLanguage\":\"pt-BR\",\"potentialAction\":[{\"@type\":\"CommentAction\",\"name\":\"Comment\",\"target\":[\"https:\/\/jornalfatosenoticias.com.br\/index.php\/2020\/07\/16\/com-atraso-brasil-se-aproxima-de-meta-de-alfabetizacao-de-2015\/#respond\"]}]},{\"@type\":\"WebPage\",\"@id\":\"https:\/\/jornalfatosenoticias.com.br\/index.php\/2020\/07\/16\/com-atraso-brasil-se-aproxima-de-meta-de-alfabetizacao-de-2015\/\",\"url\":\"https:\/\/jornalfatosenoticias.com.br\/index.php\/2020\/07\/16\/com-atraso-brasil-se-aproxima-de-meta-de-alfabetizacao-de-2015\/\",\"name\":\"Com atraso, Brasil se aproxima de meta de alfabetiza\u00e7\u00e3o de 2015 - Jornal Fatos e Not\u00edcias\",\"isPartOf\":{\"@id\":\"https:\/\/jornalfatosenoticias.com.br\/#website\"},\"primaryImageOfPage\":{\"@id\":\"https:\/\/jornalfatosenoticias.com.br\/index.php\/2020\/07\/16\/com-atraso-brasil-se-aproxima-de-meta-de-alfabetizacao-de-2015\/#primaryimage\"},\"image\":{\"@id\":\"https:\/\/jornalfatosenoticias.com.br\/index.php\/2020\/07\/16\/com-atraso-brasil-se-aproxima-de-meta-de-alfabetizacao-de-2015\/#primaryimage\"},\"thumbnailUrl\":\"https:\/\/jornalfatosenoticias.com.br\/wp-content\/uploads\/2020\/07\/aluno-quadro-negro-escola-publica-ensino-infantil-crianca-pre-adolescente-educacao-lousa-giz-.jpg\",\"datePublished\":\"2020-07-16T22:38:58+00:00\",\"dateModified\":\"2020-07-16T22:39:03+00:00\",\"breadcrumb\":{\"@id\":\"https:\/\/jornalfatosenoticias.com.br\/index.php\/2020\/07\/16\/com-atraso-brasil-se-aproxima-de-meta-de-alfabetizacao-de-2015\/#breadcrumb\"},\"inLanguage\":\"pt-BR\",\"potentialAction\":[{\"@type\":\"ReadAction\",\"target\":[\"https:\/\/jornalfatosenoticias.com.br\/index.php\/2020\/07\/16\/com-atraso-brasil-se-aproxima-de-meta-de-alfabetizacao-de-2015\/\"]}]},{\"@type\":\"ImageObject\",\"inLanguage\":\"pt-BR\",\"@id\":\"https:\/\/jornalfatosenoticias.com.br\/index.php\/2020\/07\/16\/com-atraso-brasil-se-aproxima-de-meta-de-alfabetizacao-de-2015\/#primaryimage\",\"url\":\"https:\/\/jornalfatosenoticias.com.br\/wp-content\/uploads\/2020\/07\/aluno-quadro-negro-escola-publica-ensino-infantil-crianca-pre-adolescente-educacao-lousa-giz-.jpg\",\"contentUrl\":\"https:\/\/jornalfatosenoticias.com.br\/wp-content\/uploads\/2020\/07\/aluno-quadro-negro-escola-publica-ensino-infantil-crianca-pre-adolescente-educacao-lousa-giz-.jpg\",\"width\":1000,\"height\":487},{\"@type\":\"BreadcrumbList\",\"@id\":\"https:\/\/jornalfatosenoticias.com.br\/index.php\/2020\/07\/16\/com-atraso-brasil-se-aproxima-de-meta-de-alfabetizacao-de-2015\/#breadcrumb\",\"itemListElement\":[{\"@type\":\"ListItem\",\"position\":1,\"name\":\"In\u00edcio\",\"item\":\"https:\/\/jornalfatosenoticias.com.br\/\"},{\"@type\":\"ListItem\",\"position\":2,\"name\":\"Com atraso, Brasil se aproxima de meta de alfabetiza\u00e7\u00e3o de 2015\"}]},{\"@type\":\"WebSite\",\"@id\":\"https:\/\/jornalfatosenoticias.com.br\/#website\",\"url\":\"https:\/\/jornalfatosenoticias.com.br\/\",\"name\":\"Jornal Fatos e Not\u00edcias\",\"description\":\"Not\u00edcias em geral\",\"publisher\":{\"@id\":\"https:\/\/jornalfatosenoticias.com.br\/#organization\"},\"potentialAction\":[{\"@type\":\"SearchAction\",\"target\":{\"@type\":\"EntryPoint\",\"urlTemplate\":\"https:\/\/jornalfatosenoticias.com.br\/?s={search_term_string}\"},\"query-input\":{\"@type\":\"PropertyValueSpecification\",\"valueRequired\":true,\"valueName\":\"search_term_string\"}}],\"inLanguage\":\"pt-BR\"},{\"@type\":\"Organization\",\"@id\":\"https:\/\/jornalfatosenoticias.com.br\/#organization\",\"name\":\"Jornal Fatos e Not\u00edcias\",\"url\":\"https:\/\/jornalfatosenoticias.com.br\/\",\"logo\":{\"@type\":\"ImageObject\",\"inLanguage\":\"pt-BR\",\"@id\":\"https:\/\/jornalfatosenoticias.com.br\/#\/schema\/logo\/image\/\",\"url\":\"https:\/\/jornalfatosenoticias.com.br\/wp-content\/uploads\/2020\/02\/logo120.png\",\"contentUrl\":\"https:\/\/jornalfatosenoticias.com.br\/wp-content\/uploads\/2020\/02\/logo120.png\",\"width\":1227,\"height\":120,\"caption\":\"Jornal Fatos e Not\u00edcias\"},\"image\":{\"@id\":\"https:\/\/jornalfatosenoticias.com.br\/#\/schema\/logo\/image\/\"}},{\"@type\":\"Person\",\"@id\":\"https:\/\/jornalfatosenoticias.com.br\/#\/schema\/person\/d63837fa13ac8666eb9e74e0985d6f81\",\"name\":\"Luzimara Fernandes\",\"image\":{\"@type\":\"ImageObject\",\"inLanguage\":\"pt-BR\",\"@id\":\"https:\/\/jornalfatosenoticias.com.br\/#\/schema\/person\/image\/\",\"url\":\"https:\/\/jornalfatosenoticias.com.br\/wp-content\/uploads\/2025\/05\/EU_portal.jpg\",\"contentUrl\":\"https:\/\/jornalfatosenoticias.com.br\/wp-content\/uploads\/2025\/05\/EU_portal.jpg\",\"caption\":\"Luzimara Fernandes\"},\"description\":\"Jornalista MTB 2358-ES\",\"sameAs\":[\"https:\/\/jornalfatosenoticias.com.br\"],\"url\":\"https:\/\/jornalfatosenoticias.com.br\/index.php\/author\/luzimara\/\"}]}<\/script>\n<!-- \/ Yoast SEO plugin. -->","yoast_head_json":{"title":"Com atraso, Brasil se aproxima de meta de alfabetiza\u00e7\u00e3o de 2015 - Jornal Fatos e Not\u00edcias","robots":{"index":"index","follow":"follow","max-snippet":"max-snippet:-1","max-image-preview":"max-image-preview:large","max-video-preview":"max-video-preview:-1"},"canonical":"https:\/\/jornalfatosenoticias.com.br\/index.php\/2020\/07\/16\/com-atraso-brasil-se-aproxima-de-meta-de-alfabetizacao-de-2015\/","og_locale":"pt_BR","og_type":"article","og_title":"Com atraso, Brasil se aproxima de meta de alfabetiza\u00e7\u00e3o de 2015 - Jornal Fatos e Not\u00edcias","og_description":"O Brasil se aproxima de cumprir uma meta de alfabetiza\u00e7\u00e3o estabelecida pelo Plano Nacional de Educa\u00e7\u00e3o (PNE), por\u00e9m com quatro anos de atraso. Em 2019, a taxa de brasileiros com 15 anos ou mais que n\u00e3o sabiam ler ou escrever um bilhete simples ficou em 6,6% \u2014 percentual que fica pr\u00f3ximo dos 6,5% que deveriam [&hellip;]","og_url":"https:\/\/jornalfatosenoticias.com.br\/index.php\/2020\/07\/16\/com-atraso-brasil-se-aproxima-de-meta-de-alfabetizacao-de-2015\/","og_site_name":"Jornal Fatos e Not\u00edcias","article_published_time":"2020-07-16T22:38:58+00:00","article_modified_time":"2020-07-16T22:39:03+00:00","og_image":[{"width":1000,"height":487,"url":"https:\/\/jornalfatosenoticias.com.br\/wp-content\/uploads\/2020\/07\/aluno-quadro-negro-escola-publica-ensino-infantil-crianca-pre-adolescente-educacao-lousa-giz-.jpg","type":"image\/jpeg"}],"author":"Luzimara Fernandes","twitter_card":"summary_large_image","twitter_misc":{"Escrito por":"Luzimara Fernandes","Est. tempo de leitura":"3 minutos"},"schema":{"@context":"https:\/\/schema.org","@graph":[{"@type":"Article","@id":"https:\/\/jornalfatosenoticias.com.br\/index.php\/2020\/07\/16\/com-atraso-brasil-se-aproxima-de-meta-de-alfabetizacao-de-2015\/#article","isPartOf":{"@id":"https:\/\/jornalfatosenoticias.com.br\/index.php\/2020\/07\/16\/com-atraso-brasil-se-aproxima-de-meta-de-alfabetizacao-de-2015\/"},"author":{"name":"Luzimara Fernandes","@id":"https:\/\/jornalfatosenoticias.com.br\/#\/schema\/person\/d63837fa13ac8666eb9e74e0985d6f81"},"headline":"Com atraso, Brasil se aproxima de meta de alfabetiza\u00e7\u00e3o de 2015","datePublished":"2020-07-16T22:38:58+00:00","dateModified":"2020-07-16T22:39:03+00:00","mainEntityOfPage":{"@id":"https:\/\/jornalfatosenoticias.com.br\/index.php\/2020\/07\/16\/com-atraso-brasil-se-aproxima-de-meta-de-alfabetizacao-de-2015\/"},"wordCount":563,"commentCount":0,"publisher":{"@id":"https:\/\/jornalfatosenoticias.com.br\/#organization"},"image":{"@id":"https:\/\/jornalfatosenoticias.com.br\/index.php\/2020\/07\/16\/com-atraso-brasil-se-aproxima-de-meta-de-alfabetizacao-de-2015\/#primaryimage"},"thumbnailUrl":"https:\/\/jornalfatosenoticias.com.br\/wp-content\/uploads\/2020\/07\/aluno-quadro-negro-escola-publica-ensino-infantil-crianca-pre-adolescente-educacao-lousa-giz-.jpg","keywords":["alfabetiza\u00e7\u00e3o","analfabetismo","\u00edndices","PNE"],"articleSection":["Educa\u00e7\u00e3o"],"inLanguage":"pt-BR","potentialAction":[{"@type":"CommentAction","name":"Comment","target":["https:\/\/jornalfatosenoticias.com.br\/index.php\/2020\/07\/16\/com-atraso-brasil-se-aproxima-de-meta-de-alfabetizacao-de-2015\/#respond"]}]},{"@type":"WebPage","@id":"https:\/\/jornalfatosenoticias.com.br\/index.php\/2020\/07\/16\/com-atraso-brasil-se-aproxima-de-meta-de-alfabetizacao-de-2015\/","url":"https:\/\/jornalfatosenoticias.com.br\/index.php\/2020\/07\/16\/com-atraso-brasil-se-aproxima-de-meta-de-alfabetizacao-de-2015\/","name":"Com atraso, Brasil se aproxima de meta de alfabetiza\u00e7\u00e3o de 2015 - Jornal Fatos e Not\u00edcias","isPartOf":{"@id":"https:\/\/jornalfatosenoticias.com.br\/#website"},"primaryImageOfPage":{"@id":"https:\/\/jornalfatosenoticias.com.br\/index.php\/2020\/07\/16\/com-atraso-brasil-se-aproxima-de-meta-de-alfabetizacao-de-2015\/#primaryimage"},"image":{"@id":"https:\/\/jornalfatosenoticias.com.br\/index.php\/2020\/07\/16\/com-atraso-brasil-se-aproxima-de-meta-de-alfabetizacao-de-2015\/#primaryimage"},"thumbnailUrl":"https:\/\/jornalfatosenoticias.com.br\/wp-content\/uploads\/2020\/07\/aluno-quadro-negro-escola-publica-ensino-infantil-crianca-pre-adolescente-educacao-lousa-giz-.jpg","datePublished":"2020-07-16T22:38:58+00:00","dateModified":"2020-07-16T22:39:03+00:00","breadcrumb":{"@id":"https:\/\/jornalfatosenoticias.com.br\/index.php\/2020\/07\/16\/com-atraso-brasil-se-aproxima-de-meta-de-alfabetizacao-de-2015\/#breadcrumb"},"inLanguage":"pt-BR","potentialAction":[{"@type":"ReadAction","target":["https:\/\/jornalfatosenoticias.com.br\/index.php\/2020\/07\/16\/com-atraso-brasil-se-aproxima-de-meta-de-alfabetizacao-de-2015\/"]}]},{"@type":"ImageObject","inLanguage":"pt-BR","@id":"https:\/\/jornalfatosenoticias.com.br\/index.php\/2020\/07\/16\/com-atraso-brasil-se-aproxima-de-meta-de-alfabetizacao-de-2015\/#primaryimage","url":"https:\/\/jornalfatosenoticias.com.br\/wp-content\/uploads\/2020\/07\/aluno-quadro-negro-escola-publica-ensino-infantil-crianca-pre-adolescente-educacao-lousa-giz-.jpg","contentUrl":"https:\/\/jornalfatosenoticias.com.br\/wp-content\/uploads\/2020\/07\/aluno-quadro-negro-escola-publica-ensino-infantil-crianca-pre-adolescente-educacao-lousa-giz-.jpg","width":1000,"height":487},{"@type":"BreadcrumbList","@id":"https:\/\/jornalfatosenoticias.com.br\/index.php\/2020\/07\/16\/com-atraso-brasil-se-aproxima-de-meta-de-alfabetizacao-de-2015\/#breadcrumb","itemListElement":[{"@type":"ListItem","position":1,"name":"In\u00edcio","item":"https:\/\/jornalfatosenoticias.com.br\/"},{"@type":"ListItem","position":2,"name":"Com atraso, Brasil se aproxima de meta de alfabetiza\u00e7\u00e3o de 2015"}]},{"@type":"WebSite","@id":"https:\/\/jornalfatosenoticias.com.br\/#website","url":"https:\/\/jornalfatosenoticias.com.br\/","name":"Jornal Fatos e Not\u00edcias","description":"Not\u00edcias em geral","publisher":{"@id":"https:\/\/jornalfatosenoticias.com.br\/#organization"},"potentialAction":[{"@type":"SearchAction","target":{"@type":"EntryPoint","urlTemplate":"https:\/\/jornalfatosenoticias.com.br\/?s={search_term_string}"},"query-input":{"@type":"PropertyValueSpecification","valueRequired":true,"valueName":"search_term_string"}}],"inLanguage":"pt-BR"},{"@type":"Organization","@id":"https:\/\/jornalfatosenoticias.com.br\/#organization","name":"Jornal Fatos e Not\u00edcias","url":"https:\/\/jornalfatosenoticias.com.br\/","logo":{"@type":"ImageObject","inLanguage":"pt-BR","@id":"https:\/\/jornalfatosenoticias.com.br\/#\/schema\/logo\/image\/","url":"https:\/\/jornalfatosenoticias.com.br\/wp-content\/uploads\/2020\/02\/logo120.png","contentUrl":"https:\/\/jornalfatosenoticias.com.br\/wp-content\/uploads\/2020\/02\/logo120.png","width":1227,"height":120,"caption":"Jornal Fatos e Not\u00edcias"},"image":{"@id":"https:\/\/jornalfatosenoticias.com.br\/#\/schema\/logo\/image\/"}},{"@type":"Person","@id":"https:\/\/jornalfatosenoticias.com.br\/#\/schema\/person\/d63837fa13ac8666eb9e74e0985d6f81","name":"Luzimara Fernandes","image":{"@type":"ImageObject","inLanguage":"pt-BR","@id":"https:\/\/jornalfatosenoticias.com.br\/#\/schema\/person\/image\/","url":"https:\/\/jornalfatosenoticias.com.br\/wp-content\/uploads\/2025\/05\/EU_portal.jpg","contentUrl":"https:\/\/jornalfatosenoticias.com.br\/wp-content\/uploads\/2025\/05\/EU_portal.jpg","caption":"Luzimara Fernandes"},"description":"Jornalista MTB 2358-ES","sameAs":["https:\/\/jornalfatosenoticias.com.br"],"url":"https:\/\/jornalfatosenoticias.com.br\/index.php\/author\/luzimara\/"}]}},"cc_featured_image_caption":{"caption_text":"(Foto: Danilo Verpa\/Folhapress)","source_text":"","source_url":""},"jetpack_featured_media_url":"https:\/\/jornalfatosenoticias.com.br\/wp-content\/uploads\/2020\/07\/aluno-quadro-negro-escola-publica-ensino-infantil-crianca-pre-adolescente-educacao-lousa-giz-.jpg","_links":{"self":[{"href":"https:\/\/jornalfatosenoticias.com.br\/index.php\/wp-json\/wp\/v2\/posts\/6543","targetHints":{"allow":["GET"]}}],"collection":[{"href":"https:\/\/jornalfatosenoticias.com.br\/index.php\/wp-json\/wp\/v2\/posts"}],"about":[{"href":"https:\/\/jornalfatosenoticias.com.br\/index.php\/wp-json\/wp\/v2\/types\/post"}],"author":[{"embeddable":true,"href":"https:\/\/jornalfatosenoticias.com.br\/index.php\/wp-json\/wp\/v2\/users\/2"}],"replies":[{"embeddable":true,"href":"https:\/\/jornalfatosenoticias.com.br\/index.php\/wp-json\/wp\/v2\/comments?post=6543"}],"version-history":[{"count":0,"href":"https:\/\/jornalfatosenoticias.com.br\/index.php\/wp-json\/wp\/v2\/posts\/6543\/revisions"}],"wp:featuredmedia":[{"embeddable":true,"href":"https:\/\/jornalfatosenoticias.com.br\/index.php\/wp-json\/wp\/v2\/media\/6545"}],"wp:attachment":[{"href":"https:\/\/jornalfatosenoticias.com.br\/index.php\/wp-json\/wp\/v2\/media?parent=6543"}],"wp:term":[{"taxonomy":"category","embeddable":true,"href":"https:\/\/jornalfatosenoticias.com.br\/index.php\/wp-json\/wp\/v2\/categories?post=6543"},{"taxonomy":"post_tag","embeddable":true,"href":"https:\/\/jornalfatosenoticias.com.br\/index.php\/wp-json\/wp\/v2\/tags?post=6543"}],"curies":[{"name":"wp","href":"https:\/\/api.w.org\/{rel}","templated":true}]}}