{"id":6549,"date":"2020-07-17T17:35:50","date_gmt":"2020-07-17T20:35:50","guid":{"rendered":"https:\/\/jornalfatosenoticias.com.br\/?p=6549"},"modified":"2020-07-17T17:37:20","modified_gmt":"2020-07-17T20:37:20","slug":"no-volei-feminino-flamengo-e-sesc-rj-formalizam-uniao","status":"publish","type":"post","link":"https:\/\/jornalfatosenoticias.com.br\/index.php\/2020\/07\/17\/no-volei-feminino-flamengo-e-sesc-rj-formalizam-uniao\/","title":{"rendered":"No v\u00f4lei feminino, Flamengo e Sesc RJ formalizam uni\u00e3o"},"content":{"rendered":"\n<h6 class=\"wp-block-heading\"><em>Acordo prev\u00ea, inicialmente, tr\u00eas anos de parceria<\/em><\/h6>\n\n\n\n<p>O Flamengo e o Sesc Rio de Janeiro formalizaram na manh\u00e3 desta sexta-feira (17) uma parceria para a forma\u00e7\u00e3o de uma equipe de v\u00f4lei feminino durante as pr\u00f3ximas tr\u00eas temporadas. O time vai se chamar Sesc RJ\/Flamengo. Estiveram presentes \u00e0 entrevista coletiva o t\u00e9cnico Bernardinho, que comandar\u00e1 a equipe, e os presidentes Ant\u00f4nio Flor\u00eancio de Queiroz J\u00fanior, do Conselho Regional do Sesc RJ, e Rodolfo Landim, do Flamengo.<\/p>\n\n\n\n<figure class=\"wp-block-embed-twitter wp-block-embed is-type-rich is-provider-twitter\"><div class=\"wp-block-embed__wrapper\">\n<blockquote class=\"twitter-tweet\" data-width=\"550\" data-dnt=\"true\"><p lang=\"pt\" dir=\"ltr\">\u00c9 OFICIAL! Nesta sexta-feira (17), Flamengo e Sesc RJ anunciaram em coletiva na G\u00e1vea a uni\u00e3o das duas institui\u00e7\u00f5es no v\u00f4lei! Multicampe\u00e3o, o treinador Bernardinho agora veste o Manto Sagrado! <a href=\"https:\/\/twitter.com\/hashtag\/FlaV%C3%B4lei?src=hash&amp;ref_src=twsrc%5Etfw\">#FlaV\u00f4lei<\/a> <a href=\"https:\/\/twitter.com\/hashtag\/SescFlamengo?src=hash&amp;ref_src=twsrc%5Etfw\">#SescFlamengo<\/a><br><br>\ud83d\udcf8: Marcelo Cortes\/CRF <a href=\"https:\/\/t.co\/hsv29RQCua\">pic.twitter.com\/hsv29RQCua<\/a><\/p>&mdash; Time Flamengo (@TimeFlamengo) <a href=\"https:\/\/twitter.com\/TimeFlamengo\/status\/1284171339679621120?ref_src=twsrc%5Etfw\">July 17, 2020<\/a><\/blockquote><script async src=\"https:\/\/platform.twitter.com\/widgets.js\" charset=\"utf-8\"><\/script>\n<\/div><\/figure>\n\n\n\n<p>A parceria j\u00e1 vinha sendo cogitada h\u00e1 alguns anos. Contudo, ap\u00f3s o Sesc, maior campe\u00e3o da hist\u00f3ria da Superliga Feminina, com 12 t\u00edtulos, desfazer a equipe masculina, a organiza\u00e7\u00e3o considerou que o Flamengo seria o parceiro ideal para a sequ\u00eancia das atividades do tradicional time feminino.<br>O dirigente rubro-negro chamou de \u201chist\u00f3rica\u201d a parceria. \u201cEstamos reunindo Flamengo, Sesc, tendo um dos maiores vencedores do esporte brasileiro, um dos maiores \u00edcones, que \u00e9 o Bernardinho. Queremos colocar muita energia, for\u00e7a, nesse projeto do v\u00f4lei, que tem tudo para ser vencedor\u201d, declarou.<br>Para o t\u00e9cnico Bernardinho, trabalhar dentro de um dos maiores clubes do mundo far\u00e1 a diferen\u00e7a. \u201cAl\u00e9m de ter uma das melhores equipes de futebol em n\u00edvel mundial, o Flamengo \u00e9 um clube gigante e \u00e9 refer\u00eancia no remo, no basquete, na gin\u00e1stica ol\u00edmpica e no jud\u00f4. Estamos come\u00e7ando um processo no v\u00f4lei. Mas nossa ideia \u00e9 construir algo longevo e deixar um legado\u201d.<br>O t\u00e9cnico bicampe\u00e3o ol\u00edmpico n\u00e3o deu maiores detalhes sobre a forma\u00e7\u00e3o da equipe para a temporada 2020\/2021. O certo, at\u00e9 o momento, \u00e9 que a oposta Tandara n\u00e3o continua na equipe. Ela j\u00e1 foi anunciada pelo Osasco\/Audax.<br>Al\u00e9m de planejar conquistas dentro das quadras, os novos parceiros projetam vit\u00f3rias fora delas. \u201cUnir a maior entidade de cultura, lazer e educa\u00e7\u00e3o a um gigante como o Flamengo tem que ser uma semente para projetos maiores. Principalmente nas comunidades carentes. Queremos fazer a\u00e7\u00f5es e dar oportunidades de as pessoas se desenvolverem atrav\u00e9s do esporte\u201d, disse o presidente do Conselho Regional do Sesc.<br>Inicialmente, os jogos da equipe v\u00e3o acontecer no gin\u00e1sio da G\u00e1vea. Por\u00e9m, a utiliza\u00e7\u00e3o do gin\u00e1sio do Maracan\u00e3zinho est\u00e1 entre as alternativas do Flamengo.<br>\u201cSem p\u00fablico, vamos jogar na G\u00e1vea. Com a volta do p\u00fablico, temos a op\u00e7\u00e3o do Maracan\u00e3zinho at\u00e9 novembro desse ano pelo contrato atual de concess\u00e3o. E estamos tamb\u00e9m participando do processo de licita\u00e7\u00e3o para uma renova\u00e7\u00e3o pelos pr\u00f3ximos 25 anos. O Flamengo n\u00e3o esconde que tem o interesse de pegar essas \u00e1reas como concession\u00e1rio. Colocar um projeto poliesportivo de muitos e muitos anos\u201d, declarou Landim.<\/p>\n\n\n\n<p><strong><em>Fonte: <a href=\"https:\/\/agenciabrasil.ebc.com.br\/esportes\/noticia\/2020-07\/no-volei-feminino-flamengo-e-sesc-rj-formalizam-uniao\">Ag\u00eancia Brasil<\/a><\/em><\/strong><\/p>\n","protected":false},"excerpt":{"rendered":"<p>Acordo prev\u00ea, inicialmente, tr\u00eas anos de parceria O Flamengo e o Sesc Rio de Janeiro formalizaram na manh\u00e3 desta sexta-feira (17) uma parceria para a forma\u00e7\u00e3o de uma equipe de v\u00f4lei feminino durante as pr\u00f3ximas tr\u00eas temporadas. O time vai se chamar Sesc RJ\/Flamengo. Estiveram presentes \u00e0 entrevista coletiva o t\u00e9cnico Bernardinho, que comandar\u00e1 a [&hellip;]<\/p>\n","protected":false},"author":2,"featured_media":6550,"comment_status":"open","ping_status":"open","sticky":false,"template":"","format":"standard","meta":{"footnotes":""},"categories":[12],"tags":[43,2689,3825,2951],"class_list":["post-6549","post","type-post","status-publish","format-standard","has-post-thumbnail","hentry","category-esportes","tag-esportes","tag-flamengo","tag-sesc","tag-volei"],"yoast_head":"<!-- This site is optimized with the Yoast SEO plugin v26.5 - https:\/\/yoast.com\/wordpress\/plugins\/seo\/ -->\n<title>No v\u00f4lei feminino, Flamengo e Sesc RJ formalizam uni\u00e3o - Jornal Fatos e Not\u00edcias<\/title>\n<meta name=\"robots\" content=\"index, follow, max-snippet:-1, max-image-preview:large, max-video-preview:-1\" \/>\n<link rel=\"canonical\" href=\"https:\/\/jornalfatosenoticias.com.br\/index.php\/2020\/07\/17\/no-volei-feminino-flamengo-e-sesc-rj-formalizam-uniao\/\" \/>\n<meta property=\"og:locale\" content=\"pt_BR\" \/>\n<meta property=\"og:type\" content=\"article\" \/>\n<meta property=\"og:title\" content=\"No v\u00f4lei feminino, Flamengo e Sesc RJ formalizam uni\u00e3o - Jornal Fatos e Not\u00edcias\" \/>\n<meta property=\"og:description\" content=\"Acordo prev\u00ea, inicialmente, tr\u00eas anos de parceria O Flamengo e o Sesc Rio de Janeiro formalizaram na manh\u00e3 desta sexta-feira (17) uma parceria para a forma\u00e7\u00e3o de uma equipe de v\u00f4lei feminino durante as pr\u00f3ximas tr\u00eas temporadas. O time vai se chamar Sesc RJ\/Flamengo. Estiveram presentes \u00e0 entrevista coletiva o t\u00e9cnico Bernardinho, que comandar\u00e1 a [&hellip;]\" \/>\n<meta property=\"og:url\" content=\"https:\/\/jornalfatosenoticias.com.br\/index.php\/2020\/07\/17\/no-volei-feminino-flamengo-e-sesc-rj-formalizam-uniao\/\" \/>\n<meta property=\"og:site_name\" content=\"Jornal Fatos e Not\u00edcias\" \/>\n<meta property=\"article:published_time\" content=\"2020-07-17T20:35:50+00:00\" \/>\n<meta property=\"article:modified_time\" content=\"2020-07-17T20:37:20+00:00\" \/>\n<meta property=\"og:image\" content=\"https:\/\/jornalfatosenoticias.com.br\/wp-content\/uploads\/2020\/07\/volei-Flamengo.jpg\" \/>\n\t<meta property=\"og:image:width\" content=\"1000\" \/>\n\t<meta property=\"og:image:height\" content=\"598\" \/>\n\t<meta property=\"og:image:type\" content=\"image\/jpeg\" \/>\n<meta name=\"author\" content=\"Luzimara Fernandes\" \/>\n<meta name=\"twitter:card\" content=\"summary_large_image\" \/>\n<meta name=\"twitter:label1\" content=\"Escrito por\" \/>\n\t<meta name=\"twitter:data1\" content=\"Luzimara Fernandes\" \/>\n\t<meta name=\"twitter:label2\" content=\"Est. tempo de leitura\" \/>\n\t<meta name=\"twitter:data2\" content=\"3 minutos\" \/>\n<script type=\"application\/ld+json\" class=\"yoast-schema-graph\">{\"@context\":\"https:\/\/schema.org\",\"@graph\":[{\"@type\":\"Article\",\"@id\":\"https:\/\/jornalfatosenoticias.com.br\/index.php\/2020\/07\/17\/no-volei-feminino-flamengo-e-sesc-rj-formalizam-uniao\/#article\",\"isPartOf\":{\"@id\":\"https:\/\/jornalfatosenoticias.com.br\/index.php\/2020\/07\/17\/no-volei-feminino-flamengo-e-sesc-rj-formalizam-uniao\/\"},\"author\":{\"name\":\"Luzimara Fernandes\",\"@id\":\"https:\/\/jornalfatosenoticias.com.br\/#\/schema\/person\/d63837fa13ac8666eb9e74e0985d6f81\"},\"headline\":\"No v\u00f4lei feminino, Flamengo e Sesc RJ formalizam uni\u00e3o\",\"datePublished\":\"2020-07-17T20:35:50+00:00\",\"dateModified\":\"2020-07-17T20:37:20+00:00\",\"mainEntityOfPage\":{\"@id\":\"https:\/\/jornalfatosenoticias.com.br\/index.php\/2020\/07\/17\/no-volei-feminino-flamengo-e-sesc-rj-formalizam-uniao\/\"},\"wordCount\":512,\"commentCount\":0,\"publisher\":{\"@id\":\"https:\/\/jornalfatosenoticias.com.br\/#organization\"},\"image\":{\"@id\":\"https:\/\/jornalfatosenoticias.com.br\/index.php\/2020\/07\/17\/no-volei-feminino-flamengo-e-sesc-rj-formalizam-uniao\/#primaryimage\"},\"thumbnailUrl\":\"https:\/\/jornalfatosenoticias.com.br\/wp-content\/uploads\/2020\/07\/volei-Flamengo.jpg\",\"keywords\":[\"esportes\",\"Flamengo\",\"Sesc\",\"v\u00f4lei\"],\"articleSection\":[\"Esportes\"],\"inLanguage\":\"pt-BR\",\"potentialAction\":[{\"@type\":\"CommentAction\",\"name\":\"Comment\",\"target\":[\"https:\/\/jornalfatosenoticias.com.br\/index.php\/2020\/07\/17\/no-volei-feminino-flamengo-e-sesc-rj-formalizam-uniao\/#respond\"]}]},{\"@type\":\"WebPage\",\"@id\":\"https:\/\/jornalfatosenoticias.com.br\/index.php\/2020\/07\/17\/no-volei-feminino-flamengo-e-sesc-rj-formalizam-uniao\/\",\"url\":\"https:\/\/jornalfatosenoticias.com.br\/index.php\/2020\/07\/17\/no-volei-feminino-flamengo-e-sesc-rj-formalizam-uniao\/\",\"name\":\"No v\u00f4lei feminino, Flamengo e Sesc RJ formalizam uni\u00e3o - Jornal Fatos e Not\u00edcias\",\"isPartOf\":{\"@id\":\"https:\/\/jornalfatosenoticias.com.br\/#website\"},\"primaryImageOfPage\":{\"@id\":\"https:\/\/jornalfatosenoticias.com.br\/index.php\/2020\/07\/17\/no-volei-feminino-flamengo-e-sesc-rj-formalizam-uniao\/#primaryimage\"},\"image\":{\"@id\":\"https:\/\/jornalfatosenoticias.com.br\/index.php\/2020\/07\/17\/no-volei-feminino-flamengo-e-sesc-rj-formalizam-uniao\/#primaryimage\"},\"thumbnailUrl\":\"https:\/\/jornalfatosenoticias.com.br\/wp-content\/uploads\/2020\/07\/volei-Flamengo.jpg\",\"datePublished\":\"2020-07-17T20:35:50+00:00\",\"dateModified\":\"2020-07-17T20:37:20+00:00\",\"breadcrumb\":{\"@id\":\"https:\/\/jornalfatosenoticias.com.br\/index.php\/2020\/07\/17\/no-volei-feminino-flamengo-e-sesc-rj-formalizam-uniao\/#breadcrumb\"},\"inLanguage\":\"pt-BR\",\"potentialAction\":[{\"@type\":\"ReadAction\",\"target\":[\"https:\/\/jornalfatosenoticias.com.br\/index.php\/2020\/07\/17\/no-volei-feminino-flamengo-e-sesc-rj-formalizam-uniao\/\"]}]},{\"@type\":\"ImageObject\",\"inLanguage\":\"pt-BR\",\"@id\":\"https:\/\/jornalfatosenoticias.com.br\/index.php\/2020\/07\/17\/no-volei-feminino-flamengo-e-sesc-rj-formalizam-uniao\/#primaryimage\",\"url\":\"https:\/\/jornalfatosenoticias.com.br\/wp-content\/uploads\/2020\/07\/volei-Flamengo.jpg\",\"contentUrl\":\"https:\/\/jornalfatosenoticias.com.br\/wp-content\/uploads\/2020\/07\/volei-Flamengo.jpg\",\"width\":1000,\"height\":598},{\"@type\":\"BreadcrumbList\",\"@id\":\"https:\/\/jornalfatosenoticias.com.br\/index.php\/2020\/07\/17\/no-volei-feminino-flamengo-e-sesc-rj-formalizam-uniao\/#breadcrumb\",\"itemListElement\":[{\"@type\":\"ListItem\",\"position\":1,\"name\":\"In\u00edcio\",\"item\":\"https:\/\/jornalfatosenoticias.com.br\/\"},{\"@type\":\"ListItem\",\"position\":2,\"name\":\"No v\u00f4lei feminino, Flamengo e Sesc RJ formalizam uni\u00e3o\"}]},{\"@type\":\"WebSite\",\"@id\":\"https:\/\/jornalfatosenoticias.com.br\/#website\",\"url\":\"https:\/\/jornalfatosenoticias.com.br\/\",\"name\":\"Jornal Fatos e Not\u00edcias\",\"description\":\"Not\u00edcias em geral\",\"publisher\":{\"@id\":\"https:\/\/jornalfatosenoticias.com.br\/#organization\"},\"potentialAction\":[{\"@type\":\"SearchAction\",\"target\":{\"@type\":\"EntryPoint\",\"urlTemplate\":\"https:\/\/jornalfatosenoticias.com.br\/?s={search_term_string}\"},\"query-input\":{\"@type\":\"PropertyValueSpecification\",\"valueRequired\":true,\"valueName\":\"search_term_string\"}}],\"inLanguage\":\"pt-BR\"},{\"@type\":\"Organization\",\"@id\":\"https:\/\/jornalfatosenoticias.com.br\/#organization\",\"name\":\"Jornal Fatos e Not\u00edcias\",\"url\":\"https:\/\/jornalfatosenoticias.com.br\/\",\"logo\":{\"@type\":\"ImageObject\",\"inLanguage\":\"pt-BR\",\"@id\":\"https:\/\/jornalfatosenoticias.com.br\/#\/schema\/logo\/image\/\",\"url\":\"https:\/\/jornalfatosenoticias.com.br\/wp-content\/uploads\/2020\/02\/logo120.png\",\"contentUrl\":\"https:\/\/jornalfatosenoticias.com.br\/wp-content\/uploads\/2020\/02\/logo120.png\",\"width\":1227,\"height\":120,\"caption\":\"Jornal Fatos e Not\u00edcias\"},\"image\":{\"@id\":\"https:\/\/jornalfatosenoticias.com.br\/#\/schema\/logo\/image\/\"}},{\"@type\":\"Person\",\"@id\":\"https:\/\/jornalfatosenoticias.com.br\/#\/schema\/person\/d63837fa13ac8666eb9e74e0985d6f81\",\"name\":\"Luzimara Fernandes\",\"image\":{\"@type\":\"ImageObject\",\"inLanguage\":\"pt-BR\",\"@id\":\"https:\/\/jornalfatosenoticias.com.br\/#\/schema\/person\/image\/\",\"url\":\"https:\/\/jornalfatosenoticias.com.br\/wp-content\/uploads\/2025\/05\/EU_portal.jpg\",\"contentUrl\":\"https:\/\/jornalfatosenoticias.com.br\/wp-content\/uploads\/2025\/05\/EU_portal.jpg\",\"caption\":\"Luzimara Fernandes\"},\"description\":\"Jornalista MTB 2358-ES\",\"sameAs\":[\"https:\/\/jornalfatosenoticias.com.br\"],\"url\":\"https:\/\/jornalfatosenoticias.com.br\/index.php\/author\/luzimara\/\"}]}<\/script>\n<!-- \/ Yoast SEO plugin. -->","yoast_head_json":{"title":"No v\u00f4lei feminino, Flamengo e Sesc RJ formalizam uni\u00e3o - Jornal Fatos e Not\u00edcias","robots":{"index":"index","follow":"follow","max-snippet":"max-snippet:-1","max-image-preview":"max-image-preview:large","max-video-preview":"max-video-preview:-1"},"canonical":"https:\/\/jornalfatosenoticias.com.br\/index.php\/2020\/07\/17\/no-volei-feminino-flamengo-e-sesc-rj-formalizam-uniao\/","og_locale":"pt_BR","og_type":"article","og_title":"No v\u00f4lei feminino, Flamengo e Sesc RJ formalizam uni\u00e3o - Jornal Fatos e Not\u00edcias","og_description":"Acordo prev\u00ea, inicialmente, tr\u00eas anos de parceria O Flamengo e o Sesc Rio de Janeiro formalizaram na manh\u00e3 desta sexta-feira (17) uma parceria para a forma\u00e7\u00e3o de uma equipe de v\u00f4lei feminino durante as pr\u00f3ximas tr\u00eas temporadas. O time vai se chamar Sesc RJ\/Flamengo. Estiveram presentes \u00e0 entrevista coletiva o t\u00e9cnico Bernardinho, que comandar\u00e1 a [&hellip;]","og_url":"https:\/\/jornalfatosenoticias.com.br\/index.php\/2020\/07\/17\/no-volei-feminino-flamengo-e-sesc-rj-formalizam-uniao\/","og_site_name":"Jornal Fatos e Not\u00edcias","article_published_time":"2020-07-17T20:35:50+00:00","article_modified_time":"2020-07-17T20:37:20+00:00","og_image":[{"width":1000,"height":598,"url":"https:\/\/jornalfatosenoticias.com.br\/wp-content\/uploads\/2020\/07\/volei-Flamengo.jpg","type":"image\/jpeg"}],"author":"Luzimara Fernandes","twitter_card":"summary_large_image","twitter_misc":{"Escrito por":"Luzimara Fernandes","Est. tempo de leitura":"3 minutos"},"schema":{"@context":"https:\/\/schema.org","@graph":[{"@type":"Article","@id":"https:\/\/jornalfatosenoticias.com.br\/index.php\/2020\/07\/17\/no-volei-feminino-flamengo-e-sesc-rj-formalizam-uniao\/#article","isPartOf":{"@id":"https:\/\/jornalfatosenoticias.com.br\/index.php\/2020\/07\/17\/no-volei-feminino-flamengo-e-sesc-rj-formalizam-uniao\/"},"author":{"name":"Luzimara Fernandes","@id":"https:\/\/jornalfatosenoticias.com.br\/#\/schema\/person\/d63837fa13ac8666eb9e74e0985d6f81"},"headline":"No v\u00f4lei feminino, Flamengo e Sesc RJ formalizam uni\u00e3o","datePublished":"2020-07-17T20:35:50+00:00","dateModified":"2020-07-17T20:37:20+00:00","mainEntityOfPage":{"@id":"https:\/\/jornalfatosenoticias.com.br\/index.php\/2020\/07\/17\/no-volei-feminino-flamengo-e-sesc-rj-formalizam-uniao\/"},"wordCount":512,"commentCount":0,"publisher":{"@id":"https:\/\/jornalfatosenoticias.com.br\/#organization"},"image":{"@id":"https:\/\/jornalfatosenoticias.com.br\/index.php\/2020\/07\/17\/no-volei-feminino-flamengo-e-sesc-rj-formalizam-uniao\/#primaryimage"},"thumbnailUrl":"https:\/\/jornalfatosenoticias.com.br\/wp-content\/uploads\/2020\/07\/volei-Flamengo.jpg","keywords":["esportes","Flamengo","Sesc","v\u00f4lei"],"articleSection":["Esportes"],"inLanguage":"pt-BR","potentialAction":[{"@type":"CommentAction","name":"Comment","target":["https:\/\/jornalfatosenoticias.com.br\/index.php\/2020\/07\/17\/no-volei-feminino-flamengo-e-sesc-rj-formalizam-uniao\/#respond"]}]},{"@type":"WebPage","@id":"https:\/\/jornalfatosenoticias.com.br\/index.php\/2020\/07\/17\/no-volei-feminino-flamengo-e-sesc-rj-formalizam-uniao\/","url":"https:\/\/jornalfatosenoticias.com.br\/index.php\/2020\/07\/17\/no-volei-feminino-flamengo-e-sesc-rj-formalizam-uniao\/","name":"No v\u00f4lei feminino, Flamengo e Sesc RJ formalizam uni\u00e3o - Jornal Fatos e Not\u00edcias","isPartOf":{"@id":"https:\/\/jornalfatosenoticias.com.br\/#website"},"primaryImageOfPage":{"@id":"https:\/\/jornalfatosenoticias.com.br\/index.php\/2020\/07\/17\/no-volei-feminino-flamengo-e-sesc-rj-formalizam-uniao\/#primaryimage"},"image":{"@id":"https:\/\/jornalfatosenoticias.com.br\/index.php\/2020\/07\/17\/no-volei-feminino-flamengo-e-sesc-rj-formalizam-uniao\/#primaryimage"},"thumbnailUrl":"https:\/\/jornalfatosenoticias.com.br\/wp-content\/uploads\/2020\/07\/volei-Flamengo.jpg","datePublished":"2020-07-17T20:35:50+00:00","dateModified":"2020-07-17T20:37:20+00:00","breadcrumb":{"@id":"https:\/\/jornalfatosenoticias.com.br\/index.php\/2020\/07\/17\/no-volei-feminino-flamengo-e-sesc-rj-formalizam-uniao\/#breadcrumb"},"inLanguage":"pt-BR","potentialAction":[{"@type":"ReadAction","target":["https:\/\/jornalfatosenoticias.com.br\/index.php\/2020\/07\/17\/no-volei-feminino-flamengo-e-sesc-rj-formalizam-uniao\/"]}]},{"@type":"ImageObject","inLanguage":"pt-BR","@id":"https:\/\/jornalfatosenoticias.com.br\/index.php\/2020\/07\/17\/no-volei-feminino-flamengo-e-sesc-rj-formalizam-uniao\/#primaryimage","url":"https:\/\/jornalfatosenoticias.com.br\/wp-content\/uploads\/2020\/07\/volei-Flamengo.jpg","contentUrl":"https:\/\/jornalfatosenoticias.com.br\/wp-content\/uploads\/2020\/07\/volei-Flamengo.jpg","width":1000,"height":598},{"@type":"BreadcrumbList","@id":"https:\/\/jornalfatosenoticias.com.br\/index.php\/2020\/07\/17\/no-volei-feminino-flamengo-e-sesc-rj-formalizam-uniao\/#breadcrumb","itemListElement":[{"@type":"ListItem","position":1,"name":"In\u00edcio","item":"https:\/\/jornalfatosenoticias.com.br\/"},{"@type":"ListItem","position":2,"name":"No v\u00f4lei feminino, Flamengo e Sesc RJ formalizam uni\u00e3o"}]},{"@type":"WebSite","@id":"https:\/\/jornalfatosenoticias.com.br\/#website","url":"https:\/\/jornalfatosenoticias.com.br\/","name":"Jornal Fatos e Not\u00edcias","description":"Not\u00edcias em geral","publisher":{"@id":"https:\/\/jornalfatosenoticias.com.br\/#organization"},"potentialAction":[{"@type":"SearchAction","target":{"@type":"EntryPoint","urlTemplate":"https:\/\/jornalfatosenoticias.com.br\/?s={search_term_string}"},"query-input":{"@type":"PropertyValueSpecification","valueRequired":true,"valueName":"search_term_string"}}],"inLanguage":"pt-BR"},{"@type":"Organization","@id":"https:\/\/jornalfatosenoticias.com.br\/#organization","name":"Jornal Fatos e Not\u00edcias","url":"https:\/\/jornalfatosenoticias.com.br\/","logo":{"@type":"ImageObject","inLanguage":"pt-BR","@id":"https:\/\/jornalfatosenoticias.com.br\/#\/schema\/logo\/image\/","url":"https:\/\/jornalfatosenoticias.com.br\/wp-content\/uploads\/2020\/02\/logo120.png","contentUrl":"https:\/\/jornalfatosenoticias.com.br\/wp-content\/uploads\/2020\/02\/logo120.png","width":1227,"height":120,"caption":"Jornal Fatos e Not\u00edcias"},"image":{"@id":"https:\/\/jornalfatosenoticias.com.br\/#\/schema\/logo\/image\/"}},{"@type":"Person","@id":"https:\/\/jornalfatosenoticias.com.br\/#\/schema\/person\/d63837fa13ac8666eb9e74e0985d6f81","name":"Luzimara Fernandes","image":{"@type":"ImageObject","inLanguage":"pt-BR","@id":"https:\/\/jornalfatosenoticias.com.br\/#\/schema\/person\/image\/","url":"https:\/\/jornalfatosenoticias.com.br\/wp-content\/uploads\/2025\/05\/EU_portal.jpg","contentUrl":"https:\/\/jornalfatosenoticias.com.br\/wp-content\/uploads\/2025\/05\/EU_portal.jpg","caption":"Luzimara Fernandes"},"description":"Jornalista MTB 2358-ES","sameAs":["https:\/\/jornalfatosenoticias.com.br"],"url":"https:\/\/jornalfatosenoticias.com.br\/index.php\/author\/luzimara\/"}]}},"cc_featured_image_caption":{"caption_text":"","source_text":"","source_url":""},"jetpack_featured_media_url":"https:\/\/jornalfatosenoticias.com.br\/wp-content\/uploads\/2020\/07\/volei-Flamengo.jpg","_links":{"self":[{"href":"https:\/\/jornalfatosenoticias.com.br\/index.php\/wp-json\/wp\/v2\/posts\/6549","targetHints":{"allow":["GET"]}}],"collection":[{"href":"https:\/\/jornalfatosenoticias.com.br\/index.php\/wp-json\/wp\/v2\/posts"}],"about":[{"href":"https:\/\/jornalfatosenoticias.com.br\/index.php\/wp-json\/wp\/v2\/types\/post"}],"author":[{"embeddable":true,"href":"https:\/\/jornalfatosenoticias.com.br\/index.php\/wp-json\/wp\/v2\/users\/2"}],"replies":[{"embeddable":true,"href":"https:\/\/jornalfatosenoticias.com.br\/index.php\/wp-json\/wp\/v2\/comments?post=6549"}],"version-history":[{"count":0,"href":"https:\/\/jornalfatosenoticias.com.br\/index.php\/wp-json\/wp\/v2\/posts\/6549\/revisions"}],"wp:featuredmedia":[{"embeddable":true,"href":"https:\/\/jornalfatosenoticias.com.br\/index.php\/wp-json\/wp\/v2\/media\/6550"}],"wp:attachment":[{"href":"https:\/\/jornalfatosenoticias.com.br\/index.php\/wp-json\/wp\/v2\/media?parent=6549"}],"wp:term":[{"taxonomy":"category","embeddable":true,"href":"https:\/\/jornalfatosenoticias.com.br\/index.php\/wp-json\/wp\/v2\/categories?post=6549"},{"taxonomy":"post_tag","embeddable":true,"href":"https:\/\/jornalfatosenoticias.com.br\/index.php\/wp-json\/wp\/v2\/tags?post=6549"}],"curies":[{"name":"wp","href":"https:\/\/api.w.org\/{rel}","templated":true}]}}