{"id":65793,"date":"2026-03-10T16:31:35","date_gmt":"2026-03-10T19:31:35","guid":{"rendered":"https:\/\/jornalfatosenoticias.com.br\/?p=65793"},"modified":"2026-03-10T16:31:37","modified_gmt":"2026-03-10T19:31:37","slug":"ar-polar-derruba-temperaturas-e-traz-chuva-para-regioes-do-brasil","status":"publish","type":"post","link":"https:\/\/jornalfatosenoticias.com.br\/index.php\/2026\/03\/10\/ar-polar-derruba-temperaturas-e-traz-chuva-para-regioes-do-brasil\/","title":{"rendered":"Ar polar derruba temperaturas e traz chuva para regi\u00f5es do Brasil"},"content":{"rendered":"\n<p><em><mark style=\"background-color:rgba(0, 0, 0, 0)\" class=\"has-inline-color has-black-color\">O avan\u00e7o de uma massa de ar frio de origem polar pelo oceano e a passagem de uma frente fria pelo litoral do Sudeste mudam o tempo no Brasil<\/mark><\/em><\/p>\n\n\n\n<p><mark style=\"background-color:rgba(0, 0, 0, 0)\" class=\"has-inline-color has-black-color\">Por <strong><a href=\"https:\/\/olhardigital.com.br\/author\/pedro-spadoni\/\">Pedro Spadoni<\/a><\/strong><\/mark><\/p>\n\n\n\n<p>O avan\u00e7o de uma <strong>massa de ar\u00a0<\/strong><a href=\"https:\/\/olhardigital.com.br\/tag\/frio\/\" target=\"_blank\" rel=\"noreferrer noopener\"><strong>frio<\/strong><\/a><strong>\u00a0de origem polar<\/strong>\u00a0pelo oceano e a passagem de uma\u00a0<strong>frente fria<\/strong>\u00a0pelo litoral do Sudeste mudam o tempo no Brasil nesta segunda semana de mar\u00e7o. O fen\u00f4meno mant\u00e9m a atmosfera carregada, o que favorece a forma\u00e7\u00e3o de nuvens e\u00a0<a href=\"https:\/\/olhardigital.com.br\/tag\/chuva\/\" target=\"_blank\" rel=\"noreferrer noopener\"><strong>chuvas<\/strong><\/a><strong>\u00a0fortes<\/strong> em diferentes regi\u00f5es do pa\u00eds. Ao atuar como uma esp\u00e9cie de canal, esse sistema ajuda a direcionar a umidade vinda da <strong>Amaz\u00f4nia<\/strong>. Isso \u201calimenta\u201d temporais no\u00a0<strong>Sudeste e no Centro-Oeste<\/strong>. <a href=\"https:\/\/g1.globo.com\/meio-ambiente\/noticia\/2026\/03\/09\/instabilidades-e-chuvas-em-parte-do-brasil-nesta-semana.ghtml\" target=\"_blank\" rel=\"noreferrer noopener\"><strong>Segundo o\u00a0<em>G1<\/em><\/strong><\/a>, a previs\u00e3o \u00e9 de instabilidade acentuada e temperaturas mais baixas, especialmente no in\u00edcio do per\u00edodo.<\/p>\n\n\n\n<p><strong><mark style=\"background-color:rgba(0, 0, 0, 0)\" class=\"has-inline-color has-black-color\">Confira abaixo os destaques, organizados por regi\u00e3o:<br><\/mark><mark style=\"background-color:rgba(0, 0, 0, 0)\" class=\"has-inline-color has-vivid-purple-color\"><span style=\"text-decoration: underline;\">Sul<br><\/span><\/mark><\/strong>O destaque na regi\u00e3o \u00e9 o avan\u00e7o de ar mais frio vindo do oceano, associado a uma massa de ar polar, o que deve manter o tempo inst\u00e1vel e as temperaturas mais baixas que o normal em mar\u00e7o.<br><strong>\u2022 Curitiba (PR):<\/strong> a chuva deve ser frequente. Nesta ter\u00e7a-feira (10), a temperatura pode cair ainda mais, podendo chegar aos 19 \u00b0C;<br><strong>\u2022 Florian\u00f3polis (SC):<\/strong> a semana come\u00e7ou com c\u00e9u fechado e chuva persistente. As temperaturas m\u00e1ximas devem variar entre 24 \u00b0C e 25 \u00b0C, com sensa\u00e7\u00e3o de frescor devido ao vento mar\u00edtimo;<br><strong>\u2022 Litoral: <\/strong>h\u00e1 risco de mar agitado e ressaca em alguns trechos da costa.<\/p>\n\n\n<div class=\"wp-block-image\">\n<figure class=\"aligncenter size-full\"><img loading=\"lazy\" decoding=\"async\" width=\"1000\" height=\"562\" src=\"https:\/\/jornalfatosenoticias.com.br\/wp-content\/uploads\/2026\/03\/Chuva-no-Brasil2.jpg\" alt=\"\" class=\"wp-image-65794\" srcset=\"https:\/\/jornalfatosenoticias.com.br\/wp-content\/uploads\/2026\/03\/Chuva-no-Brasil2.jpg 1000w, https:\/\/jornalfatosenoticias.com.br\/wp-content\/uploads\/2026\/03\/Chuva-no-Brasil2-300x169.jpg 300w, https:\/\/jornalfatosenoticias.com.br\/wp-content\/uploads\/2026\/03\/Chuva-no-Brasil2-768x432.jpg 768w\" sizes=\"auto, (max-width: 1000px) 100vw, 1000px\" \/><figcaption class=\"wp-element-caption\"><em><mark style=\"background-color:rgba(0, 0, 0, 0)\" class=\"has-inline-color has-black-color\">Sudeste e Centro-Oeste devem concentrar os maiores volumes de chuva no come\u00e7o da segunda semana de mar\u00e7o, segundo a previs\u00e3o do tempo (Foto: Rafa Neddermeyer\/Ag\u00eancia Brasil)<\/mark><\/em><\/figcaption><\/figure>\n<\/div>\n\n\n<p><strong><mark style=\"background-color:rgba(0, 0, 0, 0)\" class=\"has-inline-color has-vivid-purple-color\"><span style=\"text-decoration: underline;\">Sudeste<br><\/span><\/mark><\/strong>A passagem de uma frente fria pelo litoral, somada \u00e0 umidade vinda da Amaz\u00f4nia, organiza \u00e1reas de chuva forte e mant\u00e9m as temperaturas amenas, principalmente perto da costa.<br><strong>\u2022 S\u00e3o Paulo (SP): <\/strong>a capital deve ter tempo fechado e chuva constante. A m\u00e1xima, que ficou em 24 \u00b0C na segunda-feira (09), deve cair para 21 \u00b0C na quarta-feira (11). Temporais mais intensos s\u00e3o esperados no interior e centro-oeste do estado;<br><strong>\u2022 Rio de Janeiro (RJ):<\/strong> a semana come\u00e7ou chuvosa, com m\u00e1xima de 29 \u00b0C, mas deve cair para uma varia\u00e7\u00e3o entre 24 \u00b0C e 27 \u00b0C nos dias seguintes;<br><strong>\u2022 Belo Horizonte (MG):<\/strong> o tempo segue abafado e inst\u00e1vel, com pancadas de chuva ao longo da semana. As m\u00e1ximas ficam entre 26 \u00b0C e 28 \u00b0C, caindo para 23 \u00b0C na quinta-feira (12);<br><strong>\u2022 Esp\u00edrito Santo: <\/strong>\u00e1reas do estado podem registrar temporais intensos. Vit\u00f3ria pode ter m\u00e1ximas pr\u00f3ximas a 33 \u00b0C ao longo da semana.<\/p>\n\n\n<div class=\"wp-block-image\">\n<figure class=\"aligncenter size-large\"><a href=\"https:\/\/www.controlsystems.com.br\/\"><img loading=\"lazy\" decoding=\"async\" width=\"1024\" height=\"109\" src=\"https:\/\/jornalfatosenoticias.com.br\/wp-content\/uploads\/2020\/02\/CONTROL-CS2-1024x109.jpg\" alt=\"\" class=\"wp-image-44989\" srcset=\"https:\/\/jornalfatosenoticias.com.br\/wp-content\/uploads\/2020\/02\/CONTROL-CS2-1024x109.jpg 1024w, https:\/\/jornalfatosenoticias.com.br\/wp-content\/uploads\/2020\/02\/CONTROL-CS2-300x32.jpg 300w, https:\/\/jornalfatosenoticias.com.br\/wp-content\/uploads\/2020\/02\/CONTROL-CS2-768x82.jpg 768w, https:\/\/jornalfatosenoticias.com.br\/wp-content\/uploads\/2020\/02\/CONTROL-CS2.jpg 1120w\" sizes=\"auto, (max-width: 1024px) 100vw, 1024px\" \/><\/a><\/figure>\n<\/div>\n\n\n<p><strong><mark style=\"background-color:rgba(0, 0, 0, 0)\" class=\"has-inline-color has-vivid-purple-color\"><span style=\"text-decoration: underline;\">Centro-Oeste<br><\/span><\/mark><\/strong>Esta regi\u00e3o, juntamente ao Sudeste, deve concentrar os maiores volumes de chuva no in\u00edcio da semana. O calor e a umidade estimulam pancadas t\u00edpicas de ver\u00e3o no interior.<br><strong>\u2022 Campo Grande (MS):<\/strong> m\u00e1xima de 27 \u00b0C com pancadas de chuva distribu\u00eddas entre tarde e noite;<br><strong>\u2022 Cuiab\u00e1 (MT):<\/strong> term\u00f4metros marcaram 29 \u00b0C na segunda. Nos dias seguintes, a previs\u00e3o \u00e9 que ultrapasse os 32 \u00b0C, sempre sob risco de temporais isolados.<\/p>\n\n\n\n<p><strong><mark style=\"background-color:rgba(0, 0, 0, 0)\" class=\"has-inline-color has-vivid-purple-color\"><span style=\"text-decoration: underline;\">Nordeste<br><\/span><\/mark><\/strong>O calor segue predominando em grande parte da regi\u00e3o. A combina\u00e7\u00e3o de altas temperaturas com a umidade favorece a forma\u00e7\u00e3o de nuvens carregadas.<br><strong>\u2022 Maranh\u00e3o, Piau\u00ed e Cear\u00e1:<\/strong> a atua\u00e7\u00e3o da <strong><a href=\"https:\/\/portal.inmet.gov.br\/noticias\/zona-de-convergencia-intertropical-zcit\" target=\"_blank\" rel=\"noreferrer noopener\"><strong>Zona de Converg\u00eancia Intertropical<\/strong><\/a><strong>\u00a0(ZCIT)<\/strong><\/strong> deve provocar pancadas de chuva fortes nessas \u00e1reas;<br><strong>\u2022 Temperaturas: <\/strong>cidades como Macei\u00f3 (AL) podem atingir 34 \u00b0C, enquanto Teresina (PI) deve registrar m\u00e1ximas pr\u00f3ximas de 33 \u00b0C.<\/p>\n\n\n<div class=\"wp-block-image\">\n<figure class=\"aligncenter size-full is-resized\"><a href=\"https:\/\/www.origestaofinanceira.com.br\/\"><img loading=\"lazy\" decoding=\"async\" width=\"841\" height=\"881\" src=\"https:\/\/jornalfatosenoticias.com.br\/wp-content\/uploads\/2020\/02\/Ori-Gestao-Financeira.jpeg\" alt=\"\" class=\"wp-image-64779\" style=\"aspect-ratio:0.9546132537822288;width:389px;height:auto\" srcset=\"https:\/\/jornalfatosenoticias.com.br\/wp-content\/uploads\/2020\/02\/Ori-Gestao-Financeira.jpeg 841w, https:\/\/jornalfatosenoticias.com.br\/wp-content\/uploads\/2020\/02\/Ori-Gestao-Financeira-286x300.jpeg 286w, https:\/\/jornalfatosenoticias.com.br\/wp-content\/uploads\/2020\/02\/Ori-Gestao-Financeira-768x805.jpeg 768w\" sizes=\"auto, (max-width: 841px) 100vw, 841px\" \/><\/a><\/figure>\n<\/div>\n\n\n<p><strong><mark style=\"background-color:rgba(0, 0, 0, 0)\" class=\"has-inline-color has-vivid-purple-color\"><span style=\"text-decoration: underline;\">Norte<\/span><br><\/mark><\/strong>Assim como no Nordeste, o calor e a alta umidade s\u00e3o as caracter\u00edsticas principais. Por isso, as temperaturas devem continuar elevadas, o que pode provocar muita chuva.<br><strong>\u2022 Amazonas, Par\u00e1 e Amap\u00e1:<\/strong> a previs\u00e3o \u00e9 de bastante chuva em diversos momentos da semana;<br><strong>\u2022 Capitais: <\/strong>Bel\u00e9m (PA) e Porto Velho (RO) devem manter temperaturas m\u00e1ximas elevadas, na casa dos 33 \u00b0C.<\/p>\n\n\n\n<p><strong>Fonte: <a href=\"https:\/\/olhardigital.com.br\/2026\/03\/10\/ciencia-e-espaco\/ar-polar-derruba-temperaturas-e-traz-chuva-para-regioes-do-brasil\/\">Olhar Digital<\/a><\/strong><\/p>\n","protected":false},"excerpt":{"rendered":"<p>O avan\u00e7o de uma massa de ar frio de origem polar pelo oceano e a passagem de uma frente fria pelo litoral do Sudeste mudam o tempo no Brasil Por Pedro Spadoni O avan\u00e7o de uma massa de ar\u00a0frio\u00a0de origem polar\u00a0pelo oceano e a passagem de uma\u00a0frente fria\u00a0pelo litoral do Sudeste mudam o tempo no [&hellip;]<\/p>\n","protected":false},"author":2,"featured_media":65795,"comment_status":"open","ping_status":"open","sticky":false,"template":"","format":"standard","meta":{"footnotes":""},"categories":[5],"tags":[29912,303,72,2877,29913,29914,4431],"class_list":["post-65793","post","type-post","status-publish","format-standard","has-post-thumbnail","hentry","category-geral","tag-ar-frio","tag-chuva","tag-clima","tag-frio","tag-massa-de-ar-frio","tag-massa-polar","tag-previsao-do-tempo"],"yoast_head":"<!-- This site is optimized with the Yoast SEO plugin v26.5 - https:\/\/yoast.com\/wordpress\/plugins\/seo\/ -->\n<title>Ar polar derruba temperaturas e traz chuva para regi\u00f5es do Brasil - Jornal Fatos e Not\u00edcias<\/title>\n<meta name=\"robots\" content=\"index, follow, max-snippet:-1, max-image-preview:large, max-video-preview:-1\" \/>\n<link rel=\"canonical\" href=\"https:\/\/jornalfatosenoticias.com.br\/index.php\/2026\/03\/10\/ar-polar-derruba-temperaturas-e-traz-chuva-para-regioes-do-brasil\/\" \/>\n<meta property=\"og:locale\" content=\"pt_BR\" \/>\n<meta property=\"og:type\" content=\"article\" \/>\n<meta property=\"og:title\" content=\"Ar polar derruba temperaturas e traz chuva para regi\u00f5es do Brasil - Jornal Fatos e Not\u00edcias\" \/>\n<meta property=\"og:description\" content=\"O avan\u00e7o de uma massa de ar frio de origem polar pelo oceano e a passagem de uma frente fria pelo litoral do Sudeste mudam o tempo no Brasil Por Pedro Spadoni O avan\u00e7o de uma massa de ar\u00a0frio\u00a0de origem polar\u00a0pelo oceano e a passagem de uma\u00a0frente fria\u00a0pelo litoral do Sudeste mudam o tempo no [&hellip;]\" \/>\n<meta property=\"og:url\" content=\"https:\/\/jornalfatosenoticias.com.br\/index.php\/2026\/03\/10\/ar-polar-derruba-temperaturas-e-traz-chuva-para-regioes-do-brasil\/\" \/>\n<meta property=\"og:site_name\" content=\"Jornal Fatos e Not\u00edcias\" \/>\n<meta property=\"article:published_time\" content=\"2026-03-10T19:31:35+00:00\" \/>\n<meta property=\"article:modified_time\" content=\"2026-03-10T19:31:37+00:00\" \/>\n<meta property=\"og:image\" content=\"https:\/\/jornalfatosenoticias.com.br\/wp-content\/uploads\/2026\/03\/chuva-n-brasil_freepik-com-ia.jpg\" \/>\n\t<meta property=\"og:image:width\" content=\"1000\" \/>\n\t<meta property=\"og:image:height\" content=\"684\" \/>\n\t<meta property=\"og:image:type\" content=\"image\/jpeg\" \/>\n<meta name=\"author\" content=\"Luzimara Fernandes\" \/>\n<meta name=\"twitter:card\" content=\"summary_large_image\" \/>\n<meta name=\"twitter:label1\" content=\"Escrito por\" \/>\n\t<meta name=\"twitter:data1\" content=\"Luzimara Fernandes\" \/>\n\t<meta name=\"twitter:label2\" content=\"Est. tempo de leitura\" \/>\n\t<meta name=\"twitter:data2\" content=\"5 minutos\" \/>\n<script type=\"application\/ld+json\" class=\"yoast-schema-graph\">{\"@context\":\"https:\/\/schema.org\",\"@graph\":[{\"@type\":\"Article\",\"@id\":\"https:\/\/jornalfatosenoticias.com.br\/index.php\/2026\/03\/10\/ar-polar-derruba-temperaturas-e-traz-chuva-para-regioes-do-brasil\/#article\",\"isPartOf\":{\"@id\":\"https:\/\/jornalfatosenoticias.com.br\/index.php\/2026\/03\/10\/ar-polar-derruba-temperaturas-e-traz-chuva-para-regioes-do-brasil\/\"},\"author\":{\"name\":\"Luzimara Fernandes\",\"@id\":\"https:\/\/jornalfatosenoticias.com.br\/#\/schema\/person\/d63837fa13ac8666eb9e74e0985d6f81\"},\"headline\":\"Ar polar derruba temperaturas e traz chuva para regi\u00f5es do Brasil\",\"datePublished\":\"2026-03-10T19:31:35+00:00\",\"dateModified\":\"2026-03-10T19:31:37+00:00\",\"mainEntityOfPage\":{\"@id\":\"https:\/\/jornalfatosenoticias.com.br\/index.php\/2026\/03\/10\/ar-polar-derruba-temperaturas-e-traz-chuva-para-regioes-do-brasil\/\"},\"wordCount\":664,\"commentCount\":0,\"publisher\":{\"@id\":\"https:\/\/jornalfatosenoticias.com.br\/#organization\"},\"image\":{\"@id\":\"https:\/\/jornalfatosenoticias.com.br\/index.php\/2026\/03\/10\/ar-polar-derruba-temperaturas-e-traz-chuva-para-regioes-do-brasil\/#primaryimage\"},\"thumbnailUrl\":\"https:\/\/jornalfatosenoticias.com.br\/wp-content\/uploads\/2026\/03\/chuva-n-brasil_freepik-com-ia.jpg\",\"keywords\":[\"ar frio\",\"chuva\",\"clima\",\"frio\",\"massa de ar frio\",\"massa polar\",\"previs\u00e3o do tempo\"],\"articleSection\":[\"Geral\"],\"inLanguage\":\"pt-BR\",\"potentialAction\":[{\"@type\":\"CommentAction\",\"name\":\"Comment\",\"target\":[\"https:\/\/jornalfatosenoticias.com.br\/index.php\/2026\/03\/10\/ar-polar-derruba-temperaturas-e-traz-chuva-para-regioes-do-brasil\/#respond\"]}]},{\"@type\":\"WebPage\",\"@id\":\"https:\/\/jornalfatosenoticias.com.br\/index.php\/2026\/03\/10\/ar-polar-derruba-temperaturas-e-traz-chuva-para-regioes-do-brasil\/\",\"url\":\"https:\/\/jornalfatosenoticias.com.br\/index.php\/2026\/03\/10\/ar-polar-derruba-temperaturas-e-traz-chuva-para-regioes-do-brasil\/\",\"name\":\"Ar polar derruba temperaturas e traz chuva para regi\u00f5es do Brasil - Jornal Fatos e Not\u00edcias\",\"isPartOf\":{\"@id\":\"https:\/\/jornalfatosenoticias.com.br\/#website\"},\"primaryImageOfPage\":{\"@id\":\"https:\/\/jornalfatosenoticias.com.br\/index.php\/2026\/03\/10\/ar-polar-derruba-temperaturas-e-traz-chuva-para-regioes-do-brasil\/#primaryimage\"},\"image\":{\"@id\":\"https:\/\/jornalfatosenoticias.com.br\/index.php\/2026\/03\/10\/ar-polar-derruba-temperaturas-e-traz-chuva-para-regioes-do-brasil\/#primaryimage\"},\"thumbnailUrl\":\"https:\/\/jornalfatosenoticias.com.br\/wp-content\/uploads\/2026\/03\/chuva-n-brasil_freepik-com-ia.jpg\",\"datePublished\":\"2026-03-10T19:31:35+00:00\",\"dateModified\":\"2026-03-10T19:31:37+00:00\",\"breadcrumb\":{\"@id\":\"https:\/\/jornalfatosenoticias.com.br\/index.php\/2026\/03\/10\/ar-polar-derruba-temperaturas-e-traz-chuva-para-regioes-do-brasil\/#breadcrumb\"},\"inLanguage\":\"pt-BR\",\"potentialAction\":[{\"@type\":\"ReadAction\",\"target\":[\"https:\/\/jornalfatosenoticias.com.br\/index.php\/2026\/03\/10\/ar-polar-derruba-temperaturas-e-traz-chuva-para-regioes-do-brasil\/\"]}]},{\"@type\":\"ImageObject\",\"inLanguage\":\"pt-BR\",\"@id\":\"https:\/\/jornalfatosenoticias.com.br\/index.php\/2026\/03\/10\/ar-polar-derruba-temperaturas-e-traz-chuva-para-regioes-do-brasil\/#primaryimage\",\"url\":\"https:\/\/jornalfatosenoticias.com.br\/wp-content\/uploads\/2026\/03\/chuva-n-brasil_freepik-com-ia.jpg\",\"contentUrl\":\"https:\/\/jornalfatosenoticias.com.br\/wp-content\/uploads\/2026\/03\/chuva-n-brasil_freepik-com-ia.jpg\",\"width\":1000,\"height\":684},{\"@type\":\"BreadcrumbList\",\"@id\":\"https:\/\/jornalfatosenoticias.com.br\/index.php\/2026\/03\/10\/ar-polar-derruba-temperaturas-e-traz-chuva-para-regioes-do-brasil\/#breadcrumb\",\"itemListElement\":[{\"@type\":\"ListItem\",\"position\":1,\"name\":\"In\u00edcio\",\"item\":\"https:\/\/jornalfatosenoticias.com.br\/\"},{\"@type\":\"ListItem\",\"position\":2,\"name\":\"Ar polar derruba temperaturas e traz chuva para regi\u00f5es do Brasil\"}]},{\"@type\":\"WebSite\",\"@id\":\"https:\/\/jornalfatosenoticias.com.br\/#website\",\"url\":\"https:\/\/jornalfatosenoticias.com.br\/\",\"name\":\"Jornal Fatos e Not\u00edcias\",\"description\":\"Not\u00edcias em geral\",\"publisher\":{\"@id\":\"https:\/\/jornalfatosenoticias.com.br\/#organization\"},\"potentialAction\":[{\"@type\":\"SearchAction\",\"target\":{\"@type\":\"EntryPoint\",\"urlTemplate\":\"https:\/\/jornalfatosenoticias.com.br\/?s={search_term_string}\"},\"query-input\":{\"@type\":\"PropertyValueSpecification\",\"valueRequired\":true,\"valueName\":\"search_term_string\"}}],\"inLanguage\":\"pt-BR\"},{\"@type\":\"Organization\",\"@id\":\"https:\/\/jornalfatosenoticias.com.br\/#organization\",\"name\":\"Jornal Fatos e Not\u00edcias\",\"url\":\"https:\/\/jornalfatosenoticias.com.br\/\",\"logo\":{\"@type\":\"ImageObject\",\"inLanguage\":\"pt-BR\",\"@id\":\"https:\/\/jornalfatosenoticias.com.br\/#\/schema\/logo\/image\/\",\"url\":\"https:\/\/jornalfatosenoticias.com.br\/wp-content\/uploads\/2020\/02\/logo120.png\",\"contentUrl\":\"https:\/\/jornalfatosenoticias.com.br\/wp-content\/uploads\/2020\/02\/logo120.png\",\"width\":1227,\"height\":120,\"caption\":\"Jornal Fatos e Not\u00edcias\"},\"image\":{\"@id\":\"https:\/\/jornalfatosenoticias.com.br\/#\/schema\/logo\/image\/\"}},{\"@type\":\"Person\",\"@id\":\"https:\/\/jornalfatosenoticias.com.br\/#\/schema\/person\/d63837fa13ac8666eb9e74e0985d6f81\",\"name\":\"Luzimara Fernandes\",\"image\":{\"@type\":\"ImageObject\",\"inLanguage\":\"pt-BR\",\"@id\":\"https:\/\/jornalfatosenoticias.com.br\/#\/schema\/person\/image\/\",\"url\":\"https:\/\/jornalfatosenoticias.com.br\/wp-content\/uploads\/2025\/05\/EU_portal.jpg\",\"contentUrl\":\"https:\/\/jornalfatosenoticias.com.br\/wp-content\/uploads\/2025\/05\/EU_portal.jpg\",\"caption\":\"Luzimara Fernandes\"},\"description\":\"Jornalista MTB 2358-ES\",\"sameAs\":[\"https:\/\/jornalfatosenoticias.com.br\"],\"url\":\"https:\/\/jornalfatosenoticias.com.br\/index.php\/author\/luzimara\/\"}]}<\/script>\n<!-- \/ Yoast SEO plugin. -->","yoast_head_json":{"title":"Ar polar derruba temperaturas e traz chuva para regi\u00f5es do Brasil - Jornal Fatos e Not\u00edcias","robots":{"index":"index","follow":"follow","max-snippet":"max-snippet:-1","max-image-preview":"max-image-preview:large","max-video-preview":"max-video-preview:-1"},"canonical":"https:\/\/jornalfatosenoticias.com.br\/index.php\/2026\/03\/10\/ar-polar-derruba-temperaturas-e-traz-chuva-para-regioes-do-brasil\/","og_locale":"pt_BR","og_type":"article","og_title":"Ar polar derruba temperaturas e traz chuva para regi\u00f5es do Brasil - Jornal Fatos e Not\u00edcias","og_description":"O avan\u00e7o de uma massa de ar frio de origem polar pelo oceano e a passagem de uma frente fria pelo litoral do Sudeste mudam o tempo no Brasil Por Pedro Spadoni O avan\u00e7o de uma massa de ar\u00a0frio\u00a0de origem polar\u00a0pelo oceano e a passagem de uma\u00a0frente fria\u00a0pelo litoral do Sudeste mudam o tempo no [&hellip;]","og_url":"https:\/\/jornalfatosenoticias.com.br\/index.php\/2026\/03\/10\/ar-polar-derruba-temperaturas-e-traz-chuva-para-regioes-do-brasil\/","og_site_name":"Jornal Fatos e Not\u00edcias","article_published_time":"2026-03-10T19:31:35+00:00","article_modified_time":"2026-03-10T19:31:37+00:00","og_image":[{"width":1000,"height":684,"url":"https:\/\/jornalfatosenoticias.com.br\/wp-content\/uploads\/2026\/03\/chuva-n-brasil_freepik-com-ia.jpg","type":"image\/jpeg"}],"author":"Luzimara Fernandes","twitter_card":"summary_large_image","twitter_misc":{"Escrito por":"Luzimara Fernandes","Est. tempo de leitura":"5 minutos"},"schema":{"@context":"https:\/\/schema.org","@graph":[{"@type":"Article","@id":"https:\/\/jornalfatosenoticias.com.br\/index.php\/2026\/03\/10\/ar-polar-derruba-temperaturas-e-traz-chuva-para-regioes-do-brasil\/#article","isPartOf":{"@id":"https:\/\/jornalfatosenoticias.com.br\/index.php\/2026\/03\/10\/ar-polar-derruba-temperaturas-e-traz-chuva-para-regioes-do-brasil\/"},"author":{"name":"Luzimara Fernandes","@id":"https:\/\/jornalfatosenoticias.com.br\/#\/schema\/person\/d63837fa13ac8666eb9e74e0985d6f81"},"headline":"Ar polar derruba temperaturas e traz chuva para regi\u00f5es do Brasil","datePublished":"2026-03-10T19:31:35+00:00","dateModified":"2026-03-10T19:31:37+00:00","mainEntityOfPage":{"@id":"https:\/\/jornalfatosenoticias.com.br\/index.php\/2026\/03\/10\/ar-polar-derruba-temperaturas-e-traz-chuva-para-regioes-do-brasil\/"},"wordCount":664,"commentCount":0,"publisher":{"@id":"https:\/\/jornalfatosenoticias.com.br\/#organization"},"image":{"@id":"https:\/\/jornalfatosenoticias.com.br\/index.php\/2026\/03\/10\/ar-polar-derruba-temperaturas-e-traz-chuva-para-regioes-do-brasil\/#primaryimage"},"thumbnailUrl":"https:\/\/jornalfatosenoticias.com.br\/wp-content\/uploads\/2026\/03\/chuva-n-brasil_freepik-com-ia.jpg","keywords":["ar frio","chuva","clima","frio","massa de ar frio","massa polar","previs\u00e3o do tempo"],"articleSection":["Geral"],"inLanguage":"pt-BR","potentialAction":[{"@type":"CommentAction","name":"Comment","target":["https:\/\/jornalfatosenoticias.com.br\/index.php\/2026\/03\/10\/ar-polar-derruba-temperaturas-e-traz-chuva-para-regioes-do-brasil\/#respond"]}]},{"@type":"WebPage","@id":"https:\/\/jornalfatosenoticias.com.br\/index.php\/2026\/03\/10\/ar-polar-derruba-temperaturas-e-traz-chuva-para-regioes-do-brasil\/","url":"https:\/\/jornalfatosenoticias.com.br\/index.php\/2026\/03\/10\/ar-polar-derruba-temperaturas-e-traz-chuva-para-regioes-do-brasil\/","name":"Ar polar derruba temperaturas e traz chuva para regi\u00f5es do Brasil - Jornal Fatos e Not\u00edcias","isPartOf":{"@id":"https:\/\/jornalfatosenoticias.com.br\/#website"},"primaryImageOfPage":{"@id":"https:\/\/jornalfatosenoticias.com.br\/index.php\/2026\/03\/10\/ar-polar-derruba-temperaturas-e-traz-chuva-para-regioes-do-brasil\/#primaryimage"},"image":{"@id":"https:\/\/jornalfatosenoticias.com.br\/index.php\/2026\/03\/10\/ar-polar-derruba-temperaturas-e-traz-chuva-para-regioes-do-brasil\/#primaryimage"},"thumbnailUrl":"https:\/\/jornalfatosenoticias.com.br\/wp-content\/uploads\/2026\/03\/chuva-n-brasil_freepik-com-ia.jpg","datePublished":"2026-03-10T19:31:35+00:00","dateModified":"2026-03-10T19:31:37+00:00","breadcrumb":{"@id":"https:\/\/jornalfatosenoticias.com.br\/index.php\/2026\/03\/10\/ar-polar-derruba-temperaturas-e-traz-chuva-para-regioes-do-brasil\/#breadcrumb"},"inLanguage":"pt-BR","potentialAction":[{"@type":"ReadAction","target":["https:\/\/jornalfatosenoticias.com.br\/index.php\/2026\/03\/10\/ar-polar-derruba-temperaturas-e-traz-chuva-para-regioes-do-brasil\/"]}]},{"@type":"ImageObject","inLanguage":"pt-BR","@id":"https:\/\/jornalfatosenoticias.com.br\/index.php\/2026\/03\/10\/ar-polar-derruba-temperaturas-e-traz-chuva-para-regioes-do-brasil\/#primaryimage","url":"https:\/\/jornalfatosenoticias.com.br\/wp-content\/uploads\/2026\/03\/chuva-n-brasil_freepik-com-ia.jpg","contentUrl":"https:\/\/jornalfatosenoticias.com.br\/wp-content\/uploads\/2026\/03\/chuva-n-brasil_freepik-com-ia.jpg","width":1000,"height":684},{"@type":"BreadcrumbList","@id":"https:\/\/jornalfatosenoticias.com.br\/index.php\/2026\/03\/10\/ar-polar-derruba-temperaturas-e-traz-chuva-para-regioes-do-brasil\/#breadcrumb","itemListElement":[{"@type":"ListItem","position":1,"name":"In\u00edcio","item":"https:\/\/jornalfatosenoticias.com.br\/"},{"@type":"ListItem","position":2,"name":"Ar polar derruba temperaturas e traz chuva para regi\u00f5es do Brasil"}]},{"@type":"WebSite","@id":"https:\/\/jornalfatosenoticias.com.br\/#website","url":"https:\/\/jornalfatosenoticias.com.br\/","name":"Jornal Fatos e Not\u00edcias","description":"Not\u00edcias em geral","publisher":{"@id":"https:\/\/jornalfatosenoticias.com.br\/#organization"},"potentialAction":[{"@type":"SearchAction","target":{"@type":"EntryPoint","urlTemplate":"https:\/\/jornalfatosenoticias.com.br\/?s={search_term_string}"},"query-input":{"@type":"PropertyValueSpecification","valueRequired":true,"valueName":"search_term_string"}}],"inLanguage":"pt-BR"},{"@type":"Organization","@id":"https:\/\/jornalfatosenoticias.com.br\/#organization","name":"Jornal Fatos e Not\u00edcias","url":"https:\/\/jornalfatosenoticias.com.br\/","logo":{"@type":"ImageObject","inLanguage":"pt-BR","@id":"https:\/\/jornalfatosenoticias.com.br\/#\/schema\/logo\/image\/","url":"https:\/\/jornalfatosenoticias.com.br\/wp-content\/uploads\/2020\/02\/logo120.png","contentUrl":"https:\/\/jornalfatosenoticias.com.br\/wp-content\/uploads\/2020\/02\/logo120.png","width":1227,"height":120,"caption":"Jornal Fatos e Not\u00edcias"},"image":{"@id":"https:\/\/jornalfatosenoticias.com.br\/#\/schema\/logo\/image\/"}},{"@type":"Person","@id":"https:\/\/jornalfatosenoticias.com.br\/#\/schema\/person\/d63837fa13ac8666eb9e74e0985d6f81","name":"Luzimara Fernandes","image":{"@type":"ImageObject","inLanguage":"pt-BR","@id":"https:\/\/jornalfatosenoticias.com.br\/#\/schema\/person\/image\/","url":"https:\/\/jornalfatosenoticias.com.br\/wp-content\/uploads\/2025\/05\/EU_portal.jpg","contentUrl":"https:\/\/jornalfatosenoticias.com.br\/wp-content\/uploads\/2025\/05\/EU_portal.jpg","caption":"Luzimara Fernandes"},"description":"Jornalista MTB 2358-ES","sameAs":["https:\/\/jornalfatosenoticias.com.br"],"url":"https:\/\/jornalfatosenoticias.com.br\/index.php\/author\/luzimara\/"}]}},"cc_featured_image_caption":{"caption_text":"(Foto: Freepik com IA)","source_text":"","source_url":""},"jetpack_featured_media_url":"https:\/\/jornalfatosenoticias.com.br\/wp-content\/uploads\/2026\/03\/chuva-n-brasil_freepik-com-ia.jpg","_links":{"self":[{"href":"https:\/\/jornalfatosenoticias.com.br\/index.php\/wp-json\/wp\/v2\/posts\/65793","targetHints":{"allow":["GET"]}}],"collection":[{"href":"https:\/\/jornalfatosenoticias.com.br\/index.php\/wp-json\/wp\/v2\/posts"}],"about":[{"href":"https:\/\/jornalfatosenoticias.com.br\/index.php\/wp-json\/wp\/v2\/types\/post"}],"author":[{"embeddable":true,"href":"https:\/\/jornalfatosenoticias.com.br\/index.php\/wp-json\/wp\/v2\/users\/2"}],"replies":[{"embeddable":true,"href":"https:\/\/jornalfatosenoticias.com.br\/index.php\/wp-json\/wp\/v2\/comments?post=65793"}],"version-history":[{"count":1,"href":"https:\/\/jornalfatosenoticias.com.br\/index.php\/wp-json\/wp\/v2\/posts\/65793\/revisions"}],"predecessor-version":[{"id":65796,"href":"https:\/\/jornalfatosenoticias.com.br\/index.php\/wp-json\/wp\/v2\/posts\/65793\/revisions\/65796"}],"wp:featuredmedia":[{"embeddable":true,"href":"https:\/\/jornalfatosenoticias.com.br\/index.php\/wp-json\/wp\/v2\/media\/65795"}],"wp:attachment":[{"href":"https:\/\/jornalfatosenoticias.com.br\/index.php\/wp-json\/wp\/v2\/media?parent=65793"}],"wp:term":[{"taxonomy":"category","embeddable":true,"href":"https:\/\/jornalfatosenoticias.com.br\/index.php\/wp-json\/wp\/v2\/categories?post=65793"},{"taxonomy":"post_tag","embeddable":true,"href":"https:\/\/jornalfatosenoticias.com.br\/index.php\/wp-json\/wp\/v2\/tags?post=65793"}],"curies":[{"name":"wp","href":"https:\/\/api.w.org\/{rel}","templated":true}]}}