{"id":65849,"date":"2026-03-12T14:49:02","date_gmt":"2026-03-12T17:49:02","guid":{"rendered":"https:\/\/jornalfatosenoticias.com.br\/?p=65849"},"modified":"2026-03-12T14:49:06","modified_gmt":"2026-03-12T17:49:06","slug":"epstein-em-franquias-e-a-modalidade-de-estupro-coletivo","status":"publish","type":"post","link":"https:\/\/jornalfatosenoticias.com.br\/index.php\/2026\/03\/12\/epstein-em-franquias-e-a-modalidade-de-estupro-coletivo\/","title":{"rendered":"Epstein em franquias e a modalidade de estupro coletivo"},"content":{"rendered":"\n<p><em><mark style=\"background-color:rgba(0, 0, 0, 0)\" class=\"has-inline-color has-black-color\">O tr\u00e1fico internacional de pessoas, beb\u00eas, crian\u00e7as, adolescentes, e jovens adultos, nunca ficou t\u00e3o escancarado como agora<\/mark><\/em><\/p>\n\n\n\n<p>Os Documentos de Epstein que estavam ocupando, quase totalmente, o espa\u00e7o midi\u00e1tico, foi derrubado por uma guerra precipitada pela prem\u00eancia de escancaramento do envolvimento de uma figura que usa a paleta alaranjada no cabelo e na pele, e que aparecia em milhares de fotos, v\u00eddeos, e comunica\u00e7\u00f5es com Epstein, o Rei da Ilha da Orgia, com crian\u00e7as e adolescentes, meninas e meninos.<br>Mas esse protagonista que abriu v\u00e1rias frentes, atropelou o explosivo monte de documentos, tenebrosamente horripilantes, parece que, encurralado pelas evid\u00eancias dos crimes cometidos com estupros m\u00faltiplos de crian\u00e7as, deflagra uma guerra de grandes propor\u00e7\u00f5es e consequ\u00eancias imprevis\u00edveis. Esse, ali\u00e1s, \u00e9 o tra\u00e7o predominante de seu perfil: o desprezo pelo outro em todas as condi\u00e7\u00f5es que se apresentem. Tra\u00e7o esse que \u00e9 inerente aos predadores sexuais. A obsess\u00e3o pelo Poder infinito \u00e9 t\u00e3o expl\u00edcita e t\u00e3o ineg\u00e1vel quanto sua cor do rosto e cor do cabelo. Mas \u00e9, inegavelmente, ex\u00edmio na compra e venda. Se come\u00e7ou e cresceu usando coisas inanimadas, hoje reina comprando e vendendo vidas humanas.<br>Epstein tamb\u00e9m era expert na comercializa\u00e7\u00e3o de corpos de crian\u00e7as, vivos ou mortos, transformando-os em moeda que lhe permitiu acumular aos milh\u00f5es e milh\u00f5es. O apelo \u00e0 barb\u00e1rie oferecida \u00e0 casta mais Poderosa, fosse no seleto mundo financeiro, ou no mundo das c\u00fapulas da Pol\u00edtica, ou das celebridades midi\u00e1ticas, de tal maneira amarrada, que o grupo restava ref\u00e9m dos registros de \u00e1udio e v\u00eddeo, armas das chantagens. Uma engrenagem sofisticada, mas ao mesmo tempo de uma simplicidade desconfort\u00e1vel. Uma isca podre, mas dourada era o suficiente para encarcerar. Essa isca era rar\u00edssima pela sua perversidade, um \u00edm\u00e3 perfeito para pessoas sem car\u00e1ter. Lembrando que a pervers\u00e3o \u00e9 infinita, mesmo.<\/p>\n\n\n<div class=\"wp-block-image\">\n<figure class=\"aligncenter size-large is-resized\"><a href=\"https:\/\/www.facebook.com\/profile.php?id=100069289606145\"><img loading=\"lazy\" decoding=\"async\" width=\"1024\" height=\"714\" src=\"https:\/\/jornalfatosenoticias.com.br\/wp-content\/uploads\/2024\/11\/Guaitolini-Contabilidade-1024x714.jpeg\" alt=\"\" class=\"wp-image-55808\" style=\"aspect-ratio:1.4342119304236474;width:379px;height:auto\" srcset=\"https:\/\/jornalfatosenoticias.com.br\/wp-content\/uploads\/2024\/11\/Guaitolini-Contabilidade-1024x714.jpeg 1024w, https:\/\/jornalfatosenoticias.com.br\/wp-content\/uploads\/2024\/11\/Guaitolini-Contabilidade-300x209.jpeg 300w, https:\/\/jornalfatosenoticias.com.br\/wp-content\/uploads\/2024\/11\/Guaitolini-Contabilidade-768x535.jpeg 768w, https:\/\/jornalfatosenoticias.com.br\/wp-content\/uploads\/2024\/11\/Guaitolini-Contabilidade.jpeg 1280w\" sizes=\"auto, (max-width: 1024px) 100vw, 1024px\" \/><\/a><\/figure>\n<\/div>\n\n\n<p>Mas a guerra veio, implac\u00e1vel. E os escombros tomaram todos os espa\u00e7os. Os mortos, os feridos. As crian\u00e7as perdidas, em vulnerabilidade extrema, presas f\u00e1ceis para alimentar os reservat\u00f3rios dos pequenos escravos sexuais internacionais. O tr\u00e1fico internacional de pessoas, beb\u00eas, crian\u00e7as, adolescentes, e jovens adultos, nunca ficou t\u00e3o escancarado como agora. Lament\u00e1vel que, como o conte\u00fado horrendo da mais recente guerra, todas essas barbaridades entrar\u00e3o em estado de hiberna\u00e7\u00e3o, logo, logo.<\/p>\n\n\n<div class=\"wp-block-image\">\n<figure class=\"aligncenter size-full\"><img loading=\"lazy\" decoding=\"async\" width=\"686\" height=\"386\" src=\"https:\/\/jornalfatosenoticias.com.br\/wp-content\/uploads\/2026\/03\/caso-Pelicot.jpg\" alt=\"\" class=\"wp-image-65850\" srcset=\"https:\/\/jornalfatosenoticias.com.br\/wp-content\/uploads\/2026\/03\/caso-Pelicot.jpg 686w, https:\/\/jornalfatosenoticias.com.br\/wp-content\/uploads\/2026\/03\/caso-Pelicot-300x169.jpg 300w\" sizes=\"auto, (max-width: 686px) 100vw, 686px\" \/><figcaption class=\"wp-element-caption\"><em><mark style=\"background-color:rgba(0, 0, 0, 0)\" class=\"has-inline-color has-black-color\">(Foto: <a href=\"https:\/\/www.youtube.com\/watch?v=lCn9MMwGVUE\">YouTube<\/a>)<\/mark><\/em><\/figcaption><\/figure>\n<\/div>\n\n\n<p>O caso de Dominique Pelicot, o marido franc\u00eas que explorou sexualmente sua esposa por mais de 10 anos, dopando-a com anest\u00e9sicos, e compartilhando-a com uma lista de 83 homens, que estupravam a sua carca\u00e7a, sob o olhar, o registro em v\u00eddeo, e a administra\u00e7\u00e3o da \u201cchecklist\u201d de homens, de 20 a 55 anos, tudo por decis\u00e3o sua, dentro do quarto e da cama do casal, j\u00e1 sumiu na poeira dos ventos. \u00c9 um caso horripilante! Dif\u00edcil imaginar como Dominique conseguia conciliar e costurar esse c\u00e2ncer mental \u00e0 sua mente social, gentil, respons\u00e1vel, atenciosa. Temos tend\u00eancia a pensar que s\u00e3o dois peda\u00e7os inconcili\u00e1veis. Penso que s\u00e3o sim. Talvez ajude evocar aquela ideia rasa de avaliar alguma pessoa como sendo duas caras, ou tendo dupla personalidade. Parece-me que pud\u00e9ssemos pensar que s\u00e3o duas pessoas em um s\u00f3 corpo, em um permanente \u201csplitting\u201d, (termo t\u00e9cnico da psicopatologia que se refere \u00e0 esquizofrenia severa), sem nenhum sistema cerebral de empatia, nem de arrependimento, nenhum sentimento de humanicidade. Vale ressaltar que, mesmo tendo similitude com um sintoma essencial de uma doen\u00e7a mental, a pervers\u00e3o, estupradores, predadores, s\u00e1dicos b\u00e1rbaros, n\u00e3o s\u00e3o doentes, n\u00e3o s\u00e3o trat\u00e1veis. Outra ilus\u00e3o \u00e9 a de determinar a castra\u00e7\u00e3o qu\u00edmica para abusadores de crian\u00e7as. \u00c9 preciso entender que esses crimes s\u00e3o cometidos no campo da sexualidade, mas n\u00e3o s\u00e3o sexuais para o adulto, s\u00e3o a busca e o exerc\u00edcio do Poder. E essas pessoas n\u00e3o t\u00eam resqu\u00edcio de sistema de autoavalia\u00e7\u00e3o, de arrependimento, de culpa.<\/p>\n\n\n<div class=\"wp-block-image\">\n<figure class=\"aligncenter size-full is-resized\"><a href=\"https:\/\/www.origestaofinanceira.com.br\/\"><img loading=\"lazy\" decoding=\"async\" width=\"841\" height=\"881\" src=\"https:\/\/jornalfatosenoticias.com.br\/wp-content\/uploads\/2020\/02\/Ori-Gestao-Financeira.jpeg\" alt=\"\" class=\"wp-image-64779\" style=\"aspect-ratio:0.9546132537822288;width:311px;height:auto\" srcset=\"https:\/\/jornalfatosenoticias.com.br\/wp-content\/uploads\/2020\/02\/Ori-Gestao-Financeira.jpeg 841w, https:\/\/jornalfatosenoticias.com.br\/wp-content\/uploads\/2020\/02\/Ori-Gestao-Financeira-286x300.jpeg 286w, https:\/\/jornalfatosenoticias.com.br\/wp-content\/uploads\/2020\/02\/Ori-Gestao-Financeira-768x805.jpeg 768w\" sizes=\"auto, (max-width: 841px) 100vw, 841px\" \/><\/a><\/figure>\n<\/div>\n\n\n<p>N\u00e3o \u00e0 toa, um dos criminosos que cometeram, com planejamento e comemora\u00e7\u00e3o de resultado quase morte da menina, quando se apresentou \u00e0 delegacia, ap\u00f3s o tempo de flagrante, claro, vestia uma camiseta com o lema: \u201carrependimento nenhum\u201d. Esse \u00e9 um princ\u00edpio de grupos de \u00f3dio a mulheres, que d\u00e3o instru\u00e7\u00f5es, inclusive, como fazer quando ela disser um n\u00e3o. Demonstra\u00e7\u00e3o de golpes, pontap\u00e9s e uso de faca s\u00e3o encenados para a forma\u00e7\u00e3o de b\u00e1rbaros que distribuem \u201ccarteirinha de identidade\u201d com a est\u00fapida brutalidade.<br>A modalidade do Estupro Coletivo foi a mesma usada pelo Dominique Pelicot, por mais de uma d\u00e9cada, usando sua esposa, a m\u00e3e de seus tr\u00eas filhos. \u201cFam\u00edlia Feliz\u201d, \u201cfam\u00edlia de bem\u201d, \u201cum homem acima de qualquer suspeita\u201d, s\u00e3o, quase sempre, apenas cenografia de primitivismo subanimal. <\/p>\n\n\n<div class=\"wp-block-image\">\n<figure class=\"aligncenter size-full\"><img loading=\"lazy\" decoding=\"async\" width=\"512\" height=\"640\" src=\"https:\/\/jornalfatosenoticias.com.br\/wp-content\/uploads\/2026\/03\/estupro-coletivo-RJ_Reproducao_Facebook.jpg\" alt=\"\" class=\"wp-image-65851\" srcset=\"https:\/\/jornalfatosenoticias.com.br\/wp-content\/uploads\/2026\/03\/estupro-coletivo-RJ_Reproducao_Facebook.jpg 512w, https:\/\/jornalfatosenoticias.com.br\/wp-content\/uploads\/2026\/03\/estupro-coletivo-RJ_Reproducao_Facebook-240x300.jpg 240w\" sizes=\"auto, (max-width: 512px) 100vw, 512px\" \/><figcaption class=\"wp-element-caption\"><em><mark style=\"background-color:rgba(0, 0, 0, 0)\" class=\"has-inline-color has-black-color\">(Foto: Reprodu\u00e7\u00e3o Facebook)<\/mark><\/em><\/figcaption><\/figure>\n<\/div>\n\n\n<p>Fomos surpreendidos pelo horror de quatro homens e um adolescente de 17 anos, ex-ficante da menina de 17 anos, estuprada por todos. Foi o adolescente ex que armou a cilada para atrair a menina para um apartamento\/matadouro em Copacabana, se aproveitando da confian\u00e7a que ela tinha nele. Quando essa barb\u00e1rie ocupou espa\u00e7o no notici\u00e1rio, outras meninas decidiram fazer a den\u00fancia de seus estupros, tamb\u00e9m coletivos. E tomamos conhecimento que j\u00e1 aconteciam h\u00e1 mais de tr\u00eas anos, que aconteceram v\u00e1rias vezes, sempre seguindo o mesmo modus operandi e, ainda, que h\u00e1 plataformas na internet que ensinam essa barb\u00e1rie est\u00fapida, abertamente.<br>Na ilus\u00e3o de ser \u201cmais macho\u201d que os outros, esses criminosos usam o campo da sexualidade, momento que deixa a mulher, a menina, o menino, o beb\u00ea, na extrema vulnerabilidade pela discrep\u00e2ncia da for\u00e7a f\u00edsica natural, com o objetivo de obter um gozo de Poder. \u00c9 uma experi\u00eancia de desumaniza\u00e7\u00e3o, que, quanto mais absoluta, mais sensa\u00e7\u00e3o de gozo. Por isso, n\u00e3o \u00e9 suficiente s\u00f3 a penetra\u00e7\u00e3o, \u00e9 preciso espancar, causar dor intensa, deixar marcas concretas. Exibicionismo e vouyerismo, chutes, socos, fazem a performance que ganha o apelido relativo a sexo. Mas, n\u00e3o \u00e9.<\/p>\n\n\n<div class=\"wp-block-image\">\n<figure class=\"aligncenter size-full is-resized\"><a href=\"https:\/\/www.instagram.com\/kalynecalais\/\"><img loading=\"lazy\" decoding=\"async\" width=\"969\" height=\"406\" src=\"https:\/\/jornalfatosenoticias.com.br\/wp-content\/uploads\/2024\/09\/Legis-Juris-Consultoria_logo.jpg\" alt=\"\" class=\"wp-image-53915\" style=\"aspect-ratio:2.3867874267448057;width:597px;height:auto\" srcset=\"https:\/\/jornalfatosenoticias.com.br\/wp-content\/uploads\/2024\/09\/Legis-Juris-Consultoria_logo.jpg 969w, https:\/\/jornalfatosenoticias.com.br\/wp-content\/uploads\/2024\/09\/Legis-Juris-Consultoria_logo-300x126.jpg 300w, https:\/\/jornalfatosenoticias.com.br\/wp-content\/uploads\/2024\/09\/Legis-Juris-Consultoria_logo-768x322.jpg 768w\" sizes=\"auto, (max-width: 969px) 100vw, 969px\" \/><\/a><\/figure>\n<\/div>","protected":false},"excerpt":{"rendered":"<p>O tr\u00e1fico internacional de pessoas, beb\u00eas, crian\u00e7as, adolescentes, e jovens adultos, nunca ficou t\u00e3o escancarado como agora Os Documentos de Epstein que estavam ocupando, quase totalmente, o espa\u00e7o midi\u00e1tico, foi derrubado por uma guerra precipitada pela prem\u00eancia de escancaramento do envolvimento de uma figura que usa a paleta alaranjada no cabelo e na pele, e [&hellip;]<\/p>\n","protected":false},"author":8,"featured_media":65852,"comment_status":"open","ping_status":"open","sticky":false,"template":"","format":"standard","meta":{"footnotes":""},"categories":[2522],"tags":[2811,5997,3214,670,29945,29549,29944],"class_list":["post-65849","post","type-post","status-publish","format-standard","has-post-thumbnail","hentry","category-comportamento","tag-adolescentes","tag-adultos","tag-bebes","tag-criancas","tag-estupro-coletivo","tag-jeffrey-epstein","tag-trafico-internacional-de-pessoas"],"yoast_head":"<!-- This site is optimized with the Yoast SEO plugin v26.5 - https:\/\/yoast.com\/wordpress\/plugins\/seo\/ -->\n<title>Epstein em franquias e a modalidade de estupro coletivo - Jornal Fatos e Not\u00edcias<\/title>\n<meta name=\"robots\" content=\"index, follow, max-snippet:-1, max-image-preview:large, max-video-preview:-1\" \/>\n<link rel=\"canonical\" href=\"https:\/\/jornalfatosenoticias.com.br\/index.php\/2026\/03\/12\/epstein-em-franquias-e-a-modalidade-de-estupro-coletivo\/\" \/>\n<meta property=\"og:locale\" content=\"pt_BR\" \/>\n<meta property=\"og:type\" content=\"article\" \/>\n<meta property=\"og:title\" content=\"Epstein em franquias e a modalidade de estupro coletivo - Jornal Fatos e Not\u00edcias\" \/>\n<meta property=\"og:description\" content=\"O tr\u00e1fico internacional de pessoas, beb\u00eas, crian\u00e7as, adolescentes, e jovens adultos, nunca ficou t\u00e3o escancarado como agora Os Documentos de Epstein que estavam ocupando, quase totalmente, o espa\u00e7o midi\u00e1tico, foi derrubado por uma guerra precipitada pela prem\u00eancia de escancaramento do envolvimento de uma figura que usa a paleta alaranjada no cabelo e na pele, e [&hellip;]\" \/>\n<meta property=\"og:url\" content=\"https:\/\/jornalfatosenoticias.com.br\/index.php\/2026\/03\/12\/epstein-em-franquias-e-a-modalidade-de-estupro-coletivo\/\" \/>\n<meta property=\"og:site_name\" content=\"Jornal Fatos e Not\u00edcias\" \/>\n<meta property=\"article:published_time\" content=\"2026-03-12T17:49:02+00:00\" \/>\n<meta property=\"article:modified_time\" content=\"2026-03-12T17:49:06+00:00\" \/>\n<meta property=\"og:image\" content=\"https:\/\/jornalfatosenoticias.com.br\/wp-content\/uploads\/2026\/03\/ChatGPT-Image_Iencarelli.png\" \/>\n\t<meta property=\"og:image:width\" content=\"1000\" \/>\n\t<meta property=\"og:image:height\" content=\"666\" \/>\n\t<meta property=\"og:image:type\" content=\"image\/png\" \/>\n<meta name=\"author\" content=\"Ana Maria Iencarelli\" \/>\n<meta name=\"twitter:card\" content=\"summary_large_image\" \/>\n<meta name=\"twitter:label1\" content=\"Escrito por\" \/>\n\t<meta name=\"twitter:data1\" content=\"Ana Maria Iencarelli\" \/>\n\t<meta name=\"twitter:label2\" content=\"Est. tempo de leitura\" \/>\n\t<meta name=\"twitter:data2\" content=\"7 minutos\" \/>\n<script type=\"application\/ld+json\" class=\"yoast-schema-graph\">{\"@context\":\"https:\/\/schema.org\",\"@graph\":[{\"@type\":\"Article\",\"@id\":\"https:\/\/jornalfatosenoticias.com.br\/index.php\/2026\/03\/12\/epstein-em-franquias-e-a-modalidade-de-estupro-coletivo\/#article\",\"isPartOf\":{\"@id\":\"https:\/\/jornalfatosenoticias.com.br\/index.php\/2026\/03\/12\/epstein-em-franquias-e-a-modalidade-de-estupro-coletivo\/\"},\"author\":{\"name\":\"Ana Maria Iencarelli\",\"@id\":\"https:\/\/jornalfatosenoticias.com.br\/#\/schema\/person\/c33fcf5fb02d729d3fec92c6737a22d1\"},\"headline\":\"Epstein em franquias e a modalidade de estupro coletivo\",\"datePublished\":\"2026-03-12T17:49:02+00:00\",\"dateModified\":\"2026-03-12T17:49:06+00:00\",\"mainEntityOfPage\":{\"@id\":\"https:\/\/jornalfatosenoticias.com.br\/index.php\/2026\/03\/12\/epstein-em-franquias-e-a-modalidade-de-estupro-coletivo\/\"},\"wordCount\":1052,\"commentCount\":0,\"publisher\":{\"@id\":\"https:\/\/jornalfatosenoticias.com.br\/#organization\"},\"image\":{\"@id\":\"https:\/\/jornalfatosenoticias.com.br\/index.php\/2026\/03\/12\/epstein-em-franquias-e-a-modalidade-de-estupro-coletivo\/#primaryimage\"},\"thumbnailUrl\":\"https:\/\/jornalfatosenoticias.com.br\/wp-content\/uploads\/2026\/03\/ChatGPT-Image_Iencarelli.png\",\"keywords\":[\"adolescentes\",\"adultos\",\"beb\u00eas\",\"crian\u00e7as\",\"estupro coletivo\",\"Jeffrey Epstein\",\"tr\u00e1fico internacional de pessoas\"],\"articleSection\":[\"Comportamento &amp; Equil\u00edbrio\"],\"inLanguage\":\"pt-BR\",\"potentialAction\":[{\"@type\":\"CommentAction\",\"name\":\"Comment\",\"target\":[\"https:\/\/jornalfatosenoticias.com.br\/index.php\/2026\/03\/12\/epstein-em-franquias-e-a-modalidade-de-estupro-coletivo\/#respond\"]}]},{\"@type\":\"WebPage\",\"@id\":\"https:\/\/jornalfatosenoticias.com.br\/index.php\/2026\/03\/12\/epstein-em-franquias-e-a-modalidade-de-estupro-coletivo\/\",\"url\":\"https:\/\/jornalfatosenoticias.com.br\/index.php\/2026\/03\/12\/epstein-em-franquias-e-a-modalidade-de-estupro-coletivo\/\",\"name\":\"Epstein em franquias e a modalidade de estupro coletivo - Jornal Fatos e Not\u00edcias\",\"isPartOf\":{\"@id\":\"https:\/\/jornalfatosenoticias.com.br\/#website\"},\"primaryImageOfPage\":{\"@id\":\"https:\/\/jornalfatosenoticias.com.br\/index.php\/2026\/03\/12\/epstein-em-franquias-e-a-modalidade-de-estupro-coletivo\/#primaryimage\"},\"image\":{\"@id\":\"https:\/\/jornalfatosenoticias.com.br\/index.php\/2026\/03\/12\/epstein-em-franquias-e-a-modalidade-de-estupro-coletivo\/#primaryimage\"},\"thumbnailUrl\":\"https:\/\/jornalfatosenoticias.com.br\/wp-content\/uploads\/2026\/03\/ChatGPT-Image_Iencarelli.png\",\"datePublished\":\"2026-03-12T17:49:02+00:00\",\"dateModified\":\"2026-03-12T17:49:06+00:00\",\"breadcrumb\":{\"@id\":\"https:\/\/jornalfatosenoticias.com.br\/index.php\/2026\/03\/12\/epstein-em-franquias-e-a-modalidade-de-estupro-coletivo\/#breadcrumb\"},\"inLanguage\":\"pt-BR\",\"potentialAction\":[{\"@type\":\"ReadAction\",\"target\":[\"https:\/\/jornalfatosenoticias.com.br\/index.php\/2026\/03\/12\/epstein-em-franquias-e-a-modalidade-de-estupro-coletivo\/\"]}]},{\"@type\":\"ImageObject\",\"inLanguage\":\"pt-BR\",\"@id\":\"https:\/\/jornalfatosenoticias.com.br\/index.php\/2026\/03\/12\/epstein-em-franquias-e-a-modalidade-de-estupro-coletivo\/#primaryimage\",\"url\":\"https:\/\/jornalfatosenoticias.com.br\/wp-content\/uploads\/2026\/03\/ChatGPT-Image_Iencarelli.png\",\"contentUrl\":\"https:\/\/jornalfatosenoticias.com.br\/wp-content\/uploads\/2026\/03\/ChatGPT-Image_Iencarelli.png\",\"width\":1000,\"height\":666},{\"@type\":\"BreadcrumbList\",\"@id\":\"https:\/\/jornalfatosenoticias.com.br\/index.php\/2026\/03\/12\/epstein-em-franquias-e-a-modalidade-de-estupro-coletivo\/#breadcrumb\",\"itemListElement\":[{\"@type\":\"ListItem\",\"position\":1,\"name\":\"In\u00edcio\",\"item\":\"https:\/\/jornalfatosenoticias.com.br\/\"},{\"@type\":\"ListItem\",\"position\":2,\"name\":\"Epstein em franquias e a modalidade de estupro coletivo\"}]},{\"@type\":\"WebSite\",\"@id\":\"https:\/\/jornalfatosenoticias.com.br\/#website\",\"url\":\"https:\/\/jornalfatosenoticias.com.br\/\",\"name\":\"Jornal Fatos e Not\u00edcias\",\"description\":\"Not\u00edcias em geral\",\"publisher\":{\"@id\":\"https:\/\/jornalfatosenoticias.com.br\/#organization\"},\"potentialAction\":[{\"@type\":\"SearchAction\",\"target\":{\"@type\":\"EntryPoint\",\"urlTemplate\":\"https:\/\/jornalfatosenoticias.com.br\/?s={search_term_string}\"},\"query-input\":{\"@type\":\"PropertyValueSpecification\",\"valueRequired\":true,\"valueName\":\"search_term_string\"}}],\"inLanguage\":\"pt-BR\"},{\"@type\":\"Organization\",\"@id\":\"https:\/\/jornalfatosenoticias.com.br\/#organization\",\"name\":\"Jornal Fatos e Not\u00edcias\",\"url\":\"https:\/\/jornalfatosenoticias.com.br\/\",\"logo\":{\"@type\":\"ImageObject\",\"inLanguage\":\"pt-BR\",\"@id\":\"https:\/\/jornalfatosenoticias.com.br\/#\/schema\/logo\/image\/\",\"url\":\"https:\/\/jornalfatosenoticias.com.br\/wp-content\/uploads\/2020\/02\/logo120.png\",\"contentUrl\":\"https:\/\/jornalfatosenoticias.com.br\/wp-content\/uploads\/2020\/02\/logo120.png\",\"width\":1227,\"height\":120,\"caption\":\"Jornal Fatos e Not\u00edcias\"},\"image\":{\"@id\":\"https:\/\/jornalfatosenoticias.com.br\/#\/schema\/logo\/image\/\"}},{\"@type\":\"Person\",\"@id\":\"https:\/\/jornalfatosenoticias.com.br\/#\/schema\/person\/c33fcf5fb02d729d3fec92c6737a22d1\",\"name\":\"Ana Maria Iencarelli\",\"image\":{\"@type\":\"ImageObject\",\"inLanguage\":\"pt-BR\",\"@id\":\"https:\/\/jornalfatosenoticias.com.br\/#\/schema\/person\/image\/\",\"url\":\"https:\/\/jornalfatosenoticias.com.br\/wp-content\/uploads\/2020\/02\/Ana-Maria-Iencarelli-1-150x150.jpg\",\"contentUrl\":\"https:\/\/jornalfatosenoticias.com.br\/wp-content\/uploads\/2020\/02\/Ana-Maria-Iencarelli-1-150x150.jpg\",\"caption\":\"Ana Maria Iencarelli\"},\"description\":\"Psicanalista Cl\u00ednica, especializada no atendimento a Crian\u00e7as e Adolescentes. Presidente da ONG Vozes de Anjos.\",\"url\":\"https:\/\/jornalfatosenoticias.com.br\/index.php\/author\/anamaria\/\"}]}<\/script>\n<!-- \/ Yoast SEO plugin. -->","yoast_head_json":{"title":"Epstein em franquias e a modalidade de estupro coletivo - Jornal Fatos e Not\u00edcias","robots":{"index":"index","follow":"follow","max-snippet":"max-snippet:-1","max-image-preview":"max-image-preview:large","max-video-preview":"max-video-preview:-1"},"canonical":"https:\/\/jornalfatosenoticias.com.br\/index.php\/2026\/03\/12\/epstein-em-franquias-e-a-modalidade-de-estupro-coletivo\/","og_locale":"pt_BR","og_type":"article","og_title":"Epstein em franquias e a modalidade de estupro coletivo - Jornal Fatos e Not\u00edcias","og_description":"O tr\u00e1fico internacional de pessoas, beb\u00eas, crian\u00e7as, adolescentes, e jovens adultos, nunca ficou t\u00e3o escancarado como agora Os Documentos de Epstein que estavam ocupando, quase totalmente, o espa\u00e7o midi\u00e1tico, foi derrubado por uma guerra precipitada pela prem\u00eancia de escancaramento do envolvimento de uma figura que usa a paleta alaranjada no cabelo e na pele, e [&hellip;]","og_url":"https:\/\/jornalfatosenoticias.com.br\/index.php\/2026\/03\/12\/epstein-em-franquias-e-a-modalidade-de-estupro-coletivo\/","og_site_name":"Jornal Fatos e Not\u00edcias","article_published_time":"2026-03-12T17:49:02+00:00","article_modified_time":"2026-03-12T17:49:06+00:00","og_image":[{"width":1000,"height":666,"url":"https:\/\/jornalfatosenoticias.com.br\/wp-content\/uploads\/2026\/03\/ChatGPT-Image_Iencarelli.png","type":"image\/png"}],"author":"Ana Maria Iencarelli","twitter_card":"summary_large_image","twitter_misc":{"Escrito por":"Ana Maria Iencarelli","Est. tempo de leitura":"7 minutos"},"schema":{"@context":"https:\/\/schema.org","@graph":[{"@type":"Article","@id":"https:\/\/jornalfatosenoticias.com.br\/index.php\/2026\/03\/12\/epstein-em-franquias-e-a-modalidade-de-estupro-coletivo\/#article","isPartOf":{"@id":"https:\/\/jornalfatosenoticias.com.br\/index.php\/2026\/03\/12\/epstein-em-franquias-e-a-modalidade-de-estupro-coletivo\/"},"author":{"name":"Ana Maria Iencarelli","@id":"https:\/\/jornalfatosenoticias.com.br\/#\/schema\/person\/c33fcf5fb02d729d3fec92c6737a22d1"},"headline":"Epstein em franquias e a modalidade de estupro coletivo","datePublished":"2026-03-12T17:49:02+00:00","dateModified":"2026-03-12T17:49:06+00:00","mainEntityOfPage":{"@id":"https:\/\/jornalfatosenoticias.com.br\/index.php\/2026\/03\/12\/epstein-em-franquias-e-a-modalidade-de-estupro-coletivo\/"},"wordCount":1052,"commentCount":0,"publisher":{"@id":"https:\/\/jornalfatosenoticias.com.br\/#organization"},"image":{"@id":"https:\/\/jornalfatosenoticias.com.br\/index.php\/2026\/03\/12\/epstein-em-franquias-e-a-modalidade-de-estupro-coletivo\/#primaryimage"},"thumbnailUrl":"https:\/\/jornalfatosenoticias.com.br\/wp-content\/uploads\/2026\/03\/ChatGPT-Image_Iencarelli.png","keywords":["adolescentes","adultos","beb\u00eas","crian\u00e7as","estupro coletivo","Jeffrey Epstein","tr\u00e1fico internacional de pessoas"],"articleSection":["Comportamento &amp; Equil\u00edbrio"],"inLanguage":"pt-BR","potentialAction":[{"@type":"CommentAction","name":"Comment","target":["https:\/\/jornalfatosenoticias.com.br\/index.php\/2026\/03\/12\/epstein-em-franquias-e-a-modalidade-de-estupro-coletivo\/#respond"]}]},{"@type":"WebPage","@id":"https:\/\/jornalfatosenoticias.com.br\/index.php\/2026\/03\/12\/epstein-em-franquias-e-a-modalidade-de-estupro-coletivo\/","url":"https:\/\/jornalfatosenoticias.com.br\/index.php\/2026\/03\/12\/epstein-em-franquias-e-a-modalidade-de-estupro-coletivo\/","name":"Epstein em franquias e a modalidade de estupro coletivo - Jornal Fatos e Not\u00edcias","isPartOf":{"@id":"https:\/\/jornalfatosenoticias.com.br\/#website"},"primaryImageOfPage":{"@id":"https:\/\/jornalfatosenoticias.com.br\/index.php\/2026\/03\/12\/epstein-em-franquias-e-a-modalidade-de-estupro-coletivo\/#primaryimage"},"image":{"@id":"https:\/\/jornalfatosenoticias.com.br\/index.php\/2026\/03\/12\/epstein-em-franquias-e-a-modalidade-de-estupro-coletivo\/#primaryimage"},"thumbnailUrl":"https:\/\/jornalfatosenoticias.com.br\/wp-content\/uploads\/2026\/03\/ChatGPT-Image_Iencarelli.png","datePublished":"2026-03-12T17:49:02+00:00","dateModified":"2026-03-12T17:49:06+00:00","breadcrumb":{"@id":"https:\/\/jornalfatosenoticias.com.br\/index.php\/2026\/03\/12\/epstein-em-franquias-e-a-modalidade-de-estupro-coletivo\/#breadcrumb"},"inLanguage":"pt-BR","potentialAction":[{"@type":"ReadAction","target":["https:\/\/jornalfatosenoticias.com.br\/index.php\/2026\/03\/12\/epstein-em-franquias-e-a-modalidade-de-estupro-coletivo\/"]}]},{"@type":"ImageObject","inLanguage":"pt-BR","@id":"https:\/\/jornalfatosenoticias.com.br\/index.php\/2026\/03\/12\/epstein-em-franquias-e-a-modalidade-de-estupro-coletivo\/#primaryimage","url":"https:\/\/jornalfatosenoticias.com.br\/wp-content\/uploads\/2026\/03\/ChatGPT-Image_Iencarelli.png","contentUrl":"https:\/\/jornalfatosenoticias.com.br\/wp-content\/uploads\/2026\/03\/ChatGPT-Image_Iencarelli.png","width":1000,"height":666},{"@type":"BreadcrumbList","@id":"https:\/\/jornalfatosenoticias.com.br\/index.php\/2026\/03\/12\/epstein-em-franquias-e-a-modalidade-de-estupro-coletivo\/#breadcrumb","itemListElement":[{"@type":"ListItem","position":1,"name":"In\u00edcio","item":"https:\/\/jornalfatosenoticias.com.br\/"},{"@type":"ListItem","position":2,"name":"Epstein em franquias e a modalidade de estupro coletivo"}]},{"@type":"WebSite","@id":"https:\/\/jornalfatosenoticias.com.br\/#website","url":"https:\/\/jornalfatosenoticias.com.br\/","name":"Jornal Fatos e Not\u00edcias","description":"Not\u00edcias em geral","publisher":{"@id":"https:\/\/jornalfatosenoticias.com.br\/#organization"},"potentialAction":[{"@type":"SearchAction","target":{"@type":"EntryPoint","urlTemplate":"https:\/\/jornalfatosenoticias.com.br\/?s={search_term_string}"},"query-input":{"@type":"PropertyValueSpecification","valueRequired":true,"valueName":"search_term_string"}}],"inLanguage":"pt-BR"},{"@type":"Organization","@id":"https:\/\/jornalfatosenoticias.com.br\/#organization","name":"Jornal Fatos e Not\u00edcias","url":"https:\/\/jornalfatosenoticias.com.br\/","logo":{"@type":"ImageObject","inLanguage":"pt-BR","@id":"https:\/\/jornalfatosenoticias.com.br\/#\/schema\/logo\/image\/","url":"https:\/\/jornalfatosenoticias.com.br\/wp-content\/uploads\/2020\/02\/logo120.png","contentUrl":"https:\/\/jornalfatosenoticias.com.br\/wp-content\/uploads\/2020\/02\/logo120.png","width":1227,"height":120,"caption":"Jornal Fatos e Not\u00edcias"},"image":{"@id":"https:\/\/jornalfatosenoticias.com.br\/#\/schema\/logo\/image\/"}},{"@type":"Person","@id":"https:\/\/jornalfatosenoticias.com.br\/#\/schema\/person\/c33fcf5fb02d729d3fec92c6737a22d1","name":"Ana Maria Iencarelli","image":{"@type":"ImageObject","inLanguage":"pt-BR","@id":"https:\/\/jornalfatosenoticias.com.br\/#\/schema\/person\/image\/","url":"https:\/\/jornalfatosenoticias.com.br\/wp-content\/uploads\/2020\/02\/Ana-Maria-Iencarelli-1-150x150.jpg","contentUrl":"https:\/\/jornalfatosenoticias.com.br\/wp-content\/uploads\/2020\/02\/Ana-Maria-Iencarelli-1-150x150.jpg","caption":"Ana Maria Iencarelli"},"description":"Psicanalista Cl\u00ednica, especializada no atendimento a Crian\u00e7as e Adolescentes. Presidente da ONG Vozes de Anjos.","url":"https:\/\/jornalfatosenoticias.com.br\/index.php\/author\/anamaria\/"}]}},"cc_featured_image_caption":{"caption_text":"(Foto: ChatGPT)","source_text":"","source_url":""},"jetpack_featured_media_url":"https:\/\/jornalfatosenoticias.com.br\/wp-content\/uploads\/2026\/03\/ChatGPT-Image_Iencarelli.png","_links":{"self":[{"href":"https:\/\/jornalfatosenoticias.com.br\/index.php\/wp-json\/wp\/v2\/posts\/65849","targetHints":{"allow":["GET"]}}],"collection":[{"href":"https:\/\/jornalfatosenoticias.com.br\/index.php\/wp-json\/wp\/v2\/posts"}],"about":[{"href":"https:\/\/jornalfatosenoticias.com.br\/index.php\/wp-json\/wp\/v2\/types\/post"}],"author":[{"embeddable":true,"href":"https:\/\/jornalfatosenoticias.com.br\/index.php\/wp-json\/wp\/v2\/users\/8"}],"replies":[{"embeddable":true,"href":"https:\/\/jornalfatosenoticias.com.br\/index.php\/wp-json\/wp\/v2\/comments?post=65849"}],"version-history":[{"count":1,"href":"https:\/\/jornalfatosenoticias.com.br\/index.php\/wp-json\/wp\/v2\/posts\/65849\/revisions"}],"predecessor-version":[{"id":65853,"href":"https:\/\/jornalfatosenoticias.com.br\/index.php\/wp-json\/wp\/v2\/posts\/65849\/revisions\/65853"}],"wp:featuredmedia":[{"embeddable":true,"href":"https:\/\/jornalfatosenoticias.com.br\/index.php\/wp-json\/wp\/v2\/media\/65852"}],"wp:attachment":[{"href":"https:\/\/jornalfatosenoticias.com.br\/index.php\/wp-json\/wp\/v2\/media?parent=65849"}],"wp:term":[{"taxonomy":"category","embeddable":true,"href":"https:\/\/jornalfatosenoticias.com.br\/index.php\/wp-json\/wp\/v2\/categories?post=65849"},{"taxonomy":"post_tag","embeddable":true,"href":"https:\/\/jornalfatosenoticias.com.br\/index.php\/wp-json\/wp\/v2\/tags?post=65849"}],"curies":[{"name":"wp","href":"https:\/\/api.w.org\/{rel}","templated":true}]}}