{"id":65854,"date":"2026-03-12T15:08:22","date_gmt":"2026-03-12T18:08:22","guid":{"rendered":"https:\/\/jornalfatosenoticias.com.br\/?p=65854"},"modified":"2026-03-12T15:08:24","modified_gmt":"2026-03-12T18:08:24","slug":"devocional-do-dia-olhos-da-fe","status":"publish","type":"post","link":"https:\/\/jornalfatosenoticias.com.br\/index.php\/2026\/03\/12\/devocional-do-dia-olhos-da-fe\/","title":{"rendered":"Devocional do Dia \u2014 olhos da f\u00e9"},"content":{"rendered":"\n<p><em><mark style=\"background-color:rgba(0, 0, 0, 0)\" class=\"has-inline-color has-black-color\">&#8216;S\u00e3o os olhos a l\u00e2mpada do corpo. Se os teus olhos forem bons, todo o teu corpo ser\u00e1 luminoso&#8217;, Mateus 6:22<\/mark><\/em><\/p>\n\n\n\n<p>N\u00f3s somos limitados, mas Deus n\u00e3o \u00e9! Ao olharmos para os problemas e dificuldades vemos nossa limita\u00e7\u00e3o, mas se nossa vis\u00e3o for baseada na f\u00e9, poderemos enxergar mais longe! Estaremos ampliando nossa capacidade e, assim, vamos afastar toda palavra negativa, pois estaremos seguros sendo que a vis\u00e3o foi dada por Deus.<\/p>\n\n\n\n<p><strong>ORA\u00c7\u00c3O: <\/strong>Pai querido, abre minha vis\u00e3o espiritual. Que eu possa enxergar a partir de hoje com os olhos da f\u00e9. Coloca um col\u00edrio nos meus olhos e assim farei com que meus caminhos sejam bons. Perdoa-me pelas palavras negativas e pela murmura\u00e7\u00e3o. Eu oro em nome de Jesus. Am\u00e9m!<br>Baixe voc\u00ea tamb\u00e9m a B\u00edblia Sagrada <strong><a href=\"https:\/\/play.google.com\/store\/apps\/details?id=com.harpacristagratuitaportuguesbrmasterfiveapps\">https:\/\/goo.gl\/2icbB6<\/a><\/strong>.<\/p>\n\n\n<div class=\"wp-block-image\">\n<figure class=\"aligncenter size-full is-resized\"><a href=\"https:\/\/www.ithbrasil.com.br\/\"><img loading=\"lazy\" decoding=\"async\" width=\"800\" height=\"650\" src=\"https:\/\/jornalfatosenoticias.com.br\/wp-content\/uploads\/2023\/08\/ITH.jpeg\" alt=\"\" class=\"wp-image-44638\" style=\"aspect-ratio:1.2308781869688386;width:300px;height:auto\" srcset=\"https:\/\/jornalfatosenoticias.com.br\/wp-content\/uploads\/2023\/08\/ITH.jpeg 800w, https:\/\/jornalfatosenoticias.com.br\/wp-content\/uploads\/2023\/08\/ITH-300x244.jpeg 300w, https:\/\/jornalfatosenoticias.com.br\/wp-content\/uploads\/2023\/08\/ITH-768x624.jpeg 768w\" sizes=\"auto, (max-width: 800px) 100vw, 800px\" \/><\/a><\/figure>\n<\/div>","protected":false},"excerpt":{"rendered":"<p>&#8216;S\u00e3o os olhos a l\u00e2mpada do corpo. Se os teus olhos forem bons, todo o teu corpo ser\u00e1 luminoso&#8217;, Mateus 6:22 N\u00f3s somos limitados, mas Deus n\u00e3o \u00e9! Ao olharmos para os problemas e dificuldades vemos nossa limita\u00e7\u00e3o, mas se nossa vis\u00e3o for baseada na f\u00e9, poderemos enxergar mais longe! Estaremos ampliando nossa capacidade e, [&hellip;]<\/p>\n","protected":false},"author":40,"featured_media":65855,"comment_status":"open","ping_status":"open","sticky":false,"template":"","format":"standard","meta":{"footnotes":""},"categories":[21140],"tags":[242,3385,5686,2944,29946],"class_list":["post-65854","post","type-post","status-publish","format-standard","has-post-thumbnail","hentry","category-religiao","tag-corpo","tag-fe","tag-lampada","tag-olhos","tag-visao-espiritual"],"yoast_head":"<!-- This site is optimized with the Yoast SEO plugin v26.5 - https:\/\/yoast.com\/wordpress\/plugins\/seo\/ -->\n<title>Devocional do Dia \u2014 olhos da f\u00e9 - Jornal Fatos e Not\u00edcias<\/title>\n<meta name=\"robots\" content=\"index, follow, max-snippet:-1, max-image-preview:large, max-video-preview:-1\" \/>\n<link rel=\"canonical\" href=\"https:\/\/jornalfatosenoticias.com.br\/index.php\/2026\/03\/12\/devocional-do-dia-olhos-da-fe\/\" \/>\n<meta property=\"og:locale\" content=\"pt_BR\" \/>\n<meta property=\"og:type\" content=\"article\" \/>\n<meta property=\"og:title\" content=\"Devocional do Dia \u2014 olhos da f\u00e9 - Jornal Fatos e Not\u00edcias\" \/>\n<meta property=\"og:description\" content=\"&#8216;S\u00e3o os olhos a l\u00e2mpada do corpo. Se os teus olhos forem bons, todo o teu corpo ser\u00e1 luminoso&#8217;, Mateus 6:22 N\u00f3s somos limitados, mas Deus n\u00e3o \u00e9! Ao olharmos para os problemas e dificuldades vemos nossa limita\u00e7\u00e3o, mas se nossa vis\u00e3o for baseada na f\u00e9, poderemos enxergar mais longe! Estaremos ampliando nossa capacidade e, [&hellip;]\" \/>\n<meta property=\"og:url\" content=\"https:\/\/jornalfatosenoticias.com.br\/index.php\/2026\/03\/12\/devocional-do-dia-olhos-da-fe\/\" \/>\n<meta property=\"og:site_name\" content=\"Jornal Fatos e Not\u00edcias\" \/>\n<meta property=\"article:published_time\" content=\"2026-03-12T18:08:22+00:00\" \/>\n<meta property=\"article:modified_time\" content=\"2026-03-12T18:08:24+00:00\" \/>\n<meta property=\"og:image\" content=\"https:\/\/jornalfatosenoticias.com.br\/wp-content\/uploads\/2026\/03\/ChatGPT-Image_devocional.png\" \/>\n\t<meta property=\"og:image:width\" content=\"1000\" \/>\n\t<meta property=\"og:image:height\" content=\"666\" \/>\n\t<meta property=\"og:image:type\" content=\"image\/png\" \/>\n<meta name=\"author\" content=\"Luciene Cordeiro\" \/>\n<meta name=\"twitter:card\" content=\"summary_large_image\" \/>\n<meta name=\"twitter:label1\" content=\"Escrito por\" \/>\n\t<meta name=\"twitter:data1\" content=\"Luciene Cordeiro\" \/>\n\t<meta name=\"twitter:label2\" content=\"Est. tempo de leitura\" \/>\n\t<meta name=\"twitter:data2\" content=\"2 minutos\" \/>\n<script type=\"application\/ld+json\" class=\"yoast-schema-graph\">{\"@context\":\"https:\/\/schema.org\",\"@graph\":[{\"@type\":\"Article\",\"@id\":\"https:\/\/jornalfatosenoticias.com.br\/index.php\/2026\/03\/12\/devocional-do-dia-olhos-da-fe\/#article\",\"isPartOf\":{\"@id\":\"https:\/\/jornalfatosenoticias.com.br\/index.php\/2026\/03\/12\/devocional-do-dia-olhos-da-fe\/\"},\"author\":{\"name\":\"Luciene Cordeiro\",\"@id\":\"https:\/\/jornalfatosenoticias.com.br\/#\/schema\/person\/8275f6d2f10c1e6d8cba9e6304291ee1\"},\"headline\":\"Devocional do Dia \u2014 olhos da f\u00e9\",\"datePublished\":\"2026-03-12T18:08:22+00:00\",\"dateModified\":\"2026-03-12T18:08:24+00:00\",\"mainEntityOfPage\":{\"@id\":\"https:\/\/jornalfatosenoticias.com.br\/index.php\/2026\/03\/12\/devocional-do-dia-olhos-da-fe\/\"},\"wordCount\":149,\"commentCount\":0,\"publisher\":{\"@id\":\"https:\/\/jornalfatosenoticias.com.br\/#organization\"},\"image\":{\"@id\":\"https:\/\/jornalfatosenoticias.com.br\/index.php\/2026\/03\/12\/devocional-do-dia-olhos-da-fe\/#primaryimage\"},\"thumbnailUrl\":\"https:\/\/jornalfatosenoticias.com.br\/wp-content\/uploads\/2026\/03\/ChatGPT-Image_devocional.png\",\"keywords\":[\"corpo\",\"f\u00e9\",\"l\u00e2mpada\",\"olhos\",\"vis\u00e3o espiritual\"],\"articleSection\":[\"Religi\u00e3o\"],\"inLanguage\":\"pt-BR\",\"potentialAction\":[{\"@type\":\"CommentAction\",\"name\":\"Comment\",\"target\":[\"https:\/\/jornalfatosenoticias.com.br\/index.php\/2026\/03\/12\/devocional-do-dia-olhos-da-fe\/#respond\"]}]},{\"@type\":\"WebPage\",\"@id\":\"https:\/\/jornalfatosenoticias.com.br\/index.php\/2026\/03\/12\/devocional-do-dia-olhos-da-fe\/\",\"url\":\"https:\/\/jornalfatosenoticias.com.br\/index.php\/2026\/03\/12\/devocional-do-dia-olhos-da-fe\/\",\"name\":\"Devocional do Dia \u2014 olhos da f\u00e9 - Jornal Fatos e Not\u00edcias\",\"isPartOf\":{\"@id\":\"https:\/\/jornalfatosenoticias.com.br\/#website\"},\"primaryImageOfPage\":{\"@id\":\"https:\/\/jornalfatosenoticias.com.br\/index.php\/2026\/03\/12\/devocional-do-dia-olhos-da-fe\/#primaryimage\"},\"image\":{\"@id\":\"https:\/\/jornalfatosenoticias.com.br\/index.php\/2026\/03\/12\/devocional-do-dia-olhos-da-fe\/#primaryimage\"},\"thumbnailUrl\":\"https:\/\/jornalfatosenoticias.com.br\/wp-content\/uploads\/2026\/03\/ChatGPT-Image_devocional.png\",\"datePublished\":\"2026-03-12T18:08:22+00:00\",\"dateModified\":\"2026-03-12T18:08:24+00:00\",\"breadcrumb\":{\"@id\":\"https:\/\/jornalfatosenoticias.com.br\/index.php\/2026\/03\/12\/devocional-do-dia-olhos-da-fe\/#breadcrumb\"},\"inLanguage\":\"pt-BR\",\"potentialAction\":[{\"@type\":\"ReadAction\",\"target\":[\"https:\/\/jornalfatosenoticias.com.br\/index.php\/2026\/03\/12\/devocional-do-dia-olhos-da-fe\/\"]}]},{\"@type\":\"ImageObject\",\"inLanguage\":\"pt-BR\",\"@id\":\"https:\/\/jornalfatosenoticias.com.br\/index.php\/2026\/03\/12\/devocional-do-dia-olhos-da-fe\/#primaryimage\",\"url\":\"https:\/\/jornalfatosenoticias.com.br\/wp-content\/uploads\/2026\/03\/ChatGPT-Image_devocional.png\",\"contentUrl\":\"https:\/\/jornalfatosenoticias.com.br\/wp-content\/uploads\/2026\/03\/ChatGPT-Image_devocional.png\",\"width\":1000,\"height\":666},{\"@type\":\"BreadcrumbList\",\"@id\":\"https:\/\/jornalfatosenoticias.com.br\/index.php\/2026\/03\/12\/devocional-do-dia-olhos-da-fe\/#breadcrumb\",\"itemListElement\":[{\"@type\":\"ListItem\",\"position\":1,\"name\":\"In\u00edcio\",\"item\":\"https:\/\/jornalfatosenoticias.com.br\/\"},{\"@type\":\"ListItem\",\"position\":2,\"name\":\"Devocional do Dia \u2014 olhos da f\u00e9\"}]},{\"@type\":\"WebSite\",\"@id\":\"https:\/\/jornalfatosenoticias.com.br\/#website\",\"url\":\"https:\/\/jornalfatosenoticias.com.br\/\",\"name\":\"Jornal Fatos e Not\u00edcias\",\"description\":\"Not\u00edcias em geral\",\"publisher\":{\"@id\":\"https:\/\/jornalfatosenoticias.com.br\/#organization\"},\"potentialAction\":[{\"@type\":\"SearchAction\",\"target\":{\"@type\":\"EntryPoint\",\"urlTemplate\":\"https:\/\/jornalfatosenoticias.com.br\/?s={search_term_string}\"},\"query-input\":{\"@type\":\"PropertyValueSpecification\",\"valueRequired\":true,\"valueName\":\"search_term_string\"}}],\"inLanguage\":\"pt-BR\"},{\"@type\":\"Organization\",\"@id\":\"https:\/\/jornalfatosenoticias.com.br\/#organization\",\"name\":\"Jornal Fatos e Not\u00edcias\",\"url\":\"https:\/\/jornalfatosenoticias.com.br\/\",\"logo\":{\"@type\":\"ImageObject\",\"inLanguage\":\"pt-BR\",\"@id\":\"https:\/\/jornalfatosenoticias.com.br\/#\/schema\/logo\/image\/\",\"url\":\"https:\/\/jornalfatosenoticias.com.br\/wp-content\/uploads\/2020\/02\/logo120.png\",\"contentUrl\":\"https:\/\/jornalfatosenoticias.com.br\/wp-content\/uploads\/2020\/02\/logo120.png\",\"width\":1227,\"height\":120,\"caption\":\"Jornal Fatos e Not\u00edcias\"},\"image\":{\"@id\":\"https:\/\/jornalfatosenoticias.com.br\/#\/schema\/logo\/image\/\"}},{\"@type\":\"Person\",\"@id\":\"https:\/\/jornalfatosenoticias.com.br\/#\/schema\/person\/8275f6d2f10c1e6d8cba9e6304291ee1\",\"name\":\"Luciene Cordeiro\",\"image\":{\"@type\":\"ImageObject\",\"inLanguage\":\"pt-BR\",\"@id\":\"https:\/\/jornalfatosenoticias.com.br\/#\/schema\/person\/image\/\",\"url\":\"https:\/\/jornalfatosenoticias.com.br\/wp-content\/uploads\/2025\/06\/Pra.-Luciene_portal-120x150.jpg\",\"contentUrl\":\"https:\/\/jornalfatosenoticias.com.br\/wp-content\/uploads\/2025\/06\/Pra.-Luciene_portal-120x150.jpg\",\"caption\":\"Luciene Cordeiro\"},\"description\":\"Pastora Luciene da Silva Cordeiro Igreja Minist\u00e9rio Mission\u00e1rio de Intercess\u00e3o a Servi\u00e7o do Reino de Deus\",\"url\":\"https:\/\/jornalfatosenoticias.com.br\/index.php\/author\/luciene\/\"}]}<\/script>\n<!-- \/ Yoast SEO plugin. -->","yoast_head_json":{"title":"Devocional do Dia \u2014 olhos da f\u00e9 - Jornal Fatos e Not\u00edcias","robots":{"index":"index","follow":"follow","max-snippet":"max-snippet:-1","max-image-preview":"max-image-preview:large","max-video-preview":"max-video-preview:-1"},"canonical":"https:\/\/jornalfatosenoticias.com.br\/index.php\/2026\/03\/12\/devocional-do-dia-olhos-da-fe\/","og_locale":"pt_BR","og_type":"article","og_title":"Devocional do Dia \u2014 olhos da f\u00e9 - Jornal Fatos e Not\u00edcias","og_description":"&#8216;S\u00e3o os olhos a l\u00e2mpada do corpo. Se os teus olhos forem bons, todo o teu corpo ser\u00e1 luminoso&#8217;, Mateus 6:22 N\u00f3s somos limitados, mas Deus n\u00e3o \u00e9! Ao olharmos para os problemas e dificuldades vemos nossa limita\u00e7\u00e3o, mas se nossa vis\u00e3o for baseada na f\u00e9, poderemos enxergar mais longe! Estaremos ampliando nossa capacidade e, [&hellip;]","og_url":"https:\/\/jornalfatosenoticias.com.br\/index.php\/2026\/03\/12\/devocional-do-dia-olhos-da-fe\/","og_site_name":"Jornal Fatos e Not\u00edcias","article_published_time":"2026-03-12T18:08:22+00:00","article_modified_time":"2026-03-12T18:08:24+00:00","og_image":[{"width":1000,"height":666,"url":"https:\/\/jornalfatosenoticias.com.br\/wp-content\/uploads\/2026\/03\/ChatGPT-Image_devocional.png","type":"image\/png"}],"author":"Luciene Cordeiro","twitter_card":"summary_large_image","twitter_misc":{"Escrito por":"Luciene Cordeiro","Est. tempo de leitura":"2 minutos"},"schema":{"@context":"https:\/\/schema.org","@graph":[{"@type":"Article","@id":"https:\/\/jornalfatosenoticias.com.br\/index.php\/2026\/03\/12\/devocional-do-dia-olhos-da-fe\/#article","isPartOf":{"@id":"https:\/\/jornalfatosenoticias.com.br\/index.php\/2026\/03\/12\/devocional-do-dia-olhos-da-fe\/"},"author":{"name":"Luciene Cordeiro","@id":"https:\/\/jornalfatosenoticias.com.br\/#\/schema\/person\/8275f6d2f10c1e6d8cba9e6304291ee1"},"headline":"Devocional do Dia \u2014 olhos da f\u00e9","datePublished":"2026-03-12T18:08:22+00:00","dateModified":"2026-03-12T18:08:24+00:00","mainEntityOfPage":{"@id":"https:\/\/jornalfatosenoticias.com.br\/index.php\/2026\/03\/12\/devocional-do-dia-olhos-da-fe\/"},"wordCount":149,"commentCount":0,"publisher":{"@id":"https:\/\/jornalfatosenoticias.com.br\/#organization"},"image":{"@id":"https:\/\/jornalfatosenoticias.com.br\/index.php\/2026\/03\/12\/devocional-do-dia-olhos-da-fe\/#primaryimage"},"thumbnailUrl":"https:\/\/jornalfatosenoticias.com.br\/wp-content\/uploads\/2026\/03\/ChatGPT-Image_devocional.png","keywords":["corpo","f\u00e9","l\u00e2mpada","olhos","vis\u00e3o espiritual"],"articleSection":["Religi\u00e3o"],"inLanguage":"pt-BR","potentialAction":[{"@type":"CommentAction","name":"Comment","target":["https:\/\/jornalfatosenoticias.com.br\/index.php\/2026\/03\/12\/devocional-do-dia-olhos-da-fe\/#respond"]}]},{"@type":"WebPage","@id":"https:\/\/jornalfatosenoticias.com.br\/index.php\/2026\/03\/12\/devocional-do-dia-olhos-da-fe\/","url":"https:\/\/jornalfatosenoticias.com.br\/index.php\/2026\/03\/12\/devocional-do-dia-olhos-da-fe\/","name":"Devocional do Dia \u2014 olhos da f\u00e9 - Jornal Fatos e Not\u00edcias","isPartOf":{"@id":"https:\/\/jornalfatosenoticias.com.br\/#website"},"primaryImageOfPage":{"@id":"https:\/\/jornalfatosenoticias.com.br\/index.php\/2026\/03\/12\/devocional-do-dia-olhos-da-fe\/#primaryimage"},"image":{"@id":"https:\/\/jornalfatosenoticias.com.br\/index.php\/2026\/03\/12\/devocional-do-dia-olhos-da-fe\/#primaryimage"},"thumbnailUrl":"https:\/\/jornalfatosenoticias.com.br\/wp-content\/uploads\/2026\/03\/ChatGPT-Image_devocional.png","datePublished":"2026-03-12T18:08:22+00:00","dateModified":"2026-03-12T18:08:24+00:00","breadcrumb":{"@id":"https:\/\/jornalfatosenoticias.com.br\/index.php\/2026\/03\/12\/devocional-do-dia-olhos-da-fe\/#breadcrumb"},"inLanguage":"pt-BR","potentialAction":[{"@type":"ReadAction","target":["https:\/\/jornalfatosenoticias.com.br\/index.php\/2026\/03\/12\/devocional-do-dia-olhos-da-fe\/"]}]},{"@type":"ImageObject","inLanguage":"pt-BR","@id":"https:\/\/jornalfatosenoticias.com.br\/index.php\/2026\/03\/12\/devocional-do-dia-olhos-da-fe\/#primaryimage","url":"https:\/\/jornalfatosenoticias.com.br\/wp-content\/uploads\/2026\/03\/ChatGPT-Image_devocional.png","contentUrl":"https:\/\/jornalfatosenoticias.com.br\/wp-content\/uploads\/2026\/03\/ChatGPT-Image_devocional.png","width":1000,"height":666},{"@type":"BreadcrumbList","@id":"https:\/\/jornalfatosenoticias.com.br\/index.php\/2026\/03\/12\/devocional-do-dia-olhos-da-fe\/#breadcrumb","itemListElement":[{"@type":"ListItem","position":1,"name":"In\u00edcio","item":"https:\/\/jornalfatosenoticias.com.br\/"},{"@type":"ListItem","position":2,"name":"Devocional do Dia \u2014 olhos da f\u00e9"}]},{"@type":"WebSite","@id":"https:\/\/jornalfatosenoticias.com.br\/#website","url":"https:\/\/jornalfatosenoticias.com.br\/","name":"Jornal Fatos e Not\u00edcias","description":"Not\u00edcias em geral","publisher":{"@id":"https:\/\/jornalfatosenoticias.com.br\/#organization"},"potentialAction":[{"@type":"SearchAction","target":{"@type":"EntryPoint","urlTemplate":"https:\/\/jornalfatosenoticias.com.br\/?s={search_term_string}"},"query-input":{"@type":"PropertyValueSpecification","valueRequired":true,"valueName":"search_term_string"}}],"inLanguage":"pt-BR"},{"@type":"Organization","@id":"https:\/\/jornalfatosenoticias.com.br\/#organization","name":"Jornal Fatos e Not\u00edcias","url":"https:\/\/jornalfatosenoticias.com.br\/","logo":{"@type":"ImageObject","inLanguage":"pt-BR","@id":"https:\/\/jornalfatosenoticias.com.br\/#\/schema\/logo\/image\/","url":"https:\/\/jornalfatosenoticias.com.br\/wp-content\/uploads\/2020\/02\/logo120.png","contentUrl":"https:\/\/jornalfatosenoticias.com.br\/wp-content\/uploads\/2020\/02\/logo120.png","width":1227,"height":120,"caption":"Jornal Fatos e Not\u00edcias"},"image":{"@id":"https:\/\/jornalfatosenoticias.com.br\/#\/schema\/logo\/image\/"}},{"@type":"Person","@id":"https:\/\/jornalfatosenoticias.com.br\/#\/schema\/person\/8275f6d2f10c1e6d8cba9e6304291ee1","name":"Luciene Cordeiro","image":{"@type":"ImageObject","inLanguage":"pt-BR","@id":"https:\/\/jornalfatosenoticias.com.br\/#\/schema\/person\/image\/","url":"https:\/\/jornalfatosenoticias.com.br\/wp-content\/uploads\/2025\/06\/Pra.-Luciene_portal-120x150.jpg","contentUrl":"https:\/\/jornalfatosenoticias.com.br\/wp-content\/uploads\/2025\/06\/Pra.-Luciene_portal-120x150.jpg","caption":"Luciene Cordeiro"},"description":"Pastora Luciene da Silva Cordeiro Igreja Minist\u00e9rio Mission\u00e1rio de Intercess\u00e3o a Servi\u00e7o do Reino de Deus","url":"https:\/\/jornalfatosenoticias.com.br\/index.php\/author\/luciene\/"}]}},"cc_featured_image_caption":{"caption_text":"(Foto: ChatGPT)","source_text":"","source_url":""},"jetpack_featured_media_url":"https:\/\/jornalfatosenoticias.com.br\/wp-content\/uploads\/2026\/03\/ChatGPT-Image_devocional.png","_links":{"self":[{"href":"https:\/\/jornalfatosenoticias.com.br\/index.php\/wp-json\/wp\/v2\/posts\/65854","targetHints":{"allow":["GET"]}}],"collection":[{"href":"https:\/\/jornalfatosenoticias.com.br\/index.php\/wp-json\/wp\/v2\/posts"}],"about":[{"href":"https:\/\/jornalfatosenoticias.com.br\/index.php\/wp-json\/wp\/v2\/types\/post"}],"author":[{"embeddable":true,"href":"https:\/\/jornalfatosenoticias.com.br\/index.php\/wp-json\/wp\/v2\/users\/40"}],"replies":[{"embeddable":true,"href":"https:\/\/jornalfatosenoticias.com.br\/index.php\/wp-json\/wp\/v2\/comments?post=65854"}],"version-history":[{"count":1,"href":"https:\/\/jornalfatosenoticias.com.br\/index.php\/wp-json\/wp\/v2\/posts\/65854\/revisions"}],"predecessor-version":[{"id":65856,"href":"https:\/\/jornalfatosenoticias.com.br\/index.php\/wp-json\/wp\/v2\/posts\/65854\/revisions\/65856"}],"wp:featuredmedia":[{"embeddable":true,"href":"https:\/\/jornalfatosenoticias.com.br\/index.php\/wp-json\/wp\/v2\/media\/65855"}],"wp:attachment":[{"href":"https:\/\/jornalfatosenoticias.com.br\/index.php\/wp-json\/wp\/v2\/media?parent=65854"}],"wp:term":[{"taxonomy":"category","embeddable":true,"href":"https:\/\/jornalfatosenoticias.com.br\/index.php\/wp-json\/wp\/v2\/categories?post=65854"},{"taxonomy":"post_tag","embeddable":true,"href":"https:\/\/jornalfatosenoticias.com.br\/index.php\/wp-json\/wp\/v2\/tags?post=65854"}],"curies":[{"name":"wp","href":"https:\/\/api.w.org\/{rel}","templated":true}]}}