{"id":65875,"date":"2026-03-12T17:42:18","date_gmt":"2026-03-12T20:42:18","guid":{"rendered":"https:\/\/jornalfatosenoticias.com.br\/?p=65875"},"modified":"2026-03-12T17:42:20","modified_gmt":"2026-03-12T20:42:20","slug":"sudeste-lidera-em-inovacao-mas-enfrenta-desafios-comuns-as-outras-regioes-do-brasil","status":"publish","type":"post","link":"https:\/\/jornalfatosenoticias.com.br\/index.php\/2026\/03\/12\/sudeste-lidera-em-inovacao-mas-enfrenta-desafios-comuns-as-outras-regioes-do-brasil\/","title":{"rendered":"Sudeste lidera em inova\u00e7\u00e3o, mas enfrenta desafios comuns \u00e0s outras regi\u00f5es do Brasil"},"content":{"rendered":"\n<p><em><mark style=\"background-color:rgba(0, 0, 0, 0)\" class=\"has-inline-color has-black-color\">Depois de percorrer ES, MG, RJ e SP, Jornada de Inova\u00e7\u00e3o da Ind\u00fastria apresentou os resultados, oportunidades e problemas mapeados nos encontros estaduais<\/mark><\/em><\/p>\n\n\n\n<p><mark style=\"background-color:rgba(0, 0, 0, 0)\" class=\"has-inline-color has-black-color\">Por <strong><a href=\"https:\/\/noticias.portaldaindustria.com.br\/autores\/amanda-maia\/\">Amanda Maia<\/a><\/strong><\/mark><\/p>\n\n\n\n<p>O Sudeste, epicentro da inova\u00e7\u00e3o no Brasil, \u00e9 l\u00edder em pesquisa e desenvolvimento (P&amp;D), mas enfrenta os mesmos desafios das outras regi\u00f5es do pa\u00eds, como escassez de capital humano qualificado e burocracia para acessar instrumentos de fomento. O diretor de Desenvolvimento Industrial, Tecnologia e Inova\u00e7\u00e3o da <a href=\"https:\/\/noticias.portaldaindustria.com.br\/\" target=\"_blank\" rel=\"noreferrer noopener\">Confedera\u00e7\u00e3o Nacional da Ind\u00fastria (CNI)<\/a>, Jefferson Gomes, apresentou o retrato da regi\u00e3o no encontro regional da <a href=\"https:\/\/jornadanacionaldeinovacao.com.br\/\" target=\"_blank\" rel=\"noreferrer noopener\">Jornada Nacional de Inova\u00e7\u00e3o da Ind\u00fastria<\/a>, realizado na capital mineira Belo Horizonte, no dia 26 de fevereiro.<br>\u201cTemos um conjunto de instrumentos de apoio t\u00e9cnico e financeiro e de leis para inova\u00e7\u00e3o. N\u00e3o perdemos em ferramentas para outros pa\u00edses, mas n\u00e3o conseguimos decolar. Nosso objetivo, com a Jornada, foi sair pelo Brasil afora para perguntar \u00e0s empresas quais os desafios e a estrat\u00e9gia de inova\u00e7\u00e3o no seu neg\u00f3cio. Por mais que os problemas sejam comuns, temos caracter\u00edsticas distintas para cada regi\u00e3o do Brasil, de pessoas e de infraestrutura\u201d, observou Jefferson Gomes.<br>Segundo o diretor da CNI, exemplo de setor liderado pelas empresas de S\u00e3o Paulo, Rio de Janeiro, Minas Gerais e Esp\u00edrito Santo \u00e9 o de transporte e mobilidade, o que tamb\u00e9m revela o potencial da regi\u00e3o para a transi\u00e7\u00e3o energ\u00e9tica. O Sudeste responde por quase metade da produ\u00e7\u00e3o de etanol e tem o dom\u00ednio em ve\u00edculos h\u00edbridos e el\u00e9tricos. A regi\u00e3o mobiliza ainda capacidades em supercomputa\u00e7\u00e3o, redes 5G, biotecnologia e sa\u00fade. <\/p>\n\n\n<div class=\"wp-block-image\">\n<figure class=\"aligncenter size-full is-resized\"><a href=\"https:\/\/www.delpupometalmecanica.com.br\/\"><img loading=\"lazy\" decoding=\"async\" width=\"1000\" height=\"525\" src=\"https:\/\/jornalfatosenoticias.com.br\/wp-content\/uploads\/2026\/01\/delpupo-logo.jpg\" alt=\"\" class=\"wp-image-64770\" style=\"aspect-ratio:1.9048293944655068;width:539px;height:auto\" srcset=\"https:\/\/jornalfatosenoticias.com.br\/wp-content\/uploads\/2026\/01\/delpupo-logo.jpg 1000w, https:\/\/jornalfatosenoticias.com.br\/wp-content\/uploads\/2026\/01\/delpupo-logo-300x158.jpg 300w, https:\/\/jornalfatosenoticias.com.br\/wp-content\/uploads\/2026\/01\/delpupo-logo-768x403.jpg 768w\" sizes=\"auto, (max-width: 1000px) 100vw, 1000px\" \/><\/a><\/figure>\n<\/div>\n\n\n<p>Os dados comprovam a densidade tecnol\u00f3gica e a maturidade do ecossistema de inova\u00e7\u00e3o regional, refer\u00eancia na Am\u00e9rica Latina. O Sudeste:<br>\ud83d\udd39ret\u00e9m 87% do investimento privado em P&amp;D<br>\ud83d\udd39\u00e9 respons\u00e1vel por 86,8% dos investimentos via Lei do Bem<br>\ud83d\udd39abriga 60,2% das startups e foi ber\u00e7o de 22 dos 24 unic\u00f3rnios do pa\u00eds<br>\ud83d\udd39\u00e9 sede de 110 (68%) dos 162 data centers operacionais no Brasil<br>\ud83d\udd39tem infraestrutura portu\u00e1ria robusta: somente o Porto de Santos movimenta 30% do com\u00e9rcio nacional<br>\ud83d\udd39responde por 48,5% da produ\u00e7\u00e3o nacional de etanol<br>\ud83d\udd39\u00e9 l\u00edder na ind\u00fastria automotiva, com a produ\u00e7\u00e3o de 2,64 milh\u00f5es de ve\u00edculos em 2025, tendo como foco crescente a fabrica\u00e7\u00e3o de modelos h\u00edbridos.<\/p>\n\n\n<div class=\"wp-block-image\">\n<figure class=\"aligncenter size-full\"><img loading=\"lazy\" decoding=\"async\" width=\"1000\" height=\"661\" src=\"https:\/\/jornalfatosenoticias.com.br\/wp-content\/uploads\/2026\/03\/Jornada-de-Inovacao-da-Industria2_foto_CNI-fotor-enhance-20260302104125.jpg\" alt=\"\" class=\"wp-image-65878\" srcset=\"https:\/\/jornalfatosenoticias.com.br\/wp-content\/uploads\/2026\/03\/Jornada-de-Inovacao-da-Industria2_foto_CNI-fotor-enhance-20260302104125.jpg 1000w, https:\/\/jornalfatosenoticias.com.br\/wp-content\/uploads\/2026\/03\/Jornada-de-Inovacao-da-Industria2_foto_CNI-fotor-enhance-20260302104125-300x198.jpg 300w, https:\/\/jornalfatosenoticias.com.br\/wp-content\/uploads\/2026\/03\/Jornada-de-Inovacao-da-Industria2_foto_CNI-fotor-enhance-20260302104125-768x508.jpg 768w\" sizes=\"auto, (max-width: 1000px) 100vw, 1000px\" \/><figcaption class=\"wp-element-caption\"><em><mark style=\"background-color:rgba(0, 0, 0, 0)\" class=\"has-inline-color has-black-color\">(Foto: CNI\/Reprodu\u00e7\u00e3o)<\/mark><\/em><\/figcaption><\/figure>\n<\/div>\n\n\n<p>Apesar dos diferenciais, empresas da regi\u00e3o t\u00eam como principais desafios: escassez de capital humano qualificado (29,4%), reduzir burocracia em fomento (23,8%), mitigar inseguran\u00e7a jur\u00eddica e instabilidade regulat\u00f3ria (15,2%), enfrentar concorr\u00eancia global desleal (10,8%) e romper resist\u00eancia cultural \u00e0 inova\u00e7\u00e3o (20,8%).<\/p>\n\n\n\n<blockquote class=\"wp-block-quote is-layout-flow wp-block-quote-is-layout-flow\">\n<p><mark style=\"background-color:rgba(0, 0, 0, 0)\" class=\"has-inline-color has-luminous-vivid-orange-color\">Inovar aumenta a produtividade e os resultados da empresa, al\u00e9m da expectativa de vida da popula\u00e7\u00e3o. As empresas precisam ficar atentas \u00e0s oportunidades\u201d, afirmou o presidente da Federa\u00e7\u00e3o das Ind\u00fastrias do Estado de Minas Gerais <a href=\"https:\/\/www.fiemg.com.br\/\">(FIEMG)<\/a>, Fl\u00e1vio Roscoe.<\/mark><\/p>\n<\/blockquote>\n\n\n<div class=\"wp-block-image\">\n<figure class=\"aligncenter size-full is-resized\"><a href=\"https:\/\/panper.com.br\/\"><img loading=\"lazy\" decoding=\"async\" width=\"400\" height=\"277\" src=\"https:\/\/jornalfatosenoticias.com.br\/wp-content\/uploads\/2023\/03\/logo-Panper_portal.jpg\" alt=\"\" class=\"wp-image-40208\" style=\"aspect-ratio:1.4441247814068934;width:348px;height:auto\" srcset=\"https:\/\/jornalfatosenoticias.com.br\/wp-content\/uploads\/2023\/03\/logo-Panper_portal.jpg 400w, https:\/\/jornalfatosenoticias.com.br\/wp-content\/uploads\/2023\/03\/logo-Panper_portal-300x208.jpg 300w\" sizes=\"auto, (max-width: 400px) 100vw, 400px\" \/><\/a><\/figure>\n<\/div>\n\n\n<p>Tamb\u00e9m participaram da abertura Marcelo Souza e Silva, presidente do Conselho Deliberativo do Sebrae MG; Ant\u00f4nio Carlos Vilela, vice-presidente da FIRJAN; Paulo Renato, gerente de Inova\u00e7\u00e3o do Sebrae Nacional; e Mariana de Oliveira Santos, coordenadora-geral de Instrumentos de Apoio \u00e0 Inova\u00e7\u00e3o do Minist\u00e9rio de Ci\u00eancia, Tecnologia e Inova\u00e7\u00e3o <a href=\"https:\/\/www.gov.br\/mcti\/pt-br\">(MCTI)<\/a>.<br>Nos pain\u00e9is seguintes, para apresentar cases e instrumentos de fomento, estavam presentes representantes da Cer\u00e2mica Brasileira, Nanum Nanotecnologia, Bagueteria Francesa, Embrapii, Financiadora de Estudos e Projetos <a href=\"http:\/\/www.finep.gov.br\/\">(Finep)<\/a>\u00a0\u00a0e Banco Nacional de Desenvolvimento Econ\u00f4mico e Social\u00a0<a href=\"https:\/\/www.bndes.gov.br\/wps\/portal\/site\/home\">(BNDES)<\/a>.<\/p>\n\n\n<div class=\"wp-block-image\">\n<figure class=\"aligncenter size-large is-resized\"><a href=\"https:\/\/www.instagram.com\/esteio.churrascaria\/\"><img loading=\"lazy\" decoding=\"async\" width=\"1024\" height=\"730\" src=\"https:\/\/jornalfatosenoticias.com.br\/wp-content\/uploads\/2022\/02\/LOGO-ESTEIO-1024x730.png\" alt=\"\" class=\"wp-image-27942\" style=\"aspect-ratio:1.4027763281494625;width:405px;height:auto\" srcset=\"https:\/\/jornalfatosenoticias.com.br\/wp-content\/uploads\/2022\/02\/LOGO-ESTEIO-1024x730.png 1024w, https:\/\/jornalfatosenoticias.com.br\/wp-content\/uploads\/2022\/02\/LOGO-ESTEIO-300x214.png 300w, https:\/\/jornalfatosenoticias.com.br\/wp-content\/uploads\/2022\/02\/LOGO-ESTEIO-768x548.png 768w, https:\/\/jornalfatosenoticias.com.br\/wp-content\/uploads\/2022\/02\/LOGO-ESTEIO.png 1123w\" sizes=\"auto, (max-width: 1024px) 100vw, 1024px\" \/><\/a><\/figure>\n<\/div>\n\n\n<p><strong><mark style=\"background-color:rgba(0, 0, 0, 0)\" class=\"has-inline-color has-black-color\">Uma caravana para revelar a inova\u00e7\u00e3o brasileira<br><\/mark><\/strong>A Jornada Nacional de Inova\u00e7\u00e3o da Ind\u00fastria \u00e9 um evento itinerante que est\u00e1 percorrendo todo o Brasil para discutir solu\u00e7\u00f5es, desafios e oportunidades de inova\u00e7\u00e3o para a ind\u00fastria brasileira por regi\u00e3o. Realizados pela <a href=\"https:\/\/noticias.portaldaindustria.com.br\/\">Confedera\u00e7\u00e3o Nacional da Ind\u00fastria (CNI)<\/a>\u00a0e o Servi\u00e7o Brasileiro de Apoio \u00e0s Micro e Pequenas Empresas\u00a0<a href=\"https:\/\/sebrae.com.br\/sites\/PortalSebrae\/\">(Sebrae)<\/a>, os encontros contam\u00a0com\u00a0correaliza\u00e7\u00e3o das federa\u00e7\u00f5es das ind\u00fastrias dos estados e\u00a0patroc\u00ednio da Financiadora de Estudos e Projetos\u00a0<a href=\"http:\/\/www.finep.gov.br\/\">(Finep)<\/a>\u00a0e da\u00a0Empresa Brasileira de Pesquisa e Inova\u00e7\u00e3o Industrial\u00a0<a href=\"https:\/\/embrapii.org.br\/\">(Embrapii)<\/a>. Participam dos debates empresas e institui\u00e7\u00f5es de apoio e fomento \u00e0 inova\u00e7\u00e3o.<\/p>\n\n\n\n<p><strong>Fonte: <a href=\"https:\/\/noticias.portaldaindustria.com.br\/noticias\/inovacao-e-tecnologia\/sudeste-lidera-em-inovacao-mas-enfrenta-desafios-comuns-as-outras-regioes-do-brasil\/\">Ag\u00eancia de Not\u00edcias da Ind\u00fastria<\/a><\/strong><\/p>\n","protected":false},"excerpt":{"rendered":"<p>Depois de percorrer ES, MG, RJ e SP, Jornada de Inova\u00e7\u00e3o da Ind\u00fastria apresentou os resultados, oportunidades e problemas mapeados nos encontros estaduais Por Amanda Maia O Sudeste, epicentro da inova\u00e7\u00e3o no Brasil, \u00e9 l\u00edder em pesquisa e desenvolvimento (P&amp;D), mas enfrenta os mesmos desafios das outras regi\u00f5es do pa\u00eds, como escassez de capital humano [&hellip;]<\/p>\n","protected":false},"author":2,"featured_media":65877,"comment_status":"open","ping_status":"open","sticky":false,"template":"","format":"standard","meta":{"footnotes":""},"categories":[29729,3],"tags":[29960,29962,29961,20383],"class_list":["post-65875","post","type-post","status-publish","format-standard","has-post-thumbnail","hentry","category-industria","category-tecnologia","tag-desafios-para-inovacao","tag-jornada-nacional-de-inovacao-da-industria","tag-oportunidades-de-inovacao","tag-regiao-sudeste"],"yoast_head":"<!-- This site is optimized with the Yoast SEO plugin v26.5 - https:\/\/yoast.com\/wordpress\/plugins\/seo\/ -->\n<title>Sudeste lidera em inova\u00e7\u00e3o, mas enfrenta desafios comuns \u00e0s outras regi\u00f5es do Brasil - Jornal Fatos e Not\u00edcias<\/title>\n<meta name=\"robots\" content=\"index, follow, max-snippet:-1, max-image-preview:large, max-video-preview:-1\" \/>\n<link rel=\"canonical\" href=\"https:\/\/jornalfatosenoticias.com.br\/index.php\/2026\/03\/12\/sudeste-lidera-em-inovacao-mas-enfrenta-desafios-comuns-as-outras-regioes-do-brasil\/\" \/>\n<meta property=\"og:locale\" content=\"pt_BR\" \/>\n<meta property=\"og:type\" content=\"article\" \/>\n<meta property=\"og:title\" content=\"Sudeste lidera em inova\u00e7\u00e3o, mas enfrenta desafios comuns \u00e0s outras regi\u00f5es do Brasil - Jornal Fatos e Not\u00edcias\" \/>\n<meta property=\"og:description\" content=\"Depois de percorrer ES, MG, RJ e SP, Jornada de Inova\u00e7\u00e3o da Ind\u00fastria apresentou os resultados, oportunidades e problemas mapeados nos encontros estaduais Por Amanda Maia O Sudeste, epicentro da inova\u00e7\u00e3o no Brasil, \u00e9 l\u00edder em pesquisa e desenvolvimento (P&amp;D), mas enfrenta os mesmos desafios das outras regi\u00f5es do pa\u00eds, como escassez de capital humano [&hellip;]\" \/>\n<meta property=\"og:url\" content=\"https:\/\/jornalfatosenoticias.com.br\/index.php\/2026\/03\/12\/sudeste-lidera-em-inovacao-mas-enfrenta-desafios-comuns-as-outras-regioes-do-brasil\/\" \/>\n<meta property=\"og:site_name\" content=\"Jornal Fatos e Not\u00edcias\" \/>\n<meta property=\"article:published_time\" content=\"2026-03-12T20:42:18+00:00\" \/>\n<meta property=\"article:modified_time\" content=\"2026-03-12T20:42:20+00:00\" \/>\n<meta property=\"og:image\" content=\"https:\/\/jornalfatosenoticias.com.br\/wp-content\/uploads\/2026\/03\/Jornada-de-Inovacao-da-Industria_foto_FIEMG.jpg\" \/>\n\t<meta property=\"og:image:width\" content=\"800\" \/>\n\t<meta property=\"og:image:height\" content=\"535\" \/>\n\t<meta property=\"og:image:type\" content=\"image\/jpeg\" \/>\n<meta name=\"author\" content=\"Luzimara Fernandes\" \/>\n<meta name=\"twitter:card\" content=\"summary_large_image\" \/>\n<meta name=\"twitter:label1\" content=\"Escrito por\" \/>\n\t<meta name=\"twitter:data1\" content=\"Luzimara Fernandes\" \/>\n\t<meta name=\"twitter:label2\" content=\"Est. tempo de leitura\" \/>\n\t<meta name=\"twitter:data2\" content=\"5 minutos\" \/>\n<script type=\"application\/ld+json\" class=\"yoast-schema-graph\">{\"@context\":\"https:\/\/schema.org\",\"@graph\":[{\"@type\":\"Article\",\"@id\":\"https:\/\/jornalfatosenoticias.com.br\/index.php\/2026\/03\/12\/sudeste-lidera-em-inovacao-mas-enfrenta-desafios-comuns-as-outras-regioes-do-brasil\/#article\",\"isPartOf\":{\"@id\":\"https:\/\/jornalfatosenoticias.com.br\/index.php\/2026\/03\/12\/sudeste-lidera-em-inovacao-mas-enfrenta-desafios-comuns-as-outras-regioes-do-brasil\/\"},\"author\":{\"name\":\"Luzimara Fernandes\",\"@id\":\"https:\/\/jornalfatosenoticias.com.br\/#\/schema\/person\/d63837fa13ac8666eb9e74e0985d6f81\"},\"headline\":\"Sudeste lidera em inova\u00e7\u00e3o, mas enfrenta desafios comuns \u00e0s outras regi\u00f5es do Brasil\",\"datePublished\":\"2026-03-12T20:42:18+00:00\",\"dateModified\":\"2026-03-12T20:42:20+00:00\",\"mainEntityOfPage\":{\"@id\":\"https:\/\/jornalfatosenoticias.com.br\/index.php\/2026\/03\/12\/sudeste-lidera-em-inovacao-mas-enfrenta-desafios-comuns-as-outras-regioes-do-brasil\/\"},\"wordCount\":721,\"commentCount\":0,\"publisher\":{\"@id\":\"https:\/\/jornalfatosenoticias.com.br\/#organization\"},\"image\":{\"@id\":\"https:\/\/jornalfatosenoticias.com.br\/index.php\/2026\/03\/12\/sudeste-lidera-em-inovacao-mas-enfrenta-desafios-comuns-as-outras-regioes-do-brasil\/#primaryimage\"},\"thumbnailUrl\":\"https:\/\/jornalfatosenoticias.com.br\/wp-content\/uploads\/2026\/03\/Jornada-de-Inovacao-da-Industria_foto_FIEMG.jpg\",\"keywords\":[\"desafios para inova\u00e7\u00e3o\",\"Jornada Nacional de Inova\u00e7\u00e3o da Ind\u00fastria\",\"oportunidades de inova\u00e7\u00e3o\",\"regi\u00e3o Sudeste\"],\"articleSection\":[\"Ind\u00fastria\",\"Tecnologia &amp; Inova\u00e7\u00e3o\"],\"inLanguage\":\"pt-BR\",\"potentialAction\":[{\"@type\":\"CommentAction\",\"name\":\"Comment\",\"target\":[\"https:\/\/jornalfatosenoticias.com.br\/index.php\/2026\/03\/12\/sudeste-lidera-em-inovacao-mas-enfrenta-desafios-comuns-as-outras-regioes-do-brasil\/#respond\"]}]},{\"@type\":\"WebPage\",\"@id\":\"https:\/\/jornalfatosenoticias.com.br\/index.php\/2026\/03\/12\/sudeste-lidera-em-inovacao-mas-enfrenta-desafios-comuns-as-outras-regioes-do-brasil\/\",\"url\":\"https:\/\/jornalfatosenoticias.com.br\/index.php\/2026\/03\/12\/sudeste-lidera-em-inovacao-mas-enfrenta-desafios-comuns-as-outras-regioes-do-brasil\/\",\"name\":\"Sudeste lidera em inova\u00e7\u00e3o, mas enfrenta desafios comuns \u00e0s outras regi\u00f5es do Brasil - Jornal Fatos e Not\u00edcias\",\"isPartOf\":{\"@id\":\"https:\/\/jornalfatosenoticias.com.br\/#website\"},\"primaryImageOfPage\":{\"@id\":\"https:\/\/jornalfatosenoticias.com.br\/index.php\/2026\/03\/12\/sudeste-lidera-em-inovacao-mas-enfrenta-desafios-comuns-as-outras-regioes-do-brasil\/#primaryimage\"},\"image\":{\"@id\":\"https:\/\/jornalfatosenoticias.com.br\/index.php\/2026\/03\/12\/sudeste-lidera-em-inovacao-mas-enfrenta-desafios-comuns-as-outras-regioes-do-brasil\/#primaryimage\"},\"thumbnailUrl\":\"https:\/\/jornalfatosenoticias.com.br\/wp-content\/uploads\/2026\/03\/Jornada-de-Inovacao-da-Industria_foto_FIEMG.jpg\",\"datePublished\":\"2026-03-12T20:42:18+00:00\",\"dateModified\":\"2026-03-12T20:42:20+00:00\",\"breadcrumb\":{\"@id\":\"https:\/\/jornalfatosenoticias.com.br\/index.php\/2026\/03\/12\/sudeste-lidera-em-inovacao-mas-enfrenta-desafios-comuns-as-outras-regioes-do-brasil\/#breadcrumb\"},\"inLanguage\":\"pt-BR\",\"potentialAction\":[{\"@type\":\"ReadAction\",\"target\":[\"https:\/\/jornalfatosenoticias.com.br\/index.php\/2026\/03\/12\/sudeste-lidera-em-inovacao-mas-enfrenta-desafios-comuns-as-outras-regioes-do-brasil\/\"]}]},{\"@type\":\"ImageObject\",\"inLanguage\":\"pt-BR\",\"@id\":\"https:\/\/jornalfatosenoticias.com.br\/index.php\/2026\/03\/12\/sudeste-lidera-em-inovacao-mas-enfrenta-desafios-comuns-as-outras-regioes-do-brasil\/#primaryimage\",\"url\":\"https:\/\/jornalfatosenoticias.com.br\/wp-content\/uploads\/2026\/03\/Jornada-de-Inovacao-da-Industria_foto_FIEMG.jpg\",\"contentUrl\":\"https:\/\/jornalfatosenoticias.com.br\/wp-content\/uploads\/2026\/03\/Jornada-de-Inovacao-da-Industria_foto_FIEMG.jpg\",\"width\":800,\"height\":535},{\"@type\":\"BreadcrumbList\",\"@id\":\"https:\/\/jornalfatosenoticias.com.br\/index.php\/2026\/03\/12\/sudeste-lidera-em-inovacao-mas-enfrenta-desafios-comuns-as-outras-regioes-do-brasil\/#breadcrumb\",\"itemListElement\":[{\"@type\":\"ListItem\",\"position\":1,\"name\":\"In\u00edcio\",\"item\":\"https:\/\/jornalfatosenoticias.com.br\/\"},{\"@type\":\"ListItem\",\"position\":2,\"name\":\"Sudeste lidera em inova\u00e7\u00e3o, mas enfrenta desafios comuns \u00e0s outras regi\u00f5es do Brasil\"}]},{\"@type\":\"WebSite\",\"@id\":\"https:\/\/jornalfatosenoticias.com.br\/#website\",\"url\":\"https:\/\/jornalfatosenoticias.com.br\/\",\"name\":\"Jornal Fatos e Not\u00edcias\",\"description\":\"Not\u00edcias em geral\",\"publisher\":{\"@id\":\"https:\/\/jornalfatosenoticias.com.br\/#organization\"},\"potentialAction\":[{\"@type\":\"SearchAction\",\"target\":{\"@type\":\"EntryPoint\",\"urlTemplate\":\"https:\/\/jornalfatosenoticias.com.br\/?s={search_term_string}\"},\"query-input\":{\"@type\":\"PropertyValueSpecification\",\"valueRequired\":true,\"valueName\":\"search_term_string\"}}],\"inLanguage\":\"pt-BR\"},{\"@type\":\"Organization\",\"@id\":\"https:\/\/jornalfatosenoticias.com.br\/#organization\",\"name\":\"Jornal Fatos e Not\u00edcias\",\"url\":\"https:\/\/jornalfatosenoticias.com.br\/\",\"logo\":{\"@type\":\"ImageObject\",\"inLanguage\":\"pt-BR\",\"@id\":\"https:\/\/jornalfatosenoticias.com.br\/#\/schema\/logo\/image\/\",\"url\":\"https:\/\/jornalfatosenoticias.com.br\/wp-content\/uploads\/2020\/02\/logo120.png\",\"contentUrl\":\"https:\/\/jornalfatosenoticias.com.br\/wp-content\/uploads\/2020\/02\/logo120.png\",\"width\":1227,\"height\":120,\"caption\":\"Jornal Fatos e Not\u00edcias\"},\"image\":{\"@id\":\"https:\/\/jornalfatosenoticias.com.br\/#\/schema\/logo\/image\/\"}},{\"@type\":\"Person\",\"@id\":\"https:\/\/jornalfatosenoticias.com.br\/#\/schema\/person\/d63837fa13ac8666eb9e74e0985d6f81\",\"name\":\"Luzimara Fernandes\",\"image\":{\"@type\":\"ImageObject\",\"inLanguage\":\"pt-BR\",\"@id\":\"https:\/\/jornalfatosenoticias.com.br\/#\/schema\/person\/image\/\",\"url\":\"https:\/\/jornalfatosenoticias.com.br\/wp-content\/uploads\/2025\/05\/EU_portal.jpg\",\"contentUrl\":\"https:\/\/jornalfatosenoticias.com.br\/wp-content\/uploads\/2025\/05\/EU_portal.jpg\",\"caption\":\"Luzimara Fernandes\"},\"description\":\"Jornalista MTB 2358-ES\",\"sameAs\":[\"https:\/\/jornalfatosenoticias.com.br\"],\"url\":\"https:\/\/jornalfatosenoticias.com.br\/index.php\/author\/luzimara\/\"}]}<\/script>\n<!-- \/ Yoast SEO plugin. -->","yoast_head_json":{"title":"Sudeste lidera em inova\u00e7\u00e3o, mas enfrenta desafios comuns \u00e0s outras regi\u00f5es do Brasil - Jornal Fatos e Not\u00edcias","robots":{"index":"index","follow":"follow","max-snippet":"max-snippet:-1","max-image-preview":"max-image-preview:large","max-video-preview":"max-video-preview:-1"},"canonical":"https:\/\/jornalfatosenoticias.com.br\/index.php\/2026\/03\/12\/sudeste-lidera-em-inovacao-mas-enfrenta-desafios-comuns-as-outras-regioes-do-brasil\/","og_locale":"pt_BR","og_type":"article","og_title":"Sudeste lidera em inova\u00e7\u00e3o, mas enfrenta desafios comuns \u00e0s outras regi\u00f5es do Brasil - Jornal Fatos e Not\u00edcias","og_description":"Depois de percorrer ES, MG, RJ e SP, Jornada de Inova\u00e7\u00e3o da Ind\u00fastria apresentou os resultados, oportunidades e problemas mapeados nos encontros estaduais Por Amanda Maia O Sudeste, epicentro da inova\u00e7\u00e3o no Brasil, \u00e9 l\u00edder em pesquisa e desenvolvimento (P&amp;D), mas enfrenta os mesmos desafios das outras regi\u00f5es do pa\u00eds, como escassez de capital humano [&hellip;]","og_url":"https:\/\/jornalfatosenoticias.com.br\/index.php\/2026\/03\/12\/sudeste-lidera-em-inovacao-mas-enfrenta-desafios-comuns-as-outras-regioes-do-brasil\/","og_site_name":"Jornal Fatos e Not\u00edcias","article_published_time":"2026-03-12T20:42:18+00:00","article_modified_time":"2026-03-12T20:42:20+00:00","og_image":[{"width":800,"height":535,"url":"https:\/\/jornalfatosenoticias.com.br\/wp-content\/uploads\/2026\/03\/Jornada-de-Inovacao-da-Industria_foto_FIEMG.jpg","type":"image\/jpeg"}],"author":"Luzimara Fernandes","twitter_card":"summary_large_image","twitter_misc":{"Escrito por":"Luzimara Fernandes","Est. tempo de leitura":"5 minutos"},"schema":{"@context":"https:\/\/schema.org","@graph":[{"@type":"Article","@id":"https:\/\/jornalfatosenoticias.com.br\/index.php\/2026\/03\/12\/sudeste-lidera-em-inovacao-mas-enfrenta-desafios-comuns-as-outras-regioes-do-brasil\/#article","isPartOf":{"@id":"https:\/\/jornalfatosenoticias.com.br\/index.php\/2026\/03\/12\/sudeste-lidera-em-inovacao-mas-enfrenta-desafios-comuns-as-outras-regioes-do-brasil\/"},"author":{"name":"Luzimara Fernandes","@id":"https:\/\/jornalfatosenoticias.com.br\/#\/schema\/person\/d63837fa13ac8666eb9e74e0985d6f81"},"headline":"Sudeste lidera em inova\u00e7\u00e3o, mas enfrenta desafios comuns \u00e0s outras regi\u00f5es do Brasil","datePublished":"2026-03-12T20:42:18+00:00","dateModified":"2026-03-12T20:42:20+00:00","mainEntityOfPage":{"@id":"https:\/\/jornalfatosenoticias.com.br\/index.php\/2026\/03\/12\/sudeste-lidera-em-inovacao-mas-enfrenta-desafios-comuns-as-outras-regioes-do-brasil\/"},"wordCount":721,"commentCount":0,"publisher":{"@id":"https:\/\/jornalfatosenoticias.com.br\/#organization"},"image":{"@id":"https:\/\/jornalfatosenoticias.com.br\/index.php\/2026\/03\/12\/sudeste-lidera-em-inovacao-mas-enfrenta-desafios-comuns-as-outras-regioes-do-brasil\/#primaryimage"},"thumbnailUrl":"https:\/\/jornalfatosenoticias.com.br\/wp-content\/uploads\/2026\/03\/Jornada-de-Inovacao-da-Industria_foto_FIEMG.jpg","keywords":["desafios para inova\u00e7\u00e3o","Jornada Nacional de Inova\u00e7\u00e3o da Ind\u00fastria","oportunidades de inova\u00e7\u00e3o","regi\u00e3o Sudeste"],"articleSection":["Ind\u00fastria","Tecnologia &amp; Inova\u00e7\u00e3o"],"inLanguage":"pt-BR","potentialAction":[{"@type":"CommentAction","name":"Comment","target":["https:\/\/jornalfatosenoticias.com.br\/index.php\/2026\/03\/12\/sudeste-lidera-em-inovacao-mas-enfrenta-desafios-comuns-as-outras-regioes-do-brasil\/#respond"]}]},{"@type":"WebPage","@id":"https:\/\/jornalfatosenoticias.com.br\/index.php\/2026\/03\/12\/sudeste-lidera-em-inovacao-mas-enfrenta-desafios-comuns-as-outras-regioes-do-brasil\/","url":"https:\/\/jornalfatosenoticias.com.br\/index.php\/2026\/03\/12\/sudeste-lidera-em-inovacao-mas-enfrenta-desafios-comuns-as-outras-regioes-do-brasil\/","name":"Sudeste lidera em inova\u00e7\u00e3o, mas enfrenta desafios comuns \u00e0s outras regi\u00f5es do Brasil - Jornal Fatos e Not\u00edcias","isPartOf":{"@id":"https:\/\/jornalfatosenoticias.com.br\/#website"},"primaryImageOfPage":{"@id":"https:\/\/jornalfatosenoticias.com.br\/index.php\/2026\/03\/12\/sudeste-lidera-em-inovacao-mas-enfrenta-desafios-comuns-as-outras-regioes-do-brasil\/#primaryimage"},"image":{"@id":"https:\/\/jornalfatosenoticias.com.br\/index.php\/2026\/03\/12\/sudeste-lidera-em-inovacao-mas-enfrenta-desafios-comuns-as-outras-regioes-do-brasil\/#primaryimage"},"thumbnailUrl":"https:\/\/jornalfatosenoticias.com.br\/wp-content\/uploads\/2026\/03\/Jornada-de-Inovacao-da-Industria_foto_FIEMG.jpg","datePublished":"2026-03-12T20:42:18+00:00","dateModified":"2026-03-12T20:42:20+00:00","breadcrumb":{"@id":"https:\/\/jornalfatosenoticias.com.br\/index.php\/2026\/03\/12\/sudeste-lidera-em-inovacao-mas-enfrenta-desafios-comuns-as-outras-regioes-do-brasil\/#breadcrumb"},"inLanguage":"pt-BR","potentialAction":[{"@type":"ReadAction","target":["https:\/\/jornalfatosenoticias.com.br\/index.php\/2026\/03\/12\/sudeste-lidera-em-inovacao-mas-enfrenta-desafios-comuns-as-outras-regioes-do-brasil\/"]}]},{"@type":"ImageObject","inLanguage":"pt-BR","@id":"https:\/\/jornalfatosenoticias.com.br\/index.php\/2026\/03\/12\/sudeste-lidera-em-inovacao-mas-enfrenta-desafios-comuns-as-outras-regioes-do-brasil\/#primaryimage","url":"https:\/\/jornalfatosenoticias.com.br\/wp-content\/uploads\/2026\/03\/Jornada-de-Inovacao-da-Industria_foto_FIEMG.jpg","contentUrl":"https:\/\/jornalfatosenoticias.com.br\/wp-content\/uploads\/2026\/03\/Jornada-de-Inovacao-da-Industria_foto_FIEMG.jpg","width":800,"height":535},{"@type":"BreadcrumbList","@id":"https:\/\/jornalfatosenoticias.com.br\/index.php\/2026\/03\/12\/sudeste-lidera-em-inovacao-mas-enfrenta-desafios-comuns-as-outras-regioes-do-brasil\/#breadcrumb","itemListElement":[{"@type":"ListItem","position":1,"name":"In\u00edcio","item":"https:\/\/jornalfatosenoticias.com.br\/"},{"@type":"ListItem","position":2,"name":"Sudeste lidera em inova\u00e7\u00e3o, mas enfrenta desafios comuns \u00e0s outras regi\u00f5es do Brasil"}]},{"@type":"WebSite","@id":"https:\/\/jornalfatosenoticias.com.br\/#website","url":"https:\/\/jornalfatosenoticias.com.br\/","name":"Jornal Fatos e Not\u00edcias","description":"Not\u00edcias em geral","publisher":{"@id":"https:\/\/jornalfatosenoticias.com.br\/#organization"},"potentialAction":[{"@type":"SearchAction","target":{"@type":"EntryPoint","urlTemplate":"https:\/\/jornalfatosenoticias.com.br\/?s={search_term_string}"},"query-input":{"@type":"PropertyValueSpecification","valueRequired":true,"valueName":"search_term_string"}}],"inLanguage":"pt-BR"},{"@type":"Organization","@id":"https:\/\/jornalfatosenoticias.com.br\/#organization","name":"Jornal Fatos e Not\u00edcias","url":"https:\/\/jornalfatosenoticias.com.br\/","logo":{"@type":"ImageObject","inLanguage":"pt-BR","@id":"https:\/\/jornalfatosenoticias.com.br\/#\/schema\/logo\/image\/","url":"https:\/\/jornalfatosenoticias.com.br\/wp-content\/uploads\/2020\/02\/logo120.png","contentUrl":"https:\/\/jornalfatosenoticias.com.br\/wp-content\/uploads\/2020\/02\/logo120.png","width":1227,"height":120,"caption":"Jornal Fatos e Not\u00edcias"},"image":{"@id":"https:\/\/jornalfatosenoticias.com.br\/#\/schema\/logo\/image\/"}},{"@type":"Person","@id":"https:\/\/jornalfatosenoticias.com.br\/#\/schema\/person\/d63837fa13ac8666eb9e74e0985d6f81","name":"Luzimara Fernandes","image":{"@type":"ImageObject","inLanguage":"pt-BR","@id":"https:\/\/jornalfatosenoticias.com.br\/#\/schema\/person\/image\/","url":"https:\/\/jornalfatosenoticias.com.br\/wp-content\/uploads\/2025\/05\/EU_portal.jpg","contentUrl":"https:\/\/jornalfatosenoticias.com.br\/wp-content\/uploads\/2025\/05\/EU_portal.jpg","caption":"Luzimara Fernandes"},"description":"Jornalista MTB 2358-ES","sameAs":["https:\/\/jornalfatosenoticias.com.br"],"url":"https:\/\/jornalfatosenoticias.com.br\/index.php\/author\/luzimara\/"}]}},"cc_featured_image_caption":{"caption_text":"(Foto: Sebasti\u00e3o Jacinto J\u00fanior\/FIEMG) ","source_text":"","source_url":""},"jetpack_featured_media_url":"https:\/\/jornalfatosenoticias.com.br\/wp-content\/uploads\/2026\/03\/Jornada-de-Inovacao-da-Industria_foto_FIEMG.jpg","_links":{"self":[{"href":"https:\/\/jornalfatosenoticias.com.br\/index.php\/wp-json\/wp\/v2\/posts\/65875","targetHints":{"allow":["GET"]}}],"collection":[{"href":"https:\/\/jornalfatosenoticias.com.br\/index.php\/wp-json\/wp\/v2\/posts"}],"about":[{"href":"https:\/\/jornalfatosenoticias.com.br\/index.php\/wp-json\/wp\/v2\/types\/post"}],"author":[{"embeddable":true,"href":"https:\/\/jornalfatosenoticias.com.br\/index.php\/wp-json\/wp\/v2\/users\/2"}],"replies":[{"embeddable":true,"href":"https:\/\/jornalfatosenoticias.com.br\/index.php\/wp-json\/wp\/v2\/comments?post=65875"}],"version-history":[{"count":1,"href":"https:\/\/jornalfatosenoticias.com.br\/index.php\/wp-json\/wp\/v2\/posts\/65875\/revisions"}],"predecessor-version":[{"id":65879,"href":"https:\/\/jornalfatosenoticias.com.br\/index.php\/wp-json\/wp\/v2\/posts\/65875\/revisions\/65879"}],"wp:featuredmedia":[{"embeddable":true,"href":"https:\/\/jornalfatosenoticias.com.br\/index.php\/wp-json\/wp\/v2\/media\/65877"}],"wp:attachment":[{"href":"https:\/\/jornalfatosenoticias.com.br\/index.php\/wp-json\/wp\/v2\/media?parent=65875"}],"wp:term":[{"taxonomy":"category","embeddable":true,"href":"https:\/\/jornalfatosenoticias.com.br\/index.php\/wp-json\/wp\/v2\/categories?post=65875"},{"taxonomy":"post_tag","embeddable":true,"href":"https:\/\/jornalfatosenoticias.com.br\/index.php\/wp-json\/wp\/v2\/tags?post=65875"}],"curies":[{"name":"wp","href":"https:\/\/api.w.org\/{rel}","templated":true}]}}