{"id":65880,"date":"2026-03-12T18:12:53","date_gmt":"2026-03-12T21:12:53","guid":{"rendered":"https:\/\/jornalfatosenoticias.com.br\/?p=65880"},"modified":"2026-03-12T18:12:56","modified_gmt":"2026-03-12T21:12:56","slug":"samarco-registra-receita-liquida-de-us-1898-bilhao-em-2025-e-alcanca-recorde-de-producao-desde-a-retomada","status":"publish","type":"post","link":"https:\/\/jornalfatosenoticias.com.br\/index.php\/2026\/03\/12\/samarco-registra-receita-liquida-de-us-1898-bilhao-em-2025-e-alcanca-recorde-de-producao-desde-a-retomada\/","title":{"rendered":"Samarco registra receita l\u00edquida de US$ 1,898 bilh\u00e3o em 2025 e alcan\u00e7a recorde de produ\u00e7\u00e3o desde a retomada\u200b"},"content":{"rendered":"\n<p><em><mark style=\"background-color:rgba(0, 0, 0, 0)\" class=\"has-inline-color has-black-color\">Empresa fortalece estrutura de capital, avan\u00e7a na repara\u00e7\u00e3o e mant\u00e9m foco em seguran\u00e7a operacional\u200b<\/mark><\/em><\/p>\n\n\n\n<p><mark style=\"background-color:rgba(0, 0, 0, 0)\" class=\"has-inline-color has-black-color\">Por <strong>Assessoria<\/strong><\/mark><\/p>\n\n\n\n<p>A Samarco encerrou 2025 com resultados financeiros impulsionados por uma receita l\u00edquida de US$ 1,898 bilh\u00e3o e um EBITDA ajustado de US$ 1,087 bilh\u00e3o frente a US$ 834 milh\u00f5es do ano anterior (crescimento de 30,3%), n\u00fameros que refletem uma maior estabilidade operacional e disciplina de custos. Os n\u00fameros do \u00faltimo trimestre e os gerais do \u00faltimo ano foram divulgados nesta quinta-feira (12), em uma live com investidores, que abordou tamb\u00e9m as principais informa\u00e7\u00f5es das Demonstra\u00e7\u00f5es Financeiras.\u200b<br>O desempenho financeiro do ano reflete, entre outros fatores, a consolida\u00e7\u00e3o do ramp-up (aumento gradual da produ\u00e7\u00e3o) das opera\u00e7\u00f5es at\u00e9 60% da capacidade instalada. A produ\u00e7\u00e3o anual totalizou 15,1 milh\u00f5es de toneladas de pelotas e finos de min\u00e9rio de ferro, sendo o maior volume desde a retomada das opera\u00e7\u00f5es em 2020. J\u00e1 as vendas foram de 15,9 milh\u00f5es de toneladas, crescimento de 68% frente ao obtido em 2024.\u200b<br>O cumprimento das proje\u00e7\u00f5es refor\u00e7a a previsibilidade e a disciplina operacional da companhia. O presidente da Samarco, Rodrigo Vilela, destaca que 2025 foi um per\u00edodo decisivo. \u201cMantivemos o foco naquilo que est\u00e1 ao nosso alcance: operar com seguran\u00e7a, cuidar das nossas pessoas, cumprir o plano de neg\u00f3cios e avan\u00e7ar em nossos compromissos de longo prazo. Conclu\u00edmos o ramp-up da fase 2, estabilizamos as plantas e refor\u00e7amos a nossa gera\u00e7\u00e3o de caixa\u201d, afirmou.\u200b<\/p>\n\n\n<div class=\"wp-block-image\">\n<figure class=\"aligncenter size-full is-resized\"><a href=\"http:\/\/www.ferrarimaquinas.com.br\/\"><img loading=\"lazy\" decoding=\"async\" width=\"300\" height=\"250\" src=\"https:\/\/jornalfatosenoticias.com.br\/wp-content\/uploads\/2022\/02\/FERRARI_MAQUINAS-E-FERRAMENTAS2.jpg\" alt=\"\" class=\"wp-image-27860\" style=\"width:377px;height:auto\"\/><\/a><\/figure>\n<\/div>\n\n\n<blockquote class=\"wp-block-quote is-layout-flow wp-block-quote-is-layout-flow\">\n<p><mark style=\"background-color:rgba(0, 0, 0, 0)\" class=\"has-inline-color has-luminous-vivid-orange-color\">Com a forte gera\u00e7\u00e3o de caixa e a estabilidade operacional obtidas, conseguimos alcan\u00e7ar melhorias significativas. Al\u00e9m disso, a conclus\u00e3o da Recupera\u00e7\u00e3o Judicial marcou o t\u00e9rmino de um per\u00edodo de reorganiza\u00e7\u00e3o financeira e regulat\u00f3ria, refor\u00e7ando a governan\u00e7a corporativa e a capacidade de execu\u00e7\u00e3o da companhia para o longo prazo\u201d, declarou o diretor Financeiro, de Estrat\u00e9gia e Suprimentos, Gustavo Selayzim.\u200b<\/mark><\/p>\n<\/blockquote>\n\n\n<div class=\"wp-block-image\">\n<figure class=\"aligncenter size-full is-resized\"><a href=\"https:\/\/www.controlsystems.com.br\/\"><img loading=\"lazy\" decoding=\"async\" width=\"834\" height=\"1000\" src=\"https:\/\/jornalfatosenoticias.com.br\/wp-content\/uploads\/2020\/02\/CONTROL-CS.jpg\" alt=\"\" class=\"wp-image-44991\" style=\"aspect-ratio:0.8340104378261821;width:280px;height:auto\" srcset=\"https:\/\/jornalfatosenoticias.com.br\/wp-content\/uploads\/2020\/02\/CONTROL-CS.jpg 834w, https:\/\/jornalfatosenoticias.com.br\/wp-content\/uploads\/2020\/02\/CONTROL-CS-250x300.jpg 250w, https:\/\/jornalfatosenoticias.com.br\/wp-content\/uploads\/2020\/02\/CONTROL-CS-768x921.jpg 768w\" sizes=\"auto, (max-width: 834px) 100vw, 834px\" \/><\/a><\/figure>\n<\/div>\n\n\n<p>A Samarco segue avan\u00e7ando na prepara\u00e7\u00e3o para retornar a 100% da capacidade instalada a partir de 2028. Para isso, investir\u00e1 R$ 13,8 bilh\u00f5es, j\u00e1 aprovados pelo Conselho de Administra\u00e7\u00e3o no final do ano passado, o maior montante j\u00e1 aportado pela empresa em sua hist\u00f3ria.\u200b<\/p>\n\n\n\n<blockquote class=\"wp-block-quote is-layout-flow wp-block-quote-is-layout-flow\">\n<p><mark style=\"background-color:rgba(0, 0, 0, 0)\" class=\"has-inline-color has-luminous-vivid-orange-color\">Todos os resultados, somados a uma gest\u00e3o s\u00f3lida e respons\u00e1vel, criam bases firmes para a execu\u00e7\u00e3o da pr\u00f3xima fase. Retomaremos a nossa capacidade total e continuamos olhando e dialogando com os nossos territ\u00f3rios, focados na seguran\u00e7a e sem barragens de rejeito em nossas opera\u00e7\u00f5es\u201d, comentou Vilela.<\/mark><\/p>\n<\/blockquote>\n\n\n<div class=\"wp-block-image\">\n<figure class=\"aligncenter size-full\"><img loading=\"lazy\" decoding=\"async\" width=\"1000\" height=\"666\" src=\"https:\/\/jornalfatosenoticias.com.br\/wp-content\/uploads\/2026\/03\/Rodrigo-Vilela-presidente-da-Samarco-credito-Pedro-Vilela.jpg\" alt=\"\" class=\"wp-image-65881\" srcset=\"https:\/\/jornalfatosenoticias.com.br\/wp-content\/uploads\/2026\/03\/Rodrigo-Vilela-presidente-da-Samarco-credito-Pedro-Vilela.jpg 1000w, https:\/\/jornalfatosenoticias.com.br\/wp-content\/uploads\/2026\/03\/Rodrigo-Vilela-presidente-da-Samarco-credito-Pedro-Vilela-300x200.jpg 300w, https:\/\/jornalfatosenoticias.com.br\/wp-content\/uploads\/2026\/03\/Rodrigo-Vilela-presidente-da-Samarco-credito-Pedro-Vilela-768x511.jpg 768w\" sizes=\"auto, (max-width: 1000px) 100vw, 1000px\" \/><figcaption class=\"wp-element-caption\"><em><mark style=\"background-color:rgba(0, 0, 0, 0)\" class=\"has-inline-color has-black-color\">Rodrigo Vilela, presidente da Samarco (Foto: Pedro Vilela)<\/mark><\/em><\/figcaption><\/figure>\n<\/div>\n\n\n<p><strong><mark style=\"background-color:rgba(0, 0, 0, 0)\" class=\"has-inline-color has-vivid-green-cyan-color\">Sa\u00fade e seguran\u00e7a\u200b<br><\/mark><\/strong>Em 2025, a empresa alcan\u00e7ou uma Taxa Total de Frequ\u00eancia de Acidentes (TRIFR) de 0,63, desempenho superior \u00e0 refer\u00eancia global da ind\u00fastria, de 0,91. O \u00edndice de acidentes com afastamento (LTA) encerrou o ano em 0,13, refor\u00e7ando a robustez dos controles operacionais.\u200b<br>A companhia tamb\u00e9m manteve 100% de conformidade nos relat\u00f3rios de estabilidade de barragens, al\u00e9m de renova\u00e7\u00e3o integral das Declara\u00e7\u00f5es de Condi\u00e7\u00e3o de Estabilidade (DCE) e das Declara\u00e7\u00f5es de Conformidade e Operacionalidade (DCO). Toda a opera\u00e7\u00e3o permaneceu aderente ao Global Industry Standard for Tailings Management (GISTM), padr\u00e3o global que orienta empresas de minera\u00e7\u00e3o na gest\u00e3o segura de barragens de rejeitos, refor\u00e7ando pr\u00e1ticas de seguran\u00e7a, governan\u00e7a e transpar\u00eancia para prevenir acidentes.\u200b A descaracteriza\u00e7\u00e3o da barragem do Germano encontra-se em est\u00e1gio avan\u00e7ado e tem previs\u00e3o de finaliza\u00e7\u00e3o para 2027, antecipando-se ao prazo legal originalmente definido, de 2029.\u200b<\/p>\n\n\n<div class=\"wp-block-image\">\n<figure class=\"aligncenter size-full is-resized\"><a href=\"https:\/\/www.delpupometalmecanica.com.br\/\"><img loading=\"lazy\" decoding=\"async\" width=\"1000\" height=\"525\" src=\"https:\/\/jornalfatosenoticias.com.br\/wp-content\/uploads\/2026\/01\/delpupo-logo.jpg\" alt=\"\" class=\"wp-image-64770\" style=\"aspect-ratio:1.9048293944655068;width:467px;height:auto\" srcset=\"https:\/\/jornalfatosenoticias.com.br\/wp-content\/uploads\/2026\/01\/delpupo-logo.jpg 1000w, https:\/\/jornalfatosenoticias.com.br\/wp-content\/uploads\/2026\/01\/delpupo-logo-300x158.jpg 300w, https:\/\/jornalfatosenoticias.com.br\/wp-content\/uploads\/2026\/01\/delpupo-logo-768x403.jpg 768w\" sizes=\"auto, (max-width: 1000px) 100vw, 1000px\" \/><\/a><\/figure>\n<\/div>\n\n\n<p><strong><mark style=\"background-color:rgba(0, 0, 0, 0)\" class=\"has-inline-color has-vivid-green-cyan-color\">Avan\u00e7os concretos na repara\u00e7\u00e3o\u200b<br><\/mark><\/strong>A repara\u00e7\u00e3o dos impactos decorrentes do rompimento de Fund\u00e3o continuou sendo um eixo central da atua\u00e7\u00e3o da Samarco em 2025. Ao longo do ano, a empresa concluiu o primeiro ciclo completo de execu\u00e7\u00e3o do Novo Acordo do Rio Doce, fortalecendo um modelo mais eficiente, transparente e direto.\u200b A liquida\u00e7\u00e3o da Funda\u00e7\u00e3o Renova foi conclu\u00edda, estabelecendo uma transi\u00e7\u00e3o para a execu\u00e7\u00e3o direta das a\u00e7\u00f5es pela Samarco, que, em 2025, destinou cerca de US$ 4 bilh\u00f5es em obriga\u00e7\u00e3o de fazer e aproximadamente US$ 2 bilh\u00f5es em obriga\u00e7\u00e3o de pagar.\u200b<\/p>\n\n\n<div class=\"wp-block-image\">\n<figure class=\"aligncenter size-full\"><img loading=\"lazy\" decoding=\"async\" width=\"666\" height=\"1000\" src=\"https:\/\/jornalfatosenoticias.com.br\/wp-content\/uploads\/2026\/03\/Gustavo-Selayzim-diretor-Financeiro-de-Estrategia-e-Suprimentos-da-Samarco-foto-Marcus-Desimoni-Nitro.jpg\" alt=\"\" class=\"wp-image-65882\" srcset=\"https:\/\/jornalfatosenoticias.com.br\/wp-content\/uploads\/2026\/03\/Gustavo-Selayzim-diretor-Financeiro-de-Estrategia-e-Suprimentos-da-Samarco-foto-Marcus-Desimoni-Nitro.jpg 666w, https:\/\/jornalfatosenoticias.com.br\/wp-content\/uploads\/2026\/03\/Gustavo-Selayzim-diretor-Financeiro-de-Estrategia-e-Suprimentos-da-Samarco-foto-Marcus-Desimoni-Nitro-200x300.jpg 200w\" sizes=\"auto, (max-width: 666px) 100vw, 666px\" \/><figcaption class=\"wp-element-caption\"><em><mark style=\"background-color:rgba(0, 0, 0, 0)\" class=\"has-inline-color has-black-color\">Gustavo Selayzim, diretor Financeiro, de Estrat\u00e9gia e Suprimentos da Samarco (Foto: Marcus Desimoni\/Nitro)<\/mark><\/em><\/figcaption><\/figure>\n<\/div>\n\n\n<p>Em 2025, houve avan\u00e7os significativos em indeniza\u00e7\u00f5es, a conclus\u00e3o das obras dos reassentamentos que estavam em andamento antes da homologa\u00e7\u00e3o do Novo Acordo, al\u00e9m de iniciativas de recupera\u00e7\u00e3o ambiental, com foco em restaura\u00e7\u00e3o florestal, melhoria da qualidade da \u00e1gua e monitoramento cont\u00ednuo da Bacia do Rio Doce. Esses progressos refor\u00e7am o compromisso permanente da Samarco com uma repara\u00e7\u00e3o definitiva centrada nas comunidades e meio ambiente.\u200b<br>O release com os n\u00fameros referentes ao \u00faltimo trimestre de 2025 e ao consolidado do ano, foram compartilhamos nesta quinta-feira (12), em <em>live<\/em> com investidores. As informa\u00e7\u00f5es tamb\u00e9m est\u00e3o dispon\u00edveis no site da Samarco. O Relat\u00f3rio da Administra\u00e7\u00e3o, bem como as Demonstra\u00e7\u00f5es Financeiras de 2025, podem ser acessados neste <strong><a href=\"https:\/\/filemanager-cdn.mziq.com\/published\/2a7a3391-0deb-4199-b9a9-3c0bfff59b11\/b4dc99ef-6667-4257-8162-6e982f4a3993_samarco_3q25_earnings_presentation.pdf\" target=\"_blank\" rel=\"noreferrer noopener\">link<\/a><\/strong>.<\/p>\n\n\n<div class=\"wp-block-image\">\n<figure class=\"aligncenter size-full is-resized\"><a href=\"https:\/\/www.instagram.com\/kalynecalais\/\"><img loading=\"lazy\" decoding=\"async\" width=\"969\" height=\"406\" src=\"https:\/\/jornalfatosenoticias.com.br\/wp-content\/uploads\/2024\/09\/Legis-Juris-Consultoria_logo.jpg\" alt=\"\" class=\"wp-image-53915\" style=\"aspect-ratio:2.3867874267448057;width:539px;height:auto\" srcset=\"https:\/\/jornalfatosenoticias.com.br\/wp-content\/uploads\/2024\/09\/Legis-Juris-Consultoria_logo.jpg 969w, https:\/\/jornalfatosenoticias.com.br\/wp-content\/uploads\/2024\/09\/Legis-Juris-Consultoria_logo-300x126.jpg 300w, https:\/\/jornalfatosenoticias.com.br\/wp-content\/uploads\/2024\/09\/Legis-Juris-Consultoria_logo-768x322.jpg 768w\" sizes=\"auto, (max-width: 969px) 100vw, 969px\" \/><\/a><\/figure>\n<\/div>","protected":false},"excerpt":{"rendered":"<p>Empresa fortalece estrutura de capital, avan\u00e7a na repara\u00e7\u00e3o e mant\u00e9m foco em seguran\u00e7a operacional\u200b Por Assessoria A Samarco encerrou 2025 com resultados financeiros impulsionados por uma receita l\u00edquida de US$ 1,898 bilh\u00e3o e um EBITDA ajustado de US$ 1,087 bilh\u00e3o frente a US$ 834 milh\u00f5es do ano anterior (crescimento de 30,3%), n\u00fameros que refletem uma [&hellip;]<\/p>\n","protected":false},"author":2,"featured_media":65883,"comment_status":"open","ping_status":"open","sticky":false,"template":"","format":"standard","meta":{"footnotes":""},"categories":[8,29603],"tags":[8041,27003,10600,1280,29964,29963,28198,750,734],"class_list":["post-65880","post","type-post","status-publish","format-standard","has-post-thumbnail","hentry","category-meio-ambiente","category-mineracao","tag-bacia-do-rio-doce","tag-gustavo-selayzim","tag-mineracao","tag-producao","tag-receita-liquida","tag-recorde-de-producao","tag-rodrigo-vilela","tag-samarco","tag-sustentabilidade"],"yoast_head":"<!-- This site is optimized with the Yoast SEO plugin v26.5 - https:\/\/yoast.com\/wordpress\/plugins\/seo\/ -->\n<title>Samarco registra receita l\u00edquida de US$ 1,898 bilh\u00e3o em 2025 e alcan\u00e7a recorde de produ\u00e7\u00e3o desde a retomada\u200b - Jornal Fatos e Not\u00edcias<\/title>\n<meta name=\"robots\" content=\"index, follow, max-snippet:-1, max-image-preview:large, max-video-preview:-1\" \/>\n<link rel=\"canonical\" href=\"https:\/\/jornalfatosenoticias.com.br\/index.php\/2026\/03\/12\/samarco-registra-receita-liquida-de-us-1898-bilhao-em-2025-e-alcanca-recorde-de-producao-desde-a-retomada\/\" \/>\n<meta property=\"og:locale\" content=\"pt_BR\" \/>\n<meta property=\"og:type\" content=\"article\" \/>\n<meta property=\"og:title\" content=\"Samarco registra receita l\u00edquida de US$ 1,898 bilh\u00e3o em 2025 e alcan\u00e7a recorde de produ\u00e7\u00e3o desde a retomada\u200b - Jornal Fatos e Not\u00edcias\" \/>\n<meta property=\"og:description\" content=\"Empresa fortalece estrutura de capital, avan\u00e7a na repara\u00e7\u00e3o e mant\u00e9m foco em seguran\u00e7a operacional\u200b Por Assessoria A Samarco encerrou 2025 com resultados financeiros impulsionados por uma receita l\u00edquida de US$ 1,898 bilh\u00e3o e um EBITDA ajustado de US$ 1,087 bilh\u00e3o frente a US$ 834 milh\u00f5es do ano anterior (crescimento de 30,3%), n\u00fameros que refletem uma [&hellip;]\" \/>\n<meta property=\"og:url\" content=\"https:\/\/jornalfatosenoticias.com.br\/index.php\/2026\/03\/12\/samarco-registra-receita-liquida-de-us-1898-bilhao-em-2025-e-alcanca-recorde-de-producao-desde-a-retomada\/\" \/>\n<meta property=\"og:site_name\" content=\"Jornal Fatos e Not\u00edcias\" \/>\n<meta property=\"article:published_time\" content=\"2026-03-12T21:12:53+00:00\" \/>\n<meta property=\"article:modified_time\" content=\"2026-03-12T21:12:56+00:00\" \/>\n<meta property=\"og:image\" content=\"https:\/\/jornalfatosenoticias.com.br\/wp-content\/uploads\/2026\/03\/Samarco-foto-Daniel-Mansur-Nitro.jpg\" \/>\n\t<meta property=\"og:image:width\" content=\"1000\" \/>\n\t<meta property=\"og:image:height\" content=\"667\" \/>\n\t<meta property=\"og:image:type\" content=\"image\/jpeg\" \/>\n<meta name=\"author\" content=\"Luzimara Fernandes\" \/>\n<meta name=\"twitter:card\" content=\"summary_large_image\" \/>\n<meta name=\"twitter:label1\" content=\"Escrito por\" \/>\n\t<meta name=\"twitter:data1\" content=\"Luzimara Fernandes\" \/>\n\t<meta name=\"twitter:label2\" content=\"Est. tempo de leitura\" \/>\n\t<meta name=\"twitter:data2\" content=\"5 minutos\" \/>\n<script type=\"application\/ld+json\" class=\"yoast-schema-graph\">{\"@context\":\"https:\/\/schema.org\",\"@graph\":[{\"@type\":\"Article\",\"@id\":\"https:\/\/jornalfatosenoticias.com.br\/index.php\/2026\/03\/12\/samarco-registra-receita-liquida-de-us-1898-bilhao-em-2025-e-alcanca-recorde-de-producao-desde-a-retomada\/#article\",\"isPartOf\":{\"@id\":\"https:\/\/jornalfatosenoticias.com.br\/index.php\/2026\/03\/12\/samarco-registra-receita-liquida-de-us-1898-bilhao-em-2025-e-alcanca-recorde-de-producao-desde-a-retomada\/\"},\"author\":{\"name\":\"Luzimara Fernandes\",\"@id\":\"https:\/\/jornalfatosenoticias.com.br\/#\/schema\/person\/d63837fa13ac8666eb9e74e0985d6f81\"},\"headline\":\"Samarco registra receita l\u00edquida de US$ 1,898 bilh\u00e3o em 2025 e alcan\u00e7a recorde de produ\u00e7\u00e3o desde a retomada\u200b\",\"datePublished\":\"2026-03-12T21:12:53+00:00\",\"dateModified\":\"2026-03-12T21:12:56+00:00\",\"mainEntityOfPage\":{\"@id\":\"https:\/\/jornalfatosenoticias.com.br\/index.php\/2026\/03\/12\/samarco-registra-receita-liquida-de-us-1898-bilhao-em-2025-e-alcanca-recorde-de-producao-desde-a-retomada\/\"},\"wordCount\":853,\"commentCount\":0,\"publisher\":{\"@id\":\"https:\/\/jornalfatosenoticias.com.br\/#organization\"},\"image\":{\"@id\":\"https:\/\/jornalfatosenoticias.com.br\/index.php\/2026\/03\/12\/samarco-registra-receita-liquida-de-us-1898-bilhao-em-2025-e-alcanca-recorde-de-producao-desde-a-retomada\/#primaryimage\"},\"thumbnailUrl\":\"https:\/\/jornalfatosenoticias.com.br\/wp-content\/uploads\/2026\/03\/Samarco-foto-Daniel-Mansur-Nitro.jpg\",\"keywords\":[\"Bacia do Rio Doce\",\"Gustavo Selayzim\",\"minera\u00e7\u00e3o\",\"produ\u00e7\u00e3o\",\"receita l\u00edquida\",\"recorde de produ\u00e7\u00e3o\",\"Rodrigo Vilela\",\"Samarco\",\"sustentabilidade\"],\"articleSection\":[\"Meio ambiente\",\"Minera\u00e7\u00e3o\"],\"inLanguage\":\"pt-BR\",\"potentialAction\":[{\"@type\":\"CommentAction\",\"name\":\"Comment\",\"target\":[\"https:\/\/jornalfatosenoticias.com.br\/index.php\/2026\/03\/12\/samarco-registra-receita-liquida-de-us-1898-bilhao-em-2025-e-alcanca-recorde-de-producao-desde-a-retomada\/#respond\"]}]},{\"@type\":\"WebPage\",\"@id\":\"https:\/\/jornalfatosenoticias.com.br\/index.php\/2026\/03\/12\/samarco-registra-receita-liquida-de-us-1898-bilhao-em-2025-e-alcanca-recorde-de-producao-desde-a-retomada\/\",\"url\":\"https:\/\/jornalfatosenoticias.com.br\/index.php\/2026\/03\/12\/samarco-registra-receita-liquida-de-us-1898-bilhao-em-2025-e-alcanca-recorde-de-producao-desde-a-retomada\/\",\"name\":\"Samarco registra receita l\u00edquida de US$ 1,898 bilh\u00e3o em 2025 e alcan\u00e7a recorde de produ\u00e7\u00e3o desde a retomada\u200b - Jornal Fatos e Not\u00edcias\",\"isPartOf\":{\"@id\":\"https:\/\/jornalfatosenoticias.com.br\/#website\"},\"primaryImageOfPage\":{\"@id\":\"https:\/\/jornalfatosenoticias.com.br\/index.php\/2026\/03\/12\/samarco-registra-receita-liquida-de-us-1898-bilhao-em-2025-e-alcanca-recorde-de-producao-desde-a-retomada\/#primaryimage\"},\"image\":{\"@id\":\"https:\/\/jornalfatosenoticias.com.br\/index.php\/2026\/03\/12\/samarco-registra-receita-liquida-de-us-1898-bilhao-em-2025-e-alcanca-recorde-de-producao-desde-a-retomada\/#primaryimage\"},\"thumbnailUrl\":\"https:\/\/jornalfatosenoticias.com.br\/wp-content\/uploads\/2026\/03\/Samarco-foto-Daniel-Mansur-Nitro.jpg\",\"datePublished\":\"2026-03-12T21:12:53+00:00\",\"dateModified\":\"2026-03-12T21:12:56+00:00\",\"breadcrumb\":{\"@id\":\"https:\/\/jornalfatosenoticias.com.br\/index.php\/2026\/03\/12\/samarco-registra-receita-liquida-de-us-1898-bilhao-em-2025-e-alcanca-recorde-de-producao-desde-a-retomada\/#breadcrumb\"},\"inLanguage\":\"pt-BR\",\"potentialAction\":[{\"@type\":\"ReadAction\",\"target\":[\"https:\/\/jornalfatosenoticias.com.br\/index.php\/2026\/03\/12\/samarco-registra-receita-liquida-de-us-1898-bilhao-em-2025-e-alcanca-recorde-de-producao-desde-a-retomada\/\"]}]},{\"@type\":\"ImageObject\",\"inLanguage\":\"pt-BR\",\"@id\":\"https:\/\/jornalfatosenoticias.com.br\/index.php\/2026\/03\/12\/samarco-registra-receita-liquida-de-us-1898-bilhao-em-2025-e-alcanca-recorde-de-producao-desde-a-retomada\/#primaryimage\",\"url\":\"https:\/\/jornalfatosenoticias.com.br\/wp-content\/uploads\/2026\/03\/Samarco-foto-Daniel-Mansur-Nitro.jpg\",\"contentUrl\":\"https:\/\/jornalfatosenoticias.com.br\/wp-content\/uploads\/2026\/03\/Samarco-foto-Daniel-Mansur-Nitro.jpg\",\"width\":1000,\"height\":667},{\"@type\":\"BreadcrumbList\",\"@id\":\"https:\/\/jornalfatosenoticias.com.br\/index.php\/2026\/03\/12\/samarco-registra-receita-liquida-de-us-1898-bilhao-em-2025-e-alcanca-recorde-de-producao-desde-a-retomada\/#breadcrumb\",\"itemListElement\":[{\"@type\":\"ListItem\",\"position\":1,\"name\":\"In\u00edcio\",\"item\":\"https:\/\/jornalfatosenoticias.com.br\/\"},{\"@type\":\"ListItem\",\"position\":2,\"name\":\"Samarco registra receita l\u00edquida de US$ 1,898 bilh\u00e3o em 2025 e alcan\u00e7a recorde de produ\u00e7\u00e3o desde a retomada\u200b\"}]},{\"@type\":\"WebSite\",\"@id\":\"https:\/\/jornalfatosenoticias.com.br\/#website\",\"url\":\"https:\/\/jornalfatosenoticias.com.br\/\",\"name\":\"Jornal Fatos e Not\u00edcias\",\"description\":\"Not\u00edcias em geral\",\"publisher\":{\"@id\":\"https:\/\/jornalfatosenoticias.com.br\/#organization\"},\"potentialAction\":[{\"@type\":\"SearchAction\",\"target\":{\"@type\":\"EntryPoint\",\"urlTemplate\":\"https:\/\/jornalfatosenoticias.com.br\/?s={search_term_string}\"},\"query-input\":{\"@type\":\"PropertyValueSpecification\",\"valueRequired\":true,\"valueName\":\"search_term_string\"}}],\"inLanguage\":\"pt-BR\"},{\"@type\":\"Organization\",\"@id\":\"https:\/\/jornalfatosenoticias.com.br\/#organization\",\"name\":\"Jornal Fatos e Not\u00edcias\",\"url\":\"https:\/\/jornalfatosenoticias.com.br\/\",\"logo\":{\"@type\":\"ImageObject\",\"inLanguage\":\"pt-BR\",\"@id\":\"https:\/\/jornalfatosenoticias.com.br\/#\/schema\/logo\/image\/\",\"url\":\"https:\/\/jornalfatosenoticias.com.br\/wp-content\/uploads\/2020\/02\/logo120.png\",\"contentUrl\":\"https:\/\/jornalfatosenoticias.com.br\/wp-content\/uploads\/2020\/02\/logo120.png\",\"width\":1227,\"height\":120,\"caption\":\"Jornal Fatos e Not\u00edcias\"},\"image\":{\"@id\":\"https:\/\/jornalfatosenoticias.com.br\/#\/schema\/logo\/image\/\"}},{\"@type\":\"Person\",\"@id\":\"https:\/\/jornalfatosenoticias.com.br\/#\/schema\/person\/d63837fa13ac8666eb9e74e0985d6f81\",\"name\":\"Luzimara Fernandes\",\"image\":{\"@type\":\"ImageObject\",\"inLanguage\":\"pt-BR\",\"@id\":\"https:\/\/jornalfatosenoticias.com.br\/#\/schema\/person\/image\/\",\"url\":\"https:\/\/jornalfatosenoticias.com.br\/wp-content\/uploads\/2025\/05\/EU_portal.jpg\",\"contentUrl\":\"https:\/\/jornalfatosenoticias.com.br\/wp-content\/uploads\/2025\/05\/EU_portal.jpg\",\"caption\":\"Luzimara Fernandes\"},\"description\":\"Jornalista MTB 2358-ES\",\"sameAs\":[\"https:\/\/jornalfatosenoticias.com.br\"],\"url\":\"https:\/\/jornalfatosenoticias.com.br\/index.php\/author\/luzimara\/\"}]}<\/script>\n<!-- \/ Yoast SEO plugin. -->","yoast_head_json":{"title":"Samarco registra receita l\u00edquida de US$ 1,898 bilh\u00e3o em 2025 e alcan\u00e7a recorde de produ\u00e7\u00e3o desde a retomada\u200b - Jornal Fatos e Not\u00edcias","robots":{"index":"index","follow":"follow","max-snippet":"max-snippet:-1","max-image-preview":"max-image-preview:large","max-video-preview":"max-video-preview:-1"},"canonical":"https:\/\/jornalfatosenoticias.com.br\/index.php\/2026\/03\/12\/samarco-registra-receita-liquida-de-us-1898-bilhao-em-2025-e-alcanca-recorde-de-producao-desde-a-retomada\/","og_locale":"pt_BR","og_type":"article","og_title":"Samarco registra receita l\u00edquida de US$ 1,898 bilh\u00e3o em 2025 e alcan\u00e7a recorde de produ\u00e7\u00e3o desde a retomada\u200b - Jornal Fatos e Not\u00edcias","og_description":"Empresa fortalece estrutura de capital, avan\u00e7a na repara\u00e7\u00e3o e mant\u00e9m foco em seguran\u00e7a operacional\u200b Por Assessoria A Samarco encerrou 2025 com resultados financeiros impulsionados por uma receita l\u00edquida de US$ 1,898 bilh\u00e3o e um EBITDA ajustado de US$ 1,087 bilh\u00e3o frente a US$ 834 milh\u00f5es do ano anterior (crescimento de 30,3%), n\u00fameros que refletem uma [&hellip;]","og_url":"https:\/\/jornalfatosenoticias.com.br\/index.php\/2026\/03\/12\/samarco-registra-receita-liquida-de-us-1898-bilhao-em-2025-e-alcanca-recorde-de-producao-desde-a-retomada\/","og_site_name":"Jornal Fatos e Not\u00edcias","article_published_time":"2026-03-12T21:12:53+00:00","article_modified_time":"2026-03-12T21:12:56+00:00","og_image":[{"width":1000,"height":667,"url":"https:\/\/jornalfatosenoticias.com.br\/wp-content\/uploads\/2026\/03\/Samarco-foto-Daniel-Mansur-Nitro.jpg","type":"image\/jpeg"}],"author":"Luzimara Fernandes","twitter_card":"summary_large_image","twitter_misc":{"Escrito por":"Luzimara Fernandes","Est. tempo de leitura":"5 minutos"},"schema":{"@context":"https:\/\/schema.org","@graph":[{"@type":"Article","@id":"https:\/\/jornalfatosenoticias.com.br\/index.php\/2026\/03\/12\/samarco-registra-receita-liquida-de-us-1898-bilhao-em-2025-e-alcanca-recorde-de-producao-desde-a-retomada\/#article","isPartOf":{"@id":"https:\/\/jornalfatosenoticias.com.br\/index.php\/2026\/03\/12\/samarco-registra-receita-liquida-de-us-1898-bilhao-em-2025-e-alcanca-recorde-de-producao-desde-a-retomada\/"},"author":{"name":"Luzimara Fernandes","@id":"https:\/\/jornalfatosenoticias.com.br\/#\/schema\/person\/d63837fa13ac8666eb9e74e0985d6f81"},"headline":"Samarco registra receita l\u00edquida de US$ 1,898 bilh\u00e3o em 2025 e alcan\u00e7a recorde de produ\u00e7\u00e3o desde a retomada\u200b","datePublished":"2026-03-12T21:12:53+00:00","dateModified":"2026-03-12T21:12:56+00:00","mainEntityOfPage":{"@id":"https:\/\/jornalfatosenoticias.com.br\/index.php\/2026\/03\/12\/samarco-registra-receita-liquida-de-us-1898-bilhao-em-2025-e-alcanca-recorde-de-producao-desde-a-retomada\/"},"wordCount":853,"commentCount":0,"publisher":{"@id":"https:\/\/jornalfatosenoticias.com.br\/#organization"},"image":{"@id":"https:\/\/jornalfatosenoticias.com.br\/index.php\/2026\/03\/12\/samarco-registra-receita-liquida-de-us-1898-bilhao-em-2025-e-alcanca-recorde-de-producao-desde-a-retomada\/#primaryimage"},"thumbnailUrl":"https:\/\/jornalfatosenoticias.com.br\/wp-content\/uploads\/2026\/03\/Samarco-foto-Daniel-Mansur-Nitro.jpg","keywords":["Bacia do Rio Doce","Gustavo Selayzim","minera\u00e7\u00e3o","produ\u00e7\u00e3o","receita l\u00edquida","recorde de produ\u00e7\u00e3o","Rodrigo Vilela","Samarco","sustentabilidade"],"articleSection":["Meio ambiente","Minera\u00e7\u00e3o"],"inLanguage":"pt-BR","potentialAction":[{"@type":"CommentAction","name":"Comment","target":["https:\/\/jornalfatosenoticias.com.br\/index.php\/2026\/03\/12\/samarco-registra-receita-liquida-de-us-1898-bilhao-em-2025-e-alcanca-recorde-de-producao-desde-a-retomada\/#respond"]}]},{"@type":"WebPage","@id":"https:\/\/jornalfatosenoticias.com.br\/index.php\/2026\/03\/12\/samarco-registra-receita-liquida-de-us-1898-bilhao-em-2025-e-alcanca-recorde-de-producao-desde-a-retomada\/","url":"https:\/\/jornalfatosenoticias.com.br\/index.php\/2026\/03\/12\/samarco-registra-receita-liquida-de-us-1898-bilhao-em-2025-e-alcanca-recorde-de-producao-desde-a-retomada\/","name":"Samarco registra receita l\u00edquida de US$ 1,898 bilh\u00e3o em 2025 e alcan\u00e7a recorde de produ\u00e7\u00e3o desde a retomada\u200b - Jornal Fatos e Not\u00edcias","isPartOf":{"@id":"https:\/\/jornalfatosenoticias.com.br\/#website"},"primaryImageOfPage":{"@id":"https:\/\/jornalfatosenoticias.com.br\/index.php\/2026\/03\/12\/samarco-registra-receita-liquida-de-us-1898-bilhao-em-2025-e-alcanca-recorde-de-producao-desde-a-retomada\/#primaryimage"},"image":{"@id":"https:\/\/jornalfatosenoticias.com.br\/index.php\/2026\/03\/12\/samarco-registra-receita-liquida-de-us-1898-bilhao-em-2025-e-alcanca-recorde-de-producao-desde-a-retomada\/#primaryimage"},"thumbnailUrl":"https:\/\/jornalfatosenoticias.com.br\/wp-content\/uploads\/2026\/03\/Samarco-foto-Daniel-Mansur-Nitro.jpg","datePublished":"2026-03-12T21:12:53+00:00","dateModified":"2026-03-12T21:12:56+00:00","breadcrumb":{"@id":"https:\/\/jornalfatosenoticias.com.br\/index.php\/2026\/03\/12\/samarco-registra-receita-liquida-de-us-1898-bilhao-em-2025-e-alcanca-recorde-de-producao-desde-a-retomada\/#breadcrumb"},"inLanguage":"pt-BR","potentialAction":[{"@type":"ReadAction","target":["https:\/\/jornalfatosenoticias.com.br\/index.php\/2026\/03\/12\/samarco-registra-receita-liquida-de-us-1898-bilhao-em-2025-e-alcanca-recorde-de-producao-desde-a-retomada\/"]}]},{"@type":"ImageObject","inLanguage":"pt-BR","@id":"https:\/\/jornalfatosenoticias.com.br\/index.php\/2026\/03\/12\/samarco-registra-receita-liquida-de-us-1898-bilhao-em-2025-e-alcanca-recorde-de-producao-desde-a-retomada\/#primaryimage","url":"https:\/\/jornalfatosenoticias.com.br\/wp-content\/uploads\/2026\/03\/Samarco-foto-Daniel-Mansur-Nitro.jpg","contentUrl":"https:\/\/jornalfatosenoticias.com.br\/wp-content\/uploads\/2026\/03\/Samarco-foto-Daniel-Mansur-Nitro.jpg","width":1000,"height":667},{"@type":"BreadcrumbList","@id":"https:\/\/jornalfatosenoticias.com.br\/index.php\/2026\/03\/12\/samarco-registra-receita-liquida-de-us-1898-bilhao-em-2025-e-alcanca-recorde-de-producao-desde-a-retomada\/#breadcrumb","itemListElement":[{"@type":"ListItem","position":1,"name":"In\u00edcio","item":"https:\/\/jornalfatosenoticias.com.br\/"},{"@type":"ListItem","position":2,"name":"Samarco registra receita l\u00edquida de US$ 1,898 bilh\u00e3o em 2025 e alcan\u00e7a recorde de produ\u00e7\u00e3o desde a retomada\u200b"}]},{"@type":"WebSite","@id":"https:\/\/jornalfatosenoticias.com.br\/#website","url":"https:\/\/jornalfatosenoticias.com.br\/","name":"Jornal Fatos e Not\u00edcias","description":"Not\u00edcias em geral","publisher":{"@id":"https:\/\/jornalfatosenoticias.com.br\/#organization"},"potentialAction":[{"@type":"SearchAction","target":{"@type":"EntryPoint","urlTemplate":"https:\/\/jornalfatosenoticias.com.br\/?s={search_term_string}"},"query-input":{"@type":"PropertyValueSpecification","valueRequired":true,"valueName":"search_term_string"}}],"inLanguage":"pt-BR"},{"@type":"Organization","@id":"https:\/\/jornalfatosenoticias.com.br\/#organization","name":"Jornal Fatos e Not\u00edcias","url":"https:\/\/jornalfatosenoticias.com.br\/","logo":{"@type":"ImageObject","inLanguage":"pt-BR","@id":"https:\/\/jornalfatosenoticias.com.br\/#\/schema\/logo\/image\/","url":"https:\/\/jornalfatosenoticias.com.br\/wp-content\/uploads\/2020\/02\/logo120.png","contentUrl":"https:\/\/jornalfatosenoticias.com.br\/wp-content\/uploads\/2020\/02\/logo120.png","width":1227,"height":120,"caption":"Jornal Fatos e Not\u00edcias"},"image":{"@id":"https:\/\/jornalfatosenoticias.com.br\/#\/schema\/logo\/image\/"}},{"@type":"Person","@id":"https:\/\/jornalfatosenoticias.com.br\/#\/schema\/person\/d63837fa13ac8666eb9e74e0985d6f81","name":"Luzimara Fernandes","image":{"@type":"ImageObject","inLanguage":"pt-BR","@id":"https:\/\/jornalfatosenoticias.com.br\/#\/schema\/person\/image\/","url":"https:\/\/jornalfatosenoticias.com.br\/wp-content\/uploads\/2025\/05\/EU_portal.jpg","contentUrl":"https:\/\/jornalfatosenoticias.com.br\/wp-content\/uploads\/2025\/05\/EU_portal.jpg","caption":"Luzimara Fernandes"},"description":"Jornalista MTB 2358-ES","sameAs":["https:\/\/jornalfatosenoticias.com.br"],"url":"https:\/\/jornalfatosenoticias.com.br\/index.php\/author\/luzimara\/"}]}},"cc_featured_image_caption":{"caption_text":"Samarco (Foto: Daniel Mansur\/Nitro)","source_text":"","source_url":""},"jetpack_featured_media_url":"https:\/\/jornalfatosenoticias.com.br\/wp-content\/uploads\/2026\/03\/Samarco-foto-Daniel-Mansur-Nitro.jpg","_links":{"self":[{"href":"https:\/\/jornalfatosenoticias.com.br\/index.php\/wp-json\/wp\/v2\/posts\/65880","targetHints":{"allow":["GET"]}}],"collection":[{"href":"https:\/\/jornalfatosenoticias.com.br\/index.php\/wp-json\/wp\/v2\/posts"}],"about":[{"href":"https:\/\/jornalfatosenoticias.com.br\/index.php\/wp-json\/wp\/v2\/types\/post"}],"author":[{"embeddable":true,"href":"https:\/\/jornalfatosenoticias.com.br\/index.php\/wp-json\/wp\/v2\/users\/2"}],"replies":[{"embeddable":true,"href":"https:\/\/jornalfatosenoticias.com.br\/index.php\/wp-json\/wp\/v2\/comments?post=65880"}],"version-history":[{"count":1,"href":"https:\/\/jornalfatosenoticias.com.br\/index.php\/wp-json\/wp\/v2\/posts\/65880\/revisions"}],"predecessor-version":[{"id":65884,"href":"https:\/\/jornalfatosenoticias.com.br\/index.php\/wp-json\/wp\/v2\/posts\/65880\/revisions\/65884"}],"wp:featuredmedia":[{"embeddable":true,"href":"https:\/\/jornalfatosenoticias.com.br\/index.php\/wp-json\/wp\/v2\/media\/65883"}],"wp:attachment":[{"href":"https:\/\/jornalfatosenoticias.com.br\/index.php\/wp-json\/wp\/v2\/media?parent=65880"}],"wp:term":[{"taxonomy":"category","embeddable":true,"href":"https:\/\/jornalfatosenoticias.com.br\/index.php\/wp-json\/wp\/v2\/categories?post=65880"},{"taxonomy":"post_tag","embeddable":true,"href":"https:\/\/jornalfatosenoticias.com.br\/index.php\/wp-json\/wp\/v2\/tags?post=65880"}],"curies":[{"name":"wp","href":"https:\/\/api.w.org\/{rel}","templated":true}]}}