{"id":65886,"date":"2026-03-12T18:35:25","date_gmt":"2026-03-12T21:35:25","guid":{"rendered":"https:\/\/jornalfatosenoticias.com.br\/?p=65886"},"modified":"2026-03-12T18:35:27","modified_gmt":"2026-03-12T21:35:27","slug":"lucro-presumido-passa-a-ser-tratado-como-beneficio-fiscal","status":"publish","type":"post","link":"https:\/\/jornalfatosenoticias.com.br\/index.php\/2026\/03\/12\/lucro-presumido-passa-a-ser-tratado-como-beneficio-fiscal\/","title":{"rendered":"Lucro presumido passa a ser tratado como benef\u00edcio fiscal"},"content":{"rendered":"\n<p><em><mark style=\"background-color:rgba(0, 0, 0, 0)\" class=\"has-inline-color has-black-color\">O que muda para o setor de alimentos \u2014 an\u00e1lise cr\u00edtica da Lei Complementar 224\/2025<\/mark><\/em><\/p>\n\n\n\n<p>A promulga\u00e7\u00e3o da Lei Complementar n.\u00ba 224, em dezembro de 2025, trouxe uma mudan\u00e7a relevante para o sistema tribut\u00e1rio brasileiro e acendeu um alerta entre empresas do setor de alimentos. A nova legisla\u00e7\u00e3o entrou em vigor em janeiro de 2026 e passou a classificar o regime de lucro presumido como um benef\u00edcio fiscal, alterando a forma como a tributa\u00e7\u00e3o \u00e9 calculada para empresas que ultrapassam determinado n\u00edvel de faturamento.<br>A decis\u00e3o de enquadrar o lucro presumido na categoria de incentivos fiscais representa uma ruptura com a tradi\u00e7\u00e3o jur\u00eddica brasileira. Historicamente, o regime tem sido reconhecido como uma t\u00e9cnica de apura\u00e7\u00e3o da base de c\u00e1lculo do Imposto de Renda da Pessoa Jur\u00eddica (IRPJ) e da Contribui\u00e7\u00e3o Social sobre o Lucro L\u00edquido (CSLL), e n\u00e3o como uma concess\u00e3o de benef\u00edcio tribut\u00e1rio.<br>O artigo 44 do C\u00f3digo Tribut\u00e1rio Nacional (CTN) estabelece que tanto o lucro real quanto o lucro presumido constituem m\u00e9todos leg\u00edtimos de determina\u00e7\u00e3o da base tribut\u00e1vel, sem qualquer conota\u00e7\u00e3o de favor fiscal.<br>A medida tem impacto direto em milhares de empresas, incluindo muitas do setor de alimentos que utilizam o lucro presumido como forma de simplificar sua apura\u00e7\u00e3o tribut\u00e1ria. Embora apresentada pelo governo como um mecanismo de controle dos chamados \u201cgastos tribut\u00e1rios\u201d, a mudan\u00e7a tem gerado intenso debate entre tributaristas, contadores e representantes do setor produtivo.<\/p>\n\n\n<div class=\"wp-block-image\">\n<figure class=\"aligncenter size-large is-resized\"><a href=\"https:\/\/www.instagram.com\/esteio.churrascaria\/\"><img loading=\"lazy\" decoding=\"async\" width=\"1024\" height=\"730\" src=\"https:\/\/jornalfatosenoticias.com.br\/wp-content\/uploads\/2022\/02\/LOGO-ESTEIO-1024x730.png\" alt=\"\" class=\"wp-image-27942\" style=\"aspect-ratio:1.4027763281494625;width:405px;height:auto\" srcset=\"https:\/\/jornalfatosenoticias.com.br\/wp-content\/uploads\/2022\/02\/LOGO-ESTEIO-1024x730.png 1024w, https:\/\/jornalfatosenoticias.com.br\/wp-content\/uploads\/2022\/02\/LOGO-ESTEIO-300x214.png 300w, https:\/\/jornalfatosenoticias.com.br\/wp-content\/uploads\/2022\/02\/LOGO-ESTEIO-768x548.png 768w, https:\/\/jornalfatosenoticias.com.br\/wp-content\/uploads\/2022\/02\/LOGO-ESTEIO.png 1123w\" sizes=\"auto, (max-width: 1024px) 100vw, 1024px\" \/><\/a><\/figure>\n<\/div>\n\n\n<p><strong><mark style=\"background-color:rgba(0, 0, 0, 0)\" class=\"has-inline-color has-black-color\"><span style=\"text-decoration: underline;\">O que mudou na pr\u00e1tica<br><\/span><\/mark><\/strong>A Lei Complementar 224 estabelece que empresas enquadradas no lucro presumido com receita bruta anual superior a R$ 5 milh\u00f5es passam a ter um acr\u00e9scimo de 10% nos percentuais de presun\u00e7\u00e3o aplicados sobre a parcela da receita que exceder esse limite.<br>Na pr\u00e1tica, isso aumenta a base sobre a qual s\u00e3o calculados o Imposto de Renda da Pessoa Jur\u00eddica (IRPJ) e a Contribui\u00e7\u00e3o Social sobre o Lucro L\u00edquido (CSLL).<\/p>\n\n\n\n<p><strong><mark style=\"background-color:rgba(0, 0, 0, 0)\" class=\"has-inline-color has-black-color\"><span style=\"text-decoration: underline;\">Alguns exemplos ajudam a entender:<br><\/span><\/mark><\/strong>\u2022 Empresas comerciais que utilizam presun\u00e7\u00e3o de 8% passam para 8,8% sobre o faturamento excedente.<br>\u2022 Empresas de servi\u00e7os, normalmente com presun\u00e7\u00e3o de 32%, passam para 35,2% nessa mesma faixa de receita.<br>Embora as al\u00edquotas nominais de IRPJ e CSLL n\u00e3o tenham sido alteradas, o aumento da base de c\u00e1lculo resulta, na pr\u00e1tica, em maior carga tribut\u00e1ria efetiva.<br>Para muitas empresas do setor de alimentos especialmente ind\u00fastrias de panifica\u00e7\u00e3o, latic\u00ednios, frigor\u00edficos, fabricantes de produtos processados, bebidas e alimentos embalados esse aumento pode impactar diretamente margens operacionais que j\u00e1 s\u00e3o pressionadas por fatores como:<br>\u2022 alta volatilidade no pre\u00e7o de insumos agr\u00edcolas;<br>\u2022 custos elevados de energia e refrigera\u00e7\u00e3o;<br>\u2022 perdas operacionais decorrentes de validade e perecibilidade dos produtos;<br>\u2022 exig\u00eancias sanit\u00e1rias e regulat\u00f3rias rigorosas;<br>\u2022 custos log\u00edsticos elevados, principalmente em cadeias refrigeradas.<\/p>\n\n\n<div class=\"wp-block-image\">\n<figure class=\"aligncenter size-large is-resized\"><a href=\"https:\/\/www.instagram.com\/restaurantepegoretti\/\"><img loading=\"lazy\" decoding=\"async\" width=\"1024\" height=\"389\" src=\"https:\/\/jornalfatosenoticias.com.br\/wp-content\/uploads\/2023\/12\/pegoretti-logo-pdf-1024x389.jpg\" alt=\"\" class=\"wp-image-47536\" style=\"aspect-ratio:2.632455195377534;width:529px;height:auto\" srcset=\"https:\/\/jornalfatosenoticias.com.br\/wp-content\/uploads\/2023\/12\/pegoretti-logo-pdf-1024x389.jpg 1024w, https:\/\/jornalfatosenoticias.com.br\/wp-content\/uploads\/2023\/12\/pegoretti-logo-pdf-300x114.jpg 300w, https:\/\/jornalfatosenoticias.com.br\/wp-content\/uploads\/2023\/12\/pegoretti-logo-pdf-768x291.jpg 768w, https:\/\/jornalfatosenoticias.com.br\/wp-content\/uploads\/2023\/12\/pegoretti-logo-pdf.jpg 1120w\" sizes=\"auto, (max-width: 1024px) 100vw, 1024px\" \/><\/a><\/figure>\n<\/div>\n\n\n<p><strong><mark style=\"background-color:rgba(0, 0, 0, 0)\" class=\"has-inline-color has-black-color\"><span style=\"text-decoration: underline;\">Um debate jur\u00eddico relevante<br><\/span><\/mark><\/strong>A principal controv\u00e9rsia em torno da nova lei est\u00e1 na forma como o governo passou a interpretar o lucro presumido. Tradicionalmente, esse regime sempre foi entendido como uma t\u00e9cnica de apura\u00e7\u00e3o da base tribut\u00e1vel, prevista no artigo 44 do C\u00f3digo Tribut\u00e1rio Nacional. Ou seja, uma alternativa ao lucro real para simplificar o c\u00e1lculo do imposto, e n\u00e3o um incentivo fiscal. Ao classific\u00e1-lo como benef\u00edcio fiscal, a nova lei abre espa\u00e7o para sua restri\u00e7\u00e3o ou encarecimento algo que especialistas consideram juridicamente question\u00e1vel.<br>Outro ponto sens\u00edvel \u00e9 o princ\u00edpio da anterioridade tribut\u00e1ria, previsto na Constitui\u00e7\u00e3o. Ele determina que um tributo n\u00e3o pode ser cobrado no mesmo exerc\u00edcio em que a lei que o institui foi publicada. Como a norma foi sancionada no final de dezembro de 2025 e aplicada j\u00e1 em janeiro de 2026, surgiram d\u00favidas sobre o cumprimento dessa regra.<\/p>\n\n\n<div class=\"wp-block-image\">\n<figure class=\"aligncenter size-full\"><img loading=\"lazy\" decoding=\"async\" width=\"1000\" height=\"491\" src=\"https:\/\/jornalfatosenoticias.com.br\/wp-content\/uploads\/2026\/03\/lucro-presumido_Kalyne-e-Rogerio2_IA-Gemini.jpg\" alt=\"\" class=\"wp-image-65887\" srcset=\"https:\/\/jornalfatosenoticias.com.br\/wp-content\/uploads\/2026\/03\/lucro-presumido_Kalyne-e-Rogerio2_IA-Gemini.jpg 1000w, https:\/\/jornalfatosenoticias.com.br\/wp-content\/uploads\/2026\/03\/lucro-presumido_Kalyne-e-Rogerio2_IA-Gemini-300x147.jpg 300w, https:\/\/jornalfatosenoticias.com.br\/wp-content\/uploads\/2026\/03\/lucro-presumido_Kalyne-e-Rogerio2_IA-Gemini-768x377.jpg 768w\" sizes=\"auto, (max-width: 1000px) 100vw, 1000px\" \/><figcaption class=\"wp-element-caption\"><em><mark style=\"background-color:rgba(0, 0, 0, 0)\" class=\"has-inline-color has-black-color\">(Imagem: criada com IA Gemini)<\/mark><\/em><\/figcaption><\/figure>\n<\/div>\n\n\n<p><strong><mark style=\"background-color:rgba(0, 0, 0, 0)\" class=\"has-inline-color has-black-color\"><span style=\"text-decoration: underline;\">Impactos para empresas do setor de alimentos<br><\/span><\/mark><\/strong>Embora a discuss\u00e3o jur\u00eddica ainda esteja em andamento, os impactos pr\u00e1ticos j\u00e1 s\u00e3o percebidos no planejamento tribut\u00e1rio das empresas. Muitas ind\u00fastrias aliment\u00edcias de m\u00e9dio porte migraram recentemente do Simples Nacional para o lucro presumido, justamente por estarem pr\u00f3ximas do limite de faturamento de R$ 4,8 milh\u00f5es. Essas empresas estruturaram seus custos e pre\u00e7os considerando a carga tribut\u00e1ria do regime anterior.<br>Com a nova regra, parte dessas organiza\u00e7\u00f5es pode enfrentar:<br>\u2022 aumento inesperado da carga tribut\u00e1ria;<br>\u2022 necessidade de rever contratos com distribuidores e redes varejistas;<br>\u2022 press\u00e3o adicional sobre margens j\u00e1 reduzidas;<br>\u2022 revis\u00e3o de pre\u00e7os em um mercado altamente competitivo.<br>No setor de alimentos, essa press\u00e3o \u00e9 ainda mais sens\u00edvel porque muitos produtores operam com margens estreitas e enfrentam grande poder de negocia\u00e7\u00e3o por parte de redes supermercadistas e distribuidores.<br>Dependendo do perfil da empresa, pode surgir a necessidade de analisar a migra\u00e7\u00e3o para o lucro real, o que exige controles cont\u00e1beis mais robustos, gest\u00e3o mais detalhada de custos e maior complexidade administrativa.<\/p>\n\n\n<div class=\"wp-block-image\">\n<figure class=\"aligncenter size-large is-resized\"><a href=\"https:\/\/hotelmarquetti.com.br\/\"><img loading=\"lazy\" decoding=\"async\" width=\"1024\" height=\"680\" src=\"https:\/\/jornalfatosenoticias.com.br\/wp-content\/uploads\/2020\/02\/LOGO-MQ-1024x680.jpg\" alt=\"\" class=\"wp-image-58299\" style=\"width:407px;height:auto\" srcset=\"https:\/\/jornalfatosenoticias.com.br\/wp-content\/uploads\/2020\/02\/LOGO-MQ-1024x680.jpg 1024w, https:\/\/jornalfatosenoticias.com.br\/wp-content\/uploads\/2020\/02\/LOGO-MQ-300x199.jpg 300w, https:\/\/jornalfatosenoticias.com.br\/wp-content\/uploads\/2020\/02\/LOGO-MQ-768x510.jpg 768w, https:\/\/jornalfatosenoticias.com.br\/wp-content\/uploads\/2020\/02\/LOGO-MQ-1536x1020.jpg 1536w, https:\/\/jornalfatosenoticias.com.br\/wp-content\/uploads\/2020\/02\/LOGO-MQ-2048x1360.jpg 2048w\" sizes=\"auto, (max-width: 1024px) 100vw, 1024px\" \/><\/a><\/figure>\n<\/div>\n\n\n<p><strong><mark style=\"background-color:rgba(0, 0, 0, 0)\" class=\"has-inline-color has-black-color\"><span style=\"text-decoration: underline;\">Poss\u00edvel judicializa\u00e7\u00e3o<br><\/span><\/mark><\/strong>A medida tamb\u00e9m j\u00e1 come\u00e7a a chegar ao Judici\u00e1rio. Em decis\u00f5es preliminares, alguns tribunais reconheceram a possibilidade de questionamento da nova regra, suspendendo temporariamente sua aplica\u00e7\u00e3o em determinados casos.<br>Entidades representativas e especialistas apontam tr\u00eas pontos principais que podem ser discutidos judicialmente:<br>\u2022 poss\u00edvel viola\u00e7\u00e3o ao princ\u00edpio da anterioridade tribut\u00e1ria;<br>\u2022 incompatibilidade com o artigo 44 do C\u00f3digo Tribut\u00e1rio Nacional;<br>\u2022 eventual quebra de isonomia entre setores econ\u00f4micos.<br>Caso a medida seja considerada inconstitucional, empresas que pagarem valores adicionais poder\u00e3o discutir a restitui\u00e7\u00e3o desses montantes. O Conselho Nacional de Secret\u00e1rios de Fazenda (CNS) j\u00e1 protocolou a\u00e7\u00e3o no Supremo Tribunal Federal (STF) contra o adicional de 10%, argumentando que a medida viola princ\u00edpios constitucionais fundamentais.<br>A Justi\u00e7a Federal do Rio de Janeiro, em decis\u00e3o liminar proferida em janeiro de 2026, suspendeu temporariamente a aplica\u00e7\u00e3o do aumento de 10% no IRPJ e CSLL para empresas do lucro presumido, reconhecendo a plausibilidade das teses jur\u00eddicas apresentadas pelos contribuintes. Essa decis\u00e3o sinaliza que o Poder Judici\u00e1rio pode vir a reconhecer a inconstitucionalidade da medida, ao menos em seus aspectos procedimentais.<\/p>\n\n\n<div class=\"wp-block-image\">\n<figure class=\"aligncenter size-full is-resized\"><a href=\"https:\/\/www.instagram.com\/alhoroxao\/\"><img loading=\"lazy\" decoding=\"async\" width=\"960\" height=\"365\" src=\"https:\/\/jornalfatosenoticias.com.br\/wp-content\/uploads\/2026\/01\/logo-alho-Roxao.png\" alt=\"\" class=\"wp-image-64448\" style=\"width:713px;height:auto\" srcset=\"https:\/\/jornalfatosenoticias.com.br\/wp-content\/uploads\/2026\/01\/logo-alho-Roxao.png 960w, https:\/\/jornalfatosenoticias.com.br\/wp-content\/uploads\/2026\/01\/logo-alho-Roxao-300x114.png 300w, https:\/\/jornalfatosenoticias.com.br\/wp-content\/uploads\/2026\/01\/logo-alho-Roxao-768x292.png 768w\" sizes=\"auto, (max-width: 960px) 100vw, 960px\" \/><\/a><\/figure>\n<\/div>\n\n\n<p><strong><mark style=\"background-color:rgba(0, 0, 0, 0)\" class=\"has-inline-color has-black-color\"><span style=\"text-decoration: underline;\">Seguran\u00e7a jur\u00eddica e planejamento<br><\/span><\/mark><\/strong>Outro fator que gerou preocupa\u00e7\u00e3o no ambiente empresarial foi a rapidez da tramita\u00e7\u00e3o da nova lei. O projeto foi apresentado em agosto de 2025 e aprovado em dezembro do mesmo ano, com regulamenta\u00e7\u00e3o praticamente imediata. Esse ritmo acelerado dificultou a adapta\u00e7\u00e3o de empresas e profissionais da \u00e1rea tribut\u00e1ria, criando um cen\u00e1rio de incerteza jur\u00eddica e necessidade de revis\u00e3o estrat\u00e9gica.<br>Para o setor de alimentos que opera com cadeias produtivas complexas, controle sanit\u00e1rio rigoroso, necessidade constante de giro de estoque e forte sensibilidade a custos de produ\u00e7\u00e3o mudan\u00e7as abruptas na tributa\u00e7\u00e3o podem afetar decis\u00f5es de investimento, expans\u00e3o produtiva e forma\u00e7\u00e3o de pre\u00e7os.<\/p>\n\n\n<div class=\"wp-block-image\">\n<figure class=\"aligncenter size-large is-resized\"><a href=\"https:\/\/www.instagram.com\/espiritocacau\/\"><img loading=\"lazy\" decoding=\"async\" width=\"1024\" height=\"655\" src=\"https:\/\/jornalfatosenoticias.com.br\/wp-content\/uploads\/2020\/02\/logo-Espirito-Cacau-1024x655.jpeg\" alt=\"\" class=\"wp-image-65573\" style=\"aspect-ratio:1.5634269760949224;width:383px;height:auto\" srcset=\"https:\/\/jornalfatosenoticias.com.br\/wp-content\/uploads\/2020\/02\/logo-Espirito-Cacau-1024x655.jpeg 1024w, https:\/\/jornalfatosenoticias.com.br\/wp-content\/uploads\/2020\/02\/logo-Espirito-Cacau-300x192.jpeg 300w, https:\/\/jornalfatosenoticias.com.br\/wp-content\/uploads\/2020\/02\/logo-Espirito-Cacau-768x491.jpeg 768w, https:\/\/jornalfatosenoticias.com.br\/wp-content\/uploads\/2020\/02\/logo-Espirito-Cacau.jpeg 1069w\" sizes=\"auto, (max-width: 1024px) 100vw, 1024px\" \/><\/a><\/figure>\n<\/div>\n\n\n<p><strong><mark style=\"background-color:rgba(0, 0, 0, 0)\" class=\"has-inline-color has-black-color\"><span style=\"text-decoration: underline;\">Um tema que ainda ter\u00e1 desdobramentos<br><\/span><\/mark><\/strong>A reclassifica\u00e7\u00e3o do lucro presumido como benef\u00edcio fiscal representa uma mudan\u00e7a significativa na pol\u00edtica tribut\u00e1ria brasileira. Mais do que um ajuste t\u00e9cnico, trata-se de uma altera\u00e7\u00e3o conceitual que pode redefinir o uso desse regime no pa\u00eds.<br>Nos pr\u00f3ximos meses, decis\u00f5es do Judici\u00e1rio e interpreta\u00e7\u00f5es administrativas dever\u00e3o esclarecer os limites dessa nova legisla\u00e7\u00e3o. Enquanto isso, recomendamos que empresas revisem seus planejamentos tribut\u00e1rios, acompanhem os desdobramentos jur\u00eddicos e mantenham documenta\u00e7\u00e3o detalhada sobre os impactos financeiros da nova regra.<br>Para um setor estrat\u00e9gico como o de alimentos respons\u00e1vel por abastecer o mercado interno, gerar empregos e sustentar importantes cadeias do agroneg\u00f3cio a previsibilidade tribut\u00e1ria continua sendo um fator essencial para garantir competitividade e seguran\u00e7a nas decis\u00f5es empresariais.<\/p>\n\n\n<div class=\"wp-block-image\">\n<figure class=\"aligncenter size-full is-resized\"><a href=\"https:\/\/premiertemperos.com.br\/novo\/\"><img loading=\"lazy\" decoding=\"async\" width=\"851\" height=\"315\" src=\"https:\/\/jornalfatosenoticias.com.br\/wp-content\/uploads\/2020\/02\/logo-Premier-Temperos.png\" alt=\"\" class=\"wp-image-64452\" style=\"aspect-ratio:2.7017790732736957;width:705px;height:auto\" srcset=\"https:\/\/jornalfatosenoticias.com.br\/wp-content\/uploads\/2020\/02\/logo-Premier-Temperos.png 851w, https:\/\/jornalfatosenoticias.com.br\/wp-content\/uploads\/2020\/02\/logo-Premier-Temperos-300x111.png 300w, https:\/\/jornalfatosenoticias.com.br\/wp-content\/uploads\/2020\/02\/logo-Premier-Temperos-768x284.png 768w\" sizes=\"auto, (max-width: 851px) 100vw, 851px\" \/><\/a><\/figure>\n<\/div>","protected":false},"excerpt":{"rendered":"<p>O que muda para o setor de alimentos \u2014 an\u00e1lise cr\u00edtica da Lei Complementar 224\/2025 A promulga\u00e7\u00e3o da Lei Complementar n.\u00ba 224, em dezembro de 2025, trouxe uma mudan\u00e7a relevante para o sistema tribut\u00e1rio brasileiro e acendeu um alerta entre empresas do setor de alimentos. A nova legisla\u00e7\u00e3o entrou em vigor em janeiro de 2026 [&hellip;]<\/p>\n","protected":false},"author":39,"featured_media":65888,"comment_status":"open","ping_status":"open","sticky":false,"template":"","format":"standard","meta":{"footnotes":""},"categories":[9],"tags":[29965,27132,29967,29968,29966,27276,1975,29439],"class_list":["post-65886","post","type-post","status-publish","format-standard","has-post-thumbnail","hentry","category-economia","tag-beneficio-fiscal","tag-codigo-tributario-nacional","tag-csll","tag-irpj","tag-lei-complementar-224-2025","tag-lucro-presumido","tag-receita","tag-setor-de-alimentos"],"yoast_head":"<!-- This site is optimized with the Yoast SEO plugin v26.5 - https:\/\/yoast.com\/wordpress\/plugins\/seo\/ -->\n<title>Lucro presumido passa a ser tratado como benef\u00edcio fiscal - Jornal Fatos e Not\u00edcias<\/title>\n<meta name=\"robots\" content=\"index, follow, max-snippet:-1, max-image-preview:large, max-video-preview:-1\" \/>\n<link rel=\"canonical\" href=\"https:\/\/jornalfatosenoticias.com.br\/index.php\/2026\/03\/12\/lucro-presumido-passa-a-ser-tratado-como-beneficio-fiscal\/\" \/>\n<meta property=\"og:locale\" content=\"pt_BR\" \/>\n<meta property=\"og:type\" content=\"article\" \/>\n<meta property=\"og:title\" content=\"Lucro presumido passa a ser tratado como benef\u00edcio fiscal - Jornal Fatos e Not\u00edcias\" \/>\n<meta property=\"og:description\" content=\"O que muda para o setor de alimentos \u2014 an\u00e1lise cr\u00edtica da Lei Complementar 224\/2025 A promulga\u00e7\u00e3o da Lei Complementar n.\u00ba 224, em dezembro de 2025, trouxe uma mudan\u00e7a relevante para o sistema tribut\u00e1rio brasileiro e acendeu um alerta entre empresas do setor de alimentos. A nova legisla\u00e7\u00e3o entrou em vigor em janeiro de 2026 [&hellip;]\" \/>\n<meta property=\"og:url\" content=\"https:\/\/jornalfatosenoticias.com.br\/index.php\/2026\/03\/12\/lucro-presumido-passa-a-ser-tratado-como-beneficio-fiscal\/\" \/>\n<meta property=\"og:site_name\" content=\"Jornal Fatos e Not\u00edcias\" \/>\n<meta property=\"article:published_time\" content=\"2026-03-12T21:35:25+00:00\" \/>\n<meta property=\"article:modified_time\" content=\"2026-03-12T21:35:27+00:00\" \/>\n<meta property=\"og:image\" content=\"https:\/\/jornalfatosenoticias.com.br\/wp-content\/uploads\/2026\/03\/ChatGPT-Image_lucro-presumido-Alimentos.png\" \/>\n\t<meta property=\"og:image:width\" content=\"1000\" \/>\n\t<meta property=\"og:image:height\" content=\"666\" \/>\n\t<meta property=\"og:image:type\" content=\"image\/png\" \/>\n<meta name=\"author\" content=\"Rogerio Fernandes e Kalyne Calais\" \/>\n<meta name=\"twitter:card\" content=\"summary_large_image\" \/>\n<meta name=\"twitter:label1\" content=\"Escrito por\" \/>\n\t<meta name=\"twitter:data1\" content=\"Rogerio Fernandes e Kalyne Calais\" \/>\n\t<meta name=\"twitter:label2\" content=\"Est. tempo de leitura\" \/>\n\t<meta name=\"twitter:data2\" content=\"9 minutos\" \/>\n<script type=\"application\/ld+json\" class=\"yoast-schema-graph\">{\"@context\":\"https:\/\/schema.org\",\"@graph\":[{\"@type\":\"Article\",\"@id\":\"https:\/\/jornalfatosenoticias.com.br\/index.php\/2026\/03\/12\/lucro-presumido-passa-a-ser-tratado-como-beneficio-fiscal\/#article\",\"isPartOf\":{\"@id\":\"https:\/\/jornalfatosenoticias.com.br\/index.php\/2026\/03\/12\/lucro-presumido-passa-a-ser-tratado-como-beneficio-fiscal\/\"},\"author\":{\"name\":\"Rogerio Fernandes e Kalyne Calais\",\"@id\":\"https:\/\/jornalfatosenoticias.com.br\/#\/schema\/person\/dbe3a29c2a0ae01a892d7aef31d6c0b6\"},\"headline\":\"Lucro presumido passa a ser tratado como benef\u00edcio fiscal\",\"datePublished\":\"2026-03-12T21:35:25+00:00\",\"dateModified\":\"2026-03-12T21:35:27+00:00\",\"mainEntityOfPage\":{\"@id\":\"https:\/\/jornalfatosenoticias.com.br\/index.php\/2026\/03\/12\/lucro-presumido-passa-a-ser-tratado-como-beneficio-fiscal\/\"},\"wordCount\":1308,\"commentCount\":0,\"publisher\":{\"@id\":\"https:\/\/jornalfatosenoticias.com.br\/#organization\"},\"image\":{\"@id\":\"https:\/\/jornalfatosenoticias.com.br\/index.php\/2026\/03\/12\/lucro-presumido-passa-a-ser-tratado-como-beneficio-fiscal\/#primaryimage\"},\"thumbnailUrl\":\"https:\/\/jornalfatosenoticias.com.br\/wp-content\/uploads\/2026\/03\/ChatGPT-Image_lucro-presumido-Alimentos.png\",\"keywords\":[\"benef\u00edcio fiscal\",\"C\u00f3digo Tribut\u00e1rio Nacional\",\"CSLL\",\"IRPJ\",\"Lei Complementar 224\/2025\",\"Lucro Presumido\",\"receita\",\"setor de alimentos\"],\"articleSection\":[\"Economia\"],\"inLanguage\":\"pt-BR\",\"potentialAction\":[{\"@type\":\"CommentAction\",\"name\":\"Comment\",\"target\":[\"https:\/\/jornalfatosenoticias.com.br\/index.php\/2026\/03\/12\/lucro-presumido-passa-a-ser-tratado-como-beneficio-fiscal\/#respond\"]}]},{\"@type\":\"WebPage\",\"@id\":\"https:\/\/jornalfatosenoticias.com.br\/index.php\/2026\/03\/12\/lucro-presumido-passa-a-ser-tratado-como-beneficio-fiscal\/\",\"url\":\"https:\/\/jornalfatosenoticias.com.br\/index.php\/2026\/03\/12\/lucro-presumido-passa-a-ser-tratado-como-beneficio-fiscal\/\",\"name\":\"Lucro presumido passa a ser tratado como benef\u00edcio fiscal - Jornal Fatos e Not\u00edcias\",\"isPartOf\":{\"@id\":\"https:\/\/jornalfatosenoticias.com.br\/#website\"},\"primaryImageOfPage\":{\"@id\":\"https:\/\/jornalfatosenoticias.com.br\/index.php\/2026\/03\/12\/lucro-presumido-passa-a-ser-tratado-como-beneficio-fiscal\/#primaryimage\"},\"image\":{\"@id\":\"https:\/\/jornalfatosenoticias.com.br\/index.php\/2026\/03\/12\/lucro-presumido-passa-a-ser-tratado-como-beneficio-fiscal\/#primaryimage\"},\"thumbnailUrl\":\"https:\/\/jornalfatosenoticias.com.br\/wp-content\/uploads\/2026\/03\/ChatGPT-Image_lucro-presumido-Alimentos.png\",\"datePublished\":\"2026-03-12T21:35:25+00:00\",\"dateModified\":\"2026-03-12T21:35:27+00:00\",\"breadcrumb\":{\"@id\":\"https:\/\/jornalfatosenoticias.com.br\/index.php\/2026\/03\/12\/lucro-presumido-passa-a-ser-tratado-como-beneficio-fiscal\/#breadcrumb\"},\"inLanguage\":\"pt-BR\",\"potentialAction\":[{\"@type\":\"ReadAction\",\"target\":[\"https:\/\/jornalfatosenoticias.com.br\/index.php\/2026\/03\/12\/lucro-presumido-passa-a-ser-tratado-como-beneficio-fiscal\/\"]}]},{\"@type\":\"ImageObject\",\"inLanguage\":\"pt-BR\",\"@id\":\"https:\/\/jornalfatosenoticias.com.br\/index.php\/2026\/03\/12\/lucro-presumido-passa-a-ser-tratado-como-beneficio-fiscal\/#primaryimage\",\"url\":\"https:\/\/jornalfatosenoticias.com.br\/wp-content\/uploads\/2026\/03\/ChatGPT-Image_lucro-presumido-Alimentos.png\",\"contentUrl\":\"https:\/\/jornalfatosenoticias.com.br\/wp-content\/uploads\/2026\/03\/ChatGPT-Image_lucro-presumido-Alimentos.png\",\"width\":1000,\"height\":666},{\"@type\":\"BreadcrumbList\",\"@id\":\"https:\/\/jornalfatosenoticias.com.br\/index.php\/2026\/03\/12\/lucro-presumido-passa-a-ser-tratado-como-beneficio-fiscal\/#breadcrumb\",\"itemListElement\":[{\"@type\":\"ListItem\",\"position\":1,\"name\":\"In\u00edcio\",\"item\":\"https:\/\/jornalfatosenoticias.com.br\/\"},{\"@type\":\"ListItem\",\"position\":2,\"name\":\"Lucro presumido passa a ser tratado como benef\u00edcio fiscal\"}]},{\"@type\":\"WebSite\",\"@id\":\"https:\/\/jornalfatosenoticias.com.br\/#website\",\"url\":\"https:\/\/jornalfatosenoticias.com.br\/\",\"name\":\"Jornal Fatos e Not\u00edcias\",\"description\":\"Not\u00edcias em geral\",\"publisher\":{\"@id\":\"https:\/\/jornalfatosenoticias.com.br\/#organization\"},\"potentialAction\":[{\"@type\":\"SearchAction\",\"target\":{\"@type\":\"EntryPoint\",\"urlTemplate\":\"https:\/\/jornalfatosenoticias.com.br\/?s={search_term_string}\"},\"query-input\":{\"@type\":\"PropertyValueSpecification\",\"valueRequired\":true,\"valueName\":\"search_term_string\"}}],\"inLanguage\":\"pt-BR\"},{\"@type\":\"Organization\",\"@id\":\"https:\/\/jornalfatosenoticias.com.br\/#organization\",\"name\":\"Jornal Fatos e Not\u00edcias\",\"url\":\"https:\/\/jornalfatosenoticias.com.br\/\",\"logo\":{\"@type\":\"ImageObject\",\"inLanguage\":\"pt-BR\",\"@id\":\"https:\/\/jornalfatosenoticias.com.br\/#\/schema\/logo\/image\/\",\"url\":\"https:\/\/jornalfatosenoticias.com.br\/wp-content\/uploads\/2020\/02\/logo120.png\",\"contentUrl\":\"https:\/\/jornalfatosenoticias.com.br\/wp-content\/uploads\/2020\/02\/logo120.png\",\"width\":1227,\"height\":120,\"caption\":\"Jornal Fatos e Not\u00edcias\"},\"image\":{\"@id\":\"https:\/\/jornalfatosenoticias.com.br\/#\/schema\/logo\/image\/\"}},{\"@type\":\"Person\",\"@id\":\"https:\/\/jornalfatosenoticias.com.br\/#\/schema\/person\/dbe3a29c2a0ae01a892d7aef31d6c0b6\",\"name\":\"Rogerio Fernandes e Kalyne Calais\",\"image\":{\"@type\":\"ImageObject\",\"inLanguage\":\"pt-BR\",\"@id\":\"https:\/\/jornalfatosenoticias.com.br\/#\/schema\/person\/image\/\",\"url\":\"https:\/\/jornalfatosenoticias.com.br\/wp-content\/uploads\/2026\/01\/Rogerio-Kalyne_PORTAL-1-150x150.jpeg\",\"contentUrl\":\"https:\/\/jornalfatosenoticias.com.br\/wp-content\/uploads\/2026\/01\/Rogerio-Kalyne_PORTAL-1-150x150.jpeg\",\"caption\":\"Rogerio Fernandes e Kalyne Calais\"},\"description\":\"Especialistas em Direito Tribut\u00e1rio Legis Juris Consultoria https:\/\/www.instagram.com\/kalynecalais\/ https:\/\/www.linkedin.com\/company\/legis-juris\/\",\"url\":\"https:\/\/jornalfatosenoticias.com.br\/index.php\/author\/rogerio-e-kalyne\/\"}]}<\/script>\n<!-- \/ Yoast SEO plugin. -->","yoast_head_json":{"title":"Lucro presumido passa a ser tratado como benef\u00edcio fiscal - Jornal Fatos e Not\u00edcias","robots":{"index":"index","follow":"follow","max-snippet":"max-snippet:-1","max-image-preview":"max-image-preview:large","max-video-preview":"max-video-preview:-1"},"canonical":"https:\/\/jornalfatosenoticias.com.br\/index.php\/2026\/03\/12\/lucro-presumido-passa-a-ser-tratado-como-beneficio-fiscal\/","og_locale":"pt_BR","og_type":"article","og_title":"Lucro presumido passa a ser tratado como benef\u00edcio fiscal - Jornal Fatos e Not\u00edcias","og_description":"O que muda para o setor de alimentos \u2014 an\u00e1lise cr\u00edtica da Lei Complementar 224\/2025 A promulga\u00e7\u00e3o da Lei Complementar n.\u00ba 224, em dezembro de 2025, trouxe uma mudan\u00e7a relevante para o sistema tribut\u00e1rio brasileiro e acendeu um alerta entre empresas do setor de alimentos. A nova legisla\u00e7\u00e3o entrou em vigor em janeiro de 2026 [&hellip;]","og_url":"https:\/\/jornalfatosenoticias.com.br\/index.php\/2026\/03\/12\/lucro-presumido-passa-a-ser-tratado-como-beneficio-fiscal\/","og_site_name":"Jornal Fatos e Not\u00edcias","article_published_time":"2026-03-12T21:35:25+00:00","article_modified_time":"2026-03-12T21:35:27+00:00","og_image":[{"width":1000,"height":666,"url":"https:\/\/jornalfatosenoticias.com.br\/wp-content\/uploads\/2026\/03\/ChatGPT-Image_lucro-presumido-Alimentos.png","type":"image\/png"}],"author":"Rogerio Fernandes e Kalyne Calais","twitter_card":"summary_large_image","twitter_misc":{"Escrito por":"Rogerio Fernandes e Kalyne Calais","Est. tempo de leitura":"9 minutos"},"schema":{"@context":"https:\/\/schema.org","@graph":[{"@type":"Article","@id":"https:\/\/jornalfatosenoticias.com.br\/index.php\/2026\/03\/12\/lucro-presumido-passa-a-ser-tratado-como-beneficio-fiscal\/#article","isPartOf":{"@id":"https:\/\/jornalfatosenoticias.com.br\/index.php\/2026\/03\/12\/lucro-presumido-passa-a-ser-tratado-como-beneficio-fiscal\/"},"author":{"name":"Rogerio Fernandes e Kalyne Calais","@id":"https:\/\/jornalfatosenoticias.com.br\/#\/schema\/person\/dbe3a29c2a0ae01a892d7aef31d6c0b6"},"headline":"Lucro presumido passa a ser tratado como benef\u00edcio fiscal","datePublished":"2026-03-12T21:35:25+00:00","dateModified":"2026-03-12T21:35:27+00:00","mainEntityOfPage":{"@id":"https:\/\/jornalfatosenoticias.com.br\/index.php\/2026\/03\/12\/lucro-presumido-passa-a-ser-tratado-como-beneficio-fiscal\/"},"wordCount":1308,"commentCount":0,"publisher":{"@id":"https:\/\/jornalfatosenoticias.com.br\/#organization"},"image":{"@id":"https:\/\/jornalfatosenoticias.com.br\/index.php\/2026\/03\/12\/lucro-presumido-passa-a-ser-tratado-como-beneficio-fiscal\/#primaryimage"},"thumbnailUrl":"https:\/\/jornalfatosenoticias.com.br\/wp-content\/uploads\/2026\/03\/ChatGPT-Image_lucro-presumido-Alimentos.png","keywords":["benef\u00edcio fiscal","C\u00f3digo Tribut\u00e1rio Nacional","CSLL","IRPJ","Lei Complementar 224\/2025","Lucro Presumido","receita","setor de alimentos"],"articleSection":["Economia"],"inLanguage":"pt-BR","potentialAction":[{"@type":"CommentAction","name":"Comment","target":["https:\/\/jornalfatosenoticias.com.br\/index.php\/2026\/03\/12\/lucro-presumido-passa-a-ser-tratado-como-beneficio-fiscal\/#respond"]}]},{"@type":"WebPage","@id":"https:\/\/jornalfatosenoticias.com.br\/index.php\/2026\/03\/12\/lucro-presumido-passa-a-ser-tratado-como-beneficio-fiscal\/","url":"https:\/\/jornalfatosenoticias.com.br\/index.php\/2026\/03\/12\/lucro-presumido-passa-a-ser-tratado-como-beneficio-fiscal\/","name":"Lucro presumido passa a ser tratado como benef\u00edcio fiscal - Jornal Fatos e Not\u00edcias","isPartOf":{"@id":"https:\/\/jornalfatosenoticias.com.br\/#website"},"primaryImageOfPage":{"@id":"https:\/\/jornalfatosenoticias.com.br\/index.php\/2026\/03\/12\/lucro-presumido-passa-a-ser-tratado-como-beneficio-fiscal\/#primaryimage"},"image":{"@id":"https:\/\/jornalfatosenoticias.com.br\/index.php\/2026\/03\/12\/lucro-presumido-passa-a-ser-tratado-como-beneficio-fiscal\/#primaryimage"},"thumbnailUrl":"https:\/\/jornalfatosenoticias.com.br\/wp-content\/uploads\/2026\/03\/ChatGPT-Image_lucro-presumido-Alimentos.png","datePublished":"2026-03-12T21:35:25+00:00","dateModified":"2026-03-12T21:35:27+00:00","breadcrumb":{"@id":"https:\/\/jornalfatosenoticias.com.br\/index.php\/2026\/03\/12\/lucro-presumido-passa-a-ser-tratado-como-beneficio-fiscal\/#breadcrumb"},"inLanguage":"pt-BR","potentialAction":[{"@type":"ReadAction","target":["https:\/\/jornalfatosenoticias.com.br\/index.php\/2026\/03\/12\/lucro-presumido-passa-a-ser-tratado-como-beneficio-fiscal\/"]}]},{"@type":"ImageObject","inLanguage":"pt-BR","@id":"https:\/\/jornalfatosenoticias.com.br\/index.php\/2026\/03\/12\/lucro-presumido-passa-a-ser-tratado-como-beneficio-fiscal\/#primaryimage","url":"https:\/\/jornalfatosenoticias.com.br\/wp-content\/uploads\/2026\/03\/ChatGPT-Image_lucro-presumido-Alimentos.png","contentUrl":"https:\/\/jornalfatosenoticias.com.br\/wp-content\/uploads\/2026\/03\/ChatGPT-Image_lucro-presumido-Alimentos.png","width":1000,"height":666},{"@type":"BreadcrumbList","@id":"https:\/\/jornalfatosenoticias.com.br\/index.php\/2026\/03\/12\/lucro-presumido-passa-a-ser-tratado-como-beneficio-fiscal\/#breadcrumb","itemListElement":[{"@type":"ListItem","position":1,"name":"In\u00edcio","item":"https:\/\/jornalfatosenoticias.com.br\/"},{"@type":"ListItem","position":2,"name":"Lucro presumido passa a ser tratado como benef\u00edcio fiscal"}]},{"@type":"WebSite","@id":"https:\/\/jornalfatosenoticias.com.br\/#website","url":"https:\/\/jornalfatosenoticias.com.br\/","name":"Jornal Fatos e Not\u00edcias","description":"Not\u00edcias em geral","publisher":{"@id":"https:\/\/jornalfatosenoticias.com.br\/#organization"},"potentialAction":[{"@type":"SearchAction","target":{"@type":"EntryPoint","urlTemplate":"https:\/\/jornalfatosenoticias.com.br\/?s={search_term_string}"},"query-input":{"@type":"PropertyValueSpecification","valueRequired":true,"valueName":"search_term_string"}}],"inLanguage":"pt-BR"},{"@type":"Organization","@id":"https:\/\/jornalfatosenoticias.com.br\/#organization","name":"Jornal Fatos e Not\u00edcias","url":"https:\/\/jornalfatosenoticias.com.br\/","logo":{"@type":"ImageObject","inLanguage":"pt-BR","@id":"https:\/\/jornalfatosenoticias.com.br\/#\/schema\/logo\/image\/","url":"https:\/\/jornalfatosenoticias.com.br\/wp-content\/uploads\/2020\/02\/logo120.png","contentUrl":"https:\/\/jornalfatosenoticias.com.br\/wp-content\/uploads\/2020\/02\/logo120.png","width":1227,"height":120,"caption":"Jornal Fatos e Not\u00edcias"},"image":{"@id":"https:\/\/jornalfatosenoticias.com.br\/#\/schema\/logo\/image\/"}},{"@type":"Person","@id":"https:\/\/jornalfatosenoticias.com.br\/#\/schema\/person\/dbe3a29c2a0ae01a892d7aef31d6c0b6","name":"Rogerio Fernandes e Kalyne Calais","image":{"@type":"ImageObject","inLanguage":"pt-BR","@id":"https:\/\/jornalfatosenoticias.com.br\/#\/schema\/person\/image\/","url":"https:\/\/jornalfatosenoticias.com.br\/wp-content\/uploads\/2026\/01\/Rogerio-Kalyne_PORTAL-1-150x150.jpeg","contentUrl":"https:\/\/jornalfatosenoticias.com.br\/wp-content\/uploads\/2026\/01\/Rogerio-Kalyne_PORTAL-1-150x150.jpeg","caption":"Rogerio Fernandes e Kalyne Calais"},"description":"Especialistas em Direito Tribut\u00e1rio Legis Juris Consultoria https:\/\/www.instagram.com\/kalynecalais\/ https:\/\/www.linkedin.com\/company\/legis-juris\/","url":"https:\/\/jornalfatosenoticias.com.br\/index.php\/author\/rogerio-e-kalyne\/"}]}},"cc_featured_image_caption":{"caption_text":"(Foto: ChatGPT)","source_text":"","source_url":""},"jetpack_featured_media_url":"https:\/\/jornalfatosenoticias.com.br\/wp-content\/uploads\/2026\/03\/ChatGPT-Image_lucro-presumido-Alimentos.png","_links":{"self":[{"href":"https:\/\/jornalfatosenoticias.com.br\/index.php\/wp-json\/wp\/v2\/posts\/65886","targetHints":{"allow":["GET"]}}],"collection":[{"href":"https:\/\/jornalfatosenoticias.com.br\/index.php\/wp-json\/wp\/v2\/posts"}],"about":[{"href":"https:\/\/jornalfatosenoticias.com.br\/index.php\/wp-json\/wp\/v2\/types\/post"}],"author":[{"embeddable":true,"href":"https:\/\/jornalfatosenoticias.com.br\/index.php\/wp-json\/wp\/v2\/users\/39"}],"replies":[{"embeddable":true,"href":"https:\/\/jornalfatosenoticias.com.br\/index.php\/wp-json\/wp\/v2\/comments?post=65886"}],"version-history":[{"count":1,"href":"https:\/\/jornalfatosenoticias.com.br\/index.php\/wp-json\/wp\/v2\/posts\/65886\/revisions"}],"predecessor-version":[{"id":65889,"href":"https:\/\/jornalfatosenoticias.com.br\/index.php\/wp-json\/wp\/v2\/posts\/65886\/revisions\/65889"}],"wp:featuredmedia":[{"embeddable":true,"href":"https:\/\/jornalfatosenoticias.com.br\/index.php\/wp-json\/wp\/v2\/media\/65888"}],"wp:attachment":[{"href":"https:\/\/jornalfatosenoticias.com.br\/index.php\/wp-json\/wp\/v2\/media?parent=65886"}],"wp:term":[{"taxonomy":"category","embeddable":true,"href":"https:\/\/jornalfatosenoticias.com.br\/index.php\/wp-json\/wp\/v2\/categories?post=65886"},{"taxonomy":"post_tag","embeddable":true,"href":"https:\/\/jornalfatosenoticias.com.br\/index.php\/wp-json\/wp\/v2\/tags?post=65886"}],"curies":[{"name":"wp","href":"https:\/\/api.w.org\/{rel}","templated":true}]}}