{"id":65894,"date":"2026-03-12T18:49:18","date_gmt":"2026-03-12T21:49:18","guid":{"rendered":"https:\/\/jornalfatosenoticias.com.br\/?p=65894"},"modified":"2026-03-12T18:49:20","modified_gmt":"2026-03-12T21:49:20","slug":"pesquisa-com-biocarvao-impulsiona-cultivo-de-melancia-em-comunidade-indigena-de-roraima","status":"publish","type":"post","link":"https:\/\/jornalfatosenoticias.com.br\/index.php\/2026\/03\/12\/pesquisa-com-biocarvao-impulsiona-cultivo-de-melancia-em-comunidade-indigena-de-roraima\/","title":{"rendered":"Pesquisa com biocarv\u00e3o impulsiona cultivo de melancia em comunidade ind\u00edgena de Roraima"},"content":{"rendered":"\n<p><em><mark style=\"background-color:rgba(0, 0, 0, 0)\" class=\"has-inline-color has-black-color\">Parceria entre agricultores e a Universidade Federal de Roraima (UFRR) melhora o solo do lavrado com o biocarv\u00e3o e fortalece a produ\u00e7\u00e3o na comunidade Mauixi<\/mark><\/em><\/p>\n\n\n\n<p>O uso de biocarv\u00e3o tem ajudado a comunidade ind\u00edgena Mauixi, a 80 quil\u00f4metros de Boa Vista (RR), a superar os desafios do solo do lavrado e a gerar renda. Desenvolvido em parceria com a Universidade Federal de Roraima (UFRR), a pr\u00e1tica impulsiona o cultivo de melancia na regi\u00e3o e j\u00e1 apresentou resultados positivos.<br>O primeiro plantio ocorreu em uma \u00e1rea de tr\u00eas mil metros quadrados e chama a aten\u00e7\u00e3o pelo tamanho e qualidade dos frutos. As melancias pesam entre seis e oito quilos, s\u00e3o doces e j\u00e1 come\u00e7am a ser vendidas no mercado local. A iniciativa surgiu do desejo dos moradores de fortalecer a produ\u00e7\u00e3o agr\u00edcola na pr\u00f3pria comunidade, como explica o tuxaua Alexandre da Silva.<\/p>\n\n\n\n<blockquote class=\"wp-block-quote is-layout-flow wp-block-quote-is-layout-flow\">\n<p><mark style=\"background-color:rgba(0, 0, 0, 0)\" class=\"has-inline-color has-luminous-vivid-orange-color\">A gente tinha um interesse de cultivar a melancia na comunidade da regi\u00e3o e a gente n\u00e3o tinha oportunidade e a\u00ed veio a oportunidade junto com a universidade. Fizemos uma assembleia na qual nos foi apresentado o projeto na teoria e tive uma curiosidade de colocar em pr\u00e1tica\u201d, relatou o l\u00edder ind\u00edgena.<\/mark><\/p>\n<\/blockquote>\n\n\n<div class=\"wp-block-image\">\n<figure class=\"aligncenter size-large is-resized\"><a href=\"https:\/\/www.instagram.com\/restaurantepegoretti\/\"><img loading=\"lazy\" decoding=\"async\" width=\"1024\" height=\"389\" src=\"https:\/\/jornalfatosenoticias.com.br\/wp-content\/uploads\/2023\/12\/pegoretti-logo-pdf-1024x389.jpg\" alt=\"\" class=\"wp-image-47536\" style=\"aspect-ratio:2.632455195377534;width:571px;height:auto\" srcset=\"https:\/\/jornalfatosenoticias.com.br\/wp-content\/uploads\/2023\/12\/pegoretti-logo-pdf-1024x389.jpg 1024w, https:\/\/jornalfatosenoticias.com.br\/wp-content\/uploads\/2023\/12\/pegoretti-logo-pdf-300x114.jpg 300w, https:\/\/jornalfatosenoticias.com.br\/wp-content\/uploads\/2023\/12\/pegoretti-logo-pdf-768x291.jpg 768w, https:\/\/jornalfatosenoticias.com.br\/wp-content\/uploads\/2023\/12\/pegoretti-logo-pdf.jpg 1120w\" sizes=\"auto, (max-width: 1024px) 100vw, 1024px\" \/><\/a><\/figure>\n<\/div>\n\n\n<p>A partir desse contato, o Centro de Ci\u00eancias Agr\u00e1rias da UFRR passou a acompanhar as etapas do processo, desde a an\u00e1lise do solo at\u00e9 o plantio. O lavrado, ecossistema predominante em Roraima, tem caracter\u00edsticas naturais que dificultam a agricultura. O professor e agr\u00f4nomo respons\u00e1vel pela pesquisa, Valdinar Melo, explicou que a an\u00e1lise confirmou a baixa fertilidade da \u00e1rea.<\/p>\n\n\n\n<blockquote class=\"wp-block-quote is-layout-flow wp-block-quote-is-layout-flow\">\n<p><mark style=\"background-color:rgba(0, 0, 0, 0)\" class=\"has-inline-color has-luminous-vivid-orange-color\">Os solos em Roraima t\u00eam, por natureza, baixa fertilidade. S\u00e3o \u00e1cidos e t\u00eam teores de f\u00f3sforo e c\u00e1lcio muito baixos. Percebemos que esse produto [biocarv\u00e3o] \u00e9 muito rico nesses nutrientes. Fizemos a an\u00e1lise do solo, comprovamos a necessidade e instalamos o experimento\u201d, esclareceu Valdinar.<\/mark><\/p>\n<\/blockquote>\n\n\n<div class=\"wp-block-image\">\n<figure class=\"aligncenter size-large is-resized\"><a href=\"https:\/\/hotelmarquetti.com.br\/\"><img loading=\"lazy\" decoding=\"async\" width=\"1024\" height=\"680\" src=\"https:\/\/jornalfatosenoticias.com.br\/wp-content\/uploads\/2020\/02\/LOGO-MQ-1024x680.jpg\" alt=\"\" class=\"wp-image-58299\" style=\"width:334px;height:auto\" srcset=\"https:\/\/jornalfatosenoticias.com.br\/wp-content\/uploads\/2020\/02\/LOGO-MQ-1024x680.jpg 1024w, https:\/\/jornalfatosenoticias.com.br\/wp-content\/uploads\/2020\/02\/LOGO-MQ-300x199.jpg 300w, https:\/\/jornalfatosenoticias.com.br\/wp-content\/uploads\/2020\/02\/LOGO-MQ-768x510.jpg 768w, https:\/\/jornalfatosenoticias.com.br\/wp-content\/uploads\/2020\/02\/LOGO-MQ-1536x1020.jpg 1536w, https:\/\/jornalfatosenoticias.com.br\/wp-content\/uploads\/2020\/02\/LOGO-MQ-2048x1360.jpg 2048w\" sizes=\"auto, (max-width: 1024px) 100vw, 1024px\" \/><\/a><\/figure>\n<\/div>\n\n\n<p>Para contornar o problema, os pesquisadores usaram o biocarv\u00e3o. Ele \u00e9 feito a partir da queima controlada de galhos, espinhas de peixe, caro\u00e7os de a\u00e7a\u00ed e outros restos org\u00e2nicos. O adubo \u00e9 colocado direto na cova na hora do plantio. Al\u00e9m da melancia, a t\u00e9cnica j\u00e1 foi testada e teve sucesso no cultivo de milho.<br>Com a colheita considerada satisfat\u00f3ria, a Comunidade Mauixi agora negocia a venda da produ\u00e7\u00e3o e avalia a possibilidade de ampliar o plantio nas pr\u00f3ximas safras. Para os moradores, mais do que uma experi\u00eancia agr\u00edcola, o projeto representa um passo importante rumo \u00e0 autonomia e \u00e0 seguran\u00e7a alimentar no lavrado roraimense.<\/p>\n\n\n<div class=\"wp-block-image\">\n<figure class=\"aligncenter size-full is-resized\"><a href=\"https:\/\/premiertemperos.com.br\/novo\/\"><img loading=\"lazy\" decoding=\"async\" width=\"851\" height=\"315\" src=\"https:\/\/jornalfatosenoticias.com.br\/wp-content\/uploads\/2020\/02\/logo-Premier-Temperos.png\" alt=\"\" class=\"wp-image-64452\" style=\"aspect-ratio:2.7017790732736957;width:711px;height:auto\" srcset=\"https:\/\/jornalfatosenoticias.com.br\/wp-content\/uploads\/2020\/02\/logo-Premier-Temperos.png 851w, https:\/\/jornalfatosenoticias.com.br\/wp-content\/uploads\/2020\/02\/logo-Premier-Temperos-300x111.png 300w, https:\/\/jornalfatosenoticias.com.br\/wp-content\/uploads\/2020\/02\/logo-Premier-Temperos-768x284.png 768w\" sizes=\"auto, (max-width: 851px) 100vw, 851px\" \/><\/a><\/figure>\n<\/div>\n\n\n<p><strong>Fonte: <a href=\"https:\/\/portalamazonia.com\/roraima\/biocarvao-melancia-roraima\/\">Portal Amaz\u00f4nia<\/a><\/strong><\/p>\n","protected":false},"excerpt":{"rendered":"<p>Parceria entre agricultores e a Universidade Federal de Roraima (UFRR) melhora o solo do lavrado com o biocarv\u00e3o e fortalece a produ\u00e7\u00e3o na comunidade Mauixi O uso de biocarv\u00e3o tem ajudado a comunidade ind\u00edgena Mauixi, a 80 quil\u00f4metros de Boa Vista (RR), a superar os desafios do solo do lavrado e a gerar renda. Desenvolvido [&hellip;]<\/p>\n","protected":false},"author":2,"featured_media":65895,"comment_status":"open","ping_status":"open","sticky":false,"template":"","format":"standard","meta":{"footnotes":""},"categories":[3],"tags":[19617,29978,29977,13688,15475,1610,29976,4601,22626],"class_list":["post-65894","post","type-post","status-publish","format-standard","has-post-thumbnail","hentry","category-tecnologia","tag-biocarvao","tag-comunidade-indigena","tag-cultivo-de-melancia","tag-inovacao-e-tecnologia","tag-melancia","tag-roraima","tag-safras","tag-solo","tag-ufrr"],"yoast_head":"<!-- This site is optimized with the Yoast SEO plugin v26.5 - https:\/\/yoast.com\/wordpress\/plugins\/seo\/ -->\n<title>Pesquisa com biocarv\u00e3o impulsiona cultivo de melancia em comunidade ind\u00edgena de Roraima - Jornal Fatos e Not\u00edcias<\/title>\n<meta name=\"robots\" content=\"index, follow, max-snippet:-1, max-image-preview:large, max-video-preview:-1\" \/>\n<link rel=\"canonical\" href=\"https:\/\/jornalfatosenoticias.com.br\/index.php\/2026\/03\/12\/pesquisa-com-biocarvao-impulsiona-cultivo-de-melancia-em-comunidade-indigena-de-roraima\/\" \/>\n<meta property=\"og:locale\" content=\"pt_BR\" \/>\n<meta property=\"og:type\" content=\"article\" \/>\n<meta property=\"og:title\" content=\"Pesquisa com biocarv\u00e3o impulsiona cultivo de melancia em comunidade ind\u00edgena de Roraima - Jornal Fatos e Not\u00edcias\" \/>\n<meta property=\"og:description\" content=\"Parceria entre agricultores e a Universidade Federal de Roraima (UFRR) melhora o solo do lavrado com o biocarv\u00e3o e fortalece a produ\u00e7\u00e3o na comunidade Mauixi O uso de biocarv\u00e3o tem ajudado a comunidade ind\u00edgena Mauixi, a 80 quil\u00f4metros de Boa Vista (RR), a superar os desafios do solo do lavrado e a gerar renda. Desenvolvido [&hellip;]\" \/>\n<meta property=\"og:url\" content=\"https:\/\/jornalfatosenoticias.com.br\/index.php\/2026\/03\/12\/pesquisa-com-biocarvao-impulsiona-cultivo-de-melancia-em-comunidade-indigena-de-roraima\/\" \/>\n<meta property=\"og:site_name\" content=\"Jornal Fatos e Not\u00edcias\" \/>\n<meta property=\"article:published_time\" content=\"2026-03-12T21:49:18+00:00\" \/>\n<meta property=\"article:modified_time\" content=\"2026-03-12T21:49:20+00:00\" \/>\n<meta property=\"og:image\" content=\"https:\/\/jornalfatosenoticias.com.br\/wp-content\/uploads\/2026\/03\/biocarvao-melancia_Unsplash.jpg\" \/>\n\t<meta property=\"og:image:width\" content=\"1000\" \/>\n\t<meta property=\"og:image:height\" content=\"666\" \/>\n\t<meta property=\"og:image:type\" content=\"image\/jpeg\" \/>\n<meta name=\"author\" content=\"Luzimara Fernandes\" \/>\n<meta name=\"twitter:card\" content=\"summary_large_image\" \/>\n<meta name=\"twitter:label1\" content=\"Escrito por\" \/>\n\t<meta name=\"twitter:data1\" content=\"Luzimara Fernandes\" \/>\n\t<meta name=\"twitter:label2\" content=\"Est. tempo de leitura\" \/>\n\t<meta name=\"twitter:data2\" content=\"3 minutos\" \/>\n<script type=\"application\/ld+json\" class=\"yoast-schema-graph\">{\"@context\":\"https:\/\/schema.org\",\"@graph\":[{\"@type\":\"Article\",\"@id\":\"https:\/\/jornalfatosenoticias.com.br\/index.php\/2026\/03\/12\/pesquisa-com-biocarvao-impulsiona-cultivo-de-melancia-em-comunidade-indigena-de-roraima\/#article\",\"isPartOf\":{\"@id\":\"https:\/\/jornalfatosenoticias.com.br\/index.php\/2026\/03\/12\/pesquisa-com-biocarvao-impulsiona-cultivo-de-melancia-em-comunidade-indigena-de-roraima\/\"},\"author\":{\"name\":\"Luzimara Fernandes\",\"@id\":\"https:\/\/jornalfatosenoticias.com.br\/#\/schema\/person\/d63837fa13ac8666eb9e74e0985d6f81\"},\"headline\":\"Pesquisa com biocarv\u00e3o impulsiona cultivo de melancia em comunidade ind\u00edgena de Roraima\",\"datePublished\":\"2026-03-12T21:49:18+00:00\",\"dateModified\":\"2026-03-12T21:49:20+00:00\",\"mainEntityOfPage\":{\"@id\":\"https:\/\/jornalfatosenoticias.com.br\/index.php\/2026\/03\/12\/pesquisa-com-biocarvao-impulsiona-cultivo-de-melancia-em-comunidade-indigena-de-roraima\/\"},\"wordCount\":457,\"commentCount\":0,\"publisher\":{\"@id\":\"https:\/\/jornalfatosenoticias.com.br\/#organization\"},\"image\":{\"@id\":\"https:\/\/jornalfatosenoticias.com.br\/index.php\/2026\/03\/12\/pesquisa-com-biocarvao-impulsiona-cultivo-de-melancia-em-comunidade-indigena-de-roraima\/#primaryimage\"},\"thumbnailUrl\":\"https:\/\/jornalfatosenoticias.com.br\/wp-content\/uploads\/2026\/03\/biocarvao-melancia_Unsplash.jpg\",\"keywords\":[\"biocarv\u00e3o\",\"comunidade ind\u00edgena\",\"cultivo de melancia\",\"inova\u00e7\u00e3o e tecnologia\",\"melancia\",\"Roraima\",\"safras\",\"solo\",\"UFRR\"],\"articleSection\":[\"Tecnologia &amp; Inova\u00e7\u00e3o\"],\"inLanguage\":\"pt-BR\",\"potentialAction\":[{\"@type\":\"CommentAction\",\"name\":\"Comment\",\"target\":[\"https:\/\/jornalfatosenoticias.com.br\/index.php\/2026\/03\/12\/pesquisa-com-biocarvao-impulsiona-cultivo-de-melancia-em-comunidade-indigena-de-roraima\/#respond\"]}]},{\"@type\":\"WebPage\",\"@id\":\"https:\/\/jornalfatosenoticias.com.br\/index.php\/2026\/03\/12\/pesquisa-com-biocarvao-impulsiona-cultivo-de-melancia-em-comunidade-indigena-de-roraima\/\",\"url\":\"https:\/\/jornalfatosenoticias.com.br\/index.php\/2026\/03\/12\/pesquisa-com-biocarvao-impulsiona-cultivo-de-melancia-em-comunidade-indigena-de-roraima\/\",\"name\":\"Pesquisa com biocarv\u00e3o impulsiona cultivo de melancia em comunidade ind\u00edgena de Roraima - Jornal Fatos e Not\u00edcias\",\"isPartOf\":{\"@id\":\"https:\/\/jornalfatosenoticias.com.br\/#website\"},\"primaryImageOfPage\":{\"@id\":\"https:\/\/jornalfatosenoticias.com.br\/index.php\/2026\/03\/12\/pesquisa-com-biocarvao-impulsiona-cultivo-de-melancia-em-comunidade-indigena-de-roraima\/#primaryimage\"},\"image\":{\"@id\":\"https:\/\/jornalfatosenoticias.com.br\/index.php\/2026\/03\/12\/pesquisa-com-biocarvao-impulsiona-cultivo-de-melancia-em-comunidade-indigena-de-roraima\/#primaryimage\"},\"thumbnailUrl\":\"https:\/\/jornalfatosenoticias.com.br\/wp-content\/uploads\/2026\/03\/biocarvao-melancia_Unsplash.jpg\",\"datePublished\":\"2026-03-12T21:49:18+00:00\",\"dateModified\":\"2026-03-12T21:49:20+00:00\",\"breadcrumb\":{\"@id\":\"https:\/\/jornalfatosenoticias.com.br\/index.php\/2026\/03\/12\/pesquisa-com-biocarvao-impulsiona-cultivo-de-melancia-em-comunidade-indigena-de-roraima\/#breadcrumb\"},\"inLanguage\":\"pt-BR\",\"potentialAction\":[{\"@type\":\"ReadAction\",\"target\":[\"https:\/\/jornalfatosenoticias.com.br\/index.php\/2026\/03\/12\/pesquisa-com-biocarvao-impulsiona-cultivo-de-melancia-em-comunidade-indigena-de-roraima\/\"]}]},{\"@type\":\"ImageObject\",\"inLanguage\":\"pt-BR\",\"@id\":\"https:\/\/jornalfatosenoticias.com.br\/index.php\/2026\/03\/12\/pesquisa-com-biocarvao-impulsiona-cultivo-de-melancia-em-comunidade-indigena-de-roraima\/#primaryimage\",\"url\":\"https:\/\/jornalfatosenoticias.com.br\/wp-content\/uploads\/2026\/03\/biocarvao-melancia_Unsplash.jpg\",\"contentUrl\":\"https:\/\/jornalfatosenoticias.com.br\/wp-content\/uploads\/2026\/03\/biocarvao-melancia_Unsplash.jpg\",\"width\":1000,\"height\":666},{\"@type\":\"BreadcrumbList\",\"@id\":\"https:\/\/jornalfatosenoticias.com.br\/index.php\/2026\/03\/12\/pesquisa-com-biocarvao-impulsiona-cultivo-de-melancia-em-comunidade-indigena-de-roraima\/#breadcrumb\",\"itemListElement\":[{\"@type\":\"ListItem\",\"position\":1,\"name\":\"In\u00edcio\",\"item\":\"https:\/\/jornalfatosenoticias.com.br\/\"},{\"@type\":\"ListItem\",\"position\":2,\"name\":\"Pesquisa com biocarv\u00e3o impulsiona cultivo de melancia em comunidade ind\u00edgena de Roraima\"}]},{\"@type\":\"WebSite\",\"@id\":\"https:\/\/jornalfatosenoticias.com.br\/#website\",\"url\":\"https:\/\/jornalfatosenoticias.com.br\/\",\"name\":\"Jornal Fatos e Not\u00edcias\",\"description\":\"Not\u00edcias em geral\",\"publisher\":{\"@id\":\"https:\/\/jornalfatosenoticias.com.br\/#organization\"},\"potentialAction\":[{\"@type\":\"SearchAction\",\"target\":{\"@type\":\"EntryPoint\",\"urlTemplate\":\"https:\/\/jornalfatosenoticias.com.br\/?s={search_term_string}\"},\"query-input\":{\"@type\":\"PropertyValueSpecification\",\"valueRequired\":true,\"valueName\":\"search_term_string\"}}],\"inLanguage\":\"pt-BR\"},{\"@type\":\"Organization\",\"@id\":\"https:\/\/jornalfatosenoticias.com.br\/#organization\",\"name\":\"Jornal Fatos e Not\u00edcias\",\"url\":\"https:\/\/jornalfatosenoticias.com.br\/\",\"logo\":{\"@type\":\"ImageObject\",\"inLanguage\":\"pt-BR\",\"@id\":\"https:\/\/jornalfatosenoticias.com.br\/#\/schema\/logo\/image\/\",\"url\":\"https:\/\/jornalfatosenoticias.com.br\/wp-content\/uploads\/2020\/02\/logo120.png\",\"contentUrl\":\"https:\/\/jornalfatosenoticias.com.br\/wp-content\/uploads\/2020\/02\/logo120.png\",\"width\":1227,\"height\":120,\"caption\":\"Jornal Fatos e Not\u00edcias\"},\"image\":{\"@id\":\"https:\/\/jornalfatosenoticias.com.br\/#\/schema\/logo\/image\/\"}},{\"@type\":\"Person\",\"@id\":\"https:\/\/jornalfatosenoticias.com.br\/#\/schema\/person\/d63837fa13ac8666eb9e74e0985d6f81\",\"name\":\"Luzimara Fernandes\",\"image\":{\"@type\":\"ImageObject\",\"inLanguage\":\"pt-BR\",\"@id\":\"https:\/\/jornalfatosenoticias.com.br\/#\/schema\/person\/image\/\",\"url\":\"https:\/\/jornalfatosenoticias.com.br\/wp-content\/uploads\/2025\/05\/EU_portal.jpg\",\"contentUrl\":\"https:\/\/jornalfatosenoticias.com.br\/wp-content\/uploads\/2025\/05\/EU_portal.jpg\",\"caption\":\"Luzimara Fernandes\"},\"description\":\"Jornalista MTB 2358-ES\",\"sameAs\":[\"https:\/\/jornalfatosenoticias.com.br\"],\"url\":\"https:\/\/jornalfatosenoticias.com.br\/index.php\/author\/luzimara\/\"}]}<\/script>\n<!-- \/ Yoast SEO plugin. -->","yoast_head_json":{"title":"Pesquisa com biocarv\u00e3o impulsiona cultivo de melancia em comunidade ind\u00edgena de Roraima - Jornal Fatos e Not\u00edcias","robots":{"index":"index","follow":"follow","max-snippet":"max-snippet:-1","max-image-preview":"max-image-preview:large","max-video-preview":"max-video-preview:-1"},"canonical":"https:\/\/jornalfatosenoticias.com.br\/index.php\/2026\/03\/12\/pesquisa-com-biocarvao-impulsiona-cultivo-de-melancia-em-comunidade-indigena-de-roraima\/","og_locale":"pt_BR","og_type":"article","og_title":"Pesquisa com biocarv\u00e3o impulsiona cultivo de melancia em comunidade ind\u00edgena de Roraima - Jornal Fatos e Not\u00edcias","og_description":"Parceria entre agricultores e a Universidade Federal de Roraima (UFRR) melhora o solo do lavrado com o biocarv\u00e3o e fortalece a produ\u00e7\u00e3o na comunidade Mauixi O uso de biocarv\u00e3o tem ajudado a comunidade ind\u00edgena Mauixi, a 80 quil\u00f4metros de Boa Vista (RR), a superar os desafios do solo do lavrado e a gerar renda. Desenvolvido [&hellip;]","og_url":"https:\/\/jornalfatosenoticias.com.br\/index.php\/2026\/03\/12\/pesquisa-com-biocarvao-impulsiona-cultivo-de-melancia-em-comunidade-indigena-de-roraima\/","og_site_name":"Jornal Fatos e Not\u00edcias","article_published_time":"2026-03-12T21:49:18+00:00","article_modified_time":"2026-03-12T21:49:20+00:00","og_image":[{"width":1000,"height":666,"url":"https:\/\/jornalfatosenoticias.com.br\/wp-content\/uploads\/2026\/03\/biocarvao-melancia_Unsplash.jpg","type":"image\/jpeg"}],"author":"Luzimara Fernandes","twitter_card":"summary_large_image","twitter_misc":{"Escrito por":"Luzimara Fernandes","Est. tempo de leitura":"3 minutos"},"schema":{"@context":"https:\/\/schema.org","@graph":[{"@type":"Article","@id":"https:\/\/jornalfatosenoticias.com.br\/index.php\/2026\/03\/12\/pesquisa-com-biocarvao-impulsiona-cultivo-de-melancia-em-comunidade-indigena-de-roraima\/#article","isPartOf":{"@id":"https:\/\/jornalfatosenoticias.com.br\/index.php\/2026\/03\/12\/pesquisa-com-biocarvao-impulsiona-cultivo-de-melancia-em-comunidade-indigena-de-roraima\/"},"author":{"name":"Luzimara Fernandes","@id":"https:\/\/jornalfatosenoticias.com.br\/#\/schema\/person\/d63837fa13ac8666eb9e74e0985d6f81"},"headline":"Pesquisa com biocarv\u00e3o impulsiona cultivo de melancia em comunidade ind\u00edgena de Roraima","datePublished":"2026-03-12T21:49:18+00:00","dateModified":"2026-03-12T21:49:20+00:00","mainEntityOfPage":{"@id":"https:\/\/jornalfatosenoticias.com.br\/index.php\/2026\/03\/12\/pesquisa-com-biocarvao-impulsiona-cultivo-de-melancia-em-comunidade-indigena-de-roraima\/"},"wordCount":457,"commentCount":0,"publisher":{"@id":"https:\/\/jornalfatosenoticias.com.br\/#organization"},"image":{"@id":"https:\/\/jornalfatosenoticias.com.br\/index.php\/2026\/03\/12\/pesquisa-com-biocarvao-impulsiona-cultivo-de-melancia-em-comunidade-indigena-de-roraima\/#primaryimage"},"thumbnailUrl":"https:\/\/jornalfatosenoticias.com.br\/wp-content\/uploads\/2026\/03\/biocarvao-melancia_Unsplash.jpg","keywords":["biocarv\u00e3o","comunidade ind\u00edgena","cultivo de melancia","inova\u00e7\u00e3o e tecnologia","melancia","Roraima","safras","solo","UFRR"],"articleSection":["Tecnologia &amp; Inova\u00e7\u00e3o"],"inLanguage":"pt-BR","potentialAction":[{"@type":"CommentAction","name":"Comment","target":["https:\/\/jornalfatosenoticias.com.br\/index.php\/2026\/03\/12\/pesquisa-com-biocarvao-impulsiona-cultivo-de-melancia-em-comunidade-indigena-de-roraima\/#respond"]}]},{"@type":"WebPage","@id":"https:\/\/jornalfatosenoticias.com.br\/index.php\/2026\/03\/12\/pesquisa-com-biocarvao-impulsiona-cultivo-de-melancia-em-comunidade-indigena-de-roraima\/","url":"https:\/\/jornalfatosenoticias.com.br\/index.php\/2026\/03\/12\/pesquisa-com-biocarvao-impulsiona-cultivo-de-melancia-em-comunidade-indigena-de-roraima\/","name":"Pesquisa com biocarv\u00e3o impulsiona cultivo de melancia em comunidade ind\u00edgena de Roraima - Jornal Fatos e Not\u00edcias","isPartOf":{"@id":"https:\/\/jornalfatosenoticias.com.br\/#website"},"primaryImageOfPage":{"@id":"https:\/\/jornalfatosenoticias.com.br\/index.php\/2026\/03\/12\/pesquisa-com-biocarvao-impulsiona-cultivo-de-melancia-em-comunidade-indigena-de-roraima\/#primaryimage"},"image":{"@id":"https:\/\/jornalfatosenoticias.com.br\/index.php\/2026\/03\/12\/pesquisa-com-biocarvao-impulsiona-cultivo-de-melancia-em-comunidade-indigena-de-roraima\/#primaryimage"},"thumbnailUrl":"https:\/\/jornalfatosenoticias.com.br\/wp-content\/uploads\/2026\/03\/biocarvao-melancia_Unsplash.jpg","datePublished":"2026-03-12T21:49:18+00:00","dateModified":"2026-03-12T21:49:20+00:00","breadcrumb":{"@id":"https:\/\/jornalfatosenoticias.com.br\/index.php\/2026\/03\/12\/pesquisa-com-biocarvao-impulsiona-cultivo-de-melancia-em-comunidade-indigena-de-roraima\/#breadcrumb"},"inLanguage":"pt-BR","potentialAction":[{"@type":"ReadAction","target":["https:\/\/jornalfatosenoticias.com.br\/index.php\/2026\/03\/12\/pesquisa-com-biocarvao-impulsiona-cultivo-de-melancia-em-comunidade-indigena-de-roraima\/"]}]},{"@type":"ImageObject","inLanguage":"pt-BR","@id":"https:\/\/jornalfatosenoticias.com.br\/index.php\/2026\/03\/12\/pesquisa-com-biocarvao-impulsiona-cultivo-de-melancia-em-comunidade-indigena-de-roraima\/#primaryimage","url":"https:\/\/jornalfatosenoticias.com.br\/wp-content\/uploads\/2026\/03\/biocarvao-melancia_Unsplash.jpg","contentUrl":"https:\/\/jornalfatosenoticias.com.br\/wp-content\/uploads\/2026\/03\/biocarvao-melancia_Unsplash.jpg","width":1000,"height":666},{"@type":"BreadcrumbList","@id":"https:\/\/jornalfatosenoticias.com.br\/index.php\/2026\/03\/12\/pesquisa-com-biocarvao-impulsiona-cultivo-de-melancia-em-comunidade-indigena-de-roraima\/#breadcrumb","itemListElement":[{"@type":"ListItem","position":1,"name":"In\u00edcio","item":"https:\/\/jornalfatosenoticias.com.br\/"},{"@type":"ListItem","position":2,"name":"Pesquisa com biocarv\u00e3o impulsiona cultivo de melancia em comunidade ind\u00edgena de Roraima"}]},{"@type":"WebSite","@id":"https:\/\/jornalfatosenoticias.com.br\/#website","url":"https:\/\/jornalfatosenoticias.com.br\/","name":"Jornal Fatos e Not\u00edcias","description":"Not\u00edcias em geral","publisher":{"@id":"https:\/\/jornalfatosenoticias.com.br\/#organization"},"potentialAction":[{"@type":"SearchAction","target":{"@type":"EntryPoint","urlTemplate":"https:\/\/jornalfatosenoticias.com.br\/?s={search_term_string}"},"query-input":{"@type":"PropertyValueSpecification","valueRequired":true,"valueName":"search_term_string"}}],"inLanguage":"pt-BR"},{"@type":"Organization","@id":"https:\/\/jornalfatosenoticias.com.br\/#organization","name":"Jornal Fatos e Not\u00edcias","url":"https:\/\/jornalfatosenoticias.com.br\/","logo":{"@type":"ImageObject","inLanguage":"pt-BR","@id":"https:\/\/jornalfatosenoticias.com.br\/#\/schema\/logo\/image\/","url":"https:\/\/jornalfatosenoticias.com.br\/wp-content\/uploads\/2020\/02\/logo120.png","contentUrl":"https:\/\/jornalfatosenoticias.com.br\/wp-content\/uploads\/2020\/02\/logo120.png","width":1227,"height":120,"caption":"Jornal Fatos e Not\u00edcias"},"image":{"@id":"https:\/\/jornalfatosenoticias.com.br\/#\/schema\/logo\/image\/"}},{"@type":"Person","@id":"https:\/\/jornalfatosenoticias.com.br\/#\/schema\/person\/d63837fa13ac8666eb9e74e0985d6f81","name":"Luzimara Fernandes","image":{"@type":"ImageObject","inLanguage":"pt-BR","@id":"https:\/\/jornalfatosenoticias.com.br\/#\/schema\/person\/image\/","url":"https:\/\/jornalfatosenoticias.com.br\/wp-content\/uploads\/2025\/05\/EU_portal.jpg","contentUrl":"https:\/\/jornalfatosenoticias.com.br\/wp-content\/uploads\/2025\/05\/EU_portal.jpg","caption":"Luzimara Fernandes"},"description":"Jornalista MTB 2358-ES","sameAs":["https:\/\/jornalfatosenoticias.com.br"],"url":"https:\/\/jornalfatosenoticias.com.br\/index.php\/author\/luzimara\/"}]}},"cc_featured_image_caption":{"caption_text":"(Foto: Unsplash) ","source_text":"","source_url":""},"jetpack_featured_media_url":"https:\/\/jornalfatosenoticias.com.br\/wp-content\/uploads\/2026\/03\/biocarvao-melancia_Unsplash.jpg","_links":{"self":[{"href":"https:\/\/jornalfatosenoticias.com.br\/index.php\/wp-json\/wp\/v2\/posts\/65894","targetHints":{"allow":["GET"]}}],"collection":[{"href":"https:\/\/jornalfatosenoticias.com.br\/index.php\/wp-json\/wp\/v2\/posts"}],"about":[{"href":"https:\/\/jornalfatosenoticias.com.br\/index.php\/wp-json\/wp\/v2\/types\/post"}],"author":[{"embeddable":true,"href":"https:\/\/jornalfatosenoticias.com.br\/index.php\/wp-json\/wp\/v2\/users\/2"}],"replies":[{"embeddable":true,"href":"https:\/\/jornalfatosenoticias.com.br\/index.php\/wp-json\/wp\/v2\/comments?post=65894"}],"version-history":[{"count":1,"href":"https:\/\/jornalfatosenoticias.com.br\/index.php\/wp-json\/wp\/v2\/posts\/65894\/revisions"}],"predecessor-version":[{"id":65896,"href":"https:\/\/jornalfatosenoticias.com.br\/index.php\/wp-json\/wp\/v2\/posts\/65894\/revisions\/65896"}],"wp:featuredmedia":[{"embeddable":true,"href":"https:\/\/jornalfatosenoticias.com.br\/index.php\/wp-json\/wp\/v2\/media\/65895"}],"wp:attachment":[{"href":"https:\/\/jornalfatosenoticias.com.br\/index.php\/wp-json\/wp\/v2\/media?parent=65894"}],"wp:term":[{"taxonomy":"category","embeddable":true,"href":"https:\/\/jornalfatosenoticias.com.br\/index.php\/wp-json\/wp\/v2\/categories?post=65894"},{"taxonomy":"post_tag","embeddable":true,"href":"https:\/\/jornalfatosenoticias.com.br\/index.php\/wp-json\/wp\/v2\/tags?post=65894"}],"curies":[{"name":"wp","href":"https:\/\/api.w.org\/{rel}","templated":true}]}}