{"id":65902,"date":"2026-03-13T11:20:43","date_gmt":"2026-03-13T14:20:43","guid":{"rendered":"https:\/\/jornalfatosenoticias.com.br\/?p=65902"},"modified":"2026-03-23T10:37:26","modified_gmt":"2026-03-23T13:37:26","slug":"aprendi-gestao-so-nao-aprendi-a-pensar","status":"publish","type":"post","link":"https:\/\/jornalfatosenoticias.com.br\/index.php\/2026\/03\/13\/aprendi-gestao-so-nao-aprendi-a-pensar\/","title":{"rendered":"Aprendi gest\u00e3o, s\u00f3 n\u00e3o aprendi a pensar"},"content":{"rendered":"\n<p>Voc\u00ea fez MBA, cursos de gest\u00e3o, finan\u00e7as, marketing, certifica\u00e7\u00f5es internacionais. Aprendeu frameworks, metodologias, ferramentas. Muitas ferramentas. Mas algu\u00e9m te ensinou a pensar diferente?<br>Provavelmente n\u00e3o.<br>Escolas de neg\u00f3cio ensinam o que fazer. Ensinam plano de neg\u00f3cio, an\u00e1lise de mercado, gest\u00e3o de pessoas, fluxo de caixa. Ferramentas. Mas ningu\u00e9m ensina como pensar. Como questionar suas pr\u00f3prias certezas. Como ver oportunidades onde outros veem problemas. Como inovar quando o mercado pede repeti\u00e7\u00e3o.<br>O resultado? Empres\u00e1rios com ferramentas mas sem vis\u00e3o. Com conhecimento mas sem capacidade de transforma\u00e7\u00e3o. Com diploma mas sem mentalidade.<br>Dois empres\u00e1rios, mesmo mercado, mesmas ferramentas. Um cresce 300%, o outro decresce 20%. A diferen\u00e7a n\u00e3o est\u00e1 no conhecimento. Est\u00e1 na cabe\u00e7a.<br>Mentalidade \u00e9 o diferencial real. N\u00e3o as ferramentas. N\u00e3o as t\u00e9cnicas. Mentalidade.<br>Pense na hierarquia correta: mentalidade \u00e9 a base, ferramentas s\u00e3o o meio, t\u00e9cnicas s\u00e3o o resultado. Se voc\u00ea inverte essa ordem, fracassa. Voc\u00ea pode ter as melhores ferramentas do mundo, mas se sua mentalidade \u00e9 fixa, voc\u00ea as usa para repetir o passado. Se sua mentalidade \u00e9 de crescimento, voc\u00ea as usa para criar o futuro.<\/p>\n\n\n<div class=\"wp-block-image\">\n<figure class=\"aligncenter size-full is-resized\"><a href=\"https:\/\/www.origestaofinanceira.com.br\/\"><img loading=\"lazy\" decoding=\"async\" width=\"841\" height=\"881\" src=\"https:\/\/jornalfatosenoticias.com.br\/wp-content\/uploads\/2020\/02\/Ori-Gestao-Financeira.jpeg\" alt=\"\" class=\"wp-image-64779\" style=\"aspect-ratio:0.9546132537822288;width:349px;height:auto\" srcset=\"https:\/\/jornalfatosenoticias.com.br\/wp-content\/uploads\/2020\/02\/Ori-Gestao-Financeira.jpeg 841w, https:\/\/jornalfatosenoticias.com.br\/wp-content\/uploads\/2020\/02\/Ori-Gestao-Financeira-286x300.jpeg 286w, https:\/\/jornalfatosenoticias.com.br\/wp-content\/uploads\/2020\/02\/Ori-Gestao-Financeira-768x805.jpeg 768w\" sizes=\"auto, (max-width: 841px) 100vw, 841px\" \/><\/a><\/figure>\n<\/div>\n\n\n<p>Steve Jobs tinha a mesma tecnologia que seus concorrentes. A diferen\u00e7a era mentalidade. Empres\u00e1rios que transformam ind\u00fastrias inteiras n\u00e3o t\u00eam acesso a ferramentas melhores \u2014 t\u00eam mentalidade diferente. Empres\u00e1rios locais que inovam enquanto outros repetem: qual \u00e9 a diferen\u00e7a? Mentalidade.<br>H\u00e1 uma revolu\u00e7\u00e3o silenciosa acontecendo. N\u00e3o \u00e9 barulhenta, n\u00e3o faz manchete, mas est\u00e1 acontecendo. Empres\u00e1rios que entendem que mentalidade \u00e9 o ativo estrat\u00e9gico est\u00e3o transformando seus neg\u00f3cios, questionando suas certezas, investindo em educa\u00e7\u00e3o que desenvolve mentalidade, n\u00e3o apenas ferramentas.<br>E voc\u00ea? Est\u00e1 esperando que a educa\u00e7\u00e3o empresarial mude, ou est\u00e1 come\u00e7ando hoje?<br>Porque aqui est\u00e1 o ponto: educa\u00e7\u00e3o empresarial tradicional est\u00e1 obsoleta. N\u00e3o porque os conte\u00fados sejam ruins, mas porque est\u00e3o incompletos. Ensinam o qu\u00ea, n\u00e3o o como pensar. Ensinam resposta, n\u00e3o pergunta. Ensinam t\u00e9cnica, n\u00e3o transforma\u00e7\u00e3o.<br>H\u00e1 espa\u00e7o para uma nova educa\u00e7\u00e3o. H\u00e1 espa\u00e7o para quem quer aprender a pensar. H\u00e1 espa\u00e7o para quem quer ser pioneiro. Mas isso n\u00e3o vem de fora. N\u00e3o vem de um curso. N\u00e3o vem de um professor. Vem de voc\u00ea. Da sua decis\u00e3o de questionar. Da sua coragem de mudar. Da sua disposi\u00e7\u00e3o de investir em mentalidade.<\/p>\n\n\n<div class=\"wp-block-image\">\n<figure class=\"aligncenter size-full is-resized\"><a href=\"https:\/\/www.instagram.com\/kalynecalais\/\"><img loading=\"lazy\" decoding=\"async\" width=\"969\" height=\"406\" src=\"https:\/\/jornalfatosenoticias.com.br\/wp-content\/uploads\/2024\/09\/Legis-Juris-Consultoria_logo.jpg\" alt=\"\" class=\"wp-image-53915\" style=\"aspect-ratio:2.3867874267448057;width:539px;height:auto\" srcset=\"https:\/\/jornalfatosenoticias.com.br\/wp-content\/uploads\/2024\/09\/Legis-Juris-Consultoria_logo.jpg 969w, https:\/\/jornalfatosenoticias.com.br\/wp-content\/uploads\/2024\/09\/Legis-Juris-Consultoria_logo-300x126.jpg 300w, https:\/\/jornalfatosenoticias.com.br\/wp-content\/uploads\/2024\/09\/Legis-Juris-Consultoria_logo-768x322.jpg 768w\" sizes=\"auto, (max-width: 969px) 100vw, 969px\" \/><\/a><\/figure>\n<\/div>\n\n\n<p>Mentalidade fixa diz: &#8220;sou assim mesmo&#8221;. Mentalidade de crescimento diz: &#8220;posso mudar&#8221;. Qual \u00e9 a sua?<br>Quando v\u00ea um problema, o empres\u00e1rio com mentalidade fixa desiste. O empres\u00e1rio com mentalidade de crescimento aprende. Qual \u00e9 voc\u00ea? Quando confrontado com uma certeza, um defende enquanto o outro questiona. Um se acomoda enquanto o outro se reinventa.<br>Porque aqui est\u00e1 a verdade: voc\u00ea n\u00e3o fracassa por falta de ferramentas. Fracassa por falta de mentalidade. Voc\u00ea n\u00e3o fica para tr\u00e1s por falta de conhecimento. Fica por falta de capacidade de pensar diferente. E isso \u00e9 aprend\u00edvel. Mentalidade n\u00e3o \u00e9 inata. \u00c9 constru\u00edda. \u00c9 desenvolvida. \u00c9 escolha.<br>Voc\u00ea pode come\u00e7ar hoje. Pode questionar uma certeza. Pode fazer uma pergunta diferente. Pode procurar uma resposta que ningu\u00e9m procurou. Pode pensar diferente. N\u00e3o \u00e9 f\u00e1cil. Mentalidade fixa \u00e9 confort\u00e1vel, conhecida, segura. Mudar mentalidade \u00e9 desconfort\u00e1vel, incerto, arriscado. Mas \u00e9 o \u00fanico caminho para transforma\u00e7\u00e3o.<br>H\u00e1 empres\u00e1rios que est\u00e3o fazendo isso agora. Que est\u00e3o investindo em mentalidade, questionando suas certezas, se reinventando, sendo pioneiros em suas ind\u00fastrias. Voc\u00ea pode ser um deles. Ou pode esperar, continuar aprendendo ferramentas, continuar repetindo o passado, continuar sendo seguidor.<br>Mas aqui est\u00e1 a pergunta que importa: voc\u00ea est\u00e1 aprendendo gest\u00e3o ou aprendendo a pensar? Est\u00e1 seguindo receitas ou criando novas? Est\u00e1 esperando ou come\u00e7ando?<br>Qual \u00e9 sua revolu\u00e7\u00e3o?<br>Comece hoje. Questione uma certeza. Invista em mentalidade. Seja pioneiro. Porque a revolu\u00e7\u00e3o silenciosa j\u00e1 come\u00e7ou. E voc\u00ea pode fazer parte dela.<\/p>\n\n\n<div class=\"wp-block-image\">\n<figure class=\"aligncenter size-large\"><a href=\"https:\/\/mizu.com.br\/\"><img loading=\"lazy\" decoding=\"async\" width=\"1024\" height=\"99\" src=\"https:\/\/jornalfatosenoticias.com.br\/wp-content\/uploads\/2020\/02\/Logo-Mizu-segunda-2-1024x99.png\" alt=\"\" class=\"wp-image-2353\" srcset=\"https:\/\/jornalfatosenoticias.com.br\/wp-content\/uploads\/2020\/02\/Logo-Mizu-segunda-2-1024x99.png 1024w, https:\/\/jornalfatosenoticias.com.br\/wp-content\/uploads\/2020\/02\/Logo-Mizu-segunda-2-300x29.png 300w, https:\/\/jornalfatosenoticias.com.br\/wp-content\/uploads\/2020\/02\/Logo-Mizu-segunda-2-768x74.png 768w, https:\/\/jornalfatosenoticias.com.br\/wp-content\/uploads\/2020\/02\/Logo-Mizu-segunda-2.png 1240w\" sizes=\"auto, (max-width: 1024px) 100vw, 1024px\" \/><\/a><\/figure>\n<\/div>","protected":false},"excerpt":{"rendered":"<p>Voc\u00ea fez MBA, cursos de gest\u00e3o, finan\u00e7as, marketing, certifica\u00e7\u00f5es internacionais. Aprendeu frameworks, metodologias, ferramentas. Muitas ferramentas. Mas algu\u00e9m te ensinou a pensar diferente?Provavelmente n\u00e3o.Escolas de neg\u00f3cio ensinam o que fazer. Ensinam plano de neg\u00f3cio, an\u00e1lise de mercado, gest\u00e3o de pessoas, fluxo de caixa. Ferramentas. Mas ningu\u00e9m ensina como pensar. Como questionar suas pr\u00f3prias certezas. Como [&hellip;]<\/p>\n","protected":false},"author":44,"featured_media":65903,"comment_status":"open","ping_status":"open","sticky":false,"template":"","format":"standard","meta":{"footnotes":""},"categories":[30078],"tags":[29983,854,859,826,556,29982,22840],"class_list":["post-65902","post","type-post","status-publish","format-standard","has-post-thumbnail","hentry","category-carreiras-negocios","tag-certificacoes-internacionais","tag-cursos","tag-financas","tag-gestao","tag-marketing","tag-mba","tag-mentalidade"],"yoast_head":"<!-- This site is optimized with the Yoast SEO plugin v26.5 - https:\/\/yoast.com\/wordpress\/plugins\/seo\/ -->\n<title>Aprendi gest\u00e3o, s\u00f3 n\u00e3o aprendi a pensar - Jornal Fatos e Not\u00edcias<\/title>\n<meta name=\"robots\" content=\"index, follow, max-snippet:-1, max-image-preview:large, max-video-preview:-1\" \/>\n<link rel=\"canonical\" href=\"https:\/\/jornalfatosenoticias.com.br\/index.php\/2026\/03\/13\/aprendi-gestao-so-nao-aprendi-a-pensar\/\" \/>\n<meta property=\"og:locale\" content=\"pt_BR\" \/>\n<meta property=\"og:type\" content=\"article\" \/>\n<meta property=\"og:title\" content=\"Aprendi gest\u00e3o, s\u00f3 n\u00e3o aprendi a pensar - Jornal Fatos e Not\u00edcias\" \/>\n<meta property=\"og:description\" content=\"Voc\u00ea fez MBA, cursos de gest\u00e3o, finan\u00e7as, marketing, certifica\u00e7\u00f5es internacionais. Aprendeu frameworks, metodologias, ferramentas. Muitas ferramentas. Mas algu\u00e9m te ensinou a pensar diferente?Provavelmente n\u00e3o.Escolas de neg\u00f3cio ensinam o que fazer. Ensinam plano de neg\u00f3cio, an\u00e1lise de mercado, gest\u00e3o de pessoas, fluxo de caixa. Ferramentas. Mas ningu\u00e9m ensina como pensar. Como questionar suas pr\u00f3prias certezas. Como [&hellip;]\" \/>\n<meta property=\"og:url\" content=\"https:\/\/jornalfatosenoticias.com.br\/index.php\/2026\/03\/13\/aprendi-gestao-so-nao-aprendi-a-pensar\/\" \/>\n<meta property=\"og:site_name\" content=\"Jornal Fatos e Not\u00edcias\" \/>\n<meta property=\"article:published_time\" content=\"2026-03-13T14:20:43+00:00\" \/>\n<meta property=\"article:modified_time\" content=\"2026-03-23T13:37:26+00:00\" \/>\n<meta property=\"og:image\" content=\"https:\/\/jornalfatosenoticias.com.br\/wp-content\/uploads\/2026\/03\/texto-Francisco_freepik.jpg\" \/>\n\t<meta property=\"og:image:width\" content=\"1000\" \/>\n\t<meta property=\"og:image:height\" content=\"666\" \/>\n\t<meta property=\"og:image:type\" content=\"image\/jpeg\" \/>\n<meta name=\"author\" content=\"Francisco Neto\" \/>\n<meta name=\"twitter:card\" content=\"summary_large_image\" \/>\n<meta name=\"twitter:label1\" content=\"Escrito por\" \/>\n\t<meta name=\"twitter:data1\" content=\"Francisco Neto\" \/>\n\t<meta name=\"twitter:label2\" content=\"Est. tempo de leitura\" \/>\n\t<meta name=\"twitter:data2\" content=\"5 minutos\" \/>\n<script type=\"application\/ld+json\" class=\"yoast-schema-graph\">{\"@context\":\"https:\/\/schema.org\",\"@graph\":[{\"@type\":\"Article\",\"@id\":\"https:\/\/jornalfatosenoticias.com.br\/index.php\/2026\/03\/13\/aprendi-gestao-so-nao-aprendi-a-pensar\/#article\",\"isPartOf\":{\"@id\":\"https:\/\/jornalfatosenoticias.com.br\/index.php\/2026\/03\/13\/aprendi-gestao-so-nao-aprendi-a-pensar\/\"},\"author\":{\"name\":\"Francisco Neto\",\"@id\":\"https:\/\/jornalfatosenoticias.com.br\/#\/schema\/person\/d3d464ddbcaf3c3ddfb099ca10ab2cc6\"},\"headline\":\"Aprendi gest\u00e3o, s\u00f3 n\u00e3o aprendi a pensar\",\"datePublished\":\"2026-03-13T14:20:43+00:00\",\"dateModified\":\"2026-03-23T13:37:26+00:00\",\"mainEntityOfPage\":{\"@id\":\"https:\/\/jornalfatosenoticias.com.br\/index.php\/2026\/03\/13\/aprendi-gestao-so-nao-aprendi-a-pensar\/\"},\"wordCount\":676,\"commentCount\":0,\"publisher\":{\"@id\":\"https:\/\/jornalfatosenoticias.com.br\/#organization\"},\"image\":{\"@id\":\"https:\/\/jornalfatosenoticias.com.br\/index.php\/2026\/03\/13\/aprendi-gestao-so-nao-aprendi-a-pensar\/#primaryimage\"},\"thumbnailUrl\":\"https:\/\/jornalfatosenoticias.com.br\/wp-content\/uploads\/2026\/03\/texto-Francisco_freepik.jpg\",\"keywords\":[\"certifica\u00e7\u00f5es internacionais\",\"cursos\",\"finan\u00e7as\",\"gest\u00e3o\",\"marketing\",\"MBA\",\"mentalidade\"],\"articleSection\":[\"Carreiras &amp; Neg\u00f3cios\"],\"inLanguage\":\"pt-BR\",\"potentialAction\":[{\"@type\":\"CommentAction\",\"name\":\"Comment\",\"target\":[\"https:\/\/jornalfatosenoticias.com.br\/index.php\/2026\/03\/13\/aprendi-gestao-so-nao-aprendi-a-pensar\/#respond\"]}]},{\"@type\":\"WebPage\",\"@id\":\"https:\/\/jornalfatosenoticias.com.br\/index.php\/2026\/03\/13\/aprendi-gestao-so-nao-aprendi-a-pensar\/\",\"url\":\"https:\/\/jornalfatosenoticias.com.br\/index.php\/2026\/03\/13\/aprendi-gestao-so-nao-aprendi-a-pensar\/\",\"name\":\"Aprendi gest\u00e3o, s\u00f3 n\u00e3o aprendi a pensar - Jornal Fatos e Not\u00edcias\",\"isPartOf\":{\"@id\":\"https:\/\/jornalfatosenoticias.com.br\/#website\"},\"primaryImageOfPage\":{\"@id\":\"https:\/\/jornalfatosenoticias.com.br\/index.php\/2026\/03\/13\/aprendi-gestao-so-nao-aprendi-a-pensar\/#primaryimage\"},\"image\":{\"@id\":\"https:\/\/jornalfatosenoticias.com.br\/index.php\/2026\/03\/13\/aprendi-gestao-so-nao-aprendi-a-pensar\/#primaryimage\"},\"thumbnailUrl\":\"https:\/\/jornalfatosenoticias.com.br\/wp-content\/uploads\/2026\/03\/texto-Francisco_freepik.jpg\",\"datePublished\":\"2026-03-13T14:20:43+00:00\",\"dateModified\":\"2026-03-23T13:37:26+00:00\",\"breadcrumb\":{\"@id\":\"https:\/\/jornalfatosenoticias.com.br\/index.php\/2026\/03\/13\/aprendi-gestao-so-nao-aprendi-a-pensar\/#breadcrumb\"},\"inLanguage\":\"pt-BR\",\"potentialAction\":[{\"@type\":\"ReadAction\",\"target\":[\"https:\/\/jornalfatosenoticias.com.br\/index.php\/2026\/03\/13\/aprendi-gestao-so-nao-aprendi-a-pensar\/\"]}]},{\"@type\":\"ImageObject\",\"inLanguage\":\"pt-BR\",\"@id\":\"https:\/\/jornalfatosenoticias.com.br\/index.php\/2026\/03\/13\/aprendi-gestao-so-nao-aprendi-a-pensar\/#primaryimage\",\"url\":\"https:\/\/jornalfatosenoticias.com.br\/wp-content\/uploads\/2026\/03\/texto-Francisco_freepik.jpg\",\"contentUrl\":\"https:\/\/jornalfatosenoticias.com.br\/wp-content\/uploads\/2026\/03\/texto-Francisco_freepik.jpg\",\"width\":1000,\"height\":666,\"caption\":\"Attractive businesswoman looking at statistic data and thinking. Confident experienced thoughtful female manager holding marker and standing in office room. Strategy, business and management concept\"},{\"@type\":\"BreadcrumbList\",\"@id\":\"https:\/\/jornalfatosenoticias.com.br\/index.php\/2026\/03\/13\/aprendi-gestao-so-nao-aprendi-a-pensar\/#breadcrumb\",\"itemListElement\":[{\"@type\":\"ListItem\",\"position\":1,\"name\":\"In\u00edcio\",\"item\":\"https:\/\/jornalfatosenoticias.com.br\/\"},{\"@type\":\"ListItem\",\"position\":2,\"name\":\"Aprendi gest\u00e3o, s\u00f3 n\u00e3o aprendi a pensar\"}]},{\"@type\":\"WebSite\",\"@id\":\"https:\/\/jornalfatosenoticias.com.br\/#website\",\"url\":\"https:\/\/jornalfatosenoticias.com.br\/\",\"name\":\"Jornal Fatos e Not\u00edcias\",\"description\":\"Not\u00edcias em geral\",\"publisher\":{\"@id\":\"https:\/\/jornalfatosenoticias.com.br\/#organization\"},\"potentialAction\":[{\"@type\":\"SearchAction\",\"target\":{\"@type\":\"EntryPoint\",\"urlTemplate\":\"https:\/\/jornalfatosenoticias.com.br\/?s={search_term_string}\"},\"query-input\":{\"@type\":\"PropertyValueSpecification\",\"valueRequired\":true,\"valueName\":\"search_term_string\"}}],\"inLanguage\":\"pt-BR\"},{\"@type\":\"Organization\",\"@id\":\"https:\/\/jornalfatosenoticias.com.br\/#organization\",\"name\":\"Jornal Fatos e Not\u00edcias\",\"url\":\"https:\/\/jornalfatosenoticias.com.br\/\",\"logo\":{\"@type\":\"ImageObject\",\"inLanguage\":\"pt-BR\",\"@id\":\"https:\/\/jornalfatosenoticias.com.br\/#\/schema\/logo\/image\/\",\"url\":\"https:\/\/jornalfatosenoticias.com.br\/wp-content\/uploads\/2020\/02\/logo120.png\",\"contentUrl\":\"https:\/\/jornalfatosenoticias.com.br\/wp-content\/uploads\/2020\/02\/logo120.png\",\"width\":1227,\"height\":120,\"caption\":\"Jornal Fatos e Not\u00edcias\"},\"image\":{\"@id\":\"https:\/\/jornalfatosenoticias.com.br\/#\/schema\/logo\/image\/\"}},{\"@type\":\"Person\",\"@id\":\"https:\/\/jornalfatosenoticias.com.br\/#\/schema\/person\/d3d464ddbcaf3c3ddfb099ca10ab2cc6\",\"name\":\"Francisco Neto\",\"image\":{\"@type\":\"ImageObject\",\"inLanguage\":\"pt-BR\",\"@id\":\"https:\/\/jornalfatosenoticias.com.br\/#\/schema\/person\/image\/\",\"url\":\"https:\/\/jornalfatosenoticias.com.br\/wp-content\/uploads\/2025\/10\/Francisco.jpeg\",\"contentUrl\":\"https:\/\/jornalfatosenoticias.com.br\/wp-content\/uploads\/2025\/10\/Francisco.jpeg\",\"caption\":\"Francisco Neto\"},\"description\":\"Engenheiro eletricista da Conexa Engenharia Transformo solu\u00e7\u00f5es inteligentes em energia, efici\u00eancia e seguran\u00e7a. Instagram: @sou.conexa\",\"url\":\"https:\/\/jornalfatosenoticias.com.br\/index.php\/author\/francisco-neto\/\"}]}<\/script>\n<!-- \/ Yoast SEO plugin. -->","yoast_head_json":{"title":"Aprendi gest\u00e3o, s\u00f3 n\u00e3o aprendi a pensar - Jornal Fatos e Not\u00edcias","robots":{"index":"index","follow":"follow","max-snippet":"max-snippet:-1","max-image-preview":"max-image-preview:large","max-video-preview":"max-video-preview:-1"},"canonical":"https:\/\/jornalfatosenoticias.com.br\/index.php\/2026\/03\/13\/aprendi-gestao-so-nao-aprendi-a-pensar\/","og_locale":"pt_BR","og_type":"article","og_title":"Aprendi gest\u00e3o, s\u00f3 n\u00e3o aprendi a pensar - Jornal Fatos e Not\u00edcias","og_description":"Voc\u00ea fez MBA, cursos de gest\u00e3o, finan\u00e7as, marketing, certifica\u00e7\u00f5es internacionais. Aprendeu frameworks, metodologias, ferramentas. Muitas ferramentas. Mas algu\u00e9m te ensinou a pensar diferente?Provavelmente n\u00e3o.Escolas de neg\u00f3cio ensinam o que fazer. Ensinam plano de neg\u00f3cio, an\u00e1lise de mercado, gest\u00e3o de pessoas, fluxo de caixa. Ferramentas. Mas ningu\u00e9m ensina como pensar. Como questionar suas pr\u00f3prias certezas. Como [&hellip;]","og_url":"https:\/\/jornalfatosenoticias.com.br\/index.php\/2026\/03\/13\/aprendi-gestao-so-nao-aprendi-a-pensar\/","og_site_name":"Jornal Fatos e Not\u00edcias","article_published_time":"2026-03-13T14:20:43+00:00","article_modified_time":"2026-03-23T13:37:26+00:00","og_image":[{"width":1000,"height":666,"url":"https:\/\/jornalfatosenoticias.com.br\/wp-content\/uploads\/2026\/03\/texto-Francisco_freepik.jpg","type":"image\/jpeg"}],"author":"Francisco Neto","twitter_card":"summary_large_image","twitter_misc":{"Escrito por":"Francisco Neto","Est. tempo de leitura":"5 minutos"},"schema":{"@context":"https:\/\/schema.org","@graph":[{"@type":"Article","@id":"https:\/\/jornalfatosenoticias.com.br\/index.php\/2026\/03\/13\/aprendi-gestao-so-nao-aprendi-a-pensar\/#article","isPartOf":{"@id":"https:\/\/jornalfatosenoticias.com.br\/index.php\/2026\/03\/13\/aprendi-gestao-so-nao-aprendi-a-pensar\/"},"author":{"name":"Francisco Neto","@id":"https:\/\/jornalfatosenoticias.com.br\/#\/schema\/person\/d3d464ddbcaf3c3ddfb099ca10ab2cc6"},"headline":"Aprendi gest\u00e3o, s\u00f3 n\u00e3o aprendi a pensar","datePublished":"2026-03-13T14:20:43+00:00","dateModified":"2026-03-23T13:37:26+00:00","mainEntityOfPage":{"@id":"https:\/\/jornalfatosenoticias.com.br\/index.php\/2026\/03\/13\/aprendi-gestao-so-nao-aprendi-a-pensar\/"},"wordCount":676,"commentCount":0,"publisher":{"@id":"https:\/\/jornalfatosenoticias.com.br\/#organization"},"image":{"@id":"https:\/\/jornalfatosenoticias.com.br\/index.php\/2026\/03\/13\/aprendi-gestao-so-nao-aprendi-a-pensar\/#primaryimage"},"thumbnailUrl":"https:\/\/jornalfatosenoticias.com.br\/wp-content\/uploads\/2026\/03\/texto-Francisco_freepik.jpg","keywords":["certifica\u00e7\u00f5es internacionais","cursos","finan\u00e7as","gest\u00e3o","marketing","MBA","mentalidade"],"articleSection":["Carreiras &amp; Neg\u00f3cios"],"inLanguage":"pt-BR","potentialAction":[{"@type":"CommentAction","name":"Comment","target":["https:\/\/jornalfatosenoticias.com.br\/index.php\/2026\/03\/13\/aprendi-gestao-so-nao-aprendi-a-pensar\/#respond"]}]},{"@type":"WebPage","@id":"https:\/\/jornalfatosenoticias.com.br\/index.php\/2026\/03\/13\/aprendi-gestao-so-nao-aprendi-a-pensar\/","url":"https:\/\/jornalfatosenoticias.com.br\/index.php\/2026\/03\/13\/aprendi-gestao-so-nao-aprendi-a-pensar\/","name":"Aprendi gest\u00e3o, s\u00f3 n\u00e3o aprendi a pensar - Jornal Fatos e Not\u00edcias","isPartOf":{"@id":"https:\/\/jornalfatosenoticias.com.br\/#website"},"primaryImageOfPage":{"@id":"https:\/\/jornalfatosenoticias.com.br\/index.php\/2026\/03\/13\/aprendi-gestao-so-nao-aprendi-a-pensar\/#primaryimage"},"image":{"@id":"https:\/\/jornalfatosenoticias.com.br\/index.php\/2026\/03\/13\/aprendi-gestao-so-nao-aprendi-a-pensar\/#primaryimage"},"thumbnailUrl":"https:\/\/jornalfatosenoticias.com.br\/wp-content\/uploads\/2026\/03\/texto-Francisco_freepik.jpg","datePublished":"2026-03-13T14:20:43+00:00","dateModified":"2026-03-23T13:37:26+00:00","breadcrumb":{"@id":"https:\/\/jornalfatosenoticias.com.br\/index.php\/2026\/03\/13\/aprendi-gestao-so-nao-aprendi-a-pensar\/#breadcrumb"},"inLanguage":"pt-BR","potentialAction":[{"@type":"ReadAction","target":["https:\/\/jornalfatosenoticias.com.br\/index.php\/2026\/03\/13\/aprendi-gestao-so-nao-aprendi-a-pensar\/"]}]},{"@type":"ImageObject","inLanguage":"pt-BR","@id":"https:\/\/jornalfatosenoticias.com.br\/index.php\/2026\/03\/13\/aprendi-gestao-so-nao-aprendi-a-pensar\/#primaryimage","url":"https:\/\/jornalfatosenoticias.com.br\/wp-content\/uploads\/2026\/03\/texto-Francisco_freepik.jpg","contentUrl":"https:\/\/jornalfatosenoticias.com.br\/wp-content\/uploads\/2026\/03\/texto-Francisco_freepik.jpg","width":1000,"height":666,"caption":"Attractive businesswoman looking at statistic data and thinking. Confident experienced thoughtful female manager holding marker and standing in office room. Strategy, business and management concept"},{"@type":"BreadcrumbList","@id":"https:\/\/jornalfatosenoticias.com.br\/index.php\/2026\/03\/13\/aprendi-gestao-so-nao-aprendi-a-pensar\/#breadcrumb","itemListElement":[{"@type":"ListItem","position":1,"name":"In\u00edcio","item":"https:\/\/jornalfatosenoticias.com.br\/"},{"@type":"ListItem","position":2,"name":"Aprendi gest\u00e3o, s\u00f3 n\u00e3o aprendi a pensar"}]},{"@type":"WebSite","@id":"https:\/\/jornalfatosenoticias.com.br\/#website","url":"https:\/\/jornalfatosenoticias.com.br\/","name":"Jornal Fatos e Not\u00edcias","description":"Not\u00edcias em geral","publisher":{"@id":"https:\/\/jornalfatosenoticias.com.br\/#organization"},"potentialAction":[{"@type":"SearchAction","target":{"@type":"EntryPoint","urlTemplate":"https:\/\/jornalfatosenoticias.com.br\/?s={search_term_string}"},"query-input":{"@type":"PropertyValueSpecification","valueRequired":true,"valueName":"search_term_string"}}],"inLanguage":"pt-BR"},{"@type":"Organization","@id":"https:\/\/jornalfatosenoticias.com.br\/#organization","name":"Jornal Fatos e Not\u00edcias","url":"https:\/\/jornalfatosenoticias.com.br\/","logo":{"@type":"ImageObject","inLanguage":"pt-BR","@id":"https:\/\/jornalfatosenoticias.com.br\/#\/schema\/logo\/image\/","url":"https:\/\/jornalfatosenoticias.com.br\/wp-content\/uploads\/2020\/02\/logo120.png","contentUrl":"https:\/\/jornalfatosenoticias.com.br\/wp-content\/uploads\/2020\/02\/logo120.png","width":1227,"height":120,"caption":"Jornal Fatos e Not\u00edcias"},"image":{"@id":"https:\/\/jornalfatosenoticias.com.br\/#\/schema\/logo\/image\/"}},{"@type":"Person","@id":"https:\/\/jornalfatosenoticias.com.br\/#\/schema\/person\/d3d464ddbcaf3c3ddfb099ca10ab2cc6","name":"Francisco Neto","image":{"@type":"ImageObject","inLanguage":"pt-BR","@id":"https:\/\/jornalfatosenoticias.com.br\/#\/schema\/person\/image\/","url":"https:\/\/jornalfatosenoticias.com.br\/wp-content\/uploads\/2025\/10\/Francisco.jpeg","contentUrl":"https:\/\/jornalfatosenoticias.com.br\/wp-content\/uploads\/2025\/10\/Francisco.jpeg","caption":"Francisco Neto"},"description":"Engenheiro eletricista da Conexa Engenharia Transformo solu\u00e7\u00f5es inteligentes em energia, efici\u00eancia e seguran\u00e7a. Instagram: @sou.conexa","url":"https:\/\/jornalfatosenoticias.com.br\/index.php\/author\/francisco-neto\/"}]}},"cc_featured_image_caption":{"caption_text":"(Foto: Freepik) ","source_text":"","source_url":""},"jetpack_featured_media_url":"https:\/\/jornalfatosenoticias.com.br\/wp-content\/uploads\/2026\/03\/texto-Francisco_freepik.jpg","_links":{"self":[{"href":"https:\/\/jornalfatosenoticias.com.br\/index.php\/wp-json\/wp\/v2\/posts\/65902","targetHints":{"allow":["GET"]}}],"collection":[{"href":"https:\/\/jornalfatosenoticias.com.br\/index.php\/wp-json\/wp\/v2\/posts"}],"about":[{"href":"https:\/\/jornalfatosenoticias.com.br\/index.php\/wp-json\/wp\/v2\/types\/post"}],"author":[{"embeddable":true,"href":"https:\/\/jornalfatosenoticias.com.br\/index.php\/wp-json\/wp\/v2\/users\/44"}],"replies":[{"embeddable":true,"href":"https:\/\/jornalfatosenoticias.com.br\/index.php\/wp-json\/wp\/v2\/comments?post=65902"}],"version-history":[{"count":1,"href":"https:\/\/jornalfatosenoticias.com.br\/index.php\/wp-json\/wp\/v2\/posts\/65902\/revisions"}],"predecessor-version":[{"id":65904,"href":"https:\/\/jornalfatosenoticias.com.br\/index.php\/wp-json\/wp\/v2\/posts\/65902\/revisions\/65904"}],"wp:featuredmedia":[{"embeddable":true,"href":"https:\/\/jornalfatosenoticias.com.br\/index.php\/wp-json\/wp\/v2\/media\/65903"}],"wp:attachment":[{"href":"https:\/\/jornalfatosenoticias.com.br\/index.php\/wp-json\/wp\/v2\/media?parent=65902"}],"wp:term":[{"taxonomy":"category","embeddable":true,"href":"https:\/\/jornalfatosenoticias.com.br\/index.php\/wp-json\/wp\/v2\/categories?post=65902"},{"taxonomy":"post_tag","embeddable":true,"href":"https:\/\/jornalfatosenoticias.com.br\/index.php\/wp-json\/wp\/v2\/tags?post=65902"}],"curies":[{"name":"wp","href":"https:\/\/api.w.org\/{rel}","templated":true}]}}