{"id":65908,"date":"2026-03-13T15:00:18","date_gmt":"2026-03-13T18:00:18","guid":{"rendered":"https:\/\/jornalfatosenoticias.com.br\/?p=65908"},"modified":"2026-03-13T15:00:20","modified_gmt":"2026-03-13T18:00:20","slug":"primeira-feira-de-oleo-gas-e-energia-do-norte-capixaba-foi-um-sucesso","status":"publish","type":"post","link":"https:\/\/jornalfatosenoticias.com.br\/index.php\/2026\/03\/13\/primeira-feira-de-oleo-gas-e-energia-do-norte-capixaba-foi-um-sucesso\/","title":{"rendered":"Primeira feira de \u00f3leo, g\u00e1s e energia do norte capixaba foi um sucesso"},"content":{"rendered":"\n<p><mark style=\"background-color:rgba(0, 0, 0, 0)\" class=\"has-inline-color has-black-color\"><em>Realizada em 4 e 5 de mar\u00e7o, a SAMOG.e superou as expectativas registrando recorde de visita\u00e7\u00e3o e um volume expressivo de transa\u00e7\u00f5es comerciais<\/em><\/mark><\/p>\n\n\n\n<p><mark style=\"background-color:rgba(0, 0, 0, 0)\" class=\"has-inline-color has-black-color\">Por <strong><a href=\"https:\/\/jornalfatosenoticias.com.br\/index.php\/2026\/03\/12\/a-semana-no-brasil-e-no-mundo-enquanto-trump-trata-pcc-e-cv-como-narcoterrorismo-governo-lula-reage-para-impedir-classificacao\/\">Haroldo Filho<\/a>, Luzimara Fernandes, <a href=\"https:\/\/jornalfatosenoticias.com.br\/index.php\/2026\/03\/12\/okr-em-pequenas-e-medias-empresas-estrategia-simples-para-resultados-reais\/\">Milena Rohr<\/a><\/strong> e <strong><a href=\"https:\/\/jornalfatosenoticias.com.br\/index.php\/2026\/01\/05\/a-estacao-da-corrosao-por-que-o-verao-e-as-chuvas-de-dezembro-exigem-atencao-redobrada\/\">Willians Lima<\/a><\/strong><\/mark><\/p>\n\n\n\n<p>A RedePetro ES realiza, desde 2023, o Semin\u00e1rio de \u00d3leo, G\u00e1s e Energia no Norte Capixaba, reunindo operadoras independentes e empresas de energia atuantes na regi\u00e3o. Em 2026, o evento passou a se chamar SAMOG.e \u2013 S\u00e3o Mateus \u00d3leo, G\u00e1s e Energia, ampliando seu prop\u00f3sito de conectar fornecedores estaduais \u00e0s principais operadoras e ao mercado de energia do norte capixaba.<br>Foram registrados mais de dois mil acessos ao longo de todo o evento, representando um crescimento de aproximadamente 376% em rela\u00e7\u00e3o \u00e0 edi\u00e7\u00e3o anterior. Esse resultado demonstra o aumento expressivo do interesse e do engajamento do p\u00fablico com a feira. A participa\u00e7\u00e3o na feira foi grande e contou com a presen\u00e7a de lideran\u00e7as estrat\u00e9gicas para o setor. Nos dois dias do evento, marcaram presen\u00e7a empresas que atuam como fornecedoras de bens e servi\u00e7os; estudantes e startups vocacionadas ao setor e representantes do poder p\u00fablico. Segundo os organizadores, foram mais de 400 empresas presentes e mais de100 participantes nas rodadas de neg\u00f3cios nos dois dias de evento, com expectativa de gerar cerca de R$ 60 milh\u00f5es em oportunidades de neg\u00f3cios.<br>Para o presidente da RedePetro ES, <strong>Rafaele C\u00e9<\/strong>, a feira foi focada em discutir o que tem potencial de desenvolvimento para o Estado. <\/p>\n\n\n\n<blockquote class=\"wp-block-quote is-layout-flow wp-block-quote-is-layout-flow\">\n<p><mark style=\"background-color:rgba(0, 0, 0, 0)\" class=\"has-inline-color has-luminous-vivid-orange-color\">N\u00e3o \u00e9 nenhuma quest\u00e3o do que vai acontecer, n\u00e3o \u00e9 essa a nossa pretens\u00e3o. N\u00f3s queremos desenvolver o que j\u00e1 existe, o que \u00e9 concreto e o que gera neg\u00f3cios. Toda a programa\u00e7\u00e3o, toda a parte dos pain\u00e9is da edi\u00e7\u00e3o foram pensadas e focadas na gera\u00e7\u00e3o de neg\u00f3cios. E, nisso, a feira foi um sucesso\u201d, destaca.<\/mark><\/p>\n<\/blockquote>\n\n\n<div class=\"wp-block-image\">\n<figure class=\"aligncenter size-full\"><img loading=\"lazy\" decoding=\"async\" width=\"1000\" height=\"666\" src=\"https:\/\/jornalfatosenoticias.com.br\/wp-content\/uploads\/2026\/03\/CAETANO-MACHADO_RAFAELE-CE.jpg\" alt=\"\" class=\"wp-image-65909\" srcset=\"https:\/\/jornalfatosenoticias.com.br\/wp-content\/uploads\/2026\/03\/CAETANO-MACHADO_RAFAELE-CE.jpg 1000w, https:\/\/jornalfatosenoticias.com.br\/wp-content\/uploads\/2026\/03\/CAETANO-MACHADO_RAFAELE-CE-300x200.jpg 300w, https:\/\/jornalfatosenoticias.com.br\/wp-content\/uploads\/2026\/03\/CAETANO-MACHADO_RAFAELE-CE-768x511.jpg 768w\" sizes=\"auto, (max-width: 1000px) 100vw, 1000px\" \/><figcaption class=\"wp-element-caption\"><em><mark style=\"background-color:rgba(0, 0, 0, 0)\" class=\"has-inline-color has-black-color\">Caetano Machado, CEO da Mandacaru Energia, e Rafaele C\u00e9, presidente da RedePetro ES (Foto: Jovanny Carvalho)<\/mark><\/em><\/figcaption><\/figure>\n<\/div>\n\n\n<p>A SAMOG.e se consolidou como uma importante ferramenta de aproxima\u00e7\u00e3o comercial, gerando oportunidades de neg\u00f3cios. A feira promoveu conex\u00f5es estrat\u00e9gicas entre empresas, fortalecendo o ambiente de neg\u00f3cios e estimulando novas parcerias no setor. O setor de \u00f3leo e g\u00e1s possui grande relev\u00e2ncia para o desenvolvimento econ\u00f4mico da regi\u00e3o, e os pequenos neg\u00f3cios presentes no evento tiveram a oportunidade de se aproximar de potenciais parceiros, clientes e fornecedores, ampliando suas possibilidades de inser\u00e7\u00e3o e atua\u00e7\u00e3o no mercado.<br>Os desinvestimentos da Petrobras trouxeram ao mercado operadoras independentes de \u00f3leo e g\u00e1s, cujos contratos e sistemas de gest\u00e3o aproximam o empres\u00e1rio local de novas oportunidades. \u00c9 o que destaca <strong>C\u00e1ssio Caldeira,<\/strong> representante norte da RedePetro ES. Para ele a SAMOG.e proporcionou neg\u00f3cios, network e que muitas sementes foram plantadas e certamente frutificar\u00e3o. <em>\u201cPelo potencial que \u00e9 o norte do Estado e por sermos o segundo maior produtor de petr\u00f3leo do pa\u00eds, eventos como este s\u00f3 tem a agregar no desenvolvimento do Esp\u00edrito Santo que, hoje, passa por um momento de transi\u00e7\u00e3o com a sa\u00edda da Petrobras que deixou de produzir petr\u00f3leo onshore e com a chegada das empresas independentes. Isso deixou um espa\u00e7o para novos desafios e, ao mesmo tempo, novas oportunidades, ou seja, estamos vivendo um momento de transforma\u00e7\u00e3o, sai Petrobras do cen\u00e1rio e chegam novas empresas independente e isso muda tudo no cen\u00e1rio produtivo e econ\u00f4mico\u201d<\/em>, frisa.<\/p>\n\n\n<div class=\"wp-block-image\">\n<figure class=\"aligncenter size-full\"><img loading=\"lazy\" decoding=\"async\" width=\"666\" height=\"1000\" src=\"https:\/\/jornalfatosenoticias.com.br\/wp-content\/uploads\/2026\/03\/CASSIO-CALDEIRA.jpg\" alt=\"\" class=\"wp-image-65910\" srcset=\"https:\/\/jornalfatosenoticias.com.br\/wp-content\/uploads\/2026\/03\/CASSIO-CALDEIRA.jpg 666w, https:\/\/jornalfatosenoticias.com.br\/wp-content\/uploads\/2026\/03\/CASSIO-CALDEIRA-200x300.jpg 200w\" sizes=\"auto, (max-width: 666px) 100vw, 666px\" \/><figcaption class=\"wp-element-caption\"><em><mark style=\"background-color:rgba(0, 0, 0, 0)\" class=\"has-inline-color has-black-color\">C\u00e1ssio Caldeira, representante norte da RedePetro ES (Foto: Jovanny Carvalho)<\/mark><\/em><\/figcaption><\/figure>\n<\/div>\n\n\n<p>Representando a Associa\u00e7\u00e3o Brasileira dos Produtores Independentes de Petr\u00f3leo e G\u00e1s (ABPIP), o gerente executivo,<strong> Lucas Lima, <\/strong>foi um dos palestrantes e trouxe dados sobre a import\u00e2ncia dos produtores independentes para o setor. <em>\u201cA ABPIP \u00e9 uma associa\u00e7\u00e3o com quase 20 anos de exist\u00eancia e, desde a primeira edi\u00e7\u00e3o da SAMOG.e, ela sempre se faz presente. A gente entende que o norte do Esp\u00edrito Santo, principalmente quando se fala de produ\u00e7\u00e3o em terra, tem uma grande parcela das empresas independentes. Ent\u00e3o, hoje, 100% da produ\u00e7\u00e3o em terra \u00e9 por empresas independentes de produ\u00e7\u00e3o de petr\u00f3leo e g\u00e1s, empenhando um importante papel como vetor de desenvolvimento socioterritorial. Quanto ao evento, s\u00f3 temos que parabenizar o Rafaele e toda sua equipe pelo bel\u00edssimo trabalho que v\u00eam desenvolvendo \u00e0 frente da RedePetro do Esp\u00edrito Santo\u201d<\/em>, disse.<\/p>\n\n\n<div class=\"wp-block-image\">\n<figure class=\"aligncenter size-full\"><img loading=\"lazy\" decoding=\"async\" width=\"666\" height=\"1000\" src=\"https:\/\/jornalfatosenoticias.com.br\/wp-content\/uploads\/2026\/03\/LUCAS-LIMA.jpg\" alt=\"\" class=\"wp-image-65911\" srcset=\"https:\/\/jornalfatosenoticias.com.br\/wp-content\/uploads\/2026\/03\/LUCAS-LIMA.jpg 666w, https:\/\/jornalfatosenoticias.com.br\/wp-content\/uploads\/2026\/03\/LUCAS-LIMA-200x300.jpg 200w\" sizes=\"auto, (max-width: 666px) 100vw, 666px\" \/><figcaption class=\"wp-element-caption\"><em><mark style=\"background-color:rgba(0, 0, 0, 0)\" class=\"has-inline-color has-black-color\">Gerente executivo da ABPIP, Lucas Lima (Foto: Jovanny Carvalho)<\/mark><\/em><\/figcaption><\/figure>\n<\/div>\n\n\n<p>As perspectivas em torno da cadeia de petr\u00f3leo e g\u00e1s natural movimentam neg\u00f3cios, atraem investimentos e geram boas oportunidades para os investidores, como no setor naval, de log\u00edstica para atendimento \u00e0s atividades de explora\u00e7\u00e3o e produ\u00e7\u00e3o, entre tantas outras. Em 2024, o Esp\u00edrito Santo se tornou o quinto maior produtor de g\u00e1s natural do Brasil, com 3,53 milh\u00f5es de m\u00b3\/dia, segundo o Anu\u00e1rio da Ind\u00fastria do Petr\u00f3leo e G\u00e1s Natural no Esp\u00edrito Santo 2025, feito pelo Observat\u00f3rio da Ind\u00fastria da Findes.<br>Nos \u00faltimos anos, o Esp\u00edrito Santo recebeu investimentos relevantes em explora\u00e7\u00e3o, produ\u00e7\u00e3o e infraestrutura. A proje\u00e7\u00e3o do Anu\u00e1rio da Findes \u00e9 de um crescimento m\u00e9dio anual de 10,4% na produ\u00e7\u00e3o de g\u00e1s natural entre 2024 e 2027, quando o volume dever\u00e1 alcan\u00e7ar cerca de 4,9 milh\u00f5es de m\u00b3\/dia. No cen\u00e1rio entre 2024 e 2030, o crescimento m\u00e9dio anual projetado \u00e9 de 0,3%.<\/p>\n\n\n<div class=\"wp-block-image\">\n<figure class=\"aligncenter size-full\"><img loading=\"lazy\" decoding=\"async\" width=\"840\" height=\"1000\" src=\"https:\/\/jornalfatosenoticias.com.br\/wp-content\/uploads\/2026\/03\/FABIO-BERTOLLO_ES-GAS.jpeg\" alt=\"\" class=\"wp-image-65912\" srcset=\"https:\/\/jornalfatosenoticias.com.br\/wp-content\/uploads\/2026\/03\/FABIO-BERTOLLO_ES-GAS.jpeg 840w, https:\/\/jornalfatosenoticias.com.br\/wp-content\/uploads\/2026\/03\/FABIO-BERTOLLO_ES-GAS-252x300.jpeg 252w, https:\/\/jornalfatosenoticias.com.br\/wp-content\/uploads\/2026\/03\/FABIO-BERTOLLO_ES-GAS-768x914.jpeg 768w\" sizes=\"auto, (max-width: 840px) 100vw, 840px\" \/><figcaption class=\"wp-element-caption\"><em><mark style=\"background-color:rgba(0, 0, 0, 0)\" class=\"has-inline-color has-black-color\">F\u00e1bio Bertollo, diretor-presidente da ES G\u00e1s (Foto: Willians Lima\/A\u00e7o5.0)<\/mark><\/em><\/figcaption><\/figure>\n<\/div>\n\n\n<p>O diretor-presidente da <strong>ES G\u00e1s<\/strong>, do <strong>Grupo Energisa<\/strong>, concession\u00e1ria respons\u00e1vel pela distribui\u00e7\u00e3o do g\u00e1s natural canalizado no Esp\u00edrito Santo, <strong>F\u00e1bio Bertollo<\/strong>, aponta aspectos relevantes da combina\u00e7\u00e3o de fatores estrat\u00e9gicos e estruturais que incentivam o crescimento expressivo do setor no Estado. \u201cJ\u00e1 \u00e9 o segundo evento da RedePetro que a ES G\u00e1s participa, desde que a empresa entrou no Grupo Energisa. Inclusive comentei durante o Painel que a palavra que define o meu estado de esp\u00edrito n\u00e3o \u00e9 impressionado ou surpreso, mas fascinado. Fascinado com esse ecossistema que tem aqui no norte capixaba e pelas oportunidades que surgem a partir deste evento. Participar da SAMOG.e \u00e9 a forma da ES G\u00e1s \u2014 distribuidora de g\u00e1s para o consumidor final no Esp\u00edrito Santo \u2014 se aproximar de toda cadeia produtiva do setor\u201d, afirma.<br>Outra empresa que marcou presen\u00e7a foi a <strong>Cedisa,<\/strong> refer\u00eancia nacional em transformar a\u00e7o em solu\u00e7\u00e3o, fabricando e comercializando uma ampla gama de produtos met\u00e1licos. Representou a empresa o gerente nacional, Francisco Valadares, que destacou a relev\u00e2ncia da feira. \u201cEste evento \u00e9 muito importante para a economia capixaba. O setor de \u00f3leo e g\u00e1s contribui muito para a popula\u00e7\u00e3o e para o crescimento do nosso Estado. \u00c9 um setor que possui demandas muito importantes e espec\u00edficas, que precisa de grande aten\u00e7\u00e3o e atendimento especializado, e a Cedisa \u00e9 um \u00f3timo parceiro e fornecedor para este segmento, pois possui grande capacidade de atend\u00ea-lo com todas as suas especifica\u00e7\u00f5es. Nossa empresa \u00e9 do Esp\u00edrito Santo e n\u00f3s fazemos quest\u00e3o de participar do crescimento e desenvolvimento do estado, por isso, a Cedisa se une ao Rafaele em incont\u00e1veis eventos da RedePetro, trazendo possibilidades de fornecimento de a\u00e7o carbono para poder atender toda a cadeia que consome. Estar presente nesses eventos prestigiando, valorizando e falando a respeito das nossas inova\u00e7\u00f5es para atender ao mercado, \u00e9 uma honra para a Cedisa\u201d, ressalta Francisco.<\/p>\n\n\n<div class=\"wp-block-image\">\n<figure class=\"aligncenter size-full\"><img loading=\"lazy\" decoding=\"async\" width=\"750\" height=\"1000\" src=\"https:\/\/jornalfatosenoticias.com.br\/wp-content\/uploads\/2026\/03\/FRANCISCO_CEDISA.jpeg\" alt=\"\" class=\"wp-image-65913\" srcset=\"https:\/\/jornalfatosenoticias.com.br\/wp-content\/uploads\/2026\/03\/FRANCISCO_CEDISA.jpeg 750w, https:\/\/jornalfatosenoticias.com.br\/wp-content\/uploads\/2026\/03\/FRANCISCO_CEDISA-225x300.jpeg 225w\" sizes=\"auto, (max-width: 750px) 100vw, 750px\" \/><figcaption class=\"wp-element-caption\"><em><mark style=\"background-color:rgba(0, 0, 0, 0)\" class=\"has-inline-color has-black-color\">Francisco Valadares, gerente nacional da Cedisa (Foto: Willians Lima\/A\u00e7o5.0)<\/mark><\/em><\/figcaption><\/figure>\n<\/div>\n\n\n<p><strong>Diogo Medici Poloni,<\/strong> diretor da <strong>Foco Ambiente<\/strong>, tamb\u00e9m destacou a signific\u00e2ncia da feira e as oportunidades de neg\u00f3cios que ela proporcionou. \u201c\u00c9 importante frisar que a SAMOG.e contou com pain\u00e9is t\u00e9cnicos, que possibilitaram uma melhor compreens\u00e3o da realidade e a especificidade da opera\u00e7\u00e3o onshore pelos produtores independentes. A gente entendeu como \u00e9 a opera\u00e7\u00e3o da NBS, da Mandacaru e quais s\u00e3o os desafios que eles t\u00eam nesse mercado de explora\u00e7\u00e3o de \u00f3leo onshore, que s\u00e3o campos maduros e marginais, que n\u00e3o t\u00eam uma produ\u00e7\u00e3o t\u00e3o alta e que demanda uma efici\u00eancia muito grande na opera\u00e7\u00e3o. O evento foi proveitoso para gente conhecer melhor a opera\u00e7\u00e3o e ampliar nossa rede de contatos e de neg\u00f3cios\u201d, aponta.<br>A energia el\u00e9trica \u00e9 a for\u00e7a vital que impulsiona todos os setores da economia moderna e desassociar o desenvolvimento socioecon\u00f4mico do ES e do Brasil do planejamento do futuro da sua matriz energ\u00e9tica \u00e9 uma tarefa praticamente imposs\u00edvel. Desde o funcionamento das ind\u00fastrias e com\u00e9rcio at\u00e9 as atividades cotidianas em resid\u00eancias, nossa depend\u00eancia da eletricidade \u00e9 ineg\u00e1vel. Neste contexto, surge a Mandacaru Energia, empresa reconhecida como uma das principais companhias independentes, especializada na produ\u00e7\u00e3o de petr\u00f3leo e g\u00e1s natural em campos maduros e marginais onshore. \u201cTemos orgulho de contribuir para o desenvolvimento do Brasil por meio de solu\u00e7\u00f5es, trazendo uma nova vis\u00e3o para a explora\u00e7\u00e3o e produ\u00e7\u00e3o de petr\u00f3leo e g\u00e1s natural de forma inovadora, segura e eficiente\u201d, afirma <strong>Caetano Machado,<\/strong> CEO da <strong>Mandacaru Energia.<\/strong><br>Caetano ressalta que a Mandacaru Energia vem atuando no norte do ES desde 2017 e contribuindo para o desenvolvimento da economia local e regional. \u201cEu participei de todos os eventos da RedePetro e s\u00f3 temos que parabenizar toda organiza\u00e7\u00e3o. \u00c9 fundamental a gente continuar discutindo a produ\u00e7\u00e3o dos campos maduros de terra porque geram uma revolu\u00e7\u00e3o social, com os investimentos em empreendimentos e m\u00e3o de obra, girando a economia da cidade, comprando dos pequenos comerciantes, as pequenas fundi\u00e7\u00f5es, o pessoal da usinagem e todo esse pessoal que colabora com a gente. Com isso todos ganham, o poder p\u00fablico e a popula\u00e7\u00e3o como um todo. Ent\u00e3o, quanto mais fizermos eventos como este e falarmos o que fazemos, porque fazemos e como fazemos, mais apoio municipal, estadual e federal n\u00f3s teremos\u201d, explica.<br><em>\u201cO Esp\u00edrito Santo \u00e9 acolhedor, \u00e9 um estado que traz essa facilidade pra gente, tem um fundo soberano, existe uma comiss\u00e3o de petr\u00f3leo na Assembleia Legislativa e isso acolhe os novos empreendedores. Fiquei surpreso com o tamanho do evento e muito feliz de estar aqui mais uma vez e espero voltar nas pr\u00f3ximas\u201d<\/em>, conclui.<\/p>\n\n\n<div class=\"wp-block-image\">\n<figure class=\"aligncenter size-full\"><img loading=\"lazy\" decoding=\"async\" width=\"1000\" height=\"666\" src=\"https:\/\/jornalfatosenoticias.com.br\/wp-content\/uploads\/2026\/03\/SAMOG.e2.jpg\" alt=\"\" class=\"wp-image-65915\" srcset=\"https:\/\/jornalfatosenoticias.com.br\/wp-content\/uploads\/2026\/03\/SAMOG.e2.jpg 1000w, https:\/\/jornalfatosenoticias.com.br\/wp-content\/uploads\/2026\/03\/SAMOG.e2-300x200.jpg 300w, https:\/\/jornalfatosenoticias.com.br\/wp-content\/uploads\/2026\/03\/SAMOG.e2-768x511.jpg 768w\" sizes=\"auto, (max-width: 1000px) 100vw, 1000px\" \/><figcaption class=\"wp-element-caption\"><em><mark style=\"background-color:rgba(0, 0, 0, 0)\" class=\"has-inline-color has-black-color\">(Foto: Jovanny Carvalho)<\/mark><\/em><\/figcaption><\/figure>\n<\/div>\n\n\n<p>Representando o Sindicato das Ind\u00fastrias Metal\u00fargicas e de Material El\u00e9trico do Estado do Esp\u00edrito Santo (SindiferES), o presidente Luiz Alberto Carvalho, ressaltou que a realiza\u00e7\u00e3o da SAMOG.e foi um momento extremamente importante para o norte capixaba. \u201cAqui est\u00e1 concentrada grande parte da extra\u00e7\u00e3o de petr\u00f3leo onshore. Por isso entendemos que esse evento representa os interesses da ind\u00fastria e do com\u00e9rcio, gerando empregos, impostos e tecnologias. Quanto \u00e0 participa\u00e7\u00e3o do SindiferES, \u00e9 uma entidade que, h\u00e1 55 anos, vem representando o setor metalomec\u00e2nico e el\u00e9trico, que fazem parte da cadeia do petr\u00f3leo e, por isso, o Sindifer est\u00e1 sempre presente contribuindo para o desenvolvimento social e econ\u00f4mico do Esp\u00edrito Santo\u201d, enaltece.<\/p>\n","protected":false},"excerpt":{"rendered":"<p>Realizada em 4 e 5 de mar\u00e7o, a SAMOG.e superou as expectativas registrando recorde de visita\u00e7\u00e3o e um volume expressivo de transa\u00e7\u00f5es comerciais Por Haroldo Filho, Luzimara Fernandes, Milena Rohr e Willians Lima A RedePetro ES realiza, desde 2023, o Semin\u00e1rio de \u00d3leo, G\u00e1s e Energia no Norte Capixaba, reunindo operadoras independentes e empresas de [&hellip;]<\/p>\n","protected":false},"author":2,"featured_media":65914,"comment_status":"open","ping_status":"open","sticky":false,"template":"","format":"standard","meta":{"footnotes":""},"categories":[29598],"tags":[29988,29987,29856,29985,29986,2539,27297,27790,8056,29990,3390,27791,29984,27847,29989,20516,310,29991,25420,29761,29857,6574],"class_list":["post-65908","post","type-post","status-publish","format-standard","has-post-thumbnail","hentry","category-petroleo-gas-energia","tag-abpip","tag-caetano-machado","tag-cassio-caldeira","tag-cedisa","tag-diogo-medici-poloni","tag-energia","tag-es-gas","tag-fabio-bertollo","tag-feira","tag-foco-ambiente","tag-gas","tag-grupo-energisa","tag-lucas-lima","tag-luiz-alberto-carvalho","tag-mandacaru-energia","tag-norte-capixaba","tag-oleo","tag-petroleo-onshore","tag-rafaele-ce","tag-redepetro-es","tag-samog-e","tag-sao-mateus"],"yoast_head":"<!-- This site is optimized with the Yoast SEO plugin v26.5 - https:\/\/yoast.com\/wordpress\/plugins\/seo\/ -->\n<title>Primeira feira de \u00f3leo, g\u00e1s e energia do norte capixaba foi um sucesso - Jornal Fatos e Not\u00edcias<\/title>\n<meta name=\"robots\" content=\"index, follow, max-snippet:-1, max-image-preview:large, max-video-preview:-1\" \/>\n<link rel=\"canonical\" href=\"https:\/\/jornalfatosenoticias.com.br\/index.php\/2026\/03\/13\/primeira-feira-de-oleo-gas-e-energia-do-norte-capixaba-foi-um-sucesso\/\" \/>\n<meta property=\"og:locale\" content=\"pt_BR\" \/>\n<meta property=\"og:type\" content=\"article\" \/>\n<meta property=\"og:title\" content=\"Primeira feira de \u00f3leo, g\u00e1s e energia do norte capixaba foi um sucesso - Jornal Fatos e Not\u00edcias\" \/>\n<meta property=\"og:description\" content=\"Realizada em 4 e 5 de mar\u00e7o, a SAMOG.e superou as expectativas registrando recorde de visita\u00e7\u00e3o e um volume expressivo de transa\u00e7\u00f5es comerciais Por Haroldo Filho, Luzimara Fernandes, Milena Rohr e Willians Lima A RedePetro ES realiza, desde 2023, o Semin\u00e1rio de \u00d3leo, G\u00e1s e Energia no Norte Capixaba, reunindo operadoras independentes e empresas de [&hellip;]\" \/>\n<meta property=\"og:url\" content=\"https:\/\/jornalfatosenoticias.com.br\/index.php\/2026\/03\/13\/primeira-feira-de-oleo-gas-e-energia-do-norte-capixaba-foi-um-sucesso\/\" \/>\n<meta property=\"og:site_name\" content=\"Jornal Fatos e Not\u00edcias\" \/>\n<meta property=\"article:published_time\" content=\"2026-03-13T18:00:18+00:00\" \/>\n<meta property=\"article:modified_time\" content=\"2026-03-13T18:00:20+00:00\" \/>\n<meta property=\"og:image\" content=\"https:\/\/jornalfatosenoticias.com.br\/wp-content\/uploads\/2026\/03\/SAMOG.e.jpg\" \/>\n\t<meta property=\"og:image:width\" content=\"1000\" \/>\n\t<meta property=\"og:image:height\" content=\"666\" \/>\n\t<meta property=\"og:image:type\" content=\"image\/jpeg\" \/>\n<meta name=\"author\" content=\"Luzimara Fernandes\" \/>\n<meta name=\"twitter:card\" content=\"summary_large_image\" \/>\n<meta name=\"twitter:label1\" content=\"Escrito por\" \/>\n\t<meta name=\"twitter:data1\" content=\"Luzimara Fernandes\" \/>\n\t<meta name=\"twitter:label2\" content=\"Est. tempo de leitura\" \/>\n\t<meta name=\"twitter:data2\" content=\"11 minutos\" \/>\n<script type=\"application\/ld+json\" class=\"yoast-schema-graph\">{\"@context\":\"https:\/\/schema.org\",\"@graph\":[{\"@type\":\"Article\",\"@id\":\"https:\/\/jornalfatosenoticias.com.br\/index.php\/2026\/03\/13\/primeira-feira-de-oleo-gas-e-energia-do-norte-capixaba-foi-um-sucesso\/#article\",\"isPartOf\":{\"@id\":\"https:\/\/jornalfatosenoticias.com.br\/index.php\/2026\/03\/13\/primeira-feira-de-oleo-gas-e-energia-do-norte-capixaba-foi-um-sucesso\/\"},\"author\":{\"name\":\"Luzimara Fernandes\",\"@id\":\"https:\/\/jornalfatosenoticias.com.br\/#\/schema\/person\/d63837fa13ac8666eb9e74e0985d6f81\"},\"headline\":\"Primeira feira de \u00f3leo, g\u00e1s e energia do norte capixaba foi um sucesso\",\"datePublished\":\"2026-03-13T18:00:18+00:00\",\"dateModified\":\"2026-03-13T18:00:20+00:00\",\"mainEntityOfPage\":{\"@id\":\"https:\/\/jornalfatosenoticias.com.br\/index.php\/2026\/03\/13\/primeira-feira-de-oleo-gas-e-energia-do-norte-capixaba-foi-um-sucesso\/\"},\"wordCount\":1876,\"commentCount\":0,\"publisher\":{\"@id\":\"https:\/\/jornalfatosenoticias.com.br\/#organization\"},\"image\":{\"@id\":\"https:\/\/jornalfatosenoticias.com.br\/index.php\/2026\/03\/13\/primeira-feira-de-oleo-gas-e-energia-do-norte-capixaba-foi-um-sucesso\/#primaryimage\"},\"thumbnailUrl\":\"https:\/\/jornalfatosenoticias.com.br\/wp-content\/uploads\/2026\/03\/SAMOG.e.jpg\",\"keywords\":[\"ABPIP\",\"Caetano Machado\",\"C\u00e1ssio Caldeira\",\"Cedisa\",\"Diogo Medici Poloni\",\"energia\",\"ES G\u00e1s\",\"F\u00e1bio Bertollo\",\"feira\",\"Foco Ambiente\",\"g\u00e1s\",\"Grupo Energisa\",\"Lucas Lima\",\"Luiz Alberto Carvalho\",\"Mandacaru Energia\",\"norte capixaba\",\"\u00f3leo\",\"petr\u00f3leo onshore\",\"Rafaele C\u00e9\",\"RedePetro ES\",\"SAMOG.e\",\"S\u00e3o Mateus\"],\"articleSection\":[\"Petr\u00f3leo, G\u00e1s &amp; Energia\"],\"inLanguage\":\"pt-BR\",\"potentialAction\":[{\"@type\":\"CommentAction\",\"name\":\"Comment\",\"target\":[\"https:\/\/jornalfatosenoticias.com.br\/index.php\/2026\/03\/13\/primeira-feira-de-oleo-gas-e-energia-do-norte-capixaba-foi-um-sucesso\/#respond\"]}]},{\"@type\":\"WebPage\",\"@id\":\"https:\/\/jornalfatosenoticias.com.br\/index.php\/2026\/03\/13\/primeira-feira-de-oleo-gas-e-energia-do-norte-capixaba-foi-um-sucesso\/\",\"url\":\"https:\/\/jornalfatosenoticias.com.br\/index.php\/2026\/03\/13\/primeira-feira-de-oleo-gas-e-energia-do-norte-capixaba-foi-um-sucesso\/\",\"name\":\"Primeira feira de \u00f3leo, g\u00e1s e energia do norte capixaba foi um sucesso - Jornal Fatos e Not\u00edcias\",\"isPartOf\":{\"@id\":\"https:\/\/jornalfatosenoticias.com.br\/#website\"},\"primaryImageOfPage\":{\"@id\":\"https:\/\/jornalfatosenoticias.com.br\/index.php\/2026\/03\/13\/primeira-feira-de-oleo-gas-e-energia-do-norte-capixaba-foi-um-sucesso\/#primaryimage\"},\"image\":{\"@id\":\"https:\/\/jornalfatosenoticias.com.br\/index.php\/2026\/03\/13\/primeira-feira-de-oleo-gas-e-energia-do-norte-capixaba-foi-um-sucesso\/#primaryimage\"},\"thumbnailUrl\":\"https:\/\/jornalfatosenoticias.com.br\/wp-content\/uploads\/2026\/03\/SAMOG.e.jpg\",\"datePublished\":\"2026-03-13T18:00:18+00:00\",\"dateModified\":\"2026-03-13T18:00:20+00:00\",\"breadcrumb\":{\"@id\":\"https:\/\/jornalfatosenoticias.com.br\/index.php\/2026\/03\/13\/primeira-feira-de-oleo-gas-e-energia-do-norte-capixaba-foi-um-sucesso\/#breadcrumb\"},\"inLanguage\":\"pt-BR\",\"potentialAction\":[{\"@type\":\"ReadAction\",\"target\":[\"https:\/\/jornalfatosenoticias.com.br\/index.php\/2026\/03\/13\/primeira-feira-de-oleo-gas-e-energia-do-norte-capixaba-foi-um-sucesso\/\"]}]},{\"@type\":\"ImageObject\",\"inLanguage\":\"pt-BR\",\"@id\":\"https:\/\/jornalfatosenoticias.com.br\/index.php\/2026\/03\/13\/primeira-feira-de-oleo-gas-e-energia-do-norte-capixaba-foi-um-sucesso\/#primaryimage\",\"url\":\"https:\/\/jornalfatosenoticias.com.br\/wp-content\/uploads\/2026\/03\/SAMOG.e.jpg\",\"contentUrl\":\"https:\/\/jornalfatosenoticias.com.br\/wp-content\/uploads\/2026\/03\/SAMOG.e.jpg\",\"width\":1000,\"height\":666},{\"@type\":\"BreadcrumbList\",\"@id\":\"https:\/\/jornalfatosenoticias.com.br\/index.php\/2026\/03\/13\/primeira-feira-de-oleo-gas-e-energia-do-norte-capixaba-foi-um-sucesso\/#breadcrumb\",\"itemListElement\":[{\"@type\":\"ListItem\",\"position\":1,\"name\":\"In\u00edcio\",\"item\":\"https:\/\/jornalfatosenoticias.com.br\/\"},{\"@type\":\"ListItem\",\"position\":2,\"name\":\"Primeira feira de \u00f3leo, g\u00e1s e energia do norte capixaba foi um sucesso\"}]},{\"@type\":\"WebSite\",\"@id\":\"https:\/\/jornalfatosenoticias.com.br\/#website\",\"url\":\"https:\/\/jornalfatosenoticias.com.br\/\",\"name\":\"Jornal Fatos e Not\u00edcias\",\"description\":\"Not\u00edcias em geral\",\"publisher\":{\"@id\":\"https:\/\/jornalfatosenoticias.com.br\/#organization\"},\"potentialAction\":[{\"@type\":\"SearchAction\",\"target\":{\"@type\":\"EntryPoint\",\"urlTemplate\":\"https:\/\/jornalfatosenoticias.com.br\/?s={search_term_string}\"},\"query-input\":{\"@type\":\"PropertyValueSpecification\",\"valueRequired\":true,\"valueName\":\"search_term_string\"}}],\"inLanguage\":\"pt-BR\"},{\"@type\":\"Organization\",\"@id\":\"https:\/\/jornalfatosenoticias.com.br\/#organization\",\"name\":\"Jornal Fatos e Not\u00edcias\",\"url\":\"https:\/\/jornalfatosenoticias.com.br\/\",\"logo\":{\"@type\":\"ImageObject\",\"inLanguage\":\"pt-BR\",\"@id\":\"https:\/\/jornalfatosenoticias.com.br\/#\/schema\/logo\/image\/\",\"url\":\"https:\/\/jornalfatosenoticias.com.br\/wp-content\/uploads\/2020\/02\/logo120.png\",\"contentUrl\":\"https:\/\/jornalfatosenoticias.com.br\/wp-content\/uploads\/2020\/02\/logo120.png\",\"width\":1227,\"height\":120,\"caption\":\"Jornal Fatos e Not\u00edcias\"},\"image\":{\"@id\":\"https:\/\/jornalfatosenoticias.com.br\/#\/schema\/logo\/image\/\"}},{\"@type\":\"Person\",\"@id\":\"https:\/\/jornalfatosenoticias.com.br\/#\/schema\/person\/d63837fa13ac8666eb9e74e0985d6f81\",\"name\":\"Luzimara Fernandes\",\"image\":{\"@type\":\"ImageObject\",\"inLanguage\":\"pt-BR\",\"@id\":\"https:\/\/jornalfatosenoticias.com.br\/#\/schema\/person\/image\/\",\"url\":\"https:\/\/jornalfatosenoticias.com.br\/wp-content\/uploads\/2025\/05\/EU_portal.jpg\",\"contentUrl\":\"https:\/\/jornalfatosenoticias.com.br\/wp-content\/uploads\/2025\/05\/EU_portal.jpg\",\"caption\":\"Luzimara Fernandes\"},\"description\":\"Jornalista MTB 2358-ES\",\"sameAs\":[\"https:\/\/jornalfatosenoticias.com.br\"],\"url\":\"https:\/\/jornalfatosenoticias.com.br\/index.php\/author\/luzimara\/\"}]}<\/script>\n<!-- \/ Yoast SEO plugin. -->","yoast_head_json":{"title":"Primeira feira de \u00f3leo, g\u00e1s e energia do norte capixaba foi um sucesso - Jornal Fatos e Not\u00edcias","robots":{"index":"index","follow":"follow","max-snippet":"max-snippet:-1","max-image-preview":"max-image-preview:large","max-video-preview":"max-video-preview:-1"},"canonical":"https:\/\/jornalfatosenoticias.com.br\/index.php\/2026\/03\/13\/primeira-feira-de-oleo-gas-e-energia-do-norte-capixaba-foi-um-sucesso\/","og_locale":"pt_BR","og_type":"article","og_title":"Primeira feira de \u00f3leo, g\u00e1s e energia do norte capixaba foi um sucesso - Jornal Fatos e Not\u00edcias","og_description":"Realizada em 4 e 5 de mar\u00e7o, a SAMOG.e superou as expectativas registrando recorde de visita\u00e7\u00e3o e um volume expressivo de transa\u00e7\u00f5es comerciais Por Haroldo Filho, Luzimara Fernandes, Milena Rohr e Willians Lima A RedePetro ES realiza, desde 2023, o Semin\u00e1rio de \u00d3leo, G\u00e1s e Energia no Norte Capixaba, reunindo operadoras independentes e empresas de [&hellip;]","og_url":"https:\/\/jornalfatosenoticias.com.br\/index.php\/2026\/03\/13\/primeira-feira-de-oleo-gas-e-energia-do-norte-capixaba-foi-um-sucesso\/","og_site_name":"Jornal Fatos e Not\u00edcias","article_published_time":"2026-03-13T18:00:18+00:00","article_modified_time":"2026-03-13T18:00:20+00:00","og_image":[{"width":1000,"height":666,"url":"https:\/\/jornalfatosenoticias.com.br\/wp-content\/uploads\/2026\/03\/SAMOG.e.jpg","type":"image\/jpeg"}],"author":"Luzimara Fernandes","twitter_card":"summary_large_image","twitter_misc":{"Escrito por":"Luzimara Fernandes","Est. tempo de leitura":"11 minutos"},"schema":{"@context":"https:\/\/schema.org","@graph":[{"@type":"Article","@id":"https:\/\/jornalfatosenoticias.com.br\/index.php\/2026\/03\/13\/primeira-feira-de-oleo-gas-e-energia-do-norte-capixaba-foi-um-sucesso\/#article","isPartOf":{"@id":"https:\/\/jornalfatosenoticias.com.br\/index.php\/2026\/03\/13\/primeira-feira-de-oleo-gas-e-energia-do-norte-capixaba-foi-um-sucesso\/"},"author":{"name":"Luzimara Fernandes","@id":"https:\/\/jornalfatosenoticias.com.br\/#\/schema\/person\/d63837fa13ac8666eb9e74e0985d6f81"},"headline":"Primeira feira de \u00f3leo, g\u00e1s e energia do norte capixaba foi um sucesso","datePublished":"2026-03-13T18:00:18+00:00","dateModified":"2026-03-13T18:00:20+00:00","mainEntityOfPage":{"@id":"https:\/\/jornalfatosenoticias.com.br\/index.php\/2026\/03\/13\/primeira-feira-de-oleo-gas-e-energia-do-norte-capixaba-foi-um-sucesso\/"},"wordCount":1876,"commentCount":0,"publisher":{"@id":"https:\/\/jornalfatosenoticias.com.br\/#organization"},"image":{"@id":"https:\/\/jornalfatosenoticias.com.br\/index.php\/2026\/03\/13\/primeira-feira-de-oleo-gas-e-energia-do-norte-capixaba-foi-um-sucesso\/#primaryimage"},"thumbnailUrl":"https:\/\/jornalfatosenoticias.com.br\/wp-content\/uploads\/2026\/03\/SAMOG.e.jpg","keywords":["ABPIP","Caetano Machado","C\u00e1ssio Caldeira","Cedisa","Diogo Medici Poloni","energia","ES G\u00e1s","F\u00e1bio Bertollo","feira","Foco Ambiente","g\u00e1s","Grupo Energisa","Lucas Lima","Luiz Alberto Carvalho","Mandacaru Energia","norte capixaba","\u00f3leo","petr\u00f3leo onshore","Rafaele C\u00e9","RedePetro ES","SAMOG.e","S\u00e3o Mateus"],"articleSection":["Petr\u00f3leo, G\u00e1s &amp; Energia"],"inLanguage":"pt-BR","potentialAction":[{"@type":"CommentAction","name":"Comment","target":["https:\/\/jornalfatosenoticias.com.br\/index.php\/2026\/03\/13\/primeira-feira-de-oleo-gas-e-energia-do-norte-capixaba-foi-um-sucesso\/#respond"]}]},{"@type":"WebPage","@id":"https:\/\/jornalfatosenoticias.com.br\/index.php\/2026\/03\/13\/primeira-feira-de-oleo-gas-e-energia-do-norte-capixaba-foi-um-sucesso\/","url":"https:\/\/jornalfatosenoticias.com.br\/index.php\/2026\/03\/13\/primeira-feira-de-oleo-gas-e-energia-do-norte-capixaba-foi-um-sucesso\/","name":"Primeira feira de \u00f3leo, g\u00e1s e energia do norte capixaba foi um sucesso - Jornal Fatos e Not\u00edcias","isPartOf":{"@id":"https:\/\/jornalfatosenoticias.com.br\/#website"},"primaryImageOfPage":{"@id":"https:\/\/jornalfatosenoticias.com.br\/index.php\/2026\/03\/13\/primeira-feira-de-oleo-gas-e-energia-do-norte-capixaba-foi-um-sucesso\/#primaryimage"},"image":{"@id":"https:\/\/jornalfatosenoticias.com.br\/index.php\/2026\/03\/13\/primeira-feira-de-oleo-gas-e-energia-do-norte-capixaba-foi-um-sucesso\/#primaryimage"},"thumbnailUrl":"https:\/\/jornalfatosenoticias.com.br\/wp-content\/uploads\/2026\/03\/SAMOG.e.jpg","datePublished":"2026-03-13T18:00:18+00:00","dateModified":"2026-03-13T18:00:20+00:00","breadcrumb":{"@id":"https:\/\/jornalfatosenoticias.com.br\/index.php\/2026\/03\/13\/primeira-feira-de-oleo-gas-e-energia-do-norte-capixaba-foi-um-sucesso\/#breadcrumb"},"inLanguage":"pt-BR","potentialAction":[{"@type":"ReadAction","target":["https:\/\/jornalfatosenoticias.com.br\/index.php\/2026\/03\/13\/primeira-feira-de-oleo-gas-e-energia-do-norte-capixaba-foi-um-sucesso\/"]}]},{"@type":"ImageObject","inLanguage":"pt-BR","@id":"https:\/\/jornalfatosenoticias.com.br\/index.php\/2026\/03\/13\/primeira-feira-de-oleo-gas-e-energia-do-norte-capixaba-foi-um-sucesso\/#primaryimage","url":"https:\/\/jornalfatosenoticias.com.br\/wp-content\/uploads\/2026\/03\/SAMOG.e.jpg","contentUrl":"https:\/\/jornalfatosenoticias.com.br\/wp-content\/uploads\/2026\/03\/SAMOG.e.jpg","width":1000,"height":666},{"@type":"BreadcrumbList","@id":"https:\/\/jornalfatosenoticias.com.br\/index.php\/2026\/03\/13\/primeira-feira-de-oleo-gas-e-energia-do-norte-capixaba-foi-um-sucesso\/#breadcrumb","itemListElement":[{"@type":"ListItem","position":1,"name":"In\u00edcio","item":"https:\/\/jornalfatosenoticias.com.br\/"},{"@type":"ListItem","position":2,"name":"Primeira feira de \u00f3leo, g\u00e1s e energia do norte capixaba foi um sucesso"}]},{"@type":"WebSite","@id":"https:\/\/jornalfatosenoticias.com.br\/#website","url":"https:\/\/jornalfatosenoticias.com.br\/","name":"Jornal Fatos e Not\u00edcias","description":"Not\u00edcias em geral","publisher":{"@id":"https:\/\/jornalfatosenoticias.com.br\/#organization"},"potentialAction":[{"@type":"SearchAction","target":{"@type":"EntryPoint","urlTemplate":"https:\/\/jornalfatosenoticias.com.br\/?s={search_term_string}"},"query-input":{"@type":"PropertyValueSpecification","valueRequired":true,"valueName":"search_term_string"}}],"inLanguage":"pt-BR"},{"@type":"Organization","@id":"https:\/\/jornalfatosenoticias.com.br\/#organization","name":"Jornal Fatos e Not\u00edcias","url":"https:\/\/jornalfatosenoticias.com.br\/","logo":{"@type":"ImageObject","inLanguage":"pt-BR","@id":"https:\/\/jornalfatosenoticias.com.br\/#\/schema\/logo\/image\/","url":"https:\/\/jornalfatosenoticias.com.br\/wp-content\/uploads\/2020\/02\/logo120.png","contentUrl":"https:\/\/jornalfatosenoticias.com.br\/wp-content\/uploads\/2020\/02\/logo120.png","width":1227,"height":120,"caption":"Jornal Fatos e Not\u00edcias"},"image":{"@id":"https:\/\/jornalfatosenoticias.com.br\/#\/schema\/logo\/image\/"}},{"@type":"Person","@id":"https:\/\/jornalfatosenoticias.com.br\/#\/schema\/person\/d63837fa13ac8666eb9e74e0985d6f81","name":"Luzimara Fernandes","image":{"@type":"ImageObject","inLanguage":"pt-BR","@id":"https:\/\/jornalfatosenoticias.com.br\/#\/schema\/person\/image\/","url":"https:\/\/jornalfatosenoticias.com.br\/wp-content\/uploads\/2025\/05\/EU_portal.jpg","contentUrl":"https:\/\/jornalfatosenoticias.com.br\/wp-content\/uploads\/2025\/05\/EU_portal.jpg","caption":"Luzimara Fernandes"},"description":"Jornalista MTB 2358-ES","sameAs":["https:\/\/jornalfatosenoticias.com.br"],"url":"https:\/\/jornalfatosenoticias.com.br\/index.php\/author\/luzimara\/"}]}},"cc_featured_image_caption":{"caption_text":"(Foto: Jovanny Carvalho)","source_text":"","source_url":""},"jetpack_featured_media_url":"https:\/\/jornalfatosenoticias.com.br\/wp-content\/uploads\/2026\/03\/SAMOG.e.jpg","_links":{"self":[{"href":"https:\/\/jornalfatosenoticias.com.br\/index.php\/wp-json\/wp\/v2\/posts\/65908","targetHints":{"allow":["GET"]}}],"collection":[{"href":"https:\/\/jornalfatosenoticias.com.br\/index.php\/wp-json\/wp\/v2\/posts"}],"about":[{"href":"https:\/\/jornalfatosenoticias.com.br\/index.php\/wp-json\/wp\/v2\/types\/post"}],"author":[{"embeddable":true,"href":"https:\/\/jornalfatosenoticias.com.br\/index.php\/wp-json\/wp\/v2\/users\/2"}],"replies":[{"embeddable":true,"href":"https:\/\/jornalfatosenoticias.com.br\/index.php\/wp-json\/wp\/v2\/comments?post=65908"}],"version-history":[{"count":1,"href":"https:\/\/jornalfatosenoticias.com.br\/index.php\/wp-json\/wp\/v2\/posts\/65908\/revisions"}],"predecessor-version":[{"id":65916,"href":"https:\/\/jornalfatosenoticias.com.br\/index.php\/wp-json\/wp\/v2\/posts\/65908\/revisions\/65916"}],"wp:featuredmedia":[{"embeddable":true,"href":"https:\/\/jornalfatosenoticias.com.br\/index.php\/wp-json\/wp\/v2\/media\/65914"}],"wp:attachment":[{"href":"https:\/\/jornalfatosenoticias.com.br\/index.php\/wp-json\/wp\/v2\/media?parent=65908"}],"wp:term":[{"taxonomy":"category","embeddable":true,"href":"https:\/\/jornalfatosenoticias.com.br\/index.php\/wp-json\/wp\/v2\/categories?post=65908"},{"taxonomy":"post_tag","embeddable":true,"href":"https:\/\/jornalfatosenoticias.com.br\/index.php\/wp-json\/wp\/v2\/tags?post=65908"}],"curies":[{"name":"wp","href":"https:\/\/api.w.org\/{rel}","templated":true}]}}