{"id":65926,"date":"2026-03-16T14:24:21","date_gmt":"2026-03-16T17:24:21","guid":{"rendered":"https:\/\/jornalfatosenoticias.com.br\/?p=65926"},"modified":"2026-03-16T14:24:23","modified_gmt":"2026-03-16T17:24:23","slug":"planta-carnivora-rara-e-vista-pela-primeira-vez-no-nordeste","status":"publish","type":"post","link":"https:\/\/jornalfatosenoticias.com.br\/index.php\/2026\/03\/16\/planta-carnivora-rara-e-vista-pela-primeira-vez-no-nordeste\/","title":{"rendered":"Planta carn\u00edvora rara \u00e9 vista pela primeira vez no Nordeste"},"content":{"rendered":"\n<p><em><mark style=\"background-color:rgba(0, 0, 0, 0)\" class=\"has-inline-color has-black-color\">Esp\u00e9cie de planta aqu\u00e1tica Utricularia warmingii, sem registros em algumas regi\u00f5es h\u00e1 mais de 80 anos, foi encontrada no Cerrado<\/mark><\/em><\/p>\n\n\n\n<p><mark style=\"background-color:rgba(0, 0, 0, 0)\" class=\"has-inline-color has-black-color\">Por <strong><a href=\"https:\/\/aventurasnahistoria.com.br\/noticias\/author\/felipesales\">Felipe Sales Gomes<\/a><\/strong><\/mark><\/p>\n\n\n\n<p>Uma <mark>esp\u00e9cie rara de planta carn\u00edvora aqu\u00e1tica<\/mark>\u00a0foi registrada pela primeira vez no\u00a0<a href=\"https:\/\/aventurasnahistoria.com.br\/noticias\/reportagem\/os-misterios-em-torno-da-morte-de-lampiao-e-maria-bonita.phtml\">Nordeste do Brasil<\/a>. A descoberta ocorreu no munic\u00edpio de Campo Maior, no Piau\u00ed, durante um levantamento cient\u00edfico de plantas aqu\u00e1ticas realizado em 2023 por pesquisadores da Universidade Federal do Piau\u00ed (UFPI), com participa\u00e7\u00e3o do Instituto Nacional da Mata Atl\u00e2ntica (INMA). O registro amplia o conhecimento sobre a distribui\u00e7\u00e3o da esp\u00e9cie e acende um alerta para sua conserva\u00e7\u00e3o.<br>A planta identificada \u00e9 a <em>Utricularia warmingii<\/em>, pertencente \u00e0 fam\u00edlia Lentibulariaceae. Diferentemente de plantas carn\u00edvoras mais conhecidas, que vivem em terra firme, essa esp\u00e9cie permanece submersa em \u00e1guas rasas e mede apenas cerca de seis cent\u00edmetros de altura. Para capturar alimento, ela utiliza\u00a0<mark>estruturas microsc\u00f3picas chamadas utr\u00edculos<\/mark> \u2014 pequenas armadilhas capazes de aprisionar organismos aqu\u00e1ticos min\u00fasculos. Suas flores, brancas com tons de amarelo e vermelho, surgem em uma haste inflada com ar que permite \u00e0 planta flutuar na superf\u00edcie.<\/p>\n\n\n<div class=\"wp-block-image\">\n<figure class=\"aligncenter size-full is-resized\"><a href=\"https:\/\/www.origestaofinanceira.com.br\/\"><img loading=\"lazy\" decoding=\"async\" width=\"841\" height=\"881\" src=\"https:\/\/jornalfatosenoticias.com.br\/wp-content\/uploads\/2020\/02\/Ori-Gestao-Financeira.jpeg\" alt=\"\" class=\"wp-image-64779\" style=\"aspect-ratio:0.9546132537822288;width:309px;height:auto\" srcset=\"https:\/\/jornalfatosenoticias.com.br\/wp-content\/uploads\/2020\/02\/Ori-Gestao-Financeira.jpeg 841w, https:\/\/jornalfatosenoticias.com.br\/wp-content\/uploads\/2020\/02\/Ori-Gestao-Financeira-286x300.jpeg 286w, https:\/\/jornalfatosenoticias.com.br\/wp-content\/uploads\/2020\/02\/Ori-Gestao-Financeira-768x805.jpeg 768w\" sizes=\"auto, (max-width: 841px) 100vw, 841px\" \/><\/a><\/figure>\n<\/div>\n\n\n<p><strong><mark style=\"background-color:rgba(0, 0, 0, 0)\" class=\"has-inline-color has-vivid-green-cyan-color\">Planta rara<br><\/mark><\/strong>Embora a esp\u00e9cie exista em outros pa\u00edses da <a href=\"https:\/\/aventurasnahistoria.com.br\/noticias\/historia-hoje\/javier-milei-compartilha-mapa-da-america-do-sul-que-mostra-brasil-como-favela.phtml\">Am\u00e9rica do Sul<\/a>, como Bol\u00edvia, Col\u00f4mbia e Venezuela,\u00a0<mark>seus registros s\u00e3o raros e bastante espa\u00e7ados<\/mark>. No Brasil, havia ocorr\u00eancias anteriores no Pantanal e em regi\u00f5es do Sudeste, mas algumas dessas popula\u00e7\u00f5es podem ter desaparecido ao longo do tempo. Em S\u00e3o Paulo, por exemplo, n\u00e3o h\u00e1 registros da planta desde 1939, o que indica a possibilidade de extin\u00e7\u00e3o local. J\u00e1 em Minas Gerais, onde a esp\u00e9cie foi descrita cientificamente em 1877, tamb\u00e9m n\u00e3o h\u00e1 registros recentes confirmados.<br>Os pesquisadores alertam que a descoberta, embora importante, revela tamb\u00e9m a <mark>vulnerabilidade da planta<\/mark>. At\u00e9 agora, a popula\u00e7\u00e3o identificada no\u00a0<a href=\"https:\/\/aventurasnahistoria.com.br\/noticias\/historia-hoje\/foto-rara-revela-visita-da-familia-imperial-ao-piaui-nos-anos-1920.phtml\">Piau\u00ed<\/a> parece estar restrita a um \u00fanico local, e novas buscas na regi\u00e3o n\u00e3o encontraram outros exemplares. A \u00e1rea total ocupada pela esp\u00e9cie no Brasil \u00e9 estimada em cerca de 36 km\u00b2, o que refor\u00e7a sua fragilidade diante de mudan\u00e7as ambientais.<br>Ambientes como lagoas rasas e \u00e1reas alagadas tempor\u00e1rias \u2014 onde a planta se desenvolve \u2014 est\u00e3o <mark>entre os ecossistemas mais amea\u00e7ados do planeta<\/mark>. Altera\u00e7\u00f5es no regime de cheias, expans\u00e3o agropecu\u00e1ria, uso de fertilizantes, introdu\u00e7\u00e3o de esp\u00e9cies invasoras e transforma\u00e7\u00f5es na paisagem podem afetar diretamente a qualidade da \u00e1gua e comprometer a sobreviv\u00eancia dessas plantas altamente especializadas.<\/p>\n\n\n<div class=\"wp-block-image\">\n<figure class=\"aligncenter size-full\"><img loading=\"lazy\" decoding=\"async\" width=\"1000\" height=\"666\" src=\"https:\/\/jornalfatosenoticias.com.br\/wp-content\/uploads\/2026\/03\/planta-carnivora-Nordeste_IA.jpg\" alt=\"\" class=\"wp-image-65927\" srcset=\"https:\/\/jornalfatosenoticias.com.br\/wp-content\/uploads\/2026\/03\/planta-carnivora-Nordeste_IA.jpg 1000w, https:\/\/jornalfatosenoticias.com.br\/wp-content\/uploads\/2026\/03\/planta-carnivora-Nordeste_IA-300x200.jpg 300w, https:\/\/jornalfatosenoticias.com.br\/wp-content\/uploads\/2026\/03\/planta-carnivora-Nordeste_IA-768x511.jpg 768w\" sizes=\"auto, (max-width: 1000px) 100vw, 1000px\" \/><figcaption class=\"wp-element-caption\"><em><mark style=\"background-color:rgba(0, 0, 0, 0)\" class=\"has-inline-color has-black-color\">Utricularia warmingii (Imagem: IA)<\/mark><\/em><\/figcaption><\/figure>\n<\/div>\n\n\n<p><strong>Fonte: <a href=\"https:\/\/aventurasnahistoria.com.br\/noticias\/historia-hoje\/planta-carnivora-rara-e-vista-pela-primeira-vez-no-nordeste.phtml\">Aventuras na Hist\u00f3ria<\/a><\/strong><\/p>\n","protected":false},"excerpt":{"rendered":"<p>Esp\u00e9cie de planta aqu\u00e1tica Utricularia warmingii, sem registros em algumas regi\u00f5es h\u00e1 mais de 80 anos, foi encontrada no Cerrado Por Felipe Sales Gomes Uma esp\u00e9cie rara de planta carn\u00edvora aqu\u00e1tica\u00a0foi registrada pela primeira vez no\u00a0Nordeste do Brasil. A descoberta ocorreu no munic\u00edpio de Campo Maior, no Piau\u00ed, durante um levantamento cient\u00edfico de plantas aqu\u00e1ticas [&hellip;]<\/p>\n","protected":false},"author":2,"featured_media":65928,"comment_status":"open","ping_status":"open","sticky":false,"template":"","format":"standard","meta":{"footnotes":""},"categories":[8],"tags":[69,597,257,897,219,29999,30000,784,817],"class_list":["post-65926","post","type-post","status-publish","format-standard","has-post-thumbnail","hentry","category-meio-ambiente","tag-botanica","tag-brasil","tag-cerrado","tag-ecologia","tag-extincao","tag-mundo-vegetal","tag-planta-carnivora","tag-plantas","tag-risco"],"yoast_head":"<!-- This site is optimized with the Yoast SEO plugin v26.5 - https:\/\/yoast.com\/wordpress\/plugins\/seo\/ -->\n<title>Planta carn\u00edvora rara \u00e9 vista pela primeira vez no Nordeste - Jornal Fatos e Not\u00edcias<\/title>\n<meta name=\"robots\" content=\"index, follow, max-snippet:-1, max-image-preview:large, max-video-preview:-1\" \/>\n<link rel=\"canonical\" href=\"https:\/\/jornalfatosenoticias.com.br\/index.php\/2026\/03\/16\/planta-carnivora-rara-e-vista-pela-primeira-vez-no-nordeste\/\" \/>\n<meta property=\"og:locale\" content=\"pt_BR\" \/>\n<meta property=\"og:type\" content=\"article\" \/>\n<meta property=\"og:title\" content=\"Planta carn\u00edvora rara \u00e9 vista pela primeira vez no Nordeste - Jornal Fatos e Not\u00edcias\" \/>\n<meta property=\"og:description\" content=\"Esp\u00e9cie de planta aqu\u00e1tica Utricularia warmingii, sem registros em algumas regi\u00f5es h\u00e1 mais de 80 anos, foi encontrada no Cerrado Por Felipe Sales Gomes Uma esp\u00e9cie rara de planta carn\u00edvora aqu\u00e1tica\u00a0foi registrada pela primeira vez no\u00a0Nordeste do Brasil. A descoberta ocorreu no munic\u00edpio de Campo Maior, no Piau\u00ed, durante um levantamento cient\u00edfico de plantas aqu\u00e1ticas [&hellip;]\" \/>\n<meta property=\"og:url\" content=\"https:\/\/jornalfatosenoticias.com.br\/index.php\/2026\/03\/16\/planta-carnivora-rara-e-vista-pela-primeira-vez-no-nordeste\/\" \/>\n<meta property=\"og:site_name\" content=\"Jornal Fatos e Not\u00edcias\" \/>\n<meta property=\"article:published_time\" content=\"2026-03-16T17:24:21+00:00\" \/>\n<meta property=\"article:modified_time\" content=\"2026-03-16T17:24:23+00:00\" \/>\n<meta property=\"og:image\" content=\"https:\/\/jornalfatosenoticias.com.br\/wp-content\/uploads\/2026\/03\/planta-carnivora-Brasil-800x450-1.jpg\" \/>\n\t<meta property=\"og:image:width\" content=\"800\" \/>\n\t<meta property=\"og:image:height\" content=\"450\" \/>\n\t<meta property=\"og:image:type\" content=\"image\/jpeg\" \/>\n<meta name=\"author\" content=\"Luzimara Fernandes\" \/>\n<meta name=\"twitter:card\" content=\"summary_large_image\" \/>\n<meta name=\"twitter:label1\" content=\"Escrito por\" \/>\n\t<meta name=\"twitter:data1\" content=\"Luzimara Fernandes\" \/>\n\t<meta name=\"twitter:label2\" content=\"Est. tempo de leitura\" \/>\n\t<meta name=\"twitter:data2\" content=\"3 minutos\" \/>\n<script type=\"application\/ld+json\" class=\"yoast-schema-graph\">{\"@context\":\"https:\/\/schema.org\",\"@graph\":[{\"@type\":\"Article\",\"@id\":\"https:\/\/jornalfatosenoticias.com.br\/index.php\/2026\/03\/16\/planta-carnivora-rara-e-vista-pela-primeira-vez-no-nordeste\/#article\",\"isPartOf\":{\"@id\":\"https:\/\/jornalfatosenoticias.com.br\/index.php\/2026\/03\/16\/planta-carnivora-rara-e-vista-pela-primeira-vez-no-nordeste\/\"},\"author\":{\"name\":\"Luzimara Fernandes\",\"@id\":\"https:\/\/jornalfatosenoticias.com.br\/#\/schema\/person\/d63837fa13ac8666eb9e74e0985d6f81\"},\"headline\":\"Planta carn\u00edvora rara \u00e9 vista pela primeira vez no Nordeste\",\"datePublished\":\"2026-03-16T17:24:21+00:00\",\"dateModified\":\"2026-03-16T17:24:23+00:00\",\"mainEntityOfPage\":{\"@id\":\"https:\/\/jornalfatosenoticias.com.br\/index.php\/2026\/03\/16\/planta-carnivora-rara-e-vista-pela-primeira-vez-no-nordeste\/\"},\"wordCount\":439,\"commentCount\":0,\"publisher\":{\"@id\":\"https:\/\/jornalfatosenoticias.com.br\/#organization\"},\"image\":{\"@id\":\"https:\/\/jornalfatosenoticias.com.br\/index.php\/2026\/03\/16\/planta-carnivora-rara-e-vista-pela-primeira-vez-no-nordeste\/#primaryimage\"},\"thumbnailUrl\":\"https:\/\/jornalfatosenoticias.com.br\/wp-content\/uploads\/2026\/03\/planta-carnivora-Brasil-800x450-1.jpg\",\"keywords\":[\"bot\u00e2nica\",\"Brasil\",\"cerrado\",\"ecologia\",\"extin\u00e7\u00e3o\",\"mundo vegetal\",\"planta carn\u00edvora\",\"plantas\",\"risco\"],\"articleSection\":[\"Meio ambiente\"],\"inLanguage\":\"pt-BR\",\"potentialAction\":[{\"@type\":\"CommentAction\",\"name\":\"Comment\",\"target\":[\"https:\/\/jornalfatosenoticias.com.br\/index.php\/2026\/03\/16\/planta-carnivora-rara-e-vista-pela-primeira-vez-no-nordeste\/#respond\"]}]},{\"@type\":\"WebPage\",\"@id\":\"https:\/\/jornalfatosenoticias.com.br\/index.php\/2026\/03\/16\/planta-carnivora-rara-e-vista-pela-primeira-vez-no-nordeste\/\",\"url\":\"https:\/\/jornalfatosenoticias.com.br\/index.php\/2026\/03\/16\/planta-carnivora-rara-e-vista-pela-primeira-vez-no-nordeste\/\",\"name\":\"Planta carn\u00edvora rara \u00e9 vista pela primeira vez no Nordeste - Jornal Fatos e Not\u00edcias\",\"isPartOf\":{\"@id\":\"https:\/\/jornalfatosenoticias.com.br\/#website\"},\"primaryImageOfPage\":{\"@id\":\"https:\/\/jornalfatosenoticias.com.br\/index.php\/2026\/03\/16\/planta-carnivora-rara-e-vista-pela-primeira-vez-no-nordeste\/#primaryimage\"},\"image\":{\"@id\":\"https:\/\/jornalfatosenoticias.com.br\/index.php\/2026\/03\/16\/planta-carnivora-rara-e-vista-pela-primeira-vez-no-nordeste\/#primaryimage\"},\"thumbnailUrl\":\"https:\/\/jornalfatosenoticias.com.br\/wp-content\/uploads\/2026\/03\/planta-carnivora-Brasil-800x450-1.jpg\",\"datePublished\":\"2026-03-16T17:24:21+00:00\",\"dateModified\":\"2026-03-16T17:24:23+00:00\",\"breadcrumb\":{\"@id\":\"https:\/\/jornalfatosenoticias.com.br\/index.php\/2026\/03\/16\/planta-carnivora-rara-e-vista-pela-primeira-vez-no-nordeste\/#breadcrumb\"},\"inLanguage\":\"pt-BR\",\"potentialAction\":[{\"@type\":\"ReadAction\",\"target\":[\"https:\/\/jornalfatosenoticias.com.br\/index.php\/2026\/03\/16\/planta-carnivora-rara-e-vista-pela-primeira-vez-no-nordeste\/\"]}]},{\"@type\":\"ImageObject\",\"inLanguage\":\"pt-BR\",\"@id\":\"https:\/\/jornalfatosenoticias.com.br\/index.php\/2026\/03\/16\/planta-carnivora-rara-e-vista-pela-primeira-vez-no-nordeste\/#primaryimage\",\"url\":\"https:\/\/jornalfatosenoticias.com.br\/wp-content\/uploads\/2026\/03\/planta-carnivora-Brasil-800x450-1.jpg\",\"contentUrl\":\"https:\/\/jornalfatosenoticias.com.br\/wp-content\/uploads\/2026\/03\/planta-carnivora-Brasil-800x450-1.jpg\",\"width\":800,\"height\":450},{\"@type\":\"BreadcrumbList\",\"@id\":\"https:\/\/jornalfatosenoticias.com.br\/index.php\/2026\/03\/16\/planta-carnivora-rara-e-vista-pela-primeira-vez-no-nordeste\/#breadcrumb\",\"itemListElement\":[{\"@type\":\"ListItem\",\"position\":1,\"name\":\"In\u00edcio\",\"item\":\"https:\/\/jornalfatosenoticias.com.br\/\"},{\"@type\":\"ListItem\",\"position\":2,\"name\":\"Planta carn\u00edvora rara \u00e9 vista pela primeira vez no Nordeste\"}]},{\"@type\":\"WebSite\",\"@id\":\"https:\/\/jornalfatosenoticias.com.br\/#website\",\"url\":\"https:\/\/jornalfatosenoticias.com.br\/\",\"name\":\"Jornal Fatos e Not\u00edcias\",\"description\":\"Not\u00edcias em geral\",\"publisher\":{\"@id\":\"https:\/\/jornalfatosenoticias.com.br\/#organization\"},\"potentialAction\":[{\"@type\":\"SearchAction\",\"target\":{\"@type\":\"EntryPoint\",\"urlTemplate\":\"https:\/\/jornalfatosenoticias.com.br\/?s={search_term_string}\"},\"query-input\":{\"@type\":\"PropertyValueSpecification\",\"valueRequired\":true,\"valueName\":\"search_term_string\"}}],\"inLanguage\":\"pt-BR\"},{\"@type\":\"Organization\",\"@id\":\"https:\/\/jornalfatosenoticias.com.br\/#organization\",\"name\":\"Jornal Fatos e Not\u00edcias\",\"url\":\"https:\/\/jornalfatosenoticias.com.br\/\",\"logo\":{\"@type\":\"ImageObject\",\"inLanguage\":\"pt-BR\",\"@id\":\"https:\/\/jornalfatosenoticias.com.br\/#\/schema\/logo\/image\/\",\"url\":\"https:\/\/jornalfatosenoticias.com.br\/wp-content\/uploads\/2020\/02\/logo120.png\",\"contentUrl\":\"https:\/\/jornalfatosenoticias.com.br\/wp-content\/uploads\/2020\/02\/logo120.png\",\"width\":1227,\"height\":120,\"caption\":\"Jornal Fatos e Not\u00edcias\"},\"image\":{\"@id\":\"https:\/\/jornalfatosenoticias.com.br\/#\/schema\/logo\/image\/\"}},{\"@type\":\"Person\",\"@id\":\"https:\/\/jornalfatosenoticias.com.br\/#\/schema\/person\/d63837fa13ac8666eb9e74e0985d6f81\",\"name\":\"Luzimara Fernandes\",\"image\":{\"@type\":\"ImageObject\",\"inLanguage\":\"pt-BR\",\"@id\":\"https:\/\/jornalfatosenoticias.com.br\/#\/schema\/person\/image\/\",\"url\":\"https:\/\/jornalfatosenoticias.com.br\/wp-content\/uploads\/2025\/05\/EU_portal.jpg\",\"contentUrl\":\"https:\/\/jornalfatosenoticias.com.br\/wp-content\/uploads\/2025\/05\/EU_portal.jpg\",\"caption\":\"Luzimara Fernandes\"},\"description\":\"Jornalista MTB 2358-ES\",\"sameAs\":[\"https:\/\/jornalfatosenoticias.com.br\"],\"url\":\"https:\/\/jornalfatosenoticias.com.br\/index.php\/author\/luzimara\/\"}]}<\/script>\n<!-- \/ Yoast SEO plugin. -->","yoast_head_json":{"title":"Planta carn\u00edvora rara \u00e9 vista pela primeira vez no Nordeste - Jornal Fatos e Not\u00edcias","robots":{"index":"index","follow":"follow","max-snippet":"max-snippet:-1","max-image-preview":"max-image-preview:large","max-video-preview":"max-video-preview:-1"},"canonical":"https:\/\/jornalfatosenoticias.com.br\/index.php\/2026\/03\/16\/planta-carnivora-rara-e-vista-pela-primeira-vez-no-nordeste\/","og_locale":"pt_BR","og_type":"article","og_title":"Planta carn\u00edvora rara \u00e9 vista pela primeira vez no Nordeste - Jornal Fatos e Not\u00edcias","og_description":"Esp\u00e9cie de planta aqu\u00e1tica Utricularia warmingii, sem registros em algumas regi\u00f5es h\u00e1 mais de 80 anos, foi encontrada no Cerrado Por Felipe Sales Gomes Uma esp\u00e9cie rara de planta carn\u00edvora aqu\u00e1tica\u00a0foi registrada pela primeira vez no\u00a0Nordeste do Brasil. A descoberta ocorreu no munic\u00edpio de Campo Maior, no Piau\u00ed, durante um levantamento cient\u00edfico de plantas aqu\u00e1ticas [&hellip;]","og_url":"https:\/\/jornalfatosenoticias.com.br\/index.php\/2026\/03\/16\/planta-carnivora-rara-e-vista-pela-primeira-vez-no-nordeste\/","og_site_name":"Jornal Fatos e Not\u00edcias","article_published_time":"2026-03-16T17:24:21+00:00","article_modified_time":"2026-03-16T17:24:23+00:00","og_image":[{"width":800,"height":450,"url":"https:\/\/jornalfatosenoticias.com.br\/wp-content\/uploads\/2026\/03\/planta-carnivora-Brasil-800x450-1.jpg","type":"image\/jpeg"}],"author":"Luzimara Fernandes","twitter_card":"summary_large_image","twitter_misc":{"Escrito por":"Luzimara Fernandes","Est. tempo de leitura":"3 minutos"},"schema":{"@context":"https:\/\/schema.org","@graph":[{"@type":"Article","@id":"https:\/\/jornalfatosenoticias.com.br\/index.php\/2026\/03\/16\/planta-carnivora-rara-e-vista-pela-primeira-vez-no-nordeste\/#article","isPartOf":{"@id":"https:\/\/jornalfatosenoticias.com.br\/index.php\/2026\/03\/16\/planta-carnivora-rara-e-vista-pela-primeira-vez-no-nordeste\/"},"author":{"name":"Luzimara Fernandes","@id":"https:\/\/jornalfatosenoticias.com.br\/#\/schema\/person\/d63837fa13ac8666eb9e74e0985d6f81"},"headline":"Planta carn\u00edvora rara \u00e9 vista pela primeira vez no Nordeste","datePublished":"2026-03-16T17:24:21+00:00","dateModified":"2026-03-16T17:24:23+00:00","mainEntityOfPage":{"@id":"https:\/\/jornalfatosenoticias.com.br\/index.php\/2026\/03\/16\/planta-carnivora-rara-e-vista-pela-primeira-vez-no-nordeste\/"},"wordCount":439,"commentCount":0,"publisher":{"@id":"https:\/\/jornalfatosenoticias.com.br\/#organization"},"image":{"@id":"https:\/\/jornalfatosenoticias.com.br\/index.php\/2026\/03\/16\/planta-carnivora-rara-e-vista-pela-primeira-vez-no-nordeste\/#primaryimage"},"thumbnailUrl":"https:\/\/jornalfatosenoticias.com.br\/wp-content\/uploads\/2026\/03\/planta-carnivora-Brasil-800x450-1.jpg","keywords":["bot\u00e2nica","Brasil","cerrado","ecologia","extin\u00e7\u00e3o","mundo vegetal","planta carn\u00edvora","plantas","risco"],"articleSection":["Meio ambiente"],"inLanguage":"pt-BR","potentialAction":[{"@type":"CommentAction","name":"Comment","target":["https:\/\/jornalfatosenoticias.com.br\/index.php\/2026\/03\/16\/planta-carnivora-rara-e-vista-pela-primeira-vez-no-nordeste\/#respond"]}]},{"@type":"WebPage","@id":"https:\/\/jornalfatosenoticias.com.br\/index.php\/2026\/03\/16\/planta-carnivora-rara-e-vista-pela-primeira-vez-no-nordeste\/","url":"https:\/\/jornalfatosenoticias.com.br\/index.php\/2026\/03\/16\/planta-carnivora-rara-e-vista-pela-primeira-vez-no-nordeste\/","name":"Planta carn\u00edvora rara \u00e9 vista pela primeira vez no Nordeste - Jornal Fatos e Not\u00edcias","isPartOf":{"@id":"https:\/\/jornalfatosenoticias.com.br\/#website"},"primaryImageOfPage":{"@id":"https:\/\/jornalfatosenoticias.com.br\/index.php\/2026\/03\/16\/planta-carnivora-rara-e-vista-pela-primeira-vez-no-nordeste\/#primaryimage"},"image":{"@id":"https:\/\/jornalfatosenoticias.com.br\/index.php\/2026\/03\/16\/planta-carnivora-rara-e-vista-pela-primeira-vez-no-nordeste\/#primaryimage"},"thumbnailUrl":"https:\/\/jornalfatosenoticias.com.br\/wp-content\/uploads\/2026\/03\/planta-carnivora-Brasil-800x450-1.jpg","datePublished":"2026-03-16T17:24:21+00:00","dateModified":"2026-03-16T17:24:23+00:00","breadcrumb":{"@id":"https:\/\/jornalfatosenoticias.com.br\/index.php\/2026\/03\/16\/planta-carnivora-rara-e-vista-pela-primeira-vez-no-nordeste\/#breadcrumb"},"inLanguage":"pt-BR","potentialAction":[{"@type":"ReadAction","target":["https:\/\/jornalfatosenoticias.com.br\/index.php\/2026\/03\/16\/planta-carnivora-rara-e-vista-pela-primeira-vez-no-nordeste\/"]}]},{"@type":"ImageObject","inLanguage":"pt-BR","@id":"https:\/\/jornalfatosenoticias.com.br\/index.php\/2026\/03\/16\/planta-carnivora-rara-e-vista-pela-primeira-vez-no-nordeste\/#primaryimage","url":"https:\/\/jornalfatosenoticias.com.br\/wp-content\/uploads\/2026\/03\/planta-carnivora-Brasil-800x450-1.jpg","contentUrl":"https:\/\/jornalfatosenoticias.com.br\/wp-content\/uploads\/2026\/03\/planta-carnivora-Brasil-800x450-1.jpg","width":800,"height":450},{"@type":"BreadcrumbList","@id":"https:\/\/jornalfatosenoticias.com.br\/index.php\/2026\/03\/16\/planta-carnivora-rara-e-vista-pela-primeira-vez-no-nordeste\/#breadcrumb","itemListElement":[{"@type":"ListItem","position":1,"name":"In\u00edcio","item":"https:\/\/jornalfatosenoticias.com.br\/"},{"@type":"ListItem","position":2,"name":"Planta carn\u00edvora rara \u00e9 vista pela primeira vez no Nordeste"}]},{"@type":"WebSite","@id":"https:\/\/jornalfatosenoticias.com.br\/#website","url":"https:\/\/jornalfatosenoticias.com.br\/","name":"Jornal Fatos e Not\u00edcias","description":"Not\u00edcias em geral","publisher":{"@id":"https:\/\/jornalfatosenoticias.com.br\/#organization"},"potentialAction":[{"@type":"SearchAction","target":{"@type":"EntryPoint","urlTemplate":"https:\/\/jornalfatosenoticias.com.br\/?s={search_term_string}"},"query-input":{"@type":"PropertyValueSpecification","valueRequired":true,"valueName":"search_term_string"}}],"inLanguage":"pt-BR"},{"@type":"Organization","@id":"https:\/\/jornalfatosenoticias.com.br\/#organization","name":"Jornal Fatos e Not\u00edcias","url":"https:\/\/jornalfatosenoticias.com.br\/","logo":{"@type":"ImageObject","inLanguage":"pt-BR","@id":"https:\/\/jornalfatosenoticias.com.br\/#\/schema\/logo\/image\/","url":"https:\/\/jornalfatosenoticias.com.br\/wp-content\/uploads\/2020\/02\/logo120.png","contentUrl":"https:\/\/jornalfatosenoticias.com.br\/wp-content\/uploads\/2020\/02\/logo120.png","width":1227,"height":120,"caption":"Jornal Fatos e Not\u00edcias"},"image":{"@id":"https:\/\/jornalfatosenoticias.com.br\/#\/schema\/logo\/image\/"}},{"@type":"Person","@id":"https:\/\/jornalfatosenoticias.com.br\/#\/schema\/person\/d63837fa13ac8666eb9e74e0985d6f81","name":"Luzimara Fernandes","image":{"@type":"ImageObject","inLanguage":"pt-BR","@id":"https:\/\/jornalfatosenoticias.com.br\/#\/schema\/person\/image\/","url":"https:\/\/jornalfatosenoticias.com.br\/wp-content\/uploads\/2025\/05\/EU_portal.jpg","contentUrl":"https:\/\/jornalfatosenoticias.com.br\/wp-content\/uploads\/2025\/05\/EU_portal.jpg","caption":"Luzimara Fernandes"},"description":"Jornalista MTB 2358-ES","sameAs":["https:\/\/jornalfatosenoticias.com.br"],"url":"https:\/\/jornalfatosenoticias.com.br\/index.php\/author\/luzimara\/"}]}},"cc_featured_image_caption":{"caption_text":"(Foto: Francisco Sousa\/INMA\/Gov.br)","source_text":"","source_url":""},"jetpack_featured_media_url":"https:\/\/jornalfatosenoticias.com.br\/wp-content\/uploads\/2026\/03\/planta-carnivora-Brasil-800x450-1.jpg","_links":{"self":[{"href":"https:\/\/jornalfatosenoticias.com.br\/index.php\/wp-json\/wp\/v2\/posts\/65926","targetHints":{"allow":["GET"]}}],"collection":[{"href":"https:\/\/jornalfatosenoticias.com.br\/index.php\/wp-json\/wp\/v2\/posts"}],"about":[{"href":"https:\/\/jornalfatosenoticias.com.br\/index.php\/wp-json\/wp\/v2\/types\/post"}],"author":[{"embeddable":true,"href":"https:\/\/jornalfatosenoticias.com.br\/index.php\/wp-json\/wp\/v2\/users\/2"}],"replies":[{"embeddable":true,"href":"https:\/\/jornalfatosenoticias.com.br\/index.php\/wp-json\/wp\/v2\/comments?post=65926"}],"version-history":[{"count":1,"href":"https:\/\/jornalfatosenoticias.com.br\/index.php\/wp-json\/wp\/v2\/posts\/65926\/revisions"}],"predecessor-version":[{"id":65929,"href":"https:\/\/jornalfatosenoticias.com.br\/index.php\/wp-json\/wp\/v2\/posts\/65926\/revisions\/65929"}],"wp:featuredmedia":[{"embeddable":true,"href":"https:\/\/jornalfatosenoticias.com.br\/index.php\/wp-json\/wp\/v2\/media\/65928"}],"wp:attachment":[{"href":"https:\/\/jornalfatosenoticias.com.br\/index.php\/wp-json\/wp\/v2\/media?parent=65926"}],"wp:term":[{"taxonomy":"category","embeddable":true,"href":"https:\/\/jornalfatosenoticias.com.br\/index.php\/wp-json\/wp\/v2\/categories?post=65926"},{"taxonomy":"post_tag","embeddable":true,"href":"https:\/\/jornalfatosenoticias.com.br\/index.php\/wp-json\/wp\/v2\/tags?post=65926"}],"curies":[{"name":"wp","href":"https:\/\/api.w.org\/{rel}","templated":true}]}}