{"id":65930,"date":"2026-03-16T14:41:31","date_gmt":"2026-03-16T17:41:31","guid":{"rendered":"https:\/\/jornalfatosenoticias.com.br\/?p=65930"},"modified":"2026-03-16T14:41:33","modified_gmt":"2026-03-16T17:41:33","slug":"estudo-revela-pratica-culinaria-complexa-da-idade-da-pedra","status":"publish","type":"post","link":"https:\/\/jornalfatosenoticias.com.br\/index.php\/2026\/03\/16\/estudo-revela-pratica-culinaria-complexa-da-idade-da-pedra\/","title":{"rendered":"Estudo revela pr\u00e1tica culin\u00e1ria complexa da Idade da Pedra"},"content":{"rendered":"\n<p><em><mark style=\"background-color:rgba(0, 0, 0, 0)\" class=\"has-inline-color has-black-color\">Novo estudo detalha como os ca\u00e7adores da Idade da Pedra combinavam plantas e peixes, revelando uma dieta complexa e diversa<\/mark><\/em><\/p>\n\n\n\n<p><mark style=\"background-color:rgba(0, 0, 0, 0)\" class=\"has-inline-color has-black-color\">Por <strong><a href=\"https:\/\/aventurasnahistoria.com.br\/noticias\/author\/leticia-lima\">Let\u00edcia Lima<\/a><\/strong><\/mark><\/p>\n\n\n\n<p>Uma nova pesquisa publicada na revista cient\u00edfica <a href=\"https:\/\/journals.plos.org\/plosone\/article?id=10.1371\/journal.pone.0342740\">PLOS One<\/a>\u00a0reescreve o que se sabia sobre a alimenta\u00e7\u00e3o humana entre\u00a0<mark>6000 e 3000 a.C<\/mark>. Ao analisar res\u00edduos em panelas pr\u00e9-hist\u00f3ricas, cientistas descobriram que\u00a0<a href=\"https:\/\/aventurasnahistoria.com.br\/noticias\/historia-hoje\/dna-antigo-de-cacadores-coletores-pode-estar-ligado-a-longevidade.phtml\">ca\u00e7adores-coletores<\/a> do norte e leste da Europa preparavam refei\u00e7\u00f5es altamente elaboradas. Com isso, a dieta n\u00e3o se restringia apenas ao <mark>consumo b\u00e1sico de carne<\/mark>, incluindo uma sele\u00e7\u00e3o cuidadosa de plantas, peixes e at\u00e9 frutos t\u00f3xicos que precisavam de preparo especial.<br>Para chegar a essas conclus\u00f5es, a equipe liderada pela arqueobot\u00e2nica Lara Gonz\u00e1lez Carretero, da Universidade de York, examinou <mark>85 vasos de cer\u00e2mica<\/mark>. Primeiramente, a pesquisadora explicou em entrevista \u00e0\u00a0revista\u00a0<a href=\"https:\/\/www.discovermagazine.com\/charred-food-in-ancient-pots-reveals-surprisingly-complex-prehistoric-european-cuisine-48772\">Discover<\/a>\u00a0que estudos anteriores eram\u00a0<mark>tendenciosos<\/mark> por focarem quase exclusivamente em vest\u00edgios animais. Contudo, ao aliar an\u00e1lises qu\u00edmicas a exames microsc\u00f3picos rigorosos, foi poss\u00edvel identificar estruturas celulares de\u00a0<mark>diversas plantas<\/mark> em 58 desses recipientes.<\/p>\n\n\n<div class=\"wp-block-image\">\n<figure class=\"aligncenter size-large is-resized\"><a href=\"https:\/\/www.instagram.com\/esteio.churrascaria\/\"><img loading=\"lazy\" decoding=\"async\" width=\"1024\" height=\"730\" src=\"https:\/\/jornalfatosenoticias.com.br\/wp-content\/uploads\/2022\/02\/LOGO-ESTEIO-1024x730.png\" alt=\"\" class=\"wp-image-27942\" style=\"aspect-ratio:1.4027763281494625;width:417px;height:auto\" srcset=\"https:\/\/jornalfatosenoticias.com.br\/wp-content\/uploads\/2022\/02\/LOGO-ESTEIO-1024x730.png 1024w, https:\/\/jornalfatosenoticias.com.br\/wp-content\/uploads\/2022\/02\/LOGO-ESTEIO-300x214.png 300w, https:\/\/jornalfatosenoticias.com.br\/wp-content\/uploads\/2022\/02\/LOGO-ESTEIO-768x548.png 768w, https:\/\/jornalfatosenoticias.com.br\/wp-content\/uploads\/2022\/02\/LOGO-ESTEIO.png 1123w\" sizes=\"auto, (max-width: 1024px) 100vw, 1024px\" \/><\/a><\/figure>\n<\/div>\n\n\n<blockquote class=\"wp-block-quote is-layout-flow wp-block-quote-is-layout-flow\">\n<p><mark style=\"background-color:rgba(0, 0, 0, 0)\" class=\"has-inline-color has-luminous-vivid-orange-color\">Descobrimos que os ca\u00e7adores-coletores-pescadores n\u00e3o viviam apenas de peixe; eles processavam e consumiam ativamente uma grande variedade de plantas\u201d, afirmam os pesquisadores em <a href=\"https:\/\/phys.org\/news\/2026-03-charred-pot-residues-reveal-prehistoric.html\">comunicado<\/a>.<\/mark><\/p>\n<\/blockquote>\n\n\n\n<p>Os artefatos, provenientes de 13 s\u00edtios arqueol\u00f3gicos localizados entre a Dinamarca e a R\u00fassia, revelaram <mark>misturas espec\u00edficas<\/mark>\u00a0de ingredientes. Embora houvesse sinais evidentes de peixes e latic\u00ednios, a presen\u00e7a de gram\u00edneas, leguminosas e ra\u00edzes demonstrou um preparo intencional e complexo. De acordo com informa\u00e7\u00f5es da revista Smithsonian, esses grupos pr\u00e9-hist\u00f3ricos possu\u00edam um <mark>conhecimento bot\u00e2nico<\/mark>\u00a0profundo, como destacou o cientista\u00a0<strong>Oliver Craig<\/strong>\u00a0\u00e0\u00a0<a href=\"https:\/\/edition.cnn.com\/2026\/03\/09\/science\/stone-age-cooks-menu-pottery-scli-intl\">CNN<\/a>.<\/p>\n\n\n<div class=\"wp-block-image\">\n<figure class=\"aligncenter size-large is-resized\"><a href=\"https:\/\/www.instagram.com\/espiritocacau\/\"><img loading=\"lazy\" decoding=\"async\" width=\"1024\" height=\"655\" src=\"https:\/\/jornalfatosenoticias.com.br\/wp-content\/uploads\/2020\/02\/logo-Espirito-Cacau-1024x655.jpeg\" alt=\"\" class=\"wp-image-65573\" style=\"aspect-ratio:1.5634269760949224;width:543px;height:auto\" srcset=\"https:\/\/jornalfatosenoticias.com.br\/wp-content\/uploads\/2020\/02\/logo-Espirito-Cacau-1024x655.jpeg 1024w, https:\/\/jornalfatosenoticias.com.br\/wp-content\/uploads\/2020\/02\/logo-Espirito-Cacau-300x192.jpeg 300w, https:\/\/jornalfatosenoticias.com.br\/wp-content\/uploads\/2020\/02\/logo-Espirito-Cacau-768x491.jpeg 768w, https:\/\/jornalfatosenoticias.com.br\/wp-content\/uploads\/2020\/02\/logo-Espirito-Cacau.jpeg 1069w\" sizes=\"auto, (max-width: 1024px) 100vw, 1024px\" \/><\/a><\/figure>\n<\/div>\n\n\n<p><strong><mark style=\"background-color:rgba(0, 0, 0, 0)\" class=\"has-inline-color has-vivid-purple-color\">Dieta complexa<br><\/mark><\/strong>Al\u00e9m de identificar os ingredientes no microsc\u00f3pio, os pesquisadores decidiram <mark>recriar as receitas<\/mark>\u00a0ancestrais cozinhando em fogo aberto. Utilizando panelas de\u00a0<a href=\"https:\/\/aventurasnahistoria.com.br\/noticias\/historia-hoje\/jarra-de-barro-de-1200-anos-e-encontrada-com-marca-deixada-por-gato.phtml\">barro<\/a>\u00a0semelhantes \u00e0s da \u00e9poca, a equipe preparou ensopados de peixe com plantas da fam\u00edlia\u00a0<em>Amaranthaceae<\/em> e geleias de bagas de viburno. Surpreendentemente, essas bagas s\u00e3o levemente t\u00f3xicas e possuem um cheiro e sabor bastante desagrad\u00e1veis quando est\u00e3o cruas.<br>Ainda assim, <strong>Carretero<\/strong>\u00a0notou que o processo de cozimento junto com o\u00a0<a href=\"https:\/\/aventurasnahistoria.com.br\/noticias\/historia-hoje\/nova-especie-de-peixe-fossil-com-125-milhoes-de-anos-e-descoberta-em-alagoas.phtml\">peixe<\/a>\u00a0transformava o sabor amargo da baga em algo doce e\u00a0<mark>muito mais agrad\u00e1vel<\/mark>. Atualmente, esse ingrediente continua presente nas tradi\u00e7\u00f5es culin\u00e1rias da Europa Oriental, evidenciando uma heran\u00e7a cultural que sobreviveu aos mil\u00eanios. Por fim, o arque\u00f3logo <strong>Dimitri Teetaert<\/strong>, que n\u00e3o participou diretamente do estudo, avalia que o desejo de\u00a0<mark>criar novos sabores<\/mark> e texturas pode ter impulsionado a ado\u00e7\u00e3o da tecnologia da cer\u00e2mica. Sendo assim, a alimenta\u00e7\u00e3o no per\u00edodo Mesol\u00edtico ia muito al\u00e9m da mera <mark>sobreviv\u00eancia cal\u00f3rica<\/mark>, mostrando uma tradi\u00e7\u00e3o gastron\u00f4mica.<\/p>\n\n\n<div class=\"wp-block-image\">\n<figure class=\"aligncenter size-large is-resized\"><a href=\"https:\/\/hotelmarquetti.com.br\/\"><img loading=\"lazy\" decoding=\"async\" width=\"1024\" height=\"680\" src=\"https:\/\/jornalfatosenoticias.com.br\/wp-content\/uploads\/2020\/02\/LOGO-MQ-1024x680.jpg\" alt=\"\" class=\"wp-image-58299\" style=\"width:370px;height:auto\" srcset=\"https:\/\/jornalfatosenoticias.com.br\/wp-content\/uploads\/2020\/02\/LOGO-MQ-1024x680.jpg 1024w, https:\/\/jornalfatosenoticias.com.br\/wp-content\/uploads\/2020\/02\/LOGO-MQ-300x199.jpg 300w, https:\/\/jornalfatosenoticias.com.br\/wp-content\/uploads\/2020\/02\/LOGO-MQ-768x510.jpg 768w, https:\/\/jornalfatosenoticias.com.br\/wp-content\/uploads\/2020\/02\/LOGO-MQ-1536x1020.jpg 1536w, https:\/\/jornalfatosenoticias.com.br\/wp-content\/uploads\/2020\/02\/LOGO-MQ-2048x1360.jpg 2048w\" sizes=\"auto, (max-width: 1024px) 100vw, 1024px\" \/><\/a><\/figure>\n<\/div>\n\n\n<p><strong>Fonte: <a href=\"https:\/\/aventurasnahistoria.com.br\/noticias\/historia-hoje\/estudo-revela-pratica-culinaria-complexa-da-idade-da-pedra.phtml\">Aventuras na Hist\u00f3ria<\/a><\/strong><\/p>\n","protected":false},"excerpt":{"rendered":"<p>Novo estudo detalha como os ca\u00e7adores da Idade da Pedra combinavam plantas e peixes, revelando uma dieta complexa e diversa Por Let\u00edcia Lima Uma nova pesquisa publicada na revista cient\u00edfica PLOS One\u00a0reescreve o que se sabia sobre a alimenta\u00e7\u00e3o humana entre\u00a06000 e 3000 a.C. Ao analisar res\u00edduos em panelas pr\u00e9-hist\u00f3ricas, cientistas descobriram que\u00a0ca\u00e7adores-coletores do norte [&hellip;]<\/p>\n","protected":false},"author":2,"featured_media":65931,"comment_status":"open","ping_status":"open","sticky":false,"template":"","format":"standard","meta":{"footnotes":""},"categories":[745,9808],"tags":[1478,2791,30001,9355,30003,17180,30002],"class_list":["post-65930","post","type-post","status-publish","format-standard","has-post-thumbnail","hentry","category-gastronomia","category-paleo-arqueologia","tag-arqueologia","tag-culinaria","tag-dieta-ancestral","tag-idade-da-pedra","tag-novos-sabores","tag-sitios-arqueologicos","tag-tradicao-gastronomica"],"yoast_head":"<!-- This site is optimized with the Yoast SEO plugin v26.5 - https:\/\/yoast.com\/wordpress\/plugins\/seo\/ -->\n<title>Estudo revela pr\u00e1tica culin\u00e1ria complexa da Idade da Pedra - Jornal Fatos e Not\u00edcias<\/title>\n<meta name=\"robots\" content=\"index, follow, max-snippet:-1, max-image-preview:large, max-video-preview:-1\" \/>\n<link rel=\"canonical\" href=\"https:\/\/jornalfatosenoticias.com.br\/index.php\/2026\/03\/16\/estudo-revela-pratica-culinaria-complexa-da-idade-da-pedra\/\" \/>\n<meta property=\"og:locale\" content=\"pt_BR\" \/>\n<meta property=\"og:type\" content=\"article\" \/>\n<meta property=\"og:title\" content=\"Estudo revela pr\u00e1tica culin\u00e1ria complexa da Idade da Pedra - Jornal Fatos e Not\u00edcias\" \/>\n<meta property=\"og:description\" content=\"Novo estudo detalha como os ca\u00e7adores da Idade da Pedra combinavam plantas e peixes, revelando uma dieta complexa e diversa Por Let\u00edcia Lima Uma nova pesquisa publicada na revista cient\u00edfica PLOS One\u00a0reescreve o que se sabia sobre a alimenta\u00e7\u00e3o humana entre\u00a06000 e 3000 a.C. Ao analisar res\u00edduos em panelas pr\u00e9-hist\u00f3ricas, cientistas descobriram que\u00a0ca\u00e7adores-coletores do norte [&hellip;]\" \/>\n<meta property=\"og:url\" content=\"https:\/\/jornalfatosenoticias.com.br\/index.php\/2026\/03\/16\/estudo-revela-pratica-culinaria-complexa-da-idade-da-pedra\/\" \/>\n<meta property=\"og:site_name\" content=\"Jornal Fatos e Not\u00edcias\" \/>\n<meta property=\"article:published_time\" content=\"2026-03-16T17:41:31+00:00\" \/>\n<meta property=\"article:modified_time\" content=\"2026-03-16T17:41:33+00:00\" \/>\n<meta property=\"og:image\" content=\"https:\/\/jornalfatosenoticias.com.br\/wp-content\/uploads\/2026\/03\/culinaria-da-Idade-da-Pedra.jpg\" \/>\n\t<meta property=\"og:image:width\" content=\"800\" \/>\n\t<meta property=\"og:image:height\" content=\"450\" \/>\n\t<meta property=\"og:image:type\" content=\"image\/jpeg\" \/>\n<meta name=\"author\" content=\"Luzimara Fernandes\" \/>\n<meta name=\"twitter:card\" content=\"summary_large_image\" \/>\n<meta name=\"twitter:label1\" content=\"Escrito por\" \/>\n\t<meta name=\"twitter:data1\" content=\"Luzimara Fernandes\" \/>\n\t<meta name=\"twitter:label2\" content=\"Est. tempo de leitura\" \/>\n\t<meta name=\"twitter:data2\" content=\"3 minutos\" \/>\n<script type=\"application\/ld+json\" class=\"yoast-schema-graph\">{\"@context\":\"https:\/\/schema.org\",\"@graph\":[{\"@type\":\"Article\",\"@id\":\"https:\/\/jornalfatosenoticias.com.br\/index.php\/2026\/03\/16\/estudo-revela-pratica-culinaria-complexa-da-idade-da-pedra\/#article\",\"isPartOf\":{\"@id\":\"https:\/\/jornalfatosenoticias.com.br\/index.php\/2026\/03\/16\/estudo-revela-pratica-culinaria-complexa-da-idade-da-pedra\/\"},\"author\":{\"name\":\"Luzimara Fernandes\",\"@id\":\"https:\/\/jornalfatosenoticias.com.br\/#\/schema\/person\/d63837fa13ac8666eb9e74e0985d6f81\"},\"headline\":\"Estudo revela pr\u00e1tica culin\u00e1ria complexa da Idade da Pedra\",\"datePublished\":\"2026-03-16T17:41:31+00:00\",\"dateModified\":\"2026-03-16T17:41:33+00:00\",\"mainEntityOfPage\":{\"@id\":\"https:\/\/jornalfatosenoticias.com.br\/index.php\/2026\/03\/16\/estudo-revela-pratica-culinaria-complexa-da-idade-da-pedra\/\"},\"wordCount\":473,\"commentCount\":0,\"publisher\":{\"@id\":\"https:\/\/jornalfatosenoticias.com.br\/#organization\"},\"image\":{\"@id\":\"https:\/\/jornalfatosenoticias.com.br\/index.php\/2026\/03\/16\/estudo-revela-pratica-culinaria-complexa-da-idade-da-pedra\/#primaryimage\"},\"thumbnailUrl\":\"https:\/\/jornalfatosenoticias.com.br\/wp-content\/uploads\/2026\/03\/culinaria-da-Idade-da-Pedra.jpg\",\"keywords\":[\"arqueologia\",\"culin\u00e1ria\",\"dieta ancestral\",\"Idade da Pedra\",\"novos sabores\",\"s\u00edtios arqueol\u00f3gicos\",\"tradi\u00e7\u00e3o gastron\u00f4mica\"],\"articleSection\":[\"Gastronomia\",\"Paleo &amp; Arqueologia\"],\"inLanguage\":\"pt-BR\",\"potentialAction\":[{\"@type\":\"CommentAction\",\"name\":\"Comment\",\"target\":[\"https:\/\/jornalfatosenoticias.com.br\/index.php\/2026\/03\/16\/estudo-revela-pratica-culinaria-complexa-da-idade-da-pedra\/#respond\"]}]},{\"@type\":\"WebPage\",\"@id\":\"https:\/\/jornalfatosenoticias.com.br\/index.php\/2026\/03\/16\/estudo-revela-pratica-culinaria-complexa-da-idade-da-pedra\/\",\"url\":\"https:\/\/jornalfatosenoticias.com.br\/index.php\/2026\/03\/16\/estudo-revela-pratica-culinaria-complexa-da-idade-da-pedra\/\",\"name\":\"Estudo revela pr\u00e1tica culin\u00e1ria complexa da Idade da Pedra - Jornal Fatos e Not\u00edcias\",\"isPartOf\":{\"@id\":\"https:\/\/jornalfatosenoticias.com.br\/#website\"},\"primaryImageOfPage\":{\"@id\":\"https:\/\/jornalfatosenoticias.com.br\/index.php\/2026\/03\/16\/estudo-revela-pratica-culinaria-complexa-da-idade-da-pedra\/#primaryimage\"},\"image\":{\"@id\":\"https:\/\/jornalfatosenoticias.com.br\/index.php\/2026\/03\/16\/estudo-revela-pratica-culinaria-complexa-da-idade-da-pedra\/#primaryimage\"},\"thumbnailUrl\":\"https:\/\/jornalfatosenoticias.com.br\/wp-content\/uploads\/2026\/03\/culinaria-da-Idade-da-Pedra.jpg\",\"datePublished\":\"2026-03-16T17:41:31+00:00\",\"dateModified\":\"2026-03-16T17:41:33+00:00\",\"breadcrumb\":{\"@id\":\"https:\/\/jornalfatosenoticias.com.br\/index.php\/2026\/03\/16\/estudo-revela-pratica-culinaria-complexa-da-idade-da-pedra\/#breadcrumb\"},\"inLanguage\":\"pt-BR\",\"potentialAction\":[{\"@type\":\"ReadAction\",\"target\":[\"https:\/\/jornalfatosenoticias.com.br\/index.php\/2026\/03\/16\/estudo-revela-pratica-culinaria-complexa-da-idade-da-pedra\/\"]}]},{\"@type\":\"ImageObject\",\"inLanguage\":\"pt-BR\",\"@id\":\"https:\/\/jornalfatosenoticias.com.br\/index.php\/2026\/03\/16\/estudo-revela-pratica-culinaria-complexa-da-idade-da-pedra\/#primaryimage\",\"url\":\"https:\/\/jornalfatosenoticias.com.br\/wp-content\/uploads\/2026\/03\/culinaria-da-Idade-da-Pedra.jpg\",\"contentUrl\":\"https:\/\/jornalfatosenoticias.com.br\/wp-content\/uploads\/2026\/03\/culinaria-da-Idade-da-Pedra.jpg\",\"width\":800,\"height\":450},{\"@type\":\"BreadcrumbList\",\"@id\":\"https:\/\/jornalfatosenoticias.com.br\/index.php\/2026\/03\/16\/estudo-revela-pratica-culinaria-complexa-da-idade-da-pedra\/#breadcrumb\",\"itemListElement\":[{\"@type\":\"ListItem\",\"position\":1,\"name\":\"In\u00edcio\",\"item\":\"https:\/\/jornalfatosenoticias.com.br\/\"},{\"@type\":\"ListItem\",\"position\":2,\"name\":\"Estudo revela pr\u00e1tica culin\u00e1ria complexa da Idade da Pedra\"}]},{\"@type\":\"WebSite\",\"@id\":\"https:\/\/jornalfatosenoticias.com.br\/#website\",\"url\":\"https:\/\/jornalfatosenoticias.com.br\/\",\"name\":\"Jornal Fatos e Not\u00edcias\",\"description\":\"Not\u00edcias em geral\",\"publisher\":{\"@id\":\"https:\/\/jornalfatosenoticias.com.br\/#organization\"},\"potentialAction\":[{\"@type\":\"SearchAction\",\"target\":{\"@type\":\"EntryPoint\",\"urlTemplate\":\"https:\/\/jornalfatosenoticias.com.br\/?s={search_term_string}\"},\"query-input\":{\"@type\":\"PropertyValueSpecification\",\"valueRequired\":true,\"valueName\":\"search_term_string\"}}],\"inLanguage\":\"pt-BR\"},{\"@type\":\"Organization\",\"@id\":\"https:\/\/jornalfatosenoticias.com.br\/#organization\",\"name\":\"Jornal Fatos e Not\u00edcias\",\"url\":\"https:\/\/jornalfatosenoticias.com.br\/\",\"logo\":{\"@type\":\"ImageObject\",\"inLanguage\":\"pt-BR\",\"@id\":\"https:\/\/jornalfatosenoticias.com.br\/#\/schema\/logo\/image\/\",\"url\":\"https:\/\/jornalfatosenoticias.com.br\/wp-content\/uploads\/2020\/02\/logo120.png\",\"contentUrl\":\"https:\/\/jornalfatosenoticias.com.br\/wp-content\/uploads\/2020\/02\/logo120.png\",\"width\":1227,\"height\":120,\"caption\":\"Jornal Fatos e Not\u00edcias\"},\"image\":{\"@id\":\"https:\/\/jornalfatosenoticias.com.br\/#\/schema\/logo\/image\/\"}},{\"@type\":\"Person\",\"@id\":\"https:\/\/jornalfatosenoticias.com.br\/#\/schema\/person\/d63837fa13ac8666eb9e74e0985d6f81\",\"name\":\"Luzimara Fernandes\",\"image\":{\"@type\":\"ImageObject\",\"inLanguage\":\"pt-BR\",\"@id\":\"https:\/\/jornalfatosenoticias.com.br\/#\/schema\/person\/image\/\",\"url\":\"https:\/\/jornalfatosenoticias.com.br\/wp-content\/uploads\/2025\/05\/EU_portal.jpg\",\"contentUrl\":\"https:\/\/jornalfatosenoticias.com.br\/wp-content\/uploads\/2025\/05\/EU_portal.jpg\",\"caption\":\"Luzimara Fernandes\"},\"description\":\"Jornalista MTB 2358-ES\",\"sameAs\":[\"https:\/\/jornalfatosenoticias.com.br\"],\"url\":\"https:\/\/jornalfatosenoticias.com.br\/index.php\/author\/luzimara\/\"}]}<\/script>\n<!-- \/ Yoast SEO plugin. -->","yoast_head_json":{"title":"Estudo revela pr\u00e1tica culin\u00e1ria complexa da Idade da Pedra - Jornal Fatos e Not\u00edcias","robots":{"index":"index","follow":"follow","max-snippet":"max-snippet:-1","max-image-preview":"max-image-preview:large","max-video-preview":"max-video-preview:-1"},"canonical":"https:\/\/jornalfatosenoticias.com.br\/index.php\/2026\/03\/16\/estudo-revela-pratica-culinaria-complexa-da-idade-da-pedra\/","og_locale":"pt_BR","og_type":"article","og_title":"Estudo revela pr\u00e1tica culin\u00e1ria complexa da Idade da Pedra - Jornal Fatos e Not\u00edcias","og_description":"Novo estudo detalha como os ca\u00e7adores da Idade da Pedra combinavam plantas e peixes, revelando uma dieta complexa e diversa Por Let\u00edcia Lima Uma nova pesquisa publicada na revista cient\u00edfica PLOS One\u00a0reescreve o que se sabia sobre a alimenta\u00e7\u00e3o humana entre\u00a06000 e 3000 a.C. Ao analisar res\u00edduos em panelas pr\u00e9-hist\u00f3ricas, cientistas descobriram que\u00a0ca\u00e7adores-coletores do norte [&hellip;]","og_url":"https:\/\/jornalfatosenoticias.com.br\/index.php\/2026\/03\/16\/estudo-revela-pratica-culinaria-complexa-da-idade-da-pedra\/","og_site_name":"Jornal Fatos e Not\u00edcias","article_published_time":"2026-03-16T17:41:31+00:00","article_modified_time":"2026-03-16T17:41:33+00:00","og_image":[{"width":800,"height":450,"url":"https:\/\/jornalfatosenoticias.com.br\/wp-content\/uploads\/2026\/03\/culinaria-da-Idade-da-Pedra.jpg","type":"image\/jpeg"}],"author":"Luzimara Fernandes","twitter_card":"summary_large_image","twitter_misc":{"Escrito por":"Luzimara Fernandes","Est. tempo de leitura":"3 minutos"},"schema":{"@context":"https:\/\/schema.org","@graph":[{"@type":"Article","@id":"https:\/\/jornalfatosenoticias.com.br\/index.php\/2026\/03\/16\/estudo-revela-pratica-culinaria-complexa-da-idade-da-pedra\/#article","isPartOf":{"@id":"https:\/\/jornalfatosenoticias.com.br\/index.php\/2026\/03\/16\/estudo-revela-pratica-culinaria-complexa-da-idade-da-pedra\/"},"author":{"name":"Luzimara Fernandes","@id":"https:\/\/jornalfatosenoticias.com.br\/#\/schema\/person\/d63837fa13ac8666eb9e74e0985d6f81"},"headline":"Estudo revela pr\u00e1tica culin\u00e1ria complexa da Idade da Pedra","datePublished":"2026-03-16T17:41:31+00:00","dateModified":"2026-03-16T17:41:33+00:00","mainEntityOfPage":{"@id":"https:\/\/jornalfatosenoticias.com.br\/index.php\/2026\/03\/16\/estudo-revela-pratica-culinaria-complexa-da-idade-da-pedra\/"},"wordCount":473,"commentCount":0,"publisher":{"@id":"https:\/\/jornalfatosenoticias.com.br\/#organization"},"image":{"@id":"https:\/\/jornalfatosenoticias.com.br\/index.php\/2026\/03\/16\/estudo-revela-pratica-culinaria-complexa-da-idade-da-pedra\/#primaryimage"},"thumbnailUrl":"https:\/\/jornalfatosenoticias.com.br\/wp-content\/uploads\/2026\/03\/culinaria-da-Idade-da-Pedra.jpg","keywords":["arqueologia","culin\u00e1ria","dieta ancestral","Idade da Pedra","novos sabores","s\u00edtios arqueol\u00f3gicos","tradi\u00e7\u00e3o gastron\u00f4mica"],"articleSection":["Gastronomia","Paleo &amp; Arqueologia"],"inLanguage":"pt-BR","potentialAction":[{"@type":"CommentAction","name":"Comment","target":["https:\/\/jornalfatosenoticias.com.br\/index.php\/2026\/03\/16\/estudo-revela-pratica-culinaria-complexa-da-idade-da-pedra\/#respond"]}]},{"@type":"WebPage","@id":"https:\/\/jornalfatosenoticias.com.br\/index.php\/2026\/03\/16\/estudo-revela-pratica-culinaria-complexa-da-idade-da-pedra\/","url":"https:\/\/jornalfatosenoticias.com.br\/index.php\/2026\/03\/16\/estudo-revela-pratica-culinaria-complexa-da-idade-da-pedra\/","name":"Estudo revela pr\u00e1tica culin\u00e1ria complexa da Idade da Pedra - Jornal Fatos e Not\u00edcias","isPartOf":{"@id":"https:\/\/jornalfatosenoticias.com.br\/#website"},"primaryImageOfPage":{"@id":"https:\/\/jornalfatosenoticias.com.br\/index.php\/2026\/03\/16\/estudo-revela-pratica-culinaria-complexa-da-idade-da-pedra\/#primaryimage"},"image":{"@id":"https:\/\/jornalfatosenoticias.com.br\/index.php\/2026\/03\/16\/estudo-revela-pratica-culinaria-complexa-da-idade-da-pedra\/#primaryimage"},"thumbnailUrl":"https:\/\/jornalfatosenoticias.com.br\/wp-content\/uploads\/2026\/03\/culinaria-da-Idade-da-Pedra.jpg","datePublished":"2026-03-16T17:41:31+00:00","dateModified":"2026-03-16T17:41:33+00:00","breadcrumb":{"@id":"https:\/\/jornalfatosenoticias.com.br\/index.php\/2026\/03\/16\/estudo-revela-pratica-culinaria-complexa-da-idade-da-pedra\/#breadcrumb"},"inLanguage":"pt-BR","potentialAction":[{"@type":"ReadAction","target":["https:\/\/jornalfatosenoticias.com.br\/index.php\/2026\/03\/16\/estudo-revela-pratica-culinaria-complexa-da-idade-da-pedra\/"]}]},{"@type":"ImageObject","inLanguage":"pt-BR","@id":"https:\/\/jornalfatosenoticias.com.br\/index.php\/2026\/03\/16\/estudo-revela-pratica-culinaria-complexa-da-idade-da-pedra\/#primaryimage","url":"https:\/\/jornalfatosenoticias.com.br\/wp-content\/uploads\/2026\/03\/culinaria-da-Idade-da-Pedra.jpg","contentUrl":"https:\/\/jornalfatosenoticias.com.br\/wp-content\/uploads\/2026\/03\/culinaria-da-Idade-da-Pedra.jpg","width":800,"height":450},{"@type":"BreadcrumbList","@id":"https:\/\/jornalfatosenoticias.com.br\/index.php\/2026\/03\/16\/estudo-revela-pratica-culinaria-complexa-da-idade-da-pedra\/#breadcrumb","itemListElement":[{"@type":"ListItem","position":1,"name":"In\u00edcio","item":"https:\/\/jornalfatosenoticias.com.br\/"},{"@type":"ListItem","position":2,"name":"Estudo revela pr\u00e1tica culin\u00e1ria complexa da Idade da Pedra"}]},{"@type":"WebSite","@id":"https:\/\/jornalfatosenoticias.com.br\/#website","url":"https:\/\/jornalfatosenoticias.com.br\/","name":"Jornal Fatos e Not\u00edcias","description":"Not\u00edcias em geral","publisher":{"@id":"https:\/\/jornalfatosenoticias.com.br\/#organization"},"potentialAction":[{"@type":"SearchAction","target":{"@type":"EntryPoint","urlTemplate":"https:\/\/jornalfatosenoticias.com.br\/?s={search_term_string}"},"query-input":{"@type":"PropertyValueSpecification","valueRequired":true,"valueName":"search_term_string"}}],"inLanguage":"pt-BR"},{"@type":"Organization","@id":"https:\/\/jornalfatosenoticias.com.br\/#organization","name":"Jornal Fatos e Not\u00edcias","url":"https:\/\/jornalfatosenoticias.com.br\/","logo":{"@type":"ImageObject","inLanguage":"pt-BR","@id":"https:\/\/jornalfatosenoticias.com.br\/#\/schema\/logo\/image\/","url":"https:\/\/jornalfatosenoticias.com.br\/wp-content\/uploads\/2020\/02\/logo120.png","contentUrl":"https:\/\/jornalfatosenoticias.com.br\/wp-content\/uploads\/2020\/02\/logo120.png","width":1227,"height":120,"caption":"Jornal Fatos e Not\u00edcias"},"image":{"@id":"https:\/\/jornalfatosenoticias.com.br\/#\/schema\/logo\/image\/"}},{"@type":"Person","@id":"https:\/\/jornalfatosenoticias.com.br\/#\/schema\/person\/d63837fa13ac8666eb9e74e0985d6f81","name":"Luzimara Fernandes","image":{"@type":"ImageObject","inLanguage":"pt-BR","@id":"https:\/\/jornalfatosenoticias.com.br\/#\/schema\/person\/image\/","url":"https:\/\/jornalfatosenoticias.com.br\/wp-content\/uploads\/2025\/05\/EU_portal.jpg","contentUrl":"https:\/\/jornalfatosenoticias.com.br\/wp-content\/uploads\/2025\/05\/EU_portal.jpg","caption":"Luzimara Fernandes"},"description":"Jornalista MTB 2358-ES","sameAs":["https:\/\/jornalfatosenoticias.com.br"],"url":"https:\/\/jornalfatosenoticias.com.br\/index.php\/author\/luzimara\/"}]}},"cc_featured_image_caption":{"caption_text":"(Foto: Divulga\u00e7\u00e3o)","source_text":"","source_url":""},"jetpack_featured_media_url":"https:\/\/jornalfatosenoticias.com.br\/wp-content\/uploads\/2026\/03\/culinaria-da-Idade-da-Pedra.jpg","_links":{"self":[{"href":"https:\/\/jornalfatosenoticias.com.br\/index.php\/wp-json\/wp\/v2\/posts\/65930","targetHints":{"allow":["GET"]}}],"collection":[{"href":"https:\/\/jornalfatosenoticias.com.br\/index.php\/wp-json\/wp\/v2\/posts"}],"about":[{"href":"https:\/\/jornalfatosenoticias.com.br\/index.php\/wp-json\/wp\/v2\/types\/post"}],"author":[{"embeddable":true,"href":"https:\/\/jornalfatosenoticias.com.br\/index.php\/wp-json\/wp\/v2\/users\/2"}],"replies":[{"embeddable":true,"href":"https:\/\/jornalfatosenoticias.com.br\/index.php\/wp-json\/wp\/v2\/comments?post=65930"}],"version-history":[{"count":1,"href":"https:\/\/jornalfatosenoticias.com.br\/index.php\/wp-json\/wp\/v2\/posts\/65930\/revisions"}],"predecessor-version":[{"id":65932,"href":"https:\/\/jornalfatosenoticias.com.br\/index.php\/wp-json\/wp\/v2\/posts\/65930\/revisions\/65932"}],"wp:featuredmedia":[{"embeddable":true,"href":"https:\/\/jornalfatosenoticias.com.br\/index.php\/wp-json\/wp\/v2\/media\/65931"}],"wp:attachment":[{"href":"https:\/\/jornalfatosenoticias.com.br\/index.php\/wp-json\/wp\/v2\/media?parent=65930"}],"wp:term":[{"taxonomy":"category","embeddable":true,"href":"https:\/\/jornalfatosenoticias.com.br\/index.php\/wp-json\/wp\/v2\/categories?post=65930"},{"taxonomy":"post_tag","embeddable":true,"href":"https:\/\/jornalfatosenoticias.com.br\/index.php\/wp-json\/wp\/v2\/tags?post=65930"}],"curies":[{"name":"wp","href":"https:\/\/api.w.org\/{rel}","templated":true}]}}