{"id":65945,"date":"2026-03-16T15:52:04","date_gmt":"2026-03-16T18:52:04","guid":{"rendered":"https:\/\/jornalfatosenoticias.com.br\/?p=65945"},"modified":"2026-03-16T15:52:12","modified_gmt":"2026-03-16T18:52:12","slug":"fortlev-solar-lanca-circuito-de-eventos-2026-sobre-o-futuro-do-setor-fotovoltaico","status":"publish","type":"post","link":"https:\/\/jornalfatosenoticias.com.br\/index.php\/2026\/03\/16\/fortlev-solar-lanca-circuito-de-eventos-2026-sobre-o-futuro-do-setor-fotovoltaico\/","title":{"rendered":"Fortlev Solar lan\u00e7a circuito de eventos 2026 sobre o futuro do setor fotovoltaico"},"content":{"rendered":"\n<p><em><mark style=\"background-color:rgba(0, 0, 0, 0)\" class=\"has-inline-color has-black-color\">Inscri\u00e7\u00f5es s\u00e3o gratuitas e est\u00e3o abertas para integradores da Grande Vit\u00f3ria, com limite de duas vagas por CNPJ<\/mark><\/em><\/p>\n\n\n\n<p><mark style=\"background-color:rgba(0, 0, 0, 0)\" class=\"has-inline-color has-black-color\">Por <strong>Assessoria<\/strong><\/mark><\/p>\n\n\n\n<p>Com conte\u00fado t\u00e9cnico, networking e di\u00e1logo sobre tend\u00eancias e desafios do setor fotovoltaico, a Fortlev Solar realizar\u00e1 neste m\u00eas de mar\u00e7o o Energia em Movimento, um <em>roadshow<\/em> criado para ampliar o di\u00e1logo com integradores \u2014 profissionais respons\u00e1veis pela instala\u00e7\u00e3o de projetos solares. O primeiro evento acontecer\u00e1 na Serra, cidade onde fica a sede da empresa. As inscri\u00e7\u00f5es s\u00e3o gratuitas e est\u00e3o abertas para os integradores da Grande Vit\u00f3ria, com limite de duas vagas por CNPJ. Para participar, basta inscrever-se por meio da <a href=\"https:\/\/www.sympla.com.br\/evento\/energia-em-movimento-serra-es\/3320638\" target=\"_blank\" rel=\"noreferrer noopener\">plataforma Sympla<\/a>.<br>A programa\u00e7\u00e3o incluir\u00e1 palestras com especialistas, espa\u00e7o para perguntas e oportunidades de networking. Um dos destaques desta edi\u00e7\u00e3o ser\u00e1 a apresenta\u00e7\u00e3o sobre os impactos da Reforma Tribut\u00e1ria no setor. Al\u00e9m disso, os conte\u00fados abordar\u00e3o produtos, inova\u00e7\u00f5es e solu\u00e7\u00f5es financeiras que facilitam o dia a dia dos integradores e ampliam o acesso dos consumidores \u00e0 energia solar.<\/p>\n\n\n<div class=\"wp-block-image\">\n<figure class=\"aligncenter size-full is-resized\"><a href=\"https:\/\/www.origestaofinanceira.com.br\/\"><img loading=\"lazy\" decoding=\"async\" width=\"841\" height=\"881\" src=\"https:\/\/jornalfatosenoticias.com.br\/wp-content\/uploads\/2020\/02\/Ori-Gestao-Financeira.jpeg\" alt=\"\" class=\"wp-image-64779\" style=\"aspect-ratio:0.9546132537822288;width:292px;height:auto\" srcset=\"https:\/\/jornalfatosenoticias.com.br\/wp-content\/uploads\/2020\/02\/Ori-Gestao-Financeira.jpeg 841w, https:\/\/jornalfatosenoticias.com.br\/wp-content\/uploads\/2020\/02\/Ori-Gestao-Financeira-286x300.jpeg 286w, https:\/\/jornalfatosenoticias.com.br\/wp-content\/uploads\/2020\/02\/Ori-Gestao-Financeira-768x805.jpeg 768w\" sizes=\"auto, (max-width: 841px) 100vw, 841px\" \/><\/a><\/figure>\n<\/div>\n\n\n<blockquote class=\"wp-block-quote is-layout-flow wp-block-quote-is-layout-flow\">\n<p><mark style=\"background-color:rgba(0, 0, 0, 0)\" class=\"has-inline-color has-luminous-vivid-orange-color\">O Energia em Movimento nasceu para aproximar a Fortlev Solar dos integradores e fortalecer o mercado fotovoltaico no Brasil. Nesta edi\u00e7\u00e3o, queremos ampliar o di\u00e1logo, compartilhar conhecimento t\u00e9cnico e apresentar solu\u00e7\u00f5es que tornem os projetos mais eficientes e acess\u00edveis. Acreditamos que encontros presenciais s\u00e3o fundamentais para acompanhar de perto as transforma\u00e7\u00f5es do setor e impulsionar seu crescimento\u201d, afirma Eduardo Abreu, diretor comercial da Fortlev Solar.<\/mark><\/p>\n<\/blockquote>\n\n\n\n<p>Criado em 2025, o roadshow j\u00e1 percorreu mais de 20 cidades brasileiras e integra o calend\u00e1rio anual de eventos da empresa. A iniciativa busca fortalecer o relacionamento com integradores, ampliar a troca de conhecimento t\u00e9cnico e contribuir para o desenvolvimento sustent\u00e1vel do mercado fotovoltaico no pa\u00eds.<\/p>\n\n\n<div class=\"wp-block-image\">\n<figure class=\"aligncenter size-large\"><a href=\"https:\/\/www.controlsystems.com.br\/\"><img loading=\"lazy\" decoding=\"async\" width=\"1024\" height=\"109\" src=\"https:\/\/jornalfatosenoticias.com.br\/wp-content\/uploads\/2020\/02\/CONTROL-CS2-1024x109.jpg\" alt=\"\" class=\"wp-image-44989\" srcset=\"https:\/\/jornalfatosenoticias.com.br\/wp-content\/uploads\/2020\/02\/CONTROL-CS2-1024x109.jpg 1024w, https:\/\/jornalfatosenoticias.com.br\/wp-content\/uploads\/2020\/02\/CONTROL-CS2-300x32.jpg 300w, https:\/\/jornalfatosenoticias.com.br\/wp-content\/uploads\/2020\/02\/CONTROL-CS2-768x82.jpg 768w, https:\/\/jornalfatosenoticias.com.br\/wp-content\/uploads\/2020\/02\/CONTROL-CS2.jpg 1120w\" sizes=\"auto, (max-width: 1024px) 100vw, 1024px\" \/><\/a><\/figure>\n<\/div>\n\n\n<p><strong><mark style=\"background-color:rgba(0, 0, 0, 0)\" class=\"has-inline-color has-black-color\"><span style=\"text-decoration: underline;\">Palestrantes<\/span><br><\/mark>Maykow Torres \u2013 <\/strong>Presidente da Fortlev Solar<br><strong>Duda Abreu \u2013<\/strong> Diretor Comercial da Fortlev Solar<br><strong>Luan Scaquetti \u2013<\/strong> Gerente de Solu\u00e7\u00f5es de Pagamento da Fortlev Solar<br><strong>Dom\u00edcio Faustino \u2013<\/strong> Gerente de Marketing da Fortlev Solar<\/p>\n\n\n\n<p><strong><mark style=\"background-color:rgba(0, 0, 0, 0)\" class=\"has-inline-color has-black-color\"><span style=\"text-decoration: underline;\">Servi\u00e7o<\/span><br><\/mark><\/strong><em><mark style=\"background-color:rgba(0, 0, 0, 0)\" class=\"has-inline-color has-black-color\">Energia em Movimento \u2014 Fortlev Solar<br><\/mark><\/em>\ud83d\udcc5 <strong>Data: <\/strong>17 de mar\u00e7o<br>\ud83d\udd50 <strong>Hor\u00e1rio: <\/strong>das 13h \u00e0s 18h<br>\ud83c\udfaf <strong>P\u00fablico-alvo: <\/strong>integradores de energia solar<br>\ud83d\udcb2 <em>Evento gratuito<\/em><br>\ud83d\udc65 <strong>Limite: <\/strong>duas inscri\u00e7\u00f5es por CNPJ<br>\ud83d\udccd <strong>Local: <\/strong>Serra\/ES \u2014 Serra Grande Hotel &amp; Churrascaria \u2014 Av. Eldes Scherrer Souza, 870 \u2013 Serra, ES<br>\ud83d\udd17 <strong>Inscri\u00e7\u00f5es: <\/strong><a href=\"https:\/\/www.sympla.com.br\/evento\/energia-em-movimento-serra-es\/3320638\">Clique aqui!<\/a><\/p>\n\n\n<div class=\"wp-block-image\">\n<figure class=\"aligncenter size-large is-resized\"><a href=\"https:\/\/www.instagram.com\/serra4x4cambioautomatico\/\"><img loading=\"lazy\" decoding=\"async\" width=\"886\" height=\"1024\" src=\"https:\/\/jornalfatosenoticias.com.br\/wp-content\/uploads\/2024\/08\/Serra-4x4-1-886x1024.jpg\" alt=\"\" class=\"wp-image-53632\" style=\"aspect-ratio:0.8652406933513592;width:302px;height:auto\" srcset=\"https:\/\/jornalfatosenoticias.com.br\/wp-content\/uploads\/2024\/08\/Serra-4x4-1-886x1024.jpg 886w, https:\/\/jornalfatosenoticias.com.br\/wp-content\/uploads\/2024\/08\/Serra-4x4-1-260x300.jpg 260w, https:\/\/jornalfatosenoticias.com.br\/wp-content\/uploads\/2024\/08\/Serra-4x4-1-768x888.jpg 768w, https:\/\/jornalfatosenoticias.com.br\/wp-content\/uploads\/2024\/08\/Serra-4x4-1.jpg 1181w\" sizes=\"auto, (max-width: 886px) 100vw, 886px\" \/><\/a><\/figure>\n<\/div>\n\n\n<p><strong><mark style=\"background-color:rgba(0, 0, 0, 0)\" class=\"has-inline-color has-vivid-purple-color\">Sobre a Fortlev Solar<br><\/mark><\/strong>A Fortlev Solar oferece solu\u00e7\u00f5es inteligentes e inovadoras para energia solar. Trabalha com produtos de tecnologia avan\u00e7ada das principais marcas do mercado e desenvolve alternativas exclusivas para o setor, voltadas para facilitar o dia a dia dos seus clientes. Seu foco \u00e9 inovar com recursos simples e sustent\u00e1veis. Fundada em 2019, a empresa herda a credibilidade da Fortlev \u2014 l\u00edder nacional em armazenamento de \u00e1gua e com mais de 30 anos de atua\u00e7\u00e3o em reservat\u00f3rios, tubos e conex\u00f5es em PVC.<br>A marca atende integradores respons\u00e1veis pela instala\u00e7\u00e3o de sistemas solares em todo o pa\u00eds, oferecendo suporte t\u00e9cnico, seguran\u00e7a e efici\u00eancia na aquisi\u00e7\u00e3o de equipamentos. Entre seus diferenciais est\u00e3o a inova\u00e7\u00e3o, a qualidade dos produtos, a flexibilidade nas montagens, condi\u00e7\u00f5es facilitadas de pagamento e servi\u00e7os de pronta-entrega para todo o Brasil.<\/p>\n\n\n<div class=\"wp-block-image\">\n<figure class=\"aligncenter size-large\"><a href=\"https:\/\/mizu.com.br\/\"><img loading=\"lazy\" decoding=\"async\" width=\"1024\" height=\"99\" src=\"https:\/\/jornalfatosenoticias.com.br\/wp-content\/uploads\/2020\/02\/Logo-Mizu-segunda-2-1024x99.png\" alt=\"\" class=\"wp-image-2353\" srcset=\"https:\/\/jornalfatosenoticias.com.br\/wp-content\/uploads\/2020\/02\/Logo-Mizu-segunda-2-1024x99.png 1024w, https:\/\/jornalfatosenoticias.com.br\/wp-content\/uploads\/2020\/02\/Logo-Mizu-segunda-2-300x29.png 300w, https:\/\/jornalfatosenoticias.com.br\/wp-content\/uploads\/2020\/02\/Logo-Mizu-segunda-2-768x74.png 768w, https:\/\/jornalfatosenoticias.com.br\/wp-content\/uploads\/2020\/02\/Logo-Mizu-segunda-2.png 1240w\" sizes=\"auto, (max-width: 1024px) 100vw, 1024px\" \/><\/a><\/figure>\n<\/div>","protected":false},"excerpt":{"rendered":"<p>Inscri\u00e7\u00f5es s\u00e3o gratuitas e est\u00e3o abertas para integradores da Grande Vit\u00f3ria, com limite de duas vagas por CNPJ Por Assessoria Com conte\u00fado t\u00e9cnico, networking e di\u00e1logo sobre tend\u00eancias e desafios do setor fotovoltaico, a Fortlev Solar realizar\u00e1 neste m\u00eas de mar\u00e7o o Energia em Movimento, um roadshow criado para ampliar o di\u00e1logo com integradores \u2014 [&hellip;]<\/p>\n","protected":false},"author":3,"featured_media":65946,"comment_status":"open","ping_status":"open","sticky":false,"template":"","format":"standard","meta":{"footnotes":""},"categories":[3],"tags":[30009,599,30010,30011,30012],"class_list":["post-65945","post","type-post","status-publish","format-standard","has-post-thumbnail","hentry","category-tecnologia","tag-energia-em-movimento","tag-energia-solar","tag-fortlev-solar","tag-mercado-fotovoltaico","tag-solucoes-inteligentes"],"yoast_head":"<!-- This site is optimized with the Yoast SEO plugin v26.5 - https:\/\/yoast.com\/wordpress\/plugins\/seo\/ -->\n<title>Fortlev Solar lan\u00e7a circuito de eventos 2026 sobre o futuro do setor fotovoltaico - Jornal Fatos e Not\u00edcias<\/title>\n<meta name=\"robots\" content=\"index, follow, max-snippet:-1, max-image-preview:large, max-video-preview:-1\" \/>\n<link rel=\"canonical\" href=\"https:\/\/jornalfatosenoticias.com.br\/index.php\/2026\/03\/16\/fortlev-solar-lanca-circuito-de-eventos-2026-sobre-o-futuro-do-setor-fotovoltaico\/\" \/>\n<meta property=\"og:locale\" content=\"pt_BR\" \/>\n<meta property=\"og:type\" content=\"article\" \/>\n<meta property=\"og:title\" content=\"Fortlev Solar lan\u00e7a circuito de eventos 2026 sobre o futuro do setor fotovoltaico - Jornal Fatos e Not\u00edcias\" \/>\n<meta property=\"og:description\" content=\"Inscri\u00e7\u00f5es s\u00e3o gratuitas e est\u00e3o abertas para integradores da Grande Vit\u00f3ria, com limite de duas vagas por CNPJ Por Assessoria Com conte\u00fado t\u00e9cnico, networking e di\u00e1logo sobre tend\u00eancias e desafios do setor fotovoltaico, a Fortlev Solar realizar\u00e1 neste m\u00eas de mar\u00e7o o Energia em Movimento, um roadshow criado para ampliar o di\u00e1logo com integradores \u2014 [&hellip;]\" \/>\n<meta property=\"og:url\" content=\"https:\/\/jornalfatosenoticias.com.br\/index.php\/2026\/03\/16\/fortlev-solar-lanca-circuito-de-eventos-2026-sobre-o-futuro-do-setor-fotovoltaico\/\" \/>\n<meta property=\"og:site_name\" content=\"Jornal Fatos e Not\u00edcias\" \/>\n<meta property=\"article:published_time\" content=\"2026-03-16T18:52:04+00:00\" \/>\n<meta property=\"article:modified_time\" content=\"2026-03-16T18:52:12+00:00\" \/>\n<meta property=\"og:image\" content=\"https:\/\/jornalfatosenoticias.com.br\/wp-content\/uploads\/2026\/03\/Energia-em-Movimento-edicao-2025-.jpg.jpeg\" \/>\n\t<meta property=\"og:image:width\" content=\"1000\" \/>\n\t<meta property=\"og:image:height\" content=\"666\" \/>\n\t<meta property=\"og:image:type\" content=\"image\/jpeg\" \/>\n<meta name=\"author\" content=\"Haroldo Filho\" \/>\n<meta name=\"twitter:card\" content=\"summary_large_image\" \/>\n<meta name=\"twitter:label1\" content=\"Escrito por\" \/>\n\t<meta name=\"twitter:data1\" content=\"Haroldo Filho\" \/>\n\t<meta name=\"twitter:label2\" content=\"Est. tempo de leitura\" \/>\n\t<meta name=\"twitter:data2\" content=\"4 minutos\" \/>\n<script type=\"application\/ld+json\" class=\"yoast-schema-graph\">{\"@context\":\"https:\/\/schema.org\",\"@graph\":[{\"@type\":\"Article\",\"@id\":\"https:\/\/jornalfatosenoticias.com.br\/index.php\/2026\/03\/16\/fortlev-solar-lanca-circuito-de-eventos-2026-sobre-o-futuro-do-setor-fotovoltaico\/#article\",\"isPartOf\":{\"@id\":\"https:\/\/jornalfatosenoticias.com.br\/index.php\/2026\/03\/16\/fortlev-solar-lanca-circuito-de-eventos-2026-sobre-o-futuro-do-setor-fotovoltaico\/\"},\"author\":{\"name\":\"Haroldo Filho\",\"@id\":\"https:\/\/jornalfatosenoticias.com.br\/#\/schema\/person\/05c46cc25b42a5c27e004fb0fa6b4965\"},\"headline\":\"Fortlev Solar lan\u00e7a circuito de eventos 2026 sobre o futuro do setor fotovoltaico\",\"datePublished\":\"2026-03-16T18:52:04+00:00\",\"dateModified\":\"2026-03-16T18:52:12+00:00\",\"mainEntityOfPage\":{\"@id\":\"https:\/\/jornalfatosenoticias.com.br\/index.php\/2026\/03\/16\/fortlev-solar-lanca-circuito-de-eventos-2026-sobre-o-futuro-do-setor-fotovoltaico\/\"},\"wordCount\":549,\"commentCount\":0,\"publisher\":{\"@id\":\"https:\/\/jornalfatosenoticias.com.br\/#organization\"},\"image\":{\"@id\":\"https:\/\/jornalfatosenoticias.com.br\/index.php\/2026\/03\/16\/fortlev-solar-lanca-circuito-de-eventos-2026-sobre-o-futuro-do-setor-fotovoltaico\/#primaryimage\"},\"thumbnailUrl\":\"https:\/\/jornalfatosenoticias.com.br\/wp-content\/uploads\/2026\/03\/Energia-em-Movimento-edicao-2025-.jpg.jpeg\",\"keywords\":[\"Energia em Movimento\",\"energia solar\",\"Fortlev Solar\",\"mercado fotovoltaico\",\"solu\u00e7\u00f5es inteligentes\"],\"articleSection\":[\"Tecnologia &amp; Inova\u00e7\u00e3o\"],\"inLanguage\":\"pt-BR\",\"potentialAction\":[{\"@type\":\"CommentAction\",\"name\":\"Comment\",\"target\":[\"https:\/\/jornalfatosenoticias.com.br\/index.php\/2026\/03\/16\/fortlev-solar-lanca-circuito-de-eventos-2026-sobre-o-futuro-do-setor-fotovoltaico\/#respond\"]}]},{\"@type\":\"WebPage\",\"@id\":\"https:\/\/jornalfatosenoticias.com.br\/index.php\/2026\/03\/16\/fortlev-solar-lanca-circuito-de-eventos-2026-sobre-o-futuro-do-setor-fotovoltaico\/\",\"url\":\"https:\/\/jornalfatosenoticias.com.br\/index.php\/2026\/03\/16\/fortlev-solar-lanca-circuito-de-eventos-2026-sobre-o-futuro-do-setor-fotovoltaico\/\",\"name\":\"Fortlev Solar lan\u00e7a circuito de eventos 2026 sobre o futuro do setor fotovoltaico - Jornal Fatos e Not\u00edcias\",\"isPartOf\":{\"@id\":\"https:\/\/jornalfatosenoticias.com.br\/#website\"},\"primaryImageOfPage\":{\"@id\":\"https:\/\/jornalfatosenoticias.com.br\/index.php\/2026\/03\/16\/fortlev-solar-lanca-circuito-de-eventos-2026-sobre-o-futuro-do-setor-fotovoltaico\/#primaryimage\"},\"image\":{\"@id\":\"https:\/\/jornalfatosenoticias.com.br\/index.php\/2026\/03\/16\/fortlev-solar-lanca-circuito-de-eventos-2026-sobre-o-futuro-do-setor-fotovoltaico\/#primaryimage\"},\"thumbnailUrl\":\"https:\/\/jornalfatosenoticias.com.br\/wp-content\/uploads\/2026\/03\/Energia-em-Movimento-edicao-2025-.jpg.jpeg\",\"datePublished\":\"2026-03-16T18:52:04+00:00\",\"dateModified\":\"2026-03-16T18:52:12+00:00\",\"breadcrumb\":{\"@id\":\"https:\/\/jornalfatosenoticias.com.br\/index.php\/2026\/03\/16\/fortlev-solar-lanca-circuito-de-eventos-2026-sobre-o-futuro-do-setor-fotovoltaico\/#breadcrumb\"},\"inLanguage\":\"pt-BR\",\"potentialAction\":[{\"@type\":\"ReadAction\",\"target\":[\"https:\/\/jornalfatosenoticias.com.br\/index.php\/2026\/03\/16\/fortlev-solar-lanca-circuito-de-eventos-2026-sobre-o-futuro-do-setor-fotovoltaico\/\"]}]},{\"@type\":\"ImageObject\",\"inLanguage\":\"pt-BR\",\"@id\":\"https:\/\/jornalfatosenoticias.com.br\/index.php\/2026\/03\/16\/fortlev-solar-lanca-circuito-de-eventos-2026-sobre-o-futuro-do-setor-fotovoltaico\/#primaryimage\",\"url\":\"https:\/\/jornalfatosenoticias.com.br\/wp-content\/uploads\/2026\/03\/Energia-em-Movimento-edicao-2025-.jpg.jpeg\",\"contentUrl\":\"https:\/\/jornalfatosenoticias.com.br\/wp-content\/uploads\/2026\/03\/Energia-em-Movimento-edicao-2025-.jpg.jpeg\",\"width\":1000,\"height\":666},{\"@type\":\"BreadcrumbList\",\"@id\":\"https:\/\/jornalfatosenoticias.com.br\/index.php\/2026\/03\/16\/fortlev-solar-lanca-circuito-de-eventos-2026-sobre-o-futuro-do-setor-fotovoltaico\/#breadcrumb\",\"itemListElement\":[{\"@type\":\"ListItem\",\"position\":1,\"name\":\"In\u00edcio\",\"item\":\"https:\/\/jornalfatosenoticias.com.br\/\"},{\"@type\":\"ListItem\",\"position\":2,\"name\":\"Fortlev Solar lan\u00e7a circuito de eventos 2026 sobre o futuro do setor fotovoltaico\"}]},{\"@type\":\"WebSite\",\"@id\":\"https:\/\/jornalfatosenoticias.com.br\/#website\",\"url\":\"https:\/\/jornalfatosenoticias.com.br\/\",\"name\":\"Jornal Fatos e Not\u00edcias\",\"description\":\"Not\u00edcias em geral\",\"publisher\":{\"@id\":\"https:\/\/jornalfatosenoticias.com.br\/#organization\"},\"potentialAction\":[{\"@type\":\"SearchAction\",\"target\":{\"@type\":\"EntryPoint\",\"urlTemplate\":\"https:\/\/jornalfatosenoticias.com.br\/?s={search_term_string}\"},\"query-input\":{\"@type\":\"PropertyValueSpecification\",\"valueRequired\":true,\"valueName\":\"search_term_string\"}}],\"inLanguage\":\"pt-BR\"},{\"@type\":\"Organization\",\"@id\":\"https:\/\/jornalfatosenoticias.com.br\/#organization\",\"name\":\"Jornal Fatos e Not\u00edcias\",\"url\":\"https:\/\/jornalfatosenoticias.com.br\/\",\"logo\":{\"@type\":\"ImageObject\",\"inLanguage\":\"pt-BR\",\"@id\":\"https:\/\/jornalfatosenoticias.com.br\/#\/schema\/logo\/image\/\",\"url\":\"https:\/\/jornalfatosenoticias.com.br\/wp-content\/uploads\/2020\/02\/logo120.png\",\"contentUrl\":\"https:\/\/jornalfatosenoticias.com.br\/wp-content\/uploads\/2020\/02\/logo120.png\",\"width\":1227,\"height\":120,\"caption\":\"Jornal Fatos e Not\u00edcias\"},\"image\":{\"@id\":\"https:\/\/jornalfatosenoticias.com.br\/#\/schema\/logo\/image\/\"}},{\"@type\":\"Person\",\"@id\":\"https:\/\/jornalfatosenoticias.com.br\/#\/schema\/person\/05c46cc25b42a5c27e004fb0fa6b4965\",\"name\":\"Haroldo Filho\",\"image\":{\"@type\":\"ImageObject\",\"inLanguage\":\"pt-BR\",\"@id\":\"https:\/\/jornalfatosenoticias.com.br\/#\/schema\/person\/image\/\",\"url\":\"https:\/\/jornalfatosenoticias.com.br\/wp-content\/uploads\/2025\/08\/WhatsApp-Image-2025-08-18-at-15.30.28-150x150.jpeg\",\"contentUrl\":\"https:\/\/jornalfatosenoticias.com.br\/wp-content\/uploads\/2025\/08\/WhatsApp-Image-2025-08-18-at-15.30.28-150x150.jpeg\",\"caption\":\"Haroldo Filho\"},\"description\":\"Jornalista \u2013 DRT: 0003818\/ES Coordenador-geral da ONG Educar para Crescer\",\"url\":\"https:\/\/jornalfatosenoticias.com.br\/index.php\/author\/haroldo\/\"}]}<\/script>\n<!-- \/ Yoast SEO plugin. -->","yoast_head_json":{"title":"Fortlev Solar lan\u00e7a circuito de eventos 2026 sobre o futuro do setor fotovoltaico - Jornal Fatos e Not\u00edcias","robots":{"index":"index","follow":"follow","max-snippet":"max-snippet:-1","max-image-preview":"max-image-preview:large","max-video-preview":"max-video-preview:-1"},"canonical":"https:\/\/jornalfatosenoticias.com.br\/index.php\/2026\/03\/16\/fortlev-solar-lanca-circuito-de-eventos-2026-sobre-o-futuro-do-setor-fotovoltaico\/","og_locale":"pt_BR","og_type":"article","og_title":"Fortlev Solar lan\u00e7a circuito de eventos 2026 sobre o futuro do setor fotovoltaico - Jornal Fatos e Not\u00edcias","og_description":"Inscri\u00e7\u00f5es s\u00e3o gratuitas e est\u00e3o abertas para integradores da Grande Vit\u00f3ria, com limite de duas vagas por CNPJ Por Assessoria Com conte\u00fado t\u00e9cnico, networking e di\u00e1logo sobre tend\u00eancias e desafios do setor fotovoltaico, a Fortlev Solar realizar\u00e1 neste m\u00eas de mar\u00e7o o Energia em Movimento, um roadshow criado para ampliar o di\u00e1logo com integradores \u2014 [&hellip;]","og_url":"https:\/\/jornalfatosenoticias.com.br\/index.php\/2026\/03\/16\/fortlev-solar-lanca-circuito-de-eventos-2026-sobre-o-futuro-do-setor-fotovoltaico\/","og_site_name":"Jornal Fatos e Not\u00edcias","article_published_time":"2026-03-16T18:52:04+00:00","article_modified_time":"2026-03-16T18:52:12+00:00","og_image":[{"width":1000,"height":666,"url":"https:\/\/jornalfatosenoticias.com.br\/wp-content\/uploads\/2026\/03\/Energia-em-Movimento-edicao-2025-.jpg.jpeg","type":"image\/jpeg"}],"author":"Haroldo Filho","twitter_card":"summary_large_image","twitter_misc":{"Escrito por":"Haroldo Filho","Est. tempo de leitura":"4 minutos"},"schema":{"@context":"https:\/\/schema.org","@graph":[{"@type":"Article","@id":"https:\/\/jornalfatosenoticias.com.br\/index.php\/2026\/03\/16\/fortlev-solar-lanca-circuito-de-eventos-2026-sobre-o-futuro-do-setor-fotovoltaico\/#article","isPartOf":{"@id":"https:\/\/jornalfatosenoticias.com.br\/index.php\/2026\/03\/16\/fortlev-solar-lanca-circuito-de-eventos-2026-sobre-o-futuro-do-setor-fotovoltaico\/"},"author":{"name":"Haroldo Filho","@id":"https:\/\/jornalfatosenoticias.com.br\/#\/schema\/person\/05c46cc25b42a5c27e004fb0fa6b4965"},"headline":"Fortlev Solar lan\u00e7a circuito de eventos 2026 sobre o futuro do setor fotovoltaico","datePublished":"2026-03-16T18:52:04+00:00","dateModified":"2026-03-16T18:52:12+00:00","mainEntityOfPage":{"@id":"https:\/\/jornalfatosenoticias.com.br\/index.php\/2026\/03\/16\/fortlev-solar-lanca-circuito-de-eventos-2026-sobre-o-futuro-do-setor-fotovoltaico\/"},"wordCount":549,"commentCount":0,"publisher":{"@id":"https:\/\/jornalfatosenoticias.com.br\/#organization"},"image":{"@id":"https:\/\/jornalfatosenoticias.com.br\/index.php\/2026\/03\/16\/fortlev-solar-lanca-circuito-de-eventos-2026-sobre-o-futuro-do-setor-fotovoltaico\/#primaryimage"},"thumbnailUrl":"https:\/\/jornalfatosenoticias.com.br\/wp-content\/uploads\/2026\/03\/Energia-em-Movimento-edicao-2025-.jpg.jpeg","keywords":["Energia em Movimento","energia solar","Fortlev Solar","mercado fotovoltaico","solu\u00e7\u00f5es inteligentes"],"articleSection":["Tecnologia &amp; Inova\u00e7\u00e3o"],"inLanguage":"pt-BR","potentialAction":[{"@type":"CommentAction","name":"Comment","target":["https:\/\/jornalfatosenoticias.com.br\/index.php\/2026\/03\/16\/fortlev-solar-lanca-circuito-de-eventos-2026-sobre-o-futuro-do-setor-fotovoltaico\/#respond"]}]},{"@type":"WebPage","@id":"https:\/\/jornalfatosenoticias.com.br\/index.php\/2026\/03\/16\/fortlev-solar-lanca-circuito-de-eventos-2026-sobre-o-futuro-do-setor-fotovoltaico\/","url":"https:\/\/jornalfatosenoticias.com.br\/index.php\/2026\/03\/16\/fortlev-solar-lanca-circuito-de-eventos-2026-sobre-o-futuro-do-setor-fotovoltaico\/","name":"Fortlev Solar lan\u00e7a circuito de eventos 2026 sobre o futuro do setor fotovoltaico - Jornal Fatos e Not\u00edcias","isPartOf":{"@id":"https:\/\/jornalfatosenoticias.com.br\/#website"},"primaryImageOfPage":{"@id":"https:\/\/jornalfatosenoticias.com.br\/index.php\/2026\/03\/16\/fortlev-solar-lanca-circuito-de-eventos-2026-sobre-o-futuro-do-setor-fotovoltaico\/#primaryimage"},"image":{"@id":"https:\/\/jornalfatosenoticias.com.br\/index.php\/2026\/03\/16\/fortlev-solar-lanca-circuito-de-eventos-2026-sobre-o-futuro-do-setor-fotovoltaico\/#primaryimage"},"thumbnailUrl":"https:\/\/jornalfatosenoticias.com.br\/wp-content\/uploads\/2026\/03\/Energia-em-Movimento-edicao-2025-.jpg.jpeg","datePublished":"2026-03-16T18:52:04+00:00","dateModified":"2026-03-16T18:52:12+00:00","breadcrumb":{"@id":"https:\/\/jornalfatosenoticias.com.br\/index.php\/2026\/03\/16\/fortlev-solar-lanca-circuito-de-eventos-2026-sobre-o-futuro-do-setor-fotovoltaico\/#breadcrumb"},"inLanguage":"pt-BR","potentialAction":[{"@type":"ReadAction","target":["https:\/\/jornalfatosenoticias.com.br\/index.php\/2026\/03\/16\/fortlev-solar-lanca-circuito-de-eventos-2026-sobre-o-futuro-do-setor-fotovoltaico\/"]}]},{"@type":"ImageObject","inLanguage":"pt-BR","@id":"https:\/\/jornalfatosenoticias.com.br\/index.php\/2026\/03\/16\/fortlev-solar-lanca-circuito-de-eventos-2026-sobre-o-futuro-do-setor-fotovoltaico\/#primaryimage","url":"https:\/\/jornalfatosenoticias.com.br\/wp-content\/uploads\/2026\/03\/Energia-em-Movimento-edicao-2025-.jpg.jpeg","contentUrl":"https:\/\/jornalfatosenoticias.com.br\/wp-content\/uploads\/2026\/03\/Energia-em-Movimento-edicao-2025-.jpg.jpeg","width":1000,"height":666},{"@type":"BreadcrumbList","@id":"https:\/\/jornalfatosenoticias.com.br\/index.php\/2026\/03\/16\/fortlev-solar-lanca-circuito-de-eventos-2026-sobre-o-futuro-do-setor-fotovoltaico\/#breadcrumb","itemListElement":[{"@type":"ListItem","position":1,"name":"In\u00edcio","item":"https:\/\/jornalfatosenoticias.com.br\/"},{"@type":"ListItem","position":2,"name":"Fortlev Solar lan\u00e7a circuito de eventos 2026 sobre o futuro do setor fotovoltaico"}]},{"@type":"WebSite","@id":"https:\/\/jornalfatosenoticias.com.br\/#website","url":"https:\/\/jornalfatosenoticias.com.br\/","name":"Jornal Fatos e Not\u00edcias","description":"Not\u00edcias em geral","publisher":{"@id":"https:\/\/jornalfatosenoticias.com.br\/#organization"},"potentialAction":[{"@type":"SearchAction","target":{"@type":"EntryPoint","urlTemplate":"https:\/\/jornalfatosenoticias.com.br\/?s={search_term_string}"},"query-input":{"@type":"PropertyValueSpecification","valueRequired":true,"valueName":"search_term_string"}}],"inLanguage":"pt-BR"},{"@type":"Organization","@id":"https:\/\/jornalfatosenoticias.com.br\/#organization","name":"Jornal Fatos e Not\u00edcias","url":"https:\/\/jornalfatosenoticias.com.br\/","logo":{"@type":"ImageObject","inLanguage":"pt-BR","@id":"https:\/\/jornalfatosenoticias.com.br\/#\/schema\/logo\/image\/","url":"https:\/\/jornalfatosenoticias.com.br\/wp-content\/uploads\/2020\/02\/logo120.png","contentUrl":"https:\/\/jornalfatosenoticias.com.br\/wp-content\/uploads\/2020\/02\/logo120.png","width":1227,"height":120,"caption":"Jornal Fatos e Not\u00edcias"},"image":{"@id":"https:\/\/jornalfatosenoticias.com.br\/#\/schema\/logo\/image\/"}},{"@type":"Person","@id":"https:\/\/jornalfatosenoticias.com.br\/#\/schema\/person\/05c46cc25b42a5c27e004fb0fa6b4965","name":"Haroldo Filho","image":{"@type":"ImageObject","inLanguage":"pt-BR","@id":"https:\/\/jornalfatosenoticias.com.br\/#\/schema\/person\/image\/","url":"https:\/\/jornalfatosenoticias.com.br\/wp-content\/uploads\/2025\/08\/WhatsApp-Image-2025-08-18-at-15.30.28-150x150.jpeg","contentUrl":"https:\/\/jornalfatosenoticias.com.br\/wp-content\/uploads\/2025\/08\/WhatsApp-Image-2025-08-18-at-15.30.28-150x150.jpeg","caption":"Haroldo Filho"},"description":"Jornalista \u2013 DRT: 0003818\/ES Coordenador-geral da ONG Educar para Crescer","url":"https:\/\/jornalfatosenoticias.com.br\/index.php\/author\/haroldo\/"}]}},"cc_featured_image_caption":{"caption_text":"(Foto: Divulga\u00e7\u00e3o Fortlev Solar)","source_text":"","source_url":""},"jetpack_featured_media_url":"https:\/\/jornalfatosenoticias.com.br\/wp-content\/uploads\/2026\/03\/Energia-em-Movimento-edicao-2025-.jpg.jpeg","_links":{"self":[{"href":"https:\/\/jornalfatosenoticias.com.br\/index.php\/wp-json\/wp\/v2\/posts\/65945","targetHints":{"allow":["GET"]}}],"collection":[{"href":"https:\/\/jornalfatosenoticias.com.br\/index.php\/wp-json\/wp\/v2\/posts"}],"about":[{"href":"https:\/\/jornalfatosenoticias.com.br\/index.php\/wp-json\/wp\/v2\/types\/post"}],"author":[{"embeddable":true,"href":"https:\/\/jornalfatosenoticias.com.br\/index.php\/wp-json\/wp\/v2\/users\/3"}],"replies":[{"embeddable":true,"href":"https:\/\/jornalfatosenoticias.com.br\/index.php\/wp-json\/wp\/v2\/comments?post=65945"}],"version-history":[{"count":2,"href":"https:\/\/jornalfatosenoticias.com.br\/index.php\/wp-json\/wp\/v2\/posts\/65945\/revisions"}],"predecessor-version":[{"id":65948,"href":"https:\/\/jornalfatosenoticias.com.br\/index.php\/wp-json\/wp\/v2\/posts\/65945\/revisions\/65948"}],"wp:featuredmedia":[{"embeddable":true,"href":"https:\/\/jornalfatosenoticias.com.br\/index.php\/wp-json\/wp\/v2\/media\/65946"}],"wp:attachment":[{"href":"https:\/\/jornalfatosenoticias.com.br\/index.php\/wp-json\/wp\/v2\/media?parent=65945"}],"wp:term":[{"taxonomy":"category","embeddable":true,"href":"https:\/\/jornalfatosenoticias.com.br\/index.php\/wp-json\/wp\/v2\/categories?post=65945"},{"taxonomy":"post_tag","embeddable":true,"href":"https:\/\/jornalfatosenoticias.com.br\/index.php\/wp-json\/wp\/v2\/tags?post=65945"}],"curies":[{"name":"wp","href":"https:\/\/api.w.org\/{rel}","templated":true}]}}