{"id":65949,"date":"2026-03-16T16:12:52","date_gmt":"2026-03-16T19:12:52","guid":{"rendered":"https:\/\/jornalfatosenoticias.com.br\/?p=65949"},"modified":"2026-03-16T16:13:39","modified_gmt":"2026-03-16T19:13:39","slug":"lula-consertou-rombo-fiscal-de-bolsonaro-entenda-a-fake-news-do-governo","status":"publish","type":"post","link":"https:\/\/jornalfatosenoticias.com.br\/index.php\/2026\/03\/16\/lula-consertou-rombo-fiscal-de-bolsonaro-entenda-a-fake-news-do-governo\/","title":{"rendered":"Lula consertou rombo fiscal de Bolsonaro? Entenda a fake news do governo"},"content":{"rendered":"\n<p><mark style=\"background-color:rgba(0, 0, 0, 0)\" class=\"has-inline-color has-black-color\"><em>Dados contradizem narrativa do governo Lula sobre &#8220;rombo fiscal&#8221; deixado pelo governo Bolsonaro<\/em><\/mark><\/p>\n\n\n\n<p><mark style=\"background-color:rgba(0, 0, 0, 0)\" class=\"has-inline-color has-black-color\">Por <strong><a href=\"https:\/\/www.gazetadopovo.com.br\/autor\/vandre-kramer\/\">Vandr\u00e9 Kramer<\/a><\/strong><\/mark><\/p>\n\n\n\n<p>N\u00e3o \u00e9 de hoje que o governo Lula (PT) culpa o ex-presidente Jair Bolsonaro (PL) pela deteriora\u00e7\u00e3o das contas p\u00fablicas. Uma das principais cr\u00edticas vem do ministro da Fazenda, Fernando Haddad, que no final de janeiro afirmou que Lula teve que consertar um rombo fiscal deixado pelo antecessor. No in\u00edcio de fevereiro, o ministro subiu o tom e disse que houve &#8220;estupro das contas p\u00fablicas&#8221; por Bolsonaro. &#8220;O que aconteceu de 2022 para 2023 \u00e9 uma esp\u00e9cie de estupro das contas p\u00fablicas. Uma coisa alucinada que aconteceu&#8221;, afirmou o ministro. Ele tamb\u00e9m denunciou o que chamou de maquiagem cont\u00e1bil: &#8220;foi a mais ardilosa j\u00e1 vista na hist\u00f3ria do Brasil&#8221;. Na avalia\u00e7\u00e3o de Haddad, Bolsonaro criou um super\u00e1vit artificial em seu \u00faltimo ano de governo para depois entregar um or\u00e7amento deficit\u00e1rio em 2023.<\/p>\n\n\n\n<blockquote class=\"wp-block-quote is-layout-flow wp-block-quote-is-layout-flow\">\n<p>Os dados, no entanto, contam uma hist\u00f3ria diferente. Em 2022, as contas p\u00fablicas registraram super\u00e1vit prim\u00e1rio de 1,25% do PIB \u2014 o melhor resultado em oito anos, impulsionado por receitas extraordin\u00e1rias e pela recupera\u00e7\u00e3o econ\u00f4mica p\u00f3s-pandemia. Ainda assim, o resultado acumulado em 12 meses j\u00e1 recuava desde agosto daquele ano.<\/p>\n<\/blockquote>\n\n\n<div class=\"wp-block-image\">\n<figure class=\"aligncenter size-large is-resized\"><a href=\"https:\/\/www.facebook.com\/profile.php?id=100069289606145\"><img loading=\"lazy\" decoding=\"async\" width=\"1024\" height=\"714\" src=\"https:\/\/jornalfatosenoticias.com.br\/wp-content\/uploads\/2024\/11\/Guaitolini-Contabilidade-1024x714.jpeg\" alt=\"\" class=\"wp-image-55808\" style=\"aspect-ratio:1.4342119304236474;width:353px;height:auto\" srcset=\"https:\/\/jornalfatosenoticias.com.br\/wp-content\/uploads\/2024\/11\/Guaitolini-Contabilidade-1024x714.jpeg 1024w, https:\/\/jornalfatosenoticias.com.br\/wp-content\/uploads\/2024\/11\/Guaitolini-Contabilidade-300x209.jpeg 300w, https:\/\/jornalfatosenoticias.com.br\/wp-content\/uploads\/2024\/11\/Guaitolini-Contabilidade-768x535.jpeg 768w, https:\/\/jornalfatosenoticias.com.br\/wp-content\/uploads\/2024\/11\/Guaitolini-Contabilidade.jpeg 1280w\" sizes=\"auto, (max-width: 1024px) 100vw, 1024px\" \/><\/a><\/figure>\n<\/div>\n\n\n<p>De l\u00e1 para c\u00e1, na atual gest\u00e3o Lula, as contas n\u00e3o sa\u00edram do vermelho. O petista encerrou 2025, terceiro ano de mandato, com d\u00e9ficit prim\u00e1rio de 0,43% do PIB \u2014 ligeiramente acima dos 0,4% registrados em 2024. Em 36 meses, o azul apareceu em apenas sete, sempre sustentado por receitas extraordin\u00e1rias. O endividamento p\u00fablico registrou salto de sete pontos percentuais no per\u00edodo, chegando a 78,7% do PIB, alta equivalente \u00e0 acumulada nos sete anos anteriores.<\/p>\n\n\n\n<p><strong><mark style=\"background-color:rgba(0, 0, 0, 0)\" class=\"has-inline-color has-black-color\">Despesa subiu tr\u00eas vezes mais do que com Bolsonaro<br><\/mark><\/strong>Para Alexandre Manoel, s\u00f3cio da consultoria GIA (Global Intelligence and Analytics), a causa central da deteriora\u00e7\u00e3o fiscal \u00e9 a expans\u00e3o de despesas permanentes indexadas, como as vinculadas ao sal\u00e1rio m\u00ednimo. Entre 2019 e 2022, o crescimento real da despesa foi de 5,6% \u2014 per\u00edodo marcado pelos impactos da pandemia. O d\u00e9ficit prim\u00e1rio chegou ao pico de 9,2% do PIB em dezembro de 2020, mas recuou para menos de 1% apenas nove meses depois.<br>No terceiro mandato de Lula, o ritmo foi muito mais acelerado: crescimento real de 15,4% entre 2023 e 2025 \u2014 quase tr\u00eas vezes o registrado em todo o governo Bolsonaro \u2014 o equivalente a mais de R$ 324,5 bilh\u00f5es. O esfor\u00e7o necess\u00e1rio para estabilizar a d\u00edvida, segundo Manoel, j\u00e1 se aproxima de 4% do PIB, superior ao exigido ap\u00f3s o governo Dilma. O dado leva em conta despesas fora da meta e outros mecanismos que ficam fora do resultado oficial. A compara\u00e7\u00e3o hist\u00f3rica \u00e9 reveladora: ao fim do governo Dilma, o ajuste necess\u00e1rio era de 3,5% do PIB; caiu para 1,2% com Temer e para 0,7% quando Bolsonaro deixou o Planalto. &#8220;Ap\u00f3s 2023, observa-se acelera\u00e7\u00e3o da despesa e deteriora\u00e7\u00e3o da execu\u00e7\u00e3o or\u00e7ament\u00e1ria e financeira&#8221;, afirmou Manoel.<\/p>\n\n\n<div class=\"wp-block-image\">\n<figure class=\"aligncenter size-full is-resized\"><a href=\"https:\/\/www.instagram.com\/kalynecalais\/\"><img loading=\"lazy\" decoding=\"async\" width=\"969\" height=\"406\" src=\"https:\/\/jornalfatosenoticias.com.br\/wp-content\/uploads\/2024\/09\/Legis-Juris-Consultoria_logo.jpg\" alt=\"\" class=\"wp-image-53915\" style=\"aspect-ratio:2.3867874267448057;width:477px;height:auto\" srcset=\"https:\/\/jornalfatosenoticias.com.br\/wp-content\/uploads\/2024\/09\/Legis-Juris-Consultoria_logo.jpg 969w, https:\/\/jornalfatosenoticias.com.br\/wp-content\/uploads\/2024\/09\/Legis-Juris-Consultoria_logo-300x126.jpg 300w, https:\/\/jornalfatosenoticias.com.br\/wp-content\/uploads\/2024\/09\/Legis-Juris-Consultoria_logo-768x322.jpg 768w\" sizes=\"auto, (max-width: 969px) 100vw, 969px\" \/><\/a><\/figure>\n<\/div>\n\n\n<p><strong><mark style=\"background-color:rgba(0, 0, 0, 0)\" class=\"has-inline-color has-black-color\">&#8220;Lula 3&#8221; tem mais cara de Dilma do que de Lula 1 e 2<br><\/mark><\/strong>A trajet\u00f3ria fiscal do terceiro mandato de Lula se assemelha mais \u00e0 dos dois governos Dilma, que terminaram com forte deteriora\u00e7\u00e3o das contas p\u00fablicas, do que \u00e0 dos seus pr\u00f3prios dois primeiros mandatos. Ao fim do primeiro mandato de Lula, em 2006, a d\u00edvida p\u00fablica era de 55,5% do PIB. Quatro anos depois, ao transferir o cargo para Dilma Rousseff, havia recuado para 51,7%. Mesmo com a crise financeira global de 2008, o pa\u00eds manteve super\u00e1vits prim\u00e1rios ao longo de todo o per\u00edodo. Dilma herdou um super\u00e1vit prim\u00e1rio de 2,6% do PIB, mas encerrou o governo com d\u00e9ficit de 2,5% e d\u00edvida bruta de 67,6% do PIB \u2014 alta de quase 16 pontos percentuais em pouco mais de cinco anos.<\/p>\n\n\n<div class=\"wp-block-image\">\n<figure class=\"aligncenter size-full\"><img loading=\"lazy\" decoding=\"async\" width=\"666\" height=\"1000\" src=\"https:\/\/jornalfatosenoticias.com.br\/wp-content\/uploads\/2026\/03\/ChatGPT-Image_rombo-fiscal-Lula.png\" alt=\"\" class=\"wp-image-65950\" srcset=\"https:\/\/jornalfatosenoticias.com.br\/wp-content\/uploads\/2026\/03\/ChatGPT-Image_rombo-fiscal-Lula.png 666w, https:\/\/jornalfatosenoticias.com.br\/wp-content\/uploads\/2026\/03\/ChatGPT-Image_rombo-fiscal-Lula-200x300.png 200w\" sizes=\"auto, (max-width: 666px) 100vw, 666px\" \/><figcaption class=\"wp-element-caption\"><em><mark style=\"background-color:rgba(0, 0, 0, 0)\" class=\"has-inline-color has-black-color\">Na atual gest\u00e3o Lula, as contas n\u00e3o sa\u00edram do vermelho<\/mark><\/em> <em><mark style=\"background-color:rgba(0, 0, 0, 0)\" class=\"has-inline-color has-black-color\">(Foto: Imagem gerada por IA\/ChatGPT)<\/mark><\/em><\/figcaption><\/figure>\n<\/div>\n\n\n<p><strong><mark style=\"background-color:rgba(0, 0, 0, 0)\" class=\"has-inline-color has-black-color\">D\u00edvida pode dobrar at\u00e9 2035<br><\/mark><\/strong>Segundo o boletim Focus do Banco Central, o ponto m\u00e9dio das proje\u00e7\u00f5es do mercado financeiro aponta endividamento de 83,8% do PIB ao fim deste ano, chegando a 90% em 2028 e a 100% em 2035. As proje\u00e7\u00f5es da Institui\u00e7\u00e3o Fiscal Independente (IFI), bra\u00e7o t\u00e9cnico do Senado, s\u00e3o ligeiramente menos severas no curto prazo: 82,7% do PIB ao fim do ano, com eleva\u00e7\u00e3o para 117,7% em 2035. Em um cen\u00e1rio adverso, o endividamento poderia chegar a 162,2% do PIB no mesmo per\u00edodo. No terceiro mandato de Lula, o d\u00e9ficit nominal, que inclui os juros da d\u00edvida, subiu de 4,9% do PIB em janeiro de 2023 para 9,3% ao fim de 2025 \u2014 o maior n\u00edvel do per\u00edodo.<\/p>\n\n\n<div class=\"wp-block-image\">\n<figure class=\"aligncenter size-full is-resized\"><a href=\"https:\/\/panper.com.br\/\"><img loading=\"lazy\" decoding=\"async\" width=\"400\" height=\"277\" src=\"https:\/\/jornalfatosenoticias.com.br\/wp-content\/uploads\/2023\/03\/logo-Panper_portal.jpg\" alt=\"\" class=\"wp-image-40208\" style=\"aspect-ratio:1.4441247814068934;width:368px;height:auto\" srcset=\"https:\/\/jornalfatosenoticias.com.br\/wp-content\/uploads\/2023\/03\/logo-Panper_portal.jpg 400w, https:\/\/jornalfatosenoticias.com.br\/wp-content\/uploads\/2023\/03\/logo-Panper_portal-300x208.jpg 300w\" sizes=\"auto, (max-width: 400px) 100vw, 400px\" \/><\/a><\/figure>\n<\/div>\n\n\n<p><strong>Fonte: <a href=\"https:\/\/www.gazetadopovo.com.br\/economia\/rombo-fiscal-contas-publicas-lula-bolsonaro\/\">Gazeta do Povo<\/a><\/strong><\/p>\n","protected":false},"excerpt":{"rendered":"<p>Dados contradizem narrativa do governo Lula sobre &#8220;rombo fiscal&#8221; deixado pelo governo Bolsonaro Por Vandr\u00e9 Kramer N\u00e3o \u00e9 de hoje que o governo Lula (PT) culpa o ex-presidente Jair Bolsonaro (PL) pela deteriora\u00e7\u00e3o das contas p\u00fablicas. Uma das principais cr\u00edticas vem do ministro da Fazenda, Fernando Haddad, que no final de janeiro afirmou que Lula [&hellip;]<\/p>\n","protected":false},"author":2,"featured_media":65951,"comment_status":"open","ping_status":"open","sticky":false,"template":"","format":"standard","meta":{"footnotes":""},"categories":[9],"tags":[8163,13991,732,18155,1795,7580,19600,278,23153],"class_list":["post-65949","post","type-post","status-publish","format-standard","has-post-thumbnail","hentry","category-economia","tag-contas-publicas","tag-dilma-rousseff","tag-fake-news","tag-fernando-haddad","tag-jair-bolsonaro","tag-lula","tag-partido-dos-trabalhadores","tag-pib","tag-rombo-fiscal"],"yoast_head":"<!-- This site is optimized with the Yoast SEO plugin v26.5 - https:\/\/yoast.com\/wordpress\/plugins\/seo\/ -->\n<title>Lula consertou rombo fiscal de Bolsonaro? Entenda a fake news do governo - Jornal Fatos e Not\u00edcias<\/title>\n<meta name=\"robots\" content=\"index, follow, max-snippet:-1, max-image-preview:large, max-video-preview:-1\" \/>\n<link rel=\"canonical\" href=\"https:\/\/jornalfatosenoticias.com.br\/index.php\/2026\/03\/16\/lula-consertou-rombo-fiscal-de-bolsonaro-entenda-a-fake-news-do-governo\/\" \/>\n<meta property=\"og:locale\" content=\"pt_BR\" \/>\n<meta property=\"og:type\" content=\"article\" \/>\n<meta property=\"og:title\" content=\"Lula consertou rombo fiscal de Bolsonaro? Entenda a fake news do governo - Jornal Fatos e Not\u00edcias\" \/>\n<meta property=\"og:description\" content=\"Dados contradizem narrativa do governo Lula sobre &#8220;rombo fiscal&#8221; deixado pelo governo Bolsonaro Por Vandr\u00e9 Kramer N\u00e3o \u00e9 de hoje que o governo Lula (PT) culpa o ex-presidente Jair Bolsonaro (PL) pela deteriora\u00e7\u00e3o das contas p\u00fablicas. Uma das principais cr\u00edticas vem do ministro da Fazenda, Fernando Haddad, que no final de janeiro afirmou que Lula [&hellip;]\" \/>\n<meta property=\"og:url\" content=\"https:\/\/jornalfatosenoticias.com.br\/index.php\/2026\/03\/16\/lula-consertou-rombo-fiscal-de-bolsonaro-entenda-a-fake-news-do-governo\/\" \/>\n<meta property=\"og:site_name\" content=\"Jornal Fatos e Not\u00edcias\" \/>\n<meta property=\"article:published_time\" content=\"2026-03-16T19:12:52+00:00\" \/>\n<meta property=\"article:modified_time\" content=\"2026-03-16T19:13:39+00:00\" \/>\n<meta property=\"og:image\" content=\"https:\/\/jornalfatosenoticias.com.br\/wp-content\/uploads\/2026\/03\/ChatGPT-Image-rombo-fiscal-Lula_capa.jpg\" \/>\n\t<meta property=\"og:image:width\" content=\"1000\" \/>\n\t<meta property=\"og:image:height\" content=\"794\" \/>\n\t<meta property=\"og:image:type\" content=\"image\/jpeg\" \/>\n<meta name=\"author\" content=\"Luzimara Fernandes\" \/>\n<meta name=\"twitter:card\" content=\"summary_large_image\" \/>\n<meta name=\"twitter:label1\" content=\"Escrito por\" \/>\n\t<meta name=\"twitter:data1\" content=\"Luzimara Fernandes\" \/>\n\t<meta name=\"twitter:label2\" content=\"Est. tempo de leitura\" \/>\n\t<meta name=\"twitter:data2\" content=\"5 minutos\" \/>\n<script type=\"application\/ld+json\" class=\"yoast-schema-graph\">{\"@context\":\"https:\/\/schema.org\",\"@graph\":[{\"@type\":\"Article\",\"@id\":\"https:\/\/jornalfatosenoticias.com.br\/index.php\/2026\/03\/16\/lula-consertou-rombo-fiscal-de-bolsonaro-entenda-a-fake-news-do-governo\/#article\",\"isPartOf\":{\"@id\":\"https:\/\/jornalfatosenoticias.com.br\/index.php\/2026\/03\/16\/lula-consertou-rombo-fiscal-de-bolsonaro-entenda-a-fake-news-do-governo\/\"},\"author\":{\"name\":\"Luzimara Fernandes\",\"@id\":\"https:\/\/jornalfatosenoticias.com.br\/#\/schema\/person\/d63837fa13ac8666eb9e74e0985d6f81\"},\"headline\":\"Lula consertou rombo fiscal de Bolsonaro? Entenda a fake news do governo\",\"datePublished\":\"2026-03-16T19:12:52+00:00\",\"dateModified\":\"2026-03-16T19:13:39+00:00\",\"mainEntityOfPage\":{\"@id\":\"https:\/\/jornalfatosenoticias.com.br\/index.php\/2026\/03\/16\/lula-consertou-rombo-fiscal-de-bolsonaro-entenda-a-fake-news-do-governo\/\"},\"wordCount\":789,\"commentCount\":0,\"publisher\":{\"@id\":\"https:\/\/jornalfatosenoticias.com.br\/#organization\"},\"image\":{\"@id\":\"https:\/\/jornalfatosenoticias.com.br\/index.php\/2026\/03\/16\/lula-consertou-rombo-fiscal-de-bolsonaro-entenda-a-fake-news-do-governo\/#primaryimage\"},\"thumbnailUrl\":\"https:\/\/jornalfatosenoticias.com.br\/wp-content\/uploads\/2026\/03\/ChatGPT-Image-rombo-fiscal-Lula_capa.jpg\",\"keywords\":[\"contas p\u00fablicas\",\"Dilma Rousseff\",\"fake news\",\"Fernando Haddad\",\"Jair Bolsonaro\",\"Lula\",\"Partido dos Trabalhadores\",\"PIB\",\"rombo fiscal\"],\"articleSection\":[\"Economia\"],\"inLanguage\":\"pt-BR\",\"potentialAction\":[{\"@type\":\"CommentAction\",\"name\":\"Comment\",\"target\":[\"https:\/\/jornalfatosenoticias.com.br\/index.php\/2026\/03\/16\/lula-consertou-rombo-fiscal-de-bolsonaro-entenda-a-fake-news-do-governo\/#respond\"]}]},{\"@type\":\"WebPage\",\"@id\":\"https:\/\/jornalfatosenoticias.com.br\/index.php\/2026\/03\/16\/lula-consertou-rombo-fiscal-de-bolsonaro-entenda-a-fake-news-do-governo\/\",\"url\":\"https:\/\/jornalfatosenoticias.com.br\/index.php\/2026\/03\/16\/lula-consertou-rombo-fiscal-de-bolsonaro-entenda-a-fake-news-do-governo\/\",\"name\":\"Lula consertou rombo fiscal de Bolsonaro? Entenda a fake news do governo - Jornal Fatos e Not\u00edcias\",\"isPartOf\":{\"@id\":\"https:\/\/jornalfatosenoticias.com.br\/#website\"},\"primaryImageOfPage\":{\"@id\":\"https:\/\/jornalfatosenoticias.com.br\/index.php\/2026\/03\/16\/lula-consertou-rombo-fiscal-de-bolsonaro-entenda-a-fake-news-do-governo\/#primaryimage\"},\"image\":{\"@id\":\"https:\/\/jornalfatosenoticias.com.br\/index.php\/2026\/03\/16\/lula-consertou-rombo-fiscal-de-bolsonaro-entenda-a-fake-news-do-governo\/#primaryimage\"},\"thumbnailUrl\":\"https:\/\/jornalfatosenoticias.com.br\/wp-content\/uploads\/2026\/03\/ChatGPT-Image-rombo-fiscal-Lula_capa.jpg\",\"datePublished\":\"2026-03-16T19:12:52+00:00\",\"dateModified\":\"2026-03-16T19:13:39+00:00\",\"breadcrumb\":{\"@id\":\"https:\/\/jornalfatosenoticias.com.br\/index.php\/2026\/03\/16\/lula-consertou-rombo-fiscal-de-bolsonaro-entenda-a-fake-news-do-governo\/#breadcrumb\"},\"inLanguage\":\"pt-BR\",\"potentialAction\":[{\"@type\":\"ReadAction\",\"target\":[\"https:\/\/jornalfatosenoticias.com.br\/index.php\/2026\/03\/16\/lula-consertou-rombo-fiscal-de-bolsonaro-entenda-a-fake-news-do-governo\/\"]}]},{\"@type\":\"ImageObject\",\"inLanguage\":\"pt-BR\",\"@id\":\"https:\/\/jornalfatosenoticias.com.br\/index.php\/2026\/03\/16\/lula-consertou-rombo-fiscal-de-bolsonaro-entenda-a-fake-news-do-governo\/#primaryimage\",\"url\":\"https:\/\/jornalfatosenoticias.com.br\/wp-content\/uploads\/2026\/03\/ChatGPT-Image-rombo-fiscal-Lula_capa.jpg\",\"contentUrl\":\"https:\/\/jornalfatosenoticias.com.br\/wp-content\/uploads\/2026\/03\/ChatGPT-Image-rombo-fiscal-Lula_capa.jpg\",\"width\":1000,\"height\":794},{\"@type\":\"BreadcrumbList\",\"@id\":\"https:\/\/jornalfatosenoticias.com.br\/index.php\/2026\/03\/16\/lula-consertou-rombo-fiscal-de-bolsonaro-entenda-a-fake-news-do-governo\/#breadcrumb\",\"itemListElement\":[{\"@type\":\"ListItem\",\"position\":1,\"name\":\"In\u00edcio\",\"item\":\"https:\/\/jornalfatosenoticias.com.br\/\"},{\"@type\":\"ListItem\",\"position\":2,\"name\":\"Lula consertou rombo fiscal de Bolsonaro? Entenda a fake news do governo\"}]},{\"@type\":\"WebSite\",\"@id\":\"https:\/\/jornalfatosenoticias.com.br\/#website\",\"url\":\"https:\/\/jornalfatosenoticias.com.br\/\",\"name\":\"Jornal Fatos e Not\u00edcias\",\"description\":\"Not\u00edcias em geral\",\"publisher\":{\"@id\":\"https:\/\/jornalfatosenoticias.com.br\/#organization\"},\"potentialAction\":[{\"@type\":\"SearchAction\",\"target\":{\"@type\":\"EntryPoint\",\"urlTemplate\":\"https:\/\/jornalfatosenoticias.com.br\/?s={search_term_string}\"},\"query-input\":{\"@type\":\"PropertyValueSpecification\",\"valueRequired\":true,\"valueName\":\"search_term_string\"}}],\"inLanguage\":\"pt-BR\"},{\"@type\":\"Organization\",\"@id\":\"https:\/\/jornalfatosenoticias.com.br\/#organization\",\"name\":\"Jornal Fatos e Not\u00edcias\",\"url\":\"https:\/\/jornalfatosenoticias.com.br\/\",\"logo\":{\"@type\":\"ImageObject\",\"inLanguage\":\"pt-BR\",\"@id\":\"https:\/\/jornalfatosenoticias.com.br\/#\/schema\/logo\/image\/\",\"url\":\"https:\/\/jornalfatosenoticias.com.br\/wp-content\/uploads\/2020\/02\/logo120.png\",\"contentUrl\":\"https:\/\/jornalfatosenoticias.com.br\/wp-content\/uploads\/2020\/02\/logo120.png\",\"width\":1227,\"height\":120,\"caption\":\"Jornal Fatos e Not\u00edcias\"},\"image\":{\"@id\":\"https:\/\/jornalfatosenoticias.com.br\/#\/schema\/logo\/image\/\"}},{\"@type\":\"Person\",\"@id\":\"https:\/\/jornalfatosenoticias.com.br\/#\/schema\/person\/d63837fa13ac8666eb9e74e0985d6f81\",\"name\":\"Luzimara Fernandes\",\"image\":{\"@type\":\"ImageObject\",\"inLanguage\":\"pt-BR\",\"@id\":\"https:\/\/jornalfatosenoticias.com.br\/#\/schema\/person\/image\/\",\"url\":\"https:\/\/jornalfatosenoticias.com.br\/wp-content\/uploads\/2025\/05\/EU_portal.jpg\",\"contentUrl\":\"https:\/\/jornalfatosenoticias.com.br\/wp-content\/uploads\/2025\/05\/EU_portal.jpg\",\"caption\":\"Luzimara Fernandes\"},\"description\":\"Jornalista MTB 2358-ES\",\"sameAs\":[\"https:\/\/jornalfatosenoticias.com.br\"],\"url\":\"https:\/\/jornalfatosenoticias.com.br\/index.php\/author\/luzimara\/\"}]}<\/script>\n<!-- \/ Yoast SEO plugin. -->","yoast_head_json":{"title":"Lula consertou rombo fiscal de Bolsonaro? Entenda a fake news do governo - Jornal Fatos e Not\u00edcias","robots":{"index":"index","follow":"follow","max-snippet":"max-snippet:-1","max-image-preview":"max-image-preview:large","max-video-preview":"max-video-preview:-1"},"canonical":"https:\/\/jornalfatosenoticias.com.br\/index.php\/2026\/03\/16\/lula-consertou-rombo-fiscal-de-bolsonaro-entenda-a-fake-news-do-governo\/","og_locale":"pt_BR","og_type":"article","og_title":"Lula consertou rombo fiscal de Bolsonaro? Entenda a fake news do governo - Jornal Fatos e Not\u00edcias","og_description":"Dados contradizem narrativa do governo Lula sobre &#8220;rombo fiscal&#8221; deixado pelo governo Bolsonaro Por Vandr\u00e9 Kramer N\u00e3o \u00e9 de hoje que o governo Lula (PT) culpa o ex-presidente Jair Bolsonaro (PL) pela deteriora\u00e7\u00e3o das contas p\u00fablicas. Uma das principais cr\u00edticas vem do ministro da Fazenda, Fernando Haddad, que no final de janeiro afirmou que Lula [&hellip;]","og_url":"https:\/\/jornalfatosenoticias.com.br\/index.php\/2026\/03\/16\/lula-consertou-rombo-fiscal-de-bolsonaro-entenda-a-fake-news-do-governo\/","og_site_name":"Jornal Fatos e Not\u00edcias","article_published_time":"2026-03-16T19:12:52+00:00","article_modified_time":"2026-03-16T19:13:39+00:00","og_image":[{"width":1000,"height":794,"url":"https:\/\/jornalfatosenoticias.com.br\/wp-content\/uploads\/2026\/03\/ChatGPT-Image-rombo-fiscal-Lula_capa.jpg","type":"image\/jpeg"}],"author":"Luzimara Fernandes","twitter_card":"summary_large_image","twitter_misc":{"Escrito por":"Luzimara Fernandes","Est. tempo de leitura":"5 minutos"},"schema":{"@context":"https:\/\/schema.org","@graph":[{"@type":"Article","@id":"https:\/\/jornalfatosenoticias.com.br\/index.php\/2026\/03\/16\/lula-consertou-rombo-fiscal-de-bolsonaro-entenda-a-fake-news-do-governo\/#article","isPartOf":{"@id":"https:\/\/jornalfatosenoticias.com.br\/index.php\/2026\/03\/16\/lula-consertou-rombo-fiscal-de-bolsonaro-entenda-a-fake-news-do-governo\/"},"author":{"name":"Luzimara Fernandes","@id":"https:\/\/jornalfatosenoticias.com.br\/#\/schema\/person\/d63837fa13ac8666eb9e74e0985d6f81"},"headline":"Lula consertou rombo fiscal de Bolsonaro? Entenda a fake news do governo","datePublished":"2026-03-16T19:12:52+00:00","dateModified":"2026-03-16T19:13:39+00:00","mainEntityOfPage":{"@id":"https:\/\/jornalfatosenoticias.com.br\/index.php\/2026\/03\/16\/lula-consertou-rombo-fiscal-de-bolsonaro-entenda-a-fake-news-do-governo\/"},"wordCount":789,"commentCount":0,"publisher":{"@id":"https:\/\/jornalfatosenoticias.com.br\/#organization"},"image":{"@id":"https:\/\/jornalfatosenoticias.com.br\/index.php\/2026\/03\/16\/lula-consertou-rombo-fiscal-de-bolsonaro-entenda-a-fake-news-do-governo\/#primaryimage"},"thumbnailUrl":"https:\/\/jornalfatosenoticias.com.br\/wp-content\/uploads\/2026\/03\/ChatGPT-Image-rombo-fiscal-Lula_capa.jpg","keywords":["contas p\u00fablicas","Dilma Rousseff","fake news","Fernando Haddad","Jair Bolsonaro","Lula","Partido dos Trabalhadores","PIB","rombo fiscal"],"articleSection":["Economia"],"inLanguage":"pt-BR","potentialAction":[{"@type":"CommentAction","name":"Comment","target":["https:\/\/jornalfatosenoticias.com.br\/index.php\/2026\/03\/16\/lula-consertou-rombo-fiscal-de-bolsonaro-entenda-a-fake-news-do-governo\/#respond"]}]},{"@type":"WebPage","@id":"https:\/\/jornalfatosenoticias.com.br\/index.php\/2026\/03\/16\/lula-consertou-rombo-fiscal-de-bolsonaro-entenda-a-fake-news-do-governo\/","url":"https:\/\/jornalfatosenoticias.com.br\/index.php\/2026\/03\/16\/lula-consertou-rombo-fiscal-de-bolsonaro-entenda-a-fake-news-do-governo\/","name":"Lula consertou rombo fiscal de Bolsonaro? Entenda a fake news do governo - Jornal Fatos e Not\u00edcias","isPartOf":{"@id":"https:\/\/jornalfatosenoticias.com.br\/#website"},"primaryImageOfPage":{"@id":"https:\/\/jornalfatosenoticias.com.br\/index.php\/2026\/03\/16\/lula-consertou-rombo-fiscal-de-bolsonaro-entenda-a-fake-news-do-governo\/#primaryimage"},"image":{"@id":"https:\/\/jornalfatosenoticias.com.br\/index.php\/2026\/03\/16\/lula-consertou-rombo-fiscal-de-bolsonaro-entenda-a-fake-news-do-governo\/#primaryimage"},"thumbnailUrl":"https:\/\/jornalfatosenoticias.com.br\/wp-content\/uploads\/2026\/03\/ChatGPT-Image-rombo-fiscal-Lula_capa.jpg","datePublished":"2026-03-16T19:12:52+00:00","dateModified":"2026-03-16T19:13:39+00:00","breadcrumb":{"@id":"https:\/\/jornalfatosenoticias.com.br\/index.php\/2026\/03\/16\/lula-consertou-rombo-fiscal-de-bolsonaro-entenda-a-fake-news-do-governo\/#breadcrumb"},"inLanguage":"pt-BR","potentialAction":[{"@type":"ReadAction","target":["https:\/\/jornalfatosenoticias.com.br\/index.php\/2026\/03\/16\/lula-consertou-rombo-fiscal-de-bolsonaro-entenda-a-fake-news-do-governo\/"]}]},{"@type":"ImageObject","inLanguage":"pt-BR","@id":"https:\/\/jornalfatosenoticias.com.br\/index.php\/2026\/03\/16\/lula-consertou-rombo-fiscal-de-bolsonaro-entenda-a-fake-news-do-governo\/#primaryimage","url":"https:\/\/jornalfatosenoticias.com.br\/wp-content\/uploads\/2026\/03\/ChatGPT-Image-rombo-fiscal-Lula_capa.jpg","contentUrl":"https:\/\/jornalfatosenoticias.com.br\/wp-content\/uploads\/2026\/03\/ChatGPT-Image-rombo-fiscal-Lula_capa.jpg","width":1000,"height":794},{"@type":"BreadcrumbList","@id":"https:\/\/jornalfatosenoticias.com.br\/index.php\/2026\/03\/16\/lula-consertou-rombo-fiscal-de-bolsonaro-entenda-a-fake-news-do-governo\/#breadcrumb","itemListElement":[{"@type":"ListItem","position":1,"name":"In\u00edcio","item":"https:\/\/jornalfatosenoticias.com.br\/"},{"@type":"ListItem","position":2,"name":"Lula consertou rombo fiscal de Bolsonaro? Entenda a fake news do governo"}]},{"@type":"WebSite","@id":"https:\/\/jornalfatosenoticias.com.br\/#website","url":"https:\/\/jornalfatosenoticias.com.br\/","name":"Jornal Fatos e Not\u00edcias","description":"Not\u00edcias em geral","publisher":{"@id":"https:\/\/jornalfatosenoticias.com.br\/#organization"},"potentialAction":[{"@type":"SearchAction","target":{"@type":"EntryPoint","urlTemplate":"https:\/\/jornalfatosenoticias.com.br\/?s={search_term_string}"},"query-input":{"@type":"PropertyValueSpecification","valueRequired":true,"valueName":"search_term_string"}}],"inLanguage":"pt-BR"},{"@type":"Organization","@id":"https:\/\/jornalfatosenoticias.com.br\/#organization","name":"Jornal Fatos e Not\u00edcias","url":"https:\/\/jornalfatosenoticias.com.br\/","logo":{"@type":"ImageObject","inLanguage":"pt-BR","@id":"https:\/\/jornalfatosenoticias.com.br\/#\/schema\/logo\/image\/","url":"https:\/\/jornalfatosenoticias.com.br\/wp-content\/uploads\/2020\/02\/logo120.png","contentUrl":"https:\/\/jornalfatosenoticias.com.br\/wp-content\/uploads\/2020\/02\/logo120.png","width":1227,"height":120,"caption":"Jornal Fatos e Not\u00edcias"},"image":{"@id":"https:\/\/jornalfatosenoticias.com.br\/#\/schema\/logo\/image\/"}},{"@type":"Person","@id":"https:\/\/jornalfatosenoticias.com.br\/#\/schema\/person\/d63837fa13ac8666eb9e74e0985d6f81","name":"Luzimara Fernandes","image":{"@type":"ImageObject","inLanguage":"pt-BR","@id":"https:\/\/jornalfatosenoticias.com.br\/#\/schema\/person\/image\/","url":"https:\/\/jornalfatosenoticias.com.br\/wp-content\/uploads\/2025\/05\/EU_portal.jpg","contentUrl":"https:\/\/jornalfatosenoticias.com.br\/wp-content\/uploads\/2025\/05\/EU_portal.jpg","caption":"Luzimara Fernandes"},"description":"Jornalista MTB 2358-ES","sameAs":["https:\/\/jornalfatosenoticias.com.br"],"url":"https:\/\/jornalfatosenoticias.com.br\/index.php\/author\/luzimara\/"}]}},"cc_featured_image_caption":{"caption_text":"(Foto: Imagem gerada por IA\/ChatGPT)","source_text":"","source_url":""},"jetpack_featured_media_url":"https:\/\/jornalfatosenoticias.com.br\/wp-content\/uploads\/2026\/03\/ChatGPT-Image-rombo-fiscal-Lula_capa.jpg","_links":{"self":[{"href":"https:\/\/jornalfatosenoticias.com.br\/index.php\/wp-json\/wp\/v2\/posts\/65949","targetHints":{"allow":["GET"]}}],"collection":[{"href":"https:\/\/jornalfatosenoticias.com.br\/index.php\/wp-json\/wp\/v2\/posts"}],"about":[{"href":"https:\/\/jornalfatosenoticias.com.br\/index.php\/wp-json\/wp\/v2\/types\/post"}],"author":[{"embeddable":true,"href":"https:\/\/jornalfatosenoticias.com.br\/index.php\/wp-json\/wp\/v2\/users\/2"}],"replies":[{"embeddable":true,"href":"https:\/\/jornalfatosenoticias.com.br\/index.php\/wp-json\/wp\/v2\/comments?post=65949"}],"version-history":[{"count":1,"href":"https:\/\/jornalfatosenoticias.com.br\/index.php\/wp-json\/wp\/v2\/posts\/65949\/revisions"}],"predecessor-version":[{"id":65952,"href":"https:\/\/jornalfatosenoticias.com.br\/index.php\/wp-json\/wp\/v2\/posts\/65949\/revisions\/65952"}],"wp:featuredmedia":[{"embeddable":true,"href":"https:\/\/jornalfatosenoticias.com.br\/index.php\/wp-json\/wp\/v2\/media\/65951"}],"wp:attachment":[{"href":"https:\/\/jornalfatosenoticias.com.br\/index.php\/wp-json\/wp\/v2\/media?parent=65949"}],"wp:term":[{"taxonomy":"category","embeddable":true,"href":"https:\/\/jornalfatosenoticias.com.br\/index.php\/wp-json\/wp\/v2\/categories?post=65949"},{"taxonomy":"post_tag","embeddable":true,"href":"https:\/\/jornalfatosenoticias.com.br\/index.php\/wp-json\/wp\/v2\/tags?post=65949"}],"curies":[{"name":"wp","href":"https:\/\/api.w.org\/{rel}","templated":true}]}}