{"id":65954,"date":"2026-03-16T16:22:52","date_gmt":"2026-03-16T19:22:52","guid":{"rendered":"https:\/\/jornalfatosenoticias.com.br\/?p=65954"},"modified":"2026-03-16T16:22:54","modified_gmt":"2026-03-16T19:22:54","slug":"com-criticas-a-aliados-trump-anuncia-adesao-de-paises-a-coalizao-para-proteger-rota-do-petroleo","status":"publish","type":"post","link":"https:\/\/jornalfatosenoticias.com.br\/index.php\/2026\/03\/16\/com-criticas-a-aliados-trump-anuncia-adesao-de-paises-a-coalizao-para-proteger-rota-do-petroleo\/","title":{"rendered":"Com cr\u00edticas a aliados, Trump anuncia ades\u00e3o de pa\u00edses a coaliz\u00e3o para proteger rota do petr\u00f3leo"},"content":{"rendered":"\n<p><em><mark style=\"background-color:rgba(0, 0, 0, 0)\" class=\"has-inline-color has-black-color\">O presidente dos Estados Unidos, Donald Trump, realizou nova coletiva sobre a guerra do Ir\u00e3 nesta segunda-feira (16)<\/mark><\/em><\/p>\n\n\n\n<p><mark style=\"background-color:rgba(0, 0, 0, 0)\" class=\"has-inline-color has-black-color\">Por <strong><a href=\"https:\/\/www.gazetadopovo.com.br\/autor\/isabella-de-paula\/\">Isabella de Paula<\/a><\/strong><\/mark><\/p>\n\n\n\n<p>O presidente dos EUA, Donald Trump, criticou publicamente nesta segunda-feira (16) a falta de &#8220;entusiasmo&#8221; recebida por alguns aliados da Otan em rela\u00e7\u00e3o ao seu pedido de ajuda para a reabertura do Estreito de Ormuz, afetado pelo conflito com o Ir\u00e3. As declara\u00e7\u00f5es foram feitas durante uma coletiva de imprensa na Casa Branca. O l\u00edder republicano disse que previa a\u00e7\u00f5es do regime isl\u00e2mico na rota estrat\u00e9gica para o com\u00e9rcio de energia mundial. <em>&#8220;Eu sabia que o estreito seria uma arma&#8221;, <\/em>afirmou Trump, momentos depois de argumentar que, por muito tempo, os EUA protegeram seus aliados, que n\u00e3o est\u00e3o dispostos a retribuir essa ajuda no Oriente M\u00e9dio no momento.<br>O presidente ressaltou que os EUA n\u00e3o precisam da for\u00e7a de outras na\u00e7\u00f5es, j\u00e1 que \u00e9 &#8220;o pa\u00eds mais forte do mundo&#8221;, mas o atual cen\u00e1rio exp\u00f5e seus aliados como em um &#8220;teste&#8221;, que mostrou a indisposi\u00e7\u00e3o deles em enviar esfor\u00e7os ao Oriente M\u00e9dio. Trump afirmou que h\u00e1 tropas americanas protegendo esses pa\u00edses, cujos nomes ele se recusou a divulgar: <em>&#8220;quando perguntamos a eles: &#8216;voc\u00eas t\u00eam desminadores?&#8217;, a resposta \u00e9: &#8216;Bem, preferimos n\u00e3o nos envolver, senhor'&#8221;.<\/em><\/p>\n\n\n<div class=\"wp-block-image\">\n<figure class=\"aligncenter size-full\"><a href=\"https:\/\/www.cesconetto.com.br\/\"><img loading=\"lazy\" decoding=\"async\" width=\"300\" height=\"250\" src=\"https:\/\/jornalfatosenoticias.com.br\/wp-content\/uploads\/2020\/02\/Banner-2.png\" alt=\"\" class=\"wp-image-43787\"\/><\/a><\/figure>\n<\/div>\n\n\n<p>O presidente informou que alguns pa\u00edses j\u00e1 se comprometeram a ajudar na reabertura da via naveg\u00e1vel estrat\u00e9gica, mas evitou mencionar seus nomes, sugerindo que poderiam &#8220;n\u00e3o querer se tornar um alvo&#8221;. Segundo ele, &#8220;em breve&#8221; o secret\u00e1rio de Estado Marco Rubio fornecer\u00e1 uma lista dos pa\u00edses que aderiram ao acordo para ajudar a garantir a seguran\u00e7a do Estreito de Ormuz.<br>Durante a nova coletiva, o presidente disse que conversou com seu hom\u00f3logo franc\u00eas, Emmanuel Macron, que mostrou alguma disposi\u00e7\u00e3o em contribuir e com o primeiro-ministro brit\u00e2nico, Keir Starmer, que segundo ele lhe informou que &#8220;estaria se reunindo com sua equipe para tomar uma decis\u00e3o&#8221;.<br>No fim de semana, Trump pediu a v\u00e1rios pa\u00edses aliados que ajudassem a permitir a passagem de navios pelo Estreito de Ormuz, uma via naveg\u00e1vel estrat\u00e9gica para o transporte de petr\u00f3leo que est\u00e1 sendo bloqueada pelo Ir\u00e3 em resposta aos ataques a\u00e9reos dos EUA. Os ministros das Rela\u00e7\u00f5es Exteriores da Uni\u00e3o Europeia (UE) est\u00e3o reunidos nesta segunda-feira para discutir como manter o Estreito de Ormuz aberto, mas demonstraram relut\u00e2ncia em expandir a miss\u00e3o naval da UE na regi\u00e3o ou enviar mais navios.<\/p>\n\n\n<div class=\"wp-block-image\">\n<figure class=\"aligncenter size-large is-resized\"><a href=\"https:\/\/www.instagram.com\/restaurantepegoretti\/\"><img loading=\"lazy\" decoding=\"async\" width=\"1024\" height=\"389\" src=\"https:\/\/jornalfatosenoticias.com.br\/wp-content\/uploads\/2023\/12\/pegoretti-logo-pdf-1024x389.jpg\" alt=\"\" class=\"wp-image-47536\" style=\"aspect-ratio:2.632455195377534;width:592px;height:auto\" srcset=\"https:\/\/jornalfatosenoticias.com.br\/wp-content\/uploads\/2023\/12\/pegoretti-logo-pdf-1024x389.jpg 1024w, https:\/\/jornalfatosenoticias.com.br\/wp-content\/uploads\/2023\/12\/pegoretti-logo-pdf-300x114.jpg 300w, https:\/\/jornalfatosenoticias.com.br\/wp-content\/uploads\/2023\/12\/pegoretti-logo-pdf-768x291.jpg 768w, https:\/\/jornalfatosenoticias.com.br\/wp-content\/uploads\/2023\/12\/pegoretti-logo-pdf.jpg 1120w\" sizes=\"auto, (max-width: 1024px) 100vw, 1024px\" \/><\/a><\/figure>\n<\/div>\n\n\n<p><strong><mark style=\"background-color:rgba(0, 0, 0, 0)\" class=\"has-inline-color has-black-color\">Trump amea\u00e7a realizar novos ataques na Ilha de Kharg, crucial para o Ir\u00e3<br><\/mark><\/strong>Trump alertou durante a coletiva desta segunda-feira que poderia destruir os oleodutos na ilha de Kharg, o cora\u00e7\u00e3o da ind\u00fastria petrol\u00edfera iraniana, que foi bombardeada pelas for\u00e7as americanas na semana passada, &#8220;com apenas cinco minutos de aviso pr\u00e9vio&#8221;.<\/p>\n\n\n\n<blockquote class=\"wp-block-quote is-layout-flow wp-block-quote-is-layout-flow\">\n<p><mark style=\"background-color:rgba(0, 0, 0, 0)\" class=\"has-inline-color has-luminous-vivid-orange-color\">N\u00f3s literalmente destru\u00edmos tudo na ilha, exceto a \u00e1rea onde fica o petr\u00f3leo. Eu a chamo de oleodutos. Deixamos os oleodutos. N\u00e3o quer\u00edamos fazer isso, mas faremos. Podemos fazer isso com apenas cinco minutos de aviso pr\u00e9vio&#8221;, declarou Trump em uma coletiva de imprensa na Casa Branca.<\/mark><\/p>\n<\/blockquote>\n\n\n<div class=\"wp-block-image\">\n<figure class=\"aligncenter size-large is-resized\"><a href=\"https:\/\/www.instagram.com\/espiritocacau\/\"><img loading=\"lazy\" decoding=\"async\" width=\"1024\" height=\"655\" src=\"https:\/\/jornalfatosenoticias.com.br\/wp-content\/uploads\/2020\/02\/logo-Espirito-Cacau-1024x655.jpeg\" alt=\"\" class=\"wp-image-65573\" style=\"aspect-ratio:1.5634269760949224;width:421px;height:auto\" srcset=\"https:\/\/jornalfatosenoticias.com.br\/wp-content\/uploads\/2020\/02\/logo-Espirito-Cacau-1024x655.jpeg 1024w, https:\/\/jornalfatosenoticias.com.br\/wp-content\/uploads\/2020\/02\/logo-Espirito-Cacau-300x192.jpeg 300w, https:\/\/jornalfatosenoticias.com.br\/wp-content\/uploads\/2020\/02\/logo-Espirito-Cacau-768x491.jpeg 768w, https:\/\/jornalfatosenoticias.com.br\/wp-content\/uploads\/2020\/02\/logo-Espirito-Cacau.jpeg 1069w\" sizes=\"auto, (max-width: 1024px) 100vw, 1024px\" \/><\/a><\/figure>\n<\/div>\n\n\n<p>Os EUA bombardearam alvos militares na ilha de Kharg, mas evitaram destruir sua infraestrutura petrol\u00edfera para n\u00e3o perturbar ainda mais o mercado global de hidrocarbonetos, j\u00e1 afetado pelo bloqueio do Estreito de Ormuz. O presidente dos EUA afirmou ainda nesta segunda-feira que o novo l\u00edder supremo do Ir\u00e3, Mojtaba Khamenei, filho do falecido aiatol\u00e1 Ali Khamenei, pode estar morto, e declarou que n\u00e3o sabe quem lidera de fato o pa\u00eds isl\u00e2mico.<\/p>\n\n\n\n<blockquote class=\"wp-block-quote is-layout-flow wp-block-quote-is-layout-flow\">\n<p><mark style=\"background-color:rgba(0, 0, 0, 0)\" class=\"has-inline-color has-luminous-vivid-orange-color\">N\u00e3o o vimos de forma alguma, ent\u00e3o n\u00e3o sabemos se ele est\u00e1 morto ou n\u00e3o\u201d, disse o mandat\u00e1rio americano em entrevista coletiva na Casa Branca sobre Mojtaba, que n\u00e3o aparece em p\u00fablico desde que foi nomeado l\u00edder supremo.<\/mark><\/p>\n<\/blockquote>\n\n\n<div class=\"wp-block-image\">\n<figure class=\"aligncenter size-full is-resized\"><a href=\"https:\/\/www.instagram.com\/alhoroxao\/\"><img loading=\"lazy\" decoding=\"async\" width=\"960\" height=\"365\" src=\"https:\/\/jornalfatosenoticias.com.br\/wp-content\/uploads\/2026\/01\/logo-alho-Roxao.png\" alt=\"\" class=\"wp-image-64448\" style=\"width:655px;height:auto\" srcset=\"https:\/\/jornalfatosenoticias.com.br\/wp-content\/uploads\/2026\/01\/logo-alho-Roxao.png 960w, https:\/\/jornalfatosenoticias.com.br\/wp-content\/uploads\/2026\/01\/logo-alho-Roxao-300x114.png 300w, https:\/\/jornalfatosenoticias.com.br\/wp-content\/uploads\/2026\/01\/logo-alho-Roxao-768x292.png 768w\" sizes=\"auto, (max-width: 960px) 100vw, 960px\" \/><\/a><\/figure>\n<\/div>\n\n\n<p>Questionado pela imprensa sobre o estado de sa\u00fade de Mojtaba Khamenei, Trump respondeu que \u201cmuitas pessoas dizem que ele est\u00e1 desfigurado, que perdeu uma perna e que ficou gravemente ferido\u201d. No entanto, o presidente tamb\u00e9m sugeriu a possibilidade de Mojtaba estar morto, j\u00e1 que \u201cningu\u00e9m o viu, o que \u00e9 muito incomum\u201d.<\/p>\n\n\n\n<p><strong>Fonte: <a href=\"https:\/\/www.gazetadopovo.com.br\/mundo\/com-criticas-a-aliados-trump-anuncia-adesao-de-paises-a-coalizao-para-proteger-rota-do-petroleo\/\">Gazeta do Povo<\/a><\/strong><\/p>\n","protected":false},"excerpt":{"rendered":"<p>O presidente dos Estados Unidos, Donald Trump, realizou nova coletiva sobre a guerra do Ir\u00e3 nesta segunda-feira (16) Por Isabella de Paula O presidente dos EUA, Donald Trump, criticou publicamente nesta segunda-feira (16) a falta de &#8220;entusiasmo&#8221; recebida por alguns aliados da Otan em rela\u00e7\u00e3o ao seu pedido de ajuda para a reabertura do Estreito [&hellip;]<\/p>\n","protected":false},"author":2,"featured_media":65770,"comment_status":"open","ping_status":"open","sticky":false,"template":"","format":"standard","meta":{"footnotes":""},"categories":[21374],"tags":[2147,29901,5107,26356,147,13462,736],"class_list":["post-65954","post","type-post","status-publish","format-standard","has-post-thumbnail","hentry","category-relacoes-internacionais","tag-donald-trump","tag-estreito-de-ormuz","tag-ira","tag-marco-rubio","tag-oriente-medio","tag-otan","tag-petroleo"],"yoast_head":"<!-- This site is optimized with the Yoast SEO plugin v26.5 - https:\/\/yoast.com\/wordpress\/plugins\/seo\/ -->\n<title>Com cr\u00edticas a aliados, Trump anuncia ades\u00e3o de pa\u00edses a coaliz\u00e3o para proteger rota do petr\u00f3leo - Jornal Fatos e Not\u00edcias<\/title>\n<meta name=\"robots\" content=\"index, follow, max-snippet:-1, max-image-preview:large, max-video-preview:-1\" \/>\n<link rel=\"canonical\" href=\"https:\/\/jornalfatosenoticias.com.br\/index.php\/2026\/03\/16\/com-criticas-a-aliados-trump-anuncia-adesao-de-paises-a-coalizao-para-proteger-rota-do-petroleo\/\" \/>\n<meta property=\"og:locale\" content=\"pt_BR\" \/>\n<meta property=\"og:type\" content=\"article\" \/>\n<meta property=\"og:title\" content=\"Com cr\u00edticas a aliados, Trump anuncia ades\u00e3o de pa\u00edses a coaliz\u00e3o para proteger rota do petr\u00f3leo - Jornal Fatos e Not\u00edcias\" \/>\n<meta property=\"og:description\" content=\"O presidente dos Estados Unidos, Donald Trump, realizou nova coletiva sobre a guerra do Ir\u00e3 nesta segunda-feira (16) Por Isabella de Paula O presidente dos EUA, Donald Trump, criticou publicamente nesta segunda-feira (16) a falta de &#8220;entusiasmo&#8221; recebida por alguns aliados da Otan em rela\u00e7\u00e3o ao seu pedido de ajuda para a reabertura do Estreito [&hellip;]\" \/>\n<meta property=\"og:url\" content=\"https:\/\/jornalfatosenoticias.com.br\/index.php\/2026\/03\/16\/com-criticas-a-aliados-trump-anuncia-adesao-de-paises-a-coalizao-para-proteger-rota-do-petroleo\/\" \/>\n<meta property=\"og:site_name\" content=\"Jornal Fatos e Not\u00edcias\" \/>\n<meta property=\"article:published_time\" content=\"2026-03-16T19:22:52+00:00\" \/>\n<meta property=\"article:modified_time\" content=\"2026-03-16T19:22:54+00:00\" \/>\n<meta property=\"og:image\" content=\"https:\/\/jornalfatosenoticias.com.br\/wp-content\/uploads\/2026\/03\/trump-ira_gettyimages.jpg\" \/>\n\t<meta property=\"og:image:width\" content=\"612\" \/>\n\t<meta property=\"og:image:height\" content=\"408\" \/>\n\t<meta property=\"og:image:type\" content=\"image\/jpeg\" \/>\n<meta name=\"author\" content=\"Luzimara Fernandes\" \/>\n<meta name=\"twitter:card\" content=\"summary_large_image\" \/>\n<meta name=\"twitter:label1\" content=\"Escrito por\" \/>\n\t<meta name=\"twitter:data1\" content=\"Luzimara Fernandes\" \/>\n\t<meta name=\"twitter:label2\" content=\"Est. tempo de leitura\" \/>\n\t<meta name=\"twitter:data2\" content=\"5 minutos\" \/>\n<script type=\"application\/ld+json\" class=\"yoast-schema-graph\">{\"@context\":\"https:\/\/schema.org\",\"@graph\":[{\"@type\":\"Article\",\"@id\":\"https:\/\/jornalfatosenoticias.com.br\/index.php\/2026\/03\/16\/com-criticas-a-aliados-trump-anuncia-adesao-de-paises-a-coalizao-para-proteger-rota-do-petroleo\/#article\",\"isPartOf\":{\"@id\":\"https:\/\/jornalfatosenoticias.com.br\/index.php\/2026\/03\/16\/com-criticas-a-aliados-trump-anuncia-adesao-de-paises-a-coalizao-para-proteger-rota-do-petroleo\/\"},\"author\":{\"name\":\"Luzimara Fernandes\",\"@id\":\"https:\/\/jornalfatosenoticias.com.br\/#\/schema\/person\/d63837fa13ac8666eb9e74e0985d6f81\"},\"headline\":\"Com cr\u00edticas a aliados, Trump anuncia ades\u00e3o de pa\u00edses a coaliz\u00e3o para proteger rota do petr\u00f3leo\",\"datePublished\":\"2026-03-16T19:22:52+00:00\",\"dateModified\":\"2026-03-16T19:22:54+00:00\",\"mainEntityOfPage\":{\"@id\":\"https:\/\/jornalfatosenoticias.com.br\/index.php\/2026\/03\/16\/com-criticas-a-aliados-trump-anuncia-adesao-de-paises-a-coalizao-para-proteger-rota-do-petroleo\/\"},\"wordCount\":748,\"commentCount\":0,\"publisher\":{\"@id\":\"https:\/\/jornalfatosenoticias.com.br\/#organization\"},\"image\":{\"@id\":\"https:\/\/jornalfatosenoticias.com.br\/index.php\/2026\/03\/16\/com-criticas-a-aliados-trump-anuncia-adesao-de-paises-a-coalizao-para-proteger-rota-do-petroleo\/#primaryimage\"},\"thumbnailUrl\":\"https:\/\/jornalfatosenoticias.com.br\/wp-content\/uploads\/2026\/03\/trump-ira_gettyimages.jpg\",\"keywords\":[\"Donald Trump\",\"Estreito de Ormuz\",\"Ir\u00e3\",\"Marco Rubio\",\"Oriente M\u00e9dio\",\"Otan\",\"petr\u00f3leo\"],\"articleSection\":[\"Rela\u00e7\u00f5es Internacionais\"],\"inLanguage\":\"pt-BR\",\"potentialAction\":[{\"@type\":\"CommentAction\",\"name\":\"Comment\",\"target\":[\"https:\/\/jornalfatosenoticias.com.br\/index.php\/2026\/03\/16\/com-criticas-a-aliados-trump-anuncia-adesao-de-paises-a-coalizao-para-proteger-rota-do-petroleo\/#respond\"]}]},{\"@type\":\"WebPage\",\"@id\":\"https:\/\/jornalfatosenoticias.com.br\/index.php\/2026\/03\/16\/com-criticas-a-aliados-trump-anuncia-adesao-de-paises-a-coalizao-para-proteger-rota-do-petroleo\/\",\"url\":\"https:\/\/jornalfatosenoticias.com.br\/index.php\/2026\/03\/16\/com-criticas-a-aliados-trump-anuncia-adesao-de-paises-a-coalizao-para-proteger-rota-do-petroleo\/\",\"name\":\"Com cr\u00edticas a aliados, Trump anuncia ades\u00e3o de pa\u00edses a coaliz\u00e3o para proteger rota do petr\u00f3leo - Jornal Fatos e Not\u00edcias\",\"isPartOf\":{\"@id\":\"https:\/\/jornalfatosenoticias.com.br\/#website\"},\"primaryImageOfPage\":{\"@id\":\"https:\/\/jornalfatosenoticias.com.br\/index.php\/2026\/03\/16\/com-criticas-a-aliados-trump-anuncia-adesao-de-paises-a-coalizao-para-proteger-rota-do-petroleo\/#primaryimage\"},\"image\":{\"@id\":\"https:\/\/jornalfatosenoticias.com.br\/index.php\/2026\/03\/16\/com-criticas-a-aliados-trump-anuncia-adesao-de-paises-a-coalizao-para-proteger-rota-do-petroleo\/#primaryimage\"},\"thumbnailUrl\":\"https:\/\/jornalfatosenoticias.com.br\/wp-content\/uploads\/2026\/03\/trump-ira_gettyimages.jpg\",\"datePublished\":\"2026-03-16T19:22:52+00:00\",\"dateModified\":\"2026-03-16T19:22:54+00:00\",\"breadcrumb\":{\"@id\":\"https:\/\/jornalfatosenoticias.com.br\/index.php\/2026\/03\/16\/com-criticas-a-aliados-trump-anuncia-adesao-de-paises-a-coalizao-para-proteger-rota-do-petroleo\/#breadcrumb\"},\"inLanguage\":\"pt-BR\",\"potentialAction\":[{\"@type\":\"ReadAction\",\"target\":[\"https:\/\/jornalfatosenoticias.com.br\/index.php\/2026\/03\/16\/com-criticas-a-aliados-trump-anuncia-adesao-de-paises-a-coalizao-para-proteger-rota-do-petroleo\/\"]}]},{\"@type\":\"ImageObject\",\"inLanguage\":\"pt-BR\",\"@id\":\"https:\/\/jornalfatosenoticias.com.br\/index.php\/2026\/03\/16\/com-criticas-a-aliados-trump-anuncia-adesao-de-paises-a-coalizao-para-proteger-rota-do-petroleo\/#primaryimage\",\"url\":\"https:\/\/jornalfatosenoticias.com.br\/wp-content\/uploads\/2026\/03\/trump-ira_gettyimages.jpg\",\"contentUrl\":\"https:\/\/jornalfatosenoticias.com.br\/wp-content\/uploads\/2026\/03\/trump-ira_gettyimages.jpg\",\"width\":612,\"height\":408,\"caption\":\"DORAL, FLORIDA - MARCH 09: U.S. President Donald Trump speaks to reporters during a news conference at Trump National Doral Miami on March 9, 2026 in Doral, Florida. President Trump spoke on his administration's strikes on Iran. (Photo by Roberto Schmidt\/Getty Images)\"},{\"@type\":\"BreadcrumbList\",\"@id\":\"https:\/\/jornalfatosenoticias.com.br\/index.php\/2026\/03\/16\/com-criticas-a-aliados-trump-anuncia-adesao-de-paises-a-coalizao-para-proteger-rota-do-petroleo\/#breadcrumb\",\"itemListElement\":[{\"@type\":\"ListItem\",\"position\":1,\"name\":\"In\u00edcio\",\"item\":\"https:\/\/jornalfatosenoticias.com.br\/\"},{\"@type\":\"ListItem\",\"position\":2,\"name\":\"Com cr\u00edticas a aliados, Trump anuncia ades\u00e3o de pa\u00edses a coaliz\u00e3o para proteger rota do petr\u00f3leo\"}]},{\"@type\":\"WebSite\",\"@id\":\"https:\/\/jornalfatosenoticias.com.br\/#website\",\"url\":\"https:\/\/jornalfatosenoticias.com.br\/\",\"name\":\"Jornal Fatos e Not\u00edcias\",\"description\":\"Not\u00edcias em geral\",\"publisher\":{\"@id\":\"https:\/\/jornalfatosenoticias.com.br\/#organization\"},\"potentialAction\":[{\"@type\":\"SearchAction\",\"target\":{\"@type\":\"EntryPoint\",\"urlTemplate\":\"https:\/\/jornalfatosenoticias.com.br\/?s={search_term_string}\"},\"query-input\":{\"@type\":\"PropertyValueSpecification\",\"valueRequired\":true,\"valueName\":\"search_term_string\"}}],\"inLanguage\":\"pt-BR\"},{\"@type\":\"Organization\",\"@id\":\"https:\/\/jornalfatosenoticias.com.br\/#organization\",\"name\":\"Jornal Fatos e Not\u00edcias\",\"url\":\"https:\/\/jornalfatosenoticias.com.br\/\",\"logo\":{\"@type\":\"ImageObject\",\"inLanguage\":\"pt-BR\",\"@id\":\"https:\/\/jornalfatosenoticias.com.br\/#\/schema\/logo\/image\/\",\"url\":\"https:\/\/jornalfatosenoticias.com.br\/wp-content\/uploads\/2020\/02\/logo120.png\",\"contentUrl\":\"https:\/\/jornalfatosenoticias.com.br\/wp-content\/uploads\/2020\/02\/logo120.png\",\"width\":1227,\"height\":120,\"caption\":\"Jornal Fatos e Not\u00edcias\"},\"image\":{\"@id\":\"https:\/\/jornalfatosenoticias.com.br\/#\/schema\/logo\/image\/\"}},{\"@type\":\"Person\",\"@id\":\"https:\/\/jornalfatosenoticias.com.br\/#\/schema\/person\/d63837fa13ac8666eb9e74e0985d6f81\",\"name\":\"Luzimara Fernandes\",\"image\":{\"@type\":\"ImageObject\",\"inLanguage\":\"pt-BR\",\"@id\":\"https:\/\/jornalfatosenoticias.com.br\/#\/schema\/person\/image\/\",\"url\":\"https:\/\/jornalfatosenoticias.com.br\/wp-content\/uploads\/2025\/05\/EU_portal.jpg\",\"contentUrl\":\"https:\/\/jornalfatosenoticias.com.br\/wp-content\/uploads\/2025\/05\/EU_portal.jpg\",\"caption\":\"Luzimara Fernandes\"},\"description\":\"Jornalista MTB 2358-ES\",\"sameAs\":[\"https:\/\/jornalfatosenoticias.com.br\"],\"url\":\"https:\/\/jornalfatosenoticias.com.br\/index.php\/author\/luzimara\/\"}]}<\/script>\n<!-- \/ Yoast SEO plugin. -->","yoast_head_json":{"title":"Com cr\u00edticas a aliados, Trump anuncia ades\u00e3o de pa\u00edses a coaliz\u00e3o para proteger rota do petr\u00f3leo - Jornal Fatos e Not\u00edcias","robots":{"index":"index","follow":"follow","max-snippet":"max-snippet:-1","max-image-preview":"max-image-preview:large","max-video-preview":"max-video-preview:-1"},"canonical":"https:\/\/jornalfatosenoticias.com.br\/index.php\/2026\/03\/16\/com-criticas-a-aliados-trump-anuncia-adesao-de-paises-a-coalizao-para-proteger-rota-do-petroleo\/","og_locale":"pt_BR","og_type":"article","og_title":"Com cr\u00edticas a aliados, Trump anuncia ades\u00e3o de pa\u00edses a coaliz\u00e3o para proteger rota do petr\u00f3leo - Jornal Fatos e Not\u00edcias","og_description":"O presidente dos Estados Unidos, Donald Trump, realizou nova coletiva sobre a guerra do Ir\u00e3 nesta segunda-feira (16) Por Isabella de Paula O presidente dos EUA, Donald Trump, criticou publicamente nesta segunda-feira (16) a falta de &#8220;entusiasmo&#8221; recebida por alguns aliados da Otan em rela\u00e7\u00e3o ao seu pedido de ajuda para a reabertura do Estreito [&hellip;]","og_url":"https:\/\/jornalfatosenoticias.com.br\/index.php\/2026\/03\/16\/com-criticas-a-aliados-trump-anuncia-adesao-de-paises-a-coalizao-para-proteger-rota-do-petroleo\/","og_site_name":"Jornal Fatos e Not\u00edcias","article_published_time":"2026-03-16T19:22:52+00:00","article_modified_time":"2026-03-16T19:22:54+00:00","og_image":[{"width":612,"height":408,"url":"https:\/\/jornalfatosenoticias.com.br\/wp-content\/uploads\/2026\/03\/trump-ira_gettyimages.jpg","type":"image\/jpeg"}],"author":"Luzimara Fernandes","twitter_card":"summary_large_image","twitter_misc":{"Escrito por":"Luzimara Fernandes","Est. tempo de leitura":"5 minutos"},"schema":{"@context":"https:\/\/schema.org","@graph":[{"@type":"Article","@id":"https:\/\/jornalfatosenoticias.com.br\/index.php\/2026\/03\/16\/com-criticas-a-aliados-trump-anuncia-adesao-de-paises-a-coalizao-para-proteger-rota-do-petroleo\/#article","isPartOf":{"@id":"https:\/\/jornalfatosenoticias.com.br\/index.php\/2026\/03\/16\/com-criticas-a-aliados-trump-anuncia-adesao-de-paises-a-coalizao-para-proteger-rota-do-petroleo\/"},"author":{"name":"Luzimara Fernandes","@id":"https:\/\/jornalfatosenoticias.com.br\/#\/schema\/person\/d63837fa13ac8666eb9e74e0985d6f81"},"headline":"Com cr\u00edticas a aliados, Trump anuncia ades\u00e3o de pa\u00edses a coaliz\u00e3o para proteger rota do petr\u00f3leo","datePublished":"2026-03-16T19:22:52+00:00","dateModified":"2026-03-16T19:22:54+00:00","mainEntityOfPage":{"@id":"https:\/\/jornalfatosenoticias.com.br\/index.php\/2026\/03\/16\/com-criticas-a-aliados-trump-anuncia-adesao-de-paises-a-coalizao-para-proteger-rota-do-petroleo\/"},"wordCount":748,"commentCount":0,"publisher":{"@id":"https:\/\/jornalfatosenoticias.com.br\/#organization"},"image":{"@id":"https:\/\/jornalfatosenoticias.com.br\/index.php\/2026\/03\/16\/com-criticas-a-aliados-trump-anuncia-adesao-de-paises-a-coalizao-para-proteger-rota-do-petroleo\/#primaryimage"},"thumbnailUrl":"https:\/\/jornalfatosenoticias.com.br\/wp-content\/uploads\/2026\/03\/trump-ira_gettyimages.jpg","keywords":["Donald Trump","Estreito de Ormuz","Ir\u00e3","Marco Rubio","Oriente M\u00e9dio","Otan","petr\u00f3leo"],"articleSection":["Rela\u00e7\u00f5es Internacionais"],"inLanguage":"pt-BR","potentialAction":[{"@type":"CommentAction","name":"Comment","target":["https:\/\/jornalfatosenoticias.com.br\/index.php\/2026\/03\/16\/com-criticas-a-aliados-trump-anuncia-adesao-de-paises-a-coalizao-para-proteger-rota-do-petroleo\/#respond"]}]},{"@type":"WebPage","@id":"https:\/\/jornalfatosenoticias.com.br\/index.php\/2026\/03\/16\/com-criticas-a-aliados-trump-anuncia-adesao-de-paises-a-coalizao-para-proteger-rota-do-petroleo\/","url":"https:\/\/jornalfatosenoticias.com.br\/index.php\/2026\/03\/16\/com-criticas-a-aliados-trump-anuncia-adesao-de-paises-a-coalizao-para-proteger-rota-do-petroleo\/","name":"Com cr\u00edticas a aliados, Trump anuncia ades\u00e3o de pa\u00edses a coaliz\u00e3o para proteger rota do petr\u00f3leo - Jornal Fatos e Not\u00edcias","isPartOf":{"@id":"https:\/\/jornalfatosenoticias.com.br\/#website"},"primaryImageOfPage":{"@id":"https:\/\/jornalfatosenoticias.com.br\/index.php\/2026\/03\/16\/com-criticas-a-aliados-trump-anuncia-adesao-de-paises-a-coalizao-para-proteger-rota-do-petroleo\/#primaryimage"},"image":{"@id":"https:\/\/jornalfatosenoticias.com.br\/index.php\/2026\/03\/16\/com-criticas-a-aliados-trump-anuncia-adesao-de-paises-a-coalizao-para-proteger-rota-do-petroleo\/#primaryimage"},"thumbnailUrl":"https:\/\/jornalfatosenoticias.com.br\/wp-content\/uploads\/2026\/03\/trump-ira_gettyimages.jpg","datePublished":"2026-03-16T19:22:52+00:00","dateModified":"2026-03-16T19:22:54+00:00","breadcrumb":{"@id":"https:\/\/jornalfatosenoticias.com.br\/index.php\/2026\/03\/16\/com-criticas-a-aliados-trump-anuncia-adesao-de-paises-a-coalizao-para-proteger-rota-do-petroleo\/#breadcrumb"},"inLanguage":"pt-BR","potentialAction":[{"@type":"ReadAction","target":["https:\/\/jornalfatosenoticias.com.br\/index.php\/2026\/03\/16\/com-criticas-a-aliados-trump-anuncia-adesao-de-paises-a-coalizao-para-proteger-rota-do-petroleo\/"]}]},{"@type":"ImageObject","inLanguage":"pt-BR","@id":"https:\/\/jornalfatosenoticias.com.br\/index.php\/2026\/03\/16\/com-criticas-a-aliados-trump-anuncia-adesao-de-paises-a-coalizao-para-proteger-rota-do-petroleo\/#primaryimage","url":"https:\/\/jornalfatosenoticias.com.br\/wp-content\/uploads\/2026\/03\/trump-ira_gettyimages.jpg","contentUrl":"https:\/\/jornalfatosenoticias.com.br\/wp-content\/uploads\/2026\/03\/trump-ira_gettyimages.jpg","width":612,"height":408,"caption":"DORAL, FLORIDA - MARCH 09: U.S. President Donald Trump speaks to reporters during a news conference at Trump National Doral Miami on March 9, 2026 in Doral, Florida. President Trump spoke on his administration's strikes on Iran. (Photo by Roberto Schmidt\/Getty Images)"},{"@type":"BreadcrumbList","@id":"https:\/\/jornalfatosenoticias.com.br\/index.php\/2026\/03\/16\/com-criticas-a-aliados-trump-anuncia-adesao-de-paises-a-coalizao-para-proteger-rota-do-petroleo\/#breadcrumb","itemListElement":[{"@type":"ListItem","position":1,"name":"In\u00edcio","item":"https:\/\/jornalfatosenoticias.com.br\/"},{"@type":"ListItem","position":2,"name":"Com cr\u00edticas a aliados, Trump anuncia ades\u00e3o de pa\u00edses a coaliz\u00e3o para proteger rota do petr\u00f3leo"}]},{"@type":"WebSite","@id":"https:\/\/jornalfatosenoticias.com.br\/#website","url":"https:\/\/jornalfatosenoticias.com.br\/","name":"Jornal Fatos e Not\u00edcias","description":"Not\u00edcias em geral","publisher":{"@id":"https:\/\/jornalfatosenoticias.com.br\/#organization"},"potentialAction":[{"@type":"SearchAction","target":{"@type":"EntryPoint","urlTemplate":"https:\/\/jornalfatosenoticias.com.br\/?s={search_term_string}"},"query-input":{"@type":"PropertyValueSpecification","valueRequired":true,"valueName":"search_term_string"}}],"inLanguage":"pt-BR"},{"@type":"Organization","@id":"https:\/\/jornalfatosenoticias.com.br\/#organization","name":"Jornal Fatos e Not\u00edcias","url":"https:\/\/jornalfatosenoticias.com.br\/","logo":{"@type":"ImageObject","inLanguage":"pt-BR","@id":"https:\/\/jornalfatosenoticias.com.br\/#\/schema\/logo\/image\/","url":"https:\/\/jornalfatosenoticias.com.br\/wp-content\/uploads\/2020\/02\/logo120.png","contentUrl":"https:\/\/jornalfatosenoticias.com.br\/wp-content\/uploads\/2020\/02\/logo120.png","width":1227,"height":120,"caption":"Jornal Fatos e Not\u00edcias"},"image":{"@id":"https:\/\/jornalfatosenoticias.com.br\/#\/schema\/logo\/image\/"}},{"@type":"Person","@id":"https:\/\/jornalfatosenoticias.com.br\/#\/schema\/person\/d63837fa13ac8666eb9e74e0985d6f81","name":"Luzimara Fernandes","image":{"@type":"ImageObject","inLanguage":"pt-BR","@id":"https:\/\/jornalfatosenoticias.com.br\/#\/schema\/person\/image\/","url":"https:\/\/jornalfatosenoticias.com.br\/wp-content\/uploads\/2025\/05\/EU_portal.jpg","contentUrl":"https:\/\/jornalfatosenoticias.com.br\/wp-content\/uploads\/2025\/05\/EU_portal.jpg","caption":"Luzimara Fernandes"},"description":"Jornalista MTB 2358-ES","sameAs":["https:\/\/jornalfatosenoticias.com.br"],"url":"https:\/\/jornalfatosenoticias.com.br\/index.php\/author\/luzimara\/"}]}},"cc_featured_image_caption":{"caption_text":"(Foto: Getty Images)","source_text":"","source_url":""},"jetpack_featured_media_url":"https:\/\/jornalfatosenoticias.com.br\/wp-content\/uploads\/2026\/03\/trump-ira_gettyimages.jpg","_links":{"self":[{"href":"https:\/\/jornalfatosenoticias.com.br\/index.php\/wp-json\/wp\/v2\/posts\/65954","targetHints":{"allow":["GET"]}}],"collection":[{"href":"https:\/\/jornalfatosenoticias.com.br\/index.php\/wp-json\/wp\/v2\/posts"}],"about":[{"href":"https:\/\/jornalfatosenoticias.com.br\/index.php\/wp-json\/wp\/v2\/types\/post"}],"author":[{"embeddable":true,"href":"https:\/\/jornalfatosenoticias.com.br\/index.php\/wp-json\/wp\/v2\/users\/2"}],"replies":[{"embeddable":true,"href":"https:\/\/jornalfatosenoticias.com.br\/index.php\/wp-json\/wp\/v2\/comments?post=65954"}],"version-history":[{"count":1,"href":"https:\/\/jornalfatosenoticias.com.br\/index.php\/wp-json\/wp\/v2\/posts\/65954\/revisions"}],"predecessor-version":[{"id":65955,"href":"https:\/\/jornalfatosenoticias.com.br\/index.php\/wp-json\/wp\/v2\/posts\/65954\/revisions\/65955"}],"wp:featuredmedia":[{"embeddable":true,"href":"https:\/\/jornalfatosenoticias.com.br\/index.php\/wp-json\/wp\/v2\/media\/65770"}],"wp:attachment":[{"href":"https:\/\/jornalfatosenoticias.com.br\/index.php\/wp-json\/wp\/v2\/media?parent=65954"}],"wp:term":[{"taxonomy":"category","embeddable":true,"href":"https:\/\/jornalfatosenoticias.com.br\/index.php\/wp-json\/wp\/v2\/categories?post=65954"},{"taxonomy":"post_tag","embeddable":true,"href":"https:\/\/jornalfatosenoticias.com.br\/index.php\/wp-json\/wp\/v2\/tags?post=65954"}],"curies":[{"name":"wp","href":"https:\/\/api.w.org\/{rel}","templated":true}]}}