{"id":65956,"date":"2026-03-16T16:37:53","date_gmt":"2026-03-16T19:37:53","guid":{"rendered":"https:\/\/jornalfatosenoticias.com.br\/?p=65956"},"modified":"2026-03-16T16:37:54","modified_gmt":"2026-03-16T19:37:54","slug":"com-apoio-dos-eua-equador-lanca-megaoperacao-contra-o-narcotrafico","status":"publish","type":"post","link":"https:\/\/jornalfatosenoticias.com.br\/index.php\/2026\/03\/16\/com-apoio-dos-eua-equador-lanca-megaoperacao-contra-o-narcotrafico\/","title":{"rendered":"Com apoio dos EUA, Equador lan\u00e7a megaopera\u00e7\u00e3o contra o narcotr\u00e1fico"},"content":{"rendered":"\n<p><em><mark style=\"background-color:rgba(0, 0, 0, 0)\" class=\"has-inline-color has-black-color\">Mais de 75 mil policiais e militares foram mobilizados para opera\u00e7\u00f5es contra o crime com apoio dos EUA<\/mark><\/em><\/p>\n\n\n\n<p><mark style=\"background-color:rgba(0, 0, 0, 0)\" class=\"has-inline-color has-black-color\">Por <strong><a href=\"https:\/\/www.gazetadopovo.com.br\/autor\/isabella-de-paula\/\">Isabella de Paula<\/a><\/strong><\/mark><\/p>\n\n\n\n<p>O governo do Equador anunciou uma megaopera\u00e7\u00e3o em diferentes regi\u00f5es do pa\u00eds contra o crime organizado que contar\u00e1 com o apoio dos EUA, em um esfor\u00e7o conjunto contra os cart\u00e9is de drogas que atuam no pa\u00eds sul-americano. A iniciativa \u00e9 a primeira a\u00e7\u00e3o da alian\u00e7a internacional contra o crime organizado que re\u00fane 17 pa\u00edses e foi lan\u00e7ada pelo presidente<br>Donald Trump neste m\u00eas.<br>Mais de 75 mil policiais e militares, apoiados por ve\u00edculos blindados e helic\u00f3pteros, foram mobilizados para opera\u00e7\u00f5es em quatro prov\u00edncias equatorianas, onde entrou em vigor um toque de recolher noturno por quinze dias, a partir deste domingo, segundo anunciou o ministro do Interior, John Reimberg. O representante do governo equatoriano declarou que as autoridades est\u00e3o &#8220;em guerra&#8221; contra a criminalidade e foram instru\u00eddas a fazer uso &#8220;necess\u00e1rio e progressivo da for\u00e7a contra grupos criminosos e suas finan\u00e7as&#8221;.<\/p>\n\n\n<div class=\"wp-block-image\">\n<figure class=\"aligncenter size-full\"><a href=\"http:\/\/www.ferrarimaquinas.com.br\/\"><img loading=\"lazy\" decoding=\"async\" width=\"300\" height=\"250\" src=\"https:\/\/jornalfatosenoticias.com.br\/wp-content\/uploads\/2022\/02\/FERRARI_MAQUINAS-E-FERRAMENTAS2.jpg\" alt=\"\" class=\"wp-image-27860\"\/><\/a><\/figure>\n<\/div>\n\n\n<p>O general Pablo D\u00e1vila, comandante da Pol\u00edcia Nacional, disse que todas as unidades policiais especializadas e de investiga\u00e7\u00e3o estar\u00e3o envolvidas nessas opera\u00e7\u00f5es, que tamb\u00e9m utilizar\u00e3o drones e helic\u00f3pteros. Ele acrescentou que essas opera\u00e7\u00f5es fazem parte de uma nova fase da guerra contra o narcoterrorismo, declarada pelo presidente Daniel Noboa em 2024, e que desta vez contar\u00e3o com &#8220;coopera\u00e7\u00e3o internacional&#8221;.<br>Quando Noboa anunciou essas opera\u00e7\u00f5es no in\u00edcio de mar\u00e7o, indicou que um dos pa\u00edses com os quais trabalhariam nessa quest\u00e3o seriam os EUA, cujas for\u00e7as militares iniciaram a\u00e7\u00f5es conjuntas na semana passada com as do Equador contra organiza\u00e7\u00f5es classificadas como &#8220;terroristas&#8221;. Essas opera\u00e7\u00f5es inclu\u00edram o bombardeio e a destrui\u00e7\u00e3o de um campo de treinamento pertencente aos Comandos de Fronteira, um dos grupos dissidentes das extintas For\u00e7as Armadas Revolucion\u00e1rias da Col\u00f4mbia (FARC). A imprensa foi impedida pelo governo de cobrir as atividades policiais e militares dos pr\u00f3ximos dias. Essas opera\u00e7\u00f5es ocorrem ap\u00f3s o Equador ter encerrado 2025 com 9.235 homic\u00eddios, o maior n\u00famero de assassinatos em sua hist\u00f3ria.<\/p>\n\n\n<div class=\"wp-block-image\">\n<figure class=\"aligncenter size-full is-resized\"><a href=\"https:\/\/www.instagram.com\/kalynecalais\/\"><img loading=\"lazy\" decoding=\"async\" width=\"969\" height=\"406\" src=\"https:\/\/jornalfatosenoticias.com.br\/wp-content\/uploads\/2024\/09\/Legis-Juris-Consultoria_logo.jpg\" alt=\"\" class=\"wp-image-53915\" style=\"aspect-ratio:2.3867874267448057;width:468px;height:auto\" srcset=\"https:\/\/jornalfatosenoticias.com.br\/wp-content\/uploads\/2024\/09\/Legis-Juris-Consultoria_logo.jpg 969w, https:\/\/jornalfatosenoticias.com.br\/wp-content\/uploads\/2024\/09\/Legis-Juris-Consultoria_logo-300x126.jpg 300w, https:\/\/jornalfatosenoticias.com.br\/wp-content\/uploads\/2024\/09\/Legis-Juris-Consultoria_logo-768x322.jpg 768w\" sizes=\"auto, (max-width: 969px) 100vw, 969px\" \/><\/a><\/figure>\n<\/div>\n\n\n<p>No in\u00edcio do m\u00eas, o governo de Donald Trump antecipou que estava pronto para lan\u00e7ar uma ofensiva militar contra grupos criminosos na Am\u00e9rica Latina. A declara\u00e7\u00e3o foi feita pelo secret\u00e1rio de Guerra dos EUA, Pete Hegseth, que pediu aos pa\u00edses da regi\u00e3o que intensifiquem o combate ao narcoterroristas. Ainda neste m\u00eas, o governo americano sinalizou que estaria avaliando a classifica\u00e7\u00e3o das fac\u00e7\u00f5es PCC e o Comando Vermelho como organiza\u00e7\u00f5es terroristas internacionais, algo que tem preocupado o governo de Luiz In\u00e1cio Lula da Silva (PT).<\/p>\n\n\n\n<p><strong>Fonte: <a href=\"https:\/\/www.gazetadopovo.com.br\/mundo\/com-apoio-dos-eua-equador-lanca-megaoperacao-contra-o-narcotrafico\/\">Gazeta do Povo<\/a><\/strong><\/p>\n","protected":false},"excerpt":{"rendered":"<p>Mais de 75 mil policiais e militares foram mobilizados para opera\u00e7\u00f5es contra o crime com apoio dos EUA Por Isabella de Paula O governo do Equador anunciou uma megaopera\u00e7\u00e3o em diferentes regi\u00f5es do pa\u00eds contra o crime organizado que contar\u00e1 com o apoio dos EUA, em um esfor\u00e7o conjunto contra os cart\u00e9is de drogas que [&hellip;]<\/p>\n","protected":false},"author":2,"featured_media":65957,"comment_status":"open","ping_status":"open","sticky":false,"template":"","format":"standard","meta":{"footnotes":""},"categories":[41],"tags":[30013,260,18557,4100,21682,2147,30014,159,7580,28257,4087],"class_list":["post-65956","post","type-post","status-publish","format-standard","has-post-thumbnail","hentry","category-internacional","tag-alianca-regional","tag-america-latina","tag-crime-organizado","tag-criminalidade","tag-daniel-noboa","tag-donald-trump","tag-equado","tag-eua","tag-lula","tag-narcoterroristas","tag-narcotrafico"],"yoast_head":"<!-- This site is optimized with the Yoast SEO plugin v26.5 - https:\/\/yoast.com\/wordpress\/plugins\/seo\/ -->\n<title>Com apoio dos EUA, Equador lan\u00e7a megaopera\u00e7\u00e3o contra o narcotr\u00e1fico - Jornal Fatos e Not\u00edcias<\/title>\n<meta name=\"robots\" content=\"index, follow, max-snippet:-1, max-image-preview:large, max-video-preview:-1\" \/>\n<link rel=\"canonical\" href=\"https:\/\/jornalfatosenoticias.com.br\/index.php\/2026\/03\/16\/com-apoio-dos-eua-equador-lanca-megaoperacao-contra-o-narcotrafico\/\" \/>\n<meta property=\"og:locale\" content=\"pt_BR\" \/>\n<meta property=\"og:type\" content=\"article\" \/>\n<meta property=\"og:title\" content=\"Com apoio dos EUA, Equador lan\u00e7a megaopera\u00e7\u00e3o contra o narcotr\u00e1fico - Jornal Fatos e Not\u00edcias\" \/>\n<meta property=\"og:description\" content=\"Mais de 75 mil policiais e militares foram mobilizados para opera\u00e7\u00f5es contra o crime com apoio dos EUA Por Isabella de Paula O governo do Equador anunciou uma megaopera\u00e7\u00e3o em diferentes regi\u00f5es do pa\u00eds contra o crime organizado que contar\u00e1 com o apoio dos EUA, em um esfor\u00e7o conjunto contra os cart\u00e9is de drogas que [&hellip;]\" \/>\n<meta property=\"og:url\" content=\"https:\/\/jornalfatosenoticias.com.br\/index.php\/2026\/03\/16\/com-apoio-dos-eua-equador-lanca-megaoperacao-contra-o-narcotrafico\/\" \/>\n<meta property=\"og:site_name\" content=\"Jornal Fatos e Not\u00edcias\" \/>\n<meta property=\"article:published_time\" content=\"2026-03-16T19:37:53+00:00\" \/>\n<meta property=\"article:modified_time\" content=\"2026-03-16T19:37:54+00:00\" \/>\n<meta property=\"og:image\" content=\"https:\/\/jornalfatosenoticias.com.br\/wp-content\/uploads\/2026\/03\/Equador-lanca-megaoperacao-contra-o-narcotrafico_gettyimages.jpg\" \/>\n\t<meta property=\"og:image:width\" content=\"612\" \/>\n\t<meta property=\"og:image:height\" content=\"408\" \/>\n\t<meta property=\"og:image:type\" content=\"image\/jpeg\" \/>\n<meta name=\"author\" content=\"Luzimara Fernandes\" \/>\n<meta name=\"twitter:card\" content=\"summary_large_image\" \/>\n<meta name=\"twitter:label1\" content=\"Escrito por\" \/>\n\t<meta name=\"twitter:data1\" content=\"Luzimara Fernandes\" \/>\n\t<meta name=\"twitter:label2\" content=\"Est. tempo de leitura\" \/>\n\t<meta name=\"twitter:data2\" content=\"3 minutos\" \/>\n<script type=\"application\/ld+json\" class=\"yoast-schema-graph\">{\"@context\":\"https:\/\/schema.org\",\"@graph\":[{\"@type\":\"Article\",\"@id\":\"https:\/\/jornalfatosenoticias.com.br\/index.php\/2026\/03\/16\/com-apoio-dos-eua-equador-lanca-megaoperacao-contra-o-narcotrafico\/#article\",\"isPartOf\":{\"@id\":\"https:\/\/jornalfatosenoticias.com.br\/index.php\/2026\/03\/16\/com-apoio-dos-eua-equador-lanca-megaoperacao-contra-o-narcotrafico\/\"},\"author\":{\"name\":\"Luzimara Fernandes\",\"@id\":\"https:\/\/jornalfatosenoticias.com.br\/#\/schema\/person\/d63837fa13ac8666eb9e74e0985d6f81\"},\"headline\":\"Com apoio dos EUA, Equador lan\u00e7a megaopera\u00e7\u00e3o contra o narcotr\u00e1fico\",\"datePublished\":\"2026-03-16T19:37:53+00:00\",\"dateModified\":\"2026-03-16T19:37:54+00:00\",\"mainEntityOfPage\":{\"@id\":\"https:\/\/jornalfatosenoticias.com.br\/index.php\/2026\/03\/16\/com-apoio-dos-eua-equador-lanca-megaoperacao-contra-o-narcotrafico\/\"},\"wordCount\":487,\"commentCount\":0,\"publisher\":{\"@id\":\"https:\/\/jornalfatosenoticias.com.br\/#organization\"},\"image\":{\"@id\":\"https:\/\/jornalfatosenoticias.com.br\/index.php\/2026\/03\/16\/com-apoio-dos-eua-equador-lanca-megaoperacao-contra-o-narcotrafico\/#primaryimage\"},\"thumbnailUrl\":\"https:\/\/jornalfatosenoticias.com.br\/wp-content\/uploads\/2026\/03\/Equador-lanca-megaoperacao-contra-o-narcotrafico_gettyimages.jpg\",\"keywords\":[\"alian\u00e7a regional\",\"Am\u00e9rica latina\",\"crime organizado\",\"criminalidade\",\"Daniel Noboa\",\"Donald Trump\",\"Equado\",\"EUA\",\"Lula\",\"narcoterroristas\",\"narcotr\u00e1fico\"],\"articleSection\":[\"Internacional\"],\"inLanguage\":\"pt-BR\",\"potentialAction\":[{\"@type\":\"CommentAction\",\"name\":\"Comment\",\"target\":[\"https:\/\/jornalfatosenoticias.com.br\/index.php\/2026\/03\/16\/com-apoio-dos-eua-equador-lanca-megaoperacao-contra-o-narcotrafico\/#respond\"]}]},{\"@type\":\"WebPage\",\"@id\":\"https:\/\/jornalfatosenoticias.com.br\/index.php\/2026\/03\/16\/com-apoio-dos-eua-equador-lanca-megaoperacao-contra-o-narcotrafico\/\",\"url\":\"https:\/\/jornalfatosenoticias.com.br\/index.php\/2026\/03\/16\/com-apoio-dos-eua-equador-lanca-megaoperacao-contra-o-narcotrafico\/\",\"name\":\"Com apoio dos EUA, Equador lan\u00e7a megaopera\u00e7\u00e3o contra o narcotr\u00e1fico - Jornal Fatos e Not\u00edcias\",\"isPartOf\":{\"@id\":\"https:\/\/jornalfatosenoticias.com.br\/#website\"},\"primaryImageOfPage\":{\"@id\":\"https:\/\/jornalfatosenoticias.com.br\/index.php\/2026\/03\/16\/com-apoio-dos-eua-equador-lanca-megaoperacao-contra-o-narcotrafico\/#primaryimage\"},\"image\":{\"@id\":\"https:\/\/jornalfatosenoticias.com.br\/index.php\/2026\/03\/16\/com-apoio-dos-eua-equador-lanca-megaoperacao-contra-o-narcotrafico\/#primaryimage\"},\"thumbnailUrl\":\"https:\/\/jornalfatosenoticias.com.br\/wp-content\/uploads\/2026\/03\/Equador-lanca-megaoperacao-contra-o-narcotrafico_gettyimages.jpg\",\"datePublished\":\"2026-03-16T19:37:53+00:00\",\"dateModified\":\"2026-03-16T19:37:54+00:00\",\"breadcrumb\":{\"@id\":\"https:\/\/jornalfatosenoticias.com.br\/index.php\/2026\/03\/16\/com-apoio-dos-eua-equador-lanca-megaoperacao-contra-o-narcotrafico\/#breadcrumb\"},\"inLanguage\":\"pt-BR\",\"potentialAction\":[{\"@type\":\"ReadAction\",\"target\":[\"https:\/\/jornalfatosenoticias.com.br\/index.php\/2026\/03\/16\/com-apoio-dos-eua-equador-lanca-megaoperacao-contra-o-narcotrafico\/\"]}]},{\"@type\":\"ImageObject\",\"inLanguage\":\"pt-BR\",\"@id\":\"https:\/\/jornalfatosenoticias.com.br\/index.php\/2026\/03\/16\/com-apoio-dos-eua-equador-lanca-megaoperacao-contra-o-narcotrafico\/#primaryimage\",\"url\":\"https:\/\/jornalfatosenoticias.com.br\/wp-content\/uploads\/2026\/03\/Equador-lanca-megaoperacao-contra-o-narcotrafico_gettyimages.jpg\",\"contentUrl\":\"https:\/\/jornalfatosenoticias.com.br\/wp-content\/uploads\/2026\/03\/Equador-lanca-megaoperacao-contra-o-narcotrafico_gettyimages.jpg\",\"width\":612,\"height\":408,\"caption\":\"Ecuadorean soldiers cross the Carlos Perez Perasso Puente de la Unidad Nacional (National Unity Bridge) on their way to Duran, Guayas province, Ecuador on March 15, 2026, during preparations for a two-week operation, starting later today, to crack down on drug trafficking gangs with U.S. support and under strict curfews in the most violent regions. (Photo by MARCOS PIN \/ AFP via Getty Images)\"},{\"@type\":\"BreadcrumbList\",\"@id\":\"https:\/\/jornalfatosenoticias.com.br\/index.php\/2026\/03\/16\/com-apoio-dos-eua-equador-lanca-megaoperacao-contra-o-narcotrafico\/#breadcrumb\",\"itemListElement\":[{\"@type\":\"ListItem\",\"position\":1,\"name\":\"In\u00edcio\",\"item\":\"https:\/\/jornalfatosenoticias.com.br\/\"},{\"@type\":\"ListItem\",\"position\":2,\"name\":\"Com apoio dos EUA, Equador lan\u00e7a megaopera\u00e7\u00e3o contra o narcotr\u00e1fico\"}]},{\"@type\":\"WebSite\",\"@id\":\"https:\/\/jornalfatosenoticias.com.br\/#website\",\"url\":\"https:\/\/jornalfatosenoticias.com.br\/\",\"name\":\"Jornal Fatos e Not\u00edcias\",\"description\":\"Not\u00edcias em geral\",\"publisher\":{\"@id\":\"https:\/\/jornalfatosenoticias.com.br\/#organization\"},\"potentialAction\":[{\"@type\":\"SearchAction\",\"target\":{\"@type\":\"EntryPoint\",\"urlTemplate\":\"https:\/\/jornalfatosenoticias.com.br\/?s={search_term_string}\"},\"query-input\":{\"@type\":\"PropertyValueSpecification\",\"valueRequired\":true,\"valueName\":\"search_term_string\"}}],\"inLanguage\":\"pt-BR\"},{\"@type\":\"Organization\",\"@id\":\"https:\/\/jornalfatosenoticias.com.br\/#organization\",\"name\":\"Jornal Fatos e Not\u00edcias\",\"url\":\"https:\/\/jornalfatosenoticias.com.br\/\",\"logo\":{\"@type\":\"ImageObject\",\"inLanguage\":\"pt-BR\",\"@id\":\"https:\/\/jornalfatosenoticias.com.br\/#\/schema\/logo\/image\/\",\"url\":\"https:\/\/jornalfatosenoticias.com.br\/wp-content\/uploads\/2020\/02\/logo120.png\",\"contentUrl\":\"https:\/\/jornalfatosenoticias.com.br\/wp-content\/uploads\/2020\/02\/logo120.png\",\"width\":1227,\"height\":120,\"caption\":\"Jornal Fatos e Not\u00edcias\"},\"image\":{\"@id\":\"https:\/\/jornalfatosenoticias.com.br\/#\/schema\/logo\/image\/\"}},{\"@type\":\"Person\",\"@id\":\"https:\/\/jornalfatosenoticias.com.br\/#\/schema\/person\/d63837fa13ac8666eb9e74e0985d6f81\",\"name\":\"Luzimara Fernandes\",\"image\":{\"@type\":\"ImageObject\",\"inLanguage\":\"pt-BR\",\"@id\":\"https:\/\/jornalfatosenoticias.com.br\/#\/schema\/person\/image\/\",\"url\":\"https:\/\/jornalfatosenoticias.com.br\/wp-content\/uploads\/2025\/05\/EU_portal.jpg\",\"contentUrl\":\"https:\/\/jornalfatosenoticias.com.br\/wp-content\/uploads\/2025\/05\/EU_portal.jpg\",\"caption\":\"Luzimara Fernandes\"},\"description\":\"Jornalista MTB 2358-ES\",\"sameAs\":[\"https:\/\/jornalfatosenoticias.com.br\"],\"url\":\"https:\/\/jornalfatosenoticias.com.br\/index.php\/author\/luzimara\/\"}]}<\/script>\n<!-- \/ Yoast SEO plugin. -->","yoast_head_json":{"title":"Com apoio dos EUA, Equador lan\u00e7a megaopera\u00e7\u00e3o contra o narcotr\u00e1fico - Jornal Fatos e Not\u00edcias","robots":{"index":"index","follow":"follow","max-snippet":"max-snippet:-1","max-image-preview":"max-image-preview:large","max-video-preview":"max-video-preview:-1"},"canonical":"https:\/\/jornalfatosenoticias.com.br\/index.php\/2026\/03\/16\/com-apoio-dos-eua-equador-lanca-megaoperacao-contra-o-narcotrafico\/","og_locale":"pt_BR","og_type":"article","og_title":"Com apoio dos EUA, Equador lan\u00e7a megaopera\u00e7\u00e3o contra o narcotr\u00e1fico - Jornal Fatos e Not\u00edcias","og_description":"Mais de 75 mil policiais e militares foram mobilizados para opera\u00e7\u00f5es contra o crime com apoio dos EUA Por Isabella de Paula O governo do Equador anunciou uma megaopera\u00e7\u00e3o em diferentes regi\u00f5es do pa\u00eds contra o crime organizado que contar\u00e1 com o apoio dos EUA, em um esfor\u00e7o conjunto contra os cart\u00e9is de drogas que [&hellip;]","og_url":"https:\/\/jornalfatosenoticias.com.br\/index.php\/2026\/03\/16\/com-apoio-dos-eua-equador-lanca-megaoperacao-contra-o-narcotrafico\/","og_site_name":"Jornal Fatos e Not\u00edcias","article_published_time":"2026-03-16T19:37:53+00:00","article_modified_time":"2026-03-16T19:37:54+00:00","og_image":[{"width":612,"height":408,"url":"https:\/\/jornalfatosenoticias.com.br\/wp-content\/uploads\/2026\/03\/Equador-lanca-megaoperacao-contra-o-narcotrafico_gettyimages.jpg","type":"image\/jpeg"}],"author":"Luzimara Fernandes","twitter_card":"summary_large_image","twitter_misc":{"Escrito por":"Luzimara Fernandes","Est. tempo de leitura":"3 minutos"},"schema":{"@context":"https:\/\/schema.org","@graph":[{"@type":"Article","@id":"https:\/\/jornalfatosenoticias.com.br\/index.php\/2026\/03\/16\/com-apoio-dos-eua-equador-lanca-megaoperacao-contra-o-narcotrafico\/#article","isPartOf":{"@id":"https:\/\/jornalfatosenoticias.com.br\/index.php\/2026\/03\/16\/com-apoio-dos-eua-equador-lanca-megaoperacao-contra-o-narcotrafico\/"},"author":{"name":"Luzimara Fernandes","@id":"https:\/\/jornalfatosenoticias.com.br\/#\/schema\/person\/d63837fa13ac8666eb9e74e0985d6f81"},"headline":"Com apoio dos EUA, Equador lan\u00e7a megaopera\u00e7\u00e3o contra o narcotr\u00e1fico","datePublished":"2026-03-16T19:37:53+00:00","dateModified":"2026-03-16T19:37:54+00:00","mainEntityOfPage":{"@id":"https:\/\/jornalfatosenoticias.com.br\/index.php\/2026\/03\/16\/com-apoio-dos-eua-equador-lanca-megaoperacao-contra-o-narcotrafico\/"},"wordCount":487,"commentCount":0,"publisher":{"@id":"https:\/\/jornalfatosenoticias.com.br\/#organization"},"image":{"@id":"https:\/\/jornalfatosenoticias.com.br\/index.php\/2026\/03\/16\/com-apoio-dos-eua-equador-lanca-megaoperacao-contra-o-narcotrafico\/#primaryimage"},"thumbnailUrl":"https:\/\/jornalfatosenoticias.com.br\/wp-content\/uploads\/2026\/03\/Equador-lanca-megaoperacao-contra-o-narcotrafico_gettyimages.jpg","keywords":["alian\u00e7a regional","Am\u00e9rica latina","crime organizado","criminalidade","Daniel Noboa","Donald Trump","Equado","EUA","Lula","narcoterroristas","narcotr\u00e1fico"],"articleSection":["Internacional"],"inLanguage":"pt-BR","potentialAction":[{"@type":"CommentAction","name":"Comment","target":["https:\/\/jornalfatosenoticias.com.br\/index.php\/2026\/03\/16\/com-apoio-dos-eua-equador-lanca-megaoperacao-contra-o-narcotrafico\/#respond"]}]},{"@type":"WebPage","@id":"https:\/\/jornalfatosenoticias.com.br\/index.php\/2026\/03\/16\/com-apoio-dos-eua-equador-lanca-megaoperacao-contra-o-narcotrafico\/","url":"https:\/\/jornalfatosenoticias.com.br\/index.php\/2026\/03\/16\/com-apoio-dos-eua-equador-lanca-megaoperacao-contra-o-narcotrafico\/","name":"Com apoio dos EUA, Equador lan\u00e7a megaopera\u00e7\u00e3o contra o narcotr\u00e1fico - Jornal Fatos e Not\u00edcias","isPartOf":{"@id":"https:\/\/jornalfatosenoticias.com.br\/#website"},"primaryImageOfPage":{"@id":"https:\/\/jornalfatosenoticias.com.br\/index.php\/2026\/03\/16\/com-apoio-dos-eua-equador-lanca-megaoperacao-contra-o-narcotrafico\/#primaryimage"},"image":{"@id":"https:\/\/jornalfatosenoticias.com.br\/index.php\/2026\/03\/16\/com-apoio-dos-eua-equador-lanca-megaoperacao-contra-o-narcotrafico\/#primaryimage"},"thumbnailUrl":"https:\/\/jornalfatosenoticias.com.br\/wp-content\/uploads\/2026\/03\/Equador-lanca-megaoperacao-contra-o-narcotrafico_gettyimages.jpg","datePublished":"2026-03-16T19:37:53+00:00","dateModified":"2026-03-16T19:37:54+00:00","breadcrumb":{"@id":"https:\/\/jornalfatosenoticias.com.br\/index.php\/2026\/03\/16\/com-apoio-dos-eua-equador-lanca-megaoperacao-contra-o-narcotrafico\/#breadcrumb"},"inLanguage":"pt-BR","potentialAction":[{"@type":"ReadAction","target":["https:\/\/jornalfatosenoticias.com.br\/index.php\/2026\/03\/16\/com-apoio-dos-eua-equador-lanca-megaoperacao-contra-o-narcotrafico\/"]}]},{"@type":"ImageObject","inLanguage":"pt-BR","@id":"https:\/\/jornalfatosenoticias.com.br\/index.php\/2026\/03\/16\/com-apoio-dos-eua-equador-lanca-megaoperacao-contra-o-narcotrafico\/#primaryimage","url":"https:\/\/jornalfatosenoticias.com.br\/wp-content\/uploads\/2026\/03\/Equador-lanca-megaoperacao-contra-o-narcotrafico_gettyimages.jpg","contentUrl":"https:\/\/jornalfatosenoticias.com.br\/wp-content\/uploads\/2026\/03\/Equador-lanca-megaoperacao-contra-o-narcotrafico_gettyimages.jpg","width":612,"height":408,"caption":"Ecuadorean soldiers cross the Carlos Perez Perasso Puente de la Unidad Nacional (National Unity Bridge) on their way to Duran, Guayas province, Ecuador on March 15, 2026, during preparations for a two-week operation, starting later today, to crack down on drug trafficking gangs with U.S. support and under strict curfews in the most violent regions. (Photo by MARCOS PIN \/ AFP via Getty Images)"},{"@type":"BreadcrumbList","@id":"https:\/\/jornalfatosenoticias.com.br\/index.php\/2026\/03\/16\/com-apoio-dos-eua-equador-lanca-megaoperacao-contra-o-narcotrafico\/#breadcrumb","itemListElement":[{"@type":"ListItem","position":1,"name":"In\u00edcio","item":"https:\/\/jornalfatosenoticias.com.br\/"},{"@type":"ListItem","position":2,"name":"Com apoio dos EUA, Equador lan\u00e7a megaopera\u00e7\u00e3o contra o narcotr\u00e1fico"}]},{"@type":"WebSite","@id":"https:\/\/jornalfatosenoticias.com.br\/#website","url":"https:\/\/jornalfatosenoticias.com.br\/","name":"Jornal Fatos e Not\u00edcias","description":"Not\u00edcias em geral","publisher":{"@id":"https:\/\/jornalfatosenoticias.com.br\/#organization"},"potentialAction":[{"@type":"SearchAction","target":{"@type":"EntryPoint","urlTemplate":"https:\/\/jornalfatosenoticias.com.br\/?s={search_term_string}"},"query-input":{"@type":"PropertyValueSpecification","valueRequired":true,"valueName":"search_term_string"}}],"inLanguage":"pt-BR"},{"@type":"Organization","@id":"https:\/\/jornalfatosenoticias.com.br\/#organization","name":"Jornal Fatos e Not\u00edcias","url":"https:\/\/jornalfatosenoticias.com.br\/","logo":{"@type":"ImageObject","inLanguage":"pt-BR","@id":"https:\/\/jornalfatosenoticias.com.br\/#\/schema\/logo\/image\/","url":"https:\/\/jornalfatosenoticias.com.br\/wp-content\/uploads\/2020\/02\/logo120.png","contentUrl":"https:\/\/jornalfatosenoticias.com.br\/wp-content\/uploads\/2020\/02\/logo120.png","width":1227,"height":120,"caption":"Jornal Fatos e Not\u00edcias"},"image":{"@id":"https:\/\/jornalfatosenoticias.com.br\/#\/schema\/logo\/image\/"}},{"@type":"Person","@id":"https:\/\/jornalfatosenoticias.com.br\/#\/schema\/person\/d63837fa13ac8666eb9e74e0985d6f81","name":"Luzimara Fernandes","image":{"@type":"ImageObject","inLanguage":"pt-BR","@id":"https:\/\/jornalfatosenoticias.com.br\/#\/schema\/person\/image\/","url":"https:\/\/jornalfatosenoticias.com.br\/wp-content\/uploads\/2025\/05\/EU_portal.jpg","contentUrl":"https:\/\/jornalfatosenoticias.com.br\/wp-content\/uploads\/2025\/05\/EU_portal.jpg","caption":"Luzimara Fernandes"},"description":"Jornalista MTB 2358-ES","sameAs":["https:\/\/jornalfatosenoticias.com.br"],"url":"https:\/\/jornalfatosenoticias.com.br\/index.php\/author\/luzimara\/"}]}},"cc_featured_image_caption":{"caption_text":"(Foto: Getty Images)","source_text":"","source_url":""},"jetpack_featured_media_url":"https:\/\/jornalfatosenoticias.com.br\/wp-content\/uploads\/2026\/03\/Equador-lanca-megaoperacao-contra-o-narcotrafico_gettyimages.jpg","_links":{"self":[{"href":"https:\/\/jornalfatosenoticias.com.br\/index.php\/wp-json\/wp\/v2\/posts\/65956","targetHints":{"allow":["GET"]}}],"collection":[{"href":"https:\/\/jornalfatosenoticias.com.br\/index.php\/wp-json\/wp\/v2\/posts"}],"about":[{"href":"https:\/\/jornalfatosenoticias.com.br\/index.php\/wp-json\/wp\/v2\/types\/post"}],"author":[{"embeddable":true,"href":"https:\/\/jornalfatosenoticias.com.br\/index.php\/wp-json\/wp\/v2\/users\/2"}],"replies":[{"embeddable":true,"href":"https:\/\/jornalfatosenoticias.com.br\/index.php\/wp-json\/wp\/v2\/comments?post=65956"}],"version-history":[{"count":1,"href":"https:\/\/jornalfatosenoticias.com.br\/index.php\/wp-json\/wp\/v2\/posts\/65956\/revisions"}],"predecessor-version":[{"id":65958,"href":"https:\/\/jornalfatosenoticias.com.br\/index.php\/wp-json\/wp\/v2\/posts\/65956\/revisions\/65958"}],"wp:featuredmedia":[{"embeddable":true,"href":"https:\/\/jornalfatosenoticias.com.br\/index.php\/wp-json\/wp\/v2\/media\/65957"}],"wp:attachment":[{"href":"https:\/\/jornalfatosenoticias.com.br\/index.php\/wp-json\/wp\/v2\/media?parent=65956"}],"wp:term":[{"taxonomy":"category","embeddable":true,"href":"https:\/\/jornalfatosenoticias.com.br\/index.php\/wp-json\/wp\/v2\/categories?post=65956"},{"taxonomy":"post_tag","embeddable":true,"href":"https:\/\/jornalfatosenoticias.com.br\/index.php\/wp-json\/wp\/v2\/tags?post=65956"}],"curies":[{"name":"wp","href":"https:\/\/api.w.org\/{rel}","templated":true}]}}